{"id":270581,"date":"2022-04-15T05:31:54","date_gmt":"2022-04-15T03:31:54","guid":{"rendered":"https:\/\/www.radiopiu.net\/wordpress\/?p=270581"},"modified":"2022-04-15T06:03:01","modified_gmt":"2022-04-15T04:03:01","slug":"rivolta-nel-carcere-minorile-di-treviso-e-nuova-aggressione-mercoledi-nella-casa-circondariale-di-belluno","status":"publish","type":"post","link":"https:\/\/www.radiopiu.net\/wordpress\/rivolta-nel-carcere-minorile-di-treviso-e-nuova-aggressione-mercoledi-nella-casa-circondariale-di-belluno\/","title":{"rendered":"RIVOLTA NEL CARCERE MINORILE DI TREVISO E NUOVA AGGRESSIONE MERCOLED\u00cc NELLA CASA CIRCONDARIALE DI BELLUNO"},"content":{"rendered":"<p><strong><a class=\"dt-pswp-item\" href=\"https:\/\/www.radiopiu.net\/wordpress\/wp-content\/uploads\/2021\/07\/image-2.jpg\" data-dt-img-description=\"\" data-large_image_width=\"960\" data-large_image_height=\"540\"><img loading=\"lazy\" decoding=\"async\" class=\"size-thumbnail wp-image-224354 alignleft\" src=\"https:\/\/www.radiopiu.net\/wordpress\/wp-content\/uploads\/2021\/07\/image-2-150x150.jpg\" alt=\"\" width=\"150\" height=\"150\" \/><\/a>BELLUNO <\/strong>Periodo difficile\u00a0 per gli istituti di pena del territorio. Dopo i gravi fatti che si sono verificati all\u2019Istituto Penale per Minorenni di Treviso, dove alcuni giovani detenuti hanno tenuto in scacco l\u2019intero padiglione, creando ingenti danni alla struttura e mettendo a dura prova i poliziotti penitenziari in servizio, mercoled\u00ec nella Casa Circondariale di Belluno un poliziotto penitenziario \u00e8 stato aggredito per futili motivi da un detenuto gi\u00e0 pi\u00f9 volte segnalato poich\u00e9 poco in linea con i regolamenti interni dell\u2019istituto. \u201c<em>Purtroppo &#8211; commenta Robert Da Re della Segreteria territoriale della Cisl Fns &#8211; la cronica carenza di personale, la struttura obsoleta e inadeguata della casa circondariale di Belluno sta mettendo a dura prova il personale, costretto ordinariamente a svolgere lavoro straordinario e a ricoprire pi\u00f9 posti di servizio, tra i quali la ben nota sezione psichiatrica, nella quale\u00a0 piange l\u2019assenza perenne di figure fondamentali per il corretto andamento di una realt\u00e0 cos\u00ec specifica.\u00a0 Anche la presenza del medico di continuit\u00e0 assistenziale, presenta innumerevoli assenze gi\u00e0 dal mese di agosto 2021. Altres\u00ec \u00e8 doveroso segnalare che la mancanza di infermieri professionali ha costretto quelli presenti a turni anche di 16 ore, situazione che va al di la di ogni principio sindacale&#8221;.<\/em><\/p>\n<p>&nbsp;<\/p>\n<p>&nbsp;<\/p>\n<p>****<\/p>\n","protected":false},"excerpt":{"rendered":"<p>BELLUNO Periodo difficile\u00a0 per gli istituti di pena del territorio. Dopo i gravi fatti che si sono verificati all\u2019Istituto Penale per Minorenni di Treviso, dove alcuni giovani detenuti hanno tenuto in scacco l\u2019intero padiglione, creando ingenti danni alla struttura e mettendo a dura prova i poliziotti penitenziari in servizio, mercoled\u00ec nella Casa Circondariale di Belluno&hellip;<\/p>\n","protected":false},"author":4,"featured_media":224354,"comment_status":"closed","ping_status":"closed","sticky":false,"template":"","format":"standard","meta":{"_monsterinsights_skip_tracking":false,"_monsterinsights_sitenote_active":false,"_monsterinsights_sitenote_note":"","_monsterinsights_sitenote_category":0,"footnotes":""},"categories":[104,49],"tags":[],"class_list":["post-270581","post","type-post","status-publish","format-standard","has-post-thumbnail","hentry","category-evidenza_3","category-news-18","category-104","category-49","description-off"],"img_url":"https:\/\/www.radiopiu.net\/wordpress\/wp-content\/uploads\/2021\/07\/image-2.jpg","_links":{"self":[{"href":"https:\/\/www.radiopiu.net\/wordpress\/wp-json\/wp\/v2\/posts\/270581","targetHints":{"allow":["GET"]}}],"collection":[{"href":"https:\/\/www.radiopiu.net\/wordpress\/wp-json\/wp\/v2\/posts"}],"about":[{"href":"https:\/\/www.radiopiu.net\/wordpress\/wp-json\/wp\/v2\/types\/post"}],"author":[{"embeddable":true,"href":"https:\/\/www.radiopiu.net\/wordpress\/wp-json\/wp\/v2\/users\/4"}],"replies":[{"embeddable":true,"href":"https:\/\/www.radiopiu.net\/wordpress\/wp-json\/wp\/v2\/comments?post=270581"}],"version-history":[{"count":0,"href":"https:\/\/www.radiopiu.net\/wordpress\/wp-json\/wp\/v2\/posts\/270581\/revisions"}],"wp:featuredmedia":[{"embeddable":true,"href":"https:\/\/www.radiopiu.net\/wordpress\/wp-json\/wp\/v2\/media\/224354"}],"wp:attachment":[{"href":"https:\/\/www.radiopiu.net\/wordpress\/wp-json\/wp\/v2\/media?parent=270581"}],"wp:term":[{"taxonomy":"category","embeddable":true,"href":"https:\/\/www.radiopiu.net\/wordpress\/wp-json\/wp\/v2\/categories?post=270581"},{"taxonomy":"post_tag","embeddable":true,"href":"https:\/\/www.radiopiu.net\/wordpress\/wp-json\/wp\/v2\/tags?post=270581"}],"curies":[{"name":"wp","href":"https:\/\/api.w.org\/{rel}","templated":true}]}}