{"id":270602,"date":"2022-04-17T20:08:04","date_gmt":"2022-04-17T18:08:04","guid":{"rendered":"https:\/\/www.radiopiu.net\/wordpress\/?p=270602"},"modified":"2022-04-17T20:09:10","modified_gmt":"2022-04-17T18:09:10","slug":"parte2proce","status":"publish","type":"post","link":"https:\/\/www.radiopiu.net\/wordpress\/parte2proce\/","title":{"rendered":"PROCESSIONARIA SUL COL DI FOGLIA, IL PARERE DELL&#8217;ESPERTO"},"content":{"rendered":"<p>&nbsp;<\/p>\n<p><span style=\"color: #ff0000;\"><strong>PARTE 2 PUBBLICATO IL\u00a0 17 APRILE\u00a0<\/strong><\/span><\/p>\n<p><strong>REDAZIONE<\/strong> Facciamo seguito all&#8217;articolo precedente su segnalazione di Maurizio Rossi che riportiamo in fondo alla pagina. L&#8217;intervento \u00e8 di Silvano Savio, esperto in materia e gi\u00e0 componente attivo del servizio forestale che ringraziamo per la precisa informazione<\/p>\n<p><strong>di Silvano Savio\u00a0<\/strong><\/p>\n<div id=\"id_625c56992f51d9e84089407\" class=\"text_exposed_root text_exposed\"><a class=\"dt-pswp-item\" href=\"https:\/\/www.radiopiu.net\/wordpress\/wp-content\/uploads\/2022\/04\/278722491_7376360092405632_1923491880926795332_n.jpg\" data-dt-img-description=\"\" data-large_image_width=\"640\" data-large_image_height=\"1166\"><img loading=\"lazy\" decoding=\"async\" class=\"size-thumbnail wp-image-271068 alignleft\" src=\"https:\/\/www.radiopiu.net\/wordpress\/wp-content\/uploads\/2022\/04\/278722491_7376360092405632_1923491880926795332_n-150x150.jpg\" alt=\"\" width=\"150\" height=\"150\" \/><\/a><strong>AGORDO<\/strong> Ci sono vari sistemi per combattere la processionaria. Uno molto semplice \u00e8 costituito dall&#8217;uso di fucili da caccia con munizioni a pallini in modo da squarciare i nidi, soprattutto in inverno, in modo che il freddo uccida le larve. Un&#8217;altro \u00e8 quello di tagliare il ramo dove insiste il nido e bruciare il tutto. Altra ancora, si applicano dei kit procestop lungo il tronco dell&#8217;albero in modo da con<span class=\"text_exposed_show\">sentire la cattura e distruzione delle larve e comunque impedirne la discesa verso terra e bloccare il ciclo biologico che le porta verso il sottosuolo. Altro metodo \u00e8 quella della esecuzione di iniezioni nel tronco di sostanze repellenti, costituiti da insetticidi specifici, che si espandono verso la chioma, detto metodo &#8220;Corradi&#8221;. Se a qualcuno viene i mente la domanda: &#8221; ma chi lo fa e con quali soldi e se il gioco vale candela&#8221;, la risposta si trova nella domanda stessa. <span dir=\"ltr\"><span class=\"_3l3x\">\u00c8 opportuno ricordare comunque che la lotta alla Processionaria \u00e8 resa obbligatoria in base al D.M. 30.10.2007, dove all&#8217;art. 4 , nei casi in cui ci siano pericoli a persone e animali si deve attivare un servizio di profilassi da parte dell&#8217;Autorit\u00e0 Sanitaria competente, cio\u00e8 il sindaco. <\/span><\/span><\/span><span class=\"text_exposed_show\">Per concludere, ricordo che la processionaria \u00e8 una farfalla e quindi un animale che merita la stessa attenzione emotiva che viene rivolta ai lupi, caprioli, uccelli.<\/span><\/div>\n<div id=\"fbPhotoSnowliftLegacyTagList\" class=\"pts fbPhotoLegacyTagList\">\n<div><\/div>\n<\/div>\n<div id=\"fbPhotoSnowliftPhotoFundraiser\"><\/div>\n<hr \/>\n<p>&nbsp;<\/p>\n<p><span style=\"color: #ff0000;\"><strong>PARTE 1 PUBBLICATO IL 15 APRILE<\/strong><\/span><\/p>\n<div class=\"page-title-head hgroup\">\n<blockquote>\n<h3 class=\"entry-title\">L\u2019INVITO A PRESTARE ATTENZIONE ALLA PROCESSIONARIA<\/h3>\n<\/blockquote>\n<\/div>\n<p><strong>AGORDO<\/strong> E&#8217; Maurizio Rossi a lanciare l&#8217;allarme dopo aver riscontrato la presenza della processionaria del pino sul Col di Foglia . <em>&#8220;Passeggiando abitualmente su quei sentieri &#8211; racconta Maurizio &#8211;\u00a0 ho notato dei nidi di processionaria, ovvero un bruco che pu\u00f2 causare danni seri alla salute, in special modo ai cani che possono anche morire se le lesioni causate sono gravi, ma anche alle persone pi\u00f9 sensibili. I problemi si insidiano nei\u00a0 peli di questo bruco, dannosi\u00a0 per le mucose,\u00a0 \u00a0vie respiratorie\u00a0 e occhi. Lasciano conseguenze shock come lo anafilattico e orticarie&#8221;.<\/em> Il Comune di Agordo \u00e8 gi\u00e0 stato informato dopo che Rossi ha riscontrato la presenza di alcuni nidi. L&#8217;invito \u00e8 di prestare massima attenzione.<\/p>\n\n\t\t\t<style type='text\/css'>\n\t\t\t\t#gallery-1 {\n\t\t\t\t\tmargin: auto;\n\t\t\t\t}\n\t\t\t\t#gallery-1 .gallery-item {\n\t\t\t\t\tfloat: left;\n\t\t\t\t\tmargin-top: 10px;\n\t\t\t\t\ttext-align: center;\n\t\t\t\t\twidth: 33%;\n\t\t\t\t}\n\t\t\t\t#gallery-1 img {\n\t\t\t\t\tborder: 2px solid #cfcfcf;\n\t\t\t\t}\n\t\t\t\t#gallery-1 .gallery-caption {\n\t\t\t\t\tmargin-left: 0;\n\t\t\t\t}\n\t\t\t\t\/* see gallery_shortcode() in wp-includes\/media.php *\/\n\t\t\t<\/style>\n\t\t<div id='gallery-1' class='dt-gallery-container gallery galleryid-270602 gallery-columns-3 gallery-size-thumbnail'><dl class='gallery-item'>\n\t\t\t\t<dt class='gallery-icon landscape'>\n\t\t\t\t\t<a class=\"rollover rollover-zoom dt-pswp-item\" title=\"278574238_4967256993382158_1432582304780002413_n\" data-dt-img-description=\"\" data-large_image_width=\"600\" data-large_image_height=\"600\"href='https:\/\/www.radiopiu.net\/wordpress\/wp-content\/uploads\/2022\/04\/278574238_4967256993382158_1432582304780002413_n.jpg'><img loading=\"lazy\" decoding=\"async\" width=\"150\" height=\"150\" src=\"https:\/\/www.radiopiu.net\/wordpress\/wp-content\/uploads\/2022\/04\/278574238_4967256993382158_1432582304780002413_n-150x150.jpg\" class=\"attachment-thumbnail size-thumbnail\" alt=\"\" srcset=\"https:\/\/www.radiopiu.net\/wordpress\/wp-content\/uploads\/2022\/04\/278574238_4967256993382158_1432582304780002413_n-150x150.jpg 150w, https:\/\/www.radiopiu.net\/wordpress\/wp-content\/uploads\/2022\/04\/278574238_4967256993382158_1432582304780002413_n-300x300.jpg 300w, https:\/\/www.radiopiu.net\/wordpress\/wp-content\/uploads\/2022\/04\/278574238_4967256993382158_1432582304780002413_n.jpg 600w\" sizes=\"auto, (max-width: 150px) 100vw, 150px\" \/><\/a>\n\t\t\t\t<\/dt><\/dl><dl class='gallery-item'>\n\t\t\t\t<dt class='gallery-icon landscape'>\n\t\t\t\t\t<a class=\"rollover rollover-zoom dt-pswp-item\" title=\"278268248_4967255766715614_2454574555907864831_n\" data-dt-img-description=\"\" data-large_image_width=\"600\" data-large_image_height=\"600\"href='https:\/\/www.radiopiu.net\/wordpress\/wp-content\/uploads\/2022\/04\/278268248_4967255766715614_2454574555907864831_n.jpg'><img loading=\"lazy\" decoding=\"async\" width=\"150\" height=\"150\" src=\"https:\/\/www.radiopiu.net\/wordpress\/wp-content\/uploads\/2022\/04\/278268248_4967255766715614_2454574555907864831_n-150x150.jpg\" class=\"attachment-thumbnail size-thumbnail\" alt=\"\" srcset=\"https:\/\/www.radiopiu.net\/wordpress\/wp-content\/uploads\/2022\/04\/278268248_4967255766715614_2454574555907864831_n-150x150.jpg 150w, https:\/\/www.radiopiu.net\/wordpress\/wp-content\/uploads\/2022\/04\/278268248_4967255766715614_2454574555907864831_n-300x300.jpg 300w, https:\/\/www.radiopiu.net\/wordpress\/wp-content\/uploads\/2022\/04\/278268248_4967255766715614_2454574555907864831_n.jpg 600w\" sizes=\"auto, (max-width: 150px) 100vw, 150px\" \/><\/a>\n\t\t\t\t<\/dt><\/dl><dl class='gallery-item'>\n\t\t\t\t<dt class='gallery-icon landscape'>\n\t\t\t\t\t<a class=\"rollover rollover-zoom dt-pswp-item\" title=\"276170388_4967258993381958_5678139141019714131_n\" data-dt-img-description=\"\" data-large_image_width=\"600\" data-large_image_height=\"600\"href='https:\/\/www.radiopiu.net\/wordpress\/wp-content\/uploads\/2022\/04\/276170388_4967258993381958_5678139141019714131_n.jpg'><img loading=\"lazy\" decoding=\"async\" width=\"150\" height=\"150\" src=\"https:\/\/www.radiopiu.net\/wordpress\/wp-content\/uploads\/2022\/04\/276170388_4967258993381958_5678139141019714131_n-150x150.jpg\" class=\"attachment-thumbnail size-thumbnail\" alt=\"\" srcset=\"https:\/\/www.radiopiu.net\/wordpress\/wp-content\/uploads\/2022\/04\/276170388_4967258993381958_5678139141019714131_n-150x150.jpg 150w, https:\/\/www.radiopiu.net\/wordpress\/wp-content\/uploads\/2022\/04\/276170388_4967258993381958_5678139141019714131_n-300x300.jpg 300w, https:\/\/www.radiopiu.net\/wordpress\/wp-content\/uploads\/2022\/04\/276170388_4967258993381958_5678139141019714131_n.jpg 600w\" sizes=\"auto, (max-width: 150px) 100vw, 150px\" \/><\/a>\n\t\t\t\t<\/dt><\/dl><br style=\"clear: both\" \/>\n\t\t\t<\/div>\n\n<p><a class=\"dt-pswp-item\" href=\"https:\/\/www.radiopiu.net\/wordpress\/wp-content\/uploads\/2022\/04\/th-10.jpg\" data-dt-img-description=\"\" data-large_image_width=\"171\" data-large_image_height=\"96\"><img loading=\"lazy\" decoding=\"async\" class=\" wp-image-270606 alignleft\" src=\"https:\/\/www.radiopiu.net\/wordpress\/wp-content\/uploads\/2022\/04\/th-10-150x96.jpg\" alt=\"\" width=\"169\" height=\"108\" \/><\/a>La processionaria del pino (Thaumetopoea pityocampa (Denis &amp; Schifferm\u00fcller, 1775)) \u00e8 un lepidottero appartenente alla famiglia Notodontidae, diffuso in Eurasia e Nordafrica. Si tratta di un insetto altamente distruttivo per le pinete poich\u00e9 le priva di parte del fogliame, compromettendone cos\u00ec il ciclo vitale. Inoltre, durante lo stadio larvale tale insetto presenta una peluria che risulta particolarmente urticante per vari animali, compreso l&#8217;uomo, e i suoi effetti si manifestano dopo un giorno. Da giovane si presenta come una larva da 1 cm fino a 3 cm e mezzo dotata di numerosi peli irritanti per l&#8217;uomo e per gli <a class=\"dt-pswp-item\" href=\"https:\/\/www.radiopiu.net\/wordpress\/wp-content\/uploads\/2022\/04\/Untitled-1-672x350-1.jpg\" data-dt-img-description=\"\" data-large_image_width=\"672\" data-large_image_height=\"350\"><img loading=\"lazy\" decoding=\"async\" class=\"size-thumbnail wp-image-270608 alignright\" src=\"https:\/\/www.radiopiu.net\/wordpress\/wp-content\/uploads\/2022\/04\/Untitled-1-672x350-1-150x150.jpg\" alt=\"\" width=\"150\" height=\"150\" \/><\/a>animali che usa come tecnica di difesa. I gruppi di larve di processionaria si spostano quasi sempre in fila indiana formando una sorta di &#8220;processione&#8221; (da cui il nome) e si compattano quando raggiungono il loro nido bianco di seta. Il nido viene usato per rideporre le uova o viene scartato e le nuove larve saranno costrette a ricostruirlo. Le cosiddette &#8220;farfalle triangolari&#8221; non sono altro che processionarie adulte e, sebbene siano notturne, non entrano molto facilmente nelle case abitate. Le dimensioni possono essere variabili, ma la misura principale delle processionarie \u00e8 di 3\u20134 cm e la colorazione delle ali \u00e8 variabile dal bianco sporco al giallo avorio chiaro, con delle striature quasi invisibili di colore pi\u00f9 scuro. L&#8217;apertura alare \u00e8 di 5 cm circa. Come molte falene, alcune di esse possono emettere, se minacciate, un liquido giallastro molto irritante, per poi volare via (wikipedia)<\/p>\n<p>&nbsp;<\/p>\n<p>___<\/p>\n","protected":false},"excerpt":{"rendered":"<p>&nbsp; PARTE 2 PUBBLICATO IL\u00a0 17 APRILE\u00a0 REDAZIONE Facciamo seguito all&#8217;articolo precedente su segnalazione di Maurizio Rossi che riportiamo in fondo alla pagina. L&#8217;intervento \u00e8 di Silvano Savio, esperto in materia e gi\u00e0 componente attivo del servizio forestale che ringraziamo per la precisa informazione di Silvano Savio\u00a0 AGORDO Ci sono vari sistemi per combattere la&hellip;<\/p>\n","protected":false},"author":4,"featured_media":270605,"comment_status":"closed","ping_status":"closed","sticky":false,"template":"","format":"standard","meta":{"_monsterinsights_skip_tracking":false,"_monsterinsights_sitenote_active":false,"_monsterinsights_sitenote_note":"","_monsterinsights_sitenote_category":0,"footnotes":""},"categories":[104,49],"tags":[],"class_list":["post-270602","post","type-post","status-publish","format-standard","has-post-thumbnail","hentry","category-evidenza_3","category-news-18","category-104","category-49","description-off"],"img_url":"https:\/\/www.radiopiu.net\/wordpress\/wp-content\/uploads\/2022\/04\/278574238_4967256993382158_1432582304780002413_n.jpg","_links":{"self":[{"href":"https:\/\/www.radiopiu.net\/wordpress\/wp-json\/wp\/v2\/posts\/270602","targetHints":{"allow":["GET"]}}],"collection":[{"href":"https:\/\/www.radiopiu.net\/wordpress\/wp-json\/wp\/v2\/posts"}],"about":[{"href":"https:\/\/www.radiopiu.net\/wordpress\/wp-json\/wp\/v2\/types\/post"}],"author":[{"embeddable":true,"href":"https:\/\/www.radiopiu.net\/wordpress\/wp-json\/wp\/v2\/users\/4"}],"replies":[{"embeddable":true,"href":"https:\/\/www.radiopiu.net\/wordpress\/wp-json\/wp\/v2\/comments?post=270602"}],"version-history":[{"count":0,"href":"https:\/\/www.radiopiu.net\/wordpress\/wp-json\/wp\/v2\/posts\/270602\/revisions"}],"wp:featuredmedia":[{"embeddable":true,"href":"https:\/\/www.radiopiu.net\/wordpress\/wp-json\/wp\/v2\/media\/270605"}],"wp:attachment":[{"href":"https:\/\/www.radiopiu.net\/wordpress\/wp-json\/wp\/v2\/media?parent=270602"}],"wp:term":[{"taxonomy":"category","embeddable":true,"href":"https:\/\/www.radiopiu.net\/wordpress\/wp-json\/wp\/v2\/categories?post=270602"},{"taxonomy":"post_tag","embeddable":true,"href":"https:\/\/www.radiopiu.net\/wordpress\/wp-json\/wp\/v2\/tags?post=270602"}],"curies":[{"name":"wp","href":"https:\/\/api.w.org\/{rel}","templated":true}]}}