{"id":270651,"date":"2022-04-15T05:34:51","date_gmt":"2022-04-15T03:34:51","guid":{"rendered":"https:\/\/www.radiopiu.net\/wordpress\/?p=270651"},"modified":"2022-04-15T06:01:34","modified_gmt":"2022-04-15T04:01:34","slug":"schifezze-in-localita-valcozzena","status":"publish","type":"post","link":"https:\/\/www.radiopiu.net\/wordpress\/schifezze-in-localita-valcozzena\/","title":{"rendered":"SCHIFEZZE IN LOCALITA&#8217; VALCOZZENA"},"content":{"rendered":"<p><strong>AGORDO<\/strong>\u00a0 \u00a0<em>che schifezza<\/em> cos&#8217;altro aggiungere, la zona \u00e8 quella industriale in localit\u00e0 Valcozzena: mascherine, parasole per auto, bottiglie di plastica, una giacca e molto altro.<em> &#8220;Tanto &#8211; dir\u00e0 qualcuno &#8211; ci penseranno i volontari delle varie associazioni con le giornate ecologiche&#8221;.\u00a0<\/em>Oppure<em> &#8220;Chissenefrega,\u00a0 la prossima &#8220;brentana&#8221; spazza tutto e tutto scende a valle&#8221;. <\/em>Qualcuno aggiunger\u00e0 <em>&#8220;Capita quando all&#8217;ecocentro iniziano a dirti questo no, quell&#8217;altro naeanche, mettili nel secco, cos\u00ec Valpe ci guadagna ancora un po&#8217; con la prossima bolletta&#8221;.<\/em> Non c&#8217;\u00e8 giustificazione che tenga ma questa \u00e8 purtroppo la realt\u00e0 in una zona tra le pi\u00f9 frequentate della citt\u00e0.<\/p>\n\n\t\t\t<style type='text\/css'>\n\t\t\t\t#gallery-1 {\n\t\t\t\t\tmargin: auto;\n\t\t\t\t}\n\t\t\t\t#gallery-1 .gallery-item {\n\t\t\t\t\tfloat: left;\n\t\t\t\t\tmargin-top: 10px;\n\t\t\t\t\ttext-align: center;\n\t\t\t\t\twidth: 50%;\n\t\t\t\t}\n\t\t\t\t#gallery-1 img {\n\t\t\t\t\tborder: 2px solid #cfcfcf;\n\t\t\t\t}\n\t\t\t\t#gallery-1 .gallery-caption {\n\t\t\t\t\tmargin-left: 0;\n\t\t\t\t}\n\t\t\t\t\/* see gallery_shortcode() in wp-includes\/media.php *\/\n\t\t\t<\/style>\n\t\t<div id='gallery-1' class='dt-gallery-container gallery galleryid-270651 gallery-columns-2 gallery-size-thumbnail'><dl class='gallery-item'>\n\t\t\t\t<dt class='gallery-icon landscape'>\n\t\t\t\t\t<a class=\"rollover\" href='https:\/\/www.radiopiu.net\/wordpress\/schifezze-in-localita-valcozzena\/278148997_559505685518204_2388921877346563872_n\/'><img loading=\"lazy\" decoding=\"async\" width=\"150\" height=\"150\" src=\"https:\/\/www.radiopiu.net\/wordpress\/wp-content\/uploads\/2022\/04\/278148997_559505685518204_2388921877346563872_n-150x150.jpg\" class=\"attachment-thumbnail size-thumbnail\" alt=\"\" \/><\/a>\n\t\t\t\t<\/dt><\/dl><dl class='gallery-item'>\n\t\t\t\t<dt class='gallery-icon landscape'>\n\t\t\t\t\t<a class=\"rollover\" href='https:\/\/www.radiopiu.net\/wordpress\/schifezze-in-localita-valcozzena\/278131008_543676914101570_5998627371500620904_n\/'><img loading=\"lazy\" decoding=\"async\" width=\"150\" height=\"150\" src=\"https:\/\/www.radiopiu.net\/wordpress\/wp-content\/uploads\/2022\/04\/278131008_543676914101570_5998627371500620904_n-150x150.jpg\" class=\"attachment-thumbnail size-thumbnail\" alt=\"\" \/><\/a>\n\t\t\t\t<\/dt><\/dl><br style=\"clear: both\" \/><dl class='gallery-item'>\n\t\t\t\t<dt class='gallery-icon landscape'>\n\t\t\t\t\t<a class=\"rollover\" href='https:\/\/www.radiopiu.net\/wordpress\/schifezze-in-localita-valcozzena\/277962324_395442015466100_1186244083631551935_n\/'><img loading=\"lazy\" decoding=\"async\" width=\"150\" height=\"150\" src=\"https:\/\/www.radiopiu.net\/wordpress\/wp-content\/uploads\/2022\/04\/277962324_395442015466100_1186244083631551935_n-150x150.jpg\" class=\"attachment-thumbnail size-thumbnail\" alt=\"\" \/><\/a>\n\t\t\t\t<\/dt><\/dl><dl class='gallery-item'>\n\t\t\t\t<dt class='gallery-icon landscape'>\n\t\t\t\t\t<a class=\"rollover\" href='https:\/\/www.radiopiu.net\/wordpress\/schifezze-in-localita-valcozzena\/277917985_530605541999771_2719350427492120535_n\/'><img loading=\"lazy\" decoding=\"async\" width=\"150\" height=\"150\" src=\"https:\/\/www.radiopiu.net\/wordpress\/wp-content\/uploads\/2022\/04\/277917985_530605541999771_2719350427492120535_n-150x150.jpg\" class=\"attachment-thumbnail size-thumbnail\" alt=\"\" \/><\/a>\n\t\t\t\t<\/dt><\/dl><br style=\"clear: both\" \/>\n\t\t\t<\/div>\n\n","protected":false},"excerpt":{"rendered":"<p>AGORDO\u00a0 \u00a0che schifezza cos&#8217;altro aggiungere, la zona \u00e8 quella industriale in localit\u00e0 Valcozzena: mascherine, parasole per auto, bottiglie di plastica, una giacca e molto altro. &#8220;Tanto &#8211; dir\u00e0 qualcuno &#8211; ci penseranno i volontari delle varie associazioni con le giornate ecologiche&#8221;.\u00a0Oppure &#8220;Chissenefrega,\u00a0 la prossima &#8220;brentana&#8221; spazza tutto e tutto scende a valle&#8221;. Qualcuno aggiunger\u00e0 &#8220;Capita&hellip;<\/p>\n","protected":false},"author":4,"featured_media":270652,"comment_status":"closed","ping_status":"closed","sticky":false,"template":"","format":"standard","meta":{"_monsterinsights_skip_tracking":false,"_monsterinsights_sitenote_active":false,"_monsterinsights_sitenote_note":"","_monsterinsights_sitenote_category":0,"footnotes":""},"categories":[51,49],"tags":[],"class_list":["post-270651","post","type-post","status-publish","format-standard","has-post-thumbnail","hentry","category-evidenza-top","category-news-18","category-51","category-49","description-off"],"img_url":"https:\/\/www.radiopiu.net\/wordpress\/wp-content\/uploads\/2022\/04\/278148997_559505685518204_2388921877346563872_n.jpg","_links":{"self":[{"href":"https:\/\/www.radiopiu.net\/wordpress\/wp-json\/wp\/v2\/posts\/270651","targetHints":{"allow":["GET"]}}],"collection":[{"href":"https:\/\/www.radiopiu.net\/wordpress\/wp-json\/wp\/v2\/posts"}],"about":[{"href":"https:\/\/www.radiopiu.net\/wordpress\/wp-json\/wp\/v2\/types\/post"}],"author":[{"embeddable":true,"href":"https:\/\/www.radiopiu.net\/wordpress\/wp-json\/wp\/v2\/users\/4"}],"replies":[{"embeddable":true,"href":"https:\/\/www.radiopiu.net\/wordpress\/wp-json\/wp\/v2\/comments?post=270651"}],"version-history":[{"count":0,"href":"https:\/\/www.radiopiu.net\/wordpress\/wp-json\/wp\/v2\/posts\/270651\/revisions"}],"wp:featuredmedia":[{"embeddable":true,"href":"https:\/\/www.radiopiu.net\/wordpress\/wp-json\/wp\/v2\/media\/270652"}],"wp:attachment":[{"href":"https:\/\/www.radiopiu.net\/wordpress\/wp-json\/wp\/v2\/media?parent=270651"}],"wp:term":[{"taxonomy":"category","embeddable":true,"href":"https:\/\/www.radiopiu.net\/wordpress\/wp-json\/wp\/v2\/categories?post=270651"},{"taxonomy":"post_tag","embeddable":true,"href":"https:\/\/www.radiopiu.net\/wordpress\/wp-json\/wp\/v2\/tags?post=270651"}],"curies":[{"name":"wp","href":"https:\/\/api.w.org\/{rel}","templated":true}]}}