{"id":270733,"date":"2022-04-15T05:42:28","date_gmt":"2022-04-15T03:42:28","guid":{"rendered":"https:\/\/www.radiopiu.net\/wordpress\/?p=270733"},"modified":"2022-04-15T05:56:37","modified_gmt":"2022-04-15T03:56:37","slug":"la-polizia-locale-inchioda-i-vandali-segnalati-allautorita-giudiziaria","status":"publish","type":"post","link":"https:\/\/www.radiopiu.net\/wordpress\/la-polizia-locale-inchioda-i-vandali-segnalati-allautorita-giudiziaria\/","title":{"rendered":"LA POLIZIA LOCALE INCHIODA I VANDALI, SEGNALATI ALL&#8217;AUTORITA&#8217; GIUDIZIARIA"},"content":{"rendered":"<p><strong><a class=\"dt-pswp-item\" href=\"https:\/\/www.radiopiu.net\/wordpress\/wp-content\/uploads\/2022\/04\/disc-4468127__340.jpg\" data-dt-img-description=\"\" data-large_image_width=\"510\" data-large_image_height=\"340\"><img loading=\"lazy\" decoding=\"async\" class=\"size-thumbnail wp-image-270734 alignleft\" src=\"https:\/\/www.radiopiu.net\/wordpress\/wp-content\/uploads\/2022\/04\/disc-4468127__340-150x150.jpg\" alt=\"\" width=\"150\" height=\"150\" \/><\/a>LONGARONE<\/strong> I vandali imperversano, il Comune li becca. Impossibile sfuggire all\u2019occhio vigile delle telecamere. Difficile giustificare quanto accaduto. A Longarone i responsabili dei raid verificatisi nelle ultime settimane cominciano ad avere un volto e un nome. Di recente il capoluogo e le frazioni limitrofe sono stati interessati da diversi atti vandalici. La polizia locale per\u00f2 sta gi\u00e0 effettuando le indagini di rito. E grazie al sistema di videosorveglianza ha gi\u00e0 individuato i primi responsabili, segnalati all\u2019autorit\u00e0 giudiziaria. Chi ha danneggiato propriet\u00e0 pubblica, imperversando sul territorio comunale, dovr\u00e0 rispondere delle proprie azioni. E non \u00e8 escluso che gi\u00e0 nei prossimi giorni altri nomi e altri volti vengano individuati. Intanto la polizia locale sta raccogliendo informazioni e prove. Dal Comune ieri \u00e8 arrivato l\u2019invito ai cittadini a segnalare eventuali comportamenti scorretti o qualsiasi danno subito negli ultimi tempi. Tutte le informazioni utili a identificare gli autori possono essere girate ai vigili. Tempi duri per chi crede di poter fare il vandalo, restando impunito.<\/p>\n<p>&nbsp;<\/p>\n<p>&nbsp;<\/p>\n<p>___<\/p>\n","protected":false},"excerpt":{"rendered":"<p>LONGARONE I vandali imperversano, il Comune li becca. Impossibile sfuggire all\u2019occhio vigile delle telecamere. Difficile giustificare quanto accaduto. A Longarone i responsabili dei raid verificatisi nelle ultime settimane cominciano ad avere un volto e un nome. Di recente il capoluogo e le frazioni limitrofe sono stati interessati da diversi atti vandalici. La polizia locale per\u00f2&hellip;<\/p>\n","protected":false},"author":4,"featured_media":270734,"comment_status":"closed","ping_status":"closed","sticky":false,"template":"","format":"standard","meta":{"_monsterinsights_skip_tracking":false,"_monsterinsights_sitenote_active":false,"_monsterinsights_sitenote_note":"","_monsterinsights_sitenote_category":0,"footnotes":""},"categories":[51,49],"tags":[],"class_list":["post-270733","post","type-post","status-publish","format-standard","has-post-thumbnail","hentry","category-evidenza-top","category-news-18","category-51","category-49","description-off"],"img_url":"https:\/\/www.radiopiu.net\/wordpress\/wp-content\/uploads\/2022\/04\/disc-4468127__340.jpg","_links":{"self":[{"href":"https:\/\/www.radiopiu.net\/wordpress\/wp-json\/wp\/v2\/posts\/270733","targetHints":{"allow":["GET"]}}],"collection":[{"href":"https:\/\/www.radiopiu.net\/wordpress\/wp-json\/wp\/v2\/posts"}],"about":[{"href":"https:\/\/www.radiopiu.net\/wordpress\/wp-json\/wp\/v2\/types\/post"}],"author":[{"embeddable":true,"href":"https:\/\/www.radiopiu.net\/wordpress\/wp-json\/wp\/v2\/users\/4"}],"replies":[{"embeddable":true,"href":"https:\/\/www.radiopiu.net\/wordpress\/wp-json\/wp\/v2\/comments?post=270733"}],"version-history":[{"count":0,"href":"https:\/\/www.radiopiu.net\/wordpress\/wp-json\/wp\/v2\/posts\/270733\/revisions"}],"wp:featuredmedia":[{"embeddable":true,"href":"https:\/\/www.radiopiu.net\/wordpress\/wp-json\/wp\/v2\/media\/270734"}],"wp:attachment":[{"href":"https:\/\/www.radiopiu.net\/wordpress\/wp-json\/wp\/v2\/media?parent=270733"}],"wp:term":[{"taxonomy":"category","embeddable":true,"href":"https:\/\/www.radiopiu.net\/wordpress\/wp-json\/wp\/v2\/categories?post=270733"},{"taxonomy":"post_tag","embeddable":true,"href":"https:\/\/www.radiopiu.net\/wordpress\/wp-json\/wp\/v2\/tags?post=270733"}],"curies":[{"name":"wp","href":"https:\/\/api.w.org\/{rel}","templated":true}]}}