{"id":270761,"date":"2022-04-16T05:50:43","date_gmt":"2022-04-16T03:50:43","guid":{"rendered":"https:\/\/www.radiopiu.net\/wordpress\/?p=270761"},"modified":"2022-04-16T08:23:59","modified_gmt":"2022-04-16T06:23:59","slug":"giornale-radiopiu-16-aprile-2022-direttore-mirko-mezzacasa","status":"publish","type":"post","link":"https:\/\/www.radiopiu.net\/wordpress\/giornale-radiopiu-16-aprile-2022-direttore-mirko-mezzacasa\/","title":{"rendered":"GIORNALE RADIOPIU 16 APRILE 2022 DIRETTORE MIRKO MEZZACASA"},"content":{"rendered":"<h3 class=\"kvgmc6g5 cxmmr5t8 oygrvhab hcukyx3x c1et5uql\"><span style=\"color: #0000ff;\"><strong>INFORMAZIONE il canale su TELEGRAM informazione di prima\u00a0 <\/strong><\/span><span style=\"color: #0000ff;\"><strong>mano e in tempo reale. iscriviti ed aiutaci a farlo conoscere\u00a0<\/strong><\/span><\/h3>\n<p>&nbsp;<\/p>\n<blockquote>\n<h3>OGGI A VIGO I FUNERALI DI FLAMINIO DA DEPPO<\/h3>\n<\/blockquote>\n<p><strong><a class=\"dt-pswp-item\" href=\"https:\/\/www.radiopiu.net\/wordpress\/wp-content\/uploads\/2022\/04\/AA-1.jpg\" data-dt-img-description=\"\" data-large_image_width=\"314\" data-large_image_height=\"279\"><img loading=\"lazy\" decoding=\"async\" class=\" wp-image-270351 alignleft\" src=\"https:\/\/www.radiopiu.net\/wordpress\/wp-content\/uploads\/2022\/04\/AA-1-150x150.jpg\" alt=\"\" width=\"113\" height=\"113\" \/><\/a>VIGO<\/strong> I funerali di &#8220;Mimmo&#8221; si svolgeranno oggi alle 10 nella parrocchiale di Vigo.<\/p>\n<p>&nbsp;<\/p>\n<p>&nbsp;<\/p>\n<p>&nbsp;<\/p>\n<p>&nbsp;<\/p>\n<hr \/>\n<blockquote>\n<h3><\/h3>\n<h3>INCIDENTE DI PRIMA MATTINA, ILLESO IL CONDUCENTE<\/h3>\n<\/blockquote>\n<p><strong>VODO DI CADORE<\/strong> Auto ruote all&#8217;aria\u00a0 ieri mattina alle\u00a0 \u00a04.30 lungo la SS51 a Vodo di Cadore. Il conducente, rimasto illeso, ha perso il controllo del mezzo per cause in corso di accertamento. Sul posto i vigili del fuoco\u00a0 di\u00a0 Pieve di Cadore con due automezzi tra cui l\u2019autogr\u00f9 che hanno messo in sicurezza il mezzo. L\u2019auto \u00e8 stata raddrizzata con l\u2019autogr\u00f9\u00a0 in attesa del mezzo del soccorso stradale.<\/p>\n\n\t\t\t<style type='text\/css'>\n\t\t\t\t#gallery-1 {\n\t\t\t\t\tmargin: auto;\n\t\t\t\t}\n\t\t\t\t#gallery-1 .gallery-item {\n\t\t\t\t\tfloat: left;\n\t\t\t\t\tmargin-top: 10px;\n\t\t\t\t\ttext-align: center;\n\t\t\t\t\twidth: 25%;\n\t\t\t\t}\n\t\t\t\t#gallery-1 img {\n\t\t\t\t\tborder: 2px solid #cfcfcf;\n\t\t\t\t}\n\t\t\t\t#gallery-1 .gallery-caption {\n\t\t\t\t\tmargin-left: 0;\n\t\t\t\t}\n\t\t\t\t\/* see gallery_shortcode() in wp-includes\/media.php *\/\n\t\t\t<\/style>\n\t\t<div id='gallery-1' class='dt-gallery-container gallery galleryid-270761 gallery-columns-4 gallery-size-thumbnail'><dl class='gallery-item'>\n\t\t\t\t<dt class='gallery-icon landscape'>\n\t\t\t\t\t<a class=\"rollover rollover-zoom dt-pswp-item\" title=\"4c6a6dd7-eb49-42dc-bd36-901c840f8066\" data-dt-img-description=\"\" data-large_image_width=\"968\" data-large_image_height=\"584\"href='https:\/\/www.radiopiu.net\/wordpress\/wp-content\/uploads\/2022\/04\/4c6a6dd7-eb49-42dc-bd36-901c840f8066.jpg'><img loading=\"lazy\" decoding=\"async\" width=\"150\" height=\"150\" src=\"https:\/\/www.radiopiu.net\/wordpress\/wp-content\/uploads\/2022\/04\/4c6a6dd7-eb49-42dc-bd36-901c840f8066-150x150.jpg\" class=\"attachment-thumbnail size-thumbnail\" alt=\"\" \/><\/a>\n\t\t\t\t<\/dt><\/dl><dl class='gallery-item'>\n\t\t\t\t<dt class='gallery-icon landscape'>\n\t\t\t\t\t<a class=\"rollover rollover-zoom dt-pswp-item\" title=\"58d8db26-3f1a-4ec2-83c5-94a42e01a44c\" data-dt-img-description=\"\" data-large_image_width=\"1280\" data-large_image_height=\"720\"href='https:\/\/www.radiopiu.net\/wordpress\/wp-content\/uploads\/2022\/04\/58d8db26-3f1a-4ec2-83c5-94a42e01a44c.jpg'><img loading=\"lazy\" decoding=\"async\" width=\"150\" height=\"150\" src=\"https:\/\/www.radiopiu.net\/wordpress\/wp-content\/uploads\/2022\/04\/58d8db26-3f1a-4ec2-83c5-94a42e01a44c-150x150.jpg\" class=\"attachment-thumbnail size-thumbnail\" alt=\"\" \/><\/a>\n\t\t\t\t<\/dt><\/dl><dl class='gallery-item'>\n\t\t\t\t<dt class='gallery-icon landscape'>\n\t\t\t\t\t<a class=\"rollover rollover-zoom dt-pswp-item\" title=\"45a76c7b-47db-48dc-897b-68b9b166ca74\" data-dt-img-description=\"\" data-large_image_width=\"1280\" data-large_image_height=\"720\"href='https:\/\/www.radiopiu.net\/wordpress\/wp-content\/uploads\/2022\/04\/45a76c7b-47db-48dc-897b-68b9b166ca74.jpg'><img loading=\"lazy\" decoding=\"async\" width=\"150\" height=\"150\" src=\"https:\/\/www.radiopiu.net\/wordpress\/wp-content\/uploads\/2022\/04\/45a76c7b-47db-48dc-897b-68b9b166ca74-150x150.jpg\" class=\"attachment-thumbnail size-thumbnail\" alt=\"\" \/><\/a>\n\t\t\t\t<\/dt><\/dl><dl class='gallery-item'>\n\t\t\t\t<dt class='gallery-icon landscape'>\n\t\t\t\t\t<a class=\"rollover rollover-zoom dt-pswp-item\" title=\"e56cc761-c300-4891-9971-d4508c510c07\" data-dt-img-description=\"\" data-large_image_width=\"1280\" data-large_image_height=\"720\"href='https:\/\/www.radiopiu.net\/wordpress\/wp-content\/uploads\/2022\/04\/e56cc761-c300-4891-9971-d4508c510c07.jpg'><img loading=\"lazy\" decoding=\"async\" width=\"150\" height=\"150\" src=\"https:\/\/www.radiopiu.net\/wordpress\/wp-content\/uploads\/2022\/04\/e56cc761-c300-4891-9971-d4508c510c07-150x150.jpg\" class=\"attachment-thumbnail size-thumbnail\" alt=\"\" \/><\/a>\n\t\t\t\t<\/dt><\/dl><br style=\"clear: both\" \/>\n\t\t\t<\/div>\n\n<p>&nbsp;<\/p>\n<hr \/>\n<p>&nbsp;<\/p>\n<blockquote>\n<h3>USCITA DI STRADA A SCALON, ILLESO IL CONDUCENTE<\/h3>\n<\/blockquote>\n<p><strong><img loading=\"lazy\" decoding=\"async\" class=\"alignleft\" src=\"https:\/\/www.radiopiu.net\/wordpress\/wp-content\/uploads\/2022\/04\/aaa-2.jpg\" width=\"137\" height=\"76\" \/>QUERO-VAS<\/strong> Una Fiat Panda\u00a0 da buttare e\u00a0 tanta paura per il conducente che se l&#8217;\u00e8 cavata senza un graffio. Spettacolare incidente ieri alle 17,30 lungo la Sp1 bis Madonna del Piave, all&#8217;altezza di Scalon.\u00a0 L&#8217;auto del trevigiano \u00e8 sbandata sulla destra percorrendo il ciglio della scarpata per una cinquantina di metri per poi finire diversi metri sotto il livello della strada, ribaltandosi,\u00a0 non viene escluso un guasto meccanico o lo scoppio di uno pneumatico. Sul posto Carabinieri e vigili del fuoco di Feltre, disagi al traffico come documentato sulla chat Viabilit\u00e0 Provincia Belluno.<\/p>\n\n\t\t\t<style type='text\/css'>\n\t\t\t\t#gallery-2 {\n\t\t\t\t\tmargin: auto;\n\t\t\t\t}\n\t\t\t\t#gallery-2 .gallery-item {\n\t\t\t\t\tfloat: left;\n\t\t\t\t\tmargin-top: 10px;\n\t\t\t\t\ttext-align: center;\n\t\t\t\t\twidth: 50%;\n\t\t\t\t}\n\t\t\t\t#gallery-2 img {\n\t\t\t\t\tborder: 2px solid #cfcfcf;\n\t\t\t\t}\n\t\t\t\t#gallery-2 .gallery-caption {\n\t\t\t\t\tmargin-left: 0;\n\t\t\t\t}\n\t\t\t\t\/* see gallery_shortcode() in wp-includes\/media.php *\/\n\t\t\t<\/style>\n\t\t<div id='gallery-2' class='dt-gallery-container gallery galleryid-270761 gallery-columns-2 gallery-size-thumbnail'><dl class='gallery-item'>\n\t\t\t\t<dt class='gallery-icon portrait'>\n\t\t\t\t\t<a class=\"rollover rollover-zoom dt-pswp-item\" title=\"846f2143-2247-4047-8e59-b80a3cbeb65b\" data-dt-img-description=\"\" data-large_image_width=\"450\" data-large_image_height=\"800\"href='https:\/\/www.radiopiu.net\/wordpress\/wp-content\/uploads\/2022\/04\/846f2143-2247-4047-8e59-b80a3cbeb65b.jpg'><img loading=\"lazy\" decoding=\"async\" width=\"150\" height=\"150\" src=\"https:\/\/www.radiopiu.net\/wordpress\/wp-content\/uploads\/2022\/04\/846f2143-2247-4047-8e59-b80a3cbeb65b-150x150.jpg\" class=\"attachment-thumbnail size-thumbnail\" alt=\"\" \/><\/a>\n\t\t\t\t<\/dt><\/dl><dl class='gallery-item'>\n\t\t\t\t<dt class='gallery-icon portrait'>\n\t\t\t\t\t<a class=\"rollover rollover-zoom dt-pswp-item\" title=\"91c31a65-705b-41d9-bd49-745d51f2d834\" data-dt-img-description=\"\" data-large_image_width=\"450\" data-large_image_height=\"800\"href='https:\/\/www.radiopiu.net\/wordpress\/wp-content\/uploads\/2022\/04\/91c31a65-705b-41d9-bd49-745d51f2d834.jpg'><img loading=\"lazy\" decoding=\"async\" width=\"150\" height=\"150\" src=\"https:\/\/www.radiopiu.net\/wordpress\/wp-content\/uploads\/2022\/04\/91c31a65-705b-41d9-bd49-745d51f2d834-150x150.jpg\" class=\"attachment-thumbnail size-thumbnail\" alt=\"\" \/><\/a>\n\t\t\t\t<\/dt><\/dl><br style=\"clear: both\" \/>\n\t\t\t<\/div>\n\n<p><strong>CERVO CONTRO L&#8217;AUTO: DISTRUTTA<\/strong> E&#8217; accaduto ieri sera lungo la regionale 203 agordina poco oltre l&#8217;abitato di Cencenighe. Carabinieri sul posto per i rilievi di legge.<\/p>\n<hr \/>\n<p>&nbsp;<\/p>\n<blockquote>\n<h3>LADRI A SOVRAMONTE, SEGNALATO UN FURGONE SOSPETTO<\/h3>\n<\/blockquote>\n<p><strong><img decoding=\"async\" class=\"alignleft\" src=\"https:\/\/www.radiopiu.net\/wordpress\/wp-content\/uploads\/2022\/04\/131917690_805042780045917_3510014846232214014_n.jpg\" \/>SOVRAMONTE<\/strong> Dopo i furti a Belluno e nella zona di Sospirolo i topo d&#8217;auto sono di nuovo segnalati nella zona si Sovramonte. Vetro sfondato e borsetta rubata, questa la sospresa per una donna che ha denunciato il danneggiamento della Polo e il furto della borsa. Una passante ha segnalato\u00a0 tre persone mai viste in paese a bordo di un furgoncino bianco (forse un Fiat Fiorino). Diana Malacarne ha voluto condividere sui social il disagio per il furto subito, anche per mettere in guardia i compaesani.<em> &#8220;Non ho parole, sono sconvolta per quello che mi \u00e8 successo oggi. Eppure credo sia giusto (e soprattutto utile) condividerlo: alle 10:30 circa, ho parcheggiato la mia macchina (una Polo grigia) poco prima della localit\u00e0 Noncia di Zorzoi (Sovramonte \u2013 BL), per andare a lavorare nell\u2019orto di mia propriet\u00e0, che si trova proprio l\u00ec vicino. Quando sono tornata alla macchina (alle 11:45 circa), ho trovato il vetro sfondato e non c\u2019era pi\u00f9 la mia borsetta. Inutile dire che il problema non sono tanto i 60 euro rubati, ma la sottrazione di tutti i documenti (bancari, personali, medici) e di una serie di effetti personali a cui ero molto legata. Credo, inoltre, che possano essere facilmente comprensibili le sensazioni che provo ora: il sentirmi arrabbiata e sconcertata per essere stata vittima di un episodio che mi sembra inverosimile nella quotidianit\u00e0 del nostro piccolo paese. Con queste parole non intendo lanciare una caccia alle streghe, quanto piuttosto condividere e diffondere la mia esperienza nell\u2019interesse non solo mio, ma di tutte e tutti. Infine, faccio appello a chiunque avesse visto o ritrovato qualcosa (ad esempio documenti buttati o la borsetta) di contattarmi \u2013 ve ne sarei infinitamente grata.&#8221;\u00a0<\/em><\/p>\n<p>&nbsp;<\/p>\n<hr \/>\n<p>Oggi sul Corriere delle Alpi<br \/>\ndi GIGI SOSSO<\/p>\n<blockquote>\n<h3>LA CONDANNA PER LO SPACCIATORE DI COCA: 8 ANNI E 9 MESI<\/h3>\n<\/blockquote>\n<blockquote><p><em>C&#8217;\u00e8 chi ha cercato di depistare o di screditare di operanti, ma alla fine tutti sono stati ritenuti colpevoli e dovranno organizzare l&#8217;appello.<\/em><\/p><\/blockquote>\n<p><strong><a class=\"dt-pswp-item\" href=\"https:\/\/www.radiopiu.net\/wordpress\/wp-content\/uploads\/2022\/04\/asdasd.jpg\" data-dt-img-description=\"\" data-large_image_width=\"286\" data-large_image_height=\"204\"><img loading=\"lazy\" decoding=\"async\" class=\"wp-image-270860 alignleft\" src=\"https:\/\/www.radiopiu.net\/wordpress\/wp-content\/uploads\/2022\/04\/asdasd.jpg\" alt=\"\" width=\"207\" height=\"148\" \/><\/a>BELLUNO\u00a0<\/strong> Otto anni e nove mesi: la sentenza \u00e8 arrivata, via Team, nel carcere torinese Vallette alle 13.30 di venerd\u00ec santo. Il detenuto per altra causa Roberto Dal Borgo \u00e8 stato riconosciuto colpevole di detenzione e spaccio di ingenti quantitativi di sostanze stupefacenti, al bar Sport di Sois, il suo locale. L&#8217;accusa sostenuta dal pubblico ministero Roberta Gallego, sulla base delle indagini sul campo della Squadra mobile della polizia (11 faldoni di atti), ha retto interamente in rito abbreviato. La richiesta per il gestore di quella che era diventata un&#8217;attivit\u00e0 imprenditoriale basata sulla cocaina era stata di nove anni di reclusione e il giudice Elisabetta Scolozzi ha tolto tre mesi. l cittadino dominicano Juan Manuel Jimenez, che arrivava da Montevarchi (Arezzo) alla guida di una vecchia Fiat, ha preso quattro anni e sei mesi, anche lui in abbreviato. (articolo completo sul quotidiano dei bellunesi).<\/p>\n<p>&nbsp;<\/p>\n<p>&nbsp;<\/p>\n<hr \/>\n<p>&nbsp;<\/p>\n<blockquote>\n<h3>L&#8217;INVITO A PRESTARE ATTENZIONE ALLA PROCESSIONARIA<\/h3>\n<\/blockquote>\n<p><strong><a class=\"dt-pswp-item\" href=\"https:\/\/www.radiopiu.net\/wordpress\/wp-content\/uploads\/2022\/04\/278574238_4967256993382158_1432582304780002413_n.jpg\" data-dt-img-description=\"\" data-large_image_width=\"600\" data-large_image_height=\"600\"><img loading=\"lazy\" decoding=\"async\" class=\"size-thumbnail wp-image-270605 alignleft\" src=\"https:\/\/www.radiopiu.net\/wordpress\/wp-content\/uploads\/2022\/04\/278574238_4967256993382158_1432582304780002413_n-150x150.jpg\" alt=\"\" width=\"150\" height=\"150\" srcset=\"https:\/\/www.radiopiu.net\/wordpress\/wp-content\/uploads\/2022\/04\/278574238_4967256993382158_1432582304780002413_n-150x150.jpg 150w, https:\/\/www.radiopiu.net\/wordpress\/wp-content\/uploads\/2022\/04\/278574238_4967256993382158_1432582304780002413_n-300x300.jpg 300w, https:\/\/www.radiopiu.net\/wordpress\/wp-content\/uploads\/2022\/04\/278574238_4967256993382158_1432582304780002413_n.jpg 600w\" sizes=\"auto, (max-width: 150px) 100vw, 150px\" \/><\/a>AGORDO<\/strong> E&#8217; Maurizio Rossi a lanciare l&#8217;allarme dopo aver riscontrato la presenza della processionaria del pino sul Col di Foglia . <em>&#8220;Passeggiando abitualmente su quei sentieri &#8211; racconta Maurizio &#8211;\u00a0 ho notato dei nidi di processionaria, ovvero un bruco che pu\u00f2 causare danni seri alla salute, in special modo ai cani che possono anche morire se le lesioni causate sono gravi, ma anche alle persone pi\u00f9 sensibili. I problemi si insidiano nei\u00a0 peli di questo bruco, dannosi\u00a0 per le mucose,\u00a0 \u00a0vie respiratorie\u00a0 e occhi. Lasciano conseguenze shock come lo anafilattico e orticarie&#8221;.<\/em> Il Comune di Agordo \u00e8 gi\u00e0 stato informato dopo che Rossi ha riscontrato la presenza di alcuni nidi. L&#8217;invito \u00e8 di prestare massima attenzione.<\/p>\n<p>&nbsp;<\/p>\n<hr \/>\n<p>&nbsp;<\/p>\n<blockquote>\n<h3>DIAB DI LONGARONE, 186 ESUBERI. La conferenza stampa<\/h3>\n<\/blockquote>\n<p>&nbsp;<\/p>\n<p><strong>DI MORENO GIOLI\u00a0<\/strong><\/p>\n<audio class=\"wp-audio-shortcode\" id=\"audio-270761-1\" preload=\"none\" style=\"width: 100%;\" controls=\"controls\"><source type=\"audio\/mpeg\" src=\"https:\/\/www.radiopiu.net\/wordpress\/wp-content\/uploads\/2022\/04\/GIOLI-DIAB.mp3?_=1\" \/><a href=\"https:\/\/www.radiopiu.net\/wordpress\/wp-content\/uploads\/2022\/04\/GIOLI-DIAB.mp3\">https:\/\/www.radiopiu.net\/wordpress\/wp-content\/uploads\/2022\/04\/GIOLI-DIAB.mp3<\/a><\/audio>\n<p>&nbsp;<\/p>\n<p><strong><span style=\"color: #ff0000;\">GIANPIERO MARRA CGIL-FIMO<\/span><\/strong><\/p>\n<div style=\"width: 640px;\" class=\"wp-video\"><video class=\"wp-video-shortcode\" id=\"video-270761-1\" width=\"640\" height=\"352\" preload=\"metadata\" controls=\"controls\"><source type=\"video\/mp4\" src=\"https:\/\/www.radiopiu.net\/wordpress\/wp-content\/uploads\/2022\/04\/WhatsApp-Video-2022-04-15-at-11.22.11.mp4?_=1\" \/><a href=\"https:\/\/www.radiopiu.net\/wordpress\/wp-content\/uploads\/2022\/04\/WhatsApp-Video-2022-04-15-at-11.22.11.mp4\">https:\/\/www.radiopiu.net\/wordpress\/wp-content\/uploads\/2022\/04\/WhatsApp-Video-2022-04-15-at-11.22.11.mp4<\/a><\/video><\/div>\n<p>&nbsp;<\/p>\n<p><span style=\"color: #ff0000;\"><strong>BRUNO DEOLA CISL FIM\u00a0<\/strong><\/span><\/p>\n<div style=\"width: 640px;\" class=\"wp-video\"><video class=\"wp-video-shortcode\" id=\"video-270761-2\" width=\"640\" height=\"352\" preload=\"metadata\" controls=\"controls\"><source type=\"video\/mp4\" src=\"https:\/\/www.radiopiu.net\/wordpress\/wp-content\/uploads\/2022\/04\/WhatsApp-Video-2022-04-15-at-11.23.02.mp4?_=2\" \/><a href=\"https:\/\/www.radiopiu.net\/wordpress\/wp-content\/uploads\/2022\/04\/WhatsApp-Video-2022-04-15-at-11.23.02.mp4\">https:\/\/www.radiopiu.net\/wordpress\/wp-content\/uploads\/2022\/04\/WhatsApp-Video-2022-04-15-at-11.23.02.mp4<\/a><\/video><\/div>\n<p>&nbsp;<\/p>\n<p><span style=\"color: #ff0000;\"><strong>MARCO FREZZATO UILTEC<\/strong><\/span><\/p>\n<div style=\"width: 640px;\" class=\"wp-video\"><video class=\"wp-video-shortcode\" id=\"video-270761-3\" width=\"640\" height=\"352\" preload=\"metadata\" controls=\"controls\"><source type=\"video\/mp4\" src=\"https:\/\/www.radiopiu.net\/wordpress\/wp-content\/uploads\/2022\/04\/WhatsApp-Video-2022-04-15-at-11.23.13.mp4?_=3\" \/><a href=\"https:\/\/www.radiopiu.net\/wordpress\/wp-content\/uploads\/2022\/04\/WhatsApp-Video-2022-04-15-at-11.23.13.mp4\">https:\/\/www.radiopiu.net\/wordpress\/wp-content\/uploads\/2022\/04\/WhatsApp-Video-2022-04-15-at-11.23.13.mp4<\/a><\/video><\/div>\n<p>&nbsp;<\/p>\n<p>&nbsp;<\/p>\n<hr \/>\n<p>&nbsp;<\/p>\n<blockquote>\n<h3>SOPRALLUOGO DALL&#8217;ALTO DELL SP 251 DELLA VAL DI ZOLDO. IL SINDACO DI VAL DI ZOLDO, CAMILLO DE PELLEGRIN &#8220;BASTA PAROLE&#8221;<\/h3>\n<\/blockquote>\n<p><strong><img loading=\"lazy\" decoding=\"async\" class=\"alignleft\" src=\"https:\/\/www.radiopiu.net\/wordpress\/wp-content\/uploads\/2022\/04\/278079030_352424163592929_8231063793182814587_n-1.jpg\" width=\"245\" height=\"161\" \/>BELLUNO<\/strong> I tecnici della Provincia hanno\u00a0 sorvolato in elicottero l\u2019area dell\u2019incendio tra Soffranco e Mezzocanale, per valutare la situazione del versante e lo stato di criticit\u00e0. Nelle prossime settimane saranno fatti ulteriori approfondimenti, per capire nell\u2019insieme quali sono le condizioni della strada e quali sono gli interventi da mettere in campo. Per la Provincia non \u00e8 ammesso un rattoppo, ma un intervento logico perch\u00e9 dalle analisi della Provincia, risultano diverse aree caratterizzate dalla presenza di blocchi di piccole dimensioni e di tre valli al cui interno \u00e8 presente una discreta quantit\u00e0 di materiale detritico accumulato nel corso degli anni. La vegetazione fortemente compromessa dall\u2019incendio non sembra pi\u00f9 costituire un valido impedimento a movimenti franosi. Per Fabio Luchetta, consigliere alla viabilit\u00e0 il posizionamento di barriere paraschegge e la sostituzione delle reti esistenti, a opera di Veneto Strade, pu\u00f2 essere una prima soluzione. Per Il Presidente Roberto Padrin la programmazione \u00e8 indispensabile per evitare di disperdere risorse, ovvero una programmazione che permetta di ottimizzare gli interventi su tutto il territorio provinciale. La Sp251 rimane una priorit\u00e0 come giustificato dallo stanziamento di 1 milione 100mila euro per la frana di Solagnot, a cui si aggiunge il milione per il paraschegge, stanziato nei giorni scorsi. Dalla Provincia \u00e8 gi\u00e0 partitta la lettera per i ministri bellunesi Franco e D\u2019Inc\u00e0, e al ministro Giovannini, per individuare le risorse necessarie a mettere in sicurezza le situazioni pi\u00f9 critiche.<\/p>\n<p><strong>foto venetostrade<\/strong><\/p>\n<p>&nbsp;<\/p>\n<hr \/>\n<p>&nbsp;<\/p>\n<div>\n<div class=\"ll8tlv6m j83agx80 btwxx1t3 n851cfcs hv4rvrfc dati1w0a pybr56ya\">\n<div class=\"buofh1pr\">\n<div class=\"j83agx80 cbu4d94t ew0dbk1b irj2b8pg\">\n<div class=\"qzhwtbm6 knvmm38d\"><\/div>\n<\/div>\n<\/div>\n<div class=\"nqmvxvec j83agx80 jnigpg78 cxgpxx05 dflh9lhu sj5x9vvc scb9dxdr odw8uiq3\">\n<div>\n<div class=\"oajrlxb2 gs1a9yip mtkw9kbi tlpljxtp qensuy8j ppp5ayq2 rq0escxv nhd2j8a9 mg4g778l pfnyh3mw p7hjln8o tgvbjcpo hpfvmrgz i1ao9s8h esuyzwwr f1sip0of du4w35lb n00je7tq arfg74bv qs9ysxi8 k77z8yql btwxx1t3 abiwlrkh p8dawk7l lzcic4wl dwo3fsh8 g5ia77u1 goun2846 ccm00jje s44p3ltw mk2mc5f4 rt8b4zig n8ej3o3l agehan2d sk4xxmp2 pq6dq46d kvgmc6g5 cxmmr5t8 oygrvhab hcukyx3x jb3vyjys rz4wbd8a qt6c0cv9 a8nywdso l9j0dhe7 pzggbiyp pkj7ub1o bqnlxs5p kkg9azqs c24pa1uk ln9iyx3p fe6kdd0r ar1oviwq l10q8mi9 sq40qgkc s8quxz6p pdjglbur\" tabindex=\"0\" role=\"button\" aria-expanded=\"false\" aria-haspopup=\"menu\" aria-label=\"Azioni per questo post\">\n<blockquote>\n<h3 class=\"i09qtzwb n7fi1qx3 b5wmifdl hzruof5a pmk7jnqg j9ispegn kr520xx4 c5ndavph art1omkt ot9fgl3s s45kfl79 emlxlaya bkmhp75w spb7xbtv\" data-visualcompletion=\"ignore\">UNA DECISA PRESA DI POSIZIONE DEL SINDACO DE PELLEGRIN<\/h3>\n<\/blockquote>\n<div class=\"i09qtzwb n7fi1qx3 b5wmifdl hzruof5a pmk7jnqg j9ispegn kr520xx4 c5ndavph art1omkt ot9fgl3s s45kfl79 emlxlaya bkmhp75w spb7xbtv\" data-visualcompletion=\"ignore\"><strong>VAL DI ZOLDO<\/strong>\u00a0 Il sindaco Camillo De Pellegrin sulla pagina facebook pubblica l&#8217;intervento della scorsa settimana di Maurizio Crozza a proposito della pista di Bob. Occasione per raffrontare gli investimenti milionari previsti a Cortina con la &#8220;miseria&#8221;\u00a0 delle strade che portano in Val Zoldana. Scrive il sindaco : <em>&#8220;Se poi ne avanzano ci sono opere ben pi\u00f9 importanti\u2026 non solo la Sp. 251. Mi parleranno di indotto\u2026 investimenti che poi ritornano\u2026 ma ritornano a chi? E la gente che paga l\u2019imu allo stato (solo in zoldo 1.000.000) e non ha accesso alla propria abitazione? Penso non serva dire altro&#8221;.\u00a0<\/em><\/div>\n<div data-visualcompletion=\"ignore\"><\/div>\n<div data-visualcompletion=\"ignore\">\n<h3 class=\"title style-scope ytd-video-primary-info-renderer\">Crozza sulla riduzione delle spese: \u201cIn questo paese spediamo pi\u00f9 in piste da bob che in sanit\u00e0\u201d<\/h3>\n<\/div>\n<\/div>\n<\/div>\n<\/div>\n<\/div>\n<\/div>\n<p><iframe loading=\"lazy\" title=\"Crozza sulla riduzione delle spese: \u201cIn questo paese spediamo pi\u00f9 in piste da bob che in sanit\u00e0\u201d\" width=\"1200\" height=\"675\" src=\"https:\/\/www.youtube.com\/embed\/Y8ZxFJ54qO0?feature=oembed\" frameborder=\"0\" allow=\"accelerometer; autoplay; clipboard-write; encrypted-media; gyroscope; picture-in-picture\" allowfullscreen><\/iframe><\/p>\n<p>&nbsp;<\/p>\n<hr \/>\n<p>&nbsp;<\/p>\n<blockquote>\n<h3>FINANZIATI 1,1 MILIONI DI EURO PER INTERVENTI DI PREVENZIONE DEGLI INCENDI<\/h3>\n<\/blockquote>\n<p><strong><a class=\"dt-pswp-item\" href=\"https:\/\/www.radiopiu.net\/wordpress\/wp-content\/uploads\/2018\/10\/INCENDIO-FIAMME.jpg\" data-dt-img-description=\"\" data-large_image_width=\"1600\" data-large_image_height=\"900\"><img loading=\"lazy\" decoding=\"async\" class=\"size-thumbnail wp-image-65188 alignleft\" src=\"https:\/\/www.radiopiu.net\/wordpress\/wp-content\/uploads\/2018\/10\/INCENDIO-FIAMME-150x150.jpg\" alt=\"\" width=\"150\" height=\"150\" \/><\/a>ROMA<\/strong> \u201c<em>Le aree interne del Bellunese hanno uno strumento in pi\u00f9 per contrastare l\u2019abbandono e salvaguardare il patrimonio boschivo e silvo-pastorale. Grazie alla ministra Carfagna per la sensibilit\u00e0 e l\u2019impegno<\/em>\u201d. Cos\u00ec in una nota il deputato Dario Bond, in merito al finanziamento da parte del Cipess (Comitato Interministeriale per la Programmazione Economica e lo Sviluppo Sostenibile) di 60 milioni di euro per la prevenzione e il contrasto degli incendi boschivi nelle aree interne.<\/p>\n<p>&nbsp;<\/p>\n<p>&nbsp;<\/p>\n<hr \/>\n<p>&nbsp;<\/p>\n<blockquote class=\"wp-embedded-content\" data-secret=\"3w9A7NGRyW\"><p><a href=\"https:\/\/www.radiopiu.net\/wordpress\/aggnazionaleaprile15\/\">CORONAVIRUS: AGGIORNAMENTO NAZIONALE  15 APRILE 2022<\/a><\/p><\/blockquote>\n<p><iframe loading=\"lazy\" class=\"wp-embedded-content\" sandbox=\"allow-scripts\" security=\"restricted\" style=\"position: absolute; clip: rect(1px, 1px, 1px, 1px);\" title=\"&#8220;CORONAVIRUS: AGGIORNAMENTO NAZIONALE  15 APRILE 2022&#8221; &#8212; Radio Pi\u00f9\" src=\"https:\/\/www.radiopiu.net\/wordpress\/aggnazionaleaprile15\/embed\/#?secret=SCy0251FHe#?secret=3w9A7NGRyW\" data-secret=\"3w9A7NGRyW\" width=\"600\" height=\"338\" frameborder=\"0\" marginwidth=\"0\" marginheight=\"0\" scrolling=\"no\"><\/iframe><\/p>\n<p>&nbsp;<\/p>\n<blockquote class=\"wp-embedded-content\" data-secret=\"FpMmiEIzPP\"><p><a href=\"https:\/\/www.radiopiu.net\/wordpress\/aggazzeroaprilea15\/\">PASQUA IN CORSIA: 883 RICOVERATI, 43 IN TERAPIA INTENSIVA<\/a><\/p><\/blockquote>\n<p><iframe loading=\"lazy\" class=\"wp-embedded-content\" sandbox=\"allow-scripts\" security=\"restricted\" style=\"position: absolute; clip: rect(1px, 1px, 1px, 1px);\" title=\"&#8220;PASQUA IN CORSIA: 883 RICOVERATI, 43 IN TERAPIA INTENSIVA&#8221; &#8212; Radio Pi\u00f9\" src=\"https:\/\/www.radiopiu.net\/wordpress\/aggazzeroaprilea15\/embed\/#?secret=YSVeGwZaem#?secret=FpMmiEIzPP\" data-secret=\"FpMmiEIzPP\" width=\"600\" height=\"338\" frameborder=\"0\" marginwidth=\"0\" marginheight=\"0\" scrolling=\"no\"><\/iframe><\/p>\n<p>&nbsp;<\/p>\n<h2 dir=\"auto\">I GRAFICI DI TIZIANO DE COL<\/h2>\n\n\t\t\t<style type='text\/css'>\n\t\t\t\t#gallery-3 {\n\t\t\t\t\tmargin: auto;\n\t\t\t\t}\n\t\t\t\t#gallery-3 .gallery-item {\n\t\t\t\t\tfloat: left;\n\t\t\t\t\tmargin-top: 10px;\n\t\t\t\t\ttext-align: center;\n\t\t\t\t\twidth: 33%;\n\t\t\t\t}\n\t\t\t\t#gallery-3 img {\n\t\t\t\t\tborder: 2px solid #cfcfcf;\n\t\t\t\t}\n\t\t\t\t#gallery-3 .gallery-caption {\n\t\t\t\t\tmargin-left: 0;\n\t\t\t\t}\n\t\t\t\t\/* see gallery_shortcode() in wp-includes\/media.php *\/\n\t\t\t<\/style>\n\t\t<div id='gallery-3' class='dt-gallery-container gallery galleryid-270761 gallery-columns-3 gallery-size-thumbnail'><dl class='gallery-item'>\n\t\t\t\t<dt class='gallery-icon landscape'>\n\t\t\t\t\t<a class=\"rollover rollover-zoom dt-pswp-item\" title=\"9bb0db38-8313-430f-a1f4-aa0a829792e8\" data-dt-img-description=\"\" data-large_image_width=\"600\" data-large_image_height=\"352\"href='https:\/\/www.radiopiu.net\/wordpress\/wp-content\/uploads\/2022\/04\/9bb0db38-8313-430f-a1f4-aa0a829792e8.jpg'><img loading=\"lazy\" decoding=\"async\" width=\"150\" height=\"150\" src=\"https:\/\/www.radiopiu.net\/wordpress\/wp-content\/uploads\/2022\/04\/9bb0db38-8313-430f-a1f4-aa0a829792e8-150x150.jpg\" class=\"attachment-thumbnail size-thumbnail\" alt=\"\" \/><\/a>\n\t\t\t\t<\/dt><\/dl><dl class='gallery-item'>\n\t\t\t\t<dt class='gallery-icon landscape'>\n\t\t\t\t\t<a class=\"rollover rollover-zoom dt-pswp-item\" title=\"badc75e5-0664-4592-92f0-b50e44623115\" data-dt-img-description=\"\" data-large_image_width=\"593\" data-large_image_height=\"364\"href='https:\/\/www.radiopiu.net\/wordpress\/wp-content\/uploads\/2022\/04\/badc75e5-0664-4592-92f0-b50e44623115.jpg'><img loading=\"lazy\" decoding=\"async\" width=\"150\" height=\"150\" src=\"https:\/\/www.radiopiu.net\/wordpress\/wp-content\/uploads\/2022\/04\/badc75e5-0664-4592-92f0-b50e44623115-150x150.jpg\" class=\"attachment-thumbnail size-thumbnail\" alt=\"\" \/><\/a>\n\t\t\t\t<\/dt><\/dl><dl class='gallery-item'>\n\t\t\t\t<dt class='gallery-icon landscape'>\n\t\t\t\t\t<a class=\"rollover rollover-zoom dt-pswp-item\" title=\"24920c89-2f62-462d-a974-c18dcc4a4084\" data-dt-img-description=\"\" data-large_image_width=\"602\" data-large_image_height=\"364\"href='https:\/\/www.radiopiu.net\/wordpress\/wp-content\/uploads\/2022\/04\/24920c89-2f62-462d-a974-c18dcc4a4084.jpg'><img loading=\"lazy\" decoding=\"async\" width=\"150\" height=\"150\" src=\"https:\/\/www.radiopiu.net\/wordpress\/wp-content\/uploads\/2022\/04\/24920c89-2f62-462d-a974-c18dcc4a4084-150x150.jpg\" class=\"attachment-thumbnail size-thumbnail\" alt=\"\" \/><\/a>\n\t\t\t\t<\/dt><\/dl><br style=\"clear: both\" \/><dl class='gallery-item'>\n\t\t\t\t<dt class='gallery-icon landscape'>\n\t\t\t\t\t<a class=\"rollover rollover-zoom dt-pswp-item\" title=\"77e9fe7f-9e4c-49cd-820f-6cdcbafd359a\" data-dt-img-description=\"\" data-large_image_width=\"604\" data-large_image_height=\"363\"href='https:\/\/www.radiopiu.net\/wordpress\/wp-content\/uploads\/2022\/04\/77e9fe7f-9e4c-49cd-820f-6cdcbafd359a.jpg'><img loading=\"lazy\" decoding=\"async\" width=\"150\" height=\"150\" src=\"https:\/\/www.radiopiu.net\/wordpress\/wp-content\/uploads\/2022\/04\/77e9fe7f-9e4c-49cd-820f-6cdcbafd359a-150x150.jpg\" class=\"attachment-thumbnail size-thumbnail\" alt=\"\" \/><\/a>\n\t\t\t\t<\/dt><\/dl><dl class='gallery-item'>\n\t\t\t\t<dt class='gallery-icon landscape'>\n\t\t\t\t\t<a class=\"rollover rollover-zoom dt-pswp-item\" title=\"b90df3b1-d25e-4e6d-a634-5aa6fc286033\" data-dt-img-description=\"\" data-large_image_width=\"618\" data-large_image_height=\"359\"href='https:\/\/www.radiopiu.net\/wordpress\/wp-content\/uploads\/2022\/04\/b90df3b1-d25e-4e6d-a634-5aa6fc286033.jpg'><img loading=\"lazy\" decoding=\"async\" width=\"150\" height=\"150\" src=\"https:\/\/www.radiopiu.net\/wordpress\/wp-content\/uploads\/2022\/04\/b90df3b1-d25e-4e6d-a634-5aa6fc286033-150x150.jpg\" class=\"attachment-thumbnail size-thumbnail\" alt=\"\" \/><\/a>\n\t\t\t\t<\/dt><\/dl><dl class='gallery-item'>\n\t\t\t\t<dt class='gallery-icon landscape'>\n\t\t\t\t\t<a class=\"rollover rollover-zoom dt-pswp-item\" title=\"d156ddec-38fc-419f-a984-fdf37fc080b9\" data-dt-img-description=\"\" data-large_image_width=\"610\" data-large_image_height=\"363\"href='https:\/\/www.radiopiu.net\/wordpress\/wp-content\/uploads\/2022\/04\/d156ddec-38fc-419f-a984-fdf37fc080b9.jpg'><img loading=\"lazy\" decoding=\"async\" width=\"150\" height=\"150\" src=\"https:\/\/www.radiopiu.net\/wordpress\/wp-content\/uploads\/2022\/04\/d156ddec-38fc-419f-a984-fdf37fc080b9-150x150.jpg\" class=\"attachment-thumbnail size-thumbnail\" alt=\"\" \/><\/a>\n\t\t\t\t<\/dt><\/dl><br style=\"clear: both\" \/>\n\t\t\t<\/div>\n\n<p>&nbsp;<\/p>\n<hr \/>\n<p>&nbsp;<\/p>\n<p><strong>ULSS1<\/strong> Il team sorveglianza e il call center covid (0437\/514343) nelle giornate festive di aprile saranno attivi nei seguenti orari: domenica 17 e luned\u00ec 18 pv: dalle 8 alle 13; domenica 24 e luned\u00ec 25 pv: dalle 8 alle 13. Nelle altre giornate \u00e8 confermata l&#8217;operativit\u00e0 8.00-18.00<\/p>\n<div><\/div>\n<p>&nbsp;<\/p>\n<hr \/>\n<blockquote>\n<h3><\/h3>\n<h3>QUARTA DOSE, PRENOTABILE ON LINE<\/h3>\n<\/blockquote>\n<p><strong>BELLUNO<\/strong> E&#8217; prenotabile online la seconda dose booster (quarta dose) del vaccino anti-Covid, accedendo al seguente link: https:\/\/vaccinicovid.regione.veneto.it\/ulss1 Possono prenotarsi: \u2981 le persone di et\u00e0 superiore agli 80 anni; \u2981 le persone con elevata fragilit\u00e0 (allegato 2 alla circolare ministeriale) di et\u00e0 superiore ai 60 anni. Questa modalit\u00e0 di offerta si affianca alla vaccinazione degli ospiti delle case di riposo e alle sedute vaccinali organizzate dai Medici di Medicina Generale.<\/p>\n<p>&nbsp;<\/p>\n<hr \/>\n<p>&nbsp;<\/p>\n<blockquote>\n<h3>SETTIMANA DEDICATA ALLA SALUTE DELLA DONNA<\/h3>\n<\/blockquote>\n<p><strong>BELLUNO<\/strong>\u00a0<b> <\/b>La settimana dedicata alla salute della donna in Ulss Dolomiti parte con due appuntamenti dedicati alla menopausa: una passeggiata esperienziale e un incontro in Gmeet. <strong>La passeggiata esperienziale<\/strong>, organizzata dal Consultorio di Feltre, \u00e8 in programma martedi 19 aprile alle 16.30 con ritrovo nella vecchia portineria dell\u2019ospedale di Feltre. Le attivit\u00e0 proseguiranno via <strong>meet<\/strong> il giorno dopo, 20 aprile, con un appuntamento organizzato dai consultori del Distretto di Belluno. All\u2019incontro parteciperanno i professionisti sanitari che esercitano nei consultori. Per partecipare \u00e8 necessario <strong>iscriversi<\/strong> inviando una mail all\u2019indirizzo: <a href=\"mailto:guadagnare.salute.webinar@aulss1.veneto.it\">guadagnare.salute.webinar@aulss1.veneto.it<\/a><\/p>\n<p>&nbsp;<\/p>\n<hr \/>\n<p>&nbsp;<\/p>\n<p>&nbsp;<\/p>\n<blockquote>\n<h3><a class=\"dt-pswp-item\" href=\"https:\/\/www.radiopiu.net\/wordpress\/wp-content\/uploads\/2022\/04\/IMG20220414105146-scaled.jpg\" data-dt-img-description=\"\" data-large_image_width=\"1152\" data-large_image_height=\"2560\"><img loading=\"lazy\" decoding=\"async\" class=\"alignleft wp-image-270812 \" src=\"https:\/\/www.radiopiu.net\/wordpress\/wp-content\/uploads\/2022\/04\/IMG20220414105146-135x300.jpg\" alt=\"\" width=\"93\" height=\"207\" srcset=\"https:\/\/www.radiopiu.net\/wordpress\/wp-content\/uploads\/2022\/04\/IMG20220414105146-135x300.jpg 135w, https:\/\/www.radiopiu.net\/wordpress\/wp-content\/uploads\/2022\/04\/IMG20220414105146-461x1024.jpg 461w, https:\/\/www.radiopiu.net\/wordpress\/wp-content\/uploads\/2022\/04\/IMG20220414105146-768x1707.jpg 768w, https:\/\/www.radiopiu.net\/wordpress\/wp-content\/uploads\/2022\/04\/IMG20220414105146-691x1536.jpg 691w, https:\/\/www.radiopiu.net\/wordpress\/wp-content\/uploads\/2022\/04\/IMG20220414105146-922x2048.jpg 922w, https:\/\/www.radiopiu.net\/wordpress\/wp-content\/uploads\/2022\/04\/IMG20220414105146-scaled.jpg 1152w\" sizes=\"auto, (max-width: 93px) 100vw, 93px\" \/><\/a>CON LE DONAZIONI LE NUOVE COLONNE ENDOSCOPICHE<\/h3>\n<\/blockquote>\n<p><strong>BELLUNO<\/strong> Grazie ai fondi raccolti attraverso la generosit\u00e0 di molti cittadini, sono stati acquistati due sistemi di endoscopia toracica da destinare alle Pneumologie di Belluno e Feltre per un investimento complessivo di oltre 358 mila euro. <em>\u00abLa broncoscopia \u00e8 il principale esame per la diagnosi dei tumori del polmone; permette inoltre di diagnosticare malattie infettive ed infiammatorie del polmone, nonch\u00e9 di eseguire manovre terapeutiche&#8221; <\/em>\u00a0spiega Rodolfo Muzzolon, direttore della Pneumologia di Belluno. In questi giorni, il primo sistema \u00e8 stato installato alla Pnuemologia di Belluno, nei prossimi giorni il secondo sar\u00e0 installato nella Pneumologia di Feltre.<em>\u00a0 &#8220;Ringrazio i cittadini per le donazioni, i nostri servizi amministrativi che hanno saputo coordinare al meglio le risorse e acquistare un\u2019attrezzatura all\u2019avanguardia. Insieme si vince&#8221;<\/em> conclude il direttore generale Maria Grazia Carraro.<\/p>\n<p>&nbsp;<\/p>\n<p>&nbsp;<\/p>\n<hr \/>\n<p>&nbsp;<\/p>\n<blockquote>\n<h3>GIUNTA APPROVA INCREMENTO DI 10 MILIONI DI EURO PER FONDO ACCESSO AL CREDITO PMI<\/h3>\n<\/blockquote>\n<p><strong><a class=\"dt-pswp-item\" href=\"https:\/\/www.radiopiu.net\/wordpress\/wp-content\/uploads\/2021\/03\/soldi.jpeg\" data-dt-img-description=\"\" data-large_image_width=\"626\" data-large_image_height=\"417\"><img loading=\"lazy\" decoding=\"async\" class=\"size-thumbnail wp-image-199630 alignleft\" src=\"https:\/\/www.radiopiu.net\/wordpress\/wp-content\/uploads\/2021\/03\/soldi-150x150.jpeg\" alt=\"\" width=\"150\" height=\"150\" \/><\/a>VENEZIA <\/strong>\u201c<em>Nell\u2019incertezza che persiste abbiamo inteso dare un nuovo segnale di sostegno alle nostre imprese, incrementando di 10 milioni di euro il fondo straordinario per il microcredito gestito da Veneto Sviluppo. Fino ad oggi le imprese hanno risposto con favore alla misura. Oggi, alla luce dell\u2019esponenziale aumento dei costi energetici, soprattutto da inizio anno, ci \u00e8 sembrato opportuno incrementare di altri 10 milioni di euro il fondo. Vorrei sottolineare che, a partire dall\u2019anno scorso, abbiamo messo a disposizione, complessivamente, 80 milioni di euro<\/em>\u201d. Cos\u00ec l\u2019assessore regionale allo sviluppo economico ed energia Roberto Marcato annuncia l\u2019approvazione della delibera che prevede l\u2019aumento di altri 10 milioni di euro della dotazione finanziaria dell&#8217;intervento straordinario per la liquidit\u00e0 delle imprese colpite dall&#8217;emergenza epidemiologica da Covid-19, portando cos\u00ec la dotazione complessiva della misura a 80 milioni di euro.\u00a0 Nello specifico la misura \u00e8 rivolta al sostegno alla liquidit\u00e0 delle imprese per contrastare nell\u2019immediato il \u201ccaro energia\u201d.<\/p>\n<p>&nbsp;<\/p>\n<p>&nbsp;<\/p>\n<hr \/>\n<p>&nbsp;<\/p>\n<blockquote>\n<h3>IL MERCATO DEL LAVORO VENETO NEL PRIMO TRIMESTRE 2022<\/h3>\n<\/blockquote>\n<p><strong><a class=\"dt-pswp-item\" href=\"https:\/\/www.radiopiu.net\/wordpress\/wp-content\/uploads\/2022\/03\/Logo_VenetoLavoro.png\" data-dt-img-description=\"\" data-large_image_width=\"1791\" data-large_image_height=\"482\"><img loading=\"lazy\" decoding=\"async\" class=\"wp-image-264807 alignleft\" src=\"https:\/\/www.radiopiu.net\/wordpress\/wp-content\/uploads\/2022\/03\/Logo_VenetoLavoro-300x81.png\" alt=\"\" width=\"189\" height=\"51\" srcset=\"https:\/\/www.radiopiu.net\/wordpress\/wp-content\/uploads\/2022\/03\/Logo_VenetoLavoro-300x81.png 300w, https:\/\/www.radiopiu.net\/wordpress\/wp-content\/uploads\/2022\/03\/Logo_VenetoLavoro-1024x276.png 1024w, https:\/\/www.radiopiu.net\/wordpress\/wp-content\/uploads\/2022\/03\/Logo_VenetoLavoro-768x207.png 768w, https:\/\/www.radiopiu.net\/wordpress\/wp-content\/uploads\/2022\/03\/Logo_VenetoLavoro-1536x413.png 1536w, https:\/\/www.radiopiu.net\/wordpress\/wp-content\/uploads\/2022\/03\/Logo_VenetoLavoro.png 1791w\" sizes=\"auto, (max-width: 189px) 100vw, 189px\" \/><\/a>VENEZIA <\/strong>Nel primo trimestre 2022 il saldo tra assunzioni e cessazioni dei rapporti di lavoro a tempo indeterminato, a tempo determinato e di apprendistato \u00e8 pari a +23.600 posizioni lavorative. Si tratta di un risultato migliore sia rispetto al 2021 (+12.600), un trimestre in cui economia e mercato del lavoro si avviavano verso una ripresa ancora condizionata da lockdown e riaperture, che rispetto al 2020 (+1.100), caratterizzato dal crollo causato a marzo dall\u2019emergenza sanitaria. Il bilancio occupazionale del mese di marzo \u00e8 positivo per 16.000 posizioni lavorative. La crescita dei posti di lavoro riguarda sia i contratti a tempo indeterminato (+10.600) che quelli a tempo determinato (+13.700), mentre il saldo negativo dell\u2019apprendistato (-800) \u00e8 dovuto alla crescita costante delle trasformazioni a tempo indeterminato. Le assunzioni registrano nel trimestre un aumento del 45% rispetto al 2021 (+63% nel solo mese di marzo) e del 21% sul 2020, toccando nel trimestre quota 152.300. Un terzo dei nuovi contratti riguarda i giovani, che in termini tendenziali registrano la crescita pi\u00f9 vigorosa rispetto al 2021 (+47%). Sia sul versante dei saldi che della domanda di lavoro i volumi registrati quest\u2019anno risultano analoghi a quelli del 2019, in periodo pre-pandemia.<\/p>\n<p>&nbsp;<\/p>\n<p>&nbsp;<\/p>\n<hr \/>\n<p>&nbsp;<\/p>\n<blockquote>\n<h3>POTENZIAMENTO DEI SERVIZI NEGLI ASILI NIDO, DA CHIARIRE IL RIPARTO DELLE RISORSE A COMUNI SENZA ASILO<\/h3>\n<\/blockquote>\n<p><strong><a class=\"dt-pswp-item\" href=\"https:\/\/www.radiopiu.net\/wordpress\/wp-content\/uploads\/2020\/11\/logoUNCEM_no_scritta-wdtr.jpg\" data-dt-img-description=\"\" data-large_image_width=\"640\" data-large_image_height=\"640\"><img loading=\"lazy\" decoding=\"async\" class=\"size-thumbnail wp-image-170846 alignleft\" src=\"https:\/\/www.radiopiu.net\/wordpress\/wp-content\/uploads\/2020\/11\/logoUNCEM_no_scritta-wdtr-150x150.jpg\" alt=\"\" width=\"150\" height=\"150\" srcset=\"https:\/\/www.radiopiu.net\/wordpress\/wp-content\/uploads\/2020\/11\/logoUNCEM_no_scritta-wdtr-150x150.jpg 150w, https:\/\/www.radiopiu.net\/wordpress\/wp-content\/uploads\/2020\/11\/logoUNCEM_no_scritta-wdtr-300x300.jpg 300w, https:\/\/www.radiopiu.net\/wordpress\/wp-content\/uploads\/2020\/11\/logoUNCEM_no_scritta-wdtr.jpg 640w\" sizes=\"auto, (max-width: 150px) 100vw, 150px\" \/><\/a>ROMA<\/strong> &#8220;<em>C&#8217;\u00e8 chi ha esultato, nelle ultime ore, per l&#8217;arrivo di qualche migliaia di euro per potenziare il servizio negli asili nido. Peccato di tanti di quei Comuni che riceveranno il riparto di 120 milioni di euro, l&#8217;asilo nido non ce l&#8217;abbiano. E vi sono casi, nella tabella varata dalla Conferenza Stato-Citt\u00e0, di Comuni che hanno il nido ma non il contributo. Qualcosa non va nella distribuzione effettuata ai sensi degli stanziamenti per potenziare i servizi dei nidi, previsti in legge di bilancio, prima annualit\u00e0 il 2022. 120 milioni che si sommano a oltre 3 miliardi di risorse per fare nuovi nidi, previsti dal PNRR. Rispetto ai 120 milioni vi sono molti Comuni senza asilo che ricevono seimila, settemila euro. Cosa ne faranno? Dovranno condividerlo o consegnare il contributo al Comune pi\u00f9 vicino che il nido ce l&#8217;ha? Dovranno mettere insieme le somme? Dovranno inventarsi nuovi servizi? Aspettiamo chiarimenti e per ora riconfermiamo che nuovi nidi nelle aree montane servono eccome, all&#8217;interno di intelligenti scuole di valle, smart e green, con tutti i livelli formativi insieme, per semplificare la vita a figli e genitori. Servono, a patto vi sia qualche nascita in pi\u00f9, dunque qualche abitante in pi\u00f9, qualche famiglia in pi\u00f9, qualche impresa in pi\u00f9, e anche un fisco peculiare e differenziato che esalti &#8216;il pi\u00f9&#8217;, ambientale, paesaggistico, culturale, storico, sociale, dei nostri territori. Dove si vive meglio. E i servizi in pi\u00f9 sono sempre ben graditi. Ma con giudizio e buon senso<\/em>&#8220;. Lo afferma Marco Bussone, Presidente nazionale Uncem.<\/p>\n<p><strong>LA DISTRIBUZIONE DELLE RISORSE IN PROVINCIA DI BELLUNO<\/strong><\/p>\n\n\t\t\t<style type='text\/css'>\n\t\t\t\t#gallery-4 {\n\t\t\t\t\tmargin: auto;\n\t\t\t\t}\n\t\t\t\t#gallery-4 .gallery-item {\n\t\t\t\t\tfloat: left;\n\t\t\t\t\tmargin-top: 10px;\n\t\t\t\t\ttext-align: center;\n\t\t\t\t\twidth: 50%;\n\t\t\t\t}\n\t\t\t\t#gallery-4 img {\n\t\t\t\t\tborder: 2px solid #cfcfcf;\n\t\t\t\t}\n\t\t\t\t#gallery-4 .gallery-caption {\n\t\t\t\t\tmargin-left: 0;\n\t\t\t\t}\n\t\t\t\t\/* see gallery_shortcode() in wp-includes\/media.php *\/\n\t\t\t<\/style>\n\t\t<div id='gallery-4' class='dt-gallery-container gallery galleryid-270761 gallery-columns-2 gallery-size-thumbnail'><dl class='gallery-item'>\n\t\t\t\t<dt class='gallery-icon landscape'>\n\t\t\t\t\t<a class=\"rollover rollover-zoom dt-pswp-item\" title=\"Schermata 2022-04-15 alle 15.09.03\" data-dt-img-description=\"\" data-large_image_width=\"1360\" data-large_image_height=\"592\"href='https:\/\/www.radiopiu.net\/wordpress\/wp-content\/uploads\/2022\/04\/Schermata-2022-04-15-alle-15.09.03.png'><img loading=\"lazy\" decoding=\"async\" width=\"150\" height=\"150\" src=\"https:\/\/www.radiopiu.net\/wordpress\/wp-content\/uploads\/2022\/04\/Schermata-2022-04-15-alle-15.09.03-150x150.png\" class=\"attachment-thumbnail size-thumbnail\" alt=\"\" \/><\/a>\n\t\t\t\t<\/dt><\/dl><dl class='gallery-item'>\n\t\t\t\t<dt class='gallery-icon landscape'>\n\t\t\t\t\t<a class=\"rollover rollover-zoom dt-pswp-item\" title=\"Schermata 2022-04-15 alle 15.09.25\" data-dt-img-description=\"\" data-large_image_width=\"1360\" data-large_image_height=\"856\"href='https:\/\/www.radiopiu.net\/wordpress\/wp-content\/uploads\/2022\/04\/Schermata-2022-04-15-alle-15.09.25.png'><img loading=\"lazy\" decoding=\"async\" width=\"150\" height=\"150\" src=\"https:\/\/www.radiopiu.net\/wordpress\/wp-content\/uploads\/2022\/04\/Schermata-2022-04-15-alle-15.09.25-150x150.png\" class=\"attachment-thumbnail size-thumbnail\" alt=\"\" \/><\/a>\n\t\t\t\t<\/dt><\/dl><br style=\"clear: both\" \/>\n\t\t\t<\/div>\n\n<p>&nbsp;<\/p>\n<p>&nbsp;<\/p>\n<hr \/>\n<p>&nbsp;<\/p>\n<blockquote>\n<h3>IL COMUNE DI BELLUNO E LE MISURE CONTRO LA POVERTA&#8217;<\/h3>\n<\/blockquote>\n<p><strong>BELLUNO<\/strong> Il Comune di Belluno ha pubblicato un avviso pubblico di procedura comparativa di curriculum e colloquio, per l&#8217;individuazione di un soggetto esterno al quale affidare, mediante la stipula di un contratto di lavoro autonomo, lo svolgimento delle attivita\u0300 di coordinamento delle misure di contrasto alla poverta\u0300, per un periodo pari a circa 10 mesi. Per i dettagli e per le materie su cui vertera\u0300 il colloquio, si invita a consultare l&#8217;avviso completo, pubblicato nel sito Internet istituzionale del Comune di Belluno, www.comune.belluno.it, sezione &#8220;Bandi di gara e avvisi&#8221;. Gli interessati dovranno far pervenire la propria istanza di candidatura entro le 12.00 del 29 aprile 2022, secondo le modalita\u0300 specificate nell&#8217;avviso.<\/p>\n<p>&nbsp;<\/p>\n<p>&nbsp;<\/p>\n<hr \/>\n<p>&nbsp;<\/p>\n<blockquote>\n<h3>L\u2019ASSOCIAZIONE \u201cPARENTI OSPITI CASA DI RIPOSO DI PONTE NELLE ALPI\u201d CERCA ADESIONI<\/h3>\n<\/blockquote>\n<p><strong>PONTE NELLE ALPI\u00a0<\/strong> Si terr\u00e0 venerd\u00ec 22 aprile, alle 18 presso la sala consiliare del Municipio di Cadola, l\u2019incontro organizzato dall\u2019Associazione \u201cParenti Ospiti Casa di Riposo di Ponte nelle Alpi\u201d, \u00a0occasione, aperta a soci e familiari degli ospiti, per conoscere da vicino l\u2019operato del gruppo e raccogliere le disponibilit\u00e0 per rinforzare le fila dell\u2019associazione, in vista del rinnovo del direttivo previsto ad ottobre. Per accedere all\u2019assemblea sono necessari il Green Pass e il rispetto delle indicazioni sanitarie. Per maggiori informazioni scrivere a giallissimo50@gmail.com<\/p>\n<p>&nbsp;<\/p>\n<hr \/>\n<p>&nbsp;<\/p>\n<blockquote>\n<h3>DANIELE GALLIGANI RICONFERMATO ALLA GUIDA DI AD AGORDO PRO LOCO<\/h3>\n<\/blockquote>\n<p><strong><img loading=\"lazy\" decoding=\"async\" class=\"alignleft\" src=\"https:\/\/www.radiopiu.net\/wordpress\/wp-content\/uploads\/2020\/07\/Daniele-Galligani.jpg\" width=\"141\" height=\"94\" \/>AGORDO<\/strong>\u00a0<span id=\"page3R_mcid1\" class=\"markedContent\"><span dir=\"ltr\" role=\"presentation\">Daniele Galligani \u00e8 stato\u00a0 riconfermato<\/span>\u00a0<span dir=\"ltr\" role=\"presentation\">presidente dell\u2019associazione\u00a0 di Agordo, affiancato da Matthias Rossi alla\u00a0<\/span><span dir=\"ltr\" role=\"presentation\">vicepresidenza, Carmen Decima alla tesoreria e Celeste Paganin alla segreteria.\u00a0<\/span><\/span><span id=\"page3R_mcid2\" class=\"markedContent\"><span dir=\"ltr\" role=\"presentation\">Il nuovo direttivo dell\u2019<\/span><span dir=\"ltr\" role=\"presentation\">associazione non si ferma neanche per un secondo ed \u00e8 gi\u00e0 partito con\u00a0<\/span><span dir=\"ltr\" role=\"presentation\">l\u2019organizzazione dei suoi<\/span>\u00a0<span dir=\"ltr\" role=\"presentation\">eventi pi\u00f9 importanti e di altre interessanti novit\u00e0. Buon lavoro al presidente e al nuovo direttivo.<\/span><\/span><\/p>\n<p><strong>di Gianni Santomaso<\/strong><\/p>\n<audio class=\"wp-audio-shortcode\" id=\"audio-270761-2\" preload=\"none\" style=\"width: 100%;\" controls=\"controls\"><source type=\"audio\/mpeg\" src=\"https:\/\/www.radiopiu.net\/wordpress\/wp-content\/uploads\/2022\/04\/GIANNI-PROLOCO-AGORDO.mp3?_=2\" \/><a href=\"https:\/\/www.radiopiu.net\/wordpress\/wp-content\/uploads\/2022\/04\/GIANNI-PROLOCO-AGORDO.mp3\">https:\/\/www.radiopiu.net\/wordpress\/wp-content\/uploads\/2022\/04\/GIANNI-PROLOCO-AGORDO.mp3<\/a><\/audio>\n<p>&nbsp;<\/p>\n<hr \/>\n<p>&nbsp;<\/p>\n<blockquote>\n<h3>PER UN MESE E MEZZO CHIUSURA TOTALE DEL SENTIERO VALLAVIA<\/h3>\n<\/blockquote>\n<p><strong>BELLUNO<\/strong> <span dir=\"ltr\" role=\"presentation\">chiusura<\/span> <span dir=\"ltr\" role=\"presentation\">con<\/span> <span dir=\"ltr\" role=\"presentation\">interdizione<\/span> <span dir=\"ltr\" role=\"presentation\">totale<\/span> <span dir=\"ltr\" role=\"presentation\">a<\/span> <span dir=\"ltr\" role=\"presentation\">qualsiasi <\/span><span dir=\"ltr\" role=\"presentation\">transito del sentiero Vallavia, nel periodo dal 15 aprile fino al 31 maggio\u00a0<\/span><\/p>\n<p>&nbsp;<\/p>\n<p>&nbsp;<\/p>\n<hr \/>\n<p>&nbsp;<\/p>\n<blockquote>\n<h3>DIVIETO DI SOSTA IN VIA RIVIZZOLA, FINO AL 6 MAGGIO<\/h3>\n<\/blockquote>\n<p><strong>BELLUNO<\/strong> D<span dir=\"ltr\" role=\"presentation\">ivieto di sosta con <\/span><span dir=\"ltr\" role=\"presentation\">rimozione<\/span> <span dir=\"ltr\" role=\"presentation\">forzata<\/span> <span dir=\"ltr\" role=\"presentation\">dei<\/span> <span dir=\"ltr\" role=\"presentation\">veicoli,<\/span> <span dir=\"ltr\" role=\"presentation\">in<\/span> <span dir=\"ltr\" role=\"presentation\">via<\/span> <span dir=\"ltr\" role=\"presentation\">Rivizzola,<\/span> <span dir=\"ltr\" role=\"presentation\">nell&#8217;area<\/span> <span dir=\"ltr\" role=\"presentation\">adiacente<\/span> <span dir=\"ltr\" role=\"presentation\">al <\/span><span dir=\"ltr\" role=\"presentation\">fabbricato, fino alle ore 18 del 6 maggio.\u00a0<\/span><\/p>\n<p>&nbsp;<\/p>\n<hr \/>\n<p>&nbsp;<\/p>\n<blockquote>\n<h3>SENSO UNICO ALTERNATO IN VIA FONTANELLE<\/h3>\n<\/blockquote>\n<p><strong>BELLUNO<\/strong> Per consentire l&#8217;esecuzione di lavori di allacciamento alla rete del gas metano, si rendono necessarie le seguenti modifiche alla viabilita\u0300, in via Fontanelle all\u2019altezza dei civici 2 e 4: istituzione del senso unico alternato di circolazione veicolare, regolato da impianto semaforico, dalle ore 7.30 alle ore 17.00, in tre giornate comprese nel periodo dal 20 aprile al 6 maggio e limite di velocit\u00e0 dei 30 km\/h nonch\u00e9 divieto di sorpasso.<\/p>\n<p>&nbsp;<\/p>\n<p>&nbsp;<\/p>\n<hr \/>\n<p>&nbsp;<\/p>\n<blockquote>\n<h3>BILANCI, TASSE REGOLAMENTI, GIOVEDI NEL CONSIGLIO COMUNALE<\/h3>\n<\/blockquote>\n<p><strong>AGORDO<\/strong> Il sindaco Roberto Chissal\u00e8 ha convocato i consiglieri per giovedi alle 19. All&#8217;ordine del giorno i bilanci dell&#8217;azienda consortile agordina, l&#8217;imposta comunale sugli immobili (determinazione aliquote) e approvazione regolamento Irpef. In discussione anche l&#8217;approvazione del documento unico di programmazione, i cinque interventi per parcheggi e viabilit\u00e0 nel territorio comunale, infine approvazione del regolamento per la videosorveglianza.<\/p>\n<p><strong>DI GIANNI SANTOMASO<\/strong><\/p>\n<audio class=\"wp-audio-shortcode\" id=\"audio-270761-3\" preload=\"none\" style=\"width: 100%;\" controls=\"controls\"><source type=\"audio\/mpeg\" src=\"https:\/\/www.radiopiu.net\/wordpress\/wp-content\/uploads\/2022\/04\/GIANNI-CONSIGLIO-AGORDO.mp3?_=3\" \/><a href=\"https:\/\/www.radiopiu.net\/wordpress\/wp-content\/uploads\/2022\/04\/GIANNI-CONSIGLIO-AGORDO.mp3\">https:\/\/www.radiopiu.net\/wordpress\/wp-content\/uploads\/2022\/04\/GIANNI-CONSIGLIO-AGORDO.mp3<\/a><\/audio>\n<p>&nbsp;<\/p>\n<hr \/>\n<p>&nbsp;<\/p>\n<blockquote>\n<h3>MERCOLEDI&#8217; IL CONSIGLIO COMUNALE DI RIVAMONTE<\/h3>\n<\/blockquote>\n<p><strong><a class=\"dt-pswp-item\" href=\"https:\/\/www.radiopiu.net\/wordpress\/wp-content\/uploads\/2021\/09\/DJI_0033-scaled.jpg\" data-dt-img-description=\"\" data-large_image_width=\"2560\" data-large_image_height=\"1920\"><img loading=\"lazy\" decoding=\"async\" class=\"size-thumbnail wp-image-232650 alignleft\" src=\"https:\/\/www.radiopiu.net\/wordpress\/wp-content\/uploads\/2021\/09\/DJI_0033-150x150.jpg\" alt=\"\" width=\"150\" height=\"150\" \/><\/a>RIVAMONTE<\/strong><\/p>\n<p>di Gianni Santomaso<\/p>\n<audio class=\"wp-audio-shortcode\" id=\"audio-270761-4\" preload=\"none\" style=\"width: 100%;\" controls=\"controls\"><source type=\"audio\/mpeg\" src=\"https:\/\/www.radiopiu.net\/wordpress\/wp-content\/uploads\/2022\/04\/GIANNI-CONSIGLIO-RIVAMONTE.mp3?_=4\" \/><a href=\"https:\/\/www.radiopiu.net\/wordpress\/wp-content\/uploads\/2022\/04\/GIANNI-CONSIGLIO-RIVAMONTE.mp3\">https:\/\/www.radiopiu.net\/wordpress\/wp-content\/uploads\/2022\/04\/GIANNI-CONSIGLIO-RIVAMONTE.mp3<\/a><\/audio>\n<p>&nbsp;<\/p>\n<hr \/>\n<p>&nbsp;<\/p>\n<blockquote>\n<h3>SABATO 23 APRILE L&#8217;INAUGURAZIONE DELLA CASA NATALE DI PAPA LUCIANI<\/h3>\n<\/blockquote>\n<p><strong><a class=\"dt-pswp-item\" href=\"https:\/\/www.radiopiu.net\/wordpress\/wp-content\/uploads\/2022\/04\/Statua-papa-Luciani-con-scultore-Carlo-Balljana.jpg\" data-dt-img-description=\"\" data-large_image_width=\"1080\" data-large_image_height=\"1440\"><img loading=\"lazy\" decoding=\"async\" class=\" wp-image-270573 alignleft\" src=\"https:\/\/www.radiopiu.net\/wordpress\/wp-content\/uploads\/2022\/04\/Statua-papa-Luciani-con-scultore-Carlo-Balljana-150x150.jpg\" alt=\"\" width=\"112\" height=\"112\" \/><\/a>CANALE D&#8217;AGORDO <\/strong>\u00a0Sabato 23 aprile, si terr\u00e0 la cerimonia ufficiale di inaugurazione della casa natale di papa Luciani dopo i lavori di ristrutturazione iniziati nel 2019.\u00a0 \u00a0La giornata prender\u00e0 il via alle ore 10 presso la chiesa parrocchiale. Nell&#8217;occasione inoltre il comune di Canale d&#8217;Agordo conferir\u00e0 la cittadinanza onoraria al cardinal Stella. Alle\u00a0 11.15 benedizione dei lavori di restauro e verr\u00e0 inaugurata la statua in bronzo dedicata a Papa Luciani, donata dallo scultore trevigiano Carlo Balljana.<\/p>\n<p>&nbsp;<\/p>\n<hr \/>\n<p>&nbsp;<\/p>\n<blockquote>\n<h3>IL CORO MONTE DOLADA IN CONCERTO PER LA PACE<\/h3>\n<\/blockquote>\n<p><strong>BELLUNO<\/strong> \u201cConcerto per la pace\u201d. Questo il titolo dell\u2019evento che il Coro Monte Dolada e la Caritas Diocesana &#8211; sezione Alpago, organizzano per domenica 24 aprile, con inizio alle ore 20.30, nella chiesa parrocchiale di Puos di Alpago. L\u2019ingresso \u00e8 libero con il rispetto delle vigenti norme anti pandemia (mascherina).<\/p>\n<p>&nbsp;<\/p>\n<hr \/>\n<p>&nbsp;<\/p>\n<blockquote>\n<h3>FINE STAGIONE A FORCELLA AURINE<\/h3>\n<\/blockquote>\n<p><strong>GOSALDO<\/strong> Domenica 24 aprile fine stagione a Forcella Aurine, dalle 11 degustazione vini con sommelier Massimo Lenzi con cicchetteria varia (azienda agricola Canop), esibizione dell&#8217;artista locale dell&#8217;intaglio legno con motosega, aperitivo con l&#8217;organet dello Zio Oscar. Alle 14 Jessica Lena in concerto, alle 16 Miniere Sunset ad alta quota con Dj Morgan<\/p>\n<p>&nbsp;<\/p>\n<p>&nbsp;<\/p>\n<hr \/>\n<p>&nbsp;<\/p>\n<blockquote>\n<h3>TRE GIORNI DI FESTA A LA VALLE IN OCCASIONE DE L&#8217;OM SELVARECH<\/h3>\n<\/blockquote>\n<p><strong><a class=\"dt-pswp-item\" href=\"https:\/\/www.radiopiu.net\/wordpress\/wp-content\/uploads\/2022\/04\/Schermata-2022-04-10-alle-13.55.47.png\" data-dt-img-description=\"\" data-large_image_width=\"1056\" data-large_image_height=\"480\"><img loading=\"lazy\" decoding=\"async\" class=\" wp-image-269847 alignleft\" src=\"https:\/\/www.radiopiu.net\/wordpress\/wp-content\/uploads\/2022\/04\/Schermata-2022-04-10-alle-13.55.47-300x136.png\" alt=\"\" width=\"201\" height=\"91\" srcset=\"https:\/\/www.radiopiu.net\/wordpress\/wp-content\/uploads\/2022\/04\/Schermata-2022-04-10-alle-13.55.47-300x136.png 300w, https:\/\/www.radiopiu.net\/wordpress\/wp-content\/uploads\/2022\/04\/Schermata-2022-04-10-alle-13.55.47-1024x465.png 1024w, https:\/\/www.radiopiu.net\/wordpress\/wp-content\/uploads\/2022\/04\/Schermata-2022-04-10-alle-13.55.47-768x349.png 768w, https:\/\/www.radiopiu.net\/wordpress\/wp-content\/uploads\/2022\/04\/Schermata-2022-04-10-alle-13.55.47.png 1056w\" sizes=\"auto, (max-width: 201px) 100vw, 201px\" \/><\/a>LA VALLE<\/strong> Saranno tre giorni intensi a La Valle con la Festa del L&#8217;Om Selvarech. La Pro Loco di La valle ha organizzato la festa per il 23-24-25 aprile. Sabato 23 alle 20:30 presso la sala Valmassoni (ex caselo) una serata con William Da Roit e Luca De Zorzi per parlare del giro del mondo con gli sci di fondo. Domenica 24 sotto al tendone in localit\u00e0 Conaggia musica con DJ Jack e il concerto degli RH Negativo. Luned\u00ec 25 si inizia al mattino alle 9:30 con il mercatino artigianale sotto al tendone, alle 10 la gara podistica &#8220;Su e do per i coi&#8221; quarto Memorial Flavio De Cassai, alle 12 apertura stand gastronomico e a seguire la preparazione e la sfilata dei pop de l&#8217;om selvarech. Alle 19 la Cota offerta dalla pro loco, alle 20 la lettura del testamento e a seguire il fal\u00f2 de l&#8217;om selvarech. Serata in musica con Eros e Karin.<\/p>\n<p>&nbsp;<\/p>\n<p>&nbsp;<\/p>\n<hr \/>\n<blockquote>\n<h3><\/h3>\n<h3>20^ CACCIA PESCA NATURA, TAGLIO DEL NASTRO CON L&#8217;ASSESSORE CORAZZARI<\/h3>\n<\/blockquote>\n<p><strong>LONGARONE\u00a0<\/strong> Caccia Pesca e Natura aprir\u00e0\u00a0 sabato 23 aprile alle\u00a0 9 presso il quartiere fieristico di Longarone, mentre il consueto taglio del nastro \u00e8 previsto per le ore 12 alla presenza dell\u2019Assessore regionale Cristiano Corazzari. Caccia Pesca e Natura sar\u00e0 aperta da sabato 23 a luned\u00ec 25 aprile, con orario 9-19. Gli eventi principali saranno trasmessi anche in diretta streaming su https:\/\/forum.caccia-pesca-natura.it.<\/p>\n<p>&nbsp;<\/p>\n<hr \/>\n<p>&nbsp;<\/p>\n<blockquote>\n<h3>&#8220;RAGAZZE IN BICICLETTA&#8221;, IL DOCUMENTARIO IN SALA BIANCHI A BELLUNO<\/h3>\n<\/blockquote>\n<p><strong>BELLUNO<\/strong> Il documentario &#8220;Ragazze in bicicletta&#8221; in sala Bianchi a Belluno venerd\u00ec 22 aprile alle 17:30<\/p>\n<p>&nbsp;<\/p>\n<hr \/>\n<blockquote>\n<h3><\/h3>\n<h3>RACCOLTA PLASTIC FREE A CANALE D&#8217;AGORDO, IL 30 APRILE<\/h3>\n<\/blockquote>\n<div class=\"kvgmc6g5 cxmmr5t8 oygrvhab hcukyx3x c1et5uql ii04i59q\">\n<div dir=\"auto\"><strong><img loading=\"lazy\" decoding=\"async\" class=\"alignleft\" src=\"https:\/\/www.radiopiu.net\/wordpress\/wp-content\/uploads\/2022\/04\/278293236_700449357664243_7359032165274909030_n.jpg\" width=\"201\" height=\"105\" \/>CANALE D&#8217;AGORDO<\/strong>\u00a0 L&#8217;appuntamento sabato 30 aprile dalle 8 con ritrovo in Piazza Papa Luciani. Iscrizioni gratuita ma obbligatoria anche per fini assicurativi. Alle 12 spaghettata per tutti al &#8220;Bait dei Cazador&#8221;. I minori dovranno essere accompagnati.\u00a0 <strong>IL MODULO<\/strong>\u00a0 <a class=\"oajrlxb2 g5ia77u1 qu0x051f esr5mh6w e9989ue4 r7d6kgcz rq0escxv nhd2j8a9 nc684nl6 p7hjln8o kvgmc6g5 cxmmr5t8 oygrvhab hcukyx3x jb3vyjys rz4wbd8a qt6c0cv9 a8nywdso i1ao9s8h esuyzwwr f1sip0of lzcic4wl gpro0wi8 py34i1dx\" tabindex=\"0\" role=\"link\" href=\"https:\/\/www.plasticfreeonlus.it\/eventi\/1040\/30-apr-canale-d'agordo?fbclid=IwAR1DIg6dEjD8LYNQJO3KVPv__6DhLQef6MIZUILrbHNv19LLhYzSBf_76UA\" target=\"_blank\" rel=\"nofollow noopener\">https:\/\/www.plasticfreeonlus.it\/&#8230;\/30-apr-canale-d&#8217;agordo\u00a0<\/a><\/div>\n<\/div>\n<div dir=\"auto\"><\/div>\n<div dir=\"auto\"><\/div>\n<hr \/>\n<p>&nbsp;<\/p>\n<h2><span style=\"color: #ff0000;\"><strong>IERI ALLA RADIO<\/strong>\u00a0<\/span><\/h2>\n<blockquote>\n<h3>TIRATAIE I GIORNI DELLA RIPARTENZA, LIVE AD AGORDO<\/h3>\n<\/blockquote>\n<p><strong><em class=\"photoswipe-wrapper\"><a class=\"dt-pswp-item\" href=\"https:\/\/www.radiopiu.net\/wordpress\/wp-content\/uploads\/2022\/04\/TIRATAIE.jpg\" data-dt-img-description=\"\" data-large_image_width=\"900\" data-large_image_height=\"900\"><img loading=\"lazy\" decoding=\"async\" class=\"size-thumbnail wp-image-270721 alignleft\" src=\"https:\/\/www.radiopiu.net\/wordpress\/wp-content\/uploads\/2022\/04\/TIRATAIE-150x150.jpg\" alt=\"\" width=\"150\" height=\"150\" srcset=\"https:\/\/www.radiopiu.net\/wordpress\/wp-content\/uploads\/2022\/04\/TIRATAIE-150x150.jpg 150w, https:\/\/www.radiopiu.net\/wordpress\/wp-content\/uploads\/2022\/04\/TIRATAIE-300x300.jpg 300w, https:\/\/www.radiopiu.net\/wordpress\/wp-content\/uploads\/2022\/04\/TIRATAIE-768x768.jpg 768w, https:\/\/www.radiopiu.net\/wordpress\/wp-content\/uploads\/2022\/04\/TIRATAIE.jpg 900w\" sizes=\"auto, (max-width: 150px) 100vw, 150px\" \/><\/a><\/em>I\u00a0 TIRATAIE<\/strong> sono\u00a0 un gruppo di musica folk\u2019n\u2019roll che ormai da qualche anno, allietano e riempiono di allegria le feste e le sagre delle Dolomiti. Attivi dal 2008 si sono fatti le ossa nelle osterie e nelle sagre della Val del Biois, la loro \u00a0terra di origine, e propongono un repertorio di canzoni originali o cover divertenti e spregiudicate che rispecchiano quella che \u00e8 la vita nelle Dolomiti. Un occhio di riguardo alla tradizione e al dialetto, la lingua madre, ma con l\u2019obiettivo principale di divertirsi e far divertire:<\/p>\n<p><strong>di\u00a0 MARCO GAZ<\/strong><\/p>\n<audio class=\"wp-audio-shortcode\" id=\"audio-270761-5\" preload=\"none\" style=\"width: 100%;\" controls=\"controls\"><source type=\"audio\/mpeg\" src=\"https:\/\/www.radiopiu.net\/wordpress\/wp-content\/uploads\/2022\/04\/TIRATAIE.mp3?_=5\" \/><a href=\"https:\/\/www.radiopiu.net\/wordpress\/wp-content\/uploads\/2022\/04\/TIRATAIE.mp3\">https:\/\/www.radiopiu.net\/wordpress\/wp-content\/uploads\/2022\/04\/TIRATAIE.mp3<\/a><\/audio>\n<p>&nbsp;<\/p>\n<hr \/>\n<p>&nbsp;<\/p>\n<blockquote>\n<h3><span style=\"color: #ff0000;\">IERI ALLA RADIO\u00a0<\/span><\/h3>\n<p><a class=\"dt-pswp-item\" href=\"https:\/\/www.radiopiu.net\/wordpress\/wp-content\/uploads\/2020\/06\/cassa-solidarieta-luxottica.jpg\" data-dt-img-description=\"\" data-large_image_width=\"1167\" data-large_image_height=\"574\"><img loading=\"lazy\" decoding=\"async\" class=\"alignleft wp-image-145244 \" src=\"https:\/\/www.radiopiu.net\/wordpress\/wp-content\/uploads\/2020\/06\/cassa-solidarieta-luxottica-300x148.jpg\" alt=\"\" width=\"174\" height=\"86\" srcset=\"https:\/\/www.radiopiu.net\/wordpress\/wp-content\/uploads\/2020\/06\/cassa-solidarieta-luxottica-300x148.jpg 300w, https:\/\/www.radiopiu.net\/wordpress\/wp-content\/uploads\/2020\/06\/cassa-solidarieta-luxottica-1024x504.jpg 1024w, https:\/\/www.radiopiu.net\/wordpress\/wp-content\/uploads\/2020\/06\/cassa-solidarieta-luxottica-768x378.jpg 768w, https:\/\/www.radiopiu.net\/wordpress\/wp-content\/uploads\/2020\/06\/cassa-solidarieta-luxottica.jpg 1167w\" sizes=\"auto, (max-width: 174px) 100vw, 174px\" \/><\/a>CASSA AZIENDALE SOLIDARIETA&#8217; LUXOTTICA, CON PAOLO CHISSALE&#8217; E FABRIZIO CAMPEDEL<\/p><\/blockquote>\n<audio class=\"wp-audio-shortcode\" id=\"audio-270761-6\" preload=\"none\" style=\"width: 100%;\" controls=\"controls\"><source type=\"audio\/mpeg\" src=\"https:\/\/www.radiopiu.net\/wordpress\/wp-content\/uploads\/2022\/04\/ca-sol-lux-aprile-2022.mp3?_=6\" \/><a href=\"https:\/\/www.radiopiu.net\/wordpress\/wp-content\/uploads\/2022\/04\/ca-sol-lux-aprile-2022.mp3\">https:\/\/www.radiopiu.net\/wordpress\/wp-content\/uploads\/2022\/04\/ca-sol-lux-aprile-2022.mp3<\/a><\/audio>\n<p>&nbsp;<\/p>\n<blockquote class=\"wp-embedded-content\" data-secret=\"JsQ7dt0ufC\"><p><a href=\"https:\/\/www.radiopiu.net\/wordpress\/cassa-solidarieta-luxottica-puntata-del-16-ottobre-2020\/\">CASSA SOLIDARIET\u00c0 LUXOTTICA &#8211; TUTTE LE PUNTATE<\/a><\/p><\/blockquote>\n<p><iframe loading=\"lazy\" class=\"wp-embedded-content\" sandbox=\"allow-scripts\" security=\"restricted\" style=\"position: absolute; clip: rect(1px, 1px, 1px, 1px);\" title=\"&#8220;CASSA SOLIDARIET\u00c0 LUXOTTICA &#8211; TUTTE LE PUNTATE&#8221; &#8212; Radio Pi\u00f9\" src=\"https:\/\/www.radiopiu.net\/wordpress\/cassa-solidarieta-luxottica-puntata-del-16-ottobre-2020\/embed\/#?secret=oyPYbOslXy#?secret=JsQ7dt0ufC\" data-secret=\"JsQ7dt0ufC\" width=\"600\" height=\"338\" frameborder=\"0\" marginwidth=\"0\" marginheight=\"0\" scrolling=\"no\"><\/iframe><\/p>\n<p>&nbsp;<\/p>\n<hr \/>\n<h2><\/h2>\n<h2><span style=\"color: #008080;\">&#8220;DINTORN E FORA VIA&#8221; A CURA DEL MUSLA, IL NUOVO PROGRAMMA\u00a0<\/span><\/h2>\n<p><strong>PUNTATA DEL 12 APRILE 2022<\/strong><\/p>\n<p><strong>BEATRICE COLCUC<\/strong><\/p>\n<audio class=\"wp-audio-shortcode\" id=\"audio-270761-7\" preload=\"none\" style=\"width: 100%;\" controls=\"controls\"><source type=\"audio\/mpeg\" src=\"https:\/\/www.radiopiu.net\/wordpress\/wp-content\/uploads\/2022\/04\/MUSLA.mp3?_=7\" \/><a href=\"https:\/\/www.radiopiu.net\/wordpress\/wp-content\/uploads\/2022\/04\/MUSLA.mp3\">https:\/\/www.radiopiu.net\/wordpress\/wp-content\/uploads\/2022\/04\/MUSLA.mp3<\/a><\/audio>\n<p>&nbsp;<\/p>\n<p>&nbsp;<\/p>\n<p>&nbsp;<\/p>\n<hr \/>\n<p>&nbsp;<\/p>\n<div>\n<div class=\"b654a4as d2edcug0\">\n<div class=\"rq0escxv hkbzh7o3 jwdofwj8 n8tt0mok r8blr3vg hyh9befq\">\n<p><a class=\"dt-pswp-item\" href=\"https:\/\/www.radiopiu.net\/wordpress\/wp-content\/uploads\/2020\/10\/pp.jpg\" data-dt-img-description=\"\" data-large_image_width=\"640\" data-large_image_height=\"640\"><img loading=\"lazy\" decoding=\"async\" class=\"wp-image-163678 alignleft\" src=\"https:\/\/www.radiopiu.net\/wordpress\/wp-content\/uploads\/2020\/10\/pp-300x300.jpg\" alt=\"\" width=\"106\" height=\"106\" srcset=\"https:\/\/www.radiopiu.net\/wordpress\/wp-content\/uploads\/2020\/10\/pp-300x300.jpg 300w, https:\/\/www.radiopiu.net\/wordpress\/wp-content\/uploads\/2020\/10\/pp-150x150.jpg 150w, https:\/\/www.radiopiu.net\/wordpress\/wp-content\/uploads\/2020\/10\/pp-125x125.jpg 125w, https:\/\/www.radiopiu.net\/wordpress\/wp-content\/uploads\/2020\/10\/pp-200x200.jpg 200w, https:\/\/www.radiopiu.net\/wordpress\/wp-content\/uploads\/2020\/10\/pp-80x80.jpg 80w, https:\/\/www.radiopiu.net\/wordpress\/wp-content\/uploads\/2020\/10\/pp-480x480.jpg 480w, https:\/\/www.radiopiu.net\/wordpress\/wp-content\/uploads\/2020\/10\/pp.jpg 640w\" sizes=\"auto, (max-width: 106px) 100vw, 106px\" \/><\/a><\/p>\n<\/div>\n<\/div>\n<\/div>\n<div>\n<div class=\"page-title-head hgroup\">\n<div class=\"page-title-head hgroup\">\n<div class=\"b654a4as d2edcug0\">\n<div class=\"j83agx80 btwxx1t3 lhclo0ds hop8lmos nkwizq5d scwd0bx6 roh60bw9\">\n<div class=\"rq0escxv hkbzh7o3 jwdofwj8 n8tt0mok r8blr3vg hyh9befq\">\n<div class=\"do00u71z l9j0dhe7 k4urcfbm\">\n<h2><span style=\"color: #000080;\">DON CESARE, IL PENSIERO DEL GIORNO. ALLA RADIO ALLE 7 DEL MATTINO E ALLE 19.30 DELLA SERA.\u00a0<\/span><\/h2>\n<p>&nbsp;<\/p>\n<\/div>\n<\/div>\n<\/div>\n<\/div>\n<\/div>\n<\/div>\n<\/div>\n<audio class=\"wp-audio-shortcode\" id=\"audio-270761-8\" preload=\"none\" style=\"width: 100%;\" controls=\"controls\"><source type=\"audio\/mpeg\" src=\"https:\/\/www.radiopiu.net\/wordpress\/wp-content\/uploads\/2022\/04\/CESARE-6.mp3?_=8\" \/><a href=\"https:\/\/www.radiopiu.net\/wordpress\/wp-content\/uploads\/2022\/04\/CESARE-6.mp3\">https:\/\/www.radiopiu.net\/wordpress\/wp-content\/uploads\/2022\/04\/CESARE-6.mp3<\/a><\/audio>\n<p><strong>ALLA RADIO: DOMENICA ALLE 10 DIRETTA RADIO (IN STREAMING IN TUTTO IL MONDO SU www.radiopiu.net LA MESSA DALL&#8217;ARCIDIACONALE DI AGORDO, LUNEDI DI PASQUETTA ALLE 10 LA MESSA DA PROMPICAI DI AGORDO, MESSA DEL FANCIULLO.\u00a0<\/strong><\/p>\n<a href=\"https:\/\/www.radiopiu.net\/wordpress\/wp-content\/uploads\/2022\/04\/Messa-San-Vincenzo.pdf\" class=\"pdfemb-viewer\" style=\"\" data-width=\"max\" data-height=\"max\" data-toolbar=\"top\" data-toolbar-fixed=\"on\">Messa San Vincenzo<\/a>\n<p>&nbsp;<\/p>\n<p>&nbsp;<\/p>\n<hr \/>\n<p>&nbsp;<\/p>\n<h3 class=\"kvgmc6g5 cxmmr5t8 oygrvhab hcukyx3x c1et5uql\"><span style=\"color: #0000ff;\"><strong>INFORMAZIONE il canale su TELEGRAM informazione di prima mano e in tempo reale. iscriviti ed aiutaci a farlo conoscere\u00a0 \u00a0<\/strong><\/span><\/h3>\n<p><strong>LA RACCOLTA COMPLETA\u00a0<\/strong><\/p>\n<blockquote class=\"wp-embedded-content\" data-secret=\"HfNJ9q0MYc\"><p><a href=\"https:\/\/www.radiopiu.net\/wordpress\/007incondotta-9\/\">007 in condotta<\/a><\/p><\/blockquote>\n<p><iframe loading=\"lazy\" class=\"wp-embedded-content\" sandbox=\"allow-scripts\" security=\"restricted\" style=\"position: absolute; clip: rect(1px, 1px, 1px, 1px);\" title=\"&#8220;007 in condotta&#8221; &#8212; Radio Pi\u00f9\" src=\"https:\/\/www.radiopiu.net\/wordpress\/007incondotta-9\/embed\/#?secret=8bCMJrSsCP#?secret=HfNJ9q0MYc\" data-secret=\"HfNJ9q0MYc\" width=\"600\" height=\"338\" frameborder=\"0\" marginwidth=\"0\" marginheight=\"0\" scrolling=\"no\"><\/iframe><\/p>\n<p>&nbsp;<\/p>\n<hr \/>\n<p>&nbsp;<\/p>\n<div class=\"do00u71z l9j0dhe7 k4urcfbm\">\n<div class=\"page-title-head hgroup\">\n<div class=\"page-title-head hgroup\">\n<div class=\"b654a4as d2edcug0\">\n<div class=\"j83agx80 btwxx1t3 lhclo0ds hop8lmos nkwizq5d scwd0bx6 roh60bw9\">\n<div class=\"rq0escxv hkbzh7o3 jwdofwj8 n8tt0mok r8blr3vg hyh9befq\">\n<div class=\"do00u71z l9j0dhe7 k4urcfbm\">\n<div class=\"page-title-head hgroup\">\n<div class=\"page-title-head hgroup\">\n<div class=\"b654a4as d2edcug0\">\n<div class=\"j83agx80 btwxx1t3 lhclo0ds hop8lmos nkwizq5d scwd0bx6 roh60bw9\">\n<div class=\"rq0escxv hkbzh7o3 jwdofwj8 n8tt0mok r8blr3vg hyh9befq\">\n<div class=\"do00u71z l9j0dhe7 k4urcfbm\">\n<div class=\"ecm0bbzt e5nlhep0 a8c37x1j\">\n<div class=\"kvgmc6g5 cxmmr5t8 oygrvhab hcukyx3x c1et5uql\">\n<div class=\"gmail-kvgmc6g5 gmail-cxmmr5t8 gmail-oygrvhab gmail-hcukyx3x gmail-c1et5uql gmail-ii04i59q\">\n<div class=\"page-title-head hgroup\">\n<div class=\"page-title-head hgroup\">\n<div class=\"b654a4as d2edcug0\">\n<div class=\"j83agx80 btwxx1t3 lhclo0ds hop8lmos nkwizq5d scwd0bx6 roh60bw9\">\n<div class=\"rq0escxv hkbzh7o3 jwdofwj8 n8tt0mok r8blr3vg hyh9befq\">\n<div class=\"do00u71z l9j0dhe7 k4urcfbm\">\n<div class=\"page-title-head hgroup\">\n<div class=\"page-title-head hgroup\">\n<div class=\"b654a4as d2edcug0\">\n<div class=\"j83agx80 btwxx1t3 lhclo0ds hop8lmos nkwizq5d scwd0bx6 roh60bw9\">\n<div class=\"rq0escxv hkbzh7o3 jwdofwj8 n8tt0mok r8blr3vg hyh9befq\">\n<div class=\"do00u71z l9j0dhe7 k4urcfbm\">\n<div class=\"page-title-head hgroup\">\n<div class=\"page-title-head hgroup\">\n<div class=\"b654a4as d2edcug0\">\n<div class=\"j83agx80 btwxx1t3 lhclo0ds hop8lmos nkwizq5d scwd0bx6 roh60bw9\">\n<div class=\"rq0escxv hkbzh7o3 jwdofwj8 n8tt0mok r8blr3vg hyh9befq\">\n<div class=\"do00u71z l9j0dhe7 k4urcfbm\">\n<div class=\"ecm0bbzt e5nlhep0 a8c37x1j\">\n<div class=\"kvgmc6g5 cxmmr5t8 oygrvhab hcukyx3x c1et5uql\">\n<div class=\"gmail-kvgmc6g5 gmail-cxmmr5t8 gmail-oygrvhab gmail-hcukyx3x gmail-c1et5uql gmail-ii04i59q\">\n<div class=\"page-title-head hgroup\">\n<div class=\"page-title-head hgroup\">\n<div class=\"b654a4as d2edcug0\">\n<div class=\"j83agx80 btwxx1t3 lhclo0ds hop8lmos nkwizq5d scwd0bx6 roh60bw9\">\n<div class=\"rq0escxv hkbzh7o3 jwdofwj8 n8tt0mok r8blr3vg hyh9befq\">\n<div class=\"do00u71z l9j0dhe7 k4urcfbm\">\n<blockquote>\n<h3><span style=\"color: #ff0000;\">IN VIVO VERSO, SETTIMA STAGIONE CON BRUNELLA MORO, DAL LUNEDI AL VENERDI ALLE 7.10, 10.10 E 18.50\u00a0\u00a0<\/span><\/h3>\n<p><strong>AMORE IMMORTALE di FERNANDA FILIPPO<\/strong><\/p><\/blockquote>\n<p><strong>AUDIO<\/strong><\/p>\n<audio class=\"wp-audio-shortcode\" id=\"audio-270761-9\" preload=\"none\" style=\"width: 100%;\" controls=\"controls\"><source type=\"audio\/mpeg\" src=\"https:\/\/www.radiopiu.net\/wordpress\/wp-content\/uploads\/2022\/04\/05-FERNANDA-FILIPPO-AMORE-IMMORTALE.mp3?_=9\" \/><a href=\"https:\/\/www.radiopiu.net\/wordpress\/wp-content\/uploads\/2022\/04\/05-FERNANDA-FILIPPO-AMORE-IMMORTALE.mp3\">https:\/\/www.radiopiu.net\/wordpress\/wp-content\/uploads\/2022\/04\/05-FERNANDA-FILIPPO-AMORE-IMMORTALE.mp3<\/a><\/audio>\n<p><a class=\"dt-pswp-item\" href=\"https:\/\/www.radiopiu.net\/wordpress\/wp-content\/uploads\/2022\/04\/5-FOTO-FERNANDA-FILIPPO.jpg\" data-dt-img-description=\"\" data-large_image_width=\"596\" data-large_image_height=\"1024\"><img loading=\"lazy\" decoding=\"async\" class=\" wp-image-270773 alignleft\" src=\"https:\/\/www.radiopiu.net\/wordpress\/wp-content\/uploads\/2022\/04\/5-FOTO-FERNANDA-FILIPPO-150x150.jpg\" alt=\"\" width=\"107\" height=\"107\" \/><\/a><strong>AMORE IMMORTALE<\/strong><\/p>\n<p>Amami senza riserve<br \/>\nEd io far\u00f2 lo stesso<br \/>\nE il nostro amore sar\u00e0 eterno.<\/p>\n<p>Sar\u00e0 un amore al di sopra delle nuvole<br \/>\nE al di fuori del tempo.<\/p>\n<p>Amami con tutta l&#8217;anima<br \/>\nEd io far\u00f2 lo stesso<br \/>\nE il nostro amore sar\u00e0 invincibile.<\/p>\n<p>Sar\u00e0 un amore forte come una roccia<br \/>\nInscalfibile come un diamante.<\/p>\n<p>Sar\u00e0 un amore prezioso come il fuoco<br \/>\nInsostituibile come l&#8217;acqua.<\/p>\n<p>Perch\u00e8 sar\u00e0 un amore che nasce dal profondo<br \/>\nE per questo sar\u00e0 immortale.<\/p>\n<p>&nbsp;<\/p>\n<p><strong>LA RACCOLTA COMPLETA\u00a0<\/strong><\/p>\n<blockquote class=\"wp-embedded-content\" data-secret=\"L3VBBhki3u\"><p><a href=\"https:\/\/www.radiopiu.net\/wordpress\/in-vivo-verso\/\">In Vivo Verso<\/a><\/p><\/blockquote>\n<p><iframe loading=\"lazy\" class=\"wp-embedded-content\" sandbox=\"allow-scripts\" security=\"restricted\" style=\"position: absolute; clip: rect(1px, 1px, 1px, 1px);\" title=\"&#8220;In Vivo Verso&#8221; &#8212; Radio Pi\u00f9\" src=\"https:\/\/www.radiopiu.net\/wordpress\/in-vivo-verso\/embed\/#?secret=ZsaR9LNoUW#?secret=L3VBBhki3u\" data-secret=\"L3VBBhki3u\" width=\"600\" height=\"338\" frameborder=\"0\" marginwidth=\"0\" marginheight=\"0\" scrolling=\"no\"><\/iframe><\/p>\n<p>&nbsp;<\/p>\n<hr \/>\n<p>&nbsp;<\/p>\n<h3 class=\"entry-title\"><span style=\"color: #ff0000;\">GOCCE DI FILOSOFIA PUNTATA 180\u00a0 LISA DE LUCA<\/span><\/h3>\n<h3 class=\"entry-title\">AUDIO<\/h3>\n<audio class=\"wp-audio-shortcode\" id=\"audio-270761-10\" preload=\"none\" style=\"width: 100%;\" controls=\"controls\"><source type=\"audio\/mpeg\" src=\"https:\/\/www.radiopiu.net\/wordpress\/wp-content\/uploads\/2022\/04\/FI5-1.mp3?_=10\" \/><a href=\"https:\/\/www.radiopiu.net\/wordpress\/wp-content\/uploads\/2022\/04\/FI5-1.mp3\">https:\/\/www.radiopiu.net\/wordpress\/wp-content\/uploads\/2022\/04\/FI5-1.mp3<\/a><\/audio>\n<p>&nbsp;<\/p>\n<p><strong>\u00a0<\/strong><strong>LA RACCOLTA COMPLETA<\/strong><\/p>\n<blockquote class=\"wp-embedded-content\" data-secret=\"sthbzAXG6m\"><p><a href=\"https:\/\/www.radiopiu.net\/wordpress\/gocce-filosofia\/\">Gocce di filosofia, PRIMA E SECONDA STAGIONE 2022<\/a><\/p><\/blockquote>\n<p><iframe loading=\"lazy\" class=\"wp-embedded-content\" sandbox=\"allow-scripts\" security=\"restricted\" style=\"position: absolute; clip: rect(1px, 1px, 1px, 1px);\" title=\"&#8220;Gocce di filosofia, PRIMA E SECONDA STAGIONE 2022&#8221; &#8212; Radio Pi\u00f9\" src=\"https:\/\/www.radiopiu.net\/wordpress\/gocce-filosofia\/embed\/#?secret=1xpcdoXS2y#?secret=sthbzAXG6m\" data-secret=\"sthbzAXG6m\" width=\"600\" height=\"338\" frameborder=\"0\" marginwidth=\"0\" marginheight=\"0\" scrolling=\"no\"><\/iframe><\/p>\n<p>&nbsp;<\/p>\n<hr \/>\n<p>&nbsp;<\/p>\n<p><span style=\"color: #0000ff;\">MUSICA PIU&#8217;\u00a0<\/span><\/p>\n<p><a href=\"https:\/\/www.radiopiu.net\/wordpress\/giornale-radiopiu-20-settembre-2021-direttore-mirko-mezzacasa\/pp-79\/\" rel=\"attachment wp-att-232921\"><img loading=\"lazy\" decoding=\"async\" class=\"wp-image-232921 alignleft\" src=\"https:\/\/www.radiopiu.net\/wordpress\/wp-content\/uploads\/2021\/09\/pp-1-300x300.jpg\" alt=\"\" width=\"135\" height=\"135\" srcset=\"https:\/\/www.radiopiu.net\/wordpress\/wp-content\/uploads\/2021\/09\/pp-1-300x300.jpg 300w, https:\/\/www.radiopiu.net\/wordpress\/wp-content\/uploads\/2021\/09\/pp-1-150x150.jpg 150w, https:\/\/www.radiopiu.net\/wordpress\/wp-content\/uploads\/2021\/09\/pp-1.jpg 640w\" sizes=\"auto, (max-width: 135px) 100vw, 135px\" \/><\/a><\/p>\n<div class=\"mkdf-post-text\">\n<div class=\"mkdf-post-text-inner\">\n<div class=\"mkdf-post-text-main\">\n<div class=\"mkdf-post-text\">\n<div class=\"mkdf-post-text-inner\">\n<div class=\"mkdf-post-text-main\">\n<div class=\"mkdf-post-text\">\n<div class=\"mkdf-post-text-inner\">\n<div class=\"mkdf-post-text-main\">\n<div class=\"page-title-head hgroup\">\n<div class=\"page-title-head hgroup\">\n<div class=\"mkdf-post-text\">\n<div class=\"mkdf-post-text-inner\">\n<div class=\"mkdf-post-text-main\">\n<div class=\"mkdf-post-text\">\n<div class=\"mkdf-post-text-inner\">\n<div class=\"mkdf-post-text-main\">\n<div class=\"page-title-head hgroup\">\n<div class=\"page-title-head hgroup\">\n<div class=\"page-title-head hgroup\">\n<div class=\"page-title-head hgroup\">\n<div class=\"b654a4as d2edcug0\">\n<div class=\"page-title-head hgroup\">\n<div class=\"page-title-head hgroup\">\n<div class=\"page-title-head hgroup\">\n<div class=\"page-title-head hgroup\">\n<div class=\"b654a4as d2edcug0\">\n<div class=\"page-title-head hgroup\">\n<div class=\"page-title-head hgroup\">\n<div class=\"page-title-head hgroup\">\n<div class=\"page-title-head hgroup\">\n<div class=\"b654a4as d2edcug0\">\n<div class=\"mkdf-post-text\">\n<div class=\"mkdf-post-text-inner\">\n<div class=\"mkdf-post-text-main\">\n<div class=\"mkdf-post-text\">\n<div class=\"mkdf-post-text-inner\">\n<div class=\"mkdf-post-text-main\">\n<div class=\"mkdf-post-text\">\n<div class=\"mkdf-post-text-inner\">\n<div class=\"mkdf-post-text-main\">\n<div class=\"page-title-head hgroup\">\n<div class=\"page-title-head hgroup\">\n<div class=\"mkdf-post-text\">\n<div class=\"mkdf-post-text-inner\">\n<div class=\"mkdf-post-text-main\">\n<div class=\"mkdf-post-text\">\n<div class=\"mkdf-post-text-inner\">\n<div class=\"mkdf-post-text-main\">\n<div class=\"page-title-head hgroup\">\n<div class=\"page-title-head hgroup\">\n<div class=\"page-title-head hgroup\">\n<div class=\"page-title-head hgroup\">\n<div class=\"b654a4as d2edcug0\">\n<div class=\"page-title-head hgroup\">\n<div class=\"page-title-head hgroup\">\n<div class=\"page-title-head hgroup\">\n<div class=\"page-title-head hgroup\">\n<div class=\"b654a4as d2edcug0\">\n<div class=\"page-title-head hgroup\">\n<div class=\"page-title-head hgroup\">\n<div class=\"page-title-head hgroup\">\n<div class=\"page-title-head hgroup\">\n<div class=\"b654a4as d2edcug0\">\n<div><\/div>\n<div><\/div>\n<div>\n<p><strong>MUSICA ALLA RADIO, IL PROGRAMMA DI LORIS SCUSSEL &#8220;COLLAGE OPERAZIONE NOSTALGIA&#8221; DAL LUNEDI AL VENERDI ALLE 16.00\u00a0 E ALLE 23\u00a0<\/strong><\/p>\n<p>&nbsp;<\/p>\n<\/div>\n<p><em><strong>PUNTATA 585 DEL 15 APRILE 2022<\/strong><\/em><\/p>\n<audio class=\"wp-audio-shortcode\" id=\"audio-270761-11\" preload=\"none\" style=\"width: 100%;\" controls=\"controls\"><source type=\"audio\/mpeg\" src=\"https:\/\/www.radiopiu.net\/wordpress\/wp-content\/uploads\/2022\/04\/Collage-585.mp3?_=11\" \/><a href=\"https:\/\/www.radiopiu.net\/wordpress\/wp-content\/uploads\/2022\/04\/Collage-585.mp3\">https:\/\/www.radiopiu.net\/wordpress\/wp-content\/uploads\/2022\/04\/Collage-585.mp3<\/a><\/audio>\n<p>&nbsp;<\/p>\n<hr \/>\n<p>&nbsp;<\/p>\n<blockquote class=\"wp-embedded-content\" data-secret=\"6yvppPqmcw\"><p><a href=\"https:\/\/www.radiopiu.net\/wordpress\/da-ieri-alla-radio-in-palinsesto-loris-e-maurizio-con-la-grande-musica\/\">IL BLUES ALLA RADIO &#8230; COME NON L&#8217;AVETE MAI SENTITO PRIMA<\/a><\/p><\/blockquote>\n<p><iframe loading=\"lazy\" class=\"wp-embedded-content\" sandbox=\"allow-scripts\" security=\"restricted\" style=\"position: absolute; clip: rect(1px, 1px, 1px, 1px);\" title=\"&#8220;IL BLUES ALLA RADIO &#8230; COME NON L&#8217;AVETE MAI SENTITO PRIMA&#8221; &#8212; Radio Pi\u00f9\" src=\"https:\/\/www.radiopiu.net\/wordpress\/da-ieri-alla-radio-in-palinsesto-loris-e-maurizio-con-la-grande-musica\/embed\/#?secret=63YoOp2tQ9#?secret=6yvppPqmcw\" data-secret=\"6yvppPqmcw\" width=\"600\" height=\"338\" frameborder=\"0\" marginwidth=\"0\" marginheight=\"0\" scrolling=\"no\"><\/iframe><\/p>\n<p>&nbsp;<\/p>\n<p>&nbsp;<\/p>\n<hr \/>\n<p>&nbsp;<\/p>\n<h2><span style=\"color: #0000ff;\">SALUTE &amp; SOCIETA&#8217;<\/span><\/h2>\n<p><strong>LA RACCOLTA COMPLETA<\/strong><\/p>\n<blockquote class=\"wp-embedded-content\" data-secret=\"sPuf3WRWYr\"><p><a href=\"https:\/\/www.radiopiu.net\/wordpress\/saluteesocieta\/\">Salute e Societ\u00e0<\/a><\/p><\/blockquote>\n<p><iframe loading=\"lazy\" class=\"wp-embedded-content\" sandbox=\"allow-scripts\" security=\"restricted\" style=\"position: absolute; clip: rect(1px, 1px, 1px, 1px);\" title=\"&#8220;Salute e Societ\u00e0&#8221; &#8212; Radio Pi\u00f9\" src=\"https:\/\/www.radiopiu.net\/wordpress\/saluteesocieta\/embed\/#?secret=WVcrKzRODn#?secret=sPuf3WRWYr\" data-secret=\"sPuf3WRWYr\" width=\"600\" height=\"338\" frameborder=\"0\" marginwidth=\"0\" marginheight=\"0\" scrolling=\"no\"><\/iframe><\/p>\n<p>&nbsp;<\/p>\n<hr \/>\n<\/div>\n<\/div>\n<\/div>\n<\/div>\n<\/div>\n<\/div>\n<\/div>\n<\/div>\n<\/div>\n<\/div>\n<\/div>\n<\/div>\n<\/div>\n<\/div>\n<\/div>\n<\/div>\n<\/div>\n<\/div>\n<\/div>\n<\/div>\n<\/div>\n<\/div>\n<\/div>\n<\/div>\n<\/div>\n<\/div>\n<\/div>\n<\/div>\n<\/div>\n<\/div>\n<\/div>\n<\/div>\n<\/div>\n<\/div>\n<\/div>\n<\/div>\n<\/div>\n<\/div>\n<\/div>\n<\/div>\n<\/div>\n<\/div>\n<\/div>\n<\/div>\n<\/div>\n<\/div>\n<\/div>\n<\/div>\n<\/div>\n<\/div>\n<\/div>\n<\/div>\n<\/div>\n<\/div>\n<\/div>\n<\/div>\n<\/div>\n<\/div>\n<\/div>\n<\/div>\n<\/div>\n<\/div>\n<\/div>\n<\/div>\n<p>&nbsp;<\/p>\n<blockquote>\n<h3><span style=\"color: #0000ff;\">INFORMAZIONE il canale su TELEGRAM informazione di prima mano e in tempo reale. iscriviti ed aiutaci a farlo conoscere\u00a0\u00a0<\/span><\/h3>\n<\/blockquote>\n<div>\n<div class=\"page-title-head hgroup\">\n<div class=\"page-title-head hgroup\">\n<div class=\"page-title-head hgroup\">\n<div class=\"page-title-head hgroup\">\n<div class=\"b654a4as d2edcug0\">\n<div class=\"page-title-head hgroup\">\n<div class=\"page-title-head hgroup\">\n<div class=\"page-title-head hgroup\">\n<div class=\"page-title-head hgroup\">\n<div class=\"b654a4as d2edcug0\">\n<div class=\"page-title-head hgroup\">\n<div class=\"page-title-head hgroup\">\n<div class=\"page-title-head hgroup\">\n<div class=\"page-title-head hgroup\">\n<div class=\"page-title-head hgroup\">\n<div class=\"page-title-head hgroup\">\n<div class=\"page-title-head hgroup\">\n<div class=\"page-title-head hgroup\">\n<div class=\"page-title-head hgroup\">\n<div class=\"b654a4as d2edcug0\">\n<div class=\"page-title-head hgroup\">\n<div class=\"page-title-head hgroup\">\n<div class=\"page-title-head hgroup\">\n<div class=\"page-title-head hgroup\">\n<div class=\"b654a4as d2edcug0\">\n<div><\/div>\n<div>\n<div class=\"page-title-head hgroup\">\n<div class=\"page-title-head hgroup\">\n<div class=\"page-title-head hgroup\">\n<div class=\"page-title-head hgroup\">\n<div class=\"page-title-head hgroup\">\n<div class=\"mkdf-post-text\">\n<div class=\"mkdf-post-text-inner\">\n<div class=\"mkdf-post-text-main\">\n<div class=\"mkdf-post-text\">\n<div class=\"mkdf-post-text-inner\">\n<div class=\"mkdf-post-text-main\">\n<div class=\"mkdf-post-text\">\n<div class=\"mkdf-post-text-inner\">\n<div class=\"mkdf-post-text-main\">\n<div class=\"page-title-head hgroup\">\n<div class=\"page-title-head hgroup\">\n<div class=\"mkdf-post-text\">\n<div class=\"mkdf-post-text-inner\">\n<div class=\"mkdf-post-text-main\">\n<div class=\"mkdf-post-text\">\n<div class=\"mkdf-post-text-inner\">\n<div class=\"mkdf-post-text-main\">\n<div class=\"page-title-head hgroup\">\n<div class=\"page-title-head hgroup\">\n<div class=\"page-title-head hgroup\">\n<div class=\"page-title-head hgroup\">\n<div class=\"b654a4as d2edcug0\">\n<div class=\"page-title-head hgroup\">\n<div class=\"page-title-head hgroup\">\n<div class=\"page-title-head hgroup\">\n<div class=\"page-title-head hgroup\">\n<div class=\"b654a4as d2edcug0\">\n<div class=\"page-title-head hgroup\">\n<div class=\"page-title-head hgroup\">\n<div class=\"page-title-head hgroup\">\n<div class=\"page-title-head hgroup\">\n<p>&nbsp;<\/p>\n<div>\n<div class=\"page-title-head hgroup\">\n<div class=\"page-title-head hgroup\">\n<div class=\"b654a4as d2edcug0\">\n<div class=\"j83agx80 btwxx1t3 lhclo0ds hop8lmos nkwizq5d scwd0bx6 roh60bw9\">\n<div class=\"rq0escxv hkbzh7o3 jwdofwj8 n8tt0mok r8blr3vg hyh9befq\">\n<div class=\"do00u71z l9j0dhe7 k4urcfbm\">\n<div class=\"page-title-head hgroup\">\n<div class=\"page-title-head hgroup\">\n<div class=\"b654a4as d2edcug0\">\n<div class=\"j83agx80 btwxx1t3 lhclo0ds hop8lmos nkwizq5d scwd0bx6 roh60bw9\">\n<div class=\"rq0escxv hkbzh7o3 jwdofwj8 n8tt0mok r8blr3vg hyh9befq\">\n<div class=\"do00u71z l9j0dhe7 k4urcfbm\">\n<div class=\"ecm0bbzt e5nlhep0 a8c37x1j\">\n<div class=\"kvgmc6g5 cxmmr5t8 oygrvhab hcukyx3x c1et5uql\">\n<div class=\"gmail-kvgmc6g5 gmail-cxmmr5t8 gmail-oygrvhab gmail-hcukyx3x gmail-c1et5uql gmail-ii04i59q\">\n<div class=\"page-title-head hgroup\">\n<div class=\"page-title-head hgroup\">\n<div class=\"b654a4as d2edcug0\">\n<div class=\"j83agx80 btwxx1t3 lhclo0ds hop8lmos nkwizq5d scwd0bx6 roh60bw9\">\n<div class=\"rq0escxv hkbzh7o3 jwdofwj8 n8tt0mok r8blr3vg hyh9befq\">\n<div class=\"do00u71z l9j0dhe7 k4urcfbm\">\n<div class=\"page-title-head hgroup\">\n<div class=\"page-title-head hgroup\">\n<div class=\"b654a4as d2edcug0\">\n<div class=\"j83agx80 btwxx1t3 lhclo0ds hop8lmos nkwizq5d scwd0bx6 roh60bw9\">\n<div class=\"rq0escxv hkbzh7o3 jwdofwj8 n8tt0mok r8blr3vg hyh9befq\">\n<div class=\"do00u71z l9j0dhe7 k4urcfbm\">\n<div class=\"page-title-head hgroup\">\n<div class=\"page-title-head hgroup\">\n<div class=\"b654a4as d2edcug0\">\n<div class=\"j83agx80 btwxx1t3 lhclo0ds hop8lmos nkwizq5d scwd0bx6 roh60bw9\">\n<div class=\"rq0escxv hkbzh7o3 jwdofwj8 n8tt0mok r8blr3vg hyh9befq\">\n<div class=\"do00u71z l9j0dhe7 k4urcfbm\">\n<div class=\"ecm0bbzt e5nlhep0 a8c37x1j\">\n<div class=\"kvgmc6g5 cxmmr5t8 oygrvhab hcukyx3x c1et5uql\">\n<div class=\"gmail-kvgmc6g5 gmail-cxmmr5t8 gmail-oygrvhab gmail-hcukyx3x gmail-c1et5uql gmail-ii04i59q\">\n<div class=\"page-title-head hgroup\">\n<div class=\"page-title-head hgroup\">\n<div class=\"b654a4as d2edcug0\">\n<div class=\"j83agx80 btwxx1t3 lhclo0ds hop8lmos nkwizq5d scwd0bx6 roh60bw9\">\n<div class=\"rq0escxv hkbzh7o3 jwdofwj8 n8tt0mok r8blr3vg hyh9befq\">\n<div class=\"do00u71z l9j0dhe7 k4urcfbm\">\n<div class=\"page-title-head hgroup\">\n<div class=\"page-title-head hgroup\">\n<div class=\"page-title-head hgroup\">\n<div class=\"page-title-head hgroup\">\n<div class=\"b654a4as d2edcug0\">\n<div class=\"page-title-head hgroup\">\n<div class=\"page-title-head hgroup\">\n<div class=\"page-title-head hgroup\">\n<div class=\"page-title-head hgroup\">\n<div class=\"b654a4as d2edcug0\">\n<div class=\"page-title-head hgroup\">\n<div class=\"page-title-head hgroup\">\n<div class=\"page-title-head hgroup\">\n<div class=\"page-title-head hgroup\">\n<div class=\"page-title-head hgroup\">\n<div class=\"page-title-head hgroup\">\n<div class=\"page-title-head hgroup\">\n<div class=\"page-title-head hgroup\">\n<div class=\"page-title-head hgroup\">\n<div class=\"b654a4as d2edcug0\">\n<div class=\"page-title-head hgroup\">\n<div class=\"page-title-head hgroup\">\n<div class=\"page-title-head hgroup\">\n<div class=\"page-title-head hgroup\">\n<div class=\"b654a4as d2edcug0\">\n<div class=\"page-title-head hgroup\">\n<div class=\"page-title-head hgroup\">\n<div class=\"page-title-head hgroup\">\n<div class=\"page-title-head hgroup\">\n<div class=\"page-title-head hgroup\">\n<div class=\"mkdf-post-text\">\n<div class=\"mkdf-post-text-inner\">\n<div class=\"mkdf-post-text-main\">\n<div class=\"mkdf-post-text\">\n<div class=\"mkdf-post-text-inner\">\n<div class=\"mkdf-post-text-main\">\n<div class=\"mkdf-post-text\">\n<div class=\"mkdf-post-text-inner\">\n<div class=\"mkdf-post-text-main\">\n<div class=\"page-title-head hgroup\">\n<div class=\"page-title-head hgroup\">\n<div class=\"mkdf-post-text\">\n<div class=\"mkdf-post-text-inner\">\n<div class=\"mkdf-post-text-main\">\n<div class=\"mkdf-post-text\">\n<div class=\"mkdf-post-text-inner\">\n<div class=\"mkdf-post-text-main\">\n<div class=\"page-title-head hgroup\">\n<div class=\"page-title-head hgroup\">\n<div class=\"page-title-head hgroup\">\n<div class=\"page-title-head hgroup\">\n<div class=\"b654a4as d2edcug0\">\n<div class=\"page-title-head hgroup\">\n<div class=\"page-title-head hgroup\">\n<div class=\"page-title-head hgroup\">\n<div class=\"page-title-head hgroup\">\n<div class=\"b654a4as d2edcug0\">\n<div class=\"page-title-head hgroup\">\n<div class=\"page-title-head hgroup\">\n<div class=\"page-title-head hgroup\">\n<div class=\"page-title-head hgroup\">\n<div class=\"b654a4as d2edcug0\">\n<div class=\"ecm0bbzt e5nlhep0 a8c37x1j\">\n<div class=\"kvgmc6g5 cxmmr5t8 oygrvhab hcukyx3x c1et5uql\">\n<div class=\"gmail-kvgmc6g5 gmail-cxmmr5t8 gmail-oygrvhab gmail-hcukyx3x gmail-c1et5uql gmail-ii04i59q\">\n<div class=\"page-title-head hgroup\">\n<div class=\"page-title-head hgroup\">\n<div class=\"b654a4as d2edcug0\">\n<div class=\"j83agx80 btwxx1t3 lhclo0ds hop8lmos nkwizq5d scwd0bx6 roh60bw9\">\n<div class=\"rq0escxv hkbzh7o3 jwdofwj8 n8tt0mok r8blr3vg hyh9befq\">\n<div class=\"do00u71z l9j0dhe7 k4urcfbm\">\n<div class=\"page-title-head hgroup\">\n<div class=\"page-title-head hgroup\">\n<div class=\"page-title-head hgroup\">\n<div class=\"page-title-head hgroup\">\n<div class=\"b654a4as d2edcug0\">\n<div class=\"page-title-head hgroup\">\n<div class=\"page-title-head hgroup\">\n<div class=\"page-title-head hgroup\">\n<div class=\"page-title-head hgroup\">\n<div class=\"b654a4as d2edcug0\">\n<div class=\"page-title-head hgroup\">\n<div class=\"page-title-head hgroup\">\n<div class=\"page-title-head hgroup\">\n<div class=\"page-title-head hgroup\">\n<div class=\"page-title-head hgroup\">\n<div class=\"page-title-head hgroup\">\n<div class=\"page-title-head hgroup\">\n<div class=\"page-title-head hgroup\">\n<div class=\"page-title-head hgroup\">\n<div class=\"b654a4as d2edcug0\">\n<div class=\"page-title-head hgroup\">\n<div class=\"page-title-head hgroup\">\n<div class=\"page-title-head hgroup\">\n<div class=\"page-title-head hgroup\">\n<div class=\"b654a4as d2edcug0\">\n<div class=\"page-title-head hgroup\">\n<div class=\"page-title-head hgroup\">\n<div class=\"page-title-head hgroup\">\n<div class=\"page-title-head hgroup\">\n<div class=\"page-title-head hgroup\">\n<div class=\"mkdf-post-text\">\n<div class=\"mkdf-post-text-inner\">\n<div class=\"mkdf-post-text-main\">\n<div class=\"mkdf-post-text\">\n<div class=\"mkdf-post-text-inner\">\n<div class=\"mkdf-post-text-main\">\n<div class=\"mkdf-post-text\">\n<div class=\"mkdf-post-text-inner\">\n<div class=\"mkdf-post-text-main\">\n<div class=\"page-title-head hgroup\">\n<div class=\"page-title-head hgroup\">\n<div class=\"mkdf-post-text\">\n<div class=\"mkdf-post-text-inner\">\n<div class=\"mkdf-post-text-main\">\n<div class=\"mkdf-post-text\">\n<div class=\"mkdf-post-text-inner\">\n<div class=\"mkdf-post-text-main\">\n<div class=\"page-title-head hgroup\">\n<div class=\"page-title-head hgroup\">\n<div class=\"page-title-head hgroup\">\n<div class=\"page-title-head hgroup\">\n<div class=\"b654a4as d2edcug0\">\n<div class=\"page-title-head hgroup\">\n<div class=\"page-title-head hgroup\">\n<div class=\"page-title-head hgroup\">\n<div class=\"page-title-head hgroup\">\n<div class=\"b654a4as d2edcug0\">\n<div class=\"page-title-head hgroup\">\n<div class=\"page-title-head hgroup\">\n<div class=\"page-title-head hgroup\">\n<div class=\"page-title-head hgroup\">\n<div class=\"b654a4as d2edcug0\">\n<hr \/>\n<p>&nbsp;<\/p>\n<div>\n<p><strong>DUE MINUTI UN LIBRO, TUTTI I GIORNI ALLA RADIO ALLE 9.40 E ALLE 17.50\u00a0\u00a0<\/strong><\/p>\n<div>\n<div>\n<p><strong>LA RACCOLTA COMPLETA\u00a0\u00a0<\/strong><\/p>\n<\/div>\n<\/div>\n<\/div>\n<div class=\"mkdf-post-text\">\n<div class=\"mkdf-post-text-inner\">\n<div class=\"mkdf-post-text-main\">\n<div class=\"mkdf-post-text\">\n<div class=\"mkdf-post-text-inner\">\n<div class=\"mkdf-post-text-main\">\n<div class=\"mkdf-post-text\">\n<div class=\"mkdf-post-text-inner\">\n<div class=\"mkdf-post-text-main\">\n<div class=\"page-title-head hgroup\">\n<div class=\"page-title-head hgroup\">\n<div class=\"mkdf-post-text\">\n<div class=\"mkdf-post-text-inner\">\n<div class=\"mkdf-post-text-main\">\n<div class=\"mkdf-post-text\">\n<div class=\"mkdf-post-text-inner\">\n<div class=\"mkdf-post-text-main\">\n<div class=\"page-title-head hgroup\">\n<div class=\"page-title-head hgroup\">\n<div class=\"page-title-head hgroup\">\n<div class=\"page-title-head hgroup\">\n<div class=\"b654a4as d2edcug0\">\n<div class=\"page-title-head hgroup\">\n<div class=\"page-title-head hgroup\">\n<div class=\"page-title-head hgroup\">\n<div class=\"page-title-head hgroup\">\n<div class=\"b654a4as d2edcug0\">\n<div class=\"page-title-head hgroup\">\n<div class=\"page-title-head hgroup\">\n<div class=\"page-title-head hgroup\">\n<div class=\"page-title-head hgroup\">\n<div class=\"b654a4as d2edcug0\">\n<div>\n<blockquote class=\"wp-embedded-content\" data-secret=\"dGH000nty3\"><p><a href=\"https:\/\/www.radiopiu.net\/wordpress\/due-minuti-un-libro\/\">Due minuti un libro<\/a><\/p><\/blockquote>\n<p><iframe loading=\"lazy\" class=\"wp-embedded-content\" sandbox=\"allow-scripts\" security=\"restricted\" style=\"position: absolute; clip: rect(1px, 1px, 1px, 1px);\" title=\"&#8220;Due minuti un libro&#8221; &#8212; Radio Pi\u00f9\" src=\"https:\/\/www.radiopiu.net\/wordpress\/due-minuti-un-libro\/embed\/#?secret=vyEIaGz7l0#?secret=dGH000nty3\" data-secret=\"dGH000nty3\" width=\"600\" height=\"338\" frameborder=\"0\" marginwidth=\"0\" marginheight=\"0\" scrolling=\"no\"><\/iframe><\/p>\n<p>&nbsp;<\/p>\n<\/div>\n<div>\n<hr \/>\n<p>&nbsp;<\/p>\n<\/div>\n<h2><span style=\"color: #808000;\">L&#8217;ALMANACCO LADINO\u00a0\u00a0<\/span><\/h2>\n<p><strong>LA RACCOLTA<\/strong><\/p>\n<blockquote class=\"wp-embedded-content\" data-secret=\"73MBf8lgLm\"><p><a href=\"https:\/\/www.radiopiu.net\/wordpress\/almanacco-ladino\/\">Almanacco Ladino<\/a><\/p><\/blockquote>\n<p><iframe loading=\"lazy\" class=\"wp-embedded-content\" sandbox=\"allow-scripts\" security=\"restricted\" style=\"position: absolute; clip: rect(1px, 1px, 1px, 1px);\" title=\"&#8220;Almanacco Ladino&#8221; &#8212; Radio Pi\u00f9\" src=\"https:\/\/www.radiopiu.net\/wordpress\/almanacco-ladino\/embed\/#?secret=i8m8snJcKH#?secret=73MBf8lgLm\" data-secret=\"73MBf8lgLm\" width=\"600\" height=\"338\" frameborder=\"0\" marginwidth=\"0\" marginheight=\"0\" scrolling=\"no\"><\/iframe><\/p>\n<p>&nbsp;<\/p>\n<hr \/>\n<h2><span style=\"color: #33cccc;\">\u00a0<\/span><\/h2>\n<h2><span style=\"color: #33cccc;\">LA RASSEGNA STAMPA DA L&#8217;AMICO DEL POPOLO<\/span><\/h2>\n<p><strong>LA RACCOLTA COMPLETA<\/strong><\/p>\n<blockquote class=\"wp-embedded-content\" data-secret=\"1wRP2vKJ7j\"><p><a href=\"https:\/\/www.radiopiu.net\/wordpress\/rassegna-stampa-di-gianni-santomaso\/\">Rassegna stampa da l&#8217;amico del popolo &#8211; di Gianni Santomaso<\/a><\/p><\/blockquote>\n<p><iframe loading=\"lazy\" class=\"wp-embedded-content\" sandbox=\"allow-scripts\" security=\"restricted\" style=\"position: absolute; clip: rect(1px, 1px, 1px, 1px);\" title=\"&#8220;Rassegna stampa da l&#8217;amico del popolo &#8211; di Gianni Santomaso&#8221; &#8212; Radio Pi\u00f9\" src=\"https:\/\/www.radiopiu.net\/wordpress\/rassegna-stampa-di-gianni-santomaso\/embed\/#?secret=HMmKRjyCR0#?secret=1wRP2vKJ7j\" data-secret=\"1wRP2vKJ7j\" width=\"600\" height=\"338\" frameborder=\"0\" marginwidth=\"0\" marginheight=\"0\" scrolling=\"no\"><\/iframe><\/p>\n<p>&nbsp;<\/p>\n<hr \/>\n<p>&nbsp;<\/p>\n<div>\n<div class=\"page-title-head hgroup\">\n<div class=\"page-title-head hgroup\">\n<div class=\"b654a4as d2edcug0\">\n<div class=\"j83agx80 btwxx1t3 lhclo0ds hop8lmos nkwizq5d scwd0bx6 roh60bw9\">\n<div class=\"rq0escxv hkbzh7o3 jwdofwj8 n8tt0mok r8blr3vg hyh9befq\">\n<div class=\"do00u71z l9j0dhe7 k4urcfbm\">\n<div class=\"ecm0bbzt e5nlhep0 a8c37x1j\">\n<div class=\"kvgmc6g5 cxmmr5t8 oygrvhab hcukyx3x c1et5uql\">\n<div class=\"gmail-kvgmc6g5 gmail-cxmmr5t8 gmail-oygrvhab gmail-hcukyx3x gmail-c1et5uql gmail-ii04i59q\">\n<div class=\"page-title-head hgroup\">\n<div class=\"page-title-head hgroup\">\n<div class=\"b654a4as d2edcug0\">\n<div class=\"j83agx80 btwxx1t3 lhclo0ds hop8lmos nkwizq5d scwd0bx6 roh60bw9\">\n<div class=\"rq0escxv hkbzh7o3 jwdofwj8 n8tt0mok r8blr3vg hyh9befq\">\n<div class=\"do00u71z l9j0dhe7 k4urcfbm\">\n<div class=\"page-title-head hgroup\">\n<div class=\"page-title-head hgroup\">\n<div class=\"page-title-head hgroup\">\n<div class=\"page-title-head hgroup\">\n<div class=\"b654a4as d2edcug0\">\n<div class=\"page-title-head hgroup\">\n<div class=\"page-title-head hgroup\">\n<div class=\"page-title-head hgroup\">\n<div class=\"page-title-head hgroup\">\n<div class=\"b654a4as d2edcug0\">\n<div class=\"page-title-head hgroup\">\n<div class=\"page-title-head hgroup\">\n<div class=\"page-title-head hgroup\">\n<div class=\"page-title-head hgroup\">\n<div class=\"page-title-head hgroup\">\n<div class=\"page-title-head hgroup\">\n<div class=\"page-title-head hgroup\">\n<div class=\"page-title-head hgroup\">\n<div class=\"page-title-head hgroup\">\n<div class=\"b654a4as d2edcug0\">\n<div class=\"page-title-head hgroup\">\n<div class=\"page-title-head hgroup\">\n<div class=\"page-title-head hgroup\">\n<div class=\"page-title-head hgroup\">\n<div class=\"b654a4as d2edcug0\">\n<div class=\"page-title-head hgroup\">\n<div class=\"page-title-head hgroup\">\n<div class=\"page-title-head hgroup\">\n<div class=\"page-title-head hgroup\">\n<div class=\"page-title-head hgroup\">\n<div class=\"mkdf-post-text\">\n<div class=\"mkdf-post-text-inner\">\n<div class=\"mkdf-post-text-main\">\n<div class=\"mkdf-post-text\">\n<div class=\"mkdf-post-text-inner\">\n<div class=\"mkdf-post-text-main\">\n<div class=\"mkdf-post-text\">\n<div class=\"mkdf-post-text-inner\">\n<div class=\"mkdf-post-text-main\">\n<div class=\"page-title-head hgroup\">\n<div class=\"page-title-head hgroup\">\n<div class=\"mkdf-post-text\">\n<div class=\"mkdf-post-text-inner\">\n<div class=\"mkdf-post-text-main\">\n<div class=\"mkdf-post-text\">\n<div class=\"mkdf-post-text-inner\">\n<div class=\"mkdf-post-text-main\">\n<div class=\"page-title-head hgroup\">\n<div class=\"page-title-head hgroup\">\n<div class=\"page-title-head hgroup\">\n<div class=\"page-title-head hgroup\">\n<div class=\"b654a4as d2edcug0\">\n<div class=\"page-title-head hgroup\">\n<div class=\"page-title-head hgroup\">\n<div class=\"page-title-head hgroup\">\n<div class=\"page-title-head hgroup\">\n<div class=\"b654a4as d2edcug0\">\n<div class=\"page-title-head hgroup\">\n<div class=\"page-title-head hgroup\">\n<div class=\"page-title-head hgroup\">\n<div class=\"page-title-head hgroup\">\n<div class=\"b654a4as d2edcug0\">\n<h2><span style=\"color: #800080;\">I RACCONTI DI PAOLO SOPPELSA\u00a0<\/span><\/h2>\n<p><strong>LA RACCOLTA COMPLETA<\/strong><\/p>\n<blockquote class=\"wp-embedded-content\" data-secret=\"edY3JsPTzh\"><p><a href=\"https:\/\/www.radiopiu.net\/wordpress\/i-racconti-di-paolo-soppelsa\/\">I racconti di Paolo Soppelsa<\/a><\/p><\/blockquote>\n<p><iframe loading=\"lazy\" class=\"wp-embedded-content\" sandbox=\"allow-scripts\" security=\"restricted\" style=\"position: absolute; clip: rect(1px, 1px, 1px, 1px);\" title=\"&#8220;I racconti di Paolo Soppelsa&#8221; &#8212; Radio Pi\u00f9\" src=\"https:\/\/www.radiopiu.net\/wordpress\/i-racconti-di-paolo-soppelsa\/embed\/#?secret=cBF3pnBGjv#?secret=edY3JsPTzh\" data-secret=\"edY3JsPTzh\" width=\"600\" height=\"338\" frameborder=\"0\" marginwidth=\"0\" marginheight=\"0\" scrolling=\"no\"><\/iframe><\/p>\n<p>&nbsp;<\/p>\n<hr \/>\n<p>&nbsp;<\/p>\n<\/div>\n<\/div>\n<\/div>\n<\/div>\n<\/div>\n<\/div>\n<\/div>\n<\/div>\n<\/div>\n<\/div>\n<\/div>\n<\/div>\n<\/div>\n<\/div>\n<\/div>\n<\/div>\n<\/div>\n<\/div>\n<\/div>\n<\/div>\n<\/div>\n<\/div>\n<\/div>\n<\/div>\n<\/div>\n<\/div>\n<\/div>\n<\/div>\n<\/div>\n<\/div>\n<\/div>\n<\/div>\n<\/div>\n<\/div>\n<\/div>\n<\/div>\n<\/div>\n<\/div>\n<\/div>\n<\/div>\n<\/div>\n<\/div>\n<\/div>\n<\/div>\n<\/div>\n<\/div>\n<\/div>\n<\/div>\n<\/div>\n<\/div>\n<\/div>\n<\/div>\n<\/div>\n<\/div>\n<\/div>\n<\/div>\n<\/div>\n<\/div>\n<\/div>\n<\/div>\n<\/div>\n<\/div>\n<\/div>\n<\/div>\n<\/div>\n<\/div>\n<\/div>\n<\/div>\n<\/div>\n<\/div>\n<\/div>\n<\/div>\n<\/div>\n<\/div>\n<\/div>\n<\/div>\n<\/div>\n<\/div>\n<\/div>\n<\/div>\n<\/div>\n<\/div>\n<\/div>\n<\/div>\n<\/div>\n<\/div>\n<\/div>\n<\/div>\n<\/div>\n<\/div>\n<\/div>\n<\/div>\n<\/div>\n<\/div>\n<\/div>\n<\/div>\n<\/div>\n<\/div>\n<\/div>\n<\/div>\n<\/div>\n<\/div>\n<\/div>\n<\/div>\n<\/div>\n<\/div>\n<\/div>\n<\/div>\n<\/div>\n<\/div>\n<\/div>\n<div class=\"b654a4as d2edcug0\">\n<div class=\"ecm0bbzt e5nlhep0 a8c37x1j\">\n<div class=\"kvgmc6g5 cxmmr5t8 oygrvhab hcukyx3x c1et5uql\">\n<div class=\"gmail-kvgmc6g5 gmail-cxmmr5t8 gmail-oygrvhab gmail-hcukyx3x gmail-c1et5uql gmail-ii04i59q\">\n<div>\n<div class=\"page-title-head hgroup\">\n<div class=\"page-title-head hgroup\">\n<div class=\"b654a4as d2edcug0\">\n<div class=\"j83agx80 btwxx1t3 lhclo0ds hop8lmos nkwizq5d scwd0bx6 roh60bw9\">\n<div class=\"rq0escxv hkbzh7o3 jwdofwj8 n8tt0mok r8blr3vg hyh9befq\">\n<div class=\"do00u71z l9j0dhe7 k4urcfbm\">\n<div>\n<div class=\"page-title-head hgroup\">\n<div class=\"page-title-head hgroup\">\n<div class=\"page-title-head hgroup\">\n<div class=\"page-title-head hgroup\">\n<div class=\"b654a4as d2edcug0\">\n<div class=\"page-title-head hgroup\">\n<div class=\"page-title-head hgroup\">\n<div class=\"page-title-head hgroup\">\n<div class=\"page-title-head hgroup\">\n<div class=\"b654a4as d2edcug0\">\n<div class=\"page-title-head hgroup\">\n<div class=\"page-title-head hgroup\">\n<div class=\"page-title-head hgroup\">\n<div class=\"page-title-head hgroup\">\n<div class=\"page-title-head hgroup\">\n<div class=\"mkdf-post-text\">\n<div class=\"mkdf-post-text-inner\">\n<div class=\"mkdf-post-text-main\">\n<div class=\"mkdf-post-text\">\n<div class=\"mkdf-post-text-inner\">\n<div class=\"mkdf-post-text-main\">\n<div class=\"mkdf-post-text\">\n<div class=\"mkdf-post-text-inner\">\n<div class=\"mkdf-post-text-main\">\n<div class=\"page-title-head hgroup\">\n<div class=\"page-title-head hgroup\">\n<div class=\"mkdf-post-text\">\n<div class=\"mkdf-post-text-inner\">\n<div class=\"mkdf-post-text-main\">\n<div class=\"mkdf-post-text\">\n<div class=\"mkdf-post-text-inner\">\n<div class=\"mkdf-post-text-main\">\n<div>\n<div class=\"page-title-head hgroup\">\n<div class=\"page-title-head hgroup\">\n<div>\n<div class=\"page-title-head hgroup\">\n<div class=\"page-title-head hgroup\">\n<div class=\"b654a4as d2edcug0\">\n<div>\n<div class=\"page-title-head hgroup\" style=\"text-align: left;\">\n<div class=\"page-title-head hgroup\">\n<div dir=\"auto\">\n<p><a class=\"dt-pswp-item pspw-wrap-ready\" href=\"https:\/\/i0.wp.com\/www.radiopiu.net\/wordpress\/wp-content\/uploads\/2018\/09\/WhatsApp-Image-2018-09-20-at-16.04.06.jpeg?ssl=1\" data-dt-img-description=\"\" data-large_image_width=\"800\" data-large_image_height=\"100\"><img loading=\"lazy\" decoding=\"async\" class=\"aligncenter wp-image-61378 size-full jetpack-lazy-image jetpack-lazy-image--handled\" src=\"https:\/\/i0.wp.com\/www.radiopiu.net\/wordpress\/wp-content\/uploads\/2018\/09\/WhatsApp-Image-2018-09-20-at-16.04.06.jpeg?resize=800%2C100&amp;ssl=1\" sizes=\"auto, (max-width: 800px) 100vw, 800px\" srcset=\"https:\/\/i0.wp.com\/www.radiopiu.net\/wordpress\/wp-content\/uploads\/2018\/09\/WhatsApp-Image-2018-09-20-at-16.04.06.jpeg?w=800&amp;ssl=1 800w, https:\/\/i0.wp.com\/www.radiopiu.net\/wordpress\/wp-content\/uploads\/2018\/09\/WhatsApp-Image-2018-09-20-at-16.04.06.jpeg?resize=300%2C38&amp;ssl=1 300w, https:\/\/i0.wp.com\/www.radiopiu.net\/wordpress\/wp-content\/uploads\/2018\/09\/WhatsApp-Image-2018-09-20-at-16.04.06.jpeg?resize=768%2C96&amp;ssl=1 768w\" alt=\"\" width=\"800\" height=\"100\" data-lazy-loaded=\"1\" \/><\/a><\/p>\n<\/div>\n<\/div>\n<\/div>\n<\/div>\n<\/div>\n<\/div>\n<\/div>\n<\/div>\n<\/div>\n<\/div>\n<\/div>\n<\/div>\n<\/div>\n<\/div>\n<\/div>\n<\/div>\n<\/div>\n<\/div>\n<\/div>\n<\/div>\n<\/div>\n<\/div>\n<\/div>\n<\/div>\n<\/div>\n<\/div>\n<\/div>\n<\/div>\n<\/div>\n<\/div>\n<\/div>\n<\/div>\n<\/div>\n<\/div>\n<\/div>\n<\/div>\n<\/div>\n<\/div>\n<\/div>\n<\/div>\n<\/div>\n<\/div>\n<\/div>\n<\/div>\n<\/div>\n<\/div>\n<\/div>\n<\/div>\n<\/div>\n<\/div>\n<\/div>\n<\/div>\n<\/div>\n<\/div>\n<\/div>\n<\/div>\n<\/div>\n<\/div>\n<\/div>\n<\/div>\n<\/div>\n<\/div>\n<\/div>\n<\/div>\n<\/div>\n<\/div>\n<\/div>\n<\/div>\n<\/div>\n<\/div>\n<\/div>\n<\/div>\n<\/div>\n<\/div>\n<\/div>\n<\/div>\n<\/div>\n<\/div>\n<\/div>\n<\/div>\n<\/div>\n<\/div>\n<\/div>\n<\/div>\n<\/div>\n<\/div>\n<\/div>\n<\/div>\n<\/div>\n<\/div>\n<\/div>\n<\/div>\n<\/div>\n<\/div>\n<\/div>\n<\/div>\n<\/div>\n<\/div>\n<\/div>\n<\/div>\n<\/div>\n<\/div>\n<\/div>\n<\/div>\n<\/div>\n<\/div>\n<\/div>\n<\/div>\n<\/div>\n<\/div>\n<\/div>\n<\/div>\n<\/div>\n<\/div>\n<\/div>\n<\/div>\n<\/div>\n<\/div>\n<\/div>\n<\/div>\n<\/div>\n<\/div>\n<\/div>\n<\/div>\n<\/div>\n<\/div>\n<\/div>\n<\/div>\n<\/div>\n<\/div>\n<\/div>\n<\/div>\n<\/div>\n<\/div>\n<\/div>\n<\/div>\n<\/div>\n<\/div>\n<\/div>\n<\/div>\n<\/div>\n<\/div>\n<\/div>\n<\/div>\n<\/div>\n<\/div>\n<\/div>\n<\/div>\n<\/div>\n<\/div>\n<\/div>\n<\/div>\n<\/div>\n<\/div>\n<\/div>\n<\/div>\n<\/div>\n<\/div>\n<\/div>\n<\/div>\n<\/div>\n<\/div>\n<\/div>\n<\/div>\n<\/div>\n<\/div>\n<\/div>\n<\/div>\n<\/div>\n<\/div>\n<\/div>\n<\/div>\n<\/div>\n<\/div>\n<\/div>\n<\/div>\n<\/div>\n<\/div>\n<\/div>\n<\/div>\n<\/div>\n<\/div>\n<\/div>\n<\/div>\n<\/div>\n<\/div>\n<\/div>\n<\/div>\n<\/div>\n<\/div>\n<\/div>\n<\/div>\n<\/div>\n<\/div>\n<\/div>\n<\/div>\n<\/div>\n<\/div>\n<\/div>\n<\/div>\n<\/div>\n<\/div>\n<\/div>\n<\/div>\n<\/div>\n<\/div>\n<\/div>\n<\/div>\n<\/div>\n<\/div>\n<\/div>\n<\/div>\n<\/div>\n<\/div>\n<\/div>\n<\/div>\n<\/div>\n<\/div>\n<\/div>\n<\/div>\n<\/div>\n<\/div>\n<\/div>\n<\/div>\n<\/div>\n<\/div>\n<\/div>\n<\/div>\n<\/div>\n<\/div>\n<p><strong>sabato 16.<\/strong> Su Dolomiti inizialmente irregolarmente nuvoloso al mattino, poi schiarite via via pi\u00f9 ampie fino a poco nuvoloso, su Prealpi irregolarmente nuvoloso con maggior nuvolosit\u00e0 tra le ore centrali e nel pomeriggio quando saranno probabili alcuni fenomeni sparsi. Precipitazioni. Su Dolomiti generalmente assenti (0-10 %), su Prealpi possibili sparse anche a carattere di rovescio o isolato temporale nel pomeriggio e a ridosso della pedemontana: non escluso qualche isolato fenomeno tra notte e mattino (10-30%), pi\u00f9 probabili sparsi nel<br \/>\npomeriggio (60-80%). Quota neve tra i 1700 m e i 2000 m localmente pi\u00f9 basso in corrispondenza di eventuali rovesci pi\u00f9 intensi nel pomeriggio. Attesi accumuli irregolari (0-10 mm, solo localmente di pi\u00f9)<\/p>\n<p><strong>domenica 17.<\/strong> Tempo stabile con cielo sereno o al pi\u00f9 poco nuvoloso per qualche velatura, ottima visibilit\u00e0. Nel pomeriggio formazione di qualche cumulo su Prealpi. Contesto termico decisamente pi\u00f9 fresco con temperature attorno alla media del periodo. Precipitazioni. Generalmente Assenti (0-10%)<\/p>\n<p><strong>luned\u00ec 18.<\/strong> Al mattino tempo stabile e piuttosto soleggiato, dalle ore centrali e nel<br \/>\npomeriggio\/sera maggior variabilit\u00e0 con sviluppo anche moderato di cumuli specie sui settori<br \/>\nPrealpini dove non \u00e8 del tutto escluso qualche piovasco\/rovescio eventualmente nevoso fin<br \/>\nsui 1000 m. In serata generale aumento della nuvolosit\u00e0 su tutti i settori. Temperature<br \/>\nstazionarie o in ulteriore lieve calo in quota, venti in quota moderati\/tesi settentrionali.<\/p>\n<p><strong>marted\u00ec 19.<\/strong> Evoluzione incerta, possibile debole peggioramento con nuvolosit\u00e0 anche estesa<br \/>\ncon deboli precipitazioni sparse specie sui settori orientali, eventualmente nevose attorno a<br \/>\n1000 metri. Temperature in quota in ulteriore lieve calo. Venti in quota moderati settentrionali.<\/p>\n<p>&nbsp;<\/p>\n<hr \/>\n<p>&nbsp;<\/p>\n<p><a href=\"https:\/\/www.radiopiu.net\/wordpress\/giornale-radiopiu-26-settembre-2018-direttore-mirko-mezzacasa\/viabilita-2\/\" rel=\"attachment wp-att-61954\"><img loading=\"lazy\" decoding=\"async\" class=\"aligncenter wp-image-61954 size-full\" src=\"https:\/\/www.radiopiu.net\/wordpress\/wp-content\/uploads\/2018\/09\/viabilita.jpeg\" sizes=\"auto, (max-width: 800px) 100vw, 800px\" srcset=\"https:\/\/www.radiopiu.net\/wordpress\/wp-content\/uploads\/2018\/09\/viabilita.jpeg 800w, https:\/\/www.radiopiu.net\/wordpress\/wp-content\/uploads\/2018\/09\/viabilita-300x38.jpeg 300w, https:\/\/www.radiopiu.net\/wordpress\/wp-content\/uploads\/2018\/09\/viabilita-768x96.jpeg 768w\" alt=\"\" width=\"800\" height=\"100\" \/><\/a><\/p>\n<p>&nbsp;<\/p>\n<blockquote class=\"wp-embedded-content\" data-secret=\"00LFNG1UfL\"><p><a href=\"https:\/\/www.radiopiu.net\/wordpress\/viabilita\/\">viabilita<\/a><\/p><\/blockquote>\n<p><iframe loading=\"lazy\" class=\"wp-embedded-content\" sandbox=\"allow-scripts\" security=\"restricted\" style=\"position: absolute; clip: rect(1px, 1px, 1px, 1px);\" title=\"&#8220;viabilita&#8221; &#8212; Radio Pi\u00f9\" src=\"https:\/\/www.radiopiu.net\/wordpress\/viabilita\/embed\/#?secret=3ZO99XsItk#?secret=00LFNG1UfL\" data-secret=\"00LFNG1UfL\" width=\"600\" height=\"338\" frameborder=\"0\" marginwidth=\"0\" marginheight=\"0\" scrolling=\"no\"><\/iframe><\/p>\n<p>&nbsp;<\/p>\n<hr \/>\n<p>&nbsp;<\/p>\n<p><img loading=\"lazy\" decoding=\"async\" class=\"wp-image-60761 size-full aligncenter\" src=\"https:\/\/www.radiopiu.net\/wordpress\/wp-content\/uploads\/2018\/09\/sport.jpg\" alt=\"\" width=\"800\" height=\"100\" srcset=\"https:\/\/www.radiopiu.net\/wordpress\/wp-content\/uploads\/2018\/09\/sport.jpg 800w, https:\/\/www.radiopiu.net\/wordpress\/wp-content\/uploads\/2018\/09\/sport-300x38.jpg 300w, https:\/\/www.radiopiu.net\/wordpress\/wp-content\/uploads\/2018\/09\/sport-768x96.jpg 768w\" sizes=\"auto, (max-width: 800px) 100vw, 800px\" \/><\/p>\n<blockquote>\n<h3><\/h3>\n<h3>BENTORNATA YASMINE E CHE LA FESTA ABBIA INIZIO<\/h3>\n<\/blockquote>\n<p><a class=\"dt-pswp-item\" href=\"https:\/\/www.radiopiu.net\/wordpress\/wp-content\/uploads\/2022\/04\/Yasmine_1.jpg\" data-dt-img-description=\"\" data-large_image_width=\"1024\" data-large_image_height=\"768\"><img loading=\"lazy\" decoding=\"async\" class=\"alignleft wp-image-270767 \" src=\"https:\/\/www.radiopiu.net\/wordpress\/wp-content\/uploads\/2022\/04\/Yasmine_1-300x225.jpg\" alt=\"\" width=\"211\" height=\"158\" srcset=\"https:\/\/www.radiopiu.net\/wordpress\/wp-content\/uploads\/2022\/04\/Yasmine_1-300x225.jpg 300w, https:\/\/www.radiopiu.net\/wordpress\/wp-content\/uploads\/2022\/04\/Yasmine_1-768x576.jpg 768w, https:\/\/www.radiopiu.net\/wordpress\/wp-content\/uploads\/2022\/04\/Yasmine_1.jpg 1024w\" sizes=\"auto, (max-width: 211px) 100vw, 211px\" \/><\/a><strong>PONTE NELLE ALPI <\/strong>La comunit\u00e0 di Ponte nelle Alpi ha riservato un\u2019accoglienza speciale a Yasmine Ramli,\u00a0 la diciottenne rugbista ha preso parte al prestigioso Sei Nazioni di rugby femminile con la nazionale italiana da poco rientrata da Edimburgo.<span class=\"gmail-Apple-converted-space\"> \u00a0<\/span>In stazione, ad accoglierla, un gruppo festante di amici, parenti e anche una rappresentanza istituzionale guidata dal sindaco Paolo Vendramini: <em>\u00abYasmine \u00e8 la forza del sorriso &#8211; ha affermato il primo cittadino -. Questa ragazza riesce a coniugare rugby, studio, lavoro. E rappresenta il riscatto del mondo femminile nello sport. Voglio fare i complimenti anche a tutte quelle societ\u00e0 sportive della nostra provincia (in quest<\/em>o caso il Rugby Alpago) che investono nel settore giovanile\u00bb. <span class=\"gmail-Apple-converted-space\">\u00a0<\/span>Dopo l\u2019accoglienza alla stazione ferroviaria il\u00a0 brindisi alla ragazza che va in meta: nel rugby, come nella vita.<span class=\"gmail-Apple-converted-space\">\u00a0<\/span><\/p>\n<p>&nbsp;<\/p>\n<p>&nbsp;<\/p>\n<\/div>\n<\/div>\n<\/div>\n<\/div>\n<\/div>\n<\/div>\n<\/div>\n<\/div>\n<\/div>\n<\/div>\n<\/div>\n<\/div>\n<\/div>\n<\/div>\n<\/div>\n<\/div>\n<\/div>\n<\/div>\n<\/div>\n<\/div>\n<\/div>\n<\/div>\n<\/div>\n<\/div>\n<\/div>\n<\/div>\n<\/div>\n<\/div>\n<\/div>\n<\/div>\n<\/div>\n<\/div>\n<\/div>\n<\/div>\n<\/div>\n<\/div>\n<\/div>\n<\/div>\n<\/div>\n<\/div>\n<\/div>\n<\/div>\n<\/div>\n<\/div>\n<\/div>\n<\/div>\n<\/div>\n<\/div>\n<\/div>\n<\/div>\n<\/div>\n<\/div>\n<\/div>\n<\/div>\n<\/div>\n<\/div>\n<\/div>\n<\/div>\n<\/div>\n<\/div>\n<\/div>\n<\/div>\n<\/div>\n<\/div>\n<\/div>\n<\/div>\n<\/div>\n<\/div>\n<\/div>\n<\/div>\n<\/div>\n<\/div>\n<\/div>\n<\/div>\n<\/div>\n<\/div>\n<\/div>\n<\/div>\n<\/div>\n<\/div>\n<\/div>\n<\/div>\n<\/div>\n<\/div>\n<\/div>\n<\/div>\n<\/div>\n<\/div>\n<\/div>\n<\/div>\n<\/div>\n<\/div>\n<\/div>\n<\/div>\n<\/div>\n<\/div>\n<\/div>\n<\/div>\n<\/div>\n<\/div>\n<\/div>\n<\/div>\n<\/div>\n<\/div>\n<\/div>\n<\/div>\n<hr \/>\n","protected":false},"excerpt":{"rendered":"<p>INFORMAZIONE il canale su TELEGRAM informazione di prima\u00a0 mano e in tempo reale. iscriviti ed aiutaci a farlo conoscere\u00a0 &nbsp; OGGI A VIGO I FUNERALI DI FLAMINIO DA DEPPO VIGO I funerali di &#8220;Mimmo&#8221; si svolgeranno oggi alle 10 nella parrocchiale di Vigo. &nbsp; &nbsp; &nbsp; &nbsp; INCIDENTE DI PRIMA MATTINA, ILLESO IL CONDUCENTE VODO&hellip;<\/p>\n","protected":false},"author":4,"featured_media":270806,"comment_status":"closed","ping_status":"closed","sticky":false,"template":"","format":"standard","meta":{"_monsterinsights_skip_tracking":false,"_monsterinsights_sitenote_active":false,"_monsterinsights_sitenote_note":"","_monsterinsights_sitenote_category":0,"footnotes":""},"categories":[104,86,49],"tags":[],"class_list":["post-270761","post","type-post","status-publish","format-standard","has-post-thumbnail","hentry","category-evidenza_3","category-gr","category-news-18","category-104","category-86","category-49","description-off"],"img_url":"https:\/\/www.radiopiu.net\/wordpress\/wp-content\/uploads\/2022\/04\/e56cc761-c300-4891-9971-d4508c510c07.jpg","_links":{"self":[{"href":"https:\/\/www.radiopiu.net\/wordpress\/wp-json\/wp\/v2\/posts\/270761","targetHints":{"allow":["GET"]}}],"collection":[{"href":"https:\/\/www.radiopiu.net\/wordpress\/wp-json\/wp\/v2\/posts"}],"about":[{"href":"https:\/\/www.radiopiu.net\/wordpress\/wp-json\/wp\/v2\/types\/post"}],"author":[{"embeddable":true,"href":"https:\/\/www.radiopiu.net\/wordpress\/wp-json\/wp\/v2\/users\/4"}],"replies":[{"embeddable":true,"href":"https:\/\/www.radiopiu.net\/wordpress\/wp-json\/wp\/v2\/comments?post=270761"}],"version-history":[{"count":0,"href":"https:\/\/www.radiopiu.net\/wordpress\/wp-json\/wp\/v2\/posts\/270761\/revisions"}],"wp:featuredmedia":[{"embeddable":true,"href":"https:\/\/www.radiopiu.net\/wordpress\/wp-json\/wp\/v2\/media\/270806"}],"wp:attachment":[{"href":"https:\/\/www.radiopiu.net\/wordpress\/wp-json\/wp\/v2\/media?parent=270761"}],"wp:term":[{"taxonomy":"category","embeddable":true,"href":"https:\/\/www.radiopiu.net\/wordpress\/wp-json\/wp\/v2\/categories?post=270761"},{"taxonomy":"post_tag","embeddable":true,"href":"https:\/\/www.radiopiu.net\/wordpress\/wp-json\/wp\/v2\/tags?post=270761"}],"curies":[{"name":"wp","href":"https:\/\/api.w.org\/{rel}","templated":true}]}}