{"id":270802,"date":"2022-04-16T05:45:22","date_gmt":"2022-04-16T03:45:22","guid":{"rendered":"https:\/\/www.radiopiu.net\/wordpress\/?p=270802"},"modified":"2022-04-16T05:55:35","modified_gmt":"2022-04-16T03:55:35","slug":"sopralluogo-dallalto-dell-sp-251-della-val-di-zoldo","status":"publish","type":"post","link":"https:\/\/www.radiopiu.net\/wordpress\/sopralluogo-dallalto-dell-sp-251-della-val-di-zoldo\/","title":{"rendered":"SOPRALLUOGO DALL&#8217;ALTO DELL SP 251 DELLA VAL DI ZOLDO"},"content":{"rendered":"<p><strong> <img loading=\"lazy\" decoding=\"async\" class=\"alignleft\" src=\"https:\/\/www.radiopiu.net\/wordpress\/wp-content\/uploads\/2022\/04\/278079030_352424163592929_8231063793182814587_n-1.jpg\" width=\"245\" height=\"161\" \/>BELLUNO<\/strong> I tecnici della Provincia hanno\u00a0 sorvolato in elicottero l\u2019area dell\u2019incendio tra Soffranco e Mezzocanale, per valutare la situazione del versante e lo stato di criticit\u00e0. Nelle prossime settimane saranno fatti ulteriori approfondimenti, per capire nell\u2019insieme quali sono le condizioni della strada e quali sono gli interventi da mettere in campo. Per la Provincia non \u00e8 ammesso un rattoppo, ma un intervento logico perch\u00e9 dalle analisi della Provincia, risultano diverse aree caratterizzate dalla presenza di blocchi di piccole dimensioni e di tre valli al cui interno \u00e8 presente una discreta quantit\u00e0 di materiale detritico accumulato nel corso degli anni. La vegetazione fortemente compromessa dall\u2019incendio non sembra pi\u00f9 costituire un valido impedimento a movimenti franosi. Per Fabio Luchetta, consigliere alla viabilit\u00e0 il posizionamento di barriere paraschegge e la sostituzione delle reti esistenti, a opera di Veneto Strade, pu\u00f2 essere una prima soluzione. Per Il Presidente Roberto Padrin la programmazione \u00e8 indispensabile per evitare di disperdere risorse, ovvero una programmazione che permetta di ottimizzare gli interventi su tutto il territorio provinciale. La Sp251 \u00e8 una priorit\u00e0 come giustificato dallo stanziamento di 1 milione 100mila euro per la frana di Solagnot, a cui si aggiunge il milione per il paraschegge, stanziato nei giorni scorsi. Dalla Provincia \u00e8 gi\u00e0 partitta la lettera per i ministri bellunesi Franco e D\u2019Inc\u00e0, e al ministro Giovannini, per individuare le risorse necessarie a mettere in sicurezza le situazioni pi\u00f9 critiche.<\/p>\n<p><strong>foto venetostrade<\/strong><\/p>\n<p>&nbsp;<\/p>\n<p>__<\/p>\n","protected":false},"excerpt":{"rendered":"<p>BELLUNO I tecnici della Provincia hanno\u00a0 sorvolato in elicottero l\u2019area dell\u2019incendio tra Soffranco e Mezzocanale, per valutare la situazione del versante e lo stato di criticit\u00e0. Nelle prossime settimane saranno fatti ulteriori approfondimenti, per capire nell\u2019insieme quali sono le condizioni della strada e quali sono gli interventi da mettere in campo. Per la Provincia non&hellip;<\/p>\n","protected":false},"author":4,"featured_media":270803,"comment_status":"closed","ping_status":"closed","sticky":false,"template":"","format":"standard","meta":{"_monsterinsights_skip_tracking":false,"_monsterinsights_sitenote_active":false,"_monsterinsights_sitenote_note":"","_monsterinsights_sitenote_category":0,"footnotes":""},"categories":[51,49],"tags":[],"class_list":["post-270802","post","type-post","status-publish","format-standard","has-post-thumbnail","hentry","category-evidenza-top","category-news-18","category-51","category-49","description-off"],"img_url":"https:\/\/www.radiopiu.net\/wordpress\/wp-content\/uploads\/2022\/04\/278079030_352424163592929_8231063793182814587_n-1.jpg","_links":{"self":[{"href":"https:\/\/www.radiopiu.net\/wordpress\/wp-json\/wp\/v2\/posts\/270802","targetHints":{"allow":["GET"]}}],"collection":[{"href":"https:\/\/www.radiopiu.net\/wordpress\/wp-json\/wp\/v2\/posts"}],"about":[{"href":"https:\/\/www.radiopiu.net\/wordpress\/wp-json\/wp\/v2\/types\/post"}],"author":[{"embeddable":true,"href":"https:\/\/www.radiopiu.net\/wordpress\/wp-json\/wp\/v2\/users\/4"}],"replies":[{"embeddable":true,"href":"https:\/\/www.radiopiu.net\/wordpress\/wp-json\/wp\/v2\/comments?post=270802"}],"version-history":[{"count":0,"href":"https:\/\/www.radiopiu.net\/wordpress\/wp-json\/wp\/v2\/posts\/270802\/revisions"}],"wp:featuredmedia":[{"embeddable":true,"href":"https:\/\/www.radiopiu.net\/wordpress\/wp-json\/wp\/v2\/media\/270803"}],"wp:attachment":[{"href":"https:\/\/www.radiopiu.net\/wordpress\/wp-json\/wp\/v2\/media?parent=270802"}],"wp:term":[{"taxonomy":"category","embeddable":true,"href":"https:\/\/www.radiopiu.net\/wordpress\/wp-json\/wp\/v2\/categories?post=270802"},{"taxonomy":"post_tag","embeddable":true,"href":"https:\/\/www.radiopiu.net\/wordpress\/wp-json\/wp\/v2\/tags?post=270802"}],"curies":[{"name":"wp","href":"https:\/\/api.w.org\/{rel}","templated":true}]}}