{"id":270844,"date":"2022-04-19T06:01:29","date_gmt":"2022-04-19T04:01:29","guid":{"rendered":"https:\/\/www.radiopiu.net\/wordpress\/?p=270844"},"modified":"2022-04-19T09:51:17","modified_gmt":"2022-04-19T07:51:17","slug":"giornale-radiopiu-19-aprile-2022-direttore-mirko-mezzacasa","status":"publish","type":"post","link":"https:\/\/www.radiopiu.net\/wordpress\/giornale-radiopiu-19-aprile-2022-direttore-mirko-mezzacasa\/","title":{"rendered":"GIORNALE RADIOPIU 19 APRILE 2022 DIRETTORE MIRKO MEZZACASA"},"content":{"rendered":"<h3 class=\"kvgmc6g5 cxmmr5t8 oygrvhab hcukyx3x c1et5uql\"><span style=\"color: #0000ff;\"><strong>INFORMAZIONE il canale su TELEGRAM informazione di prima\u00a0 <\/strong><\/span><span style=\"color: #0000ff;\"><strong>mano e in tempo reale. iscriviti ed aiutaci a farlo conoscere\u00a0<\/strong><\/span><\/h3>\n<p>&nbsp;<\/p>\n<hr \/>\n<p>&nbsp;<\/p>\n<p>&nbsp;<\/p>\n<p>&nbsp;<\/p>\n<blockquote>\n<h3><a class=\"dt-pswp-item\" href=\"https:\/\/www.radiopiu.net\/wordpress\/wp-content\/uploads\/2022\/04\/ASDASD-1.jpg\" data-dt-img-description=\"\" data-large_image_width=\"397\" data-large_image_height=\"264\"><img loading=\"lazy\" decoding=\"async\" class=\"size-thumbnail wp-image-271200 alignleft\" src=\"https:\/\/www.radiopiu.net\/wordpress\/wp-content\/uploads\/2022\/04\/ASDASD-1-150x150.jpg\" alt=\"\" width=\"150\" height=\"150\" \/><\/a>MUORE UN SOCCORRITORE DOPO UNA CADUTA DA TRE METRI<\/h3>\n<\/blockquote>\n<p><strong>REDAZIONE<\/strong>\u00a0 Tra le localit\u00e0 Cotel e Tridis a Tramonti di Sotto ha perso la vita Andrea Dal Farra, 45 anni, di Vajont, tecnico del Soccorso alpino di Maniago. L&#8217;incidente\u00a0 ieri pomeriggio mentre scendeva\u00a0 lungo una massicciata. Uno dei massi \u00e8 franato al suo passaggio facendo precipitare in acqua da un&#8217;altezza di tre metri. Nella caduta Dal Farra ha battuto pi\u00f9 volte la testa procurandosi gravi lesioni. L&#8217;\u00e9quipe dell&#8217;elisoccorso ha a lungo tentato di rianimarlo, ma non \u00e8 stato possibile salvargli la vita.Dal Farra lavorava alla Roncadin di Meduno<\/p>\n<p>&nbsp;<\/p>\n<p>&nbsp;<\/p>\n<hr \/>\n<blockquote>\n<h3><\/h3>\n<h3>INCIDENTE A CORTINA TRA UN FUORISTRADA E UN&#8217;AUTO, TRE FERITI<\/h3>\n<\/blockquote>\n<p><strong>CORTINA<\/strong> Ieri, poco prima delle 16:30, i Vigili del Fuoco sono intervenuto lungo la SS 51 Alemagna in localit\u00e0 Zuel di Cortina d&#8217;Ampezzo per lo scontro tra due autovetture. Nell&#8217;incidente tre feriti non gravi. I pompieri accorsi dal locale distaccamento, hanno messo in sicurezza un Fuoristrada Land Rover, con alla guida un fiorentino di 59 anni, e un\u2019Audi A6 condotta da un 48enne del posto, mentre un ferito \u00e8 stato preso in cura dal personale sanitario del SUEM che lo ha stabilizzato per trasferirlo in ospedale con l&#8217;eliambulanza. Durante i soccorsi la circolazione \u00e8 rimasta interrotta. I Carabinieri hanno eseguito i rilievi del sinistro.<\/p>\n\n\t\t\t<style type='text\/css'>\n\t\t\t\t#gallery-1 {\n\t\t\t\t\tmargin: auto;\n\t\t\t\t}\n\t\t\t\t#gallery-1 .gallery-item {\n\t\t\t\t\tfloat: left;\n\t\t\t\t\tmargin-top: 10px;\n\t\t\t\t\ttext-align: center;\n\t\t\t\t\twidth: 50%;\n\t\t\t\t}\n\t\t\t\t#gallery-1 img {\n\t\t\t\t\tborder: 2px solid #cfcfcf;\n\t\t\t\t}\n\t\t\t\t#gallery-1 .gallery-caption {\n\t\t\t\t\tmargin-left: 0;\n\t\t\t\t}\n\t\t\t\t\/* see gallery_shortcode() in wp-includes\/media.php *\/\n\t\t\t<\/style>\n\t\t<div id='gallery-1' class='dt-gallery-container gallery galleryid-270844 gallery-columns-2 gallery-size-thumbnail'><dl class='gallery-item'>\n\t\t\t\t<dt class='gallery-icon landscape'>\n\t\t\t\t\t<a class=\"rollover rollover-zoom dt-pswp-item\" title=\"613776b2-fd04-4e82-b9b5-4037692f2290\" data-dt-img-description=\"\" data-large_image_width=\"936\" data-large_image_height=\"580\"href='https:\/\/www.radiopiu.net\/wordpress\/wp-content\/uploads\/2022\/04\/613776b2-fd04-4e82-b9b5-4037692f2290.jpg'><img loading=\"lazy\" decoding=\"async\" width=\"150\" height=\"150\" src=\"https:\/\/www.radiopiu.net\/wordpress\/wp-content\/uploads\/2022\/04\/613776b2-fd04-4e82-b9b5-4037692f2290-150x150.jpg\" class=\"attachment-thumbnail size-thumbnail\" alt=\"\" \/><\/a>\n\t\t\t\t<\/dt><\/dl><dl class='gallery-item'>\n\t\t\t\t<dt class='gallery-icon landscape'>\n\t\t\t\t\t<a class=\"rollover rollover-zoom dt-pswp-item\" title=\"5595bf93-5e7b-43da-8484-08297fc862ba\" data-dt-img-description=\"\" data-large_image_width=\"843\" data-large_image_height=\"501\"href='https:\/\/www.radiopiu.net\/wordpress\/wp-content\/uploads\/2022\/04\/5595bf93-5e7b-43da-8484-08297fc862ba.jpg'><img loading=\"lazy\" decoding=\"async\" width=\"150\" height=\"150\" src=\"https:\/\/www.radiopiu.net\/wordpress\/wp-content\/uploads\/2022\/04\/5595bf93-5e7b-43da-8484-08297fc862ba-150x150.jpg\" class=\"attachment-thumbnail size-thumbnail\" alt=\"\" \/><\/a>\n\t\t\t\t<\/dt><\/dl><br style=\"clear: both\" \/>\n\t\t\t<\/div>\n\n<p>&nbsp;<\/p>\n<hr \/>\n<p>&nbsp;<\/p>\n<blockquote>\n<h3>INCENDIO TRA DUE CASE CANTONIERE A CIMABANCHE<\/h3>\n<\/blockquote>\n<p><strong>CORTINA <\/strong>Ieri \u00a0i Vigili del Fuoco sono stati chiamati per l\u2019incendio di un deposito di materiale in mezzo a due case cantoniere che si \u00e8 esteso anche ad una parte boschiva in localit\u00e0 Cimabanche lungo la SS 51, qualche centinaio di metri nel territorio di Dobbiaco. I pompieri arrivati da Cortina con personale permanente e volontario, e da Dobbiaco con i volontari con tre autopompe, un\u2019autobotte, hanno iniziato le operazioni di spegnimento sia del materiale che ha preso fuoco sia del sottobosco. Le cause sono in corso di accertamento.<\/p>\n\n\t\t\t<style type='text\/css'>\n\t\t\t\t#gallery-2 {\n\t\t\t\t\tmargin: auto;\n\t\t\t\t}\n\t\t\t\t#gallery-2 .gallery-item {\n\t\t\t\t\tfloat: left;\n\t\t\t\t\tmargin-top: 10px;\n\t\t\t\t\ttext-align: center;\n\t\t\t\t\twidth: 33%;\n\t\t\t\t}\n\t\t\t\t#gallery-2 img {\n\t\t\t\t\tborder: 2px solid #cfcfcf;\n\t\t\t\t}\n\t\t\t\t#gallery-2 .gallery-caption {\n\t\t\t\t\tmargin-left: 0;\n\t\t\t\t}\n\t\t\t\t\/* see gallery_shortcode() in wp-includes\/media.php *\/\n\t\t\t<\/style>\n\t\t<div id='gallery-2' class='dt-gallery-container gallery galleryid-270844 gallery-columns-3 gallery-size-thumbnail'><dl class='gallery-item'>\n\t\t\t\t<dt class='gallery-icon landscape'>\n\t\t\t\t\t<a class=\"rollover rollover-zoom dt-pswp-item\" title=\"2707bbd8-7464-420a-bbab-dfc15b8e31d8\" data-dt-img-description=\"\" data-large_image_width=\"960\" data-large_image_height=\"722\"href='https:\/\/www.radiopiu.net\/wordpress\/wp-content\/uploads\/2022\/04\/2707bbd8-7464-420a-bbab-dfc15b8e31d8.jpg'><img loading=\"lazy\" decoding=\"async\" width=\"150\" height=\"150\" src=\"https:\/\/www.radiopiu.net\/wordpress\/wp-content\/uploads\/2022\/04\/2707bbd8-7464-420a-bbab-dfc15b8e31d8-150x150.jpg\" class=\"attachment-thumbnail size-thumbnail\" alt=\"\" \/><\/a>\n\t\t\t\t<\/dt><\/dl><dl class='gallery-item'>\n\t\t\t\t<dt class='gallery-icon landscape'>\n\t\t\t\t\t<a class=\"rollover rollover-zoom dt-pswp-item\" title=\"6b52612f-18bd-4f35-88c8-d2974803f6cf\" data-dt-img-description=\"\" data-large_image_width=\"960\" data-large_image_height=\"662\"href='https:\/\/www.radiopiu.net\/wordpress\/wp-content\/uploads\/2022\/04\/6b52612f-18bd-4f35-88c8-d2974803f6cf.jpg'><img loading=\"lazy\" decoding=\"async\" width=\"150\" height=\"150\" src=\"https:\/\/www.radiopiu.net\/wordpress\/wp-content\/uploads\/2022\/04\/6b52612f-18bd-4f35-88c8-d2974803f6cf-150x150.jpg\" class=\"attachment-thumbnail size-thumbnail\" alt=\"\" \/><\/a>\n\t\t\t\t<\/dt><\/dl><dl class='gallery-item'>\n\t\t\t\t<dt class='gallery-icon landscape'>\n\t\t\t\t\t<a class=\"rollover rollover-zoom dt-pswp-item\" title=\"3a1dda4c-fa68-438c-9e7f-41a60ce18a77\" data-dt-img-description=\"\" data-large_image_width=\"960\" data-large_image_height=\"635\"href='https:\/\/www.radiopiu.net\/wordpress\/wp-content\/uploads\/2022\/04\/3a1dda4c-fa68-438c-9e7f-41a60ce18a77.jpg'><img loading=\"lazy\" decoding=\"async\" width=\"150\" height=\"150\" src=\"https:\/\/www.radiopiu.net\/wordpress\/wp-content\/uploads\/2022\/04\/3a1dda4c-fa68-438c-9e7f-41a60ce18a77-150x150.jpg\" class=\"attachment-thumbnail size-thumbnail\" alt=\"\" \/><\/a>\n\t\t\t\t<\/dt><\/dl><br style=\"clear: both\" \/>\n\t\t\t<\/div>\n\n<p>&nbsp;<\/p>\n<p>&nbsp;<\/p>\n<p>&nbsp;<\/p>\n<hr \/>\n<p>&nbsp;<\/p>\n<blockquote>\n<h3 class=\"entry-title\">DUE TURISTI CINESI SI PERDONO SULLE TRE CIME<\/h3>\n<\/blockquote>\n<p><strong><img loading=\"lazy\" decoding=\"async\" class=\"alignleft\" src=\"https:\/\/www.radiopiu.net\/wordpress\/wp-content\/uploads\/2021\/11\/salt_20211107_203951_950.jpg\" width=\"156\" height=\"117\" \/>AURONZO\u00a0<\/strong> Sono stati ritrovati nella notte tra sabato e domenica, bagnati e con possibili principi di ipotermia, i due turisti ventenni cinesi non rientrati da una camminata sulle Tre Cime di Lavaredo. Attorno alle 20 il Soccorso alpino di Auronzo era stato allertato poich\u00e9, partiti per un\u2019escursione assieme a un\u2019altra coppia di connazionali che si era fermata al Rifugio Auronzo, il ragazzo e la ragazza avevano deciso di proseguire e fare il giro delle Tre Cime. A sera gli amici, rientrati al Lago d\u2019Antorno, dopo averli aspettati invano senza riuscire a parlare con loro al cellulare, avevano lanciato l\u2019allarme. Due squadre di soccorritori da Auronzo \u2013 allertato anche il Soccorso alpino di Dobbiaco per avviare la ricerca sul versante altoatesino \u2013 hanno quindi avviato le perlustrazioni partendo in senso orario e antiorario, assieme al Sagf di Auronzo e Prato alla Drava. Arrivati al Rifugio Locatelli senza rinvenirli, fortunatamente, passata mezzanotte e mezza, \u00e8 arrivata la notizia che la coppia era stata ritrovata in Val Rienza, in Pusteria, da dove stava scendendo. I ragazzi non erano feriti, ma ghiacciati dal freddo poich\u00e9 indossavano vestiti leggeri. Recuperati dall\u2019elicottero dell\u2019Aiut Alpin Dolomites, i due sono stati trasportati all\u2019ospedale per gli accertamenti del caso.<\/p>\n<p>&nbsp;<\/p>\n<p>&nbsp;<\/p>\n<hr \/>\n<p>&nbsp;<\/p>\n<blockquote>\n<h3>DUE INTERVENTI IN MONTAGNA, A CORTINA E BORCA DI CADORE<\/h3>\n<\/blockquote>\n<p><strong><a class=\"dt-pswp-item\" href=\"https:\/\/www.radiopiu.net\/wordpress\/wp-content\/uploads\/2018\/08\/soccorsoalpino.jpg\" data-dt-img-description=\"\" data-large_image_width=\"1200\" data-large_image_height=\"1200\"><img loading=\"lazy\" decoding=\"async\" class=\"size-thumbnail wp-image-59164 alignleft\" src=\"https:\/\/www.radiopiu.net\/wordpress\/wp-content\/uploads\/2018\/08\/soccorsoalpino-150x150.jpg\" alt=\"\" width=\"150\" height=\"150\" srcset=\"https:\/\/www.radiopiu.net\/wordpress\/wp-content\/uploads\/2018\/08\/soccorsoalpino-150x150.jpg 150w, https:\/\/www.radiopiu.net\/wordpress\/wp-content\/uploads\/2018\/08\/soccorsoalpino-300x300.jpg 300w, https:\/\/www.radiopiu.net\/wordpress\/wp-content\/uploads\/2018\/08\/soccorsoalpino-768x768.jpg 768w, https:\/\/www.radiopiu.net\/wordpress\/wp-content\/uploads\/2018\/08\/soccorsoalpino-1024x1024.jpg 1024w, https:\/\/www.radiopiu.net\/wordpress\/wp-content\/uploads\/2018\/08\/soccorsoalpino.jpg 1200w\" sizes=\"auto, (max-width: 150px) 100vw, 150px\" \/><\/a>CORTINA<\/strong> Domenica attorno alle 13 la Centrale del Suem ha allertato il Soccorso alpino di Cortina, per un&#8217;escursionista bloccata dalla paura mentre da sola stava risalendo il sentiero numero 413, che dal Lago Ghedina sale al Col Drusci\u00e8. C.V., 48 anni, di Venezia \u00e8 stata raggiunta a 1.650 metri di quota e riaccompagnata a valle.<\/p>\n<p><strong>BORCA DI CADORE <\/strong>Sempre domenica verso le 13.20 il Soccorso alpino di San Vito di Cadore \u00e8 invece intervenuto lungo il sentiero 475 che scende da Malga Ciauta, a Borca di Cadore, poich\u00e9 una donna era scivolata sul ghiaccio nascosto dal fogliame, riportando un sospetto trauma alla caviglia. Ad A.B., 59 anni, di Padova, che si trovava con il marito, sono state prestate le prime cure dai soccorritori, che poi la hanno accompagnata all&#8217;ambulanza partita in direzione dell&#8217;ospedale di Cortina.<\/p>\n<p>&nbsp;<\/p>\n<p>&nbsp;<\/p>\n<p>&nbsp;<\/p>\n<hr \/>\n<p>&nbsp;<\/p>\n<blockquote>\n<h3>ESCURSIONISTA PERDE L&#8217;ORIENTAMENTO<\/h3>\n<\/blockquote>\n<p><strong><a class=\"dt-pswp-item\" href=\"https:\/\/www.radiopiu.net\/wordpress\/wp-content\/uploads\/2022\/04\/salt_20220418_183737_986.jpg\" data-dt-img-description=\"\" data-large_image_width=\"1773\" data-large_image_height=\"2364\"><img loading=\"lazy\" decoding=\"async\" class=\"size-thumbnail wp-image-271140 alignleft\" src=\"https:\/\/www.radiopiu.net\/wordpress\/wp-content\/uploads\/2022\/04\/salt_20220418_183737_986-150x150.jpg\" alt=\"\" width=\"150\" height=\"150\" \/><\/a>LONGARONE<\/strong> Ieri alle 13.30 circa la Centrale del Suem ha allertato il Soccorso alpino di Longarone, a seguito della chiamata di un&#8217;escursionista che aveva perso l&#8217;orientamento lungo il percorso ad anello che parte da Casso e segue il sentiero numero 395. Arrivata nella zona di Casera Dogarei, F.S., 56 anni, di Roncade (TV), aveva smarrito la direzione corretta e, dopo aver tentato di ritrovare la traccia esatta, intimorita anche dal fatto di essere scivolata senza fortunatamente riportare conseguenze, aveva chiesto aiuto. Risaliti alle coordinate del punto, i soccorritori la hanno raggiunta in poco meno di un&#8217;ora a piedi e sono rientrati con lei, assicurandola alla corda nel superamento di un tratto esposto, fino alla macchina parcheggiata a Casso.<\/p>\n<p>&nbsp;<\/p>\n<p>&nbsp;<\/p>\n<hr \/>\n<p>&nbsp;<\/p>\n<blockquote>\n<h3>FUORI PERICOLO IL FINANZIERE PRECIPITATO A TRIESTE<\/h3>\n<\/blockquote>\n<p><strong>REDAZIONE<\/strong> Alberto Boscarato \u00e8 ancora ricoverato al Cattinara di Trieste, come gi\u00e0 anticipato i tempi di guarigione si preannunciano lunghi, ma \u00e8 fuori pericolo di vita. il 35enne militare del Soccorso Alpino della Guardia di Finanza in servizio ad Auronzo \u00e8 precipitato da un&#8217;altezza di 12 metri mentre stava arrampicando sopra San Dorlingo, i medici triestini hanno diagnosticato da subito la frattura del bacino.<\/p>\n<p><span style=\"color: #ff0000;\"><strong>SABATO ALLA RADIO\u00a0<\/strong><\/span><\/p>\n<blockquote>\n<h3 class=\"entry-title\">PRECIPITA IN VAL ROSANDRA, BELLUNESE AL CATTINARA<\/h3>\n<\/blockquote>\n<p><strong><img loading=\"lazy\" decoding=\"async\" class=\"alignleft\" src=\"https:\/\/www.radiopiu.net\/wordpress\/wp-content\/uploads\/2022\/04\/soccorso-alpino-1024x602-1.jpg\" width=\"158\" height=\"93\" \/>TRIESTE\u00a0<\/strong>Il soccorso alpino friulano \u00e8 stato chiamato per un delicato intervento, sabato in val Rosandra. Delicato e difficile perch\u00e9 ostacolato dalle raffiche di bora. Un bellunese, Alberto Boscarato, militare della Guardia di Finanza in forza al Soccorso Alpino della stazione di Auronzo\u00a0 \u00e8 infatti caduto mentre stava arrampicando, a dare l\u2019allarme i familiari che erano con lui. Intervenuto l\u2019Elisoccorso del Friuli Venezia Giulia ha dovuto fare rientro alla base per la presenza del forte vento. CI hanno pensato le squadra di terra con 8 tecnici a recuperare l\u2019uomo di 35 anni per poi trasportarlo all\u2019ospedale Cattinara dove gli sono state diagnosticate diverse fratture e soprattutto un \u00a0trauma al bacino.\u00a0 L\u2019incidente \u00e8 avvenuto attorno alle 10.30,\u00a0 la squadra del distaccamento di Muggia e il personale specialista Saf (Speleo Alpino Fluviale) dei vigili del fuoco di Trieste sono arrivati sul posto assieme al personale sanitario del 118 e del Cnsas(Corpo Nazionale Soccorso Alpino Speleologico). L\u2019uomo \u00e8 stato posizionato sulla barella portantina ed \u00e8 stato trasportato fino al luogo dove si trovava l\u2019ambulanza.<\/p>\n<p>&nbsp;<\/p>\n<p>&nbsp;<\/p>\n<p>&nbsp;<\/p>\n<hr \/>\n<p>&nbsp;<\/p>\n<blockquote>\n<h3 class=\"entry-title\">INCIDENTE IN VALLE DI SAN LUCANO, 71ENNE IN OSPEDALE<\/h3>\n<\/blockquote>\n<p><strong>TAIBON<\/strong> Sabato verso le 14.40 la Centrale del Suem ha allertato il Soccorso alpino di Agordo per un ciclista caduto con la propria mountain bike, lungo uno dei sentieri che dalla Valle di San Lucano porta in localit\u00e0 Val. Il 71enne di Taibon Agordino (BL), che era caduto nella scarpata laterale e lamentava dolori alla schiena e a una mano, \u00e8 stato raggiunto da due soccorritori e dal personale sanitario dell\u2019ambulanza. Recuperato, l\u2019infortunato \u00e8 stato trasportato all\u2019ospedale.<\/p>\n<p>&nbsp;<\/p>\n<hr \/>\n<p>&nbsp;<\/p>\n<blockquote>\n<h3 class=\"entry-title\">LE INSIDIE DEL MONOPATTINO, CADE IN VIA FELTRE<\/h3>\n<\/blockquote>\n<p><strong><img loading=\"lazy\" decoding=\"async\" class=\"alignleft\" src=\"https:\/\/www.radiopiu.net\/wordpress\/wp-content\/uploads\/2022\/04\/th-12.jpg\" width=\"158\" height=\"82\" \/>BELLUNO<\/strong>. Anche il monopattino pur con velocit\u00e0 limitata pu\u00f2 portare a serie conseguenze per chi lo guida. Ne \u00e8 da esempio quanto successo nel giorno di Pasqua in via Feltre a Belluno dove un uomo si \u00e8 ritrovato dolorante sull\u2019asfalto. L\u2019ambulanza o ha trasportato all\u2019ospedale San Martino per curare le ferite fortunatamente non gravi. Nessun\u2019altro coinvolto nell\u2019incidente.<\/p>\n<p>&nbsp;<\/p>\n<hr \/>\n<p>&nbsp;<\/p>\n<blockquote>\n<h3>LO CERCANO TUTTA LA NOTTE, RITROVATO A FELTRE<\/h3>\n<\/blockquote>\n<p><a class=\"dt-pswp-item\" href=\"https:\/\/www.radiopiu.net\/wordpress\/wp-content\/uploads\/2022\/04\/278789424_5869281616420517_6534649778442966280_n.jpg\" data-dt-img-description=\"\" data-large_image_width=\"720\" data-large_image_height=\"540\"><img loading=\"lazy\" decoding=\"async\" class=\"alignleft wp-image-271073 \" src=\"https:\/\/www.radiopiu.net\/wordpress\/wp-content\/uploads\/2022\/04\/278789424_5869281616420517_6534649778442966280_n-300x225.jpg\" alt=\"\" width=\"158\" height=\"119\" srcset=\"https:\/\/www.radiopiu.net\/wordpress\/wp-content\/uploads\/2022\/04\/278789424_5869281616420517_6534649778442966280_n-300x225.jpg 300w, https:\/\/www.radiopiu.net\/wordpress\/wp-content\/uploads\/2022\/04\/278789424_5869281616420517_6534649778442966280_n.jpg 720w\" sizes=\"auto, (max-width: 158px) 100vw, 158px\" \/><\/a><strong>SANTA GIUSTINA.<\/strong> Pasqua di riposo, ma non per tutti, non per gli uomini e donne del Soccorso Alpino intervenuti allertati dal 118 e quindi per chi \u00e8 impegnato nei servizi sanitari. Pasqua impegnativa anche per i vigili del fuoco e Carabinieri che sabato sera sono stati allertati per la scomparsa di un uomo. L&#8217;allarme \u00e8 arrivato al Comando di Belluno attorno alle 22 dopo che la famiglia ne ha denunciato la scomparsa ai Carabinieri. In Prefettura la riunione in emergenza per il coordinamento della operazioni di ricerca che si sono concluse oggi all&#8217;ora di pranzo quando i Carabinieri hanno visto l&#8217;uomo nel feltrino. In buone condizioni &#8211; nonostante la notte all&#8217;addiaccio &#8211; ha fatto poi ritorno alla propria abitazione.<\/p>\n<p><strong>foto Franco Magrin (facebook)<\/strong><\/p>\n<p>&nbsp;<\/p>\n<p>&nbsp;<\/p>\n<p>&nbsp;<\/p>\n<hr \/>\n<p>&nbsp;<\/p>\n<blockquote>\n<h3>MINACCIA CHIODI SUL PERCORSO DEL GIRO D&#8217;ITALIA<\/h3>\n<\/blockquote>\n<p><strong><img loading=\"lazy\" decoding=\"async\" class=\"alignleft\" src=\"https:\/\/www.radiopiu.net\/wordpress\/wp-content\/uploads\/2021\/11\/GIRO-FESTA.jpg\" width=\"255\" height=\"192\" \/>BELLUNO<\/strong> Le indagini saranno inevitabili dopo le invettive registrare dalla pagina social del Presidente della Provincia Roberto Padrin. Chi si definisce appassionato dei motori ed ha visto cancellato il\u00a0 Rally Bellunese per motivi di sicurezza si \u00e8 lasciato andare a commenti pesanti e preoccupanti arrivando a minacciare il sabotaggio della Belluno-Marmolada di ciclismo del prossimo 28 maggio. Paolo Giomo risponde <em>&#8220;Andremmo a mettere i chiodi&#8221;<\/em>, Leo Elbiker\u00a0 promette: <em>\u00abBlocchiamo <a class=\"dt-pswp-item\" href=\"https:\/\/www.radiopiu.net\/wordpress\/wp-content\/uploads\/2022\/03\/116879682_10218174783262531_6874144011382447312_n.jpg\" data-dt-img-description=\"\" data-large_image_width=\"952\" data-large_image_height=\"960\"><img loading=\"lazy\" decoding=\"async\" class=\"size-thumbnail wp-image-267357 alignright\" src=\"https:\/\/www.radiopiu.net\/wordpress\/wp-content\/uploads\/2022\/03\/116879682_10218174783262531_6874144011382447312_n-150x150.jpg\" alt=\"\" width=\"150\" height=\"150\" srcset=\"https:\/\/www.radiopiu.net\/wordpress\/wp-content\/uploads\/2022\/03\/116879682_10218174783262531_6874144011382447312_n-150x150.jpg 150w, https:\/\/www.radiopiu.net\/wordpress\/wp-content\/uploads\/2022\/03\/116879682_10218174783262531_6874144011382447312_n-298x300.jpg 298w, https:\/\/www.radiopiu.net\/wordpress\/wp-content\/uploads\/2022\/03\/116879682_10218174783262531_6874144011382447312_n-768x774.jpg 768w, https:\/\/www.radiopiu.net\/wordpress\/wp-content\/uploads\/2022\/03\/116879682_10218174783262531_6874144011382447312_n.jpg 952w\" sizes=\"auto, (max-width: 150px) 100vw, 150px\" \/><\/a>le strade&#8230; al passaggio del Giro tutti in mezzo alla strada\u00bb.<\/em> Il presidente Roberto Padrin, &#8220;<em>Mi auguro che questi toni cos\u00ec violenti non corrispondano a delle reali intenzioni, perch\u00e9 sarebbe molto grave. Spero siano solo delle boutade, ma sono il primo a dire che non bisognerebbe superare certi limiti\u00bb<\/em>. Anche perch\u00e9 la \u00a0Provincia e i Comuni avevano autorizzato la corsa, il diniego \u00e8 arrivato due giorni prima dalla Prefettura di Belluno.<\/p>\n<p><strong>IL PRESIDENTE DELLA PROVINCIA ROBERTO PADRIN<\/strong><\/p>\n<audio class=\"wp-audio-shortcode\" id=\"audio-270844-1\" preload=\"none\" style=\"width: 100%;\" controls=\"controls\"><source type=\"audio\/mpeg\" src=\"https:\/\/www.radiopiu.net\/wordpress\/wp-content\/uploads\/2022\/04\/ROBERTO.mp3?_=1\" \/><a href=\"https:\/\/www.radiopiu.net\/wordpress\/wp-content\/uploads\/2022\/04\/ROBERTO.mp3\">https:\/\/www.radiopiu.net\/wordpress\/wp-content\/uploads\/2022\/04\/ROBERTO.mp3<\/a><\/audio>\n<p>&nbsp;<\/p>\n<p><span style=\"color: #ff00ff;\"><strong>FOTO ARCHIVIO RADIO PIU: QUANDO PASSA IL GIRO E&#8217; SEMPRE UN FESTA<\/strong><\/span><\/p>\n<p>&nbsp;<\/p>\n<p>&nbsp;<\/p>\n<hr \/>\n<p>&nbsp;<\/p>\n<blockquote>\n<h3><a class=\"dt-pswp-item\" href=\"https:\/\/www.radiopiu.net\/wordpress\/wp-content\/uploads\/2022\/04\/278891815_4970395946407064_3516839084108237889_n-1.jpg\" data-dt-img-description=\"\" data-large_image_width=\"513\" data-large_image_height=\"640\"><img loading=\"lazy\" decoding=\"async\" class=\" wp-image-271198 alignleft\" src=\"https:\/\/www.radiopiu.net\/wordpress\/wp-content\/uploads\/2022\/04\/278891815_4970395946407064_3516839084108237889_n-1-150x150.jpg\" alt=\"\" width=\"140\" height=\"140\" \/><\/a>SP 251 LE PROTESTE PER LA CHIUSURA A MOTO E BICICLETTE<\/h3>\n<\/blockquote>\n<p><strong>VAL DI ZOLDO<\/strong> Niente motociclisti e cicloturisti verso lo zoldano con evidenti danni per le atItvit\u00e0 commerciali.Il sindaco Camillo De Pellegrin non si sottrae a questa singolare forma di protesta. Sta pubblicando un post con i cartelli che vietano il transito a moto e cicli, con il conteggio dei giorni di chiusura: pi\u00f9 7 a ieri. E una domanda: &#8220;Dall&#8217;11 aprile 2022 al&#8230;. ?&#8221;.\u00ab Quotidianamente provveder\u00f2 ad aggiornare il conteggio e poi chiederemo il conto, quello vero\u00bb, spiega il sindaco. Oggi saranno inviate le lettere dal Municipio\u00a0 alla Provincia e alla Regione<\/p>\n<p><strong>L&#8217;INTERVISTA AL SINDACO CAMILLO DE PELLEGRIN<\/strong><\/p>\n<audio class=\"wp-audio-shortcode\" id=\"audio-270844-2\" preload=\"none\" style=\"width: 100%;\" controls=\"controls\"><source type=\"audio\/mpeg\" src=\"https:\/\/www.radiopiu.net\/wordpress\/wp-content\/uploads\/2022\/04\/camillo.mp3?_=2\" \/><a href=\"https:\/\/www.radiopiu.net\/wordpress\/wp-content\/uploads\/2022\/04\/camillo.mp3\">https:\/\/www.radiopiu.net\/wordpress\/wp-content\/uploads\/2022\/04\/camillo.mp3<\/a><\/audio>\n<p>&nbsp;<\/p>\n<p>&nbsp;<\/p>\n<p>&nbsp;<\/p>\n<hr \/>\n<p>&nbsp;<\/p>\n<blockquote class=\"wp-embedded-content\" data-secret=\"XzMX8oa0Qt\"><p><a href=\"https:\/\/www.radiopiu.net\/wordpress\/aggnazionaleaprile18\/\">CORONAVIRUS: AGGIORNAMENTO NAZIONALE  18 APRILE 2022<\/a><\/p><\/blockquote>\n<p><iframe loading=\"lazy\" class=\"wp-embedded-content\" sandbox=\"allow-scripts\" security=\"restricted\" style=\"position: absolute; clip: rect(1px, 1px, 1px, 1px);\" title=\"&#8220;CORONAVIRUS: AGGIORNAMENTO NAZIONALE  18 APRILE 2022&#8221; &#8212; Radio Pi\u00f9\" src=\"https:\/\/www.radiopiu.net\/wordpress\/aggnazionaleaprile18\/embed\/#?secret=9PPoJyGKcQ#?secret=XzMX8oa0Qt\" data-secret=\"XzMX8oa0Qt\" width=\"600\" height=\"338\" frameborder=\"0\" marginwidth=\"0\" marginheight=\"0\" scrolling=\"no\"><\/iframe><\/p>\n<p>&nbsp;<\/p>\n<h2 dir=\"auto\">I GRAFICI DI TIZIANO DE COL<\/h2>\n\n\t\t\t<style type='text\/css'>\n\t\t\t\t#gallery-3 {\n\t\t\t\t\tmargin: auto;\n\t\t\t\t}\n\t\t\t\t#gallery-3 .gallery-item {\n\t\t\t\t\tfloat: left;\n\t\t\t\t\tmargin-top: 10px;\n\t\t\t\t\ttext-align: center;\n\t\t\t\t\twidth: 33%;\n\t\t\t\t}\n\t\t\t\t#gallery-3 img {\n\t\t\t\t\tborder: 2px solid #cfcfcf;\n\t\t\t\t}\n\t\t\t\t#gallery-3 .gallery-caption {\n\t\t\t\t\tmargin-left: 0;\n\t\t\t\t}\n\t\t\t\t\/* see gallery_shortcode() in wp-includes\/media.php *\/\n\t\t\t<\/style>\n\t\t<div id='gallery-3' class='dt-gallery-container gallery galleryid-270844 gallery-columns-3 gallery-size-thumbnail'><dl class='gallery-item'>\n\t\t\t\t<dt class='gallery-icon landscape'>\n\t\t\t\t\t<a class=\"rollover rollover-zoom dt-pswp-item\" title=\"4ba309e1-efd7-402d-a01f-14f0808e6d93\" data-dt-img-description=\"\" data-large_image_width=\"596\" data-large_image_height=\"363\"href='https:\/\/www.radiopiu.net\/wordpress\/wp-content\/uploads\/2022\/04\/4ba309e1-efd7-402d-a01f-14f0808e6d93.jpg'><img loading=\"lazy\" decoding=\"async\" width=\"150\" height=\"150\" src=\"https:\/\/www.radiopiu.net\/wordpress\/wp-content\/uploads\/2022\/04\/4ba309e1-efd7-402d-a01f-14f0808e6d93-150x150.jpg\" class=\"attachment-thumbnail size-thumbnail\" alt=\"\" \/><\/a>\n\t\t\t\t<\/dt><\/dl><dl class='gallery-item'>\n\t\t\t\t<dt class='gallery-icon landscape'>\n\t\t\t\t\t<a class=\"rollover rollover-zoom dt-pswp-item\" title=\"f062c328-a43e-4e9f-a1be-d46050e80541\" data-dt-img-description=\"\" data-large_image_width=\"602\" data-large_image_height=\"364\"href='https:\/\/www.radiopiu.net\/wordpress\/wp-content\/uploads\/2022\/04\/f062c328-a43e-4e9f-a1be-d46050e80541.jpg'><img loading=\"lazy\" decoding=\"async\" width=\"150\" height=\"150\" src=\"https:\/\/www.radiopiu.net\/wordpress\/wp-content\/uploads\/2022\/04\/f062c328-a43e-4e9f-a1be-d46050e80541-150x150.jpg\" class=\"attachment-thumbnail size-thumbnail\" alt=\"\" \/><\/a>\n\t\t\t\t<\/dt><\/dl><dl class='gallery-item'>\n\t\t\t\t<dt class='gallery-icon landscape'>\n\t\t\t\t\t<a class=\"rollover rollover-zoom dt-pswp-item\" title=\"de4b06d9-fcbc-4679-9153-b16b44f32d0f\" data-dt-img-description=\"\" data-large_image_width=\"618\" data-large_image_height=\"363\"href='https:\/\/www.radiopiu.net\/wordpress\/wp-content\/uploads\/2022\/04\/de4b06d9-fcbc-4679-9153-b16b44f32d0f.jpg'><img loading=\"lazy\" decoding=\"async\" width=\"150\" height=\"150\" src=\"https:\/\/www.radiopiu.net\/wordpress\/wp-content\/uploads\/2022\/04\/de4b06d9-fcbc-4679-9153-b16b44f32d0f-150x150.jpg\" class=\"attachment-thumbnail size-thumbnail\" alt=\"\" \/><\/a>\n\t\t\t\t<\/dt><\/dl><br style=\"clear: both\" \/><dl class='gallery-item'>\n\t\t\t\t<dt class='gallery-icon landscape'>\n\t\t\t\t\t<a class=\"rollover rollover-zoom dt-pswp-item\" title=\"ef8e8ffc-ac7e-4ce4-8034-acf9bb011365\" data-dt-img-description=\"\" data-large_image_width=\"610\" data-large_image_height=\"358\"href='https:\/\/www.radiopiu.net\/wordpress\/wp-content\/uploads\/2022\/04\/ef8e8ffc-ac7e-4ce4-8034-acf9bb011365.jpg'><img loading=\"lazy\" decoding=\"async\" width=\"150\" height=\"150\" src=\"https:\/\/www.radiopiu.net\/wordpress\/wp-content\/uploads\/2022\/04\/ef8e8ffc-ac7e-4ce4-8034-acf9bb011365-150x150.jpg\" class=\"attachment-thumbnail size-thumbnail\" alt=\"\" \/><\/a>\n\t\t\t\t<\/dt><\/dl><dl class='gallery-item'>\n\t\t\t\t<dt class='gallery-icon landscape'>\n\t\t\t\t\t<a class=\"rollover rollover-zoom dt-pswp-item\" title=\"ac8037cc-62ec-4a51-b79f-34ab54960e8d\" data-dt-img-description=\"\" data-large_image_width=\"610\" data-large_image_height=\"380\"href='https:\/\/www.radiopiu.net\/wordpress\/wp-content\/uploads\/2022\/04\/ac8037cc-62ec-4a51-b79f-34ab54960e8d.jpg'><img loading=\"lazy\" decoding=\"async\" width=\"150\" height=\"150\" src=\"https:\/\/www.radiopiu.net\/wordpress\/wp-content\/uploads\/2022\/04\/ac8037cc-62ec-4a51-b79f-34ab54960e8d-150x150.jpg\" class=\"attachment-thumbnail size-thumbnail\" alt=\"\" \/><\/a>\n\t\t\t\t<\/dt><\/dl><dl class='gallery-item'>\n\t\t\t\t<dt class='gallery-icon landscape'>\n\t\t\t\t\t<a class=\"rollover rollover-zoom dt-pswp-item\" title=\"ca93d008-8e50-4d23-a9b9-896bd6d8df4c\" data-dt-img-description=\"\" data-large_image_width=\"610\" data-large_image_height=\"359\"href='https:\/\/www.radiopiu.net\/wordpress\/wp-content\/uploads\/2022\/04\/ca93d008-8e50-4d23-a9b9-896bd6d8df4c.jpg'><img loading=\"lazy\" decoding=\"async\" width=\"150\" height=\"150\" src=\"https:\/\/www.radiopiu.net\/wordpress\/wp-content\/uploads\/2022\/04\/ca93d008-8e50-4d23-a9b9-896bd6d8df4c-150x150.jpg\" class=\"attachment-thumbnail size-thumbnail\" alt=\"\" \/><\/a>\n\t\t\t\t<\/dt><\/dl><br style=\"clear: both\" \/>\n\t\t\t<\/div>\n\n<p>&nbsp;<\/p>\n<hr \/>\n<p>&nbsp;<\/p>\n<p><strong>ULSS1<\/strong> Il team sorveglianza e il call center covid (0437\/514343) nelle giornate festive di aprile saranno attivi nei seguenti orari: domenica 24 e luned\u00ec 25 pv: dalle 8 alle 13. Nelle altre giornate \u00e8 confermata l&#8217;operativit\u00e0 8.00-18.00<\/p>\n<div><\/div>\n<p>&nbsp;<\/p>\n<hr \/>\n<blockquote>\n<h3>QUARTA DOSE, PRENOTABILE ON LINE<\/h3>\n<\/blockquote>\n<p><strong>BELLUNO<\/strong> E&#8217; prenotabile online la seconda dose booster (quarta dose) del vaccino anti-Covid, accedendo al seguente link: https:\/\/vaccinicovid.regione.veneto.it\/ulss1 Possono prenotarsi: \u2981 le persone di et\u00e0 superiore agli 80 anni; \u2981 le persone con elevata fragilit\u00e0 (allegato 2 alla circolare ministeriale) di et\u00e0 superiore ai 60 anni. Questa modalit\u00e0 di offerta si affianca alla vaccinazione degli ospiti delle case di riposo e alle sedute vaccinali organizzate dai Medici di Medicina Generale.<\/p>\n<p>&nbsp;<\/p>\n<p>&nbsp;<\/p>\n<hr \/>\n<p>&nbsp;<\/p>\n<blockquote>\n<h3 class=\"p1\"><span class=\"s1\">MEDICI DI BASE, LA PROVINCIA CHIEDE AI PARLAMENTARI BELLUNESI UN\u2019OPERAZIONE DI MORAL SUSASION<\/span><\/h3>\n<\/blockquote>\n<p class=\"p1\"><span class=\"s1\"><strong>BELLUNO <\/strong>\u00ab<em>I giovani medici che prestano servizio sul territorio mentre frequentano la specialit\u00e0 di cure primarie devono avere il giusto riconoscimento del lavoro sul campo. Altrimenti non si risolver\u00e0 mai il problema della carenza di figure professionali in campo sanitario<\/em>\u00bb. Lo afferma la consigliera provinciale Serenella Bogana, delegata all\u2019istruzione e alla formazione.<\/span><\/p>\n<p>&nbsp;<\/p>\n<p>&nbsp;<\/p>\n<hr \/>\n<p>&nbsp;<\/p>\n<blockquote>\n<h3>LA DONAZIONE DEL ROTARY AL CENTRO DI ACCOGLIENZA PER I PROFUGHI UCRAINI<\/h3>\n<\/blockquote>\n<p><strong><img loading=\"lazy\" decoding=\"async\" class=\"alignleft\" src=\"https:\/\/www.radiopiu.net\/wordpress\/wp-content\/uploads\/2022\/04\/636b807e-7d02-4249-834b-f9eb75071020.jpg\" width=\"240\" height=\"135\" \/>BELLUNO<\/strong> Il Rotary Club Belluno dona la lavagna Lim al centro accoglienza ucraini presso la ex caserma dei vigili del fuoco di Belluno-Mussoi. Una giornata speciale con un regalo speciale in un&#8217;aula studio attrezzata grazie all&#8217;impegno della Protezione Civile con tanto di connessione internet. L&#8217;Istituto Comprensivo Cpa,\u00a0 due volte alla settimana,\u00a0 si impegner\u00e0 ad insegnare l&#8217;italiano. La lavagna interattiva permetter\u00e0 di fare lezioni ad adulti a bambini. I ragazzi potranno anche collegarsi in Dad con le scuole dell&#8217;Ucraina per continuare nel loro percorso formativo. Terminata l&#8217;emergenza la lavagna sar\u00e0 collocata alla scuole Gabelli. Sono una quarantina gli ospiti attuali della struttura bellunese, pi\u00f9 della met\u00e0 sono bambini o ragazzi, a regime c&#8217;\u00e8 spazio per 85 persone<\/p>\n<p>&nbsp;<\/p>\n<p><strong>di\u00a0 MORENO GIOLI<\/strong><\/p>\n<audio class=\"wp-audio-shortcode\" id=\"audio-270844-3\" preload=\"none\" style=\"width: 100%;\" controls=\"controls\"><source type=\"audio\/mpeg\" src=\"https:\/\/www.radiopiu.net\/wordpress\/wp-content\/uploads\/2022\/04\/gioli.mp3?_=3\" \/><a href=\"https:\/\/www.radiopiu.net\/wordpress\/wp-content\/uploads\/2022\/04\/gioli.mp3\">https:\/\/www.radiopiu.net\/wordpress\/wp-content\/uploads\/2022\/04\/gioli.mp3<\/a><\/audio>\n<p>&nbsp;<\/p>\n<p><strong>AI MICROFONI DI RADIO PIU&#8217; LA PRESIDENTE DEL ROTARY CLUB BELLUNO PATRIZIA PEDONE\u00a0<\/strong><\/p>\n<audio class=\"wp-audio-shortcode\" id=\"audio-270844-4\" preload=\"none\" style=\"width: 100%;\" controls=\"controls\"><source type=\"audio\/mpeg\" src=\"https:\/\/www.radiopiu.net\/wordpress\/wp-content\/uploads\/2022\/04\/patrizia.mp3?_=4\" \/><a href=\"https:\/\/www.radiopiu.net\/wordpress\/wp-content\/uploads\/2022\/04\/patrizia.mp3\">https:\/\/www.radiopiu.net\/wordpress\/wp-content\/uploads\/2022\/04\/patrizia.mp3<\/a><\/audio>\n<p>&nbsp;<\/p>\n<hr \/>\n<p>&nbsp;<\/p>\n<blockquote>\n<h3>LA TASSA DI SOGGIORNO UNA LINFA VITALE PER IL RILANCIO DEL TERRITORIO<\/h3>\n<\/blockquote>\n<p><strong><a class=\"dt-pswp-item\" href=\"https:\/\/www.radiopiu.net\/wordpress\/wp-content\/uploads\/2021\/08\/972ec435-fa04-49e8-bf1e-048263cab367.jpg\" data-dt-img-description=\"\" data-large_image_width=\"1024\" data-large_image_height=\"684\"><img loading=\"lazy\" decoding=\"async\" class=\"size-thumbnail wp-image-226219 alignleft\" src=\"https:\/\/www.radiopiu.net\/wordpress\/wp-content\/uploads\/2021\/08\/972ec435-fa04-49e8-bf1e-048263cab367-150x150.jpg\" alt=\"\" width=\"150\" height=\"150\" \/><\/a>FELTRE\u00a0<\/strong>Turismo nel Bellunese, dalla tassa di soggiorno linfa vitale per il rilancio del nostro territorio e per la sua promozione. Nei Comuni dell&#8217;Unione Montana Feltrina ottimi segnali di ripartenza, anche grazie alle sinergie in atto. Dario Scopel interviene nel dibattito sul mercato turistico nella nostra provincia, anche a seguito dell\u2019analisi pubblicata da un quotidiano locale in questi giorni sull\u2019andamento di arrivi e presenze negli ultimi 10 anni.<\/p>\n<p><strong>L&#8217;ASSESSORE AL TURISMO DELL&#8217;UNIONE MONTANA FELTRINA DARIO SCOPEL<\/strong><\/p>\n<audio class=\"wp-audio-shortcode\" id=\"audio-270844-5\" preload=\"none\" style=\"width: 100%;\" controls=\"controls\"><source type=\"audio\/mpeg\" src=\"https:\/\/www.radiopiu.net\/wordpress\/wp-content\/uploads\/2022\/04\/SCOPEL-TASSA-SOGGIORNO.mp3?_=5\" \/><a href=\"https:\/\/www.radiopiu.net\/wordpress\/wp-content\/uploads\/2022\/04\/SCOPEL-TASSA-SOGGIORNO.mp3\">https:\/\/www.radiopiu.net\/wordpress\/wp-content\/uploads\/2022\/04\/SCOPEL-TASSA-SOGGIORNO.mp3<\/a><\/audio>\n<p>&nbsp;<\/p>\n<hr \/>\n<p>&nbsp;<\/p>\n<blockquote>\n<h3>I FRATELLI TASSER, LE CAPRE E IL MASO A COLCUC<\/h3>\n<\/blockquote>\n<p><strong>COLLE SANTA LUCIA <\/strong>Gianni Santomaso dalle pagine del Corriere delle Alpi racconta una storia, un personaggio, un pezzo di vita dell\u2019Agordino \u201cVivere l\u2019Agordino\u201d una raccolta spaccato di vita agordina con le immancabili vignette di Erica Andrich<\/p>\n<p><strong>di Gianni Santomaso<\/strong><\/p>\n<audio class=\"wp-audio-shortcode\" id=\"audio-270844-6\" preload=\"none\" style=\"width: 100%;\" controls=\"controls\"><source type=\"audio\/mpeg\" src=\"https:\/\/www.radiopiu.net\/wordpress\/wp-content\/uploads\/2022\/04\/GIANNI-SPECIALE-AGORDINO-FRATELLI-TASSER.mp3?_=6\" \/><a href=\"https:\/\/www.radiopiu.net\/wordpress\/wp-content\/uploads\/2022\/04\/GIANNI-SPECIALE-AGORDINO-FRATELLI-TASSER.mp3\">https:\/\/www.radiopiu.net\/wordpress\/wp-content\/uploads\/2022\/04\/GIANNI-SPECIALE-AGORDINO-FRATELLI-TASSER.mp3<\/a><\/audio>\n<p>&nbsp;<\/p>\n\n\t\t\t<style type='text\/css'>\n\t\t\t\t#gallery-4 {\n\t\t\t\t\tmargin: auto;\n\t\t\t\t}\n\t\t\t\t#gallery-4 .gallery-item {\n\t\t\t\t\tfloat: left;\n\t\t\t\t\tmargin-top: 10px;\n\t\t\t\t\ttext-align: center;\n\t\t\t\t\twidth: 50%;\n\t\t\t\t}\n\t\t\t\t#gallery-4 img {\n\t\t\t\t\tborder: 2px solid #cfcfcf;\n\t\t\t\t}\n\t\t\t\t#gallery-4 .gallery-caption {\n\t\t\t\t\tmargin-left: 0;\n\t\t\t\t}\n\t\t\t\t\/* see gallery_shortcode() in wp-includes\/media.php *\/\n\t\t\t<\/style>\n\t\t<div id='gallery-4' class='dt-gallery-container gallery galleryid-270844 gallery-columns-2 gallery-size-thumbnail'><dl class='gallery-item'>\n\t\t\t\t<dt class='gallery-icon portrait'>\n\t\t\t\t\t<a class=\"rollover rollover-zoom dt-pswp-item\" title=\"1e8135fc-498c-4073-934a-f3d8c703a2f5\" data-dt-img-description=\"\" data-large_image_width=\"1372\" data-large_image_height=\"1600\"href='https:\/\/www.radiopiu.net\/wordpress\/wp-content\/uploads\/2022\/04\/1e8135fc-498c-4073-934a-f3d8c703a2f5.jpg'><img loading=\"lazy\" decoding=\"async\" width=\"150\" height=\"150\" src=\"https:\/\/www.radiopiu.net\/wordpress\/wp-content\/uploads\/2022\/04\/1e8135fc-498c-4073-934a-f3d8c703a2f5-150x150.jpg\" class=\"attachment-thumbnail size-thumbnail\" alt=\"\" \/><\/a>\n\t\t\t\t<\/dt><\/dl><dl class='gallery-item'>\n\t\t\t\t<dt class='gallery-icon landscape'>\n\t\t\t\t\t<a class=\"rollover rollover-zoom dt-pswp-item\" title=\"45acc821-b8ec-45d0-a607-ddd84092975a\" data-dt-img-description=\"\" data-large_image_width=\"2000\" data-large_image_height=\"1500\"href='https:\/\/www.radiopiu.net\/wordpress\/wp-content\/uploads\/2022\/04\/45acc821-b8ec-45d0-a607-ddd84092975a.jpg'><img loading=\"lazy\" decoding=\"async\" width=\"150\" height=\"150\" src=\"https:\/\/www.radiopiu.net\/wordpress\/wp-content\/uploads\/2022\/04\/45acc821-b8ec-45d0-a607-ddd84092975a-150x150.jpg\" class=\"attachment-thumbnail size-thumbnail\" alt=\"\" \/><\/a>\n\t\t\t\t<\/dt><\/dl><br style=\"clear: both\" \/><dl class='gallery-item'>\n\t\t\t\t<dt class='gallery-icon landscape'>\n\t\t\t\t\t<a class=\"rollover rollover-zoom dt-pswp-item\" title=\"302edab3-c336-4178-b1e6-237b5187cf76\" data-dt-img-description=\"\" data-large_image_width=\"1600\" data-large_image_height=\"901\"href='https:\/\/www.radiopiu.net\/wordpress\/wp-content\/uploads\/2022\/04\/302edab3-c336-4178-b1e6-237b5187cf76.jpg'><img loading=\"lazy\" decoding=\"async\" width=\"150\" height=\"150\" src=\"https:\/\/www.radiopiu.net\/wordpress\/wp-content\/uploads\/2022\/04\/302edab3-c336-4178-b1e6-237b5187cf76-150x150.jpg\" class=\"attachment-thumbnail size-thumbnail\" alt=\"\" \/><\/a>\n\t\t\t\t<\/dt><\/dl><dl class='gallery-item'>\n\t\t\t\t<dt class='gallery-icon landscape'>\n\t\t\t\t\t<a class=\"rollover rollover-zoom dt-pswp-item\" title=\"4207a0f2-e805-4fc4-9d67-3bbe182ba1a5\" data-dt-img-description=\"\" data-large_image_width=\"1600\" data-large_image_height=\"901\"href='https:\/\/www.radiopiu.net\/wordpress\/wp-content\/uploads\/2022\/04\/4207a0f2-e805-4fc4-9d67-3bbe182ba1a5.jpg'><img loading=\"lazy\" decoding=\"async\" width=\"150\" height=\"150\" src=\"https:\/\/www.radiopiu.net\/wordpress\/wp-content\/uploads\/2022\/04\/4207a0f2-e805-4fc4-9d67-3bbe182ba1a5-150x150.jpg\" class=\"attachment-thumbnail size-thumbnail\" alt=\"\" \/><\/a>\n\t\t\t\t<\/dt><\/dl><br style=\"clear: both\" \/>\n\t\t\t<\/div>\n\n<p>&nbsp;<\/p>\n<hr \/>\n<p>&nbsp;<\/p>\n<blockquote>\n<h3 class=\"entry-title\">PROCESSIONARIA SUL COL DI FOGLIA, IL PARERE DELL\u2019ESPERTO<\/h3>\n<\/blockquote>\n<p><strong>REDAZIONE<\/strong> Facciamo seguito all\u2019articolo precedente su segnalazione di Maurizio Rossi. L\u2019intervento \u00e8 di Silvano Savio, esperto in materia e gi\u00e0 componente attivo del servizio forestale che ringraziamo per la precisa informazione<\/p>\n<p><strong>di Silvano Savio\u00a0<\/strong><\/p>\n<p id=\"id_625c56992f51d9e84089407\" class=\"text_exposed_root text_exposed photoswipe-wrapper\"><a class=\"dt-pswp-item pspw-wrap-ready\" href=\"https:\/\/www.radiopiu.net\/wordpress\/wp-content\/uploads\/2022\/04\/278722491_7376360092405632_1923491880926795332_n.jpg\" data-dt-img-description=\"\" data-large_image_width=\"640\" data-large_image_height=\"1166\"><img loading=\"lazy\" decoding=\"async\" class=\"size-thumbnail wp-image-271068 alignleft\" src=\"https:\/\/www.radiopiu.net\/wordpress\/wp-content\/uploads\/2022\/04\/278722491_7376360092405632_1923491880926795332_n-150x150.jpg\" alt=\"\" width=\"150\" height=\"150\" \/><\/a><strong>AGORDO<\/strong>\u00a0Ci sono vari sistemi per combattere la processionaria. Uno molto semplice \u00e8 costituito dall\u2019uso di fucili da caccia con munizioni a pallini in modo da squarciare i nidi, soprattutto in inverno, in modo che il freddo uccida le larve. Un\u2019altro \u00e8 quello di tagliare il ramo dove insiste il nido e bruciare il tutto. Altra ancora, si applicano dei kit procestop lungo il tronco dell\u2019albero in modo da con<span class=\"text_exposed_show\">sentire la cattura e distruzione delle larve e comunque impedirne la discesa verso terra e bloccare il ciclo biologico che le porta verso il sottosuolo. Altro metodo \u00e8 quella della esecuzione di iniezioni nel tronco di sostanze repellenti, costituiti da insetticidi specifici, che si espandono verso la chioma, detto metodo \u201cCorradi\u201d. Se a qualcuno viene i mente la domanda: \u201d ma chi lo fa e con quali soldi e se il gioco vale candela\u201d, la risposta si trova nella domanda stessa.\u00a0<span dir=\"ltr\"><span class=\"_3l3x\">\u00c8 opportuno ricordare comunque che la lotta alla Processionaria \u00e8 resa obbligatoria in base al D.M. 30.10.2007, dove all\u2019art. 4 , nei casi in cui ci siano pericoli a persone e animali si deve attivare un servizio di profilassi da parte dell\u2019Autorit\u00e0 Sanitaria competente, cio\u00e8 il sindaco.\u00a0<\/span><\/span><\/span><span class=\"text_exposed_show\">Per concludere, ricordo che la processionaria \u00e8 una farfalla e quindi un animale che merita la stessa attenzione emotiva che viene rivolta ai lupi, caprioli, uccelli.<\/span><\/p>\n<p>&nbsp;<\/p>\n<p>&nbsp;<\/p>\n<hr \/>\n<p>&nbsp;<\/p>\n<blockquote>\n<h3>ASCA CERCA PSICOLOGI PER UN NUOVO PROGETTO NELL&#8217;AGORDINO<\/h3>\n<\/blockquote>\n<p><strong><a class=\"dt-pswp-item\" href=\"https:\/\/www.radiopiu.net\/wordpress\/wp-content\/uploads\/2020\/04\/ASCA.png\" data-dt-img-description=\"\" data-large_image_width=\"1211\" data-large_image_height=\"668\"><img loading=\"lazy\" decoding=\"async\" class=\"size-thumbnail wp-image-128881 alignleft\" src=\"https:\/\/www.radiopiu.net\/wordpress\/wp-content\/uploads\/2020\/04\/ASCA-150x150.png\" alt=\"\" width=\"150\" height=\"150\" \/><\/a>AGORDO<\/strong><\/p>\n<p>di Gianni Santomaso<\/p>\n<audio class=\"wp-audio-shortcode\" id=\"audio-270844-7\" preload=\"none\" style=\"width: 100%;\" controls=\"controls\"><source type=\"audio\/mpeg\" src=\"https:\/\/www.radiopiu.net\/wordpress\/wp-content\/uploads\/2022\/04\/GIANNI-ASCA.mp3?_=7\" \/><a href=\"https:\/\/www.radiopiu.net\/wordpress\/wp-content\/uploads\/2022\/04\/GIANNI-ASCA.mp3\">https:\/\/www.radiopiu.net\/wordpress\/wp-content\/uploads\/2022\/04\/GIANNI-ASCA.mp3<\/a><\/audio>\n<p>&nbsp;<\/p>\n<p>&nbsp;<\/p>\n<hr \/>\n<p>&nbsp;<\/p>\n<p>&nbsp;<\/p>\n<blockquote class=\"wp-embedded-content\" data-secret=\"Z5IzTI1MnU\"><p><a href=\"https:\/\/www.radiopiu.net\/wordpress\/pasquetta-in-valle-di-san-lucano-grotta-e-pont-video-e-foto\/\">PASQUETTA IN VALLE DI SAN LUCANO, GROTTA E PONT &#8211; VIDEO E FOTO<\/a><\/p><\/blockquote>\n<p><iframe loading=\"lazy\" class=\"wp-embedded-content\" sandbox=\"allow-scripts\" security=\"restricted\" style=\"position: absolute; clip: rect(1px, 1px, 1px, 1px);\" title=\"&#8220;PASQUETTA IN VALLE DI SAN LUCANO, GROTTA E PONT &#8211; VIDEO E FOTO&#8221; &#8212; Radio Pi\u00f9\" src=\"https:\/\/www.radiopiu.net\/wordpress\/pasquetta-in-valle-di-san-lucano-grotta-e-pont-video-e-foto\/embed\/#?secret=ewuwqveu1r#?secret=Z5IzTI1MnU\" data-secret=\"Z5IzTI1MnU\" width=\"600\" height=\"338\" frameborder=\"0\" marginwidth=\"0\" marginheight=\"0\" scrolling=\"no\"><\/iframe><\/p>\n<p>&nbsp;<\/p>\n<hr \/>\n<p>&nbsp;<\/p>\n<blockquote>\n<h3>NEL 2021 PRESSIONE FISCALE PIU\u2019 ALTA DI SEMPRE: QUEST\u2019ANNO, A SEGUITO DEL RINCARO DEI PREZZI, I VENETI PAGHERANNO 5 MILIARDI DI TASSE IN PIU\u2019<\/h3>\n<\/blockquote>\n<p><a class=\"dt-pswp-item\" href=\"https:\/\/www.radiopiu.net\/wordpress\/wp-content\/uploads\/2022\/04\/Schermata-2022-04-16-alle-09.14.29.png\" data-dt-img-description=\"\" data-large_image_width=\"794\" data-large_image_height=\"1752\"><img loading=\"lazy\" decoding=\"async\" class=\"alignleft size-medium wp-image-270891\" src=\"https:\/\/www.radiopiu.net\/wordpress\/wp-content\/uploads\/2022\/04\/Schermata-2022-04-16-alle-09.14.29-136x300.png\" alt=\"\" width=\"136\" height=\"300\" srcset=\"https:\/\/www.radiopiu.net\/wordpress\/wp-content\/uploads\/2022\/04\/Schermata-2022-04-16-alle-09.14.29-136x300.png 136w, https:\/\/www.radiopiu.net\/wordpress\/wp-content\/uploads\/2022\/04\/Schermata-2022-04-16-alle-09.14.29-464x1024.png 464w, https:\/\/www.radiopiu.net\/wordpress\/wp-content\/uploads\/2022\/04\/Schermata-2022-04-16-alle-09.14.29-768x1695.png 768w, https:\/\/www.radiopiu.net\/wordpress\/wp-content\/uploads\/2022\/04\/Schermata-2022-04-16-alle-09.14.29-696x1536.png 696w, https:\/\/www.radiopiu.net\/wordpress\/wp-content\/uploads\/2022\/04\/Schermata-2022-04-16-alle-09.14.29.png 794w\" sizes=\"auto, (max-width: 136px) 100vw, 136px\" \/><\/a>Se l\u2019anno scorso la pressione fiscale in Italia ha toccato il record storico del 43,5 per cento del Pil, nel 2022, invece, \u00e8 destinata a scendere al 43,1 per cento. In virt\u00f9 di ci\u00f2, solo il prossimo 7 giugno (un giorno prima di quanto successo nel 2021) gli italiani celebreranno il tanto sospirato giorno di liberazione fiscale (o \u201ctax freedom day\u201d) (vedi Tab. 1).<\/p>\n<p>In altre parole, dopo pi\u00f9 di 5 mesi dall\u2019inizio del 2022 (pari a 157 giorni lavorativi inclusi i sabati e le domeniche), il contribuente medio italiano smetter\u00e0 di lavorare per pagare tutti gli obblighi fiscali dell\u2019anno (Irpef, Imu, Iva, Tari, addizionali varie, Irap, Ires, contributi previdenziali, etc.) e dal 7 giugno inizier\u00e0 a guadagnare per se stesso e per la propria famiglia.<\/p>\n<p>Dall\u2019Ufficio studi della CGIA fanno sapere che l\u2019elaborazione di questo \u201ccontatore\u201d \u00e8 un puro esercizio teorico; tuttavia, questa analisi ha una valenza molto significativa per il Veneto e in generale per il Nordest. In primo luogo, la nostra regione ha una forte vocazione all\u2019export; pertanto, misurare il carico fiscale anche degli altri paesi \u00e8 importante per capire quanto il prelievo che grava sulle nostre Pmi costituisca un ostacolo alla diffusione dei nostri prodotti nel mondo. In secondo luogo, in Veneto la fedelt\u00e0 fiscale \u00e8 tra le pi\u00f9 alte d\u2019Italia, pertanto il nostro carico fiscale \u00e8 sicuramente sottostimato rispetto al dato medio nazionale.<\/p>\n<p><strong>Tra i big dell\u2019UE solo la Francia ha un fisco pi\u00f9 esoso del nostro<\/strong><br \/>\nDal confronto con gli altri Paesi europei non emerge un risultato particolarmente entusiasmante. Nel 2020 (ultimo anno in cui \u00e8 possibile effettuare una comparazione con i paesi Ue) i contribuenti italiani hanno lavorato per il fisco fino al 5 giugno (quasi 157 giorni lavorativi), vale a dire 4 giorni in pi\u00f9 rispetto alla media registrata nei Paesi dell\u2019area euro e 6 se, invece,\u00a0 il confronto \u00e8 realizzato con la media dei 27 Paesi che compongono l\u2019Unione europea.<\/p>\n<p>Se confrontiamo il \u201ctax freedom day\u201d italiano con quello dei nostri principali competitori economici, solo la Francia presenta un numero di giorni di lavoro necessari per pagare le tasse nettamente superiore (+19), mentre tutti gli altri hanno potuto festeggiare la liberazione fiscale in anticipo. In Germania, ad esempio, questo \u00e8 avvenuto 5 giorni prima che da noi, in Olanda 11 e in Spagna 20. Il paese pi\u00f9 virtuoso \u00e8 l\u2019Irlanda; con una pressione fiscale del 20,7 per cento, i contribuenti irlandesi assolvono gli obblighi fiscali in soli 76 giorni lavorativi, cominciando lavorare per se stessi il 16 marzo: 81 giorni prima rispetto al nostro \u201ctax freedom day\u201d (vedi Tab.2).<\/p>\n<p><strong><a class=\"dt-pswp-item\" href=\"https:\/\/www.radiopiu.net\/wordpress\/wp-content\/uploads\/2022\/04\/Schermata-2022-04-16-alle-09.14.50.png\" data-dt-img-description=\"\" data-large_image_width=\"1360\" data-large_image_height=\"822\"><img loading=\"lazy\" decoding=\"async\" class=\"alignleft size-medium wp-image-270890\" src=\"https:\/\/www.radiopiu.net\/wordpress\/wp-content\/uploads\/2022\/04\/Schermata-2022-04-16-alle-09.14.50-300x181.png\" alt=\"\" width=\"300\" height=\"181\" srcset=\"https:\/\/www.radiopiu.net\/wordpress\/wp-content\/uploads\/2022\/04\/Schermata-2022-04-16-alle-09.14.50-300x181.png 300w, https:\/\/www.radiopiu.net\/wordpress\/wp-content\/uploads\/2022\/04\/Schermata-2022-04-16-alle-09.14.50-1024x619.png 1024w, https:\/\/www.radiopiu.net\/wordpress\/wp-content\/uploads\/2022\/04\/Schermata-2022-04-16-alle-09.14.50-768x464.png 768w, https:\/\/www.radiopiu.net\/wordpress\/wp-content\/uploads\/2022\/04\/Schermata-2022-04-16-alle-09.14.50.png 1360w\" sizes=\"auto, (max-width: 300px) 100vw, 300px\" \/><\/a>Nel 2022 lo Stato incasser\u00e0 dai veneti 5 miliardi in pi\u00f9: bisogna restituire questi soldi reintroducendo il fiscal drag<\/strong><br \/>\nIl livello record di carico fiscale raggiunto nel 2021 non \u00e8 ascrivibile ad un aumento del prelievo imposto l \u2019anno scorso a famiglie e imprese, ma alla decisa crescita registrata dal Pil (+6,5 per cento) che, dopo la caduta verticale registrata nel 2020 (-8,9 per cento), ha contribuito ad aumentare notevolmente le entrate. Nel 2022, invece, il peso del fisco, sebbene la crescita economica dovrebbe attestarsi attorno al 3 per cento circa, \u00e8 destinato a diminuire di 0,4 punti percentuali. Ci\u00f2 avverr\u00e0 anche grazie alla riduzione delle imposte e dei contributi decisa dal Governo Draghi. Le principali misure approvate l\u2019anno scorso sono:<\/p>\n<p><strong>riforma dell\u2019Irpef (-6,4 miliardi di euro di gettito);<\/strong><img loading=\"lazy\" decoding=\"async\" class=\" wp-image-270892 alignright\" src=\"https:\/\/www.radiopiu.net\/wordpress\/wp-content\/uploads\/2022\/04\/2-2-194x300.jpg\" alt=\"\" width=\"166\" height=\"257\" srcset=\"https:\/\/www.radiopiu.net\/wordpress\/wp-content\/uploads\/2022\/04\/2-2-194x300.jpg 194w, https:\/\/www.radiopiu.net\/wordpress\/wp-content\/uploads\/2022\/04\/2-2-662x1024.jpg 662w, https:\/\/www.radiopiu.net\/wordpress\/wp-content\/uploads\/2022\/04\/2-2-768x1188.jpg 768w, https:\/\/www.radiopiu.net\/wordpress\/wp-content\/uploads\/2022\/04\/2-2.jpg 923w\" sizes=\"auto, (max-width: 166px) 100vw, 166px\" \/>esonero contributivo di 0,8 punti percentuali ai lavoratori dipendenti con una retribuzione mensile lorda inferiore a 2.692 euro (-1,1 miliardi di euro);<br \/>\nesonero pagamento Irap alle persone fisiche (-1 miliardo di euro);<\/p>\n<p>Se teniamo conto anche del miglioramento delle principali variabili economiche che si riflette sull\u2019andamento del gettito, secondo il DEF lo Stato nel 2022 incasser\u00e0 39,7 miliardi di imposte e contributi in pi\u00f9 rispetto al 2021. Di questo importo, l\u2019Ufficio studi della CGIA stima che almeno 5 miliardi saranno in capo ai veneti. Segnaliamo che una parte di questo extra gettito \u00e8 sicuramente ascrivibile anche al forte aumento dell\u2019inflazione che, secondo le previsioni, quest\u2019anno potrebbe sfiorare il 6 per cento. Pertanto, in un momento in cui le famiglie stanno subendo dei rincari spaventosi che rischiano di far crollare i consumi interni, sarebbe auspicabile che il Governo restituisseil fiscal drag. Una misura che rafforzerebbe il potere d\u2019acquisto dei pensionati e dei lavoratori dipendenti, dando un sensibile sollievo soprattutto a coloro che attualmente si trovano in serie difficolt\u00e0 economiche.<\/p>\n<p>&nbsp;<\/p>\n<p>&nbsp;<\/p>\n<hr \/>\n<p>&nbsp;<\/p>\n<blockquote>\n<h3>IL COMUNE DI BELLUNO E LE MISURE CONTRO LA POVERTA&#8217;<\/h3>\n<\/blockquote>\n<p><strong>BELLUNO<\/strong> Il Comune di Belluno ha pubblicato un avviso pubblico di procedura comparativa di curriculum e colloquio, per l&#8217;individuazione di un soggetto esterno al quale affidare, mediante la stipula di un contratto di lavoro autonomo, lo svolgimento delle attivita\u0300 di coordinamento delle misure di contrasto alla poverta\u0300, per un periodo pari a circa 10 mesi. Per i dettagli e per le materie su cui vertera\u0300 il colloquio, si invita a consultare l&#8217;avviso completo, pubblicato nel sito Internet istituzionale del Comune di Belluno, www.comune.belluno.it, sezione &#8220;Bandi di gara e avvisi&#8221;. Gli interessati dovranno far pervenire la propria istanza di candidatura entro le 12.00 del 29 aprile 2022, secondo le modalita\u0300 specificate nell&#8217;avviso.<\/p>\n<p>&nbsp;<\/p>\n<p>&nbsp;<\/p>\n<hr \/>\n<p>&nbsp;<\/p>\n<blockquote>\n<h3>L\u2019ASSOCIAZIONE \u201cPARENTI OSPITI CASA DI RIPOSO DI PONTE NELLE ALPI\u201d CERCA ADESIONI<\/h3>\n<\/blockquote>\n<p><strong>PONTE NELLE ALPI\u00a0<\/strong> Si terr\u00e0 venerd\u00ec 22 aprile, alle 18 presso la sala consiliare del Municipio di Cadola, l\u2019incontro organizzato dall\u2019Associazione \u201cParenti Ospiti Casa di Riposo di Ponte nelle Alpi\u201d, \u00a0occasione, aperta a soci e familiari degli ospiti, per conoscere da vicino l\u2019operato del gruppo e raccogliere le disponibilit\u00e0 per rinforzare le fila dell\u2019associazione, in vista del rinnovo del direttivo previsto ad ottobre. Per accedere all\u2019assemblea sono necessari il Green Pass e il rispetto delle indicazioni sanitarie. Per maggiori informazioni scrivere a giallissimo50@gmail.com<\/p>\n<p>&nbsp;<\/p>\n<p>&nbsp;<\/p>\n<hr \/>\n<p>&nbsp;<\/p>\n<blockquote>\n<h3>PER UN MESE E MEZZO CHIUSURA TOTALE DEL SENTIERO VALLAVIA<\/h3>\n<\/blockquote>\n<p><strong>BELLUNO<\/strong> <span dir=\"ltr\" role=\"presentation\">chiusura<\/span> <span dir=\"ltr\" role=\"presentation\">con<\/span> <span dir=\"ltr\" role=\"presentation\">interdizione<\/span> <span dir=\"ltr\" role=\"presentation\">totale<\/span> <span dir=\"ltr\" role=\"presentation\">a<\/span> <span dir=\"ltr\" role=\"presentation\">qualsiasi <\/span><span dir=\"ltr\" role=\"presentation\">transito del sentiero Vallavia, nel periodo dal 15 aprile fino al 31 maggio\u00a0<\/span><\/p>\n<p>&nbsp;<\/p>\n<p>&nbsp;<\/p>\n<hr \/>\n<p>&nbsp;<\/p>\n<blockquote>\n<h3>DIVIETO DI SOSTA IN VIA RIVIZZOLA, FINO AL 6 MAGGIO<\/h3>\n<\/blockquote>\n<p><strong>BELLUNO<\/strong> D<span dir=\"ltr\" role=\"presentation\">ivieto di sosta con <\/span><span dir=\"ltr\" role=\"presentation\">rimozione<\/span> <span dir=\"ltr\" role=\"presentation\">forzata<\/span> <span dir=\"ltr\" role=\"presentation\">dei<\/span> <span dir=\"ltr\" role=\"presentation\">veicoli,<\/span> <span dir=\"ltr\" role=\"presentation\">in<\/span> <span dir=\"ltr\" role=\"presentation\">via<\/span> <span dir=\"ltr\" role=\"presentation\">Rivizzola,<\/span> <span dir=\"ltr\" role=\"presentation\">nell&#8217;area<\/span> <span dir=\"ltr\" role=\"presentation\">adiacente<\/span> <span dir=\"ltr\" role=\"presentation\">al <\/span><span dir=\"ltr\" role=\"presentation\">fabbricato, fino alle ore 18 del 6 maggio.\u00a0<\/span><\/p>\n<p>&nbsp;<\/p>\n<hr \/>\n<p>&nbsp;<\/p>\n<blockquote>\n<h3>SENSO UNICO ALTERNATO IN VIA FONTANELLE<\/h3>\n<\/blockquote>\n<p><strong>BELLUNO<\/strong> Per consentire l&#8217;esecuzione di lavori di allacciamento alla rete del gas metano, si rendono necessarie le seguenti modifiche alla viabilita\u0300, in via Fontanelle all\u2019altezza dei civici 2 e 4: istituzione del senso unico alternato di circolazione veicolare, regolato da impianto semaforico, dalle ore 7.30 alle ore 17.00, in tre giornate comprese nel periodo dal 20 aprile al 6 maggio e limite di velocit\u00e0 dei 30 km\/h nonch\u00e9 divieto di sorpasso.<\/p>\n<p>&nbsp;<\/p>\n<p>&nbsp;<\/p>\n<hr \/>\n<p>&nbsp;<\/p>\n<blockquote>\n<h3>BILANCI, TASSE REGOLAMENTI, GIOVEDI NEL CONSIGLIO COMUNALE<\/h3>\n<\/blockquote>\n<p><strong>AGORDO<\/strong> Il sindaco Roberto Chissal\u00e8 ha convocato i consiglieri per giovedi alle 19. All&#8217;ordine del giorno i bilanci dell&#8217;azienda consortile agordina, l&#8217;imposta comunale sugli immobili (determinazione aliquote) e approvazione regolamento Irpef. In discussione anche l&#8217;approvazione del documento unico di programmazione, i cinque interventi per parcheggi e viabilit\u00e0 nel territorio comunale, infine approvazione del regolamento per la videosorveglianza.<\/p>\n<p><strong>DI GIANNI SANTOMASO<\/strong><\/p>\n<audio class=\"wp-audio-shortcode\" id=\"audio-270844-8\" preload=\"none\" style=\"width: 100%;\" controls=\"controls\"><source type=\"audio\/mpeg\" src=\"https:\/\/www.radiopiu.net\/wordpress\/wp-content\/uploads\/2022\/04\/GIANNI-CONSIGLIO-AGORDO.mp3?_=8\" \/><a href=\"https:\/\/www.radiopiu.net\/wordpress\/wp-content\/uploads\/2022\/04\/GIANNI-CONSIGLIO-AGORDO.mp3\">https:\/\/www.radiopiu.net\/wordpress\/wp-content\/uploads\/2022\/04\/GIANNI-CONSIGLIO-AGORDO.mp3<\/a><\/audio>\n<p>&nbsp;<\/p>\n<hr \/>\n<p>&nbsp;<\/p>\n<blockquote>\n<h3>DOMANI IL CONSIGLIO COMUNALE DI RIVAMONTE<\/h3>\n<\/blockquote>\n<p><strong><a class=\"dt-pswp-item\" href=\"https:\/\/www.radiopiu.net\/wordpress\/wp-content\/uploads\/2021\/09\/DJI_0033-scaled.jpg\" data-dt-img-description=\"\" data-large_image_width=\"2560\" data-large_image_height=\"1920\"><img loading=\"lazy\" decoding=\"async\" class=\"size-thumbnail wp-image-232650 alignleft\" src=\"https:\/\/www.radiopiu.net\/wordpress\/wp-content\/uploads\/2021\/09\/DJI_0033-150x150.jpg\" alt=\"\" width=\"150\" height=\"150\" \/><\/a>RIVAMONTE<\/strong><\/p>\n<p>di Gianni Santomaso<\/p>\n<audio class=\"wp-audio-shortcode\" id=\"audio-270844-9\" preload=\"none\" style=\"width: 100%;\" controls=\"controls\"><source type=\"audio\/mpeg\" src=\"https:\/\/www.radiopiu.net\/wordpress\/wp-content\/uploads\/2022\/04\/GIANNI-CONSIGLIO-RIVAMONTE.mp3?_=9\" \/><a href=\"https:\/\/www.radiopiu.net\/wordpress\/wp-content\/uploads\/2022\/04\/GIANNI-CONSIGLIO-RIVAMONTE.mp3\">https:\/\/www.radiopiu.net\/wordpress\/wp-content\/uploads\/2022\/04\/GIANNI-CONSIGLIO-RIVAMONTE.mp3<\/a><\/audio>\n<p>&nbsp;<\/p>\n<hr \/>\n<p>&nbsp;<\/p>\n<blockquote>\n<h3>SABATO 23 APRILE L&#8217;INAUGURAZIONE DELLA CASA NATALE DI PAPA LUCIANI<\/h3>\n<\/blockquote>\n<p><strong><a class=\"dt-pswp-item\" href=\"https:\/\/www.radiopiu.net\/wordpress\/wp-content\/uploads\/2022\/04\/Statua-papa-Luciani-con-scultore-Carlo-Balljana.jpg\" data-dt-img-description=\"\" data-large_image_width=\"1080\" data-large_image_height=\"1440\"><img loading=\"lazy\" decoding=\"async\" class=\" wp-image-270573 alignleft\" src=\"https:\/\/www.radiopiu.net\/wordpress\/wp-content\/uploads\/2022\/04\/Statua-papa-Luciani-con-scultore-Carlo-Balljana-150x150.jpg\" alt=\"\" width=\"112\" height=\"112\" \/><\/a>CANALE D&#8217;AGORDO <\/strong>\u00a0Sabato 23 aprile, si terr\u00e0 la cerimonia ufficiale di inaugurazione della casa natale di papa Luciani dopo i lavori di ristrutturazione iniziati nel 2019.\u00a0 \u00a0La giornata prender\u00e0 il via alle ore 10 presso la chiesa parrocchiale. Nell&#8217;occasione inoltre il comune di Canale d&#8217;Agordo conferir\u00e0 la cittadinanza onoraria al cardinal Stella. Alle\u00a0 11.15 benedizione dei lavori di restauro e verr\u00e0 inaugurata la statua in bronzo dedicata a Papa Luciani, donata dallo scultore trevigiano Carlo Balljana.<\/p>\n<p>&nbsp;<\/p>\n<hr \/>\n<p>&nbsp;<\/p>\n<blockquote>\n<h3>IL CORO MONTE DOLADA IN CONCERTO PER LA PACE<\/h3>\n<\/blockquote>\n<p><strong>BELLUNO<\/strong> \u201cConcerto per la pace\u201d. Questo il titolo dell\u2019evento che il Coro Monte Dolada e la Caritas Diocesana &#8211; sezione Alpago, organizzano per domenica 24 aprile, con inizio alle ore 20.30, nella chiesa parrocchiale di Puos di Alpago. L\u2019ingresso \u00e8 libero con il rispetto delle vigenti norme anti pandemia (mascherina).<\/p>\n<p>&nbsp;<\/p>\n<hr \/>\n<p>&nbsp;<\/p>\n<blockquote>\n<h3>FINE STAGIONE A FORCELLA AURINE<\/h3>\n<\/blockquote>\n<p><strong>GOSALDO<\/strong> Domenica 24 aprile fine stagione a Forcella Aurine, dalle 11 degustazione vini con sommelier Massimo Lenzi con cicchetteria varia (azienda agricola Canop), esibizione dell&#8217;artista locale dell&#8217;intaglio legno con motosega, aperitivo con l&#8217;organet dello Zio Oscar. Alle 14 Jessica Lena in concerto, alle 16 Miniere Sunset ad alta quota con Dj Morgan<\/p>\n<p>&nbsp;<\/p>\n<p>&nbsp;<\/p>\n<hr \/>\n<p>&nbsp;<\/p>\n<blockquote>\n<h3>TRE GIORNI DI FESTA A LA VALLE IN OCCASIONE DE L&#8217;OM SELVARECH<\/h3>\n<\/blockquote>\n<p><strong><a class=\"dt-pswp-item\" href=\"https:\/\/www.radiopiu.net\/wordpress\/wp-content\/uploads\/2022\/04\/Schermata-2022-04-10-alle-13.55.47.png\" data-dt-img-description=\"\" data-large_image_width=\"1056\" data-large_image_height=\"480\"><img loading=\"lazy\" decoding=\"async\" class=\" wp-image-269847 alignleft\" src=\"https:\/\/www.radiopiu.net\/wordpress\/wp-content\/uploads\/2022\/04\/Schermata-2022-04-10-alle-13.55.47-300x136.png\" alt=\"\" width=\"201\" height=\"91\" srcset=\"https:\/\/www.radiopiu.net\/wordpress\/wp-content\/uploads\/2022\/04\/Schermata-2022-04-10-alle-13.55.47-300x136.png 300w, https:\/\/www.radiopiu.net\/wordpress\/wp-content\/uploads\/2022\/04\/Schermata-2022-04-10-alle-13.55.47-1024x465.png 1024w, https:\/\/www.radiopiu.net\/wordpress\/wp-content\/uploads\/2022\/04\/Schermata-2022-04-10-alle-13.55.47-768x349.png 768w, https:\/\/www.radiopiu.net\/wordpress\/wp-content\/uploads\/2022\/04\/Schermata-2022-04-10-alle-13.55.47.png 1056w\" sizes=\"auto, (max-width: 201px) 100vw, 201px\" \/><\/a>LA VALLE<\/strong> Saranno tre giorni intensi a La Valle con la Festa del L&#8217;Om Selvarech. La Pro Loco di La valle ha organizzato la festa per il 23-24-25 aprile. Sabato 23 alle 20:30 presso la sala Valmassoni (ex caselo) una serata con William Da Roit e Luca De Zorzi per parlare del giro del mondo con gli sci di fondo. Domenica 24 sotto al tendone in localit\u00e0 Conaggia musica con DJ Jack e il concerto degli RH Negativo. Luned\u00ec 25 si inizia al mattino alle 9:30 con il mercatino artigianale sotto al tendone, alle 10 la gara podistica &#8220;Su e do per i coi&#8221; quarto Memorial Flavio De Cassai, alle 12 apertura stand gastronomico e a seguire la preparazione e la sfilata dei pop de l&#8217;om selvarech. Alle 19 la Cota offerta dalla pro loco, alle 20 la lettura del testamento e a seguire il fal\u00f2 de l&#8217;om selvarech. Serata in musica con Eros e Karin.<\/p>\n<p>&nbsp;<\/p>\n<p>&nbsp;<\/p>\n<hr \/>\n<blockquote>\n<h3><\/h3>\n<h3>20^ CACCIA PESCA NATURA, TAGLIO DEL NASTRO CON L&#8217;ASSESSORE CORAZZARI<\/h3>\n<\/blockquote>\n<p><strong>LONGARONE\u00a0<\/strong> Caccia Pesca e Natura aprir\u00e0\u00a0 sabato 23 aprile alle\u00a0 9 presso il quartiere fieristico di Longarone, mentre il consueto taglio del nastro \u00e8 previsto per le ore 12 alla presenza dell\u2019Assessore regionale Cristiano Corazzari. Caccia Pesca e Natura sar\u00e0 aperta da sabato 23 a luned\u00ec 25 aprile, con orario 9-19. Gli eventi principali saranno trasmessi anche in diretta streaming su https:\/\/forum.caccia-pesca-natura.it.<\/p>\n<p>&nbsp;<\/p>\n<hr \/>\n<p>&nbsp;<\/p>\n<blockquote>\n<h3>&#8220;RAGAZZE IN BICICLETTA&#8221;, IL DOCUMENTARIO IN SALA BIANCHI A BELLUNO<\/h3>\n<\/blockquote>\n<p><strong>BELLUNO<\/strong> Il documentario &#8220;Ragazze in bicicletta&#8221; in sala Bianchi a Belluno venerd\u00ec 22 aprile alle 17:30<\/p>\n<audio class=\"wp-audio-shortcode\" id=\"audio-270844-10\" preload=\"none\" style=\"width: 100%;\" controls=\"controls\"><source type=\"audio\/mpeg\" src=\"https:\/\/www.radiopiu.net\/wordpress\/wp-content\/uploads\/2022\/04\/ROBERTO-BONA-25-APRILE.mp3?_=10\" \/><a href=\"https:\/\/www.radiopiu.net\/wordpress\/wp-content\/uploads\/2022\/04\/ROBERTO-BONA-25-APRILE.mp3\">https:\/\/www.radiopiu.net\/wordpress\/wp-content\/uploads\/2022\/04\/ROBERTO-BONA-25-APRILE.mp3<\/a><\/audio>\n<p>&nbsp;<\/p>\n<p>&nbsp;<\/p>\n<hr \/>\n<p>&nbsp;<\/p>\n<blockquote>\n<h3>\u201cIL CLIMA \u00c8 GI\u00c0 CAMBIATO. COSA FARE?\u201d,\u00a0INCONTRO CON STEFANO CASERINI<\/h3>\n<\/blockquote>\n<p><strong>BELLUNO <\/strong>Scuole in Rete per un Mondo di Solidariet\u00e0 e Pace organizzano venerd\u00ec , dalle 8:00 alle 9:30, un incontro online con il prof. Stefano Caserini, dal titolo \u201cIl clima \u00e8 gi\u00e0 cambiato. Cosa fare?\u201d. Il prof. Caserini \u00e8 titolare del corso di Mitigazione dei cambiamenti climatici al Politecnico di Milano, consulente per molti enti pubblici e privati per l\u2019impostazione delle politiche di mitigazione climatica. <span style=\"font-size: 11.0pt; color: #00000a;\">L\u2019incontro con il prof. Caserini \u00e8 rivolto agli studenti, che saranno i protagonisti, e alla cittadinanza tutta, che potr\u00e0 seguire in diretta o in differita dal sito <\/span><a href=\"http:\/\/www.studentibelluno.it\"><span style=\"font-size: 11.0pt;\">www.studentibelluno.it<\/span><\/a><span style=\"font-size: 11.0pt; color: #00000a;\"> e interagire con l&#8217;esperto tramite apposito form.<\/span><\/p>\n<p>&nbsp;<\/p>\n<p>&nbsp;<\/p>\n<hr \/>\n<p>&nbsp;<\/p>\n<blockquote>\n<h3>RACCOLTA PLASTIC FREE A CANALE D&#8217;AGORDO, IL 30 APRILE<\/h3>\n<\/blockquote>\n<div class=\"kvgmc6g5 cxmmr5t8 oygrvhab hcukyx3x c1et5uql ii04i59q\">\n<div dir=\"auto\"><strong><img loading=\"lazy\" decoding=\"async\" class=\"alignleft\" src=\"https:\/\/www.radiopiu.net\/wordpress\/wp-content\/uploads\/2022\/04\/278293236_700449357664243_7359032165274909030_n.jpg\" width=\"201\" height=\"105\" \/>CANALE D&#8217;AGORDO<\/strong>\u00a0 L&#8217;appuntamento sabato 30 aprile dalle 8 con ritrovo in Piazza Papa Luciani. Iscrizioni gratuita ma obbligatoria anche per fini assicurativi. Alle 12 spaghettata per tutti al &#8220;Bait dei Cazador&#8221;. I minori dovranno essere accompagnati.\u00a0 <strong>IL MODULO<\/strong>\u00a0 <a class=\"oajrlxb2 g5ia77u1 qu0x051f esr5mh6w e9989ue4 r7d6kgcz rq0escxv nhd2j8a9 nc684nl6 p7hjln8o kvgmc6g5 cxmmr5t8 oygrvhab hcukyx3x jb3vyjys rz4wbd8a qt6c0cv9 a8nywdso i1ao9s8h esuyzwwr f1sip0of lzcic4wl gpro0wi8 py34i1dx\" tabindex=\"0\" role=\"link\" href=\"https:\/\/www.plasticfreeonlus.it\/eventi\/1040\/30-apr-canale-d'agordo?fbclid=IwAR1DIg6dEjD8LYNQJO3KVPv__6DhLQef6MIZUILrbHNv19LLhYzSBf_76UA\" target=\"_blank\" rel=\"nofollow noopener\">https:\/\/www.plasticfreeonlus.it\/&#8230;\/30-apr-canale-d&#8217;agordo\u00a0<\/a><\/div>\n<\/div>\n<div dir=\"auto\"><\/div>\n<div dir=\"auto\"><\/div>\n<div dir=\"auto\">MARTINA SMANIOTTO<\/div>\n<div dir=\"auto\">\n<audio class=\"wp-audio-shortcode\" id=\"audio-270844-11\" preload=\"none\" style=\"width: 100%;\" controls=\"controls\"><source type=\"audio\/mpeg\" src=\"https:\/\/www.radiopiu.net\/wordpress\/wp-content\/uploads\/2022\/04\/MARTINA-SMANIOTTO.mp3?_=11\" \/><a href=\"https:\/\/www.radiopiu.net\/wordpress\/wp-content\/uploads\/2022\/04\/MARTINA-SMANIOTTO.mp3\">https:\/\/www.radiopiu.net\/wordpress\/wp-content\/uploads\/2022\/04\/MARTINA-SMANIOTTO.mp3<\/a><\/audio>\n<\/div>\n<div dir=\"auto\"><\/div>\n<div dir=\"auto\"><\/div>\n<div dir=\"auto\"><\/div>\n<hr \/>\n<p>&nbsp;<\/p>\n<blockquote>\n<h3>LUNEDI&#8217; LA PRESENTAZIONE DEL QUARTO VOLUME DELLA BIBLIOTECA DELLA VALLE DEL BIOIS<\/h3>\n<\/blockquote>\n<p><strong>CANALE D&#8217;AGORDO <\/strong>Luned\u00ec alle 18 presso la sala Lina Zand\u00f2 di Canale D&#8217;Agordo, verr\u00e0 presentato il quarto volume della collana biblioteca del Bios dal titolo &#8220;La lettera l&#8217;emigrante e la speranza&#8221;. Interventi di Iria Tancon cittadina onoraria di Canale d&#8217;Agordo, Loris Serafini archivista della prrocchia, Luca Luchetta promotore del gemellaggio e Oscar De Bona presidente associazione Bellunesi nel mondo.<\/p>\n<p>&nbsp;<\/p>\n<hr \/>\n<p>&nbsp;<\/p>\n<blockquote>\n<h3>INAUGURAZIONE DELLA NUOVA SEDE<\/h3>\n<\/blockquote>\n<p><strong>FALCADE<\/strong> Sabato30 aprile alle 16 in via degli artigiani inaugurazione della nuova sede delle Croce Verde Val Biois con gli interventi delle autorit\u00e0 e la benedizione del parroco di Falcade Don Andrea Piccolin. Nell&#8217;occasione festeggiamenti per i 40 anni dell&#8217;associaizone.<\/p>\n<p>&nbsp;<\/p>\n<p>&nbsp;<\/p>\n<hr \/>\n<p>&nbsp;<\/p>\n<h2><span style=\"color: #ff0000;\">IL FINE SETTIMANA DI PASQUA A RADIO PIU&#8217;<\/span><\/h2>\n<h2><span style=\"color: #800080;\">LA SANTA MESSA DI PASQUA DA AGORDO<\/span><\/h2>\n<p><iframe loading=\"lazy\" title=\"IN DIRETTA DALL&#039;ARCIDIACONALE DI AGORDO LA MESSA PASQUALE - AUDIO -\" width=\"1200\" height=\"675\" src=\"https:\/\/www.youtube.com\/embed\/6OKTBCjn6h0?feature=oembed\" frameborder=\"0\" allow=\"accelerometer; autoplay; clipboard-write; encrypted-media; gyroscope; picture-in-picture\" allowfullscreen><\/iframe><\/p>\n<p>&nbsp;<\/p>\n<h2><span style=\"color: #0000ff;\">DA PROMPICAI DI AGORDO LA MESSA DEL FANCIULLO \u2013 CHIESA DI SAN VINCENZO FERRER<\/span><\/h2>\n<p>https:\/\/www.facebook.com\/marco.baghy.1\/videos\/754003639096894<\/p>\n<p>&nbsp;<\/p>\n<h2><span style=\"color: #993300;\">IL CONCERTO DEI TIRATAIE AD AGORDO<\/span><\/h2>\n<p>&nbsp;<\/p>\n<p><a href=\"https:\/\/www.facebook.com\/radiopiu\/videos\/2087162514794318\">https:\/\/www.facebook.com\/radiopiu\/videos\/2087162514794318<\/a><\/p>\n<p>&nbsp;<\/p>\n<hr \/>\n<p>&nbsp;<\/p>\n<blockquote class=\"wp-embedded-content\" data-secret=\"nzW68j9Z7b\"><p><a href=\"https:\/\/www.radiopiu.net\/wordpress\/sedico-e-le-antiche-origini-del-paese-approfondimenti-di-gianni-de-vecchi\/\">SEDICO E LE ANTICHE ORIGINI DEL PAESE: APPROFONDIMENTI DI GIANNI DE VECCHI<\/a><\/p><\/blockquote>\n<p><iframe loading=\"lazy\" class=\"wp-embedded-content\" sandbox=\"allow-scripts\" security=\"restricted\" style=\"position: absolute; clip: rect(1px, 1px, 1px, 1px);\" title=\"&#8220;SEDICO E LE ANTICHE ORIGINI DEL PAESE: APPROFONDIMENTI DI GIANNI DE VECCHI&#8221; &#8212; Radio Pi\u00f9\" src=\"https:\/\/www.radiopiu.net\/wordpress\/sedico-e-le-antiche-origini-del-paese-approfondimenti-di-gianni-de-vecchi\/embed\/#?secret=yGRBuYEZ8U#?secret=nzW68j9Z7b\" data-secret=\"nzW68j9Z7b\" width=\"600\" height=\"338\" frameborder=\"0\" marginwidth=\"0\" marginheight=\"0\" scrolling=\"no\"><\/iframe><\/p>\n<p>&nbsp;<\/p>\n<hr \/>\n<p>&nbsp;<\/p>\n<h2><strong><a class=\"dt-pswp-item\" href=\"https:\/\/www.radiopiu.net\/wordpress\/wp-content\/uploads\/2020\/12\/DON-GIORGIO-LISE.jpg\" data-dt-img-description=\"\" data-large_image_width=\"1600\" data-large_image_height=\"901\"><img loading=\"lazy\" decoding=\"async\" class=\"size-thumbnail wp-image-177420 alignleft\" src=\"https:\/\/www.radiopiu.net\/wordpress\/wp-content\/uploads\/2020\/12\/DON-GIORGIO-LISE-150x150.jpg\" alt=\"\" width=\"150\" height=\"150\" \/><\/a><\/strong><span style=\"color: #993366;\">DUE MINUTI PER TE<\/span><\/h2>\n<p><strong>APPUNTAMENTO DELLA DOMENICA CON DON GIORGIO LISE<\/strong><\/p>\n<audio class=\"wp-audio-shortcode\" id=\"audio-270844-12\" preload=\"none\" style=\"width: 100%;\" controls=\"controls\"><source type=\"audio\/mpeg\" src=\"https:\/\/www.radiopiu.net\/wordpress\/wp-content\/uploads\/2022\/04\/DON-GIORGIO-2.mp3?_=12\" \/><a href=\"https:\/\/www.radiopiu.net\/wordpress\/wp-content\/uploads\/2022\/04\/DON-GIORGIO-2.mp3\">https:\/\/www.radiopiu.net\/wordpress\/wp-content\/uploads\/2022\/04\/DON-GIORGIO-2.mp3<\/a><\/audio>\n<p>&nbsp;<\/p>\n<hr \/>\n<p>&nbsp;<\/p>\n<h2><span style=\"color: #008080;\">&#8220;DINTORN E FORA VIA&#8221; A CURA DEL MUSLA, IL NUOVO PROGRAMMA\u00a0<\/span><\/h2>\n<p><strong>PUNTATA DEL 12 APRILE 2022<\/strong><\/p>\n<p><strong>BEATRICE COLCUC<\/strong><\/p>\n<audio class=\"wp-audio-shortcode\" id=\"audio-270844-13\" preload=\"none\" style=\"width: 100%;\" controls=\"controls\"><source type=\"audio\/mpeg\" src=\"https:\/\/www.radiopiu.net\/wordpress\/wp-content\/uploads\/2022\/04\/MUSLA.mp3?_=13\" \/><a href=\"https:\/\/www.radiopiu.net\/wordpress\/wp-content\/uploads\/2022\/04\/MUSLA.mp3\">https:\/\/www.radiopiu.net\/wordpress\/wp-content\/uploads\/2022\/04\/MUSLA.mp3<\/a><\/audio>\n<p>&nbsp;<\/p>\n<p>&nbsp;<\/p>\n<p>&nbsp;<\/p>\n<hr \/>\n<p>&nbsp;<\/p>\n<div>\n<div class=\"b654a4as d2edcug0\">\n<div class=\"rq0escxv hkbzh7o3 jwdofwj8 n8tt0mok r8blr3vg hyh9befq\">\n<p><a class=\"dt-pswp-item\" href=\"https:\/\/www.radiopiu.net\/wordpress\/wp-content\/uploads\/2020\/10\/pp.jpg\" data-dt-img-description=\"\" data-large_image_width=\"640\" data-large_image_height=\"640\"><img loading=\"lazy\" decoding=\"async\" class=\"wp-image-163678 alignleft\" src=\"https:\/\/www.radiopiu.net\/wordpress\/wp-content\/uploads\/2020\/10\/pp-300x300.jpg\" alt=\"\" width=\"106\" height=\"106\" srcset=\"https:\/\/www.radiopiu.net\/wordpress\/wp-content\/uploads\/2020\/10\/pp-300x300.jpg 300w, https:\/\/www.radiopiu.net\/wordpress\/wp-content\/uploads\/2020\/10\/pp-150x150.jpg 150w, https:\/\/www.radiopiu.net\/wordpress\/wp-content\/uploads\/2020\/10\/pp-125x125.jpg 125w, https:\/\/www.radiopiu.net\/wordpress\/wp-content\/uploads\/2020\/10\/pp-200x200.jpg 200w, https:\/\/www.radiopiu.net\/wordpress\/wp-content\/uploads\/2020\/10\/pp-80x80.jpg 80w, https:\/\/www.radiopiu.net\/wordpress\/wp-content\/uploads\/2020\/10\/pp-480x480.jpg 480w, https:\/\/www.radiopiu.net\/wordpress\/wp-content\/uploads\/2020\/10\/pp.jpg 640w\" sizes=\"auto, (max-width: 106px) 100vw, 106px\" \/><\/a><\/p>\n<\/div>\n<\/div>\n<\/div>\n<div>\n<div class=\"page-title-head hgroup\">\n<div class=\"page-title-head hgroup\">\n<div class=\"b654a4as d2edcug0\">\n<div class=\"j83agx80 btwxx1t3 lhclo0ds hop8lmos nkwizq5d scwd0bx6 roh60bw9\">\n<div class=\"rq0escxv hkbzh7o3 jwdofwj8 n8tt0mok r8blr3vg hyh9befq\">\n<div class=\"do00u71z l9j0dhe7 k4urcfbm\">\n<h2><span style=\"color: #000080;\">DON CESARE, IL PENSIERO DEL GIORNO. ALLA RADIO ALLE 7 DEL MATTINO E ALLE 19.30 DELLA SERA.\u00a0<\/span><\/h2>\n<audio class=\"wp-audio-shortcode\" id=\"audio-270844-14\" preload=\"none\" style=\"width: 100%;\" controls=\"controls\"><source type=\"audio\/mpeg\" src=\"https:\/\/www.radiopiu.net\/wordpress\/wp-content\/uploads\/2022\/04\/cesare-6.mp3?_=14\" \/><a href=\"https:\/\/www.radiopiu.net\/wordpress\/wp-content\/uploads\/2022\/04\/cesare-6.mp3\">https:\/\/www.radiopiu.net\/wordpress\/wp-content\/uploads\/2022\/04\/cesare-6.mp3<\/a><\/audio>\n<\/div>\n<\/div>\n<\/div>\n<\/div>\n<\/div>\n<\/div>\n<\/div>\n<p>&nbsp;<\/p>\n<p>&nbsp;<\/p>\n<hr \/>\n<p>&nbsp;<\/p>\n<h3 class=\"kvgmc6g5 cxmmr5t8 oygrvhab hcukyx3x c1et5uql\"><span style=\"color: #0000ff;\"><strong>INFORMAZIONE il canale su TELEGRAM informazione di prima mano e in tempo reale. iscriviti ed aiutaci a farlo conoscere\u00a0 \u00a0<\/strong><\/span><\/h3>\n<p><strong>LA RACCOLTA COMPLETA\u00a0<\/strong><\/p>\n<blockquote class=\"wp-embedded-content\" data-secret=\"RDziPrmKSl\"><p><a href=\"https:\/\/www.radiopiu.net\/wordpress\/007incondotta-9\/\">007 in condotta<\/a><\/p><\/blockquote>\n<p><iframe loading=\"lazy\" class=\"wp-embedded-content\" sandbox=\"allow-scripts\" security=\"restricted\" style=\"position: absolute; clip: rect(1px, 1px, 1px, 1px);\" title=\"&#8220;007 in condotta&#8221; &#8212; Radio Pi\u00f9\" src=\"https:\/\/www.radiopiu.net\/wordpress\/007incondotta-9\/embed\/#?secret=z6rgEQTnaD#?secret=RDziPrmKSl\" data-secret=\"RDziPrmKSl\" width=\"600\" height=\"338\" frameborder=\"0\" marginwidth=\"0\" marginheight=\"0\" scrolling=\"no\"><\/iframe><\/p>\n<p>&nbsp;<\/p>\n<hr \/>\n<p>&nbsp;<\/p>\n<div class=\"do00u71z l9j0dhe7 k4urcfbm\">\n<div class=\"page-title-head hgroup\">\n<div class=\"page-title-head hgroup\">\n<div class=\"b654a4as d2edcug0\">\n<div class=\"j83agx80 btwxx1t3 lhclo0ds hop8lmos nkwizq5d scwd0bx6 roh60bw9\">\n<div class=\"rq0escxv hkbzh7o3 jwdofwj8 n8tt0mok r8blr3vg hyh9befq\">\n<div class=\"do00u71z l9j0dhe7 k4urcfbm\">\n<div class=\"page-title-head hgroup\">\n<div class=\"page-title-head hgroup\">\n<div class=\"b654a4as d2edcug0\">\n<div class=\"j83agx80 btwxx1t3 lhclo0ds hop8lmos nkwizq5d scwd0bx6 roh60bw9\">\n<div class=\"rq0escxv hkbzh7o3 jwdofwj8 n8tt0mok r8blr3vg hyh9befq\">\n<div class=\"do00u71z l9j0dhe7 k4urcfbm\">\n<div class=\"ecm0bbzt e5nlhep0 a8c37x1j\">\n<div class=\"kvgmc6g5 cxmmr5t8 oygrvhab hcukyx3x c1et5uql\">\n<div class=\"gmail-kvgmc6g5 gmail-cxmmr5t8 gmail-oygrvhab gmail-hcukyx3x gmail-c1et5uql gmail-ii04i59q\">\n<div class=\"page-title-head hgroup\">\n<div class=\"page-title-head hgroup\">\n<div class=\"b654a4as d2edcug0\">\n<div class=\"j83agx80 btwxx1t3 lhclo0ds hop8lmos nkwizq5d scwd0bx6 roh60bw9\">\n<div class=\"rq0escxv hkbzh7o3 jwdofwj8 n8tt0mok r8blr3vg hyh9befq\">\n<div class=\"do00u71z l9j0dhe7 k4urcfbm\">\n<div class=\"page-title-head hgroup\">\n<div class=\"page-title-head hgroup\">\n<div class=\"b654a4as d2edcug0\">\n<div class=\"j83agx80 btwxx1t3 lhclo0ds hop8lmos nkwizq5d scwd0bx6 roh60bw9\">\n<div class=\"rq0escxv hkbzh7o3 jwdofwj8 n8tt0mok r8blr3vg hyh9befq\">\n<div class=\"do00u71z l9j0dhe7 k4urcfbm\">\n<div class=\"page-title-head hgroup\">\n<div class=\"page-title-head hgroup\">\n<div class=\"b654a4as d2edcug0\">\n<div class=\"j83agx80 btwxx1t3 lhclo0ds hop8lmos nkwizq5d scwd0bx6 roh60bw9\">\n<div class=\"rq0escxv hkbzh7o3 jwdofwj8 n8tt0mok r8blr3vg hyh9befq\">\n<div class=\"do00u71z l9j0dhe7 k4urcfbm\">\n<div class=\"ecm0bbzt e5nlhep0 a8c37x1j\">\n<div class=\"kvgmc6g5 cxmmr5t8 oygrvhab hcukyx3x c1et5uql\">\n<div class=\"gmail-kvgmc6g5 gmail-cxmmr5t8 gmail-oygrvhab gmail-hcukyx3x gmail-c1et5uql gmail-ii04i59q\">\n<div class=\"page-title-head hgroup\">\n<div class=\"page-title-head hgroup\">\n<div class=\"b654a4as d2edcug0\">\n<div class=\"j83agx80 btwxx1t3 lhclo0ds hop8lmos nkwizq5d scwd0bx6 roh60bw9\">\n<div class=\"rq0escxv hkbzh7o3 jwdofwj8 n8tt0mok r8blr3vg hyh9befq\">\n<div class=\"do00u71z l9j0dhe7 k4urcfbm\">\n<blockquote>\n<h3><span style=\"color: #ff0000;\">IN VIVO VERSO, SETTIMA STAGIONE CON BRUNELLA MORO, DAL LUNEDI AL VENERDI ALLE 7.10, 10.10 E 18.50\u00a0\u00a0<\/span><\/h3>\n<\/blockquote>\n<p>&nbsp;<\/p>\n<p>AUDIO<\/p>\n<audio class=\"wp-audio-shortcode\" id=\"audio-270844-15\" preload=\"none\" style=\"width: 100%;\" controls=\"controls\"><source type=\"audio\/mpeg\" src=\"https:\/\/www.radiopiu.net\/wordpress\/wp-content\/uploads\/2022\/04\/01-PAOLO-CAIANIELLO-IL-DISORDINE-E-DENTRO.mp3?_=15\" \/><a href=\"https:\/\/www.radiopiu.net\/wordpress\/wp-content\/uploads\/2022\/04\/01-PAOLO-CAIANIELLO-IL-DISORDINE-E-DENTRO.mp3\">https:\/\/www.radiopiu.net\/wordpress\/wp-content\/uploads\/2022\/04\/01-PAOLO-CAIANIELLO-IL-DISORDINE-E-DENTRO.mp3<\/a><\/audio>\n<p>&nbsp;<\/p>\n<p><a class=\"dt-pswp-item\" href=\"https:\/\/www.radiopiu.net\/wordpress\/wp-content\/uploads\/2022\/04\/FOTO-PAOLO-CAIANIELLO.jpg\" data-dt-img-description=\"\" data-large_image_width=\"843\" data-large_image_height=\"843\"><img loading=\"lazy\" decoding=\"async\" class=\"size-thumbnail wp-image-271032 alignleft\" src=\"https:\/\/www.radiopiu.net\/wordpress\/wp-content\/uploads\/2022\/04\/FOTO-PAOLO-CAIANIELLO-150x150.jpg\" alt=\"\" width=\"150\" height=\"150\" srcset=\"https:\/\/www.radiopiu.net\/wordpress\/wp-content\/uploads\/2022\/04\/FOTO-PAOLO-CAIANIELLO-150x150.jpg 150w, https:\/\/www.radiopiu.net\/wordpress\/wp-content\/uploads\/2022\/04\/FOTO-PAOLO-CAIANIELLO-300x300.jpg 300w, https:\/\/www.radiopiu.net\/wordpress\/wp-content\/uploads\/2022\/04\/FOTO-PAOLO-CAIANIELLO-768x768.jpg 768w, https:\/\/www.radiopiu.net\/wordpress\/wp-content\/uploads\/2022\/04\/FOTO-PAOLO-CAIANIELLO.jpg 843w\" sizes=\"auto, (max-width: 150px) 100vw, 150px\" \/><\/a><strong>IL DISORDINE \u00c8 DENTRO <\/strong><br \/>\nScava la crosta della terra<br \/>\nBrucia le radici<br \/>\nFa che non cresca nemmeno un fiore<br \/>\nnel giardino di Abele<br \/>\nSe nelle vene t\u2019insegue il demone<br \/>\nScucile il cuore<br \/>\nScucile il cuore<br \/>\ntanto Dio \u00e8 fuggito<br \/>\ncon donne e bambini<br \/>\no sta sotto una metro<br \/>\na partorire.<br \/>\nSaranno mille passi<br \/>\nad occhio e croce<br \/>\ndal cancro che ti uccide.<br \/>\nMille anni in linea d\u2019aria<br \/>\nche non baci per amore.<br \/>\nMille anni<br \/>\nche tutti i giorni muori.<br \/>\nIl disordine \u00e8 dentro<br \/>\nIl disordine \u00e8 dentro<br \/>\nNel cielo di primavera piovono lacrime<br \/>\nle rondini non sono mai partite.<\/p>\n<p>&nbsp;<\/p>\n<p><strong>LA RACCOLTA COMPLETA\u00a0<\/strong><\/p>\n<blockquote class=\"wp-embedded-content\" data-secret=\"VEkuhY7ekR\"><p><a href=\"https:\/\/www.radiopiu.net\/wordpress\/in-vivo-verso\/\">In Vivo Verso<\/a><\/p><\/blockquote>\n<p><iframe loading=\"lazy\" class=\"wp-embedded-content\" sandbox=\"allow-scripts\" security=\"restricted\" style=\"position: absolute; clip: rect(1px, 1px, 1px, 1px);\" title=\"&#8220;In Vivo Verso&#8221; &#8212; Radio Pi\u00f9\" src=\"https:\/\/www.radiopiu.net\/wordpress\/in-vivo-verso\/embed\/#?secret=ju5VPlCQ4u#?secret=VEkuhY7ekR\" data-secret=\"VEkuhY7ekR\" width=\"600\" height=\"338\" frameborder=\"0\" marginwidth=\"0\" marginheight=\"0\" scrolling=\"no\"><\/iframe><\/p>\n<p>&nbsp;<\/p>\n<hr \/>\n<p>&nbsp;<\/p>\n<h3 class=\"entry-title\"><span style=\"color: #ff0000;\">GOCCE DI FILOSOFIA PUNTATA 181\u00a0\u00a0<\/span><\/h3>\n<h3 class=\"entry-title\">AUDIO<\/h3>\n<audio class=\"wp-audio-shortcode\" id=\"audio-270844-16\" preload=\"none\" style=\"width: 100%;\" controls=\"controls\"><source type=\"audio\/mpeg\" src=\"https:\/\/www.radiopiu.net\/wordpress\/wp-content\/uploads\/2022\/04\/FI1-2.mp3?_=16\" \/><a href=\"https:\/\/www.radiopiu.net\/wordpress\/wp-content\/uploads\/2022\/04\/FI1-2.mp3\">https:\/\/www.radiopiu.net\/wordpress\/wp-content\/uploads\/2022\/04\/FI1-2.mp3<\/a><\/audio>\n<p>&nbsp;<\/p>\n<p><strong>\u00a0<\/strong><strong>LA RACCOLTA COMPLETA<\/strong><\/p>\n<blockquote class=\"wp-embedded-content\" data-secret=\"KNE1fhu8cJ\"><p><a href=\"https:\/\/www.radiopiu.net\/wordpress\/gocce-filosofia\/\">Gocce di filosofia, PRIMA E SECONDA STAGIONE 2022<\/a><\/p><\/blockquote>\n<p><iframe loading=\"lazy\" class=\"wp-embedded-content\" sandbox=\"allow-scripts\" security=\"restricted\" style=\"position: absolute; clip: rect(1px, 1px, 1px, 1px);\" title=\"&#8220;Gocce di filosofia, PRIMA E SECONDA STAGIONE 2022&#8221; &#8212; Radio Pi\u00f9\" src=\"https:\/\/www.radiopiu.net\/wordpress\/gocce-filosofia\/embed\/#?secret=fDdJqeTO2b#?secret=KNE1fhu8cJ\" data-secret=\"KNE1fhu8cJ\" width=\"600\" height=\"338\" frameborder=\"0\" marginwidth=\"0\" marginheight=\"0\" scrolling=\"no\"><\/iframe><\/p>\n<p>&nbsp;<\/p>\n<hr \/>\n<p>&nbsp;<\/p>\n<p><span style=\"color: #0000ff;\">MUSICA PIU&#8217;\u00a0<\/span><\/p>\n<p><a href=\"https:\/\/www.radiopiu.net\/wordpress\/giornale-radiopiu-20-settembre-2021-direttore-mirko-mezzacasa\/pp-79\/\" rel=\"attachment wp-att-232921\"><img loading=\"lazy\" decoding=\"async\" class=\"wp-image-232921 alignleft\" src=\"https:\/\/www.radiopiu.net\/wordpress\/wp-content\/uploads\/2021\/09\/pp-1-300x300.jpg\" alt=\"\" width=\"135\" height=\"135\" srcset=\"https:\/\/www.radiopiu.net\/wordpress\/wp-content\/uploads\/2021\/09\/pp-1-300x300.jpg 300w, https:\/\/www.radiopiu.net\/wordpress\/wp-content\/uploads\/2021\/09\/pp-1-150x150.jpg 150w, https:\/\/www.radiopiu.net\/wordpress\/wp-content\/uploads\/2021\/09\/pp-1.jpg 640w\" sizes=\"auto, (max-width: 135px) 100vw, 135px\" \/><\/a><\/p>\n<div class=\"mkdf-post-text\">\n<div class=\"mkdf-post-text-inner\">\n<div class=\"mkdf-post-text-main\">\n<div class=\"mkdf-post-text\">\n<div class=\"mkdf-post-text-inner\">\n<div class=\"mkdf-post-text-main\">\n<div class=\"mkdf-post-text\">\n<div class=\"mkdf-post-text-inner\">\n<div class=\"mkdf-post-text-main\">\n<div class=\"page-title-head hgroup\">\n<div class=\"page-title-head hgroup\">\n<div class=\"mkdf-post-text\">\n<div class=\"mkdf-post-text-inner\">\n<div class=\"mkdf-post-text-main\">\n<div class=\"mkdf-post-text\">\n<div class=\"mkdf-post-text-inner\">\n<div class=\"mkdf-post-text-main\">\n<div class=\"page-title-head hgroup\">\n<div class=\"page-title-head hgroup\">\n<div class=\"page-title-head hgroup\">\n<div class=\"page-title-head hgroup\">\n<div class=\"b654a4as d2edcug0\">\n<div class=\"page-title-head hgroup\">\n<div class=\"page-title-head hgroup\">\n<div class=\"page-title-head hgroup\">\n<div class=\"page-title-head hgroup\">\n<div class=\"b654a4as d2edcug0\">\n<div class=\"page-title-head hgroup\">\n<div class=\"page-title-head hgroup\">\n<div class=\"page-title-head hgroup\">\n<div class=\"page-title-head hgroup\">\n<div class=\"b654a4as d2edcug0\">\n<div class=\"mkdf-post-text\">\n<div class=\"mkdf-post-text-inner\">\n<div class=\"mkdf-post-text-main\">\n<div class=\"mkdf-post-text\">\n<div class=\"mkdf-post-text-inner\">\n<div class=\"mkdf-post-text-main\">\n<div class=\"mkdf-post-text\">\n<div class=\"mkdf-post-text-inner\">\n<div class=\"mkdf-post-text-main\">\n<div class=\"page-title-head hgroup\">\n<div class=\"page-title-head hgroup\">\n<div class=\"mkdf-post-text\">\n<div class=\"mkdf-post-text-inner\">\n<div class=\"mkdf-post-text-main\">\n<div class=\"mkdf-post-text\">\n<div class=\"mkdf-post-text-inner\">\n<div class=\"mkdf-post-text-main\">\n<div class=\"page-title-head hgroup\">\n<div class=\"page-title-head hgroup\">\n<div class=\"page-title-head hgroup\">\n<div class=\"page-title-head hgroup\">\n<div class=\"b654a4as d2edcug0\">\n<div class=\"page-title-head hgroup\">\n<div class=\"page-title-head hgroup\">\n<div class=\"page-title-head hgroup\">\n<div class=\"page-title-head hgroup\">\n<div class=\"b654a4as d2edcug0\">\n<div class=\"page-title-head hgroup\">\n<div class=\"page-title-head hgroup\">\n<div class=\"page-title-head hgroup\">\n<div class=\"page-title-head hgroup\">\n<div class=\"b654a4as d2edcug0\">\n<div><\/div>\n<div><\/div>\n<div>\n<p><strong>MUSICA ALLA RADIO, IL PROGRAMMA DI LORIS SCUSSEL &#8220;COLLAGE OPERAZIONE NOSTALGIA&#8221; DAL LUNEDI AL VENERDI ALLE 16.00\u00a0 E ALLE 23\u00a0<\/strong><\/p>\n<p>&nbsp;<\/p>\n<\/div>\n<p><em><strong>PUNTATA 586 DEL 18 APRILE 2022<\/strong><\/em><\/p>\n<audio class=\"wp-audio-shortcode\" id=\"audio-270844-17\" preload=\"none\" style=\"width: 100%;\" controls=\"controls\"><source type=\"audio\/mpeg\" src=\"https:\/\/www.radiopiu.net\/wordpress\/wp-content\/uploads\/2022\/04\/Collage-586.mp3?_=17\" \/><a href=\"https:\/\/www.radiopiu.net\/wordpress\/wp-content\/uploads\/2022\/04\/Collage-586.mp3\">https:\/\/www.radiopiu.net\/wordpress\/wp-content\/uploads\/2022\/04\/Collage-586.mp3<\/a><\/audio>\n<p>&nbsp;<\/p>\n<p><strong><a class=\"dt-pswp-item\" href=\"https:\/\/www.radiopiu.net\/wordpress\/wp-content\/uploads\/2022\/04\/Santo-e-Johnny.jpg\" data-dt-img-description=\"\" data-large_image_width=\"500\" data-large_image_height=\"500\"><img loading=\"lazy\" decoding=\"async\" class=\" wp-image-270990 alignleft\" src=\"https:\/\/www.radiopiu.net\/wordpress\/wp-content\/uploads\/2022\/04\/Santo-e-Johnny-150x150.jpg\" alt=\"\" width=\"99\" height=\"99\" srcset=\"https:\/\/www.radiopiu.net\/wordpress\/wp-content\/uploads\/2022\/04\/Santo-e-Johnny-150x150.jpg 150w, https:\/\/www.radiopiu.net\/wordpress\/wp-content\/uploads\/2022\/04\/Santo-e-Johnny-300x300.jpg 300w, https:\/\/www.radiopiu.net\/wordpress\/wp-content\/uploads\/2022\/04\/Santo-e-Johnny.jpg 500w\" sizes=\"auto, (max-width: 99px) 100vw, 99px\" \/><\/a>di Loris Scussel<\/strong><\/p>\n<p>L\u2019apertura settimanale di Collage vede protagonisti alcuni complessi italiani anni 60\/70, marted\u00ec e gioved\u00ec puntate dedicate alla musica internazionale, mercoled\u00ec spazio al rock progressive italiano dei primi anni 70 e infine venerd\u00ec vi proporremo una serie di ballabili d\u2019epoca. Collage va in onda dal luned\u00ec al venerd\u00ec alle 16,00 e alle 23,00.<\/p>\n<p>&nbsp;<\/p>\n<p>&nbsp;<\/p>\n<p>&nbsp;<\/p>\n<hr \/>\n<p>&nbsp;<\/p>\n<blockquote class=\"wp-embedded-content\" data-secret=\"FkMxFcDHzc\"><p><a href=\"https:\/\/www.radiopiu.net\/wordpress\/da-ieri-alla-radio-in-palinsesto-loris-e-maurizio-con-la-grande-musica\/\">IL BLUES ALLA RADIO &#8230; COME NON L&#8217;AVETE MAI SENTITO PRIMA<\/a><\/p><\/blockquote>\n<p><iframe loading=\"lazy\" class=\"wp-embedded-content\" sandbox=\"allow-scripts\" security=\"restricted\" style=\"position: absolute; clip: rect(1px, 1px, 1px, 1px);\" title=\"&#8220;IL BLUES ALLA RADIO &#8230; COME NON L&#8217;AVETE MAI SENTITO PRIMA&#8221; &#8212; Radio Pi\u00f9\" src=\"https:\/\/www.radiopiu.net\/wordpress\/da-ieri-alla-radio-in-palinsesto-loris-e-maurizio-con-la-grande-musica\/embed\/#?secret=31vDL6YS5Z#?secret=FkMxFcDHzc\" data-secret=\"FkMxFcDHzc\" width=\"600\" height=\"338\" frameborder=\"0\" marginwidth=\"0\" marginheight=\"0\" scrolling=\"no\"><\/iframe><\/p>\n<p>&nbsp;<\/p>\n<p>&nbsp;<\/p>\n<hr \/>\n<p>&nbsp;<\/p>\n<h2><span style=\"color: #0000ff;\">SALUTE &amp; SOCIETA&#8217;<\/span><\/h2>\n<p><strong><a class=\"dt-pswp-item\" href=\"https:\/\/www.radiopiu.net\/wordpress\/wp-content\/uploads\/2022\/04\/ssal.jpeg\" data-dt-img-description=\"\" data-large_image_width=\"800\" data-large_image_height=\"445\"><img loading=\"lazy\" decoding=\"async\" class=\"size-thumbnail wp-image-271099 alignleft\" src=\"https:\/\/www.radiopiu.net\/wordpress\/wp-content\/uploads\/2022\/04\/ssal-150x150.jpeg\" alt=\"\" width=\"150\" height=\"150\" \/><\/a>PUNTATA DEL 18 APRILE 2022<\/strong><\/p>\n<p>Insonnia: Nuove terapie all\u2019orizzonte per chi soffre di insonnia. Tra le molecole in fase avanzata di sviluppo un doppio antagonista dei recettori dell\u2019orexina per gli adulti con insonnia cronica e \u00a0compromissione della funzionalit\u00e0 diurna. Malattie neurologiche: Affrontare le malattie neurologiche del terzo millennio. Il Rapporto NEXT realizzato da SIN e Roche Italia indica alle Istituzioni un nuovo approccio per far fronte a malattie in costante crescita.<\/p>\n<audio class=\"wp-audio-shortcode\" id=\"audio-270844-18\" preload=\"none\" style=\"width: 100%;\" controls=\"controls\"><source type=\"audio\/mpeg\" src=\"https:\/\/www.radiopiu.net\/wordpress\/wp-content\/uploads\/2022\/04\/cs_220418.mp3?_=18\" \/><a href=\"https:\/\/www.radiopiu.net\/wordpress\/wp-content\/uploads\/2022\/04\/cs_220418.mp3\">https:\/\/www.radiopiu.net\/wordpress\/wp-content\/uploads\/2022\/04\/cs_220418.mp3<\/a><\/audio>\n<p>&nbsp;<\/p>\n<p><strong>LA RACCOLTA COMPLETA<\/strong><\/p>\n<blockquote class=\"wp-embedded-content\" data-secret=\"dww8GArlET\"><p><a href=\"https:\/\/www.radiopiu.net\/wordpress\/saluteesocieta\/\">Salute e Societ\u00e0<\/a><\/p><\/blockquote>\n<p><iframe loading=\"lazy\" class=\"wp-embedded-content\" sandbox=\"allow-scripts\" security=\"restricted\" style=\"position: absolute; clip: rect(1px, 1px, 1px, 1px);\" title=\"&#8220;Salute e Societ\u00e0&#8221; &#8212; Radio Pi\u00f9\" src=\"https:\/\/www.radiopiu.net\/wordpress\/saluteesocieta\/embed\/#?secret=zmnPrN53qj#?secret=dww8GArlET\" data-secret=\"dww8GArlET\" width=\"600\" height=\"338\" frameborder=\"0\" marginwidth=\"0\" marginheight=\"0\" scrolling=\"no\"><\/iframe><\/p>\n<p>&nbsp;<\/p>\n<hr \/>\n<\/div>\n<\/div>\n<\/div>\n<\/div>\n<\/div>\n<\/div>\n<\/div>\n<\/div>\n<\/div>\n<\/div>\n<\/div>\n<\/div>\n<\/div>\n<\/div>\n<\/div>\n<\/div>\n<\/div>\n<\/div>\n<\/div>\n<\/div>\n<\/div>\n<\/div>\n<\/div>\n<\/div>\n<\/div>\n<\/div>\n<\/div>\n<\/div>\n<\/div>\n<\/div>\n<\/div>\n<\/div>\n<\/div>\n<\/div>\n<\/div>\n<\/div>\n<\/div>\n<\/div>\n<\/div>\n<\/div>\n<\/div>\n<\/div>\n<\/div>\n<\/div>\n<\/div>\n<\/div>\n<\/div>\n<\/div>\n<\/div>\n<\/div>\n<\/div>\n<\/div>\n<\/div>\n<\/div>\n<\/div>\n<\/div>\n<\/div>\n<\/div>\n<\/div>\n<\/div>\n<\/div>\n<\/div>\n<\/div>\n<\/div>\n<p>&nbsp;<\/p>\n<blockquote>\n<h3><span style=\"color: #0000ff;\">INFORMAZIONE il canale su TELEGRAM informazione di prima mano e in tempo reale. iscriviti ed aiutaci a farlo conoscere\u00a0\u00a0<\/span><\/h3>\n<\/blockquote>\n<div>\n<div class=\"page-title-head hgroup\">\n<div class=\"page-title-head hgroup\">\n<div class=\"page-title-head hgroup\">\n<div class=\"page-title-head hgroup\">\n<div class=\"b654a4as d2edcug0\">\n<div class=\"page-title-head hgroup\">\n<div class=\"page-title-head hgroup\">\n<div class=\"page-title-head hgroup\">\n<div class=\"page-title-head hgroup\">\n<div class=\"b654a4as d2edcug0\">\n<div class=\"page-title-head hgroup\">\n<div class=\"page-title-head hgroup\">\n<div class=\"page-title-head hgroup\">\n<div class=\"page-title-head hgroup\">\n<div class=\"page-title-head hgroup\">\n<div class=\"page-title-head hgroup\">\n<div class=\"page-title-head hgroup\">\n<div class=\"page-title-head hgroup\">\n<div class=\"page-title-head hgroup\">\n<div class=\"b654a4as d2edcug0\">\n<div class=\"page-title-head hgroup\">\n<div class=\"page-title-head hgroup\">\n<div class=\"page-title-head hgroup\">\n<div class=\"page-title-head hgroup\">\n<div class=\"b654a4as d2edcug0\">\n<div><\/div>\n<div>\n<div class=\"page-title-head hgroup\">\n<div class=\"page-title-head hgroup\">\n<div class=\"page-title-head hgroup\">\n<div class=\"page-title-head hgroup\">\n<div class=\"page-title-head hgroup\">\n<div class=\"mkdf-post-text\">\n<div class=\"mkdf-post-text-inner\">\n<div class=\"mkdf-post-text-main\">\n<div class=\"mkdf-post-text\">\n<div class=\"mkdf-post-text-inner\">\n<div class=\"mkdf-post-text-main\">\n<div class=\"mkdf-post-text\">\n<div class=\"mkdf-post-text-inner\">\n<div class=\"mkdf-post-text-main\">\n<div class=\"page-title-head hgroup\">\n<div class=\"page-title-head hgroup\">\n<div class=\"mkdf-post-text\">\n<div class=\"mkdf-post-text-inner\">\n<div class=\"mkdf-post-text-main\">\n<div class=\"mkdf-post-text\">\n<div class=\"mkdf-post-text-inner\">\n<div class=\"mkdf-post-text-main\">\n<div class=\"page-title-head hgroup\">\n<div class=\"page-title-head hgroup\">\n<div class=\"page-title-head hgroup\">\n<div class=\"page-title-head hgroup\">\n<div class=\"b654a4as d2edcug0\">\n<div class=\"page-title-head hgroup\">\n<div class=\"page-title-head hgroup\">\n<div class=\"page-title-head hgroup\">\n<div class=\"page-title-head hgroup\">\n<div class=\"b654a4as d2edcug0\">\n<div class=\"page-title-head hgroup\">\n<div class=\"page-title-head hgroup\">\n<div class=\"page-title-head hgroup\">\n<div class=\"page-title-head hgroup\">\n<p>&nbsp;<\/p>\n<div>\n<div class=\"page-title-head hgroup\">\n<div class=\"page-title-head hgroup\">\n<div class=\"b654a4as d2edcug0\">\n<div class=\"j83agx80 btwxx1t3 lhclo0ds hop8lmos nkwizq5d scwd0bx6 roh60bw9\">\n<div class=\"rq0escxv hkbzh7o3 jwdofwj8 n8tt0mok r8blr3vg hyh9befq\">\n<div class=\"do00u71z l9j0dhe7 k4urcfbm\">\n<div class=\"page-title-head hgroup\">\n<div class=\"page-title-head hgroup\">\n<div class=\"b654a4as d2edcug0\">\n<div class=\"j83agx80 btwxx1t3 lhclo0ds hop8lmos nkwizq5d scwd0bx6 roh60bw9\">\n<div class=\"rq0escxv hkbzh7o3 jwdofwj8 n8tt0mok r8blr3vg hyh9befq\">\n<div class=\"do00u71z l9j0dhe7 k4urcfbm\">\n<div class=\"ecm0bbzt e5nlhep0 a8c37x1j\">\n<div class=\"kvgmc6g5 cxmmr5t8 oygrvhab hcukyx3x c1et5uql\">\n<div class=\"gmail-kvgmc6g5 gmail-cxmmr5t8 gmail-oygrvhab gmail-hcukyx3x gmail-c1et5uql gmail-ii04i59q\">\n<div class=\"page-title-head hgroup\">\n<div class=\"page-title-head hgroup\">\n<div class=\"b654a4as d2edcug0\">\n<div class=\"j83agx80 btwxx1t3 lhclo0ds hop8lmos nkwizq5d scwd0bx6 roh60bw9\">\n<div class=\"rq0escxv hkbzh7o3 jwdofwj8 n8tt0mok r8blr3vg hyh9befq\">\n<div class=\"do00u71z l9j0dhe7 k4urcfbm\">\n<div class=\"page-title-head hgroup\">\n<div class=\"page-title-head hgroup\">\n<div class=\"b654a4as d2edcug0\">\n<div class=\"j83agx80 btwxx1t3 lhclo0ds hop8lmos nkwizq5d scwd0bx6 roh60bw9\">\n<div class=\"rq0escxv hkbzh7o3 jwdofwj8 n8tt0mok r8blr3vg hyh9befq\">\n<div class=\"do00u71z l9j0dhe7 k4urcfbm\">\n<div class=\"page-title-head hgroup\">\n<div class=\"page-title-head hgroup\">\n<div class=\"b654a4as d2edcug0\">\n<div class=\"j83agx80 btwxx1t3 lhclo0ds hop8lmos nkwizq5d scwd0bx6 roh60bw9\">\n<div class=\"rq0escxv hkbzh7o3 jwdofwj8 n8tt0mok r8blr3vg hyh9befq\">\n<div class=\"do00u71z l9j0dhe7 k4urcfbm\">\n<div class=\"ecm0bbzt e5nlhep0 a8c37x1j\">\n<div class=\"kvgmc6g5 cxmmr5t8 oygrvhab hcukyx3x c1et5uql\">\n<div class=\"gmail-kvgmc6g5 gmail-cxmmr5t8 gmail-oygrvhab gmail-hcukyx3x gmail-c1et5uql gmail-ii04i59q\">\n<div class=\"page-title-head hgroup\">\n<div class=\"page-title-head hgroup\">\n<div class=\"b654a4as d2edcug0\">\n<div class=\"j83agx80 btwxx1t3 lhclo0ds hop8lmos nkwizq5d scwd0bx6 roh60bw9\">\n<div class=\"rq0escxv hkbzh7o3 jwdofwj8 n8tt0mok r8blr3vg hyh9befq\">\n<div class=\"do00u71z l9j0dhe7 k4urcfbm\">\n<div class=\"page-title-head hgroup\">\n<div class=\"page-title-head hgroup\">\n<div class=\"page-title-head hgroup\">\n<div class=\"page-title-head hgroup\">\n<div class=\"b654a4as d2edcug0\">\n<div class=\"page-title-head hgroup\">\n<div class=\"page-title-head hgroup\">\n<div class=\"page-title-head hgroup\">\n<div class=\"page-title-head hgroup\">\n<div class=\"b654a4as d2edcug0\">\n<div class=\"page-title-head hgroup\">\n<div class=\"page-title-head hgroup\">\n<div class=\"page-title-head hgroup\">\n<div class=\"page-title-head hgroup\">\n<div class=\"page-title-head hgroup\">\n<div class=\"page-title-head hgroup\">\n<div class=\"page-title-head hgroup\">\n<div class=\"page-title-head hgroup\">\n<div class=\"page-title-head hgroup\">\n<div class=\"b654a4as d2edcug0\">\n<div class=\"page-title-head hgroup\">\n<div class=\"page-title-head hgroup\">\n<div class=\"page-title-head hgroup\">\n<div class=\"page-title-head hgroup\">\n<div class=\"b654a4as d2edcug0\">\n<div class=\"page-title-head hgroup\">\n<div class=\"page-title-head hgroup\">\n<div class=\"page-title-head hgroup\">\n<div class=\"page-title-head hgroup\">\n<div class=\"page-title-head hgroup\">\n<div class=\"mkdf-post-text\">\n<div class=\"mkdf-post-text-inner\">\n<div class=\"mkdf-post-text-main\">\n<div class=\"mkdf-post-text\">\n<div class=\"mkdf-post-text-inner\">\n<div class=\"mkdf-post-text-main\">\n<div class=\"mkdf-post-text\">\n<div class=\"mkdf-post-text-inner\">\n<div class=\"mkdf-post-text-main\">\n<div class=\"page-title-head hgroup\">\n<div class=\"page-title-head hgroup\">\n<div class=\"mkdf-post-text\">\n<div class=\"mkdf-post-text-inner\">\n<div class=\"mkdf-post-text-main\">\n<div class=\"mkdf-post-text\">\n<div class=\"mkdf-post-text-inner\">\n<div class=\"mkdf-post-text-main\">\n<div class=\"page-title-head hgroup\">\n<div class=\"page-title-head hgroup\">\n<div class=\"page-title-head hgroup\">\n<div class=\"page-title-head hgroup\">\n<div class=\"b654a4as d2edcug0\">\n<div class=\"page-title-head hgroup\">\n<div class=\"page-title-head hgroup\">\n<div class=\"page-title-head hgroup\">\n<div class=\"page-title-head hgroup\">\n<div class=\"b654a4as d2edcug0\">\n<div class=\"page-title-head hgroup\">\n<div class=\"page-title-head hgroup\">\n<div class=\"page-title-head hgroup\">\n<div class=\"page-title-head hgroup\">\n<div class=\"b654a4as d2edcug0\">\n<div class=\"ecm0bbzt e5nlhep0 a8c37x1j\">\n<div class=\"kvgmc6g5 cxmmr5t8 oygrvhab hcukyx3x c1et5uql\">\n<div class=\"gmail-kvgmc6g5 gmail-cxmmr5t8 gmail-oygrvhab gmail-hcukyx3x gmail-c1et5uql gmail-ii04i59q\">\n<div class=\"page-title-head hgroup\">\n<div class=\"page-title-head hgroup\">\n<div class=\"b654a4as d2edcug0\">\n<div class=\"j83agx80 btwxx1t3 lhclo0ds hop8lmos nkwizq5d scwd0bx6 roh60bw9\">\n<div class=\"rq0escxv hkbzh7o3 jwdofwj8 n8tt0mok r8blr3vg hyh9befq\">\n<div class=\"do00u71z l9j0dhe7 k4urcfbm\">\n<div class=\"page-title-head hgroup\">\n<div class=\"page-title-head hgroup\">\n<div class=\"page-title-head hgroup\">\n<div class=\"page-title-head hgroup\">\n<div class=\"b654a4as d2edcug0\">\n<div class=\"page-title-head hgroup\">\n<div class=\"page-title-head hgroup\">\n<div class=\"page-title-head hgroup\">\n<div class=\"page-title-head hgroup\">\n<div class=\"b654a4as d2edcug0\">\n<div class=\"page-title-head hgroup\">\n<div class=\"page-title-head hgroup\">\n<div class=\"page-title-head hgroup\">\n<div class=\"page-title-head hgroup\">\n<div class=\"page-title-head hgroup\">\n<div class=\"page-title-head hgroup\">\n<div class=\"page-title-head hgroup\">\n<div class=\"page-title-head hgroup\">\n<div class=\"page-title-head hgroup\">\n<div class=\"b654a4as d2edcug0\">\n<div class=\"page-title-head hgroup\">\n<div class=\"page-title-head hgroup\">\n<div class=\"page-title-head hgroup\">\n<div class=\"page-title-head hgroup\">\n<div class=\"b654a4as d2edcug0\">\n<div class=\"page-title-head hgroup\">\n<div class=\"page-title-head hgroup\">\n<div class=\"page-title-head hgroup\">\n<div class=\"page-title-head hgroup\">\n<div class=\"page-title-head hgroup\">\n<div class=\"mkdf-post-text\">\n<div class=\"mkdf-post-text-inner\">\n<div class=\"mkdf-post-text-main\">\n<div class=\"mkdf-post-text\">\n<div class=\"mkdf-post-text-inner\">\n<div class=\"mkdf-post-text-main\">\n<div class=\"mkdf-post-text\">\n<div class=\"mkdf-post-text-inner\">\n<div class=\"mkdf-post-text-main\">\n<div class=\"page-title-head hgroup\">\n<div class=\"page-title-head hgroup\">\n<div class=\"mkdf-post-text\">\n<div class=\"mkdf-post-text-inner\">\n<div class=\"mkdf-post-text-main\">\n<div class=\"mkdf-post-text\">\n<div class=\"mkdf-post-text-inner\">\n<div class=\"mkdf-post-text-main\">\n<div class=\"page-title-head hgroup\">\n<div class=\"page-title-head hgroup\">\n<div class=\"page-title-head hgroup\">\n<div class=\"page-title-head hgroup\">\n<div class=\"b654a4as d2edcug0\">\n<div class=\"page-title-head hgroup\">\n<div class=\"page-title-head hgroup\">\n<div class=\"page-title-head hgroup\">\n<div class=\"page-title-head hgroup\">\n<div class=\"b654a4as d2edcug0\">\n<div class=\"page-title-head hgroup\">\n<div class=\"page-title-head hgroup\">\n<div class=\"page-title-head hgroup\">\n<div class=\"page-title-head hgroup\">\n<div class=\"b654a4as d2edcug0\">\n<hr \/>\n<p>&nbsp;<\/p>\n<div>\n<p><strong>DUE MINUTI UN LIBRO, TUTTI I GIORNI ALLA RADIO ALLE 9.40 E ALLE 17.50\u00a0\u00a0<\/strong><\/p>\n<div>\n<div>\n<p><strong>LA RACCOLTA COMPLETA\u00a0\u00a0<\/strong><\/p>\n<\/div>\n<\/div>\n<\/div>\n<div class=\"mkdf-post-text\">\n<div class=\"mkdf-post-text-inner\">\n<div class=\"mkdf-post-text-main\">\n<div class=\"mkdf-post-text\">\n<div class=\"mkdf-post-text-inner\">\n<div class=\"mkdf-post-text-main\">\n<div class=\"mkdf-post-text\">\n<div class=\"mkdf-post-text-inner\">\n<div class=\"mkdf-post-text-main\">\n<div class=\"page-title-head hgroup\">\n<div class=\"page-title-head hgroup\">\n<div class=\"mkdf-post-text\">\n<div class=\"mkdf-post-text-inner\">\n<div class=\"mkdf-post-text-main\">\n<div class=\"mkdf-post-text\">\n<div class=\"mkdf-post-text-inner\">\n<div class=\"mkdf-post-text-main\">\n<div class=\"page-title-head hgroup\">\n<div class=\"page-title-head hgroup\">\n<div class=\"page-title-head hgroup\">\n<div class=\"page-title-head hgroup\">\n<div class=\"b654a4as d2edcug0\">\n<div class=\"page-title-head hgroup\">\n<div class=\"page-title-head hgroup\">\n<div class=\"page-title-head hgroup\">\n<div class=\"page-title-head hgroup\">\n<div class=\"b654a4as d2edcug0\">\n<div class=\"page-title-head hgroup\">\n<div class=\"page-title-head hgroup\">\n<div class=\"page-title-head hgroup\">\n<div class=\"page-title-head hgroup\">\n<div class=\"b654a4as d2edcug0\">\n<div>\n<blockquote class=\"wp-embedded-content\" data-secret=\"hxmjHfpAMG\"><p><a href=\"https:\/\/www.radiopiu.net\/wordpress\/due-minuti-un-libro\/\">Due minuti un libro<\/a><\/p><\/blockquote>\n<p><iframe loading=\"lazy\" class=\"wp-embedded-content\" sandbox=\"allow-scripts\" security=\"restricted\" style=\"position: absolute; clip: rect(1px, 1px, 1px, 1px);\" title=\"&#8220;Due minuti un libro&#8221; &#8212; Radio Pi\u00f9\" src=\"https:\/\/www.radiopiu.net\/wordpress\/due-minuti-un-libro\/embed\/#?secret=KOYi8CuJ23#?secret=hxmjHfpAMG\" data-secret=\"hxmjHfpAMG\" width=\"600\" height=\"338\" frameborder=\"0\" marginwidth=\"0\" marginheight=\"0\" scrolling=\"no\"><\/iframe><\/p>\n<p>&nbsp;<\/p>\n<\/div>\n<div>\n<hr \/>\n<p>&nbsp;<\/p>\n<\/div>\n<h2><span style=\"color: #808000;\">L&#8217;ALMANACCO LADINO\u00a0\u00a0<\/span><\/h2>\n<p><strong>LA RACCOLTA<\/strong><\/p>\n<blockquote class=\"wp-embedded-content\" data-secret=\"oyO2fH4MWK\"><p><a href=\"https:\/\/www.radiopiu.net\/wordpress\/almanacco-ladino\/\">Almanacco Ladino<\/a><\/p><\/blockquote>\n<p><iframe loading=\"lazy\" class=\"wp-embedded-content\" sandbox=\"allow-scripts\" security=\"restricted\" style=\"position: absolute; clip: rect(1px, 1px, 1px, 1px);\" title=\"&#8220;Almanacco Ladino&#8221; &#8212; Radio Pi\u00f9\" src=\"https:\/\/www.radiopiu.net\/wordpress\/almanacco-ladino\/embed\/#?secret=fpz2uVeZ9S#?secret=oyO2fH4MWK\" data-secret=\"oyO2fH4MWK\" width=\"600\" height=\"338\" frameborder=\"0\" marginwidth=\"0\" marginheight=\"0\" scrolling=\"no\"><\/iframe><\/p>\n<p>&nbsp;<\/p>\n<hr \/>\n<h2><span style=\"color: #33cccc;\">\u00a0<\/span><\/h2>\n<h2><span style=\"color: #33cccc;\">LA RASSEGNA STAMPA DA L&#8217;AMICO DEL POPOLO<\/span><\/h2>\n<p><a class=\"dt-pswp-item\" href=\"https:\/\/www.radiopiu.net\/wordpress\/wp-content\/uploads\/2021\/05\/GIOVANNI-DEON.jpg\" data-dt-img-description=\"NINO DEON\" data-large_image_width=\"228\" data-large_image_height=\"221\"><img loading=\"lazy\" decoding=\"async\" class=\"alignleft wp-image-212771 size-thumbnail\" src=\"https:\/\/www.radiopiu.net\/wordpress\/wp-content\/uploads\/2021\/05\/GIOVANNI-DEON-150x150.jpg\" alt=\"\" width=\"150\" height=\"150\" \/><\/a><\/p>\n<p><strong>di Gianni Santomaso<\/strong><\/p>\n<p>OSPITE: Giovanni Deon, Sindaco di Rivamonte<\/p>\n<audio class=\"wp-audio-shortcode\" id=\"audio-270844-19\" preload=\"none\" style=\"width: 100%;\" controls=\"controls\"><source type=\"audio\/mpeg\" src=\"https:\/\/www.radiopiu.net\/wordpress\/wp-content\/uploads\/2022\/04\/RASSEGNA-GIANNI-2.mp3?_=19\" \/><a href=\"https:\/\/www.radiopiu.net\/wordpress\/wp-content\/uploads\/2022\/04\/RASSEGNA-GIANNI-2.mp3\">https:\/\/www.radiopiu.net\/wordpress\/wp-content\/uploads\/2022\/04\/RASSEGNA-GIANNI-2.mp3<\/a><\/audio>\n<p>&nbsp;<\/p>\n<p><strong>LA RACCOLTA COMPLETA<\/strong><\/p>\n<blockquote class=\"wp-embedded-content\" data-secret=\"4KF4wl7m5T\"><p><a href=\"https:\/\/www.radiopiu.net\/wordpress\/rassegna-stampa-di-gianni-santomaso\/\">Rassegna stampa da l&#8217;amico del popolo &#8211; di Gianni Santomaso<\/a><\/p><\/blockquote>\n<p><iframe loading=\"lazy\" class=\"wp-embedded-content\" sandbox=\"allow-scripts\" security=\"restricted\" style=\"position: absolute; clip: rect(1px, 1px, 1px, 1px);\" title=\"&#8220;Rassegna stampa da l&#8217;amico del popolo &#8211; di Gianni Santomaso&#8221; &#8212; Radio Pi\u00f9\" src=\"https:\/\/www.radiopiu.net\/wordpress\/rassegna-stampa-di-gianni-santomaso\/embed\/#?secret=6Z3IlfPX6b#?secret=4KF4wl7m5T\" data-secret=\"4KF4wl7m5T\" width=\"600\" height=\"338\" frameborder=\"0\" marginwidth=\"0\" marginheight=\"0\" scrolling=\"no\"><\/iframe><\/p>\n<p>&nbsp;<\/p>\n<hr \/>\n<p>&nbsp;<\/p>\n<div>\n<div class=\"page-title-head hgroup\">\n<div class=\"page-title-head hgroup\">\n<div class=\"b654a4as d2edcug0\">\n<div class=\"j83agx80 btwxx1t3 lhclo0ds hop8lmos nkwizq5d scwd0bx6 roh60bw9\">\n<div class=\"rq0escxv hkbzh7o3 jwdofwj8 n8tt0mok r8blr3vg hyh9befq\">\n<div class=\"do00u71z l9j0dhe7 k4urcfbm\">\n<div class=\"ecm0bbzt e5nlhep0 a8c37x1j\">\n<div class=\"kvgmc6g5 cxmmr5t8 oygrvhab hcukyx3x c1et5uql\">\n<div class=\"gmail-kvgmc6g5 gmail-cxmmr5t8 gmail-oygrvhab gmail-hcukyx3x gmail-c1et5uql gmail-ii04i59q\">\n<div class=\"page-title-head hgroup\">\n<div class=\"page-title-head hgroup\">\n<div class=\"b654a4as d2edcug0\">\n<div class=\"j83agx80 btwxx1t3 lhclo0ds hop8lmos nkwizq5d scwd0bx6 roh60bw9\">\n<div class=\"rq0escxv hkbzh7o3 jwdofwj8 n8tt0mok r8blr3vg hyh9befq\">\n<div class=\"do00u71z l9j0dhe7 k4urcfbm\">\n<div class=\"page-title-head hgroup\">\n<div class=\"page-title-head hgroup\">\n<div class=\"page-title-head hgroup\">\n<div class=\"page-title-head hgroup\">\n<div class=\"b654a4as d2edcug0\">\n<div class=\"page-title-head hgroup\">\n<div class=\"page-title-head hgroup\">\n<div class=\"page-title-head hgroup\">\n<div class=\"page-title-head hgroup\">\n<div class=\"b654a4as d2edcug0\">\n<div class=\"page-title-head hgroup\">\n<div class=\"page-title-head hgroup\">\n<div class=\"page-title-head hgroup\">\n<div class=\"page-title-head hgroup\">\n<div class=\"page-title-head hgroup\">\n<div class=\"page-title-head hgroup\">\n<div class=\"page-title-head hgroup\">\n<div class=\"page-title-head hgroup\">\n<div class=\"page-title-head hgroup\">\n<div class=\"b654a4as d2edcug0\">\n<div class=\"page-title-head hgroup\">\n<div class=\"page-title-head hgroup\">\n<div class=\"page-title-head hgroup\">\n<div class=\"page-title-head hgroup\">\n<div class=\"b654a4as d2edcug0\">\n<div class=\"page-title-head hgroup\">\n<div class=\"page-title-head hgroup\">\n<div class=\"page-title-head hgroup\">\n<div class=\"page-title-head hgroup\">\n<div class=\"page-title-head hgroup\">\n<div class=\"mkdf-post-text\">\n<div class=\"mkdf-post-text-inner\">\n<div class=\"mkdf-post-text-main\">\n<div class=\"mkdf-post-text\">\n<div class=\"mkdf-post-text-inner\">\n<div class=\"mkdf-post-text-main\">\n<div class=\"mkdf-post-text\">\n<div class=\"mkdf-post-text-inner\">\n<div class=\"mkdf-post-text-main\">\n<div class=\"page-title-head hgroup\">\n<div class=\"page-title-head hgroup\">\n<div class=\"mkdf-post-text\">\n<div class=\"mkdf-post-text-inner\">\n<div class=\"mkdf-post-text-main\">\n<div class=\"mkdf-post-text\">\n<div class=\"mkdf-post-text-inner\">\n<div class=\"mkdf-post-text-main\">\n<div class=\"page-title-head hgroup\">\n<div class=\"page-title-head hgroup\">\n<div class=\"page-title-head hgroup\">\n<div class=\"page-title-head hgroup\">\n<div class=\"b654a4as d2edcug0\">\n<div class=\"page-title-head hgroup\">\n<div class=\"page-title-head hgroup\">\n<div class=\"page-title-head hgroup\">\n<div class=\"page-title-head hgroup\">\n<div class=\"b654a4as d2edcug0\">\n<div class=\"page-title-head hgroup\">\n<div class=\"page-title-head hgroup\">\n<div class=\"page-title-head hgroup\">\n<div class=\"page-title-head hgroup\">\n<div class=\"b654a4as d2edcug0\">\n<h2><span style=\"color: #800080;\">I RACCONTI DI PAOLO SOPPELSA\u00a0<\/span><\/h2>\n<p><strong>GIORNI D&#8217;ATTESA\u00a0<\/strong><\/p>\n<p><em><strong>AUDIO<\/strong><\/em><\/p>\n<audio class=\"wp-audio-shortcode\" id=\"audio-270844-20\" preload=\"none\" style=\"width: 100%;\" controls=\"controls\"><source type=\"audio\/mpeg\" src=\"https:\/\/www.radiopiu.net\/wordpress\/wp-content\/uploads\/2022\/04\/PAOLO-SOPPELSA-GIORNI-DATTESA.mp3?_=20\" \/><a href=\"https:\/\/www.radiopiu.net\/wordpress\/wp-content\/uploads\/2022\/04\/PAOLO-SOPPELSA-GIORNI-DATTESA.mp3\">https:\/\/www.radiopiu.net\/wordpress\/wp-content\/uploads\/2022\/04\/PAOLO-SOPPELSA-GIORNI-DATTESA.mp3<\/a><\/audio>\n<p>&nbsp;<\/p>\n<p><a class=\"dt-pswp-item\" href=\"https:\/\/www.radiopiu.net\/wordpress\/wp-content\/uploads\/2022\/04\/c25e56df-dbe6-481f-8762-b10857288020.jpg\" data-dt-img-description=\"\" data-large_image_width=\"1080\" data-large_image_height=\"810\"><img loading=\"lazy\" decoding=\"async\" class=\"size-thumbnail wp-image-271023 alignleft\" src=\"https:\/\/www.radiopiu.net\/wordpress\/wp-content\/uploads\/2022\/04\/c25e56df-dbe6-481f-8762-b10857288020-150x150.jpg\" alt=\"\" width=\"150\" height=\"150\" \/><\/a>La 127 era sparita fra le curve della provinciale solo da pochi minuti; e Belluno di colpo era diventato un miraggio lontano, una immagine sfuocata. Ora ero lass\u00f9, fra le montagne agordine. I miei occhi non avevano pi\u00f9 condomini e semafori da guardare; ora potevano ammirare la maestosit\u00e0 del Pelsa, con le ultime lingue di neve sotto la cima ed il verde intenso della primavera che avanzava ai piedi delle grandi pareti di roccia. Le mie gambe non dovevano pi\u00f9 calpestare marciapiedi e cortili asfaltati. Potevano correre libere, sempre in salita o in discesa; quasi mai in piano. E camminavano nella terra, fra i sassi, nei prati con l&#8217;erba bagnata dalle piogge d&#8217;aprile. Pochi rumori, qualche macchina, la corriera ed il canto dei larici mossi dal vento. Poi il silenzio, rotto soltanto dal picchiettare della pioggia sul tetto del tabi\u00e0 e sui teli di naylon che coprivano la legna. Qualche camino iniziava a fumare verso sera, mentre la luce di una fioca lampadina illuminava la cucina all&#8217;ora di cena. Era l&#8217;attesa la fedele compagna di quei giorni lontani vissuti di fronte al Pelsa. Poteva essere l&#8217;attendere le nuvole che avrebbero portato una leggera pioggia di primavera, oppure di sentire il caratteristico rombo della 127 color del cielo di pap\u00e0 che saliva di terza lungo la provinciale. Era un vivere aspettando con speranza giovanile che accadesse un qualcosa qualsiasi che potesse scalfire quei profondi silenzi di lass\u00f9. L&#8217;attesa stava seduta a fianco a me quando guardavo il Pelsa dall&#8217;ultimo scalino &#8220;su &#8216;nte stradon&#8221; insegnandomi la pazienza. Parlava con voce di pioggia leggera, si palesava attraverso i rintocchi della pendola che scandivano ore sempre apparentemente uguali. C&#8217;erano il giorno e la notte, e una libert\u00e0 infinita in quel mondo essenziale. Eppure erano gli anni &#8217;80, con la TV in bianco e nero che alla sera raccontava della &#8220;Milano da bere&#8221;, delle discoteche, del Mostro di Firenze e delle vicende oscure di Mamma Ebe. E poi di Reagan e Gorbaciov, Al\u00ec Agca e Papa Wojtyla. Un affacciarsi sul mondo che durava il tempo del TG1; poi ritornavano i silenzi della montagna di sera. Mentre osservavo i larici che si scrollavano di dosso la fredda pioggia d&#8217;aprile, pensavo che la modernit\u00e0 e la frenesia di quel tempo si fossero fermate al tornante delle Martinazze. C&#8217;era sempre la sensazione, mentre salivo lungo la provinciale, che tutto quel mondo in fermento stesse scivolando via e rimanesse solamente l&#8217;essenziale del vivere. Il pranzo a mezzogiorno in punto, la cena alle sei; nel mezzo lunghi momenti passati a pensare, ad inventare giochi e sperimentare nuove attivit\u00e0 come piantare chiodi, spingere la &#8220;barela&#8221;, maneggiare con circospezione la &#8220;ronconela&#8221;. Poi, terminati i giochi, ritornava nuovamente quell&#8217;aspettare che pareva eterno, e mentre attendevo mi riempivo della preziosa semplicit\u00e0 di quel vivere apparentemente al minimo. C&#8217;era l&#8217;acqua della &#8220;brenta&#8221; e del R\u00f9 da Ghisel, e poi il vento che scendeva dalla Val Cordevole; la &#8220;tera dei ciamp&#8221; e l&#8217;erba nuova bagnata dagli scrosci improvvisi. C&#8217;era la natura che insegnava una vita lenta che scorreva al ritmo scandito dalle stagioni; il fieno ai primi di luglio, la &#8220;becaria&#8221; a fine novembre. L&#8217;orto da bagnare d&#8217;estate e la neve da spalare d&#8217;inverno. C&#8217;erano i silenzi e le piogge d&#8217;aprile, il fuoco della cucina economica e le voci e i visi di quelli che c&#8217;erano prima che mi stavano insegnando la vita.<\/p>\n<p><strong>LA RACCOLTA COMPLETA<\/strong><\/p>\n<blockquote class=\"wp-embedded-content\" data-secret=\"Qtmmw8ZzAt\"><p><a href=\"https:\/\/www.radiopiu.net\/wordpress\/i-racconti-di-paolo-soppelsa\/\">I racconti di Paolo Soppelsa<\/a><\/p><\/blockquote>\n<p><iframe loading=\"lazy\" class=\"wp-embedded-content\" sandbox=\"allow-scripts\" security=\"restricted\" style=\"position: absolute; clip: rect(1px, 1px, 1px, 1px);\" title=\"&#8220;I racconti di Paolo Soppelsa&#8221; &#8212; Radio Pi\u00f9\" src=\"https:\/\/www.radiopiu.net\/wordpress\/i-racconti-di-paolo-soppelsa\/embed\/#?secret=t8I1RO4wS8#?secret=Qtmmw8ZzAt\" data-secret=\"Qtmmw8ZzAt\" width=\"600\" height=\"338\" frameborder=\"0\" marginwidth=\"0\" marginheight=\"0\" scrolling=\"no\"><\/iframe><\/p>\n<p>&nbsp;<\/p>\n<hr \/>\n<p>&nbsp;<\/p>\n<\/div>\n<\/div>\n<\/div>\n<\/div>\n<\/div>\n<\/div>\n<\/div>\n<\/div>\n<\/div>\n<\/div>\n<\/div>\n<\/div>\n<\/div>\n<\/div>\n<\/div>\n<\/div>\n<\/div>\n<\/div>\n<\/div>\n<\/div>\n<\/div>\n<\/div>\n<\/div>\n<\/div>\n<\/div>\n<\/div>\n<\/div>\n<\/div>\n<\/div>\n<\/div>\n<\/div>\n<\/div>\n<\/div>\n<\/div>\n<\/div>\n<\/div>\n<\/div>\n<\/div>\n<\/div>\n<\/div>\n<\/div>\n<\/div>\n<\/div>\n<\/div>\n<\/div>\n<\/div>\n<\/div>\n<\/div>\n<\/div>\n<\/div>\n<\/div>\n<\/div>\n<\/div>\n<\/div>\n<\/div>\n<\/div>\n<\/div>\n<\/div>\n<\/div>\n<\/div>\n<\/div>\n<\/div>\n<\/div>\n<\/div>\n<\/div>\n<\/div>\n<\/div>\n<\/div>\n<\/div>\n<\/div>\n<\/div>\n<\/div>\n<\/div>\n<\/div>\n<\/div>\n<\/div>\n<\/div>\n<\/div>\n<\/div>\n<\/div>\n<\/div>\n<\/div>\n<\/div>\n<\/div>\n<\/div>\n<\/div>\n<\/div>\n<\/div>\n<\/div>\n<\/div>\n<\/div>\n<\/div>\n<\/div>\n<\/div>\n<\/div>\n<\/div>\n<\/div>\n<\/div>\n<\/div>\n<\/div>\n<\/div>\n<\/div>\n<\/div>\n<\/div>\n<\/div>\n<\/div>\n<\/div>\n<\/div>\n<\/div>\n<\/div>\n<\/div>\n<div class=\"b654a4as d2edcug0\">\n<div class=\"ecm0bbzt e5nlhep0 a8c37x1j\">\n<div class=\"kvgmc6g5 cxmmr5t8 oygrvhab hcukyx3x c1et5uql\">\n<div class=\"gmail-kvgmc6g5 gmail-cxmmr5t8 gmail-oygrvhab gmail-hcukyx3x gmail-c1et5uql gmail-ii04i59q\">\n<div>\n<div class=\"page-title-head hgroup\">\n<div class=\"page-title-head hgroup\">\n<div class=\"b654a4as d2edcug0\">\n<div class=\"j83agx80 btwxx1t3 lhclo0ds hop8lmos nkwizq5d scwd0bx6 roh60bw9\">\n<div class=\"rq0escxv hkbzh7o3 jwdofwj8 n8tt0mok r8blr3vg hyh9befq\">\n<div class=\"do00u71z l9j0dhe7 k4urcfbm\">\n<div>\n<div class=\"page-title-head hgroup\">\n<div class=\"page-title-head hgroup\">\n<div class=\"page-title-head hgroup\">\n<div class=\"page-title-head hgroup\">\n<div class=\"b654a4as d2edcug0\">\n<div class=\"page-title-head hgroup\">\n<div class=\"page-title-head hgroup\">\n<div class=\"page-title-head hgroup\">\n<div class=\"page-title-head hgroup\">\n<div class=\"b654a4as d2edcug0\">\n<div class=\"page-title-head hgroup\">\n<div class=\"page-title-head hgroup\">\n<div class=\"page-title-head hgroup\">\n<div class=\"page-title-head hgroup\">\n<div class=\"page-title-head hgroup\">\n<div class=\"mkdf-post-text\">\n<div class=\"mkdf-post-text-inner\">\n<div class=\"mkdf-post-text-main\">\n<div class=\"mkdf-post-text\">\n<div class=\"mkdf-post-text-inner\">\n<div class=\"mkdf-post-text-main\">\n<div class=\"mkdf-post-text\">\n<div class=\"mkdf-post-text-inner\">\n<div class=\"mkdf-post-text-main\">\n<div class=\"page-title-head hgroup\">\n<div class=\"page-title-head hgroup\">\n<div class=\"mkdf-post-text\">\n<div class=\"mkdf-post-text-inner\">\n<div class=\"mkdf-post-text-main\">\n<div class=\"mkdf-post-text\">\n<div class=\"mkdf-post-text-inner\">\n<div class=\"mkdf-post-text-main\">\n<div>\n<div class=\"page-title-head hgroup\">\n<div class=\"page-title-head hgroup\">\n<div>\n<div class=\"page-title-head hgroup\">\n<div class=\"page-title-head hgroup\">\n<div class=\"b654a4as d2edcug0\">\n<div>\n<div class=\"page-title-head hgroup\" style=\"text-align: left;\">\n<div class=\"page-title-head hgroup\">\n<div dir=\"auto\">\n<p><a class=\"dt-pswp-item pspw-wrap-ready\" href=\"https:\/\/i0.wp.com\/www.radiopiu.net\/wordpress\/wp-content\/uploads\/2018\/09\/WhatsApp-Image-2018-09-20-at-16.04.06.jpeg?ssl=1\" data-dt-img-description=\"\" data-large_image_width=\"800\" data-large_image_height=\"100\"><img loading=\"lazy\" decoding=\"async\" class=\"aligncenter wp-image-61378 size-full jetpack-lazy-image jetpack-lazy-image--handled\" src=\"https:\/\/i0.wp.com\/www.radiopiu.net\/wordpress\/wp-content\/uploads\/2018\/09\/WhatsApp-Image-2018-09-20-at-16.04.06.jpeg?resize=800%2C100&amp;ssl=1\" sizes=\"auto, (max-width: 800px) 100vw, 800px\" srcset=\"https:\/\/i0.wp.com\/www.radiopiu.net\/wordpress\/wp-content\/uploads\/2018\/09\/WhatsApp-Image-2018-09-20-at-16.04.06.jpeg?w=800&amp;ssl=1 800w, https:\/\/i0.wp.com\/www.radiopiu.net\/wordpress\/wp-content\/uploads\/2018\/09\/WhatsApp-Image-2018-09-20-at-16.04.06.jpeg?resize=300%2C38&amp;ssl=1 300w, https:\/\/i0.wp.com\/www.radiopiu.net\/wordpress\/wp-content\/uploads\/2018\/09\/WhatsApp-Image-2018-09-20-at-16.04.06.jpeg?resize=768%2C96&amp;ssl=1 768w\" alt=\"\" width=\"800\" height=\"100\" data-lazy-loaded=\"1\" \/><\/a><\/p>\n<\/div>\n<\/div>\n<\/div>\n<\/div>\n<\/div>\n<\/div>\n<\/div>\n<\/div>\n<\/div>\n<\/div>\n<\/div>\n<\/div>\n<\/div>\n<\/div>\n<\/div>\n<\/div>\n<\/div>\n<\/div>\n<\/div>\n<\/div>\n<\/div>\n<\/div>\n<\/div>\n<\/div>\n<\/div>\n<\/div>\n<\/div>\n<\/div>\n<\/div>\n<\/div>\n<\/div>\n<\/div>\n<\/div>\n<\/div>\n<\/div>\n<\/div>\n<\/div>\n<\/div>\n<\/div>\n<\/div>\n<\/div>\n<\/div>\n<\/div>\n<\/div>\n<\/div>\n<\/div>\n<\/div>\n<\/div>\n<\/div>\n<\/div>\n<\/div>\n<\/div>\n<\/div>\n<\/div>\n<\/div>\n<\/div>\n<\/div>\n<\/div>\n<\/div>\n<\/div>\n<\/div>\n<\/div>\n<\/div>\n<\/div>\n<\/div>\n<\/div>\n<\/div>\n<\/div>\n<\/div>\n<\/div>\n<\/div>\n<\/div>\n<\/div>\n<\/div>\n<\/div>\n<\/div>\n<\/div>\n<\/div>\n<\/div>\n<\/div>\n<\/div>\n<\/div>\n<\/div>\n<\/div>\n<\/div>\n<\/div>\n<\/div>\n<\/div>\n<\/div>\n<\/div>\n<\/div>\n<\/div>\n<\/div>\n<\/div>\n<\/div>\n<\/div>\n<\/div>\n<\/div>\n<\/div>\n<\/div>\n<\/div>\n<\/div>\n<\/div>\n<\/div>\n<\/div>\n<\/div>\n<\/div>\n<\/div>\n<\/div>\n<\/div>\n<\/div>\n<\/div>\n<\/div>\n<\/div>\n<\/div>\n<\/div>\n<\/div>\n<\/div>\n<\/div>\n<\/div>\n<\/div>\n<\/div>\n<\/div>\n<\/div>\n<\/div>\n<\/div>\n<\/div>\n<\/div>\n<\/div>\n<\/div>\n<\/div>\n<\/div>\n<\/div>\n<\/div>\n<\/div>\n<\/div>\n<\/div>\n<\/div>\n<\/div>\n<\/div>\n<\/div>\n<\/div>\n<\/div>\n<\/div>\n<\/div>\n<\/div>\n<\/div>\n<\/div>\n<\/div>\n<\/div>\n<\/div>\n<\/div>\n<\/div>\n<\/div>\n<\/div>\n<\/div>\n<\/div>\n<\/div>\n<\/div>\n<\/div>\n<\/div>\n<\/div>\n<\/div>\n<\/div>\n<\/div>\n<\/div>\n<\/div>\n<\/div>\n<\/div>\n<\/div>\n<\/div>\n<\/div>\n<\/div>\n<\/div>\n<\/div>\n<\/div>\n<\/div>\n<\/div>\n<\/div>\n<\/div>\n<\/div>\n<\/div>\n<\/div>\n<\/div>\n<\/div>\n<\/div>\n<\/div>\n<\/div>\n<\/div>\n<\/div>\n<\/div>\n<\/div>\n<\/div>\n<\/div>\n<\/div>\n<\/div>\n<\/div>\n<\/div>\n<\/div>\n<\/div>\n<\/div>\n<\/div>\n<\/div>\n<\/div>\n<\/div>\n<\/div>\n<\/div>\n<\/div>\n<\/div>\n<\/div>\n<\/div>\n<\/div>\n<\/div>\n<\/div>\n<\/div>\n<\/div>\n<\/div>\n<\/div>\n<\/div>\n<\/div>\n<\/div>\n<\/div>\n<\/div>\n<\/div>\n<\/div>\n<\/div>\n<\/div>\n<\/div>\n<\/div>\n<\/div>\n<p>&nbsp;<\/p>\n<p><center><strong>MARTEDI 19<\/strong><\/center><\/p>\n<p style=\"text-align: left;\">\u00a0Tempo inizialmente in prevalenza soleggiato, ma con addensamenti nel corso della giornata pi\u00f9 sviluppati rispetto ai giorni precedenti, specie dal pomeriggio, con rischio contenuto di qualche isolato piovasco pomeridiano o serale.<br \/>\n<strong>Precipitazioni.<\/strong>\u00a0Assenti al mattino (0%); nel pomeriggio\/sera possibili modeste precipitazioni perlopi\u00f9 locali, eventualmente nevose attorno ai 1700\/2000 m.<br \/>\n<strong>Temperature.<\/strong>\u00a0In generale lieve aumento. Su Prealpi a 1500 m min -1\u00b0C max 5\u00b0C, a 2000 m min -4\u00b0C max 4\u00b0C. Su Dolomiti a 2000 m min -3\u00b0C, max 6\u00b0C; a 3000 m min -9\u00b0C, max -3\u00b0C.<br \/>\n<strong>Venti.<\/strong>\u00a0Nelle valli deboli o moderati a regime di brezza; in quota moderati o tesi, da nord-ovest, a 10-15 km\/h a 2000 m e a 30-45 km\/h a 3000 m.<\/p>\n<p><strong>MERCOLEDI 20<\/strong><\/p>\n<p style=\"text-align: left;\">\u00a0Tempo variabile con alternanza di schiarite e di addensamenti nuvolosi al mattino e con nuvolosit\u00e0 irregolare nel pomeriggio, ma senza fenomeni apprezzabili associati.<br \/>\n<strong>Precipitazioni.<\/strong>\u00a0Generalmente assenti, salvo una probabilit\u00e0 molto bassa (5-10%) di locali precipitazioni, eventualmente nevosi oltre i 1600-1900 m.<br \/>\n<strong>Temperature.<\/strong>\u00a0In lieve aumento le minime, in calo le massime. Su Prealpi a 1500 m min -1\u00b0C, max 3\u00b0C; a 2000 m min -3\u00b0C, max 2\u00b0C. Su Dolomiti a 2000 m min -4\u00b0C, max 3\u00b0C; a 3000 m min -9\u00b0C max -3\u00b0C.<br \/>\n<strong>Venti.<\/strong>\u00a0Nelle valli deboli o moderati a regime di brezza; in quota ancora da nord-ovest perlopi\u00f9 moderati a tratti anche tesi, a 5-10 km\/h a 2000 m e a 15-30 km\/h a 3000 m.<\/p>\n<p><strong>GIOVEDI 21<\/strong><\/p>\n<p style=\"text-align: left;\">\u00a0Al mattino generalmente nuvoloso specie sulle zone prealpine e con frequenti tratti soleggiati sulle Dolomiti. Probabile intensificazione della nuvolosit\u00e0 nel corso del pomeriggio a cominciare dalle zone prealpine, in estensione a tutta le zone montane, con possibili precipitazioni sparse specie in serata, nevose oltre i 1700-2000 m. Lieve rialzo termico rispetto a mercoled\u00ec. Venti in quota dai quadranti meridionali da moderati a tesi a fine giornata.<\/p>\n<p><strong>VENERDI 22<\/strong><\/p>\n<p style=\"text-align: left;\">Tempo variabile in un contesto in prevalenza nuvoloso, con possibili modeste precipitazioni sparse, eventualmente nevose oltre i 1700-2000 m. Temperature minime in aumento, massime in lieve ulteriore calo. Venti in quota in prevalenza moderati dai quadranti orientali Previsore: M.Padoan<\/p>\n<p>&nbsp;<\/p>\n<hr \/>\n<p>&nbsp;<\/p>\n<p><a href=\"https:\/\/www.radiopiu.net\/wordpress\/giornale-radiopiu-26-settembre-2018-direttore-mirko-mezzacasa\/viabilita-2\/\" rel=\"attachment wp-att-61954\"><img loading=\"lazy\" decoding=\"async\" class=\"aligncenter wp-image-61954 size-full\" src=\"https:\/\/www.radiopiu.net\/wordpress\/wp-content\/uploads\/2018\/09\/viabilita.jpeg\" sizes=\"auto, (max-width: 800px) 100vw, 800px\" srcset=\"https:\/\/www.radiopiu.net\/wordpress\/wp-content\/uploads\/2018\/09\/viabilita.jpeg 800w, https:\/\/www.radiopiu.net\/wordpress\/wp-content\/uploads\/2018\/09\/viabilita-300x38.jpeg 300w, https:\/\/www.radiopiu.net\/wordpress\/wp-content\/uploads\/2018\/09\/viabilita-768x96.jpeg 768w\" alt=\"\" width=\"800\" height=\"100\" \/><\/a><\/p>\n<p>&nbsp;<\/p>\n<blockquote class=\"wp-embedded-content\" data-secret=\"eU14CADGmC\"><p><a href=\"https:\/\/www.radiopiu.net\/wordpress\/viabilita\/\">viabilita<\/a><\/p><\/blockquote>\n<p><iframe loading=\"lazy\" class=\"wp-embedded-content\" sandbox=\"allow-scripts\" security=\"restricted\" style=\"position: absolute; clip: rect(1px, 1px, 1px, 1px);\" title=\"&#8220;viabilita&#8221; &#8212; Radio Pi\u00f9\" src=\"https:\/\/www.radiopiu.net\/wordpress\/viabilita\/embed\/#?secret=zbVygxEfux#?secret=eU14CADGmC\" data-secret=\"eU14CADGmC\" width=\"600\" height=\"338\" frameborder=\"0\" marginwidth=\"0\" marginheight=\"0\" scrolling=\"no\"><\/iframe><\/p>\n<p>&nbsp;<\/p>\n<hr \/>\n<p>&nbsp;<\/p>\n<p><img loading=\"lazy\" decoding=\"async\" class=\"wp-image-60761 size-full aligncenter\" src=\"https:\/\/www.radiopiu.net\/wordpress\/wp-content\/uploads\/2018\/09\/sport.jpg\" alt=\"\" width=\"800\" height=\"100\" srcset=\"https:\/\/www.radiopiu.net\/wordpress\/wp-content\/uploads\/2018\/09\/sport.jpg 800w, https:\/\/www.radiopiu.net\/wordpress\/wp-content\/uploads\/2018\/09\/sport-300x38.jpg 300w, https:\/\/www.radiopiu.net\/wordpress\/wp-content\/uploads\/2018\/09\/sport-768x96.jpg 768w\" sizes=\"auto, (max-width: 800px) 100vw, 800px\" \/><\/p>\n<p>&nbsp;<\/p>\n<p><span style=\"color: #0000ff;\"><strong>MOTORI<\/strong><\/span><\/p>\n<blockquote>\n<h3>ANDREA FONTANA DOPO 7 ANNI DI NUOVO IN PORSCHE<\/h3>\n<\/blockquote>\n<div class=\"\">\n<div class=\"\"><span class=\"\"><strong><a class=\"dt-pswp-item\" href=\"https:\/\/www.radiopiu.net\/wordpress\/wp-content\/uploads\/2022\/04\/3b51d12d-f382-b1d2-d6a9-7b976e58e938.jpg\" data-dt-img-description=\"\" data-large_image_width=\"1000\" data-large_image_height=\"1500\"><img loading=\"lazy\" decoding=\"async\" class=\"alignright wp-image-270921 \" src=\"https:\/\/www.radiopiu.net\/wordpress\/wp-content\/uploads\/2022\/04\/3b51d12d-f382-b1d2-d6a9-7b976e58e938-200x300.jpg\" alt=\"\" width=\"167\" height=\"251\" srcset=\"https:\/\/www.radiopiu.net\/wordpress\/wp-content\/uploads\/2022\/04\/3b51d12d-f382-b1d2-d6a9-7b976e58e938-200x300.jpg 200w, https:\/\/www.radiopiu.net\/wordpress\/wp-content\/uploads\/2022\/04\/3b51d12d-f382-b1d2-d6a9-7b976e58e938-683x1024.jpg 683w, https:\/\/www.radiopiu.net\/wordpress\/wp-content\/uploads\/2022\/04\/3b51d12d-f382-b1d2-d6a9-7b976e58e938-768x1152.jpg 768w, https:\/\/www.radiopiu.net\/wordpress\/wp-content\/uploads\/2022\/04\/3b51d12d-f382-b1d2-d6a9-7b976e58e938.jpg 1000w\" sizes=\"auto, (max-width: 167px) 100vw, 167px\" \/><\/a>PONTE NELLE ALPI<\/strong> Il pilota bellunese Andrea Fontana \u00e8 pronto per una nuova\u00a0 <\/span><span class=\"\">stagione, che si apre all&#8217;insegna delle novit\u00e0. Infatti il ragazzo pontalpino parteciper\u00e0\u00a0 al Porsche Carrera Cup Italia\u00a02022. Un ritorno, <\/span><span class=\"\">\u00a0di nuovo con i colori del Team Ghinzani, 7 anni dopo la mia prima volta<em>. &#8220;Certamente\u00a0 &#8211; ci racconta Andrea &#8211; sar\u00e0 un\u2019esperienza diversa, con la<\/em><\/span><em> <span class=\"\">nuova 992 GT3 Cup<\/span><\/em><span class=\"\"><em>, un\u2019auto completamente rinnovata che dovr\u00f2 affrettarmi a conoscere ma ci arrivo con la giusta dose di maturit\u00e0 e pronto a fare la mia parte in una squadra forte e competitiva&#8221;<\/em>. Sar\u00e0 un campionato<\/span> <span class=\"\">emozionante dove Andrea Fontana si confronter\u00e0\u00a0 con <\/span><span class=\"\">\u00a0alcuni team e piloti\u00a0 che gi\u00e0 conoscono la 992 avendoci corso la scorsa stagione in altri campionati ed hanno potuto prepararsi al meglio per la stagione disputando varie giornate d\u00ec test <em>&#8220;Per me &#8211; continua Fontana &#8211;\u00a0 i test ufficiali di mercoled\u00ec sono stati la prima presa d\u00ec contatto con la 992.\u00a0 \u00a0Sar\u00e0 importante cercare d\u00ec chiudere da subito questo gap e trovare al pi\u00f9 presto il feeling con una vettura molto particolare come questa <\/em><\/span><span class=\"\"><em>senza ABS e controlli di trazione&#8221;<\/em>. <\/span><span class=\"\">Oltre a Cerqui, campione Carrera Cup 2021, e Amati\u00a0 il portacolori bellunese avr\u00e0\u00a0 l&#8217;onore di avere come compagno di squadra<\/span><span class=\"\">\u00a0<\/span><span class=\"\">Jorge Lorenzo<\/span><span class=\"\">, un professionista da \u00a0visibilit\u00e0 mediatica.\u00a0 <em>&#8220;<\/em><\/span><em><span class=\"\">Ora non vedo l&#8217;ora di scendere in pista il weekend del <\/span><span class=\"\">6-7-8 Maggio<\/span> <span class=\"\">per la<\/span> <span class=\"\">prima gara di campionato nel circuito di Imola&#8221;\u00a0<\/span><\/em><\/div>\n<div><\/div>\n<div>\n\n\t\t\t<style type='text\/css'>\n\t\t\t\t#gallery-5 {\n\t\t\t\t\tmargin: auto;\n\t\t\t\t}\n\t\t\t\t#gallery-5 .gallery-item {\n\t\t\t\t\tfloat: left;\n\t\t\t\t\tmargin-top: 10px;\n\t\t\t\t\ttext-align: center;\n\t\t\t\t\twidth: 25%;\n\t\t\t\t}\n\t\t\t\t#gallery-5 img {\n\t\t\t\t\tborder: 2px solid #cfcfcf;\n\t\t\t\t}\n\t\t\t\t#gallery-5 .gallery-caption {\n\t\t\t\t\tmargin-left: 0;\n\t\t\t\t}\n\t\t\t\t\/* see gallery_shortcode() in wp-includes\/media.php *\/\n\t\t\t<\/style>\n\t\t<div id='gallery-5' class='dt-gallery-container gallery galleryid-270844 gallery-columns-4 gallery-size-thumbnail'><dl class='gallery-item'>\n\t\t\t\t<dt class='gallery-icon portrait'>\n\t\t\t\t\t<a class=\"rollover rollover-zoom dt-pswp-item\" title=\"52246dd4-ddf9-d691-fa7f-24fa07db682a\" data-dt-img-description=\"\" data-large_image_width=\"1280\" data-large_image_height=\"1920\"href='https:\/\/www.radiopiu.net\/wordpress\/wp-content\/uploads\/2022\/04\/52246dd4-ddf9-d691-fa7f-24fa07db682a.jpg'><img loading=\"lazy\" decoding=\"async\" width=\"150\" height=\"150\" src=\"https:\/\/www.radiopiu.net\/wordpress\/wp-content\/uploads\/2022\/04\/52246dd4-ddf9-d691-fa7f-24fa07db682a-150x150.jpg\" class=\"attachment-thumbnail size-thumbnail\" alt=\"\" \/><\/a>\n\t\t\t\t<\/dt><\/dl><dl class='gallery-item'>\n\t\t\t\t<dt class='gallery-icon landscape'>\n\t\t\t\t\t<a class=\"rollover rollover-zoom dt-pswp-item\" title=\"540711de-beb6-cb2d-8d41-c7991a4091be\" data-dt-img-description=\"\" data-large_image_width=\"2560\" data-large_image_height=\"1725\"href='https:\/\/www.radiopiu.net\/wordpress\/wp-content\/uploads\/2022\/04\/540711de-beb6-cb2d-8d41-c7991a4091be-scaled.jpg'><img loading=\"lazy\" decoding=\"async\" width=\"150\" height=\"150\" src=\"https:\/\/www.radiopiu.net\/wordpress\/wp-content\/uploads\/2022\/04\/540711de-beb6-cb2d-8d41-c7991a4091be-150x150.jpg\" class=\"attachment-thumbnail size-thumbnail\" alt=\"\" \/><\/a>\n\t\t\t\t<\/dt><\/dl><dl class='gallery-item'>\n\t\t\t\t<dt class='gallery-icon landscape'>\n\t\t\t\t\t<a class=\"rollover rollover-zoom dt-pswp-item\" title=\"41bd60ce-f74e-f442-b476-e820005a5c68\" data-dt-img-description=\"\" data-large_image_width=\"1820\" data-large_image_height=\"800\"href='https:\/\/www.radiopiu.net\/wordpress\/wp-content\/uploads\/2022\/04\/41bd60ce-f74e-f442-b476-e820005a5c68.jpg'><img loading=\"lazy\" decoding=\"async\" width=\"150\" height=\"150\" src=\"https:\/\/www.radiopiu.net\/wordpress\/wp-content\/uploads\/2022\/04\/41bd60ce-f74e-f442-b476-e820005a5c68-150x150.jpg\" class=\"attachment-thumbnail size-thumbnail\" alt=\"\" \/><\/a>\n\t\t\t\t<\/dt><\/dl><dl class='gallery-item'>\n\t\t\t\t<dt class='gallery-icon landscape'>\n\t\t\t\t\t<a class=\"rollover rollover-zoom dt-pswp-item\" title=\"6c59e357-24e2-c1b2-2feb-ada56efa1dfe\" data-dt-img-description=\"\" data-large_image_width=\"2560\" data-large_image_height=\"1548\"href='https:\/\/www.radiopiu.net\/wordpress\/wp-content\/uploads\/2022\/04\/6c59e357-24e2-c1b2-2feb-ada56efa1dfe-1-scaled.jpg'><img loading=\"lazy\" decoding=\"async\" width=\"150\" height=\"150\" src=\"https:\/\/www.radiopiu.net\/wordpress\/wp-content\/uploads\/2022\/04\/6c59e357-24e2-c1b2-2feb-ada56efa1dfe-1-150x150.jpg\" class=\"attachment-thumbnail size-thumbnail\" alt=\"\" \/><\/a>\n\t\t\t\t<\/dt><\/dl><br style=\"clear: both\" \/>\n\t\t\t<\/div>\n\n<p>&nbsp;<\/p>\n<\/div>\n<\/div>\n<\/div>\n<\/div>\n<\/div>\n<\/div>\n<\/div>\n<\/div>\n<\/div>\n<\/div>\n<\/div>\n<\/div>\n<\/div>\n<\/div>\n<\/div>\n<\/div>\n<\/div>\n<\/div>\n<\/div>\n<\/div>\n<\/div>\n<\/div>\n<\/div>\n<\/div>\n<\/div>\n<\/div>\n<\/div>\n<\/div>\n<\/div>\n<\/div>\n<\/div>\n<\/div>\n<\/div>\n<\/div>\n<\/div>\n<\/div>\n<\/div>\n<\/div>\n<\/div>\n<\/div>\n<\/div>\n<\/div>\n<\/div>\n<\/div>\n<\/div>\n<\/div>\n<\/div>\n<\/div>\n<\/div>\n<\/div>\n<\/div>\n<\/div>\n<\/div>\n<\/div>\n<\/div>\n<\/div>\n<\/div>\n<\/div>\n<\/div>\n<\/div>\n<\/div>\n<\/div>\n<\/div>\n<\/div>\n<\/div>\n<\/div>\n<\/div>\n<\/div>\n<\/div>\n<\/div>\n<\/div>\n<\/div>\n<\/div>\n<\/div>\n<\/div>\n<\/div>\n<\/div>\n<\/div>\n<\/div>\n<\/div>\n<\/div>\n<\/div>\n<\/div>\n<\/div>\n<\/div>\n<\/div>\n<\/div>\n<\/div>\n<\/div>\n<\/div>\n<\/div>\n<\/div>\n<\/div>\n<\/div>\n<\/div>\n<\/div>\n<\/div>\n<\/div>\n<\/div>\n<\/div>\n<\/div>\n<\/div>\n<\/div>\n<\/div>\n<\/div>\n<\/div>\n<\/div>\n<\/div>\n","protected":false},"excerpt":{"rendered":"<p>INFORMAZIONE il canale su TELEGRAM informazione di prima\u00a0 mano e in tempo reale. iscriviti ed aiutaci a farlo conoscere\u00a0 &nbsp; &nbsp; &nbsp; &nbsp; MUORE UN SOCCORRITORE DOPO UNA CADUTA DA TRE METRI REDAZIONE\u00a0 Tra le localit\u00e0 Cotel e Tridis a Tramonti di Sotto ha perso la vita Andrea Dal Farra, 45 anni, di Vajont, tecnico&hellip;<\/p>\n","protected":false},"author":4,"featured_media":271200,"comment_status":"closed","ping_status":"closed","sticky":false,"template":"","format":"standard","meta":{"_monsterinsights_skip_tracking":false,"_monsterinsights_sitenote_active":false,"_monsterinsights_sitenote_note":"","_monsterinsights_sitenote_category":0,"footnotes":""},"categories":[51,86,49],"tags":[],"class_list":["post-270844","post","type-post","status-publish","format-standard","has-post-thumbnail","hentry","category-evidenza-top","category-gr","category-news-18","category-51","category-86","category-49","description-off"],"img_url":"https:\/\/www.radiopiu.net\/wordpress\/wp-content\/uploads\/2022\/04\/ASDASD-1.jpg","_links":{"self":[{"href":"https:\/\/www.radiopiu.net\/wordpress\/wp-json\/wp\/v2\/posts\/270844","targetHints":{"allow":["GET"]}}],"collection":[{"href":"https:\/\/www.radiopiu.net\/wordpress\/wp-json\/wp\/v2\/posts"}],"about":[{"href":"https:\/\/www.radiopiu.net\/wordpress\/wp-json\/wp\/v2\/types\/post"}],"author":[{"embeddable":true,"href":"https:\/\/www.radiopiu.net\/wordpress\/wp-json\/wp\/v2\/users\/4"}],"replies":[{"embeddable":true,"href":"https:\/\/www.radiopiu.net\/wordpress\/wp-json\/wp\/v2\/comments?post=270844"}],"version-history":[{"count":0,"href":"https:\/\/www.radiopiu.net\/wordpress\/wp-json\/wp\/v2\/posts\/270844\/revisions"}],"wp:featuredmedia":[{"embeddable":true,"href":"https:\/\/www.radiopiu.net\/wordpress\/wp-json\/wp\/v2\/media\/271200"}],"wp:attachment":[{"href":"https:\/\/www.radiopiu.net\/wordpress\/wp-json\/wp\/v2\/media?parent=270844"}],"wp:term":[{"taxonomy":"category","embeddable":true,"href":"https:\/\/www.radiopiu.net\/wordpress\/wp-json\/wp\/v2\/categories?post=270844"},{"taxonomy":"post_tag","embeddable":true,"href":"https:\/\/www.radiopiu.net\/wordpress\/wp-json\/wp\/v2\/tags?post=270844"}],"curies":[{"name":"wp","href":"https:\/\/api.w.org\/{rel}","templated":true}]}}