{"id":270888,"date":"2022-04-16T09:27:51","date_gmt":"2022-04-16T07:27:51","guid":{"rendered":"https:\/\/www.radiopiu.net\/wordpress\/?p=270888"},"modified":"2022-04-16T09:27:51","modified_gmt":"2022-04-16T07:27:51","slug":"nel-2021-pressione-fiscale-piu-alta-di-sempre-questanno-a-seguito-del-rincaro-dei-prezzi-i-veneti-pagheranno-5-miliardi-di-tasse-in-piu","status":"publish","type":"post","link":"https:\/\/www.radiopiu.net\/wordpress\/nel-2021-pressione-fiscale-piu-alta-di-sempre-questanno-a-seguito-del-rincaro-dei-prezzi-i-veneti-pagheranno-5-miliardi-di-tasse-in-piu\/","title":{"rendered":"NEL 2021 PRESSIONE FISCALE PIU\u2019 ALTA DI SEMPRE: QUEST\u2019ANNO, A SEGUITO DEL RINCARO DEI PREZZI, I VENETI PAGHERANNO 5 MILIARDI DI TASSE IN PIU\u2019"},"content":{"rendered":"<p><a class=\"dt-pswp-item\" href=\"https:\/\/www.radiopiu.net\/wordpress\/wp-content\/uploads\/2022\/04\/Schermata-2022-04-16-alle-09.14.29.png\" data-dt-img-description=\"\" data-large_image_width=\"794\" data-large_image_height=\"1752\"><img loading=\"lazy\" decoding=\"async\" class=\"alignleft size-medium wp-image-270891\" src=\"https:\/\/www.radiopiu.net\/wordpress\/wp-content\/uploads\/2022\/04\/Schermata-2022-04-16-alle-09.14.29-136x300.png\" alt=\"\" width=\"136\" height=\"300\" srcset=\"https:\/\/www.radiopiu.net\/wordpress\/wp-content\/uploads\/2022\/04\/Schermata-2022-04-16-alle-09.14.29-136x300.png 136w, https:\/\/www.radiopiu.net\/wordpress\/wp-content\/uploads\/2022\/04\/Schermata-2022-04-16-alle-09.14.29-464x1024.png 464w, https:\/\/www.radiopiu.net\/wordpress\/wp-content\/uploads\/2022\/04\/Schermata-2022-04-16-alle-09.14.29-768x1695.png 768w, https:\/\/www.radiopiu.net\/wordpress\/wp-content\/uploads\/2022\/04\/Schermata-2022-04-16-alle-09.14.29-696x1536.png 696w, https:\/\/www.radiopiu.net\/wordpress\/wp-content\/uploads\/2022\/04\/Schermata-2022-04-16-alle-09.14.29.png 794w\" sizes=\"auto, (max-width: 136px) 100vw, 136px\" \/><\/a>Se l\u2019anno scorso la pressione fiscale in Italia ha toccato il record storico del 43,5 per cento del Pil, nel 2022, invece, \u00e8 destinata a scendere al 43,1 per cento. In virt\u00f9 di ci\u00f2, solo il prossimo 7 giugno (un giorno prima di quanto successo nel 2021) gli italiani celebreranno il tanto sospirato giorno di liberazione fiscale (o \u201ctax freedom day\u201d) (vedi Tab. 1).<\/p>\n<p>In altre parole, dopo pi\u00f9 di 5 mesi dall\u2019inizio del 2022 (pari a 157 giorni lavorativi inclusi i sabati e le domeniche), il contribuente medio italiano smetter\u00e0 di lavorare per pagare tutti gli obblighi fiscali dell\u2019anno (Irpef, Imu, Iva, Tari, addizionali varie, Irap, Ires, contributi previdenziali, etc.) e dal 7 giugno inizier\u00e0 a guadagnare per se stesso e per la propria famiglia.<\/p>\n<p>Dall\u2019Ufficio studi della CGIA fanno sapere che l\u2019elaborazione di questo \u201ccontatore\u201d \u00e8 un puro esercizio teorico; tuttavia, questa analisi ha una valenza molto significativa per il Veneto e in generale per il Nordest. In primo luogo, la nostra regione ha una forte vocazione all\u2019export; pertanto, misurare il carico fiscale anche degli altri paesi \u00e8 importante per capire quanto il prelievo che grava sulle nostre Pmi costituisca un ostacolo alla diffusione dei nostri prodotti nel mondo. In secondo luogo, in Veneto la fedelt\u00e0 fiscale \u00e8 tra le pi\u00f9 alte d\u2019Italia, pertanto il nostro carico fiscale \u00e8 sicuramente sottostimato rispetto al dato medio nazionale.<\/p>\n<p><strong>Tra i big dell\u2019UE solo la Francia ha un fisco pi\u00f9 esoso del nostro<\/strong><br \/>\nDal confronto con gli altri Paesi europei non emerge un risultato particolarmente entusiasmante. Nel 2020 (ultimo anno in cui \u00e8 possibile effettuare una comparazione con i paesi Ue) i contribuenti italiani hanno lavorato per il fisco fino al 5 giugno (quasi 157 giorni lavorativi), vale a dire 4 giorni in pi\u00f9 rispetto alla media registrata nei Paesi dell\u2019area euro e 6 se, invece,\u00a0 il confronto \u00e8 realizzato con la media dei 27 Paesi che compongono l\u2019Unione europea.<\/p>\n<p>Se confrontiamo il \u201ctax freedom day\u201d italiano con quello dei nostri principali competitori economici, solo la Francia presenta un numero di giorni di lavoro necessari per pagare le tasse nettamente superiore (+19), mentre tutti gli altri hanno potuto festeggiare la liberazione fiscale in anticipo. In Germania, ad esempio, questo \u00e8 avvenuto 5 giorni prima che da noi, in Olanda 11 e in Spagna 20. Il paese pi\u00f9 virtuoso \u00e8 l\u2019Irlanda; con una pressione fiscale del 20,7 per cento, i contribuenti irlandesi assolvono gli obblighi fiscali in soli 76 giorni lavorativi, cominciando lavorare per se stessi il 16 marzo: 81 giorni prima rispetto al nostro \u201ctax freedom day\u201d (vedi Tab.2).<\/p>\n<p><strong><a class=\"dt-pswp-item\" href=\"https:\/\/www.radiopiu.net\/wordpress\/wp-content\/uploads\/2022\/04\/Schermata-2022-04-16-alle-09.14.50.png\" data-dt-img-description=\"\" data-large_image_width=\"1360\" data-large_image_height=\"822\"><img loading=\"lazy\" decoding=\"async\" class=\"alignleft size-medium wp-image-270890\" src=\"https:\/\/www.radiopiu.net\/wordpress\/wp-content\/uploads\/2022\/04\/Schermata-2022-04-16-alle-09.14.50-300x181.png\" alt=\"\" width=\"300\" height=\"181\" srcset=\"https:\/\/www.radiopiu.net\/wordpress\/wp-content\/uploads\/2022\/04\/Schermata-2022-04-16-alle-09.14.50-300x181.png 300w, https:\/\/www.radiopiu.net\/wordpress\/wp-content\/uploads\/2022\/04\/Schermata-2022-04-16-alle-09.14.50-1024x619.png 1024w, https:\/\/www.radiopiu.net\/wordpress\/wp-content\/uploads\/2022\/04\/Schermata-2022-04-16-alle-09.14.50-768x464.png 768w, https:\/\/www.radiopiu.net\/wordpress\/wp-content\/uploads\/2022\/04\/Schermata-2022-04-16-alle-09.14.50.png 1360w\" sizes=\"auto, (max-width: 300px) 100vw, 300px\" \/><\/a>Nel 2022 lo Stato incasser\u00e0 dai veneti 5 miliardi in pi\u00f9: bisogna restituire questi soldi reintroducendo il fiscal drag<\/strong><br \/>\nIl livello record di carico fiscale raggiunto nel 2021 non \u00e8 ascrivibile ad un aumento del prelievo imposto l \u2019anno scorso a famiglie e imprese, ma alla decisa crescita registrata dal Pil (+6,5 per cento) che, dopo la caduta verticale registrata nel 2020 (-8,9 per cento), ha contribuito ad aumentare notevolmente le entrate. Nel 2022, invece, il peso del fisco, sebbene la crescita economica dovrebbe attestarsi attorno al 3 per cento circa, \u00e8 destinato a diminuire di 0,4 punti percentuali. Ci\u00f2 avverr\u00e0 anche grazie alla riduzione delle imposte e dei contributi decisa dal Governo Draghi. Le principali misure approvate l\u2019anno scorso sono:<\/p>\n<p><strong>riforma dell\u2019Irpef (-6,4 miliardi di euro di gettito);<\/strong><br \/>\nesonero contributivo di 0,8 punti percentuali ai lavoratori dipendenti con una retribuzione mensile lorda inferiore a 2.692 euro (-1,1 miliardi di euro);<br \/>\nesonero pagamento Irap alle persone fisiche (-1 miliardo di euro);<\/p>\n<p>Se teniamo conto anche del miglioramento delle principali variabili economiche che si riflette sull\u2019andamento del gettito, secondo il DEF lo Stato nel 2022 incasser\u00e0 39,7 miliardi di imposte e contributi in pi\u00f9 rispetto al 2021. Di questo importo, l\u2019Ufficio studi della CGIA stima che almeno 5 miliardi saranno in capo ai veneti. Segnaliamo che una parte di questo extra gettito \u00e8 sicuramente ascrivibile anche al forte aumento dell\u2019inflazione che, secondo le previsioni, quest\u2019anno potrebbe sfiorare il 6 per cento. Pertanto, in un momento in cui le famiglie stanno subendo dei rincari spaventosi che rischiano di far crollare i consumi interni, sarebbe auspicabile che il Governo restituisse <a class=\"dt-pswp-item\" href=\"https:\/\/www.radiopiu.net\/wordpress\/wp-content\/uploads\/2022\/04\/2-2.jpg\" data-dt-img-description=\"\" data-large_image_width=\"923\" data-large_image_height=\"1428\"><img loading=\"lazy\" decoding=\"async\" class=\"alignleft size-medium wp-image-270892\" src=\"https:\/\/www.radiopiu.net\/wordpress\/wp-content\/uploads\/2022\/04\/2-2-194x300.jpg\" alt=\"\" width=\"194\" height=\"300\" srcset=\"https:\/\/www.radiopiu.net\/wordpress\/wp-content\/uploads\/2022\/04\/2-2-194x300.jpg 194w, https:\/\/www.radiopiu.net\/wordpress\/wp-content\/uploads\/2022\/04\/2-2-662x1024.jpg 662w, https:\/\/www.radiopiu.net\/wordpress\/wp-content\/uploads\/2022\/04\/2-2-768x1188.jpg 768w, https:\/\/www.radiopiu.net\/wordpress\/wp-content\/uploads\/2022\/04\/2-2.jpg 923w\" sizes=\"auto, (max-width: 194px) 100vw, 194px\" \/><\/a>il fiscal drag. Una misura che rafforzerebbe il potere d\u2019acquisto dei pensionati e dei lavoratori dipendenti, dando un sensibile sollievo soprattutto a coloro che attualmente si trovano in serie difficolt\u00e0 economiche.<\/p>\n","protected":false},"excerpt":{"rendered":"<p>Se l\u2019anno scorso la pressione fiscale in Italia ha toccato il record storico del 43,5 per cento del Pil, nel 2022, invece, \u00e8 destinata a scendere al 43,1 per cento. In virt\u00f9 di ci\u00f2, solo il prossimo 7 giugno (un giorno prima di quanto successo nel 2021) gli italiani celebreranno il tanto sospirato giorno di&hellip;<\/p>\n","protected":false},"author":2,"featured_media":85193,"comment_status":"closed","ping_status":"closed","sticky":false,"template":"","format":"standard","meta":{"_monsterinsights_skip_tracking":false,"_monsterinsights_sitenote_active":false,"_monsterinsights_sitenote_note":"","_monsterinsights_sitenote_category":0,"footnotes":""},"categories":[49],"tags":[],"class_list":["post-270888","post","type-post","status-publish","format-standard","has-post-thumbnail","hentry","category-news-18","category-49","description-off"],"img_url":"https:\/\/www.radiopiu.net\/wordpress\/wp-content\/uploads\/2019\/05\/soldi-no.jpg","_links":{"self":[{"href":"https:\/\/www.radiopiu.net\/wordpress\/wp-json\/wp\/v2\/posts\/270888","targetHints":{"allow":["GET"]}}],"collection":[{"href":"https:\/\/www.radiopiu.net\/wordpress\/wp-json\/wp\/v2\/posts"}],"about":[{"href":"https:\/\/www.radiopiu.net\/wordpress\/wp-json\/wp\/v2\/types\/post"}],"author":[{"embeddable":true,"href":"https:\/\/www.radiopiu.net\/wordpress\/wp-json\/wp\/v2\/users\/2"}],"replies":[{"embeddable":true,"href":"https:\/\/www.radiopiu.net\/wordpress\/wp-json\/wp\/v2\/comments?post=270888"}],"version-history":[{"count":0,"href":"https:\/\/www.radiopiu.net\/wordpress\/wp-json\/wp\/v2\/posts\/270888\/revisions"}],"wp:featuredmedia":[{"embeddable":true,"href":"https:\/\/www.radiopiu.net\/wordpress\/wp-json\/wp\/v2\/media\/85193"}],"wp:attachment":[{"href":"https:\/\/www.radiopiu.net\/wordpress\/wp-json\/wp\/v2\/media?parent=270888"}],"wp:term":[{"taxonomy":"category","embeddable":true,"href":"https:\/\/www.radiopiu.net\/wordpress\/wp-json\/wp\/v2\/categories?post=270888"},{"taxonomy":"post_tag","embeddable":true,"href":"https:\/\/www.radiopiu.net\/wordpress\/wp-json\/wp\/v2\/tags?post=270888"}],"curies":[{"name":"wp","href":"https:\/\/api.w.org\/{rel}","templated":true}]}}