{"id":270919,"date":"2022-04-22T18:53:43","date_gmt":"2022-04-22T16:53:43","guid":{"rendered":"https:\/\/www.radiopiu.net\/wordpress\/?p=270919"},"modified":"2022-04-23T06:13:39","modified_gmt":"2022-04-23T04:13:39","slug":"andrea-fontana-dopo-7-anni-di-nuovo-in-porsche","status":"publish","type":"post","link":"https:\/\/www.radiopiu.net\/wordpress\/andrea-fontana-dopo-7-anni-di-nuovo-in-porsche\/","title":{"rendered":"ANDREA FONTANA DOPO 7 ANNI DI NUOVO IN PORSCHE"},"content":{"rendered":"<p>&nbsp;<\/p>\n<div><strong>IERI ALLA RADIO<\/strong><\/div>\n<div><strong>L&#8217;INTERVISTA<\/strong><\/div>\n<div>\n<audio class=\"wp-audio-shortcode\" id=\"audio-270919-1\" preload=\"none\" style=\"width: 100%;\" controls=\"controls\"><source type=\"audio\/mpeg\" src=\"https:\/\/www.radiopiu.net\/wordpress\/wp-content\/uploads\/2022\/04\/andrea-fontana-22-aprile.mp3?_=1\" \/><a href=\"https:\/\/www.radiopiu.net\/wordpress\/wp-content\/uploads\/2022\/04\/andrea-fontana-22-aprile.mp3\">https:\/\/www.radiopiu.net\/wordpress\/wp-content\/uploads\/2022\/04\/andrea-fontana-22-aprile.mp3<\/a><\/audio>\n<\/div>\n<div><\/div>\n<div><\/div>\n<div><\/div>\n<div class=\"\"><span class=\"\"><strong><a class=\"dt-pswp-item\" href=\"https:\/\/www.radiopiu.net\/wordpress\/wp-content\/uploads\/2022\/04\/3b51d12d-f382-b1d2-d6a9-7b976e58e938.jpg\" data-dt-img-description=\"\" data-large_image_width=\"1000\" data-large_image_height=\"1500\"><img loading=\"lazy\" decoding=\"async\" class=\"alignright wp-image-270921 \" src=\"https:\/\/www.radiopiu.net\/wordpress\/wp-content\/uploads\/2022\/04\/3b51d12d-f382-b1d2-d6a9-7b976e58e938-200x300.jpg\" alt=\"\" width=\"167\" height=\"251\" srcset=\"https:\/\/www.radiopiu.net\/wordpress\/wp-content\/uploads\/2022\/04\/3b51d12d-f382-b1d2-d6a9-7b976e58e938-200x300.jpg 200w, https:\/\/www.radiopiu.net\/wordpress\/wp-content\/uploads\/2022\/04\/3b51d12d-f382-b1d2-d6a9-7b976e58e938-683x1024.jpg 683w, https:\/\/www.radiopiu.net\/wordpress\/wp-content\/uploads\/2022\/04\/3b51d12d-f382-b1d2-d6a9-7b976e58e938-768x1152.jpg 768w, https:\/\/www.radiopiu.net\/wordpress\/wp-content\/uploads\/2022\/04\/3b51d12d-f382-b1d2-d6a9-7b976e58e938.jpg 1000w\" sizes=\"auto, (max-width: 167px) 100vw, 167px\" \/><\/a>PONTE NELLE ALPI<\/strong> Il pilota bellunese Andrea Fontana \u00e8 pronto per una nuova\u00a0 <\/span><span class=\"\">stagione, che si apre all&#8217;insegna delle novit\u00e0. Infatti il ragazzo pontalpino parteciper\u00e0\u00a0 al Porsche Carrera Cup Italia\u00a02022. Un ritorno, <\/span><span class=\"\">\u00a0di nuovo con i colori del Team Ghinzani, 7 anni dopo la mia prima volta<em>. &#8220;Certamente\u00a0 &#8211; ci racconta Andrea &#8211; sar\u00e0 un\u2019esperienza diversa, con la<\/em><\/span><em> <span class=\"\">nuova 992 GT3 Cup<\/span><\/em><span class=\"\"><em>, un\u2019auto completamente rinnovata che dovr\u00f2 affrettarmi a conoscere ma ci arrivo con la giusta dose di maturit\u00e0 e pronto a fare la mia parte in una squadra forte e competitiva&#8221;<\/em>. Sar\u00e0 un campionato<\/span> <span class=\"\">emozionante dove Andrea Fontana si confronter\u00e0\u00a0 con <\/span><span class=\"\">\u00a0alcuni team e piloti\u00a0 che gi\u00e0 conoscono la 992 avendoci corso la scorsa stagione in altri campionati ed hanno potuto prepararsi al meglio per la stagione disputando varie giornate d\u00ec test <em>&#8220;Per me &#8211; continua Fontana &#8211;\u00a0 i test ufficiali di mercoled\u00ec sono stati la prima presa d\u00ec contatto con la 992.\u00a0 \u00a0Sar\u00e0 importante cercare d\u00ec chiudere da subito questo gap e trovare al pi\u00f9 presto il feeling con una vettura molto particolare come questa <\/em><\/span><span class=\"\"><em>senza ABS e controlli di trazione&#8221;<\/em>. <\/span><span class=\"\">Oltre a Cerqui, campione Carrera Cup 2021, e Amati\u00a0 il portacolori bellunese avr\u00e0\u00a0 l&#8217;onore di avere come compagno di squadra<\/span><span class=\"\">\u00a0<\/span><span class=\"\">Jorge Lorenzo<\/span><span class=\"\">, un professionista da \u00a0visibilit\u00e0 mediatica.\u00a0 <em>&#8220;<\/em><\/span><em><span class=\"\">Ora non vedo l&#8217;ora di scendere in pista il weekend del <\/span><span class=\"\">6-7-8 Maggio<\/span> <span class=\"\">per la<\/span> <span class=\"\">prima gara di campionato nel circuito di Imola&#8221;\u00a0<\/span><\/em><\/div>\n<div><\/div>\n<div>\n\n\t\t\t<style type='text\/css'>\n\t\t\t\t#gallery-1 {\n\t\t\t\t\tmargin: auto;\n\t\t\t\t}\n\t\t\t\t#gallery-1 .gallery-item {\n\t\t\t\t\tfloat: left;\n\t\t\t\t\tmargin-top: 10px;\n\t\t\t\t\ttext-align: center;\n\t\t\t\t\twidth: 25%;\n\t\t\t\t}\n\t\t\t\t#gallery-1 img {\n\t\t\t\t\tborder: 2px solid #cfcfcf;\n\t\t\t\t}\n\t\t\t\t#gallery-1 .gallery-caption {\n\t\t\t\t\tmargin-left: 0;\n\t\t\t\t}\n\t\t\t\t\/* see gallery_shortcode() in wp-includes\/media.php *\/\n\t\t\t<\/style>\n\t\t<div id='gallery-1' class='dt-gallery-container gallery galleryid-270919 gallery-columns-4 gallery-size-thumbnail'><dl class='gallery-item'>\n\t\t\t\t<dt class='gallery-icon portrait'>\n\t\t\t\t\t<a class=\"rollover rollover-zoom dt-pswp-item\" title=\"52246dd4-ddf9-d691-fa7f-24fa07db682a\" data-dt-img-description=\"\" data-large_image_width=\"1280\" data-large_image_height=\"1920\"href='https:\/\/www.radiopiu.net\/wordpress\/wp-content\/uploads\/2022\/04\/52246dd4-ddf9-d691-fa7f-24fa07db682a.jpg'><img loading=\"lazy\" decoding=\"async\" width=\"150\" height=\"150\" src=\"https:\/\/www.radiopiu.net\/wordpress\/wp-content\/uploads\/2022\/04\/52246dd4-ddf9-d691-fa7f-24fa07db682a-150x150.jpg\" class=\"attachment-thumbnail size-thumbnail\" alt=\"\" \/><\/a>\n\t\t\t\t<\/dt><\/dl><dl class='gallery-item'>\n\t\t\t\t<dt class='gallery-icon landscape'>\n\t\t\t\t\t<a class=\"rollover rollover-zoom dt-pswp-item\" title=\"540711de-beb6-cb2d-8d41-c7991a4091be\" data-dt-img-description=\"\" data-large_image_width=\"2560\" data-large_image_height=\"1725\"href='https:\/\/www.radiopiu.net\/wordpress\/wp-content\/uploads\/2022\/04\/540711de-beb6-cb2d-8d41-c7991a4091be-scaled.jpg'><img loading=\"lazy\" decoding=\"async\" width=\"150\" height=\"150\" src=\"https:\/\/www.radiopiu.net\/wordpress\/wp-content\/uploads\/2022\/04\/540711de-beb6-cb2d-8d41-c7991a4091be-150x150.jpg\" class=\"attachment-thumbnail size-thumbnail\" alt=\"\" \/><\/a>\n\t\t\t\t<\/dt><\/dl><dl class='gallery-item'>\n\t\t\t\t<dt class='gallery-icon landscape'>\n\t\t\t\t\t<a class=\"rollover rollover-zoom dt-pswp-item\" title=\"41bd60ce-f74e-f442-b476-e820005a5c68\" data-dt-img-description=\"\" data-large_image_width=\"1820\" data-large_image_height=\"800\"href='https:\/\/www.radiopiu.net\/wordpress\/wp-content\/uploads\/2022\/04\/41bd60ce-f74e-f442-b476-e820005a5c68.jpg'><img loading=\"lazy\" decoding=\"async\" width=\"150\" height=\"150\" src=\"https:\/\/www.radiopiu.net\/wordpress\/wp-content\/uploads\/2022\/04\/41bd60ce-f74e-f442-b476-e820005a5c68-150x150.jpg\" class=\"attachment-thumbnail size-thumbnail\" alt=\"\" \/><\/a>\n\t\t\t\t<\/dt><\/dl><dl class='gallery-item'>\n\t\t\t\t<dt class='gallery-icon landscape'>\n\t\t\t\t\t<a class=\"rollover rollover-zoom dt-pswp-item\" title=\"6c59e357-24e2-c1b2-2feb-ada56efa1dfe\" data-dt-img-description=\"\" data-large_image_width=\"2560\" data-large_image_height=\"1548\"href='https:\/\/www.radiopiu.net\/wordpress\/wp-content\/uploads\/2022\/04\/6c59e357-24e2-c1b2-2feb-ada56efa1dfe-1-scaled.jpg'><img loading=\"lazy\" decoding=\"async\" width=\"150\" height=\"150\" src=\"https:\/\/www.radiopiu.net\/wordpress\/wp-content\/uploads\/2022\/04\/6c59e357-24e2-c1b2-2feb-ada56efa1dfe-1-150x150.jpg\" class=\"attachment-thumbnail size-thumbnail\" alt=\"\" \/><\/a>\n\t\t\t\t<\/dt><\/dl><br style=\"clear: both\" \/>\n\t\t\t<\/div>\n\n<\/div>\n","protected":false},"excerpt":{"rendered":"<p>&nbsp; IERI ALLA RADIO L&#8217;INTERVISTA PONTE NELLE ALPI Il pilota bellunese Andrea Fontana \u00e8 pronto per una nuova\u00a0 stagione, che si apre all&#8217;insegna delle novit\u00e0. Infatti il ragazzo pontalpino parteciper\u00e0\u00a0 al Porsche Carrera Cup Italia\u00a02022. Un ritorno, \u00a0di nuovo con i colori del Team Ghinzani, 7 anni dopo la mia prima volta. &#8220;Certamente\u00a0 &#8211; ci&hellip;<\/p>\n","protected":false},"author":4,"featured_media":270920,"comment_status":"closed","ping_status":"closed","sticky":false,"template":"","format":"standard","meta":{"_monsterinsights_skip_tracking":false,"_monsterinsights_sitenote_active":false,"_monsterinsights_sitenote_note":"","_monsterinsights_sitenote_category":0,"footnotes":""},"categories":[104,49],"tags":[],"class_list":["post-270919","post","type-post","status-publish","format-standard","has-post-thumbnail","hentry","category-evidenza_3","category-news-18","category-104","category-49","description-off"],"img_url":"https:\/\/www.radiopiu.net\/wordpress\/wp-content\/uploads\/2022\/04\/6c59e357-24e2-c1b2-2feb-ada56efa1dfe-scaled.jpg","_links":{"self":[{"href":"https:\/\/www.radiopiu.net\/wordpress\/wp-json\/wp\/v2\/posts\/270919","targetHints":{"allow":["GET"]}}],"collection":[{"href":"https:\/\/www.radiopiu.net\/wordpress\/wp-json\/wp\/v2\/posts"}],"about":[{"href":"https:\/\/www.radiopiu.net\/wordpress\/wp-json\/wp\/v2\/types\/post"}],"author":[{"embeddable":true,"href":"https:\/\/www.radiopiu.net\/wordpress\/wp-json\/wp\/v2\/users\/4"}],"replies":[{"embeddable":true,"href":"https:\/\/www.radiopiu.net\/wordpress\/wp-json\/wp\/v2\/comments?post=270919"}],"version-history":[{"count":0,"href":"https:\/\/www.radiopiu.net\/wordpress\/wp-json\/wp\/v2\/posts\/270919\/revisions"}],"wp:featuredmedia":[{"embeddable":true,"href":"https:\/\/www.radiopiu.net\/wordpress\/wp-json\/wp\/v2\/media\/270920"}],"wp:attachment":[{"href":"https:\/\/www.radiopiu.net\/wordpress\/wp-json\/wp\/v2\/media?parent=270919"}],"wp:term":[{"taxonomy":"category","embeddable":true,"href":"https:\/\/www.radiopiu.net\/wordpress\/wp-json\/wp\/v2\/categories?post=270919"},{"taxonomy":"post_tag","embeddable":true,"href":"https:\/\/www.radiopiu.net\/wordpress\/wp-json\/wp\/v2\/tags?post=270919"}],"curies":[{"name":"wp","href":"https:\/\/api.w.org\/{rel}","templated":true}]}}