{"id":270958,"date":"2022-04-17T08:00:23","date_gmt":"2022-04-17T06:00:23","guid":{"rendered":"https:\/\/www.radiopiu.net\/wordpress\/?p=270958"},"modified":"2022-04-17T09:13:27","modified_gmt":"2022-04-17T07:13:27","slug":"guadmart","status":"publish","type":"post","link":"https:\/\/www.radiopiu.net\/wordpress\/guadmart\/","title":{"rendered":"CON LA HYUNDAI SFASCIA UNA DECINA DI METRI DI GUARDRAIL"},"content":{"rendered":"<p><strong>BELLUNO<\/strong>\u00a0 Finisce con l&#8217;auto contro contro la cuspide di un guardrail in via Sagrogna a Levego. Pu\u00f2 riternersi fortunato il sessantenne di Belluno, perch\u00e8 la lamiera non \u00e8 entrata nell&#8217;abitacolo con conseguenze facilmente immaginabili. Quando sono arrivati i soccorsi l&#8217;uomo era gi\u00e0 all&#8217;esterno del mezzo sano e salvo.<\/p>\n<p>Sul posto\u00a0 i vigili del fuoco, mentre il conducente rimasto ferito \u00e8 stato preso in cura dal personale del SUEM per essere trasferito in pronto soccorso. I primi soccorsi da parte di una pattuglia della guardia di finanza che stava transitando in zona. La polizia stradale ha eseguito i rilievi del sinistro, sul posto veneto strade per il ripristino della sicurezza della strada. Le operazioni di soccorso dei vigili del fuoco sono terminate dopo circa un\u2019ora.<\/p>\n\n\t\t\t<style type='text\/css'>\n\t\t\t\t#gallery-1 {\n\t\t\t\t\tmargin: auto;\n\t\t\t\t}\n\t\t\t\t#gallery-1 .gallery-item {\n\t\t\t\t\tfloat: left;\n\t\t\t\t\tmargin-top: 10px;\n\t\t\t\t\ttext-align: center;\n\t\t\t\t\twidth: 25%;\n\t\t\t\t}\n\t\t\t\t#gallery-1 img {\n\t\t\t\t\tborder: 2px solid #cfcfcf;\n\t\t\t\t}\n\t\t\t\t#gallery-1 .gallery-caption {\n\t\t\t\t\tmargin-left: 0;\n\t\t\t\t}\n\t\t\t\t\/* see gallery_shortcode() in wp-includes\/media.php *\/\n\t\t\t<\/style>\n\t\t<div id='gallery-1' class='dt-gallery-container gallery galleryid-270958 gallery-columns-4 gallery-size-thumbnail'><dl class='gallery-item'>\n\t\t\t\t<dt class='gallery-icon landscape'>\n\t\t\t\t\t<a class=\"rollover rollover-zoom dt-pswp-item\" title=\"2049d48a-00f2-4675-80b0-64a5512194f5\" data-dt-img-description=\"\" data-large_image_width=\"1280\" data-large_image_height=\"846\"href='https:\/\/www.radiopiu.net\/wordpress\/wp-content\/uploads\/2022\/04\/2049d48a-00f2-4675-80b0-64a5512194f5.jpg'><img loading=\"lazy\" decoding=\"async\" width=\"150\" height=\"150\" src=\"https:\/\/www.radiopiu.net\/wordpress\/wp-content\/uploads\/2022\/04\/2049d48a-00f2-4675-80b0-64a5512194f5-150x150.jpg\" class=\"attachment-thumbnail size-thumbnail\" alt=\"\" \/><\/a>\n\t\t\t\t<\/dt><\/dl><dl class='gallery-item'>\n\t\t\t\t<dt class='gallery-icon landscape'>\n\t\t\t\t\t<a class=\"rollover rollover-zoom dt-pswp-item\" title=\"cc296b4b-9ea7-4544-a581-d7270b921ae5\" data-dt-img-description=\"\" data-large_image_width=\"1280\" data-large_image_height=\"831\"href='https:\/\/www.radiopiu.net\/wordpress\/wp-content\/uploads\/2022\/04\/cc296b4b-9ea7-4544-a581-d7270b921ae5.jpg'><img loading=\"lazy\" decoding=\"async\" width=\"150\" height=\"150\" src=\"https:\/\/www.radiopiu.net\/wordpress\/wp-content\/uploads\/2022\/04\/cc296b4b-9ea7-4544-a581-d7270b921ae5-150x150.jpg\" class=\"attachment-thumbnail size-thumbnail\" alt=\"\" \/><\/a>\n\t\t\t\t<\/dt><\/dl><dl class='gallery-item'>\n\t\t\t\t<dt class='gallery-icon landscape'>\n\t\t\t\t\t<a class=\"rollover rollover-zoom dt-pswp-item\" title=\"4f7bd770-e47d-4751-9483-d436738d2016\" data-dt-img-description=\"\" data-large_image_width=\"1130\" data-large_image_height=\"741\"href='https:\/\/www.radiopiu.net\/wordpress\/wp-content\/uploads\/2022\/04\/4f7bd770-e47d-4751-9483-d436738d2016.jpg'><img loading=\"lazy\" decoding=\"async\" width=\"150\" height=\"150\" src=\"https:\/\/www.radiopiu.net\/wordpress\/wp-content\/uploads\/2022\/04\/4f7bd770-e47d-4751-9483-d436738d2016-150x150.jpg\" class=\"attachment-thumbnail size-thumbnail\" alt=\"\" \/><\/a>\n\t\t\t\t<\/dt><\/dl><dl class='gallery-item'>\n\t\t\t\t<dt class='gallery-icon landscape'>\n\t\t\t\t\t<a class=\"rollover rollover-zoom dt-pswp-item\" title=\"ae266a7b-bc04-4537-9458-ee8cfe543bc5\" data-dt-img-description=\"\" data-large_image_width=\"1280\" data-large_image_height=\"840\"href='https:\/\/www.radiopiu.net\/wordpress\/wp-content\/uploads\/2022\/04\/ae266a7b-bc04-4537-9458-ee8cfe543bc5.jpg'><img loading=\"lazy\" decoding=\"async\" width=\"150\" height=\"150\" src=\"https:\/\/www.radiopiu.net\/wordpress\/wp-content\/uploads\/2022\/04\/ae266a7b-bc04-4537-9458-ee8cfe543bc5-150x150.jpg\" class=\"attachment-thumbnail size-thumbnail\" alt=\"\" \/><\/a>\n\t\t\t\t<\/dt><\/dl><br style=\"clear: both\" \/>\n\t\t\t<\/div>\n\n<p>&nbsp;<\/p>\n<p><span style=\"color: #ff0000;\"><strong>ARCHIVIO RADIO PIU, 2 DICEMBRE 2018<\/strong><\/span><\/p>\n<p><strong>Guardrail che diventa una spada &#8211; Soluzioni alternative\u00a0<\/strong><\/p>\n<p>La riflessione di Emilio Bez sulla sicurezza dei guardail:\u00a0 se sbatti contro la parte iniziale, il guardrail diventa una sorta di &#8220;spada&#8221; che trapassa senza difficolt\u00e0 lamiere e vetri dell&#8217;auto. A meno che l&#8217;inizio del guardrail sia realizzato in modo da evitare questo pericolo ma, a occhio, la maggior parte dei guardrail \u00e8 fatta alla maniera classica cio\u00e8 con la robusta parte orizzontale che sporge dall&#8217;ultimo paletto come una spada. Esistono soluzioni alternative progettate appositamente per evitare questa grave problematica<\/p>\n\n\t\t\t<style type='text\/css'>\n\t\t\t\t#gallery-2 {\n\t\t\t\t\tmargin: auto;\n\t\t\t\t}\n\t\t\t\t#gallery-2 .gallery-item {\n\t\t\t\t\tfloat: left;\n\t\t\t\t\tmargin-top: 10px;\n\t\t\t\t\ttext-align: center;\n\t\t\t\t\twidth: 33%;\n\t\t\t\t}\n\t\t\t\t#gallery-2 img {\n\t\t\t\t\tborder: 2px solid #cfcfcf;\n\t\t\t\t}\n\t\t\t\t#gallery-2 .gallery-caption {\n\t\t\t\t\tmargin-left: 0;\n\t\t\t\t}\n\t\t\t\t\/* see gallery_shortcode() in wp-includes\/media.php *\/\n\t\t\t<\/style>\n\t\t<div id='gallery-2' class='dt-gallery-container gallery galleryid-270958 gallery-columns-3 gallery-size-thumbnail'><dl class='gallery-item'>\n\t\t\t\t<dt class='gallery-icon landscape'>\n\t\t\t\t\t<a class=\"rollover rollover-zoom dt-pswp-item\" title=\"guard-cl-300x185\" data-dt-img-description=\"\" data-large_image_width=\"300\" data-large_image_height=\"185\"href='https:\/\/www.radiopiu.net\/wordpress\/wp-content\/uploads\/2022\/04\/guard-cl-300x185-1.jpg'><img loading=\"lazy\" decoding=\"async\" width=\"150\" height=\"150\" src=\"https:\/\/www.radiopiu.net\/wordpress\/wp-content\/uploads\/2022\/04\/guard-cl-300x185-1-150x150.jpg\" class=\"attachment-thumbnail size-thumbnail\" alt=\"\" \/><\/a>\n\t\t\t\t<\/dt><\/dl><dl class='gallery-item'>\n\t\t\t\t<dt class='gallery-icon landscape'>\n\t\t\t\t\t<a class=\"rollover rollover-zoom dt-pswp-item\" title=\"g-r-cl-300x225\" data-dt-img-description=\"\" data-large_image_width=\"300\" data-large_image_height=\"225\"href='https:\/\/www.radiopiu.net\/wordpress\/wp-content\/uploads\/2022\/04\/g-r-cl-300x225-1.jpg'><img loading=\"lazy\" decoding=\"async\" width=\"150\" height=\"150\" src=\"https:\/\/www.radiopiu.net\/wordpress\/wp-content\/uploads\/2022\/04\/g-r-cl-300x225-1-150x150.jpg\" class=\"attachment-thumbnail size-thumbnail\" alt=\"\" \/><\/a>\n\t\t\t\t<\/dt><\/dl><dl class='gallery-item'>\n\t\t\t\t<dt class='gallery-icon landscape'>\n\t\t\t\t\t<a class=\"rollover rollover-zoom dt-pswp-item\" title=\"g-r-300x158\" data-dt-img-description=\"\" data-large_image_width=\"300\" data-large_image_height=\"158\"href='https:\/\/www.radiopiu.net\/wordpress\/wp-content\/uploads\/2022\/04\/g-r-300x158-1.jpg'><img loading=\"lazy\" decoding=\"async\" width=\"150\" height=\"150\" src=\"https:\/\/www.radiopiu.net\/wordpress\/wp-content\/uploads\/2022\/04\/g-r-300x158-1-150x150.jpg\" class=\"attachment-thumbnail size-thumbnail\" alt=\"\" \/><\/a>\n\t\t\t\t<\/dt><\/dl><br style=\"clear: both\" \/>\n\t\t\t<\/div>\n\n<p>&nbsp;<\/p>\n<p>___<\/p>\n","protected":false},"excerpt":{"rendered":"<p>BELLUNO\u00a0 Finisce con l&#8217;auto contro contro la cuspide di un guardrail in via Sagrogna a Levego. Pu\u00f2 riternersi fortunato il sessantenne di Belluno, perch\u00e8 la lamiera non \u00e8 entrata nell&#8217;abitacolo con conseguenze facilmente immaginabili. Quando sono arrivati i soccorsi l&#8217;uomo era gi\u00e0 all&#8217;esterno del mezzo sano e salvo. Sul posto\u00a0 i vigili del fuoco, mentre&hellip;<\/p>\n","protected":false},"author":4,"featured_media":270962,"comment_status":"closed","ping_status":"closed","sticky":false,"template":"","format":"standard","meta":{"_monsterinsights_skip_tracking":false,"_monsterinsights_sitenote_active":false,"_monsterinsights_sitenote_note":"","_monsterinsights_sitenote_category":0,"footnotes":""},"categories":[51,49],"tags":[],"class_list":["post-270958","post","type-post","status-publish","format-standard","has-post-thumbnail","hentry","category-evidenza-top","category-news-18","category-51","category-49","description-off"],"img_url":"https:\/\/www.radiopiu.net\/wordpress\/wp-content\/uploads\/2022\/04\/ae266a7b-bc04-4537-9458-ee8cfe543bc5.jpg","_links":{"self":[{"href":"https:\/\/www.radiopiu.net\/wordpress\/wp-json\/wp\/v2\/posts\/270958","targetHints":{"allow":["GET"]}}],"collection":[{"href":"https:\/\/www.radiopiu.net\/wordpress\/wp-json\/wp\/v2\/posts"}],"about":[{"href":"https:\/\/www.radiopiu.net\/wordpress\/wp-json\/wp\/v2\/types\/post"}],"author":[{"embeddable":true,"href":"https:\/\/www.radiopiu.net\/wordpress\/wp-json\/wp\/v2\/users\/4"}],"replies":[{"embeddable":true,"href":"https:\/\/www.radiopiu.net\/wordpress\/wp-json\/wp\/v2\/comments?post=270958"}],"version-history":[{"count":0,"href":"https:\/\/www.radiopiu.net\/wordpress\/wp-json\/wp\/v2\/posts\/270958\/revisions"}],"wp:featuredmedia":[{"embeddable":true,"href":"https:\/\/www.radiopiu.net\/wordpress\/wp-json\/wp\/v2\/media\/270962"}],"wp:attachment":[{"href":"https:\/\/www.radiopiu.net\/wordpress\/wp-json\/wp\/v2\/media?parent=270958"}],"wp:term":[{"taxonomy":"category","embeddable":true,"href":"https:\/\/www.radiopiu.net\/wordpress\/wp-json\/wp\/v2\/categories?post=270958"},{"taxonomy":"post_tag","embeddable":true,"href":"https:\/\/www.radiopiu.net\/wordpress\/wp-json\/wp\/v2\/tags?post=270958"}],"curies":[{"name":"wp","href":"https:\/\/api.w.org\/{rel}","templated":true}]}}