{"id":271054,"date":"2022-04-19T05:15:11","date_gmt":"2022-04-19T03:15:11","guid":{"rendered":"https:\/\/www.radiopiu.net\/wordpress\/?p=271054"},"modified":"2022-04-19T06:10:46","modified_gmt":"2022-04-19T04:10:46","slug":"rinvenimenti-archeologici-presso-il-casal-di-col-cugnago","status":"publish","type":"post","link":"https:\/\/www.radiopiu.net\/wordpress\/rinvenimenti-archeologici-presso-il-casal-di-col-cugnago\/","title":{"rendered":"RINVENIMENTI ARCHEOLOGICI PRESSO IL CASAL DI COL CUGNAGO"},"content":{"rendered":"<p><strong><span style=\"color: #ff0000;\">di TIZIANO DE COL\u00a0 &#8211; PARTE SECONDA &#8211;\u00a0<\/span><\/strong><\/p>\n<ul>\n<li><strong>CUGNACH &#8211; LA VALLE AGORDINA<\/strong><\/li>\n<li><strong>SITO NUMERO 3, SEPOLTURA LOCALITA&#8217; DEL PIAN E SITO NUMERO 4 DI COL CUGNAGO E SUE PERTINENZE<\/strong><\/li>\n<\/ul>\n<p>FACCIAMO SEGUITO AI NOSTRI PRECEDENTI ARTICOLI RIGUARDANTI IL CASAL SI COL CUGNAGO E LE SUE PERTINENZE:<\/p>\n<p>1) DAL 1200 ALL&#8217;INIZIO DEL 1400 GHIBELLINI A LA VALLE AGORDINA, LA LEGGENDA DI FEDERICO BARBAROSSA AL CASAL DI CUGNAGO <span style=\"color: #0000ff;\"><strong><a style=\"color: #0000ff;\" href=\"https:\/\/www.radiopiu.net\/wordpress\/dal-1200-allinizio-del-1400-ghibellini-a-la-valle-agordina-la-leggenda-di-federico-barbarossa-al-casal-di-cugnago\/\">CLICCA QUI<\/a><\/strong><\/span><\/p>\n<p>2) IL CASAL DI COL CUGNAGO-CUGNACH <strong><a href=\"https:\/\/www.radiopiu.net\/wordpress\/il-casal-di-col-cugnago-cugnach-testi-e-foto-di-tiziano-de-col\/\"><strong><span style=\"color: #0000ff;\">CLICCA QUI<\/span><\/strong><\/a><\/strong><\/p>\n<p>3) RINVENIMENTI ARCHEOLOGICI PRESSO IL CASAL DI COL CUGNAGO-CUGNACH <span style=\"color: #0000ff;\"><strong><a style=\"color: #0000ff;\" href=\"https:\/\/www.radiopiu.net\/wordpress\/rinvenimenti-archeologigici-presso-il-casal-di-col-cugnago-cugnach-di-la-valle-agordina\/\">CLICCA QUI<\/a><\/strong><\/span><\/p>\n<p><a class=\"dt-pswp-item\" href=\"https:\/\/www.radiopiu.net\/wordpress\/wp-content\/uploads\/2022\/04\/5d53de08-4b94-46e6-af6c-2a8ffb79f325.jpg\" data-dt-img-description=\"\" data-large_image_width=\"1020\" data-large_image_height=\"793\"><img loading=\"lazy\" decoding=\"async\" class=\"wp-image-271064 alignleft\" src=\"https:\/\/www.radiopiu.net\/wordpress\/wp-content\/uploads\/2022\/04\/5d53de08-4b94-46e6-af6c-2a8ffb79f325-300x233.jpg\" alt=\"\" width=\"247\" height=\"192\" srcset=\"https:\/\/www.radiopiu.net\/wordpress\/wp-content\/uploads\/2022\/04\/5d53de08-4b94-46e6-af6c-2a8ffb79f325-300x233.jpg 300w, https:\/\/www.radiopiu.net\/wordpress\/wp-content\/uploads\/2022\/04\/5d53de08-4b94-46e6-af6c-2a8ffb79f325-768x597.jpg 768w, https:\/\/www.radiopiu.net\/wordpress\/wp-content\/uploads\/2022\/04\/5d53de08-4b94-46e6-af6c-2a8ffb79f325.jpg 1020w\" sizes=\"auto, (max-width: 247px) 100vw, 247px\" \/><\/a>Continuiamo ad approfondire la storia della Conca Agordina, di La Valle Agordina, della frazione di Col Cugnago e del Cas\u00e0l, con questo nuovo articolo. Le notizie in esso riportate sono utili anche per ricostruire la storia della presenza Longobarda nella Conca Agordina. Per lungo tempo le sepolture rinvenute a La Valle, Agordo, Taibon, Voltago, furono descritte come Longobarde dalla tradizione orale e scritta locale, finch\u00e9, Guerrino Malagola non ne esamin\u00f2 i reperti e ne pubblic\u00f2 gli esiti in Studi di Storia Patria del Friuli, definendole come appartenenti a \u201cpopolazioni autoctone romanizzate\u201d. Ma il Malagola non ebbe l\u2019occasione di visionare (perch\u00e9 non era a conoscenza) i reperti di altre due sepolture rinvenute a La Valle, presso il Cas\u00e0l di Col Cugnago, dei cui reperti parleremo qui a seguito. Ritrovamenti archeologici nei pressi del Cas\u00e0l di Cugnach (don F.Tamis Storia dell\u2019Agordino Vol I)<\/p>\n<p><strong>Pag. 8 \u2013 9 <\/strong><i>Sugli scavi di Col o Col Cugnago (Cugnach) il prof. Don Giacomo Mezzacasa mi forn\u00ec queste notizie: \u201c A forza di cercare e di interrogare venni a saper che a lato del Cas\u00e0l verso mezzogiorno fu scoperta un\u2019altra tomba in localit\u00e0 El Pian e presso le ossa un\u2019arma da taglio e una collana di perle grosse, e poi una seconda tomba a oriente sotto la casa di De Cassai Giovanni (Ben\u00e8ti) ad una trentina di metri di distanza dalla prima\u201d. <\/i>A questi scavi, si debbono attribuire i dieci oggetti provenienti da La Valle, conservati nel reparto archeologico del Museo Civico di Belluno, contrassegnati con i numeri dal 33 al 42. Essi sono: \u201cn. 33 &#8211; Fibula bronzea mancante dell\u2019ago che era in ferro; conservazione buona; cm 6,7. \u201cn. 34 \u2013 Fibula di bronzo del tipo precedente, manca l\u2019ago di ferro; conservazione buona; cm 7,4. \u201cn. 35 \u2013 Fibula di bronzo del tipo a farfalla, mancano spirale e ago che erano di ferro; conservazione buona; cm 11,7. \u201cn. 36 \u2013 Armilla bronzea di sezione ovale con estremit\u00e0 espanse; cm 7,4. \u201cn. 37 \u2013 Anello da dito a nastro; integro, con ornato a doppie lineette ondulate a circolette e cerchi puntati; ossidato; cm 2,6 x 0,6. \u201cn. 38 \u2013 Cerchietto bronzeo di sezione ovale con quattro appendici bottonute sul dorsale, integro; conservazione buona; diametro cm 3,4 x 0,6 x 0,5. \u201cn. 39 \u2013 Semplice orecchino in bronzo con estremit\u00e0 agganciate a forma di 8, integro; conservazione buona, cm 4,7 x 2,8. \u201cn. 40 \u2013 Orecchino bronzeo che accoppia il precedente, frammentario; cm 4,7. \u201cn. 41 \u2013 Numero 18 elementi di pasta vitrea policroma di collana, lunghezza completa cm 14. \u201cn. 42 \u2013 Pugnale di ferro rotto in 12 pezzi e frammentario; lunghezza cm 30 x 2,5. Nota di don F. Tamis : Lettera della Soprintendenza alle Antichit\u00e0 delle Venezie, 11 agosto 1960, Num.Prot. 1891, Pos. A.<\/p>\n<p>Integrazioni di Tiziano De Col:\u00a0 mi fu riferito , a met\u00e0 anni \u201990 del secolo scorso, da Del Col Benito (nato nel 1930) , la cui famiglia abitava nel Cas\u00e0l, che il ritrovamento in localit\u00e0 El Pian fu fatto durante i lavori per la costruzione della casa di De Col Antonio (Toni Toni), parente della famiglia di De Col Benito e molto probabilmente anch\u2019egli prima abitante nel Cas\u00e0l ,e precisamente durante lo scavo della fossa che doveva essere utilizzata per mettere la calce da costruzione (busa de la Kauzina). Mi fu anche riferito che nell\u2019estrarre il pugnale (chiamato spada dall \u2018informatore) lo stesso, che sembrava integro, si ruppe in diversi pezzi, infatti sulla foto i pezzi sono posizionati su di una sagoma che rappresenta la forma originale del pugnale. Le fotografie dei reperti sono di Don Ferdinando Tamis. (Archivio Fotografico Tiziano De Col).<\/p>\n\n\t\t\t<style type='text\/css'>\n\t\t\t\t#gallery-1 {\n\t\t\t\t\tmargin: auto;\n\t\t\t\t}\n\t\t\t\t#gallery-1 .gallery-item {\n\t\t\t\t\tfloat: left;\n\t\t\t\t\tmargin-top: 10px;\n\t\t\t\t\ttext-align: center;\n\t\t\t\t\twidth: 50%;\n\t\t\t\t}\n\t\t\t\t#gallery-1 img {\n\t\t\t\t\tborder: 2px solid #cfcfcf;\n\t\t\t\t}\n\t\t\t\t#gallery-1 .gallery-caption {\n\t\t\t\t\tmargin-left: 0;\n\t\t\t\t}\n\t\t\t\t\/* see gallery_shortcode() in wp-includes\/media.php *\/\n\t\t\t<\/style>\n\t\t<div id='gallery-1' class='dt-gallery-container gallery galleryid-271054 gallery-columns-2 gallery-size-medium'><dl class='gallery-item'>\n\t\t\t\t<dt class='gallery-icon portrait'>\n\t\t\t\t\t<a class=\"rollover rollover-zoom dt-pswp-item\" title=\"Reperti La Valle Museo Civico Belluno_1a\" data-dt-img-description=\"\" data-large_image_width=\"433\" data-large_image_height=\"774\"href='https:\/\/www.radiopiu.net\/wordpress\/wp-content\/uploads\/2022\/04\/Reperti-La-Valle-Museo-Civico-Belluno_1a.jpg'><img loading=\"lazy\" decoding=\"async\" width=\"168\" height=\"300\" src=\"https:\/\/www.radiopiu.net\/wordpress\/wp-content\/uploads\/2022\/04\/Reperti-La-Valle-Museo-Civico-Belluno_1a-168x300.jpg\" class=\"attachment-medium size-medium\" alt=\"\" aria-describedby=\"gallery-1-271059\" srcset=\"https:\/\/www.radiopiu.net\/wordpress\/wp-content\/uploads\/2022\/04\/Reperti-La-Valle-Museo-Civico-Belluno_1a-168x300.jpg 168w, https:\/\/www.radiopiu.net\/wordpress\/wp-content\/uploads\/2022\/04\/Reperti-La-Valle-Museo-Civico-Belluno_1a.jpg 433w\" sizes=\"auto, (max-width: 168px) 100vw, 168px\" \/><\/a>\n\t\t\t\t<\/dt>\n\t\t\t\t\t<dd class='wp-caption-text gallery-caption' id='gallery-1-271059'>\n\t\t\t\t\tReperti La Valle Museo Civico Belluno_1a\n\t\t\t\t\t<\/dd><\/dl><dl class='gallery-item'>\n\t\t\t\t<dt class='gallery-icon portrait'>\n\t\t\t\t\t<a class=\"rollover rollover-zoom dt-pswp-item\" title=\"Reperti La Valle Museo Civico Belluno_2a\" data-dt-img-description=\"\" data-large_image_width=\"586\" data-large_image_height=\"857\"href='https:\/\/www.radiopiu.net\/wordpress\/wp-content\/uploads\/2022\/04\/Reperti-La-Valle-Museo-Civico-Belluno_2a.jpg'><img loading=\"lazy\" decoding=\"async\" width=\"205\" height=\"300\" src=\"https:\/\/www.radiopiu.net\/wordpress\/wp-content\/uploads\/2022\/04\/Reperti-La-Valle-Museo-Civico-Belluno_2a-205x300.jpg\" class=\"attachment-medium size-medium\" alt=\"\" aria-describedby=\"gallery-1-271060\" srcset=\"https:\/\/www.radiopiu.net\/wordpress\/wp-content\/uploads\/2022\/04\/Reperti-La-Valle-Museo-Civico-Belluno_2a-205x300.jpg 205w, https:\/\/www.radiopiu.net\/wordpress\/wp-content\/uploads\/2022\/04\/Reperti-La-Valle-Museo-Civico-Belluno_2a.jpg 586w\" sizes=\"auto, (max-width: 205px) 100vw, 205px\" \/><\/a>\n\t\t\t\t<\/dt>\n\t\t\t\t\t<dd class='wp-caption-text gallery-caption' id='gallery-1-271060'>\n\t\t\t\t\tReperti La Valle Museo Civico Belluno_2a\n\t\t\t\t\t<\/dd><\/dl><br style=\"clear: both\" \/><dl class='gallery-item'>\n\t\t\t\t<dt class='gallery-icon portrait'>\n\t\t\t\t\t<a class=\"rollover rollover-zoom dt-pswp-item\" title=\"Reperti La Valle Museo Civico Belluno_3a\" data-dt-img-description=\"\" data-large_image_width=\"586\" data-large_image_height=\"857\"href='https:\/\/www.radiopiu.net\/wordpress\/wp-content\/uploads\/2022\/04\/Reperti-La-Valle-Museo-Civico-Belluno_3a.jpg'><img loading=\"lazy\" decoding=\"async\" width=\"205\" height=\"300\" src=\"https:\/\/www.radiopiu.net\/wordpress\/wp-content\/uploads\/2022\/04\/Reperti-La-Valle-Museo-Civico-Belluno_3a-205x300.jpg\" class=\"attachment-medium size-medium\" alt=\"\" aria-describedby=\"gallery-1-271061\" srcset=\"https:\/\/www.radiopiu.net\/wordpress\/wp-content\/uploads\/2022\/04\/Reperti-La-Valle-Museo-Civico-Belluno_3a-205x300.jpg 205w, https:\/\/www.radiopiu.net\/wordpress\/wp-content\/uploads\/2022\/04\/Reperti-La-Valle-Museo-Civico-Belluno_3a.jpg 586w\" sizes=\"auto, (max-width: 205px) 100vw, 205px\" \/><\/a>\n\t\t\t\t<\/dt>\n\t\t\t\t\t<dd class='wp-caption-text gallery-caption' id='gallery-1-271061'>\n\t\t\t\t\tReperti La Valle Museo Civico Belluno_3a\n\t\t\t\t\t<\/dd><\/dl><dl class='gallery-item'>\n\t\t\t\t<dt class='gallery-icon portrait'>\n\t\t\t\t\t<a class=\"rollover rollover-zoom dt-pswp-item\" title=\"Reperti La Valle Museo Civico Belluno_4a\" data-dt-img-description=\"\" data-large_image_width=\"629\" data-large_image_height=\"748\"href='https:\/\/www.radiopiu.net\/wordpress\/wp-content\/uploads\/2022\/04\/Reperti-La-Valle-Museo-Civico-Belluno_4a-.jpg'><img loading=\"lazy\" decoding=\"async\" width=\"252\" height=\"300\" src=\"https:\/\/www.radiopiu.net\/wordpress\/wp-content\/uploads\/2022\/04\/Reperti-La-Valle-Museo-Civico-Belluno_4a--252x300.jpg\" class=\"attachment-medium size-medium\" alt=\"\" aria-describedby=\"gallery-1-271062\" srcset=\"https:\/\/www.radiopiu.net\/wordpress\/wp-content\/uploads\/2022\/04\/Reperti-La-Valle-Museo-Civico-Belluno_4a--252x300.jpg 252w, https:\/\/www.radiopiu.net\/wordpress\/wp-content\/uploads\/2022\/04\/Reperti-La-Valle-Museo-Civico-Belluno_4a-.jpg 629w\" sizes=\"auto, (max-width: 252px) 100vw, 252px\" \/><\/a>\n\t\t\t\t<\/dt>\n\t\t\t\t\t<dd class='wp-caption-text gallery-caption' id='gallery-1-271062'>\n\t\t\t\t\tReperti La Valle Museo Civico Belluno_4a\n\t\t\t\t\t<\/dd><\/dl><br style=\"clear: both\" \/>\n\t\t\t<\/div>\n\n<p>Dopo la pubblicazione del Malagola, la non conoscenza di sepolture aventi corredo funebre con armi, caratteristica che presumibilmente caratterizzava le sepolture Longobarde, port\u00f2 alcuni studiosi a mettere in dubbio la presenza di occupanti Longobardi nella Conca Agordina. Una delle sepolture qui sopra descritta, con la presenza di un pugnale, mette ancora in discussione l\u2019argomento. La presenza dei Longobardi in Agordino \u00e8 anche attestata da un passaggio nella bolla del Pontefice Lucio III\u00b0 del 18 Ottobre 1185, dove il Pontefice conferma al Vescovo di Belluno, Gerardo di Taccoli, gli acquisti e le giurisdizioni dei suoi predecessori, e vi si legge : <i>\u201cCurtem de Agorde, cum comitatu et cum monte de Falcata, et aliis montibus cum decimis ipsius Montis Falcate, et aliorumcum villis et <\/i><i><b>arimaniis<\/b><\/i><i>, et dominio et jurisdictione in omnibus pertinentiis suis. \u201c <\/i>Quindi \u00e8 certa la presenza di una o pi\u00f9 Arimanie Longobarde (Arimaniis) in Agordino e quindi anche di uno o pi\u00f9 Arimanni , ossia uomini liberi (Hominis) e liberi di portare armi e partecipare alle decisioni della comunit\u00e0. Da qui anche lo status di Regolieri, uomini liberi non soggetti a servit\u00f9 della gleba o ad altre soggezioni. Nel caso della Regola della Valle (o Regulam Vallis) della quale parleremo ampiamente in prossimi articoli, lo status di Regolieri coincideva con la qualifica <i>Hominis Regulam Vallis <\/i>ossia Regolieri, uomini liberi della Regola della Valle. Quindi a La Valle vi era una Arimannia Longobarda con uno o pi\u00f9 Arimanni ? Alla luce di quanto sopra descritto, probabilmente s\u00ec. A Cugnago, vi era un insediamento pre-romano cristianizzato (riparo Sass Cal\u00f2n) sul quale si sovrappose un insediamento Longobardo (sepolture nei pressi del Cas\u00e0l) ? Probabilmente s\u00ec. In un prossimo articolo approfondiremo anche i particolari costruttivi del Cas\u00e0l, il cui nucleo \u00e8 probabilmente coevo del Castello di Andr\u00e0z.<\/p>\n<blockquote>\n<h2>Bolla Pontefice Lucio III\u00b0 &#8211; 1185<\/h2>\n<\/blockquote>\n<div id=\"attachment_271063\" style=\"width: 1210px\" class=\"wp-caption alignnone\"><a class=\"dt-pswp-item\" href=\"https:\/\/www.radiopiu.net\/wordpress\/wp-content\/uploads\/2022\/04\/WhatsApp-Image-2022-04-17-at-13.55.31-e1650217912949.jpeg\" data-dt-img-description=\"Bolla Pontefice Lucio III\u00b0 - 1185\" data-large_image_width=\"1200\" data-large_image_height=\"1600\"><img loading=\"lazy\" decoding=\"async\" aria-describedby=\"caption-attachment-271063\" class=\"wp-image-271063 size-large\" src=\"https:\/\/www.radiopiu.net\/wordpress\/wp-content\/uploads\/2022\/04\/WhatsApp-Image-2022-04-17-at-13.55.31-e1650217912949-768x1024.jpeg\" alt=\"\" width=\"768\" height=\"1024\" srcset=\"https:\/\/www.radiopiu.net\/wordpress\/wp-content\/uploads\/2022\/04\/WhatsApp-Image-2022-04-17-at-13.55.31-e1650217912949-768x1024.jpeg 768w, https:\/\/www.radiopiu.net\/wordpress\/wp-content\/uploads\/2022\/04\/WhatsApp-Image-2022-04-17-at-13.55.31-e1650217912949-225x300.jpeg 225w, https:\/\/www.radiopiu.net\/wordpress\/wp-content\/uploads\/2022\/04\/WhatsApp-Image-2022-04-17-at-13.55.31-e1650217912949-1152x1536.jpeg 1152w, https:\/\/www.radiopiu.net\/wordpress\/wp-content\/uploads\/2022\/04\/WhatsApp-Image-2022-04-17-at-13.55.31-e1650217912949.jpeg 1200w\" sizes=\"auto, (max-width: 768px) 100vw, 768px\" \/><\/a><p id=\"caption-attachment-271063\" class=\"wp-caption-text\">Bolla Pontefice Lucio III\u00b0 &#8211; 1185<\/p><\/div>\n<p>&nbsp;<\/p>\n<p>&nbsp;<\/p>\n<hr \/>\n<hr \/>\n<hr \/>\n<hr \/>\n<p>&nbsp;<\/p>\n<p>&nbsp;<\/p>\n","protected":false},"excerpt":{"rendered":"<p>di TIZIANO DE COL\u00a0 &#8211; PARTE SECONDA &#8211;\u00a0 CUGNACH &#8211; LA VALLE AGORDINA SITO NUMERO 3, SEPOLTURA LOCALITA&#8217; DEL PIAN E SITO NUMERO 4 DI COL CUGNAGO E SUE PERTINENZE FACCIAMO SEGUITO AI NOSTRI PRECEDENTI ARTICOLI RIGUARDANTI IL CASAL SI COL CUGNAGO E LE SUE PERTINENZE: 1) DAL 1200 ALL&#8217;INIZIO DEL 1400 GHIBELLINI A LA&hellip;<\/p>\n","protected":false},"author":4,"featured_media":271064,"comment_status":"closed","ping_status":"closed","sticky":false,"template":"","format":"standard","meta":{"_monsterinsights_skip_tracking":false,"_monsterinsights_sitenote_active":false,"_monsterinsights_sitenote_note":"","_monsterinsights_sitenote_category":0,"footnotes":""},"categories":[104,49],"tags":[],"class_list":["post-271054","post","type-post","status-publish","format-standard","has-post-thumbnail","hentry","category-evidenza_3","category-news-18","category-104","category-49","description-off"],"img_url":"https:\/\/www.radiopiu.net\/wordpress\/wp-content\/uploads\/2022\/04\/5d53de08-4b94-46e6-af6c-2a8ffb79f325.jpg","_links":{"self":[{"href":"https:\/\/www.radiopiu.net\/wordpress\/wp-json\/wp\/v2\/posts\/271054","targetHints":{"allow":["GET"]}}],"collection":[{"href":"https:\/\/www.radiopiu.net\/wordpress\/wp-json\/wp\/v2\/posts"}],"about":[{"href":"https:\/\/www.radiopiu.net\/wordpress\/wp-json\/wp\/v2\/types\/post"}],"author":[{"embeddable":true,"href":"https:\/\/www.radiopiu.net\/wordpress\/wp-json\/wp\/v2\/users\/4"}],"replies":[{"embeddable":true,"href":"https:\/\/www.radiopiu.net\/wordpress\/wp-json\/wp\/v2\/comments?post=271054"}],"version-history":[{"count":0,"href":"https:\/\/www.radiopiu.net\/wordpress\/wp-json\/wp\/v2\/posts\/271054\/revisions"}],"wp:featuredmedia":[{"embeddable":true,"href":"https:\/\/www.radiopiu.net\/wordpress\/wp-json\/wp\/v2\/media\/271064"}],"wp:attachment":[{"href":"https:\/\/www.radiopiu.net\/wordpress\/wp-json\/wp\/v2\/media?parent=271054"}],"wp:term":[{"taxonomy":"category","embeddable":true,"href":"https:\/\/www.radiopiu.net\/wordpress\/wp-json\/wp\/v2\/categories?post=271054"},{"taxonomy":"post_tag","embeddable":true,"href":"https:\/\/www.radiopiu.net\/wordpress\/wp-json\/wp\/v2\/tags?post=271054"}],"curies":[{"name":"wp","href":"https:\/\/api.w.org\/{rel}","templated":true}]}}