{"id":271081,"date":"2022-04-19T05:56:23","date_gmt":"2022-04-19T03:56:23","guid":{"rendered":"https:\/\/www.radiopiu.net\/wordpress\/?p=271081"},"modified":"2022-04-19T06:10:16","modified_gmt":"2022-04-19T04:10:16","slug":"le-insidie-del-monopattino-cade-in-via-feltre","status":"publish","type":"post","link":"https:\/\/www.radiopiu.net\/wordpress\/le-insidie-del-monopattino-cade-in-via-feltre\/","title":{"rendered":"LE INSIDIE DEL MONOPATTINO, CADE IN VIA FELTRE"},"content":{"rendered":"<p><strong><img loading=\"lazy\" decoding=\"async\" class=\"alignleft\" src=\"https:\/\/www.radiopiu.net\/wordpress\/wp-content\/uploads\/2022\/04\/th-12.jpg\" width=\"158\" height=\"82\" \/>BELLUNO<\/strong>. Anche il monopattino pur con velocit\u00e0 limitata pu\u00f2 portare a serie conseguenze per chi lo guida. Ne \u00e8 da esempio quanto successo nel giorno di Pasqua in via Feltre a Belluno dove un uomo si \u00e8 ritrovato dolorante sull&#8217;asfalto. L&#8217;ambulanza o ha trasportato all&#8217;ospedale San Martino per curare le ferite fortunatamente non gravi. Nessun&#8217;altro coinvolto nell&#8217;incidente.<\/p>\n","protected":false},"excerpt":{"rendered":"<p>BELLUNO. Anche il monopattino pur con velocit\u00e0 limitata pu\u00f2 portare a serie conseguenze per chi lo guida. Ne \u00e8 da esempio quanto successo nel giorno di Pasqua in via Feltre a Belluno dove un uomo si \u00e8 ritrovato dolorante sull&#8217;asfalto. L&#8217;ambulanza o ha trasportato all&#8217;ospedale San Martino per curare le ferite fortunatamente non gravi. Nessun&#8217;altro&hellip;<\/p>\n","protected":false},"author":4,"featured_media":271082,"comment_status":"closed","ping_status":"closed","sticky":false,"template":"","format":"standard","meta":{"_monsterinsights_skip_tracking":false,"_monsterinsights_sitenote_active":false,"_monsterinsights_sitenote_note":"","_monsterinsights_sitenote_category":0,"footnotes":""},"categories":[51,49],"tags":[],"class_list":["post-271081","post","type-post","status-publish","format-standard","has-post-thumbnail","hentry","category-evidenza-top","category-news-18","category-51","category-49","description-off"],"img_url":"https:\/\/www.radiopiu.net\/wordpress\/wp-content\/uploads\/2022\/04\/th-12.jpg","_links":{"self":[{"href":"https:\/\/www.radiopiu.net\/wordpress\/wp-json\/wp\/v2\/posts\/271081","targetHints":{"allow":["GET"]}}],"collection":[{"href":"https:\/\/www.radiopiu.net\/wordpress\/wp-json\/wp\/v2\/posts"}],"about":[{"href":"https:\/\/www.radiopiu.net\/wordpress\/wp-json\/wp\/v2\/types\/post"}],"author":[{"embeddable":true,"href":"https:\/\/www.radiopiu.net\/wordpress\/wp-json\/wp\/v2\/users\/4"}],"replies":[{"embeddable":true,"href":"https:\/\/www.radiopiu.net\/wordpress\/wp-json\/wp\/v2\/comments?post=271081"}],"version-history":[{"count":0,"href":"https:\/\/www.radiopiu.net\/wordpress\/wp-json\/wp\/v2\/posts\/271081\/revisions"}],"wp:featuredmedia":[{"embeddable":true,"href":"https:\/\/www.radiopiu.net\/wordpress\/wp-json\/wp\/v2\/media\/271082"}],"wp:attachment":[{"href":"https:\/\/www.radiopiu.net\/wordpress\/wp-json\/wp\/v2\/media?parent=271081"}],"wp:term":[{"taxonomy":"category","embeddable":true,"href":"https:\/\/www.radiopiu.net\/wordpress\/wp-json\/wp\/v2\/categories?post=271081"},{"taxonomy":"post_tag","embeddable":true,"href":"https:\/\/www.radiopiu.net\/wordpress\/wp-json\/wp\/v2\/tags?post=271081"}],"curies":[{"name":"wp","href":"https:\/\/api.w.org\/{rel}","templated":true}]}}