{"id":271241,"date":"2022-04-20T05:35:21","date_gmt":"2022-04-20T03:35:21","guid":{"rendered":"https:\/\/www.radiopiu.net\/wordpress\/?p=271241"},"modified":"2022-04-20T05:50:37","modified_gmt":"2022-04-20T03:50:37","slug":"tre-giorni-di-festa-a-la-valle-in-occasione-de-lom-selvarech","status":"publish","type":"post","link":"https:\/\/www.radiopiu.net\/wordpress\/tre-giorni-di-festa-a-la-valle-in-occasione-de-lom-selvarech\/","title":{"rendered":"TRE GIORNI DI FESTA A LA VALLE IN OCCASIONE DE L&#8217;OM SELVARECH"},"content":{"rendered":"<blockquote>\n<h3><\/h3>\n<h2><span style=\"color: #ff0000;\"><strong>IERI ALLA RADIO<\/strong><\/span><\/h2>\n<p><strong>OSPITE A &#8220;CARPE DIEM&#8221; ANDREA DA ROIT PRESIDENTE DELLA PROLOCO<\/strong><\/p><\/blockquote>\n<audio class=\"wp-audio-shortcode\" id=\"audio-271241-1\" preload=\"none\" style=\"width: 100%;\" controls=\"controls\"><source type=\"audio\/mpeg\" src=\"https:\/\/www.radiopiu.net\/wordpress\/wp-content\/uploads\/2022\/04\/om-salvareck-19-aprile.mp3?_=1\" \/><a href=\"https:\/\/www.radiopiu.net\/wordpress\/wp-content\/uploads\/2022\/04\/om-salvareck-19-aprile.mp3\">https:\/\/www.radiopiu.net\/wordpress\/wp-content\/uploads\/2022\/04\/om-salvareck-19-aprile.mp3<\/a><\/audio>\n<p>&nbsp;<\/p>\n<p><strong>di Andrea Da Roit<\/strong><\/p>\n<p>Il 23, 24 e 25 aprile, dopo alcuni anni di stop, la Pro Loco ripropone la tradizionale <a href=\"https:\/\/fb.me\/e\/3V531OTVe\" target=\"_blank\" rel=\"noopener\">FESTA DE L&#8217;OM SALVARECH<\/a>. L\u2019<i>Om Salvarech<\/i> (uomo selvatico) \u00e8 uno spirito benigno dei boschi, presente in numerose leggende alpine e molto famoso nel bellunese, in particolare nel nostro comune dirimpettaio: Rivamonte Agordino. A La Valle Agordina questa antica storia si \u00e8 sviluppata in una particolare variante che la rende unica rispetto alle altre tradizioni agordine e per nostra fortuna essa non \u00e8 riuscita a perdersi nel tempo, rimanendo salda alle proprie origini. Se nel paese di Rivamonte l\u2019<i>Om Salvarech<\/i> \u00e8 un uomo ricoperto di muschi e licheni, abitante nel bosco e che ha insegnato all\u2019uomo a colare il latte per mezzo del licopodio, un particolare muschio, a La Val questa figura \u00e8 uno spirito, vestito con abiti logori e rattoppati, il quale porta sempre con s\u00e9 un antico <i>fer\u00e0l<\/i>, ossia un lume, simbolo della luce, e un <i>bachet<\/i>, vale a dire un bastone in legno, che rappresenta la saggezza degli anziani. Questo personaggio silvano \u00e8 molto schivo e non vuole essere visto dall\u2019uomo, tranne nel giorno della sua festa quando viene impersonificato in un grande pupazzo.\u00a0 Cos\u00ec ogni anno il 25 aprile, nel giorno di San Marco, viene realizzato il <i>pop<\/i> <i>de l\u2019Om Salvarech<\/i>, un fantoccio in canne di granoturco, il quale viene fatto sfilare per tutto il paese accompagnato dalle grida dei bambini <i>Viva! Viva l\u2019Om Salvarech!<\/i>, e alla sera bruciato in un grande fal\u00f2 appena fuori dal centro abitato. L\u2019Om Salvarech bruciando porta via tutti gli avvenimenti sfavorevoli e le cose non pi\u00f9 utilizzabili dell\u2019anno appena passato e permette alle persone di ripartire cariche di positivit\u00e0. Con questo suo \u201csacrificio\u201d garantisce agli abitanti l\u2019eliminazione di tutto ci\u00f2 che \u00e8 stato causa di disgrazie e augura un abbondante raccolto futuro. Non a caso il giorno di San Marco un tempo rappresentava uno spartiacque tra la fine dell\u2019inverno e il nuovo anno agreste, da quella festivit\u00e0 infatti si poteva iniziare il lavoro nei campi e veniva vietato il libero passaggio nei prati.\u00a0 Con gli anni \u201960 la tradizione lavallese originale si \u00e8 consolidata e rappresenta il cuore dell\u2019attuale manifestazione, la quale fino al 2014 si svolgeva come consuetudine in un\u2019unica giornata. Dal 2015 la Pro Loco La Valle Agordina, in coralit\u00e0 con tutte le associazioni lavallesi riunite, ha deciso di investire su questa manifestazione cos\u00ec rappresentativa e piena di tradizione, arricchendola di nuovi dettagli e portandola fuori dai confini lavallesi. Viene quindi presentato al pubblico un evento su pi\u00f9 giornate, con le cucine sempre pronte a preparare le specialit\u00e0 tipiche e le orchestre da ballo che suonano ogni sera.<\/p>\n<p>&nbsp;<\/p>\n<p>&nbsp;<\/p>\n<p><strong><a class=\"dt-pswp-item\" href=\"https:\/\/www.radiopiu.net\/wordpress\/wp-content\/uploads\/2022\/04\/Schermata-2022-04-10-alle-13.55.47.png\" data-dt-img-description=\"\" data-large_image_width=\"1056\" data-large_image_height=\"480\"><img loading=\"lazy\" decoding=\"async\" class=\" wp-image-269847 alignleft\" src=\"https:\/\/www.radiopiu.net\/wordpress\/wp-content\/uploads\/2022\/04\/Schermata-2022-04-10-alle-13.55.47-300x136.png\" alt=\"\" width=\"201\" height=\"91\" srcset=\"https:\/\/www.radiopiu.net\/wordpress\/wp-content\/uploads\/2022\/04\/Schermata-2022-04-10-alle-13.55.47-300x136.png 300w, https:\/\/www.radiopiu.net\/wordpress\/wp-content\/uploads\/2022\/04\/Schermata-2022-04-10-alle-13.55.47-1024x465.png 1024w, https:\/\/www.radiopiu.net\/wordpress\/wp-content\/uploads\/2022\/04\/Schermata-2022-04-10-alle-13.55.47-768x349.png 768w, https:\/\/www.radiopiu.net\/wordpress\/wp-content\/uploads\/2022\/04\/Schermata-2022-04-10-alle-13.55.47.png 1056w\" sizes=\"auto, (max-width: 201px) 100vw, 201px\" \/><\/a>LA VALLE<\/strong> Saranno tre giorni intensi a La Valle con la Festa del L&#8217;Om Selvarech. La Pro Loco di La valle ha organizzato la festa per il 23-24-25 aprile. Sabato 23 alle 20:30 presso la sala Valmassoni (ex caselo) una serata con William Da Roit e Luca De Zorzi per parlare del giro del mondo con gli sci di fondo. Domenica 24 sotto al tendone in localit\u00e0 Conaggia musica con DJ Jack e il concerto degli RH Negativo. Luned\u00ec 25 si inizia al mattino alle 9:30 con il mercatino artigianale sotto al tendone, alle 10 la gara podistica &#8220;Su e do per i coi&#8221; quarto Memorial Flavio De Cassai, alle 12 apertura stand gastronomico e a seguire la preparazione e la sfilata dei pop de l&#8217;om selvarech. Alle 19 la Cota offerta dalla pro loco, alle 20 la lettura del testamento e a seguire il fal\u00f2 de l&#8217;om selvarech. Serata in musica con Eros e Karin.<\/p>\n<p>&nbsp;<\/p>\n<hr \/>\n<p>&nbsp;<\/p>\n","protected":false},"excerpt":{"rendered":"<p>IERI ALLA RADIO OSPITE A &#8220;CARPE DIEM&#8221; ANDREA DA ROIT PRESIDENTE DELLA PROLOCO &nbsp; di Andrea Da Roit Il 23, 24 e 25 aprile, dopo alcuni anni di stop, la Pro Loco ripropone la tradizionale FESTA DE L&#8217;OM SALVARECH. L\u2019Om Salvarech (uomo selvatico) \u00e8 uno spirito benigno dei boschi, presente in numerose leggende alpine e&hellip;<\/p>\n","protected":false},"author":4,"featured_media":271242,"comment_status":"closed","ping_status":"closed","sticky":false,"template":"","format":"standard","meta":{"_monsterinsights_skip_tracking":false,"_monsterinsights_sitenote_active":false,"_monsterinsights_sitenote_note":"","_monsterinsights_sitenote_category":0,"footnotes":""},"categories":[104,49],"tags":[],"class_list":["post-271241","post","type-post","status-publish","format-standard","has-post-thumbnail","hentry","category-evidenza_3","category-news-18","category-104","category-49","description-off"],"img_url":"https:\/\/www.radiopiu.net\/wordpress\/wp-content\/uploads\/2022\/04\/Schermata-2022-04-10-alle-13.55.47-300x136-1.png","_links":{"self":[{"href":"https:\/\/www.radiopiu.net\/wordpress\/wp-json\/wp\/v2\/posts\/271241","targetHints":{"allow":["GET"]}}],"collection":[{"href":"https:\/\/www.radiopiu.net\/wordpress\/wp-json\/wp\/v2\/posts"}],"about":[{"href":"https:\/\/www.radiopiu.net\/wordpress\/wp-json\/wp\/v2\/types\/post"}],"author":[{"embeddable":true,"href":"https:\/\/www.radiopiu.net\/wordpress\/wp-json\/wp\/v2\/users\/4"}],"replies":[{"embeddable":true,"href":"https:\/\/www.radiopiu.net\/wordpress\/wp-json\/wp\/v2\/comments?post=271241"}],"version-history":[{"count":0,"href":"https:\/\/www.radiopiu.net\/wordpress\/wp-json\/wp\/v2\/posts\/271241\/revisions"}],"wp:featuredmedia":[{"embeddable":true,"href":"https:\/\/www.radiopiu.net\/wordpress\/wp-json\/wp\/v2\/media\/271242"}],"wp:attachment":[{"href":"https:\/\/www.radiopiu.net\/wordpress\/wp-json\/wp\/v2\/media?parent=271241"}],"wp:term":[{"taxonomy":"category","embeddable":true,"href":"https:\/\/www.radiopiu.net\/wordpress\/wp-json\/wp\/v2\/categories?post=271241"},{"taxonomy":"post_tag","embeddable":true,"href":"https:\/\/www.radiopiu.net\/wordpress\/wp-json\/wp\/v2\/tags?post=271241"}],"curies":[{"name":"wp","href":"https:\/\/api.w.org\/{rel}","templated":true}]}}