{"id":271245,"date":"2022-04-20T05:36:29","date_gmt":"2022-04-20T03:36:29","guid":{"rendered":"https:\/\/www.radiopiu.net\/wordpress\/?p=271245"},"modified":"2022-04-20T05:47:47","modified_gmt":"2022-04-20T03:47:47","slug":"gli-occhiali-di-papa-francesco-al-museo-dellocchiale-cadorino","status":"publish","type":"post","link":"https:\/\/www.radiopiu.net\/wordpress\/gli-occhiali-di-papa-francesco-al-museo-dellocchiale-cadorino\/","title":{"rendered":"GLI OCCHIALI DI PAPA FRANCESCO AL MUSEO DELL&#8217;OCCHIALE CADORINO"},"content":{"rendered":"<p><strong style=\"font-size: 14px;\"><a class=\"dt-pswp-item\" href=\"https:\/\/www.radiopiu.net\/wordpress\/wp-content\/uploads\/2022\/04\/IMG_8320-scaled.jpg\" data-dt-img-description=\"\" data-large_image_width=\"2560\" data-large_image_height=\"1707\"><img loading=\"lazy\" decoding=\"async\" class=\"alignleft wp-image-271246 \" src=\"https:\/\/www.radiopiu.net\/wordpress\/wp-content\/uploads\/2022\/04\/IMG_8320-300x200.jpg\" alt=\"\" width=\"185\" height=\"123\" srcset=\"https:\/\/www.radiopiu.net\/wordpress\/wp-content\/uploads\/2022\/04\/IMG_8320-300x200.jpg 300w, https:\/\/www.radiopiu.net\/wordpress\/wp-content\/uploads\/2022\/04\/IMG_8320-1024x683.jpg 1024w, https:\/\/www.radiopiu.net\/wordpress\/wp-content\/uploads\/2022\/04\/IMG_8320-768x512.jpg 768w, https:\/\/www.radiopiu.net\/wordpress\/wp-content\/uploads\/2022\/04\/IMG_8320-1536x1024.jpg 1536w, https:\/\/www.radiopiu.net\/wordpress\/wp-content\/uploads\/2022\/04\/IMG_8320-2048x1365.jpg 2048w\" sizes=\"auto, (max-width: 185px) 100vw, 185px\" \/><\/a>PIEVE DI CADORE<\/strong><span style=\"font-size: 14px;\"> L<\/span><span style=\"font-size: 14px;\">\u2019ottico romano Alessandro Spiezia ha ufficialmente consegnato a Vittorio Tabacchi, presidente della Fondazione Museo dell\u2019Occhiale, un paio di <\/span>occhiali appartenuti a Papa Francesco<span style=\"font-size: 14px;\">. Questa donazione contribuisce ad accrescere l\u2019importanza delle collezioni conservate al Museo di Pieve di Cadore, anche al fine di raggiungere una maggiore visibilit\u00e0, e si inserisce all\u2019interno di un progetto che la Fondazione intende realizzare, mirato ad accogliere occhiali appartenuti a personaggi rilevanti, il cui volto spesso \u00e8 fortemente caratterizzato dalla presenza di una particolare montatura. Recentemente si<\/span><span style=\"font-size: 14px;\"> \u00e8 svolta una breve presentazione in cui Alessandro Spiezia ha ricordato come, avendo ricevuto in dono un paio di occhiali direttamente dal papa, poich\u00e9 non pi\u00f9 utilizzati, avesse inteso immediatamente donarli al Museo affinch\u00e9 potessero essere valorizzati. Si tratta di un paio di semplici occhiali in metallo, conservati in un astuccio di pelle bianca. Sia la montatura che l\u2019astuccio recano il nome del papa. <\/span><span style=\"font-size: 14px;\">In occasione di questa importante donazione anche la storica azienda Fedon ha voluto donare, oltre all\u2019astuccio con lo stemma di Papa Francesco, anche gli astucci dei suoi predecessori, Papa Benedetto XVI e Papa Giovanni Paolo II. Il Museo auspica\u00a0 <\/span><span style=\"font-size: 14px;\">che un giorno Papa Francesco, proprio come chi lo ha preceduto, possa recarsi in Cadore per un breve soggiorno, e visitare anche il Museo dove sono conservati i suoi occhiali.\u00a0<\/span><\/p>\n<p>&nbsp;<\/p>\n<p>&nbsp;<\/p>\n<hr \/>\n<p>&nbsp;<\/p>\n","protected":false},"excerpt":{"rendered":"<p>PIEVE DI CADORE L\u2019ottico romano Alessandro Spiezia ha ufficialmente consegnato a Vittorio Tabacchi, presidente della Fondazione Museo dell\u2019Occhiale, un paio di occhiali appartenuti a Papa Francesco. Questa donazione contribuisce ad accrescere l\u2019importanza delle collezioni conservate al Museo di Pieve di Cadore, anche al fine di raggiungere una maggiore visibilit\u00e0, e si inserisce all\u2019interno di un&hellip;<\/p>\n","protected":false},"author":4,"featured_media":271246,"comment_status":"closed","ping_status":"closed","sticky":false,"template":"","format":"standard","meta":{"_monsterinsights_skip_tracking":false,"_monsterinsights_sitenote_active":false,"_monsterinsights_sitenote_note":"","_monsterinsights_sitenote_category":0,"footnotes":""},"categories":[51,49],"tags":[],"class_list":["post-271245","post","type-post","status-publish","format-standard","has-post-thumbnail","hentry","category-evidenza-top","category-news-18","category-51","category-49","description-off"],"img_url":"https:\/\/www.radiopiu.net\/wordpress\/wp-content\/uploads\/2022\/04\/IMG_8320-scaled.jpg","_links":{"self":[{"href":"https:\/\/www.radiopiu.net\/wordpress\/wp-json\/wp\/v2\/posts\/271245","targetHints":{"allow":["GET"]}}],"collection":[{"href":"https:\/\/www.radiopiu.net\/wordpress\/wp-json\/wp\/v2\/posts"}],"about":[{"href":"https:\/\/www.radiopiu.net\/wordpress\/wp-json\/wp\/v2\/types\/post"}],"author":[{"embeddable":true,"href":"https:\/\/www.radiopiu.net\/wordpress\/wp-json\/wp\/v2\/users\/4"}],"replies":[{"embeddable":true,"href":"https:\/\/www.radiopiu.net\/wordpress\/wp-json\/wp\/v2\/comments?post=271245"}],"version-history":[{"count":0,"href":"https:\/\/www.radiopiu.net\/wordpress\/wp-json\/wp\/v2\/posts\/271245\/revisions"}],"wp:featuredmedia":[{"embeddable":true,"href":"https:\/\/www.radiopiu.net\/wordpress\/wp-json\/wp\/v2\/media\/271246"}],"wp:attachment":[{"href":"https:\/\/www.radiopiu.net\/wordpress\/wp-json\/wp\/v2\/media?parent=271245"}],"wp:term":[{"taxonomy":"category","embeddable":true,"href":"https:\/\/www.radiopiu.net\/wordpress\/wp-json\/wp\/v2\/categories?post=271245"},{"taxonomy":"post_tag","embeddable":true,"href":"https:\/\/www.radiopiu.net\/wordpress\/wp-json\/wp\/v2\/tags?post=271245"}],"curies":[{"name":"wp","href":"https:\/\/api.w.org\/{rel}","templated":true}]}}