{"id":271252,"date":"2022-04-20T05:37:32","date_gmt":"2022-04-20T03:37:32","guid":{"rendered":"https:\/\/www.radiopiu.net\/wordpress\/?p=271252"},"modified":"2022-04-20T05:47:25","modified_gmt":"2022-04-20T03:47:25","slug":"lavoro-tavolo-diab-spa-di-longarone-riaperto-il-confronto","status":"publish","type":"post","link":"https:\/\/www.radiopiu.net\/wordpress\/lavoro-tavolo-diab-spa-di-longarone-riaperto-il-confronto\/","title":{"rendered":"LAVORO. TAVOLO DIAB SPA DI LONGARONE. RIAPERTO IL CONFRONTO"},"content":{"rendered":"<p><strong><img loading=\"lazy\" decoding=\"async\" class=\"alignleft\" src=\"https:\/\/www.radiopiu.net\/wordpress\/wp-content\/uploads\/2022\/04\/DIAB-300x300.png\" width=\"127\" height=\"127\" \/>VENEZIA\u00a0<\/strong> Si \u00e8 tenuto oggi in sede regionale, coordinato e gestito dall\u2019Unit\u00e0 di Crisi aziendali della Regione del Veneto, un incontro relativo alla situazione di DIAB,\u00a0 \u00a0azienda di propriet\u00e0 di un gruppo svedese che produce materiali plastici in PET e PVC che occupa attualmente circa 240 lavoratori. All\u2019incontro odierno hanno partecipato la rappresentanza aziendale, assistita da Confindustria Belluno e dai propri legali, i rappresentanti provinciali delle organizzazioni sindacali di Filctem CGIL Belluno, Femca CISL Belluno e Uiltec UIL Belluno, e le RSU aziendali.L\u2019incontro ha segnato la riapertura del confronto fra le parti: nello specifico, con grande senso di responsabilit\u00e0, \u00e8 stata valutata la necessit\u00e0 di tornare a perseguire l\u2019obiettivo di raggiungere un accordo nell\u2019interesse dei lavoratori e della realt\u00e0 produttiva.<\/p>\n<p>&nbsp;<\/p>\n<p>___<\/p>\n","protected":false},"excerpt":{"rendered":"<p>VENEZIA\u00a0 Si \u00e8 tenuto oggi in sede regionale, coordinato e gestito dall\u2019Unit\u00e0 di Crisi aziendali della Regione del Veneto, un incontro relativo alla situazione di DIAB,\u00a0 \u00a0azienda di propriet\u00e0 di un gruppo svedese che produce materiali plastici in PET e PVC che occupa attualmente circa 240 lavoratori. All\u2019incontro odierno hanno partecipato la rappresentanza aziendale, assistita&hellip;<\/p>\n","protected":false},"author":4,"featured_media":269395,"comment_status":"closed","ping_status":"closed","sticky":false,"template":"","format":"standard","meta":{"_monsterinsights_skip_tracking":false,"_monsterinsights_sitenote_active":false,"_monsterinsights_sitenote_note":"","_monsterinsights_sitenote_category":0,"footnotes":""},"categories":[51,49],"tags":[],"class_list":["post-271252","post","type-post","status-publish","format-standard","has-post-thumbnail","hentry","category-evidenza-top","category-news-18","category-51","category-49","description-off"],"img_url":"https:\/\/www.radiopiu.net\/wordpress\/wp-content\/uploads\/2022\/04\/DIAB.png","_links":{"self":[{"href":"https:\/\/www.radiopiu.net\/wordpress\/wp-json\/wp\/v2\/posts\/271252","targetHints":{"allow":["GET"]}}],"collection":[{"href":"https:\/\/www.radiopiu.net\/wordpress\/wp-json\/wp\/v2\/posts"}],"about":[{"href":"https:\/\/www.radiopiu.net\/wordpress\/wp-json\/wp\/v2\/types\/post"}],"author":[{"embeddable":true,"href":"https:\/\/www.radiopiu.net\/wordpress\/wp-json\/wp\/v2\/users\/4"}],"replies":[{"embeddable":true,"href":"https:\/\/www.radiopiu.net\/wordpress\/wp-json\/wp\/v2\/comments?post=271252"}],"version-history":[{"count":0,"href":"https:\/\/www.radiopiu.net\/wordpress\/wp-json\/wp\/v2\/posts\/271252\/revisions"}],"wp:featuredmedia":[{"embeddable":true,"href":"https:\/\/www.radiopiu.net\/wordpress\/wp-json\/wp\/v2\/media\/269395"}],"wp:attachment":[{"href":"https:\/\/www.radiopiu.net\/wordpress\/wp-json\/wp\/v2\/media?parent=271252"}],"wp:term":[{"taxonomy":"category","embeddable":true,"href":"https:\/\/www.radiopiu.net\/wordpress\/wp-json\/wp\/v2\/categories?post=271252"},{"taxonomy":"post_tag","embeddable":true,"href":"https:\/\/www.radiopiu.net\/wordpress\/wp-json\/wp\/v2\/tags?post=271252"}],"curies":[{"name":"wp","href":"https:\/\/api.w.org\/{rel}","templated":true}]}}