{"id":271334,"date":"2022-04-19T17:50:58","date_gmt":"2022-04-19T15:50:58","guid":{"rendered":"https:\/\/www.radiopiu.net\/wordpress\/?p=271334"},"modified":"2022-04-19T17:50:58","modified_gmt":"2022-04-19T15:50:58","slug":"laipd-di-belluno-presenta-i-risultati-del-progetto-la-mia-casa-e-il-mondo","status":"publish","type":"post","link":"https:\/\/www.radiopiu.net\/wordpress\/laipd-di-belluno-presenta-i-risultati-del-progetto-la-mia-casa-e-il-mondo\/","title":{"rendered":"L&#8217;AIPD DI BELLUNO PRESENTA I RISULTATI DEL PROGETTO &#8220;LA MIA CASA E&#8217; IL MONDO&#8221;"},"content":{"rendered":"<p><strong>BELLUNO<\/strong> L\u2019AIPD (Associazione Italiana Persone Down) sezione di Belluno presenter\u00e0 i risultati del Progetto \u201cLa mia casa \u00e8 il mondo\u201d venerd\u00ec 22 aprile alle ore 20:30 presso la Sala Muccin del Centro Giovanni XXIII di Belluno. Si tratta di un progetto promosso dall\u2019AIPD nazionale e rivolto a giovani con sindrome di Down preadolescenti. Lo spunto del progetto \u00e8 stata la valutazione delle reazioni affettive e sociali al periodo di\u201d lockdown\u201d dovuto alla pandemia, la riappropriazione del mondo fuori casa, il controllo ed il contrasto al senso di paura, nei genitori e nei figli. Obbiettivi questi, da raggiungere con la crescita delle autonomie sociali (uso della strada, del denaro, dei mezzi di trasporto), della curiosit\u00e0 per la conoscenza del proprio territorio e del senso di responsabilit\u00e0 e quindi della capacit\u00e0 di trasformare desideri in concreti progetti. Per l\u2019AIPD Belluno sono stati coinvolti cinque giovani, dagli 11 ai 15 anni: il progetto, della durata di sei mesi, ha avuto una pausa, a gennaio e febbraio, dettata dalle norme di prudenza per la pandemia, terminer\u00e0 a fine aprile con l\u2019evento citato nel titolo. I giovani dell\u2019AIPD Belluno, guidati da due operatrici, hanno saputo coinvolgere numerosi \u201cCompagni di viaggio\u201d, con variegate competenze. Le immagini del fotografo bellunese Guido Lettieri, rimarranno in esposizione alla Libreria di piazza Piloni a Belluno fino a domenica 8 maggio. Protagonisti e \u201ccompagni di viaggio\u201d saranno presenti ad illustrare la loro esperienza alle ore20:30 venerd\u00ec 22 aprile presso la sala Muccin del Centro Giovanni XXIII a Belluno.<\/p>\n\n\t\t\t<style type='text\/css'>\n\t\t\t\t#gallery-1 {\n\t\t\t\t\tmargin: auto;\n\t\t\t\t}\n\t\t\t\t#gallery-1 .gallery-item {\n\t\t\t\t\tfloat: left;\n\t\t\t\t\tmargin-top: 10px;\n\t\t\t\t\ttext-align: center;\n\t\t\t\t\twidth: 33%;\n\t\t\t\t}\n\t\t\t\t#gallery-1 img {\n\t\t\t\t\tborder: 2px solid #cfcfcf;\n\t\t\t\t}\n\t\t\t\t#gallery-1 .gallery-caption {\n\t\t\t\t\tmargin-left: 0;\n\t\t\t\t}\n\t\t\t\t\/* see gallery_shortcode() in wp-includes\/media.php *\/\n\t\t\t<\/style>\n\t\t<div id='gallery-1' class='dt-gallery-container gallery galleryid-271334 gallery-columns-3 gallery-size-thumbnail'><dl class='gallery-item'>\n\t\t\t\t<dt class='gallery-icon landscape'>\n\t\t\t\t\t<a class=\"rollover rollover-zoom dt-pswp-item\" title=\"55f8d5f4-fc07-46fb-b128-09793c9dfc6a\" data-dt-img-description=\"\" data-large_image_width=\"684\" data-large_image_height=\"500\"href='https:\/\/www.radiopiu.net\/wordpress\/wp-content\/uploads\/2022\/04\/55f8d5f4-fc07-46fb-b128-09793c9dfc6a.jpg'><img loading=\"lazy\" decoding=\"async\" width=\"150\" height=\"150\" src=\"https:\/\/www.radiopiu.net\/wordpress\/wp-content\/uploads\/2022\/04\/55f8d5f4-fc07-46fb-b128-09793c9dfc6a-150x150.jpg\" class=\"attachment-thumbnail size-thumbnail\" alt=\"\" \/><\/a>\n\t\t\t\t<\/dt><\/dl><dl class='gallery-item'>\n\t\t\t\t<dt class='gallery-icon portrait'>\n\t\t\t\t\t<a class=\"rollover rollover-zoom dt-pswp-item\" title=\"85fef2bb-0b6d-4b23-a6e0-c87291257d1d\" data-dt-img-description=\"\" data-large_image_width=\"353\" data-large_image_height=\"500\"href='https:\/\/www.radiopiu.net\/wordpress\/wp-content\/uploads\/2022\/04\/85fef2bb-0b6d-4b23-a6e0-c87291257d1d.jpg'><img loading=\"lazy\" decoding=\"async\" width=\"150\" height=\"150\" src=\"https:\/\/www.radiopiu.net\/wordpress\/wp-content\/uploads\/2022\/04\/85fef2bb-0b6d-4b23-a6e0-c87291257d1d-150x150.jpg\" class=\"attachment-thumbnail size-thumbnail\" alt=\"\" \/><\/a>\n\t\t\t\t<\/dt><\/dl><dl class='gallery-item'>\n\t\t\t\t<dt class='gallery-icon landscape'>\n\t\t\t\t\t<a class=\"rollover rollover-zoom dt-pswp-item\" title=\"f53fcdd2-36e4-4516-a4bc-2c10a10e2cec\" data-dt-img-description=\"\" data-large_image_width=\"666\" data-large_image_height=\"500\"href='https:\/\/www.radiopiu.net\/wordpress\/wp-content\/uploads\/2022\/04\/f53fcdd2-36e4-4516-a4bc-2c10a10e2cec.jpg'><img loading=\"lazy\" decoding=\"async\" width=\"150\" height=\"150\" src=\"https:\/\/www.radiopiu.net\/wordpress\/wp-content\/uploads\/2022\/04\/f53fcdd2-36e4-4516-a4bc-2c10a10e2cec-150x150.jpg\" class=\"attachment-thumbnail size-thumbnail\" alt=\"\" \/><\/a>\n\t\t\t\t<\/dt><\/dl><br style=\"clear: both\" \/>\n\t\t\t<\/div>\n\n<p>&nbsp;<\/p>\n<p>&nbsp;<\/p>\n<p>*****<\/p>\n","protected":false},"excerpt":{"rendered":"<p>BELLUNO L\u2019AIPD (Associazione Italiana Persone Down) sezione di Belluno presenter\u00e0 i risultati del Progetto \u201cLa mia casa \u00e8 il mondo\u201d venerd\u00ec 22 aprile alle ore 20:30 presso la Sala Muccin del Centro Giovanni XXIII di Belluno. Si tratta di un progetto promosso dall\u2019AIPD nazionale e rivolto a giovani con sindrome di Down preadolescenti. Lo spunto&hellip;<\/p>\n","protected":false},"author":4,"featured_media":271335,"comment_status":"closed","ping_status":"closed","sticky":false,"template":"","format":"standard","meta":{"_monsterinsights_skip_tracking":false,"_monsterinsights_sitenote_active":false,"_monsterinsights_sitenote_note":"","_monsterinsights_sitenote_category":0,"footnotes":""},"categories":[49],"tags":[],"class_list":["post-271334","post","type-post","status-publish","format-standard","has-post-thumbnail","hentry","category-news-18","category-49","description-off"],"img_url":"https:\/\/www.radiopiu.net\/wordpress\/wp-content\/uploads\/2022\/04\/55f8d5f4-fc07-46fb-b128-09793c9dfc6a.jpg","_links":{"self":[{"href":"https:\/\/www.radiopiu.net\/wordpress\/wp-json\/wp\/v2\/posts\/271334","targetHints":{"allow":["GET"]}}],"collection":[{"href":"https:\/\/www.radiopiu.net\/wordpress\/wp-json\/wp\/v2\/posts"}],"about":[{"href":"https:\/\/www.radiopiu.net\/wordpress\/wp-json\/wp\/v2\/types\/post"}],"author":[{"embeddable":true,"href":"https:\/\/www.radiopiu.net\/wordpress\/wp-json\/wp\/v2\/users\/4"}],"replies":[{"embeddable":true,"href":"https:\/\/www.radiopiu.net\/wordpress\/wp-json\/wp\/v2\/comments?post=271334"}],"version-history":[{"count":0,"href":"https:\/\/www.radiopiu.net\/wordpress\/wp-json\/wp\/v2\/posts\/271334\/revisions"}],"wp:featuredmedia":[{"embeddable":true,"href":"https:\/\/www.radiopiu.net\/wordpress\/wp-json\/wp\/v2\/media\/271335"}],"wp:attachment":[{"href":"https:\/\/www.radiopiu.net\/wordpress\/wp-json\/wp\/v2\/media?parent=271334"}],"wp:term":[{"taxonomy":"category","embeddable":true,"href":"https:\/\/www.radiopiu.net\/wordpress\/wp-json\/wp\/v2\/categories?post=271334"},{"taxonomy":"post_tag","embeddable":true,"href":"https:\/\/www.radiopiu.net\/wordpress\/wp-json\/wp\/v2\/tags?post=271334"}],"curies":[{"name":"wp","href":"https:\/\/api.w.org\/{rel}","templated":true}]}}