{"id":271466,"date":"2022-04-21T05:57:29","date_gmt":"2022-04-21T03:57:29","guid":{"rendered":"https:\/\/www.radiopiu.net\/wordpress\/?p=271466"},"modified":"2022-04-21T06:04:51","modified_gmt":"2022-04-21T04:04:51","slug":"imprenditore-bellunese-indagato-per-truffa-ed-autoriciclaggio","status":"publish","type":"post","link":"https:\/\/www.radiopiu.net\/wordpress\/imprenditore-bellunese-indagato-per-truffa-ed-autoriciclaggio\/","title":{"rendered":"VALERIO TABACCHI, GIA&#8217; ASSESSORE A BELLUNO INDAGATO PER TRUFFA, SCATTA IL MAXI SEQUESTRO"},"content":{"rendered":"<p><strong><a class=\"dt-pswp-item\" href=\"https:\/\/www.radiopiu.net\/wordpress\/wp-content\/uploads\/2020\/07\/gdf-4-1-scaled.jpg\" data-dt-img-description=\"\" data-large_image_width=\"2560\" data-large_image_height=\"1687\"><img loading=\"lazy\" decoding=\"async\" class=\"alignleft wp-image-149908 \" src=\"https:\/\/www.radiopiu.net\/wordpress\/wp-content\/uploads\/2020\/07\/gdf-4-1-300x198.jpg\" alt=\"\" width=\"230\" height=\"152\" srcset=\"https:\/\/www.radiopiu.net\/wordpress\/wp-content\/uploads\/2020\/07\/gdf-4-1-300x198.jpg 300w, https:\/\/www.radiopiu.net\/wordpress\/wp-content\/uploads\/2020\/07\/gdf-4-1-1024x675.jpg 1024w, https:\/\/www.radiopiu.net\/wordpress\/wp-content\/uploads\/2020\/07\/gdf-4-1-768x506.jpg 768w, https:\/\/www.radiopiu.net\/wordpress\/wp-content\/uploads\/2020\/07\/gdf-4-1-1536x1012.jpg 1536w, https:\/\/www.radiopiu.net\/wordpress\/wp-content\/uploads\/2020\/07\/gdf-4-1-2048x1350.jpg 2048w\" sizes=\"auto, (max-width: 230px) 100vw, 230px\" \/><\/a>BELLUNO<\/strong> Valerio Tabacchi imprenditore del Cadore, gi\u00e0 nome noto della politica locale nonch\u00e9 consigliere della Seam Servizi Ampezzo con delega al turismo e alla gestione di Cortina Marketing, ma anche gi\u00e0 assessore a Belluno con il sindaco Massaro incassa il premio dell&#8217;assicurazione dopo l&#8217;incendio di uno stabile in compropriet\u00e0, ma non lo divide con l&#8217;anziano parente che dall&#8217;estero e con fiducia lo aveva delegato a seguire l&#8217;operazione. A seguito della denuncia,\u00a0 su mandato del Procuratore Paolo Luca \u00e8 stata emessa ordinanza di sequestro preventivo finalizzato alla confisca di 100mila euro: disponibilit\u00e0 finanziarie e beni immobili intestati all&#8217;indagato, un imprenditore bellunese. Al lavoro uomini e donne della Guardia di Finanza di Belluno del Nucleo di Polizia Economico Finanziaria,\u00a0 hanno appurato\u00a0 come l&#8217;uomo-imprenditore avesse incassato il premio assicurativo dando il l\u00e0 alla truffa, ovvero\u00a0 reinvestire il denaro con pi\u00f9 versamenti nelle sue diverse attivit\u00e0, di fatto ostacolando l&#8217;identificazione delle provenienza del premio assicurativo.\u00a0 Nel frattempo al lontano parente non ha versato un euro adducendo una serie di giustificazioni poco credibili. E&#8217; pertanto incappato nell&#8217;illecita condotta di autoriciclaggio. Un&#8217;operazione che testimonia il costante impegno dell&#8217;Autorit\u00e0 Giudiziaria e della Guardia di Finanza in questo caso a salvaguardia delle persone pi\u00f9 deboli.<\/p>\n<p>&nbsp;<\/p>\n<p>___<\/p>\n","protected":false},"excerpt":{"rendered":"<p>BELLUNO Valerio Tabacchi imprenditore del Cadore, gi\u00e0 nome noto della politica locale nonch\u00e9 consigliere della Seam Servizi Ampezzo con delega al turismo e alla gestione di Cortina Marketing, ma anche gi\u00e0 assessore a Belluno con il sindaco Massaro incassa il premio dell&#8217;assicurazione dopo l&#8217;incendio di uno stabile in compropriet\u00e0, ma non lo divide con l&#8217;anziano&hellip;<\/p>\n","protected":false},"author":4,"featured_media":222502,"comment_status":"closed","ping_status":"closed","sticky":false,"template":"","format":"standard","meta":{"_monsterinsights_skip_tracking":false,"_monsterinsights_sitenote_active":false,"_monsterinsights_sitenote_note":"","_monsterinsights_sitenote_category":0,"footnotes":""},"categories":[51,49],"tags":[],"class_list":["post-271466","post","type-post","status-publish","format-standard","has-post-thumbnail","hentry","category-evidenza-top","category-news-18","category-51","category-49","description-off"],"img_url":"https:\/\/www.radiopiu.net\/wordpress\/wp-content\/uploads\/2021\/07\/9dab3da2-5b99-4e4c-9808-d95d42ff43b5.jpg","_links":{"self":[{"href":"https:\/\/www.radiopiu.net\/wordpress\/wp-json\/wp\/v2\/posts\/271466","targetHints":{"allow":["GET"]}}],"collection":[{"href":"https:\/\/www.radiopiu.net\/wordpress\/wp-json\/wp\/v2\/posts"}],"about":[{"href":"https:\/\/www.radiopiu.net\/wordpress\/wp-json\/wp\/v2\/types\/post"}],"author":[{"embeddable":true,"href":"https:\/\/www.radiopiu.net\/wordpress\/wp-json\/wp\/v2\/users\/4"}],"replies":[{"embeddable":true,"href":"https:\/\/www.radiopiu.net\/wordpress\/wp-json\/wp\/v2\/comments?post=271466"}],"version-history":[{"count":0,"href":"https:\/\/www.radiopiu.net\/wordpress\/wp-json\/wp\/v2\/posts\/271466\/revisions"}],"wp:featuredmedia":[{"embeddable":true,"href":"https:\/\/www.radiopiu.net\/wordpress\/wp-json\/wp\/v2\/media\/222502"}],"wp:attachment":[{"href":"https:\/\/www.radiopiu.net\/wordpress\/wp-json\/wp\/v2\/media?parent=271466"}],"wp:term":[{"taxonomy":"category","embeddable":true,"href":"https:\/\/www.radiopiu.net\/wordpress\/wp-json\/wp\/v2\/categories?post=271466"},{"taxonomy":"post_tag","embeddable":true,"href":"https:\/\/www.radiopiu.net\/wordpress\/wp-json\/wp\/v2\/tags?post=271466"}],"curies":[{"name":"wp","href":"https:\/\/api.w.org\/{rel}","templated":true}]}}