{"id":271510,"date":"2022-04-20T23:59:48","date_gmt":"2022-04-20T21:59:48","guid":{"rendered":"https:\/\/www.radiopiu.net\/wordpress\/?p=271510"},"modified":"2022-04-20T15:10:44","modified_gmt":"2022-04-20T13:10:44","slug":"nella-milano-alle-prese-nel-1848-con-le-cinque-giornate-gli-zoldani-e-non-solo-vendevano-castagne-arroste-e-pere","status":"publish","type":"post","link":"https:\/\/www.radiopiu.net\/wordpress\/nella-milano-alle-prese-nel-1848-con-le-cinque-giornate-gli-zoldani-e-non-solo-vendevano-castagne-arroste-e-pere\/","title":{"rendered":"NELLA MILANO ALLE PRESE (NEL 1848) CON LE \u201cCINQUE GIORNATE\u201d GLI ZOLDANI (E NON SOLO) VENDEVANO CASTAGNE ARROSTE E PERE"},"content":{"rendered":"<p><strong>di\u00a0 RENATO BONA<\/strong><\/p>\n<p>Emigravano d\u2019inverno (camminavano per una settimana) perch\u00e9 d\u2019estate lavoravano la terra a casa propria Fra le \u201cPiccole grandi storie di emigranti\u201d &#8211; titolo dell\u2019interessante libro che gli amici Ivano Pocchiesa, Mario Fornaro ed Aduo Vio hanno realizzato nel dicembre 1991 con Media Diffusion &#8211; vi \u00e8 anche quella intitolata \u201cI Sc\u00f2ti 1848)\u201d . Che narra di \u201czoldani che partivano: gli Arnoldo di Fornesighe, detti anche Bez o Busa, e qualcun altro di cui si \u00e8 persa la testimonianza\u201d e che \u201cNella Milano dei \u201cmeneghini\u201d che combattevano le \u201cCinque giornate\u201d contro i \u201cbaffi di sego\u201d, cio\u00e8 le soldatedesche austriache\u201d; era il 1848, coi moti rivoluzionari che preparavano l\u2019unit\u00e0 d\u2019Italia del 1861 \u2013 non andavano ad arruolarsi tra i milanesi contro gli austriaci\u201d. Ma calavano nel grande citt\u00e0 per\u2026 vendere castagne e pere cotte! Lo facevano d\u2019inverno visto che d\u2019estate lavoravano la terra a casa loro. Probabilmente camminavano per una settimana per giungere a destinazione e cercare un panettiere disposto ad affittare loro il forno durante il giorno, quando non serviva per il pane: abbrustolite le castagne, le vendevano in strada, davanti alle botteghe artigiane e comunque in posti dove ci fosse presenza di persone. Subito i milanesi li \u201cbattezzarono\u201d come \u201cSc\u00f2ti-peri-c\u00f2ti\u201d e \u201cSc\u00f2ti\u201d rimasero per la storia. Si stima che a fine Ottocento primi Novecento fossero diverse centinaia gli zoldani calati a Milano: solo da Fornesighe se ne contavano oltre cento. Era dunque necessario darsi un\u2019organizzazione e vennero inventate, non si sa bene da chi, le \u201cCompagnie\u201d che assegnavano a ciascuno un ruolo: chi acquistava la merce, chi la legna per arrostire le castagne, chi teneva i conti, chi la cassa comune, chi cucinava il pranzo. Secondo quanto ricordava Federico De Pellegrin, 90 anni all\u2019epoca in cui fu edito il libro, a Milano negli anni 30 esistevano 14 Compagnie i cui membri impararono a commerciare direttamente coi contadini-fornitori di Verona, Cuneo e altre zone; nei momenti d\u2019oro, ciascuna Compagnia giunse ad acquistare anche tre vagoni ferroviari di castagne ogni volta e alcune acquistarono anche il forno mentre altre lo affittavano. Ai nuovi arrivati \u201csi assicurava un letto, vale a dire un pagliericcio con dentro foglie di granoturco, secondo la moda del tempo\u201d. Ogni Sc\u00f2to partiva per la sua destinazione portandosi addosso fino a 5 \u201cquart\u00e9\u201d (5 litri) di castagne arroste. Gli affari migliori erano quelli del mattino verso le 10,30-11 davanti alle fabbriche. Ogni giorno un forno garantiva 3-4 \u201cbuttate\u201d di circa un quintale e mezzo ciascuna di castagne. A fine stagione, verso Natale o poco oltre, si facevano i conti: ogni Sc\u00f2to tornava a casa con circa duemila lire nette, \u201cpari pressappoco al costo di due mucche all\u2019inizio del secolo. Le spese consistevano nel vitto, nell\u2019affitto del forno, nell\u2019acquisto della merce, nell\u2019onorario dei contabili e dei cassieri delle Compagnie\u201d. Oggi &#8211; \u00e8 la conclusione di Pocchiesa-Fornaro-Vio &#8211; gli \u201cSc\u00f2ti\u201d sono vivi ancora nei ricordi di chi li conobbe, o fece egli stesso l\u2019ambulante o ne sent\u00ec parlare\u2026 Federico De Pellegrin \u00e8 uno di questi \u2018cantori\u2019 di un\u2019epoca che fu, e che i giovani ascoltano col sorriso a fior di labbra, come se qualcuno raccontasse loro delle fiabe\u201d.<\/p>\n\n\t\t\t<style type='text\/css'>\n\t\t\t\t#gallery-1 {\n\t\t\t\t\tmargin: auto;\n\t\t\t\t}\n\t\t\t\t#gallery-1 .gallery-item {\n\t\t\t\t\tfloat: left;\n\t\t\t\t\tmargin-top: 10px;\n\t\t\t\t\ttext-align: center;\n\t\t\t\t\twidth: 25%;\n\t\t\t\t}\n\t\t\t\t#gallery-1 img {\n\t\t\t\t\tborder: 2px solid #cfcfcf;\n\t\t\t\t}\n\t\t\t\t#gallery-1 .gallery-caption {\n\t\t\t\t\tmargin-left: 0;\n\t\t\t\t}\n\t\t\t\t\/* see gallery_shortcode() in wp-includes\/media.php *\/\n\t\t\t<\/style>\n\t\t<div id='gallery-1' class='dt-gallery-container gallery galleryid-271510 gallery-columns-4 gallery-size-thumbnail'><dl class='gallery-item'>\n\t\t\t\t<dt class='gallery-icon landscape'>\n\t\t\t\t\t<a class=\"rollover rollover-zoom dt-pswp-item\" title=\"278716767_778619983129015_2185285151754534028_n\" data-dt-img-description=\"\" data-large_image_width=\"280\" data-large_image_height=\"202\"href='https:\/\/www.radiopiu.net\/wordpress\/wp-content\/uploads\/2022\/04\/278716767_778619983129015_2185285151754534028_n.png'><img loading=\"lazy\" decoding=\"async\" width=\"150\" height=\"150\" src=\"https:\/\/www.radiopiu.net\/wordpress\/wp-content\/uploads\/2022\/04\/278716767_778619983129015_2185285151754534028_n-150x150.png\" class=\"attachment-thumbnail size-thumbnail\" alt=\"\" \/><\/a>\n\t\t\t\t<\/dt><\/dl><dl class='gallery-item'>\n\t\t\t\t<dt class='gallery-icon portrait'>\n\t\t\t\t\t<a class=\"rollover rollover-zoom dt-pswp-item\" title=\"278631070_510991137235784_6645460438171123066_n\" data-dt-img-description=\"\" data-large_image_width=\"160\" data-large_image_height=\"204\"href='https:\/\/www.radiopiu.net\/wordpress\/wp-content\/uploads\/2022\/04\/278631070_510991137235784_6645460438171123066_n.jpg'><img loading=\"lazy\" decoding=\"async\" width=\"150\" height=\"150\" src=\"https:\/\/www.radiopiu.net\/wordpress\/wp-content\/uploads\/2022\/04\/278631070_510991137235784_6645460438171123066_n-150x150.jpg\" class=\"attachment-thumbnail size-thumbnail\" alt=\"\" \/><\/a>\n\t\t\t\t<\/dt><\/dl><dl class='gallery-item'>\n\t\t\t\t<dt class='gallery-icon landscape'>\n\t\t\t\t\t<a class=\"rollover rollover-zoom dt-pswp-item\" title=\"278612305_1936105353240943_4407418313608153055_n\" data-dt-img-description=\"\" data-large_image_width=\"292\" data-large_image_height=\"206\"href='https:\/\/www.radiopiu.net\/wordpress\/wp-content\/uploads\/2022\/04\/278612305_1936105353240943_4407418313608153055_n.png'><img loading=\"lazy\" decoding=\"async\" width=\"150\" height=\"150\" src=\"https:\/\/www.radiopiu.net\/wordpress\/wp-content\/uploads\/2022\/04\/278612305_1936105353240943_4407418313608153055_n-150x150.png\" class=\"attachment-thumbnail size-thumbnail\" alt=\"\" \/><\/a>\n\t\t\t\t<\/dt><\/dl><dl class='gallery-item'>\n\t\t\t\t<dt class='gallery-icon portrait'>\n\t\t\t\t\t<a class=\"rollover rollover-zoom dt-pswp-item\" title=\"278576729_564531248188894_3558072594009367045_n\" data-dt-img-description=\"\" data-large_image_width=\"168\" data-large_image_height=\"200\"href='https:\/\/www.radiopiu.net\/wordpress\/wp-content\/uploads\/2022\/04\/278576729_564531248188894_3558072594009367045_n.jpg'><img loading=\"lazy\" decoding=\"async\" width=\"150\" height=\"150\" src=\"https:\/\/www.radiopiu.net\/wordpress\/wp-content\/uploads\/2022\/04\/278576729_564531248188894_3558072594009367045_n-150x150.jpg\" class=\"attachment-thumbnail size-thumbnail\" alt=\"\" \/><\/a>\n\t\t\t\t<\/dt><\/dl><br style=\"clear: both\" \/><dl class='gallery-item'>\n\t\t\t\t<dt class='gallery-icon portrait'>\n\t\t\t\t\t<a class=\"rollover rollover-zoom dt-pswp-item\" title=\"278420882_563556548455976_3024239871538348235_n\" data-dt-img-description=\"\" data-large_image_width=\"203\" data-large_image_height=\"206\"href='https:\/\/www.radiopiu.net\/wordpress\/wp-content\/uploads\/2022\/04\/278420882_563556548455976_3024239871538348235_n.jpg'><img loading=\"lazy\" decoding=\"async\" width=\"150\" height=\"150\" src=\"https:\/\/www.radiopiu.net\/wordpress\/wp-content\/uploads\/2022\/04\/278420882_563556548455976_3024239871538348235_n-150x150.jpg\" class=\"attachment-thumbnail size-thumbnail\" alt=\"\" \/><\/a>\n\t\t\t\t<\/dt><\/dl><dl class='gallery-item'>\n\t\t\t\t<dt class='gallery-icon landscape'>\n\t\t\t\t\t<a class=\"rollover rollover-zoom dt-pswp-item\" title=\"278055269_1260563734471344_8834903887805255018_n\" data-dt-img-description=\"\" data-large_image_width=\"351\" data-large_image_height=\"206\"href='https:\/\/www.radiopiu.net\/wordpress\/wp-content\/uploads\/2022\/04\/278055269_1260563734471344_8834903887805255018_n.jpg'><img loading=\"lazy\" decoding=\"async\" width=\"150\" height=\"150\" src=\"https:\/\/www.radiopiu.net\/wordpress\/wp-content\/uploads\/2022\/04\/278055269_1260563734471344_8834903887805255018_n-150x150.jpg\" class=\"attachment-thumbnail size-thumbnail\" alt=\"\" \/><\/a>\n\t\t\t\t<\/dt><\/dl><dl class='gallery-item'>\n\t\t\t\t<dt class='gallery-icon portrait'>\n\t\t\t\t\t<a class=\"rollover rollover-zoom dt-pswp-item\" title=\"278052211_542287297277780_4962143040060210148_n\" data-dt-img-description=\"\" data-large_image_width=\"180\" data-large_image_height=\"202\"href='https:\/\/www.radiopiu.net\/wordpress\/wp-content\/uploads\/2022\/04\/278052211_542287297277780_4962143040060210148_n.jpg'><img loading=\"lazy\" decoding=\"async\" width=\"150\" height=\"150\" src=\"https:\/\/www.radiopiu.net\/wordpress\/wp-content\/uploads\/2022\/04\/278052211_542287297277780_4962143040060210148_n-150x150.jpg\" class=\"attachment-thumbnail size-thumbnail\" alt=\"\" \/><\/a>\n\t\t\t\t<\/dt><\/dl>\n\t\t\t\t<br style='clear: both' \/>\n\t\t\t<\/div>\n\n<p>&nbsp;<\/p>\n<p>NELLE FOTO (riproduzioni dal libro di Pocchiesa-Fornaro-Vio e sito <span role=\"gridcell\"><a class=\"oajrlxb2 g5ia77u1 qu0x051f esr5mh6w e9989ue4 r7d6kgcz rq0escxv nhd2j8a9 nc684nl6 p7hjln8o kvgmc6g5 cxmmr5t8 oygrvhab hcukyx3x jb3vyjys rz4wbd8a qt6c0cv9 a8nywdso i1ao9s8h f1sip0of lzcic4wl gpro0wi8 oo483o9r gmql0nx0\" tabindex=\"-1\" role=\"link\" href=\"http:\/\/www.milanofree.it\/?fbclid=IwAR0aCbfVANsk2oXeMEF_uYZ0x6zKvR7ysm4InvuAqxRuz9qenGmFqQ1p7DI\" target=\"_blank\" rel=\"nofollow noopener\">www.milanofree.it<\/a><\/span>, giornale online di Milano): 1930: erano almeno 14 le diverse Compagnie zoldane di Sc\u00f2ti a Milano; le due parti dell\u2019immagine conservata da Iginio De Pellegrin di una grossa Compagnia zoldana in cui sono stati riconosciuti: Paolo Talamini Poi, Angelo Lazzaris Anz\u00f2l di Pascai, Giacomo Arnoldo al Longo di B\u00e8z, Luigi De Pellegrin Caponi, Antonio Toldo Tone P\u00e9t, Pietro Mosena Zavari, Arcangelo Costantin Tagno di Paula, Pietro Ernesti, Nane Toldo Rosa, forse Giuseppe De Pellegrin G\u00f2os, Costantino Costantin Nin, Giovanni De Pellegrin Mato, Vito (?) Costantin, Pietro Antonio De Pellegrin Nonon, Gianni Mosena, due bambini probabilmente della famiglia Bad\u00ecn, Bortolo Pezzuol, suo padre Angelo (Anzol Polonata), un altro ragazzino: Pellegrino De Pellegrin Gucia, Salvatore De Pellegrin Door di Gucia, Giovanni De Pellegrin Gucia, Cachi, Angelo De Pellegrin Non\u00ecno; la licenza di ambulante rilasciata a Michele de Pellegrin \u201cNeta\u201d nel 1930 dal comune di Milano; venditore di castagne a Milano nel 1935; anno 1890: la bancarella milanese di uno degli Sc\u00f2ti: venditori di pere cotte.<\/p>\n","protected":false},"excerpt":{"rendered":"<p>di\u00a0 RENATO BONA Emigravano d\u2019inverno (camminavano per una settimana) perch\u00e9 d\u2019estate lavoravano la terra a casa propria Fra le \u201cPiccole grandi storie di emigranti\u201d &#8211; titolo dell\u2019interessante libro che gli amici Ivano Pocchiesa, Mario Fornaro ed Aduo Vio hanno realizzato nel dicembre 1991 con Media Diffusion &#8211; vi \u00e8 anche quella intitolata \u201cI Sc\u00f2ti 1848)\u201d&hellip;<\/p>\n","protected":false},"author":4,"featured_media":271507,"comment_status":"closed","ping_status":"closed","sticky":false,"template":"","format":"standard","meta":{"_monsterinsights_skip_tracking":false,"_monsterinsights_sitenote_active":false,"_monsterinsights_sitenote_note":"","_monsterinsights_sitenote_category":0,"footnotes":""},"categories":[104,49],"tags":[],"class_list":["post-271510","post","type-post","status-publish","format-standard","has-post-thumbnail","hentry","category-evidenza_3","category-news-18","category-104","category-49","description-off"],"img_url":"https:\/\/www.radiopiu.net\/wordpress\/wp-content\/uploads\/2022\/04\/278576729_564531248188894_3558072594009367045_n.jpg","_links":{"self":[{"href":"https:\/\/www.radiopiu.net\/wordpress\/wp-json\/wp\/v2\/posts\/271510","targetHints":{"allow":["GET"]}}],"collection":[{"href":"https:\/\/www.radiopiu.net\/wordpress\/wp-json\/wp\/v2\/posts"}],"about":[{"href":"https:\/\/www.radiopiu.net\/wordpress\/wp-json\/wp\/v2\/types\/post"}],"author":[{"embeddable":true,"href":"https:\/\/www.radiopiu.net\/wordpress\/wp-json\/wp\/v2\/users\/4"}],"replies":[{"embeddable":true,"href":"https:\/\/www.radiopiu.net\/wordpress\/wp-json\/wp\/v2\/comments?post=271510"}],"version-history":[{"count":0,"href":"https:\/\/www.radiopiu.net\/wordpress\/wp-json\/wp\/v2\/posts\/271510\/revisions"}],"wp:featuredmedia":[{"embeddable":true,"href":"https:\/\/www.radiopiu.net\/wordpress\/wp-json\/wp\/v2\/media\/271507"}],"wp:attachment":[{"href":"https:\/\/www.radiopiu.net\/wordpress\/wp-json\/wp\/v2\/media?parent=271510"}],"wp:term":[{"taxonomy":"category","embeddable":true,"href":"https:\/\/www.radiopiu.net\/wordpress\/wp-json\/wp\/v2\/categories?post=271510"},{"taxonomy":"post_tag","embeddable":true,"href":"https:\/\/www.radiopiu.net\/wordpress\/wp-json\/wp\/v2\/tags?post=271510"}],"curies":[{"name":"wp","href":"https:\/\/api.w.org\/{rel}","templated":true}]}}