{"id":271518,"date":"2022-05-06T04:57:36","date_gmt":"2022-05-06T02:57:36","guid":{"rendered":"https:\/\/www.radiopiu.net\/wordpress\/?p=271518"},"modified":"2022-05-06T06:19:03","modified_gmt":"2022-05-06T04:19:03","slug":"campionato-agordino-2022-ogni-giorno-una-squadra-ok","status":"publish","type":"post","link":"https:\/\/www.radiopiu.net\/wordpress\/campionato-agordino-2022-ogni-giorno-una-squadra-ok\/","title":{"rendered":"CAMPIONATO AGORDINO 2022, OGNI GIORNO UNA SQUADRA. IL CAMMINO DI AVVICINAMENTO ALLA PRESENTAZIONE DEL 7 MAGGIO"},"content":{"rendered":"<p><strong><a class=\"dt-pswp-item\" href=\"https:\/\/www.radiopiu.net\/wordpress\/wp-content\/uploads\/2022\/04\/AGORDO-2009.png\" data-dt-img-description=\"\" data-large_image_width=\"200\" data-large_image_height=\"200\"><img loading=\"lazy\" decoding=\"async\" class=\"size-thumbnail wp-image-271520 alignleft\" src=\"https:\/\/www.radiopiu.net\/wordpress\/wp-content\/uploads\/2022\/04\/AGORDO-2009-150x150.png\" alt=\"\" width=\"150\" height=\"150\" srcset=\"https:\/\/www.radiopiu.net\/wordpress\/wp-content\/uploads\/2022\/04\/AGORDO-2009-150x150.png 150w, https:\/\/www.radiopiu.net\/wordpress\/wp-content\/uploads\/2022\/04\/AGORDO-2009.png 200w\" sizes=\"auto, (max-width: 150px) 100vw, 150px\" \/><\/a>REDAZIONE<\/strong> La data da segnare sul calendario \u00e8 sabato 7 maggio. Presso il Caff\u00e8 Miniere di Agordo il primo passo di avvicinamento al Campionato Agordino di calcio 2022 con la presentazione ufficiale delle squadre e del calendario della manifestazione che ritorna dopo due anni di stop forzato a causa del Covid. In quella occasione scopriremo quali saranno le 13 formazioni iscritte al torneo di vallata. Radio Pi\u00f9 sar\u00e0 presente alla serata con la diretta radio. Nel frattempo iniziamo a scoprire una squadra al giorno per arrivare pronti all&#8217;appuntamento del 7 maggio. La prima formazione che andiamo a presentare \u00e8 l&#8217;Agordo 2009, una formazione che presenta tante novit\u00e0 in questo campionato della ripartenza.<\/p>\n<p><strong>MASSIMO CARLIN, PRESIDENTE DELL&#8217;AGORDO 2009<\/strong><\/p>\n<audio class=\"wp-audio-shortcode\" id=\"audio-271518-1\" preload=\"none\" style=\"width: 100%;\" controls=\"controls\"><source type=\"audio\/mpeg\" src=\"https:\/\/www.radiopiu.net\/wordpress\/wp-content\/uploads\/2022\/04\/AGORDO-2009-MASSIMO-CARLIN.mp3?_=1\" \/><a href=\"https:\/\/www.radiopiu.net\/wordpress\/wp-content\/uploads\/2022\/04\/AGORDO-2009-MASSIMO-CARLIN.mp3\">https:\/\/www.radiopiu.net\/wordpress\/wp-content\/uploads\/2022\/04\/AGORDO-2009-MASSIMO-CARLIN.mp3<\/a><\/audio>\n<p>&nbsp;<\/p>\n<p>&nbsp;<\/p>\n<p><strong><a class=\"dt-pswp-item\" href=\"https:\/\/www.radiopiu.net\/wordpress\/wp-content\/uploads\/2022\/04\/LA-VALLE.png\" data-dt-img-description=\"\" data-large_image_width=\"648\" data-large_image_height=\"632\"><img loading=\"lazy\" decoding=\"async\" class=\"size-thumbnail wp-image-271662 alignleft\" src=\"https:\/\/www.radiopiu.net\/wordpress\/wp-content\/uploads\/2022\/04\/LA-VALLE-150x150.png\" alt=\"\" width=\"150\" height=\"150\" \/><\/a>REDAZIONE<\/strong> Continua il cammino di avvicinamento alla presentazione ufficiale del Campionato Agordino che avverr\u00e0 sabato 7 maggio al Caff\u00e8 Miniere di Agordo. Dopo aver presentato l&#8217;Agordo 2009, questa volta tocca al La Valle. I biancorossi si presentano al torneo con un bel mix di giovani e meno giovani. Pilastro indiscusso della squadra lavallese l&#8217;attaccante Daniele &#8220;Dedo&#8221; De Dea che, nonostante l&#8217;et\u00e0, vuole continuare a giocare a calcio.<\/p>\n<p><strong>DANIELE DE DEA, GIOCATORE DEL LA VALLE<\/strong><\/p>\n<audio class=\"wp-audio-shortcode\" id=\"audio-271518-2\" preload=\"none\" style=\"width: 100%;\" controls=\"controls\"><source type=\"audio\/mpeg\" src=\"https:\/\/www.radiopiu.net\/wordpress\/wp-content\/uploads\/2022\/04\/LA-VALLE-DANIELE-DE-DEA.mp3?_=2\" \/><a href=\"https:\/\/www.radiopiu.net\/wordpress\/wp-content\/uploads\/2022\/04\/LA-VALLE-DANIELE-DE-DEA.mp3\">https:\/\/www.radiopiu.net\/wordpress\/wp-content\/uploads\/2022\/04\/LA-VALLE-DANIELE-DE-DEA.mp3<\/a><\/audio>\n<p>&nbsp;<\/p>\n<p><strong><a class=\"dt-pswp-item\" href=\"https:\/\/www.radiopiu.net\/wordpress\/wp-content\/uploads\/2022\/04\/VALLADA.png\" data-dt-img-description=\"\" data-large_image_width=\"1110\" data-large_image_height=\"1400\"><img loading=\"lazy\" decoding=\"async\" class=\"alignleft wp-image-271847 \" src=\"https:\/\/www.radiopiu.net\/wordpress\/wp-content\/uploads\/2022\/04\/VALLADA-238x300.png\" alt=\"\" width=\"125\" height=\"158\" srcset=\"https:\/\/www.radiopiu.net\/wordpress\/wp-content\/uploads\/2022\/04\/VALLADA-238x300.png 238w, https:\/\/www.radiopiu.net\/wordpress\/wp-content\/uploads\/2022\/04\/VALLADA-812x1024.png 812w, https:\/\/www.radiopiu.net\/wordpress\/wp-content\/uploads\/2022\/04\/VALLADA-768x969.png 768w, https:\/\/www.radiopiu.net\/wordpress\/wp-content\/uploads\/2022\/04\/VALLADA.png 1110w\" sizes=\"auto, (max-width: 125px) 100vw, 125px\" \/><\/a>REDAZIONE<\/strong> Continua la marcia di avvicinamento alla presentazione del Campionato Agordino 2022. Il 7 maggio tutte le squadre saranno presenti al Caff\u00e8 Miniere di Agordo per definire i gironi e il calendario del torneo. Ci spostiamo in Valle del Biois e pi\u00f9 precisamente a Vallada. Tante assenze ma anche nuovi innesti con i giovani che hanno deciso di vestire la maglia neroarancio. Nell&#8217;ultima edizione i valladini hanno terminato il campionato con il terzo posto e per il presidente Matteo Buffon l&#8217;obbiettivo \u00e8 quello di migliorarsi.<\/p>\n<p><strong>MATTEO BUFFON, PRESIDENTE DEL VALLADA CALCIO<\/strong><\/p>\n<audio class=\"wp-audio-shortcode\" id=\"audio-271518-3\" preload=\"none\" style=\"width: 100%;\" controls=\"controls\"><source type=\"audio\/mpeg\" src=\"https:\/\/www.radiopiu.net\/wordpress\/wp-content\/uploads\/2022\/04\/VALLADA-MATTEO-BUFFON.mp3?_=3\" \/><a href=\"https:\/\/www.radiopiu.net\/wordpress\/wp-content\/uploads\/2022\/04\/VALLADA-MATTEO-BUFFON.mp3\">https:\/\/www.radiopiu.net\/wordpress\/wp-content\/uploads\/2022\/04\/VALLADA-MATTEO-BUFFON.mp3<\/a><\/audio>\n<p>&nbsp;<\/p>\n<p><strong><a class=\"dt-pswp-item\" href=\"https:\/\/www.radiopiu.net\/wordpress\/wp-content\/uploads\/2022\/04\/FODOM.png\" data-dt-img-description=\"\" data-large_image_width=\"1406\" data-large_image_height=\"1500\"><img loading=\"lazy\" decoding=\"async\" class=\"alignleft wp-image-272189 \" src=\"https:\/\/www.radiopiu.net\/wordpress\/wp-content\/uploads\/2022\/04\/FODOM-281x300.png\" alt=\"\" width=\"151\" height=\"161\" srcset=\"https:\/\/www.radiopiu.net\/wordpress\/wp-content\/uploads\/2022\/04\/FODOM-281x300.png 281w, https:\/\/www.radiopiu.net\/wordpress\/wp-content\/uploads\/2022\/04\/FODOM-960x1024.png 960w, https:\/\/www.radiopiu.net\/wordpress\/wp-content\/uploads\/2022\/04\/FODOM-768x819.png 768w, https:\/\/www.radiopiu.net\/wordpress\/wp-content\/uploads\/2022\/04\/FODOM.png 1406w\" sizes=\"auto, (max-width: 151px) 100vw, 151px\" \/><\/a>REDAZIONE\u00a0<\/strong>La quarta squadra che andiamo a presentare oggi, in vista della presentazione del Campionato Agordino 2022 che avverr\u00e0 sabato 7 maggio al Caff\u00e8 Miniere di Agordo, \u00e8 il Fodom. Gli orsetti sembrano essere, come sempre, un gruppo affiatato e solido. I ragazzi di Arabba attendono con ansia di poter giocare di nuovo a calcio sul campo sintetico di Cernadoi. I rossoblu sono pronti per accogliere pubblico e giocatori per un campionato della ripartenza. Anche in questo caso alcuni &#8220;senatori&#8221; del Fodom hanno deciso di alzare bandiera bianca ma l&#8217;innesto di alcuni giovani rende la squadra competitiva.<\/p>\n<p><strong>RICCARDO PEZZEI, PRESIDENTE DEL FODOM<\/strong><\/p>\n<audio class=\"wp-audio-shortcode\" id=\"audio-271518-4\" preload=\"none\" style=\"width: 100%;\" controls=\"controls\"><source type=\"audio\/mpeg\" src=\"https:\/\/www.radiopiu.net\/wordpress\/wp-content\/uploads\/2022\/04\/FODOM-RICCARDO-PEZZEI.mp3?_=4\" \/><a href=\"https:\/\/www.radiopiu.net\/wordpress\/wp-content\/uploads\/2022\/04\/FODOM-RICCARDO-PEZZEI.mp3\">https:\/\/www.radiopiu.net\/wordpress\/wp-content\/uploads\/2022\/04\/FODOM-RICCARDO-PEZZEI.mp3<\/a><\/audio>\n<p>&nbsp;<\/p>\n<p><strong><a class=\"dt-pswp-item\" href=\"https:\/\/www.radiopiu.net\/wordpress\/wp-content\/uploads\/2022\/04\/TAIBON.png\" data-dt-img-description=\"\" data-large_image_width=\"912\" data-large_image_height=\"674\"><img loading=\"lazy\" decoding=\"async\" class=\"wp-image-272353 alignleft\" src=\"https:\/\/www.radiopiu.net\/wordpress\/wp-content\/uploads\/2022\/04\/TAIBON-300x222.png\" alt=\"\" width=\"155\" height=\"115\" srcset=\"https:\/\/www.radiopiu.net\/wordpress\/wp-content\/uploads\/2022\/04\/TAIBON-300x222.png 300w, https:\/\/www.radiopiu.net\/wordpress\/wp-content\/uploads\/2022\/04\/TAIBON-768x568.png 768w, https:\/\/www.radiopiu.net\/wordpress\/wp-content\/uploads\/2022\/04\/TAIBON.png 912w\" sizes=\"auto, (max-width: 155px) 100vw, 155px\" \/><\/a>REDAZIONE<\/strong> Continua il cammino di avvicinamento alla presentazione del Campionato Agordino 2022 in programma il prossimo 7 maggio. Radio Pi\u00f9 sta presentando le squadre che si sono iscritte al torneo ed oggi tocca al Taibon. La squadra del presidente Antimo Savaris \u00e8 formata dal gruppo storico con alcune defezioni e diversi innesti di nuovi giovani. Per Daniele Cancel, allenatore del Taibon, non \u00e8 ancora tempo di obbiettivi e pronostici dopo due anni di stop forzato.<\/p>\n<p><strong>DANIELE CANCEL, ALLENATORE DEL TAIBON<\/strong><\/p>\n<audio class=\"wp-audio-shortcode\" id=\"audio-271518-5\" preload=\"none\" style=\"width: 100%;\" controls=\"controls\"><source type=\"audio\/mpeg\" src=\"https:\/\/www.radiopiu.net\/wordpress\/wp-content\/uploads\/2022\/04\/TAIBON-DANIELE-CANCEL.mp3?_=5\" \/><a href=\"https:\/\/www.radiopiu.net\/wordpress\/wp-content\/uploads\/2022\/04\/TAIBON-DANIELE-CANCEL.mp3\">https:\/\/www.radiopiu.net\/wordpress\/wp-content\/uploads\/2022\/04\/TAIBON-DANIELE-CANCEL.mp3<\/a><\/audio>\n<p>&nbsp;<\/p>\n<p><strong><a class=\"dt-pswp-item\" href=\"https:\/\/www.radiopiu.net\/wordpress\/wp-content\/uploads\/2020\/09\/US-LE-VILLE.jpg\" data-dt-img-description=\"\" data-large_image_width=\"585\" data-large_image_height=\"576\"><img loading=\"lazy\" decoding=\"async\" class=\"size-thumbnail wp-image-163077 alignleft\" src=\"https:\/\/www.radiopiu.net\/wordpress\/wp-content\/uploads\/2020\/09\/US-LE-VILLE-150x150.jpg\" alt=\"\" width=\"150\" height=\"150\" srcset=\"https:\/\/www.radiopiu.net\/wordpress\/wp-content\/uploads\/2020\/09\/US-LE-VILLE-150x150.jpg 150w, https:\/\/www.radiopiu.net\/wordpress\/wp-content\/uploads\/2020\/09\/US-LE-VILLE-125x125.jpg 125w, https:\/\/www.radiopiu.net\/wordpress\/wp-content\/uploads\/2020\/09\/US-LE-VILLE-200x200.jpg 200w, https:\/\/www.radiopiu.net\/wordpress\/wp-content\/uploads\/2020\/09\/US-LE-VILLE-80x80.jpg 80w\" sizes=\"auto, (max-width: 150px) 100vw, 150px\" \/><\/a>REDAZIONE\u00a0<\/strong>Il 7 maggio in programma la presentazione del Campionato Agordino di Calcio al Caff\u00e8 Miniere e ogni giorno Radio Pi\u00f9 scopre una delle 13 squadre che parteciperanno al torneo. Oggi \u00e8 la volta del Le Ville. La compagine di Agordo parte con una grande novit\u00e0 in panchina. Infatti ad allenare la squadra sar\u00e0 Romano Costantini, giocatore per anni del Le Ville. Il Le Ville si presenta come sempre con un roster di rilievo e sicuramente anche in questo Campionato Agordino della ripartenza dar\u00e0 filo da torcere a tutti.<\/p>\n<p><strong>MATTEO CHISSALE&#8217;, GIOCATORE DEL LE VILLE<\/strong><\/p>\n<audio class=\"wp-audio-shortcode\" id=\"audio-271518-6\" preload=\"none\" style=\"width: 100%;\" controls=\"controls\"><source type=\"audio\/mpeg\" src=\"https:\/\/www.radiopiu.net\/wordpress\/wp-content\/uploads\/2022\/04\/LE-VILLE-MATTEO-CHISSALE.mp3?_=6\" \/><a href=\"https:\/\/www.radiopiu.net\/wordpress\/wp-content\/uploads\/2022\/04\/LE-VILLE-MATTEO-CHISSALE.mp3\">https:\/\/www.radiopiu.net\/wordpress\/wp-content\/uploads\/2022\/04\/LE-VILLE-MATTEO-CHISSALE.mp3<\/a><\/audio>\n<p>&nbsp;<\/p>\n<p><strong><a class=\"dt-pswp-item\" href=\"https:\/\/www.radiopiu.net\/wordpress\/wp-content\/uploads\/2022\/04\/CAPRILE.png\" data-dt-img-description=\"\" data-large_image_width=\"471\" data-large_image_height=\"479\"><img loading=\"lazy\" decoding=\"async\" class=\"size-thumbnail wp-image-272811 alignleft\" src=\"https:\/\/www.radiopiu.net\/wordpress\/wp-content\/uploads\/2022\/04\/CAPRILE-150x150.png\" alt=\"\" width=\"150\" height=\"150\" \/><\/a>REDAZIONE<\/strong> Anche oggi andiamo a scoprire un&#8217;altra delle 13 squadre iscritte al Campionato Agordino 2022. \u00c8 la volta del Caprile, una delle compagini che si sono dimostrate pi\u00f9 in forma nelle ultime stagioni tanto da arrivare nella fase finale pi\u00f9 volte, vincendo il Memorial Denis Tonin in una occasione. Nell&#8217;ultima edizione il Caprile aveva giocato la finalissima e quest&#8217;anno sar\u00e0 un punto di domanda anche per le aquile. Con lo stop forzato di due anni a causa della pandemia anche il Caprile ha dovuto ridimensionare la squadra.<\/p>\n<p><strong>NICOLA ZULIANI, GIOCATORE DEL CAPRILE<\/strong><\/p>\n<audio class=\"wp-audio-shortcode\" id=\"audio-271518-7\" preload=\"none\" style=\"width: 100%;\" controls=\"controls\"><source type=\"audio\/mpeg\" src=\"https:\/\/www.radiopiu.net\/wordpress\/wp-content\/uploads\/2022\/04\/CAPRILE-NICOLA-ZULIANI.mp3?_=7\" \/><a href=\"https:\/\/www.radiopiu.net\/wordpress\/wp-content\/uploads\/2022\/04\/CAPRILE-NICOLA-ZULIANI.mp3\">https:\/\/www.radiopiu.net\/wordpress\/wp-content\/uploads\/2022\/04\/CAPRILE-NICOLA-ZULIANI.mp3<\/a><\/audio>\n<p>&nbsp;<\/p>\n<p><strong><a class=\"dt-pswp-item\" href=\"https:\/\/www.radiopiu.net\/wordpress\/wp-content\/uploads\/2022\/04\/ALLEGHE.png\" data-dt-img-description=\"\" data-large_image_width=\"807\" data-large_image_height=\"883\"><img loading=\"lazy\" decoding=\"async\" class=\"alignleft wp-image-272976 \" src=\"https:\/\/www.radiopiu.net\/wordpress\/wp-content\/uploads\/2022\/04\/ALLEGHE-274x300.png\" alt=\"\" width=\"120\" height=\"131\" srcset=\"https:\/\/www.radiopiu.net\/wordpress\/wp-content\/uploads\/2022\/04\/ALLEGHE-274x300.png 274w, https:\/\/www.radiopiu.net\/wordpress\/wp-content\/uploads\/2022\/04\/ALLEGHE-768x840.png 768w, https:\/\/www.radiopiu.net\/wordpress\/wp-content\/uploads\/2022\/04\/ALLEGHE.png 807w\" sizes=\"auto, (max-width: 120px) 100vw, 120px\" \/><\/a>REDAZIONE<\/strong> Continua il viaggio alla scoperta delle squadre che parteciperanno al Campionato Agordino 2022. Questa volta ci spostiamo in Val Cordevole e andiamo a scoprire la formazione dell\u2019Alleghe. Sergio Da Tos \u00e8 una conferma e guider\u00e0 gli alleghesi anche in questa stagione. Come \u00e8 successo negli ultimi anni, l\u2019Alleghe \u00e8 una squadra composta da diversi giovani che non si danno obbiettivi ma che fanno gruppo solo per divertirsi e giocare a calcio. La speranza \u00e8 in qualche buon risultato ma l\u2019importante \u00e8 partecipare.<\/p>\n<p><strong>ERIC MANFROI, PRESIDENTE DELL\u2019ALLEGHE<\/strong><\/p>\n<audio class=\"wp-audio-shortcode\" id=\"audio-271518-8\" preload=\"none\" style=\"width: 100%;\" controls=\"controls\"><source type=\"audio\/mpeg\" src=\"https:\/\/www.radiopiu.net\/wordpress\/wp-content\/uploads\/2022\/04\/ALLEGHE-ERIC-MANFROI.mp3?_=8\" \/><a href=\"https:\/\/www.radiopiu.net\/wordpress\/wp-content\/uploads\/2022\/04\/ALLEGHE-ERIC-MANFROI.mp3\">https:\/\/www.radiopiu.net\/wordpress\/wp-content\/uploads\/2022\/04\/ALLEGHE-ERIC-MANFROI.mp3<\/a><\/audio>\n<p>&nbsp;<\/p>\n<p><strong><a class=\"dt-pswp-item\" href=\"https:\/\/www.radiopiu.net\/wordpress\/wp-content\/uploads\/2022\/05\/RIVAMONTE.png\" data-dt-img-description=\"\" data-large_image_width=\"600\" data-large_image_height=\"733\"><img loading=\"lazy\" decoding=\"async\" class=\"wp-image-273517 alignleft\" src=\"https:\/\/www.radiopiu.net\/wordpress\/wp-content\/uploads\/2022\/05\/RIVAMONTE-246x300.png\" alt=\"\" width=\"113\" height=\"138\" srcset=\"https:\/\/www.radiopiu.net\/wordpress\/wp-content\/uploads\/2022\/05\/RIVAMONTE-246x300.png 246w, https:\/\/www.radiopiu.net\/wordpress\/wp-content\/uploads\/2022\/05\/RIVAMONTE.png 600w\" sizes=\"auto, (max-width: 113px) 100vw, 113px\" \/><\/a>REDAZIONE<\/strong> Continua la marcia di avvicinamento alla presentazione del Campionato Agordino di calcio 2022 in programma sabato alle 20:30 al Caff\u00e8 Miniere di Agordo. Oggi \u00e8 la volta del Rivamonte. La squadra del Poi partecipa anche a questa edizione del torneo ma come tutte le squadre registra delle defezioni e dei nuovi innesti. Ancora per questa stagione il Rivamonte dovr\u00e0 andare in prestito di un campo visto che quello del paese non \u00e8 ancora pronto per ospitare la manifestazione. Dopo oltre 20 anni sotto la guida di Paolo Valcozzena, i rivamontini hanno trovato un nuovo allenatore.<\/p>\n<p><strong>ALEX PIAIA, PRESIDENTE DEL RIVAMONTE<\/strong><\/p>\n<audio class=\"wp-audio-shortcode\" id=\"audio-271518-9\" preload=\"none\" style=\"width: 100%;\" controls=\"controls\"><source type=\"audio\/mpeg\" src=\"https:\/\/www.radiopiu.net\/wordpress\/wp-content\/uploads\/2022\/05\/RIVAMONTE-ALEX-PIAIA.mp3?_=9\" \/><a href=\"https:\/\/www.radiopiu.net\/wordpress\/wp-content\/uploads\/2022\/05\/RIVAMONTE-ALEX-PIAIA.mp3\">https:\/\/www.radiopiu.net\/wordpress\/wp-content\/uploads\/2022\/05\/RIVAMONTE-ALEX-PIAIA.mp3<\/a><\/audio>\n<p>&nbsp;<\/p>\n<p><strong><a class=\"dt-pswp-item\" href=\"https:\/\/www.radiopiu.net\/wordpress\/wp-content\/uploads\/2022\/05\/CANALE.png\" data-dt-img-description=\"\" data-large_image_width=\"600\" data-large_image_height=\"694\"><img loading=\"lazy\" decoding=\"async\" class=\"alignleft wp-image-273702 \" src=\"https:\/\/www.radiopiu.net\/wordpress\/wp-content\/uploads\/2022\/05\/CANALE-259x300.png\" alt=\"\" width=\"120\" height=\"139\" srcset=\"https:\/\/www.radiopiu.net\/wordpress\/wp-content\/uploads\/2022\/05\/CANALE-259x300.png 259w, https:\/\/www.radiopiu.net\/wordpress\/wp-content\/uploads\/2022\/05\/CANALE.png 600w\" sizes=\"auto, (max-width: 120px) 100vw, 120px\" \/><\/a>REDAZIONE<\/strong> La marcia di avvicinamento alla presentazione ufficiale del Campionato Agordino 2022 sta per volgere al termine. Mancano ancora poche squadre da presentare. La decima formazione che andiamo ad analizzare e il Canale. La compagine della Valle del Biois la si pu\u00f2 definire un bel mix di giovani ed esperienza. Il Canale si presenta al torneo senza tanti obbiettivi ma con la voglia di divertirsi. Unico problema, la mancanza di un allenatore, quindi chi vuole farsi avanti batta un colpo.<\/p>\n<p><strong>EMIL TANCON, PRESIDENTE DEL CANALE<\/strong><\/p>\n<audio class=\"wp-audio-shortcode\" id=\"audio-271518-10\" preload=\"none\" style=\"width: 100%;\" controls=\"controls\"><source type=\"audio\/mpeg\" src=\"https:\/\/www.radiopiu.net\/wordpress\/wp-content\/uploads\/2022\/05\/CANALE-EMIL-TANCON.mp3?_=10\" \/><a href=\"https:\/\/www.radiopiu.net\/wordpress\/wp-content\/uploads\/2022\/05\/CANALE-EMIL-TANCON.mp3\">https:\/\/www.radiopiu.net\/wordpress\/wp-content\/uploads\/2022\/05\/CANALE-EMIL-TANCON.mp3<\/a><\/audio>\n<p>&nbsp;<\/p>\n<p><strong><a class=\"dt-pswp-item\" href=\"https:\/\/www.radiopiu.net\/wordpress\/wp-content\/uploads\/2022\/05\/GOSALDO.png\" data-dt-img-description=\"\" data-large_image_width=\"200\" data-large_image_height=\"200\"><img loading=\"lazy\" decoding=\"async\" class=\"size-thumbnail wp-image-273744 alignleft\" src=\"https:\/\/www.radiopiu.net\/wordpress\/wp-content\/uploads\/2022\/05\/GOSALDO-150x150.png\" alt=\"\" width=\"150\" height=\"150\" srcset=\"https:\/\/www.radiopiu.net\/wordpress\/wp-content\/uploads\/2022\/05\/GOSALDO-150x150.png 150w, https:\/\/www.radiopiu.net\/wordpress\/wp-content\/uploads\/2022\/05\/GOSALDO.png 200w\" sizes=\"auto, (max-width: 150px) 100vw, 150px\" \/><\/a>REDAZIONE<\/strong> La squadra pi\u00f9 blasonata del Campionato Agordino, il gruppo pi\u00f9 vincete di sempre. Con i suoi 16 titoli vinti, il Gosaldo si prepara all&#8217;edizione 2022 con un gruppo formato da 27 giocatori di cui 12 under 18. Una delle squadre pi\u00f9 numerose del torneo che quest&#8217;anno sar\u00e0 guidata da un uomo di esperienza come Elvio Chiea accompagnato da una colonna portante della formazione del Poi, Giovanni &#8220;Ciuz&#8221; Marcon. Il Gosaldo vuole fare sul serio e riportare il titolo sotto la Croda Granda. Una formazione che, dopo le prime giornate di rodaggio, dar\u00e0 filo da torcere alla altre compagini dell&#8217;Agordino.<\/p>\n<p><strong>RUBEN DAL DON, GIOCATORE DEL GOSALDO<\/strong><\/p>\n<audio class=\"wp-audio-shortcode\" id=\"audio-271518-11\" preload=\"none\" style=\"width: 100%;\" controls=\"controls\"><source type=\"audio\/mpeg\" src=\"https:\/\/www.radiopiu.net\/wordpress\/wp-content\/uploads\/2022\/05\/GOSALDO-RUBEN-DAL-DON.mp3?_=11\" \/><a href=\"https:\/\/www.radiopiu.net\/wordpress\/wp-content\/uploads\/2022\/05\/GOSALDO-RUBEN-DAL-DON.mp3\">https:\/\/www.radiopiu.net\/wordpress\/wp-content\/uploads\/2022\/05\/GOSALDO-RUBEN-DAL-DON.mp3<\/a><\/audio>\n<p>&nbsp;<\/p>\n<p><strong><a class=\"dt-pswp-item\" href=\"https:\/\/www.radiopiu.net\/wordpress\/wp-content\/uploads\/2022\/05\/VOLTAGO.png\" data-dt-img-description=\"\" data-large_image_width=\"500\" data-large_image_height=\"537\"><img loading=\"lazy\" decoding=\"async\" class=\"wp-image-273990 alignleft\" src=\"https:\/\/www.radiopiu.net\/wordpress\/wp-content\/uploads\/2022\/05\/VOLTAGO-279x300.png\" alt=\"\" width=\"114\" height=\"123\" srcset=\"https:\/\/www.radiopiu.net\/wordpress\/wp-content\/uploads\/2022\/05\/VOLTAGO-279x300.png 279w, https:\/\/www.radiopiu.net\/wordpress\/wp-content\/uploads\/2022\/05\/VOLTAGO.png 500w\" sizes=\"auto, (max-width: 114px) 100vw, 114px\" \/><\/a>REDAZIONE<\/strong> Ultima formazione del Campionato Agordino 2022 che vi presentiamo \u00e8 quella del Voltago. La formazione allenata da De Zaiacomo e rispecchia la comapgine che ha partecipato all&#8217;ultima edizione del 2019. Si aggiungono alcuni innesti nella rosa provenienti dal Frassen\u00e8 che quest&#8217;anno non si \u00e8 iscritto al torneo. Il Voltago si presenta all&#8217;edizione 2022 con un roster di tutto rispetto composto da giovani e senatori della formazione campione in carica del Memorial Denis Tonin.<\/p>\n<p><strong>SIMONE MERLIN, PRESIDENTE DEL VOLTAGO<\/strong><\/p>\n<audio class=\"wp-audio-shortcode\" id=\"audio-271518-12\" preload=\"none\" style=\"width: 100%;\" controls=\"controls\"><source type=\"audio\/mpeg\" src=\"https:\/\/www.radiopiu.net\/wordpress\/wp-content\/uploads\/2022\/05\/VOLTAGO-SIMONE-MERLIN.mp3?_=12\" \/><a href=\"https:\/\/www.radiopiu.net\/wordpress\/wp-content\/uploads\/2022\/05\/VOLTAGO-SIMONE-MERLIN.mp3\">https:\/\/www.radiopiu.net\/wordpress\/wp-content\/uploads\/2022\/05\/VOLTAGO-SIMONE-MERLIN.mp3<\/a><\/audio>\n<p>&nbsp;<\/p>\n<p>&nbsp;<\/p>\n<p>*****<\/p>\n","protected":false},"excerpt":{"rendered":"<p>REDAZIONE La data da segnare sul calendario \u00e8 sabato 7 maggio. Presso il Caff\u00e8 Miniere di Agordo il primo passo di avvicinamento al Campionato Agordino di calcio 2022 con la presentazione ufficiale delle squadre e del calendario della manifestazione che ritorna dopo due anni di stop forzato a causa del Covid. In quella occasione scopriremo&hellip;<\/p>\n","protected":false},"author":4,"featured_media":270520,"comment_status":"closed","ping_status":"closed","sticky":false,"template":"","format":"standard","meta":{"_monsterinsights_skip_tracking":false,"_monsterinsights_sitenote_active":false,"_monsterinsights_sitenote_note":"","_monsterinsights_sitenote_category":0,"footnotes":""},"categories":[49],"tags":[],"class_list":["post-271518","post","type-post","status-publish","format-standard","has-post-thumbnail","hentry","category-news-18","category-49","description-off"],"img_url":"https:\/\/www.radiopiu.net\/wordpress\/wp-content\/uploads\/2022\/04\/CALCIO.jpg","_links":{"self":[{"href":"https:\/\/www.radiopiu.net\/wordpress\/wp-json\/wp\/v2\/posts\/271518","targetHints":{"allow":["GET"]}}],"collection":[{"href":"https:\/\/www.radiopiu.net\/wordpress\/wp-json\/wp\/v2\/posts"}],"about":[{"href":"https:\/\/www.radiopiu.net\/wordpress\/wp-json\/wp\/v2\/types\/post"}],"author":[{"embeddable":true,"href":"https:\/\/www.radiopiu.net\/wordpress\/wp-json\/wp\/v2\/users\/4"}],"replies":[{"embeddable":true,"href":"https:\/\/www.radiopiu.net\/wordpress\/wp-json\/wp\/v2\/comments?post=271518"}],"version-history":[{"count":0,"href":"https:\/\/www.radiopiu.net\/wordpress\/wp-json\/wp\/v2\/posts\/271518\/revisions"}],"wp:featuredmedia":[{"embeddable":true,"href":"https:\/\/www.radiopiu.net\/wordpress\/wp-json\/wp\/v2\/media\/270520"}],"wp:attachment":[{"href":"https:\/\/www.radiopiu.net\/wordpress\/wp-json\/wp\/v2\/media?parent=271518"}],"wp:term":[{"taxonomy":"category","embeddable":true,"href":"https:\/\/www.radiopiu.net\/wordpress\/wp-json\/wp\/v2\/categories?post=271518"},{"taxonomy":"post_tag","embeddable":true,"href":"https:\/\/www.radiopiu.net\/wordpress\/wp-json\/wp\/v2\/tags?post=271518"}],"curies":[{"name":"wp","href":"https:\/\/api.w.org\/{rel}","templated":true}]}}