{"id":271540,"date":"2022-04-21T05:57:13","date_gmt":"2022-04-21T03:57:13","guid":{"rendered":"https:\/\/www.radiopiu.net\/wordpress\/?p=271540"},"modified":"2022-04-21T06:07:54","modified_gmt":"2022-04-21T04:07:54","slug":"allarme-salmonella-in-due-campioni-dacqua-sul-territorio","status":"publish","type":"post","link":"https:\/\/www.radiopiu.net\/wordpress\/allarme-salmonella-in-due-campioni-dacqua-sul-territorio\/","title":{"rendered":"ALLARME SALMONELLA IN DUE CAMPIONI D&#8217;ACQUA SUL TERRITORIO"},"content":{"rendered":"<p><strong><img loading=\"lazy\" decoding=\"async\" class=\"alignleft\" src=\"https:\/\/www.radiopiu.net\/wordpress\/wp-content\/uploads\/2022\/04\/Salmonella-Bacteria.jpg\" width=\"156\" height=\"117\" \/>BELLUNO\u00a0<\/strong> Nell\u2019ambito dei programma di autocontrollo dell\u2019Ente Gestore, in due punti di campionamento dell\u2019acqua potabile a servizio di due territori della provincia di Belluno (Arsi\u00e8 e Ponte nelle Alpi) \u00e8 stata riscontrata una positivit\u00e0 per salmonella, agente infettante di origine umana o animale. A seguito di ci\u00f2, l\u2019Ente Gestore e i due Comuni interessati hanno definito il temporaneo divieto di utilizzo potabile e alimentare dell\u2019acqua distribuita dai punti di presa contaminati, potenziando nel contempo i sistemi di disinfezione. L\u2019Ulss ha oggi attivato, come di regola, dei campionamenti di controllo i cui risultati saranno disponibili nei prossimi giorni. L\u2019indagine sulle possibili cause dell\u2019inquinamento suggerisce per ora un\u2019ipotesi di natura ambientale (fauna selvatica), favorita da una certa vulnerabilit\u00e0 dei punti di presa, relativamente superficiali.<\/p>\n<p>&nbsp;<\/p>\n<p>&nbsp;<\/p>\n<hr \/>\n<p>&nbsp;<\/p>\n","protected":false},"excerpt":{"rendered":"<p>BELLUNO\u00a0 Nell\u2019ambito dei programma di autocontrollo dell\u2019Ente Gestore, in due punti di campionamento dell\u2019acqua potabile a servizio di due territori della provincia di Belluno (Arsi\u00e8 e Ponte nelle Alpi) \u00e8 stata riscontrata una positivit\u00e0 per salmonella, agente infettante di origine umana o animale. A seguito di ci\u00f2, l\u2019Ente Gestore e i due Comuni interessati hanno&hellip;<\/p>\n","protected":false},"author":4,"featured_media":271541,"comment_status":"closed","ping_status":"closed","sticky":false,"template":"","format":"standard","meta":{"_monsterinsights_skip_tracking":false,"_monsterinsights_sitenote_active":false,"_monsterinsights_sitenote_note":"","_monsterinsights_sitenote_category":0,"footnotes":""},"categories":[51,49],"tags":[],"class_list":["post-271540","post","type-post","status-publish","format-standard","has-post-thumbnail","hentry","category-evidenza-top","category-news-18","category-51","category-49","description-off"],"img_url":"https:\/\/www.radiopiu.net\/wordpress\/wp-content\/uploads\/2022\/04\/Salmonella-Bacteria.jpg","_links":{"self":[{"href":"https:\/\/www.radiopiu.net\/wordpress\/wp-json\/wp\/v2\/posts\/271540","targetHints":{"allow":["GET"]}}],"collection":[{"href":"https:\/\/www.radiopiu.net\/wordpress\/wp-json\/wp\/v2\/posts"}],"about":[{"href":"https:\/\/www.radiopiu.net\/wordpress\/wp-json\/wp\/v2\/types\/post"}],"author":[{"embeddable":true,"href":"https:\/\/www.radiopiu.net\/wordpress\/wp-json\/wp\/v2\/users\/4"}],"replies":[{"embeddable":true,"href":"https:\/\/www.radiopiu.net\/wordpress\/wp-json\/wp\/v2\/comments?post=271540"}],"version-history":[{"count":0,"href":"https:\/\/www.radiopiu.net\/wordpress\/wp-json\/wp\/v2\/posts\/271540\/revisions"}],"wp:featuredmedia":[{"embeddable":true,"href":"https:\/\/www.radiopiu.net\/wordpress\/wp-json\/wp\/v2\/media\/271541"}],"wp:attachment":[{"href":"https:\/\/www.radiopiu.net\/wordpress\/wp-json\/wp\/v2\/media?parent=271540"}],"wp:term":[{"taxonomy":"category","embeddable":true,"href":"https:\/\/www.radiopiu.net\/wordpress\/wp-json\/wp\/v2\/categories?post=271540"},{"taxonomy":"post_tag","embeddable":true,"href":"https:\/\/www.radiopiu.net\/wordpress\/wp-json\/wp\/v2\/tags?post=271540"}],"curies":[{"name":"wp","href":"https:\/\/api.w.org\/{rel}","templated":true}]}}