{"id":271567,"date":"2022-04-21T05:58:34","date_gmt":"2022-04-21T03:58:34","guid":{"rendered":"https:\/\/www.radiopiu.net\/wordpress\/?p=271567"},"modified":"2022-04-21T06:04:41","modified_gmt":"2022-04-21T04:04:41","slug":"coralg","status":"publish","type":"post","link":"https:\/\/www.radiopiu.net\/wordpress\/coralg\/","title":{"rendered":"VIOLENZE IN FAMIGLIA CONDANNE PESANTI DAL TRIBUNALE DI BELLUNO"},"content":{"rendered":"<p><strong>OGGI SUL CORRIERE DELLE ALPI<\/strong><br \/>\n<strong>DI GIGI SOSSO<\/strong><\/p>\n<p><strong><img loading=\"lazy\" decoding=\"async\" class=\"alignleft\" src=\"https:\/\/www.radiopiu.net\/wordpress\/wp-content\/uploads\/2020\/11\/VIOLENZA-DONNE.jpg\" width=\"164\" height=\"134\" \/> <\/strong><\/p>\n<p><strong>CORTINA\u00a0 <\/strong>\u00a0un operaio trapiantato a Pieve di Cadore, \u00e8 stato condannato a sette anni di reclusione, con l&#8217;interdizione dai pubblici uffici e la sospensione della potest\u00e0 genitoriale. Oltre a questo il Tribunale ha riconosciuto alla donna un risarcimento danni di 20 mila euro. Accolta la richiesta del pubblico ministero Simone Marcon (cinque anni e 10 mesi) e del legale di parte civile Roberto Granzotto, mentre l&#8217;avvocata Carmen Maraviglia puntava almeno a limitare i danni, partendo dal presupposto che mancava la necessaria continuit\u00e0 nei maltrattamenti. Il processo a G.F. si \u00e8 svolto a porte chiuse, vista la delicatezza della situazione, ma la sentenza \u00e8 pubblica<\/p>\n<p><strong>FELTRE<\/strong> Beveva e maltrattava la convivente. Condannato a tre anni di reclusione, pi\u00f9 di quanto aveva chiesto la Procura. Il pubblico ministero Marcon si era fermato a due anni e 10 mesi con le attenuanti generiche, ma il Tribunale di Belluno ha aggiunto anche l&#8217;interdizione dai pubblici uffici per la durata della pena e la sospensione della potest\u00e0 genitoriale&#8230; F.F. era gi\u00e0 stato condannato a un anno e sei mesi per lo stesso reato dal Tribunale di Torino. Gli episodi gravi contestati dalla Procura della Repubblica sono quattro e avevano provocato la misura cautelare dell&#8217;allontanamento&#8230;\u00a0 La difesa ha cercato di eliminare l&#8217;aggravante, raggiungendo l&#8217;obiettivo di vederla parificata alle attenuanti generiche. Per il resto, la condanna \u00e8 andata oltre le aspettative della pubblica accusa.<\/p>\n<hr \/>\n<p>&nbsp;<\/p>\n","protected":false},"excerpt":{"rendered":"<p>OGGI SUL CORRIERE DELLE ALPI DI GIGI SOSSO CORTINA\u00a0 \u00a0un operaio trapiantato a Pieve di Cadore, \u00e8 stato condannato a sette anni di reclusione, con l&#8217;interdizione dai pubblici uffici e la sospensione della potest\u00e0 genitoriale. Oltre a questo il Tribunale ha riconosciuto alla donna un risarcimento danni di 20 mila euro. Accolta la richiesta del&hellip;<\/p>\n","protected":false},"author":4,"featured_media":174279,"comment_status":"closed","ping_status":"closed","sticky":false,"template":"","format":"standard","meta":{"_monsterinsights_skip_tracking":false,"_monsterinsights_sitenote_active":false,"_monsterinsights_sitenote_note":"","_monsterinsights_sitenote_category":0,"footnotes":""},"categories":[51,49],"tags":[],"class_list":["post-271567","post","type-post","status-publish","format-standard","has-post-thumbnail","hentry","category-evidenza-top","category-news-18","category-51","category-49","description-off"],"img_url":"https:\/\/www.radiopiu.net\/wordpress\/wp-content\/uploads\/2020\/11\/VIOLENZA-DONNE.jpg","_links":{"self":[{"href":"https:\/\/www.radiopiu.net\/wordpress\/wp-json\/wp\/v2\/posts\/271567","targetHints":{"allow":["GET"]}}],"collection":[{"href":"https:\/\/www.radiopiu.net\/wordpress\/wp-json\/wp\/v2\/posts"}],"about":[{"href":"https:\/\/www.radiopiu.net\/wordpress\/wp-json\/wp\/v2\/types\/post"}],"author":[{"embeddable":true,"href":"https:\/\/www.radiopiu.net\/wordpress\/wp-json\/wp\/v2\/users\/4"}],"replies":[{"embeddable":true,"href":"https:\/\/www.radiopiu.net\/wordpress\/wp-json\/wp\/v2\/comments?post=271567"}],"version-history":[{"count":0,"href":"https:\/\/www.radiopiu.net\/wordpress\/wp-json\/wp\/v2\/posts\/271567\/revisions"}],"wp:featuredmedia":[{"embeddable":true,"href":"https:\/\/www.radiopiu.net\/wordpress\/wp-json\/wp\/v2\/media\/174279"}],"wp:attachment":[{"href":"https:\/\/www.radiopiu.net\/wordpress\/wp-json\/wp\/v2\/media?parent=271567"}],"wp:term":[{"taxonomy":"category","embeddable":true,"href":"https:\/\/www.radiopiu.net\/wordpress\/wp-json\/wp\/v2\/categories?post=271567"},{"taxonomy":"post_tag","embeddable":true,"href":"https:\/\/www.radiopiu.net\/wordpress\/wp-json\/wp\/v2\/tags?post=271567"}],"curies":[{"name":"wp","href":"https:\/\/api.w.org\/{rel}","templated":true}]}}