{"id":271690,"date":"2022-04-23T05:50:53","date_gmt":"2022-04-23T03:50:53","guid":{"rendered":"https:\/\/www.radiopiu.net\/wordpress\/?p=271690"},"modified":"2022-04-23T08:40:56","modified_gmt":"2022-04-23T06:40:56","slug":"giornale-radiopiu-23-aprile-2022-direttore-mirko-mezzacasa","status":"publish","type":"post","link":"https:\/\/www.radiopiu.net\/wordpress\/giornale-radiopiu-23-aprile-2022-direttore-mirko-mezzacasa\/","title":{"rendered":"GIORNALE RADIOPIU 23 APRILE 2022 DIRETTORE MIRKO MEZZACASA"},"content":{"rendered":"<h3 class=\"kvgmc6g5 cxmmr5t8 oygrvhab hcukyx3x c1et5uql\"><span style=\"color: #0000ff;\"><strong>&#8220;RADIO PIU INFORMAZIONE&#8221;\u00a0 \u00e8 il canale su TELEGRAM informazione di prima\u00a0 <\/strong><\/span><span style=\"color: #0000ff;\"><strong>mano e in tempo reale. iscriviti ed aiutaci a farlo conoscere. &#8220;RADIO PIU INFORMAZIONE&#8221;\u00a0 accesso gratuito, cercalo dopo aver scaricato l&#8217;applicazione TELEGRAM.<\/strong><\/span><\/h3>\n<p>&nbsp;<\/p>\n<hr \/>\n<p>&nbsp;<\/p>\n<blockquote>\n<h3><a class=\"dt-pswp-item\" href=\"https:\/\/www.radiopiu.net\/wordpress\/wp-content\/uploads\/2021\/01\/Tamponi-Paludi-1.jpg\" data-dt-img-description=\"\" data-large_image_width=\"1600\" data-large_image_height=\"900\"><img loading=\"lazy\" decoding=\"async\" class=\" wp-image-186210 alignleft\" src=\"https:\/\/www.radiopiu.net\/wordpress\/wp-content\/uploads\/2021\/01\/Tamponi-Paludi-1-150x150.jpg\" alt=\"\" width=\"94\" height=\"94\" \/><\/a>PUNTO TAMPONI STRAORDINARIO NEL WEEKEND A PALUDI<\/h3>\n<\/blockquote>\n<p><strong>BELLUNO <\/strong>L\u2019Ulss Dolomiti attiva per\u00a0 oggi, domani e lunedi,\u00a0 dalle 8.30 alle 14.00 un punto tamponi a Paludi per persone con sintomatologia covid, ad Accesso libero. Sar\u00e0 presente un medico per un triage all\u2019ingresso e l\u2019eventuale prescrizione.<\/p>\n<p>&nbsp;<\/p>\n<h3>OBBLIGO VACCINALE, INDICAZIONI<\/h3>\n<p><a class=\"dt-pswp-item\" href=\"https:\/\/www.radiopiu.net\/wordpress\/wp-content\/uploads\/2022\/04\/download-6.jpg\" data-dt-img-description=\"\" data-large_image_width=\"300\" data-large_image_height=\"168\"><img loading=\"lazy\" decoding=\"async\" class=\"wp-image-271812 alignleft\" src=\"https:\/\/www.radiopiu.net\/wordpress\/wp-content\/uploads\/2022\/04\/download-6-150x150.jpg\" alt=\"\" width=\"86\" height=\"86\" \/><\/a>Il Ministero della Salute sta inviando le comunicazioni di avvio del procedimento sanzionatorio per l&#8217;inosservanza dell&#8217;obbligo vaccinale. Entro il termine perentorio di dieci giorni dalla data di ricezione della comunicazione, il cittadino potr\u00e0 inviare comunicazione all&#8217;Ulss dell&#8217;eventuale certificazione relativa al differimento o all&#8217;esenzione dell&#8217;obbligo vaccinale dandone notizia anche\u00a0 all&#8217;Agenzia delle entrate<\/p>\n<p>&nbsp;<\/p>\n<p>&nbsp;<\/p>\n<hr \/>\n<p>&nbsp;<\/p>\n<blockquote>\n<h3>LUXOTTICA, UN ALTRO TRIMESTRE IN CRESCITA A DOPPIA CIFRA<\/h3>\n<\/blockquote>\n<p><strong><img loading=\"lazy\" decoding=\"async\" class=\"alignleft\" src=\"https:\/\/www.radiopiu.net\/wordpress\/wp-content\/uploads\/2022\/03\/LUXOTTICA-2.jpg\" width=\"352\" height=\"198\" \/>AGORDO<\/strong> EssilorLuxottica annuncia che il fatturato consolidato del primo trimestre 2022 \u00e8 stato pari a 5.607 milioni di Euro, con un aumento su base annua del 33,1% rispetto al primo trimestre 2021 (+38,1% a cambi correnti). Il fatturato comparabile\u00a0 \u00e8 cresciuto dell&#8217;11,5%.<\/p>\n<blockquote><p><strong>Francesco Milleri e Paul du Saillant, rispettivamente Amministratore Delegato e Vice Amministratore Delegato di EssilorLuxottica, hanno dichiarato:<\/strong><em> \u201cSiamo molto soddisfatti di questo inizio d&#8217;anno che vede una solida performance in tutte le aree geografiche e in tutte le divisioni. \u00c8 un bel momento per EssilorLuxottica, con una stagione sole importante alle porte, una domanda sostenuta di marchi di lusso e prodotti innovativi&#8221;\u00a0<\/em><\/p><\/blockquote>\n<p>&nbsp;<\/p>\n<hr \/>\n<p>&nbsp;<\/p>\n<p>&nbsp;<\/p>\n<blockquote>\n<h3>LUXOTTICA: ACCORDI DI FLESSIBILITA&#8217; E STRAORDINARIO INCENTIVATO FINO A FINE GIUGNO<\/h3>\n<\/blockquote>\n<p><strong><a class=\"dt-pswp-item\" href=\"https:\/\/www.radiopiu.net\/wordpress\/wp-content\/uploads\/2020\/07\/814ace46-a8a2-4c2d-a100-4d87aa509ef3.jpg\" data-dt-img-description=\"\" data-large_image_width=\"1560\" data-large_image_height=\"1170\"><img loading=\"lazy\" decoding=\"async\" class=\" wp-image-152483 alignleft\" src=\"https:\/\/www.radiopiu.net\/wordpress\/wp-content\/uploads\/2020\/07\/814ace46-a8a2-4c2d-a100-4d87aa509ef3-150x150.jpg\" alt=\"\" width=\"102\" height=\"102\" \/><\/a>AGORDO<\/strong> La dirigenza di Luxottica e la RSU dello stabilimento di Agordo si sono incontrate per definire un calendario a lungo termine che riguarda la flessibilit\u00e0 e lo straordinario incentivato per i mesi di maggio e giugno. Nella giornata di ieri \u00e8 stato firmato l&#8217;accordo che prevede 7 sabati lavorativi per le maestranze dello stabilimento di via Valcozzena, suddivisi in 4 straordinari incentivati e 3 flessibilit\u00e0 positive. Ogni area avr\u00e0 un calendario diverso ma lo stabilimento sar\u00e0 operativo tutti i fine settimana, ma non sabato 28 maggio, giornata in cui transiter\u00e0 per l&#8217;Agordino il Giro D&#8217;Italia. Nelle prossime ore, sulle bacheche aziendali, verr\u00e0 esposto il calendario con tutte le aree interessate e le specifiche. Per quanto riguarda l&#8217;orario lavorativo, le maestranze saranno chiamate a dare la propria prestazione solo nella settimana in cui effettuano il turno del mattino con orario 6-12. L&#8217;unica eccezione sabato 21 maggio dove si \u00e8 deciso di optare per un doppio turno, 6-12 e 12-18.<\/p>\n<p>&nbsp;<\/p>\n<p>&nbsp;<\/p>\n<hr \/>\n<p>&nbsp;<\/p>\n<blockquote>\n<h3>IL CONTRIBUTO DI LUXOTTICA PER IL CENTRO DIURNO AL POLIFUNZIONALE 2<\/h3>\n<\/blockquote>\n<p><strong>AGORDO<\/strong> L&#8217;amministratore unico\u00a0 di Asca per i servizi sociali residenziali, diurni e territoriali per l&#8217;Agordino, intervenuto per presentare i bilanci al consiglio comunale di Agordo ha anticipato anche un&#8217;importante novit\u00e0: L&#8217;azienda Luxottica si \u00e8 resa disponibile a collaborare concretamente per il centro diurno che trover\u00e0 collocazione nel polifunzionale di via Dozza. Negli anni scorsi Luxottica era intervenuta per risollevare i bilanci dell&#8217;Asilo Nido, inoltre da tempo fornisce gratuitamente i pasti <a class=\"dt-pswp-item\" href=\"https:\/\/www.radiopiu.net\/wordpress\/wp-content\/uploads\/2018\/05\/SANTIN-300x169.jpg\" data-dt-img-description=\"\" data-large_image_width=\"300\" data-large_image_height=\"169\"><img loading=\"lazy\" decoding=\"async\" class=\" wp-image-48328 alignleft\" src=\"https:\/\/www.radiopiu.net\/wordpress\/wp-content\/uploads\/2018\/05\/SANTIN-300x169-150x150.jpg\" alt=\"\" width=\"120\" height=\"120\" \/><\/a>che i volontari dell&#8217;Auser distribuiscono a domicilio il cui costo \u00e8 molto contenuto tra i 2 e i 4 euro a seconda del reddito Isee<em> &#8220;Al di l\u00e0 del reddito dichiarato &#8211; ha detto Mariachiara Santin &#8211; gli utenti hanno sempre versato la quota massima&#8221;<\/em> segnale importante, mette in evidenza il gradimento del servizio. Il denaro raccolto non viene girato all&#8217;azienda di via Valcozzena che ha scelto di lasciarlo nelle casse di Asca <em>&#8220;Lo scorso anno &#8211; ha aggiunto Mariachiara Santin &#8211; i 70mila euro sono stati impegnati nell&#8217;operazione welfare a favore dei dipendenti di Asca&#8221;<\/em><\/p>\n<p><strong>L&#8217;INTERVISTA di Mirko Mezzacasa<\/strong><\/p>\n<audio class=\"wp-audio-shortcode\" id=\"audio-271690-1\" preload=\"none\" style=\"width: 100%;\" controls=\"controls\"><source type=\"audio\/mpeg\" src=\"https:\/\/www.radiopiu.net\/wordpress\/wp-content\/uploads\/2022\/04\/SANTIN.mp3?_=1\" \/><a href=\"https:\/\/www.radiopiu.net\/wordpress\/wp-content\/uploads\/2022\/04\/SANTIN.mp3\">https:\/\/www.radiopiu.net\/wordpress\/wp-content\/uploads\/2022\/04\/SANTIN.mp3<\/a><\/audio>\n<p>&nbsp;<\/p>\n<p>&nbsp;<\/p>\n<p>&nbsp;<\/p>\n<hr \/>\n<p>&nbsp;<\/p>\n<blockquote>\n<h3>TAVOLO DIAB\u00a0 ACCORDO TRA LE PARTI SU PERCORSO CONDIVISO PER TUTELA OCCUPAZIONE E PRODUZIONE<\/h3>\n<\/blockquote>\n<p><strong><a class=\"dt-pswp-item\" href=\"https:\/\/www.radiopiu.net\/wordpress\/wp-content\/uploads\/2022\/03\/38a9b4cd-32af-40c4-a79c-bc28632b6c10-300x225-1.jpg\" data-dt-img-description=\"\" data-large_image_width=\"300\" data-large_image_height=\"225\"><img loading=\"lazy\" decoding=\"async\" class=\" wp-image-266918 alignleft\" src=\"https:\/\/www.radiopiu.net\/wordpress\/wp-content\/uploads\/2022\/03\/38a9b4cd-32af-40c4-a79c-bc28632b6c10-300x225-1.jpg\" alt=\"\" width=\"349\" height=\"261\" \/><\/a>VENEZIA\u00a0<\/strong>I vertici di DIAB &#8211; assistiti da Confindustria Belluno e dai propri legali &#8211; e i rappresentanti provinciali delle organizzazioni sindacali, congiuntamente alle RSU aziendali, hanno raggiunto un accordo circa un metodo di lavoro condiviso finalizzato alla tutela dei lavoratori e della realt\u00e0 produttiva del sito di Longarone.\u00a0 Le parti continueranno a confrontarsi con regolarit\u00e0 e a monitorare l\u2019evoluzione della situazione aziendale, attivando ogni iniziativa utile e strumento applicabile al fine di non disperdere il patrimonio industriale e di competenze rappresentato dallo stabilimento bellunese. La Regione del Veneto, in stretto raccordo con il Ministero dello Sviluppo Economico, continuer\u00e0 a garantire il supporto necessario alle parti.<\/p>\n<p>&nbsp;<\/p>\n<p>&nbsp;<\/p>\n<p>&nbsp;<\/p>\n<hr \/>\n<blockquote>\n<h3><\/h3>\n<h3>ACQUA NON POTABILE A PONTE\u00a0 NELLE ALPI E ARSIE&#8217;<\/h3>\n<\/blockquote>\n<p><strong><a class=\"dt-pswp-item\" href=\"https:\/\/www.radiopiu.net\/wordpress\/wp-content\/uploads\/2021\/06\/th-12.jpg\" data-dt-img-description=\"\" data-large_image_width=\"282\" data-large_image_height=\"188\"><img loading=\"lazy\" decoding=\"async\" class=\" wp-image-216172 alignleft\" src=\"https:\/\/www.radiopiu.net\/wordpress\/wp-content\/uploads\/2021\/06\/th-12-150x150.jpg\" alt=\"\" width=\"80\" height=\"80\" \/><\/a>Belluno, 19\/04\/2022 &#8211; <\/strong>Gestione Servizi Pubblici informa che in TUTTO IL COMUNE DI PONTE NELLE ALPI AD ESCLUSIONE DELLA LOCALITA&#8217; NUOVA ERTO E DELLE FRAZIONI, CUGNAN, COL DI CUGNAN, MARASCHIATA, LOSEGO, RONCAN CORNOLADE, QUANTIN, VICH, CASAN, SOCCHER, REVEANE, ARSIE\u2019 E PAIANE l&#8217;acqua erogata dall&#8217;acquedotto non \u00e8 potabile e non pu\u00f2 essere usata per scopi alimentari.<\/p>\n<p><strong>Belluno, 19\/04\/2022 &#8211;<\/strong> Gestione Servizi Pubblici informa che ad ARSIE&#8217; nel CAPOLUOGO FINO AL CIV. N. 10 DI VIA CIMA CAMPO E NELLA ZONA INDUSTRIALE l&#8217;acqua erogata dall&#8217;acquedotto non \u00e8 potabile e non pu\u00f2 essere usata per scopi alimentari.<\/p>\n<p><strong>Belluno, 21\/04\/2022 &#8211;\u00a0 <\/strong>In relazione al rilievo di salmonella nell\u2019acqua destinata al consumo umano di due punti di approvvigionamento relativi ai comuni di Ponte nelle Alpi e Arsi\u00e8, visto quanto comunicato dall\u2019Ente Gestore circa le misure adottate al fine di ripristinare la potabilit\u00e0 dell\u2019acqua, in attesa dei risultati dei rapporti di riprova dei campioni effettuati dall\u2019Ulss, si ritiene di consentire l\u2019uso dell\u2019acqua anche per uso potabile PREVIA BOLLITURA<\/p>\n<p>&nbsp;<\/p>\n<hr \/>\n<p>&nbsp;<\/p>\n<p>&nbsp;<\/p>\n<h3>LA BANDA DEL FORO IN AZIONE, RUBATE TRE BICICLETTE NEL FELTRINO<\/h3>\n<p><strong><img loading=\"lazy\" decoding=\"async\" class=\"alignleft\" src=\"https:\/\/www.radiopiu.net\/wordpress\/wp-content\/uploads\/2022\/01\/burglar-4925202__340.webp\" width=\"111\" height=\"91\" \/>FELTRE<\/strong> Questa volta hanno puntato direttamente al garage, dopo aver praticato il solito foro nella serratura sono entrati nel deposito uscendo e fuggendo con tre biciclette di qualit\u00e0. Il proprietario si \u00e8 accorto solo al mattino riscontrando i segni dell\u2019effrazione. Al momento non sarebbero stati segnalati altri furti in zona. L\u2019episodio al Pasquer gi\u00e0 denunciato ai carabinieri di Feltre. E\u2019 molto probabile che i ladri si siano serviti di un furgone per mettere a segno il furto, di qui l\u2019invito a segnalare ai Carabinieri eventuali movimenti sospetti rilevati nella serata di venerdi.<\/p>\n<p>&nbsp;<\/p>\n<hr \/>\n<p>&nbsp;<\/p>\n<blockquote>\n<h3>IERI L&#8217;ULTIMO SALUTO AD ENRICO<\/h3>\n<\/blockquote>\n<p><strong>SAN TOMASO<\/strong> In tanti ieri sono saliti a San Tomaso per abbracciare la famiglia Piaia tramortita per la perdita del caro Enrico scomparso a\u00a0 68 anni. In chiesa gli amici della Marmolada, della societ\u00e0 dove ha prestato servizio per molti anni (come ricordato nel toccante messaggio pubblicato ieri) e del Museo della Grande Guerra con il quale ha collaborato con passione ed entusiasmo. Sulle pagine social di Radio Pi\u00f9 tanti i messaggi di vicinanza alla famiglia e dedicati al suo ricordo.<\/p>\n<h2><span style=\"color: #ff0000;\">IERI ALLA RADIO\u00a0<\/span><\/h2>\n<blockquote class=\"wp-embedded-content\" data-secret=\"AVHCgKwL4n\"><p><a href=\"https:\/\/www.radiopiu.net\/wordpress\/ciao-enrico-il-messaggio-di-cordoglio-dalla-marmolada\/\">CIAO ENRICO, IL MESSAGGIO DI CORDOGLIO DALLA MARMOLADA E DAL MUSEO DELLA GRANDE GUERRA<\/a><\/p><\/blockquote>\n<p><iframe loading=\"lazy\" class=\"wp-embedded-content\" sandbox=\"allow-scripts\" security=\"restricted\" style=\"position: absolute; clip: rect(1px, 1px, 1px, 1px);\" title=\"&#8220;CIAO ENRICO, IL MESSAGGIO DI CORDOGLIO DALLA MARMOLADA E DAL MUSEO DELLA GRANDE GUERRA&#8221; &#8212; Radio Pi\u00f9\" src=\"https:\/\/www.radiopiu.net\/wordpress\/ciao-enrico-il-messaggio-di-cordoglio-dalla-marmolada\/embed\/#?secret=mkRXemjZUm#?secret=AVHCgKwL4n\" data-secret=\"AVHCgKwL4n\" width=\"600\" height=\"338\" frameborder=\"0\" marginwidth=\"0\" marginheight=\"0\" scrolling=\"no\"><\/iframe><\/p>\n<p>&nbsp;<\/p>\n<hr \/>\n<p>&nbsp;<\/p>\n<blockquote>\n<h3>INTERSEZIONE CON LA COMUNALE PIERO POLONI, PROGETTI ED ESPROPRI<\/h3>\n<\/blockquote>\n<p><strong><a class=\"dt-pswp-item\" href=\"https:\/\/www.radiopiu.net\/wordpress\/wp-content\/uploads\/2022\/04\/e5d15856-d2cd-440a-89b9-b9bece5f7e99.jpg\" data-dt-img-description=\"\" data-large_image_width=\"1920\" data-large_image_height=\"1080\"><img loading=\"lazy\" decoding=\"async\" class=\"alignleft wp-image-271837 \" src=\"https:\/\/www.radiopiu.net\/wordpress\/wp-content\/uploads\/2022\/04\/e5d15856-d2cd-440a-89b9-b9bece5f7e99-300x169.jpg\" alt=\"\" width=\"374\" height=\"211\" srcset=\"https:\/\/www.radiopiu.net\/wordpress\/wp-content\/uploads\/2022\/04\/e5d15856-d2cd-440a-89b9-b9bece5f7e99-300x169.jpg 300w, https:\/\/www.radiopiu.net\/wordpress\/wp-content\/uploads\/2022\/04\/e5d15856-d2cd-440a-89b9-b9bece5f7e99-1024x576.jpg 1024w, https:\/\/www.radiopiu.net\/wordpress\/wp-content\/uploads\/2022\/04\/e5d15856-d2cd-440a-89b9-b9bece5f7e99-768x432.jpg 768w, https:\/\/www.radiopiu.net\/wordpress\/wp-content\/uploads\/2022\/04\/e5d15856-d2cd-440a-89b9-b9bece5f7e99-1536x864.jpg 1536w, https:\/\/www.radiopiu.net\/wordpress\/wp-content\/uploads\/2022\/04\/e5d15856-d2cd-440a-89b9-b9bece5f7e99.jpg 1920w\" sizes=\"auto, (max-width: 374px) 100vw, 374px\" \/><\/a>AGORDO<\/strong> La Giunta ha approvato (astenuti Selva Moretti e Savio della minoranza) il progetto di fattibilit\u00e0 tecnico-economica in variante al prg per il vincolo dell&#8217;esproprio. Obiettivo: l&#8217;allargamento di via Poloni (Pragrande)<em> &#8220;L&#8217;abbiamo ritenuta da sempre importante&#8221;<\/em> ha detto il sindaco Roberto Chissal\u00e8 ricordando i tanti incidenti stradali del passato, come confermato dalle statistiche dei Carabinieri di Agordo. Si tratta di un tratto di 60 metri dalla regionale 203 agordina verso il Col di Foglia. La propriet\u00e0 \u00e8 gi\u00e0 stata contattata dall&#8217;amministrazione comunale dichiarando che si opporr\u00e0 al progetto, cio\u00e8 all&#8217;esproprio,\u00a0 nonostante il Comune sia pronto a pagare i terreni 80 euro a metro quadrato per un totale di circa 18mila euro. <em>&#8220;Otteniamo il finanziamento &#8211; ha detto il vicesindaco Giulio Favretti &#8211; per pubblica utilit\u00e0, quella \u00e8 un&#8217;intersezione molto pericolosa&#8221;<\/em> . Il consigliere Paolo Selva Moretti ha criticato il modo di agire con l&#8217;istituto dell&#8217;esproprio. <em>&#8220;Bisogner\u00e0 capire se davvero c&#8217;\u00e8 la pubblica utilit\u00e0&#8221;<\/em> ha detto. In cinque anni i Carabinieri hanno rilevato sei incidenti. <em>&#8220;Ma ci sono anche altre situazione meritevoli della stessa attenzione <\/em>&#8211; ha continuato Selva &#8211;<em> come ad esempio l&#8217;accesso a Villa Imperina o via Teto Piciol&#8221;.\u00a0<\/em>L&#8217;accesso a Villa Imperina ha ribadito Favretti \u00e8 privato, quindi non \u00e8 una situazione similare. Quanto a via Teto Piciol ha risposto il sindaco Roberto Chissal\u00e8 <em>&#8220;Quando ero in minoranza per due volte sono stati rifiutati 210 milioni delle vecchie lire per allargare quella strada. La Regione li aveva messi a disposizione ma non c&#8217;era la volont\u00e0 di espropriare pur essendo una strada con parecchi flussi di traffico&#8221;.\u00a0<\/em>In via Poloni si passer\u00e0 da una strada di 4 metri attuali, ad una di\u00a0 larghezza pari a 6 metri con un marciapiede da un metro e mezzo in porfido. <em>&#8220;Un ampliamento da 8 metri \u00e8 esagerato&#8221;<\/em> ha detto Selva.<em>&#8220;Il finanziamento regionale viene erogato &#8211; ha tagliato corto Favretti &#8211; solo se si rispettano i decreti, quindi queste sono le direttive&#8221;.<\/em><\/p>\n\n\t\t\t<style type='text\/css'>\n\t\t\t\t#gallery-1 {\n\t\t\t\t\tmargin: auto;\n\t\t\t\t}\n\t\t\t\t#gallery-1 .gallery-item {\n\t\t\t\t\tfloat: left;\n\t\t\t\t\tmargin-top: 10px;\n\t\t\t\t\ttext-align: center;\n\t\t\t\t\twidth: 33%;\n\t\t\t\t}\n\t\t\t\t#gallery-1 img {\n\t\t\t\t\tborder: 2px solid #cfcfcf;\n\t\t\t\t}\n\t\t\t\t#gallery-1 .gallery-caption {\n\t\t\t\t\tmargin-left: 0;\n\t\t\t\t}\n\t\t\t\t\/* see gallery_shortcode() in wp-includes\/media.php *\/\n\t\t\t<\/style>\n\t\t<div id='gallery-1' class='dt-gallery-container gallery galleryid-271690 gallery-columns-3 gallery-size-medium'><dl class='gallery-item'>\n\t\t\t\t<dt class='gallery-icon landscape'>\n\t\t\t\t\t<a class=\"rollover rollover-zoom dt-pswp-item\" title=\"51fac066-71b1-40bf-832c-82c0caf0d0b1\" data-dt-img-description=\"\" data-large_image_width=\"1920\" data-large_image_height=\"1080\"href='https:\/\/www.radiopiu.net\/wordpress\/wp-content\/uploads\/2022\/04\/51fac066-71b1-40bf-832c-82c0caf0d0b1.jpg'><img loading=\"lazy\" decoding=\"async\" width=\"300\" height=\"169\" src=\"https:\/\/www.radiopiu.net\/wordpress\/wp-content\/uploads\/2022\/04\/51fac066-71b1-40bf-832c-82c0caf0d0b1-300x169.jpg\" class=\"attachment-medium size-medium\" alt=\"\" srcset=\"https:\/\/www.radiopiu.net\/wordpress\/wp-content\/uploads\/2022\/04\/51fac066-71b1-40bf-832c-82c0caf0d0b1-300x169.jpg 300w, https:\/\/www.radiopiu.net\/wordpress\/wp-content\/uploads\/2022\/04\/51fac066-71b1-40bf-832c-82c0caf0d0b1-1024x576.jpg 1024w, https:\/\/www.radiopiu.net\/wordpress\/wp-content\/uploads\/2022\/04\/51fac066-71b1-40bf-832c-82c0caf0d0b1-768x432.jpg 768w, https:\/\/www.radiopiu.net\/wordpress\/wp-content\/uploads\/2022\/04\/51fac066-71b1-40bf-832c-82c0caf0d0b1-1536x864.jpg 1536w, https:\/\/www.radiopiu.net\/wordpress\/wp-content\/uploads\/2022\/04\/51fac066-71b1-40bf-832c-82c0caf0d0b1.jpg 1920w\" sizes=\"auto, (max-width: 300px) 100vw, 300px\" \/><\/a>\n\t\t\t\t<\/dt><\/dl><dl class='gallery-item'>\n\t\t\t\t<dt class='gallery-icon landscape'>\n\t\t\t\t\t<a class=\"rollover rollover-zoom dt-pswp-item\" title=\"434c5a8d-648b-4a67-b0ec-47a8edd91320\" data-dt-img-description=\"\" data-large_image_width=\"1920\" data-large_image_height=\"1080\"href='https:\/\/www.radiopiu.net\/wordpress\/wp-content\/uploads\/2022\/04\/434c5a8d-648b-4a67-b0ec-47a8edd91320.jpg'><img loading=\"lazy\" decoding=\"async\" width=\"300\" height=\"169\" src=\"https:\/\/www.radiopiu.net\/wordpress\/wp-content\/uploads\/2022\/04\/434c5a8d-648b-4a67-b0ec-47a8edd91320-300x169.jpg\" class=\"attachment-medium size-medium\" alt=\"\" srcset=\"https:\/\/www.radiopiu.net\/wordpress\/wp-content\/uploads\/2022\/04\/434c5a8d-648b-4a67-b0ec-47a8edd91320-300x169.jpg 300w, https:\/\/www.radiopiu.net\/wordpress\/wp-content\/uploads\/2022\/04\/434c5a8d-648b-4a67-b0ec-47a8edd91320-1024x576.jpg 1024w, https:\/\/www.radiopiu.net\/wordpress\/wp-content\/uploads\/2022\/04\/434c5a8d-648b-4a67-b0ec-47a8edd91320-768x432.jpg 768w, https:\/\/www.radiopiu.net\/wordpress\/wp-content\/uploads\/2022\/04\/434c5a8d-648b-4a67-b0ec-47a8edd91320-1536x864.jpg 1536w, https:\/\/www.radiopiu.net\/wordpress\/wp-content\/uploads\/2022\/04\/434c5a8d-648b-4a67-b0ec-47a8edd91320.jpg 1920w\" sizes=\"auto, (max-width: 300px) 100vw, 300px\" \/><\/a>\n\t\t\t\t<\/dt><\/dl><dl class='gallery-item'>\n\t\t\t\t<dt class='gallery-icon landscape'>\n\t\t\t\t\t<a class=\"rollover rollover-zoom dt-pswp-item\" title=\"37c9103e-b33e-4465-a1b6-54f3d550451c\" data-dt-img-description=\"\" data-large_image_width=\"1920\" data-large_image_height=\"1080\"href='https:\/\/www.radiopiu.net\/wordpress\/wp-content\/uploads\/2022\/04\/37c9103e-b33e-4465-a1b6-54f3d550451c.jpg'><img loading=\"lazy\" decoding=\"async\" width=\"300\" height=\"169\" src=\"https:\/\/www.radiopiu.net\/wordpress\/wp-content\/uploads\/2022\/04\/37c9103e-b33e-4465-a1b6-54f3d550451c-300x169.jpg\" class=\"attachment-medium size-medium\" alt=\"\" srcset=\"https:\/\/www.radiopiu.net\/wordpress\/wp-content\/uploads\/2022\/04\/37c9103e-b33e-4465-a1b6-54f3d550451c-300x169.jpg 300w, https:\/\/www.radiopiu.net\/wordpress\/wp-content\/uploads\/2022\/04\/37c9103e-b33e-4465-a1b6-54f3d550451c-1024x576.jpg 1024w, https:\/\/www.radiopiu.net\/wordpress\/wp-content\/uploads\/2022\/04\/37c9103e-b33e-4465-a1b6-54f3d550451c-768x432.jpg 768w, https:\/\/www.radiopiu.net\/wordpress\/wp-content\/uploads\/2022\/04\/37c9103e-b33e-4465-a1b6-54f3d550451c-1536x864.jpg 1536w, https:\/\/www.radiopiu.net\/wordpress\/wp-content\/uploads\/2022\/04\/37c9103e-b33e-4465-a1b6-54f3d550451c.jpg 1920w\" sizes=\"auto, (max-width: 300px) 100vw, 300px\" \/><\/a>\n\t\t\t\t<\/dt><\/dl><br style=\"clear: both\" \/>\n\t\t\t<\/div>\n\n<p>&nbsp;<\/p>\n<p><strong>IL CONSIGLIO COMUNALE DI AGORDO, IL PUNTO SOPRA TRATTATO (NUMERO SETTE DELL&#8217;ORDINE DEL GIORNO)\u00a0 a 3 ORE 30 MINUTI E 50 SECONDI<\/strong><\/p>\n<p>&nbsp;<\/p>\n<p>https:\/\/www.facebook.com\/marco.baghy.1\/videos\/687257379150280<\/p>\n<p>&nbsp;<\/p>\n<hr \/>\n<p>&nbsp;<\/p>\n<blockquote>\n<h3>FAVRETTI FURIOSO. NO ALL&#8217;AUMENTO DELLE TASSE<\/h3>\n<\/blockquote>\n<p><strong><a class=\"dt-pswp-item\" href=\"https:\/\/www.radiopiu.net\/wordpress\/wp-content\/uploads\/2020\/01\/uomo-disteso-che-conta-soldi-con-il-calcolatore_23-2148230056.jpg\" data-dt-img-description=\"\" data-large_image_width=\"626\" data-large_image_height=\"417\"><img loading=\"lazy\" decoding=\"async\" class=\"size-thumbnail wp-image-115054 alignleft\" src=\"https:\/\/www.radiopiu.net\/wordpress\/wp-content\/uploads\/2020\/01\/uomo-disteso-che-conta-soldi-con-il-calcolatore_23-2148230056-150x150.jpg\" alt=\"\" width=\"150\" height=\"150\" \/><\/a>AGORDO<\/strong><\/p>\n<p>di Gianni Santomaso<\/p>\n<audio class=\"wp-audio-shortcode\" id=\"audio-271690-2\" preload=\"none\" style=\"width: 100%;\" controls=\"controls\"><source type=\"audio\/mpeg\" src=\"https:\/\/www.radiopiu.net\/wordpress\/wp-content\/uploads\/2022\/04\/GIANNI-CONSIGLIO-AGORDO-FAVRETTI-TASSE.mp3?_=2\" \/><a href=\"https:\/\/www.radiopiu.net\/wordpress\/wp-content\/uploads\/2022\/04\/GIANNI-CONSIGLIO-AGORDO-FAVRETTI-TASSE.mp3\">https:\/\/www.radiopiu.net\/wordpress\/wp-content\/uploads\/2022\/04\/GIANNI-CONSIGLIO-AGORDO-FAVRETTI-TASSE.mp3<\/a><\/audio>\n<p>&nbsp;<\/p>\n<p>&nbsp;<\/p>\n<hr \/>\n<p>&nbsp;<\/p>\n<blockquote>\n<h3>EX FOLLADOR SEMPRE CON LE QUATTRO FRECCE<\/h3>\n<\/blockquote>\n<p><strong><a class=\"dt-pswp-item\" href=\"https:\/\/www.radiopiu.net\/wordpress\/wp-content\/uploads\/2021\/07\/EX-FOLLADOR.jpeg\" data-dt-img-description=\"\" data-large_image_width=\"1599\" data-large_image_height=\"799\"><img loading=\"lazy\" decoding=\"async\" class=\"alignleft wp-image-225297 \" src=\"https:\/\/www.radiopiu.net\/wordpress\/wp-content\/uploads\/2021\/07\/EX-FOLLADOR-300x150.jpeg\" alt=\"\" width=\"134\" height=\"67\" srcset=\"https:\/\/www.radiopiu.net\/wordpress\/wp-content\/uploads\/2021\/07\/EX-FOLLADOR-300x150.jpeg 300w, https:\/\/www.radiopiu.net\/wordpress\/wp-content\/uploads\/2021\/07\/EX-FOLLADOR-1024x512.jpeg 1024w, https:\/\/www.radiopiu.net\/wordpress\/wp-content\/uploads\/2021\/07\/EX-FOLLADOR-768x384.jpeg 768w, https:\/\/www.radiopiu.net\/wordpress\/wp-content\/uploads\/2021\/07\/EX-FOLLADOR-1536x768.jpeg 1536w, https:\/\/www.radiopiu.net\/wordpress\/wp-content\/uploads\/2021\/07\/EX-FOLLADOR.jpeg 1599w\" sizes=\"auto, (max-width: 134px) 100vw, 134px\" \/><\/a>AGORDO<\/strong><\/p>\n<p>di Gianni Santomaso<\/p>\n<audio class=\"wp-audio-shortcode\" id=\"audio-271690-3\" preload=\"none\" style=\"width: 100%;\" controls=\"controls\"><source type=\"audio\/mpeg\" src=\"https:\/\/www.radiopiu.net\/wordpress\/wp-content\/uploads\/2022\/04\/GIANNI-CONSIGLIO-AGORDO-EX-FOLLADOR-FAVRETTI.mp3?_=3\" \/><a href=\"https:\/\/www.radiopiu.net\/wordpress\/wp-content\/uploads\/2022\/04\/GIANNI-CONSIGLIO-AGORDO-EX-FOLLADOR-FAVRETTI.mp3\">https:\/\/www.radiopiu.net\/wordpress\/wp-content\/uploads\/2022\/04\/GIANNI-CONSIGLIO-AGORDO-EX-FOLLADOR-FAVRETTI.mp3<\/a><\/audio>\n<p>&nbsp;<\/p>\n<p>&nbsp;<\/p>\n<hr \/>\n<p>&nbsp;<\/p>\n<blockquote>\n<h3><a class=\"dt-pswp-item\" href=\"https:\/\/www.radiopiu.net\/wordpress\/wp-content\/uploads\/2022\/04\/Senza-nome-8.jpg\" data-dt-img-description=\"\" data-large_image_width=\"590\" data-large_image_height=\"313\"><img loading=\"lazy\" decoding=\"async\" class=\"wp-image-271763 alignleft\" src=\"https:\/\/www.radiopiu.net\/wordpress\/wp-content\/uploads\/2022\/04\/Senza-nome-8-150x150.jpg\" alt=\"\" width=\"73\" height=\"73\" \/><\/a>IERI MATTINA IL LUPO IN CENTRO A LORENZAGO DI CADORE<\/h3>\n<\/blockquote>\n<p><strong>LORENZAGO<\/strong><em> &#8220;Una scena orribile, sento ancora addosso l&#8217;odore del sangue&#8221;,<\/em> poche parole ma significative quelle di Renato, ieri testimone dell&#8217;ennesimo pasto del lupo. A farne le spese una cerva di circa un anno, il fatto singolare e preoccupante che il predatore non ha avuto problemi nello spingersi fino in centro per sfarmarsi.<\/p>\n<p>&nbsp;<\/p>\n\n\t\t\t<style type='text\/css'>\n\t\t\t\t#gallery-2 {\n\t\t\t\t\tmargin: auto;\n\t\t\t\t}\n\t\t\t\t#gallery-2 .gallery-item {\n\t\t\t\t\tfloat: left;\n\t\t\t\t\tmargin-top: 10px;\n\t\t\t\t\ttext-align: center;\n\t\t\t\t\twidth: 33%;\n\t\t\t\t}\n\t\t\t\t#gallery-2 img {\n\t\t\t\t\tborder: 2px solid #cfcfcf;\n\t\t\t\t}\n\t\t\t\t#gallery-2 .gallery-caption {\n\t\t\t\t\tmargin-left: 0;\n\t\t\t\t}\n\t\t\t\t\/* see gallery_shortcode() in wp-includes\/media.php *\/\n\t\t\t<\/style>\n\t\t<div id='gallery-2' class='dt-gallery-container gallery galleryid-271690 gallery-columns-3 gallery-size-medium'><dl class='gallery-item'>\n\t\t\t\t<dt class='gallery-icon landscape'>\n\t\t\t\t\t<a class=\"rollover rollover-zoom dt-pswp-item\" title=\"98a00d0a-88ed-413a-bfff-02c2bafd81fa\" data-dt-img-description=\"\" data-large_image_width=\"1600\" data-large_image_height=\"1200\"href='https:\/\/www.radiopiu.net\/wordpress\/wp-content\/uploads\/2022\/04\/98a00d0a-88ed-413a-bfff-02c2bafd81fa.jpg'><img loading=\"lazy\" decoding=\"async\" width=\"300\" height=\"225\" src=\"https:\/\/www.radiopiu.net\/wordpress\/wp-content\/uploads\/2022\/04\/98a00d0a-88ed-413a-bfff-02c2bafd81fa-300x225.jpg\" class=\"attachment-medium size-medium\" alt=\"\" srcset=\"https:\/\/www.radiopiu.net\/wordpress\/wp-content\/uploads\/2022\/04\/98a00d0a-88ed-413a-bfff-02c2bafd81fa-300x225.jpg 300w, https:\/\/www.radiopiu.net\/wordpress\/wp-content\/uploads\/2022\/04\/98a00d0a-88ed-413a-bfff-02c2bafd81fa-1024x768.jpg 1024w, https:\/\/www.radiopiu.net\/wordpress\/wp-content\/uploads\/2022\/04\/98a00d0a-88ed-413a-bfff-02c2bafd81fa-768x576.jpg 768w, https:\/\/www.radiopiu.net\/wordpress\/wp-content\/uploads\/2022\/04\/98a00d0a-88ed-413a-bfff-02c2bafd81fa-1536x1152.jpg 1536w, https:\/\/www.radiopiu.net\/wordpress\/wp-content\/uploads\/2022\/04\/98a00d0a-88ed-413a-bfff-02c2bafd81fa.jpg 1600w\" sizes=\"auto, (max-width: 300px) 100vw, 300px\" \/><\/a>\n\t\t\t\t<\/dt><\/dl><dl class='gallery-item'>\n\t\t\t\t<dt class='gallery-icon landscape'>\n\t\t\t\t\t<a class=\"rollover rollover-zoom dt-pswp-item\" title=\"0d993161-054e-48b9-a47f-2118e8af9e1a\" data-dt-img-description=\"\" data-large_image_width=\"1600\" data-large_image_height=\"1200\"href='https:\/\/www.radiopiu.net\/wordpress\/wp-content\/uploads\/2022\/04\/0d993161-054e-48b9-a47f-2118e8af9e1a.jpg'><img loading=\"lazy\" decoding=\"async\" width=\"300\" height=\"225\" src=\"https:\/\/www.radiopiu.net\/wordpress\/wp-content\/uploads\/2022\/04\/0d993161-054e-48b9-a47f-2118e8af9e1a-300x225.jpg\" class=\"attachment-medium size-medium\" alt=\"\" srcset=\"https:\/\/www.radiopiu.net\/wordpress\/wp-content\/uploads\/2022\/04\/0d993161-054e-48b9-a47f-2118e8af9e1a-300x225.jpg 300w, https:\/\/www.radiopiu.net\/wordpress\/wp-content\/uploads\/2022\/04\/0d993161-054e-48b9-a47f-2118e8af9e1a-1024x768.jpg 1024w, https:\/\/www.radiopiu.net\/wordpress\/wp-content\/uploads\/2022\/04\/0d993161-054e-48b9-a47f-2118e8af9e1a-768x576.jpg 768w, https:\/\/www.radiopiu.net\/wordpress\/wp-content\/uploads\/2022\/04\/0d993161-054e-48b9-a47f-2118e8af9e1a-1536x1152.jpg 1536w, https:\/\/www.radiopiu.net\/wordpress\/wp-content\/uploads\/2022\/04\/0d993161-054e-48b9-a47f-2118e8af9e1a.jpg 1600w\" sizes=\"auto, (max-width: 300px) 100vw, 300px\" \/><\/a>\n\t\t\t\t<\/dt><\/dl><dl class='gallery-item'>\n\t\t\t\t<dt class='gallery-icon landscape'>\n\t\t\t\t\t<a class=\"rollover rollover-zoom dt-pswp-item\" title=\"665b3b54-e3da-406b-ab3a-e8aee5179c50\" data-dt-img-description=\"\" data-large_image_width=\"1600\" data-large_image_height=\"1200\"href='https:\/\/www.radiopiu.net\/wordpress\/wp-content\/uploads\/2022\/04\/665b3b54-e3da-406b-ab3a-e8aee5179c50.jpg'><img loading=\"lazy\" decoding=\"async\" width=\"300\" height=\"225\" src=\"https:\/\/www.radiopiu.net\/wordpress\/wp-content\/uploads\/2022\/04\/665b3b54-e3da-406b-ab3a-e8aee5179c50-300x225.jpg\" class=\"attachment-medium size-medium\" alt=\"\" srcset=\"https:\/\/www.radiopiu.net\/wordpress\/wp-content\/uploads\/2022\/04\/665b3b54-e3da-406b-ab3a-e8aee5179c50-300x225.jpg 300w, https:\/\/www.radiopiu.net\/wordpress\/wp-content\/uploads\/2022\/04\/665b3b54-e3da-406b-ab3a-e8aee5179c50-1024x768.jpg 1024w, https:\/\/www.radiopiu.net\/wordpress\/wp-content\/uploads\/2022\/04\/665b3b54-e3da-406b-ab3a-e8aee5179c50-768x576.jpg 768w, https:\/\/www.radiopiu.net\/wordpress\/wp-content\/uploads\/2022\/04\/665b3b54-e3da-406b-ab3a-e8aee5179c50-1536x1152.jpg 1536w, https:\/\/www.radiopiu.net\/wordpress\/wp-content\/uploads\/2022\/04\/665b3b54-e3da-406b-ab3a-e8aee5179c50.jpg 1600w\" sizes=\"auto, (max-width: 300px) 100vw, 300px\" \/><\/a>\n\t\t\t\t<\/dt><\/dl><br style=\"clear: both\" \/>\n\t\t\t<\/div>\n\n<p>&nbsp;<\/p>\n<hr \/>\n<p>&nbsp;<\/p>\n<blockquote>\n<h3>CONVEGNO E MOSTRA OHANES GUREKIAN: UN PROGETTISTA ARMENO DELLE DOLOMITI<\/h3>\n<\/blockquote>\n<p><strong><a class=\"dt-pswp-item\" href=\"https:\/\/www.radiopiu.net\/wordpress\/wp-content\/uploads\/2022\/04\/image004.png\" data-dt-img-description=\"\" data-large_image_width=\"578\" data-large_image_height=\"321\"><img loading=\"lazy\" decoding=\"async\" class=\"wp-image-271828 alignleft\" src=\"https:\/\/www.radiopiu.net\/wordpress\/wp-content\/uploads\/2022\/04\/image004-300x167.png\" alt=\"\" width=\"246\" height=\"137\" srcset=\"https:\/\/www.radiopiu.net\/wordpress\/wp-content\/uploads\/2022\/04\/image004-300x167.png 300w, https:\/\/www.radiopiu.net\/wordpress\/wp-content\/uploads\/2022\/04\/image004.png 578w\" sizes=\"auto, (max-width: 246px) 100vw, 246px\" \/><\/a>BELLUNO<\/strong> L\u2019Ordine degli Architetti PPC di Belluno, in collaborazione con la Fondazione Architettura Belluno Dolomiti e con il patrocinio del Comune di Belluno e della Provincia di Belluno, ha organizzato i primi due importanti eventi della Rassegna culturale. Ieri\u00a0 si \u00e8 tenuto il convegno ed \u00e8 stata inaugurata la mostra nel chiostro del Museo Fulcis &#8211; Palazzo Bembo &#8211; Piazza Vittorio Emanuele, 1 &#8211; Belluno che rimarr\u00e0 aperta fino a domenica 8 maggio<u>, con ingresso libero e gratuito, sar\u00e0 aperta al pubblico nei seguenti orari: <\/u><u>marted\u00ec-mercoled\u00ec-venerd\u00ec <\/u>09:30-12:30 &#8211; 15:30-18:30\u00a0 <u>gioved\u00ec <\/u>09:30-12:30- <u>sabato-domenica e festivi <\/u>10:00-18:30 orario continuato.<\/p>\n<p><strong>L&#8217;INTERVISTA DI CLAUDIO FONTANIVE, OSPITI IL PRESIDENTE ANGELO DAFRE&#8217;, <i>Presidente DELLA Fondazione Architettura Belluno Dolomiti con il pianificatore territoriale Sara Gnech e l&#8217;architetto Fulvio Bona<\/i><\/strong><\/p>\n<audio class=\"wp-audio-shortcode\" id=\"audio-271690-4\" preload=\"none\" style=\"width: 100%;\" controls=\"controls\"><source type=\"audio\/mpeg\" src=\"https:\/\/www.radiopiu.net\/wordpress\/wp-content\/uploads\/2022\/04\/ordine-architetti-gurekian.mp3?_=4\" \/><a href=\"https:\/\/www.radiopiu.net\/wordpress\/wp-content\/uploads\/2022\/04\/ordine-architetti-gurekian.mp3\">https:\/\/www.radiopiu.net\/wordpress\/wp-content\/uploads\/2022\/04\/ordine-architetti-gurekian.mp3<\/a><\/audio>\n<p>&nbsp;<\/p>\n<p>&nbsp;<\/p>\n<hr \/>\n<p>&nbsp;<\/p>\n<blockquote class=\"wp-embedded-content\" data-secret=\"HoI4DtSoP1\"><p><a href=\"https:\/\/www.radiopiu.net\/wordpress\/aggnazionaleaprile22\/\">CORONAVIRUS: AGGIORNAMENTO NAZIONALE 22 APRILE 2022<\/a><\/p><\/blockquote>\n<p><iframe loading=\"lazy\" class=\"wp-embedded-content\" sandbox=\"allow-scripts\" security=\"restricted\" style=\"position: absolute; clip: rect(1px, 1px, 1px, 1px);\" title=\"&#8220;CORONAVIRUS: AGGIORNAMENTO NAZIONALE 22 APRILE 2022&#8221; &#8212; Radio Pi\u00f9\" src=\"https:\/\/www.radiopiu.net\/wordpress\/aggnazionaleaprile22\/embed\/#?secret=fqDHCT6ztm#?secret=HoI4DtSoP1\" data-secret=\"HoI4DtSoP1\" width=\"600\" height=\"338\" frameborder=\"0\" marginwidth=\"0\" marginheight=\"0\" scrolling=\"no\"><\/iframe><\/p>\n<p>&nbsp;<\/p>\n<blockquote class=\"wp-embedded-content\" data-secret=\"lLtnGpk5yO\"><p><a href=\"https:\/\/www.radiopiu.net\/wordpress\/aggazzeroaprilea23aaa\/\">OTTO PAZIENTI IN MENO NEGLI OSPEDALI DEL BELLUNESE, IN VENETO 11 DECESSI<\/a><\/p><\/blockquote>\n<p><iframe loading=\"lazy\" class=\"wp-embedded-content\" sandbox=\"allow-scripts\" security=\"restricted\" style=\"position: absolute; clip: rect(1px, 1px, 1px, 1px);\" title=\"&#8220;OTTO PAZIENTI IN MENO NEGLI OSPEDALI DEL BELLUNESE, IN VENETO 11 DECESSI&#8221; &#8212; Radio Pi\u00f9\" src=\"https:\/\/www.radiopiu.net\/wordpress\/aggazzeroaprilea23aaa\/embed\/#?secret=HjhLFz7vaM#?secret=lLtnGpk5yO\" data-secret=\"lLtnGpk5yO\" width=\"600\" height=\"338\" frameborder=\"0\" marginwidth=\"0\" marginheight=\"0\" scrolling=\"no\"><\/iframe><\/p>\n<h2 dir=\"auto\">I GRAFICI DI TIZIANO DE COL<\/h2>\n\n\t\t\t<style type='text\/css'>\n\t\t\t\t#gallery-3 {\n\t\t\t\t\tmargin: auto;\n\t\t\t\t}\n\t\t\t\t#gallery-3 .gallery-item {\n\t\t\t\t\tfloat: left;\n\t\t\t\t\tmargin-top: 10px;\n\t\t\t\t\ttext-align: center;\n\t\t\t\t\twidth: 33%;\n\t\t\t\t}\n\t\t\t\t#gallery-3 img {\n\t\t\t\t\tborder: 2px solid #cfcfcf;\n\t\t\t\t}\n\t\t\t\t#gallery-3 .gallery-caption {\n\t\t\t\t\tmargin-left: 0;\n\t\t\t\t}\n\t\t\t\t\/* see gallery_shortcode() in wp-includes\/media.php *\/\n\t\t\t<\/style>\n\t\t<div id='gallery-3' class='dt-gallery-container gallery galleryid-271690 gallery-columns-3 gallery-size-thumbnail'><dl class='gallery-item'>\n\t\t\t\t<dt class='gallery-icon landscape'>\n\t\t\t\t\t<a class=\"rollover rollover-zoom dt-pswp-item\" title=\"92f21042-f48e-494c-b84e-b148cc2792e4\" data-dt-img-description=\"\" data-large_image_width=\"597\" data-large_image_height=\"365\"href='https:\/\/www.radiopiu.net\/wordpress\/wp-content\/uploads\/2022\/04\/92f21042-f48e-494c-b84e-b148cc2792e4.jpg'><img loading=\"lazy\" decoding=\"async\" width=\"150\" height=\"150\" src=\"https:\/\/www.radiopiu.net\/wordpress\/wp-content\/uploads\/2022\/04\/92f21042-f48e-494c-b84e-b148cc2792e4-150x150.jpg\" class=\"attachment-thumbnail size-thumbnail\" alt=\"\" \/><\/a>\n\t\t\t\t<\/dt><\/dl><dl class='gallery-item'>\n\t\t\t\t<dt class='gallery-icon landscape'>\n\t\t\t\t\t<a class=\"rollover rollover-zoom dt-pswp-item\" title=\"8b303a7b-090f-4a0d-a0e7-94ffa9e8cfd2\" data-dt-img-description=\"\" data-large_image_width=\"588\" data-large_image_height=\"357\"href='https:\/\/www.radiopiu.net\/wordpress\/wp-content\/uploads\/2022\/04\/8b303a7b-090f-4a0d-a0e7-94ffa9e8cfd2.jpg'><img loading=\"lazy\" decoding=\"async\" width=\"150\" height=\"150\" src=\"https:\/\/www.radiopiu.net\/wordpress\/wp-content\/uploads\/2022\/04\/8b303a7b-090f-4a0d-a0e7-94ffa9e8cfd2-150x150.jpg\" class=\"attachment-thumbnail size-thumbnail\" alt=\"\" \/><\/a>\n\t\t\t\t<\/dt><\/dl><dl class='gallery-item'>\n\t\t\t\t<dt class='gallery-icon landscape'>\n\t\t\t\t\t<a class=\"rollover rollover-zoom dt-pswp-item\" title=\"ed8c97a7-e789-4b54-9f51-bef5e04835d1\" data-dt-img-description=\"\" data-large_image_width=\"600\" data-large_image_height=\"367\"href='https:\/\/www.radiopiu.net\/wordpress\/wp-content\/uploads\/2022\/04\/ed8c97a7-e789-4b54-9f51-bef5e04835d1.jpg'><img loading=\"lazy\" decoding=\"async\" width=\"150\" height=\"150\" src=\"https:\/\/www.radiopiu.net\/wordpress\/wp-content\/uploads\/2022\/04\/ed8c97a7-e789-4b54-9f51-bef5e04835d1-150x150.jpg\" class=\"attachment-thumbnail size-thumbnail\" alt=\"\" \/><\/a>\n\t\t\t\t<\/dt><\/dl><br style=\"clear: both\" \/><dl class='gallery-item'>\n\t\t\t\t<dt class='gallery-icon landscape'>\n\t\t\t\t\t<a class=\"rollover rollover-zoom dt-pswp-item\" title=\"f77ab2d2-bb4f-4629-941f-542e26fd6bd4\" data-dt-img-description=\"\" data-large_image_width=\"604\" data-large_image_height=\"371\"href='https:\/\/www.radiopiu.net\/wordpress\/wp-content\/uploads\/2022\/04\/f77ab2d2-bb4f-4629-941f-542e26fd6bd4.jpg'><img loading=\"lazy\" decoding=\"async\" width=\"150\" height=\"150\" src=\"https:\/\/www.radiopiu.net\/wordpress\/wp-content\/uploads\/2022\/04\/f77ab2d2-bb4f-4629-941f-542e26fd6bd4-150x150.jpg\" class=\"attachment-thumbnail size-thumbnail\" alt=\"\" \/><\/a>\n\t\t\t\t<\/dt><\/dl><dl class='gallery-item'>\n\t\t\t\t<dt class='gallery-icon landscape'>\n\t\t\t\t\t<a class=\"rollover rollover-zoom dt-pswp-item\" title=\"6a2aaaa2-56a5-4332-9901-9c6a27bcedef\" data-dt-img-description=\"\" data-large_image_width=\"610\" data-large_image_height=\"364\"href='https:\/\/www.radiopiu.net\/wordpress\/wp-content\/uploads\/2022\/04\/6a2aaaa2-56a5-4332-9901-9c6a27bcedef.jpg'><img loading=\"lazy\" decoding=\"async\" width=\"150\" height=\"150\" src=\"https:\/\/www.radiopiu.net\/wordpress\/wp-content\/uploads\/2022\/04\/6a2aaaa2-56a5-4332-9901-9c6a27bcedef-150x150.jpg\" class=\"attachment-thumbnail size-thumbnail\" alt=\"\" \/><\/a>\n\t\t\t\t<\/dt><\/dl><dl class='gallery-item'>\n\t\t\t\t<dt class='gallery-icon landscape'>\n\t\t\t\t\t<a class=\"rollover rollover-zoom dt-pswp-item\" title=\"7face299-7c57-4219-aebf-f8f139f64d31\" data-dt-img-description=\"\" data-large_image_width=\"612\" data-large_image_height=\"359\"href='https:\/\/www.radiopiu.net\/wordpress\/wp-content\/uploads\/2022\/04\/7face299-7c57-4219-aebf-f8f139f64d31.jpg'><img loading=\"lazy\" decoding=\"async\" width=\"150\" height=\"150\" src=\"https:\/\/www.radiopiu.net\/wordpress\/wp-content\/uploads\/2022\/04\/7face299-7c57-4219-aebf-f8f139f64d31-150x150.jpg\" class=\"attachment-thumbnail size-thumbnail\" alt=\"\" \/><\/a>\n\t\t\t\t<\/dt><\/dl><br style=\"clear: both\" \/>\n\t\t\t<\/div>\n\n<p>&nbsp;<\/p>\n<p>&nbsp;<\/p>\n<p>&nbsp;<\/p>\n<hr \/>\n<p>&nbsp;<\/p>\n<p>&nbsp;<\/p>\n<blockquote>\n<h3>LA PROVINCIA RINUNCIA A 140 MILIONI IN 10 ANNI<\/h3>\n<\/blockquote>\n<p><strong><a class=\"dt-pswp-item\" href=\"https:\/\/www.radiopiu.net\/wordpress\/wp-content\/uploads\/2022\/04\/safe_image-2.jpg\" data-dt-img-description=\"\" data-large_image_width=\"500\" data-large_image_height=\"261\"><img loading=\"lazy\" decoding=\"async\" class=\"wp-image-271788 alignleft\" src=\"https:\/\/www.radiopiu.net\/wordpress\/wp-content\/uploads\/2022\/04\/safe_image-2-300x157.jpg\" alt=\"\" width=\"193\" height=\"101\" srcset=\"https:\/\/www.radiopiu.net\/wordpress\/wp-content\/uploads\/2022\/04\/safe_image-2-300x157.jpg 300w, https:\/\/www.radiopiu.net\/wordpress\/wp-content\/uploads\/2022\/04\/safe_image-2.jpg 500w\" sizes=\"auto, (max-width: 193px) 100vw, 193px\" \/><\/a>BELLUNO<\/strong> La Provincia toglie 1 milione di euro dalle manutenzioni stradali per indirizzarli sulla 251 della Val di Zoldo, ma guardando a ritroso ecco che mancano 140 milioni di euro.\u00a0 Il calcolo effettuato dalla Provincia fa riferimento ai mancati trasferimenti dallo Stato, azzerati a partire dal 2016. In particolare, dal 2004 al 2010, la somma ammontava a 15 milioni di euro l\u2019anno. Nel 2011 la cifra \u00e8 stata decurtata a 11 milioni, diventati 7,4 nel 2012. Il taglio \u00e8 proseguito nel 2013 (5,2 milioni), nel 2014 (4 milioni) e nel 2015 (950mila euro). <em>\u00abDal 2016 non sono pi\u00f9 arrivate risorse statali dedicate alla viabilit\u00e0 e alle strade. Significa che abbiamo dovuto rinunciare a circa 137 milioni di euro in una decina di anni, mentre i chilometri di strade da gestire sono rimasti immutati\u00bb<\/em> spiega il consigliere Luchetta. Solo negli ultimi anni, con una serie di stanziamenti occasionali, dedicati a interventi particolari, sono state previste ulteriori risorse statali: circa 26 milioni da spalmare tra il 2020 e il 2026, piccole cifre rispetto ai quasi 700 chilometri di viabilit\u00e0 da gestire. Per il Presidente della Provincia Roberto Padrin con 137 milioni di euro in dieci anni si possono programmare non solo manutenzioni ordinarie per la sicurezza di chi transita sulle strade, ma anche interventi importanti. Per la strada della Val di Zoldo\u00a0 sono stati investiti 2,1 milioni solo negli ultimi mesi e\u00a0 c\u2019\u00e8 un progetto presentato da Veneto Strade da oltre 30 milioni. <em>&#8220;Per questo &#8211; dice Padrin &#8211;\u00a0 chiediamo un intervento del Governo, quanto meno per la Val di Zoldo e il Comelico, le cui opere\u00a0 costano meno dei 140 milioni di mancati trasferimenti statali&#8221;<\/em>.<\/p>\n<p>&nbsp;<\/p>\n<hr \/>\n<p>&nbsp;<\/p>\n<blockquote>\n<h3>\u201cBANCA OCCHI VENETO ECCELLENZA MONDIALE. GARANTITO IL 62% DEI TRAPIANTI DI CORNEA ITALIANI\u201d<\/h3>\n<\/blockquote>\n<p><strong><a class=\"dt-pswp-item\" href=\"https:\/\/www.radiopiu.net\/wordpress\/wp-content\/uploads\/2022\/04\/download-4.jpg\" data-dt-img-description=\"\" data-large_image_width=\"288\" data-large_image_height=\"175\"><img loading=\"lazy\" decoding=\"async\" class=\"wp-image-271799 alignleft\" src=\"https:\/\/www.radiopiu.net\/wordpress\/wp-content\/uploads\/2022\/04\/download-4-150x150.jpg\" alt=\"\" width=\"97\" height=\"97\" \/><\/a>VENEZIA<\/strong> \u201cNumeri come quelli della Banca degli Occhi del Veneto costituiscono un\u2019eccellenza internazionale della quale andare fieri&#8221;. Cos\u00ec il Presidente della Regione commenta i dati diffusi\u00a0 dalla Fondazione Banca degli Occhi del Veneto, in vista della Giornata nazionale per la donazione di organi e tessuti che si terr\u00e0 domani. Risultati\u00a0 frutto di un meraviglioso gioco di squadra, che si compone della generosit\u00e0 dei donatori e delle loro famiglie, di un\u2019organizzazione moderna ed efficace, di un livello eccelso di preparazione scientifica degli operatori. Banca degli occhi\u00a0 fornisce 203 Centri Trapianto italiani e una ventina all\u2019estero.<\/p>\n<p>&nbsp;<\/p>\n<hr \/>\n<p>&nbsp;<\/p>\n<blockquote>\n<h3>TAGLIO CESAREO DOLCE: AL SAN MARTINO NATI FILIPPO E CLOE<\/h3>\n<\/blockquote>\n<p><strong><img loading=\"lazy\" decoding=\"async\" class=\"alignleft\" src=\"https:\/\/www.radiopiu.net\/wordpress\/wp-content\/uploads\/2022\/04\/WhatsApp-Image-2022-04-21-at-17.07.49.jpeg\" width=\"338\" height=\"254\" \/>BELLUNO<\/strong> al San Martino di Belluno, sono nati Filippo e Cloe, due splendidi bimbi che sono stati accolti con la nuova metodica del taglio cesareo dolce, per la prima volta utilizzata a Belluno. Si tratta di una modalit\u00e0 chirurgica pi\u00f9 delicata per dare spazio all\u2019esperienza della mamma, del bambino e dell\u2019intera famiglia, coniugando i loro bisogni con la sicurezza. Con il taglio cesareo dolce, viene offerta anche al pap\u00e0 la possibilit\u00e0 di partecipare al parto e il bambino viene estratto in modo \u201clento\u201d per dare al neonato la possibilit\u00e0 di adattarsi alla vita extrauterina. Il neonato viene posto a contatto pelle a pelle con la mamma, per trovare calore, conforto e nutrimento, e inizia subito la conoscenza del pap\u00e0 che \u00e8 a fianco della mamma in sala operatoria.\u00a0 Questa modalit\u00e0 \u00e8 offerta da oggi negli interventi chirurgici programmati, e rientra tra le iniziative a sostegno della famiglia e a sostegno dell&#8217;allattamento al seno. \u00c8 resa possibile grazie alla collaborazione tra le unit\u00e0 operative di ostetricia e ginecologia, pediatria, anestesia e gruppo operatorio.\u00a0 Soddisfatti i genitori Serena e Simone, e Dino e Andreea-Simona (nella foto) che hanno potuto accogliere i loro bimbi condividendo l&#8217;esperienza e iniziando precocemente l&#8217;allattamento al seno.<\/p>\n<p>&nbsp;<\/p>\n<p>&nbsp;<\/p>\n<hr \/>\n<blockquote>\n<h3><\/h3>\n<h3>A FINE MESE CAMBIO MEDICI AD ALANO, ALPAGO E LONGARONE<\/h3>\n<\/blockquote>\n<p><strong><a class=\"dt-pswp-item\" href=\"https:\/\/www.radiopiu.net\/wordpress\/wp-content\/uploads\/2020\/10\/Medicodimedicinagenerale.jpg\" data-dt-img-description=\"\" data-large_image_width=\"1200\" data-large_image_height=\"790\"><img loading=\"lazy\" decoding=\"async\" class=\"wp-image-167000 alignleft\" src=\"https:\/\/www.radiopiu.net\/wordpress\/wp-content\/uploads\/2020\/10\/Medicodimedicinagenerale-150x150.jpg\" alt=\"\" width=\"102\" height=\"102\" \/><\/a>BELLUNO<\/strong> Il 30 aprile sono in programma tre cambi di Medici di Medicina Generale dell\u2019Ulss Dolomiti ad Alano (dr Longo), in Alpago (dr De Polo) e a Longarone (dr Ponticiello). Per tutti e tre i cambi sono state trovate soluzioni che consentono agli assistiti di continuare ad avere l\u2019assistenza primaria attraverso l\u2019assegnazione d\u2019ufficio ad altri medici dell\u2019ambito, ferma restando la possibilit\u00e0 di effettuare in ogni momento la scelta di un altro professionista tra quelli disponibili. Inoltre, per facilitare la comunicazione con i cittadini, sar\u00e0 sperimentata la comunicazione dell\u2019assegnazione al nuovo medico via SMS. Nel dettaglio DISTRETTO 1 BELLUNO\u00a0 Gli assistiti del dr. De Polo saranno assegnati d\u2019ufficio al dr. Nazario Ponticello anche per l&#8217;ambito territoriale di Longarone. DISTRETTO 2 FELTRE Gli assistiti del dr. Longo residenti ad Alano di Piave e Quero Vas saranno provvisoriamente cos\u00ec ripartiti tra i dottori Angelo Segreto e Donatello Carcione. A disposizione per eventuali informazioni gli uffici Anagrafe Sanitaria di Feltre allo 0439 883680 il luned\u00ec, marted\u00ec, gioved\u00ec e venerd\u00ec dalle ore 10.00 alle ore 12.00 e di Belluno allo 0437 516757 dal luned\u00ec al venerd\u00ec dalle ore 10.00 alle ore 12.00.<\/p>\n<p>&nbsp;<\/p>\n<p>&nbsp;<\/p>\n<hr \/>\n<p>&nbsp;<\/p>\n<blockquote>\n<h3>ANCORA UN ANNO FUORI CASA PER GLI ALUNNI DELLA SCUOLA DI CASTION<\/h3>\n<\/blockquote>\n<p><strong><a class=\"dt-pswp-item\" href=\"https:\/\/www.radiopiu.net\/wordpress\/wp-content\/uploads\/2022\/04\/b36d875d-24bf-4696-a219-37d15611545b.jpg\" data-dt-img-description=\"\" data-large_image_width=\"1600\" data-large_image_height=\"902\"><img loading=\"lazy\" decoding=\"async\" class=\"wp-image-271872 alignleft\" src=\"https:\/\/www.radiopiu.net\/wordpress\/wp-content\/uploads\/2022\/04\/b36d875d-24bf-4696-a219-37d15611545b-300x169.jpg\" alt=\"\" width=\"172\" height=\"97\" srcset=\"https:\/\/www.radiopiu.net\/wordpress\/wp-content\/uploads\/2022\/04\/b36d875d-24bf-4696-a219-37d15611545b-300x169.jpg 300w, https:\/\/www.radiopiu.net\/wordpress\/wp-content\/uploads\/2022\/04\/b36d875d-24bf-4696-a219-37d15611545b-1024x577.jpg 1024w, https:\/\/www.radiopiu.net\/wordpress\/wp-content\/uploads\/2022\/04\/b36d875d-24bf-4696-a219-37d15611545b-768x433.jpg 768w, https:\/\/www.radiopiu.net\/wordpress\/wp-content\/uploads\/2022\/04\/b36d875d-24bf-4696-a219-37d15611545b-1536x866.jpg 1536w, https:\/\/www.radiopiu.net\/wordpress\/wp-content\/uploads\/2022\/04\/b36d875d-24bf-4696-a219-37d15611545b.jpg 1600w\" sizes=\"auto, (max-width: 172px) 100vw, 172px\" \/><\/a>BELLUNO<\/strong><\/p>\n<p>di Moreno Gioli<\/p>\n<audio class=\"wp-audio-shortcode\" id=\"audio-271690-5\" preload=\"none\" style=\"width: 100%;\" controls=\"controls\"><source type=\"audio\/mpeg\" src=\"https:\/\/www.radiopiu.net\/wordpress\/wp-content\/uploads\/2022\/04\/GIOLI-SCUOLE-CASTION.mp3?_=5\" \/><a href=\"https:\/\/www.radiopiu.net\/wordpress\/wp-content\/uploads\/2022\/04\/GIOLI-SCUOLE-CASTION.mp3\">https:\/\/www.radiopiu.net\/wordpress\/wp-content\/uploads\/2022\/04\/GIOLI-SCUOLE-CASTION.mp3<\/a><\/audio>\n<p><strong>L&#8217;ASSESSORE DEL COMUNE DI BELLUNO BIAGIO GIANNIONE<\/strong><\/p>\n<div style=\"width: 640px;\" class=\"wp-video\"><video class=\"wp-video-shortcode\" id=\"video-271690-1\" width=\"640\" height=\"352\" preload=\"metadata\" controls=\"controls\"><source type=\"video\/mp4\" src=\"https:\/\/www.radiopiu.net\/wordpress\/wp-content\/uploads\/2022\/04\/GIANNONE-VIDEO-SCUOLE.mp4?_=1\" \/><a href=\"https:\/\/www.radiopiu.net\/wordpress\/wp-content\/uploads\/2022\/04\/GIANNONE-VIDEO-SCUOLE.mp4\">https:\/\/www.radiopiu.net\/wordpress\/wp-content\/uploads\/2022\/04\/GIANNONE-VIDEO-SCUOLE.mp4<\/a><\/video><\/div>\n<p>&nbsp;<\/p>\n<hr \/>\n<p>&nbsp;<\/p>\n<blockquote>\n<h3>FONDO WELFARE IN AIUTO AI PROFUGHI UCRAINI<\/h3>\n<\/blockquote>\n<p><strong><a class=\"dt-pswp-item\" href=\"https:\/\/www.radiopiu.net\/wordpress\/wp-content\/uploads\/2022\/03\/aiuti-ucraina.jpg\" data-dt-img-description=\"\" data-large_image_width=\"1240\" data-large_image_height=\"600\"><img loading=\"lazy\" decoding=\"async\" class=\" wp-image-262805 alignleft\" src=\"https:\/\/www.radiopiu.net\/wordpress\/wp-content\/uploads\/2022\/03\/aiuti-ucraina-150x150.jpg\" alt=\"\" width=\"102\" height=\"102\" \/><\/a>BELLUNO<\/strong> Il Fondo Welfare Dolomiti prosegue nell\u2019aiuto ai profughi ucraini per assicurare alcuni servizi a chi \u00e8 fuggito dalla guerra.\u00a0 Stanziata una prima donazione per sostenere la mobilit\u00e0 delle persone ospitate nel Bellunese attraverso il trasporto pubblico locale. Chi volesse aiutare pu\u00f2 farlo versando una donazione sul conto corrente intestato al Fondo Welfare (IT52L0306909606100000165485), con causale \u201cEmergenza Ucraina\u201d. E&#8217; prevista inolte la seconda parte del webinar sulle conseguenze psicologiche della guerra. L\u2019incontro, rivolto a genitori, educatori e insegnanti, si terr\u00e0 mercoled\u00ec alle 18 su piattaforma lifesize (https:\/\/call.lifesizecloud.com\/13397904). Interverr\u00e0 la psicoterapeuta Stefania Sacchezin.<\/p>\n<p>&nbsp;<\/p>\n<hr \/>\n<blockquote>\n<h3><\/h3>\n<h3>L&#8217;INAUGURAZIONE DELLA CASA NATALE DI PAPA LUCIANI con Loris Serafini<\/h3>\n<\/blockquote>\n<blockquote>\n<h3><img loading=\"lazy\" decoding=\"async\" class=\"alignleft\" src=\"https:\/\/www.radiopiu.net\/wordpress\/wp-content\/uploads\/2022\/04\/STA.jpg\" width=\"186\" height=\"151\" \/> NEL GIARDINO DELLA CASA DI PAPA LUCIANI E&#8217; STATA POSATA LA STATUA DI BALLJANA<\/h3>\n<\/blockquote>\n<p><strong>CANALE D&#8217;AGORDO <\/strong>\u00a0 Oggi, si terr\u00e0 la cerimonia ufficiale di inaugurazione della casa natale di papa Luciani dopo i lavori di ristrutturazione iniziati nel 2019.\u00a0 \u00a0La giornata prender\u00e0 il via alle ore 10 presso la chiesa parrocchiale. Nell&#8217;occasione inoltre il comune di Canale d&#8217;Agordo conferir\u00e0 la cittadinanza onoraria al cardinal Stella. Alle\u00a0 11.15 benedizione dei lavori di restauro e verr\u00e0 inaugurata la statua in bronzo dedicata a Papa Luciani, donata dallo scultore trevigiano Carlo Balljana.<\/p>\n<p>&nbsp;<\/p>\n<p><strong>IN STUDIO NELLO SPAZIO &#8220;CARPE DIEM&#8221; LORIS SERAFINI, DIRETTORE FONDAZIONE PAPA LUCIANI DI CANALE D&#8217;AGORDO<\/strong><\/p>\n<p><strong>AUDIO<\/strong><\/p>\n<audio class=\"wp-audio-shortcode\" id=\"audio-271690-6\" preload=\"none\" style=\"width: 100%;\" controls=\"controls\"><source type=\"audio\/mpeg\" src=\"https:\/\/www.radiopiu.net\/wordpress\/wp-content\/uploads\/2022\/04\/loris-serafini-21-aprile.mp3?_=6\" \/><a href=\"https:\/\/www.radiopiu.net\/wordpress\/wp-content\/uploads\/2022\/04\/loris-serafini-21-aprile.mp3\">https:\/\/www.radiopiu.net\/wordpress\/wp-content\/uploads\/2022\/04\/loris-serafini-21-aprile.mp3<\/a><\/audio>\n<p>&nbsp;<\/p>\n<hr \/>\n<p>&nbsp;<\/p>\n<blockquote>\n<h3>UNA GIORNATA DI INCONTRI A ROMA PER L&#8217;UNAIE<\/h3>\n<\/blockquote>\n<p><strong><a class=\"dt-pswp-item\" href=\"https:\/\/www.radiopiu.net\/wordpress\/wp-content\/uploads\/2022\/04\/dinca_incontro.jpg\" data-dt-img-description=\"\" data-large_image_width=\"960\" data-large_image_height=\"720\"><img loading=\"lazy\" decoding=\"async\" class=\" wp-image-271861 alignleft\" src=\"https:\/\/www.radiopiu.net\/wordpress\/wp-content\/uploads\/2022\/04\/dinca_incontro-150x150.jpg\" alt=\"\" width=\"125\" height=\"125\" \/><\/a>BELLUNO<\/strong> Una giornata ricca di incontra nella capitale, quella di mercoled\u00ec 19 aprile, da parte della delegazione Unaie guidata dal presidente De Bona e dai vicepresidenti Maistri e Schipani. In tre diversi appuntamenti l\u2019UNAIE ha incontrato il ministro dei rapporti con il Parlamento Federico D\u2019Inc\u00e0, il sottosegretario di Stato per gli Affari Esteri e la Cooperazione Internazionale Benedetto Della Vedova, il direttore generale degli Italiani nel Mondo Giovanni Maria Vignali e il senatore Fabio Porta eletto in Sudamerica. A completare la delegazione Unaie la presidente emerita Ilaria Del Bianco e i consglieri Franco Conte e Sebastiano D\u2019Angelo.<\/p>\n<p>&nbsp;<\/p>\n<p>&nbsp;<\/p>\n<hr \/>\n<p>&nbsp;<\/p>\n<blockquote>\n<h3>RETI, VENETI E CELTI NEL CADORE PREROMANO<\/h3>\n<\/blockquote>\n<p><strong><a class=\"dt-pswp-item\" href=\"https:\/\/www.radiopiu.net\/wordpress\/wp-content\/uploads\/2022\/04\/coins-4786028__340.jpg\" data-dt-img-description=\"\" data-large_image_width=\"510\" data-large_image_height=\"340\"><img loading=\"lazy\" decoding=\"async\" class=\"wp-image-271800 alignleft\" src=\"https:\/\/www.radiopiu.net\/wordpress\/wp-content\/uploads\/2022\/04\/coins-4786028__340-150x150.jpg\" alt=\"\" width=\"89\" height=\"89\" \/><\/a>PIEVE DI CADORE<\/strong> Il gruppo archeologico cadorino propone la prima delle tre conferenze in programma tra fine aprile e il 7 maggio, Sabato alle 17 nel salone della Magnifica Comunit\u00e0 con relatore Gioal Canestrelli, laureato in Lettere Antiche presso l\u2019Universit\u00e0 degli studi di Verona. La presentazione spazier\u00e0 dalle leggende alla storia raccontata, con particolare attenzione ai rapporti di interscambio tra culture e con riferimenti all\u2019area alpina, a quella dolomitica e al Cadore.<\/p>\n<p>&nbsp;<\/p>\n<hr \/>\n<p>&nbsp;<\/p>\n<blockquote>\n<h3>SETTIMANA DEDICATA ALLA SALUTE DELLA DONNA<\/h3>\n<\/blockquote>\n<p><strong><a href=\"https:\/\/www.radiopiu.net\/wordpress\/wp-content\/uploads\/2022\/04\/woman-570883__480.webp\"><img loading=\"lazy\" decoding=\"async\" class=\" wp-image-271801 alignleft\" src=\"https:\/\/www.radiopiu.net\/wordpress\/wp-content\/uploads\/2022\/04\/woman-570883__480-150x150.webp\" alt=\"\" width=\"111\" height=\"111\" \/><\/a>BELLUNO <\/strong>L\u2019Ulss Dolomiti propone, tra il 20 e il 26 aprile, una serie di iniziative, sia in modalit\u00e0 online sia con incontri in presenza, rivolte a tutte le donne. Oggi \u201cVALUTAZIONE DEL PAVIMENTO PELVICO\u201d dalle 9.00 alle 18.00 &#8211; Open Day promosso dall\u2019UOC Ostetricia Ginecologia di Belluno. Le ostetriche sono a disposizione per visite gratuite per l&#8217;incontinenza, il prolasso e la \u00a0\u00a0 dispareunia presso l\u2019Ospedale San Martino di Belluno.\u00a0E\u2019 necessario prenotare l\u2019appuntamento inviando una mail all\u2019indirizzo: \u00a0 <a href=\"mailto:ginecologia.bl.rep@aulss1.veneto.it\">ginecologia.bl.rep@aulss1.veneto.it<\/a> \u201cVULVODINIA: IMPARARE A CONOSCERLA PER VIVERE MEGLIO\u201d\u00a0dalle 10.00 alle 11.30 \u2013 incontro presso la sala convegni dell\u2019Ospedale Santa\u00a0 Maria del Prato di Feltre con il direttore dell\u2019UOC Ostetricia Ginecologia di Feltre Laura Favretti e l\u2019ostetrica Chiara Damerini Per partecipare \u00e8 richiesta l\u2019iscrizione inviando una mail all\u2019indirizzo: <a href=\"mailto:elda.cengia@aulss1.veneto.it\">elda.cengia@aulss1.veneto.it<\/a> o telefonando dal luned\u00ec al venerd\u00ec dalle 10.00 alle 12.00 al numero 0439\/883497<\/p>\n<p>&nbsp;<\/p>\n<p>&nbsp;<\/p>\n<hr \/>\n<p>&nbsp;<\/p>\n<blockquote>\n<h3><a class=\"dt-pswp-item\" href=\"https:\/\/www.radiopiu.net\/wordpress\/wp-content\/uploads\/2019\/12\/aido-belluno.jpg\" data-dt-img-description=\"\" data-large_image_width=\"2048\" data-large_image_height=\"1152\"><img loading=\"lazy\" decoding=\"async\" class=\"wp-image-109465 alignleft\" src=\"https:\/\/www.radiopiu.net\/wordpress\/wp-content\/uploads\/2019\/12\/aido-belluno-150x150.jpg\" alt=\"\" width=\"113\" height=\"113\" \/><\/a>OGGI L&#8217;ASSEMBLEA AIDO<\/h3>\n<\/blockquote>\n<p><strong><span id=\"page5R_mcid0\" class=\"markedContent\"><span dir=\"ltr\" role=\"presentation\">BELLUNO <\/span><\/span><\/strong><span id=\"page5R_mcid3\" class=\"markedContent\"><span dir=\"ltr\" role=\"presentation\">L&#8217;Aido Belluno (Associazione Donatori di Organi) supera quota 30mila iscrizioni sul territorio provinciale. Un dato in crescita rispetto al 2021, nell&#8217;anno <\/span><\/span><span id=\"page5R_mcid6\" class=\"markedContent\"><span dir=\"ltr\" role=\"presentation\">116 donazioni di organi, alle quali se ne <\/span><\/span><span id=\"page5R_mcid7\" class=\"markedContent\"><span dir=\"ltr\" role=\"presentation\">sono aggiunte 60 di cornee e tessuti. <\/span><\/span><span id=\"page5R_mcid8\" class=\"markedContent\"><span dir=\"ltr\" role=\"presentation\">Questi e molti altri argomenti saranno al centro dell&#8217;<\/span><\/span><span id=\"page5R_mcid9\" class=\"markedContent\"><span dir=\"ltr\" role=\"presentation\">assemblea provinciale Aido che si svolger\u00e0 oggi alle 10.30 <\/span><\/span><span id=\"page5R_mcid10\" class=\"markedContent\"><span dir=\"ltr\" role=\"presentation\">in localit\u00e0 Valmaor, alla &#8220;fattoria del Piave&#8221;. <\/span><\/span><span id=\"page5R_mcid15\" class=\"markedContent\"><span dir=\"ltr\" role=\"presentation\">\u00a0In caso di maltempo <\/span><\/span><span id=\"page5R_mcid16\" class=\"markedContent\"><span dir=\"ltr\" role=\"presentation\">l&#8217;evento verr\u00e0 spostato in sala parrocchiale a Limana.\u00a0<\/span><\/span><\/p>\n<p>&nbsp;<\/p>\n<hr \/>\n<p>&nbsp;<\/p>\n<blockquote>\n<h3><a class=\"dt-pswp-item\" href=\"https:\/\/www.radiopiu.net\/wordpress\/wp-content\/uploads\/2021\/07\/SALA-DON-TAMIS.png\" data-dt-img-description=\"\" data-large_image_width=\"1354\" data-large_image_height=\"920\"><img loading=\"lazy\" decoding=\"async\" class=\"wp-image-220859 alignleft\" src=\"https:\/\/www.radiopiu.net\/wordpress\/wp-content\/uploads\/2021\/07\/SALA-DON-TAMIS-150x150.png\" alt=\"\" width=\"82\" height=\"82\" \/><\/a>UNIONE MONTANA, CONSIGLIO IN PRESENZA. SI APPROVANO LE TARIFFE PER LA RACCOLTA DEI RIFIUTI<\/h3>\n<\/blockquote>\n<p><strong>AGORDO<\/strong> Giovedi alle 20 consiglio dell&#8217;Unione Montana in sala Don Tamis. L&#8217;ordine del giorno a firma del Presidente Michele Costa: servizio rifiuti, approvazione del piano economico finanziario e delle tariffe per il 2022. Aggiornamento dell&#8217;elenco delle strade silvo-pastorali<\/p>\n<p>&nbsp;<\/p>\n<hr \/>\n<p>&nbsp;<\/p>\n<blockquote>\n<h3><a class=\"dt-pswp-item\" href=\"https:\/\/www.radiopiu.net\/wordpress\/wp-content\/uploads\/2021\/11\/250px-ChiesaFalcade.jpg\" data-dt-img-description=\"\" data-large_image_width=\"250\" data-large_image_height=\"188\"><img loading=\"lazy\" decoding=\"async\" class=\"wp-image-240437 alignleft\" src=\"https:\/\/www.radiopiu.net\/wordpress\/wp-content\/uploads\/2021\/11\/250px-ChiesaFalcade-150x150.jpg\" alt=\"\" width=\"89\" height=\"89\" \/><\/a>COSTA CONVOCA I CONSIGLIERI IN MUNICIPIO<\/h3>\n<\/blockquote>\n<p><strong>FALCADE<\/strong> Mercoledi alle 18 consiglio comunale a Falcade, il sindaco Michele Costa porter\u00e0 all&#8217;approvazione sei argomenti: due variazioni al bilancio, l&#8217;approvazione della convenzione con il servizio idrico integrato (finanziamento pnrr), bilancio dell&#8217;Asca e\u00a0 mutamento di destinazione d&#8217;uso di terreni per l&#8217;installazione di nuovi apparati di telecomunicazione delle compagnie telefoniche.<\/p>\n<p>&nbsp;<\/p>\n<p>&nbsp;<\/p>\n<hr \/>\n<p>&nbsp;<\/p>\n<p>&nbsp;<\/p>\n<blockquote>\n<h3><a class=\"dt-pswp-item\" href=\"https:\/\/www.radiopiu.net\/wordpress\/wp-content\/uploads\/2021\/11\/81aa72cc-d66b-44fa-afd5-7103ae531a24.jpg\" data-dt-img-description=\"\" data-large_image_width=\"512\" data-large_image_height=\"376\"><img loading=\"lazy\" decoding=\"async\" class=\"wp-image-243762 alignleft\" src=\"https:\/\/www.radiopiu.net\/wordpress\/wp-content\/uploads\/2021\/11\/81aa72cc-d66b-44fa-afd5-7103ae531a24-150x150.jpg\" alt=\"\" width=\"84\" height=\"84\" \/><\/a>UN UNICO PUNTO NEL CONSIGLIO COMUNALE CONVOCATO DAL SINDACO\u00a0 MORENO DE VAL<\/h3>\n<\/blockquote>\n<p><strong>SAN TOMASO<\/strong> Giovedi alle 20 (in concomitanza con il consiglio dell&#8217;Unione Montana Agordina) consiglio comunale con un unico ma importante punti in discussione: l&#8217;approvazione del rendiconto della gestione per l&#8217;esercizio 2021.<\/p>\n<p>&nbsp;<\/p>\n<hr \/>\n<blockquote>\n<h3><\/h3>\n<h3><a class=\"dt-pswp-item\" href=\"https:\/\/www.radiopiu.net\/wordpress\/wp-content\/uploads\/2022\/03\/254026600_962124181039693_1306450083412456774_n.png\" data-dt-img-description=\"\" data-large_image_width=\"390\" data-large_image_height=\"300\"><img loading=\"lazy\" decoding=\"async\" class=\"wp-image-267555 alignleft\" src=\"https:\/\/www.radiopiu.net\/wordpress\/wp-content\/uploads\/2022\/03\/254026600_962124181039693_1306450083412456774_n-150x150.png\" alt=\"\" width=\"80\" height=\"80\" \/><\/a>VENERDI CONSIGLIO COMUNALE A SELVA DI CADORE <strong>\u00a0<\/strong><\/h3>\n<\/blockquote>\n<p><strong>SELVA DI CADORE<\/strong> Il sindaco Luca Lorenzini ha convocato il consiglio comunale per venerdi 29 aprile alle 18, all&#8217;ordine del giorno la variazione d&#8217;urgenza al bilancio di previsione, l&#8217;approvazione del rendiconto della gestione 2021 e il piano di interventi per l&#8217;applicazione della perequazione urbanistica.<\/p>\n<h3><\/h3>\n<p>&nbsp;<\/p>\n<hr \/>\n<p>&nbsp;<\/p>\n<blockquote>\n<h3><a class=\"dt-pswp-item\" href=\"https:\/\/www.radiopiu.net\/wordpress\/wp-content\/uploads\/2021\/02\/th.jpg\" data-dt-img-description=\"\" data-large_image_width=\"225\" data-large_image_height=\"156\"><img loading=\"lazy\" decoding=\"async\" class=\"wp-image-188402 alignleft\" src=\"https:\/\/www.radiopiu.net\/wordpress\/wp-content\/uploads\/2021\/02\/th-150x150.jpg\" alt=\"\" width=\"89\" height=\"89\" \/><\/a>SABATO MATTINA UN MUNICIPIO A COLLE SANTA LUCIA<\/h3>\n<\/blockquote>\n<p><strong>COLLE SANTA LUCIA<\/strong> Sabato 30 aprile\u00a0 alle 8 del mattino i consiglieri si ritroveranno per il consiglio convocato dal sindaco Paolo Frena, all&#8217;ordine del giorno le variazioni al bilancio, l&#8217;approvazione del rendiconto 2021, le comunicazioni del sindaco sui contributi ai Comuni per le opere pubbliche per un totale di 134mila euro delle annualit\u00e0 2022. Da approvare anche il bilancio di esercizio e di previsioni di Asca.<\/p>\n<p>&nbsp;<\/p>\n<p>&nbsp;<\/p>\n<hr \/>\n<blockquote>\n<h3><\/h3>\n<h3><strong><a class=\"dt-pswp-item\" href=\"https:\/\/www.radiopiu.net\/wordpress\/wp-content\/uploads\/2022\/04\/belluno-lambioi-4.jpg\" data-dt-img-description=\"\" data-large_image_width=\"1920\" data-large_image_height=\"1080\"><img loading=\"lazy\" decoding=\"async\" class=\"wp-image-270876 alignleft\" src=\"https:\/\/www.radiopiu.net\/wordpress\/wp-content\/uploads\/2022\/04\/belluno-lambioi-4-150x150.jpg\" alt=\"\" width=\"98\" height=\"98\" \/><\/a><\/strong>MARTEDI CONSIGLIO COMUNALE A BELLUNO CON INTERPELLANZE E INTERROGAZIONI<\/h3>\n<\/blockquote>\n<p><strong>BELLUNO<\/strong> La seduta \u00e8 convocato per martedi alle 15.45 nella sala di Palazzo Rosso. All&#8217;ordine del giorno: programma triennale opere pubbliche; zona di recupero rigenerazione urbana; variazione di bilancio; interrogazioni sugli schianti in Nevegal, sulla\u00a0 via Feltre, sul regolamento per il rispetto dei defunti nelle affissioni e sulla gara del gas; Interpellanza sull&#8217;assenza prolungata di un dirigente.<\/p>\n<p>&nbsp;<\/p>\n<p>&nbsp;<\/p>\n<hr \/>\n<p>&nbsp;<\/p>\n<blockquote>\n<h3>DUE SALTI NELLA STORIA, SABATO DI CULTURA A PONTE NELLE ALPI<\/h3>\n<\/blockquote>\n<p><strong>PONTE NELLE ALPI <\/strong>Oggi due appuntamenti a Ponte Nelle Alpi, alle 17.30, la sede municipale di Cadola far\u00e0 da teatro all\u2019inaugurazione della mostra scatti d&#8217;epoca \u201cCavalier Antonio Orzes e al Piccolo Teatro Pierobon di Paiane, \u201cIl territorio si racconta\u201d: conferenza, moderata da Augusto Modolo sulla \u201cArcheologia dell\u2019Oltrerai &#8211; Panoramica e prospettive\u201d.<b><\/b><\/p>\n<p>&nbsp;<\/p>\n<p>&nbsp;<\/p>\n<hr \/>\n<p>&nbsp;<\/p>\n<blockquote>\n<h3>25 APRILE A FELTRE<\/h3>\n<\/blockquote>\n<p><strong>FELTRE<\/strong> Ecco il programma per il 77\u00b0 anniversario della Liberazione di lunedi 25 aprile:\u00a0 10 raduno in piazza Isola; 10.15 sfilata al Monumento ai Caduti con la Banda Citt\u00e0 di Feltre; 10.30 alzabandiera, deposizione della Corona e <a class=\"dt-pswp-item\" href=\"https:\/\/www.radiopiu.net\/wordpress\/wp-content\/uploads\/2022\/04\/istockphoto-1218611068-170667a.jpg\" data-dt-img-description=\"White cube calendar for April against soft pink background with copy space\" data-large_image_width=\"509\" data-large_image_height=\"339\"><img loading=\"lazy\" decoding=\"async\" class=\" wp-image-271802 alignleft\" src=\"https:\/\/www.radiopiu.net\/wordpress\/wp-content\/uploads\/2022\/04\/istockphoto-1218611068-170667a-150x150.jpg\" alt=\"\" width=\"113\" height=\"113\" \/><\/a>indirizzi di saluto delle autorit\u00e0. L&#8217;invito alla cittadinanza a partecipare ed esporre la bandiera tricolore.<\/p>\n<hr \/>\n<blockquote>\n<h3>25 APRILE A BELLUNO<\/h3>\n<\/blockquote>\n<p><strong>BELLUNO<\/strong> L<span dir=\"ltr\" role=\"presentation\">uned\u00ec <\/span><span dir=\"ltr\" role=\"presentation\">alle 9.45 <\/span><span dir=\"ltr\" role=\"presentation\">ritrovo al <\/span><span dir=\"ltr\" role=\"presentation\">pennone di piazza dei Martiri per l\u2019alzabandiera. In <\/span><span dir=\"ltr\" role=\"presentation\">corteo deposizione di una corona al Monumento alla Resistenza, con <\/span><span dir=\"ltr\" role=\"presentation\">l\u2019intervento del Sindaco e l\u2019orazione ufficiale a cura di <\/span><span dir=\"ltr\" role=\"presentation\">don Albino Bizzotto, Presidente di &#8220;Beati i Costruttori di Pace&#8221;. <\/span><span dir=\"ltr\" role=\"presentation\">La Cerimonia sar\u00e0 accompagnata dalla Filarmonica di Belluno 1867.<\/span><\/p>\n<p>&nbsp;<\/p>\n<hr \/>\n<p>&nbsp;<\/p>\n<blockquote>\n<h3>UN TENORE AL SUPERMERCATO,\u00a0 DOMANI\u00a0 TRA GLI SCAFFALI DELLA SPESA<\/h3>\n<\/blockquote>\n<div class=\"field field-name-field-immagine field-type-image field-label-hidden\">\n<div class=\"field-items\">\n<div class=\"field-item even\"><a class=\"colorbox init-colorbox-processed cboxElement\" title=\"\" href=\"https:\/\/www.walber.it\/sites\/default\/files\/promopost-ap207-safa.png\" rel=\"gallery-node-236\"><img loading=\"lazy\" decoding=\"async\" class=\"alignleft\" title=\"\" src=\"https:\/\/www.walber.it\/sites\/default\/files\/styles\/news_list\/public\/promopost-ap207-safa.png?itok=IbsiuFN9\" alt=\"\" width=\"246\" height=\"137\" \/><\/a><\/div>\n<\/div>\n<\/div>\n<div class=\"field field-name-body field-type-text-with-summary field-label-hidden\">\n<div class=\"field-items\">\n<div class=\"field-item even\">\n<p><strong>REDAZIONE<\/strong> Oggi i Supermercati del Gruppo Walber organizzano un piccolo concerto lirico gratuito per tutti i loro clienti. Safa Korkmaz, voce tenore internazionale presso famosi teatri, canter\u00e0 nei SuperW di Agordo (ore 10), Belluno (ore 12) e Sedico (ore 16) alcune tra le pi\u00f9 famose arie dei compositori del passato.<\/p>\n<\/div>\n<\/div>\n<\/div>\n<p>Ne abbiamo parlato con Silvia Sartori della Walber.<\/p>\n<audio class=\"wp-audio-shortcode\" id=\"audio-271690-7\" preload=\"none\" style=\"width: 100%;\" controls=\"controls\"><source type=\"audio\/mpeg\" src=\"https:\/\/www.radiopiu.net\/wordpress\/wp-content\/uploads\/2022\/04\/silvia-sartori-concerto-23-aprile-1.mp3?_=7\" \/><a href=\"https:\/\/www.radiopiu.net\/wordpress\/wp-content\/uploads\/2022\/04\/silvia-sartori-concerto-23-aprile-1.mp3\">https:\/\/www.radiopiu.net\/wordpress\/wp-content\/uploads\/2022\/04\/silvia-sartori-concerto-23-aprile-1.mp3<\/a><\/audio>\n<p>&nbsp;<\/p>\n<hr \/>\n<p>&nbsp;<\/p>\n<blockquote>\n<h3>OGGI A LA VALLE\u00a0 \u00a0SERATA DEDICATA AL FONDO, CON PREMIO IN TEMA<br \/>\n<strong>LO SPECIALE SULLA SERATA NELL&#8217;AMBITO DEI FESTEGGIAMENTI &#8220;L&#8217;OM\u00a0\u00a0<\/strong><\/h3>\n<\/blockquote>\n<p><strong>LA VALLE\u00a0 CON WILLIAM DA ROIT<\/strong><\/p>\n<p>AUDIO<\/p>\n<audio class=\"wp-audio-shortcode\" id=\"audio-271690-8\" preload=\"none\" style=\"width: 100%;\" controls=\"controls\"><source type=\"audio\/mpeg\" src=\"https:\/\/www.radiopiu.net\/wordpress\/wp-content\/uploads\/2022\/04\/william-da-roit-22-aprile.mp3?_=8\" \/><a href=\"https:\/\/www.radiopiu.net\/wordpress\/wp-content\/uploads\/2022\/04\/william-da-roit-22-aprile.mp3\">https:\/\/www.radiopiu.net\/wordpress\/wp-content\/uploads\/2022\/04\/william-da-roit-22-aprile.mp3<\/a><\/audio>\n<p>&nbsp;<\/p>\n<p>&nbsp;<\/p>\n<blockquote class=\"wp-embedded-content\" data-secret=\"3fvEmcKQZ8\"><p><a href=\"https:\/\/www.radiopiu.net\/wordpress\/tre-giorni-di-festa-a-la-valle-in-occasione-de-lom-selvarech\/\">TRE GIORNI DI FESTA A LA VALLE IN OCCASIONE DE L&#8217;OM SELVARECH<\/a><\/p><\/blockquote>\n<p><iframe loading=\"lazy\" class=\"wp-embedded-content\" sandbox=\"allow-scripts\" security=\"restricted\" style=\"position: absolute; clip: rect(1px, 1px, 1px, 1px);\" title=\"&#8220;TRE GIORNI DI FESTA A LA VALLE IN OCCASIONE DE L&#8217;OM SELVARECH&#8221; &#8212; Radio Pi\u00f9\" src=\"https:\/\/www.radiopiu.net\/wordpress\/tre-giorni-di-festa-a-la-valle-in-occasione-de-lom-selvarech\/embed\/#?secret=HoCyT4DHlC#?secret=3fvEmcKQZ8\" data-secret=\"3fvEmcKQZ8\" width=\"600\" height=\"338\" frameborder=\"0\" marginwidth=\"0\" marginheight=\"0\" scrolling=\"no\"><\/iframe><\/p>\n<p>&nbsp;<\/p>\n<hr \/>\n<p>&nbsp;<\/p>\n<blockquote>\n<h3>IL 25 APRILE AL TEATRO COMUNALE DI BELLUNO SPAZIO AGLI INTERPRETI E CANTAUTORI DELLA SEZIONE CANTO MODERNO<\/h3>\n<p><em>Tra i partecipanti della prima fase del concorso si sono distinti gli allievi della Scuola Media Ricci di Belluno e del Liceo Musicale;<\/em><\/p><\/blockquote>\n<p><a class=\"dt-pswp-item\" href=\"https:\/\/www.radiopiu.net\/wordpress\/wp-content\/uploads\/2022\/04\/DSC_9852-1-scaled.jpg\" data-dt-img-description=\"\" data-large_image_width=\"2560\" data-large_image_height=\"1707\"><img loading=\"lazy\" decoding=\"async\" class=\"wp-image-271889 alignleft\" src=\"https:\/\/www.radiopiu.net\/wordpress\/wp-content\/uploads\/2022\/04\/DSC_9852-1-300x200.jpg\" alt=\"\" width=\"242\" height=\"161\" srcset=\"https:\/\/www.radiopiu.net\/wordpress\/wp-content\/uploads\/2022\/04\/DSC_9852-1-300x200.jpg 300w, https:\/\/www.radiopiu.net\/wordpress\/wp-content\/uploads\/2022\/04\/DSC_9852-1-1024x683.jpg 1024w, https:\/\/www.radiopiu.net\/wordpress\/wp-content\/uploads\/2022\/04\/DSC_9852-1-768x512.jpg 768w, https:\/\/www.radiopiu.net\/wordpress\/wp-content\/uploads\/2022\/04\/DSC_9852-1-1536x1024.jpg 1536w, https:\/\/www.radiopiu.net\/wordpress\/wp-content\/uploads\/2022\/04\/DSC_9852-1-2048x1365.jpg 2048w\" sizes=\"auto, (max-width: 242px) 100vw, 242px\" \/><\/a> Prosegue l&#8217;attivit\u00e0 del Concorso Musicale Nazionale citt\u00e0 di Belluno. Dopo la prima parte del concorso che ha visto protagonisti i giovani musicisti delle sezioni Piccoli talenti, delle scuole medie ad indirizzo musicale e dei licei musicali, l&#8217;Associazione Gocce di Sole Aps passa ora all&#8217;organizzazione della seconda parte del concorso e comincia proprio con la sezione Canto Moderno. Lunedi davanti alla giuria tecnica si esibiranno i cantanti suddivisi in interpreti e i cantautori; i pi\u00f9 meritevoli passeranno poi al concerto finale che si svolger\u00e0 la sera stessa\u00a0 alle\u00a0 21 sempre al Teatro Comunale di Belluno. L&#8217;ingresso al concerto \u00e8 ad accesso libero. In chiusura del concerto saranno decretati i due vincitori (uno per la sezione interpreti e uno per la sezione cantautori) che avranno la possibilit\u00e0 di partecipare ad una masterclass con il M\u00b0 Giuseppe Barbera docente del Cet di Mogol; opportunit\u00e0 offerta loro dall&#8217;Associazione Voice Care Music &amp; Art. Il concorso proseguir\u00e0 il 28 aprile con la sezione scuole di musica, il 29 aprile con la sezione conservatori, il 30 aprile con la sezione pianisti per concludersi il 1 maggio con la sezione musica da camera e la finalissima alle 17.\u00a0 (foto e video, Agnese Barbato vicintrice dell&#8217;edizione 2021)<\/p>\n<p>&nbsp;<\/p>\n<p>&nbsp;<\/p>\n<p>&nbsp;<\/p>\n<hr \/>\n<p>&nbsp;<\/p>\n<blockquote>\n<h3>SANITA&#8217; &#8220;120-80&#8221; DAL POLIFUNZIONALE AGORDINO<\/h3>\n<\/blockquote>\n<h2><span style=\"color: #ff0000;\">IERI ALLA RADIO<\/span><\/h2>\n<p><strong><a class=\"dt-pswp-item\" href=\"https:\/\/www.radiopiu.net\/wordpress\/wp-content\/uploads\/2020\/03\/download-25.jpg\" data-dt-img-description=\"\" data-large_image_width=\"259\" data-large_image_height=\"194\"><img loading=\"lazy\" decoding=\"async\" class=\" wp-image-122022 alignleft\" src=\"https:\/\/www.radiopiu.net\/wordpress\/wp-content\/uploads\/2020\/03\/download-25.jpg\" alt=\"\" width=\"142\" height=\"106\" \/><\/a>AGORDO<\/strong> Nuovo appuntamento con 120 80. nostro ospite il dottor Cesare Dal Bo&#8217;<\/p>\n<p>22 aprile 2022<\/p>\n<p>di CLAUDIO FONTANIVE<\/p>\n<p>&nbsp;<\/p>\n<audio class=\"wp-audio-shortcode\" id=\"audio-271690-9\" preload=\"none\" style=\"width: 100%;\" controls=\"controls\"><source type=\"audio\/mpeg\" src=\"https:\/\/www.radiopiu.net\/wordpress\/wp-content\/uploads\/2022\/04\/cesare-dal-bo-22-aprile.mp3?_=9\" \/><a href=\"https:\/\/www.radiopiu.net\/wordpress\/wp-content\/uploads\/2022\/04\/cesare-dal-bo-22-aprile.mp3\">https:\/\/www.radiopiu.net\/wordpress\/wp-content\/uploads\/2022\/04\/cesare-dal-bo-22-aprile.mp3<\/a><\/audio>\n<p>&nbsp;<\/p>\n<p>&nbsp;<\/p>\n<hr \/>\n<p>&nbsp;<\/p>\n<blockquote>\n<h3><a href=\"https:\/\/www.radiopiu.net\/wordpress\/wp-content\/uploads\/2022\/04\/cover-6621486__340.webp\"><img loading=\"lazy\" decoding=\"async\" class=\"wp-image-271803 alignleft\" src=\"https:\/\/www.radiopiu.net\/wordpress\/wp-content\/uploads\/2022\/04\/cover-6621486__340-150x150.webp\" alt=\"\" width=\"83\" height=\"83\" srcset=\"https:\/\/www.radiopiu.net\/wordpress\/wp-content\/uploads\/2022\/04\/cover-6621486__340-150x150.webp 150w, https:\/\/www.radiopiu.net\/wordpress\/wp-content\/uploads\/2022\/04\/cover-6621486__340-300x300.webp 300w, https:\/\/www.radiopiu.net\/wordpress\/wp-content\/uploads\/2022\/04\/cover-6621486__340.webp 340w\" sizes=\"auto, (max-width: 83px) 100vw, 83px\" \/><\/a>SCADONO I TERMINI PER L&#8217;ISCRIZIONE AL PROGETTO CALEIDOSCOPIO<\/h3>\n<\/blockquote>\n<p><strong>BELLUNO\u00a0<\/strong> \u00a0Ultimo giorno utile il 30 aprile per partecipare al progetto di riqualificazione e reinserimento lavorativo, avviato in provincia di Belluno e denominato \u201cCaleidoscopio\u201d. Il piano prevede l\u2019inserimento lavorativo di 82 persone, con priorit\u00e0 per le donne, i giovani e i candidati con pi\u00f9 di 50 anni. I partecipanti devono essere iscritti ai Centri per l\u2019impiego e non avere svolto un lavoro regolarmente retribuito da almeno sei mesi. Informazioni \u00a0all\u2019indirizzo formazione@metalogos.it<\/p>\n<p>&nbsp;<\/p>\n<p>&nbsp;<\/p>\n<hr \/>\n<blockquote>\n<h3><\/h3>\n<h3><a class=\"dt-pswp-item\" href=\"https:\/\/www.radiopiu.net\/wordpress\/wp-content\/uploads\/2022\/04\/blindfolded-1732522__340.jpg\" data-dt-img-description=\"\" data-large_image_width=\"463\" data-large_image_height=\"340\"><img loading=\"lazy\" decoding=\"async\" class=\"wp-image-271804 alignleft\" src=\"https:\/\/www.radiopiu.net\/wordpress\/wp-content\/uploads\/2022\/04\/blindfolded-1732522__340-150x150.jpg\" alt=\"\" width=\"83\" height=\"83\" \/><\/a>ASSEMBLEA DELL&#8217;UNIONE DEI CIECHI E IPOVEDENTI<\/h3>\n<\/blockquote>\n<p><strong>BELLUNO<\/strong> Oggi alle\u00a0 15 avr\u00e0 luogo l\u2019Assemblea ordinaria dei soci dell\u2019Unione Italiana dei Ciechi e degli Ipovedenti di Belluno. I lavori si svolgeranno in presenza presso la Sala Muccin del Centro Congressi Giovanni XXIII e in modalit\u00e0 online, tramite l\u2019utilizzo della Piattaforma Zoom. Verranno letti, discussi e approvati i seguenti documenti: relazione morale e bilancio consuntivo anno 2021, budget e relazione programmatica 2022.<\/p>\n<p>&nbsp;<\/p>\n<hr \/>\n<p>&nbsp;<\/p>\n<blockquote>\n<h3><a class=\"dt-pswp-item\" href=\"https:\/\/www.radiopiu.net\/wordpress\/wp-content\/uploads\/2022\/04\/old-books-436498_960_720.jpg\" data-dt-img-description=\"\" data-large_image_width=\"960\" data-large_image_height=\"640\"><img loading=\"lazy\" decoding=\"async\" class=\" wp-image-271805 alignleft\" src=\"https:\/\/www.radiopiu.net\/wordpress\/wp-content\/uploads\/2022\/04\/old-books-436498_960_720-150x150.jpg\" alt=\"\" width=\"101\" height=\"101\" \/><\/a>QUARTO VOLUME DELLA BIBLIOTECA DELLA VALLE DEL BIOIS<\/h3>\n<\/blockquote>\n<p><strong>CANALE D&#8217;AGORDO <\/strong>Luned\u00ec alle 18 presso la sala Lina Zand\u00f2 di Canale D&#8217;Agordo, verr\u00e0 presentato il quarto volume della collana biblioteca del Bios dal titolo &#8220;La lettera l&#8217;emigrante e la speranza&#8221;. Interventi di Iria Tancon cittadina onoraria di Canale d&#8217;Agordo, Loris Serafini archivista della prrocchia, Luca Luchetta promotore del gemellaggio e Oscar De Bona presidente associazione Bellunesi nel mondo.<\/p>\n<p><strong>di Gianni Santomaso<\/strong><\/p>\n<audio class=\"wp-audio-shortcode\" id=\"audio-271690-10\" preload=\"none\" style=\"width: 100%;\" controls=\"controls\"><source type=\"audio\/mpeg\" src=\"https:\/\/www.radiopiu.net\/wordpress\/wp-content\/uploads\/2022\/04\/GIANNI-BIBLIOTECA-DEL-BIOIS-NUOVO-LIBRO.mp3?_=10\" \/><a href=\"https:\/\/www.radiopiu.net\/wordpress\/wp-content\/uploads\/2022\/04\/GIANNI-BIBLIOTECA-DEL-BIOIS-NUOVO-LIBRO.mp3\">https:\/\/www.radiopiu.net\/wordpress\/wp-content\/uploads\/2022\/04\/GIANNI-BIBLIOTECA-DEL-BIOIS-NUOVO-LIBRO.mp3<\/a><\/audio>\n<p>&nbsp;<\/p>\n<p>&nbsp;<\/p>\n<hr \/>\n<p>&nbsp;<\/p>\n<blockquote>\n<h3><a class=\"dt-pswp-item\" href=\"https:\/\/www.radiopiu.net\/wordpress\/wp-content\/uploads\/2022\/04\/salzan-copertina-libro.jpg\" data-dt-img-description=\"\" data-large_image_width=\"656\" data-large_image_height=\"889\"><img loading=\"lazy\" decoding=\"async\" class=\" wp-image-271624 alignleft\" src=\"https:\/\/www.radiopiu.net\/wordpress\/wp-content\/uploads\/2022\/04\/salzan-copertina-libro-150x150.jpg\" alt=\"\" width=\"115\" height=\"115\" \/><\/a>DOMANI LA PRESENTAZIONE DEL LIBRO SU SALZAN<\/h3>\n<\/blockquote>\n<p><strong>SANTA GIUSTINA<\/strong> Domani alle 17 in piazza del Caselo a Salzan sar\u00e0 presentata la pubblicazione inedita a cura dell\u2019associazione culturale Veses e degli amici della associazione ricreativa culturale locale.\u00a0 \u201cSalzan \u2013 La mappa delle nostre radici\u201d \u00e8\u00a0 il nuovo lavoro editoriale a cura di Enzo Dal Molin ed \u00e8 illustrato da Andrea Dal Molin,\u00a0 ricostruisce le linee genealogiche delle famiglie residenti a Salzan nel ventesimo secolo. Nell&#8217;occasione al Comune di Santa Giustina sar\u00e0 donata la grande mappa che sar\u00e0 esposta al piano terra dell&#8217;ex Caselo nella sala riunioni.<\/p>\n<p>&nbsp;<\/p>\n<hr \/>\n<p>&nbsp;<\/p>\n<p>&nbsp;<\/p>\n<blockquote class=\"wp-embedded-content\" data-secret=\"QJuUd1pwIT\"><p><a href=\"https:\/\/www.radiopiu.net\/wordpress\/loris-scussel-dal-collage-radiofonico-a-quello-della-rivista-patinata\/\">LORIS SCUSSEL DAL COLLAGE RADIOFONICO A QUELLO DELLA RIVISTA PATINATA<\/a><\/p><\/blockquote>\n<p><iframe loading=\"lazy\" class=\"wp-embedded-content\" sandbox=\"allow-scripts\" security=\"restricted\" style=\"position: absolute; clip: rect(1px, 1px, 1px, 1px);\" title=\"&#8220;LORIS SCUSSEL DAL COLLAGE RADIOFONICO A QUELLO DELLA RIVISTA PATINATA&#8221; &#8212; Radio Pi\u00f9\" src=\"https:\/\/www.radiopiu.net\/wordpress\/loris-scussel-dal-collage-radiofonico-a-quello-della-rivista-patinata\/embed\/#?secret=bWnHtA6Glo#?secret=QJuUd1pwIT\" data-secret=\"QJuUd1pwIT\" width=\"600\" height=\"338\" frameborder=\"0\" marginwidth=\"0\" marginheight=\"0\" scrolling=\"no\"><\/iframe><\/p>\n<p>&nbsp;<\/p>\n<hr \/>\n<p>&nbsp;<\/p>\n<blockquote>\n<h3><a class=\"dt-pswp-item\" href=\"https:\/\/www.radiopiu.net\/wordpress\/wp-content\/uploads\/2022\/04\/download-5.jpg\" data-dt-img-description=\"\" data-large_image_width=\"227\" data-large_image_height=\"222\"><img loading=\"lazy\" decoding=\"async\" class=\"wp-image-271806 alignleft\" src=\"https:\/\/www.radiopiu.net\/wordpress\/wp-content\/uploads\/2022\/04\/download-5-150x150.jpg\" alt=\"\" width=\"96\" height=\"96\" \/><\/a>IL CORO MONTE DOLADA IN CONCERTO PER LA PACE<\/h3>\n<\/blockquote>\n<p><strong>BELLUNO<\/strong> \u201cConcerto per la pace\u201d. Questo il titolo dell\u2019evento che il Coro Monte Dolada e la Caritas Diocesana &#8211; sezione Alpago, organizzano per domani, con inizio alle ore 20.30, nella chiesa parrocchiale di Puos di Alpago. L\u2019ingresso \u00e8 libero con il rispetto delle vigenti norme anti pandemia (mascherina).<\/p>\n<p>&nbsp;<\/p>\n<p>&nbsp;<\/p>\n<hr \/>\n<blockquote>\n<h3><\/h3>\n<\/blockquote>\n<h3><a class=\"dt-pswp-item\" href=\"https:\/\/www.radiopiu.net\/wordpress\/wp-content\/uploads\/2022\/04\/hunter-1503082_960_720.jpg\" data-dt-img-description=\"\" data-large_image_width=\"960\" data-large_image_height=\"686\"><img loading=\"lazy\" decoding=\"async\" class=\" wp-image-271807 alignleft\" src=\"https:\/\/www.radiopiu.net\/wordpress\/wp-content\/uploads\/2022\/04\/hunter-1503082_960_720-150x150.jpg\" alt=\"\" width=\"79\" height=\"79\" \/><\/a><\/h3>\n<h3>CACCIA PESCA NATURA, TAGLIO DEL NASTRO CON L&#8217;ASSESSORE CORAZZARI<\/h3>\n<p><strong>LONGARONE\u00a0<\/strong> Caccia Pesca e Natura apre oggi presso il quartiere fieristico di Longarone, mentre il consueto taglio del nastro \u00e8 previsto per le ore 12 alla presenza dell\u2019Assessore regionale Cristiano Corazzari. Caccia Pesca e Natura sar\u00e0 aperta da sabato 23 a luned\u00ec 25 aprile, con orario 9-19. Gli eventi principali saranno trasmessi anche in diretta streaming su https:\/\/forum.caccia-pesca-natura.it.<\/p>\n\n\t\t\t<style type='text\/css'>\n\t\t\t\t#gallery-4 {\n\t\t\t\t\tmargin: auto;\n\t\t\t\t}\n\t\t\t\t#gallery-4 .gallery-item {\n\t\t\t\t\tfloat: left;\n\t\t\t\t\tmargin-top: 10px;\n\t\t\t\t\ttext-align: center;\n\t\t\t\t\twidth: 20%;\n\t\t\t\t}\n\t\t\t\t#gallery-4 img {\n\t\t\t\t\tborder: 2px solid #cfcfcf;\n\t\t\t\t}\n\t\t\t\t#gallery-4 .gallery-caption {\n\t\t\t\t\tmargin-left: 0;\n\t\t\t\t}\n\t\t\t\t\/* see gallery_shortcode() in wp-includes\/media.php *\/\n\t\t\t<\/style>\n\t\t<div id='gallery-4' class='dt-gallery-container gallery galleryid-271690 gallery-columns-5 gallery-size-thumbnail'><dl class='gallery-item'>\n\t\t\t\t<dt class='gallery-icon landscape'>\n\t\t\t\t\t<a class=\"rollover rollover-zoom dt-pswp-item\" title=\"20190412 - Inaugurata oggi la Mostra dei Trofei e la XXIV Festa del Cacciatore\" data-dt-img-description=\"\" data-large_image_width=\"2000\" data-large_image_height=\"1332\"href='https:\/\/www.radiopiu.net\/wordpress\/wp-content\/uploads\/2022\/04\/20190412-Inaugurata-oggi-la-Mostra-dei-Trofei-e-la-XXIV-Festa-del-Cacciatore.jpg'><img loading=\"lazy\" decoding=\"async\" width=\"150\" height=\"150\" src=\"https:\/\/www.radiopiu.net\/wordpress\/wp-content\/uploads\/2022\/04\/20190412-Inaugurata-oggi-la-Mostra-dei-Trofei-e-la-XXIV-Festa-del-Cacciatore-150x150.jpg\" class=\"attachment-thumbnail size-thumbnail\" alt=\"\" \/><\/a>\n\t\t\t\t<\/dt><\/dl><dl class='gallery-item'>\n\t\t\t\t<dt class='gallery-icon landscape'>\n\t\t\t\t\t<a class=\"rollover rollover-zoom dt-pswp-item\" title=\"Caccia Pesca Natura Interni\" data-dt-img-description=\"\" data-large_image_width=\"2000\" data-large_image_height=\"1119\"href='https:\/\/www.radiopiu.net\/wordpress\/wp-content\/uploads\/2022\/04\/Caccia-Pesca-Natura-Interni.jpg'><img loading=\"lazy\" decoding=\"async\" width=\"150\" height=\"150\" src=\"https:\/\/www.radiopiu.net\/wordpress\/wp-content\/uploads\/2022\/04\/Caccia-Pesca-Natura-Interni-150x150.jpg\" class=\"attachment-thumbnail size-thumbnail\" alt=\"\" \/><\/a>\n\t\t\t\t<\/dt><\/dl><dl class='gallery-item'>\n\t\t\t\t<dt class='gallery-icon landscape'>\n\t\t\t\t\t<a class=\"rollover rollover-zoom dt-pswp-item\" title=\"DSC_8140\" data-dt-img-description=\"\" data-large_image_width=\"1476\" data-large_image_height=\"985\"href='https:\/\/www.radiopiu.net\/wordpress\/wp-content\/uploads\/2022\/04\/DSC_8140.jpg'><img loading=\"lazy\" decoding=\"async\" width=\"150\" height=\"150\" src=\"https:\/\/www.radiopiu.net\/wordpress\/wp-content\/uploads\/2022\/04\/DSC_8140-150x150.jpg\" class=\"attachment-thumbnail size-thumbnail\" alt=\"\" \/><\/a>\n\t\t\t\t<\/dt><\/dl><dl class='gallery-item'>\n\t\t\t\t<dt class='gallery-icon landscape'>\n\t\t\t\t\t<a class=\"rollover rollover-zoom dt-pswp-item\" title=\"49\" data-dt-img-description=\"\" data-large_image_width=\"2500\" data-large_image_height=\"1667\"href='https:\/\/www.radiopiu.net\/wordpress\/wp-content\/uploads\/2022\/04\/49.jpg'><img loading=\"lazy\" decoding=\"async\" width=\"150\" height=\"150\" src=\"https:\/\/www.radiopiu.net\/wordpress\/wp-content\/uploads\/2022\/04\/49-150x150.jpg\" class=\"attachment-thumbnail size-thumbnail\" alt=\"\" \/><\/a>\n\t\t\t\t<\/dt><\/dl><dl class='gallery-item'>\n\t\t\t\t<dt class='gallery-icon landscape'>\n\t\t\t\t\t<a class=\"rollover rollover-zoom dt-pswp-item\" title=\"Gara pesca a spinning a squadre trota fario\" data-dt-img-description=\"\" data-large_image_width=\"1599\" data-large_image_height=\"1200\"href='https:\/\/www.radiopiu.net\/wordpress\/wp-content\/uploads\/2022\/04\/Gara-pesca-a-spinning-a-squadre-trota-fario.jpg'><img loading=\"lazy\" decoding=\"async\" width=\"150\" height=\"150\" src=\"https:\/\/www.radiopiu.net\/wordpress\/wp-content\/uploads\/2022\/04\/Gara-pesca-a-spinning-a-squadre-trota-fario-150x150.jpg\" class=\"attachment-thumbnail size-thumbnail\" alt=\"\" \/><\/a>\n\t\t\t\t<\/dt><\/dl><br style=\"clear: both\" \/>\n\t\t\t<\/div>\n\n<p><strong>IL PROGRAMMA\u00a0<\/strong><\/p>\n<a href=\"https:\/\/www.radiopiu.net\/wordpress\/wp-content\/uploads\/2022\/04\/Programma-CPN-2022.pdf\" class=\"pdfemb-viewer\" style=\"\" data-width=\"max\" data-height=\"max\" data-toolbar=\"top\" data-toolbar-fixed=\"on\">Programma CPN 2022<\/a>\n<p>&nbsp;<\/p>\n<p>&nbsp;<\/p>\n<hr \/>\n<p>&nbsp;<\/p>\n<h3><strong><a class=\"dt-pswp-item\" href=\"https:\/\/www.radiopiu.net\/wordpress\/wp-content\/uploads\/2022\/04\/Schermata-2022-04-10-alle-13.55.47.png\" data-dt-img-description=\"\" data-large_image_width=\"1056\" data-large_image_height=\"480\"><img loading=\"lazy\" decoding=\"async\" class=\" wp-image-269847 alignleft\" src=\"https:\/\/www.radiopiu.net\/wordpress\/wp-content\/uploads\/2022\/04\/Schermata-2022-04-10-alle-13.55.47-300x136.png\" alt=\"\" width=\"201\" height=\"91\" srcset=\"https:\/\/www.radiopiu.net\/wordpress\/wp-content\/uploads\/2022\/04\/Schermata-2022-04-10-alle-13.55.47-300x136.png 300w, https:\/\/www.radiopiu.net\/wordpress\/wp-content\/uploads\/2022\/04\/Schermata-2022-04-10-alle-13.55.47-1024x465.png 1024w, https:\/\/www.radiopiu.net\/wordpress\/wp-content\/uploads\/2022\/04\/Schermata-2022-04-10-alle-13.55.47-768x349.png 768w, https:\/\/www.radiopiu.net\/wordpress\/wp-content\/uploads\/2022\/04\/Schermata-2022-04-10-alle-13.55.47.png 1056w\" sizes=\"auto, (max-width: 201px) 100vw, 201px\" \/><\/a><\/strong>TRE GIORNI DI FESTA A LA VALLE IN OCCASIONE DE L&#8217;OM SELVARECH<\/h3>\n<p><strong>LA VALLE<\/strong> Saranno tre giorni intensi a La Valle con la Festa del L&#8217;Om Selvarech. La Pro Loco di La valle ha organizzato la festa per il oggi, domani e luned\u00ec. Oggi alle 20:30 presso la sala Valmassoni (ex caselo) una serata con William Da Roit e Luca De Zorzi per parlare del giro del mondo con gli sci di fondo. Domani sotto al tendone in localit\u00e0 Conaggia musica con DJ Jack e il concerto degli RH Negativo. Luned\u00ec si inizia al mattino alle 9:30 con il mercatino artigianale sotto al tendone, alle 10 la gara podistica &#8220;Su e do per i coi&#8221; quarto Memorial Flavio De Cassai, alle 12 apertura stand gastronomico e a seguire la preparazione e la sfilata dei pop de l&#8217;om selvarech. Alle 19 la Cota offerta dalla pro loco, alle 20 la lettura del testamento e a seguire il fal\u00f2 de l&#8217;om selvarech. Serata in musica con Eros e Karin.<\/p>\n<p><strong>di Gianni Santomaso<\/strong><\/p>\n<audio class=\"wp-audio-shortcode\" id=\"audio-271690-11\" preload=\"none\" style=\"width: 100%;\" controls=\"controls\"><source type=\"audio\/mpeg\" src=\"https:\/\/www.radiopiu.net\/wordpress\/wp-content\/uploads\/2022\/04\/GIANNI-OM-SELVARECH-LA-VALLE.mp3?_=11\" \/><a href=\"https:\/\/www.radiopiu.net\/wordpress\/wp-content\/uploads\/2022\/04\/GIANNI-OM-SELVARECH-LA-VALLE.mp3\">https:\/\/www.radiopiu.net\/wordpress\/wp-content\/uploads\/2022\/04\/GIANNI-OM-SELVARECH-LA-VALLE.mp3<\/a><\/audio>\n<p>&nbsp;<\/p>\n<hr \/>\n<p>&nbsp;<\/p>\n<blockquote>\n<h3>RACCOLTA PLASTIC FREE A CANALE D&#8217;AGORDO, IL 30 APRILE<\/h3>\n<\/blockquote>\n<div class=\"kvgmc6g5 cxmmr5t8 oygrvhab hcukyx3x c1et5uql ii04i59q\">\n<p dir=\"auto\"><strong><img loading=\"lazy\" decoding=\"async\" class=\"alignleft\" src=\"https:\/\/www.radiopiu.net\/wordpress\/wp-content\/uploads\/2022\/04\/278293236_700449357664243_7359032165274909030_n.jpg\" width=\"201\" height=\"105\" \/>CANALE D&#8217;AGORDO<\/strong>\u00a0 L&#8217;appuntamento sabato 30 aprile dalle 8 con ritrovo in Piazza Papa Luciani. Iscrizioni gratuita ma obbligatoria anche per fini assicurativi. Alle 12 spaghettata per tutti al &#8220;Bait dei Cazador&#8221;. I minori dovranno essere accompagnati.\u00a0 <strong>IL MODULO<\/strong>\u00a0 <a class=\"oajrlxb2 g5ia77u1 qu0x051f esr5mh6w e9989ue4 r7d6kgcz rq0escxv nhd2j8a9 nc684nl6 p7hjln8o kvgmc6g5 cxmmr5t8 oygrvhab hcukyx3x jb3vyjys rz4wbd8a qt6c0cv9 a8nywdso i1ao9s8h esuyzwwr f1sip0of lzcic4wl gpro0wi8 py34i1dx\" tabindex=\"0\" role=\"link\" href=\"https:\/\/www.plasticfreeonlus.it\/eventi\/1040\/30-apr-canale-d'agordo?fbclid=IwAR1DIg6dEjD8LYNQJO3KVPv__6DhLQef6MIZUILrbHNv19LLhYzSBf_76UA\" target=\"_blank\" rel=\"nofollow noopener\">https:\/\/www.plasticfreeonlus.it\/&#8230;\/30-apr-canale-d&#8217;agordo\u00a0<\/a><\/p>\n<\/div>\n<div dir=\"auto\">\n<p dir=\"auto\"><strong>MARTINA SMANIOTTO<\/strong><\/p>\n<audio class=\"wp-audio-shortcode\" id=\"audio-271690-12\" preload=\"none\" style=\"width: 100%;\" controls=\"controls\"><source type=\"audio\/mpeg\" src=\"https:\/\/www.radiopiu.net\/wordpress\/wp-content\/uploads\/2022\/04\/MARTINA-SMANIOTTO.mp3?_=12\" \/><a href=\"https:\/\/www.radiopiu.net\/wordpress\/wp-content\/uploads\/2022\/04\/MARTINA-SMANIOTTO.mp3\">https:\/\/www.radiopiu.net\/wordpress\/wp-content\/uploads\/2022\/04\/MARTINA-SMANIOTTO.mp3<\/a><\/audio>\n<p dir=\"auto\"><strong>di Gianni Santomaso<\/strong><\/p>\n<audio class=\"wp-audio-shortcode\" id=\"audio-271690-13\" preload=\"none\" style=\"width: 100%;\" controls=\"controls\"><source type=\"audio\/mpeg\" src=\"https:\/\/www.radiopiu.net\/wordpress\/wp-content\/uploads\/2022\/04\/GIANNI-PLASTIC-FREE-CANALE.mp3?_=13\" \/><a href=\"https:\/\/www.radiopiu.net\/wordpress\/wp-content\/uploads\/2022\/04\/GIANNI-PLASTIC-FREE-CANALE.mp3\">https:\/\/www.radiopiu.net\/wordpress\/wp-content\/uploads\/2022\/04\/GIANNI-PLASTIC-FREE-CANALE.mp3<\/a><\/audio>\n<\/div>\n<p>&nbsp;<\/p>\n<hr \/>\n<p>&nbsp;<\/p>\n<blockquote>\n<h3>A FORCELLA AURINE, LA FESTA DI FINE STAGIONE<\/h3>\n<\/blockquote>\n<div class=\"j83agx80 buofh1pr g5gj957u hpfvmrgz\" role=\"none\" data-testid=\"message-container\">\n<div class=\"ns4p8fja j83agx80 cbu4d94t a6sixzi8 bkfpd7mw nred35xi a1xu1aao\" role=\"none\">\n<div class=\"j83agx80 k4urcfbm\" role=\"none\">\n<div class=\"ll8tlv6m j83agx80 cbu4d94t d2edcug0 l9j0dhe7\">\n<div class=\"j83agx80 k4urcfbm\" role=\"none\">\n<div class=\"cxgpxx05 d1544ag0 sj5x9vvc tw6a2znq l9j0dhe7 ni8dbmo4 stjgntxs qlfml3jp inkptoze qmr60zad jm1wdb64 qv66sw1b ljqsnud1 odn2s2vf tkr6xdv7 jk6sbkaj\" role=\"none\">\n<div class=\"rq0escxv l9j0dhe7 du4w35lb __fb-light-mode\" role=\"none\">\n<div dir=\"auto\" role=\"none\">\n<blockquote>\n<h3><img loading=\"lazy\" decoding=\"async\" class=\"alignleft\" src=\"https:\/\/www.radiopiu.net\/wordpress\/wp-content\/uploads\/2021\/11\/FORCELLA-AURINE.jpg\" width=\"153\" height=\"115\" \/><\/h3>\n<\/blockquote>\n<p><strong>GOSALDO<\/strong> Domani fine stagione a Forcella Aurine, dalle 11 degustazione vini con sommelier Massimo Lenzi con cicchetteria varia (azienda agricola Canop), esibizione dell&#8217;artista locale dell&#8217;intaglio legno con motosega, aperitivo con l&#8217;organet dello Zio Oscar. Alle 14 Jessica Lena in concerto, alle 16 Miniere Sunset ad alta quota con Dj Morgan<\/p>\n<p><strong>OSPITE DI RADIO PIU&#8217;, MORGAN GNECH<\/strong><\/p>\n<\/div>\n<\/div>\n<\/div>\n<\/div>\n<\/div>\n<\/div>\n<\/div>\n<\/div>\n<audio class=\"wp-audio-shortcode\" id=\"audio-271690-14\" preload=\"none\" style=\"width: 100%;\" controls=\"controls\"><source type=\"audio\/mpeg\" src=\"https:\/\/www.radiopiu.net\/wordpress\/wp-content\/uploads\/2022\/04\/morgan-20-aprile.mp3?_=14\" \/><a href=\"https:\/\/www.radiopiu.net\/wordpress\/wp-content\/uploads\/2022\/04\/morgan-20-aprile.mp3\">https:\/\/www.radiopiu.net\/wordpress\/wp-content\/uploads\/2022\/04\/morgan-20-aprile.mp3<\/a><\/audio>\n<p>&nbsp;<\/p>\n<p>&nbsp;<\/p>\n<p>&nbsp;<\/p>\n<hr \/>\n<p>&nbsp;<\/p>\n<h2><span style=\"color: #008080;\">&#8220;DINTORN E FORA VIA&#8221; A CURA DEL MUSLA, IL NUOVO PROGRAMMA\u00a0<\/span><\/h2>\n<p><strong>PUNTATA 19 APRILE 2022 DAVIDE CONDERA\u00a0\u00a0<\/strong><\/p>\n\n\t\t\t<style type='text\/css'>\n\t\t\t\t#gallery-5 {\n\t\t\t\t\tmargin: auto;\n\t\t\t\t}\n\t\t\t\t#gallery-5 .gallery-item {\n\t\t\t\t\tfloat: left;\n\t\t\t\t\tmargin-top: 10px;\n\t\t\t\t\ttext-align: center;\n\t\t\t\t\twidth: 50%;\n\t\t\t\t}\n\t\t\t\t#gallery-5 img {\n\t\t\t\t\tborder: 2px solid #cfcfcf;\n\t\t\t\t}\n\t\t\t\t#gallery-5 .gallery-caption {\n\t\t\t\t\tmargin-left: 0;\n\t\t\t\t}\n\t\t\t\t\/* see gallery_shortcode() in wp-includes\/media.php *\/\n\t\t\t<\/style>\n\t\t<div id='gallery-5' class='dt-gallery-container gallery galleryid-271690 gallery-columns-2 gallery-size-thumbnail'><dl class='gallery-item'>\n\t\t\t\t<dt class='gallery-icon landscape'>\n\t\t\t\t\t<a class=\"rollover rollover-zoom dt-pswp-item\" title=\"edba8382-fc0b-44d2-b637-673df1d8cf45\" data-dt-img-description=\"\" data-large_image_width=\"625\" data-large_image_height=\"303\"href='https:\/\/www.radiopiu.net\/wordpress\/wp-content\/uploads\/2022\/04\/edba8382-fc0b-44d2-b637-673df1d8cf45.jpg'><img loading=\"lazy\" decoding=\"async\" width=\"150\" height=\"150\" src=\"https:\/\/www.radiopiu.net\/wordpress\/wp-content\/uploads\/2022\/04\/edba8382-fc0b-44d2-b637-673df1d8cf45-150x150.jpg\" class=\"attachment-thumbnail size-thumbnail\" alt=\"\" \/><\/a>\n\t\t\t\t<\/dt><\/dl><dl class='gallery-item'>\n\t\t\t\t<dt class='gallery-icon landscape'>\n\t\t\t\t\t<a class=\"rollover rollover-zoom dt-pswp-item\" title=\"20a7a1ad-b9c3-442d-aab2-175010ef8d71\" data-dt-img-description=\"\" data-large_image_width=\"871\" data-large_image_height=\"627\"href='https:\/\/www.radiopiu.net\/wordpress\/wp-content\/uploads\/2022\/04\/20a7a1ad-b9c3-442d-aab2-175010ef8d71.jpg'><img loading=\"lazy\" decoding=\"async\" width=\"150\" height=\"150\" src=\"https:\/\/www.radiopiu.net\/wordpress\/wp-content\/uploads\/2022\/04\/20a7a1ad-b9c3-442d-aab2-175010ef8d71-150x150.jpg\" class=\"attachment-thumbnail size-thumbnail\" alt=\"\" \/><\/a>\n\t\t\t\t<\/dt><\/dl><br style=\"clear: both\" \/>\n\t\t\t<\/div>\n\n<p><span style=\"color: #ff0000;\"><strong>AUDIO<\/strong><\/span><\/p>\n<audio class=\"wp-audio-shortcode\" id=\"audio-271690-15\" preload=\"none\" style=\"width: 100%;\" controls=\"controls\"><source type=\"audio\/mpeg\" src=\"https:\/\/www.radiopiu.net\/wordpress\/wp-content\/uploads\/2022\/04\/DAVIDE.mp3?_=15\" \/><a href=\"https:\/\/www.radiopiu.net\/wordpress\/wp-content\/uploads\/2022\/04\/DAVIDE.mp3\">https:\/\/www.radiopiu.net\/wordpress\/wp-content\/uploads\/2022\/04\/DAVIDE.mp3<\/a><\/audio>\n<p>&nbsp;<\/p>\n<hr \/>\n<p>&nbsp;<\/p>\n<blockquote class=\"wp-embedded-content\" data-secret=\"61oYoqh7nE\"><p><a href=\"https:\/\/www.radiopiu.net\/wordpress\/pasquetta-in-valle-di-san-lucano-grotta-e-pont-video-e-foto\/\">PASQUETTA IN VALLE DI SAN LUCANO, GROTTA E PONT &#8211; VIDEO E FOTO<\/a><\/p><\/blockquote>\n<p><iframe loading=\"lazy\" class=\"wp-embedded-content\" sandbox=\"allow-scripts\" security=\"restricted\" style=\"position: absolute; clip: rect(1px, 1px, 1px, 1px);\" title=\"&#8220;PASQUETTA IN VALLE DI SAN LUCANO, GROTTA E PONT &#8211; VIDEO E FOTO&#8221; &#8212; Radio Pi\u00f9\" src=\"https:\/\/www.radiopiu.net\/wordpress\/pasquetta-in-valle-di-san-lucano-grotta-e-pont-video-e-foto\/embed\/#?secret=VhAWErfxvy#?secret=61oYoqh7nE\" data-secret=\"61oYoqh7nE\" width=\"600\" height=\"338\" frameborder=\"0\" marginwidth=\"0\" marginheight=\"0\" scrolling=\"no\"><\/iframe><\/p>\n<p>&nbsp;<\/p>\n<p>&nbsp;<\/p>\n<hr \/>\n<p>&nbsp;<\/p>\n<div>\n<div class=\"b654a4as d2edcug0\">\n<div class=\"rq0escxv hkbzh7o3 jwdofwj8 n8tt0mok r8blr3vg hyh9befq\">\n<p><a class=\"dt-pswp-item\" href=\"https:\/\/www.radiopiu.net\/wordpress\/wp-content\/uploads\/2020\/10\/pp.jpg\" data-dt-img-description=\"\" data-large_image_width=\"640\" data-large_image_height=\"640\"><img loading=\"lazy\" decoding=\"async\" class=\"wp-image-163678 alignleft\" src=\"https:\/\/www.radiopiu.net\/wordpress\/wp-content\/uploads\/2020\/10\/pp-300x300.jpg\" alt=\"\" width=\"106\" height=\"106\" srcset=\"https:\/\/www.radiopiu.net\/wordpress\/wp-content\/uploads\/2020\/10\/pp-300x300.jpg 300w, https:\/\/www.radiopiu.net\/wordpress\/wp-content\/uploads\/2020\/10\/pp-150x150.jpg 150w, https:\/\/www.radiopiu.net\/wordpress\/wp-content\/uploads\/2020\/10\/pp-125x125.jpg 125w, https:\/\/www.radiopiu.net\/wordpress\/wp-content\/uploads\/2020\/10\/pp-200x200.jpg 200w, https:\/\/www.radiopiu.net\/wordpress\/wp-content\/uploads\/2020\/10\/pp-80x80.jpg 80w, https:\/\/www.radiopiu.net\/wordpress\/wp-content\/uploads\/2020\/10\/pp-480x480.jpg 480w, https:\/\/www.radiopiu.net\/wordpress\/wp-content\/uploads\/2020\/10\/pp.jpg 640w\" sizes=\"auto, (max-width: 106px) 100vw, 106px\" \/><\/a><\/p>\n<\/div>\n<\/div>\n<\/div>\n<div>\n<div class=\"page-title-head hgroup\">\n<div class=\"page-title-head hgroup\">\n<div class=\"b654a4as d2edcug0\">\n<div class=\"j83agx80 btwxx1t3 lhclo0ds hop8lmos nkwizq5d scwd0bx6 roh60bw9\">\n<div class=\"rq0escxv hkbzh7o3 jwdofwj8 n8tt0mok r8blr3vg hyh9befq\">\n<div class=\"do00u71z l9j0dhe7 k4urcfbm\">\n<h2><span style=\"color: #000080;\">DON CESARE, IL PENSIERO DEL GIORNO. ALLA RADIO ALLE 7 DEL MATTINO E ALLE 19.30 DELLA SERA.\u00a0<\/span><\/h2>\n<audio class=\"wp-audio-shortcode\" id=\"audio-271690-16\" preload=\"none\" style=\"width: 100%;\" controls=\"controls\"><source type=\"audio\/mpeg\" src=\"https:\/\/www.radiopiu.net\/wordpress\/wp-content\/uploads\/2022\/04\/CESARE-8.mp3?_=16\" \/><a href=\"https:\/\/www.radiopiu.net\/wordpress\/wp-content\/uploads\/2022\/04\/CESARE-8.mp3\">https:\/\/www.radiopiu.net\/wordpress\/wp-content\/uploads\/2022\/04\/CESARE-8.mp3<\/a><\/audio>\n<\/div>\n<\/div>\n<\/div>\n<\/div>\n<\/div>\n<\/div>\n<\/div>\n<p>&nbsp;<\/p>\n<p>&nbsp;<\/p>\n<hr \/>\n<p>&nbsp;<\/p>\n<h3 class=\"kvgmc6g5 cxmmr5t8 oygrvhab hcukyx3x c1et5uql\"><span style=\"color: #0000ff;\"><strong>&#8220;RADIO PIU INFORMAZIONE&#8221;\u00a0 \u00e8 il canale su TELEGRAM informazione di prima\u00a0 <\/strong><\/span><span style=\"color: #0000ff;\"><strong>mano e in tempo reale. iscriviti ed aiutaci a farlo conoscere. &#8220;RADIO PIU INFORMAZIONE&#8221;\u00a0 accesso gratuito, cercalo dopo aver scaricato l&#8217;applicazione TELEGRAM.<\/strong><\/span><\/h3>\n<p><strong>LA RACCOLTA COMPLETA\u00a0<\/strong><\/p>\n<blockquote class=\"wp-embedded-content\" data-secret=\"SGq44jmxB9\"><p><a href=\"https:\/\/www.radiopiu.net\/wordpress\/007incondotta-9\/\">007 in condotta<\/a><\/p><\/blockquote>\n<p><iframe loading=\"lazy\" class=\"wp-embedded-content\" sandbox=\"allow-scripts\" security=\"restricted\" style=\"position: absolute; clip: rect(1px, 1px, 1px, 1px);\" title=\"&#8220;007 in condotta&#8221; &#8212; Radio Pi\u00f9\" src=\"https:\/\/www.radiopiu.net\/wordpress\/007incondotta-9\/embed\/#?secret=rmU427vncF#?secret=SGq44jmxB9\" data-secret=\"SGq44jmxB9\" width=\"600\" height=\"338\" frameborder=\"0\" marginwidth=\"0\" marginheight=\"0\" scrolling=\"no\"><\/iframe><\/p>\n<p>&nbsp;<\/p>\n<hr \/>\n<p>&nbsp;<\/p>\n<div class=\"do00u71z l9j0dhe7 k4urcfbm\">\n<div class=\"page-title-head hgroup\">\n<div class=\"page-title-head hgroup\">\n<div class=\"b654a4as d2edcug0\">\n<div class=\"j83agx80 btwxx1t3 lhclo0ds hop8lmos nkwizq5d scwd0bx6 roh60bw9\">\n<div class=\"rq0escxv hkbzh7o3 jwdofwj8 n8tt0mok r8blr3vg hyh9befq\">\n<div class=\"do00u71z l9j0dhe7 k4urcfbm\">\n<div class=\"page-title-head hgroup\">\n<div class=\"page-title-head hgroup\">\n<div class=\"b654a4as d2edcug0\">\n<div class=\"j83agx80 btwxx1t3 lhclo0ds hop8lmos nkwizq5d scwd0bx6 roh60bw9\">\n<div class=\"rq0escxv hkbzh7o3 jwdofwj8 n8tt0mok r8blr3vg hyh9befq\">\n<div class=\"do00u71z l9j0dhe7 k4urcfbm\">\n<div class=\"ecm0bbzt e5nlhep0 a8c37x1j\">\n<div class=\"kvgmc6g5 cxmmr5t8 oygrvhab hcukyx3x c1et5uql\">\n<div class=\"gmail-kvgmc6g5 gmail-cxmmr5t8 gmail-oygrvhab gmail-hcukyx3x gmail-c1et5uql gmail-ii04i59q\">\n<div class=\"page-title-head hgroup\">\n<div class=\"page-title-head hgroup\">\n<div class=\"b654a4as d2edcug0\">\n<div class=\"j83agx80 btwxx1t3 lhclo0ds hop8lmos nkwizq5d scwd0bx6 roh60bw9\">\n<div class=\"rq0escxv hkbzh7o3 jwdofwj8 n8tt0mok r8blr3vg hyh9befq\">\n<div class=\"do00u71z l9j0dhe7 k4urcfbm\">\n<div class=\"page-title-head hgroup\">\n<div class=\"page-title-head hgroup\">\n<div class=\"b654a4as d2edcug0\">\n<div class=\"j83agx80 btwxx1t3 lhclo0ds hop8lmos nkwizq5d scwd0bx6 roh60bw9\">\n<div class=\"rq0escxv hkbzh7o3 jwdofwj8 n8tt0mok r8blr3vg hyh9befq\">\n<div class=\"do00u71z l9j0dhe7 k4urcfbm\">\n<div class=\"page-title-head hgroup\">\n<div class=\"page-title-head hgroup\">\n<div class=\"b654a4as d2edcug0\">\n<div class=\"j83agx80 btwxx1t3 lhclo0ds hop8lmos nkwizq5d scwd0bx6 roh60bw9\">\n<div class=\"rq0escxv hkbzh7o3 jwdofwj8 n8tt0mok r8blr3vg hyh9befq\">\n<div class=\"do00u71z l9j0dhe7 k4urcfbm\">\n<div class=\"ecm0bbzt e5nlhep0 a8c37x1j\">\n<div class=\"kvgmc6g5 cxmmr5t8 oygrvhab hcukyx3x c1et5uql\">\n<div class=\"gmail-kvgmc6g5 gmail-cxmmr5t8 gmail-oygrvhab gmail-hcukyx3x gmail-c1et5uql gmail-ii04i59q\">\n<div class=\"page-title-head hgroup\">\n<div class=\"page-title-head hgroup\">\n<div class=\"b654a4as d2edcug0\">\n<div class=\"j83agx80 btwxx1t3 lhclo0ds hop8lmos nkwizq5d scwd0bx6 roh60bw9\">\n<div class=\"rq0escxv hkbzh7o3 jwdofwj8 n8tt0mok r8blr3vg hyh9befq\">\n<div class=\"do00u71z l9j0dhe7 k4urcfbm\">\n<blockquote>\n<h3><span style=\"color: #ff0000;\">IN VIVO VERSO, SETTIMA STAGIONE CON BRUNELLA MORO, DAL LUNEDI AL VENERDI ALLE 7.10, 10.10 E 18.50\u00a0\u00a0<\/span><\/h3>\n<h3>ANTONIO di STEFANO TALAMINI<\/h3>\n<\/blockquote>\n<p>AUDIO<\/p>\n<audio class=\"wp-audio-shortcode\" id=\"audio-271690-17\" preload=\"none\" style=\"width: 100%;\" controls=\"controls\"><source type=\"audio\/mpeg\" src=\"https:\/\/www.radiopiu.net\/wordpress\/wp-content\/uploads\/2022\/04\/5-STEFANO-TALAMINI-ANTONIO.mp3?_=17\" \/><a href=\"https:\/\/www.radiopiu.net\/wordpress\/wp-content\/uploads\/2022\/04\/5-STEFANO-TALAMINI-ANTONIO.mp3\">https:\/\/www.radiopiu.net\/wordpress\/wp-content\/uploads\/2022\/04\/5-STEFANO-TALAMINI-ANTONIO.mp3<\/a><\/audio>\n<p>&nbsp;<\/p>\n<p><strong><img loading=\"lazy\" decoding=\"async\" class=\"alignleft\" src=\"https:\/\/www.radiopiu.net\/wordpress\/wp-content\/uploads\/2022\/04\/5-STEFANO-TALAMINI-FOTO-1.jpg\" width=\"142\" height=\"140\" \/>ANTONIO<\/strong><\/p>\n<p>I fiumi della terra dei padani<\/p>\n<p>montavano silenti e spaventosi<\/p>\n<p>mentre li costeggiavo tra le canne<\/p>\n<p>fuggendo dalle tigri e dai leoni.<\/p>\n<p>Solo pace trovavo nella notte<\/p>\n<p>quando non mi tremava pi\u00f9 la mano<\/p>\n<p>mentre piangendo il rosso dipingevo<\/p>\n<p>e il giallo e il verde e l\u2019indaco solenne.<\/p>\n<p>Avevo freddo agli occhi nel mattino<\/p>\n<p>quando uscivo a lavare la vestaglia<\/p>\n<p>e i pennelli posavo al davanzale<\/p>\n<p>per farli riposar dalle battaglie.<\/p>\n<p>Le donne e i cavalieri che ho incontrato<\/p>\n<p>hanno a lungo giostrato nella via<\/p>\n<p>alcuni mi han trafitto nella schiena<\/p>\n<p>altre nel cuore mi han messo una spina.<\/p>\n<p>Poche volte ho agguantato la mia vita,<\/p>\n<p>la gente del mio tempo mi ha sprecato<\/p>\n<p>e io non gli ho saputo raccontare<\/p>\n<p>Antonio Ligabue di Padre Ignoto.<\/p>\n<p>&nbsp;<\/p>\n<p><strong>LA RACCOLTA COMPLETA\u00a0<\/strong><\/p>\n<blockquote class=\"wp-embedded-content\" data-secret=\"j9IgrbHtSt\"><p><a href=\"https:\/\/www.radiopiu.net\/wordpress\/in-vivo-verso\/\">In Vivo Verso<\/a><\/p><\/blockquote>\n<p><iframe loading=\"lazy\" class=\"wp-embedded-content\" sandbox=\"allow-scripts\" security=\"restricted\" style=\"position: absolute; clip: rect(1px, 1px, 1px, 1px);\" title=\"&#8220;In Vivo Verso&#8221; &#8212; Radio Pi\u00f9\" src=\"https:\/\/www.radiopiu.net\/wordpress\/in-vivo-verso\/embed\/#?secret=H4CXxTqyZZ#?secret=j9IgrbHtSt\" data-secret=\"j9IgrbHtSt\" width=\"600\" height=\"338\" frameborder=\"0\" marginwidth=\"0\" marginheight=\"0\" scrolling=\"no\"><\/iframe><\/p>\n<p>&nbsp;<\/p>\n<hr \/>\n<p>&nbsp;<\/p>\n<h3 class=\"entry-title\"><span style=\"color: #ff0000;\"><a href=\"https:\/\/www.radiopiu.net\/wordpress\/wp-content\/uploads\/2022\/04\/bustos-756620__340.webp\"><img loading=\"lazy\" decoding=\"async\" class=\" wp-image-271808 alignleft\" src=\"https:\/\/www.radiopiu.net\/wordpress\/wp-content\/uploads\/2022\/04\/bustos-756620__340-150x150.webp\" alt=\"\" width=\"94\" height=\"94\" \/><\/a>GOCCE DI FILOSOFIA PUNTATA 185<\/span><\/h3>\n<h3 class=\"entry-title\">AUDIO<\/h3>\n<audio class=\"wp-audio-shortcode\" id=\"audio-271690-18\" preload=\"none\" style=\"width: 100%;\" controls=\"controls\"><source type=\"audio\/mpeg\" src=\"https:\/\/www.radiopiu.net\/wordpress\/wp-content\/uploads\/2022\/04\/FI5-2.mp3?_=18\" \/><a href=\"https:\/\/www.radiopiu.net\/wordpress\/wp-content\/uploads\/2022\/04\/FI5-2.mp3\">https:\/\/www.radiopiu.net\/wordpress\/wp-content\/uploads\/2022\/04\/FI5-2.mp3<\/a><\/audio>\n<p>&nbsp;<\/p>\n<p><strong>\u00a0<\/strong><strong>LA RACCOLTA COMPLETA<\/strong><\/p>\n<blockquote class=\"wp-embedded-content\" data-secret=\"qVbnKWMm8P\"><p><a href=\"https:\/\/www.radiopiu.net\/wordpress\/gocce-filosofia\/\">Gocce di filosofia, PRIMA E SECONDA STAGIONE 2022<\/a><\/p><\/blockquote>\n<p><iframe loading=\"lazy\" class=\"wp-embedded-content\" sandbox=\"allow-scripts\" security=\"restricted\" style=\"position: absolute; clip: rect(1px, 1px, 1px, 1px);\" title=\"&#8220;Gocce di filosofia, PRIMA E SECONDA STAGIONE 2022&#8221; &#8212; Radio Pi\u00f9\" src=\"https:\/\/www.radiopiu.net\/wordpress\/gocce-filosofia\/embed\/#?secret=2xgcj6KuhA#?secret=qVbnKWMm8P\" data-secret=\"qVbnKWMm8P\" width=\"600\" height=\"338\" frameborder=\"0\" marginwidth=\"0\" marginheight=\"0\" scrolling=\"no\"><\/iframe><\/p>\n<p>&nbsp;<\/p>\n<hr \/>\n<p>&nbsp;<\/p>\n<p><span style=\"color: #0000ff;\">MUSICA PIU&#8217;\u00a0<\/span><\/p>\n<p><a href=\"https:\/\/www.radiopiu.net\/wordpress\/giornale-radiopiu-20-settembre-2021-direttore-mirko-mezzacasa\/pp-79\/\" rel=\"attachment wp-att-232921\"><img loading=\"lazy\" decoding=\"async\" class=\"wp-image-232921 alignleft\" src=\"https:\/\/www.radiopiu.net\/wordpress\/wp-content\/uploads\/2021\/09\/pp-1-300x300.jpg\" alt=\"\" width=\"135\" height=\"135\" srcset=\"https:\/\/www.radiopiu.net\/wordpress\/wp-content\/uploads\/2021\/09\/pp-1-300x300.jpg 300w, https:\/\/www.radiopiu.net\/wordpress\/wp-content\/uploads\/2021\/09\/pp-1-150x150.jpg 150w, https:\/\/www.radiopiu.net\/wordpress\/wp-content\/uploads\/2021\/09\/pp-1.jpg 640w\" sizes=\"auto, (max-width: 135px) 100vw, 135px\" \/><\/a><\/p>\n<div class=\"mkdf-post-text\">\n<div class=\"mkdf-post-text-inner\">\n<div class=\"mkdf-post-text-main\">\n<div class=\"mkdf-post-text\">\n<div class=\"mkdf-post-text-inner\">\n<div class=\"mkdf-post-text-main\">\n<div class=\"mkdf-post-text\">\n<div class=\"mkdf-post-text-inner\">\n<div class=\"mkdf-post-text-main\">\n<div class=\"page-title-head hgroup\">\n<div class=\"page-title-head hgroup\">\n<div class=\"mkdf-post-text\">\n<div class=\"mkdf-post-text-inner\">\n<div class=\"mkdf-post-text-main\">\n<div class=\"mkdf-post-text\">\n<div class=\"mkdf-post-text-inner\">\n<div class=\"mkdf-post-text-main\">\n<div class=\"page-title-head hgroup\">\n<div class=\"page-title-head hgroup\">\n<div class=\"page-title-head hgroup\">\n<div class=\"page-title-head hgroup\">\n<div class=\"b654a4as d2edcug0\">\n<div class=\"page-title-head hgroup\">\n<div class=\"page-title-head hgroup\">\n<div class=\"page-title-head hgroup\">\n<div class=\"page-title-head hgroup\">\n<div class=\"b654a4as d2edcug0\">\n<div class=\"page-title-head hgroup\">\n<div class=\"page-title-head hgroup\">\n<div class=\"page-title-head hgroup\">\n<div class=\"page-title-head hgroup\">\n<div class=\"b654a4as d2edcug0\">\n<div class=\"mkdf-post-text\">\n<div class=\"mkdf-post-text-inner\">\n<div class=\"mkdf-post-text-main\">\n<div class=\"mkdf-post-text\">\n<div class=\"mkdf-post-text-inner\">\n<div class=\"mkdf-post-text-main\">\n<div class=\"mkdf-post-text\">\n<div class=\"mkdf-post-text-inner\">\n<div class=\"mkdf-post-text-main\">\n<div class=\"page-title-head hgroup\">\n<div class=\"page-title-head hgroup\">\n<div class=\"mkdf-post-text\">\n<div class=\"mkdf-post-text-inner\">\n<div class=\"mkdf-post-text-main\">\n<div class=\"mkdf-post-text\">\n<div class=\"mkdf-post-text-inner\">\n<div class=\"mkdf-post-text-main\">\n<div class=\"page-title-head hgroup\">\n<div class=\"page-title-head hgroup\">\n<div class=\"page-title-head hgroup\">\n<div class=\"page-title-head hgroup\">\n<div class=\"b654a4as d2edcug0\">\n<div class=\"page-title-head hgroup\">\n<div class=\"page-title-head hgroup\">\n<div class=\"page-title-head hgroup\">\n<div class=\"page-title-head hgroup\">\n<div class=\"b654a4as d2edcug0\">\n<div class=\"page-title-head hgroup\">\n<div class=\"page-title-head hgroup\">\n<div class=\"page-title-head hgroup\">\n<div class=\"page-title-head hgroup\">\n<div class=\"b654a4as d2edcug0\">\n<div><\/div>\n<div><\/div>\n<div>\n<p><strong>MUSICA ALLA RADIO, IL PROGRAMMA DI LORIS SCUSSEL &#8220;COLLAGE OPERAZIONE NOSTALGIA&#8221; DAL LUNEDI AL VENERDI ALLE 16.00\u00a0 E ALLE 23\u00a0<\/strong><\/p>\n<p>&nbsp;<\/p>\n<\/div>\n<p><em><strong>PUNTATA 590 DEL 22 APRILE 2022<\/strong><\/em><\/p>\n<audio class=\"wp-audio-shortcode\" id=\"audio-271690-19\" preload=\"none\" style=\"width: 100%;\" controls=\"controls\"><source type=\"audio\/mpeg\" src=\"https:\/\/www.radiopiu.net\/wordpress\/wp-content\/uploads\/2022\/04\/Collage-590.mp3?_=19\" \/><a href=\"https:\/\/www.radiopiu.net\/wordpress\/wp-content\/uploads\/2022\/04\/Collage-590.mp3\">https:\/\/www.radiopiu.net\/wordpress\/wp-content\/uploads\/2022\/04\/Collage-590.mp3<\/a><\/audio>\n<p>&nbsp;<\/p>\n<p>&nbsp;<\/p>\n<hr \/>\n<p>&nbsp;<\/p>\n<blockquote class=\"wp-embedded-content\" data-secret=\"yuEBMHe7f8\"><p><a href=\"https:\/\/www.radiopiu.net\/wordpress\/da-ieri-alla-radio-in-palinsesto-loris-e-maurizio-con-la-grande-musica\/\">IL BLUES ALLA RADIO &#8230; COME NON L&#8217;AVETE MAI SENTITO PRIMA<\/a><\/p><\/blockquote>\n<p><iframe loading=\"lazy\" class=\"wp-embedded-content\" sandbox=\"allow-scripts\" security=\"restricted\" style=\"position: absolute; clip: rect(1px, 1px, 1px, 1px);\" title=\"&#8220;IL BLUES ALLA RADIO &#8230; COME NON L&#8217;AVETE MAI SENTITO PRIMA&#8221; &#8212; Radio Pi\u00f9\" src=\"https:\/\/www.radiopiu.net\/wordpress\/da-ieri-alla-radio-in-palinsesto-loris-e-maurizio-con-la-grande-musica\/embed\/#?secret=azpf6eT0f7#?secret=yuEBMHe7f8\" data-secret=\"yuEBMHe7f8\" width=\"600\" height=\"338\" frameborder=\"0\" marginwidth=\"0\" marginheight=\"0\" scrolling=\"no\"><\/iframe><\/p>\n<p>&nbsp;<\/p>\n<p>&nbsp;<\/p>\n<hr \/>\n<p>&nbsp;<\/p>\n<h2><span style=\"color: #008000;\">GIROVAGANDO IN E-BIKE 2022<\/span><\/h2>\n<blockquote class=\"wp-embedded-content\" data-secret=\"HqBRWIg8zq\"><p><a href=\"https:\/\/www.radiopiu.net\/wordpress\/girovagando-in-e-bike-tra-le-dolomiti\/\">GIROVAGANDO IN E BIKE TRA LE DOLOMITI<\/a><\/p><\/blockquote>\n<p><iframe loading=\"lazy\" class=\"wp-embedded-content\" sandbox=\"allow-scripts\" security=\"restricted\" style=\"position: absolute; clip: rect(1px, 1px, 1px, 1px);\" title=\"&#8220;GIROVAGANDO IN E BIKE TRA LE DOLOMITI&#8221; &#8212; Radio Pi\u00f9\" src=\"https:\/\/www.radiopiu.net\/wordpress\/girovagando-in-e-bike-tra-le-dolomiti\/embed\/#?secret=FPg1fU0Eor#?secret=HqBRWIg8zq\" data-secret=\"HqBRWIg8zq\" width=\"600\" height=\"338\" frameborder=\"0\" marginwidth=\"0\" marginheight=\"0\" scrolling=\"no\"><\/iframe><\/p>\n<p>&nbsp;<\/p>\n<hr \/>\n<p>&nbsp;<\/p>\n<h2><span style=\"color: #0000ff;\">SALUTE &amp; SOCIETA&#8217;<\/span><\/h2>\n<p><strong>LA RACCOLTA COMPLETA<\/strong><\/p>\n<blockquote class=\"wp-embedded-content\" data-secret=\"DipBAmBNYV\"><p><a href=\"https:\/\/www.radiopiu.net\/wordpress\/saluteesocieta\/\">Salute e Societ\u00e0<\/a><\/p><\/blockquote>\n<p><iframe loading=\"lazy\" class=\"wp-embedded-content\" sandbox=\"allow-scripts\" security=\"restricted\" style=\"position: absolute; clip: rect(1px, 1px, 1px, 1px);\" title=\"&#8220;Salute e Societ\u00e0&#8221; &#8212; Radio Pi\u00f9\" src=\"https:\/\/www.radiopiu.net\/wordpress\/saluteesocieta\/embed\/#?secret=ZORLG7TXnD#?secret=DipBAmBNYV\" data-secret=\"DipBAmBNYV\" width=\"600\" height=\"338\" frameborder=\"0\" marginwidth=\"0\" marginheight=\"0\" scrolling=\"no\"><\/iframe><\/p>\n<p>&nbsp;<\/p>\n<hr \/>\n<\/div>\n<\/div>\n<\/div>\n<\/div>\n<\/div>\n<\/div>\n<\/div>\n<\/div>\n<\/div>\n<\/div>\n<\/div>\n<\/div>\n<\/div>\n<\/div>\n<\/div>\n<\/div>\n<\/div>\n<\/div>\n<\/div>\n<\/div>\n<\/div>\n<\/div>\n<\/div>\n<\/div>\n<\/div>\n<\/div>\n<\/div>\n<\/div>\n<\/div>\n<\/div>\n<\/div>\n<\/div>\n<\/div>\n<\/div>\n<\/div>\n<\/div>\n<\/div>\n<\/div>\n<\/div>\n<\/div>\n<\/div>\n<\/div>\n<\/div>\n<\/div>\n<\/div>\n<\/div>\n<\/div>\n<\/div>\n<\/div>\n<\/div>\n<\/div>\n<\/div>\n<\/div>\n<\/div>\n<\/div>\n<\/div>\n<\/div>\n<\/div>\n<\/div>\n<\/div>\n<\/div>\n<\/div>\n<\/div>\n<\/div>\n<p>&nbsp;<\/p>\n<blockquote>\n<h3 class=\"kvgmc6g5 cxmmr5t8 oygrvhab hcukyx3x c1et5uql\"><span style=\"color: #0000ff;\"><strong>&#8220;RADIO PIU INFORMAZIONE&#8221;\u00a0 \u00e8 il canale su TELEGRAM informazione di prima\u00a0 <\/strong><\/span><span style=\"color: #0000ff;\"><strong>mano e in tempo reale. iscriviti ed aiutaci a farlo conoscere. &#8220;RADIO PIU INFORMAZIONE&#8221;\u00a0 accesso gratuito, cercalo dopo aver scaricato l&#8217;applicazione TELEGRAM.<\/strong><\/span><\/h3>\n<\/blockquote>\n<div>\n<div class=\"page-title-head hgroup\">\n<div class=\"page-title-head hgroup\">\n<div class=\"page-title-head hgroup\">\n<div class=\"page-title-head hgroup\">\n<div class=\"b654a4as d2edcug0\">\n<div class=\"page-title-head hgroup\">\n<div class=\"page-title-head hgroup\">\n<div class=\"page-title-head hgroup\">\n<div class=\"page-title-head hgroup\">\n<div class=\"b654a4as d2edcug0\">\n<div class=\"page-title-head hgroup\">\n<div class=\"page-title-head hgroup\">\n<div class=\"page-title-head hgroup\">\n<div class=\"page-title-head hgroup\">\n<div class=\"page-title-head hgroup\">\n<div class=\"page-title-head hgroup\">\n<div class=\"page-title-head hgroup\">\n<div class=\"page-title-head hgroup\">\n<div class=\"page-title-head hgroup\">\n<div class=\"b654a4as d2edcug0\">\n<div class=\"page-title-head hgroup\">\n<div class=\"page-title-head hgroup\">\n<div class=\"page-title-head hgroup\">\n<div class=\"page-title-head hgroup\">\n<div class=\"b654a4as d2edcug0\">\n<div><\/div>\n<div>\n<div class=\"page-title-head hgroup\">\n<div class=\"page-title-head hgroup\">\n<div class=\"page-title-head hgroup\">\n<div class=\"page-title-head hgroup\">\n<div class=\"page-title-head hgroup\">\n<div class=\"mkdf-post-text\">\n<div class=\"mkdf-post-text-inner\">\n<div class=\"mkdf-post-text-main\">\n<div class=\"mkdf-post-text\">\n<div class=\"mkdf-post-text-inner\">\n<div class=\"mkdf-post-text-main\">\n<div class=\"mkdf-post-text\">\n<div class=\"mkdf-post-text-inner\">\n<div class=\"mkdf-post-text-main\">\n<div class=\"page-title-head hgroup\">\n<div class=\"page-title-head hgroup\">\n<div class=\"mkdf-post-text\">\n<div class=\"mkdf-post-text-inner\">\n<div class=\"mkdf-post-text-main\">\n<div class=\"mkdf-post-text\">\n<div class=\"mkdf-post-text-inner\">\n<div class=\"mkdf-post-text-main\">\n<div class=\"page-title-head hgroup\">\n<div class=\"page-title-head hgroup\">\n<div class=\"page-title-head hgroup\">\n<div class=\"page-title-head hgroup\">\n<div class=\"b654a4as d2edcug0\">\n<div class=\"page-title-head hgroup\">\n<div class=\"page-title-head hgroup\">\n<div class=\"page-title-head hgroup\">\n<div class=\"page-title-head hgroup\">\n<div class=\"b654a4as d2edcug0\">\n<div class=\"page-title-head hgroup\">\n<div class=\"page-title-head hgroup\">\n<div class=\"page-title-head hgroup\">\n<div class=\"page-title-head hgroup\">\n<p>&nbsp;<\/p>\n<div>\n<div class=\"page-title-head hgroup\">\n<div class=\"page-title-head hgroup\">\n<div class=\"b654a4as d2edcug0\">\n<div class=\"j83agx80 btwxx1t3 lhclo0ds hop8lmos nkwizq5d scwd0bx6 roh60bw9\">\n<div class=\"rq0escxv hkbzh7o3 jwdofwj8 n8tt0mok r8blr3vg hyh9befq\">\n<div class=\"do00u71z l9j0dhe7 k4urcfbm\">\n<div class=\"page-title-head hgroup\">\n<div class=\"page-title-head hgroup\">\n<div class=\"b654a4as d2edcug0\">\n<div class=\"j83agx80 btwxx1t3 lhclo0ds hop8lmos nkwizq5d scwd0bx6 roh60bw9\">\n<div class=\"rq0escxv hkbzh7o3 jwdofwj8 n8tt0mok r8blr3vg hyh9befq\">\n<div class=\"do00u71z l9j0dhe7 k4urcfbm\">\n<div class=\"ecm0bbzt e5nlhep0 a8c37x1j\">\n<div class=\"kvgmc6g5 cxmmr5t8 oygrvhab hcukyx3x c1et5uql\">\n<div class=\"gmail-kvgmc6g5 gmail-cxmmr5t8 gmail-oygrvhab gmail-hcukyx3x gmail-c1et5uql gmail-ii04i59q\">\n<div class=\"page-title-head hgroup\">\n<div class=\"page-title-head hgroup\">\n<div class=\"b654a4as d2edcug0\">\n<div class=\"j83agx80 btwxx1t3 lhclo0ds hop8lmos nkwizq5d scwd0bx6 roh60bw9\">\n<div class=\"rq0escxv hkbzh7o3 jwdofwj8 n8tt0mok r8blr3vg hyh9befq\">\n<div class=\"do00u71z l9j0dhe7 k4urcfbm\">\n<div class=\"page-title-head hgroup\">\n<div class=\"page-title-head hgroup\">\n<div class=\"b654a4as d2edcug0\">\n<div class=\"j83agx80 btwxx1t3 lhclo0ds hop8lmos nkwizq5d scwd0bx6 roh60bw9\">\n<div class=\"rq0escxv hkbzh7o3 jwdofwj8 n8tt0mok r8blr3vg hyh9befq\">\n<div class=\"do00u71z l9j0dhe7 k4urcfbm\">\n<div class=\"page-title-head hgroup\">\n<div class=\"page-title-head hgroup\">\n<div class=\"b654a4as d2edcug0\">\n<div class=\"j83agx80 btwxx1t3 lhclo0ds hop8lmos nkwizq5d scwd0bx6 roh60bw9\">\n<div class=\"rq0escxv hkbzh7o3 jwdofwj8 n8tt0mok r8blr3vg hyh9befq\">\n<div class=\"do00u71z l9j0dhe7 k4urcfbm\">\n<div class=\"ecm0bbzt e5nlhep0 a8c37x1j\">\n<div class=\"kvgmc6g5 cxmmr5t8 oygrvhab hcukyx3x c1et5uql\">\n<div class=\"gmail-kvgmc6g5 gmail-cxmmr5t8 gmail-oygrvhab gmail-hcukyx3x gmail-c1et5uql gmail-ii04i59q\">\n<div class=\"page-title-head hgroup\">\n<div class=\"page-title-head hgroup\">\n<div class=\"b654a4as d2edcug0\">\n<div class=\"j83agx80 btwxx1t3 lhclo0ds hop8lmos nkwizq5d scwd0bx6 roh60bw9\">\n<div class=\"rq0escxv hkbzh7o3 jwdofwj8 n8tt0mok r8blr3vg hyh9befq\">\n<div class=\"do00u71z l9j0dhe7 k4urcfbm\">\n<div class=\"page-title-head hgroup\">\n<div class=\"page-title-head hgroup\">\n<div class=\"page-title-head hgroup\">\n<div class=\"page-title-head hgroup\">\n<div class=\"b654a4as d2edcug0\">\n<div class=\"page-title-head hgroup\">\n<div class=\"page-title-head hgroup\">\n<div class=\"page-title-head hgroup\">\n<div class=\"page-title-head hgroup\">\n<div class=\"b654a4as d2edcug0\">\n<div class=\"page-title-head hgroup\">\n<div class=\"page-title-head hgroup\">\n<div class=\"page-title-head hgroup\">\n<div class=\"page-title-head hgroup\">\n<div class=\"page-title-head hgroup\">\n<div class=\"page-title-head hgroup\">\n<div class=\"page-title-head hgroup\">\n<div class=\"page-title-head hgroup\">\n<div class=\"page-title-head hgroup\">\n<div class=\"b654a4as d2edcug0\">\n<div class=\"page-title-head hgroup\">\n<div class=\"page-title-head hgroup\">\n<div class=\"page-title-head hgroup\">\n<div class=\"page-title-head hgroup\">\n<div class=\"b654a4as d2edcug0\">\n<div class=\"page-title-head hgroup\">\n<div class=\"page-title-head hgroup\">\n<div class=\"page-title-head hgroup\">\n<div class=\"page-title-head hgroup\">\n<div class=\"page-title-head hgroup\">\n<div class=\"mkdf-post-text\">\n<div class=\"mkdf-post-text-inner\">\n<div class=\"mkdf-post-text-main\">\n<div class=\"mkdf-post-text\">\n<div class=\"mkdf-post-text-inner\">\n<div class=\"mkdf-post-text-main\">\n<div class=\"mkdf-post-text\">\n<div class=\"mkdf-post-text-inner\">\n<div class=\"mkdf-post-text-main\">\n<div class=\"page-title-head hgroup\">\n<div class=\"page-title-head hgroup\">\n<div class=\"mkdf-post-text\">\n<div class=\"mkdf-post-text-inner\">\n<div class=\"mkdf-post-text-main\">\n<div class=\"mkdf-post-text\">\n<div class=\"mkdf-post-text-inner\">\n<div class=\"mkdf-post-text-main\">\n<div class=\"page-title-head hgroup\">\n<div class=\"page-title-head hgroup\">\n<div class=\"page-title-head hgroup\">\n<div class=\"page-title-head hgroup\">\n<div class=\"b654a4as d2edcug0\">\n<div class=\"page-title-head hgroup\">\n<div class=\"page-title-head hgroup\">\n<div class=\"page-title-head hgroup\">\n<div class=\"page-title-head hgroup\">\n<div class=\"b654a4as d2edcug0\">\n<div class=\"page-title-head hgroup\">\n<div class=\"page-title-head hgroup\">\n<div class=\"page-title-head hgroup\">\n<div class=\"page-title-head hgroup\">\n<div class=\"b654a4as d2edcug0\">\n<div class=\"ecm0bbzt e5nlhep0 a8c37x1j\">\n<div class=\"kvgmc6g5 cxmmr5t8 oygrvhab hcukyx3x c1et5uql\">\n<div class=\"gmail-kvgmc6g5 gmail-cxmmr5t8 gmail-oygrvhab gmail-hcukyx3x gmail-c1et5uql gmail-ii04i59q\">\n<div class=\"page-title-head hgroup\">\n<div class=\"page-title-head hgroup\">\n<div class=\"b654a4as d2edcug0\">\n<div class=\"j83agx80 btwxx1t3 lhclo0ds hop8lmos nkwizq5d scwd0bx6 roh60bw9\">\n<div class=\"rq0escxv hkbzh7o3 jwdofwj8 n8tt0mok r8blr3vg hyh9befq\">\n<div class=\"do00u71z l9j0dhe7 k4urcfbm\">\n<div class=\"page-title-head hgroup\">\n<div class=\"page-title-head hgroup\">\n<div class=\"page-title-head hgroup\">\n<div class=\"page-title-head hgroup\">\n<div class=\"b654a4as d2edcug0\">\n<div class=\"page-title-head hgroup\">\n<div class=\"page-title-head hgroup\">\n<div class=\"page-title-head hgroup\">\n<div class=\"page-title-head hgroup\">\n<div class=\"b654a4as d2edcug0\">\n<div class=\"page-title-head hgroup\">\n<div class=\"page-title-head hgroup\">\n<div class=\"page-title-head hgroup\">\n<div class=\"page-title-head hgroup\">\n<div class=\"page-title-head hgroup\">\n<div class=\"page-title-head hgroup\">\n<div class=\"page-title-head hgroup\">\n<div class=\"page-title-head hgroup\">\n<div class=\"page-title-head hgroup\">\n<div class=\"b654a4as d2edcug0\">\n<div class=\"page-title-head hgroup\">\n<div class=\"page-title-head hgroup\">\n<div class=\"page-title-head hgroup\">\n<div class=\"page-title-head hgroup\">\n<div class=\"b654a4as d2edcug0\">\n<div class=\"page-title-head hgroup\">\n<div class=\"page-title-head hgroup\">\n<div class=\"page-title-head hgroup\">\n<div class=\"page-title-head hgroup\">\n<div class=\"page-title-head hgroup\">\n<div class=\"mkdf-post-text\">\n<div class=\"mkdf-post-text-inner\">\n<div class=\"mkdf-post-text-main\">\n<div class=\"mkdf-post-text\">\n<div class=\"mkdf-post-text-inner\">\n<div class=\"mkdf-post-text-main\">\n<div class=\"mkdf-post-text\">\n<div class=\"mkdf-post-text-inner\">\n<div class=\"mkdf-post-text-main\">\n<div class=\"page-title-head hgroup\">\n<div class=\"page-title-head hgroup\">\n<div class=\"mkdf-post-text\">\n<div class=\"mkdf-post-text-inner\">\n<div class=\"mkdf-post-text-main\">\n<div class=\"mkdf-post-text\">\n<div class=\"mkdf-post-text-inner\">\n<div class=\"mkdf-post-text-main\">\n<div class=\"page-title-head hgroup\">\n<div class=\"page-title-head hgroup\">\n<div class=\"page-title-head hgroup\">\n<div class=\"page-title-head hgroup\">\n<div class=\"b654a4as d2edcug0\">\n<div class=\"page-title-head hgroup\">\n<div class=\"page-title-head hgroup\">\n<div class=\"page-title-head hgroup\">\n<div class=\"page-title-head hgroup\">\n<div class=\"b654a4as d2edcug0\">\n<div class=\"page-title-head hgroup\">\n<div class=\"page-title-head hgroup\">\n<div class=\"page-title-head hgroup\">\n<div class=\"page-title-head hgroup\">\n<div class=\"b654a4as d2edcug0\">\n<hr \/>\n<p>&nbsp;<\/p>\n<div>\n<p><strong>DUE MINUTI UN LIBRO, TUTTI I GIORNI ALLA RADIO ALLE 9.40 E ALLE 17.50\u00a0\u00a0<\/strong><\/p>\n<div>\n<div>\n<p><strong>LA RACCOLTA COMPLETA\u00a0\u00a0<\/strong><\/p>\n<\/div>\n<\/div>\n<\/div>\n<div class=\"mkdf-post-text\">\n<div class=\"mkdf-post-text-inner\">\n<div class=\"mkdf-post-text-main\">\n<div class=\"mkdf-post-text\">\n<div class=\"mkdf-post-text-inner\">\n<div class=\"mkdf-post-text-main\">\n<div class=\"mkdf-post-text\">\n<div class=\"mkdf-post-text-inner\">\n<div class=\"mkdf-post-text-main\">\n<div class=\"page-title-head hgroup\">\n<div class=\"page-title-head hgroup\">\n<div class=\"mkdf-post-text\">\n<div class=\"mkdf-post-text-inner\">\n<div class=\"mkdf-post-text-main\">\n<div class=\"mkdf-post-text\">\n<div class=\"mkdf-post-text-inner\">\n<div class=\"mkdf-post-text-main\">\n<div class=\"page-title-head hgroup\">\n<div class=\"page-title-head hgroup\">\n<div class=\"page-title-head hgroup\">\n<div class=\"page-title-head hgroup\">\n<div class=\"b654a4as d2edcug0\">\n<div class=\"page-title-head hgroup\">\n<div class=\"page-title-head hgroup\">\n<div class=\"page-title-head hgroup\">\n<div class=\"page-title-head hgroup\">\n<div class=\"b654a4as d2edcug0\">\n<div class=\"page-title-head hgroup\">\n<div class=\"page-title-head hgroup\">\n<div class=\"page-title-head hgroup\">\n<div class=\"page-title-head hgroup\">\n<div class=\"b654a4as d2edcug0\">\n<div>\n<blockquote class=\"wp-embedded-content\" data-secret=\"bCIKolh9NN\"><p><a href=\"https:\/\/www.radiopiu.net\/wordpress\/due-minuti-un-libro\/\">Due minuti un libro<\/a><\/p><\/blockquote>\n<p><iframe loading=\"lazy\" class=\"wp-embedded-content\" sandbox=\"allow-scripts\" security=\"restricted\" style=\"position: absolute; clip: rect(1px, 1px, 1px, 1px);\" title=\"&#8220;Due minuti un libro&#8221; &#8212; Radio Pi\u00f9\" src=\"https:\/\/www.radiopiu.net\/wordpress\/due-minuti-un-libro\/embed\/#?secret=BiljW0W0E9#?secret=bCIKolh9NN\" data-secret=\"bCIKolh9NN\" width=\"600\" height=\"338\" frameborder=\"0\" marginwidth=\"0\" marginheight=\"0\" scrolling=\"no\"><\/iframe><\/p>\n<p>&nbsp;<\/p>\n<\/div>\n<div>\n<hr \/>\n<p>&nbsp;<\/p>\n<\/div>\n<h2><span style=\"color: #808000;\">L&#8217;ALMANACCO LADINO\u00a0\u00a0<\/span><\/h2>\n<p><strong>LA RACCOLTA<\/strong><\/p>\n<blockquote class=\"wp-embedded-content\" data-secret=\"CVXYwdBbJz\"><p><a href=\"https:\/\/www.radiopiu.net\/wordpress\/almanacco-ladino\/\">Almanacco Ladino<\/a><\/p><\/blockquote>\n<p><iframe loading=\"lazy\" class=\"wp-embedded-content\" sandbox=\"allow-scripts\" security=\"restricted\" style=\"position: absolute; clip: rect(1px, 1px, 1px, 1px);\" title=\"&#8220;Almanacco Ladino&#8221; &#8212; Radio Pi\u00f9\" src=\"https:\/\/www.radiopiu.net\/wordpress\/almanacco-ladino\/embed\/#?secret=k73xYMtsdh#?secret=CVXYwdBbJz\" data-secret=\"CVXYwdBbJz\" width=\"600\" height=\"338\" frameborder=\"0\" marginwidth=\"0\" marginheight=\"0\" scrolling=\"no\"><\/iframe><\/p>\n<p>&nbsp;<\/p>\n<hr \/>\n<h2><span style=\"color: #33cccc;\">\u00a0<\/span><\/h2>\n<h2><span style=\"color: #33cccc;\">LA RASSEGNA STAMPA DA L&#8217;AMICO DEL POPOLO<\/span><\/h2>\n<p><strong>LA RACCOLTA COMPLETA<\/strong><\/p>\n<blockquote class=\"wp-embedded-content\" data-secret=\"hWX6dD6WBw\"><p><a href=\"https:\/\/www.radiopiu.net\/wordpress\/rassegna-stampa-di-gianni-santomaso\/\">Rassegna stampa da l&#8217;amico del popolo &#8211; di Gianni Santomaso<\/a><\/p><\/blockquote>\n<p><iframe loading=\"lazy\" class=\"wp-embedded-content\" sandbox=\"allow-scripts\" security=\"restricted\" style=\"position: absolute; clip: rect(1px, 1px, 1px, 1px);\" title=\"&#8220;Rassegna stampa da l&#8217;amico del popolo &#8211; di Gianni Santomaso&#8221; &#8212; Radio Pi\u00f9\" src=\"https:\/\/www.radiopiu.net\/wordpress\/rassegna-stampa-di-gianni-santomaso\/embed\/#?secret=uysYGjmbJq#?secret=hWX6dD6WBw\" data-secret=\"hWX6dD6WBw\" width=\"600\" height=\"338\" frameborder=\"0\" marginwidth=\"0\" marginheight=\"0\" scrolling=\"no\"><\/iframe><\/p>\n<p>&nbsp;<\/p>\n<hr \/>\n<p>&nbsp;<\/p>\n<div>\n<div class=\"page-title-head hgroup\">\n<div class=\"page-title-head hgroup\">\n<div class=\"b654a4as d2edcug0\">\n<div class=\"j83agx80 btwxx1t3 lhclo0ds hop8lmos nkwizq5d scwd0bx6 roh60bw9\">\n<div class=\"rq0escxv hkbzh7o3 jwdofwj8 n8tt0mok r8blr3vg hyh9befq\">\n<div class=\"do00u71z l9j0dhe7 k4urcfbm\">\n<div class=\"ecm0bbzt e5nlhep0 a8c37x1j\">\n<div class=\"kvgmc6g5 cxmmr5t8 oygrvhab hcukyx3x c1et5uql\">\n<div class=\"gmail-kvgmc6g5 gmail-cxmmr5t8 gmail-oygrvhab gmail-hcukyx3x gmail-c1et5uql gmail-ii04i59q\">\n<div class=\"page-title-head hgroup\">\n<div class=\"page-title-head hgroup\">\n<div class=\"b654a4as d2edcug0\">\n<div class=\"j83agx80 btwxx1t3 lhclo0ds hop8lmos nkwizq5d scwd0bx6 roh60bw9\">\n<div class=\"rq0escxv hkbzh7o3 jwdofwj8 n8tt0mok r8blr3vg hyh9befq\">\n<div class=\"do00u71z l9j0dhe7 k4urcfbm\">\n<div class=\"page-title-head hgroup\">\n<div class=\"page-title-head hgroup\">\n<div class=\"page-title-head hgroup\">\n<div class=\"page-title-head hgroup\">\n<div class=\"b654a4as d2edcug0\">\n<div class=\"page-title-head hgroup\">\n<div class=\"page-title-head hgroup\">\n<div class=\"page-title-head hgroup\">\n<div class=\"page-title-head hgroup\">\n<div class=\"b654a4as d2edcug0\">\n<div class=\"page-title-head hgroup\">\n<div class=\"page-title-head hgroup\">\n<div class=\"page-title-head hgroup\">\n<div class=\"page-title-head hgroup\">\n<div class=\"page-title-head hgroup\">\n<div class=\"page-title-head hgroup\">\n<div class=\"page-title-head hgroup\">\n<div class=\"page-title-head hgroup\">\n<div class=\"page-title-head hgroup\">\n<div class=\"b654a4as d2edcug0\">\n<div class=\"page-title-head hgroup\">\n<div class=\"page-title-head hgroup\">\n<div class=\"page-title-head hgroup\">\n<div class=\"page-title-head hgroup\">\n<div class=\"b654a4as d2edcug0\">\n<div class=\"page-title-head hgroup\">\n<div class=\"page-title-head hgroup\">\n<div class=\"page-title-head hgroup\">\n<div class=\"page-title-head hgroup\">\n<div class=\"page-title-head hgroup\">\n<div class=\"mkdf-post-text\">\n<div class=\"mkdf-post-text-inner\">\n<div class=\"mkdf-post-text-main\">\n<div class=\"mkdf-post-text\">\n<div class=\"mkdf-post-text-inner\">\n<div class=\"mkdf-post-text-main\">\n<div class=\"mkdf-post-text\">\n<div class=\"mkdf-post-text-inner\">\n<div class=\"mkdf-post-text-main\">\n<div class=\"page-title-head hgroup\">\n<div class=\"page-title-head hgroup\">\n<div class=\"mkdf-post-text\">\n<div class=\"mkdf-post-text-inner\">\n<div class=\"mkdf-post-text-main\">\n<div class=\"mkdf-post-text\">\n<div class=\"mkdf-post-text-inner\">\n<div class=\"mkdf-post-text-main\">\n<div class=\"page-title-head hgroup\">\n<div class=\"page-title-head hgroup\">\n<div class=\"page-title-head hgroup\">\n<div class=\"page-title-head hgroup\">\n<div class=\"b654a4as d2edcug0\">\n<div class=\"page-title-head hgroup\">\n<div class=\"page-title-head hgroup\">\n<div class=\"page-title-head hgroup\">\n<div class=\"page-title-head hgroup\">\n<div class=\"b654a4as d2edcug0\">\n<div class=\"page-title-head hgroup\">\n<div class=\"page-title-head hgroup\">\n<div class=\"page-title-head hgroup\">\n<div class=\"page-title-head hgroup\">\n<div class=\"b654a4as d2edcug0\">\n<h2><span style=\"color: #800080;\">I RACCONTI DI PAOLO SOPPELSA\u00a0<\/span><\/h2>\n<p><strong>LA RACCOLTA COMPLETA<\/strong><\/p>\n<blockquote class=\"wp-embedded-content\" data-secret=\"gkwh17x1TK\"><p><a href=\"https:\/\/www.radiopiu.net\/wordpress\/i-racconti-di-paolo-soppelsa\/\">I racconti di Paolo Soppelsa<\/a><\/p><\/blockquote>\n<p><iframe loading=\"lazy\" class=\"wp-embedded-content\" sandbox=\"allow-scripts\" security=\"restricted\" style=\"position: absolute; clip: rect(1px, 1px, 1px, 1px);\" title=\"&#8220;I racconti di Paolo Soppelsa&#8221; &#8212; Radio Pi\u00f9\" src=\"https:\/\/www.radiopiu.net\/wordpress\/i-racconti-di-paolo-soppelsa\/embed\/#?secret=Fn0OFVTidm#?secret=gkwh17x1TK\" data-secret=\"gkwh17x1TK\" width=\"600\" height=\"338\" frameborder=\"0\" marginwidth=\"0\" marginheight=\"0\" scrolling=\"no\"><\/iframe><\/p>\n<p>&nbsp;<\/p>\n<hr \/>\n<p>&nbsp;<\/p>\n<\/div>\n<\/div>\n<\/div>\n<\/div>\n<\/div>\n<\/div>\n<\/div>\n<\/div>\n<\/div>\n<\/div>\n<\/div>\n<\/div>\n<\/div>\n<\/div>\n<\/div>\n<\/div>\n<\/div>\n<\/div>\n<\/div>\n<\/div>\n<\/div>\n<\/div>\n<\/div>\n<\/div>\n<\/div>\n<\/div>\n<\/div>\n<\/div>\n<\/div>\n<\/div>\n<\/div>\n<\/div>\n<\/div>\n<\/div>\n<\/div>\n<\/div>\n<\/div>\n<\/div>\n<\/div>\n<\/div>\n<\/div>\n<\/div>\n<\/div>\n<\/div>\n<\/div>\n<\/div>\n<\/div>\n<\/div>\n<\/div>\n<\/div>\n<\/div>\n<\/div>\n<\/div>\n<\/div>\n<\/div>\n<\/div>\n<\/div>\n<\/div>\n<\/div>\n<\/div>\n<\/div>\n<\/div>\n<\/div>\n<\/div>\n<\/div>\n<\/div>\n<\/div>\n<\/div>\n<\/div>\n<\/div>\n<\/div>\n<\/div>\n<\/div>\n<\/div>\n<\/div>\n<\/div>\n<\/div>\n<\/div>\n<\/div>\n<\/div>\n<\/div>\n<\/div>\n<\/div>\n<\/div>\n<\/div>\n<\/div>\n<\/div>\n<\/div>\n<\/div>\n<\/div>\n<\/div>\n<\/div>\n<\/div>\n<\/div>\n<\/div>\n<\/div>\n<\/div>\n<\/div>\n<\/div>\n<\/div>\n<\/div>\n<\/div>\n<\/div>\n<\/div>\n<\/div>\n<\/div>\n<\/div>\n<\/div>\n<\/div>\n<\/div>\n<\/div>\n<div class=\"b654a4as d2edcug0\">\n<div class=\"ecm0bbzt e5nlhep0 a8c37x1j\">\n<div class=\"kvgmc6g5 cxmmr5t8 oygrvhab hcukyx3x c1et5uql\">\n<div class=\"gmail-kvgmc6g5 gmail-cxmmr5t8 gmail-oygrvhab gmail-hcukyx3x gmail-c1et5uql gmail-ii04i59q\">\n<div>\n<div class=\"page-title-head hgroup\">\n<div class=\"page-title-head hgroup\">\n<div class=\"b654a4as d2edcug0\">\n<div class=\"j83agx80 btwxx1t3 lhclo0ds hop8lmos nkwizq5d scwd0bx6 roh60bw9\">\n<div class=\"rq0escxv hkbzh7o3 jwdofwj8 n8tt0mok r8blr3vg hyh9befq\">\n<div class=\"do00u71z l9j0dhe7 k4urcfbm\">\n<div>\n<div class=\"page-title-head hgroup\">\n<div class=\"page-title-head hgroup\">\n<div class=\"page-title-head hgroup\">\n<div class=\"page-title-head hgroup\">\n<div class=\"b654a4as d2edcug0\">\n<div class=\"page-title-head hgroup\">\n<div class=\"page-title-head hgroup\">\n<div class=\"page-title-head hgroup\">\n<div class=\"page-title-head hgroup\">\n<div class=\"b654a4as d2edcug0\">\n<div class=\"page-title-head hgroup\">\n<div class=\"page-title-head hgroup\">\n<div class=\"page-title-head hgroup\">\n<div class=\"page-title-head hgroup\">\n<div class=\"page-title-head hgroup\">\n<div class=\"mkdf-post-text\">\n<div class=\"mkdf-post-text-inner\">\n<div class=\"mkdf-post-text-main\">\n<div class=\"mkdf-post-text\">\n<div class=\"mkdf-post-text-inner\">\n<div class=\"mkdf-post-text-main\">\n<div class=\"mkdf-post-text\">\n<div class=\"mkdf-post-text-inner\">\n<div class=\"mkdf-post-text-main\">\n<div class=\"page-title-head hgroup\">\n<div class=\"page-title-head hgroup\">\n<div class=\"mkdf-post-text\">\n<div class=\"mkdf-post-text-inner\">\n<div class=\"mkdf-post-text-main\">\n<div class=\"mkdf-post-text\">\n<div class=\"mkdf-post-text-inner\">\n<div class=\"mkdf-post-text-main\">\n<div>\n<div class=\"page-title-head hgroup\">\n<div class=\"page-title-head hgroup\">\n<div>\n<div class=\"page-title-head hgroup\">\n<div class=\"page-title-head hgroup\">\n<div class=\"b654a4as d2edcug0\">\n<div>\n<div class=\"page-title-head hgroup\" style=\"text-align: left;\">\n<div class=\"page-title-head hgroup\">\n<div dir=\"auto\">\n<p><a class=\"dt-pswp-item pspw-wrap-ready\" href=\"https:\/\/i0.wp.com\/www.radiopiu.net\/wordpress\/wp-content\/uploads\/2018\/09\/WhatsApp-Image-2018-09-20-at-16.04.06.jpeg?ssl=1\" data-dt-img-description=\"\" data-large_image_width=\"800\" data-large_image_height=\"100\"><img loading=\"lazy\" decoding=\"async\" class=\"aligncenter wp-image-61378 size-full jetpack-lazy-image jetpack-lazy-image--handled\" src=\"https:\/\/i0.wp.com\/www.radiopiu.net\/wordpress\/wp-content\/uploads\/2018\/09\/WhatsApp-Image-2018-09-20-at-16.04.06.jpeg?resize=800%2C100&amp;ssl=1\" sizes=\"auto, (max-width: 800px) 100vw, 800px\" srcset=\"https:\/\/i0.wp.com\/www.radiopiu.net\/wordpress\/wp-content\/uploads\/2018\/09\/WhatsApp-Image-2018-09-20-at-16.04.06.jpeg?w=800&amp;ssl=1 800w, https:\/\/i0.wp.com\/www.radiopiu.net\/wordpress\/wp-content\/uploads\/2018\/09\/WhatsApp-Image-2018-09-20-at-16.04.06.jpeg?resize=300%2C38&amp;ssl=1 300w, https:\/\/i0.wp.com\/www.radiopiu.net\/wordpress\/wp-content\/uploads\/2018\/09\/WhatsApp-Image-2018-09-20-at-16.04.06.jpeg?resize=768%2C96&amp;ssl=1 768w\" alt=\"\" width=\"800\" height=\"100\" data-lazy-loaded=\"1\" \/><\/a><\/p>\n<\/div>\n<\/div>\n<\/div>\n<\/div>\n<\/div>\n<\/div>\n<\/div>\n<\/div>\n<\/div>\n<\/div>\n<\/div>\n<\/div>\n<\/div>\n<\/div>\n<\/div>\n<\/div>\n<\/div>\n<\/div>\n<\/div>\n<\/div>\n<\/div>\n<\/div>\n<\/div>\n<\/div>\n<\/div>\n<\/div>\n<\/div>\n<\/div>\n<\/div>\n<\/div>\n<\/div>\n<\/div>\n<\/div>\n<\/div>\n<\/div>\n<\/div>\n<\/div>\n<\/div>\n<\/div>\n<\/div>\n<\/div>\n<\/div>\n<\/div>\n<\/div>\n<\/div>\n<\/div>\n<\/div>\n<\/div>\n<\/div>\n<\/div>\n<\/div>\n<\/div>\n<\/div>\n<\/div>\n<\/div>\n<\/div>\n<\/div>\n<\/div>\n<\/div>\n<\/div>\n<\/div>\n<\/div>\n<\/div>\n<\/div>\n<\/div>\n<\/div>\n<\/div>\n<\/div>\n<\/div>\n<\/div>\n<\/div>\n<\/div>\n<\/div>\n<\/div>\n<\/div>\n<\/div>\n<\/div>\n<\/div>\n<\/div>\n<\/div>\n<\/div>\n<\/div>\n<\/div>\n<\/div>\n<\/div>\n<\/div>\n<\/div>\n<\/div>\n<\/div>\n<\/div>\n<\/div>\n<\/div>\n<\/div>\n<\/div>\n<\/div>\n<\/div>\n<\/div>\n<\/div>\n<\/div>\n<\/div>\n<\/div>\n<\/div>\n<\/div>\n<\/div>\n<\/div>\n<\/div>\n<\/div>\n<\/div>\n<\/div>\n<\/div>\n<\/div>\n<\/div>\n<\/div>\n<\/div>\n<\/div>\n<\/div>\n<\/div>\n<\/div>\n<\/div>\n<\/div>\n<\/div>\n<\/div>\n<\/div>\n<\/div>\n<\/div>\n<\/div>\n<\/div>\n<\/div>\n<\/div>\n<\/div>\n<\/div>\n<\/div>\n<\/div>\n<\/div>\n<\/div>\n<\/div>\n<\/div>\n<\/div>\n<\/div>\n<\/div>\n<\/div>\n<\/div>\n<\/div>\n<\/div>\n<\/div>\n<\/div>\n<\/div>\n<\/div>\n<\/div>\n<\/div>\n<\/div>\n<\/div>\n<\/div>\n<\/div>\n<\/div>\n<\/div>\n<\/div>\n<\/div>\n<\/div>\n<\/div>\n<\/div>\n<\/div>\n<\/div>\n<\/div>\n<\/div>\n<\/div>\n<\/div>\n<\/div>\n<\/div>\n<\/div>\n<\/div>\n<\/div>\n<\/div>\n<\/div>\n<\/div>\n<\/div>\n<\/div>\n<\/div>\n<\/div>\n<\/div>\n<\/div>\n<\/div>\n<\/div>\n<\/div>\n<\/div>\n<\/div>\n<\/div>\n<\/div>\n<\/div>\n<\/div>\n<\/div>\n<\/div>\n<\/div>\n<\/div>\n<\/div>\n<\/div>\n<\/div>\n<\/div>\n<\/div>\n<\/div>\n<\/div>\n<\/div>\n<\/div>\n<\/div>\n<\/div>\n<\/div>\n<\/div>\n<\/div>\n<\/div>\n<\/div>\n<\/div>\n<\/div>\n<\/div>\n<\/div>\n<\/div>\n<\/div>\n<\/div>\n<\/div>\n<\/div>\n<\/div>\n<\/div>\n<\/div>\n<\/div>\n<\/div>\n<\/div>\n<\/div>\n<\/div>\n<\/div>\n<\/div>\n<\/div>\n<p>&nbsp;<\/p>\n<p><center><b>Sabato 23<\/b><\/center><b>Tempo atteso: <\/b>Cielo da nuvoloso a molto nuvoloso con qualche breve ed irregolare schiarita possibile specie al mattino.<br \/>\n<b>Precipitazioni: <\/b>Al mattino probabilit\u00e0 bassa (10-30%) di modeste precipitazioni e perlopi\u00f9 locali; graduale aumento delle probabilit\u00e0 nel pomeriggio e soprattutto dalla sera fino ad alta (80-100%), localmente anche a carattere di rovescio, nevose oltre i 1800-2000 m. Attesi accumuli assai irregolari, mediamente 5-15 mm ma localmente di pi\u00f9 in corrispondenza dei rovesci.<br \/>\n<b>Temperature: <\/b>Minime senza notevoli variazioni o in lieve aumento in quota, massime in lieve o contenuto aumento. Su Prealpi a 1500 m: min 4 max 6, a 2000 m: min 2 max 3 Dolomiti a 2000 m: min 2 max 3, a 3000 m: min -4 max -3<br \/>\n<b>Venti: <\/b>Nelle valli deboli o moderati variabili; in quota da sud-ovest, tesi al mattino, in ulteriore rinforzo a fine giornata; a 15-30 km\/h a 2000 m, a 25-45 km\/h a 3000 m.<\/p>\n<hr \/>\n<p><center><b>Domenica 24<\/b><\/center><b>Tempo atteso: <\/b>Tra notte e primo mattino molto nuvoloso con fenomeni sparsi, poi variabile\/instabile con qualche schiarita e annuvolamenti anche intensi associati a fenomeni sparsi specie nel pomeriggio.<br \/>\n<b>Precipitazioni: <\/b>nella notte probabilit\u00e0 alta (70-90 %) di rovesci sparsi, seguiti da una relativa pausa in mattinata. A seguire, soprattutto dalle ore centrali e nel pomeriggio nuovo aumento della probabilit\u00e0 di precipitazioni sparse anche sottoforma di rovescio o isolato temporale maggiormente probabili su Prealpi. Limite neve a 1400-1700 m.<br \/>\n<b>Temperature: <\/b>In generale lieve calo. Su Prealpi a 1500 m: min 2 max 5, a 2000 m: min 0 max 1 Dolomiti a 2000 m: min -2 max 1, a 3000 m: min -8 max -6<br \/>\n<b>Venti: <\/b>In quota fino al mattino forti da sudovest in generale attenuazione nel pomeriggio\/sera. a 15-25 km\/h a 2000 m, 30-50 km\/h a 3000 m<\/p>\n<hr \/>\n<p><center><b>Lunedi 25<\/b><\/center>Tempo variabile, con tratti soleggiati alternati ad annuvolamenti anche consistenti associati a precipitazioni da locali a sparse, specie dalle ore centrali, associate anche a qualche rovescio\/temporale su Prealpi. Limite neve attorno ai 1700-1900 m. Temperature minime in lieve calo, massime in contenuto rialzo. Venti in quota moderati occidentali.<\/p>\n<hr \/>\n<p><center><b>Martedi 26<\/b><\/center>Variabile\/instabile con nuvolosit\u00e0 estesa e possibilit\u00e0 di rovesci sparsi nevosi oltre i 1700\/1900 m Temperature pressoch\u00e8 stazionarie. Previsore: DDL<\/p>\n<p>&nbsp;<\/p>\n<hr \/>\n<p>&nbsp;<\/p>\n<p><a href=\"https:\/\/www.radiopiu.net\/wordpress\/giornale-radiopiu-26-settembre-2018-direttore-mirko-mezzacasa\/viabilita-2\/\" rel=\"attachment wp-att-61954\"><img loading=\"lazy\" decoding=\"async\" class=\"aligncenter wp-image-61954 size-full\" src=\"https:\/\/www.radiopiu.net\/wordpress\/wp-content\/uploads\/2018\/09\/viabilita.jpeg\" sizes=\"auto, (max-width: 800px) 100vw, 800px\" srcset=\"https:\/\/www.radiopiu.net\/wordpress\/wp-content\/uploads\/2018\/09\/viabilita.jpeg 800w, https:\/\/www.radiopiu.net\/wordpress\/wp-content\/uploads\/2018\/09\/viabilita-300x38.jpeg 300w, https:\/\/www.radiopiu.net\/wordpress\/wp-content\/uploads\/2018\/09\/viabilita-768x96.jpeg 768w\" alt=\"\" width=\"800\" height=\"100\" \/><\/a><\/p>\n<p>&nbsp;<\/p>\n<blockquote class=\"wp-embedded-content\" data-secret=\"TgnhoRRess\"><p><a href=\"https:\/\/www.radiopiu.net\/wordpress\/viabilita\/\">viabilita<\/a><\/p><\/blockquote>\n<p><iframe loading=\"lazy\" class=\"wp-embedded-content\" sandbox=\"allow-scripts\" security=\"restricted\" style=\"position: absolute; clip: rect(1px, 1px, 1px, 1px);\" title=\"&#8220;viabilita&#8221; &#8212; Radio Pi\u00f9\" src=\"https:\/\/www.radiopiu.net\/wordpress\/viabilita\/embed\/#?secret=ZlRX4SNn1G#?secret=TgnhoRRess\" data-secret=\"TgnhoRRess\" width=\"600\" height=\"338\" frameborder=\"0\" marginwidth=\"0\" marginheight=\"0\" scrolling=\"no\"><\/iframe><\/p>\n<p>&nbsp;<\/p>\n<hr \/>\n<p>&nbsp;<\/p>\n<p><img loading=\"lazy\" decoding=\"async\" class=\"wp-image-60761 size-full aligncenter\" src=\"https:\/\/www.radiopiu.net\/wordpress\/wp-content\/uploads\/2018\/09\/sport.jpg\" alt=\"\" width=\"800\" height=\"100\" srcset=\"https:\/\/www.radiopiu.net\/wordpress\/wp-content\/uploads\/2018\/09\/sport.jpg 800w, https:\/\/www.radiopiu.net\/wordpress\/wp-content\/uploads\/2018\/09\/sport-300x38.jpg 300w, https:\/\/www.radiopiu.net\/wordpress\/wp-content\/uploads\/2018\/09\/sport-768x96.jpg 768w\" sizes=\"auto, (max-width: 800px) 100vw, 800px\" \/><\/p>\n<p>&nbsp;<\/p>\n<p><span style=\"color: #0000ff;\"><strong>CALCIO<\/strong><\/span><\/p>\n<blockquote>\n<h3>AGORDINA DI NUOVO IN CAMPO PER LE ULTIME PARTITE DELLA STAGIONE<\/h3>\n<\/blockquote>\n<p><strong><a class=\"dt-pswp-item\" href=\"https:\/\/www.radiopiu.net\/wordpress\/wp-content\/uploads\/2021\/11\/CALCIO-2021.jpg\" data-dt-img-description=\"\" data-large_image_width=\"2560\" data-large_image_height=\"1707\"><img loading=\"lazy\" decoding=\"async\" class=\" wp-image-242798 alignleft\" src=\"https:\/\/www.radiopiu.net\/wordpress\/wp-content\/uploads\/2021\/11\/CALCIO-2021-150x150.jpg\" alt=\"\" width=\"116\" height=\"116\" \/><\/a>REDAZIONE\u00a0<\/strong>Dopo lo stop di 10 giorni per le vacanze pasquali, questo fine settimana tornano in campo le squadre dell&#8217;Agordina Calcio. Si parte oggi alle 15:30 quando i Giovanissimi Provinciali di De Bastiani saranno in trasferta contro il Cavarzano. Sempre oggi pomeriggio \u00e8 in programma all&#8217;Ivano Dorigo di Agordo la sfida valida per il campionato regionale Juniores tra Agordina e Conegliano. Domani mattina sar\u00e0 il turno degli Allievi Regionali allenati da Orzetti che giocheranno in casa contro l&#8217;Alpago. Domani pomeriggio alle 14:30 in campo la prima squadra allenata da Lorenzi. All&#8217;Ivano Dorigo di Agordo arriva la Juventina per la quartultima partita di campionato di Seconda Categoria. L&#8217;Agordina non ha pi\u00f9 nulla da chiedere ed ha raggiunto la salvezza matematica, obbiettivo stagionale, con 5 giornate di anticipo. Discorso diverso per i feltrini che arrivano ad Agordo con la speranza di fare bottino pieno ed evitare di rimanere in zona playout. Giornata di riposo invece per il Keralpen femminile che inizier\u00e0 la seconda fase della stagione domenica prossima. Domani pomeriggio appuntamento con &#8220;Domenica Pi\u00f9 Sport&#8221; su Radio Pi\u00f9 per seguire in diretta la partita dell&#8217;Agordina.<\/p>\n<p>&nbsp;<\/p>\n<p>&nbsp;<\/p>\n<blockquote>\n<h3>CAMPIONATO AGORDINO 2022, LE SQUADRE. VALLADA<\/h3>\n<\/blockquote>\n<p><strong><a class=\"dt-pswp-item\" href=\"https:\/\/www.radiopiu.net\/wordpress\/wp-content\/uploads\/2022\/04\/VALLADA.png\" data-dt-img-description=\"\" data-large_image_width=\"1110\" data-large_image_height=\"1400\"><img loading=\"lazy\" decoding=\"async\" class=\"alignleft wp-image-271847 \" src=\"https:\/\/www.radiopiu.net\/wordpress\/wp-content\/uploads\/2022\/04\/VALLADA-238x300.png\" alt=\"\" width=\"97\" height=\"123\" srcset=\"https:\/\/www.radiopiu.net\/wordpress\/wp-content\/uploads\/2022\/04\/VALLADA-238x300.png 238w, https:\/\/www.radiopiu.net\/wordpress\/wp-content\/uploads\/2022\/04\/VALLADA-812x1024.png 812w, https:\/\/www.radiopiu.net\/wordpress\/wp-content\/uploads\/2022\/04\/VALLADA-768x969.png 768w, https:\/\/www.radiopiu.net\/wordpress\/wp-content\/uploads\/2022\/04\/VALLADA.png 1110w\" sizes=\"auto, (max-width: 97px) 100vw, 97px\" \/><\/a>REDAZIONE<\/strong> Continua la marcia di avvicinamento alla presentazione del Campionato Agordino 2022. Il 7 maggio tutte le squadre saranno presenti al Caff\u00e8 Miniere di Agordo per definire i gironi e il calendario del torneo. Oggi ci spostiamo in Valle del Biois e pi\u00f9 precisamente a Vallada. Tante assenze ma anche nuovi innesti con i giovani che hanno deciso di vestire la maglia neroarancio. Nell&#8217;ultima edizione i valladini hanno terminato il campionato con il terzo posto e per il presidente Matteo Buffon l&#8217;obbiettivo \u00e8 quello di migliorarsi.<\/p>\n<p><strong>MATTEO BUFFON, PRESIDENTE DEL VALLADA CALCIO<\/strong><\/p>\n<audio class=\"wp-audio-shortcode\" id=\"audio-271690-20\" preload=\"none\" style=\"width: 100%;\" controls=\"controls\"><source type=\"audio\/mpeg\" src=\"https:\/\/www.radiopiu.net\/wordpress\/wp-content\/uploads\/2022\/04\/VALLADA-MATTEO-BUFFON.mp3?_=20\" \/><a href=\"https:\/\/www.radiopiu.net\/wordpress\/wp-content\/uploads\/2022\/04\/VALLADA-MATTEO-BUFFON.mp3\">https:\/\/www.radiopiu.net\/wordpress\/wp-content\/uploads\/2022\/04\/VALLADA-MATTEO-BUFFON.mp3<\/a><\/audio>\n<p>&nbsp;<\/p>\n<hr \/>\n<p>&nbsp;<\/p>\n<blockquote>\n<h2>ANDREA FONTANA DOPO 7 ANNI DI NUOVO IN PORSCHE<\/h2>\n<\/blockquote>\n<h2><span style=\"color: #ff0000;\"><strong>IERI ALLA RADIO<\/strong><\/span><\/h2>\n<div><\/div>\n<div><strong>L&#8217;INTERVISTA DI CLAUDIO FONTANIVE<\/strong><\/div>\n<div>\n<audio class=\"wp-audio-shortcode\" id=\"audio-271690-21\" preload=\"none\" style=\"width: 100%;\" controls=\"controls\"><source type=\"audio\/mpeg\" src=\"https:\/\/www.radiopiu.net\/wordpress\/wp-content\/uploads\/2022\/04\/andrea-fontana-22-aprile.mp3?_=21\" \/><a href=\"https:\/\/www.radiopiu.net\/wordpress\/wp-content\/uploads\/2022\/04\/andrea-fontana-22-aprile.mp3\">https:\/\/www.radiopiu.net\/wordpress\/wp-content\/uploads\/2022\/04\/andrea-fontana-22-aprile.mp3<\/a><\/audio>\n<p>&nbsp;<\/p>\n<\/div>\n<div><\/div>\n<div><strong>\u00a0ARCHIVIO RADIOPIU<\/strong><\/div>\n<div><\/div>\n<div><\/div>\n<div class=\"\"><span class=\"\"><strong><a class=\"dt-pswp-item\" href=\"https:\/\/www.radiopiu.net\/wordpress\/wp-content\/uploads\/2022\/04\/3b51d12d-f382-b1d2-d6a9-7b976e58e938.jpg\" data-dt-img-description=\"\" data-large_image_width=\"1000\" data-large_image_height=\"1500\"><img loading=\"lazy\" decoding=\"async\" class=\"alignright wp-image-270921 \" src=\"https:\/\/www.radiopiu.net\/wordpress\/wp-content\/uploads\/2022\/04\/3b51d12d-f382-b1d2-d6a9-7b976e58e938-200x300.jpg\" alt=\"\" width=\"136\" height=\"204\" srcset=\"https:\/\/www.radiopiu.net\/wordpress\/wp-content\/uploads\/2022\/04\/3b51d12d-f382-b1d2-d6a9-7b976e58e938-200x300.jpg 200w, https:\/\/www.radiopiu.net\/wordpress\/wp-content\/uploads\/2022\/04\/3b51d12d-f382-b1d2-d6a9-7b976e58e938-683x1024.jpg 683w, https:\/\/www.radiopiu.net\/wordpress\/wp-content\/uploads\/2022\/04\/3b51d12d-f382-b1d2-d6a9-7b976e58e938-768x1152.jpg 768w, https:\/\/www.radiopiu.net\/wordpress\/wp-content\/uploads\/2022\/04\/3b51d12d-f382-b1d2-d6a9-7b976e58e938.jpg 1000w\" sizes=\"auto, (max-width: 136px) 100vw, 136px\" \/><\/a>PONTE NELLE ALPI<\/strong> Il pilota bellunese Andrea Fontana \u00e8 pronto per una nuova\u00a0 <\/span><span class=\"\">stagione, che si apre all&#8217;insegna delle novit\u00e0. Infatti il ragazzo pontalpino parteciper\u00e0\u00a0 al Porsche Carrera Cup Italia\u00a02022. Un ritorno, <\/span><span class=\"\">\u00a0di nuovo con i colori del Team Ghinzani, 7 anni dopo la mia prima volta<em>. &#8220;Certamente\u00a0 &#8211; ci racconta Andrea &#8211; sar\u00e0 un\u2019esperienza diversa, con la<\/em><\/span><em> <span class=\"\">nuova 992 GT3 Cup<\/span><\/em><span class=\"\"><em>, un\u2019auto completamente rinnovata che dovr\u00f2 affrettarmi a conoscere ma ci arrivo con la giusta dose di maturit\u00e0 e pronto a fare la mia parte in una squadra forte e competitiva&#8221;<\/em>. Sar\u00e0 un campionato<\/span> <span class=\"\">emozionante dove Andrea Fontana si confronter\u00e0\u00a0 con <\/span><span class=\"\">\u00a0alcuni team e piloti\u00a0 che gi\u00e0 conoscono la 992 avendoci corso la scorsa stagione in altri campionati ed hanno potuto prepararsi al meglio per la stagione disputando varie giornate d\u00ec test <em>&#8220;Per me &#8211; continua Fontana &#8211;\u00a0 i test ufficiali di mercoled\u00ec sono stati la prima presa d\u00ec contatto con la 992.\u00a0 \u00a0Sar\u00e0 importante cercare d\u00ec chiudere da subito questo gap e trovare al pi\u00f9 presto il feeling con una vettura molto particolare come questa <\/em><\/span><span class=\"\"><em>senza ABS e controlli di trazione&#8221;<\/em>. <\/span><span class=\"\">Oltre a Cerqui, campione Carrera Cup 2021, e Amati\u00a0 il portacolori bellunese avr\u00e0\u00a0 l&#8217;onore di avere come compagno di squadra<\/span><span class=\"\">\u00a0<\/span><span class=\"\">Jorge Lorenzo<\/span><span class=\"\">, un professionista da \u00a0visibilit\u00e0 mediatica.\u00a0 <em>&#8220;<\/em><\/span><em><span class=\"\">Ora non vedo l&#8217;ora di scendere in pista il weekend del <\/span><span class=\"\">6-7-8 Maggio<\/span> <span class=\"\">per la<\/span> <span class=\"\">prima gara di campionato nel circuito di Imola&#8221;\u00a0<\/span><\/em><\/div>\n<div><\/div>\n<div>\n\n\t\t\t<style type='text\/css'>\n\t\t\t\t#gallery-6 {\n\t\t\t\t\tmargin: auto;\n\t\t\t\t}\n\t\t\t\t#gallery-6 .gallery-item {\n\t\t\t\t\tfloat: left;\n\t\t\t\t\tmargin-top: 10px;\n\t\t\t\t\ttext-align: center;\n\t\t\t\t\twidth: 25%;\n\t\t\t\t}\n\t\t\t\t#gallery-6 img {\n\t\t\t\t\tborder: 2px solid #cfcfcf;\n\t\t\t\t}\n\t\t\t\t#gallery-6 .gallery-caption {\n\t\t\t\t\tmargin-left: 0;\n\t\t\t\t}\n\t\t\t\t\/* see gallery_shortcode() in wp-includes\/media.php *\/\n\t\t\t<\/style>\n\t\t<div id='gallery-6' class='dt-gallery-container gallery galleryid-271690 gallery-columns-4 gallery-size-thumbnail'><dl class='gallery-item'>\n\t\t\t\t<dt class='gallery-icon portrait'>\n\t\t\t\t\t<a class=\"rollover rollover-zoom dt-pswp-item\" title=\"52246dd4-ddf9-d691-fa7f-24fa07db682a\" data-dt-img-description=\"\" data-large_image_width=\"1280\" data-large_image_height=\"1920\"href='https:\/\/www.radiopiu.net\/wordpress\/wp-content\/uploads\/2022\/04\/52246dd4-ddf9-d691-fa7f-24fa07db682a.jpg'><img loading=\"lazy\" decoding=\"async\" width=\"150\" height=\"150\" src=\"https:\/\/www.radiopiu.net\/wordpress\/wp-content\/uploads\/2022\/04\/52246dd4-ddf9-d691-fa7f-24fa07db682a-150x150.jpg\" class=\"attachment-thumbnail size-thumbnail\" alt=\"\" \/><\/a>\n\t\t\t\t<\/dt><\/dl><dl class='gallery-item'>\n\t\t\t\t<dt class='gallery-icon landscape'>\n\t\t\t\t\t<a class=\"rollover rollover-zoom dt-pswp-item\" title=\"540711de-beb6-cb2d-8d41-c7991a4091be\" data-dt-img-description=\"\" data-large_image_width=\"2560\" data-large_image_height=\"1725\"href='https:\/\/www.radiopiu.net\/wordpress\/wp-content\/uploads\/2022\/04\/540711de-beb6-cb2d-8d41-c7991a4091be-scaled.jpg'><img loading=\"lazy\" decoding=\"async\" width=\"150\" height=\"150\" src=\"https:\/\/www.radiopiu.net\/wordpress\/wp-content\/uploads\/2022\/04\/540711de-beb6-cb2d-8d41-c7991a4091be-150x150.jpg\" class=\"attachment-thumbnail size-thumbnail\" alt=\"\" \/><\/a>\n\t\t\t\t<\/dt><\/dl><dl class='gallery-item'>\n\t\t\t\t<dt class='gallery-icon landscape'>\n\t\t\t\t\t<a class=\"rollover rollover-zoom dt-pswp-item\" title=\"41bd60ce-f74e-f442-b476-e820005a5c68\" data-dt-img-description=\"\" data-large_image_width=\"1820\" data-large_image_height=\"800\"href='https:\/\/www.radiopiu.net\/wordpress\/wp-content\/uploads\/2022\/04\/41bd60ce-f74e-f442-b476-e820005a5c68.jpg'><img loading=\"lazy\" decoding=\"async\" width=\"150\" height=\"150\" src=\"https:\/\/www.radiopiu.net\/wordpress\/wp-content\/uploads\/2022\/04\/41bd60ce-f74e-f442-b476-e820005a5c68-150x150.jpg\" class=\"attachment-thumbnail size-thumbnail\" alt=\"\" \/><\/a>\n\t\t\t\t<\/dt><\/dl><dl class='gallery-item'>\n\t\t\t\t<dt class='gallery-icon landscape'>\n\t\t\t\t\t<a class=\"rollover rollover-zoom dt-pswp-item\" title=\"6c59e357-24e2-c1b2-2feb-ada56efa1dfe\" data-dt-img-description=\"\" data-large_image_width=\"2560\" data-large_image_height=\"1548\"href='https:\/\/www.radiopiu.net\/wordpress\/wp-content\/uploads\/2022\/04\/6c59e357-24e2-c1b2-2feb-ada56efa1dfe-1-scaled.jpg'><img loading=\"lazy\" decoding=\"async\" width=\"150\" height=\"150\" src=\"https:\/\/www.radiopiu.net\/wordpress\/wp-content\/uploads\/2022\/04\/6c59e357-24e2-c1b2-2feb-ada56efa1dfe-1-150x150.jpg\" class=\"attachment-thumbnail size-thumbnail\" alt=\"\" \/><\/a>\n\t\t\t\t<\/dt><\/dl><br style=\"clear: both\" \/>\n\t\t\t<\/div>\n\n<\/div>\n<p>&nbsp;<\/p>\n<p>&nbsp;<\/p>\n<\/div>\n<\/div>\n<\/div>\n<\/div>\n<\/div>\n<\/div>\n<\/div>\n<\/div>\n<\/div>\n<\/div>\n<\/div>\n<\/div>\n<\/div>\n<\/div>\n<\/div>\n<\/div>\n<\/div>\n<\/div>\n<\/div>\n<\/div>\n<\/div>\n<\/div>\n<\/div>\n<\/div>\n<\/div>\n<\/div>\n<\/div>\n<\/div>\n<\/div>\n<\/div>\n<\/div>\n<\/div>\n<\/div>\n<\/div>\n<\/div>\n<\/div>\n<\/div>\n<\/div>\n<\/div>\n<\/div>\n<\/div>\n<\/div>\n<\/div>\n<\/div>\n<\/div>\n<\/div>\n<\/div>\n<\/div>\n<\/div>\n<\/div>\n<\/div>\n<\/div>\n<\/div>\n<\/div>\n<\/div>\n<\/div>\n<\/div>\n<\/div>\n<\/div>\n<\/div>\n<\/div>\n<\/div>\n<\/div>\n<\/div>\n<\/div>\n<\/div>\n<\/div>\n<\/div>\n<\/div>\n<\/div>\n<\/div>\n<\/div>\n<\/div>\n<\/div>\n<\/div>\n<\/div>\n<\/div>\n<\/div>\n<\/div>\n<\/div>\n<\/div>\n<\/div>\n<\/div>\n<\/div>\n<\/div>\n<\/div>\n<\/div>\n<\/div>\n<\/div>\n<\/div>\n<\/div>\n<\/div>\n<\/div>\n<\/div>\n<\/div>\n<\/div>\n<\/div>\n<\/div>\n<\/div>\n<\/div>\n<\/div>\n<\/div>\n<\/div>\n<\/div>\n<\/div>\n<\/div>\n","protected":false},"excerpt":{"rendered":"<p>&#8220;RADIO PIU INFORMAZIONE&#8221;\u00a0 \u00e8 il canale su TELEGRAM informazione di prima\u00a0 mano e in tempo reale. iscriviti ed aiutaci a farlo conoscere. &#8220;RADIO PIU INFORMAZIONE&#8221;\u00a0 accesso gratuito, cercalo dopo aver scaricato l&#8217;applicazione TELEGRAM. &nbsp; &nbsp; PUNTO TAMPONI STRAORDINARIO NEL WEEKEND A PALUDI BELLUNO L\u2019Ulss Dolomiti attiva per\u00a0 oggi, domani e lunedi,\u00a0 dalle 8.30 alle 14.00&hellip;<\/p>\n","protected":false},"author":4,"featured_media":271819,"comment_status":"closed","ping_status":"closed","sticky":false,"template":"","format":"standard","meta":{"_monsterinsights_skip_tracking":false,"_monsterinsights_sitenote_active":false,"_monsterinsights_sitenote_note":"","_monsterinsights_sitenote_category":0,"footnotes":""},"categories":[104,86,49],"tags":[],"class_list":["post-271690","post","type-post","status-publish","format-standard","has-post-thumbnail","hentry","category-evidenza_3","category-gr","category-news-18","category-104","category-86","category-49","description-off"],"img_url":"https:\/\/www.radiopiu.net\/wordpress\/wp-content\/uploads\/2022\/04\/20190412-Inaugurata-oggi-la-Mostra-dei-Trofei-e-la-XXIV-Festa-del-Cacciatore.jpg","_links":{"self":[{"href":"https:\/\/www.radiopiu.net\/wordpress\/wp-json\/wp\/v2\/posts\/271690","targetHints":{"allow":["GET"]}}],"collection":[{"href":"https:\/\/www.radiopiu.net\/wordpress\/wp-json\/wp\/v2\/posts"}],"about":[{"href":"https:\/\/www.radiopiu.net\/wordpress\/wp-json\/wp\/v2\/types\/post"}],"author":[{"embeddable":true,"href":"https:\/\/www.radiopiu.net\/wordpress\/wp-json\/wp\/v2\/users\/4"}],"replies":[{"embeddable":true,"href":"https:\/\/www.radiopiu.net\/wordpress\/wp-json\/wp\/v2\/comments?post=271690"}],"version-history":[{"count":0,"href":"https:\/\/www.radiopiu.net\/wordpress\/wp-json\/wp\/v2\/posts\/271690\/revisions"}],"wp:featuredmedia":[{"embeddable":true,"href":"https:\/\/www.radiopiu.net\/wordpress\/wp-json\/wp\/v2\/media\/271819"}],"wp:attachment":[{"href":"https:\/\/www.radiopiu.net\/wordpress\/wp-json\/wp\/v2\/media?parent=271690"}],"wp:term":[{"taxonomy":"category","embeddable":true,"href":"https:\/\/www.radiopiu.net\/wordpress\/wp-json\/wp\/v2\/categories?post=271690"},{"taxonomy":"post_tag","embeddable":true,"href":"https:\/\/www.radiopiu.net\/wordpress\/wp-json\/wp\/v2\/tags?post=271690"}],"curies":[{"name":"wp","href":"https:\/\/api.w.org\/{rel}","templated":true}]}}