{"id":271714,"date":"2022-04-22T05:55:19","date_gmt":"2022-04-22T03:55:19","guid":{"rendered":"https:\/\/www.radiopiu.net\/wordpress\/?p=271714"},"modified":"2022-04-22T08:29:52","modified_gmt":"2022-04-22T06:29:52","slug":"a-luglio-riprendono-i-lavori-a-lambioi-non-sara-ripetuta-la-chiusura-totale","status":"publish","type":"post","link":"https:\/\/www.radiopiu.net\/wordpress\/a-luglio-riprendono-i-lavori-a-lambioi-non-sara-ripetuta-la-chiusura-totale\/","title":{"rendered":"A LUGLIO RIPRENDONO I LAVORI A LAMBIOI, NON SARA&#8217; RIPETUTA LA CHIUSURA TOTALE\u00a0 \u00a0"},"content":{"rendered":"<blockquote>\n<h3><\/h3>\n<\/blockquote>\n<p><em><a class=\"dt-pswp-item\" href=\"https:\/\/www.radiopiu.net\/wordpress\/wp-content\/uploads\/2022\/04\/belluno-lambioi-3.jpg\" data-dt-img-description=\"\" data-large_image_width=\"1920\" data-large_image_height=\"1080\"><img loading=\"lazy\" decoding=\"async\" class=\"alignleft wp-image-270875 \" src=\"https:\/\/www.radiopiu.net\/wordpress\/wp-content\/uploads\/2022\/04\/belluno-lambioi-3-300x169.jpg\" alt=\"\" width=\"172\" height=\"97\" srcset=\"https:\/\/www.radiopiu.net\/wordpress\/wp-content\/uploads\/2022\/04\/belluno-lambioi-3-300x169.jpg 300w, https:\/\/www.radiopiu.net\/wordpress\/wp-content\/uploads\/2022\/04\/belluno-lambioi-3-1024x576.jpg 1024w, https:\/\/www.radiopiu.net\/wordpress\/wp-content\/uploads\/2022\/04\/belluno-lambioi-3-768x432.jpg 768w, https:\/\/www.radiopiu.net\/wordpress\/wp-content\/uploads\/2022\/04\/belluno-lambioi-3-1536x864.jpg 1536w, https:\/\/www.radiopiu.net\/wordpress\/wp-content\/uploads\/2022\/04\/belluno-lambioi-3.jpg 1920w\" sizes=\"auto, (max-width: 172px) 100vw, 172px\" \/><\/a>Rimarr\u00e0 percorribile in direzione Lambioi &#8211; via Montegrappa. Da Castion: verso il centro percorreendo via Miari e il ponte Dolomiti\u00a0<\/em><\/p>\n<p><strong>BELLUNO\u00a0<\/strong> Per due mesi estivi manutenzione sul ponte bailey. Diversamente dallo scorso autunno-inverno,\u00a0 il ponte non sar\u00e0 chiuso totalmente, ma solo su una corsia di marcia. L&#8217;intervento di sistemazione \u00e8 necessario per garantire che il ponte possa rimanere percorribile fino a quando non sar\u00e0 sostituito da quello nuovo. I lavori previsti per luglio ed agosto, costeranno 260 mila euro e i lavori dovrebbero essere meno impegnativi rispetto a quelli di novembre e dicembre.<\/p>\n<p>Questa estate chiuder\u00e0 anche via Vittorio Veneto, due mesi di lavoro in zona Veneggia, tra luglio ed agosto, le auto saranno deviate in via Ugo Neri, sopralluogo della Dolomitibus per studiare percorsi alternativi. Camion deviati in autostrada e disagi inevitabili per chi entra ed esce da Belluno<\/p>\n<p>&nbsp;<\/p>\n<p>&nbsp;<\/p>\n<p>__<\/p>\n","protected":false},"excerpt":{"rendered":"<p>Rimarr\u00e0 percorribile in direzione Lambioi &#8211; via Montegrappa. Da Castion: verso il centro percorreendo via Miari e il ponte Dolomiti\u00a0 BELLUNO\u00a0 Per due mesi estivi manutenzione sul ponte bailey. Diversamente dallo scorso autunno-inverno,\u00a0 il ponte non sar\u00e0 chiuso totalmente, ma solo su una corsia di marcia. L&#8217;intervento di sistemazione \u00e8 necessario per garantire che il&hellip;<\/p>\n","protected":false},"author":4,"featured_media":270875,"comment_status":"closed","ping_status":"closed","sticky":false,"template":"","format":"standard","meta":{"_monsterinsights_skip_tracking":false,"_monsterinsights_sitenote_active":false,"_monsterinsights_sitenote_note":"","_monsterinsights_sitenote_category":0,"footnotes":""},"categories":[51,49],"tags":[],"class_list":["post-271714","post","type-post","status-publish","format-standard","has-post-thumbnail","hentry","category-evidenza-top","category-news-18","category-51","category-49","description-off"],"img_url":"https:\/\/www.radiopiu.net\/wordpress\/wp-content\/uploads\/2022\/04\/belluno-lambioi-3.jpg","_links":{"self":[{"href":"https:\/\/www.radiopiu.net\/wordpress\/wp-json\/wp\/v2\/posts\/271714","targetHints":{"allow":["GET"]}}],"collection":[{"href":"https:\/\/www.radiopiu.net\/wordpress\/wp-json\/wp\/v2\/posts"}],"about":[{"href":"https:\/\/www.radiopiu.net\/wordpress\/wp-json\/wp\/v2\/types\/post"}],"author":[{"embeddable":true,"href":"https:\/\/www.radiopiu.net\/wordpress\/wp-json\/wp\/v2\/users\/4"}],"replies":[{"embeddable":true,"href":"https:\/\/www.radiopiu.net\/wordpress\/wp-json\/wp\/v2\/comments?post=271714"}],"version-history":[{"count":0,"href":"https:\/\/www.radiopiu.net\/wordpress\/wp-json\/wp\/v2\/posts\/271714\/revisions"}],"wp:featuredmedia":[{"embeddable":true,"href":"https:\/\/www.radiopiu.net\/wordpress\/wp-json\/wp\/v2\/media\/270875"}],"wp:attachment":[{"href":"https:\/\/www.radiopiu.net\/wordpress\/wp-json\/wp\/v2\/media?parent=271714"}],"wp:term":[{"taxonomy":"category","embeddable":true,"href":"https:\/\/www.radiopiu.net\/wordpress\/wp-json\/wp\/v2\/categories?post=271714"},{"taxonomy":"post_tag","embeddable":true,"href":"https:\/\/www.radiopiu.net\/wordpress\/wp-json\/wp\/v2\/tags?post=271714"}],"curies":[{"name":"wp","href":"https:\/\/api.w.org\/{rel}","templated":true}]}}