{"id":271815,"date":"2022-04-23T05:46:41","date_gmt":"2022-04-23T03:46:41","guid":{"rendered":"https:\/\/www.radiopiu.net\/wordpress\/?p=271815"},"modified":"2022-04-23T06:03:36","modified_gmt":"2022-04-23T04:03:36","slug":"intersezione-con-la-comunale-piero-poloni-progetti-ed-espropri","status":"publish","type":"post","link":"https:\/\/www.radiopiu.net\/wordpress\/intersezione-con-la-comunale-piero-poloni-progetti-ed-espropri\/","title":{"rendered":"INTERSEZIONE CON LA COMUNALE PIERO POLONI, PROGETTI ED ESPROPRI"},"content":{"rendered":"<p><strong><a class=\"dt-pswp-item\" href=\"https:\/\/www.radiopiu.net\/wordpress\/wp-content\/uploads\/2022\/04\/e5d15856-d2cd-440a-89b9-b9bece5f7e99.jpg\" data-dt-img-description=\"\" data-large_image_width=\"1920\" data-large_image_height=\"1080\"><img loading=\"lazy\" decoding=\"async\" class=\"alignleft wp-image-271837 \" src=\"https:\/\/www.radiopiu.net\/wordpress\/wp-content\/uploads\/2022\/04\/e5d15856-d2cd-440a-89b9-b9bece5f7e99-300x169.jpg\" alt=\"\" width=\"186\" height=\"105\" srcset=\"https:\/\/www.radiopiu.net\/wordpress\/wp-content\/uploads\/2022\/04\/e5d15856-d2cd-440a-89b9-b9bece5f7e99-300x169.jpg 300w, https:\/\/www.radiopiu.net\/wordpress\/wp-content\/uploads\/2022\/04\/e5d15856-d2cd-440a-89b9-b9bece5f7e99-1024x576.jpg 1024w, https:\/\/www.radiopiu.net\/wordpress\/wp-content\/uploads\/2022\/04\/e5d15856-d2cd-440a-89b9-b9bece5f7e99-768x432.jpg 768w, https:\/\/www.radiopiu.net\/wordpress\/wp-content\/uploads\/2022\/04\/e5d15856-d2cd-440a-89b9-b9bece5f7e99-1536x864.jpg 1536w, https:\/\/www.radiopiu.net\/wordpress\/wp-content\/uploads\/2022\/04\/e5d15856-d2cd-440a-89b9-b9bece5f7e99.jpg 1920w\" sizes=\"auto, (max-width: 186px) 100vw, 186px\" \/><\/a>AGORDO<\/strong> La Giunta ha approvato (astenuti Selva Moretti e Savio della minoranza) il progetto di fattibilit\u00e0 tecnico-economica in variante al prg per il vincolo dell&#8217;esproprio. Obiettivo: l&#8217;allargamento di via Poloni (Pragrande)<em> &#8220;L&#8217;abbiamo ritenuta da sempre importante&#8221;<\/em> ha detto il sindaco Roberto Chissal\u00e8 ricordando i tanti incidenti stradali del passato, come confermato dalle statistiche dei Carabinieri di Agordo. Si tratta di un tratto di 60 metri dalla regionale 203 agordina verso il Col di Foglia. La propriet\u00e0 \u00e8 gi\u00e0 stata contattata dall&#8217;amministrazione comunale dichiarando che si opporr\u00e0 al progetto, cio\u00e8 all&#8217;esproprio,\u00a0 nonostante il Comune sia pronto a pagare i terreni 80 euro a metro quadrato per un totale di circa 18mila euro. <em>&#8220;Otteniamo il finanziamento &#8211; ha detto il vicesindaco Giulio Favretti &#8211; per pubblica utilit\u00e0, quella \u00e8 un&#8217;intersezione molto pericolosa&#8221;<\/em> . Il consigliere Paolo Selva Moretti ha criticato il modo di agire con l&#8217;istituto dell&#8217;esproprio. <em>&#8220;Bisogner\u00e0 capire se davvero c&#8217;\u00e8 la pubblica utilit\u00e0&#8221;<\/em> ha detto. In cinque anni i Carabinieri hanno rilevato sei incidenti. <em>&#8220;Ma ci sono anche altre situazione meritevoli della stessa attenzione <\/em>&#8211; ha continuato Selva &#8211;<em> come ad esempio l&#8217;accesso a Villa Imperina o via Teto Piciol&#8221;.\u00a0<\/em>L&#8217;accesso a Villa Imperina ha ribadito Favretti \u00e8 privato, quindi non \u00e8 una situazione similare. Quanto a via Teto Piciol ha risposto il sindaco Roberto Chissal\u00e8 <em>&#8220;Quando ero in minoranza per due volte sono stati rifiutati 210 milioni delle vecchie lire per allargare quella strada. La Regione li aveva messi a disposizione ma non c&#8217;era la volont\u00e0 di espropriare pur essendo una strada con parecchi flussi di traffico&#8221;.\u00a0<\/em>In via Poloni si passer\u00e0 da una strada di 4 metri attuali, ad una di\u00a0 larghezza pari a 6 metri con un marciapiede da un metro e mezzo in porfido. <em>&#8220;Un ampliamento da 8 metri \u00e8 esagerato&#8221;<\/em> ha detto Selva.<em>&#8220;Il finanziamento regionale viene erogato &#8211; ha tagliato corto Favretti &#8211; solo se si rispettano i decreti, quindi queste sono le direttive&#8221;.<\/em><\/p>\n\n\t\t\t<style type='text\/css'>\n\t\t\t\t#gallery-1 {\n\t\t\t\t\tmargin: auto;\n\t\t\t\t}\n\t\t\t\t#gallery-1 .gallery-item {\n\t\t\t\t\tfloat: left;\n\t\t\t\t\tmargin-top: 10px;\n\t\t\t\t\ttext-align: center;\n\t\t\t\t\twidth: 33%;\n\t\t\t\t}\n\t\t\t\t#gallery-1 img {\n\t\t\t\t\tborder: 2px solid #cfcfcf;\n\t\t\t\t}\n\t\t\t\t#gallery-1 .gallery-caption {\n\t\t\t\t\tmargin-left: 0;\n\t\t\t\t}\n\t\t\t\t\/* see gallery_shortcode() in wp-includes\/media.php *\/\n\t\t\t<\/style>\n\t\t<div id='gallery-1' class='dt-gallery-container gallery galleryid-271815 gallery-columns-3 gallery-size-medium'><dl class='gallery-item'>\n\t\t\t\t<dt class='gallery-icon landscape'>\n\t\t\t\t\t<a class=\"rollover rollover-zoom dt-pswp-item\" title=\"51fac066-71b1-40bf-832c-82c0caf0d0b1\" data-dt-img-description=\"\" data-large_image_width=\"1920\" data-large_image_height=\"1080\"href='https:\/\/www.radiopiu.net\/wordpress\/wp-content\/uploads\/2022\/04\/51fac066-71b1-40bf-832c-82c0caf0d0b1.jpg'><img loading=\"lazy\" decoding=\"async\" width=\"300\" height=\"169\" src=\"https:\/\/www.radiopiu.net\/wordpress\/wp-content\/uploads\/2022\/04\/51fac066-71b1-40bf-832c-82c0caf0d0b1-300x169.jpg\" class=\"attachment-medium size-medium\" alt=\"\" srcset=\"https:\/\/www.radiopiu.net\/wordpress\/wp-content\/uploads\/2022\/04\/51fac066-71b1-40bf-832c-82c0caf0d0b1-300x169.jpg 300w, https:\/\/www.radiopiu.net\/wordpress\/wp-content\/uploads\/2022\/04\/51fac066-71b1-40bf-832c-82c0caf0d0b1-1024x576.jpg 1024w, https:\/\/www.radiopiu.net\/wordpress\/wp-content\/uploads\/2022\/04\/51fac066-71b1-40bf-832c-82c0caf0d0b1-768x432.jpg 768w, https:\/\/www.radiopiu.net\/wordpress\/wp-content\/uploads\/2022\/04\/51fac066-71b1-40bf-832c-82c0caf0d0b1-1536x864.jpg 1536w, https:\/\/www.radiopiu.net\/wordpress\/wp-content\/uploads\/2022\/04\/51fac066-71b1-40bf-832c-82c0caf0d0b1.jpg 1920w\" sizes=\"auto, (max-width: 300px) 100vw, 300px\" \/><\/a>\n\t\t\t\t<\/dt><\/dl><dl class='gallery-item'>\n\t\t\t\t<dt class='gallery-icon landscape'>\n\t\t\t\t\t<a class=\"rollover rollover-zoom dt-pswp-item\" title=\"434c5a8d-648b-4a67-b0ec-47a8edd91320\" data-dt-img-description=\"\" data-large_image_width=\"1920\" data-large_image_height=\"1080\"href='https:\/\/www.radiopiu.net\/wordpress\/wp-content\/uploads\/2022\/04\/434c5a8d-648b-4a67-b0ec-47a8edd91320.jpg'><img loading=\"lazy\" decoding=\"async\" width=\"300\" height=\"169\" src=\"https:\/\/www.radiopiu.net\/wordpress\/wp-content\/uploads\/2022\/04\/434c5a8d-648b-4a67-b0ec-47a8edd91320-300x169.jpg\" class=\"attachment-medium size-medium\" alt=\"\" srcset=\"https:\/\/www.radiopiu.net\/wordpress\/wp-content\/uploads\/2022\/04\/434c5a8d-648b-4a67-b0ec-47a8edd91320-300x169.jpg 300w, https:\/\/www.radiopiu.net\/wordpress\/wp-content\/uploads\/2022\/04\/434c5a8d-648b-4a67-b0ec-47a8edd91320-1024x576.jpg 1024w, https:\/\/www.radiopiu.net\/wordpress\/wp-content\/uploads\/2022\/04\/434c5a8d-648b-4a67-b0ec-47a8edd91320-768x432.jpg 768w, https:\/\/www.radiopiu.net\/wordpress\/wp-content\/uploads\/2022\/04\/434c5a8d-648b-4a67-b0ec-47a8edd91320-1536x864.jpg 1536w, https:\/\/www.radiopiu.net\/wordpress\/wp-content\/uploads\/2022\/04\/434c5a8d-648b-4a67-b0ec-47a8edd91320.jpg 1920w\" sizes=\"auto, (max-width: 300px) 100vw, 300px\" \/><\/a>\n\t\t\t\t<\/dt><\/dl><dl class='gallery-item'>\n\t\t\t\t<dt class='gallery-icon landscape'>\n\t\t\t\t\t<a class=\"rollover rollover-zoom dt-pswp-item\" title=\"37c9103e-b33e-4465-a1b6-54f3d550451c\" data-dt-img-description=\"\" data-large_image_width=\"1920\" data-large_image_height=\"1080\"href='https:\/\/www.radiopiu.net\/wordpress\/wp-content\/uploads\/2022\/04\/37c9103e-b33e-4465-a1b6-54f3d550451c.jpg'><img loading=\"lazy\" decoding=\"async\" width=\"300\" height=\"169\" src=\"https:\/\/www.radiopiu.net\/wordpress\/wp-content\/uploads\/2022\/04\/37c9103e-b33e-4465-a1b6-54f3d550451c-300x169.jpg\" class=\"attachment-medium size-medium\" alt=\"\" srcset=\"https:\/\/www.radiopiu.net\/wordpress\/wp-content\/uploads\/2022\/04\/37c9103e-b33e-4465-a1b6-54f3d550451c-300x169.jpg 300w, https:\/\/www.radiopiu.net\/wordpress\/wp-content\/uploads\/2022\/04\/37c9103e-b33e-4465-a1b6-54f3d550451c-1024x576.jpg 1024w, https:\/\/www.radiopiu.net\/wordpress\/wp-content\/uploads\/2022\/04\/37c9103e-b33e-4465-a1b6-54f3d550451c-768x432.jpg 768w, https:\/\/www.radiopiu.net\/wordpress\/wp-content\/uploads\/2022\/04\/37c9103e-b33e-4465-a1b6-54f3d550451c-1536x864.jpg 1536w, https:\/\/www.radiopiu.net\/wordpress\/wp-content\/uploads\/2022\/04\/37c9103e-b33e-4465-a1b6-54f3d550451c.jpg 1920w\" sizes=\"auto, (max-width: 300px) 100vw, 300px\" \/><\/a>\n\t\t\t\t<\/dt><\/dl><br style=\"clear: both\" \/>\n\t\t\t<\/div>\n\n<p>&nbsp;<\/p>\n<p><span style=\"color: #ff0000;\"><strong>IERI LO SPECIALE ALLA RADIO\u00a0<\/strong><\/span><\/p>\n<audio class=\"wp-audio-shortcode\" id=\"audio-271815-1\" preload=\"none\" style=\"width: 100%;\" controls=\"controls\"><source type=\"audio\/mpeg\" src=\"https:\/\/www.radiopiu.net\/wordpress\/wp-content\/uploads\/2022\/04\/FAVRETTI-VENTI-VENTI.mp3?_=1\" \/><a href=\"https:\/\/www.radiopiu.net\/wordpress\/wp-content\/uploads\/2022\/04\/FAVRETTI-VENTI-VENTI.mp3\">https:\/\/www.radiopiu.net\/wordpress\/wp-content\/uploads\/2022\/04\/FAVRETTI-VENTI-VENTI.mp3<\/a><\/audio>\n<p>&nbsp;<\/p>\n<p><strong>IL CONSIGLIO COMUNALE DI AGORDO, IL PUNTO SOPRA TRATTATO (NUMERO SETTE DELL&#8217;ORDINE DEL GIORNO)\u00a0 a 3 ORE 30 MINUTI E 50 SECONDI<\/strong><\/p>\n<blockquote class=\"wp-embedded-content\" data-secret=\"ymQRfMibJR\"><p><a href=\"https:\/\/www.radiopiu.net\/wordpress\/diretta-radio-piu-consiglio-comunale-di-agordo-canali-telegram-facebook\/\">DIRETTA RADIO PIU &#8211; CONSIGLIO COMUNALE DI AGORDO<\/a><\/p><\/blockquote>\n<p><iframe loading=\"lazy\" class=\"wp-embedded-content\" sandbox=\"allow-scripts\" security=\"restricted\" style=\"position: absolute; clip: rect(1px, 1px, 1px, 1px);\" title=\"&#8220;DIRETTA RADIO PIU &#8211; CONSIGLIO COMUNALE DI AGORDO&#8221; &#8212; Radio Pi\u00f9\" src=\"https:\/\/www.radiopiu.net\/wordpress\/diretta-radio-piu-consiglio-comunale-di-agordo-canali-telegram-facebook\/embed\/#?secret=EoVi8BvYwv#?secret=ymQRfMibJR\" data-secret=\"ymQRfMibJR\" width=\"600\" height=\"338\" frameborder=\"0\" marginwidth=\"0\" marginheight=\"0\" scrolling=\"no\"><\/iframe><\/p>\n<p>&nbsp;<\/p>\n<p>___<\/p>\n","protected":false},"excerpt":{"rendered":"<p>AGORDO La Giunta ha approvato (astenuti Selva Moretti e Savio della minoranza) il progetto di fattibilit\u00e0 tecnico-economica in variante al prg per il vincolo dell&#8217;esproprio. Obiettivo: l&#8217;allargamento di via Poloni (Pragrande) &#8220;L&#8217;abbiamo ritenuta da sempre importante&#8221; ha detto il sindaco Roberto Chissal\u00e8 ricordando i tanti incidenti stradali del passato, come confermato dalle statistiche dei Carabinieri&hellip;<\/p>\n","protected":false},"author":4,"featured_media":271837,"comment_status":"closed","ping_status":"closed","sticky":false,"template":"","format":"standard","meta":{"_monsterinsights_skip_tracking":false,"_monsterinsights_sitenote_active":false,"_monsterinsights_sitenote_note":"","_monsterinsights_sitenote_category":0,"footnotes":""},"categories":[51,49],"tags":[],"class_list":["post-271815","post","type-post","status-publish","format-standard","has-post-thumbnail","hentry","category-evidenza-top","category-news-18","category-51","category-49","description-off"],"img_url":"https:\/\/www.radiopiu.net\/wordpress\/wp-content\/uploads\/2022\/04\/e5d15856-d2cd-440a-89b9-b9bece5f7e99.jpg","_links":{"self":[{"href":"https:\/\/www.radiopiu.net\/wordpress\/wp-json\/wp\/v2\/posts\/271815","targetHints":{"allow":["GET"]}}],"collection":[{"href":"https:\/\/www.radiopiu.net\/wordpress\/wp-json\/wp\/v2\/posts"}],"about":[{"href":"https:\/\/www.radiopiu.net\/wordpress\/wp-json\/wp\/v2\/types\/post"}],"author":[{"embeddable":true,"href":"https:\/\/www.radiopiu.net\/wordpress\/wp-json\/wp\/v2\/users\/4"}],"replies":[{"embeddable":true,"href":"https:\/\/www.radiopiu.net\/wordpress\/wp-json\/wp\/v2\/comments?post=271815"}],"version-history":[{"count":0,"href":"https:\/\/www.radiopiu.net\/wordpress\/wp-json\/wp\/v2\/posts\/271815\/revisions"}],"wp:featuredmedia":[{"embeddable":true,"href":"https:\/\/www.radiopiu.net\/wordpress\/wp-json\/wp\/v2\/media\/271837"}],"wp:attachment":[{"href":"https:\/\/www.radiopiu.net\/wordpress\/wp-json\/wp\/v2\/media?parent=271815"}],"wp:term":[{"taxonomy":"category","embeddable":true,"href":"https:\/\/www.radiopiu.net\/wordpress\/wp-json\/wp\/v2\/categories?post=271815"},{"taxonomy":"post_tag","embeddable":true,"href":"https:\/\/www.radiopiu.net\/wordpress\/wp-json\/wp\/v2\/tags?post=271815"}],"curies":[{"name":"wp","href":"https:\/\/api.w.org\/{rel}","templated":true}]}}