{"id":271853,"date":"2022-04-23T05:47:41","date_gmt":"2022-04-23T03:47:41","guid":{"rendered":"https:\/\/www.radiopiu.net\/wordpress\/?p=271853"},"modified":"2022-04-23T05:51:14","modified_gmt":"2022-04-23T03:51:14","slug":"luxottica-accordi-di-flessibilita-e-straordinario-incentivato-fino-a-fine-giugno","status":"publish","type":"post","link":"https:\/\/www.radiopiu.net\/wordpress\/luxottica-accordi-di-flessibilita-e-straordinario-incentivato-fino-a-fine-giugno\/","title":{"rendered":"LUXOTTICA: ACCORDI DI FLESSIBILITA&#8217; E STRAORDINARIO INCENTIVATO FINO A FINE GIUGNO"},"content":{"rendered":"<p><strong><a class=\"dt-pswp-item\" href=\"https:\/\/www.radiopiu.net\/wordpress\/wp-content\/uploads\/2020\/07\/814ace46-a8a2-4c2d-a100-4d87aa509ef3.jpg\" data-dt-img-description=\"\" data-large_image_width=\"1560\" data-large_image_height=\"1170\"><img loading=\"lazy\" decoding=\"async\" class=\"size-thumbnail wp-image-152483 alignleft\" src=\"https:\/\/www.radiopiu.net\/wordpress\/wp-content\/uploads\/2020\/07\/814ace46-a8a2-4c2d-a100-4d87aa509ef3-150x150.jpg\" alt=\"\" width=\"150\" height=\"150\" \/><\/a>AGORDO<\/strong> La dirigenza di Luxottica e la RSU dello stabilimento di Agordo si sono incontrate per definire un calendario a lungo termine che riguarda la flessibilit\u00e0 e lo straordinario incentivato per i mesi di maggio e giugno. Nella giornata di ieri \u00e8 stato firmato l&#8217;accordo che prevede 7 sabati lavorativi per le maestranze dello stabilimento di via Valcozzena, suddivisi in 4 straordinari incentivati e 3 flessibilit\u00e0 positive. Ogni area avr\u00e0 un calendario diverso ma lo stabilimento sar\u00e0 operativo tutti i fine settimana, ma non sabato 28 maggio, giornata in cui transiter\u00e0 per l&#8217;Agordino il Giro D&#8217;Italia. Nelle prossime ore, sulle bacheche aziendali, verr\u00e0 esposto il calendario con tutte le aree interessate e le specifiche. Per quanto riguarda l&#8217;orario lavorativo, le maestranze saranno chiamate a dare la propria prestazione solo nella settimana in cui effettuano il turno del mattino con orario 6-12. L&#8217;unica eccezione sabato 21 maggio dove si \u00e8 deciso di optare per un doppio turno, 6-12 e 12-18.<\/p>\n<p>&nbsp;<\/p>\n<p>&nbsp;<\/p>\n<p>*****<\/p>\n","protected":false},"excerpt":{"rendered":"<p>AGORDO La dirigenza di Luxottica e la RSU dello stabilimento di Agordo si sono incontrate per definire un calendario a lungo termine che riguarda la flessibilit\u00e0 e lo straordinario incentivato per i mesi di maggio e giugno. Nella giornata di ieri \u00e8 stato firmato l&#8217;accordo che prevede 7 sabati lavorativi per le maestranze dello stabilimento&hellip;<\/p>\n","protected":false},"author":4,"featured_media":152483,"comment_status":"closed","ping_status":"closed","sticky":false,"template":"","format":"standard","meta":{"_monsterinsights_skip_tracking":false,"_monsterinsights_sitenote_active":false,"_monsterinsights_sitenote_note":"","_monsterinsights_sitenote_category":0,"footnotes":""},"categories":[51,49],"tags":[],"class_list":["post-271853","post","type-post","status-publish","format-standard","has-post-thumbnail","hentry","category-evidenza-top","category-news-18","category-51","category-49","description-off"],"img_url":"https:\/\/www.radiopiu.net\/wordpress\/wp-content\/uploads\/2020\/07\/814ace46-a8a2-4c2d-a100-4d87aa509ef3.jpg","_links":{"self":[{"href":"https:\/\/www.radiopiu.net\/wordpress\/wp-json\/wp\/v2\/posts\/271853","targetHints":{"allow":["GET"]}}],"collection":[{"href":"https:\/\/www.radiopiu.net\/wordpress\/wp-json\/wp\/v2\/posts"}],"about":[{"href":"https:\/\/www.radiopiu.net\/wordpress\/wp-json\/wp\/v2\/types\/post"}],"author":[{"embeddable":true,"href":"https:\/\/www.radiopiu.net\/wordpress\/wp-json\/wp\/v2\/users\/4"}],"replies":[{"embeddable":true,"href":"https:\/\/www.radiopiu.net\/wordpress\/wp-json\/wp\/v2\/comments?post=271853"}],"version-history":[{"count":0,"href":"https:\/\/www.radiopiu.net\/wordpress\/wp-json\/wp\/v2\/posts\/271853\/revisions"}],"wp:featuredmedia":[{"embeddable":true,"href":"https:\/\/www.radiopiu.net\/wordpress\/wp-json\/wp\/v2\/media\/152483"}],"wp:attachment":[{"href":"https:\/\/www.radiopiu.net\/wordpress\/wp-json\/wp\/v2\/media?parent=271853"}],"wp:term":[{"taxonomy":"category","embeddable":true,"href":"https:\/\/www.radiopiu.net\/wordpress\/wp-json\/wp\/v2\/categories?post=271853"},{"taxonomy":"post_tag","embeddable":true,"href":"https:\/\/www.radiopiu.net\/wordpress\/wp-json\/wp\/v2\/tags?post=271853"}],"curies":[{"name":"wp","href":"https:\/\/api.w.org\/{rel}","templated":true}]}}