{"id":271856,"date":"2022-04-23T05:37:22","date_gmt":"2022-04-23T03:37:22","guid":{"rendered":"https:\/\/www.radiopiu.net\/wordpress\/?p=271856"},"modified":"2022-04-23T05:55:38","modified_gmt":"2022-04-23T03:55:38","slug":"agordina-di-nuovo-in-campo-per-le-ultime-partite-della-stagione","status":"publish","type":"post","link":"https:\/\/www.radiopiu.net\/wordpress\/agordina-di-nuovo-in-campo-per-le-ultime-partite-della-stagione\/","title":{"rendered":"AGORDINA DI NUOVO IN CAMPO PER LE ULTIME PARTITE DELLA STAGIONE"},"content":{"rendered":"<p><strong><a class=\"dt-pswp-item\" href=\"https:\/\/www.radiopiu.net\/wordpress\/wp-content\/uploads\/2021\/11\/CALCIO-2021.jpg\" data-dt-img-description=\"\" data-large_image_width=\"2560\" data-large_image_height=\"1707\"><img loading=\"lazy\" decoding=\"async\" class=\"size-thumbnail wp-image-242798 alignleft\" src=\"https:\/\/www.radiopiu.net\/wordpress\/wp-content\/uploads\/2021\/11\/CALCIO-2021-150x150.jpg\" alt=\"\" width=\"150\" height=\"150\" \/><\/a>REDAZIONE\u00a0<\/strong>Dopo lo stop di 10 giorni per le vacanze pasquali, questo fine settimana tornano in campo le squadre dell&#8217;Agordina Calcio. Si parte oggi alle 15:30 quando i Giovanissimi Provinciali di De Bastiani saranno in trasferta contro il Cavarzano. Sempre oggi pomeriggio \u00e8 in programma all&#8217;Ivano Dorigo di Agordo la sfida valida per il campionato regionale Juniores tra Agordina e Conegliano. Domani mattina sar\u00e0 il turno degli Allievi Regionali allenati da Orzetti che giocheranno in casa contro l&#8217;Alpago. Domani pomeriggio alle 14:30 in campo la prima squadra allenata da Lorenzi. All&#8217;Ivano Dorigo di Agordo arriva la Juventina per la quartultima partita di campionato di Seconda Categoria. L&#8217;Agordina non ha pi\u00f9 nulla da chiedere ed ha raggiunto la salvezza matematica, obbiettivo stagionale, con 5 giornate di anticipo. Discorso diverso per i feltrini che arrivano ad Agordo con la speranza di fare bottino pieno ed evitare di rimanere in zona playout. Giornata di riposo invece per il Keralpen femminile che inizier\u00e0 la seconda fase della stagione domenica prossima. Domani pomeriggio appuntamento con &#8220;Domenica Pi\u00f9 Sport&#8221; su Radio Pi\u00f9 per seguire in diretta la partita dell&#8217;Agordina.<\/p>\n<p>&nbsp;<\/p>\n<p>&nbsp;<\/p>\n<p>****<\/p>\n","protected":false},"excerpt":{"rendered":"<p>REDAZIONE\u00a0Dopo lo stop di 10 giorni per le vacanze pasquali, questo fine settimana tornano in campo le squadre dell&#8217;Agordina Calcio. Si parte oggi alle 15:30 quando i Giovanissimi Provinciali di De Bastiani saranno in trasferta contro il Cavarzano. Sempre oggi pomeriggio \u00e8 in programma all&#8217;Ivano Dorigo di Agordo la sfida valida per il campionato regionale&hellip;<\/p>\n","protected":false},"author":4,"featured_media":242798,"comment_status":"closed","ping_status":"closed","sticky":false,"template":"","format":"standard","meta":{"_monsterinsights_skip_tracking":false,"_monsterinsights_sitenote_active":false,"_monsterinsights_sitenote_note":"","_monsterinsights_sitenote_category":0,"footnotes":""},"categories":[104,49],"tags":[],"class_list":["post-271856","post","type-post","status-publish","format-standard","has-post-thumbnail","hentry","category-evidenza_3","category-news-18","category-104","category-49","description-off"],"img_url":"https:\/\/www.radiopiu.net\/wordpress\/wp-content\/uploads\/2021\/11\/CALCIO-2021.jpg","_links":{"self":[{"href":"https:\/\/www.radiopiu.net\/wordpress\/wp-json\/wp\/v2\/posts\/271856","targetHints":{"allow":["GET"]}}],"collection":[{"href":"https:\/\/www.radiopiu.net\/wordpress\/wp-json\/wp\/v2\/posts"}],"about":[{"href":"https:\/\/www.radiopiu.net\/wordpress\/wp-json\/wp\/v2\/types\/post"}],"author":[{"embeddable":true,"href":"https:\/\/www.radiopiu.net\/wordpress\/wp-json\/wp\/v2\/users\/4"}],"replies":[{"embeddable":true,"href":"https:\/\/www.radiopiu.net\/wordpress\/wp-json\/wp\/v2\/comments?post=271856"}],"version-history":[{"count":0,"href":"https:\/\/www.radiopiu.net\/wordpress\/wp-json\/wp\/v2\/posts\/271856\/revisions"}],"wp:featuredmedia":[{"embeddable":true,"href":"https:\/\/www.radiopiu.net\/wordpress\/wp-json\/wp\/v2\/media\/242798"}],"wp:attachment":[{"href":"https:\/\/www.radiopiu.net\/wordpress\/wp-json\/wp\/v2\/media?parent=271856"}],"wp:term":[{"taxonomy":"category","embeddable":true,"href":"https:\/\/www.radiopiu.net\/wordpress\/wp-json\/wp\/v2\/categories?post=271856"},{"taxonomy":"post_tag","embeddable":true,"href":"https:\/\/www.radiopiu.net\/wordpress\/wp-json\/wp\/v2\/tags?post=271856"}],"curies":[{"name":"wp","href":"https:\/\/api.w.org\/{rel}","templated":true}]}}