{"id":271897,"date":"2022-04-23T05:48:09","date_gmt":"2022-04-23T03:48:09","guid":{"rendered":"https:\/\/www.radiopiu.net\/wordpress\/?p=271897"},"modified":"2022-04-23T05:58:54","modified_gmt":"2022-04-23T03:58:54","slug":"il-contributo-di-luxottica-per-il-centro-diurno-al-polifunzionale-2","status":"publish","type":"post","link":"https:\/\/www.radiopiu.net\/wordpress\/il-contributo-di-luxottica-per-il-centro-diurno-al-polifunzionale-2\/","title":{"rendered":"IL CONTRIBUTO DI LUXOTTICA PER IL CENTRO DIURNO AL POLIFUNZIONALE 2"},"content":{"rendered":"<p><strong>AGORDO<\/strong> L&#8217;amministratore unico\u00a0 di Asca per i servizi sociali residenziali, diurni e territoriali per l&#8217;Agordino, intervenuto per presentare i bilanci al consiglio comunale di Agordo ha anticipato anche un&#8217;importante novit\u00e0: L&#8217;azienda Luxottica si \u00e8 resa disponibile a collaborare concretamente per il centro diurno che trover\u00e0 collocazione nel polifunzionale di via Dozza. Negli anni scorsi Luxottica era intervenuta per risollevare i bilanci dell&#8217;Asilo Nido, inoltre da tempo fornisce gratuitamente i pasti <a class=\"dt-pswp-item\" href=\"https:\/\/www.radiopiu.net\/wordpress\/wp-content\/uploads\/2018\/05\/SANTIN-300x169.jpg\" data-dt-img-description=\"\" data-large_image_width=\"300\" data-large_image_height=\"169\"><img loading=\"lazy\" decoding=\"async\" class=\"size-thumbnail wp-image-48328 alignleft\" src=\"https:\/\/www.radiopiu.net\/wordpress\/wp-content\/uploads\/2018\/05\/SANTIN-300x169-150x150.jpg\" alt=\"\" width=\"150\" height=\"150\" \/><\/a>che i volontari dell&#8217;Auser distribuiscono a domicilio il cui costo \u00e8 molto contenuto tra i 2 e i 4 euro a seconda del reddito Isee<em> &#8220;Al di l\u00e0 del reddito dichiarato &#8211; ha detto Mariachiara Santin &#8211; gli utenti hanno sempre versato la quota massima&#8221;<\/em> segnale importante, mette in evidenza il gradimento del servizio. Il denaro raccolto non viene girato all&#8217;azienda di via Valcozzena che ha scelto di lasciarlo nelle casse di Asca <em>&#8220;Lo scorso anno &#8211; ha aggiunto Mariachiara Santin &#8211; i 70mila euro sono stati impegnati nell&#8217;operazione welfare a favore dei dipendenti di Asca&#8221;<\/em><\/p>\n<p><strong>L&#8217;INTERVISTA di Mirko Mezzacasa<\/strong><\/p>\n<audio class=\"wp-audio-shortcode\" id=\"audio-271897-1\" preload=\"none\" style=\"width: 100%;\" controls=\"controls\"><source type=\"audio\/mpeg\" src=\"https:\/\/www.radiopiu.net\/wordpress\/wp-content\/uploads\/2022\/04\/SANTIN.mp3?_=1\" \/><a href=\"https:\/\/www.radiopiu.net\/wordpress\/wp-content\/uploads\/2022\/04\/SANTIN.mp3\">https:\/\/www.radiopiu.net\/wordpress\/wp-content\/uploads\/2022\/04\/SANTIN.mp3<\/a><\/audio>\n<p>&nbsp;<\/p>\n<blockquote class=\"wp-embedded-content\" data-secret=\"590W9PqCPJ\"><p><a href=\"https:\/\/www.radiopiu.net\/wordpress\/diretta-radio-piu-consiglio-comunale-di-agordo-canali-telegram-facebook\/\">DIRETTA RADIO PIU &#8211; CONSIGLIO COMUNALE DI AGORDO<\/a><\/p><\/blockquote>\n<p><iframe loading=\"lazy\" class=\"wp-embedded-content\" sandbox=\"allow-scripts\" security=\"restricted\" style=\"position: absolute; clip: rect(1px, 1px, 1px, 1px);\" title=\"&#8220;DIRETTA RADIO PIU &#8211; CONSIGLIO COMUNALE DI AGORDO&#8221; &#8212; Radio Pi\u00f9\" src=\"https:\/\/www.radiopiu.net\/wordpress\/diretta-radio-piu-consiglio-comunale-di-agordo-canali-telegram-facebook\/embed\/#?secret=zRgqZWlbz8#?secret=590W9PqCPJ\" data-secret=\"590W9PqCPJ\" width=\"600\" height=\"338\" frameborder=\"0\" marginwidth=\"0\" marginheight=\"0\" scrolling=\"no\"><\/iframe><\/p>\n<p>&nbsp;<\/p>\n<hr \/>\n<p>&nbsp;<\/p>\n","protected":false},"excerpt":{"rendered":"<p>AGORDO L&#8217;amministratore unico\u00a0 di Asca per i servizi sociali residenziali, diurni e territoriali per l&#8217;Agordino, intervenuto per presentare i bilanci al consiglio comunale di Agordo ha anticipato anche un&#8217;importante novit\u00e0: L&#8217;azienda Luxottica si \u00e8 resa disponibile a collaborare concretamente per il centro diurno che trover\u00e0 collocazione nel polifunzionale di via Dozza. Negli anni scorsi Luxottica&hellip;<\/p>\n","protected":false},"author":4,"featured_media":271898,"comment_status":"closed","ping_status":"closed","sticky":false,"template":"","format":"standard","meta":{"_monsterinsights_skip_tracking":false,"_monsterinsights_sitenote_active":false,"_monsterinsights_sitenote_note":"","_monsterinsights_sitenote_category":0,"footnotes":""},"categories":[51,49],"tags":[],"class_list":["post-271897","post","type-post","status-publish","format-standard","has-post-thumbnail","hentry","category-evidenza-top","category-news-18","category-51","category-49","description-off"],"img_url":"https:\/\/www.radiopiu.net\/wordpress\/wp-content\/uploads\/2022\/04\/operatori-Asca.jpg","_links":{"self":[{"href":"https:\/\/www.radiopiu.net\/wordpress\/wp-json\/wp\/v2\/posts\/271897","targetHints":{"allow":["GET"]}}],"collection":[{"href":"https:\/\/www.radiopiu.net\/wordpress\/wp-json\/wp\/v2\/posts"}],"about":[{"href":"https:\/\/www.radiopiu.net\/wordpress\/wp-json\/wp\/v2\/types\/post"}],"author":[{"embeddable":true,"href":"https:\/\/www.radiopiu.net\/wordpress\/wp-json\/wp\/v2\/users\/4"}],"replies":[{"embeddable":true,"href":"https:\/\/www.radiopiu.net\/wordpress\/wp-json\/wp\/v2\/comments?post=271897"}],"version-history":[{"count":0,"href":"https:\/\/www.radiopiu.net\/wordpress\/wp-json\/wp\/v2\/posts\/271897\/revisions"}],"wp:featuredmedia":[{"embeddable":true,"href":"https:\/\/www.radiopiu.net\/wordpress\/wp-json\/wp\/v2\/media\/271898"}],"wp:attachment":[{"href":"https:\/\/www.radiopiu.net\/wordpress\/wp-json\/wp\/v2\/media?parent=271897"}],"wp:term":[{"taxonomy":"category","embeddable":true,"href":"https:\/\/www.radiopiu.net\/wordpress\/wp-json\/wp\/v2\/categories?post=271897"},{"taxonomy":"post_tag","embeddable":true,"href":"https:\/\/www.radiopiu.net\/wordpress\/wp-json\/wp\/v2\/tags?post=271897"}],"curies":[{"name":"wp","href":"https:\/\/api.w.org\/{rel}","templated":true}]}}