{"id":271966,"date":"2022-04-23T13:17:46","date_gmt":"2022-04-23T11:17:46","guid":{"rendered":"https:\/\/www.radiopiu.net\/wordpress\/?p=271966"},"modified":"2022-04-23T18:54:49","modified_gmt":"2022-04-23T16:54:49","slug":"il-cordoglio-per-la-scomparsa-di-guido-de-zordo","status":"publish","type":"post","link":"https:\/\/www.radiopiu.net\/wordpress\/il-cordoglio-per-la-scomparsa-di-guido-de-zordo\/","title":{"rendered":"IL CORDOGLIO PER LA SCOMPARSA DI GUIDO DE ZORDO"},"content":{"rendered":"<p><strong><a class=\"dt-pswp-item\" href=\"https:\/\/www.radiopiu.net\/wordpress\/wp-content\/uploads\/2022\/04\/ab31482b-c451-4c7e-a613-34803257e235.jpg\" data-dt-img-description=\"\" data-large_image_width=\"1024\" data-large_image_height=\"728\"><img loading=\"lazy\" decoding=\"async\" class=\"size-thumbnail wp-image-271967 alignleft\" src=\"https:\/\/www.radiopiu.net\/wordpress\/wp-content\/uploads\/2022\/04\/ab31482b-c451-4c7e-a613-34803257e235-150x150.jpg\" alt=\"\" width=\"150\" height=\"150\" \/><\/a>ROMA <\/strong>\u201c<em>La scomparsa di Guido De Zordo \u00e8 l\u2019ennesima brutta perdita per la montagna bellunese. Da insegnante, sindaco, consigliere provinciale e presidente del Parco nazionale Dolomiti bellunesi ha sempre sostenuto le sue idee a favore del territorio che amava, il Cadore e la provincia di Belluno. Un pensiero ai suoi familiari<\/em>\u201d. Cos\u00ec in una nota di cordoglio il deputato Dario Bond.<\/p>\n<p><strong>BELLUNO<\/strong> \u00ab<em>Con De Zordo la montagna bellunese perde un\u2019altra figura di riferimento. Un uomo e un amministratore che ha rappresentato un pezzo di storia del Cadore e non solo<\/em>\u00bb. Lo scrive il presidente della Provincia di Belluno Roberto Padrin, in una nota di cordoglio per la scomparsa di Guido De Zordo, gi\u00e0 sindaco di Cibiana, consigliere provinciale e presidente dell\u2019ente Parco Nazionale Dolomiti Bellunesi. \u00ab<em>La passione che aveva De Zordo per il territorio si \u00e8 sempre contraddistinta per professionalit\u00e0 e impegno. Il senso di appartenenza e l\u2019orgoglio bellunese e cadorino di cui era convinto sostenitore rimarranno come esempio\u00bb. \u00abQuesti ultimi mesi purtroppo ci hanno privato di persone in gamba e amministratori di livello, una schiera di cui De Zordo faceva senza dubbio parte<\/em>\u00bb conclude il presidente Padrin. \u00ab<em>A nome dell\u2019intero consiglio provinciale, esprimo il cordoglio della Provincia e rivolgo un pensiero ai familiari di De Zordo<\/em>\u00bb.<\/p>\n<p><strong>VENEZIA <\/strong>\u201c<em>Guido De Zordo ha fatto parte di una generazione di bellunesi che hanno particolarmente amato le loro montagne e che recentemente ci hanno lasciato. La sua morte lascia un nuovo vuoto nella storia della montagna bellunese<\/em>\u201d. Cos\u00ec il Presidente della Regione Veneto esprime il suo cordoglio per la scomparsa di Giudo De Zordo, gi\u00e0 Sindaco, Consigliere provinciale e Presidente del Parco Nazionale delle Dolomiti. \u201c<em>De Zordo \u2013 aggiunge il Governatore \u2013 ha messo il suo amore per la montagna anche al servizio delle Istituzioni delle quali ha fatto parte. Questo \u00e8 un merito che la popolazione bellunese sono certo non dimenticher\u00e0. Rivolgo le mie pi\u00f9 sentite condoglianze alla famiglia e a tutti coloro che gli hanno voluto bene<\/em>\u201d<\/p>\n<p><strong>VENEZIA<\/strong> Il ricordo di Gianpaolo Bottacin, assessore regionale. &#8220;<em>Se ne va un amico. L&#8217;avevo conosciuto fin da piccolo prima come insegnante a scuola, poi come l&#8217;uomo che mi ha avvicinato alla politica, di cui posso certamente dire sia stato il mio primo maestro. Dopo molto tempo passato in Provincia, sulla fine degli anni novanta ne presi anche il testimone all&#8217;interno del Consiglio provinciale, dove continuai sulla sua strada facendo un&#8217;opposizione costruttiva. Ricordo ancora di come, differentemente da altri che il giorno dopo aver ricevuto un incarico pensano di essere per cos\u00ec dire gi\u00e0 &#8220;imparati&#8221;, io per almeno un paio d&#8217;anni ogni volta che c&#8217;era un Consiglio o una Commissione mi confrontavo regolarmente con lui sui documenti all&#8217;ordine del giorno prima di andare in assemblea, pronto a raccogliere gli utili spunti della sua grande esperienza. Era sempre disponibile e mi ha insegnato molto. Anche se qualche soddisfazione se l&#8217;era tolta, avrebbe forse meritato di ricevere di pi\u00f9 dalla politica, a cui per tutta la vita ha dedicato il suo infinito amore. In tal senso sono felice di aver potuto proporre il suo nome per la presidenza del parco all&#8217;allora ministro Matteoli, che poi lo nomin\u00f2 in tale ruolo. Forse la carica pi\u00f9 importante che ha avuto, anche se certo \u00e8 prima di tutto per la sua amata Cibiana che rester\u00e0 per sempre ricordato. Ciao Guido&#8221;<\/em><\/p>\n<p><strong>CALALZO <\/strong>\u201c<em>Con la scomparsa di Guido De Zordo, se ne va un maestro e un simbolo della destra bellunese. Lascer\u00e0 in me un grande vuoto<\/em>\u201d: \u00e8 un ricordo commosso quello del senatore e sindaco di Calalzo Luca De Carlo, alla notizia della morte di Guido De Zordo, gi\u00e0 sindaco di Cibiana ed ex presidente del Parco Nazionale delle Dolomiti Bellunesi. \u201c<em>A De Zordo mi legano tanti ricordi personali, oltre che politici: \u00e8 stato il mio professore di storia alle scuole medie\u201d, ricorda De Carlo. \u201cA lui devo il mio essere di destra: non ha mai voluto far passare la sua idea politica attraverso l&#8217;insegnamento, ma lo vedevo regolarmente eletto in consiglio provinciale, candidato nel collegio elettorale di Calalzo, prima con l&#8217;MSI e poi con Alleanza Nazionale. \u00c8 stato un simbolo, il primo sindaco MSI in provincia di Belluno, ed \u00e8 stato un punto di riferimento per chi \u2013 tra noi giovani &#8211; guardava con interesse attivo alla politica<\/em>\u201d. \u201c<em>Ci sentivamo spesso, confrontandoci su tanti temi, locali e nazionali\u201d, conclude De Carlo. \u201cEra una delle menti pi\u00f9 brillanti della destra bellunese e sicuramente sentir\u00f2 tantissimo la sua mancanza<\/em>\u201d.<\/p>\n<p><strong>BELLUNO<\/strong> \u00c8 con un enorme dispiacere che Fratelli d&#8217;Italia Belluno-Dolomiti ha appreso che \u00e8 mancato il Professor Guido De Zordo. Storico, indimenticato ed indimenticabile Federale di Belluno. Ha insegnato, per professione, la vita e, per passione, politica &#8211; LA Politica &#8211; a generazioni di ragazzi bellunesi. Una perdita grandissima Chi ha cominciato a fare politica, ragazzino, a Belluno, nella destra, non pu\u00f2 dimenticare la figura di Guido De Zordo: era il riferimento, l&#8217;esempio e la figura cui chiedere consiglio. Ascoltarlo significava imparare, imparare politica, tecnica e vita.\u00a0 Mancher\u00e0 al nostro mondo e, sopratutto, ai suoi cari. Tanti di coloro che oggi militano in Fratelli d&#8217;Italia, cui sono oggi riconosciuti ruoli e capacit\u00e0 dal partito, quali Luca de Carlo, Filippo Osnato, Andrea Stella e Marco Osnato, devono molto al professor de Zordo.\u00a0Proprio l&#8217;onorevole Marco Osnato vuole ricordare De Zordo cos\u00ec: \u201cInsieme a Bortolo Zanenga, Mario Dematt\u00e8 e Oscar Fabrizi era una delle certezze per chi, giovanissimo militante, dopo aver salito le rampe di scale entrava nella Federazione del MSI di via Carrera: Guido de Zordo appariva con il suo aplomb professorale e col suo sguardo apparentemente severo e non mancava mai di fornirci la sua analisi precisa, argomentata mai banale sull\u2019attualit\u00e0 politica, ma &#8211; allo stesso tempo &#8211; non perdeva occasione di rivolgere una battuta o un sorriso a noi, allora, giovani del Fronte della Giovent\u00f9.\u00a0 De Zordo, il nostro Federale, \u00e8 stato l\u2019esempio di come un partito allora considerato a Belluno residuale potesse comunque, grazie a persone come quelle citate, essere in grado di formulare proposte importanti per il suo territorio a partire dalla storica battaglia per la \u201cRegione Dolomitica\u201d. Innamorato di Cibiana, del Cadore ma, direi, di Belluno e soprattutto dell\u2019Italia Guido \u00e8 stato un maestro discreto e morigerato negli elogi, ma lo voglio ricordare col suo consueto sorriso quando, gi\u00e0 sofferente, non riusc\u00ec a nascondere la soddisfazione di sapere che due suoi \u201cboce\u201d, Luca de Carlo e io, erano finiti addirittura in Parlamento. Ciao Guido!\u201d<\/p>\n<p><strong><a class=\"dt-pswp-item\" href=\"https:\/\/www.radiopiu.net\/wordpress\/wp-content\/uploads\/2022\/04\/Gosetti-De-Zordo.jpeg\" data-dt-img-description=\"\" data-large_image_width=\"1311\" data-large_image_height=\"795\"><img loading=\"lazy\" decoding=\"async\" class=\"size-thumbnail wp-image-271987 alignright\" src=\"https:\/\/www.radiopiu.net\/wordpress\/wp-content\/uploads\/2022\/04\/Gosetti-De-Zordo-150x150.jpeg\" alt=\"\" width=\"150\" height=\"150\" \/><\/a>BELLUNO<\/strong> La notizia della morte dell\u2019ex sindaco di Cibiana, presidente dell\u2019ente Parco Nazionale Dolomiti Bellunesi e consigliere provinciale \u00e8 l\u2019ennesima perdita per la montagna bellunese. \u201c<em>Siamo tutti scossi \u2013 le parole del commissario provinciale della Lega, Franco Gidoni -. Sappiamo bene tutti quanto De Zordo si sia speso per il territorio tutto e, in particolare, per il suo amato Cadore. La montagna ha bisogno di persone cos\u00ec, animate da una forte passione, da grandi ideali. Da parte nostra un grande grazie per il tuo impegno, Guido<\/em>\u201d. La perdita ha profondamente scosso il primo cittadino di Cibiana, per il quale De Zordo \u00e8 stato una guida e al quale era legato da profondo affetto. \u201c<em>Ex sindaco di Cibiana, ex consigliere della Provincia di Belluno ed ex presidente del Parco, Guido De Zordo era una figura cardine di tutta quanta la politica bellunese. Si distingueva per la grande presenza istituzionale con la quale rappresentava tutti noi sia a livello nazionale che internazionale; una figura sapiente, illuminata e acculturata, che in tantissimi episodi ha rappresentato con la sua unica eleganza la nostra Cibiana. Come in occasione dell\u2019inaugurazione del Museo delle Nuvole di Reinhold Messner o quando accolse al Passo Cibiana la cancelliera tedesca Angela Merkel, in occasione di una visita proprio al museo. Per me era un amico, un mentore, mi aveva istruito e seguito durante la campagna elettorale e fino ad oggi sapevo che potevo sempre contare in un suo consiglio, anche durante questo difficile periodo recente. Sempre informato sulla politica e sull\u2019attualit\u00e0, i suoi suggerimenti erano maturi e razionali, mai si smetteva di imparare da una persona che \u00e8 stata maestro di mestiere e per me. Mancher\u00e0 tanto, a me e a tutti noi<\/em>\u201d.<\/p>\n<p><strong>BELLUNO <\/strong>\u00ab<em>Sto pensando a una persona cara, a una persona bella, a un amico, che ho avuto la fortuna di conoscere per quasi quarant&#8217;anni. Non sempre eravamo d&#8217;accordo su alcune problematiche del nostro territorio, ma la nostra reciproca stima non \u00e8 mai venuta meno. Quanti ricordi mi vengono in mente caro Guido, ricordi che mi accompagneranno per tutto il resto della mia vita<\/em>\u00bb. Oscar De Bona, presidente dell\u2019Associazione Bellunesi nel Mondo, vuole ricordare cos\u00ec la figura di<span class=\"gmail-Apple-converted-space\">\u00a0 <\/span>Guido De Zordo, venuto a mancare oggi all\u2019et\u00e0 di 75 anni. Ex sindaco del Comune di Cibiana di Cadore \u00e8 stato presidente del Parco Nazionale Dolomiti Bellunesi dal 2004 al 2010 e, per un ventennio, consigliere provinciale.<span class=\"gmail-Apple-converted-space\"> \u00a0<\/span>\u00ab<em>Militavamo in due campi politici opposti, ma tra noi c\u2019\u00e8 sempre garbo e rispetto. Ricordo quando ero presidente della Provincia di Belluno i suoi interventi di consigliere di opposizione. Interventi puntuali, precisi e costruttivi. Spiegava con cognizione di causa e argomentava la sua posizione. Era comunque disponibile a cambiare direzione di voto. Una persona splendida<\/em>\u00bb. De Bona lo ricorda anche come presidente del Parco Nazionale Dolomiti Bellunesi: \u00ab<em>Nella mia veste di assessore ai Flussi migratori ho realizzato assieme a Guido un progetto che ha portato una decina di giovani veneti in Sud America, in Cile e Argentina, per siglare un rapporto di collaborazione tra il Parco Naturale di Omora e il Parco Nazionale Dolomiti Bellunesi. In quella spedizione era presente anche Guido e il nostro giovane direttore Marco Crepaz. \u00c8 stata un\u2019esperienza meravigliosa e ricordo i suoi interventi anche negli incontri svolti con le comunit\u00e0 veneta del Sud America<\/em>\u00bb. Guido De Zordo \u00e8 stato inoltre socio fondatore dell\u2019Associazione \u201cCasa d\u2019Europa\u201d e non bisogna dimenticare il suo ruolo fondamentale nel recupero del Monte Rite. \u00ab<em>Un grande abbraccio ai tuoi familiari e alla tua meravigliosa comunit\u00e0 di Cibiana e di tutto il Cadore. Ciao Guido, avremo modo come Abm di ricordarti<\/em>\u00bb.<\/p>\n<p>&nbsp;<\/p>\n<p>&nbsp;<\/p>\n<p>&nbsp;<\/p>\n<p>*****<\/p>\n","protected":false},"excerpt":{"rendered":"<p>ROMA \u201cLa scomparsa di Guido De Zordo \u00e8 l\u2019ennesima brutta perdita per la montagna bellunese. Da insegnante, sindaco, consigliere provinciale e presidente del Parco nazionale Dolomiti bellunesi ha sempre sostenuto le sue idee a favore del territorio che amava, il Cadore e la provincia di Belluno. Un pensiero ai suoi familiari\u201d. Cos\u00ec in una nota&hellip;<\/p>\n","protected":false},"author":4,"featured_media":271967,"comment_status":"closed","ping_status":"closed","sticky":false,"template":"","format":"standard","meta":{"_monsterinsights_skip_tracking":false,"_monsterinsights_sitenote_active":false,"_monsterinsights_sitenote_note":"","_monsterinsights_sitenote_category":0,"footnotes":""},"categories":[51,49],"tags":[],"class_list":["post-271966","post","type-post","status-publish","format-standard","has-post-thumbnail","hentry","category-evidenza-top","category-news-18","category-51","category-49","description-off"],"img_url":"https:\/\/www.radiopiu.net\/wordpress\/wp-content\/uploads\/2022\/04\/ab31482b-c451-4c7e-a613-34803257e235.jpg","_links":{"self":[{"href":"https:\/\/www.radiopiu.net\/wordpress\/wp-json\/wp\/v2\/posts\/271966","targetHints":{"allow":["GET"]}}],"collection":[{"href":"https:\/\/www.radiopiu.net\/wordpress\/wp-json\/wp\/v2\/posts"}],"about":[{"href":"https:\/\/www.radiopiu.net\/wordpress\/wp-json\/wp\/v2\/types\/post"}],"author":[{"embeddable":true,"href":"https:\/\/www.radiopiu.net\/wordpress\/wp-json\/wp\/v2\/users\/4"}],"replies":[{"embeddable":true,"href":"https:\/\/www.radiopiu.net\/wordpress\/wp-json\/wp\/v2\/comments?post=271966"}],"version-history":[{"count":0,"href":"https:\/\/www.radiopiu.net\/wordpress\/wp-json\/wp\/v2\/posts\/271966\/revisions"}],"wp:featuredmedia":[{"embeddable":true,"href":"https:\/\/www.radiopiu.net\/wordpress\/wp-json\/wp\/v2\/media\/271967"}],"wp:attachment":[{"href":"https:\/\/www.radiopiu.net\/wordpress\/wp-json\/wp\/v2\/media?parent=271966"}],"wp:term":[{"taxonomy":"category","embeddable":true,"href":"https:\/\/www.radiopiu.net\/wordpress\/wp-json\/wp\/v2\/categories?post=271966"},{"taxonomy":"post_tag","embeddable":true,"href":"https:\/\/www.radiopiu.net\/wordpress\/wp-json\/wp\/v2\/tags?post=271966"}],"curies":[{"name":"wp","href":"https:\/\/api.w.org\/{rel}","templated":true}]}}