{"id":272276,"date":"2022-04-27T05:35:08","date_gmt":"2022-04-27T03:35:08","guid":{"rendered":"https:\/\/www.radiopiu.net\/wordpress\/?p=272276"},"modified":"2022-04-27T08:17:43","modified_gmt":"2022-04-27T06:17:43","slug":"giornale-radiopiu-27-aprile-2022-direttore-mirko-mezzacasa","status":"publish","type":"post","link":"https:\/\/www.radiopiu.net\/wordpress\/giornale-radiopiu-27-aprile-2022-direttore-mirko-mezzacasa\/","title":{"rendered":"GIORNALE RADIOPIU 27 APRILE 2022 DIRETTORE MIRKO MEZZACASA"},"content":{"rendered":"<h3 class=\"kvgmc6g5 cxmmr5t8 oygrvhab hcukyx3x c1et5uql\"><span style=\"color: #0000ff;\"><strong><a class=\"dt-pswp-item\" href=\"https:\/\/www.radiopiu.net\/wordpress\/wp-content\/uploads\/2022\/04\/e6601df8-6e10-4549-ba2c-1d2b278207b0.jpg\" data-dt-img-description=\"\" data-large_image_width=\"600\" data-large_image_height=\"800\"><img loading=\"lazy\" decoding=\"async\" class=\" wp-image-272552 alignleft\" src=\"https:\/\/www.radiopiu.net\/wordpress\/wp-content\/uploads\/2022\/04\/e6601df8-6e10-4549-ba2c-1d2b278207b0-150x150.jpg\" alt=\"\" width=\"168\" height=\"168\" \/><\/a>RADIO PIU INFORMAZIONE il canale su TELEGRAM informazione di prima\u00a0 <\/strong><\/span><span style=\"color: #0000ff;\"><strong>mano e in tempo reale. iscriviti ed aiutaci a farlo conoscere\u00a0<\/strong><\/span><\/h3>\n<p>&nbsp;<\/p>\n<p><strong>PRIMAVERA A PASSO FALZAREGO, IERI ALLE 7.55 &#8211; TELEGRAM, VIABILITA&#8217; PROVINCIA BELLUNO<\/strong><\/p>\n<p>&nbsp;<\/p>\n<p>&nbsp;<\/p>\n<hr \/>\n<blockquote>\n<h3>TAVOLO ISTITUZIONALE SU PROCESSO DI REINDUSTRIALIZZAZIONE DI IDEAL STANDARD DI BORGO VALBELLUNA. SOTTOSCRITTO PRELIMINARE DI VENDITA TRA IDEAL STANDARD E CORDATA INDUSTRIALE<\/h3>\n<\/blockquote>\n<p><strong><a class=\"dt-pswp-item\" href=\"https:\/\/www.radiopiu.net\/wordpress\/wp-content\/uploads\/2020\/05\/ideal-standard-orcenigo-scaled.jpg\" data-dt-img-description=\"\" data-large_image_width=\"2560\" data-large_image_height=\"1803\"><img loading=\"lazy\" decoding=\"async\" class=\" wp-image-138079 alignleft\" src=\"https:\/\/www.radiopiu.net\/wordpress\/wp-content\/uploads\/2020\/05\/ideal-standard-orcenigo-150x150.jpg\" alt=\"\" width=\"89\" height=\"89\" \/><\/a>VENEZIA <\/strong>Si \u00e8 tenuto venerd\u00ec scorso un nuovo incontro del tavolo istituzionale di monitoraggio relativo al percorso di reindustrializzazione del sito Ideal Standard di Borgo Valbelluna. All\u2019incontro, coordinato dall\u2019Unit\u00e0 di Crisi aziendali della Regione del Veneto, hanno partecipato i rappresentanti di Ideal Standard, l\u2019advisor Sernet spa, Confindustria Belluno, le organizzazioni sindacali FEMCA CISL, FILCTEM CGIL e UILTEC UIL, unitamente alle RSU, ai rappresentanti del MISE. Il tavolo di monitoraggio \u00e8 servito per fare il punto rispetto al percorso del processo di reindustrializzazione, condiviso tra le parti, con particolare riguardo allo stato di avanzamento del mandato conferito ad Ideal Standard di chiudere l\u2019accordo per la cessione dello stabilimento di Borgo Valbelluna e del marchio Ceramica Dolomite alla cordata composta da Banca Finint, Delfin s.a.r.l., Luigi Rossi Luciani S.a.pa. e gruppo Pro-gest. Nello specifico, il Tavolo istituzionale ha registrato che, positivamente, le Parti aziendali hanno sottoscritto l\u2019accordo preliminare di cessione di Ideal Standard, atto fondamentale per il trasferimento del sito produttivo alla cordata. La Regione del Veneto, assieme ai componenti del Tavolo istituzionale, continuer\u00e0 a monitorare il percorso al fine di raggiungere l\u2019obiettivo previsto di salvaguardia dei posti di lavoro e di continuit\u00e0 produttiva dello stabilimento di Borgo Valbelluna.<\/p>\n<p>&nbsp;<\/p>\n<h3>IL MINISTRO FEDERICO D&#8217;INCA&#8217;: &#8220;SIAMO FIDUCIOSI&#8221;<\/h3>\n<h3><a class=\"dt-pswp-item\" href=\"https:\/\/www.radiopiu.net\/wordpress\/wp-content\/uploads\/2020\/04\/FEDERICO-DINCA.png\" data-dt-img-description=\"\" data-large_image_width=\"1018\" data-large_image_height=\"1290\"><img loading=\"lazy\" decoding=\"async\" class=\" wp-image-132319 alignleft\" src=\"https:\/\/www.radiopiu.net\/wordpress\/wp-content\/uploads\/2020\/04\/FEDERICO-DINCA-150x150.png\" alt=\"\" width=\"105\" height=\"105\" \/><\/a><\/h3>\n<p><strong>ROMA <\/strong>\u201c<em>Il percorso sul futuro dello stabilimento di Trichiana prosegue con determinazione e la firma dell\u2019accordo preliminare \u00e8 un passo importantissimo per il rilancio della fabbrica, per la ceramica sanitaria e per il territorio bellunese<\/em>\u201d. A dichiararlo \u00e8 Federico D\u2019Inc\u00e0, Ministro per i Rapporti con il Parlamento in seguito all&#8217;accordo preliminare di vendita su Ideal Standard.\u00a0 \u201c<em>Grazie al lavoro svolto finora a livello istituzionale, assieme ai sindacati e alla cordata di imprenditori locali che hanno creduto nelle potenzialit\u00e0 di questa realt\u00e0, dobbiamo essere molto fiduciosi per gli ultimi passaggi che riguardano la trattativa. La solidit\u00e0 della nuova cordata imprenditoriale, a partire dal Cavalier Del Vecchio che ha dimostrato attenzione e interesse al progetto fin da quando l&#8217;ho incontrato negli ultimi mesi dello scorso anno, oltre a Banca Finint con il presidente Marchi e agli industriali che appartengono alla cordata \u2013 osserva il Ministro D\u2019Inc\u00e0<\/em> &#8211; <em>Mi auguro che in tempi brevi si possa ritornare al lavoro: un momento importante per i dipendenti dell\u2019azienda che si sono sempre distinti per l&#8217;alta professionalit\u00e0, difendendo con orgoglio il proprio stabilimento \u2013 aggiunge il Ministro per i rapporti con il Parlamento: &#8211; in questa complessa vicenda, abbiamo dato prova di volere credere nel bellunese, nelle sue capacit\u00e0 e nei valori di questo territorio. Continuer\u00f2 a seguire personalmente e con estrema attenzione gli ultimi passaggi dell&#8217;iter<\/em>&#8220;.<\/p>\n<p>&nbsp;<\/p>\n<p>&nbsp;<\/p>\n<p>&nbsp;<\/p>\n<hr \/>\n<p>&nbsp;<\/p>\n<blockquote>\n<h3>PERCHE&#8217; CHIUDE L&#8217;ISTITUTO SPERTI, LA LETTERA DEL VESCOVO ALLE STUDENTESSE OSPITI DELLA COMUNITA&#8217; DELLE SUORE<\/h3>\n<p><span style=\"color: #ff0000;\"><strong>Il Vescovo ha chiesto un incontro con i genitori,\u00a0 a Belluno il 9 maggio alle 18.<\/strong><\/span><\/p><\/blockquote>\n<p><strong>AI GENITORI DELLE STUDENTESSE OSPITI DELL&#8217;ISTITUTO SPERTI<\/strong><\/p>\n<p>Genitori carissimi,<\/p>\n<p><a class=\"dt-pswp-item\" href=\"https:\/\/www.radiopiu.net\/wordpress\/wp-content\/uploads\/2022\/04\/download-8.jpg\" data-dt-img-description=\"\" data-large_image_width=\"205\" data-large_image_height=\"246\"><img loading=\"lazy\" decoding=\"async\" class=\" wp-image-272378 alignleft\" src=\"https:\/\/www.radiopiu.net\/wordpress\/wp-content\/uploads\/2022\/04\/download-8-150x150.jpg\" alt=\"\" width=\"114\" height=\"114\" \/><\/a>vi giunge questa Iettera nei giorni della celebrazione della Pasqua. Innanzitutto formulo a voi e alla vostra famiglia un augurio cordiale. Il nostro sguardo assume anche la visione della fede e, dunque, rinnoviamo la nostra fiducia e la nostra speranza nel Cristo risorto. Desidero, inoltre, condividere alcuni pensieri con voi. Vi riguardano\u00a0 Direttamente poich\u00e9, nell&#8217;anno scolastico in corso, avete scelto che vostra figlia studentessa fosse ospite neII&#8217;lstituto Sperti con la presenza e l&#8217;accompagnamento della comunit\u00e0 delle suore della Carit\u00e0 delle SS. B. Capitanio e V. Gerosa, in particolare nella persona di sr Marianna a cui va tanto apprezzamento e profonda riconoscenza. In questi mesi, specialmente dall&#8217;inizio di gennaio, abbiamo attivato un serrato confronto fatto di dialogo e di \u201cipotesi di lavoro\u201d tra Istituzioni direttamente coinvolte con la proposta educativa del convitto dell&#8217;istituto Sperti. Un primo livello di confronto ha impegnato l&#8217;Opera San Martino che \u00e8 &#8211; per cos\u00ec dire &#8211; titolare delle iniziative che si svolgono allo Sperti, ma poi anche la Diocesi a cui l&#8217;opera fa riferimento, inoltre la Provincia d&#8217;Europa delle Suore di Carit\u00e0 nella persona della Madre responsabile. Successivamente c\u2018\u00e8 stata una consultazione anche a livello di Istituzioni amministrative locali. Il problema gradualmente ha manifestato aspetti di criticit\u00e0 di vario genere fino al punto di riconoscere una seria e improrogabile questione di sostenibilit\u00e0 anche della stessa iniziativa del convitto. Occorre considerare il fatto che la Provincia stessa delle Suore della Carit\u00e0 ha manifestato la rilevante difficolt\u00e0 a venire incontro alle esigenze di presenza educativa nel convitto stesso. Suor Mariann a \u00e8 nella necessit\u00e0 improrogabile di un avvicinamento alla propria famiglia, ma gi\u00e0 si sapeva che avrebbe concluso il suo mandato. Il fatto nuovo \u00e8 che la Provincia delle Suore non ha pi\u00f9 risorse umane per corrispondere all\u2019impegno di presenza e di accompagnamento che il nostro Convito richiede. La stessa Comunit\u00e0 delle Suore concluder\u00e0 la sua presenza qui allo Sperti. Evidentemente ci\u00f2 ci Iascia con un grande vuoto, in considerazione della preziosa testimonianza e servizio di vita consacrata svolti dalle suore finora nella nostra Diocesi. Abbiamo cercato di tagliare la situazione in modo tale da aprire delle possibilit\u00e0 per continuare l&#8217;esperienza del convitto, ma gradualmente sono emerse le implicanze educative e anche quelle gestionali relative soprattutto alle risorse umane da investire sul fronte delicatissimo del rapporto con delle adolescenti e delle giovani. In questo tempo di ricerca ci siamo anche attardati nel dare una comunicazione certa, poich\u00e9 abbiamo fondato pi\u00f9 possibilit\u00e0 che non ci sono risultate soddisfacenti al fine di garantire il servizio finora compiuto. Ci scusiamo tantissimo, ma comprendete anche che abbiamo cercato il possibile per dare continuit\u00e0 a esso. Ci appare troppo delicato questo accompagnamento educativo da non permetterci soluzioni di ripiego e neppure di impostare una gestione senza le dovute attenzioni e garanzie. <strong>Siamo neIl&#8217;imbarazzante decisione di chiudere il servizio con la fine di questo anno scolastico.<\/strong> Comprendiamo le difficolt\u00e0 che gravano su di voi, genitori e sulla vostra famiglia, ma ora sarebbe improvvido per l&#8217;Opera San Martino riuscire ad assicurare un servizio all&#8217;altezza delle adolescenti stesse. Certamente non da subito, ma con un ponderato discernimento \u00e8 da augurarsi che I\u2019attuale difficile situazione possa predisporci nel futuro a pensare e valutare in modo adeguato alle nuove esigenze di accompagnamento e di condivisione per adolescenti e giovani. Nei prossimi mesi penso ci possa essere l&#8217;opportunit\u00e0, eventualmente, di incontrarci, affidando questo impegno a sr Marianna che con voi ha saputo tenere un aperto e confidenziale rapporto. Rinnovo il mio augurio pasquale e porgo cordiali saluti<\/p>\n<p>il vescovo della Diocesi di Belluno e Feltre, Renato Marangoni<\/p>\n<p>&nbsp;<\/p>\n<p>&nbsp;<\/p>\n<blockquote>\n<h3>LA PROVINCIA PRENDE POSIZIONE SULLA CHIUSURA DELLO SPERTI, C&#8217;E&#8217; LA PROMESSA<\/h3>\n<\/blockquote>\n<p><strong><a class=\"dt-pswp-item\" href=\"https:\/\/www.radiopiu.net\/wordpress\/wp-content\/uploads\/2022\/04\/image.jpg\" data-dt-img-description=\"\" data-large_image_width=\"960\" data-large_image_height=\"540\"><img loading=\"lazy\" decoding=\"async\" class=\"size-thumbnail wp-image-272468 alignleft\" src=\"https:\/\/www.radiopiu.net\/wordpress\/wp-content\/uploads\/2022\/04\/image-150x150.jpg\" alt=\"\" width=\"150\" height=\"150\" \/><\/a>BELLUNO<\/strong>\u00a0 <em>\u00abIl convitto d\u2019area per le scuole superiori bellunesi \u00e8 un\u2019idea che stiamo portando avanti con convinzione. In questi giorni stiamo studiando tutte le possibilit\u00e0, anche per risolvere in tempi celeri alcune criticit\u00e0 che ci sono state presentate, a partire dalla chiusura dello Sperti di Belluno\u00bb.<\/em> Lo afferma la consigliera provinciale delegata all\u2019edilizia scolastica Lucia Da Rold, a margine della commissione consiliare plenaria del marted\u00ec mattina che ha affrontato proprio la questione dello Sperti. La struttura religiosa di via Feltre a Belluno chiuder\u00e0 al termine dell\u2019anno scolastico. <em>\u00abAbbiamo saputo della chiusura solo da pochissimo, ma ci siamo attivati per studiare possibili soluzioni\u00bb spiega la consigliera Da Rold. \u00abSiamo consapevoli dell\u2019importanza dei servizi assicurati negli anni dallo Sperti, in quanto consentono la mobilit\u00e0 degli studenti &#8211; in questo caso delle studentesse &#8211; all\u2019interno della provincia, garantendo una vera offerta formativa ampia. Senza servizi di ospitalit\u00e0, infatti, chi proviene da aree decentrate rischia di dover scegliere la scuola superiore pi\u00f9 vicina a casa, e non quella che offre il percorso di studi pi\u00f9 congeniale\u00bb. <\/em>In tal senso, la Provincia rilancia l\u2019idea del convitto d\u2019area, non inserito all\u2019interno di una scuola\u00a0 (come gi\u00e0 succede all\u2019agrario di Vellai, all\u2019alberghiero di Falcade, al Dolomieu di Longarone e al polo scolastico di Cortina), ma a servizio di un\u2019intera zona e quindi di pi\u00f9 istituti.\u00a0 <em>&#8220;Si tratta di un progetto che richieder\u00e0 tempo, mentre nell\u2019immediato ci concentriamo nella soluzione del problema relativo alla chiusura dello Sperti, in modo da individuare un servizio convittuale per la trentina di ragazze ospitate oggi nella struttura di via Feltre gi\u00e0 per il prossimo anno scolastico\u00bb<\/em>.conclude la Da Rold<\/p>\n<p><span style=\"color: #ff0000;\"><strong>DALLA RASSEGNA STAMPA DELLE 8, LUCIA DA ROLD<\/strong><\/span><\/p>\n<audio class=\"wp-audio-shortcode\" id=\"audio-272276-1\" preload=\"none\" style=\"width: 100%;\" controls=\"controls\"><source type=\"audio\/mpeg\" src=\"https:\/\/www.radiopiu.net\/wordpress\/wp-content\/uploads\/2022\/04\/LUCIA-DA-ROLD.mp3?_=1\" \/><a href=\"https:\/\/www.radiopiu.net\/wordpress\/wp-content\/uploads\/2022\/04\/LUCIA-DA-ROLD.mp3\">https:\/\/www.radiopiu.net\/wordpress\/wp-content\/uploads\/2022\/04\/LUCIA-DA-ROLD.mp3<\/a><\/audio>\n<p>&nbsp;<\/p>\n<p><strong>IERI ALLA RADIO<\/strong><\/p>\n<blockquote class=\"wp-embedded-content\" data-secret=\"Vztsqcue0q\"><p><a href=\"https:\/\/www.radiopiu.net\/wordpress\/convitto-sperti-servizi-cancellati-e-le-preoccupazioni-dei-genitori\/\">CONVITTO SPERTI, SERVIZI CANCELLATI E LE PREOCCUPAZIONI DEI GENITORI<\/a><\/p><\/blockquote>\n<p><iframe loading=\"lazy\" class=\"wp-embedded-content\" sandbox=\"allow-scripts\" security=\"restricted\" style=\"position: absolute; clip: rect(1px, 1px, 1px, 1px);\" title=\"&#8220;CONVITTO SPERTI, SERVIZI CANCELLATI E LE PREOCCUPAZIONI DEI GENITORI&#8221; &#8212; Radio Pi\u00f9\" src=\"https:\/\/www.radiopiu.net\/wordpress\/convitto-sperti-servizi-cancellati-e-le-preoccupazioni-dei-genitori\/embed\/#?secret=3BRWfQ1Geg#?secret=Vztsqcue0q\" data-secret=\"Vztsqcue0q\" width=\"600\" height=\"338\" frameborder=\"0\" marginwidth=\"0\" marginheight=\"0\" scrolling=\"no\"><\/iframe><\/p>\n<p>&nbsp;<\/p>\n<hr \/>\n<p>&nbsp;<\/p>\n<blockquote>\n<h3>IL SORPASSO DEL PULLMAN E LO SCHIANTO CONTRO LA CASA<\/h3>\n<\/blockquote>\n<p><strong>VALLADA<\/strong> Un sorpasso azzardato\u00a0 lungo la 346 del San Pellegrino, in localit\u00e0 Mas di Vallada. Dopo\u00a0 la manovra e la prima botta contro la parte anteriore del mezzo della Dolomitibus la paura del rientro,\u00a0 probabilmente per l&#8217;arrivo di un&#8217;auto dal senso opposto (da Falcade verso Cencenighe) e la Ford esce sulla destra lungo una scarpata,\u00a0 fermandosi parecchi metri dopo contro la porta e il muro di un&#8217;abitazione. E&#8217; la dinamica dell&#8217;incidente di ieri pomeriggio, attorno alle 17.30.\u00a0 A bordo della auto K.D.V, 21enne di Canale d&#8217;Agordo, dall&#8217;auto \u00e8 uscita da sola ma in preda al panico come facilmente intuibile e con una botta al volto anche per lo scoppio degli air bag, soccorsa dai volontari della Croce Verde Val Biois \u00e8 stata portata per accertamenti al pronto soccorso dell&#8217;ospedale di Agordo. I Carabinieri di Falcade e Agordo stanno ricostruendo la dinamica,\u00a0 anche sulla scorta di quanto riferito dall&#8217;autista del Pullman che ha visto l&#8217;auto cozzare sulla parte sinistra anteriore e poi declinare sulla destra, quindi dall&#8217;altra parte del mezzo per il trasporto pubblico, proseguendo fino al muro dell&#8217;abitazione. Anche chi era a bordo dell&#8217;autobus, di ritorno dal lavoro, ha temuto il peggio in considerazione della dinamica dell&#8217;incidente, una volta scesi\u00a0 hanno raggiunto Canale d&#8217;Agordo e Falcade con altri mezzi. I vigili del fuoco di Agordo hanno provveduto alla messa in sicurezza dell&#8217;auto e della viabilit\u00e0.<\/p>\n\n\t\t\t<style type='text\/css'>\n\t\t\t\t#gallery-1 {\n\t\t\t\t\tmargin: auto;\n\t\t\t\t}\n\t\t\t\t#gallery-1 .gallery-item {\n\t\t\t\t\tfloat: left;\n\t\t\t\t\tmargin-top: 10px;\n\t\t\t\t\ttext-align: center;\n\t\t\t\t\twidth: 20%;\n\t\t\t\t}\n\t\t\t\t#gallery-1 img {\n\t\t\t\t\tborder: 2px solid #cfcfcf;\n\t\t\t\t}\n\t\t\t\t#gallery-1 .gallery-caption {\n\t\t\t\t\tmargin-left: 0;\n\t\t\t\t}\n\t\t\t\t\/* see gallery_shortcode() in wp-includes\/media.php *\/\n\t\t\t<\/style>\n\t\t<div id='gallery-1' class='dt-gallery-container gallery galleryid-272276 gallery-columns-5 gallery-size-thumbnail'><dl class='gallery-item'>\n\t\t\t\t<dt class='gallery-icon portrait'>\n\t\t\t\t\t<a class=\"rollover rollover-zoom dt-pswp-item\" title=\"7dfee033-2db0-4b57-af3b-6bf49a82eb6b\" data-dt-img-description=\"\" data-large_image_width=\"899\" data-large_image_height=\"1599\"href='https:\/\/www.radiopiu.net\/wordpress\/wp-content\/uploads\/2022\/04\/7dfee033-2db0-4b57-af3b-6bf49a82eb6b.jpg'><img loading=\"lazy\" decoding=\"async\" width=\"150\" height=\"150\" src=\"https:\/\/www.radiopiu.net\/wordpress\/wp-content\/uploads\/2022\/04\/7dfee033-2db0-4b57-af3b-6bf49a82eb6b-150x150.jpg\" class=\"attachment-thumbnail size-thumbnail\" alt=\"\" \/><\/a>\n\t\t\t\t<\/dt><\/dl><dl class='gallery-item'>\n\t\t\t\t<dt class='gallery-icon landscape'>\n\t\t\t\t\t<a class=\"rollover rollover-zoom dt-pswp-item\" title=\"86282b22-61d5-438e-be17-9f8adb38758d\" data-dt-img-description=\"\" data-large_image_width=\"1599\" data-large_image_height=\"899\"href='https:\/\/www.radiopiu.net\/wordpress\/wp-content\/uploads\/2022\/04\/86282b22-61d5-438e-be17-9f8adb38758d.jpg'><img loading=\"lazy\" decoding=\"async\" width=\"150\" height=\"150\" src=\"https:\/\/www.radiopiu.net\/wordpress\/wp-content\/uploads\/2022\/04\/86282b22-61d5-438e-be17-9f8adb38758d-150x150.jpg\" class=\"attachment-thumbnail size-thumbnail\" alt=\"\" \/><\/a>\n\t\t\t\t<\/dt><\/dl><dl class='gallery-item'>\n\t\t\t\t<dt class='gallery-icon landscape'>\n\t\t\t\t\t<a class=\"rollover rollover-zoom dt-pswp-item\" title=\"1babb56a-0e28-4116-af6c-a2fd6d92add9\" data-dt-img-description=\"\" data-large_image_width=\"1599\" data-large_image_height=\"899\"href='https:\/\/www.radiopiu.net\/wordpress\/wp-content\/uploads\/2022\/04\/1babb56a-0e28-4116-af6c-a2fd6d92add9.jpg'><img loading=\"lazy\" decoding=\"async\" width=\"150\" height=\"150\" src=\"https:\/\/www.radiopiu.net\/wordpress\/wp-content\/uploads\/2022\/04\/1babb56a-0e28-4116-af6c-a2fd6d92add9-150x150.jpg\" class=\"attachment-thumbnail size-thumbnail\" alt=\"\" \/><\/a>\n\t\t\t\t<\/dt><\/dl><dl class='gallery-item'>\n\t\t\t\t<dt class='gallery-icon landscape'>\n\t\t\t\t\t<a class=\"rollover rollover-zoom dt-pswp-item\" title=\"c38e3ed6-f42a-4c9e-a661-a9380e5c6219\" data-dt-img-description=\"\" data-large_image_width=\"1599\" data-large_image_height=\"899\"href='https:\/\/www.radiopiu.net\/wordpress\/wp-content\/uploads\/2022\/04\/c38e3ed6-f42a-4c9e-a661-a9380e5c6219.jpg'><img loading=\"lazy\" decoding=\"async\" width=\"150\" height=\"150\" src=\"https:\/\/www.radiopiu.net\/wordpress\/wp-content\/uploads\/2022\/04\/c38e3ed6-f42a-4c9e-a661-a9380e5c6219-150x150.jpg\" class=\"attachment-thumbnail size-thumbnail\" alt=\"\" \/><\/a>\n\t\t\t\t<\/dt><\/dl><dl class='gallery-item'>\n\t\t\t\t<dt class='gallery-icon landscape'>\n\t\t\t\t\t<a class=\"rollover rollover-zoom dt-pswp-item\" title=\"af85fc34-d747-4674-9446-b9b3ebaafed1\" data-dt-img-description=\"\" data-large_image_width=\"1599\" data-large_image_height=\"899\"href='https:\/\/www.radiopiu.net\/wordpress\/wp-content\/uploads\/2022\/04\/af85fc34-d747-4674-9446-b9b3ebaafed1.jpg'><img loading=\"lazy\" decoding=\"async\" width=\"150\" height=\"150\" src=\"https:\/\/www.radiopiu.net\/wordpress\/wp-content\/uploads\/2022\/04\/af85fc34-d747-4674-9446-b9b3ebaafed1-150x150.jpg\" class=\"attachment-thumbnail size-thumbnail\" alt=\"\" \/><\/a>\n\t\t\t\t<\/dt><\/dl><br style=\"clear: both\" \/><dl class='gallery-item'>\n\t\t\t\t<dt class='gallery-icon landscape'>\n\t\t\t\t\t<a class=\"rollover rollover-zoom dt-pswp-item\" title=\"8f150160-cf35-4085-b34c-8fede53ee8f7\" data-dt-img-description=\"\" data-large_image_width=\"1736\" data-large_image_height=\"1736\"href='https:\/\/www.radiopiu.net\/wordpress\/wp-content\/uploads\/2022\/04\/8f150160-cf35-4085-b34c-8fede53ee8f7.jpg'><img loading=\"lazy\" decoding=\"async\" width=\"150\" height=\"150\" src=\"https:\/\/www.radiopiu.net\/wordpress\/wp-content\/uploads\/2022\/04\/8f150160-cf35-4085-b34c-8fede53ee8f7-150x150.jpg\" class=\"attachment-thumbnail size-thumbnail\" alt=\"\" srcset=\"https:\/\/www.radiopiu.net\/wordpress\/wp-content\/uploads\/2022\/04\/8f150160-cf35-4085-b34c-8fede53ee8f7-150x150.jpg 150w, https:\/\/www.radiopiu.net\/wordpress\/wp-content\/uploads\/2022\/04\/8f150160-cf35-4085-b34c-8fede53ee8f7-300x300.jpg 300w, https:\/\/www.radiopiu.net\/wordpress\/wp-content\/uploads\/2022\/04\/8f150160-cf35-4085-b34c-8fede53ee8f7-1024x1024.jpg 1024w, https:\/\/www.radiopiu.net\/wordpress\/wp-content\/uploads\/2022\/04\/8f150160-cf35-4085-b34c-8fede53ee8f7-768x768.jpg 768w, https:\/\/www.radiopiu.net\/wordpress\/wp-content\/uploads\/2022\/04\/8f150160-cf35-4085-b34c-8fede53ee8f7-1536x1536.jpg 1536w, https:\/\/www.radiopiu.net\/wordpress\/wp-content\/uploads\/2022\/04\/8f150160-cf35-4085-b34c-8fede53ee8f7.jpg 1736w\" sizes=\"auto, (max-width: 150px) 100vw, 150px\" \/><\/a>\n\t\t\t\t<\/dt><\/dl><dl class='gallery-item'>\n\t\t\t\t<dt class='gallery-icon landscape'>\n\t\t\t\t\t<a class=\"rollover rollover-zoom dt-pswp-item\" title=\"9b377765-8765-4ac9-a7f5-422eaf079c73\" data-dt-img-description=\"\" data-large_image_width=\"1599\" data-large_image_height=\"899\"href='https:\/\/www.radiopiu.net\/wordpress\/wp-content\/uploads\/2022\/04\/9b377765-8765-4ac9-a7f5-422eaf079c73.jpg'><img loading=\"lazy\" decoding=\"async\" width=\"150\" height=\"150\" src=\"https:\/\/www.radiopiu.net\/wordpress\/wp-content\/uploads\/2022\/04\/9b377765-8765-4ac9-a7f5-422eaf079c73-150x150.jpg\" class=\"attachment-thumbnail size-thumbnail\" alt=\"\" \/><\/a>\n\t\t\t\t<\/dt><\/dl><dl class='gallery-item'>\n\t\t\t\t<dt class='gallery-icon landscape'>\n\t\t\t\t\t<a class=\"rollover rollover-zoom dt-pswp-item\" title=\"99e8e725-a8aa-4636-adb6-7860c75635ea\" data-dt-img-description=\"\" data-large_image_width=\"1600\" data-large_image_height=\"1196\"href='https:\/\/www.radiopiu.net\/wordpress\/wp-content\/uploads\/2022\/04\/99e8e725-a8aa-4636-adb6-7860c75635ea.jpg'><img loading=\"lazy\" decoding=\"async\" width=\"150\" height=\"150\" src=\"https:\/\/www.radiopiu.net\/wordpress\/wp-content\/uploads\/2022\/04\/99e8e725-a8aa-4636-adb6-7860c75635ea-150x150.jpg\" class=\"attachment-thumbnail size-thumbnail\" alt=\"\" \/><\/a>\n\t\t\t\t<\/dt><\/dl><dl class='gallery-item'>\n\t\t\t\t<dt class='gallery-icon landscape'>\n\t\t\t\t\t<a class=\"rollover rollover-zoom dt-pswp-item\" title=\"aa2f6534-4473-45c6-85fa-f10cdceba1ce\" data-dt-img-description=\"\" data-large_image_width=\"1599\" data-large_image_height=\"899\"href='https:\/\/www.radiopiu.net\/wordpress\/wp-content\/uploads\/2022\/04\/aa2f6534-4473-45c6-85fa-f10cdceba1ce.jpg'><img loading=\"lazy\" decoding=\"async\" width=\"150\" height=\"150\" src=\"https:\/\/www.radiopiu.net\/wordpress\/wp-content\/uploads\/2022\/04\/aa2f6534-4473-45c6-85fa-f10cdceba1ce-150x150.jpg\" class=\"attachment-thumbnail size-thumbnail\" alt=\"\" \/><\/a>\n\t\t\t\t<\/dt><\/dl><dl class='gallery-item'>\n\t\t\t\t<dt class='gallery-icon portrait'>\n\t\t\t\t\t<a class=\"rollover rollover-zoom dt-pswp-item\" title=\"d3b797da-a2e7-4d7b-9ec6-df89f209b8ff\" data-dt-img-description=\"\" data-large_image_width=\"900\" data-large_image_height=\"1600\"href='https:\/\/www.radiopiu.net\/wordpress\/wp-content\/uploads\/2022\/04\/d3b797da-a2e7-4d7b-9ec6-df89f209b8ff.jpg'><img loading=\"lazy\" decoding=\"async\" width=\"150\" height=\"150\" src=\"https:\/\/www.radiopiu.net\/wordpress\/wp-content\/uploads\/2022\/04\/d3b797da-a2e7-4d7b-9ec6-df89f209b8ff-150x150.jpg\" class=\"attachment-thumbnail size-thumbnail\" alt=\"\" \/><\/a>\n\t\t\t\t<\/dt><\/dl><br style=\"clear: both\" \/><dl class='gallery-item'>\n\t\t\t\t<dt class='gallery-icon landscape'>\n\t\t\t\t\t<a class=\"rollover rollover-zoom dt-pswp-item\" title=\"c2e2b61b-a33d-4d7a-9fce-a9cbf0d374e2\" data-dt-img-description=\"\" data-large_image_width=\"1599\" data-large_image_height=\"899\"href='https:\/\/www.radiopiu.net\/wordpress\/wp-content\/uploads\/2022\/04\/c2e2b61b-a33d-4d7a-9fce-a9cbf0d374e2.jpg'><img loading=\"lazy\" decoding=\"async\" width=\"150\" height=\"150\" src=\"https:\/\/www.radiopiu.net\/wordpress\/wp-content\/uploads\/2022\/04\/c2e2b61b-a33d-4d7a-9fce-a9cbf0d374e2-150x150.jpg\" class=\"attachment-thumbnail size-thumbnail\" alt=\"\" \/><\/a>\n\t\t\t\t<\/dt><\/dl><dl class='gallery-item'>\n\t\t\t\t<dt class='gallery-icon landscape'>\n\t\t\t\t\t<a class=\"rollover rollover-zoom dt-pswp-item\" title=\"d503113d-0e7a-4a02-a919-3e1b335374eb\" data-dt-img-description=\"\" data-large_image_width=\"1599\" data-large_image_height=\"899\"href='https:\/\/www.radiopiu.net\/wordpress\/wp-content\/uploads\/2022\/04\/d503113d-0e7a-4a02-a919-3e1b335374eb.jpg'><img loading=\"lazy\" decoding=\"async\" width=\"150\" height=\"150\" src=\"https:\/\/www.radiopiu.net\/wordpress\/wp-content\/uploads\/2022\/04\/d503113d-0e7a-4a02-a919-3e1b335374eb-150x150.jpg\" class=\"attachment-thumbnail size-thumbnail\" alt=\"\" \/><\/a>\n\t\t\t\t<\/dt><\/dl><dl class='gallery-item'>\n\t\t\t\t<dt class='gallery-icon landscape'>\n\t\t\t\t\t<a class=\"rollover rollover-zoom dt-pswp-item\" title=\"e461e1e1-c8ef-4638-9dbd-6f1d3fd04db2\" data-dt-img-description=\"\" data-large_image_width=\"1599\" data-large_image_height=\"899\"href='https:\/\/www.radiopiu.net\/wordpress\/wp-content\/uploads\/2022\/04\/e461e1e1-c8ef-4638-9dbd-6f1d3fd04db2.jpg'><img loading=\"lazy\" decoding=\"async\" width=\"150\" height=\"150\" src=\"https:\/\/www.radiopiu.net\/wordpress\/wp-content\/uploads\/2022\/04\/e461e1e1-c8ef-4638-9dbd-6f1d3fd04db2-150x150.jpg\" class=\"attachment-thumbnail size-thumbnail\" alt=\"\" \/><\/a>\n\t\t\t\t<\/dt><\/dl>\n\t\t\t\t<br style='clear: both' \/>\n\t\t\t<\/div>\n\n<p>&nbsp;<\/p>\n<p>&nbsp;<\/p>\n<hr \/>\n<p>&nbsp;<\/p>\n<blockquote>\n<h3>FUORI STRADA CON LA CITROEN: SE LA CAVA CON FERITE DI MEDIA GRAVITA&#8217;<\/h3>\n<\/blockquote>\n<p><strong><img loading=\"lazy\" decoding=\"async\" class=\"alignleft\" src=\"https:\/\/www.radiopiu.net\/wordpress\/wp-content\/uploads\/2022\/04\/AAAA-1.jpg\" width=\"104\" height=\"79\" \/>ALANO DI PIAVE<\/strong> Una donna di Quero, A.C. di 36 anni ieri alle 12.30 \u00e8 finita fuori strada in via Nazionale. Fortunatamente se l&#8217;\u00e8 cavata con un grande spavento ma nessuna ferita grave, comunque ha dovuto ricorrere alle cure dei sanitari del Santa Maria del Prato a Feltre. Era a bordo di una Citroen che ha perso aderenza con l&#8217;asfalto, probabilmente a causa di prodotti petroliferi presenti sull&#8217;asfalto da un&#8217;auto che la precedeva rimasta in panne sulla stessa strada.\u00a0 L&#8217;auto \u00e8 finita oltre la scarpata dopo aver urtato il guardrail asportandone alcuni metri. Sul posto i vigili del fuoco del distaccamento di Feltre e carabinieri.<\/p>\n<p>&nbsp;<\/p>\n<hr \/>\n<p>&nbsp;<\/p>\n<blockquote>\n<h3>INCIDENTE IN GALLERIA<\/h3>\n<\/blockquote>\n<p><strong>OSPITALE<\/strong>\u00a0 Ieri sera alle 18 una Suzuki Jimmy si \u00e8 capovolta nella galleria di Ospitale ed ha costretto le forze dell&#8217;ordine a chiudere la statale per oltre un&#8217;ora e mezza.\u00a0 Ferite lievi per il conducente, trasportato\u00a0 al pronto soccorso di Pieve di Cadore. Il traffico \u00e8 stato deviato sulla vecchia strada<\/p>\n<p>&nbsp;<\/p>\n<hr \/>\n<p>&nbsp;<\/p>\n<h3><strong>IL LUTTO\u00a0\u00a0<\/strong><\/h3>\n<p><a class=\"dt-pswp-item\" href=\"https:\/\/www.radiopiu.net\/wordpress\/wp-content\/uploads\/2022\/04\/aa-3.jpg\" data-dt-img-description=\"\" data-large_image_width=\"153\" data-large_image_height=\"199\"><img loading=\"lazy\" decoding=\"async\" class=\" wp-image-272545 alignleft\" src=\"https:\/\/www.radiopiu.net\/wordpress\/wp-content\/uploads\/2022\/04\/aa-3-150x150.jpg\" alt=\"\" width=\"124\" height=\"124\" \/><\/a><strong>FELTRE<\/strong> E&#8217; mancata a 95 anni a Fonzaso dove era in quiescenza da qualche tempo, Madre Maria Benacchio, 76 anni di vita religiosa, instancabile presenza, quando gi\u00e0 era pensionata da scuola, fra la strada e le case dove portava conforto, viveri e vestiario, il pi\u00f9 delle volte su iniziativa autonoma, cio\u00e8 senza concordare calendari e programmi con la Caritas con la quale comunque collaborava assiduamente. I funerali di Maria Benacchio saranno celebrati questa mattina alle 10.30 nella cattedrale di Feltre. Al termine della funzione si proseguir\u00e0 per la sepoltura al cimitero di Fonzaso.<\/p>\n<p>&nbsp;<\/p>\n<hr \/>\n<p>&nbsp;<\/p>\n<h3>L&#8217;ADDIO<\/h3>\n<p><strong>PEDAVENA \u00a0<\/strong>E&#8217; morto\u00a0 Mario Cecchet, 74 anni. L&#8217;amministrazione comunale di Pedavena lo ricorda\u00a0 evidenziandone il carattere gioviale e aperto.\u00a0 Come amministratore nei suoi dieci anni all&#8217;interno della giunta comunale, si era impegnato\u00a0 nelle attivit\u00e0 produttive, energie rinnovabili, ambiente e sicurezza. Un pensiero alla moglie Raffaella e alla famiglia tutta.<\/p>\n<p>&nbsp;<\/p>\n<hr \/>\n<p>&nbsp;<\/p>\n<blockquote>\n<h3>NELL&#8217;INCIDENTE MORI&#8217; L&#8217;AMICO, CHIEDE DI PATTEGGIARE DUE ANNI<\/h3>\n<\/blockquote>\n<p><strong>OGGI SUL CORRIERE DELLE ALPI\u00a0<\/strong><\/p>\n<p><strong><a class=\"dt-pswp-item\" href=\"https:\/\/www.radiopiu.net\/wordpress\/wp-content\/uploads\/2022\/04\/rrr-1.jpg\" data-dt-img-description=\"\" data-large_image_width=\"418\" data-large_image_height=\"292\"><img loading=\"lazy\" decoding=\"async\" class=\" wp-image-272548 alignleft\" src=\"https:\/\/www.radiopiu.net\/wordpress\/wp-content\/uploads\/2022\/04\/rrr-1-150x150.jpg\" alt=\"\" width=\"136\" height=\"136\" \/><\/a>BELLUNO<\/strong> Schianto su un platano con un morto e una ragazza ferita che ha perso una gamba. Mattia Vascellari ha chiesto di patteggiare due anni di reclusione per omicidio stradale e lesioni stradali gravissime. La richiesta \u00e8 stata presentata ieri mattina dall&#8217;avvocato padovano Massimo Malipiero. Udienza definitiva il 17 maggio. L&#8217;incidente \u00e8 delle 6.50 del mattino del primo settembre di tre anni fa, sulla statale 50.\u00a0 All&#8217;altezza della Rossa sono andati a finire contro un albero a bordo strada. Palazzolo era seduto al centro del sedile posteriore. Accanto a lui c&#8217;era Deborah De Col, all&#8217;epoca minorenne, che \u00e8 rimasta gravemente ferita: amputazione a una gamba e c&#8217;\u00e8 il pericolo che ci siano conseguenze anche sull&#8217;altra. \u00c8 gi\u00e0 stata sottoposta a una trentina di interventi chirurgici e il suo percorso sanitario non \u00e8 ancora finito, adesso che non vive pi\u00f9 a Belluno, ma a Bologna. Il suo avvocato Martino Fogliato sta per avviare una causa civile da oltre un milione di euro di risarcimento. In auto c&#8217;erano cinque persone, una in pi\u00f9 del consentito e l&#8217;esame alcolemico ha rilevato in Vascellari un tasso di positivit\u00e0 di 0,75, che \u00e8 al di sotto della soglia del penale.<\/p>\n<p>&nbsp;<\/p>\n<hr \/>\n<p>&nbsp;<\/p>\n<blockquote>\n<h3>IL PRESIDENTE DELLA REPUBBLICA SI COMPLIMENTA CON LE SCUOLE DI AGORDO<\/h3>\n<\/blockquote>\n<p><strong><a class=\"dt-pswp-item\" href=\"https:\/\/www.radiopiu.net\/wordpress\/wp-content\/uploads\/2022\/04\/ssss.jpg\" data-dt-img-description=\"\" data-large_image_width=\"357\" data-large_image_height=\"205\"><img loading=\"lazy\" decoding=\"async\" class=\"wp-image-272443 alignleft\" src=\"https:\/\/www.radiopiu.net\/wordpress\/wp-content\/uploads\/2022\/04\/ssss-300x172.jpg\" alt=\"\" width=\"378\" height=\"217\" srcset=\"https:\/\/www.radiopiu.net\/wordpress\/wp-content\/uploads\/2022\/04\/ssss-300x172.jpg 300w, https:\/\/www.radiopiu.net\/wordpress\/wp-content\/uploads\/2022\/04\/ssss.jpg 357w\" sizes=\"auto, (max-width: 378px) 100vw, 378px\" \/><\/a>AGORDO<\/strong> Una gradita sorpresa per il dirigente scolastico Giovanni Paolo Zanin, gli insegnanti delle scuole del capoluogo, gli alunni e l&#8217;assessore all&#8217;istruzione di Agordo Cristina Bien. Infatti, dal Quirinale \u00e8 arrivata la lettera di ringraziamento e di complimenti per l&#8217;iniziativa per la pace. Il Presidente della Repubblica Sergio Mattarella dell&#8217;evento \u00e8 stato informato a tempo debito con una mail inviata dall&#8217;assessore di Agordo<\/p>\n<blockquote><p><em>&#8220;Gentile Assessore\u00a0 Cristina Bien- si legge nella risposta &#8211; il Presidente della Repubblica ringrazia per averlo reso partecipe del suggestivo lavoro ispirato alla pace, svolto con estro e disciplina dagli studenti delle scuole Primarie e Secondarie di primo grado di Agordo, guidati dagli insegnanti e dal dirigente scolastico Zanin. Nell&#8217;esprimere vivo apprezzamento per i video e l&#8217;impegno profuso, il Presidente Mattarella, invia a tutti coloro che hanno collaborato gli auguri pi\u00f9 cordiali&#8221;.<\/em><\/p><\/blockquote>\n<p><em>Una curiosit\u00e0 che fa sorridere, nemmeno il Quirinale \u00e8 esente dai ritardi di Poste Italiane, infatti gli auguri sono riferiti al periodo pasquale perch\u00e9 la lettera da Roma \u00e8 partita lo scorso 11 aprile 2022 ed \u00e8 arrivata ad Agordo un paio di giorni fa&#8230;<\/em><\/p>\n<p>___<\/p>\n<p><strong>ARCHIVIO RADIO PIU<\/strong><\/p>\n<blockquote class=\"wp-embedded-content\" data-secret=\"kWTCr2HYu2\"><p><a href=\"https:\/\/www.radiopiu.net\/wordpress\/asp\/\">LE SCUOLE DI AGORDO &#8220;PER UN MONDO DI PACE&#8221; &#8211; VIDEO &#8211;<\/a><\/p><\/blockquote>\n<p><iframe loading=\"lazy\" class=\"wp-embedded-content\" sandbox=\"allow-scripts\" security=\"restricted\" style=\"position: absolute; clip: rect(1px, 1px, 1px, 1px);\" title=\"&#8220;LE SCUOLE DI AGORDO &#8220;PER UN MONDO DI PACE&#8221; &#8211; VIDEO &#8211;&#8221; &#8212; Radio Pi\u00f9\" src=\"https:\/\/www.radiopiu.net\/wordpress\/asp\/embed\/#?secret=RfrMbnJ4As#?secret=kWTCr2HYu2\" data-secret=\"kWTCr2HYu2\" width=\"600\" height=\"338\" frameborder=\"0\" marginwidth=\"0\" marginheight=\"0\" scrolling=\"no\"><\/iframe><\/p>\n<p>&nbsp;<\/p>\n<p>&nbsp;<\/p>\n<hr \/>\n<p>&nbsp;<\/p>\n<blockquote>\n<h3>PER 108 PERSONE OGNI GIORNO CON IL GAV I PASTI CALDI SONO ASSICURATI<\/h3>\n<\/blockquote>\n<p><strong>\u00a0<\/strong><strong>AGORDO<\/strong><\/p>\n<p><strong>DI GIANNI SANTOMASO<\/strong><\/p>\n<audio class=\"wp-audio-shortcode\" id=\"audio-272276-2\" preload=\"none\" style=\"width: 100%;\" controls=\"controls\"><source type=\"audio\/mpeg\" src=\"https:\/\/www.radiopiu.net\/wordpress\/wp-content\/uploads\/2022\/04\/gianni-pasti-caldi-gav.mp3?_=2\" \/><a href=\"https:\/\/www.radiopiu.net\/wordpress\/wp-content\/uploads\/2022\/04\/gianni-pasti-caldi-gav.mp3\">https:\/\/www.radiopiu.net\/wordpress\/wp-content\/uploads\/2022\/04\/gianni-pasti-caldi-gav.mp3<\/a><\/audio>\n<p><strong>FOTO SISTO DA ROIT e L&#8217;ASSEMBLEA DEL GAV<\/strong><\/p>\n\n\t\t\t<style type='text\/css'>\n\t\t\t\t#gallery-2 {\n\t\t\t\t\tmargin: auto;\n\t\t\t\t}\n\t\t\t\t#gallery-2 .gallery-item {\n\t\t\t\t\tfloat: left;\n\t\t\t\t\tmargin-top: 10px;\n\t\t\t\t\ttext-align: center;\n\t\t\t\t\twidth: 50%;\n\t\t\t\t}\n\t\t\t\t#gallery-2 img {\n\t\t\t\t\tborder: 2px solid #cfcfcf;\n\t\t\t\t}\n\t\t\t\t#gallery-2 .gallery-caption {\n\t\t\t\t\tmargin-left: 0;\n\t\t\t\t}\n\t\t\t\t\/* see gallery_shortcode() in wp-includes\/media.php *\/\n\t\t\t<\/style>\n\t\t<div id='gallery-2' class='dt-gallery-container gallery galleryid-272276 gallery-columns-2 gallery-size-medium'><dl class='gallery-item'>\n\t\t\t\t<dt class='gallery-icon landscape'>\n\t\t\t\t\t<a class=\"rollover rollover-zoom dt-pswp-item\" title=\"7dede021-dd00-4b6e-99a8-a2912717eb1e\" data-dt-img-description=\"\" data-large_image_width=\"1600\" data-large_image_height=\"1183\"href='https:\/\/www.radiopiu.net\/wordpress\/wp-content\/uploads\/2022\/04\/7dede021-dd00-4b6e-99a8-a2912717eb1e-1.jpg'><img loading=\"lazy\" decoding=\"async\" width=\"300\" height=\"222\" src=\"https:\/\/www.radiopiu.net\/wordpress\/wp-content\/uploads\/2022\/04\/7dede021-dd00-4b6e-99a8-a2912717eb1e-1-300x222.jpg\" class=\"attachment-medium size-medium\" alt=\"\" srcset=\"https:\/\/www.radiopiu.net\/wordpress\/wp-content\/uploads\/2022\/04\/7dede021-dd00-4b6e-99a8-a2912717eb1e-1-300x222.jpg 300w, https:\/\/www.radiopiu.net\/wordpress\/wp-content\/uploads\/2022\/04\/7dede021-dd00-4b6e-99a8-a2912717eb1e-1-1024x757.jpg 1024w, https:\/\/www.radiopiu.net\/wordpress\/wp-content\/uploads\/2022\/04\/7dede021-dd00-4b6e-99a8-a2912717eb1e-1-768x568.jpg 768w, https:\/\/www.radiopiu.net\/wordpress\/wp-content\/uploads\/2022\/04\/7dede021-dd00-4b6e-99a8-a2912717eb1e-1-1536x1136.jpg 1536w, https:\/\/www.radiopiu.net\/wordpress\/wp-content\/uploads\/2022\/04\/7dede021-dd00-4b6e-99a8-a2912717eb1e-1.jpg 1600w\" sizes=\"auto, (max-width: 300px) 100vw, 300px\" \/><\/a>\n\t\t\t\t<\/dt><\/dl><dl class='gallery-item'>\n\t\t\t\t<dt class='gallery-icon landscape'>\n\t\t\t\t\t<a class=\"rollover rollover-zoom dt-pswp-item\" title=\"download\" data-dt-img-description=\"\" data-large_image_width=\"300\" data-large_image_height=\"168\"href='https:\/\/www.radiopiu.net\/wordpress\/wp-content\/uploads\/2022\/04\/download-10.jpg'><img loading=\"lazy\" decoding=\"async\" width=\"300\" height=\"168\" src=\"https:\/\/www.radiopiu.net\/wordpress\/wp-content\/uploads\/2022\/04\/download-10.jpg\" class=\"attachment-medium size-medium\" alt=\"\" \/><\/a>\n\t\t\t\t<\/dt><\/dl><br style=\"clear: both\" \/>\n\t\t\t<\/div>\n\n<p>&nbsp;<\/p>\n<hr \/>\n<p>&nbsp;<\/p>\n<blockquote>\n<h3>ALLARGAMENTO DI VIA POLONI, LA MINORANZA MOTIVA L&#8217;ASTENSIONE<\/h3>\n<\/blockquote>\n<p><strong><img loading=\"lazy\" decoding=\"async\" class=\"alignleft\" src=\"https:\/\/www.radiopiu.net\/wordpress\/wp-content\/uploads\/2022\/04\/51fac066-71b1-40bf-832c-82c0caf0d0b1-1.jpg\" width=\"240\" height=\"135\" \/>AGORDO<\/strong> Nell&#8217;ultimo consiglio comunale a proposito dell&#8217;allargamento di via Piero Poloni (intersezione con la regionale 203 agordina in localit\u00e0 Pragrande) la minoranza Agordo Cambia si \u00e8 astenuta. Il punto in discussione riferito all&#8217;esproprio di un terreno privato.\u00a0 Secondo la minoranza la soluzione intrapresa porter\u00e0 ad una deleteria e costosa lungaggine burocratica e gli esempi non mancherebbero (vedi pista ciclabile a Ponte Alto ndr.).\u00a0 <em>&#8220;Ci siamo soffermati\u00a0 &#8211; afferma il gruppo di minoranza &#8211; su due aspetti:\u00a0 il pubblico interesse volto alla sicurezza pubblica e\u00a0 la \u201cinviolabilit\u00e0\u201d della propriet\u00e0 privata. Siamo consapevoli che la propriet\u00e0 privata avr\u00e0 un risarcimento consono al costo di mercato di un terreno fabbricabile, ma la stessa propriet\u00e0 ha espresso e formalizzato per vie legali, palese contrariet\u00e0 al riguardo, sulla quale noi concordiamo a seguito di una riflessione fatta relativamente alla citata normativa applicata, ma anche perch\u00e8 riteniamo che prima di procedere in tale direzione, <\/em><em>sia doveroso ricercare con i proprietari dei terreni un accordo bonario&#8221; <\/em>In definitiva Agordo Cambia propende per una soluzione \u201cpacifica\u201d, cio\u00e8\u00a0 un intervento nella parte\u00a0 finale\u00a0 della intersezione delle due strade, non lungo l&#8217;intera propriet\u00e0\u00a0 di 60 metri. <em>&#8220;Soluzione palesemente semplice ed efficace, che porter\u00e0 a risolvere in tempi brevi la problematica con risparmio di denaro pubblico; c\u2019\u00e8 la concreta possibilit\u00e0 di risparmiare buona <\/em><em>parte dei 98.000\u00a0 previsti, che potranno cos\u00ec essere impiegati in altri ed ulteriori interventi&#8221;.<\/em><\/p>\n<p><strong>ARCHIVIO RADIOPIU<\/strong><\/p>\n<blockquote class=\"wp-embedded-content\" data-secret=\"kFYmk0TyDD\"><p><a href=\"https:\/\/www.radiopiu.net\/wordpress\/intersezione-con-la-comunale-piero-poloni-progetti-ed-espropri\/\">INTERSEZIONE CON LA COMUNALE PIERO POLONI, PROGETTI ED ESPROPRI<\/a><\/p><\/blockquote>\n<p><iframe loading=\"lazy\" class=\"wp-embedded-content\" sandbox=\"allow-scripts\" security=\"restricted\" style=\"position: absolute; clip: rect(1px, 1px, 1px, 1px);\" title=\"&#8220;INTERSEZIONE CON LA COMUNALE PIERO POLONI, PROGETTI ED ESPROPRI&#8221; &#8212; Radio Pi\u00f9\" src=\"https:\/\/www.radiopiu.net\/wordpress\/intersezione-con-la-comunale-piero-poloni-progetti-ed-espropri\/embed\/#?secret=nEROgUxVjt#?secret=kFYmk0TyDD\" data-secret=\"kFYmk0TyDD\" width=\"600\" height=\"338\" frameborder=\"0\" marginwidth=\"0\" marginheight=\"0\" scrolling=\"no\"><\/iframe><\/p>\n<p>&nbsp;<\/p>\n<hr \/>\n<p>&nbsp;<\/p>\n<blockquote>\n<h3>DOPO 10 ANNI L&#8217;ULTIMO DI MASSARO, MAI BANALE ANCHE SE CON UNA MAGGIORANZA SPACCATA IN DUE<\/h3>\n<\/blockquote>\n<p><strong><img loading=\"lazy\" decoding=\"async\" class=\"alignleft\" src=\"https:\/\/www.radiopiu.net\/wordpress\/wp-content\/uploads\/2020\/03\/Minuto-silenzio-Coronavirus-Massaro-2-scaled.jpg\" width=\"167\" height=\"111\" \/>BELLUNO<\/strong><\/p>\n<p><strong>di\u00a0 MORENO GIOLI<\/strong><\/p>\n<audio class=\"wp-audio-shortcode\" id=\"audio-272276-3\" preload=\"none\" style=\"width: 100%;\" controls=\"controls\"><source type=\"audio\/mpeg\" src=\"https:\/\/www.radiopiu.net\/wordpress\/wp-content\/uploads\/2022\/04\/moreno.mp3?_=3\" \/><a href=\"https:\/\/www.radiopiu.net\/wordpress\/wp-content\/uploads\/2022\/04\/moreno.mp3\">https:\/\/www.radiopiu.net\/wordpress\/wp-content\/uploads\/2022\/04\/moreno.mp3<\/a><\/audio>\n<p>&nbsp;<\/p>\n<p><strong>L&#8217;AFFONDO DI FRANCO ROCCON\u00a0<\/strong><\/p>\n<p><strong>NECESSARIO UN COMMISSARIAMENTO DEL COMUNE DI BELLUNO<\/strong><\/p>\n<p><strong>\u00a0<\/strong><em>Le note vicende della presa di posizione e la contrariet\u00e0 a sostenere le proposte della Giunta e del Sindaco di uno dei tre dei gruppi di maggioranza sulla riqualificazione di un\u2019area commerciale in zona Baldenich e le dichiarazioni della vice sindaco Lucia Olivotto, nel corso della presentazione della sua Lista per la corsa alle elezioni comunali di giugno, evidenziano che questa amministrazione non ha pi\u00f9 una maggioranza. Se non c\u2019\u00e8 pi\u00f9 una maggioranza si abbia il coraggio d\u2019interrompere questa agonia per la citt\u00e0, anche se mancano meno di due mesi alle elezion. Capiamo benissimo che avete ancora alcune passerelle elettorali da fare ma, abbiate il coraggio e la decenza di presentare immediate dimissioni se proprio volete essere la discontinuit\u00e0, riconoscendo il fallimento dell\u2019attuale amministrazione, mandando anticipatamente tutti a casa, Sindaco, Giunta e Consiglio e, nel pieno rispetto degli elettori, commissariare il Comune.<\/em><\/p>\n<p>&nbsp;<\/p>\n<p>&nbsp;<\/p>\n<hr \/>\n<p>&nbsp;<\/p>\n<p>&nbsp;<\/p>\n<blockquote>\n<h3>&#8220;LA BELLEZZA DELL&#8217;IMPEGNO&#8221;, IL CONCORSO DELL&#8217;ISTITUTO COMPRENSIVO DI CENCENIGHE<\/h3>\n<\/blockquote>\n<p><strong><a class=\"dt-pswp-item\" href=\"https:\/\/www.radiopiu.net\/wordpress\/wp-content\/uploads\/2022\/04\/b79d57f1-77f0-4344-a99c-404f9fcd52cc.jpg\" data-dt-img-description=\"\" data-large_image_width=\"2000\" data-large_image_height=\"1500\"><img loading=\"lazy\" decoding=\"async\" class=\" wp-image-272263 alignleft\" src=\"https:\/\/www.radiopiu.net\/wordpress\/wp-content\/uploads\/2022\/04\/b79d57f1-77f0-4344-a99c-404f9fcd52cc-150x150.jpg\" alt=\"\" width=\"102\" height=\"102\" \/><\/a>CENCENIGHE<\/strong><\/p>\n<p>di Gianni Santomaso<\/p>\n<audio class=\"wp-audio-shortcode\" id=\"audio-272276-4\" preload=\"none\" style=\"width: 100%;\" controls=\"controls\"><source type=\"audio\/mpeg\" src=\"https:\/\/www.radiopiu.net\/wordpress\/wp-content\/uploads\/2022\/04\/GIANNI-LA-BELLEZZA-DELLIMPEGNO.mp3?_=4\" \/><a href=\"https:\/\/www.radiopiu.net\/wordpress\/wp-content\/uploads\/2022\/04\/GIANNI-LA-BELLEZZA-DELLIMPEGNO.mp3\">https:\/\/www.radiopiu.net\/wordpress\/wp-content\/uploads\/2022\/04\/GIANNI-LA-BELLEZZA-DELLIMPEGNO.mp3<\/a><\/audio>\n<p>&nbsp;<\/p>\n<p>&nbsp;<\/p>\n<hr \/>\n<p>&nbsp;<\/p>\n<blockquote>\n<h3>DILLO A RADIO PIU&#8217;, CORTINA PIU&#8217; VICINA? PRIMA BISOGNA ARRIVARE A BELLUNO<\/h3>\n<\/blockquote>\n<p><strong>Riceviamo e volentieri pubblichiamo. Da Milano Centrale a Belluno 2 cambi, 5 ore e 22 minuti<\/strong><\/p>\n<p><strong><a class=\"dt-pswp-item\" href=\"https:\/\/www.radiopiu.net\/wordpress\/wp-content\/uploads\/2022\/04\/image.png\" data-dt-img-description=\"\" data-large_image_width=\"1016\" data-large_image_height=\"571\"><img loading=\"lazy\" decoding=\"async\" class=\"alignleft wp-image-272520 size-full\" src=\"https:\/\/www.radiopiu.net\/wordpress\/wp-content\/uploads\/2022\/04\/image.png\" alt=\"\" width=\"1016\" height=\"571\" srcset=\"https:\/\/www.radiopiu.net\/wordpress\/wp-content\/uploads\/2022\/04\/image.png 1016w, https:\/\/www.radiopiu.net\/wordpress\/wp-content\/uploads\/2022\/04\/image-300x169.png 300w, https:\/\/www.radiopiu.net\/wordpress\/wp-content\/uploads\/2022\/04\/image-768x432.png 768w\" sizes=\"auto, (max-width: 1016px) 100vw, 1016px\" \/><\/a><\/strong><\/p>\n<p><strong>REDAZIONE\u00a0<\/strong> Troppe volte si parla di Cortina alla quale per una scusa o per un\u2019altra (giustificata e non), Olimpiadi comprese,\u00a0 si continuano a stanziare euro a iosa.\u00a0 Ma ci rendiamo conto che, solo per arrivare a Belluno in treno \u00e8 veramente un esodo biblico? In fin dei conti \u00e8 capoluogo di provincia e fulcro delle prossime Olimpiadi Milano-Cortina. E\u2019 mai possibile che per arrivare a Belluno da Milano adesso si impiegano minimo cinque ore,\u00a0 con minimo un cambio di treno? Una volta quando tutto era pi\u00f9 semplice salivi sulla \u201dFreccia delle Dolomiti\u201d capolinea Calalzo e arrivavi tranquillamente seduto in poco pi\u00f9 di quattro ore. Quanti di noi se la ricordano, con nostalgia.\u00a0 Oltretutto i pendolari della \u201csettimana\u201d erano agevolati e le famiglie con bagaglio arrivavano tranquillamente nei luoghi di villeggiatura o di origine. In programma nel breve la viabilit\u00e0 stradale e ferroviaria per Cortina. Si certo, ma intanto incominciamo ad arrivare a Belluno dignitosamente.<\/p>\n<p><strong>Guido<\/strong><\/p>\n<p>&nbsp;<\/p>\n<p>&nbsp;<\/p>\n<hr \/>\n<p>&nbsp;<\/p>\n<blockquote>\n<h3>LA MAPPA DEI CONTAGI, 6 COMUNI DA SETTE GIORNI SENZA CONTAGI. SEI I DECESSI<\/h3>\n<\/blockquote>\n<p><strong><a class=\"dt-pswp-item\" href=\"https:\/\/www.radiopiu.net\/wordpress\/wp-content\/uploads\/2022\/04\/bbbb-1.jpg\" data-dt-img-description=\"\" data-large_image_width=\"650\" data-large_image_height=\"656\"><img loading=\"lazy\" decoding=\"async\" class=\"wp-image-272488 alignleft\" src=\"https:\/\/www.radiopiu.net\/wordpress\/wp-content\/uploads\/2022\/04\/bbbb-1-297x300.jpg\" alt=\"\" width=\"374\" height=\"378\" srcset=\"https:\/\/www.radiopiu.net\/wordpress\/wp-content\/uploads\/2022\/04\/bbbb-1-297x300.jpg 297w, https:\/\/www.radiopiu.net\/wordpress\/wp-content\/uploads\/2022\/04\/bbbb-1.jpg 650w\" sizes=\"auto, (max-width: 374px) 100vw, 374px\" \/><\/a>BELLUNO<\/strong> <strong>BELLUNO<\/strong> A differenza della scorsa settimana finalmente una diminuzione dei nuovi casi. Nel dettaglio, i nuovi casi rilevati nell\u2019ultima settimana sono 1.170 (-232 rispetto alla scorsa settimana), con un conseguente tasso di incidenza settimanale di 586 casi su 100 mila abitanti, in diminuzione rispetto alla settimana precedente e inferiore all&#8217;incidenza nazionale (710 su 100 mila abitanti). Nella mappa dei Comuni colorazione pi\u00f9 scura per\u00a0 quattro Comuni: Voltago, Vodo, Cibiana e\u00a0 Lorenzago, ma ci sono anche\u00a0 sei comuni che non hanno registrato nuovi casi (Ospitale, Val di Zoldo, Zoppe&#8217;, San Vito di Cadore e Danta e Voltago). Nella maggior parte dei territori nuovi contagi tra 500 e 1000 ogni 100 mila abitanti.\u00a0 I nuovi casi si collocano prevalentemente nelle fasce centrali 25-64 anni. Negli ultimi sette giorni 6 i decessi per covid 19\/04: deceduta una donna di anni 87 ricoverata presso Malattie Infettive di Belluno;\u00a0 21\/04: decedute una donna di anni 93 ricoverata presso la Pneumologia di Feltre e una donna di anni 80 ricoverata presso l\u2019Ospedale di Comunit\u00e0 di Feltre;\u00a0 24\/04: deceduti una donna di anni 94 ricoverata presso Malattie Infettive di Belluno e un uomo di anni 87 ricoverato presso la Pneumologia di Belluno. 25\/04: deceduta una donna di anni 94 ricoverata presso la Pneumologia di Belluno. Sono ricoverati 46 pazienti in area non critica, 19 negli ospedali di Comunit\u00e0, 0 in terapia intensiva<\/p>\n<p>Il grafico sotto riportato rappresenta l\u2019intero andamento epidemico covid dai primi di marzo 2020 ad oggi (media settimanale nuovi positivi). Nella settimana scorsa sono stati eseguiti dai team dell\u2019Ulss Dolomiti 7.458 tamponi (di cui 2.897 molecolari e 4.561 antigenici). A questi si aggiungono 4.520 tamponi antigenici eseguiti dalle Farmacie del territorio, 93 tamponi eseguiti dai Pediatri di Libera scelta e 141 tamponi eseguiti dai Medici di Medicina Generale. In media, ogni giorno vengono eseguiti circa 877 tamponi ogni 100 mila abitanti.<br \/>\n<a class=\"dt-pswp-item\" href=\"https:\/\/www.radiopiu.net\/wordpress\/wp-content\/uploads\/2022\/04\/aaa-12.jpg\" data-dt-img-description=\"\" data-large_image_width=\"622\" data-large_image_height=\"318\"><img loading=\"lazy\" decoding=\"async\" class=\"wp-image-272489 aligncenter\" src=\"https:\/\/www.radiopiu.net\/wordpress\/wp-content\/uploads\/2022\/04\/aaa-12.jpg\" alt=\"\" width=\"342\" height=\"175\" srcset=\"https:\/\/www.radiopiu.net\/wordpress\/wp-content\/uploads\/2022\/04\/aaa-12.jpg 622w, https:\/\/www.radiopiu.net\/wordpress\/wp-content\/uploads\/2022\/04\/aaa-12-300x153.jpg 300w\" sizes=\"auto, (max-width: 342px) 100vw, 342px\" \/><\/a><\/p>\n<p>&nbsp;<\/p>\n<p>&nbsp;<\/p>\n<hr \/>\n<p>&nbsp;<\/p>\n<blockquote class=\"wp-embedded-content\" data-secret=\"tCxdBwH60u\"><p><a href=\"https:\/\/www.radiopiu.net\/wordpress\/aggnazionaleaprile26\/\">CORONAVIRUS: AGGIORNAMENTO NAZIONALE 26 APRILE 2022<\/a><\/p><\/blockquote>\n<p><iframe loading=\"lazy\" class=\"wp-embedded-content\" sandbox=\"allow-scripts\" security=\"restricted\" style=\"position: absolute; clip: rect(1px, 1px, 1px, 1px);\" title=\"&#8220;CORONAVIRUS: AGGIORNAMENTO NAZIONALE 26 APRILE 2022&#8221; &#8212; Radio Pi\u00f9\" src=\"https:\/\/www.radiopiu.net\/wordpress\/aggnazionaleaprile26\/embed\/#?secret=Xv85sb4OHJ#?secret=tCxdBwH60u\" data-secret=\"tCxdBwH60u\" width=\"600\" height=\"338\" frameborder=\"0\" marginwidth=\"0\" marginheight=\"0\" scrolling=\"no\"><\/iframe><\/p>\n<p>&nbsp;<\/p>\n<blockquote class=\"wp-embedded-content\" data-secret=\"6Scry8srHg\"><p><a href=\"https:\/\/www.radiopiu.net\/wordpress\/aggazzeroaprilea2666\/\">DUE MILA NUOVI POSITIVI E 4 DECESSI NELLE ULTIME 24 ORE IN VENETO. AUMENTANO I RICOVERI<\/a><\/p><\/blockquote>\n<p><iframe loading=\"lazy\" class=\"wp-embedded-content\" sandbox=\"allow-scripts\" security=\"restricted\" style=\"position: absolute; clip: rect(1px, 1px, 1px, 1px);\" title=\"&#8220;DUE MILA NUOVI POSITIVI E 4 DECESSI NELLE ULTIME 24 ORE IN VENETO. AUMENTANO I RICOVERI&#8221; &#8212; Radio Pi\u00f9\" src=\"https:\/\/www.radiopiu.net\/wordpress\/aggazzeroaprilea2666\/embed\/#?secret=TNHPORGhTf#?secret=6Scry8srHg\" data-secret=\"6Scry8srHg\" width=\"600\" height=\"338\" frameborder=\"0\" marginwidth=\"0\" marginheight=\"0\" scrolling=\"no\"><\/iframe><\/p>\n<p>&nbsp;<\/p>\n<p>&nbsp;<\/p>\n<h2 dir=\"auto\">I GRAFICI DI TIZIANO DE COL<\/h2>\n\n\t\t\t<style type='text\/css'>\n\t\t\t\t#gallery-3 {\n\t\t\t\t\tmargin: auto;\n\t\t\t\t}\n\t\t\t\t#gallery-3 .gallery-item {\n\t\t\t\t\tfloat: left;\n\t\t\t\t\tmargin-top: 10px;\n\t\t\t\t\ttext-align: center;\n\t\t\t\t\twidth: 33%;\n\t\t\t\t}\n\t\t\t\t#gallery-3 img {\n\t\t\t\t\tborder: 2px solid #cfcfcf;\n\t\t\t\t}\n\t\t\t\t#gallery-3 .gallery-caption {\n\t\t\t\t\tmargin-left: 0;\n\t\t\t\t}\n\t\t\t\t\/* see gallery_shortcode() in wp-includes\/media.php *\/\n\t\t\t<\/style>\n\t\t<div id='gallery-3' class='dt-gallery-container gallery galleryid-272276 gallery-columns-3 gallery-size-thumbnail'><dl class='gallery-item'>\n\t\t\t\t<dt class='gallery-icon landscape'>\n\t\t\t\t\t<a class=\"rollover rollover-zoom dt-pswp-item\" title=\"c6f5795c-b727-4ad4-80ac-767d90d20330\" data-dt-img-description=\"\" data-large_image_width=\"589\" data-large_image_height=\"366\"href='https:\/\/www.radiopiu.net\/wordpress\/wp-content\/uploads\/2022\/04\/c6f5795c-b727-4ad4-80ac-767d90d20330.jpg'><img loading=\"lazy\" decoding=\"async\" width=\"150\" height=\"150\" src=\"https:\/\/www.radiopiu.net\/wordpress\/wp-content\/uploads\/2022\/04\/c6f5795c-b727-4ad4-80ac-767d90d20330-150x150.jpg\" class=\"attachment-thumbnail size-thumbnail\" alt=\"\" \/><\/a>\n\t\t\t\t<\/dt><\/dl><dl class='gallery-item'>\n\t\t\t\t<dt class='gallery-icon landscape'>\n\t\t\t\t\t<a class=\"rollover rollover-zoom dt-pswp-item\" title=\"db37c7b8-ef5e-4485-a1a2-09aeca4bb3ae\" data-dt-img-description=\"\" data-large_image_width=\"596\" data-large_image_height=\"365\"href='https:\/\/www.radiopiu.net\/wordpress\/wp-content\/uploads\/2022\/04\/db37c7b8-ef5e-4485-a1a2-09aeca4bb3ae.jpg'><img loading=\"lazy\" decoding=\"async\" width=\"150\" height=\"150\" src=\"https:\/\/www.radiopiu.net\/wordpress\/wp-content\/uploads\/2022\/04\/db37c7b8-ef5e-4485-a1a2-09aeca4bb3ae-150x150.jpg\" class=\"attachment-thumbnail size-thumbnail\" alt=\"\" \/><\/a>\n\t\t\t\t<\/dt><\/dl><dl class='gallery-item'>\n\t\t\t\t<dt class='gallery-icon landscape'>\n\t\t\t\t\t<a class=\"rollover rollover-zoom dt-pswp-item\" title=\"cc904f43-c46a-4bf5-a687-144928f06805\" data-dt-img-description=\"\" data-large_image_width=\"618\" data-large_image_height=\"359\"href='https:\/\/www.radiopiu.net\/wordpress\/wp-content\/uploads\/2022\/04\/cc904f43-c46a-4bf5-a687-144928f06805.jpg'><img loading=\"lazy\" decoding=\"async\" width=\"150\" height=\"150\" src=\"https:\/\/www.radiopiu.net\/wordpress\/wp-content\/uploads\/2022\/04\/cc904f43-c46a-4bf5-a687-144928f06805-150x150.jpg\" class=\"attachment-thumbnail size-thumbnail\" alt=\"\" \/><\/a>\n\t\t\t\t<\/dt><\/dl><br style=\"clear: both\" \/><dl class='gallery-item'>\n\t\t\t\t<dt class='gallery-icon landscape'>\n\t\t\t\t\t<a class=\"rollover rollover-zoom dt-pswp-item\" title=\"7ca56582-25bd-438c-8530-b49472890f19\" data-dt-img-description=\"\" data-large_image_width=\"610\" data-large_image_height=\"359\"href='https:\/\/www.radiopiu.net\/wordpress\/wp-content\/uploads\/2022\/04\/7ca56582-25bd-438c-8530-b49472890f19.jpg'><img loading=\"lazy\" decoding=\"async\" width=\"150\" height=\"150\" src=\"https:\/\/www.radiopiu.net\/wordpress\/wp-content\/uploads\/2022\/04\/7ca56582-25bd-438c-8530-b49472890f19-150x150.jpg\" class=\"attachment-thumbnail size-thumbnail\" alt=\"\" \/><\/a>\n\t\t\t\t<\/dt><\/dl><dl class='gallery-item'>\n\t\t\t\t<dt class='gallery-icon landscape'>\n\t\t\t\t\t<a class=\"rollover rollover-zoom dt-pswp-item\" title=\"a570b8f7-3b8b-4346-a8f1-382778137d0e\" data-dt-img-description=\"\" data-large_image_width=\"616\" data-large_image_height=\"372\"href='https:\/\/www.radiopiu.net\/wordpress\/wp-content\/uploads\/2022\/04\/a570b8f7-3b8b-4346-a8f1-382778137d0e.jpg'><img loading=\"lazy\" decoding=\"async\" width=\"150\" height=\"150\" src=\"https:\/\/www.radiopiu.net\/wordpress\/wp-content\/uploads\/2022\/04\/a570b8f7-3b8b-4346-a8f1-382778137d0e-150x150.jpg\" class=\"attachment-thumbnail size-thumbnail\" alt=\"\" \/><\/a>\n\t\t\t\t<\/dt><\/dl><dl class='gallery-item'>\n\t\t\t\t<dt class='gallery-icon landscape'>\n\t\t\t\t\t<a class=\"rollover rollover-zoom dt-pswp-item\" title=\"e03eaacf-c4cd-48fa-b833-1cef68352f47\" data-dt-img-description=\"\" data-large_image_width=\"612\" data-large_image_height=\"357\"href='https:\/\/www.radiopiu.net\/wordpress\/wp-content\/uploads\/2022\/04\/e03eaacf-c4cd-48fa-b833-1cef68352f47.jpg'><img loading=\"lazy\" decoding=\"async\" width=\"150\" height=\"150\" src=\"https:\/\/www.radiopiu.net\/wordpress\/wp-content\/uploads\/2022\/04\/e03eaacf-c4cd-48fa-b833-1cef68352f47-150x150.jpg\" class=\"attachment-thumbnail size-thumbnail\" alt=\"\" \/><\/a>\n\t\t\t\t<\/dt><\/dl><br style=\"clear: both\" \/>\n\t\t\t<\/div>\n\n<p>&nbsp;<\/p>\n<hr \/>\n<p>&nbsp;<\/p>\n<h3>EPATITE BAMBINI. IN VENETO 7 CASI, 5 GIA\u2019 DIMESSI<\/h3>\n<p><a class=\"dt-pswp-item\" href=\"https:\/\/www.radiopiu.net\/wordpress\/wp-content\/uploads\/2022\/04\/download-9.jpg\" data-dt-img-description=\"\" data-large_image_width=\"299\" data-large_image_height=\"168\"><img loading=\"lazy\" decoding=\"async\" class=\" wp-image-272439 alignleft\" src=\"https:\/\/www.radiopiu.net\/wordpress\/wp-content\/uploads\/2022\/04\/download-9-150x150.jpg\" alt=\"\" width=\"68\" height=\"68\" \/><\/a><strong>VENEZIA<\/strong> Sono in tutto sette i casi di epatite acuta pediatrica registrati in Veneto e trasmessi dalla Regione al Ministero della Salute. Di questi, cinque piccoli pazienti sono gi\u00e0 stati dimessi, due sono ancora ricoverati.<\/p>\n<p><a class=\"dt-pswp-item\" href=\"https:\/\/www.radiopiu.net\/wordpress\/wp-content\/uploads\/2022\/04\/EEE.jpg\" data-dt-img-description=\"\" data-large_image_width=\"549\" data-large_image_height=\"267\"><img loading=\"lazy\" decoding=\"async\" class=\"wp-image-272556 size-full aligncenter\" src=\"https:\/\/www.radiopiu.net\/wordpress\/wp-content\/uploads\/2022\/04\/EEE.jpg\" alt=\"\" width=\"549\" height=\"267\" srcset=\"https:\/\/www.radiopiu.net\/wordpress\/wp-content\/uploads\/2022\/04\/EEE.jpg 549w, https:\/\/www.radiopiu.net\/wordpress\/wp-content\/uploads\/2022\/04\/EEE-300x146.jpg 300w\" sizes=\"auto, (max-width: 549px) 100vw, 549px\" \/><\/a><\/p>\n<h3>dal giornale radio nazionale delle sette del mattino<\/h3>\n<audio class=\"wp-audio-shortcode\" id=\"audio-272276-5\" preload=\"none\" style=\"width: 100%;\" controls=\"controls\"><source type=\"audio\/mpeg\" src=\"https:\/\/www.radiopiu.net\/wordpress\/wp-content\/uploads\/2022\/04\/epatove.mp3?_=5\" \/><a href=\"https:\/\/www.radiopiu.net\/wordpress\/wp-content\/uploads\/2022\/04\/epatove.mp3\">https:\/\/www.radiopiu.net\/wordpress\/wp-content\/uploads\/2022\/04\/epatove.mp3<\/a><\/audio>\n<p>&nbsp;<\/p>\n<p>&nbsp;<\/p>\n<hr \/>\n<blockquote>\n<h3><\/h3>\n<h3>OBBLIGO VACCINALE, INDICAZIONI<\/h3>\n<\/blockquote>\n<p><a class=\"dt-pswp-item\" href=\"https:\/\/www.radiopiu.net\/wordpress\/wp-content\/uploads\/2022\/04\/download-6.jpg\" data-dt-img-description=\"\" data-large_image_width=\"300\" data-large_image_height=\"168\"><img loading=\"lazy\" decoding=\"async\" class=\"wp-image-271812 alignleft\" src=\"https:\/\/www.radiopiu.net\/wordpress\/wp-content\/uploads\/2022\/04\/download-6-150x150.jpg\" alt=\"\" width=\"74\" height=\"74\" \/><\/a>Il Ministero della Salute sta inviando le comunicazioni di avvio del procedimento sanzionatorio per l&#8217;inosservanza dell&#8217;obbligo vaccinale. Entro il termine perentorio di dieci giorni dalla data di ricezione della comunicazione, il cittadino potr\u00e0 inviare comunicazione all&#8217;Ulss dell&#8217;eventuale certificazione relativa al differimento o all&#8217;esenzione dell&#8217;obbligo vaccinale dandone notizia anche\u00a0 all&#8217;Agenzia delle entrate<\/p>\n<p>&nbsp;<\/p>\n<hr \/>\n<p>&nbsp;<\/p>\n<blockquote>\n<h3>AGGIORNAMENTO VACCINALE ANTI COVID<\/h3>\n<\/blockquote>\n<p><strong>BELLUNO<\/strong> \u00a0Totale dosi somministrate: 448.648,\u00a0 \u00a085,3% \u2013 164.804 persone vaccinate con primo ciclo over 5,\u00a0 \u00a084,4% &#8211; 163.116 persone con ciclo completo over 5<br \/>\n28.717 persone ancora da vaccinare over 5 anni (5.573 persone non vaccinate sono risultate positive negli ultimi 90 giorni), \u00a088,3% della popolazione totale eleggibile gi\u00e0 vaccinato con dose booster<\/p>\n<p>&nbsp;<\/p>\n<hr \/>\n<p>&nbsp;<\/p>\n<blockquote>\n<h3>NEL PRIMO TRIMESTRE 2022 IN VENETO GIA\u2019 RECUPERATE 130.873 PRESTAZIONI IN LISTA D\u2019ATTESA A CAUSA DEL COVID<\/h3>\n<\/blockquote>\n<p><strong><a class=\"dt-pswp-item\" href=\"https:\/\/www.radiopiu.net\/wordpress\/wp-content\/uploads\/2018\/06\/sanita.jpg\" data-dt-img-description=\"\" data-large_image_width=\"1280\" data-large_image_height=\"803\"><img loading=\"lazy\" decoding=\"async\" class=\" wp-image-51292 alignleft\" src=\"https:\/\/www.radiopiu.net\/wordpress\/wp-content\/uploads\/2018\/06\/sanita-150x150.jpg\" alt=\"\" width=\"83\" height=\"83\" \/><\/a>VENEZIA <\/strong>Sta dando risultati significativi la maxi operazione di abbattimento delle liste d\u2019attesa createsi a causa del Covid, attivata in tutte le sue strutture pubbliche (ospedali e ambulatori) dalla Regione Veneto che, nel primo trimestre del 2022, ha fatto registrare recuperi che vanno dal 46% degli screening, al 24% dell\u2019attivit\u00e0 ambulatoriale, al 22% dei ricoveri chirurgici, al 20% dell\u2019attivit\u00e0 ambulatoriale chirurgica. Lo testimonia il primo rapporto organico, realizzato dai tecnici della Sanit\u00e0 regionale, sui risultati ottenuti, che indicano in 130.873 le prestazioni gi\u00e0 recuperate nei quattro diversi ambiti d\u2019azione. Si partiva da un arretrato di 450.218 prestazioni nel primo trimestre del 2022.<\/p>\n<p>&nbsp;<\/p>\n<p>&nbsp;<\/p>\n<hr \/>\n<p>&nbsp;<\/p>\n<p>&nbsp;<\/p>\n<blockquote>\n<h3>DURANTE LA SETTIMANA IN ORE NOTTURNE CHIUDE LA A 27<\/h3>\n<\/blockquote>\n<p><strong><img loading=\"lazy\" decoding=\"async\" class=\"alignleft\" src=\"https:\/\/www.radiopiu.net\/wordpress\/wp-content\/uploads\/2019\/02\/558x312xcasello-autostrada-A27-dolomiti.jpg.pagespeed.ic_.AUYLIYSelj.jpg\" width=\"116\" height=\"65\" \/>BELLUNO<\/strong>\u00a0Ci risiamo, si prospetta un\u2019altra estate di passione. Sulla A27 Mestre-Belluno, saranno adottati dei provvedimenti di chiusura: dalle 22 di mercoled\u00ec 27 alle 5 di gioved\u00ec 28 aprile, sar\u00e0 chiuso il tratto compreso tra Fadalto , Santa Croce e Belluno, verso Belluno\/SS51 Alemagna. In alternativa, dopo l\u2019uscita obbligatoria alla stazione di Fadalto Lago di Santa Croce, si potr\u00e0 proseguire sulla SS51 Alemagna verso Belluno e rientrare sulla A27 allo svincolo di Belluno-Cadola. E, ancora, un\u2019altra chiusura dalle 22 di gioved\u00ec 28 alle 5 di venerd\u00ec 29 aprile,\u00a0 tra Belluno e Fadalto Lago di Santa Croce, verso Mestre. In alternativa, in questo caso, si potr\u00e0 entrare alla stazione di Fadalto Lago di Santa Croce, dopo aver percorso la SS51 Alemagna. Il disagio maggiore arriver\u00e0 con la chiusura della canna nord della galleria Monte Baldo, a Vittorio Veneto, per opere di messa in sicurezza, come quelle realizzate l\u2019estate scorsa nella canna sud: i lavori si svolgeranno solo nei giorni feriali. Il cantiere sar\u00e0 operativo 24 ore al giorno dalle 6 del luned\u00ec alle 22 del venerd\u00ec.<\/p>\n<p>&nbsp;<\/p>\n<hr \/>\n<p>&nbsp;<\/p>\n<blockquote>\n<h3>DUE SEMINARI PER CONTRASTARE LE DISCRIMINAZIONI DI GENERE<\/h3>\n<\/blockquote>\n<p><strong>BELLUNO<\/strong> Le discriminazioni e le molestie nei luoghi di lavoro\u201d. \u00c8 questo il titolo di una mini-rassegna di seminari organizzati dalla consigliera di parit\u00e0 della Provincia di Belluno Flavia Monego in collaborazione e sinergia con i sindacati (Cgil, Cisl e Uil).\u00a0 Due i seminari in programma. Il primo gioved\u00ec\u00a0 con l\u2019intervento di Davide Piol (vice presidente di Confindustria Belluno Dolomiti) e dell\u2019avvocata Sabrina Bellumat, che tratter\u00e0 il tema delle \u201cDiscriminazioni e molestie sul luogo di lavoro: strumenti di tutela e prevenzione\u201d. Il secondo seminario invece \u00e8 in programma gioved\u00ec 12 maggio con gli interventi di Cinzia Teodoro (ispettorato del lavoro) e Lucia Basso (esperta in contrattazione, politiche di genere e pari opportunit\u00e0) che spiegheranno il ruolo delle Rsu. Il Bellunese non \u00e8 esente dal problema della violenza di genere. <em>\u00abDa quando sono consigliera di parit\u00e0, mi sono occupata di casi che variano dalla discriminazione di genere, alla violenza fino allo stalking\u00bb spiega Flavia Monego. \u00abMi sono occupata anche di persone che si sono rivolte a me per discriminazione sull\u2019orientamento sessuale\u00bb. <\/em>L\u2019aumento dei casi \u00e8 rilevato anche dalla Uil. <em>\u00abNei primi quattro mesi del 2022 abbiamo gi\u00e0 registrato tre casi che si sono rivolti a noi &#8211; spiega Sonia Bridda (Coordinamento pari opportunit\u00e0 Uil) -. Si tratta di casi di violenza verbale su due ragazze e un ragazzo, bersagliati dal datore di lavoro. Tre casi in quattro mesi \u00e8 un dato importante da tenere sotto controllo\u00bb.<\/em>\u200b<\/p>\n<p><strong>PUNTO STAMPA CON FLAVIA MONEGO<\/strong><\/p>\n<audio class=\"wp-audio-shortcode\" id=\"audio-272276-6\" preload=\"none\" style=\"width: 100%;\" controls=\"controls\"><source type=\"audio\/mpeg\" src=\"https:\/\/www.radiopiu.net\/wordpress\/wp-content\/uploads\/2022\/04\/flavia.mp3?_=6\" \/><a href=\"https:\/\/www.radiopiu.net\/wordpress\/wp-content\/uploads\/2022\/04\/flavia.mp3\">https:\/\/www.radiopiu.net\/wordpress\/wp-content\/uploads\/2022\/04\/flavia.mp3<\/a><\/audio>\n<p>&nbsp;<\/p>\n<p>Da sinistra: Milena Cesca (Femca CISL), Alessia Salvador e Teresa Merotto (cisl), Sonia Bridda (Uil), Flavia Monego, Denise Casanova (filctem cgil), Stefano Bona (Fiom), Mauro De Carli (cgil)<\/p>\n<p><a class=\"dt-pswp-item\" href=\"https:\/\/www.radiopiu.net\/wordpress\/wp-content\/uploads\/2022\/04\/bb09b861-edc9-4b27-82ac-d92e6a20771e.jpg\" data-dt-img-description=\"\" data-large_image_width=\"1024\" data-large_image_height=\"768\"><img loading=\"lazy\" decoding=\"async\" class=\"wp-image-272455 aligncenter\" src=\"https:\/\/www.radiopiu.net\/wordpress\/wp-content\/uploads\/2022\/04\/bb09b861-edc9-4b27-82ac-d92e6a20771e.jpg\" alt=\"\" width=\"332\" height=\"249\" srcset=\"https:\/\/www.radiopiu.net\/wordpress\/wp-content\/uploads\/2022\/04\/bb09b861-edc9-4b27-82ac-d92e6a20771e.jpg 1024w, https:\/\/www.radiopiu.net\/wordpress\/wp-content\/uploads\/2022\/04\/bb09b861-edc9-4b27-82ac-d92e6a20771e-300x225.jpg 300w, https:\/\/www.radiopiu.net\/wordpress\/wp-content\/uploads\/2022\/04\/bb09b861-edc9-4b27-82ac-d92e6a20771e-768x576.jpg 768w\" sizes=\"auto, (max-width: 332px) 100vw, 332px\" \/><\/a><\/p>\n<p>&nbsp;<\/p>\n<hr \/>\n<p>&nbsp;<\/p>\n<blockquote>\n<h3>\u00a002 MAGGIO, SCIOPERO NAZIONALE VIGILANZA PRIVATA<\/h3>\n<\/blockquote>\n<p><strong><a class=\"dt-pswp-item\" href=\"https:\/\/www.radiopiu.net\/wordpress\/wp-content\/uploads\/2020\/12\/CGIL.jpg\" data-dt-img-description=\"\" data-large_image_width=\"512\" data-large_image_height=\"285\"><img loading=\"lazy\" decoding=\"async\" class=\" wp-image-180372 alignleft\" src=\"https:\/\/www.radiopiu.net\/wordpress\/wp-content\/uploads\/2020\/12\/CGIL-150x150.jpg\" alt=\"\" width=\"107\" height=\"107\" \/><\/a>BELLUNO<\/strong> L<span style=\"font-family: sans-serif; font-size: medium;\">o sciopero Nazionale del Settore Vigilanza Privata e Servizi di Sicurezza proclamato per il giorno 2 Maggio, con manifestazione Nazionale a Roma, Piazza Madonna del Loreto interessa <\/span><span style=\"font-family: sans-serif; font-size: medium;\">tutto il settore Guardie Giurate,\u00a0 e del comparto dei Servizi Fiduciari (guardie non armate). Doomani alle <\/span><span style=\"font-family: sans-serif; font-size: medium;\">\u00a011 presso la Sede Cigil di Belluno le tre rappresentanze sindacali (Cgil-Cisl e Uiil) e alcuni delegati Lavoratori del settore Vigilanza spiegheranno alla stampa i motivi della protesta.<\/span><\/p>\n<blockquote><p><em>100mila addetti da oltre 6 anni e mezzo senza il rinnovo del Contratto Nazionale scaduto. Stipendi insufficienti e la costante violazione delle norme di legge fanno il paio con la cronica carenza di tutele nel silenzio assordane delle Istituzioni. A Roma la mobilitazione nazionale, attesi migliaia di lavoratori da tutta Italia. Incroceranno nuovamente le braccia il prossimo 2 maggio i 100mila addetti della vigilanza privata e dei servizi di sicurezza in attesa da oltre 6 anni e mezzo del rinnovo del contratto nazionale scaduto nel 2015.<\/em><\/p><\/blockquote>\n<p>&nbsp;<\/p>\n<hr \/>\n<p>\u200b<\/p>\n<blockquote>\n<h3><strong>\u00a0<\/strong><\/h3>\n<h3><strong>SISTEMA DI RILEVAZIONE TARGHE E VIDEO SORVEGLIANZA, LA PRESENTAZIONE IN PREFETTURA\u00a0<\/strong><\/h3>\n<\/blockquote>\n<p><strong><a class=\"dt-pswp-item\" href=\"https:\/\/www.radiopiu.net\/wordpress\/wp-content\/uploads\/2022\/04\/ssss-1.jpg\" data-dt-img-description=\"\" data-large_image_width=\"206\" data-large_image_height=\"231\"><img loading=\"lazy\" decoding=\"async\" class=\"wp-image-272449 alignleft\" src=\"https:\/\/www.radiopiu.net\/wordpress\/wp-content\/uploads\/2022\/04\/ssss-1-150x150.jpg\" alt=\"\" width=\"70\" height=\"70\" \/><\/a>BELLUNO<\/strong> Sabato alle 10.30 in sala Giuseppe Zanardelli della Prefettura di Belluno sar\u00e0 presentato l&#8217;importante progetto che nasce sotto l&#8217;egida del consorzio Bim Piave. Sono previsti gli interventi del Prefetto<b> <\/b>Mariano Savastano,\u00a0 del sindaco di Belluno Jacopo Massaro,\u00a0 del Presidente della provincia\u00a0Roberto Padrin, del Presidente del Consorzio B.I.M. Piave di Belluno Marco Staunovo Polacco, di Dario Bond Presidente del Comitato paritetico Fondo Comuni di Confine e Gianpaolo Bottacin, Assessore Regionale all\u2019Ambiente, Clima e Protezione Civile. In chiusura le brevi relazioni di\u00a0 Ennio Vigne, Consigliere del Consorzio B.I.M. Piave di Belluno e Referente di Progetto,\u00a0 Giorgio Balzan, Direttore della Societ\u00e0 Informatica Territoriale Srl con le conclusioni di<b> <\/b>Nicola Molteni, Sottosegretario di Stato all\u2019Interno e Federico D\u2019Inc\u00e0, Ministro per i Rapporti con il Parlamento<\/p>\n<p>&nbsp;<\/p>\n<hr \/>\n<blockquote>\n<h3><\/h3>\n<h3>COLONNINE PER LA RICARICA DELLE AUTO ELETTRICHE: ATTIVATE A FELTRE TRE POSTAZIONI CON SEI PUNTI DI ALIMENTAZIONE IN CONVENZIONE CON ENEL<\/h3>\n<\/blockquote>\n<p><strong><a class=\"dt-pswp-item\" href=\"https:\/\/www.radiopiu.net\/wordpress\/wp-content\/uploads\/2022\/04\/Colonnina-ricarica-auto.jpg\" data-dt-img-description=\"\" data-large_image_width=\"1152\" data-large_image_height=\"2048\"><img loading=\"lazy\" decoding=\"async\" class=\" wp-image-272346 alignleft\" src=\"https:\/\/www.radiopiu.net\/wordpress\/wp-content\/uploads\/2022\/04\/Colonnina-ricarica-auto-150x150.jpg\" alt=\"\" width=\"97\" height=\"97\" \/><\/a>FELTRE\u00a0 <\/strong>Sono attive da alcuni giorni le tre nuove colonnine di ricarica per le auto elettriche realizzate da Enel in convenzione con il Comune di Feltre. Le tre postazioni sono dislocate una in via Adda, nel quartiere del Pasquer (nei pressi dell&#8217;area sportiva attrezzata), un&#8217;altra in corrispondenza dei parcheggi situati difronte alla Farmacia \u201cAll&#8217;Ospedale\u201d e una terza nel piazzale del Foro Boario. Ciascuna colonnina \u00e8 dotata di due punti di alimentazione da 15 Kw l\u2019uno in grado di ricaricare contemporaneamente altrettante autovetture. Comune di Feltre ed Enel stanno nel frattempo facendo alcune valutazioni in ordine alla collocazione pi\u00f9 opportuna di una ulteriore colonnina \u201cfast\u201d, ovvero a ricarica rapida &#8211; dotata di due prese da 75 Kw &#8211; che sar\u00e0 installata nelle prossime settimane.<\/p>\n<p>&nbsp;<\/p>\n<p>&nbsp;<\/p>\n<hr \/>\n<p>&nbsp;<\/p>\n<blockquote>\n<h3>40 ANNI DI CROCE VERDE VAL BIOIS, venerdi alle 15.10 e 20.30 lo speciale alla radio, ospite il Presidente della Croce Verde Stefano Murer.<\/h3>\n<\/blockquote>\n<p><strong>FALCADE<\/strong> Sabato alle 16 in via degli Artigiani la Croce Verde Val Biois festeggia i primi 40 anni di attivit\u00e0, nell&#8217;occasione sar\u00e0 inaugurata la nuova sede. Previsti gli interventi dei rappresentanti la Croce Verde, Soccorso Alpino, Amministrazione Comunale di Falcade, Onorevole Dario Bond Presidente Fondo Comuni Confinanti. Benedizione con Don Andrea Piccolin.<\/p>\n<p><a class=\"dt-pswp-item\" href=\"https:\/\/www.radiopiu.net\/wordpress\/?attachment_id=272457\" data-dt-img-description=\"\" data-large_image_width=\"231\" data-large_image_height=\"206\"><img loading=\"lazy\" decoding=\"async\" class=\"alignnone wp-image-272457 \" src=\"https:\/\/www.radiopiu.net\/wordpress\/wp-content\/uploads\/2022\/04\/aaa-11.jpg\" alt=\"\" width=\"191\" height=\"170\" \/><\/a><\/p>\n<p>&nbsp;<\/p>\n<hr \/>\n<blockquote>\n<h3><\/h3>\n<h3>RIPRENDONO A LIMANA I CONSUETI INCONTRI CON LE FRAZIONI<\/h3>\n<\/blockquote>\n<p><strong>LIMANA <\/strong>A distanza di tre anni dalle elezioni, l\u2019Amministrazione Comunale di Limana torna ad incontrare i cittadini in un ciclo di cinque serate che si terranno ogni marted\u00ec di maggio alle 20.30 in diversi punti del territorio. Questo il calendario degli appuntamenti: marted\u00ec 3 maggio si inizia al Ristorante Pizzeria <i>Parco di Limana<\/i> a Coi di Navasa; quindi si prosegue marted\u00ec 10 maggio al Ristorante Pizzeria <i>Da Salvatore 2 <\/i>a Cesa; marted\u00ec 17 maggio appuntamento presso il Ristorante <i>All\u2019Oasi <\/i>a Triches; quindi marted\u00ec 24 maggio ci si sposta al <i>Centro Natura e Cultura Al Vej\u00f2 <\/i>a Valmorel; si termina infine marted\u00ec 31 maggio presso il Municipio di Limana.<\/p>\n<p>&nbsp;<\/p>\n<p>&nbsp;<\/p>\n<hr \/>\n<p>&nbsp;<\/p>\n<blockquote>\n<h3><a class=\"dt-pswp-item\" href=\"https:\/\/www.radiopiu.net\/wordpress\/wp-content\/uploads\/2021\/07\/SALA-DON-TAMIS.png\" data-dt-img-description=\"\" data-large_image_width=\"1354\" data-large_image_height=\"920\"><img loading=\"lazy\" decoding=\"async\" class=\"wp-image-220859 alignleft\" src=\"https:\/\/www.radiopiu.net\/wordpress\/wp-content\/uploads\/2021\/07\/SALA-DON-TAMIS-150x150.png\" alt=\"\" width=\"82\" height=\"82\" \/><\/a>UNIONE MONTANA, CONSIGLIO IN PRESENZA. SI APPROVANO LE TARIFFE PER LA RACCOLTA DEI RIFIUTI<\/h3>\n<\/blockquote>\n<p><strong>AGORDO<\/strong> Domani alle 20 consiglio dell&#8217;Unione Montana in sala Don Tamis. L&#8217;ordine del giorno a firma del Presidente Michele Costa: servizio rifiuti, approvazione del piano economico finanziario e delle tariffe per il 2022. Aggiornamento dell&#8217;elenco delle strade silvo-pastorali<\/p>\n<p>&nbsp;<\/p>\n<hr \/>\n<p>&nbsp;<\/p>\n<blockquote>\n<h3><a class=\"dt-pswp-item\" href=\"https:\/\/www.radiopiu.net\/wordpress\/wp-content\/uploads\/2021\/11\/250px-ChiesaFalcade.jpg\" data-dt-img-description=\"\" data-large_image_width=\"250\" data-large_image_height=\"188\"><img loading=\"lazy\" decoding=\"async\" class=\"wp-image-240437 alignleft\" src=\"https:\/\/www.radiopiu.net\/wordpress\/wp-content\/uploads\/2021\/11\/250px-ChiesaFalcade-150x150.jpg\" alt=\"\" width=\"89\" height=\"89\" \/><\/a>COSTA CONVOCA I CONSIGLIERI IN MUNICIPIO<\/h3>\n<\/blockquote>\n<p><strong>FALCADE<\/strong> Oggi alle 18 consiglio comunale a Falcade, il sindaco Michele Costa porter\u00e0 all&#8217;approvazione sei argomenti: due variazioni al bilancio, l&#8217;approvazione della convenzione con il servizio idrico integrato (finanziamento pnrr), bilancio dell&#8217;Asca e\u00a0 mutamento di destinazione d&#8217;uso di terreni per l&#8217;installazione di nuovi apparati di telecomunicazione delle compagnie telefoniche.<\/p>\n<p>&nbsp;<\/p>\n<p>&nbsp;<\/p>\n<hr \/>\n<p>&nbsp;<\/p>\n<p>&nbsp;<\/p>\n<blockquote>\n<h3><a class=\"dt-pswp-item\" href=\"https:\/\/www.radiopiu.net\/wordpress\/wp-content\/uploads\/2021\/11\/81aa72cc-d66b-44fa-afd5-7103ae531a24.jpg\" data-dt-img-description=\"\" data-large_image_width=\"512\" data-large_image_height=\"376\"><img loading=\"lazy\" decoding=\"async\" class=\"wp-image-243762 alignleft\" src=\"https:\/\/www.radiopiu.net\/wordpress\/wp-content\/uploads\/2021\/11\/81aa72cc-d66b-44fa-afd5-7103ae531a24-150x150.jpg\" alt=\"\" width=\"84\" height=\"84\" \/><\/a>UN UNICO PUNTO NEL CONSIGLIO COMUNALE CONVOCATO DAL SINDACO\u00a0 MORENO DE VAL<\/h3>\n<\/blockquote>\n<p><strong>SAN TOMASO<\/strong> Domani alle 20 (in concomitanza con il consiglio dell&#8217;Unione Montana Agordina) consiglio comunale con un unico ma importante punto in discussione: l&#8217;approvazione del rendiconto della gestione per l&#8217;esercizio 2021.<\/p>\n<p>&nbsp;<\/p>\n<hr \/>\n<blockquote>\n<h3><\/h3>\n<h3><a class=\"dt-pswp-item\" href=\"https:\/\/www.radiopiu.net\/wordpress\/wp-content\/uploads\/2022\/03\/254026600_962124181039693_1306450083412456774_n.png\" data-dt-img-description=\"\" data-large_image_width=\"390\" data-large_image_height=\"300\"><img loading=\"lazy\" decoding=\"async\" class=\"wp-image-267555 alignleft\" src=\"https:\/\/www.radiopiu.net\/wordpress\/wp-content\/uploads\/2022\/03\/254026600_962124181039693_1306450083412456774_n-150x150.png\" alt=\"\" width=\"80\" height=\"80\" \/><\/a>VENERDI CONSIGLIO COMUNALE A SELVA DI CADORE <strong>\u00a0<\/strong><\/h3>\n<\/blockquote>\n<p><strong>SELVA DI CADORE<\/strong> Il sindaco Luca Lorenzini ha convocato il consiglio comunale per venerdi 29 aprile alle 18, all&#8217;ordine del giorno la variazione d&#8217;urgenza al bilancio di previsione, l&#8217;approvazione del rendiconto della gestione 2021 e il piano di interventi per l&#8217;applicazione della perequazione urbanistica.<\/p>\n<h3><\/h3>\n<p>&nbsp;<\/p>\n<hr \/>\n<p>&nbsp;<\/p>\n<blockquote>\n<h3><a class=\"dt-pswp-item\" href=\"https:\/\/www.radiopiu.net\/wordpress\/wp-content\/uploads\/2021\/02\/th.jpg\" data-dt-img-description=\"\" data-large_image_width=\"225\" data-large_image_height=\"156\"><img loading=\"lazy\" decoding=\"async\" class=\"wp-image-188402 alignleft\" src=\"https:\/\/www.radiopiu.net\/wordpress\/wp-content\/uploads\/2021\/02\/th-150x150.jpg\" alt=\"\" width=\"89\" height=\"89\" \/><\/a>SABATO MATTINA UN MUNICIPIO A COLLE SANTA LUCIA<\/h3>\n<\/blockquote>\n<p><strong>COLLE SANTA LUCIA<\/strong> Sabato 30 aprile\u00a0 alle 8 del mattino i consiglieri si ritroveranno per il consiglio convocato dal sindaco Paolo Frena, all&#8217;ordine del giorno le variazioni al bilancio, l&#8217;approvazione del rendiconto 2021, le comunicazioni del sindaco sui contributi ai Comuni per le opere pubbliche per un totale di 134mila euro delle annualit\u00e0 2022. Da approvare anche il bilancio di esercizio e di previsioni di Asca.<\/p>\n<p>&nbsp;<\/p>\n<hr \/>\n<p>&nbsp;<\/p>\n<blockquote>\n<h3>UN TEAM PER SOSTENERE ADMO<\/h3>\n<\/blockquote>\n<h3><a class=\"dt-pswp-item\" href=\"https:\/\/www.radiopiu.net\/wordpress\/wp-content\/uploads\/2022\/04\/2cee61bd-888a-444c-b2a7-90aa3d9a70fd.jpg\" data-dt-img-description=\"\" data-large_image_width=\"287\" data-large_image_height=\"291\"><img loading=\"lazy\" decoding=\"async\" class=\" wp-image-272326 alignleft\" src=\"https:\/\/www.radiopiu.net\/wordpress\/wp-content\/uploads\/2022\/04\/2cee61bd-888a-444c-b2a7-90aa3d9a70fd-150x150.jpg\" alt=\"\" width=\"81\" height=\"81\" srcset=\"https:\/\/www.radiopiu.net\/wordpress\/wp-content\/uploads\/2022\/04\/2cee61bd-888a-444c-b2a7-90aa3d9a70fd-150x150.jpg 150w, https:\/\/www.radiopiu.net\/wordpress\/wp-content\/uploads\/2022\/04\/2cee61bd-888a-444c-b2a7-90aa3d9a70fd.jpg 287w\" sizes=\"auto, (max-width: 81px) 100vw, 81px\" \/><\/a><\/h3>\n<p><strong>AGORDO <\/strong>Admo sta costituendo un team di amanti della corsa che porti il messaggio del dono sulle strade e sui sentieri, ovunque possibile. Per iniziare il Trofeo Admo, con la gara a coppie &#8220;Combinata 4 pass en doi&#8221; e &#8220;Trancivetta&#8221;, rispettivamente il 5 giugno e 17 luglio 2022. INFORMAZIONI 338 2491880 oppure 334 9539105. Partecipando a tutte e due le gare per la cambiata &#8220;Trofeo Admo&#8221; in premio oltre al pacco gara previsto, una maglietta, i calzini e la fascetta Admo. In foto l&#8217;Ambassador Admo William Da Roit<\/p>\n<p>&nbsp;<\/p>\n<p>&nbsp;<\/p>\n<hr \/>\n<p>&nbsp;<\/p>\n<blockquote>\n<h3>PRIMO MAGGIO A BELLUNO AL PARCO CITTA&#8217; DI BOLOGNA<\/h3>\n<\/blockquote>\n<p><strong>BELLUNO<\/strong><\/p>\n<p>di Roberto Bona<\/p>\n<audio class=\"wp-audio-shortcode\" id=\"audio-272276-7\" preload=\"none\" style=\"width: 100%;\" controls=\"controls\"><source type=\"audio\/mpeg\" src=\"https:\/\/www.radiopiu.net\/wordpress\/wp-content\/uploads\/2022\/04\/ROBERTO-BONA-PRIMO-MAGGIO-BELLUNO.mp3?_=7\" \/><a href=\"https:\/\/www.radiopiu.net\/wordpress\/wp-content\/uploads\/2022\/04\/ROBERTO-BONA-PRIMO-MAGGIO-BELLUNO.mp3\">https:\/\/www.radiopiu.net\/wordpress\/wp-content\/uploads\/2022\/04\/ROBERTO-BONA-PRIMO-MAGGIO-BELLUNO.mp3<\/a><\/audio>\n<p>&nbsp;<\/p>\n\n\t\t\t<style type='text\/css'>\n\t\t\t\t#gallery-4 {\n\t\t\t\t\tmargin: auto;\n\t\t\t\t}\n\t\t\t\t#gallery-4 .gallery-item {\n\t\t\t\t\tfloat: left;\n\t\t\t\t\tmargin-top: 10px;\n\t\t\t\t\ttext-align: center;\n\t\t\t\t\twidth: 50%;\n\t\t\t\t}\n\t\t\t\t#gallery-4 img {\n\t\t\t\t\tborder: 2px solid #cfcfcf;\n\t\t\t\t}\n\t\t\t\t#gallery-4 .gallery-caption {\n\t\t\t\t\tmargin-left: 0;\n\t\t\t\t}\n\t\t\t\t\/* see gallery_shortcode() in wp-includes\/media.php *\/\n\t\t\t<\/style>\n\t\t<div id='gallery-4' class='dt-gallery-container gallery galleryid-272276 gallery-columns-2 gallery-size-thumbnail'><dl class='gallery-item'>\n\t\t\t\t<dt class='gallery-icon portrait'>\n\t\t\t\t\t<a class=\"rollover rollover-zoom dt-pswp-item\" title=\"6df4d811-3e1c-4645-9b06-3e4fd2e457a6\" data-dt-img-description=\"\" data-large_image_width=\"1131\" data-large_image_height=\"1600\"href='https:\/\/www.radiopiu.net\/wordpress\/wp-content\/uploads\/2022\/04\/6df4d811-3e1c-4645-9b06-3e4fd2e457a6.jpg'><img loading=\"lazy\" decoding=\"async\" width=\"150\" height=\"150\" src=\"https:\/\/www.radiopiu.net\/wordpress\/wp-content\/uploads\/2022\/04\/6df4d811-3e1c-4645-9b06-3e4fd2e457a6-150x150.jpg\" class=\"attachment-thumbnail size-thumbnail\" alt=\"\" \/><\/a>\n\t\t\t\t<\/dt><\/dl><dl class='gallery-item'>\n\t\t\t\t<dt class='gallery-icon landscape'>\n\t\t\t\t\t<a class=\"rollover rollover-zoom dt-pswp-item\" title=\"c7af8b85-4ec7-4c47-89f2-882d72877608\" data-dt-img-description=\"\" data-large_image_width=\"448\" data-large_image_height=\"269\"href='https:\/\/www.radiopiu.net\/wordpress\/wp-content\/uploads\/2022\/04\/c7af8b85-4ec7-4c47-89f2-882d72877608.jpg'><img loading=\"lazy\" decoding=\"async\" width=\"150\" height=\"150\" src=\"https:\/\/www.radiopiu.net\/wordpress\/wp-content\/uploads\/2022\/04\/c7af8b85-4ec7-4c47-89f2-882d72877608-150x150.jpg\" class=\"attachment-thumbnail size-thumbnail\" alt=\"\" \/><\/a>\n\t\t\t\t<\/dt><\/dl><br style=\"clear: both\" \/>\n\t\t\t<\/div>\n\n<p>&nbsp;<\/p>\n<hr \/>\n<p>&nbsp;<\/p>\n<blockquote>\n<h3>\u201cASCOLTARE PER CONOSCERE\u201d CON IL LIBRO PARLATO DI FELTRE<\/h3>\n<\/blockquote>\n<p><strong class=\"photoswipe-wrapper\"><a class=\"dt-pswp-item pspw-wrap-ready\" href=\"https:\/\/www.radiopiu.net\/wordpress\/wp-content\/uploads\/2022\/04\/download-7.jpg\" data-dt-img-description=\"\" data-large_image_width=\"321\" data-large_image_height=\"157\"><img loading=\"lazy\" decoding=\"async\" class=\"alignleft wp-image-272306 \" src=\"https:\/\/www.radiopiu.net\/wordpress\/wp-content\/uploads\/2022\/04\/download-7-300x147.jpg\" sizes=\"auto, (max-width: 133px) 100vw, 133px\" srcset=\"https:\/\/www.radiopiu.net\/wordpress\/wp-content\/uploads\/2022\/04\/download-7-300x147.jpg 300w, https:\/\/www.radiopiu.net\/wordpress\/wp-content\/uploads\/2022\/04\/download-7.jpg 321w\" alt=\"\" width=\"133\" height=\"65\" \/><\/a>FELTRE<\/strong>\u00a0Il Centro Internazionale del Libro Parlato di Feltre con il patrocino della Provincia di Belluno e il MIUR di Belluno, organizzano tre giornate dal titolo \u201cAscoltare Per Conoscere\u201d. il 18, 19 e 20 maggio ci saranno degli incontri online per una lettura pi\u00f9 inclusiva. Saranno tanti gli speaker che si alterneranno nelle tre giornate dedicate alla lettura. Al progetto ci si pu\u00f2 iscrivere fin da subito al seguente link:\u00a0<a href=\"https:\/\/ascoltareperconoscere.com\/\">https:\/\/ascoltareperconoscere.com\/<\/a><\/p>\n<p>&nbsp;<\/p>\n<p>&nbsp;<\/p>\n<hr \/>\n<p>&nbsp;<\/p>\n<blockquote>\n<h3>IL MONDO DEL VOLONTARIATO LIMANESE IN AIUTO AL POPOLO UCRAINO<\/h3>\n<\/blockquote>\n<p><strong>LIMANA<\/strong> Una serata di raccolta fondi a favore delle persone in fuga dalla guerra giunte sul territorio limanese. \u00c8 questa la prima delle iniziative promosse dal Coordinamento spontaneo delle Associazioni di volontariato per l\u2019Ucraina, nato a inizio aprile dal desiderio delle associazioni e dei gruppi di volontariato limanesi di dare il proprio contributo per sostenere i cittadini ucraini accolti sul territorio e le famiglie che li ospitano. L\u2019appuntamento \u00e8 per venerd\u00ec 29 aprile alle 18:30 alla Pizzeria \u201cAl Parco\u201d. Ad aprire la serata saranno gli alunni delle scuole di Limana, con una serie di letture a tema. Si proseguir\u00e0 poi alle 19:30 con il giropizza.<\/p>\n<p>&nbsp;<\/p>\n<hr \/>\n<p>&nbsp;<\/p>\n<p>&nbsp;<\/p>\n<blockquote>\n<h3>\u201cMONTI DI LONGARONE\u201d: L\u2019INCONTRO DAL VIVO CON GLI AUTORI<\/h3>\n<\/blockquote>\n<p><strong>LONGARONE<\/strong> Venerd\u00ec alle 18, presso il Centro Culturale F. Parri di Longarone, la Fondazione G. Angelini, in collaborazione con la sezione CAI di Longarone e il Comune di Longarone ha il piacere di presentare alla cittadinanza il volume \u201cMonti di Longarone. Val Tovanella &#8211; Cima dell\u2019Albero \u2013 Cai\u00e0da \u2013 P\u00e8lf &#8211; Spiz Gal\u00ecna\u201d a cura di Pietro Sommavilla, Giuseppe Nart e Luca Celi.<\/p>\n<p>&nbsp;<\/p>\n<p>&nbsp;<\/p>\n<hr \/>\n<p>&nbsp;<\/p>\n<blockquote>\n<h3>RACCOLTA PLASTIC FREE A CANALE D&#8217;AGORDO, IL 30 APRILE<\/h3>\n<\/blockquote>\n<div class=\"kvgmc6g5 cxmmr5t8 oygrvhab hcukyx3x c1et5uql ii04i59q\">\n<p dir=\"auto\"><strong><img loading=\"lazy\" decoding=\"async\" class=\"alignleft\" src=\"https:\/\/www.radiopiu.net\/wordpress\/wp-content\/uploads\/2022\/04\/278293236_700449357664243_7359032165274909030_n.jpg\" width=\"201\" height=\"105\" \/>CANALE D&#8217;AGORDO<\/strong>\u00a0 L&#8217;appuntamento sabato 30 aprile dalle 8 con ritrovo in Piazza Papa Luciani. Iscrizioni gratuita ma obbligatoria anche per fini assicurativi. Alle 12 spaghettata per tutti al &#8220;Bait dei Cazador&#8221;. I minori dovranno essere accompagnati.\u00a0 <strong>IL MODULO<\/strong>\u00a0 <a class=\"oajrlxb2 g5ia77u1 qu0x051f esr5mh6w e9989ue4 r7d6kgcz rq0escxv nhd2j8a9 nc684nl6 p7hjln8o kvgmc6g5 cxmmr5t8 oygrvhab hcukyx3x jb3vyjys rz4wbd8a qt6c0cv9 a8nywdso i1ao9s8h esuyzwwr f1sip0of lzcic4wl gpro0wi8 py34i1dx\" tabindex=\"0\" role=\"link\" href=\"https:\/\/www.plasticfreeonlus.it\/eventi\/1040\/30-apr-canale-d'agordo?fbclid=IwAR1DIg6dEjD8LYNQJO3KVPv__6DhLQef6MIZUILrbHNv19LLhYzSBf_76UA\" target=\"_blank\" rel=\"nofollow noopener\">https:\/\/www.plasticfreeonlus.it\/&#8230;\/30-apr-canale-d&#8217;agordo\u00a0<\/a><\/p>\n<\/div>\n<div dir=\"auto\">\n<p dir=\"auto\"><strong>MARTINA SMANIOTTO<\/strong><\/p>\n<audio class=\"wp-audio-shortcode\" id=\"audio-272276-8\" preload=\"none\" style=\"width: 100%;\" controls=\"controls\"><source type=\"audio\/mpeg\" src=\"https:\/\/www.radiopiu.net\/wordpress\/wp-content\/uploads\/2022\/04\/MARTINA-SMANIOTTO.mp3?_=8\" \/><a href=\"https:\/\/www.radiopiu.net\/wordpress\/wp-content\/uploads\/2022\/04\/MARTINA-SMANIOTTO.mp3\">https:\/\/www.radiopiu.net\/wordpress\/wp-content\/uploads\/2022\/04\/MARTINA-SMANIOTTO.mp3<\/a><\/audio>\n<p dir=\"auto\"><strong>di Gianni Santomaso<\/strong><\/p>\n<audio class=\"wp-audio-shortcode\" id=\"audio-272276-9\" preload=\"none\" style=\"width: 100%;\" controls=\"controls\"><source type=\"audio\/mpeg\" src=\"https:\/\/www.radiopiu.net\/wordpress\/wp-content\/uploads\/2022\/04\/GIANNI-PLASTIC-FREE-CANALE.mp3?_=9\" \/><a href=\"https:\/\/www.radiopiu.net\/wordpress\/wp-content\/uploads\/2022\/04\/GIANNI-PLASTIC-FREE-CANALE.mp3\">https:\/\/www.radiopiu.net\/wordpress\/wp-content\/uploads\/2022\/04\/GIANNI-PLASTIC-FREE-CANALE.mp3<\/a><\/audio>\n<\/div>\n<p>&nbsp;<\/p>\n<hr \/>\n<p>&nbsp;<\/p>\n<blockquote>\n<h3>SOSPIROLO TRA LEGGENDE E MISTERI 2022<\/h3>\n<\/blockquote>\n<p><strong><a class=\"dt-pswp-item\" href=\"https:\/\/www.radiopiu.net\/wordpress\/wp-content\/uploads\/2022\/04\/PL_Sosp_Concorso-letterario-2022_B_page-0001.jpg\" data-dt-img-description=\"\" data-large_image_width=\"1737\" data-large_image_height=\"1241\"><img loading=\"lazy\" decoding=\"async\" class=\"alignleft wp-image-272407 \" src=\"https:\/\/www.radiopiu.net\/wordpress\/wp-content\/uploads\/2022\/04\/PL_Sosp_Concorso-letterario-2022_B_page-0001-300x214.jpg\" alt=\"\" width=\"163\" height=\"116\" srcset=\"https:\/\/www.radiopiu.net\/wordpress\/wp-content\/uploads\/2022\/04\/PL_Sosp_Concorso-letterario-2022_B_page-0001-300x214.jpg 300w, https:\/\/www.radiopiu.net\/wordpress\/wp-content\/uploads\/2022\/04\/PL_Sosp_Concorso-letterario-2022_B_page-0001-1024x732.jpg 1024w, https:\/\/www.radiopiu.net\/wordpress\/wp-content\/uploads\/2022\/04\/PL_Sosp_Concorso-letterario-2022_B_page-0001-768x549.jpg 768w, https:\/\/www.radiopiu.net\/wordpress\/wp-content\/uploads\/2022\/04\/PL_Sosp_Concorso-letterario-2022_B_page-0001-1536x1097.jpg 1536w, https:\/\/www.radiopiu.net\/wordpress\/wp-content\/uploads\/2022\/04\/PL_Sosp_Concorso-letterario-2022_B_page-0001.jpg 1737w\" sizes=\"auto, (max-width: 163px) 100vw, 163px\" \/><\/a>SOSPIROLO<\/strong> Prende spunto dalla letteratura di Dino Buzzati, nell\u2019anno del cinquantesimo dalla sua scomparsa, il concorso letterario \u201cSospirolo tra leggende e misteri\u201d promosso dalla Pro loco \u201cMonti del Sole\u201d e dalla Biblioteca civica sospirolese, alla sua tredicesima edizione. Come da tradizione il bando \u00e8 legato alla rassegna \u201cSpettacoli di mistero\u201d di Unpli e Regione Veneto. Oggetto del concorso sono racconti brevi inediti incentrati sul tema del paesaggio quale fonte ispiratrice e\u00a0 co-protagonista delle vicende che in esso si svolgono. Il concorso si rivolge ai nati e\/o residenti nel Triveneto e la partecipazione \u00e8 gratuita. Presiede la giuria la scrittrice Antonia Arslan, cittadina onoraria di Sospirolo. Il bando completo, con tutti gli spunti e gli enti patrocinatori, \u00e8 disponibile sulla homepage del sito <a title=\"http:\/\/www.sospirolo.net\" href=\"http:\/\/www.sospirolo.net\/\">www.sospirolo.net<\/a><\/p>\n<p>&nbsp;<\/p>\n<hr \/>\n<p>&nbsp;<\/p>\n<blockquote>\n<h3>A TEATRO CON L&#8217;AUSER<\/h3>\n<\/blockquote>\n<p><strong>BELLUNO <\/strong>\u201cThe covers-Teatro Piteco\u201d in uno docu-spettacolo di letture, musica dal vivo e video-interviste. L\u2019Auser provinciale ha ritenuto di proporre lo spettacolo\u00a0 &#8220;Il Circolo Rosso&#8221; a ingresso libero e con la collaborazione dei Circoli Auser di Sospirolo e di Mel, rispettivamente Venerd\u00ec 29 aprile alle 20.45 nella sala del Centro Civico di Sospirolo e sabato 30 aprile alle 20.30 nell\u2019Auditorium ex chiesa di San Pietro di Mel. Le due serate godono del patrocinio dei Comuni di Sospirolo e di Borgo Valbelluna.<\/p>\n<p>&nbsp;<\/p>\n<p>&nbsp;<\/p>\n<hr \/>\n<p>&nbsp;<\/p>\n<blockquote>\n<h3>UNA SERATA DEDICATA A MICHELE SCARPONI A BELLUNO<\/h3>\n<\/blockquote>\n<p><strong>BELLUNO<\/strong> Oggi alle 18:30 in sala Bianchi a Belluno appuntamento con \u201cCaro Michele, una vita alla Scarponi&#8221; una serata tra aneddoti e storie inedite tratte dal libro che ricorda il campione Michele Scarponi, scomparso nel 2017. Protagonisti della chiacchierata promossa dal Comune di Belluno saranno: Marco Scarponi, fratello del campione che proprio nel 2011 vinse il suo Giro d\u2019Itralia, l\u2019ultima volta di Belluno come sede di partenza di tappa e l\u2019ex-Ct della Nazionale e commentatore televisivo\u00a0Davide Cassani<\/p>\n<p>&nbsp;<\/p>\n<p>&nbsp;<\/p>\n<hr \/>\n<p>&nbsp;<\/p>\n<p><span style=\"color: #ff0000;\"><strong>IERI ALLA RADIO: AUDIO, VIDEO, FOTO E TESTO<\/strong><\/span><\/p>\n<blockquote class=\"wp-embedded-content\" data-secret=\"A9l8DT3I6n\"><p><a href=\"https:\/\/www.radiopiu.net\/wordpress\/el-testament-de-lom-salvarech\/\">EL TESTAMENT DE L&#8217;OM SALVARECH<\/a><\/p><\/blockquote>\n<p><iframe loading=\"lazy\" class=\"wp-embedded-content\" sandbox=\"allow-scripts\" security=\"restricted\" style=\"position: absolute; clip: rect(1px, 1px, 1px, 1px);\" title=\"&#8220;EL TESTAMENT DE L&#8217;OM SALVARECH&#8221; &#8212; Radio Pi\u00f9\" src=\"https:\/\/www.radiopiu.net\/wordpress\/el-testament-de-lom-salvarech\/embed\/#?secret=dgnHt5YHQt#?secret=A9l8DT3I6n\" data-secret=\"A9l8DT3I6n\" width=\"600\" height=\"338\" frameborder=\"0\" marginwidth=\"0\" marginheight=\"0\" scrolling=\"no\"><\/iframe><\/p>\n<p>&nbsp;<\/p>\n<hr \/>\n<p>&nbsp;<\/p>\n<h2><span style=\"color: #ff0000;\">IERI ALLA RADIO<\/span><\/h2>\n<h2><strong><a class=\"dt-pswp-item\" href=\"https:\/\/www.radiopiu.net\/wordpress\/wp-content\/uploads\/2022\/04\/275075892_326201662885078_6809536869149347752_n.jpg\" data-dt-img-description=\"\" data-large_image_width=\"1500\" data-large_image_height=\"1382\"><img loading=\"lazy\" decoding=\"async\" class=\"size-thumbnail wp-image-272331 alignleft\" src=\"https:\/\/www.radiopiu.net\/wordpress\/wp-content\/uploads\/2022\/04\/275075892_326201662885078_6809536869149347752_n-150x150.jpg\" alt=\"\" width=\"150\" height=\"150\" \/><\/a><\/strong><span style=\"color: #008000;\">LA FONDAZIONE BANCA DEGLI OCCHI CON IL DOTTOR ENRICO VIDALE<\/span><\/h2>\n<p><strong>di Claudio Fontanive<\/strong><\/p>\n<p>Ospite: il dottor Enrico Vidale<\/p>\n<audio class=\"wp-audio-shortcode\" id=\"audio-272276-10\" preload=\"none\" style=\"width: 100%;\" controls=\"controls\"><source type=\"audio\/mpeg\" src=\"https:\/\/www.radiopiu.net\/wordpress\/wp-content\/uploads\/2022\/04\/dottor-vidale-26-aprile.mp3?_=10\" \/><a href=\"https:\/\/www.radiopiu.net\/wordpress\/wp-content\/uploads\/2022\/04\/dottor-vidale-26-aprile.mp3\">https:\/\/www.radiopiu.net\/wordpress\/wp-content\/uploads\/2022\/04\/dottor-vidale-26-aprile.mp3<\/a><\/audio>\n<p>&nbsp;<\/p>\n<p>&nbsp;<\/p>\n<hr \/>\n<p>&nbsp;<\/p>\n<h2><span style=\"color: #008080;\">&#8220;DINTORN E FORA VIA&#8221; A CURA DEL MUSLA, IL NUOVO PROGRAMMA\u00a0<\/span><\/h2>\n<p><strong>PUNTATA 26 APRILE 2022 con ELEONORA TROI<\/strong><\/p>\n\n\t\t\t<style type='text\/css'>\n\t\t\t\t#gallery-5 {\n\t\t\t\t\tmargin: auto;\n\t\t\t\t}\n\t\t\t\t#gallery-5 .gallery-item {\n\t\t\t\t\tfloat: left;\n\t\t\t\t\tmargin-top: 10px;\n\t\t\t\t\ttext-align: center;\n\t\t\t\t\twidth: 50%;\n\t\t\t\t}\n\t\t\t\t#gallery-5 img {\n\t\t\t\t\tborder: 2px solid #cfcfcf;\n\t\t\t\t}\n\t\t\t\t#gallery-5 .gallery-caption {\n\t\t\t\t\tmargin-left: 0;\n\t\t\t\t}\n\t\t\t\t\/* see gallery_shortcode() in wp-includes\/media.php *\/\n\t\t\t<\/style>\n\t\t<div id='gallery-5' class='dt-gallery-container gallery galleryid-272276 gallery-columns-2 gallery-size-thumbnail'><dl class='gallery-item'>\n\t\t\t\t<dt class='gallery-icon landscape'>\n\t\t\t\t\t<a class=\"rollover rollover-zoom dt-pswp-item\" title=\"0fcdb30a-18a6-4803-a4ef-b7cbf3c74170\" data-dt-img-description=\"\" data-large_image_width=\"310\" data-large_image_height=\"163\"href='https:\/\/www.radiopiu.net\/wordpress\/wp-content\/uploads\/2022\/04\/0fcdb30a-18a6-4803-a4ef-b7cbf3c74170.jpg'><img loading=\"lazy\" decoding=\"async\" width=\"150\" height=\"150\" src=\"https:\/\/www.radiopiu.net\/wordpress\/wp-content\/uploads\/2022\/04\/0fcdb30a-18a6-4803-a4ef-b7cbf3c74170-150x150.jpg\" class=\"attachment-thumbnail size-thumbnail\" alt=\"\" \/><\/a>\n\t\t\t\t<\/dt><\/dl><dl class='gallery-item'>\n\t\t\t\t<dt class='gallery-icon landscape'>\n\t\t\t\t\t<a class=\"rollover rollover-zoom dt-pswp-item\" title=\"892cca3d-9402-4ed6-a0d2-c34f8eedef08\" data-dt-img-description=\"\" data-large_image_width=\"960\" data-large_image_height=\"640\"href='https:\/\/www.radiopiu.net\/wordpress\/wp-content\/uploads\/2022\/04\/892cca3d-9402-4ed6-a0d2-c34f8eedef08.jpg'><img loading=\"lazy\" decoding=\"async\" width=\"150\" height=\"150\" src=\"https:\/\/www.radiopiu.net\/wordpress\/wp-content\/uploads\/2022\/04\/892cca3d-9402-4ed6-a0d2-c34f8eedef08-150x150.jpg\" class=\"attachment-thumbnail size-thumbnail\" alt=\"\" \/><\/a>\n\t\t\t\t<\/dt><\/dl><br style=\"clear: both\" \/>\n\t\t\t<\/div>\n\n<p><span style=\"color: #ff0000;\"><strong>AUDIO<\/strong><\/span><\/p>\n<audio class=\"wp-audio-shortcode\" id=\"audio-272276-11\" preload=\"none\" style=\"width: 100%;\" controls=\"controls\"><source type=\"audio\/mpeg\" src=\"https:\/\/www.radiopiu.net\/wordpress\/wp-content\/uploads\/2022\/04\/MUSLA-26-MARZO.mp3?_=11\" \/><a href=\"https:\/\/www.radiopiu.net\/wordpress\/wp-content\/uploads\/2022\/04\/MUSLA-26-MARZO.mp3\">https:\/\/www.radiopiu.net\/wordpress\/wp-content\/uploads\/2022\/04\/MUSLA-26-MARZO.mp3<\/a><\/audio>\n<p>&nbsp;<\/p>\n<p><strong>LA RACCOLTA COMPLETA<\/strong><\/p>\n<blockquote class=\"wp-embedded-content\" data-secret=\"qOJqZbsV1G\"><p><a href=\"https:\/\/www.radiopiu.net\/wordpress\/musla\/\">MUSLA<\/a><\/p><\/blockquote>\n<p><iframe loading=\"lazy\" class=\"wp-embedded-content\" sandbox=\"allow-scripts\" security=\"restricted\" style=\"position: absolute; clip: rect(1px, 1px, 1px, 1px);\" title=\"&#8220;MUSLA&#8221; &#8212; Radio Pi\u00f9\" src=\"https:\/\/www.radiopiu.net\/wordpress\/musla\/embed\/#?secret=1RbqstHcNN#?secret=qOJqZbsV1G\" data-secret=\"qOJqZbsV1G\" width=\"600\" height=\"338\" frameborder=\"0\" marginwidth=\"0\" marginheight=\"0\" scrolling=\"no\"><\/iframe><\/p>\n<p>&nbsp;<\/p>\n<p>&nbsp;<\/p>\n<p>&nbsp;<\/p>\n<hr \/>\n<p>&nbsp;<\/p>\n<blockquote>\n<h3>\u201cUN MESE DI MAGGIO CON PAPA LUCIANI\u201d, RISTAMPA DEL LIBRO DI TRENT\u2019ANNI FA DI MONSIGNOR SARTORI<\/h3>\n<\/blockquote>\n<p><strong>di Renato Bona<\/strong><\/p>\n<p>Una autentica strenna, alla vigilia della beatificazione di Albino Luciani l\u2019iniziativa di Dario De Bastiani editore di Vittorio Veneto che, a distanza di trent\u2019anni dalla prima, ha dato alle stampe con la trevigiana Grafiche De Bastiani di Godega di Sant\u2019Urbano la seconda edizione del libro \u201cUn mese di Maggio con Papa Luciani\u201d, opera di Basilio Sartori. Questi in premessa spiegava: \u201cQueste pagine, tolte dagli scritti e discorsi di Papa Luciani quand\u2019era vescovo di Vittorio Veneto e patriarca di Venezia, hanno l\u2019unico scopo di portare il popolo cristiano lungo il mese di maggio, che tradizionalmente \u00e8 legato alla pratica del \u2018Fioretto\u2019, ad onorare \u2013 come diceva lui \u2013 la Madonna specialmente imitandone le sue virt\u00f9 e percorrendo gli scalini dell\u2019umile teologia dei poveri: pentirci dei nostri peccati, confessarcene, farne penitenza, resistere alle nuove insorgenti tentazioni, condurre una vita sana\u201d. Monsignor Sartori (nato a Vittorio Veneto nel 1915, ordinato sacerdote nel 1938, gi\u00e0 canonico titolare del Capitolo e penitenziere della Cattedrale nonch\u00e9 archivista del Seminario vescovile vittoriese, mancato nel dicembre 2007, fu vicino ad Albino Luciani negli anni in cui resse la cattedrale episcopale della Diocesi di Vittorio Veneto, dal 1958 al 1969) sottolineava quindi che \u201cPapa Luciani ebbe un delicato amore e una spiccata devozione per la Madre di Dio. Lo confess\u00f2 lui stesso: \u2018Ho imparato ad amare la Vergine Maria prima ancora di conoscerla\u2026 le sere al focolare, sulle ginocchia materne\u2019\u201d. Citava quindi il discorso programmatico del 3 settembre 1978 in cui il \u201cPapa bellunese del sorriso\u201d (modestamente la definizione, poi ripresa da altri giornalisti e fatta propria da moltissimi, \u00e8 di chi stende queste note, Renato Bona) \u201cvolle a Lei consacrare il ministero apostolico appena intrapreso dicendo ai presenti: \u201cCircondati dal vostro amore e sostenuti dalla vostra preghiera, iniziamo il nostro servizio apostolico invocando, come splendida stella del nostro cammino, la Madre di Dio!&#8230; La Vergine che ha guidato con delicata tenerezza la nostra vita di fanciullo, di seminarista, di sacerdote e di vescovo, continui ad C\u2019\u00e8 quindi, giorno per giorno, una riflessione-proposta per quanti si rivolgono alla Madonna \u201cperch\u00e9 tra le braccia sue sanno di trovare Cristo Salvatore\u201d: 1 Il mese di maggio, 2 Il culto di Maria, 3 il Rosario, 4 ancora il Rosario, 5 I principi della vita cristiana nei misteri del Rosario, 6 Maria nella storia della salvezza, 7 La Madonna nel mistero di Cristo, 8 La Madonna nel mistero della Chiesa, 9 Maria: Madonna del Popolo, 10 La preparazione spirituale di Maria alla sua missione di Madre di Dio; 11 La divina maternit\u00e0 di Maria; 12 Il privilegio dell\u2019Immacolata Concezione; 13 La verginit\u00e0 di Maria; 14 Maria Assunta in cielo, 15 Gli insegnamenti dell\u2019Assunta, 16 Maria Ausiliatrice, 17 La Madonna del Carmine, 18 Maria e i doni dello Spirito Santo, 20 La \u201cParona benedeta\u201d, 21 I santuari mariani, 22 Da Motta di Livenza: com\u2019\u00e8 raffigurata la Madonna, 23 Da Lourdes: un messaggio di penitenza, 24 ancora Da Lourdes: un messaggio di preghiera, 25 Da Follina: una lezione di obbedienza, 26 ancora Da Follina: una lezione di fede, 27 Dalla \u2018Madonna Granda\u2019 di Treviso: \u201cessere santi\u201d, 28 Dal Brasile: credere a Dio che ci ha parlato, 29 Il messaggio di Fatina, 30 La devozione popolare a Maria, 31 Chiusura del mese di maggio: la perseveranza. Da ultimo il richiamo a \u201ccome si recita il Rosario\u201d. Concludiamo traendo ancora dal prezioso lavoro di mons. Sartori, il ricordo di Albino Luciani che quando era vescovo di Vittorio Veneto \u00e8 intervenuto pi\u00f9 volte con inviti a celebrare degnamente il mese di maggio. Ed il 1. maggio 1965 scrisse una lettera alla diocesi affermando fra l\u2019altro: \u201c\u2026 pi\u00f9 fervido e pi\u00f9 affettuoso salga a Maria l\u2019omaggio della preghiera e della venerazione dei cristiani che si rivolgono a Lei perch\u00e9 tra le braccia sue sanno di trovare Cristo Salvatore\u201d ed invit\u00f2 tutti alla preghiera del Rosario perch\u00e9: \u201cHa conosciuto anche Lei le pene e le tribolazioni di quaggi\u00f9, la fatica del quotidiano lavoro, i disagi e le strettezze della povert\u00e0, i dolori del Calvario. Ci ascolter\u00e0, ci aiuter\u00e0\u201d.<\/p>\n\n\t\t\t<style type='text\/css'>\n\t\t\t\t#gallery-6 {\n\t\t\t\t\tmargin: auto;\n\t\t\t\t}\n\t\t\t\t#gallery-6 .gallery-item {\n\t\t\t\t\tfloat: left;\n\t\t\t\t\tmargin-top: 10px;\n\t\t\t\t\ttext-align: center;\n\t\t\t\t\twidth: 14%;\n\t\t\t\t}\n\t\t\t\t#gallery-6 img {\n\t\t\t\t\tborder: 2px solid #cfcfcf;\n\t\t\t\t}\n\t\t\t\t#gallery-6 .gallery-caption {\n\t\t\t\t\tmargin-left: 0;\n\t\t\t\t}\n\t\t\t\t\/* see gallery_shortcode() in wp-includes\/media.php *\/\n\t\t\t<\/style>\n\t\t<div id='gallery-6' class='dt-gallery-container gallery galleryid-272276 gallery-columns-7 gallery-size-thumbnail'><dl class='gallery-item'>\n\t\t\t\t<dt class='gallery-icon portrait'>\n\t\t\t\t\t<a class=\"rollover rollover-zoom dt-pswp-item\" title=\"278723119_1333441573819757_2547377038561948693_n\" data-dt-img-description=\"\" data-large_image_width=\"313\" data-large_image_height=\"403\"href='https:\/\/www.radiopiu.net\/wordpress\/wp-content\/uploads\/2022\/04\/278723119_1333441573819757_2547377038561948693_n.jpg'><img loading=\"lazy\" decoding=\"async\" width=\"150\" height=\"150\" src=\"https:\/\/www.radiopiu.net\/wordpress\/wp-content\/uploads\/2022\/04\/278723119_1333441573819757_2547377038561948693_n-150x150.jpg\" class=\"attachment-thumbnail size-thumbnail\" alt=\"\" \/><\/a>\n\t\t\t\t<\/dt><\/dl><dl class='gallery-item'>\n\t\t\t\t<dt class='gallery-icon portrait'>\n\t\t\t\t\t<a class=\"rollover rollover-zoom dt-pswp-item\" title=\"278352266_1030169371256943_4678684264847345599_n\" data-dt-img-description=\"\" data-large_image_width=\"302\" data-large_image_height=\"414\"href='https:\/\/www.radiopiu.net\/wordpress\/wp-content\/uploads\/2022\/04\/278352266_1030169371256943_4678684264847345599_n.jpg'><img loading=\"lazy\" decoding=\"async\" width=\"150\" height=\"150\" src=\"https:\/\/www.radiopiu.net\/wordpress\/wp-content\/uploads\/2022\/04\/278352266_1030169371256943_4678684264847345599_n-150x150.jpg\" class=\"attachment-thumbnail size-thumbnail\" alt=\"\" \/><\/a>\n\t\t\t\t<\/dt><\/dl><dl class='gallery-item'>\n\t\t\t\t<dt class='gallery-icon portrait'>\n\t\t\t\t\t<a class=\"rollover rollover-zoom dt-pswp-item\" title=\"278698106_2218159465005215_7480304394169937436_n\" data-dt-img-description=\"\" data-large_image_width=\"320\" data-large_image_height=\"518\"href='https:\/\/www.radiopiu.net\/wordpress\/wp-content\/uploads\/2022\/04\/278698106_2218159465005215_7480304394169937436_n.jpg'><img loading=\"lazy\" decoding=\"async\" width=\"150\" height=\"150\" src=\"https:\/\/www.radiopiu.net\/wordpress\/wp-content\/uploads\/2022\/04\/278698106_2218159465005215_7480304394169937436_n-150x150.jpg\" class=\"attachment-thumbnail size-thumbnail\" alt=\"\" \/><\/a>\n\t\t\t\t<\/dt><\/dl><dl class='gallery-item'>\n\t\t\t\t<dt class='gallery-icon landscape'>\n\t\t\t\t\t<a class=\"rollover rollover-zoom dt-pswp-item\" title=\"279142961_2987572811492838_8839301695550145563_n\" data-dt-img-description=\"\" data-large_image_width=\"552\" data-large_image_height=\"399\"href='https:\/\/www.radiopiu.net\/wordpress\/wp-content\/uploads\/2022\/04\/279142961_2987572811492838_8839301695550145563_n.jpg'><img loading=\"lazy\" decoding=\"async\" width=\"150\" height=\"150\" src=\"https:\/\/www.radiopiu.net\/wordpress\/wp-content\/uploads\/2022\/04\/279142961_2987572811492838_8839301695550145563_n-150x150.jpg\" class=\"attachment-thumbnail size-thumbnail\" alt=\"\" \/><\/a>\n\t\t\t\t<\/dt><\/dl><dl class='gallery-item'>\n\t\t\t\t<dt class='gallery-icon portrait'>\n\t\t\t\t\t<a class=\"rollover rollover-zoom dt-pswp-item\" title=\"278851404_284691297070880_6963166511954786239_n\" data-dt-img-description=\"\" data-large_image_width=\"350\" data-large_image_height=\"404\"href='https:\/\/www.radiopiu.net\/wordpress\/wp-content\/uploads\/2022\/04\/278851404_284691297070880_6963166511954786239_n.jpg'><img loading=\"lazy\" decoding=\"async\" width=\"150\" height=\"150\" src=\"https:\/\/www.radiopiu.net\/wordpress\/wp-content\/uploads\/2022\/04\/278851404_284691297070880_6963166511954786239_n-150x150.jpg\" class=\"attachment-thumbnail size-thumbnail\" alt=\"\" \/><\/a>\n\t\t\t\t<\/dt><\/dl><dl class='gallery-item'>\n\t\t\t\t<dt class='gallery-icon portrait'>\n\t\t\t\t\t<a class=\"rollover rollover-zoom dt-pswp-item\" title=\"278400340_709901126823798_7915484615341972807_n\" data-dt-img-description=\"\" data-large_image_width=\"301\" data-large_image_height=\"403\"href='https:\/\/www.radiopiu.net\/wordpress\/wp-content\/uploads\/2022\/04\/278400340_709901126823798_7915484615341972807_n.jpg'><img loading=\"lazy\" decoding=\"async\" width=\"150\" height=\"150\" src=\"https:\/\/www.radiopiu.net\/wordpress\/wp-content\/uploads\/2022\/04\/278400340_709901126823798_7915484615341972807_n-150x150.jpg\" class=\"attachment-thumbnail size-thumbnail\" alt=\"\" \/><\/a>\n\t\t\t\t<\/dt><\/dl><dl class='gallery-item'>\n\t\t\t\t<dt class='gallery-icon portrait'>\n\t\t\t\t\t<a class=\"rollover rollover-zoom dt-pswp-item\" title=\"278654431_560954435337151_6695189555182917987_n\" data-dt-img-description=\"\" data-large_image_width=\"315\" data-large_image_height=\"480\"href='https:\/\/www.radiopiu.net\/wordpress\/wp-content\/uploads\/2022\/04\/278654431_560954435337151_6695189555182917987_n.jpg'><img loading=\"lazy\" decoding=\"async\" width=\"150\" height=\"150\" src=\"https:\/\/www.radiopiu.net\/wordpress\/wp-content\/uploads\/2022\/04\/278654431_560954435337151_6695189555182917987_n-150x150.jpg\" class=\"attachment-thumbnail size-thumbnail\" alt=\"\" \/><\/a>\n\t\t\t\t<\/dt><\/dl><br style=\"clear: both\" \/><dl class='gallery-item'>\n\t\t\t\t<dt class='gallery-icon portrait'>\n\t\t\t\t\t<a class=\"rollover rollover-zoom dt-pswp-item\" title=\"279054299_248280797461769_2480809109760536312_n\" data-dt-img-description=\"\" data-large_image_width=\"318\" data-large_image_height=\"480\"href='https:\/\/www.radiopiu.net\/wordpress\/wp-content\/uploads\/2022\/04\/279054299_248280797461769_2480809109760536312_n.jpg'><img loading=\"lazy\" decoding=\"async\" width=\"150\" height=\"150\" src=\"https:\/\/www.radiopiu.net\/wordpress\/wp-content\/uploads\/2022\/04\/279054299_248280797461769_2480809109760536312_n-150x150.jpg\" class=\"attachment-thumbnail size-thumbnail\" alt=\"\" \/><\/a>\n\t\t\t\t<\/dt><\/dl><dl class='gallery-item'>\n\t\t\t\t<dt class='gallery-icon portrait'>\n\t\t\t\t\t<a class=\"rollover rollover-zoom dt-pswp-item\" title=\"279033894_701134711029981_5164930758817066201_n\" data-dt-img-description=\"\" data-large_image_width=\"320\" data-large_image_height=\"598\"href='https:\/\/www.radiopiu.net\/wordpress\/wp-content\/uploads\/2022\/04\/279033894_701134711029981_5164930758817066201_n.jpg'><img loading=\"lazy\" decoding=\"async\" width=\"150\" height=\"150\" src=\"https:\/\/www.radiopiu.net\/wordpress\/wp-content\/uploads\/2022\/04\/279033894_701134711029981_5164930758817066201_n-150x150.jpg\" class=\"attachment-thumbnail size-thumbnail\" alt=\"\" \/><\/a>\n\t\t\t\t<\/dt><\/dl><dl class='gallery-item'>\n\t\t\t\t<dt class='gallery-icon portrait'>\n\t\t\t\t\t<a class=\"rollover rollover-zoom dt-pswp-item\" title=\"279037891_1808191993010986_5666255476911994061_n\" data-dt-img-description=\"\" data-large_image_width=\"300\" data-large_image_height=\"414\"href='https:\/\/www.radiopiu.net\/wordpress\/wp-content\/uploads\/2022\/04\/279037891_1808191993010986_5666255476911994061_n.jpg'><img loading=\"lazy\" decoding=\"async\" width=\"150\" height=\"150\" src=\"https:\/\/www.radiopiu.net\/wordpress\/wp-content\/uploads\/2022\/04\/279037891_1808191993010986_5666255476911994061_n-150x150.jpg\" class=\"attachment-thumbnail size-thumbnail\" alt=\"\" \/><\/a>\n\t\t\t\t<\/dt><\/dl><dl class='gallery-item'>\n\t\t\t\t<dt class='gallery-icon portrait'>\n\t\t\t\t\t<a class=\"rollover rollover-zoom dt-pswp-item\" title=\"278873482_463716665551855_258605079443621565_n\" data-dt-img-description=\"\" data-large_image_width=\"313\" data-large_image_height=\"403\"href='https:\/\/www.radiopiu.net\/wordpress\/wp-content\/uploads\/2022\/04\/278873482_463716665551855_258605079443621565_n.jpg'><img loading=\"lazy\" decoding=\"async\" width=\"150\" height=\"150\" src=\"https:\/\/www.radiopiu.net\/wordpress\/wp-content\/uploads\/2022\/04\/278873482_463716665551855_258605079443621565_n-150x150.jpg\" class=\"attachment-thumbnail size-thumbnail\" alt=\"\" \/><\/a>\n\t\t\t\t<\/dt><\/dl><dl class='gallery-item'>\n\t\t\t\t<dt class='gallery-icon portrait'>\n\t\t\t\t\t<a class=\"rollover rollover-zoom dt-pswp-item\" title=\"278920740_1693242274349737_2290018559064257815_n\" data-dt-img-description=\"\" data-large_image_width=\"311\" data-large_image_height=\"403\"href='https:\/\/www.radiopiu.net\/wordpress\/wp-content\/uploads\/2022\/04\/278920740_1693242274349737_2290018559064257815_n.jpg'><img loading=\"lazy\" decoding=\"async\" width=\"150\" height=\"150\" src=\"https:\/\/www.radiopiu.net\/wordpress\/wp-content\/uploads\/2022\/04\/278920740_1693242274349737_2290018559064257815_n-150x150.jpg\" class=\"attachment-thumbnail size-thumbnail\" alt=\"\" \/><\/a>\n\t\t\t\t<\/dt><\/dl><dl class='gallery-item'>\n\t\t\t\t<dt class='gallery-icon portrait'>\n\t\t\t\t\t<a class=\"rollover rollover-zoom dt-pswp-item\" title=\"278888547_707351317382766_6257898844889199978_n\" data-dt-img-description=\"\" data-large_image_width=\"320\" data-large_image_height=\"464\"href='https:\/\/www.radiopiu.net\/wordpress\/wp-content\/uploads\/2022\/04\/278888547_707351317382766_6257898844889199978_n.jpg'><img loading=\"lazy\" decoding=\"async\" width=\"150\" height=\"150\" src=\"https:\/\/www.radiopiu.net\/wordpress\/wp-content\/uploads\/2022\/04\/278888547_707351317382766_6257898844889199978_n-150x150.jpg\" class=\"attachment-thumbnail size-thumbnail\" alt=\"\" \/><\/a>\n\t\t\t\t<\/dt><\/dl><dl class='gallery-item'>\n\t\t\t\t<dt class='gallery-icon portrait'>\n\t\t\t\t\t<a class=\"rollover rollover-zoom dt-pswp-item\" title=\"279084080_384022000289706_5615918663574410565_n\" data-dt-img-description=\"\" data-large_image_width=\"350\" data-large_image_height=\"404\"href='https:\/\/www.radiopiu.net\/wordpress\/wp-content\/uploads\/2022\/04\/279084080_384022000289706_5615918663574410565_n.jpg'><img loading=\"lazy\" decoding=\"async\" width=\"150\" height=\"150\" src=\"https:\/\/www.radiopiu.net\/wordpress\/wp-content\/uploads\/2022\/04\/279084080_384022000289706_5615918663574410565_n-150x150.jpg\" class=\"attachment-thumbnail size-thumbnail\" alt=\"\" \/><\/a>\n\t\t\t\t<\/dt><\/dl><br style=\"clear: both\" \/>\n\t\t\t<\/div>\n\n<p>NELLE FOTO (riproduzioni da \u201cUn mese di Maggio con Papa Luciani\u201d): la copertina del libro; l\u2019autore, lo scomparso mons. Basilio Sartori; il \u201cPapa bellunese del sorriso\u201d nella retrocopertina; corona del Rosario; il saluto del Pontefice dal balcone di piazza San Pietro; Madonna del Rosario del 1657 di Luca Giordano nella chiesa napoletana di San Potito; Vergine del Rosario del veneziano Lorenzo Lotto commissionata dai domenicani di Cingoli in provincia di Macerata; pregevole tavola con la \u201cMadonna dell\u2019Umilt\u00e0\u201d nella chiesa di Santa Maria Maggiore di Trieste; Immacolata Concezione di Giambattista Tiepolo, 1768, Museo del Prado; l\u2019 \u201cAnnunciazione\u201d di Andrea Previtali nella chiesa di Meschio a Vittorio Veneto; il patriarca Luciani nella piazzetta di fronte alla basilica di San Marco; Luciani a Lourdes pronuncia l\u2019omelia; ancora Lourdes col Patriarca che distribuisce la comunione; fotografia ufficiale di Giovanni Paolo I, secondo pontefice bellunese della storia dopo Gregorio XVI.<\/p>\n<p>&nbsp;<\/p>\n<p>&nbsp;<\/p>\n<hr \/>\n<p>&nbsp;<\/p>\n<div>\n<div class=\"b654a4as d2edcug0\">\n<div class=\"rq0escxv hkbzh7o3 jwdofwj8 n8tt0mok r8blr3vg hyh9befq\">\n<p><a class=\"dt-pswp-item\" href=\"https:\/\/www.radiopiu.net\/wordpress\/wp-content\/uploads\/2020\/10\/pp.jpg\" data-dt-img-description=\"\" data-large_image_width=\"640\" data-large_image_height=\"640\"><img loading=\"lazy\" decoding=\"async\" class=\"wp-image-163678 alignleft\" src=\"https:\/\/www.radiopiu.net\/wordpress\/wp-content\/uploads\/2020\/10\/pp-300x300.jpg\" alt=\"\" width=\"106\" height=\"106\" srcset=\"https:\/\/www.radiopiu.net\/wordpress\/wp-content\/uploads\/2020\/10\/pp-300x300.jpg 300w, https:\/\/www.radiopiu.net\/wordpress\/wp-content\/uploads\/2020\/10\/pp-150x150.jpg 150w, https:\/\/www.radiopiu.net\/wordpress\/wp-content\/uploads\/2020\/10\/pp-125x125.jpg 125w, https:\/\/www.radiopiu.net\/wordpress\/wp-content\/uploads\/2020\/10\/pp-200x200.jpg 200w, https:\/\/www.radiopiu.net\/wordpress\/wp-content\/uploads\/2020\/10\/pp-80x80.jpg 80w, https:\/\/www.radiopiu.net\/wordpress\/wp-content\/uploads\/2020\/10\/pp-480x480.jpg 480w, https:\/\/www.radiopiu.net\/wordpress\/wp-content\/uploads\/2020\/10\/pp.jpg 640w\" sizes=\"auto, (max-width: 106px) 100vw, 106px\" \/><\/a><\/p>\n<\/div>\n<\/div>\n<\/div>\n<div>\n<div class=\"page-title-head hgroup\">\n<div class=\"page-title-head hgroup\">\n<div class=\"b654a4as d2edcug0\">\n<div class=\"j83agx80 btwxx1t3 lhclo0ds hop8lmos nkwizq5d scwd0bx6 roh60bw9\">\n<div class=\"rq0escxv hkbzh7o3 jwdofwj8 n8tt0mok r8blr3vg hyh9befq\">\n<div class=\"do00u71z l9j0dhe7 k4urcfbm\">\n<h2><span style=\"color: #000080;\">DON CESARE, IL PENSIERO DEL GIORNO. ALLA RADIO ALLE 7 DEL MATTINO E ALLE 19.30 DELLA SERA.\u00a0<\/span><\/h2>\n<audio class=\"wp-audio-shortcode\" id=\"audio-272276-12\" preload=\"none\" style=\"width: 100%;\" controls=\"controls\"><source type=\"audio\/mpeg\" src=\"https:\/\/www.radiopiu.net\/wordpress\/wp-content\/uploads\/2022\/04\/cesare-9.mp3?_=12\" \/><a href=\"https:\/\/www.radiopiu.net\/wordpress\/wp-content\/uploads\/2022\/04\/cesare-9.mp3\">https:\/\/www.radiopiu.net\/wordpress\/wp-content\/uploads\/2022\/04\/cesare-9.mp3<\/a><\/audio>\n<\/div>\n<\/div>\n<\/div>\n<\/div>\n<\/div>\n<\/div>\n<\/div>\n<p>&nbsp;<\/p>\n<p>&nbsp;<\/p>\n<hr \/>\n<p>&nbsp;<\/p>\n<h3 class=\"kvgmc6g5 cxmmr5t8 oygrvhab hcukyx3x c1et5uql\"><span style=\"color: #0000ff;\"><strong>INFORMAZIONE il canale su TELEGRAM informazione di prima mano e in tempo reale. iscriviti ed aiutaci a farlo conoscere\u00a0 \u00a0<\/strong><\/span><\/h3>\n<p><strong>LA RACCOLTA COMPLETA\u00a0<\/strong><\/p>\n<blockquote class=\"wp-embedded-content\" data-secret=\"humOi5wiEJ\"><p><a href=\"https:\/\/www.radiopiu.net\/wordpress\/007incondotta-9\/\">007 in condotta<\/a><\/p><\/blockquote>\n<p><iframe loading=\"lazy\" class=\"wp-embedded-content\" sandbox=\"allow-scripts\" security=\"restricted\" style=\"position: absolute; clip: rect(1px, 1px, 1px, 1px);\" title=\"&#8220;007 in condotta&#8221; &#8212; Radio Pi\u00f9\" src=\"https:\/\/www.radiopiu.net\/wordpress\/007incondotta-9\/embed\/#?secret=BLWtxGDi2W#?secret=humOi5wiEJ\" data-secret=\"humOi5wiEJ\" width=\"600\" height=\"338\" frameborder=\"0\" marginwidth=\"0\" marginheight=\"0\" scrolling=\"no\"><\/iframe><\/p>\n<p>&nbsp;<\/p>\n<hr \/>\n<p>&nbsp;<\/p>\n<div class=\"do00u71z l9j0dhe7 k4urcfbm\">\n<div class=\"page-title-head hgroup\">\n<div class=\"page-title-head hgroup\">\n<div class=\"b654a4as d2edcug0\">\n<div class=\"j83agx80 btwxx1t3 lhclo0ds hop8lmos nkwizq5d scwd0bx6 roh60bw9\">\n<div class=\"rq0escxv hkbzh7o3 jwdofwj8 n8tt0mok r8blr3vg hyh9befq\">\n<div class=\"do00u71z l9j0dhe7 k4urcfbm\">\n<div class=\"page-title-head hgroup\">\n<div class=\"page-title-head hgroup\">\n<div class=\"b654a4as d2edcug0\">\n<div class=\"j83agx80 btwxx1t3 lhclo0ds hop8lmos nkwizq5d scwd0bx6 roh60bw9\">\n<div class=\"rq0escxv hkbzh7o3 jwdofwj8 n8tt0mok r8blr3vg hyh9befq\">\n<div class=\"do00u71z l9j0dhe7 k4urcfbm\">\n<div class=\"ecm0bbzt e5nlhep0 a8c37x1j\">\n<div class=\"kvgmc6g5 cxmmr5t8 oygrvhab hcukyx3x c1et5uql\">\n<div class=\"gmail-kvgmc6g5 gmail-cxmmr5t8 gmail-oygrvhab gmail-hcukyx3x gmail-c1et5uql gmail-ii04i59q\">\n<div class=\"page-title-head hgroup\">\n<div class=\"page-title-head hgroup\">\n<div class=\"b654a4as d2edcug0\">\n<div class=\"j83agx80 btwxx1t3 lhclo0ds hop8lmos nkwizq5d scwd0bx6 roh60bw9\">\n<div class=\"rq0escxv hkbzh7o3 jwdofwj8 n8tt0mok r8blr3vg hyh9befq\">\n<div class=\"do00u71z l9j0dhe7 k4urcfbm\">\n<div class=\"page-title-head hgroup\">\n<div class=\"page-title-head hgroup\">\n<div class=\"b654a4as d2edcug0\">\n<div class=\"j83agx80 btwxx1t3 lhclo0ds hop8lmos nkwizq5d scwd0bx6 roh60bw9\">\n<div class=\"rq0escxv hkbzh7o3 jwdofwj8 n8tt0mok r8blr3vg hyh9befq\">\n<div class=\"do00u71z l9j0dhe7 k4urcfbm\">\n<div class=\"page-title-head hgroup\">\n<div class=\"page-title-head hgroup\">\n<div class=\"b654a4as d2edcug0\">\n<div class=\"j83agx80 btwxx1t3 lhclo0ds hop8lmos nkwizq5d scwd0bx6 roh60bw9\">\n<div class=\"rq0escxv hkbzh7o3 jwdofwj8 n8tt0mok r8blr3vg hyh9befq\">\n<div class=\"do00u71z l9j0dhe7 k4urcfbm\">\n<div class=\"ecm0bbzt e5nlhep0 a8c37x1j\">\n<div class=\"kvgmc6g5 cxmmr5t8 oygrvhab hcukyx3x c1et5uql\">\n<div class=\"gmail-kvgmc6g5 gmail-cxmmr5t8 gmail-oygrvhab gmail-hcukyx3x gmail-c1et5uql gmail-ii04i59q\">\n<div class=\"page-title-head hgroup\">\n<div class=\"page-title-head hgroup\">\n<div class=\"b654a4as d2edcug0\">\n<div class=\"j83agx80 btwxx1t3 lhclo0ds hop8lmos nkwizq5d scwd0bx6 roh60bw9\">\n<div class=\"rq0escxv hkbzh7o3 jwdofwj8 n8tt0mok r8blr3vg hyh9befq\">\n<div class=\"do00u71z l9j0dhe7 k4urcfbm\">\n<blockquote>\n<h3><span style=\"color: #ff0000;\">IN VIVO VERSO, SETTIMA STAGIONE CON BRUNELLA MORO, DAL LUNEDI AL VENERDI ALLE 7.10, 10.10 E 18.50\u00a0\u00a0<\/span><\/h3>\n<\/blockquote>\n<h3>TIENIMI PER MANO di CARLO SORGIA<\/h3>\n<p>AUDIO<\/p>\n<audio class=\"wp-audio-shortcode\" id=\"audio-272276-13\" preload=\"none\" style=\"width: 100%;\" controls=\"controls\"><source type=\"audio\/mpeg\" src=\"https:\/\/www.radiopiu.net\/wordpress\/wp-content\/uploads\/2022\/04\/2-CARLO-SORGIA-TIENIMI-PER-MANO.mp3?_=13\" \/><a href=\"https:\/\/www.radiopiu.net\/wordpress\/wp-content\/uploads\/2022\/04\/2-CARLO-SORGIA-TIENIMI-PER-MANO.mp3\">https:\/\/www.radiopiu.net\/wordpress\/wp-content\/uploads\/2022\/04\/2-CARLO-SORGIA-TIENIMI-PER-MANO.mp3<\/a><\/audio>\n<p>&nbsp;<\/p>\n<p>&nbsp;<\/p>\n<p><img loading=\"lazy\" decoding=\"async\" class=\"alignleft\" src=\"https:\/\/www.radiopiu.net\/wordpress\/wp-content\/uploads\/2022\/04\/2-CARLO-SORGIA-FOTO-300x300.jpg\" width=\"149\" height=\"149\" \/><strong>TIENIMI PER MANO.<\/strong><\/p>\n<p>Tienimi per mano per valli incantate<br \/>\nnuota con me lungo le praterie degli oceani<br \/>\nfacendo gara coi delfini senza sentir stanchezza.<br \/>\nPer le altezze voliamo affiancati<br \/>\nrincorrendo le aquile<br \/>\ne poi gi\u00f9 tra cristalline acque ad ammirare<br \/>\ni volti di noi fanciulli.<br \/>\nNon lasciarmi andare, vola con me,<br \/>\nsopra vette impervie e misteriosi abissi.<br \/>\nNoi, fratelli dei pesci del mare e uccelli del cielo,<br \/>\nconfusi nella libert\u00e0.<br \/>\nIl cielo si infiamma<br \/>\ne le stelle vibrano all&#8217;infinito<br \/>\nfino a che il cuore regge.<\/p>\n<p><strong>LA RACCOLTA COMPLETA\u00a0<\/strong><\/p>\n<blockquote class=\"wp-embedded-content\" data-secret=\"RhHjdZU6m4\"><p><a href=\"https:\/\/www.radiopiu.net\/wordpress\/in-vivo-verso\/\">In Vivo Verso<\/a><\/p><\/blockquote>\n<p><iframe loading=\"lazy\" class=\"wp-embedded-content\" sandbox=\"allow-scripts\" security=\"restricted\" style=\"position: absolute; clip: rect(1px, 1px, 1px, 1px);\" title=\"&#8220;In Vivo Verso&#8221; &#8212; Radio Pi\u00f9\" src=\"https:\/\/www.radiopiu.net\/wordpress\/in-vivo-verso\/embed\/#?secret=xEokzhVLxj#?secret=RhHjdZU6m4\" data-secret=\"RhHjdZU6m4\" width=\"600\" height=\"338\" frameborder=\"0\" marginwidth=\"0\" marginheight=\"0\" scrolling=\"no\"><\/iframe><\/p>\n<p>&nbsp;<\/p>\n<hr \/>\n<p>&nbsp;<\/p>\n<h3 class=\"entry-title\"><span style=\"color: #ff0000;\"><a href=\"https:\/\/www.radiopiu.net\/wordpress\/wp-content\/uploads\/2022\/04\/bustos-756620__340.webp\"><img loading=\"lazy\" decoding=\"async\" class=\" wp-image-271808 alignleft\" src=\"https:\/\/www.radiopiu.net\/wordpress\/wp-content\/uploads\/2022\/04\/bustos-756620__340-150x150.webp\" alt=\"\" width=\"94\" height=\"94\" \/><\/a>GOCCE DI FILOSOFIA PUNTATA 187<\/span><\/h3>\n<h3 class=\"entry-title\">AUDIO<\/h3>\n<audio class=\"wp-audio-shortcode\" id=\"audio-272276-14\" preload=\"none\" style=\"width: 100%;\" controls=\"controls\"><source type=\"audio\/mpeg\" src=\"https:\/\/www.radiopiu.net\/wordpress\/wp-content\/uploads\/2022\/04\/FI2-3.mp3?_=14\" \/><a href=\"https:\/\/www.radiopiu.net\/wordpress\/wp-content\/uploads\/2022\/04\/FI2-3.mp3\">https:\/\/www.radiopiu.net\/wordpress\/wp-content\/uploads\/2022\/04\/FI2-3.mp3<\/a><\/audio>\n<p>&nbsp;<\/p>\n<p><strong>\u00a0<\/strong><strong>LA RACCOLTA COMPLETA<\/strong><\/p>\n<blockquote class=\"wp-embedded-content\" data-secret=\"vqXTyWRVmR\"><p><a href=\"https:\/\/www.radiopiu.net\/wordpress\/gocce-filosofia\/\">Gocce di filosofia, PRIMA E SECONDA STAGIONE 2022<\/a><\/p><\/blockquote>\n<p><iframe loading=\"lazy\" class=\"wp-embedded-content\" sandbox=\"allow-scripts\" security=\"restricted\" style=\"position: absolute; clip: rect(1px, 1px, 1px, 1px);\" title=\"&#8220;Gocce di filosofia, PRIMA E SECONDA STAGIONE 2022&#8221; &#8212; Radio Pi\u00f9\" src=\"https:\/\/www.radiopiu.net\/wordpress\/gocce-filosofia\/embed\/#?secret=nsO4Xsm6vw#?secret=vqXTyWRVmR\" data-secret=\"vqXTyWRVmR\" width=\"600\" height=\"338\" frameborder=\"0\" marginwidth=\"0\" marginheight=\"0\" scrolling=\"no\"><\/iframe><\/p>\n<p>&nbsp;<\/p>\n<hr \/>\n<p>&nbsp;<\/p>\n<p><span style=\"color: #0000ff;\">MUSICA PIU&#8217;\u00a0<\/span><\/p>\n<p><a href=\"https:\/\/www.radiopiu.net\/wordpress\/giornale-radiopiu-20-settembre-2021-direttore-mirko-mezzacasa\/pp-79\/\" rel=\"attachment wp-att-232921\"><img loading=\"lazy\" decoding=\"async\" class=\"wp-image-232921 alignleft\" src=\"https:\/\/www.radiopiu.net\/wordpress\/wp-content\/uploads\/2021\/09\/pp-1-300x300.jpg\" alt=\"\" width=\"135\" height=\"135\" srcset=\"https:\/\/www.radiopiu.net\/wordpress\/wp-content\/uploads\/2021\/09\/pp-1-300x300.jpg 300w, https:\/\/www.radiopiu.net\/wordpress\/wp-content\/uploads\/2021\/09\/pp-1-150x150.jpg 150w, https:\/\/www.radiopiu.net\/wordpress\/wp-content\/uploads\/2021\/09\/pp-1.jpg 640w\" sizes=\"auto, (max-width: 135px) 100vw, 135px\" \/><\/a><\/p>\n<div class=\"mkdf-post-text\">\n<div class=\"mkdf-post-text-inner\">\n<div class=\"mkdf-post-text-main\">\n<div class=\"mkdf-post-text\">\n<div class=\"mkdf-post-text-inner\">\n<div class=\"mkdf-post-text-main\">\n<div class=\"mkdf-post-text\">\n<div class=\"mkdf-post-text-inner\">\n<div class=\"mkdf-post-text-main\">\n<div class=\"page-title-head hgroup\">\n<div class=\"page-title-head hgroup\">\n<div class=\"mkdf-post-text\">\n<div class=\"mkdf-post-text-inner\">\n<div class=\"mkdf-post-text-main\">\n<div class=\"mkdf-post-text\">\n<div class=\"mkdf-post-text-inner\">\n<div class=\"mkdf-post-text-main\">\n<div class=\"page-title-head hgroup\">\n<div class=\"page-title-head hgroup\">\n<div class=\"page-title-head hgroup\">\n<div class=\"page-title-head hgroup\">\n<div class=\"b654a4as d2edcug0\">\n<div class=\"page-title-head hgroup\">\n<div class=\"page-title-head hgroup\">\n<div class=\"page-title-head hgroup\">\n<div class=\"page-title-head hgroup\">\n<div class=\"b654a4as d2edcug0\">\n<div class=\"page-title-head hgroup\">\n<div class=\"page-title-head hgroup\">\n<div class=\"page-title-head hgroup\">\n<div class=\"page-title-head hgroup\">\n<div class=\"b654a4as d2edcug0\">\n<div class=\"mkdf-post-text\">\n<div class=\"mkdf-post-text-inner\">\n<div class=\"mkdf-post-text-main\">\n<div class=\"mkdf-post-text\">\n<div class=\"mkdf-post-text-inner\">\n<div class=\"mkdf-post-text-main\">\n<div class=\"mkdf-post-text\">\n<div class=\"mkdf-post-text-inner\">\n<div class=\"mkdf-post-text-main\">\n<div class=\"page-title-head hgroup\">\n<div class=\"page-title-head hgroup\">\n<div class=\"mkdf-post-text\">\n<div class=\"mkdf-post-text-inner\">\n<div class=\"mkdf-post-text-main\">\n<div class=\"mkdf-post-text\">\n<div class=\"mkdf-post-text-inner\">\n<div class=\"mkdf-post-text-main\">\n<div class=\"page-title-head hgroup\">\n<div class=\"page-title-head hgroup\">\n<div class=\"page-title-head hgroup\">\n<div class=\"page-title-head hgroup\">\n<div class=\"b654a4as d2edcug0\">\n<div class=\"page-title-head hgroup\">\n<div class=\"page-title-head hgroup\">\n<div class=\"page-title-head hgroup\">\n<div class=\"page-title-head hgroup\">\n<div class=\"b654a4as d2edcug0\">\n<div class=\"page-title-head hgroup\">\n<div class=\"page-title-head hgroup\">\n<div class=\"page-title-head hgroup\">\n<div class=\"page-title-head hgroup\">\n<div class=\"b654a4as d2edcug0\">\n<div><\/div>\n<div><\/div>\n<div>\n<p><strong>MUSICA ALLA RADIO, IL PROGRAMMA DI LORIS SCUSSEL &#8220;COLLAGE OPERAZIONE NOSTALGIA&#8221; DAL LUNEDI AL VENERDI ALLE 16.00\u00a0 E ALLE 23\u00a0<\/strong><\/p>\n<p>&nbsp;<\/p>\n<\/div>\n<p><em><strong>PUNTATA 592 DEL 26 APRILE 2022<\/strong><\/em><\/p>\n<audio class=\"wp-audio-shortcode\" id=\"audio-272276-15\" preload=\"none\" style=\"width: 100%;\" controls=\"controls\"><source type=\"audio\/mpeg\" src=\"https:\/\/www.radiopiu.net\/wordpress\/wp-content\/uploads\/2022\/04\/Collage-592.mp3?_=15\" \/><a href=\"https:\/\/www.radiopiu.net\/wordpress\/wp-content\/uploads\/2022\/04\/Collage-592.mp3\">https:\/\/www.radiopiu.net\/wordpress\/wp-content\/uploads\/2022\/04\/Collage-592.mp3<\/a><\/audio>\n<p>&nbsp;<\/p>\n<p><strong><a class=\"dt-pswp-item\" href=\"https:\/\/www.radiopiu.net\/wordpress\/wp-content\/uploads\/2022\/04\/a-frame_630x415.jpg\" data-dt-img-description=\"\" data-large_image_width=\"630\" data-large_image_height=\"413\"><img loading=\"lazy\" decoding=\"async\" class=\"wp-image-272013 alignleft\" src=\"https:\/\/www.radiopiu.net\/wordpress\/wp-content\/uploads\/2022\/04\/a-frame_630x415-300x197.jpg\" alt=\"\" width=\"181\" height=\"119\" srcset=\"https:\/\/www.radiopiu.net\/wordpress\/wp-content\/uploads\/2022\/04\/a-frame_630x415-300x197.jpg 300w, https:\/\/www.radiopiu.net\/wordpress\/wp-content\/uploads\/2022\/04\/a-frame_630x415.jpg 630w\" sizes=\"auto, (max-width: 181px) 100vw, 181px\" \/><\/a>di Loris Scussel<\/strong><\/p>\n<p>Una nuova settimana quella di Collage che si apre all\u2019insegna della musica internazionale, marted\u00ec canzoni \u201ccolorate\u201d, mercoled\u00ec spazio ad alcuni mostri sacri della musica rock come Emerson Lake e Palmer, The Who, Jimi Hendrix e cos\u00ec via. Gioved\u00ec e venerd\u00ec troveremo due puntate a tema rispettivamente dedicate a \u201ci viaggi\u201d e alle \u201ccitt\u00e0\u201d. Collage va in onda dal luned\u00ec al venerd\u00ec alle 16,00 e alle 23,00.<\/p>\n<p>&nbsp;<\/p>\n<p>&nbsp;<\/p>\n<p>&nbsp;<\/p>\n<hr \/>\n<p>&nbsp;<\/p>\n<h2><span style=\"color: #008000;\">GIROVAGANDO IN E-BIKE 2022<\/span><\/h2>\n<p><strong class=\"photoswipe-wrapper\"><a class=\"dt-pswp-item\" href=\"https:\/\/www.radiopiu.net\/wordpress\/wp-content\/uploads\/2022\/04\/617aded4-3cc8-441e-8df2-234c18bd5520.jpg\" data-dt-img-description=\"\" data-large_image_width=\"1638\" data-large_image_height=\"2048\"><img loading=\"lazy\" decoding=\"async\" class=\"size-thumbnail wp-image-272322 alignleft\" src=\"https:\/\/www.radiopiu.net\/wordpress\/wp-content\/uploads\/2022\/04\/617aded4-3cc8-441e-8df2-234c18bd5520-150x150.jpg\" alt=\"\" width=\"150\" height=\"150\" \/><\/a>REDAZIONE <\/strong>Tornano gli amici di Girovagando in E-Bike delle Dolomiti. Con la collaborazione di Thomas Soppelsa<\/p>\n<p><strong>PUNTATA DEL 26 APRILE 2022<\/strong><\/p>\n<audio class=\"wp-audio-shortcode\" id=\"audio-272276-16\" preload=\"none\" style=\"width: 100%;\" controls=\"controls\"><source type=\"audio\/mpeg\" src=\"https:\/\/www.radiopiu.net\/wordpress\/wp-content\/uploads\/2022\/04\/GIROVAGANDO-2022-2.mp3?_=16\" \/><a href=\"https:\/\/www.radiopiu.net\/wordpress\/wp-content\/uploads\/2022\/04\/GIROVAGANDO-2022-2.mp3\">https:\/\/www.radiopiu.net\/wordpress\/wp-content\/uploads\/2022\/04\/GIROVAGANDO-2022-2.mp3<\/a><\/audio>\n<p>&nbsp;<\/p>\n<p><strong>LA RACCOLTA COMPLETA<\/strong><\/p>\n<blockquote class=\"wp-embedded-content\" data-secret=\"K5ZA0Knsp3\"><p><a href=\"https:\/\/www.radiopiu.net\/wordpress\/girovagando-in-e-bike-tra-le-dolomiti\/\">GIROVAGANDO IN E BIKE TRA LE DOLOMITI<\/a><\/p><\/blockquote>\n<p><iframe loading=\"lazy\" class=\"wp-embedded-content\" sandbox=\"allow-scripts\" security=\"restricted\" style=\"position: absolute; clip: rect(1px, 1px, 1px, 1px);\" title=\"&#8220;GIROVAGANDO IN E BIKE TRA LE DOLOMITI&#8221; &#8212; Radio Pi\u00f9\" src=\"https:\/\/www.radiopiu.net\/wordpress\/girovagando-in-e-bike-tra-le-dolomiti\/embed\/#?secret=gq9iiNYmid#?secret=K5ZA0Knsp3\" data-secret=\"K5ZA0Knsp3\" width=\"600\" height=\"338\" frameborder=\"0\" marginwidth=\"0\" marginheight=\"0\" scrolling=\"no\"><\/iframe><\/p>\n<p>&nbsp;<\/p>\n<hr \/>\n<p>&nbsp;<\/p>\n<h2><span style=\"color: #0000ff;\">SALUTE &amp; SOCIETA&#8217;<\/span><\/h2>\n<p><strong>LA RACCOLTA COMPLETA<\/strong><\/p>\n<blockquote class=\"wp-embedded-content\" data-secret=\"J7CgoEewl7\"><p><a href=\"https:\/\/www.radiopiu.net\/wordpress\/saluteesocieta\/\">Salute e Societ\u00e0<\/a><\/p><\/blockquote>\n<p><iframe loading=\"lazy\" class=\"wp-embedded-content\" sandbox=\"allow-scripts\" security=\"restricted\" style=\"position: absolute; clip: rect(1px, 1px, 1px, 1px);\" title=\"&#8220;Salute e Societ\u00e0&#8221; &#8212; Radio Pi\u00f9\" src=\"https:\/\/www.radiopiu.net\/wordpress\/saluteesocieta\/embed\/#?secret=pfS7bYOfeM#?secret=J7CgoEewl7\" data-secret=\"J7CgoEewl7\" width=\"600\" height=\"338\" frameborder=\"0\" marginwidth=\"0\" marginheight=\"0\" scrolling=\"no\"><\/iframe><\/p>\n<p>&nbsp;<\/p>\n<hr \/>\n<\/div>\n<\/div>\n<\/div>\n<\/div>\n<\/div>\n<\/div>\n<\/div>\n<\/div>\n<\/div>\n<\/div>\n<\/div>\n<\/div>\n<\/div>\n<\/div>\n<\/div>\n<\/div>\n<\/div>\n<\/div>\n<\/div>\n<\/div>\n<\/div>\n<\/div>\n<\/div>\n<\/div>\n<\/div>\n<\/div>\n<\/div>\n<\/div>\n<\/div>\n<\/div>\n<\/div>\n<\/div>\n<\/div>\n<\/div>\n<\/div>\n<\/div>\n<\/div>\n<\/div>\n<\/div>\n<\/div>\n<\/div>\n<\/div>\n<\/div>\n<\/div>\n<\/div>\n<\/div>\n<\/div>\n<\/div>\n<\/div>\n<\/div>\n<\/div>\n<\/div>\n<\/div>\n<\/div>\n<\/div>\n<\/div>\n<\/div>\n<\/div>\n<\/div>\n<\/div>\n<\/div>\n<\/div>\n<\/div>\n<\/div>\n<p>&nbsp;<\/p>\n<blockquote>\n<h3><span style=\"color: #0000ff;\">RADIO PIU INFORMAZIONE il canale su TELEGRAM informazione di prima mano e in tempo reale. iscriviti ed aiutaci a farlo conoscere\u00a0\u00a0<\/span><\/h3>\n<\/blockquote>\n<div>\n<div class=\"page-title-head hgroup\">\n<div class=\"page-title-head hgroup\">\n<div class=\"page-title-head hgroup\">\n<div class=\"page-title-head hgroup\">\n<div class=\"b654a4as d2edcug0\">\n<div class=\"page-title-head hgroup\">\n<div class=\"page-title-head hgroup\">\n<div class=\"page-title-head hgroup\">\n<div class=\"page-title-head hgroup\">\n<div class=\"b654a4as d2edcug0\">\n<div class=\"page-title-head hgroup\">\n<div class=\"page-title-head hgroup\">\n<div class=\"page-title-head hgroup\">\n<div class=\"page-title-head hgroup\">\n<div class=\"page-title-head hgroup\">\n<div class=\"page-title-head hgroup\">\n<div class=\"page-title-head hgroup\">\n<div class=\"page-title-head hgroup\">\n<div class=\"page-title-head hgroup\">\n<div class=\"b654a4as d2edcug0\">\n<div class=\"page-title-head hgroup\">\n<div class=\"page-title-head hgroup\">\n<div class=\"page-title-head hgroup\">\n<div class=\"page-title-head hgroup\">\n<div class=\"b654a4as d2edcug0\">\n<div><\/div>\n<div>\n<div class=\"page-title-head hgroup\">\n<div class=\"page-title-head hgroup\">\n<div class=\"page-title-head hgroup\">\n<div class=\"page-title-head hgroup\">\n<div class=\"page-title-head hgroup\">\n<div class=\"mkdf-post-text\">\n<div class=\"mkdf-post-text-inner\">\n<div class=\"mkdf-post-text-main\">\n<div class=\"mkdf-post-text\">\n<div class=\"mkdf-post-text-inner\">\n<div class=\"mkdf-post-text-main\">\n<div class=\"mkdf-post-text\">\n<div class=\"mkdf-post-text-inner\">\n<div class=\"mkdf-post-text-main\">\n<div class=\"page-title-head hgroup\">\n<div class=\"page-title-head hgroup\">\n<div class=\"mkdf-post-text\">\n<div class=\"mkdf-post-text-inner\">\n<div class=\"mkdf-post-text-main\">\n<div class=\"mkdf-post-text\">\n<div class=\"mkdf-post-text-inner\">\n<div class=\"mkdf-post-text-main\">\n<div class=\"page-title-head hgroup\">\n<div class=\"page-title-head hgroup\">\n<div class=\"page-title-head hgroup\">\n<div class=\"page-title-head hgroup\">\n<div class=\"b654a4as d2edcug0\">\n<div class=\"page-title-head hgroup\">\n<div class=\"page-title-head hgroup\">\n<div class=\"page-title-head hgroup\">\n<div class=\"page-title-head hgroup\">\n<div class=\"b654a4as d2edcug0\">\n<div class=\"page-title-head hgroup\">\n<div class=\"page-title-head hgroup\">\n<div class=\"page-title-head hgroup\">\n<div class=\"page-title-head hgroup\">\n<p>&nbsp;<\/p>\n<div>\n<div class=\"page-title-head hgroup\">\n<div class=\"page-title-head hgroup\">\n<div class=\"b654a4as d2edcug0\">\n<div class=\"j83agx80 btwxx1t3 lhclo0ds hop8lmos nkwizq5d scwd0bx6 roh60bw9\">\n<div class=\"rq0escxv hkbzh7o3 jwdofwj8 n8tt0mok r8blr3vg hyh9befq\">\n<div class=\"do00u71z l9j0dhe7 k4urcfbm\">\n<div class=\"page-title-head hgroup\">\n<div class=\"page-title-head hgroup\">\n<div class=\"b654a4as d2edcug0\">\n<div class=\"j83agx80 btwxx1t3 lhclo0ds hop8lmos nkwizq5d scwd0bx6 roh60bw9\">\n<div class=\"rq0escxv hkbzh7o3 jwdofwj8 n8tt0mok r8blr3vg hyh9befq\">\n<div class=\"do00u71z l9j0dhe7 k4urcfbm\">\n<div class=\"ecm0bbzt e5nlhep0 a8c37x1j\">\n<div class=\"kvgmc6g5 cxmmr5t8 oygrvhab hcukyx3x c1et5uql\">\n<div class=\"gmail-kvgmc6g5 gmail-cxmmr5t8 gmail-oygrvhab gmail-hcukyx3x gmail-c1et5uql gmail-ii04i59q\">\n<div class=\"page-title-head hgroup\">\n<div class=\"page-title-head hgroup\">\n<div class=\"b654a4as d2edcug0\">\n<div class=\"j83agx80 btwxx1t3 lhclo0ds hop8lmos nkwizq5d scwd0bx6 roh60bw9\">\n<div class=\"rq0escxv hkbzh7o3 jwdofwj8 n8tt0mok r8blr3vg hyh9befq\">\n<div class=\"do00u71z l9j0dhe7 k4urcfbm\">\n<div class=\"page-title-head hgroup\">\n<div class=\"page-title-head hgroup\">\n<div class=\"b654a4as d2edcug0\">\n<div class=\"j83agx80 btwxx1t3 lhclo0ds hop8lmos nkwizq5d scwd0bx6 roh60bw9\">\n<div class=\"rq0escxv hkbzh7o3 jwdofwj8 n8tt0mok r8blr3vg hyh9befq\">\n<div class=\"do00u71z l9j0dhe7 k4urcfbm\">\n<div class=\"page-title-head hgroup\">\n<div class=\"page-title-head hgroup\">\n<div class=\"b654a4as d2edcug0\">\n<div class=\"j83agx80 btwxx1t3 lhclo0ds hop8lmos nkwizq5d scwd0bx6 roh60bw9\">\n<div class=\"rq0escxv hkbzh7o3 jwdofwj8 n8tt0mok r8blr3vg hyh9befq\">\n<div class=\"do00u71z l9j0dhe7 k4urcfbm\">\n<div class=\"ecm0bbzt e5nlhep0 a8c37x1j\">\n<div class=\"kvgmc6g5 cxmmr5t8 oygrvhab hcukyx3x c1et5uql\">\n<div class=\"gmail-kvgmc6g5 gmail-cxmmr5t8 gmail-oygrvhab gmail-hcukyx3x gmail-c1et5uql gmail-ii04i59q\">\n<div class=\"page-title-head hgroup\">\n<div class=\"page-title-head hgroup\">\n<div class=\"b654a4as d2edcug0\">\n<div class=\"j83agx80 btwxx1t3 lhclo0ds hop8lmos nkwizq5d scwd0bx6 roh60bw9\">\n<div class=\"rq0escxv hkbzh7o3 jwdofwj8 n8tt0mok r8blr3vg hyh9befq\">\n<div class=\"do00u71z l9j0dhe7 k4urcfbm\">\n<div class=\"page-title-head hgroup\">\n<div class=\"page-title-head hgroup\">\n<div class=\"page-title-head hgroup\">\n<div class=\"page-title-head hgroup\">\n<div class=\"b654a4as d2edcug0\">\n<div class=\"page-title-head hgroup\">\n<div class=\"page-title-head hgroup\">\n<div class=\"page-title-head hgroup\">\n<div class=\"page-title-head hgroup\">\n<div class=\"b654a4as d2edcug0\">\n<div class=\"page-title-head hgroup\">\n<div class=\"page-title-head hgroup\">\n<div class=\"page-title-head hgroup\">\n<div class=\"page-title-head hgroup\">\n<div class=\"page-title-head hgroup\">\n<div class=\"page-title-head hgroup\">\n<div class=\"page-title-head hgroup\">\n<div class=\"page-title-head hgroup\">\n<div class=\"page-title-head hgroup\">\n<div class=\"b654a4as d2edcug0\">\n<div class=\"page-title-head hgroup\">\n<div class=\"page-title-head hgroup\">\n<div class=\"page-title-head hgroup\">\n<div class=\"page-title-head hgroup\">\n<div class=\"b654a4as d2edcug0\">\n<div class=\"page-title-head hgroup\">\n<div class=\"page-title-head hgroup\">\n<div class=\"page-title-head hgroup\">\n<div class=\"page-title-head hgroup\">\n<div class=\"page-title-head hgroup\">\n<div class=\"mkdf-post-text\">\n<div class=\"mkdf-post-text-inner\">\n<div class=\"mkdf-post-text-main\">\n<div class=\"mkdf-post-text\">\n<div class=\"mkdf-post-text-inner\">\n<div class=\"mkdf-post-text-main\">\n<div class=\"mkdf-post-text\">\n<div class=\"mkdf-post-text-inner\">\n<div class=\"mkdf-post-text-main\">\n<div class=\"page-title-head hgroup\">\n<div class=\"page-title-head hgroup\">\n<div class=\"mkdf-post-text\">\n<div class=\"mkdf-post-text-inner\">\n<div class=\"mkdf-post-text-main\">\n<div class=\"mkdf-post-text\">\n<div class=\"mkdf-post-text-inner\">\n<div class=\"mkdf-post-text-main\">\n<div class=\"page-title-head hgroup\">\n<div class=\"page-title-head hgroup\">\n<div class=\"page-title-head hgroup\">\n<div class=\"page-title-head hgroup\">\n<div class=\"b654a4as d2edcug0\">\n<div class=\"page-title-head hgroup\">\n<div class=\"page-title-head hgroup\">\n<div class=\"page-title-head hgroup\">\n<div class=\"page-title-head hgroup\">\n<div class=\"b654a4as d2edcug0\">\n<div class=\"page-title-head hgroup\">\n<div class=\"page-title-head hgroup\">\n<div class=\"page-title-head hgroup\">\n<div class=\"page-title-head hgroup\">\n<div class=\"b654a4as d2edcug0\">\n<div class=\"ecm0bbzt e5nlhep0 a8c37x1j\">\n<div class=\"kvgmc6g5 cxmmr5t8 oygrvhab hcukyx3x c1et5uql\">\n<div class=\"gmail-kvgmc6g5 gmail-cxmmr5t8 gmail-oygrvhab gmail-hcukyx3x gmail-c1et5uql gmail-ii04i59q\">\n<div class=\"page-title-head hgroup\">\n<div class=\"page-title-head hgroup\">\n<div class=\"b654a4as d2edcug0\">\n<div class=\"j83agx80 btwxx1t3 lhclo0ds hop8lmos nkwizq5d scwd0bx6 roh60bw9\">\n<div class=\"rq0escxv hkbzh7o3 jwdofwj8 n8tt0mok r8blr3vg hyh9befq\">\n<div class=\"do00u71z l9j0dhe7 k4urcfbm\">\n<div class=\"page-title-head hgroup\">\n<div class=\"page-title-head hgroup\">\n<div class=\"page-title-head hgroup\">\n<div class=\"page-title-head hgroup\">\n<div class=\"b654a4as d2edcug0\">\n<div class=\"page-title-head hgroup\">\n<div class=\"page-title-head hgroup\">\n<div class=\"page-title-head hgroup\">\n<div class=\"page-title-head hgroup\">\n<div class=\"b654a4as d2edcug0\">\n<div class=\"page-title-head hgroup\">\n<div class=\"page-title-head hgroup\">\n<div class=\"page-title-head hgroup\">\n<div class=\"page-title-head hgroup\">\n<div class=\"page-title-head hgroup\">\n<div class=\"page-title-head hgroup\">\n<div class=\"page-title-head hgroup\">\n<div class=\"page-title-head hgroup\">\n<div class=\"page-title-head hgroup\">\n<div class=\"b654a4as d2edcug0\">\n<div class=\"page-title-head hgroup\">\n<div class=\"page-title-head hgroup\">\n<div class=\"page-title-head hgroup\">\n<div class=\"page-title-head hgroup\">\n<div class=\"b654a4as d2edcug0\">\n<div class=\"page-title-head hgroup\">\n<div class=\"page-title-head hgroup\">\n<div class=\"page-title-head hgroup\">\n<div class=\"page-title-head hgroup\">\n<div class=\"page-title-head hgroup\">\n<div class=\"mkdf-post-text\">\n<div class=\"mkdf-post-text-inner\">\n<div class=\"mkdf-post-text-main\">\n<div class=\"mkdf-post-text\">\n<div class=\"mkdf-post-text-inner\">\n<div class=\"mkdf-post-text-main\">\n<div class=\"mkdf-post-text\">\n<div class=\"mkdf-post-text-inner\">\n<div class=\"mkdf-post-text-main\">\n<div class=\"page-title-head hgroup\">\n<div class=\"page-title-head hgroup\">\n<div class=\"mkdf-post-text\">\n<div class=\"mkdf-post-text-inner\">\n<div class=\"mkdf-post-text-main\">\n<div class=\"mkdf-post-text\">\n<div class=\"mkdf-post-text-inner\">\n<div class=\"mkdf-post-text-main\">\n<div class=\"page-title-head hgroup\">\n<div class=\"page-title-head hgroup\">\n<div class=\"page-title-head hgroup\">\n<div class=\"page-title-head hgroup\">\n<div class=\"b654a4as d2edcug0\">\n<div class=\"page-title-head hgroup\">\n<div class=\"page-title-head hgroup\">\n<div class=\"page-title-head hgroup\">\n<div class=\"page-title-head hgroup\">\n<div class=\"b654a4as d2edcug0\">\n<div class=\"page-title-head hgroup\">\n<div class=\"page-title-head hgroup\">\n<div class=\"page-title-head hgroup\">\n<div class=\"page-title-head hgroup\">\n<div class=\"b654a4as d2edcug0\">\n<hr \/>\n<p>&nbsp;<\/p>\n<div>\n<p><strong>DUE MINUTI UN LIBRO, TUTTI I GIORNI ALLA RADIO ALLE 9.40 E ALLE 17.50\u00a0\u00a0<\/strong><\/p>\n<div>\n<div>\n<p><strong>LA RACCOLTA COMPLETA\u00a0\u00a0<\/strong><\/p>\n<\/div>\n<\/div>\n<\/div>\n<div class=\"mkdf-post-text\">\n<div class=\"mkdf-post-text-inner\">\n<div class=\"mkdf-post-text-main\">\n<div class=\"mkdf-post-text\">\n<div class=\"mkdf-post-text-inner\">\n<div class=\"mkdf-post-text-main\">\n<div class=\"mkdf-post-text\">\n<div class=\"mkdf-post-text-inner\">\n<div class=\"mkdf-post-text-main\">\n<div class=\"page-title-head hgroup\">\n<div class=\"page-title-head hgroup\">\n<div class=\"mkdf-post-text\">\n<div class=\"mkdf-post-text-inner\">\n<div class=\"mkdf-post-text-main\">\n<div class=\"mkdf-post-text\">\n<div class=\"mkdf-post-text-inner\">\n<div class=\"mkdf-post-text-main\">\n<div class=\"page-title-head hgroup\">\n<div class=\"page-title-head hgroup\">\n<div class=\"page-title-head hgroup\">\n<div class=\"page-title-head hgroup\">\n<div class=\"b654a4as d2edcug0\">\n<div class=\"page-title-head hgroup\">\n<div class=\"page-title-head hgroup\">\n<div class=\"page-title-head hgroup\">\n<div class=\"page-title-head hgroup\">\n<div class=\"b654a4as d2edcug0\">\n<div class=\"page-title-head hgroup\">\n<div class=\"page-title-head hgroup\">\n<div class=\"page-title-head hgroup\">\n<div class=\"page-title-head hgroup\">\n<div class=\"b654a4as d2edcug0\">\n<div>\n<blockquote class=\"wp-embedded-content\" data-secret=\"o6xC2ZVodz\"><p><a href=\"https:\/\/www.radiopiu.net\/wordpress\/due-minuti-un-libro\/\">Due minuti un libro<\/a><\/p><\/blockquote>\n<p><iframe loading=\"lazy\" class=\"wp-embedded-content\" sandbox=\"allow-scripts\" security=\"restricted\" style=\"position: absolute; clip: rect(1px, 1px, 1px, 1px);\" title=\"&#8220;Due minuti un libro&#8221; &#8212; Radio Pi\u00f9\" src=\"https:\/\/www.radiopiu.net\/wordpress\/due-minuti-un-libro\/embed\/#?secret=Kg3w2nePYs#?secret=o6xC2ZVodz\" data-secret=\"o6xC2ZVodz\" width=\"600\" height=\"338\" frameborder=\"0\" marginwidth=\"0\" marginheight=\"0\" scrolling=\"no\"><\/iframe><\/p>\n<p>&nbsp;<\/p>\n<\/div>\n<div>\n<hr \/>\n<p>&nbsp;<\/p>\n<\/div>\n<h2><span style=\"color: #808000;\">L&#8217;ALMANACCO LADINO\u00a0\u00a0<\/span><\/h2>\n<p><strong>PUNTATA DEL 25 APRILE 2022<\/strong><\/p>\n<audio class=\"wp-audio-shortcode\" id=\"audio-272276-17\" preload=\"none\" style=\"width: 100%;\" controls=\"controls\"><source type=\"audio\/mpeg\" src=\"https:\/\/www.radiopiu.net\/wordpress\/wp-content\/uploads\/2022\/04\/82\u00b0Almanacco-Ladino_Anpezo.mp3?_=17\" \/><a href=\"https:\/\/www.radiopiu.net\/wordpress\/wp-content\/uploads\/2022\/04\/82\u00b0Almanacco-Ladino_Anpezo.mp3\">https:\/\/www.radiopiu.net\/wordpress\/wp-content\/uploads\/2022\/04\/82\u00b0Almanacco-Ladino_Anpezo.mp3<\/a><\/audio>\n<p>&nbsp;<\/p>\n<p><strong>LA RACCOLTA<\/strong><\/p>\n<blockquote class=\"wp-embedded-content\" data-secret=\"6uN22K6YOp\"><p><a href=\"https:\/\/www.radiopiu.net\/wordpress\/almanacco-ladino\/\">Almanacco Ladino<\/a><\/p><\/blockquote>\n<p><iframe loading=\"lazy\" class=\"wp-embedded-content\" sandbox=\"allow-scripts\" security=\"restricted\" style=\"position: absolute; clip: rect(1px, 1px, 1px, 1px);\" title=\"&#8220;Almanacco Ladino&#8221; &#8212; Radio Pi\u00f9\" src=\"https:\/\/www.radiopiu.net\/wordpress\/almanacco-ladino\/embed\/#?secret=jjzNNfpm5P#?secret=6uN22K6YOp\" data-secret=\"6uN22K6YOp\" width=\"600\" height=\"338\" frameborder=\"0\" marginwidth=\"0\" marginheight=\"0\" scrolling=\"no\"><\/iframe><\/p>\n<p>&nbsp;<\/p>\n<hr \/>\n<h2><span style=\"color: #33cccc;\">\u00a0<\/span><\/h2>\n<h2><span style=\"color: #33cccc;\">LA RASSEGNA STAMPA DA L&#8217;AMICO DEL POPOLO<\/span><\/h2>\n<p><strong><a class=\"dt-pswp-item\" href=\"https:\/\/www.radiopiu.net\/wordpress\/wp-content\/uploads\/2022\/04\/10364118_706292326103957_4699429107244899270_n.jpg\" data-dt-img-description=\"\" data-large_image_width=\"425\" data-large_image_height=\"591\"><img loading=\"lazy\" decoding=\"async\" class=\"size-thumbnail wp-image-272018 alignleft\" src=\"https:\/\/www.radiopiu.net\/wordpress\/wp-content\/uploads\/2022\/04\/10364118_706292326103957_4699429107244899270_n-150x150.jpg\" alt=\"\" width=\"150\" height=\"150\" \/><\/a><em>PUNTATA DEL 23 APRILE 2022<\/em><\/strong><\/p>\n<p><strong>di Gianni Santomaso<\/strong><\/p>\n<p>OSPITE: Lionella Tonet, presidente del Circolo Culturale Agordino<\/p>\n<audio class=\"wp-audio-shortcode\" id=\"audio-272276-18\" preload=\"none\" style=\"width: 100%;\" controls=\"controls\"><source type=\"audio\/mpeg\" src=\"https:\/\/www.radiopiu.net\/wordpress\/wp-content\/uploads\/2022\/04\/RASSEGNA-GIANNI-3.mp3?_=18\" \/><a href=\"https:\/\/www.radiopiu.net\/wordpress\/wp-content\/uploads\/2022\/04\/RASSEGNA-GIANNI-3.mp3\">https:\/\/www.radiopiu.net\/wordpress\/wp-content\/uploads\/2022\/04\/RASSEGNA-GIANNI-3.mp3<\/a><\/audio>\n<p>&nbsp;<\/p>\n<p><strong>LA RACCOLTA COMPLETA<\/strong><\/p>\n<blockquote class=\"wp-embedded-content\" data-secret=\"uzhFuhIPQc\"><p><a href=\"https:\/\/www.radiopiu.net\/wordpress\/rassegna-stampa-di-gianni-santomaso\/\">Rassegna stampa da l&#8217;amico del popolo &#8211; di Gianni Santomaso<\/a><\/p><\/blockquote>\n<p><iframe loading=\"lazy\" class=\"wp-embedded-content\" sandbox=\"allow-scripts\" security=\"restricted\" style=\"position: absolute; clip: rect(1px, 1px, 1px, 1px);\" title=\"&#8220;Rassegna stampa da l&#8217;amico del popolo &#8211; di Gianni Santomaso&#8221; &#8212; Radio Pi\u00f9\" src=\"https:\/\/www.radiopiu.net\/wordpress\/rassegna-stampa-di-gianni-santomaso\/embed\/#?secret=8ypaPG7Ceg#?secret=uzhFuhIPQc\" data-secret=\"uzhFuhIPQc\" width=\"600\" height=\"338\" frameborder=\"0\" marginwidth=\"0\" marginheight=\"0\" scrolling=\"no\"><\/iframe><\/p>\n<p>&nbsp;<\/p>\n<hr \/>\n<p>&nbsp;<\/p>\n<div>\n<div class=\"page-title-head hgroup\">\n<div class=\"page-title-head hgroup\">\n<div class=\"b654a4as d2edcug0\">\n<div class=\"j83agx80 btwxx1t3 lhclo0ds hop8lmos nkwizq5d scwd0bx6 roh60bw9\">\n<div class=\"rq0escxv hkbzh7o3 jwdofwj8 n8tt0mok r8blr3vg hyh9befq\">\n<div class=\"do00u71z l9j0dhe7 k4urcfbm\">\n<div class=\"ecm0bbzt e5nlhep0 a8c37x1j\">\n<div class=\"kvgmc6g5 cxmmr5t8 oygrvhab hcukyx3x c1et5uql\">\n<div class=\"gmail-kvgmc6g5 gmail-cxmmr5t8 gmail-oygrvhab gmail-hcukyx3x gmail-c1et5uql gmail-ii04i59q\">\n<div class=\"page-title-head hgroup\">\n<div class=\"page-title-head hgroup\">\n<div class=\"b654a4as d2edcug0\">\n<div class=\"j83agx80 btwxx1t3 lhclo0ds hop8lmos nkwizq5d scwd0bx6 roh60bw9\">\n<div class=\"rq0escxv hkbzh7o3 jwdofwj8 n8tt0mok r8blr3vg hyh9befq\">\n<div class=\"do00u71z l9j0dhe7 k4urcfbm\">\n<div class=\"page-title-head hgroup\">\n<div class=\"page-title-head hgroup\">\n<div class=\"page-title-head hgroup\">\n<div class=\"page-title-head hgroup\">\n<div class=\"b654a4as d2edcug0\">\n<div class=\"page-title-head hgroup\">\n<div class=\"page-title-head hgroup\">\n<div class=\"page-title-head hgroup\">\n<div class=\"page-title-head hgroup\">\n<div class=\"b654a4as d2edcug0\">\n<div class=\"page-title-head hgroup\">\n<div class=\"page-title-head hgroup\">\n<div class=\"page-title-head hgroup\">\n<div class=\"page-title-head hgroup\">\n<div class=\"page-title-head hgroup\">\n<div class=\"page-title-head hgroup\">\n<div class=\"page-title-head hgroup\">\n<div class=\"page-title-head hgroup\">\n<div class=\"page-title-head hgroup\">\n<div class=\"b654a4as d2edcug0\">\n<div class=\"page-title-head hgroup\">\n<div class=\"page-title-head hgroup\">\n<div class=\"page-title-head hgroup\">\n<div class=\"page-title-head hgroup\">\n<div class=\"b654a4as d2edcug0\">\n<div class=\"page-title-head hgroup\">\n<div class=\"page-title-head hgroup\">\n<div class=\"page-title-head hgroup\">\n<div class=\"page-title-head hgroup\">\n<div class=\"page-title-head hgroup\">\n<div class=\"mkdf-post-text\">\n<div class=\"mkdf-post-text-inner\">\n<div class=\"mkdf-post-text-main\">\n<div class=\"mkdf-post-text\">\n<div class=\"mkdf-post-text-inner\">\n<div class=\"mkdf-post-text-main\">\n<div class=\"mkdf-post-text\">\n<div class=\"mkdf-post-text-inner\">\n<div class=\"mkdf-post-text-main\">\n<div class=\"page-title-head hgroup\">\n<div class=\"page-title-head hgroup\">\n<div class=\"mkdf-post-text\">\n<div class=\"mkdf-post-text-inner\">\n<div class=\"mkdf-post-text-main\">\n<div class=\"mkdf-post-text\">\n<div class=\"mkdf-post-text-inner\">\n<div class=\"mkdf-post-text-main\">\n<div class=\"page-title-head hgroup\">\n<div class=\"page-title-head hgroup\">\n<div class=\"page-title-head hgroup\">\n<div class=\"page-title-head hgroup\">\n<div class=\"b654a4as d2edcug0\">\n<div class=\"page-title-head hgroup\">\n<div class=\"page-title-head hgroup\">\n<div class=\"page-title-head hgroup\">\n<div class=\"page-title-head hgroup\">\n<div class=\"b654a4as d2edcug0\">\n<div class=\"page-title-head hgroup\">\n<div class=\"page-title-head hgroup\">\n<div class=\"page-title-head hgroup\">\n<div class=\"page-title-head hgroup\">\n<div class=\"b654a4as d2edcug0\">\n<h2><span style=\"color: #800080;\">I RACCONTI DI PAOLO SOPPELSA\u00a0<\/span><\/h2>\n<p>&nbsp;<\/p>\n<p><strong>LA RACCOLTA COMPLETA<\/strong><\/p>\n<blockquote class=\"wp-embedded-content\" data-secret=\"cboeTfRjZp\"><p><a href=\"https:\/\/www.radiopiu.net\/wordpress\/i-racconti-di-paolo-soppelsa\/\">I racconti di Paolo Soppelsa<\/a><\/p><\/blockquote>\n<p><iframe loading=\"lazy\" class=\"wp-embedded-content\" sandbox=\"allow-scripts\" security=\"restricted\" style=\"position: absolute; clip: rect(1px, 1px, 1px, 1px);\" title=\"&#8220;I racconti di Paolo Soppelsa&#8221; &#8212; Radio Pi\u00f9\" src=\"https:\/\/www.radiopiu.net\/wordpress\/i-racconti-di-paolo-soppelsa\/embed\/#?secret=ypozjGUMEJ#?secret=cboeTfRjZp\" data-secret=\"cboeTfRjZp\" width=\"600\" height=\"338\" frameborder=\"0\" marginwidth=\"0\" marginheight=\"0\" scrolling=\"no\"><\/iframe><\/p>\n<p>&nbsp;<\/p>\n<hr \/>\n<p>&nbsp;<\/p>\n<\/div>\n<\/div>\n<\/div>\n<\/div>\n<\/div>\n<\/div>\n<\/div>\n<\/div>\n<\/div>\n<\/div>\n<\/div>\n<\/div>\n<\/div>\n<\/div>\n<\/div>\n<\/div>\n<\/div>\n<\/div>\n<\/div>\n<\/div>\n<\/div>\n<\/div>\n<\/div>\n<\/div>\n<\/div>\n<\/div>\n<\/div>\n<\/div>\n<\/div>\n<\/div>\n<\/div>\n<\/div>\n<\/div>\n<\/div>\n<\/div>\n<\/div>\n<\/div>\n<\/div>\n<\/div>\n<\/div>\n<\/div>\n<\/div>\n<\/div>\n<\/div>\n<\/div>\n<\/div>\n<\/div>\n<\/div>\n<\/div>\n<\/div>\n<\/div>\n<\/div>\n<\/div>\n<\/div>\n<\/div>\n<\/div>\n<\/div>\n<\/div>\n<\/div>\n<\/div>\n<\/div>\n<\/div>\n<\/div>\n<\/div>\n<\/div>\n<\/div>\n<\/div>\n<\/div>\n<\/div>\n<\/div>\n<\/div>\n<\/div>\n<\/div>\n<\/div>\n<\/div>\n<\/div>\n<\/div>\n<\/div>\n<\/div>\n<\/div>\n<\/div>\n<\/div>\n<\/div>\n<\/div>\n<\/div>\n<\/div>\n<\/div>\n<\/div>\n<\/div>\n<\/div>\n<\/div>\n<\/div>\n<\/div>\n<\/div>\n<\/div>\n<\/div>\n<\/div>\n<\/div>\n<\/div>\n<\/div>\n<\/div>\n<\/div>\n<\/div>\n<\/div>\n<\/div>\n<\/div>\n<\/div>\n<\/div>\n<\/div>\n<\/div>\n<\/div>\n<div class=\"b654a4as d2edcug0\">\n<div class=\"ecm0bbzt e5nlhep0 a8c37x1j\">\n<div class=\"kvgmc6g5 cxmmr5t8 oygrvhab hcukyx3x c1et5uql\">\n<div class=\"gmail-kvgmc6g5 gmail-cxmmr5t8 gmail-oygrvhab gmail-hcukyx3x gmail-c1et5uql gmail-ii04i59q\">\n<div>\n<div class=\"page-title-head hgroup\">\n<div class=\"page-title-head hgroup\">\n<div class=\"b654a4as d2edcug0\">\n<div class=\"j83agx80 btwxx1t3 lhclo0ds hop8lmos nkwizq5d scwd0bx6 roh60bw9\">\n<div class=\"rq0escxv hkbzh7o3 jwdofwj8 n8tt0mok r8blr3vg hyh9befq\">\n<div class=\"do00u71z l9j0dhe7 k4urcfbm\">\n<div>\n<div class=\"page-title-head hgroup\">\n<div class=\"page-title-head hgroup\">\n<div class=\"page-title-head hgroup\">\n<div class=\"page-title-head hgroup\">\n<div class=\"b654a4as d2edcug0\">\n<div class=\"page-title-head hgroup\">\n<div class=\"page-title-head hgroup\">\n<div class=\"page-title-head hgroup\">\n<div class=\"page-title-head hgroup\">\n<div class=\"b654a4as d2edcug0\">\n<div class=\"page-title-head hgroup\">\n<div class=\"page-title-head hgroup\">\n<div class=\"page-title-head hgroup\">\n<div class=\"page-title-head hgroup\">\n<div class=\"page-title-head hgroup\">\n<div class=\"mkdf-post-text\">\n<div class=\"mkdf-post-text-inner\">\n<div class=\"mkdf-post-text-main\">\n<div class=\"mkdf-post-text\">\n<div class=\"mkdf-post-text-inner\">\n<div class=\"mkdf-post-text-main\">\n<div class=\"mkdf-post-text\">\n<div class=\"mkdf-post-text-inner\">\n<div class=\"mkdf-post-text-main\">\n<div class=\"page-title-head hgroup\">\n<div class=\"page-title-head hgroup\">\n<div class=\"mkdf-post-text\">\n<div class=\"mkdf-post-text-inner\">\n<div class=\"mkdf-post-text-main\">\n<div class=\"mkdf-post-text\">\n<div class=\"mkdf-post-text-inner\">\n<div class=\"mkdf-post-text-main\">\n<div>\n<div class=\"page-title-head hgroup\">\n<div class=\"page-title-head hgroup\">\n<div>\n<div class=\"page-title-head hgroup\">\n<div class=\"page-title-head hgroup\">\n<div class=\"b654a4as d2edcug0\">\n<div>\n<div class=\"page-title-head hgroup\" style=\"text-align: left;\">\n<div class=\"page-title-head hgroup\">\n<div dir=\"auto\">\n<p><a class=\"dt-pswp-item pspw-wrap-ready\" href=\"https:\/\/i0.wp.com\/www.radiopiu.net\/wordpress\/wp-content\/uploads\/2018\/09\/WhatsApp-Image-2018-09-20-at-16.04.06.jpeg?ssl=1\" data-dt-img-description=\"\" data-large_image_width=\"800\" data-large_image_height=\"100\"><img loading=\"lazy\" decoding=\"async\" class=\"aligncenter wp-image-61378 size-full jetpack-lazy-image jetpack-lazy-image--handled\" src=\"https:\/\/i0.wp.com\/www.radiopiu.net\/wordpress\/wp-content\/uploads\/2018\/09\/WhatsApp-Image-2018-09-20-at-16.04.06.jpeg?resize=800%2C100&amp;ssl=1\" sizes=\"auto, (max-width: 800px) 100vw, 800px\" srcset=\"https:\/\/i0.wp.com\/www.radiopiu.net\/wordpress\/wp-content\/uploads\/2018\/09\/WhatsApp-Image-2018-09-20-at-16.04.06.jpeg?w=800&amp;ssl=1 800w, https:\/\/i0.wp.com\/www.radiopiu.net\/wordpress\/wp-content\/uploads\/2018\/09\/WhatsApp-Image-2018-09-20-at-16.04.06.jpeg?resize=300%2C38&amp;ssl=1 300w, https:\/\/i0.wp.com\/www.radiopiu.net\/wordpress\/wp-content\/uploads\/2018\/09\/WhatsApp-Image-2018-09-20-at-16.04.06.jpeg?resize=768%2C96&amp;ssl=1 768w\" alt=\"\" width=\"800\" height=\"100\" data-lazy-loaded=\"1\" \/><\/a><\/p>\n<\/div>\n<\/div>\n<\/div>\n<\/div>\n<\/div>\n<\/div>\n<\/div>\n<\/div>\n<\/div>\n<\/div>\n<\/div>\n<\/div>\n<\/div>\n<\/div>\n<\/div>\n<\/div>\n<\/div>\n<\/div>\n<\/div>\n<\/div>\n<\/div>\n<\/div>\n<\/div>\n<\/div>\n<\/div>\n<\/div>\n<\/div>\n<\/div>\n<\/div>\n<\/div>\n<\/div>\n<\/div>\n<\/div>\n<\/div>\n<\/div>\n<\/div>\n<\/div>\n<\/div>\n<\/div>\n<\/div>\n<\/div>\n<\/div>\n<\/div>\n<\/div>\n<\/div>\n<\/div>\n<\/div>\n<\/div>\n<\/div>\n<\/div>\n<\/div>\n<\/div>\n<\/div>\n<\/div>\n<\/div>\n<\/div>\n<\/div>\n<\/div>\n<\/div>\n<\/div>\n<\/div>\n<\/div>\n<\/div>\n<\/div>\n<\/div>\n<\/div>\n<\/div>\n<\/div>\n<\/div>\n<\/div>\n<\/div>\n<\/div>\n<\/div>\n<\/div>\n<\/div>\n<\/div>\n<\/div>\n<\/div>\n<\/div>\n<\/div>\n<\/div>\n<\/div>\n<\/div>\n<\/div>\n<\/div>\n<\/div>\n<\/div>\n<\/div>\n<\/div>\n<\/div>\n<\/div>\n<\/div>\n<\/div>\n<\/div>\n<\/div>\n<\/div>\n<\/div>\n<\/div>\n<\/div>\n<\/div>\n<\/div>\n<\/div>\n<\/div>\n<\/div>\n<\/div>\n<\/div>\n<\/div>\n<\/div>\n<\/div>\n<\/div>\n<\/div>\n<\/div>\n<\/div>\n<\/div>\n<\/div>\n<\/div>\n<\/div>\n<\/div>\n<\/div>\n<\/div>\n<\/div>\n<\/div>\n<\/div>\n<\/div>\n<\/div>\n<\/div>\n<\/div>\n<\/div>\n<\/div>\n<\/div>\n<\/div>\n<\/div>\n<\/div>\n<\/div>\n<\/div>\n<\/div>\n<\/div>\n<\/div>\n<\/div>\n<\/div>\n<\/div>\n<\/div>\n<\/div>\n<\/div>\n<\/div>\n<\/div>\n<\/div>\n<\/div>\n<\/div>\n<\/div>\n<\/div>\n<\/div>\n<\/div>\n<\/div>\n<\/div>\n<\/div>\n<\/div>\n<\/div>\n<\/div>\n<\/div>\n<\/div>\n<\/div>\n<\/div>\n<\/div>\n<\/div>\n<\/div>\n<\/div>\n<\/div>\n<\/div>\n<\/div>\n<\/div>\n<\/div>\n<\/div>\n<\/div>\n<\/div>\n<\/div>\n<\/div>\n<\/div>\n<\/div>\n<\/div>\n<\/div>\n<\/div>\n<\/div>\n<\/div>\n<\/div>\n<\/div>\n<\/div>\n<\/div>\n<\/div>\n<\/div>\n<\/div>\n<\/div>\n<\/div>\n<\/div>\n<\/div>\n<\/div>\n<\/div>\n<\/div>\n<\/div>\n<\/div>\n<\/div>\n<\/div>\n<\/div>\n<\/div>\n<\/div>\n<\/div>\n<\/div>\n<\/div>\n<\/div>\n<\/div>\n<\/div>\n<\/div>\n<\/div>\n<\/div>\n<\/div>\n<\/div>\n<\/div>\n<\/div>\n<\/div>\n<\/div>\n<\/div>\n<\/div>\n<\/div>\n<\/div>\n<\/div>\n<\/div>\n<\/div>\n<\/div>\n<\/div>\n<\/div>\n<p>&nbsp;<\/p>\n<p><center><b>Mercoledi 27<\/b><\/center><b>Tempo atteso: <\/b>Al mattino in prevalenza soleggiato con cielo sereno, salvo primi modesti cumuli entro le ore centrali. Al pomeriggio il sole continuer\u00e0 a predominare con modesta attivit\u00e0 cumuliforme sulle Dolomiti, mentre gli annuvolamenti saranno pi\u00f9 presenti con maggiore riduzione del soleggiamento sulla fascia prealpina, dove qualche singolo fenomeno non sar\u00e0 del tutto da scartare. Contesto termico di nuovo primaverile.<br \/>\n<b>Precipitazioni: <\/b>Sulle Dolomiti assenti (0%); sulla fascia prealpina assenti al mattino (0%), mentre la probabilit\u00e0 di qualche isolate piovasco aumenter\u00e0 al pomeriggio (20\/40%).<br \/>\n<b>Temperature: <\/b>Minime in calo, anche per irraggiamento notturno; massime in generale rialzo. Su Prealpi a 1500 m min 2\u00b0C max 9\u00b0C, a 2000 m min 0\u00b0C max 5\u00b0C. Su Dolomiti a 2000 m min -2\u00b0C max 4\u00b0C, a 3000 m min -8\u00b0C max -4\u00b0C.<br \/>\n<b>Venti: <\/b>Nelle vali perlopi\u00f9 deboli a regime di brezza, salvo locali e temporanei rinforzi nei consueti settori; in quota deboli da nord nord-ovest, eccetto qualche rinforzo erratico sulle vette pi\u00f9 alte, a 5-10 km\/h a 2000 m, 15-25 km\/h a 3000 m.<\/p>\n<hr \/>\n<p><center><b>Giovedi 28<\/b><\/center><b>Tempo atteso: <\/b>Tempo assai pi\u00f9 stabile e in prevalenza soleggiato con cielo sereno al mattino e poco nuvoloso al pomeriggio per modesti cumuli durante le ore pi\u00f9 calde. Contesto termico diurno decisamente pi\u00f9 priamverile.<br \/>\n<b>Precipitazioni: <\/b>Assenti (0%).<br \/>\n<b>Temperature: <\/b>In generale aumento, specie le massime con ritorno di accenni primaverili durante nelle valli pi\u00f9 assolate. Previste punte di 17\/19\u00b0C nei fondovalle prealpini e di 13\/15\u00b0C a 1000\/1200 m. Su Prealpi a 1500 m min 4\u00b0C max 11\u00b0C, a 2000 m min 2\u00b0C max 7\u00b0C. Su Dolomiti a 2000 m min 1\u00b0C max 8\u00b0C, a 3000 m min -5\u00b0C max -2\u00b0C.<br \/>\n<b>Venti: <\/b>Nelle vali perlopi\u00f9 deboli a regime di brezza, salvo locali e temporanei rinforzi nei consueti settori; in quota deboli da nord nord-est, eccetto qualche rinforzo erratico sulle vette pi\u00f9 alte, a 5-10 km\/h a 2000 m, 10-20 km\/h a 3000 m.<\/p>\n<hr \/>\n<p><center><b>Venerdi 29<\/b><\/center>Tempo stabile e in prevalenza soleggiato, salvo lieve riduzione del soleggiamento per modesti cumuli pomeridiani. Temperature in ulteriore generale aumento con contesto prettamente primaverile. Nelle valli venti deboli o localmente e a tratti moderati per brezze; in quota deboli\/moderati settentrionali.<\/p>\n<hr \/>\n<p><center><b>Sabato 30<\/b><\/center>Minore soleggiamento con qualche tratto soleggiato e passaggi di nubi medio-alte, a volte estese. Non escluso qualche iniziale banco di nubi basse a inizio giornata, specie su alcuni settori prealpini, in diradamento dopo il sorgere del sole. In questo contesto non particolarmente instabile sembra che non piover\u00e0. Temperature minime in lieve aumento, massime in calo in quota e stazionarie nelle valli. Venti deboli da ovest sud-ovest in quota; deboli o a tratti e localmente moderati per brezze nelle valli. Previsore: R.L.Th.<\/p>\n<hr \/>\n<p>&nbsp;<\/p>\n<hr \/>\n<p>&nbsp;<\/p>\n<p><a href=\"https:\/\/www.radiopiu.net\/wordpress\/giornale-radiopiu-26-settembre-2018-direttore-mirko-mezzacasa\/viabilita-2\/\" rel=\"attachment wp-att-61954\"><img loading=\"lazy\" decoding=\"async\" class=\"aligncenter wp-image-61954 size-full\" src=\"https:\/\/www.radiopiu.net\/wordpress\/wp-content\/uploads\/2018\/09\/viabilita.jpeg\" sizes=\"auto, (max-width: 800px) 100vw, 800px\" srcset=\"https:\/\/www.radiopiu.net\/wordpress\/wp-content\/uploads\/2018\/09\/viabilita.jpeg 800w, https:\/\/www.radiopiu.net\/wordpress\/wp-content\/uploads\/2018\/09\/viabilita-300x38.jpeg 300w, https:\/\/www.radiopiu.net\/wordpress\/wp-content\/uploads\/2018\/09\/viabilita-768x96.jpeg 768w\" alt=\"\" width=\"800\" height=\"100\" \/><\/a><\/p>\n<p>&nbsp;<\/p>\n<blockquote class=\"wp-embedded-content\" data-secret=\"Mv9A5WDbcR\"><p><a href=\"https:\/\/www.radiopiu.net\/wordpress\/viabilita\/\">viabilita<\/a><\/p><\/blockquote>\n<p><iframe loading=\"lazy\" class=\"wp-embedded-content\" sandbox=\"allow-scripts\" security=\"restricted\" style=\"position: absolute; clip: rect(1px, 1px, 1px, 1px);\" title=\"&#8220;viabilita&#8221; &#8212; Radio Pi\u00f9\" src=\"https:\/\/www.radiopiu.net\/wordpress\/viabilita\/embed\/#?secret=glZC6R1SEg#?secret=Mv9A5WDbcR\" data-secret=\"Mv9A5WDbcR\" width=\"600\" height=\"338\" frameborder=\"0\" marginwidth=\"0\" marginheight=\"0\" scrolling=\"no\"><\/iframe><\/p>\n<p>&nbsp;<\/p>\n<hr \/>\n<p>&nbsp;<\/p>\n<p><img loading=\"lazy\" decoding=\"async\" class=\"wp-image-60761 size-full aligncenter\" src=\"https:\/\/www.radiopiu.net\/wordpress\/wp-content\/uploads\/2018\/09\/sport.jpg\" alt=\"\" width=\"800\" height=\"100\" srcset=\"https:\/\/www.radiopiu.net\/wordpress\/wp-content\/uploads\/2018\/09\/sport.jpg 800w, https:\/\/www.radiopiu.net\/wordpress\/wp-content\/uploads\/2018\/09\/sport-300x38.jpg 300w, https:\/\/www.radiopiu.net\/wordpress\/wp-content\/uploads\/2018\/09\/sport-768x96.jpg 768w\" sizes=\"auto, (max-width: 800px) 100vw, 800px\" \/><\/p>\n<p>&nbsp;<\/p>\n<p><span style=\"color: #0000ff;\"><strong>CALCIO<\/strong><\/span><\/p>\n<blockquote>\n<h3>CAMPIONATO AGORDINO 2022, LE SQUADRE. TAIBON<\/h3>\n<\/blockquote>\n<p><strong><a class=\"dt-pswp-item\" href=\"https:\/\/www.radiopiu.net\/wordpress\/wp-content\/uploads\/2022\/04\/TAIBON.png\" data-dt-img-description=\"\" data-large_image_width=\"912\" data-large_image_height=\"674\"><img loading=\"lazy\" decoding=\"async\" class=\"wp-image-272353 alignleft\" src=\"https:\/\/www.radiopiu.net\/wordpress\/wp-content\/uploads\/2022\/04\/TAIBON-300x222.png\" alt=\"\" width=\"155\" height=\"115\" srcset=\"https:\/\/www.radiopiu.net\/wordpress\/wp-content\/uploads\/2022\/04\/TAIBON-300x222.png 300w, https:\/\/www.radiopiu.net\/wordpress\/wp-content\/uploads\/2022\/04\/TAIBON-768x568.png 768w, https:\/\/www.radiopiu.net\/wordpress\/wp-content\/uploads\/2022\/04\/TAIBON.png 912w\" sizes=\"auto, (max-width: 155px) 100vw, 155px\" \/><\/a>REDAZIONE<\/strong> Continua il cammino di avvicinamento alla presentazione del Campionato Agordino 2022 in programma il prossimo 7 maggio. Radio Pi\u00f9 sta presentando le squadre che si sono iscritte al torneo ed oggi tocca al Taibon. La squadra del presidente Antimo Savaris \u00e8 formata dal gruppo storico con alcune defezioni e diversi innesti di nuovi giovani. Per Daniele Cancel, allenatore del Taibon, non \u00e8 ancora tempo di obbiettivi e pronostici dopo due anni di stop forzato.<\/p>\n<p><strong>DANIELE CANCEL, ALLENATORE DEL TAIBON<\/strong><\/p>\n<audio class=\"wp-audio-shortcode\" id=\"audio-272276-19\" preload=\"none\" style=\"width: 100%;\" controls=\"controls\"><source type=\"audio\/mpeg\" src=\"https:\/\/www.radiopiu.net\/wordpress\/wp-content\/uploads\/2022\/04\/TAIBON-DANIELE-CANCEL.mp3?_=19\" \/><a href=\"https:\/\/www.radiopiu.net\/wordpress\/wp-content\/uploads\/2022\/04\/TAIBON-DANIELE-CANCEL.mp3\">https:\/\/www.radiopiu.net\/wordpress\/wp-content\/uploads\/2022\/04\/TAIBON-DANIELE-CANCEL.mp3<\/a><\/audio>\n<p>&nbsp;<\/p>\n<p><strong>LA RACCOLTA COMPLETA<\/strong><\/p>\n<blockquote class=\"wp-embedded-content\" data-secret=\"zlcMFKOguq\"><p><a href=\"https:\/\/www.radiopiu.net\/wordpress\/campionato-agordino-2022-ogni-giorno-una-squadra-taibon\/\">CAMPIONATO AGORDINO 2022, OGNI GIORNO UNA SQUADRA. IL CAMMINO DI AVVICINAMENTO ALLA PRESENTAZIONE DEL 7 MAGGIO<\/a><\/p><\/blockquote>\n<p><iframe loading=\"lazy\" class=\"wp-embedded-content\" sandbox=\"allow-scripts\" security=\"restricted\" style=\"position: absolute; clip: rect(1px, 1px, 1px, 1px);\" title=\"&#8220;CAMPIONATO AGORDINO 2022, OGNI GIORNO UNA SQUADRA. IL CAMMINO DI AVVICINAMENTO ALLA PRESENTAZIONE DEL 7 MAGGIO&#8221; &#8212; Radio Pi\u00f9\" src=\"https:\/\/www.radiopiu.net\/wordpress\/campionato-agordino-2022-ogni-giorno-una-squadra-taibon\/embed\/#?secret=XH1T9GP8Nn#?secret=zlcMFKOguq\" data-secret=\"zlcMFKOguq\" width=\"600\" height=\"338\" frameborder=\"0\" marginwidth=\"0\" marginheight=\"0\" scrolling=\"no\"><\/iframe><\/p>\n<p>&nbsp;<\/p>\n<hr \/>\n<p>&nbsp;<\/p>\n<p><span style=\"color: #0000ff;\"><strong>NUOTO<\/strong><\/span><\/p>\n<blockquote>\n<h3>SPORTIVAMENTE BELLUNO PROTAGONISTA A SUON DI MEDAGLIE AL MEETING DI LIGNANO<\/h3>\n<\/blockquote>\n<p><strong>BELLUNO <\/strong>Grandi soddisfazioni per la Sportivamente Belluno, protagonista del quindicesimo meeting &#8220;Citt\u00e0 di Lignano&#8221; nella piscina olimpica di Lignano Sabbiadoro. La squadra, schierata al completo, comprendeva atleti nati tra il 2003 e il 2013, i quali hanno affrontato le gare in tutte le discipline e distanze, in una vasca da 50 metri. Da evidenziare il complessivo miglioramento generale dell\u2019intero gruppo, all\u2019interno di un\u2019esperienza arricchita da risultati di rilievo e medaglie. Tra gli Esordienti B sono saliti sul podio Dora Bortoluzzi, seconda nei 200 stile (3\u201906\u201d78); Camilla Fistarol, terza nei 100 delfino (1\u201934\u201d67); e Mattia Don\u00e0, terzo nei 200 dorso (3\u201908\u201d34). Nella fascia A, invece, poker di medaglie per Alessandro Nerviani. E tre sono d\u2019argento: nei 100 dorso (1&#8217;13&#8243;21), 200 misti (2&#8217;38&#8243;36) e 50 stile libero (27\u201957), mentre \u00e8 d&#8217;oro nei 200 rana (2&#8217;58&#8243;75). Per quanto riguarda la categoria Ragazzi, volano Elisa Petten\u00f2 (argento nei 100 dorso in 1\u201910&#8243;87) e Luca Odolo (bronzo nei 100 dorso in 1\u201903\u201d70), come brilla fra i Cadetti Valentina Sovilla nei 100 rana (1\u201925&#8243;82). Non sono mancati poi diversi atleti ai piedi del podio, che hanno dato punti alla squadra per la classifica generale. La trasferta ha coinvolto le ragazze e i ragazzi per ben tre giornate: si \u00e8 rivelata impegnativa, ma soddisfacente e ha rappresentato un\u2019importante occasione di crescita per grandi e piccini. Ora la stagione proseguir\u00e0 con le gare zonali e di qualificazione ai Campionati regionali estivi, che si svolgeranno in vasca lunga, e con i meeting, destinati a essere una forte motivazione per tutti.<\/p>\n\n\t\t\t<style type='text\/css'>\n\t\t\t\t#gallery-7 {\n\t\t\t\t\tmargin: auto;\n\t\t\t\t}\n\t\t\t\t#gallery-7 .gallery-item {\n\t\t\t\t\tfloat: left;\n\t\t\t\t\tmargin-top: 10px;\n\t\t\t\t\ttext-align: center;\n\t\t\t\t\twidth: 50%;\n\t\t\t\t}\n\t\t\t\t#gallery-7 img {\n\t\t\t\t\tborder: 2px solid #cfcfcf;\n\t\t\t\t}\n\t\t\t\t#gallery-7 .gallery-caption {\n\t\t\t\t\tmargin-left: 0;\n\t\t\t\t}\n\t\t\t\t\/* see gallery_shortcode() in wp-includes\/media.php *\/\n\t\t\t<\/style>\n\t\t<div id='gallery-7' class='dt-gallery-container gallery galleryid-272276 gallery-columns-2 gallery-size-thumbnail'><dl class='gallery-item'>\n\t\t\t\t<dt class='gallery-icon landscape'>\n\t\t\t\t\t<a class=\"rollover rollover-zoom dt-pswp-item\" title=\"Meeting_di_Lignano_1\" data-dt-img-description=\"\" data-large_image_width=\"1600\" data-large_image_height=\"1200\"href='https:\/\/www.radiopiu.net\/wordpress\/wp-content\/uploads\/2022\/04\/Meeting_di_Lignano_1.jpg'><img loading=\"lazy\" decoding=\"async\" width=\"150\" height=\"150\" src=\"https:\/\/www.radiopiu.net\/wordpress\/wp-content\/uploads\/2022\/04\/Meeting_di_Lignano_1-150x150.jpg\" class=\"attachment-thumbnail size-thumbnail\" alt=\"\" \/><\/a>\n\t\t\t\t<\/dt><\/dl><dl class='gallery-item'>\n\t\t\t\t<dt class='gallery-icon portrait'>\n\t\t\t\t\t<a class=\"rollover rollover-zoom dt-pswp-item\" title=\"Meeting_di_Lignano_2\" data-dt-img-description=\"\" data-large_image_width=\"480\" data-large_image_height=\"640\"href='https:\/\/www.radiopiu.net\/wordpress\/wp-content\/uploads\/2022\/04\/Meeting_di_Lignano_2-rotated.jpg'><img loading=\"lazy\" decoding=\"async\" width=\"150\" height=\"150\" src=\"https:\/\/www.radiopiu.net\/wordpress\/wp-content\/uploads\/2022\/04\/Meeting_di_Lignano_2-150x150.jpg\" class=\"attachment-thumbnail size-thumbnail\" alt=\"\" \/><\/a>\n\t\t\t\t<\/dt><\/dl><br style=\"clear: both\" \/>\n\t\t\t<\/div>\n\n<p>HOCKEY GHIACCIO<\/p>\n<table width=\"100%\">\n<tbody>\n<tr>\n<td>\n<table width=\"100%\">\n<tbody>\n<tr>\n<td>\n<table width=\"100%\">\n<tbody>\n<tr>\n<td>\n<h2>HOCKEY<\/h2>\n<h3>L&#8217;Ucraina s&#8217;impone per 6:3. Dopo un primo tempo avanti, l&#8217;Italia cede nel secondo e poi non riesce a pi\u00f9 recuperare<\/h3>\n<\/td>\n<\/tr>\n<\/tbody>\n<\/table>\n<\/td>\n<\/tr>\n<\/tbody>\n<\/table>\n<\/td>\n<\/tr>\n<tr>\n<td>\n<table width=\"100%\">\n<tbody>\n<tr>\n<td>\n<table width=\"100%\">\n<tbody>\n<tr>\n<td>\n<h3><a class=\"dt-pswp-item\" href=\"https:\/\/www.radiopiu.net\/wordpress\/wp-content\/uploads\/2022\/04\/025d14ec-eb2d-1f6b-ab01-55de18433528.jpg\" data-dt-img-description=\"\" data-large_image_width=\"1152\" data-large_image_height=\"564\"><img loading=\"lazy\" decoding=\"async\" class=\"size-thumbnail wp-image-272544 alignleft\" src=\"https:\/\/www.radiopiu.net\/wordpress\/wp-content\/uploads\/2022\/04\/025d14ec-eb2d-1f6b-ab01-55de18433528-150x150.jpg\" alt=\"\" width=\"150\" height=\"150\" \/><\/a>Dopo due giornate del Mondiale di Asiago U18, Ucraina ed Ungheria a punteggio pieno.\u00a0 Oggi primo &#8220;day off&#8221;. Domani l&#8217;Italia contro la Polonia<\/h3>\n<\/td>\n<\/tr>\n<\/tbody>\n<\/table>\n<\/td>\n<\/tr>\n<\/tbody>\n<\/table>\n<table width=\"100%\">\n<tbody>\n<tr>\n<td>\n<table width=\"100%\">\n<tbody>\n<tr>\n<td>\n<h4>Nell\u2019ultimo match della seconda giornata del Mondiale Under 18 di Divisione I &#8211; Gruppo B<strong>, l\u2019Italia \u00e8 costretta a cedere il passo all\u2019Ucraina, che al termine dei 60 minuti si impone con il risultato di 6 a 3.<\/strong> Dopo un primo tempo a favore degli Azzurrini (2:1) e dopo un allungo all\u2019inizio della ripresa di Albis, l<strong>\u2019Ucraina ribalta in 4 minuti la sfida con tre marcature di fila. Il rigore di Sydorenko (doppietta), sempre nel secondo tempo, permette ai gialloblu di meglio gestire il resto della gara. Nel terzo periodo l\u2019Ucraina sigla il definitivo 6:3 <\/strong>e per l\u2019Italia U18 arriva la prima sconfitta dopo il primo successo all&#8217;esordio contro l&#8217;Austria per 2:1.<\/h4>\n<\/td>\n<\/tr>\n<\/tbody>\n<\/table>\n<\/td>\n<\/tr>\n<\/tbody>\n<\/table>\n<\/td>\n<\/tr>\n<\/tbody>\n<\/table>\n<p>&nbsp;<\/p>\n<\/div>\n<\/div>\n<\/div>\n<\/div>\n<\/div>\n<\/div>\n<\/div>\n<\/div>\n<\/div>\n<\/div>\n<\/div>\n<\/div>\n<\/div>\n<\/div>\n<\/div>\n<\/div>\n<\/div>\n<\/div>\n<\/div>\n<\/div>\n<\/div>\n<\/div>\n<\/div>\n<\/div>\n<\/div>\n<\/div>\n<\/div>\n<\/div>\n<\/div>\n<\/div>\n<\/div>\n<\/div>\n<\/div>\n<\/div>\n<\/div>\n<\/div>\n<\/div>\n<\/div>\n<\/div>\n<\/div>\n<\/div>\n<\/div>\n<\/div>\n<\/div>\n<\/div>\n<\/div>\n<\/div>\n<\/div>\n<\/div>\n<\/div>\n<\/div>\n<\/div>\n<\/div>\n<\/div>\n<\/div>\n<\/div>\n<\/div>\n<\/div>\n<\/div>\n<\/div>\n<\/div>\n<\/div>\n<\/div>\n<\/div>\n<\/div>\n<\/div>\n<\/div>\n<\/div>\n<\/div>\n<\/div>\n<\/div>\n<\/div>\n<\/div>\n<\/div>\n<\/div>\n<\/div>\n<\/div>\n<\/div>\n<\/div>\n<\/div>\n<\/div>\n<\/div>\n<\/div>\n<\/div>\n<\/div>\n<\/div>\n<\/div>\n<\/div>\n<\/div>\n<\/div>\n<\/div>\n<\/div>\n<\/div>\n<\/div>\n<\/div>\n<\/div>\n<\/div>\n<\/div>\n<\/div>\n<\/div>\n<\/div>\n<\/div>\n<\/div>\n<\/div>\n<\/div>\n<\/div>\n","protected":false},"excerpt":{"rendered":"<p>RADIO PIU INFORMAZIONE il canale su TELEGRAM informazione di prima\u00a0 mano e in tempo reale. iscriviti ed aiutaci a farlo conoscere\u00a0 &nbsp; PRIMAVERA A PASSO FALZAREGO, IERI ALLE 7.55 &#8211; TELEGRAM, VIABILITA&#8217; PROVINCIA BELLUNO &nbsp; &nbsp; TAVOLO ISTITUZIONALE SU PROCESSO DI REINDUSTRIALIZZAZIONE DI IDEAL STANDARD DI BORGO VALBELLUNA. SOTTOSCRITTO PRELIMINARE DI VENDITA TRA IDEAL STANDARD&hellip;<\/p>\n","protected":false},"author":4,"featured_media":272505,"comment_status":"closed","ping_status":"closed","sticky":false,"template":"","format":"standard","meta":{"_monsterinsights_skip_tracking":false,"_monsterinsights_sitenote_active":false,"_monsterinsights_sitenote_note":"","_monsterinsights_sitenote_category":0,"footnotes":""},"categories":[104,86,49],"tags":[],"class_list":["post-272276","post","type-post","status-publish","format-standard","has-post-thumbnail","hentry","category-evidenza_3","category-gr","category-news-18","category-104","category-86","category-49","description-off"],"img_url":"https:\/\/www.radiopiu.net\/wordpress\/wp-content\/uploads\/2022\/04\/c2e2b61b-a33d-4d7a-9fce-a9cbf0d374e2.jpg","_links":{"self":[{"href":"https:\/\/www.radiopiu.net\/wordpress\/wp-json\/wp\/v2\/posts\/272276","targetHints":{"allow":["GET"]}}],"collection":[{"href":"https:\/\/www.radiopiu.net\/wordpress\/wp-json\/wp\/v2\/posts"}],"about":[{"href":"https:\/\/www.radiopiu.net\/wordpress\/wp-json\/wp\/v2\/types\/post"}],"author":[{"embeddable":true,"href":"https:\/\/www.radiopiu.net\/wordpress\/wp-json\/wp\/v2\/users\/4"}],"replies":[{"embeddable":true,"href":"https:\/\/www.radiopiu.net\/wordpress\/wp-json\/wp\/v2\/comments?post=272276"}],"version-history":[{"count":0,"href":"https:\/\/www.radiopiu.net\/wordpress\/wp-json\/wp\/v2\/posts\/272276\/revisions"}],"wp:featuredmedia":[{"embeddable":true,"href":"https:\/\/www.radiopiu.net\/wordpress\/wp-json\/wp\/v2\/media\/272505"}],"wp:attachment":[{"href":"https:\/\/www.radiopiu.net\/wordpress\/wp-json\/wp\/v2\/media?parent=272276"}],"wp:term":[{"taxonomy":"category","embeddable":true,"href":"https:\/\/www.radiopiu.net\/wordpress\/wp-json\/wp\/v2\/categories?post=272276"},{"taxonomy":"post_tag","embeddable":true,"href":"https:\/\/www.radiopiu.net\/wordpress\/wp-json\/wp\/v2\/tags?post=272276"}],"curies":[{"name":"wp","href":"https:\/\/api.w.org\/{rel}","templated":true}]}}