{"id":272356,"date":"2022-04-26T10:56:55","date_gmt":"2022-04-26T08:56:55","guid":{"rendered":"https:\/\/www.radiopiu.net\/wordpress\/?p=272356"},"modified":"2022-04-26T11:27:56","modified_gmt":"2022-04-26T09:27:56","slug":"tavolo-istituzionale-su-processo-di-reindustrializzazione-di-ideal-standard-di-borgo-valbelluna-bl-sottoscritto-preliminare-di-vendita-tra-ideal-standard-e-cordata-industriale","status":"publish","type":"post","link":"https:\/\/www.radiopiu.net\/wordpress\/tavolo-istituzionale-su-processo-di-reindustrializzazione-di-ideal-standard-di-borgo-valbelluna-bl-sottoscritto-preliminare-di-vendita-tra-ideal-standard-e-cordata-industriale\/","title":{"rendered":"TAVOLO ISTITUZIONALE SU PROCESSO DI REINDUSTRIALIZZAZIONE DI IDEAL STANDARD DI BORGO VALBELLUNA (BL). SOTTOSCRITTO PRELIMINARE DI VENDITA TRA IDEAL STANDARD E CORDATA INDUSTRIALE"},"content":{"rendered":"<p><strong><a class=\"dt-pswp-item\" href=\"https:\/\/www.radiopiu.net\/wordpress\/wp-content\/uploads\/2020\/05\/ideal-standard-orcenigo-scaled.jpg\" data-dt-img-description=\"\" data-large_image_width=\"2560\" data-large_image_height=\"1803\"><img loading=\"lazy\" decoding=\"async\" class=\"size-thumbnail wp-image-138079 alignleft\" src=\"https:\/\/www.radiopiu.net\/wordpress\/wp-content\/uploads\/2020\/05\/ideal-standard-orcenigo-150x150.jpg\" alt=\"\" width=\"150\" height=\"150\" \/><\/a>VENEZIA <\/strong>Si \u00e8 tenuto venerd\u00ec scorso un nuovo incontro del tavolo istituzionale di monitoraggio relativo al percorso di reindustrializzazione del sito Ideal Standard di Borgo Valbelluna. All\u2019incontro, coordinato dall\u2019Unit\u00e0 di Crisi aziendali della Regione del Veneto, hanno partecipato i rappresentanti di Ideal Standard, l\u2019advisor Sernet spa, Confindustria Belluno, le organizzazioni sindacali FEMCA CISL, FILCTEM CGIL e UILTEC UIL, unitamente alle RSU, ai rappresentanti del MISE. Il tavolo di monitoraggio \u00e8 servito per fare il punto rispetto al percorso del processo di reindustrializzazione, condiviso tra le parti, con particolare riguardo allo stato di avanzamento del mandato conferito ad Ideal Standard di chiudere l\u2019accordo per la cessione dello stabilimento di Borgo Valbelluna e del marchio Ceramica Dolomite alla cordata composta da Banca Finint, Delfin s.a.r.l., Luigi Rossi Luciani S.a.pa. e gruppo Pro-gest. Nello specifico, il Tavolo istituzionale ha registrato che, positivamente, le Parti aziendali hanno sottoscritto l\u2019accordo preliminare di cessione di Ideal Standard, atto fondamentale per il trasferimento del sito produttivo alla cordata. La Regione del Veneto, assieme ai componenti del Tavolo istituzionale, continuer\u00e0 a monitorare il percorso al fine di raggiungere l\u2019obiettivo previsto di salvaguardia dei posti di lavoro e di continuit\u00e0 produttiva dello stabilimento di Borgo Valbelluna.<\/p>\n<p>&nbsp;<\/p>\n<h3><a class=\"dt-pswp-item\" href=\"https:\/\/www.radiopiu.net\/wordpress\/wp-content\/uploads\/2020\/04\/FEDERICO-DINCA.png\" data-dt-img-description=\"\" data-large_image_width=\"1018\" data-large_image_height=\"1290\"><img loading=\"lazy\" decoding=\"async\" class=\"size-thumbnail wp-image-132319 alignright\" src=\"https:\/\/www.radiopiu.net\/wordpress\/wp-content\/uploads\/2020\/04\/FEDERICO-DINCA-150x150.png\" alt=\"\" width=\"150\" height=\"150\" \/><\/a>IL MINISTRO FEDERICO D&#8217;INCA&#8217;: &#8220;SIAMO FIDUCIOSI&#8221;<\/h3>\n<p><strong>ROMA <\/strong>\u201c<em>Il percorso sul futuro dello stabilimento di Trichiana prosegue con determinazione e la firma dell\u2019accordo preliminare \u00e8 un passo importantissimo per il rilancio della fabbrica, per la ceramica sanitaria e per il territorio bellunese<\/em>\u201d. A dichiararlo \u00e8 Federico D\u2019Inc\u00e0, Ministro per i Rapporti con il Parlamento in seguito all&#8217;accordo preliminare di vendita su Ideal Standard.\u00a0 \u201c<em>Grazie al lavoro svolto finora a livello istituzionale, assieme ai sindacati e alla cordata di imprenditori locali che hanno creduto nelle potenzialit\u00e0 di questa realt\u00e0, dobbiamo essere molto fiduciosi per gli ultimi passaggi che riguardano la trattativa. La solidit\u00e0 della nuova cordata imprenditoriale, a partire dal Cavalier Del Vecchio che ha dimostrato attenzione e interesse al progetto fin da quando l&#8217;ho incontrato negli ultimi mesi dello scorso anno, oltre a Banca Finint con il presidente Marchi e agli industriali che appartengono alla cordata \u2013 osserva il Ministro D\u2019Inc\u00e0<\/em> &#8211; <em>Mi auguro che in tempi brevi si possa ritornare al lavoro: un momento importante per i dipendenti dell\u2019azienda che si sono sempre distinti per l&#8217;alta professionalit\u00e0, difendendo con orgoglio il proprio stabilimento \u2013 aggiunge il Ministro per i rapporti con il Parlamento: &#8211; in questa complessa vicenda, abbiamo dato prova di volere credere nel bellunese, nelle sue capacit\u00e0 e nei valori di questo territorio. Continuer\u00f2 a seguire personalmente e con estrema attenzione gli ultimi passaggi dell&#8217;iter<\/em>&#8220;.<\/p>\n<p>&nbsp;<\/p>\n<p>&nbsp;<\/p>\n<p>*****<\/p>\n","protected":false},"excerpt":{"rendered":"<p>VENEZIA Si \u00e8 tenuto venerd\u00ec scorso un nuovo incontro del tavolo istituzionale di monitoraggio relativo al percorso di reindustrializzazione del sito Ideal Standard di Borgo Valbelluna. All\u2019incontro, coordinato dall\u2019Unit\u00e0 di Crisi aziendali della Regione del Veneto, hanno partecipato i rappresentanti di Ideal Standard, l\u2019advisor Sernet spa, Confindustria Belluno, le organizzazioni sindacali FEMCA CISL, FILCTEM CGIL&hellip;<\/p>\n","protected":false},"author":4,"featured_media":138079,"comment_status":"closed","ping_status":"closed","sticky":false,"template":"","format":"standard","meta":{"_monsterinsights_skip_tracking":false,"_monsterinsights_sitenote_active":false,"_monsterinsights_sitenote_note":"","_monsterinsights_sitenote_category":0,"footnotes":""},"categories":[51,49],"tags":[],"class_list":["post-272356","post","type-post","status-publish","format-standard","has-post-thumbnail","hentry","category-evidenza-top","category-news-18","category-51","category-49","description-off"],"img_url":"https:\/\/www.radiopiu.net\/wordpress\/wp-content\/uploads\/2020\/05\/ideal-standard-orcenigo-scaled.jpg","_links":{"self":[{"href":"https:\/\/www.radiopiu.net\/wordpress\/wp-json\/wp\/v2\/posts\/272356","targetHints":{"allow":["GET"]}}],"collection":[{"href":"https:\/\/www.radiopiu.net\/wordpress\/wp-json\/wp\/v2\/posts"}],"about":[{"href":"https:\/\/www.radiopiu.net\/wordpress\/wp-json\/wp\/v2\/types\/post"}],"author":[{"embeddable":true,"href":"https:\/\/www.radiopiu.net\/wordpress\/wp-json\/wp\/v2\/users\/4"}],"replies":[{"embeddable":true,"href":"https:\/\/www.radiopiu.net\/wordpress\/wp-json\/wp\/v2\/comments?post=272356"}],"version-history":[{"count":0,"href":"https:\/\/www.radiopiu.net\/wordpress\/wp-json\/wp\/v2\/posts\/272356\/revisions"}],"wp:featuredmedia":[{"embeddable":true,"href":"https:\/\/www.radiopiu.net\/wordpress\/wp-json\/wp\/v2\/media\/138079"}],"wp:attachment":[{"href":"https:\/\/www.radiopiu.net\/wordpress\/wp-json\/wp\/v2\/media?parent=272356"}],"wp:term":[{"taxonomy":"category","embeddable":true,"href":"https:\/\/www.radiopiu.net\/wordpress\/wp-json\/wp\/v2\/categories?post=272356"},{"taxonomy":"post_tag","embeddable":true,"href":"https:\/\/www.radiopiu.net\/wordpress\/wp-json\/wp\/v2\/tags?post=272356"}],"curies":[{"name":"wp","href":"https:\/\/api.w.org\/{rel}","templated":true}]}}