{"id":272430,"date":"2022-04-27T05:34:51","date_gmt":"2022-04-27T03:34:51","guid":{"rendered":"https:\/\/www.radiopiu.net\/wordpress\/?p=272430"},"modified":"2022-04-27T05:59:07","modified_gmt":"2022-04-27T03:59:07","slug":"provsperti","status":"publish","type":"post","link":"https:\/\/www.radiopiu.net\/wordpress\/provsperti\/","title":{"rendered":"LA PROVINCIA PRENDE POSIZIONE SULLA CHIUSURA DELLO SPERTI, C&#8217;E&#8217; LA PROMESSA"},"content":{"rendered":"<p><strong><a class=\"dt-pswp-item\" href=\"https:\/\/www.radiopiu.net\/wordpress\/wp-content\/uploads\/2022\/04\/image.jpg\" data-dt-img-description=\"\" data-large_image_width=\"960\" data-large_image_height=\"540\"><img loading=\"lazy\" decoding=\"async\" class=\"size-thumbnail wp-image-272468 alignleft\" src=\"https:\/\/www.radiopiu.net\/wordpress\/wp-content\/uploads\/2022\/04\/image-150x150.jpg\" alt=\"\" width=\"150\" height=\"150\" \/><\/a>BELLUNO<\/strong>\u00a0 <em>\u00abIl convitto d\u2019area per le scuole superiori bellunesi \u00e8 un\u2019idea che stiamo portando avanti con convinzione. In questi giorni stiamo studiando tutte le possibilit\u00e0, anche per risolvere in tempi celeri alcune criticit\u00e0 che ci sono state presentate, a partire dalla chiusura dello Sperti di Belluno\u00bb.<\/em> Lo afferma la consigliera provinciale delegata all\u2019edilizia scolastica Lucia Da Rold, a margine della commissione consiliare plenaria del marted\u00ec mattina che ha affrontato proprio la questione dello Sperti. La struttura religiosa di via Feltre a Belluno chiuder\u00e0 al termine dell\u2019anno scolastico. <em>\u00abAbbiamo saputo della chiusura solo da pochissimo, ma ci siamo attivati per studiare possibili soluzioni\u00bb spiega la consigliera Da Rold. \u00abSiamo consapevoli dell\u2019importanza dei servizi assicurati negli anni dallo Sperti, in quanto consentono la mobilit\u00e0 degli studenti &#8211; in questo caso delle studentesse &#8211; all\u2019interno della provincia, garantendo una vera offerta formativa ampia. Senza servizi di ospitalit\u00e0, infatti, chi proviene da aree decentrate rischia di dover scegliere la scuola superiore pi\u00f9 vicina a casa, e non quella che offre il percorso di studi pi\u00f9 congeniale\u00bb. <\/em>In tal senso, la Provincia rilancia l\u2019idea del convitto d\u2019area, non inserito all\u2019interno di una scuola\u00a0 (come gi\u00e0 succede all\u2019agrario di Vellai, all\u2019alberghiero di Falcade, al Dolomieu di Longarone e al polo scolastico di Cortina), ma a servizio di un\u2019intera zona e quindi di pi\u00f9 istituti.\u00a0 <em>&#8220;Si tratta di un progetto che richieder\u00e0 tempo, mentre nell\u2019immediato ci concentriamo nella soluzione del problema relativo alla chiusura dello Sperti, in modo da individuare un servizio convittuale per la trentina di ragazze ospitate oggi nella struttura di via Feltre gi\u00e0 per il prossimo anno scolastico\u00bb<\/em>.conclude la Da Rold<\/p>\n<p>&nbsp;<\/p>\n<blockquote>\n<h3>PERCHE&#8217; CHIUDE L&#8217;ISTITUTO SPERTI, LA LETTERA DEL VESCOVO ALLE STUDENTESSE OSPITI DELLA COMUNITA&#8217; DELLE SUORE<\/h3>\n<p><span style=\"color: #ff0000;\"><strong>Il Vescovo ha chiesto un incontro con i genitori,\u00a0 a Belluno il 9 maggio alle 18.<\/strong><\/span><\/p><\/blockquote>\n<p><strong>AI GENITORI DELLE STUDENTESSE OSPITI DELL&#8217;ISTITUTO SPERTI<\/strong><\/p>\n<p>Genitori carissimi,<\/p>\n<p><a class=\"dt-pswp-item\" href=\"https:\/\/www.radiopiu.net\/wordpress\/wp-content\/uploads\/2022\/04\/download-8.jpg\" data-dt-img-description=\"\" data-large_image_width=\"205\" data-large_image_height=\"246\"><img loading=\"lazy\" decoding=\"async\" class=\" wp-image-272378 alignleft\" src=\"https:\/\/www.radiopiu.net\/wordpress\/wp-content\/uploads\/2022\/04\/download-8-150x150.jpg\" alt=\"\" width=\"114\" height=\"114\" \/><\/a>vi giunge questa Iettera nei giorni della celebrazione della Pasqua. Innanzitutto formulo a voi e alla vostra famiglia un augurio cordiale. Il nostro sguardo assume anche la visione della fede e, dunque, rinnoviamo la nostra fiducia e la nostra speranza nel Cristo risorto. Desidero, inoltre, condividere alcuni pensieri con voi. Vi riguardano\u00a0 Direttamente poich\u00e9, nell&#8217;anno scolastico in corso, avete scelto che vostra figlia studentessa fosse ospite neII&#8217;lstituto Sperti con la presenza e l&#8217;accompagnamento della comunit\u00e0 delle suore della Carit\u00e0 delle SS. B. Capitanio e V. Gerosa, in particolare nella persona di sr Marianna a cui va tanto apprezzamento e profonda riconoscenza. In questi mesi, specialmente dall&#8217;inizio di gennaio, abbiamo attivato un serrato confronto fatto di dialogo e di \u201cipotesi di lavoro\u201d tra Istituzioni direttamente coinvolte con la proposta educativa del convitto dell&#8217;istituto Sperti. Un primo livello di confronto ha impegnato l&#8217;Opera San Martino che \u00e8 &#8211; per cos\u00ec dire &#8211; titolare delle iniziative che si svolgono allo Sperti, ma poi anche la Diocesi a cui l&#8217;opera fa riferimento, inoltre la Provincia d&#8217;Europa delle Suore di Carit\u00e0 nella persona della Madre responsabile. Successivamente c\u2018\u00e8 stata una consultazione anche a livello di Istituzioni amministrative locali. Il problema gradualmente ha manifestato aspetti di criticit\u00e0 di vario genere fino al punto di riconoscere una seria e improrogabile questione di sostenibilit\u00e0 anche della stessa iniziativa del convitto. Occorre considerare il fatto che la Provincia stessa delle Suore della Carit\u00e0 ha manifestato la rilevante difficolt\u00e0 a venire incontro alle esigenze di presenza educativa nel convitto stesso. Suor Mariann a \u00e8 nella necessit\u00e0 improrogabile di un avvicinamento alla propria famiglia, ma gi\u00e0 si sapeva che avrebbe concluso il suo mandato. Il fatto nuovo \u00e8 che la Provincia delle Suore non ha pi\u00f9 risorse umane per corrispondere all\u2019impegno di presenza e di accompagnamento che il nostro Convito richiede. La stessa Comunit\u00e0 delle Suore concluder\u00e0 la sua presenza qui allo Sperti. Evidentemente ci\u00f2 ci Iascia con un grande vuoto, in considerazione della preziosa testimonianza e servizio di vita consacrata svolti dalle suore finora nella nostra Diocesi. Abbiamo cercato di tagliare la situazione in modo tale da aprire delle possibilit\u00e0 per continuare l&#8217;esperienza del convitto, ma gradualmente sono emerse le implicanze educative e anche quelle gestionali relative soprattutto alle risorse umane da investire sul fronte delicatissimo del rapporto con delle adolescenti e delle giovani. In questo tempo di ricerca ci siamo anche attardati nel dare una comunicazione certa, poich\u00e9 abbiamo fondato pi\u00f9 possibilit\u00e0 che non ci sono risultate soddisfacenti al fine di garantire il servizio finora compiuto. Ci scusiamo tantissimo, ma comprendete anche che abbiamo cercato il possibile per dare continuit\u00e0 a esso. Ci appare troppo delicato questo accompagnamento educativo da non permetterci soluzioni di ripiego e neppure di impostare una gestione senza le dovute attenzioni e garanzie. <strong>Siamo neIl&#8217;imbarazzante decisione di chiudere il servizio con la fine di questo anno scolastico.<\/strong> Comprendiamo le difficolt\u00e0 che gravano su di voi, genitori e sulla vostra famiglia, ma ora sarebbe improvvido per l&#8217;Opera San Martino riuscire ad assicurare un servizio all&#8217;altezza delle adolescenti stesse. Certamente non da subito, ma con un ponderato discernimento \u00e8 da augurarsi che I\u2019attuale difficile situazione possa predisporci nel futuro a pensare e valutare in modo adeguato alle nuove esigenze di accompagnamento e di condivisione per adolescenti e giovani. Nei prossimi mesi penso ci possa essere l&#8217;opportunit\u00e0, eventualmente, di incontrarci, affidando questo impegno a sr Marianna che con voi ha saputo tenere un aperto e confidenziale rapporto. Rinnovo il mio augurio pasquale e porgo cordiali saluti<\/p>\n<p>il vescovo della Diocesi di Belluno e Feltre, Renato Marangoni<\/p>\n<p>&nbsp;<\/p>\n<p>&nbsp;<\/p>\n<hr \/>\n<p>&nbsp;<\/p>\n<blockquote>\n<h3><\/h3>\n<\/blockquote>\n<blockquote>\n<h2><span style=\"color: #ff0000;\">IERI ALLA RADIO<\/span><\/h2>\n<\/blockquote>\n<blockquote class=\"wp-embedded-content\" data-secret=\"orU75ZLttG\"><p><a href=\"https:\/\/www.radiopiu.net\/wordpress\/convitto-sperti-servizi-cancellati-e-le-preoccupazioni-dei-genitori\/\">CONVITTO SPERTI, SERVIZI CANCELLATI E LE PREOCCUPAZIONI DEI GENITORI<\/a><\/p><\/blockquote>\n<p><iframe loading=\"lazy\" class=\"wp-embedded-content\" sandbox=\"allow-scripts\" security=\"restricted\" style=\"position: absolute; clip: rect(1px, 1px, 1px, 1px);\" title=\"&#8220;CONVITTO SPERTI, SERVIZI CANCELLATI E LE PREOCCUPAZIONI DEI GENITORI&#8221; &#8212; Radio Pi\u00f9\" src=\"https:\/\/www.radiopiu.net\/wordpress\/convitto-sperti-servizi-cancellati-e-le-preoccupazioni-dei-genitori\/embed\/#?secret=FoLGkgV7Ce#?secret=orU75ZLttG\" data-secret=\"orU75ZLttG\" width=\"600\" height=\"338\" frameborder=\"0\" marginwidth=\"0\" marginheight=\"0\" scrolling=\"no\"><\/iframe><\/p>\n<p>&nbsp;<\/p>\n<p>&nbsp;<\/p>\n<p>&nbsp;<\/p>\n","protected":false},"excerpt":{"rendered":"<p>BELLUNO\u00a0 \u00abIl convitto d\u2019area per le scuole superiori bellunesi \u00e8 un\u2019idea che stiamo portando avanti con convinzione. In questi giorni stiamo studiando tutte le possibilit\u00e0, anche per risolvere in tempi celeri alcune criticit\u00e0 che ci sono state presentate, a partire dalla chiusura dello Sperti di Belluno\u00bb. Lo afferma la consigliera provinciale delegata all\u2019edilizia scolastica Lucia&hellip;<\/p>\n","protected":false},"author":4,"featured_media":272376,"comment_status":"closed","ping_status":"closed","sticky":false,"template":"","format":"standard","meta":{"_monsterinsights_skip_tracking":false,"_monsterinsights_sitenote_active":false,"_monsterinsights_sitenote_note":"","_monsterinsights_sitenote_category":0,"footnotes":""},"categories":[51,49],"tags":[],"class_list":["post-272430","post","type-post","status-publish","format-standard","has-post-thumbnail","hentry","category-evidenza-top","category-news-18","category-51","category-49","description-off"],"img_url":"https:\/\/www.radiopiu.net\/wordpress\/wp-content\/uploads\/2022\/04\/OBJ124269687.jpg","_links":{"self":[{"href":"https:\/\/www.radiopiu.net\/wordpress\/wp-json\/wp\/v2\/posts\/272430","targetHints":{"allow":["GET"]}}],"collection":[{"href":"https:\/\/www.radiopiu.net\/wordpress\/wp-json\/wp\/v2\/posts"}],"about":[{"href":"https:\/\/www.radiopiu.net\/wordpress\/wp-json\/wp\/v2\/types\/post"}],"author":[{"embeddable":true,"href":"https:\/\/www.radiopiu.net\/wordpress\/wp-json\/wp\/v2\/users\/4"}],"replies":[{"embeddable":true,"href":"https:\/\/www.radiopiu.net\/wordpress\/wp-json\/wp\/v2\/comments?post=272430"}],"version-history":[{"count":0,"href":"https:\/\/www.radiopiu.net\/wordpress\/wp-json\/wp\/v2\/posts\/272430\/revisions"}],"wp:featuredmedia":[{"embeddable":true,"href":"https:\/\/www.radiopiu.net\/wordpress\/wp-json\/wp\/v2\/media\/272376"}],"wp:attachment":[{"href":"https:\/\/www.radiopiu.net\/wordpress\/wp-json\/wp\/v2\/media?parent=272430"}],"wp:term":[{"taxonomy":"category","embeddable":true,"href":"https:\/\/www.radiopiu.net\/wordpress\/wp-json\/wp\/v2\/categories?post=272430"},{"taxonomy":"post_tag","embeddable":true,"href":"https:\/\/www.radiopiu.net\/wordpress\/wp-json\/wp\/v2\/tags?post=272430"}],"curies":[{"name":"wp","href":"https:\/\/api.w.org\/{rel}","templated":true}]}}