{"id":272441,"date":"2022-04-27T05:29:44","date_gmt":"2022-04-27T03:29:44","guid":{"rendered":"https:\/\/www.radiopiu.net\/wordpress\/?p=272441"},"modified":"2022-04-27T05:55:05","modified_gmt":"2022-04-27T03:55:05","slug":"il-presidente-della-repubblica-si-complimenta-con-le-scuole-di-agordo","status":"publish","type":"post","link":"https:\/\/www.radiopiu.net\/wordpress\/il-presidente-della-repubblica-si-complimenta-con-le-scuole-di-agordo\/","title":{"rendered":"IL PRESIDENTE DELLA REPUBBLICA SI COMPLIMENTA CON LE SCUOLE DI AGORDO"},"content":{"rendered":"<p><strong><a class=\"dt-pswp-item\" href=\"https:\/\/www.radiopiu.net\/wordpress\/wp-content\/uploads\/2022\/04\/ssss.jpg\" data-dt-img-description=\"\" data-large_image_width=\"357\" data-large_image_height=\"205\"><img loading=\"lazy\" decoding=\"async\" class=\"wp-image-272443 alignleft\" src=\"https:\/\/www.radiopiu.net\/wordpress\/wp-content\/uploads\/2022\/04\/ssss-300x172.jpg\" alt=\"\" width=\"245\" height=\"140\" srcset=\"https:\/\/www.radiopiu.net\/wordpress\/wp-content\/uploads\/2022\/04\/ssss-300x172.jpg 300w, https:\/\/www.radiopiu.net\/wordpress\/wp-content\/uploads\/2022\/04\/ssss.jpg 357w\" sizes=\"auto, (max-width: 245px) 100vw, 245px\" \/><\/a>AGORDO<\/strong> Una gradita sorpresa per il dirigente scolastico Giovanni Paolo Zanin, gli insegnanti delle scuole del capoluogo, gli alunni e l&#8217;assessore all&#8217;istruzione di Agordo Cristina Bien. Infatti, dal Quirinale \u00e8 arrivata la lettera di ringraziamento e di complimenti per l&#8217;iniziativa per la pace. Il Presidente della Repubblica Sergio Mattarella dell&#8217;evento \u00e8 stato informato a tempo debito con una mail inviata dall&#8217;assessore di Agordo<\/p>\n<blockquote><p><em>&#8220;Gentile Assessore\u00a0 Cristina Bien- si legge nella risposta &#8211; il Presidente della Repubblica ringrazia per averlo reso partecipe del suggestivo lavoro ispirato alla pace, svolto con estro e disciplina dagli studenti delle scuole Primarie e Secondarie di primo grado di Agordo, guidati dagli insegnanti e dal dirigente scolastico Zanin. Nell&#8217;esprimere vivo apprezzamento per i video e l&#8217;impegno profuso, il Presidente Mattarella, invia a tutti coloro che hanno collaborato gli auguri pi\u00f9 cordiali&#8221;.<\/em><\/p><\/blockquote>\n<p><em>Una curiosit\u00e0 che fa sorridere, nemmeno il Quirinale \u00e8 esente dai ritardi di Poste Italiane, infatti gli auguri sono riferiti al periodo pasquale perch\u00e9 la lettera da Roma \u00e8 partita lo scorso 11 aprile 2022 ed \u00e8 arrivata ad Agordo un paio di giorni fa&#8230;<\/em><\/p>\n<p>___<\/p>\n<p><strong>ARCHIVIO RADIO PIU<\/strong><\/p>\n<blockquote class=\"wp-embedded-content\" data-secret=\"no4JtOgas1\"><p><a href=\"https:\/\/www.radiopiu.net\/wordpress\/asp\/\">LE SCUOLE DI AGORDO &#8220;PER UN MONDO DI PACE&#8221; &#8211; VIDEO &#8211;<\/a><\/p><\/blockquote>\n<p><iframe loading=\"lazy\" class=\"wp-embedded-content\" sandbox=\"allow-scripts\" security=\"restricted\" style=\"position: absolute; clip: rect(1px, 1px, 1px, 1px);\" title=\"&#8220;LE SCUOLE DI AGORDO &#8220;PER UN MONDO DI PACE&#8221; &#8211; VIDEO &#8211;&#8221; &#8212; Radio Pi\u00f9\" src=\"https:\/\/www.radiopiu.net\/wordpress\/asp\/embed\/#?secret=KSXuO2de9N#?secret=no4JtOgas1\" data-secret=\"no4JtOgas1\" width=\"600\" height=\"338\" frameborder=\"0\" marginwidth=\"0\" marginheight=\"0\" scrolling=\"no\"><\/iframe><\/p>\n","protected":false},"excerpt":{"rendered":"<p>AGORDO Una gradita sorpresa per il dirigente scolastico Giovanni Paolo Zanin, gli insegnanti delle scuole del capoluogo, gli alunni e l&#8217;assessore all&#8217;istruzione di Agordo Cristina Bien. Infatti, dal Quirinale \u00e8 arrivata la lettera di ringraziamento e di complimenti per l&#8217;iniziativa per la pace. Il Presidente della Repubblica Sergio Mattarella dell&#8217;evento \u00e8 stato informato a tempo&hellip;<\/p>\n","protected":false},"author":4,"featured_media":272442,"comment_status":"closed","ping_status":"closed","sticky":false,"template":"","format":"standard","meta":{"_monsterinsights_skip_tracking":false,"_monsterinsights_sitenote_active":false,"_monsterinsights_sitenote_note":"","_monsterinsights_sitenote_category":0,"footnotes":""},"categories":[104,49],"tags":[],"class_list":["post-272441","post","type-post","status-publish","format-standard","has-post-thumbnail","hentry","category-evidenza_3","category-news-18","category-104","category-49","description-off"],"img_url":"https:\/\/www.radiopiu.net\/wordpress\/wp-content\/uploads\/2022\/03\/ssss.jpg","_links":{"self":[{"href":"https:\/\/www.radiopiu.net\/wordpress\/wp-json\/wp\/v2\/posts\/272441","targetHints":{"allow":["GET"]}}],"collection":[{"href":"https:\/\/www.radiopiu.net\/wordpress\/wp-json\/wp\/v2\/posts"}],"about":[{"href":"https:\/\/www.radiopiu.net\/wordpress\/wp-json\/wp\/v2\/types\/post"}],"author":[{"embeddable":true,"href":"https:\/\/www.radiopiu.net\/wordpress\/wp-json\/wp\/v2\/users\/4"}],"replies":[{"embeddable":true,"href":"https:\/\/www.radiopiu.net\/wordpress\/wp-json\/wp\/v2\/comments?post=272441"}],"version-history":[{"count":0,"href":"https:\/\/www.radiopiu.net\/wordpress\/wp-json\/wp\/v2\/posts\/272441\/revisions"}],"wp:featuredmedia":[{"embeddable":true,"href":"https:\/\/www.radiopiu.net\/wordpress\/wp-json\/wp\/v2\/media\/272442"}],"wp:attachment":[{"href":"https:\/\/www.radiopiu.net\/wordpress\/wp-json\/wp\/v2\/media?parent=272441"}],"wp:term":[{"taxonomy":"category","embeddable":true,"href":"https:\/\/www.radiopiu.net\/wordpress\/wp-json\/wp\/v2\/categories?post=272441"},{"taxonomy":"post_tag","embeddable":true,"href":"https:\/\/www.radiopiu.net\/wordpress\/wp-json\/wp\/v2\/tags?post=272441"}],"curies":[{"name":"wp","href":"https:\/\/api.w.org\/{rel}","templated":true}]}}