{"id":272494,"date":"2022-04-27T05:32:22","date_gmt":"2022-04-27T03:32:22","guid":{"rendered":"https:\/\/www.radiopiu.net\/wordpress\/?p=272494"},"modified":"2022-04-27T07:52:09","modified_gmt":"2022-04-27T05:52:09","slug":"allargamento-di-via-poloni-la-minoranza-motiva-lastensione","status":"publish","type":"post","link":"https:\/\/www.radiopiu.net\/wordpress\/allargamento-di-via-poloni-la-minoranza-motiva-lastensione\/","title":{"rendered":"ALLARGAMENTO DI VIA POLONI, LA MINORANZA MOTIVA L&#8217;ASTENSIONE"},"content":{"rendered":"<p><strong>AGORDO<\/strong> Nell&#8217;ultimo consiglio comunale a proposito dell&#8217;allargamento di via Piero Poloni (intersezione con la regionale 203 agordina in localit\u00e0 Pragrande) la minoranza Agordo Cambia si \u00e8 astenuta. Il punto in discussione riferito all&#8217;esproprio di un terreno privato.\u00a0 Secondo la minoranza la soluzione intrapresa porter\u00e0 ad una deleteria e costosa lungaggine burocratica e gli esempi non mancherebbero (vedi pista ciclabile a Ponte Alto ndr.).\u00a0 <em>&#8220;Ci siamo soffermati\u00a0 &#8211; afferma il gruppo di minoranza &#8211; su due aspetti:\u00a0 il pubblico interesse volto alla sicurezza pubblica e\u00a0 la \u201cinviolabilit\u00e0\u201d della propriet\u00e0 privata. Siamo consapevoli che la propriet\u00e0 privata avr\u00e0 un risarcimento consono al costo di mercato di un terreno fabbricabile, ma la stessa propriet\u00e0 ha espresso e formalizzato per vie legali, palese contrariet\u00e0 al riguardo, sulla quale noi concordiamo a seguito di una riflessione fatta relativamente alla citata normativa applicata, ma anche perch\u00e8 riteniamo che prima di procedere in tale direzione,<\/em><br \/>\n<em>sia doveroso ricercare con i proprietari dei terreni un accordo bonario&#8221; <\/em>In definitiva Agordo Cambia propende per una soluzione \u201cpacifica\u201d, cio\u00e8\u00a0 un intervento nella parte\u00a0 finale\u00a0 della intersezione delle due strade, non lungo l&#8217;intera propriet\u00e0\u00a0 di 60 metri. <em>&#8220;Soluzione palesemente semplice ed efficace, che porter\u00e0 a risolvere in tempi brevi la problematica con risparmio di denaro pubblico; c\u2019\u00e8 la concreta possibilit\u00e0 di risparmiare buona <\/em><em>parte dei 98.000\u00a0 previsti, che potranno cos\u00ec essere impiegati in altri ed ulteriori interventi&#8221;.<\/em><\/p>\n<p><strong>ARCHIVIO RADIOPIU<\/strong><\/p>\n<blockquote class=\"wp-embedded-content\" data-secret=\"FXtFrczU1Y\"><p><a href=\"https:\/\/www.radiopiu.net\/wordpress\/intersezione-con-la-comunale-piero-poloni-progetti-ed-espropri\/\">INTERSEZIONE CON LA COMUNALE PIERO POLONI, PROGETTI ED ESPROPRI<\/a><\/p><\/blockquote>\n<p><iframe loading=\"lazy\" class=\"wp-embedded-content\" sandbox=\"allow-scripts\" security=\"restricted\" style=\"position: absolute; clip: rect(1px, 1px, 1px, 1px);\" title=\"&#8220;INTERSEZIONE CON LA COMUNALE PIERO POLONI, PROGETTI ED ESPROPRI&#8221; &#8212; Radio Pi\u00f9\" src=\"https:\/\/www.radiopiu.net\/wordpress\/intersezione-con-la-comunale-piero-poloni-progetti-ed-espropri\/embed\/#?secret=apNDeweta1#?secret=FXtFrczU1Y\" data-secret=\"FXtFrczU1Y\" width=\"600\" height=\"338\" frameborder=\"0\" marginwidth=\"0\" marginheight=\"0\" scrolling=\"no\"><\/iframe><\/p>\n<p>&nbsp;<\/p>\n","protected":false},"excerpt":{"rendered":"<p>AGORDO Nell&#8217;ultimo consiglio comunale a proposito dell&#8217;allargamento di via Piero Poloni (intersezione con la regionale 203 agordina in localit\u00e0 Pragrande) la minoranza Agordo Cambia si \u00e8 astenuta. Il punto in discussione riferito all&#8217;esproprio di un terreno privato.\u00a0 Secondo la minoranza la soluzione intrapresa porter\u00e0 ad una deleteria e costosa lungaggine burocratica e gli esempi non&hellip;<\/p>\n","protected":false},"author":4,"featured_media":272495,"comment_status":"closed","ping_status":"closed","sticky":false,"template":"","format":"standard","meta":{"_monsterinsights_skip_tracking":false,"_monsterinsights_sitenote_active":false,"_monsterinsights_sitenote_note":"","_monsterinsights_sitenote_category":0,"footnotes":""},"categories":[51,49],"tags":[],"class_list":["post-272494","post","type-post","status-publish","format-standard","has-post-thumbnail","hentry","category-evidenza-top","category-news-18","category-51","category-49","description-off"],"img_url":"https:\/\/www.radiopiu.net\/wordpress\/wp-content\/uploads\/2022\/04\/51fac066-71b1-40bf-832c-82c0caf0d0b1-1.jpg","_links":{"self":[{"href":"https:\/\/www.radiopiu.net\/wordpress\/wp-json\/wp\/v2\/posts\/272494","targetHints":{"allow":["GET"]}}],"collection":[{"href":"https:\/\/www.radiopiu.net\/wordpress\/wp-json\/wp\/v2\/posts"}],"about":[{"href":"https:\/\/www.radiopiu.net\/wordpress\/wp-json\/wp\/v2\/types\/post"}],"author":[{"embeddable":true,"href":"https:\/\/www.radiopiu.net\/wordpress\/wp-json\/wp\/v2\/users\/4"}],"replies":[{"embeddable":true,"href":"https:\/\/www.radiopiu.net\/wordpress\/wp-json\/wp\/v2\/comments?post=272494"}],"version-history":[{"count":0,"href":"https:\/\/www.radiopiu.net\/wordpress\/wp-json\/wp\/v2\/posts\/272494\/revisions"}],"wp:featuredmedia":[{"embeddable":true,"href":"https:\/\/www.radiopiu.net\/wordpress\/wp-json\/wp\/v2\/media\/272495"}],"wp:attachment":[{"href":"https:\/\/www.radiopiu.net\/wordpress\/wp-json\/wp\/v2\/media?parent=272494"}],"wp:term":[{"taxonomy":"category","embeddable":true,"href":"https:\/\/www.radiopiu.net\/wordpress\/wp-json\/wp\/v2\/categories?post=272494"},{"taxonomy":"post_tag","embeddable":true,"href":"https:\/\/www.radiopiu.net\/wordpress\/wp-json\/wp\/v2\/tags?post=272494"}],"curies":[{"name":"wp","href":"https:\/\/api.w.org\/{rel}","templated":true}]}}