{"id":272547,"date":"2022-04-27T05:36:50","date_gmt":"2022-04-27T03:36:50","guid":{"rendered":"https:\/\/www.radiopiu.net\/wordpress\/?p=272547"},"modified":"2022-04-27T05:57:19","modified_gmt":"2022-04-27T03:57:19","slug":"nellincidente-mori-lamico-chiede-di-patteggiare-due-anni","status":"publish","type":"post","link":"https:\/\/www.radiopiu.net\/wordpress\/nellincidente-mori-lamico-chiede-di-patteggiare-due-anni\/","title":{"rendered":"NELL&#8217;INCIDENTE MORI&#8217; L&#8217;AMICO, CHIEDE DI PATTEGGIARE DUE ANNI"},"content":{"rendered":"<p><strong>OGGI SUL CORRIERE DELLE ALPI\u00a0<\/strong><\/p>\n<p><strong><a class=\"dt-pswp-item\" href=\"https:\/\/www.radiopiu.net\/wordpress\/wp-content\/uploads\/2022\/04\/rrr-1.jpg\" data-dt-img-description=\"\" data-large_image_width=\"418\" data-large_image_height=\"292\"><img loading=\"lazy\" decoding=\"async\" class=\" wp-image-272548 alignleft\" src=\"https:\/\/www.radiopiu.net\/wordpress\/wp-content\/uploads\/2022\/04\/rrr-1-150x150.jpg\" alt=\"\" width=\"136\" height=\"136\" \/><\/a>BELLUNO<\/strong> Schianto su un platano con un morto e una ragazza ferita che ha perso una gamba. Mattia Vascellari ha chiesto di patteggiare due anni di reclusione per omicidio stradale e lesioni stradali gravissime. La richiesta \u00e8 stata presentata ieri mattina dall&#8217;avvocato padovano Massimo Malipiero. Udienza definitiva il 17 maggio. L&#8217;incidente \u00e8 delle 6.50 del mattino del primo settembre di tre anni fa, sulla statale 50.\u00a0 All&#8217;altezza della Rossa sono andati a finire contro un albero a bordo strada. Palazzolo era seduto al centro del sedile posteriore. Accanto a lui c&#8217;era Deborah De Col, all&#8217;epoca minorenne, che \u00e8 rimasta gravemente ferita: amputazione a una gamba e c&#8217;\u00e8 il pericolo che ci siano conseguenze anche sull&#8217;altra. \u00c8 gi\u00e0 stata sottoposta a una trentina di interventi chirurgici e il suo percorso sanitario non \u00e8 ancora finito, adesso che non vive pi\u00f9 a Belluno, ma a Bologna. Il suo avvocato Martino Fogliato sta per avviare una causa civile da oltre un milione di euro di risarcimento. In auto c&#8217;erano cinque persone, una in pi\u00f9 del consentito e l&#8217;esame alcolemico ha rilevato in Vascellari un tasso di positivit\u00e0 di 0,75, che \u00e8 al di sotto della soglia del penale.<\/p>\n<p>&nbsp;<\/p>\n<p>&#8212;<\/p>\n","protected":false},"excerpt":{"rendered":"<p>OGGI SUL CORRIERE DELLE ALPI\u00a0 BELLUNO Schianto su un platano con un morto e una ragazza ferita che ha perso una gamba. Mattia Vascellari ha chiesto di patteggiare due anni di reclusione per omicidio stradale e lesioni stradali gravissime. La richiesta \u00e8 stata presentata ieri mattina dall&#8217;avvocato padovano Massimo Malipiero. Udienza definitiva il 17 maggio.&hellip;<\/p>\n","protected":false},"author":4,"featured_media":272548,"comment_status":"closed","ping_status":"closed","sticky":false,"template":"","format":"standard","meta":{"_monsterinsights_skip_tracking":false,"_monsterinsights_sitenote_active":false,"_monsterinsights_sitenote_note":"","_monsterinsights_sitenote_category":0,"footnotes":""},"categories":[51,49],"tags":[],"class_list":["post-272547","post","type-post","status-publish","format-standard","has-post-thumbnail","hentry","category-evidenza-top","category-news-18","category-51","category-49","description-off"],"img_url":"https:\/\/www.radiopiu.net\/wordpress\/wp-content\/uploads\/2022\/04\/rrr-1.jpg","_links":{"self":[{"href":"https:\/\/www.radiopiu.net\/wordpress\/wp-json\/wp\/v2\/posts\/272547","targetHints":{"allow":["GET"]}}],"collection":[{"href":"https:\/\/www.radiopiu.net\/wordpress\/wp-json\/wp\/v2\/posts"}],"about":[{"href":"https:\/\/www.radiopiu.net\/wordpress\/wp-json\/wp\/v2\/types\/post"}],"author":[{"embeddable":true,"href":"https:\/\/www.radiopiu.net\/wordpress\/wp-json\/wp\/v2\/users\/4"}],"replies":[{"embeddable":true,"href":"https:\/\/www.radiopiu.net\/wordpress\/wp-json\/wp\/v2\/comments?post=272547"}],"version-history":[{"count":0,"href":"https:\/\/www.radiopiu.net\/wordpress\/wp-json\/wp\/v2\/posts\/272547\/revisions"}],"wp:featuredmedia":[{"embeddable":true,"href":"https:\/\/www.radiopiu.net\/wordpress\/wp-json\/wp\/v2\/media\/272548"}],"wp:attachment":[{"href":"https:\/\/www.radiopiu.net\/wordpress\/wp-json\/wp\/v2\/media?parent=272547"}],"wp:term":[{"taxonomy":"category","embeddable":true,"href":"https:\/\/www.radiopiu.net\/wordpress\/wp-json\/wp\/v2\/categories?post=272547"},{"taxonomy":"post_tag","embeddable":true,"href":"https:\/\/www.radiopiu.net\/wordpress\/wp-json\/wp\/v2\/tags?post=272547"}],"curies":[{"name":"wp","href":"https:\/\/api.w.org\/{rel}","templated":true}]}}