{"id":272625,"date":"2022-04-28T05:51:38","date_gmt":"2022-04-28T03:51:38","guid":{"rendered":"https:\/\/www.radiopiu.net\/wordpress\/?p=272625"},"modified":"2022-04-28T06:09:16","modified_gmt":"2022-04-28T04:09:16","slug":"la-proposta-una-riserva-di-uomini-e-donne-pronti-anche-per-la-guerra","status":"publish","type":"post","link":"https:\/\/www.radiopiu.net\/wordpress\/la-proposta-una-riserva-di-uomini-e-donne-pronti-anche-per-la-guerra\/","title":{"rendered":"LA PROPOSTA: UNA RISERVA DI UOMINI E DONNE PRONTI ANCHE PER LA GUERRA"},"content":{"rendered":"<blockquote>\n<h3>\u00a0UNA RISERVA OPERATIVA DELLE FORZE ARMATE<\/h3>\n<\/blockquote>\n<p><em>LA CAMERA APPROVA, IL PROGETTO AL VAGLIO DEL SENATO<\/em><\/p>\n<p><strong><a class=\"dt-pswp-item\" href=\"https:\/\/www.radiopiu.net\/wordpress\/wp-content\/uploads\/2022\/03\/ROGER.jpg\" data-dt-img-description=\"\" data-large_image_width=\"516\" data-large_image_height=\"387\"><img loading=\"lazy\" decoding=\"async\" class=\"wp-image-265353 alignleft\" src=\"https:\/\/www.radiopiu.net\/wordpress\/wp-content\/uploads\/2022\/03\/ROGER-150x150.jpg\" alt=\"\" width=\"97\" height=\"97\" \/><\/a>ROMA<\/strong>\u00a0 La riforma delle Forze Armate discussa alla Camera dei deputati prevede per la prima volta l\u2019introduzione di una \u201cRiserva ausiliaria dello Stato\u201d. Una novit\u00e0 apprezzata soprattutto in Veneto dove le associazioni d\u2019arma, tra cui gli Alpini, da tempo chiedevano l\u2019istituzione di riservisti. Si tratta di un bacino di personale volontario, non superiore a 10.000 unit\u00e0, ripartito in nuclei operativi di livello regionale posti alle dipendenze di autorit\u00e0 militari individuate dal ministero della Difesa. <strong>La Riserva sar\u00e0 richiamabile in tempo di guerra<\/strong> o in caso di grave crisi internazionale, ovvero in attivit\u00e0 in campo logistico e di cooperazione civile-militare. &#8220;<em>Una Riserva Operativa pu\u00f2 servire inoltre a stimolare il ricambio generazionale anche dentro le tante associazioni d\u2019arma, dove, &#8211; sottolinea il Deputato Roger De Menech &#8211; militano volontari straordinari sempre pronti ad aiutare il nostro paese nei momenti di difficolt\u00e0 a cui va la nostra riconoscenza e il nostro grazie&#8221;.<\/em><\/p>\n<p><iframe loading=\"lazy\" title=\"Pdl Forze armate: De Menech, maggiore merito e modernit\u00e0 a sistema Difesa\" width=\"1200\" height=\"675\" src=\"https:\/\/www.youtube.com\/embed\/wz20rebh8SM?feature=oembed\" frameborder=\"0\" allow=\"accelerometer; autoplay; clipboard-write; encrypted-media; gyroscope; picture-in-picture\" allowfullscreen><\/iframe><\/p>\n<p>&nbsp;<\/p>\n<hr \/>\n<div>\n<p style=\"margin: 0px; text-align: justify; font-style: normal; font-variant-caps: normal; font-weight: normal; font-stretch: normal; font-size: 11px; line-height: normal; font-family: Helvetica; color: #000000; background-color: #ffffff;\">\n<\/div>\n","protected":false},"excerpt":{"rendered":"<p>\u00a0UNA RISERVA OPERATIVA DELLE FORZE ARMATE LA CAMERA APPROVA, IL PROGETTO AL VAGLIO DEL SENATO ROMA\u00a0 La riforma delle Forze Armate discussa alla Camera dei deputati prevede per la prima volta l\u2019introduzione di una \u201cRiserva ausiliaria dello Stato\u201d. Una novit\u00e0 apprezzata soprattutto in Veneto dove le associazioni d\u2019arma, tra cui gli Alpini, da tempo chiedevano&hellip;<\/p>\n","protected":false},"author":4,"featured_media":272626,"comment_status":"closed","ping_status":"closed","sticky":false,"template":"","format":"standard","meta":{"_monsterinsights_skip_tracking":false,"_monsterinsights_sitenote_active":false,"_monsterinsights_sitenote_note":"","_monsterinsights_sitenote_category":0,"footnotes":""},"categories":[51,49],"tags":[],"class_list":["post-272625","post","type-post","status-publish","format-standard","has-post-thumbnail","hentry","category-evidenza-top","category-news-18","category-51","category-49","description-off"],"img_url":"https:\/\/www.radiopiu.net\/wordpress\/wp-content\/uploads\/2022\/04\/soldiers-1172111__340.jpg","_links":{"self":[{"href":"https:\/\/www.radiopiu.net\/wordpress\/wp-json\/wp\/v2\/posts\/272625","targetHints":{"allow":["GET"]}}],"collection":[{"href":"https:\/\/www.radiopiu.net\/wordpress\/wp-json\/wp\/v2\/posts"}],"about":[{"href":"https:\/\/www.radiopiu.net\/wordpress\/wp-json\/wp\/v2\/types\/post"}],"author":[{"embeddable":true,"href":"https:\/\/www.radiopiu.net\/wordpress\/wp-json\/wp\/v2\/users\/4"}],"replies":[{"embeddable":true,"href":"https:\/\/www.radiopiu.net\/wordpress\/wp-json\/wp\/v2\/comments?post=272625"}],"version-history":[{"count":0,"href":"https:\/\/www.radiopiu.net\/wordpress\/wp-json\/wp\/v2\/posts\/272625\/revisions"}],"wp:featuredmedia":[{"embeddable":true,"href":"https:\/\/www.radiopiu.net\/wordpress\/wp-json\/wp\/v2\/media\/272626"}],"wp:attachment":[{"href":"https:\/\/www.radiopiu.net\/wordpress\/wp-json\/wp\/v2\/media?parent=272625"}],"wp:term":[{"taxonomy":"category","embeddable":true,"href":"https:\/\/www.radiopiu.net\/wordpress\/wp-json\/wp\/v2\/categories?post=272625"},{"taxonomy":"post_tag","embeddable":true,"href":"https:\/\/www.radiopiu.net\/wordpress\/wp-json\/wp\/v2\/tags?post=272625"}],"curies":[{"name":"wp","href":"https:\/\/api.w.org\/{rel}","templated":true}]}}