{"id":272640,"date":"2022-04-27T23:59:29","date_gmt":"2022-04-27T21:59:29","guid":{"rendered":"https:\/\/www.radiopiu.net\/wordpress\/?p=272640"},"modified":"2022-04-27T15:16:04","modified_gmt":"2022-04-27T13:16:04","slug":"dalle-ceneri-della-centenaria-tipografia-piave-approdata-a-belluno-la-famosa-mediagraf-spa","status":"publish","type":"post","link":"https:\/\/www.radiopiu.net\/wordpress\/dalle-ceneri-della-centenaria-tipografia-piave-approdata-a-belluno-la-famosa-mediagraf-spa\/","title":{"rendered":"DALLE CENERI DELLA CENTENARIA TIPOGRAFIA PIAVE APPRODATA A BELLUNO LA FAMOSA \u201cMEDIAGRAF SPA"},"content":{"rendered":"<p><strong>di RENATO BONA<\/strong><\/p>\n<p>\u201d Sotto il titolo \u201cLa Mediagraf approda a Belluno\u201d il sito diocesano \u201cchiesabellunofeltre\u201d ha recentemente postato una notizia che, vorremmo sbagliare, ma\u2026 \u00e8 passata pressoch\u00e9 inosservata. Eppure \u00e8 una novit\u00e0 importante perch\u00e9, come si pu\u00f2 leggere, il servizio siglato \u201cDF\u201d spiega che \u201cSar\u00e0 la tipografia di riferimento per la nostra Diocesi dopo la messa in liquidazione e chiusura della Piave, che \u00e8 affettiva dal 31 maggio dello scorso anno\u201d. Si precisa quindi che ora per la stampa dei sussidi diocesani e per il servizio alle parrocchie si \u00e8 trovato un nuovo punto di riferimento individuato appunto nella Mediagraf spa, grande azienda che \u201cvanta una decennale esperienza nel settore, soprattutto nel servizio alle diocesi, alle parrocchie, agli enti ecclesiastici. Nata nel 1986 dalla fusione di due storiche tipografie di Padova: quella dei Frati minori conventuali (i frati di sant\u2019Antonio) e quella della Diocesi di Padova che aveva precedentemente riunito nella \u2018Litografia Gregoriana\u2019 le sue storiche aziende del settore della stampa: la tipografia fondata da San Gregorio Barbarigo risale alla met\u00e0 del XVII secolo. Inoltre Mediagraf ha come soci di riferimento la Conferenza episcopale italiana e gli stessi Frati minori conventuali\u201d. Mons. Diego Bardin, nella sua veste di vicario episcopale per i beni temporali (ed oggi anche vicario generale della Diocesi bellunese), aveva scritto in proposito: \u201cQuesta \u00e8 una garanzia per l\u2019attenzione che Mediagraf ha per la variegata tipologia dei servizi a favore dell\u2019attivit\u00e0 pastorale della Chiesa\u201d. Nel frattempo, l\u2019azienda ha aperto un proprio ufficio bellunese col quale collaborano due ex dipendenti della \u201cPiave\u201d. La sede \u00e8 al secondo piano del centro diocesano Giovanni XXIII nel Piazzale Piloni (telefono 049-8991530, indirizzo e-mail: a.genuin@mediagrafspa.it). Il servizio sul sito cos\u00ec si concludeva: \u201cL\u2019auspicio \u00e8 che il nuovo ufficio possa diventare punto di riferimento per quanti erano clienti della Piave; la speranza \u00e8 che anche altri enti e privati, senza dover accedere alla sede centrale di Noventa Padovana, possano usufruire dei servizi che un grande azienda come Mediagraf pu\u00f2 offrire\u201d. Un auspicio cui viene spontaneo aderire considerato anche il fatto che un\u2019altra importante azienda del ramo ha chiuso i battenti nel Bellunese da alcuni mesi: la Tipografia Cartoleria Germano Sommavilla, nella Via Vecellio del capoluogo. Preso atto della nuova realt\u00e0 che si \u00e8 venuta prospettando, resta una legittima domanda: perch\u00e9 la Piave ha chiuso? A suo tempo, lo stesso sito diocesano aveva riportato in proposito il pensiero di don Diego Bardin: \u201cLa video lettura, la crisi dell\u2019editoria classica, le differenti modalit\u00e0 di comunicazione anche nell\u2019ambito della pastorale parrocchiale e associativa, hanno segnato in questi ultimi anni la crescente crisi della Tipografia Piave, una delle storiche tipografie della Provincia di Belluno. Nata per offrire un servizio alla Diocesi (Parrocchie, Enti diocesani, Associazioni e Movimenti ecclesiali), nel tempo la Tipografia ha allargato il proprio settore di attivit\u00e0 e si \u00e8 proposta con i propri servizi anche al di fuori dei confini provinciali, in particolare attraverso il proprio marchio editoriale \u2018TiPi Edizioni\u2019 che ha portato alla stampa di Collane quali \u2018Tracce Scout\u2019, \u2018Nova et Vetera\u2019, \u2018Presbiterio\u2019, \u2018Polvere\u2019 e altre\u201d. Aveva aggiunto che malgrado i tentativi di ampliare la tipologia dei propri servizi la Piave (che fino al 2009 aveva stampato anche il settimanale L\u2019Amico del Popolo quando il giornale, passando dal bianco e nero al colore ha avuto bisogno di essere stampato su una rotativa pi\u00f9 grande e si era dovuti ricorrere ad un centro stampa fuori provincia) \u00e8 stata messa in liquidazione ed ha chiuso l\u2019attivit\u00e0. Sottolineando che in questa fase la Direzione si \u00e8 preoccupata innanzitutto dei dipendenti cercando di aiutarli ad inserirsi in altre aziende e studiando alcune proposte da fare alla Diocesi per il proseguo dei servizi agli Uffici pastorali e alle parrocchie. Della Piave di Belluno, azienda di lunga tradizione considerato fra l\u2019altro che il suo primo torchio di stampa \u00e8 datato 1863, si era occupato quando ancora la crisi non si era manifestata nella sua gravit\u00e0, Maurizio Ruffini su Il Corriere delle Alpi del novembre 2019 definendola \u201cUn tramite tra scrittore e lettori che con gli anni ha affinato la propria tecnica comunicativa ed \u00e8 oggi pronta ad affrontare al meglio le sfide del futuro\u201d. Ricordava fra l\u2019altro che: \u201cL\u2019odierna \u201cTipografia Piave\u201d \u00e8 il risultato di una serie di passaggi ed evoluzioni societarie che iniziano il 20 febbraio 1932, quando si costituiva a Belluno \u201cLa Cartolibraria\u201d, societ\u00e0 formata da 14 soci, tra i quali quattro sacerdoti, con un capitale di 60 azioni da 1000 lire ciascuna. Nello stesso periodo prende piede a Belluno l\u2019Istituto veneto di Arti grafiche di Rovigo, nel quale hanno una parte importante Virtus Cavallini e alcuni altri uomini de \u201cLa Cartolibraria\u201d. A questo punto Ruffini si domanda il perch\u00e9 di tanto interesse dei cattolici per la stampa e l\u2019editoria e trova la spiegazione nella nascita di pubblicazioni cattoliche in provincia di Belluno: a partire dall\u2019Amico del Popolo, stampato nella tipografia De Liberali fin da prima della Grande Guerra, dal 1909 (ed oggi stampato dal Centro servizi editoriali srl di Grisignano di Zocco in provincia di Vicenza \u2013 ndr.), per proseguire, negli anni \u201920, con la fioritura straordinaria di bollettini, grazie alla quale quasi ogni parrocchia aveva la sua pubblicazione. Dopo la seconda guerra mondiale, nell\u2019autunno 1945, l\u2019Istituto veneto di Arti grafiche, per iniziativa del vescovo Girolamo Bortignon, divenne propriet\u00e0 della diocesi di Belluno e assunse il nome di \u201cTipografia vescovile\u201d, che mantenne fino al 1964, quando fu mutato in \u201cTipografia Piave\u201d. Rimasta nei vecchi locali di via San Pietro fino al 1960, fu trasferita nella nuova sede di piazza Piloni dove il rinnovamento del 1945 e la nuova sede portarono a un rapido sviluppo della tipografia, con l\u2019aumento di personale e nuove macchine: nel 1956 le nuovissime Italtype e nel 1972 la prima da stampa offset. Si pass\u00f2 dalla composizione a caldo (con il piombo e i caratteri mobili) alla fotocomposizione e ai moderni sistemi di impaginazione elettronica, con la realizzazione di una rete interna che collega computer, stampanti e fotocompositrici. Risale al 1974 l\u2019acquisto della rotativa \u201cGoss Comunity\u201d, unica mai esistita in provincia di Belluno, usata anche in alcuni spezzoni del film \u201cVajont\u201d; l\u2019evoluzione tecnologica \u00e8 poi continuata con lo sviluppo delle reti e dell\u2019informatica, che ha portato una svolta epocale nel settore tipografico, sia nella parte grafica che in quella produttiva. Prima della sofferta chiusura di uno stabilimento e di un\u2019epoca, c\u2019\u00e8 da registrare la nascita nel 2010 della Ti.Pi. edizioni che, per dirla col direttore Marco Maierotti \u201csi, lancia sul mercato delle pubblicazioni per mettere a frutto la nostra capacit\u00e0 editoriale, anche riscoprendo l\u2019idea che faceva dei vecchi tipografi anche degli editori\u201d.<\/p>\n\n\t\t\t<style type='text\/css'>\n\t\t\t\t#gallery-1 {\n\t\t\t\t\tmargin: auto;\n\t\t\t\t}\n\t\t\t\t#gallery-1 .gallery-item {\n\t\t\t\t\tfloat: left;\n\t\t\t\t\tmargin-top: 10px;\n\t\t\t\t\ttext-align: center;\n\t\t\t\t\twidth: 16%;\n\t\t\t\t}\n\t\t\t\t#gallery-1 img {\n\t\t\t\t\tborder: 2px solid #cfcfcf;\n\t\t\t\t}\n\t\t\t\t#gallery-1 .gallery-caption {\n\t\t\t\t\tmargin-left: 0;\n\t\t\t\t}\n\t\t\t\t\/* see gallery_shortcode() in wp-includes\/media.php *\/\n\t\t\t<\/style>\n\t\t<div id='gallery-1' class='dt-gallery-container gallery galleryid-272640 gallery-columns-6 gallery-size-thumbnail'><dl class='gallery-item'>\n\t\t\t\t<dt class='gallery-icon landscape'>\n\t\t\t\t\t<a class=\"rollover rollover-zoom dt-pswp-item\" title=\"278952552_1431093410674603_7661921691926330152_n\" data-dt-img-description=\"\" data-large_image_width=\"366\" data-large_image_height=\"206\"href='https:\/\/www.radiopiu.net\/wordpress\/wp-content\/uploads\/2022\/04\/278952552_1431093410674603_7661921691926330152_n.jpg'><img loading=\"lazy\" decoding=\"async\" width=\"150\" height=\"150\" src=\"https:\/\/www.radiopiu.net\/wordpress\/wp-content\/uploads\/2022\/04\/278952552_1431093410674603_7661921691926330152_n-150x150.jpg\" class=\"attachment-thumbnail size-thumbnail\" alt=\"\" \/><\/a>\n\t\t\t\t<\/dt><\/dl><dl class='gallery-item'>\n\t\t\t\t<dt class='gallery-icon landscape'>\n\t\t\t\t\t<a class=\"rollover rollover-zoom dt-pswp-item\" title=\"278975812_672329824066955_5735364810311718985_n\" data-dt-img-description=\"\" data-large_image_width=\"275\" data-large_image_height=\"184\"href='https:\/\/www.radiopiu.net\/wordpress\/wp-content\/uploads\/2022\/04\/278975812_672329824066955_5735364810311718985_n.jpg'><img loading=\"lazy\" decoding=\"async\" width=\"150\" height=\"150\" src=\"https:\/\/www.radiopiu.net\/wordpress\/wp-content\/uploads\/2022\/04\/278975812_672329824066955_5735364810311718985_n-150x150.jpg\" class=\"attachment-thumbnail size-thumbnail\" alt=\"\" \/><\/a>\n\t\t\t\t<\/dt><\/dl><dl class='gallery-item'>\n\t\t\t\t<dt class='gallery-icon landscape'>\n\t\t\t\t\t<a class=\"rollover rollover-zoom dt-pswp-item\" title=\"279040137_1126754618106376_8269913254128767894_n\" data-dt-img-description=\"\" data-large_image_width=\"300\" data-large_image_height=\"168\"href='https:\/\/www.radiopiu.net\/wordpress\/wp-content\/uploads\/2022\/04\/279040137_1126754618106376_8269913254128767894_n.jpg'><img loading=\"lazy\" decoding=\"async\" width=\"150\" height=\"150\" src=\"https:\/\/www.radiopiu.net\/wordpress\/wp-content\/uploads\/2022\/04\/279040137_1126754618106376_8269913254128767894_n-150x150.jpg\" class=\"attachment-thumbnail size-thumbnail\" alt=\"\" \/><\/a>\n\t\t\t\t<\/dt><\/dl><dl class='gallery-item'>\n\t\t\t\t<dt class='gallery-icon landscape'>\n\t\t\t\t\t<a class=\"rollover rollover-zoom dt-pswp-item\" title=\"279040142_355926619842486_4962418283995268149_n\" data-dt-img-description=\"\" data-large_image_width=\"293\" data-large_image_height=\"206\"href='https:\/\/www.radiopiu.net\/wordpress\/wp-content\/uploads\/2022\/04\/279040142_355926619842486_4962418283995268149_n.jpg'><img loading=\"lazy\" decoding=\"async\" width=\"150\" height=\"150\" src=\"https:\/\/www.radiopiu.net\/wordpress\/wp-content\/uploads\/2022\/04\/279040142_355926619842486_4962418283995268149_n-150x150.jpg\" class=\"attachment-thumbnail size-thumbnail\" alt=\"\" \/><\/a>\n\t\t\t\t<\/dt><\/dl><dl class='gallery-item'>\n\t\t\t\t<dt class='gallery-icon landscape'>\n\t\t\t\t\t<a class=\"rollover rollover-zoom dt-pswp-item\" title=\"279130920_670198874213895_4897586003453096557_n\" data-dt-img-description=\"\" data-large_image_width=\"275\" data-large_image_height=\"183\"href='https:\/\/www.radiopiu.net\/wordpress\/wp-content\/uploads\/2022\/04\/279130920_670198874213895_4897586003453096557_n.jpg'><img loading=\"lazy\" decoding=\"async\" width=\"150\" height=\"150\" src=\"https:\/\/www.radiopiu.net\/wordpress\/wp-content\/uploads\/2022\/04\/279130920_670198874213895_4897586003453096557_n-150x150.jpg\" class=\"attachment-thumbnail size-thumbnail\" alt=\"\" \/><\/a>\n\t\t\t\t<\/dt><\/dl><dl class='gallery-item'>\n\t\t\t\t<dt class='gallery-icon landscape'>\n\t\t\t\t\t<a class=\"rollover rollover-zoom dt-pswp-item\" title=\"279138628_558059902313874_3557583522115115766_n\" data-dt-img-description=\"\" data-large_image_width=\"274\" data-large_image_height=\"184\"href='https:\/\/www.radiopiu.net\/wordpress\/wp-content\/uploads\/2022\/04\/279138628_558059902313874_3557583522115115766_n.jpg'><img loading=\"lazy\" decoding=\"async\" width=\"150\" height=\"150\" src=\"https:\/\/www.radiopiu.net\/wordpress\/wp-content\/uploads\/2022\/04\/279138628_558059902313874_3557583522115115766_n-150x150.jpg\" class=\"attachment-thumbnail size-thumbnail\" alt=\"\" \/><\/a>\n\t\t\t\t<\/dt><\/dl><br style=\"clear: both\" \/><dl class='gallery-item'>\n\t\t\t\t<dt class='gallery-icon landscape'>\n\t\t\t\t\t<a class=\"rollover rollover-zoom dt-pswp-item\" title=\"279163382_417452533157385_6112966129577790171_n\" data-dt-img-description=\"\" data-large_image_width=\"275\" data-large_image_height=\"183\"href='https:\/\/www.radiopiu.net\/wordpress\/wp-content\/uploads\/2022\/04\/279163382_417452533157385_6112966129577790171_n.jpg'><img loading=\"lazy\" decoding=\"async\" width=\"150\" height=\"150\" src=\"https:\/\/www.radiopiu.net\/wordpress\/wp-content\/uploads\/2022\/04\/279163382_417452533157385_6112966129577790171_n-150x150.jpg\" class=\"attachment-thumbnail size-thumbnail\" alt=\"\" \/><\/a>\n\t\t\t\t<\/dt><\/dl><dl class='gallery-item'>\n\t\t\t\t<dt class='gallery-icon landscape'>\n\t\t\t\t\t<a class=\"rollover rollover-zoom dt-pswp-item\" title=\"279182075_459933855929959_1202936544226907373_n\" data-dt-img-description=\"\" data-large_image_width=\"275\" data-large_image_height=\"206\"href='https:\/\/www.radiopiu.net\/wordpress\/wp-content\/uploads\/2022\/04\/279182075_459933855929959_1202936544226907373_n.jpg'><img loading=\"lazy\" decoding=\"async\" width=\"150\" height=\"150\" src=\"https:\/\/www.radiopiu.net\/wordpress\/wp-content\/uploads\/2022\/04\/279182075_459933855929959_1202936544226907373_n-150x150.jpg\" class=\"attachment-thumbnail size-thumbnail\" alt=\"\" \/><\/a>\n\t\t\t\t<\/dt><\/dl><dl class='gallery-item'>\n\t\t\t\t<dt class='gallery-icon landscape'>\n\t\t\t\t\t<a class=\"rollover rollover-zoom dt-pswp-item\" title=\"279194057_409299663960250_323113484051528456_n\" data-dt-img-description=\"\" data-large_image_width=\"300\" data-large_image_height=\"168\"href='https:\/\/www.radiopiu.net\/wordpress\/wp-content\/uploads\/2022\/04\/279194057_409299663960250_323113484051528456_n.jpg'><img loading=\"lazy\" decoding=\"async\" width=\"150\" height=\"150\" src=\"https:\/\/www.radiopiu.net\/wordpress\/wp-content\/uploads\/2022\/04\/279194057_409299663960250_323113484051528456_n-150x150.jpg\" class=\"attachment-thumbnail size-thumbnail\" alt=\"\" \/><\/a>\n\t\t\t\t<\/dt><\/dl><dl class='gallery-item'>\n\t\t\t\t<dt class='gallery-icon portrait'>\n\t\t\t\t\t<a class=\"rollover rollover-zoom dt-pswp-item\" title=\"279047420_568393868192267_8586011033880515808_n\" data-dt-img-description=\"\" data-large_image_width=\"205\" data-large_image_height=\"206\"href='https:\/\/www.radiopiu.net\/wordpress\/wp-content\/uploads\/2022\/04\/279047420_568393868192267_8586011033880515808_n.png'><img loading=\"lazy\" decoding=\"async\" width=\"150\" height=\"150\" src=\"https:\/\/www.radiopiu.net\/wordpress\/wp-content\/uploads\/2022\/04\/279047420_568393868192267_8586011033880515808_n-150x150.png\" class=\"attachment-thumbnail size-thumbnail\" alt=\"\" srcset=\"https:\/\/www.radiopiu.net\/wordpress\/wp-content\/uploads\/2022\/04\/279047420_568393868192267_8586011033880515808_n-150x150.png 150w, https:\/\/www.radiopiu.net\/wordpress\/wp-content\/uploads\/2022\/04\/279047420_568393868192267_8586011033880515808_n.png 205w\" sizes=\"auto, (max-width: 150px) 100vw, 150px\" \/><\/a>\n\t\t\t\t<\/dt><\/dl><dl class='gallery-item'>\n\t\t\t\t<dt class='gallery-icon landscape'>\n\t\t\t\t\t<a class=\"rollover rollover-zoom dt-pswp-item\" title=\"279095713_1004654196824903_6807907037346765754_n\" data-dt-img-description=\"\" data-large_image_width=\"403\" data-large_image_height=\"202\"href='https:\/\/www.radiopiu.net\/wordpress\/wp-content\/uploads\/2022\/04\/279095713_1004654196824903_6807907037346765754_n.png'><img loading=\"lazy\" decoding=\"async\" width=\"150\" height=\"150\" src=\"https:\/\/www.radiopiu.net\/wordpress\/wp-content\/uploads\/2022\/04\/279095713_1004654196824903_6807907037346765754_n-150x150.png\" class=\"attachment-thumbnail size-thumbnail\" alt=\"\" \/><\/a>\n\t\t\t\t<\/dt><\/dl><dl class='gallery-item'>\n\t\t\t\t<dt class='gallery-icon portrait'>\n\t\t\t\t\t<a class=\"rollover rollover-zoom dt-pswp-item\" title=\"279224108_696791394967187_8489597214698354404_n\" data-dt-img-description=\"\" data-large_image_width=\"197\" data-large_image_height=\"206\"href='https:\/\/www.radiopiu.net\/wordpress\/wp-content\/uploads\/2022\/04\/279224108_696791394967187_8489597214698354404_n.png'><img loading=\"lazy\" decoding=\"async\" width=\"150\" height=\"150\" src=\"https:\/\/www.radiopiu.net\/wordpress\/wp-content\/uploads\/2022\/04\/279224108_696791394967187_8489597214698354404_n-150x150.png\" class=\"attachment-thumbnail size-thumbnail\" alt=\"\" \/><\/a>\n\t\t\t\t<\/dt><\/dl><br style=\"clear: both\" \/>\n\t\t\t<\/div>\n\n<p>&nbsp;<\/p>\n<p>NELLE FOTO (riproduzioni dal sito del settimanale L\u2019Amico del Popolo e del quotidiano Corriere delle Alpi): la sede del Centro diocesano bellunese che ospitava la tipografia Piave; furgone in attesa di caricare L\u2019Amico del Popolo; tra vari macchinari della Piave si riconosce lo \u201cstorico\u201d tipografo Toni Fontana; copie dei foglietti domenicali stampati dalla scomparsa tipografia; un\u2019immagine della subentrata Mediagraf spa, dotata di modernissimi macchinari, nella sede centrale di Noventa Padovana; la targhetta con l\u2019indirizzo del recapito bellunese al Giovanni XXIII; l\u2019edificio che ospitava la tipografia-cartoleria Germano Sommavilla, chiusa alcuni mesi fa.<\/p>\n","protected":false},"excerpt":{"rendered":"<p>di RENATO BONA \u201d Sotto il titolo \u201cLa Mediagraf approda a Belluno\u201d il sito diocesano \u201cchiesabellunofeltre\u201d ha recentemente postato una notizia che, vorremmo sbagliare, ma\u2026 \u00e8 passata pressoch\u00e9 inosservata. Eppure \u00e8 una novit\u00e0 importante perch\u00e9, come si pu\u00f2 leggere, il servizio siglato \u201cDF\u201d spiega che \u201cSar\u00e0 la tipografia di riferimento per la nostra Diocesi dopo&hellip;<\/p>\n","protected":false},"author":4,"featured_media":272628,"comment_status":"closed","ping_status":"closed","sticky":false,"template":"","format":"standard","meta":{"_monsterinsights_skip_tracking":false,"_monsterinsights_sitenote_active":false,"_monsterinsights_sitenote_note":"","_monsterinsights_sitenote_category":0,"footnotes":""},"categories":[104,49],"tags":[],"class_list":["post-272640","post","type-post","status-publish","format-standard","has-post-thumbnail","hentry","category-evidenza_3","category-news-18","category-104","category-49","description-off"],"img_url":"https:\/\/www.radiopiu.net\/wordpress\/wp-content\/uploads\/2022\/04\/278952552_1431093410674603_7661921691926330152_n.jpg","_links":{"self":[{"href":"https:\/\/www.radiopiu.net\/wordpress\/wp-json\/wp\/v2\/posts\/272640","targetHints":{"allow":["GET"]}}],"collection":[{"href":"https:\/\/www.radiopiu.net\/wordpress\/wp-json\/wp\/v2\/posts"}],"about":[{"href":"https:\/\/www.radiopiu.net\/wordpress\/wp-json\/wp\/v2\/types\/post"}],"author":[{"embeddable":true,"href":"https:\/\/www.radiopiu.net\/wordpress\/wp-json\/wp\/v2\/users\/4"}],"replies":[{"embeddable":true,"href":"https:\/\/www.radiopiu.net\/wordpress\/wp-json\/wp\/v2\/comments?post=272640"}],"version-history":[{"count":0,"href":"https:\/\/www.radiopiu.net\/wordpress\/wp-json\/wp\/v2\/posts\/272640\/revisions"}],"wp:featuredmedia":[{"embeddable":true,"href":"https:\/\/www.radiopiu.net\/wordpress\/wp-json\/wp\/v2\/media\/272628"}],"wp:attachment":[{"href":"https:\/\/www.radiopiu.net\/wordpress\/wp-json\/wp\/v2\/media?parent=272640"}],"wp:term":[{"taxonomy":"category","embeddable":true,"href":"https:\/\/www.radiopiu.net\/wordpress\/wp-json\/wp\/v2\/categories?post=272640"},{"taxonomy":"post_tag","embeddable":true,"href":"https:\/\/www.radiopiu.net\/wordpress\/wp-json\/wp\/v2\/tags?post=272640"}],"curies":[{"name":"wp","href":"https:\/\/api.w.org\/{rel}","templated":true}]}}