{"id":272645,"date":"2022-04-28T05:52:19","date_gmt":"2022-04-28T03:52:19","guid":{"rendered":"https:\/\/www.radiopiu.net\/wordpress\/?p=272645"},"modified":"2022-04-28T06:08:59","modified_gmt":"2022-04-28T04:08:59","slug":"la-nuova-stagione-del-covid-dal-1-maggio-cosa-cambia-in-luxottica","status":"publish","type":"post","link":"https:\/\/www.radiopiu.net\/wordpress\/la-nuova-stagione-del-covid-dal-1-maggio-cosa-cambia-in-luxottica\/","title":{"rendered":"LA NUOVA STAGIONE DEL COVID, DAL 1 MAGGIO, COSA CAMBIA IN LUXOTTICA"},"content":{"rendered":"<p><strong><img loading=\"lazy\" decoding=\"async\" class=\"alignleft\" src=\"https:\/\/www.radiopiu.net\/wordpress\/wp-content\/uploads\/2022\/01\/th-7.jpg\" width=\"115\" height=\"115\" \/>AGORDO<\/strong> Dal 1 maggio la mascherina rimane &#8211; secondo l&#8217;azienda &#8211; il primo e pi\u00f9 potente strumento di protezione contro il contagio, soprattutto all&#8217;interno dei luoghi chiusi, comunque dove il distanziamento minimo non \u00e8 possibile. In ufficio e in reparto non sar\u00e0 necessario usarla se seduti nella propria postazione lavorativa se il distanziamento \u00e8 garantito o sia presente il plexiglass protettivo. Mascherina obbligatoria durante gli spostamenti, anche per andare in bagno. Per accedere all&#8217;azienda non sar\u00e0 pi\u00f9 necessario il green pass, tanto rafforzato che base, quindi non sar\u00e0 pi\u00f9 possibile utilizzare il modulo &#8220;no green pass&#8221; e le assenze dovranno essere giustificate. Invariata la procedura di ingresso, mascherina e controllo temperatura. Negli spogliatoi l&#8217;azienda da effettuando le migliorie necessarie per rendere gli spogliatoi, una volta aperti sar\u00e0 obbligatorio l&#8217;uso della mascherina e si potr\u00e0 sostare all&#8217;interno giusto per il tempo necessario al cambio d&#8217;abiti, non oltre i 10 minuti con attenzione al rispetto del distanziamento. Rimane invariata la procedura di sanificazione della postazione lavorativa. In mensa \u00e8 abolita la divisione degli spazi, si potranno usare tutte le postazioni disponibili. Sui messi di trasporto \u00e8 raccomandato l&#8217;uso della mascherina (ffp2) che sar\u00e0 fornita gratuitamente. Infine ai lavoratori \u00e8 gi\u00e0 stato inviato il solito messaggio del tipo <em>&#8220;non abbassiamo la guardia e continuiamo a osservare la indicazioni del protocollo per lavorare tutti assieme in sicurezza&#8221;<\/em><\/p>\n<p>&nbsp;<\/p>\n<p>&nbsp;<\/p>\n<hr \/>\n<p>&nbsp;<\/p>\n","protected":false},"excerpt":{"rendered":"<p>AGORDO Dal 1 maggio la mascherina rimane &#8211; secondo l&#8217;azienda &#8211; il primo e pi\u00f9 potente strumento di protezione contro il contagio, soprattutto all&#8217;interno dei luoghi chiusi, comunque dove il distanziamento minimo non \u00e8 possibile. In ufficio e in reparto non sar\u00e0 necessario usarla se seduti nella propria postazione lavorativa se il distanziamento \u00e8 garantito&hellip;<\/p>\n","protected":false},"author":4,"featured_media":253706,"comment_status":"closed","ping_status":"closed","sticky":false,"template":"","format":"standard","meta":{"_monsterinsights_skip_tracking":false,"_monsterinsights_sitenote_active":false,"_monsterinsights_sitenote_note":"","_monsterinsights_sitenote_category":0,"footnotes":""},"categories":[51,49],"tags":[],"class_list":["post-272645","post","type-post","status-publish","format-standard","has-post-thumbnail","hentry","category-evidenza-top","category-news-18","category-51","category-49","description-off"],"img_url":"https:\/\/www.radiopiu.net\/wordpress\/wp-content\/uploads\/2022\/01\/th-7.jpg","_links":{"self":[{"href":"https:\/\/www.radiopiu.net\/wordpress\/wp-json\/wp\/v2\/posts\/272645","targetHints":{"allow":["GET"]}}],"collection":[{"href":"https:\/\/www.radiopiu.net\/wordpress\/wp-json\/wp\/v2\/posts"}],"about":[{"href":"https:\/\/www.radiopiu.net\/wordpress\/wp-json\/wp\/v2\/types\/post"}],"author":[{"embeddable":true,"href":"https:\/\/www.radiopiu.net\/wordpress\/wp-json\/wp\/v2\/users\/4"}],"replies":[{"embeddable":true,"href":"https:\/\/www.radiopiu.net\/wordpress\/wp-json\/wp\/v2\/comments?post=272645"}],"version-history":[{"count":0,"href":"https:\/\/www.radiopiu.net\/wordpress\/wp-json\/wp\/v2\/posts\/272645\/revisions"}],"wp:featuredmedia":[{"embeddable":true,"href":"https:\/\/www.radiopiu.net\/wordpress\/wp-json\/wp\/v2\/media\/253706"}],"wp:attachment":[{"href":"https:\/\/www.radiopiu.net\/wordpress\/wp-json\/wp\/v2\/media?parent=272645"}],"wp:term":[{"taxonomy":"category","embeddable":true,"href":"https:\/\/www.radiopiu.net\/wordpress\/wp-json\/wp\/v2\/categories?post=272645"},{"taxonomy":"post_tag","embeddable":true,"href":"https:\/\/www.radiopiu.net\/wordpress\/wp-json\/wp\/v2\/tags?post=272645"}],"curies":[{"name":"wp","href":"https:\/\/api.w.org\/{rel}","templated":true}]}}