{"id":272695,"date":"2022-04-28T05:55:26","date_gmt":"2022-04-28T03:55:26","guid":{"rendered":"https:\/\/www.radiopiu.net\/wordpress\/?p=272695"},"modified":"2022-04-28T06:07:56","modified_gmt":"2022-04-28T04:07:56","slug":"consiglio-comunale-di-falcade-diretta-radio-piu-3","status":"publish","type":"post","link":"https:\/\/www.radiopiu.net\/wordpress\/consiglio-comunale-di-falcade-diretta-radio-piu-3\/","title":{"rendered":"CONSIGLIO COMUNALE DI FALCADE, DIRETTA RADIO PIU"},"content":{"rendered":"<blockquote><p><em>I <b>piani attuativi<\/b>\u00a0(PA) sono atti di pianificazione urbanistica comunale che definiscono nel dettaglio le previsioni del\u00a0<b>piano<\/b> di governo del territorio (PGT) (Legge regionale 11\/03\/2005, n. 12, art. 12).\u00a0<\/em><\/p><\/blockquote>\n<p><strong>FALCADE<\/strong> Un lungo lavoro che ha impegnato l&#8217;amministrazione comunale e i tecnici negli ultimi sette anni, il Piano attuativo \u00e8 stato infine adottato mentre l&#8217;approvazione, dopo le osservazioni dei cittadini (60 giorni),\u00a0 sar\u00e0 approvato dalla prossima amministrazione comunale, a\u00a0 Falcade si vota il rinnovo dei consiglieri il prossimo 12\u00a0 giugno. Ci sono voluti sette anni non per incapacit\u00e0 amministrativa o degli studi tecnici preposti,\u00a0 ma per la solita burocrazia, il sindaco Michele Costa non ne ha fatto segreto. Un piano illustrato nei particolari nel corso del consiglio comunale, l&#8217;adozione all&#8217;unanimit\u00e0, per la minoranza era presente solo Flavio Murer che non ha partecipato alla votazione, ma non ha mancato di lamentare il mancato coinvolgimento dell&#8217;opposizione.<\/p>\n<p>Il Comune di Falcade ha partecipato ad un bando per la messa in sicurezza del territorio, prima proposta per un progetto da 4 milioni di euro per le reti acquedottistiche, al bando il Comune non ha avuto accesso, al successivo da circa 1 milione di euro (coinvolgendo Gsp e consiglio di Barcino) \u00e8 andata meglio. Quindi il finanziamento (980 mila euro dai fondi Pnrr) arriver\u00e0 e sar\u00e0 investito sulla rete acquedottistica, Gsp realizzer\u00e0 gli interventi pi\u00f9 necessari condivisi con Comune e ente di Bacino cio\u00e8 i sindaci bellunesi.\u00a0 La convenzione sar\u00e0 firmata a pi\u00f9 mani e stabilisce chi fa cosa. Il Comune far\u00e0 da tramite per il finanziamento e non \u00e8 impegnato a investire ulteriore denaro. La rete acquedottistica sar\u00e0 pertanto migliorata, si aggiunge all&#8217;investimento da 400mila euro dei fondi di confine come deliberato nel precedente consiglio comunale. <em>&#8220;Potremo dire di avere realizzato opere importanti&#8221;<\/em> ha concluso il sindaco. La delibera \u00e8 stata approvata all&#8217;unanimit\u00e0.<\/p>\n<p>Ultimo punto all&#8217;ordine del giorno, il mutamento destinazione d&#8217;uso del terreno a Caverson dove saranno allocate le apparecchiatore della compagnia telefonia\u00a0 con l&#8217;impegno della\u00a0 stessa a portare il segnale nella frazione di Valt.\u00a0 Non nell&#8217;immediato ma con una soluzione tecnica che sar\u00e0 comunque realizzata in tempi brevi. La delibera rinnova la concessione per l&#8217;utilizzo del terreno di uso civico (canone 13mila annui) pi\u00f9 eventuale canone aggiuntivo di 6000 euro per ulteriori concessioni ad altre compagnie di telefonia. Soldi che verranno versati nelle casse comunali fino a quando il segnale non giunger\u00e0 in frazione Valt. A quel punto per l&#8217;azienda telefonica cambieranno le condizioni (11mila euro annui e canone gratuito per altre compagnie telefoniche). <em>&#8220;Un modo per dare la risposta ad un&#8217;azienda che ha bisogno di portare il servizio sul territorio vincolandolo ad un&#8217;esigenza del territorio stesso &#8211; ha detto il sindaco Costa- sono fiducioso che il segnale a Valt arriver\u00e0 comunque in tempi brevi che per ora non conosciamo,\u00a0 ma \u00e8 loro interesse farlo in fretta&#8221;.<\/em> Per\u00a0 il vicesindaco Giovanni\u00a0 Ferrini che ha seguito la vicenda c&#8217;\u00e8 ormai la certezza che il segnale sar\u00e0 portato a Valt <em>&#8220;Dove nessuna compagnia telefonica era disposta ad investire per i pochi residenti -ha detto Ferrini &#8211;\u00a0 WInd e Tim hanno trovato il modo per portare il segnale e danno sicurezze&#8221;.<\/em><\/p>\n<p><span style=\"color: #ff0000;\"><strong>CANALE YOUTUBE\u00a0 \u00a0<\/strong><strong>RADIOPIU LA DIRETTA DI RADIO PIU\u00a0\u00a0<\/strong><\/span><\/p>\n<p><iframe loading=\"lazy\" title=\"Video 20220427 175151 Meeting Recording\" width=\"1200\" height=\"675\" src=\"https:\/\/www.youtube.com\/embed\/bMrr2iX-M4o?feature=oembed\" frameborder=\"0\" allow=\"accelerometer; autoplay; clipboard-write; encrypted-media; gyroscope; picture-in-picture\" allowfullscreen><\/iframe><\/p>\n<p>&nbsp;<\/p>\n","protected":false},"excerpt":{"rendered":"<p>I piani attuativi\u00a0(PA) sono atti di pianificazione urbanistica comunale che definiscono nel dettaglio le previsioni del\u00a0piano di governo del territorio (PGT) (Legge regionale 11\/03\/2005, n. 12, art. 12).\u00a0 FALCADE Un lungo lavoro che ha impegnato l&#8217;amministrazione comunale e i tecnici negli ultimi sette anni, il Piano attuativo \u00e8 stato infine adottato mentre l&#8217;approvazione, dopo le&hellip;<\/p>\n","protected":false},"author":4,"featured_media":176039,"comment_status":"closed","ping_status":"closed","sticky":false,"template":"","format":"standard","meta":{"_monsterinsights_skip_tracking":false,"_monsterinsights_sitenote_active":false,"_monsterinsights_sitenote_note":"","_monsterinsights_sitenote_category":0,"footnotes":""},"categories":[51,49],"tags":[],"class_list":["post-272695","post","type-post","status-publish","format-standard","has-post-thumbnail","hentry","category-evidenza-top","category-news-18","category-51","category-49","description-off"],"img_url":"https:\/\/www.radiopiu.net\/wordpress\/wp-content\/uploads\/2020\/11\/download-30.jpg","_links":{"self":[{"href":"https:\/\/www.radiopiu.net\/wordpress\/wp-json\/wp\/v2\/posts\/272695","targetHints":{"allow":["GET"]}}],"collection":[{"href":"https:\/\/www.radiopiu.net\/wordpress\/wp-json\/wp\/v2\/posts"}],"about":[{"href":"https:\/\/www.radiopiu.net\/wordpress\/wp-json\/wp\/v2\/types\/post"}],"author":[{"embeddable":true,"href":"https:\/\/www.radiopiu.net\/wordpress\/wp-json\/wp\/v2\/users\/4"}],"replies":[{"embeddable":true,"href":"https:\/\/www.radiopiu.net\/wordpress\/wp-json\/wp\/v2\/comments?post=272695"}],"version-history":[{"count":0,"href":"https:\/\/www.radiopiu.net\/wordpress\/wp-json\/wp\/v2\/posts\/272695\/revisions"}],"wp:featuredmedia":[{"embeddable":true,"href":"https:\/\/www.radiopiu.net\/wordpress\/wp-json\/wp\/v2\/media\/176039"}],"wp:attachment":[{"href":"https:\/\/www.radiopiu.net\/wordpress\/wp-json\/wp\/v2\/media?parent=272695"}],"wp:term":[{"taxonomy":"category","embeddable":true,"href":"https:\/\/www.radiopiu.net\/wordpress\/wp-json\/wp\/v2\/categories?post=272695"},{"taxonomy":"post_tag","embeddable":true,"href":"https:\/\/www.radiopiu.net\/wordpress\/wp-json\/wp\/v2\/tags?post=272695"}],"curies":[{"name":"wp","href":"https:\/\/api.w.org\/{rel}","templated":true}]}}