{"id":272720,"date":"2022-04-28T05:53:55","date_gmt":"2022-04-28T03:53:55","guid":{"rendered":"https:\/\/www.radiopiu.net\/wordpress\/?p=272720"},"modified":"2022-04-28T06:08:36","modified_gmt":"2022-04-28T04:08:36","slug":"rifiuti-approvate-le-tariffe-per-il-2022","status":"publish","type":"post","link":"https:\/\/www.radiopiu.net\/wordpress\/rifiuti-approvate-le-tariffe-per-il-2022\/","title":{"rendered":"RIFIUTI, APPROVATE LE TARIFFE PER IL 2022"},"content":{"rendered":"<p><strong>SEDICO<\/strong>\u00a0 Approvate in Consiglio comunale a Sedico le tariffe per il servizio di gestione dei rifiuti valide per l\u2019anno 2022. C\u2019\u00e8 una variazione mediamente del 2,6% rispetto all\u2019anno precedente, con la sola eccezione della tariffa per il secco ordinario delle utenze non domestiche, che viene parificata a quella delle utenze domestiche.<\/p>\n<p><em><a class=\"dt-pswp-item\" href=\"https:\/\/www.radiopiu.net\/wordpress\/wp-content\/uploads\/2022\/04\/download-11.jpg\" data-dt-img-description=\"\" data-large_image_width=\"121\" data-large_image_height=\"289\"><img loading=\"lazy\" decoding=\"async\" class=\"alignleft wp-image-272722 \" src=\"https:\/\/www.radiopiu.net\/wordpress\/wp-content\/uploads\/2022\/04\/download-11.jpg\" alt=\"\" width=\"95\" height=\"227\" \/><\/a>\u00abNel 2022 una famiglia di 3 persone pagher\u00e0 in media 4,30 euro in pi\u00f9 rispetto allo scorso anno; una composta da 4 persone 4,90 euro &#8211; afferma l\u2019assessore all\u2019ambiente Gioia Sacchet -. Si tratta di aumenti minimi, soprattutto se messi a confronto con i costi di energia e gas aumentati esponenzialmente nell\u2019ultimo anno. Inoltre, l\u2019amministrazione ha approvato anche per quest\u2019anno le agevolazioni per le famiglie, gi\u00e0 previste negli anni precedenti: nessun aumento, quindi, per la tariffa del bidone solidariet\u00e0 riservato alla raccolta di pannolini e pannoloni, il cui costo di svuotamento resta pari a 1 euro. Inoltre, \u00e8 stato confermato l\u2019intervento sostitutivo del Comune per il pagamento della tariffa a 1 euro per le persone anziane, disabili, soggetti con disagio sanitario \u2013 categoria in cui rientrano anche i soggetti posti in isolamento per Covid-19 &#8211; e i nuclei famigliari con bambini da 0 a 30 mesi aventi Isee pari o inferiore a 10.199 euro. Una decisione che mira a sostenere le famiglie con bambini piccoli o persone in situazioni di disagio sanitario\u00bb. In un\u2019ottica di miglioramento continuo, per il 2022 \u00e8 previsto anche un servizio sperimentale di svuotamento dei cestini per la raccolta differenziata; inoltre, per dare seguito ai nuovi obblighi sulla qualit\u00e0 dettati dall\u2019authority, si prevede l\u2019implementazione di un servizio di call center e di altri strumenti, per i quali dovr\u00e0 essere sottoscritto un addendum all\u2019attuale contratto con Valpe Ambiente. Per quanto riguarda le aziende, le agevolazioni Covid richieste nel 2021 ammontano complessivamente a 81.000 euro: una cifra leggermente superiore ai 74.553 euro stanziati dal Comune con l\u2019utilizzo del fondo istituito dal Decreto legge 73\/2020. \u00abGrazie a tale fondo, \u00e8 stato possibile ridurre del 92% l\u2019intera quota fissa annuale e la quota variabile per i servizi dei rifiuti riciclabili \u2013 continua Sacchet -. Pertanto, le fatture di conguaglio del 2021 tengono conto di questa importante riduzione. Per il secco non riciclabile, invece, in fattura sono imputati solo gli svuotamenti effettivamente eseguiti\u00bb.<\/em><\/p>\n<audio class=\"wp-audio-shortcode\" id=\"audio-272720-1\" preload=\"none\" style=\"width: 100%;\" controls=\"controls\"><source type=\"audio\/mpeg\" src=\"https:\/\/www.radiopiu.net\/wordpress\/wp-content\/uploads\/2022\/04\/gioia.mp3?_=1\" \/><a href=\"https:\/\/www.radiopiu.net\/wordpress\/wp-content\/uploads\/2022\/04\/gioia.mp3\">https:\/\/www.radiopiu.net\/wordpress\/wp-content\/uploads\/2022\/04\/gioia.mp3<\/a><\/audio>\n<p>&nbsp;<\/p>\n<p>___<\/p>\n<p>&nbsp;<\/p>\n","protected":false},"excerpt":{"rendered":"<p>SEDICO\u00a0 Approvate in Consiglio comunale a Sedico le tariffe per il servizio di gestione dei rifiuti valide per l\u2019anno 2022. C\u2019\u00e8 una variazione mediamente del 2,6% rispetto all\u2019anno precedente, con la sola eccezione della tariffa per il secco ordinario delle utenze non domestiche, che viene parificata a quella delle utenze domestiche. \u00abNel 2022 una famiglia&hellip;<\/p>\n","protected":false},"author":4,"featured_media":221793,"comment_status":"closed","ping_status":"closed","sticky":false,"template":"","format":"standard","meta":{"_monsterinsights_skip_tracking":false,"_monsterinsights_sitenote_active":false,"_monsterinsights_sitenote_note":"","_monsterinsights_sitenote_category":0,"footnotes":""},"categories":[51,49],"tags":[],"class_list":["post-272720","post","type-post","status-publish","format-standard","has-post-thumbnail","hentry","category-evidenza-top","category-news-18","category-51","category-49","description-off"],"img_url":"https:\/\/www.radiopiu.net\/wordpress\/wp-content\/uploads\/2021\/07\/th-11.jpg","_links":{"self":[{"href":"https:\/\/www.radiopiu.net\/wordpress\/wp-json\/wp\/v2\/posts\/272720","targetHints":{"allow":["GET"]}}],"collection":[{"href":"https:\/\/www.radiopiu.net\/wordpress\/wp-json\/wp\/v2\/posts"}],"about":[{"href":"https:\/\/www.radiopiu.net\/wordpress\/wp-json\/wp\/v2\/types\/post"}],"author":[{"embeddable":true,"href":"https:\/\/www.radiopiu.net\/wordpress\/wp-json\/wp\/v2\/users\/4"}],"replies":[{"embeddable":true,"href":"https:\/\/www.radiopiu.net\/wordpress\/wp-json\/wp\/v2\/comments?post=272720"}],"version-history":[{"count":0,"href":"https:\/\/www.radiopiu.net\/wordpress\/wp-json\/wp\/v2\/posts\/272720\/revisions"}],"wp:featuredmedia":[{"embeddable":true,"href":"https:\/\/www.radiopiu.net\/wordpress\/wp-json\/wp\/v2\/media\/221793"}],"wp:attachment":[{"href":"https:\/\/www.radiopiu.net\/wordpress\/wp-json\/wp\/v2\/media?parent=272720"}],"wp:term":[{"taxonomy":"category","embeddable":true,"href":"https:\/\/www.radiopiu.net\/wordpress\/wp-json\/wp\/v2\/categories?post=272720"},{"taxonomy":"post_tag","embeddable":true,"href":"https:\/\/www.radiopiu.net\/wordpress\/wp-json\/wp\/v2\/tags?post=272720"}],"curies":[{"name":"wp","href":"https:\/\/api.w.org\/{rel}","templated":true}]}}