{"id":272743,"date":"2022-04-29T06:00:07","date_gmt":"2022-04-29T04:00:07","guid":{"rendered":"https:\/\/www.radiopiu.net\/wordpress\/?p=272743"},"modified":"2022-04-29T18:28:57","modified_gmt":"2022-04-29T16:28:57","slug":"giornale-radiopiu-29-aprile-2022-direttore-mirko-mezzacasa","status":"publish","type":"post","link":"https:\/\/www.radiopiu.net\/wordpress\/giornale-radiopiu-29-aprile-2022-direttore-mirko-mezzacasa\/","title":{"rendered":"GIORNALE RADIOPIU 29 APRILE 2022 DIRETTORE MIRKO MEZZACASA"},"content":{"rendered":"<h3 class=\"kvgmc6g5 cxmmr5t8 oygrvhab hcukyx3x c1et5uql\"><span style=\"color: #0000ff;\"><strong>RADIO PIU INFORMAZIONE il canale su TELEGRAM informazione di prima\u00a0 <\/strong><\/span><span style=\"color: #0000ff;\"><strong>mano e in tempo reale. iscriviti ed aiutaci a farlo conoscere\u00a0<\/strong><\/span><\/h3>\n<p><span style=\"color: #000000;\"><strong>STRADA PROVINCIALE\u00a0 347 DI PASSO DURAN,\u00a0 tratta Dont -Cordelle <\/strong>OGGI \u00a0dalle\u00a0 8 alle\u00a0 12 possibili chiusure saltuarie di massimo 15 minuti per lavori di cippatura.\u00a0<\/span><\/p>\n<p>&nbsp;<\/p>\n<hr \/>\n<p>&nbsp;<\/p>\n<blockquote>\n<h3>TRE FERITI LIEVI NELL&#8217;INCIDENTE DI MEANO<\/h3>\n<\/blockquote>\n<p><strong>SANTA GIUSTINA<\/strong> incidente stradale di buon mattino, ieri tra due auto entrate in collisione alle 7.30 a Meano, tre i feriti tutti lievi, assistiti dal Suem e portatI al pronto soccorso per accertamenti. Sul posto per la messa in sicurezza dei mezzi e della viabilit\u00e0 \u00a0i vigili del fuoco . Le operazioni di soccorso sono terminate dopo circa un\u2019ora. A Passo Falzarego, alla stessa ora, sassi in strada. Fortunatamente nessuna persona o mezzo coinvolto, la strada per il Passo da Livinallongo non \u00e8 mai rimasta chiusa.<\/p>\n\n\t\t\t<style type='text\/css'>\n\t\t\t\t#gallery-1 {\n\t\t\t\t\tmargin: auto;\n\t\t\t\t}\n\t\t\t\t#gallery-1 .gallery-item {\n\t\t\t\t\tfloat: left;\n\t\t\t\t\tmargin-top: 10px;\n\t\t\t\t\ttext-align: center;\n\t\t\t\t\twidth: 50%;\n\t\t\t\t}\n\t\t\t\t#gallery-1 img {\n\t\t\t\t\tborder: 2px solid #cfcfcf;\n\t\t\t\t}\n\t\t\t\t#gallery-1 .gallery-caption {\n\t\t\t\t\tmargin-left: 0;\n\t\t\t\t}\n\t\t\t\t\/* see gallery_shortcode() in wp-includes\/media.php *\/\n\t\t\t<\/style>\n\t\t<div id='gallery-1' class='dt-gallery-container gallery galleryid-272743 gallery-columns-2 gallery-size-medium'><dl class='gallery-item'>\n\t\t\t\t<dt class='gallery-icon landscape'>\n\t\t\t\t\t<a class=\"rollover\" href='https:\/\/www.radiopiu.net\/wordpress\/tre-feriti-lievi-nellincidente-di-meano\/49406cf4-88ec-4274-afc0-3fd96875ce5f\/'><img loading=\"lazy\" decoding=\"async\" width=\"300\" height=\"225\" src=\"https:\/\/www.radiopiu.net\/wordpress\/wp-content\/uploads\/2022\/04\/49406cf4-88ec-4274-afc0-3fd96875ce5f-300x225.jpg\" class=\"attachment-medium size-medium\" alt=\"\" srcset=\"https:\/\/www.radiopiu.net\/wordpress\/wp-content\/uploads\/2022\/04\/49406cf4-88ec-4274-afc0-3fd96875ce5f-300x225.jpg 300w, https:\/\/www.radiopiu.net\/wordpress\/wp-content\/uploads\/2022\/04\/49406cf4-88ec-4274-afc0-3fd96875ce5f-1024x768.jpg 1024w, https:\/\/www.radiopiu.net\/wordpress\/wp-content\/uploads\/2022\/04\/49406cf4-88ec-4274-afc0-3fd96875ce5f-768x576.jpg 768w, https:\/\/www.radiopiu.net\/wordpress\/wp-content\/uploads\/2022\/04\/49406cf4-88ec-4274-afc0-3fd96875ce5f.jpg 1280w\" sizes=\"auto, (max-width: 300px) 100vw, 300px\" \/><\/a>\n\t\t\t\t<\/dt><\/dl><dl class='gallery-item'>\n\t\t\t\t<dt class='gallery-icon landscape'>\n\t\t\t\t\t<a class=\"rollover\" href='https:\/\/www.radiopiu.net\/wordpress\/ultimora-sassi-sulla-strada-per-passo-falzarego\/falza\/'><img loading=\"lazy\" decoding=\"async\" width=\"300\" height=\"165\" src=\"https:\/\/www.radiopiu.net\/wordpress\/wp-content\/uploads\/2022\/04\/FALZA-300x165.jpg\" class=\"attachment-medium size-medium\" alt=\"\" srcset=\"https:\/\/www.radiopiu.net\/wordpress\/wp-content\/uploads\/2022\/04\/FALZA-300x165.jpg 300w, https:\/\/www.radiopiu.net\/wordpress\/wp-content\/uploads\/2022\/04\/FALZA.jpg 530w\" sizes=\"auto, (max-width: 300px) 100vw, 300px\" \/><\/a>\n\t\t\t\t<\/dt><\/dl><br style=\"clear: both\" \/>\n\t\t\t<\/div>\n\n<p>&nbsp;<\/p>\n<p>&nbsp;<\/p>\n<hr \/>\n<p>&nbsp;<\/p>\n<blockquote>\n<h3><a class=\"dt-pswp-item\" href=\"https:\/\/www.radiopiu.net\/wordpress\/wp-content\/uploads\/2022\/04\/FotoJet-Collage1.jpg\" data-dt-img-description=\"\" data-large_image_width=\"1600\" data-large_image_height=\"1600\"><img loading=\"lazy\" decoding=\"async\" class=\" wp-image-272951 alignleft\" src=\"https:\/\/www.radiopiu.net\/wordpress\/wp-content\/uploads\/2022\/04\/FotoJet-Collage1-150x150.jpg\" alt=\"\" width=\"88\" height=\"88\" srcset=\"https:\/\/www.radiopiu.net\/wordpress\/wp-content\/uploads\/2022\/04\/FotoJet-Collage1-150x150.jpg 150w, https:\/\/www.radiopiu.net\/wordpress\/wp-content\/uploads\/2022\/04\/FotoJet-Collage1-300x300.jpg 300w, https:\/\/www.radiopiu.net\/wordpress\/wp-content\/uploads\/2022\/04\/FotoJet-Collage1-1024x1024.jpg 1024w, https:\/\/www.radiopiu.net\/wordpress\/wp-content\/uploads\/2022\/04\/FotoJet-Collage1-768x768.jpg 768w, https:\/\/www.radiopiu.net\/wordpress\/wp-content\/uploads\/2022\/04\/FotoJet-Collage1-1536x1536.jpg 1536w, https:\/\/www.radiopiu.net\/wordpress\/wp-content\/uploads\/2022\/04\/FotoJet-Collage1.jpg 1600w\" sizes=\"auto, (max-width: 88px) 100vw, 88px\" \/><\/a>FURGONE POSTALE CONTRO\u00a0 IL MURO DEL RISTORANTE<br \/>\n<strong>\u00a0<\/strong><\/h3>\n<\/blockquote>\n<p><strong>ALPAGO<\/strong> Postino\u00a0 all&#8217;ospedale dopo la schianto sui tavolini dell&#8217;Osteria Al Fogher. Incidente senza gravi conseguenze ieri mattina tra le vie della frazione di Spert. L&#8217;uomo originario di Rosarno ma residente a Col di Cugnan (Ponte nelle Alpi) ha perso il controllo del furgoncino dei servizi postali ed \u00e8 finito prima contro un tavolino\u00a0 poi contro il muretto del ristorante. Un gran botto e\u00a0 A.C.\u00a0 \u00e8 stato trasferito all&#8217;ospedale San Martino, non \u00e8 risultato in gravi condizioni ed \u00e8 sempre stato vigile.<\/p>\n<p>&nbsp;<\/p>\n<hr \/>\n<p>&nbsp;<\/p>\n<blockquote>\n<h3><a class=\"dt-pswp-item\" href=\"https:\/\/www.radiopiu.net\/wordpress\/wp-content\/uploads\/2021\/07\/BRISTOT.jpeg\" data-dt-img-description=\"\" data-large_image_width=\"960\" data-large_image_height=\"540\"><img loading=\"lazy\" decoding=\"async\" class=\" wp-image-221763 alignleft\" src=\"https:\/\/www.radiopiu.net\/wordpress\/wp-content\/uploads\/2021\/07\/BRISTOT-150x150.jpeg\" alt=\"\" width=\"93\" height=\"93\" \/><\/a>CHIAREZZA PER LA MORTE DI DAVIDE BRISTOT<\/h3>\n<\/blockquote>\n<p><strong>SEDICO<\/strong> Il giudice ha deciso per nuove indagini sul caso della morte del 18enne Davide Bristot. La Procura dovr\u00e0 dare ulteriori spiegazioni circa la morte del giovane, visitato al Pronto Soccorso dell&#8217;ospedale con un malessere e forte mal di testa ma rimandato a casa dove \u00e8 morto nella sua camera. E&#8217; stata pertanto accolta l&#8217;opposizione formulata dagli avvocati di parte civile dopo la richiesta di archiviazione che il giudice ha rigettato.<\/p>\n<p>&nbsp;<\/p>\n<p>&nbsp;<\/p>\n<hr \/>\n<blockquote>\n<h3 style=\"text-align: left;\"><\/h3>\n<h3 style=\"text-align: left;\">\u201cRIVEDERE REDDITO CITTADINANZA. AFFIDARE LE RISORSE ALLE IMPRESE PER ASSUMERE\u201d<\/h3>\n<\/blockquote>\n<blockquote><p><em><img loading=\"lazy\" decoding=\"async\" class=\"alignleft\" src=\"https:\/\/www.radiopiu.net\/wordpress\/wp-content\/uploads\/2022\/04\/download-12.jpg\" width=\"138\" height=\"77\" \/>In provincia di Napoli si spende per il Reddito e la Pensione di cittadinanza quasi quanto nell&#8217;intero Nord: a marzo infatti si \u00e8 speso per il sussidio 105,3 milioni nella provincia di Napoli e 107,7 nell&#8217;intero Nord del Paese. Nella provincia di Napoli a marzo potevano contare sul beneficio oltre 166mila famiglie per 446mila beneficiari nel complesso a fronte delle 221mila famiglie per 432mila beneficiari nell&#8217;intero Nord. Per le famiglie di Napoli l&#8217;importo medio \u00e8 stato a marzo di 631,88 euro mentre nel Nord la media dell&#8217;assegno \u00e8 di 486 euro.<\/em><\/p><\/blockquote>\n<p><strong>VENEZIA<\/strong><em> \u201cIl reddito di cittadinanza \u00e8 uno strumento presente a livello europeo e non solo, il vero tema per\u00f2 \u00e8 la sua applicazione. Penso che ci siano da identificare due categorie: le persone che vivono in uno stato di povert\u00e0, le quali difficilmente possono reinserirsi in un processo produttivo, o perch\u00e9 vivono in condizioni di disabilit\u00e0, di emarginazione oppure hanno un\u2019et\u00e0 molto avanzata; e poi ci sono soggetti che dichiarano di non trovare lavoro che percepiscono il reddito di cittadinanza&#8221;. Ora, \u00e8 giusto aiutare chi vive ai margini della societ\u00e0 e non ha altre soluzioni se non quella di avere un aiuto pubblico, ma per il resto bisogna girare queste partite finanziarie alle imprese. Siano le aziende a percepire le risorse pubbliche se assumono persone in cerca di un impiego. Questo permetterebbe di riportare nelle imprese risorse fresche, ora strettamente dedicate ai percettori del reddito di cittadinanza che ormai conosciamo bene, visto che abbiamo nomi e cognomi\u201d.<\/em> Questa la proposta del Presidente della Regione Veneto, alla luce dell\u2019ultimo osservatorio INPS sul reddito di cittadinanza<\/p>\n<p>&nbsp;<\/p>\n<hr \/>\n<p>&nbsp;<\/p>\n<p>&nbsp;<\/p>\n<blockquote>\n<h3>GATTO INCASTRATO NEL TOMBINO, INTERVENGONO<a class=\"dt-pswp-item\" href=\"https:\/\/www.radiopiu.net\/wordpress\/wp-content\/uploads\/2022\/04\/gatto.jpg\" data-dt-img-description=\"\" data-large_image_width=\"1920\" data-large_image_height=\"1280\"><img loading=\"lazy\" decoding=\"async\" class=\" wp-image-272779 alignleft\" src=\"https:\/\/www.radiopiu.net\/wordpress\/wp-content\/uploads\/2022\/04\/gatto-150x150.jpg\" alt=\"\" width=\"101\" height=\"101\" \/><\/a> I VIGILI DEL FUOCO<\/h3>\n<\/blockquote>\n<p><strong>GOSALDO <\/strong>Nella serata di mercoled\u00ec i Vigili del Fuoco di Agordo sono intervenuti a Ren di Gosaldo per liberare un gatto che si era incastrato in un tombino all&#8217;interno della condotta delle acque piovane. Un lavoro durato due ore e mezza in cui i pompieri hanno dovuto demolire perte del tombino per salvare l&#8217;animale. Il gatto \u00e8 stato messo in salvo ed \u00e8 in buone condizioni.<\/p>\n<p>&nbsp;<\/p>\n<p>&nbsp;<\/p>\n<hr \/>\n<p>&nbsp;<\/p>\n<div class=\"page-title-head hgroup\">\n<blockquote>\n<h3 class=\"entry-title\">UN TELO SUI CAVI, INTERVENTO A PONTE NELLE ALPI<\/h3>\n<\/blockquote>\n<\/div>\n<div class=\"page-title-breadcrumbs\"><\/div>\n<p><strong>PONTE NELLE ALP<\/strong>I Singolare intervento nel pomeriggio in via Giacomo Leopardi a Ponte nelle Alpi dopo la segnalazione,\u00a0 alle 16,\u00a0 di un telo in tessuto avvolto tra i cavi e l&#8217;isolatore del traliccio dell&#8217;alta tensione di Terna. Con i vigili del fuoco sono intervenuti i tecnici previo distacco della linea. Per permettere l&#8217;operazione le strade sono state chiuse al traffico<\/p>\n\n\t\t\t<style type='text\/css'>\n\t\t\t\t#gallery-2 {\n\t\t\t\t\tmargin: auto;\n\t\t\t\t}\n\t\t\t\t#gallery-2 .gallery-item {\n\t\t\t\t\tfloat: left;\n\t\t\t\t\tmargin-top: 10px;\n\t\t\t\t\ttext-align: center;\n\t\t\t\t\twidth: 33%;\n\t\t\t\t}\n\t\t\t\t#gallery-2 img {\n\t\t\t\t\tborder: 2px solid #cfcfcf;\n\t\t\t\t}\n\t\t\t\t#gallery-2 .gallery-caption {\n\t\t\t\t\tmargin-left: 0;\n\t\t\t\t}\n\t\t\t\t\/* see gallery_shortcode() in wp-includes\/media.php *\/\n\t\t\t<\/style>\n\t\t<div id='gallery-2' class='dt-gallery-container gallery galleryid-272743 gallery-columns-3 gallery-size-thumbnail'><dl class='gallery-item'>\n\t\t\t\t<dt class='gallery-icon portrait'>\n\t\t\t\t\t<a class=\"rollover rollover-zoom dt-pswp-item\" title=\"cd77d4c2-6f18-4eaf-8639-3b92fb277ddc\" data-dt-img-description=\"\" data-large_image_width=\"960\" data-large_image_height=\"1280\"href='https:\/\/www.radiopiu.net\/wordpress\/wp-content\/uploads\/2022\/04\/cd77d4c2-6f18-4eaf-8639-3b92fb277ddc.jpg'><img loading=\"lazy\" decoding=\"async\" width=\"150\" height=\"150\" src=\"https:\/\/www.radiopiu.net\/wordpress\/wp-content\/uploads\/2022\/04\/cd77d4c2-6f18-4eaf-8639-3b92fb277ddc-150x150.jpg\" class=\"attachment-thumbnail size-thumbnail\" alt=\"\" \/><\/a>\n\t\t\t\t<\/dt><\/dl><dl class='gallery-item'>\n\t\t\t\t<dt class='gallery-icon portrait'>\n\t\t\t\t\t<a class=\"rollover rollover-zoom dt-pswp-item\" title=\"c9351e73-83ac-4c42-aae5-5115cee300a5\" data-dt-img-description=\"\" data-large_image_width=\"960\" data-large_image_height=\"1280\"href='https:\/\/www.radiopiu.net\/wordpress\/wp-content\/uploads\/2022\/04\/c9351e73-83ac-4c42-aae5-5115cee300a5.jpg'><img loading=\"lazy\" decoding=\"async\" width=\"150\" height=\"150\" src=\"https:\/\/www.radiopiu.net\/wordpress\/wp-content\/uploads\/2022\/04\/c9351e73-83ac-4c42-aae5-5115cee300a5-150x150.jpg\" class=\"attachment-thumbnail size-thumbnail\" alt=\"\" \/><\/a>\n\t\t\t\t<\/dt><\/dl><dl class='gallery-item'>\n\t\t\t\t<dt class='gallery-icon landscape'>\n\t\t\t\t\t<a class=\"rollover rollover-zoom dt-pswp-item\" title=\"vf\" data-dt-img-description=\"\" data-large_image_width=\"468\" data-large_image_height=\"269\"href='https:\/\/www.radiopiu.net\/wordpress\/wp-content\/uploads\/2022\/04\/vf.jpg'><img loading=\"lazy\" decoding=\"async\" width=\"150\" height=\"150\" src=\"https:\/\/www.radiopiu.net\/wordpress\/wp-content\/uploads\/2022\/04\/vf-150x150.jpg\" class=\"attachment-thumbnail size-thumbnail\" alt=\"\" \/><\/a>\n\t\t\t\t<\/dt><\/dl><br style=\"clear: both\" \/>\n\t\t\t<\/div>\n\n<p>&nbsp;<\/p>\n<hr \/>\n<p>&nbsp;<\/p>\n<blockquote>\n<h3>I LUPI LAVALLESI, DAL CELO ALLA PIANA DI NOACH<\/h3>\n<\/blockquote>\n<p><strong>LA VALLE<\/strong> Dal monte Celo (o Zelo) alla verde piana di Noach. Anche La Valle entra nella mappa del lupo. Non uno ma due\u00a0 splendidi esemplari\u00a0 sono stati fotografati &#8211; e permettetici di aggiungere che gran scatti &#8211; da Marzio Da Roit di La Valle Agordina. Sembra quasi, guardando nella macchina fotografica, che\u00a0 stiano\u00a0 facendo l&#8217;occhiolino. Marzio di buon mattino stava andando al lavoro, improvvisamente i due predatori hanno attraversato la strada e poi si sono diretti verso Agordo.<\/p>\n\n\t\t\t<style type='text\/css'>\n\t\t\t\t#gallery-3 {\n\t\t\t\t\tmargin: auto;\n\t\t\t\t}\n\t\t\t\t#gallery-3 .gallery-item {\n\t\t\t\t\tfloat: left;\n\t\t\t\t\tmargin-top: 10px;\n\t\t\t\t\ttext-align: center;\n\t\t\t\t\twidth: 50%;\n\t\t\t\t}\n\t\t\t\t#gallery-3 img {\n\t\t\t\t\tborder: 2px solid #cfcfcf;\n\t\t\t\t}\n\t\t\t\t#gallery-3 .gallery-caption {\n\t\t\t\t\tmargin-left: 0;\n\t\t\t\t}\n\t\t\t\t\/* see gallery_shortcode() in wp-includes\/media.php *\/\n\t\t\t<\/style>\n\t\t<div id='gallery-3' class='dt-gallery-container gallery galleryid-272743 gallery-columns-2 gallery-size-thumbnail'><dl class='gallery-item'>\n\t\t\t\t<dt class='gallery-icon portrait'>\n\t\t\t\t\t<a class=\"rollover rollover-zoom dt-pswp-item\" title=\"2e1b4192-df3d-4825-89d7-86c0c308e43d\" data-dt-img-description=\"\" data-large_image_width=\"945\" data-large_image_height=\"2048\"href='https:\/\/www.radiopiu.net\/wordpress\/wp-content\/uploads\/2022\/04\/2e1b4192-df3d-4825-89d7-86c0c308e43d.jpg'><img loading=\"lazy\" decoding=\"async\" width=\"150\" height=\"150\" src=\"https:\/\/www.radiopiu.net\/wordpress\/wp-content\/uploads\/2022\/04\/2e1b4192-df3d-4825-89d7-86c0c308e43d-150x150.jpg\" class=\"attachment-thumbnail size-thumbnail\" alt=\"\" \/><\/a>\n\t\t\t\t<\/dt><\/dl><dl class='gallery-item'>\n\t\t\t\t<dt class='gallery-icon portrait'>\n\t\t\t\t\t<a class=\"rollover rollover-zoom dt-pswp-item\" title=\"fa852487-40d3-4093-8777-a5b05b56739a\" data-dt-img-description=\"\" data-large_image_width=\"945\" data-large_image_height=\"2048\"href='https:\/\/www.radiopiu.net\/wordpress\/wp-content\/uploads\/2022\/04\/fa852487-40d3-4093-8777-a5b05b56739a.jpg'><img loading=\"lazy\" decoding=\"async\" width=\"150\" height=\"150\" src=\"https:\/\/www.radiopiu.net\/wordpress\/wp-content\/uploads\/2022\/04\/fa852487-40d3-4093-8777-a5b05b56739a-150x150.jpg\" class=\"attachment-thumbnail size-thumbnail\" alt=\"\" \/><\/a>\n\t\t\t\t<\/dt><\/dl><br style=\"clear: both\" \/>\n\t\t\t<\/div>\n\n<p>&nbsp;<\/p>\n<p>&nbsp;<\/p>\n<hr \/>\n<p>&nbsp;<\/p>\n<blockquote>\n<h3>NUOVE PRESTAZIONI E PASSI IN AVANTI VERSO LA DIGITALIZZAZIONE PER CSA LUXOTTICA<\/h3>\n<\/blockquote>\n<p><strong><a class=\"dt-pswp-item\" href=\"https:\/\/www.radiopiu.net\/wordpress\/wp-content\/uploads\/2020\/06\/cassa-solidarieta-luxottica.jpg\" data-dt-img-description=\"\" data-large_image_width=\"1167\" data-large_image_height=\"574\"><img loading=\"lazy\" decoding=\"async\" class=\"alignleft wp-image-145244 \" src=\"https:\/\/www.radiopiu.net\/wordpress\/wp-content\/uploads\/2020\/06\/cassa-solidarieta-luxottica-300x148.jpg\" alt=\"\" width=\"172\" height=\"85\" srcset=\"https:\/\/www.radiopiu.net\/wordpress\/wp-content\/uploads\/2020\/06\/cassa-solidarieta-luxottica-300x148.jpg 300w, https:\/\/www.radiopiu.net\/wordpress\/wp-content\/uploads\/2020\/06\/cassa-solidarieta-luxottica-1024x504.jpg 1024w, https:\/\/www.radiopiu.net\/wordpress\/wp-content\/uploads\/2020\/06\/cassa-solidarieta-luxottica-768x378.jpg 768w, https:\/\/www.radiopiu.net\/wordpress\/wp-content\/uploads\/2020\/06\/cassa-solidarieta-luxottica.jpg 1167w\" sizes=\"auto, (max-width: 172px) 100vw, 172px\" \/><\/a>AGORDO <\/strong>Importanti novit\u00e0 per gli iscritti a CSA, la Cassa Solidariet\u00e0 Aziendale Lavoratori Luxottica. Quest\u2019anno infatti il fondo creato dai dipendenti per i dipendenti, gestito in autonomia dai lavoratori Luxottica attraverso la partecipazione diretta, ha messo in campo nuove prestazioni per gli oltre 2.600 associati, migliorato alcune voci riservate ai soci pensionati e dato una spinta importante alla comunicazione digitale. Il fondo eroga mediamente pi\u00f9 di 320mila euro all\u2019anno in contributi. La prima novit\u00e0 riguarda il lancio di una nuova prestazione a sostegno delle famiglie con disabili. Si tratta di contributo economico riservato ai nuclei familiari al cui interno si trovino persone con disabilit\u00e0 o handicap. Per ottenerlo, bisogna avere minimo 12 mesi di anzianit\u00e0 di iscrizione alla Cassa. Il contributo pu\u00f2 essere erogato per un massimo di 5 annualit\u00e0 e va dai 150 ai 1.500 euro annuali, in base all\u2019Isee. In questi mesi, poi, sono state migliorate le prestazioni riservate ai soci pensionati, che non essendo pi\u00f9 attivi non godono pi\u00f9 del sostegno del welfare aziendale. Anche per questo motivo, cos\u00ec come per incoraggiare il rinnovo dell\u2019adesione a CSA degli attuali 70 pensionati iscritti e degli oltre 100 andati usciti nel corso dell\u2019anno per pensionamento o mobilit\u00e0, la percentuale di rimborso per alcune prestazioni, come le visite specialistiche, diagnostica, fisioterapia e logopedia, per i soci pensionati \u00e8 passata dal 50% al 70%. Passi in avanti inoltre per andare incontro alle esigenze degli associati, per i quali \u00e8 stata attivata un\u2019area riservata all\u2019interno del programma gestionale di CSA a cui i soci possono accedere ed eseguire una serie di operazioni: verificare la correttezza dei propri dati anagrafici e bancari, vedere l\u2019anzianit\u00e0 di iscrizione, verificare il pagamento delle prestazioni richieste oppure aprire un ticket per chiedere la modifica dei dati non corretti. Infine, sempre in ambito di comunicazione, \u00e8 in corso il rifacimento del sito web della Cassa Solidariet\u00e0 Aziendale. A breve, sar\u00e0 dunque possibile inviare le richieste di rimborso anche online direttamente dal sito.<\/p>\n<p><strong>FABRIZIO CAMPEDEL, PRESIDENTE CSA LUXOTTICA<\/strong><\/p>\n<audio class=\"wp-audio-shortcode\" id=\"audio-272743-1\" preload=\"none\" style=\"width: 100%;\" controls=\"controls\"><source type=\"audio\/mpeg\" src=\"https:\/\/www.radiopiu.net\/wordpress\/wp-content\/uploads\/2022\/04\/FABRIZIO-CAMPEDEL-CASSA-SOLIDARIETA.mp3?_=1\" \/><a href=\"https:\/\/www.radiopiu.net\/wordpress\/wp-content\/uploads\/2022\/04\/FABRIZIO-CAMPEDEL-CASSA-SOLIDARIETA.mp3\">https:\/\/www.radiopiu.net\/wordpress\/wp-content\/uploads\/2022\/04\/FABRIZIO-CAMPEDEL-CASSA-SOLIDARIETA.mp3<\/a><\/audio>\n<p>&nbsp;<\/p>\n<hr \/>\n<p>&nbsp;<\/p>\n<blockquote>\n<h3>AUMENTANO LE TARIFFE DELLA RACCOLTA RIFIUTI, +13% MA DOPO LA DIMINUZIONE DEL 7% DELLO SCORSO ANNO<\/h3>\n<\/blockquote>\n<p><strong><a class=\"dt-pswp-item\" href=\"https:\/\/www.radiopiu.net\/wordpress\/wp-content\/uploads\/2022\/04\/AAA-16.jpg\" data-dt-img-description=\"\" data-large_image_width=\"477\" data-large_image_height=\"290\"><img loading=\"lazy\" decoding=\"async\" class=\" wp-image-272948 alignleft\" src=\"https:\/\/www.radiopiu.net\/wordpress\/wp-content\/uploads\/2022\/04\/AAA-16-150x150.jpg\" alt=\"\" width=\"101\" height=\"101\" \/><\/a>AGORDO<\/strong> E&#8217; vero, le tariffe (fisse) per la raccolta dei rifiuti aumentano del 13%, ma rispetto a due anni fa. In realt\u00e0 lo scorso anno c&#8217;era stata una diminuzione del 6% circa per iniziativa dei Comuni che avevano deciso di intervenire con i contributi covid per dare un aiuto concreto alle famiglie, di fatto l&#8217;aumento \u00e8 quindi stimabile attorno al 7%. Per le famiglie un aumento che va dagli 8 ai 13 euro a seconda del numero di persone nel nucleo famigliare. Per gli svuotamenti l&#8217;aumento sar\u00e0 di 1,71 euro per ogni singolo bidone da 120 litri, nessun aumento per lo svuotamento di pannolini e pannoloni.\u00a0 Argomento trattato in consiglio dell&#8217;Unione Montana con la collaborazione di Valpe. Perch\u00e8 gli aumenti? Per l&#8217;imposizione delle normative nazionali, per l&#8217;obbligo di coprire al 100% le spese da parte degli utenti, per i costi degli ecocentri (un addetto in pi\u00f9 come richiesto dai sindaci) e i lavori di manutenzione.<\/p>\n<p><strong>\u00a0<\/strong><\/p>\n<p><strong>L&#8217;INTERVISTA AL PRESIDENTE DELL&#8217;UNIONE MONTANA MICHELE COSTA<\/strong><\/p>\n<audio class=\"wp-audio-shortcode\" id=\"audio-272743-2\" preload=\"none\" style=\"width: 100%;\" controls=\"controls\"><source type=\"audio\/mpeg\" src=\"https:\/\/www.radiopiu.net\/wordpress\/wp-content\/uploads\/2022\/04\/COSTA.mp3?_=2\" \/><a href=\"https:\/\/www.radiopiu.net\/wordpress\/wp-content\/uploads\/2022\/04\/COSTA.mp3\">https:\/\/www.radiopiu.net\/wordpress\/wp-content\/uploads\/2022\/04\/COSTA.mp3<\/a><\/audio>\n<p><strong>DIRETTA RADIO PIU, LE RELAZIONE VALPE DI MARCO FANTIN DELLA VALPE<\/strong><\/p>\n<p>https:\/\/www.facebook.com\/marco.baghy.1\/videos\/718530462522346\/<\/p>\n<p>&nbsp;<\/p>\n<p>&nbsp;<\/p>\n<p>&nbsp;<\/p>\n<hr \/>\n<p>&nbsp;<\/p>\n<p>&nbsp;<\/p>\n<h3><span style=\"color: #ff0000;\"><strong>IERI ALLA RADIO<\/strong><\/span><\/h3>\n<blockquote>\n<h3>DAL CONSIGLIO COMUNALE DI FALCADE, IL TRALICCIO PER LA TELEFONIA MOBILE A CAVERSON<\/h3>\n<\/blockquote>\n<p><strong><a class=\"dt-pswp-item\" href=\"https:\/\/www.radiopiu.net\/wordpress\/wp-content\/uploads\/2022\/04\/00dc8127-eb68-47da-a60d-c79bdb982fb3.jpg\" data-dt-img-description=\"\" data-large_image_width=\"400\" data-large_image_height=\"287\"><img loading=\"lazy\" decoding=\"async\" class=\" wp-image-272806 alignleft\" src=\"https:\/\/www.radiopiu.net\/wordpress\/wp-content\/uploads\/2022\/04\/00dc8127-eb68-47da-a60d-c79bdb982fb3-150x150.jpg\" alt=\"\" width=\"111\" height=\"111\" \/><\/a>FALCADE<\/strong> Dal consiglio comunale di Falcade di mercoled\u00ec sera, la discussione sul traliccio della telefonia mobile a Caverson per la copertura della frazione Valt<\/p>\n<p>&nbsp;<\/p>\n<audio class=\"wp-audio-shortcode\" id=\"audio-272743-3\" preload=\"none\" style=\"width: 100%;\" controls=\"controls\"><source type=\"audio\/mpeg\" src=\"https:\/\/www.radiopiu.net\/wordpress\/wp-content\/uploads\/2022\/04\/falcade-telefono.mp3?_=3\" \/><a href=\"https:\/\/www.radiopiu.net\/wordpress\/wp-content\/uploads\/2022\/04\/falcade-telefono.mp3\">https:\/\/www.radiopiu.net\/wordpress\/wp-content\/uploads\/2022\/04\/falcade-telefono.mp3<\/a><\/audio>\n<p>&nbsp;<\/p>\n<blockquote>\n<h3>SUL PIANO\u00a0 DEGLI INTERVENTI\u00a0 dal CORRIERE DELLE ALPI<\/h3>\n<p><strong>FALCADE<\/strong><\/p><\/blockquote>\n<p><strong>GIANNI SANTOMASO\u00a0<\/strong><\/p>\n<audio class=\"wp-audio-shortcode\" id=\"audio-272743-4\" preload=\"none\" style=\"width: 100%;\" controls=\"controls\"><source type=\"audio\/mpeg\" src=\"https:\/\/www.radiopiu.net\/wordpress\/wp-content\/uploads\/2022\/04\/GIANNI-FALCADE-1.mp3?_=4\" \/><a href=\"https:\/\/www.radiopiu.net\/wordpress\/wp-content\/uploads\/2022\/04\/GIANNI-FALCADE-1.mp3\">https:\/\/www.radiopiu.net\/wordpress\/wp-content\/uploads\/2022\/04\/GIANNI-FALCADE-1.mp3<\/a><\/audio>\n<p>&nbsp;<\/p>\n<blockquote>\n<h3>IL CONSIGLIO COMUNALE DI FALCADE, LA DIRETTA DI RADIO PIU<\/h3>\n<\/blockquote>\n<p><iframe loading=\"lazy\" title=\"consiglio comunale di falcade. diretta radio piu\" width=\"1200\" height=\"675\" src=\"https:\/\/www.youtube.com\/embed\/Ldh9AJKiKXs?feature=oembed\" frameborder=\"0\" allow=\"accelerometer; autoplay; clipboard-write; encrypted-media; gyroscope; picture-in-picture\" allowfullscreen><\/iframe><\/p>\n<p>&nbsp;<\/p>\n<p>&nbsp;<\/p>\n<p>&nbsp;<\/p>\n<hr \/>\n<blockquote>\n<h3><\/h3>\n<h3><a class=\"dt-pswp-item\" href=\"https:\/\/www.radiopiu.net\/wordpress\/wp-content\/uploads\/2019\/02\/Presidente_Sergio_Mattarella.jpg\" data-dt-img-description=\"Sergio Mattarella, Presidente della Repubblica Italiana (Foto tratta da quirinale.it)\" data-large_image_width=\"2000\" data-large_image_height=\"2314\"><img loading=\"lazy\" decoding=\"async\" class=\"size-thumbnail wp-image-77300 alignleft\" src=\"https:\/\/www.radiopiu.net\/wordpress\/wp-content\/uploads\/2019\/02\/Presidente_Sergio_Mattarella-150x150.jpg\" alt=\"\" width=\"150\" height=\"150\" \/><\/a>IL MESSAGGIO DEL PRESIDENTE DELLA REPUBBLICA SERGIO MATTARELLA AGLI STUDENTI DELLE SCUOLE DI AGORDO<\/h3>\n<p><strong>AGORDO\u00a0<\/strong><\/p>\n<p><strong>DAL CORRIERE DELLE ALPI<\/strong><br \/>\n<strong>di GIANNI SANTOMASO<\/strong><\/p><\/blockquote>\n<audio class=\"wp-audio-shortcode\" id=\"audio-272743-5\" preload=\"none\" style=\"width: 100%;\" controls=\"controls\"><source type=\"audio\/mpeg\" src=\"https:\/\/www.radiopiu.net\/wordpress\/wp-content\/uploads\/2022\/04\/GIANNI-AGORDO.mp3?_=5\" \/><a href=\"https:\/\/www.radiopiu.net\/wordpress\/wp-content\/uploads\/2022\/04\/GIANNI-AGORDO.mp3\">https:\/\/www.radiopiu.net\/wordpress\/wp-content\/uploads\/2022\/04\/GIANNI-AGORDO.mp3<\/a><\/audio>\n<p>&nbsp;<\/p>\n<p>&nbsp;<\/p>\n<hr \/>\n<p>&nbsp;<\/p>\n<blockquote>\n<h3>IERI LA GIORNATA MONDIALE PER LA SALUTE E SICUREZZA SUL LAVORO<\/h3>\n<\/blockquote>\n<p><strong><a class=\"dt-pswp-item\" href=\"https:\/\/www.radiopiu.net\/wordpress\/wp-content\/uploads\/2022\/04\/spisal.jpg\" data-dt-img-description=\"\" data-large_image_width=\"344\" data-large_image_height=\"381\"><img loading=\"lazy\" decoding=\"async\" class=\"size-thumbnail wp-image-272870 alignleft\" src=\"https:\/\/www.radiopiu.net\/wordpress\/wp-content\/uploads\/2022\/04\/spisal-150x150.jpg\" alt=\"\" width=\"150\" height=\"150\" \/><\/a>BELLUNO<\/strong> Anche a Belluno come nel resto del mondo ieri \u00e8 stata celebrata la Giornata per la salute e la sicurezza sul lavoro, un\u2019occasione importante di riflessione sull\u2019importanza della salute e della sicurezza di lavoratori e lavoratrici. Lo S.P.I.S.A.L. &#8211; Servizio del Dipartimento di Prevenzione dell\u2019Ulss Dolomiti &#8211; \u00e8 impegnato nella prevenzione degli infortuni e delle malattie da lavoro ed il miglioramento del benessere di chi lavora, attraverso azioni di vigilanza, assistenza, formazione e promuovendo nelle aziende una cultura orientata allo sviluppo dei sistemi di gestione della sicurezza. Gran parte delle risorse nel 2021 \u00e8 stata impiegata in attivit\u00e0 di vigilanza ed assistenza sull\u2019applicazione delle misure anticontagio da virus SARS-CoV-2 mirate al contenimento dell\u2019epidemia. Sono state controllate 658 aziende bellunesi dei vari comparti produttivi e da quanto verificato, durante i sopralluoghi si \u00e8 evidenziato il sostanziale rispetto di quanto previsto dalle norme anticontagio. In generale, si pu\u00f2 affermare che gli imprenditori sono risultati attenti al rischio e alla problematica potendo cos\u00ec mantenere attiva la produzione. Continua, inoltre, l\u2019attivit\u00e0 di vigilanza del Servizio del Dipartimento di Prevenzione nei comparti a maggior rischio infortunistico, quali l\u2019edilizia, l\u2019agricoltura e la metalmeccanica, dalla quale \u00e8 risultato che le carenze riscontrate pi\u00f9 diffuse nel campo edile riguardano le protezioni contro le cadute dall\u2019alto, mentre nell\u2019agricoltura e nella metalmeccanica l\u2019attenzione \u00e8 rivolta in particolare alla sicurezza delle attrezzature. Fondamentale resta la valorizzazione della formazione e dell\u2019addestramento dei lavoratori sul campo in modo che da mero adempimento burocratico, diventino un vero strumento di prevenzione, affrontando in primis il tema della sicurezza sui luoghi di lavoro. Non solo i luoghi di lavoro, \u00e8 importante affrontare il tema della sicurezza sul lavoro fin dai banchi di scuola, soprattutto nelle aule degli Istituti tecnici e professionali dove sui banchi siedono i lavoratori di domani.<\/p>\n<p>&nbsp;<\/p>\n<hr \/>\n<p>&nbsp;<\/p>\n<p>&nbsp;<\/p>\n<blockquote>\n<h3>\u00a002 MAGGIO, SCIOPERO NAZIONALE VIGILANZA PRIVATA<\/h3>\n<\/blockquote>\n<p><strong><a class=\"dt-pswp-item\" href=\"https:\/\/www.radiopiu.net\/wordpress\/wp-content\/uploads\/2020\/12\/CGIL.jpg\" data-dt-img-description=\"\" data-large_image_width=\"512\" data-large_image_height=\"285\"><img loading=\"lazy\" decoding=\"async\" class=\" wp-image-180372 alignleft\" src=\"https:\/\/www.radiopiu.net\/wordpress\/wp-content\/uploads\/2020\/12\/CGIL-150x150.jpg\" alt=\"\" width=\"107\" height=\"107\" \/><\/a>BELLUNO<\/strong> L<span style=\"font-family: sans-serif; font-size: medium;\">o sciopero Nazionale del Settore Vigilanza Privata e Servizi di Sicurezza \u00e8 stato proclamato per\u00a0 lunedi con manifestazione Nazionale a Roma, Piazza Madonna del Loreto interessa <\/span><span style=\"font-family: sans-serif; font-size: medium;\">tutto il settore Guardie Giurate,\u00a0 e del comparto dei Servizi Fiduciari (guardie non armate).\u00a0<\/span><\/p>\n<blockquote><p><em>100mila addetti da oltre 6 anni e mezzo senza il rinnovo del Contratto Nazionale scaduto. Stipendi insufficienti e la costante violazione delle norme di legge fanno il paio con la cronica carenza di tutele nel silenzio assordane delle Istituzioni. A Roma la mobilitazione nazionale, attesi migliaia di lavoratori da tutta Italia. Incroceranno nuovamente le braccia il prossimo 2 maggio i 100mila addetti della vigilanza privata e dei servizi di sicurezza in attesa da oltre 6 anni e mezzo del rinnovo del contratto nazionale scaduto nel 2015.<\/em><\/p><\/blockquote>\n<p>&nbsp;<\/p>\n<p>&nbsp;<\/p>\n<p>&nbsp;<\/p>\n<hr \/>\n<p>&nbsp;<\/p>\n<blockquote>\n<h3>DILLO A RADIO PIU&#8230; QUANDO L&#8217;ACQUEDOTTO E&#8217; LA CAUSA DEL DANNO<\/h3>\n<\/blockquote>\n<p><strong>REDAZIONE<\/strong> Da Costoia, frazione di San Tomaso ci scrive Flavio. E&#8217; amareggiato per la noncuranza degli addetti ai lavori circa l&#8217;acquedotto. Pare che si siano dimenticati dell&#8217;anomalia del &#8220;troppo pieno&#8221;, ovvero l&#8217;acqua in eccesso che scende attraverso la strada da trattore. &#8220;Continuiamo a vivere tra i disagi &#8211; aggiunge Flavio &#8211;\u00a0 sono danneggiate due strade e la comunale che porta alla frazione \u00e8 chiusa. Le foto di oggi mettono in evidenza come \u00e8\u00a0 incanalata l&#8217;acqua nel tubo. Nel bosco ci sono pezzi di\u00a0 tubature ovunque&#8221;<\/p>\n<p>Il problema non \u00e8 nuovo,\u00a0 si era gi\u00e0 manifestato\u00a0 anni fa prima di Vaia. Il troppo pieno era &#8220;guasto&#8221; ed \u00e8 stato rattoppato con tubature di plastica oggi sparse per il bosco. Sono passati gli anni, nessuno \u00e8 intervenuto per sistemare definitivamente l&#8217;opera. Era un problema che si poteva e doveva evitare, intanto le strade sono danneggiate. il corrugato &#8220;volante&#8221; e provvisorio di 200 metri\u00a0 non ha retto agli eventi meteo, al passaggio degli animali, alle peculiarit\u00e0 della montagna.<\/p>\n\n\t\t\t<style type='text\/css'>\n\t\t\t\t#gallery-4 {\n\t\t\t\t\tmargin: auto;\n\t\t\t\t}\n\t\t\t\t#gallery-4 .gallery-item {\n\t\t\t\t\tfloat: left;\n\t\t\t\t\tmargin-top: 10px;\n\t\t\t\t\ttext-align: center;\n\t\t\t\t\twidth: 25%;\n\t\t\t\t}\n\t\t\t\t#gallery-4 img {\n\t\t\t\t\tborder: 2px solid #cfcfcf;\n\t\t\t\t}\n\t\t\t\t#gallery-4 .gallery-caption {\n\t\t\t\t\tmargin-left: 0;\n\t\t\t\t}\n\t\t\t\t\/* see gallery_shortcode() in wp-includes\/media.php *\/\n\t\t\t<\/style>\n\t\t<div id='gallery-4' class='dt-gallery-container gallery galleryid-272743 gallery-columns-4 gallery-size-thumbnail'><dl class='gallery-item'>\n\t\t\t\t<dt class='gallery-icon landscape'>\n\t\t\t\t\t<a class=\"rollover\" href='https:\/\/www.radiopiu.net\/wordpress\/dillo-a-radio-piu-quando-lacquedotto-e-la-causa-del-danno\/5463ef42-43ac-40dd-9d92-2f3ba3761a3e\/'><img loading=\"lazy\" decoding=\"async\" width=\"150\" height=\"150\" src=\"https:\/\/www.radiopiu.net\/wordpress\/wp-content\/uploads\/2022\/04\/5463ef42-43ac-40dd-9d92-2f3ba3761a3e-150x150.jpg\" class=\"attachment-thumbnail size-thumbnail\" alt=\"\" \/><\/a>\n\t\t\t\t<\/dt><\/dl><dl class='gallery-item'>\n\t\t\t\t<dt class='gallery-icon portrait'>\n\t\t\t\t\t<a class=\"rollover\" href='https:\/\/www.radiopiu.net\/wordpress\/dillo-a-radio-piu-quando-lacquedotto-e-la-causa-del-danno\/b99cb22b-f2a5-40ae-9261-28afc75a9974\/'><img loading=\"lazy\" decoding=\"async\" width=\"150\" height=\"150\" src=\"https:\/\/www.radiopiu.net\/wordpress\/wp-content\/uploads\/2022\/04\/b99cb22b-f2a5-40ae-9261-28afc75a9974-150x150.jpg\" class=\"attachment-thumbnail size-thumbnail\" alt=\"\" \/><\/a>\n\t\t\t\t<\/dt><\/dl><dl class='gallery-item'>\n\t\t\t\t<dt class='gallery-icon portrait'>\n\t\t\t\t\t<a class=\"rollover\" href='https:\/\/www.radiopiu.net\/wordpress\/dillo-a-radio-piu-quando-lacquedotto-e-la-causa-del-danno\/78685f16-54a7-446d-900a-6e8cf2d00633\/'><img loading=\"lazy\" decoding=\"async\" width=\"150\" height=\"150\" src=\"https:\/\/www.radiopiu.net\/wordpress\/wp-content\/uploads\/2022\/04\/78685f16-54a7-446d-900a-6e8cf2d00633-150x150.jpg\" class=\"attachment-thumbnail size-thumbnail\" alt=\"\" \/><\/a>\n\t\t\t\t<\/dt><\/dl><dl class='gallery-item'>\n\t\t\t\t<dt class='gallery-icon portrait'>\n\t\t\t\t\t<a class=\"rollover\" href='https:\/\/www.radiopiu.net\/wordpress\/dillo-a-radio-piu-quando-lacquedotto-e-la-causa-del-danno\/70d7ed44-0635-4dfe-8077-3a860be66e4a\/'><img loading=\"lazy\" decoding=\"async\" width=\"150\" height=\"150\" src=\"https:\/\/www.radiopiu.net\/wordpress\/wp-content\/uploads\/2022\/04\/70d7ed44-0635-4dfe-8077-3a860be66e4a-150x150.jpg\" class=\"attachment-thumbnail size-thumbnail\" alt=\"\" \/><\/a>\n\t\t\t\t<\/dt><\/dl><br style=\"clear: both\" \/><dl class='gallery-item'>\n\t\t\t\t<dt class='gallery-icon portrait'>\n\t\t\t\t\t<a class=\"rollover\" href='https:\/\/www.radiopiu.net\/wordpress\/dillo-a-radio-piu-quando-lacquedotto-e-la-causa-del-danno\/8c6506ce-9e26-496e-8ce0-0d45bce9c0b1\/'><img loading=\"lazy\" decoding=\"async\" width=\"150\" height=\"150\" src=\"https:\/\/www.radiopiu.net\/wordpress\/wp-content\/uploads\/2022\/04\/8c6506ce-9e26-496e-8ce0-0d45bce9c0b1-150x150.jpg\" class=\"attachment-thumbnail size-thumbnail\" alt=\"\" \/><\/a>\n\t\t\t\t<\/dt><\/dl><dl class='gallery-item'>\n\t\t\t\t<dt class='gallery-icon portrait'>\n\t\t\t\t\t<a class=\"rollover\" href='https:\/\/www.radiopiu.net\/wordpress\/dillo-a-radio-piu-quando-lacquedotto-e-la-causa-del-danno\/cdd8b23d-201c-4b66-b770-c1b7f4bc8a2c\/'><img loading=\"lazy\" decoding=\"async\" width=\"150\" height=\"150\" src=\"https:\/\/www.radiopiu.net\/wordpress\/wp-content\/uploads\/2022\/04\/cdd8b23d-201c-4b66-b770-c1b7f4bc8a2c-150x150.jpg\" class=\"attachment-thumbnail size-thumbnail\" alt=\"\" \/><\/a>\n\t\t\t\t<\/dt><\/dl><dl class='gallery-item'>\n\t\t\t\t<dt class='gallery-icon portrait'>\n\t\t\t\t\t<a class=\"rollover\" href='https:\/\/www.radiopiu.net\/wordpress\/dillo-a-radio-piu-quando-lacquedotto-e-la-causa-del-danno\/4bd6edb1-931e-491b-90c7-c4644cfde005\/'><img loading=\"lazy\" decoding=\"async\" width=\"150\" height=\"150\" src=\"https:\/\/www.radiopiu.net\/wordpress\/wp-content\/uploads\/2022\/04\/4bd6edb1-931e-491b-90c7-c4644cfde005-150x150.jpg\" class=\"attachment-thumbnail size-thumbnail\" alt=\"\" \/><\/a>\n\t\t\t\t<\/dt><\/dl>\n\t\t\t\t<br style='clear: both' \/>\n\t\t\t<\/div>\n\n<p>&nbsp;<\/p>\n<blockquote><p><em>Nostra considerazione a proposito di Gsp, abbiamo notato che in pochi giorni l&#8217;acqua a Ponte nelle Alpi e Arsi\u00e8 \u00e8 ritornata potabile dopo l&#8217;allarme salmonella. Come mai quando il problema di inquinamento idrico interessa l&#8217;Agordino passano sempre alcune settimana, anche 20 giorni, prima di una risposta? L&#8217;acqua della montagna si inquina forse in modo diverso da quella della citt\u00e0? O forse quella della citt\u00e0 si purifica prima di quella della montagna? Speriamo che i nostri amministratori lo facciano notare negli uffici che contano perch\u00e9 il montanaro si sente un po&#8217; preso in giro. Chiediamo ai sindaci di fare partecipe della considerazione il Cda di Gsp perch\u00e9 la domanda gi\u00e0 posta alla radio e sui canali social non ha ottenuto uno straccio di risposta.<\/em><\/p><\/blockquote>\n<p>&nbsp;<\/p>\n<hr \/>\n<p>&nbsp;<\/p>\n<p>&nbsp;<\/p>\n<blockquote class=\"wp-embedded-content\" data-secret=\"2LDPpArou3\"><p><a href=\"https:\/\/www.radiopiu.net\/wordpress\/aggnazionaleaprile28\/\">CORONAVIRUS: AGGIORNAMENTO NAZIONALE 28 APRILE 2022<\/a><\/p><\/blockquote>\n<p><iframe loading=\"lazy\" class=\"wp-embedded-content\" sandbox=\"allow-scripts\" security=\"restricted\" style=\"position: absolute; clip: rect(1px, 1px, 1px, 1px);\" title=\"&#8220;CORONAVIRUS: AGGIORNAMENTO NAZIONALE 28 APRILE 2022&#8221; &#8212; Radio Pi\u00f9\" src=\"https:\/\/www.radiopiu.net\/wordpress\/aggnazionaleaprile28\/embed\/#?secret=hZizctqXLd#?secret=2LDPpArou3\" data-secret=\"2LDPpArou3\" width=\"600\" height=\"338\" frameborder=\"0\" marginwidth=\"0\" marginheight=\"0\" scrolling=\"no\"><\/iframe><\/p>\n<p>&nbsp;<\/p>\n<blockquote class=\"wp-embedded-content\" data-secret=\"pAFhBX3Zwg\"><p><a href=\"https:\/\/www.radiopiu.net\/wordpress\/aggazzeroaprilea28\/\">CONTINUANO AD AUMENTARE I RICOVERI IN AREA NON CRITICA, 9 DECESSI E QUASI 7 MILA NUOVI POSITIVI IN 24 ORE<\/a><\/p><\/blockquote>\n<p><iframe loading=\"lazy\" class=\"wp-embedded-content\" sandbox=\"allow-scripts\" security=\"restricted\" style=\"position: absolute; clip: rect(1px, 1px, 1px, 1px);\" title=\"&#8220;CONTINUANO AD AUMENTARE I RICOVERI IN AREA NON CRITICA, 9 DECESSI E QUASI 7 MILA NUOVI POSITIVI IN 24 ORE&#8221; &#8212; Radio Pi\u00f9\" src=\"https:\/\/www.radiopiu.net\/wordpress\/aggazzeroaprilea28\/embed\/#?secret=ZWrjlAV4nZ#?secret=pAFhBX3Zwg\" data-secret=\"pAFhBX3Zwg\" width=\"600\" height=\"338\" frameborder=\"0\" marginwidth=\"0\" marginheight=\"0\" scrolling=\"no\"><\/iframe><\/p>\n<p>&nbsp;<\/p>\n<h2 dir=\"auto\">I GRAFICI DI TIZIANO DE COL<\/h2>\n\n\t\t\t<style type='text\/css'>\n\t\t\t\t#gallery-5 {\n\t\t\t\t\tmargin: auto;\n\t\t\t\t}\n\t\t\t\t#gallery-5 .gallery-item {\n\t\t\t\t\tfloat: left;\n\t\t\t\t\tmargin-top: 10px;\n\t\t\t\t\ttext-align: center;\n\t\t\t\t\twidth: 33%;\n\t\t\t\t}\n\t\t\t\t#gallery-5 img {\n\t\t\t\t\tborder: 2px solid #cfcfcf;\n\t\t\t\t}\n\t\t\t\t#gallery-5 .gallery-caption {\n\t\t\t\t\tmargin-left: 0;\n\t\t\t\t}\n\t\t\t\t\/* see gallery_shortcode() in wp-includes\/media.php *\/\n\t\t\t<\/style>\n\t\t<div id='gallery-5' class='dt-gallery-container gallery galleryid-272743 gallery-columns-3 gallery-size-thumbnail'><dl class='gallery-item'>\n\t\t\t\t<dt class='gallery-icon landscape'>\n\t\t\t\t\t<a class=\"rollover rollover-zoom dt-pswp-item\" title=\"94b75aae-6226-48d3-8e1c-b7b5cdf56cab\" data-dt-img-description=\"\" data-large_image_width=\"598\" data-large_image_height=\"362\"href='https:\/\/www.radiopiu.net\/wordpress\/wp-content\/uploads\/2022\/04\/94b75aae-6226-48d3-8e1c-b7b5cdf56cab.jpg'><img loading=\"lazy\" decoding=\"async\" width=\"150\" height=\"150\" src=\"https:\/\/www.radiopiu.net\/wordpress\/wp-content\/uploads\/2022\/04\/94b75aae-6226-48d3-8e1c-b7b5cdf56cab-150x150.jpg\" class=\"attachment-thumbnail size-thumbnail\" alt=\"\" \/><\/a>\n\t\t\t\t<\/dt><\/dl><dl class='gallery-item'>\n\t\t\t\t<dt class='gallery-icon landscape'>\n\t\t\t\t\t<a class=\"rollover rollover-zoom dt-pswp-item\" title=\"41fd8cf0-2bbb-44e1-872d-d7c78fd26361\" data-dt-img-description=\"\" data-large_image_width=\"591\" data-large_image_height=\"362\"href='https:\/\/www.radiopiu.net\/wordpress\/wp-content\/uploads\/2022\/04\/41fd8cf0-2bbb-44e1-872d-d7c78fd26361.jpg'><img loading=\"lazy\" decoding=\"async\" width=\"150\" height=\"150\" src=\"https:\/\/www.radiopiu.net\/wordpress\/wp-content\/uploads\/2022\/04\/41fd8cf0-2bbb-44e1-872d-d7c78fd26361-150x150.jpg\" class=\"attachment-thumbnail size-thumbnail\" alt=\"\" \/><\/a>\n\t\t\t\t<\/dt><\/dl><dl class='gallery-item'>\n\t\t\t\t<dt class='gallery-icon landscape'>\n\t\t\t\t\t<a class=\"rollover rollover-zoom dt-pswp-item\" title=\"ec9955c1-9a89-4e75-bdc2-7dc8740585ad\" data-dt-img-description=\"\" data-large_image_width=\"602\" data-large_image_height=\"362\"href='https:\/\/www.radiopiu.net\/wordpress\/wp-content\/uploads\/2022\/04\/ec9955c1-9a89-4e75-bdc2-7dc8740585ad.jpg'><img loading=\"lazy\" decoding=\"async\" width=\"150\" height=\"150\" src=\"https:\/\/www.radiopiu.net\/wordpress\/wp-content\/uploads\/2022\/04\/ec9955c1-9a89-4e75-bdc2-7dc8740585ad-150x150.jpg\" class=\"attachment-thumbnail size-thumbnail\" alt=\"\" \/><\/a>\n\t\t\t\t<\/dt><\/dl><br style=\"clear: both\" \/><dl class='gallery-item'>\n\t\t\t\t<dt class='gallery-icon landscape'>\n\t\t\t\t\t<a class=\"rollover rollover-zoom dt-pswp-item\" title=\"da460126-ca37-4266-858b-ed525d4db777\" data-dt-img-description=\"\" data-large_image_width=\"618\" data-large_image_height=\"376\"href='https:\/\/www.radiopiu.net\/wordpress\/wp-content\/uploads\/2022\/04\/da460126-ca37-4266-858b-ed525d4db777.jpg'><img loading=\"lazy\" decoding=\"async\" width=\"150\" height=\"150\" src=\"https:\/\/www.radiopiu.net\/wordpress\/wp-content\/uploads\/2022\/04\/da460126-ca37-4266-858b-ed525d4db777-150x150.jpg\" class=\"attachment-thumbnail size-thumbnail\" alt=\"\" \/><\/a>\n\t\t\t\t<\/dt><\/dl><dl class='gallery-item'>\n\t\t\t\t<dt class='gallery-icon landscape'>\n\t\t\t\t\t<a class=\"rollover rollover-zoom dt-pswp-item\" title=\"1bbfd6a4-855a-42d7-b2ea-bc3ff1856ecf\" data-dt-img-description=\"\" data-large_image_width=\"614\" data-large_image_height=\"359\"href='https:\/\/www.radiopiu.net\/wordpress\/wp-content\/uploads\/2022\/04\/1bbfd6a4-855a-42d7-b2ea-bc3ff1856ecf.jpg'><img loading=\"lazy\" decoding=\"async\" width=\"150\" height=\"150\" src=\"https:\/\/www.radiopiu.net\/wordpress\/wp-content\/uploads\/2022\/04\/1bbfd6a4-855a-42d7-b2ea-bc3ff1856ecf-150x150.jpg\" class=\"attachment-thumbnail size-thumbnail\" alt=\"\" \/><\/a>\n\t\t\t\t<\/dt><\/dl><dl class='gallery-item'>\n\t\t\t\t<dt class='gallery-icon landscape'>\n\t\t\t\t\t<a class=\"rollover rollover-zoom dt-pswp-item\" title=\"64080353-5545-4a8a-b1a3-916002c9ea91\" data-dt-img-description=\"\" data-large_image_width=\"606\" data-large_image_height=\"358\"href='https:\/\/www.radiopiu.net\/wordpress\/wp-content\/uploads\/2022\/04\/64080353-5545-4a8a-b1a3-916002c9ea91.jpg'><img loading=\"lazy\" decoding=\"async\" width=\"150\" height=\"150\" src=\"https:\/\/www.radiopiu.net\/wordpress\/wp-content\/uploads\/2022\/04\/64080353-5545-4a8a-b1a3-916002c9ea91-150x150.jpg\" class=\"attachment-thumbnail size-thumbnail\" alt=\"\" \/><\/a>\n\t\t\t\t<\/dt><\/dl><br style=\"clear: both\" \/>\n\t\t\t<\/div>\n\n<p>&nbsp;<\/p>\n<hr \/>\n<p>&nbsp;<\/p>\n<p>&nbsp;<\/p>\n<p><strong>SANITA\u2019. IN VENETO PRONTO IL PIANO \u201cPANFLU\u201d PER RISPOSTA A PANDEMIE.\u00a0<\/strong><\/p>\n<p><strong><a class=\"dt-pswp-item\" href=\"https:\/\/www.radiopiu.net\/wordpress\/wp-content\/uploads\/2022\/04\/PANFLU-LANZARIN-FLOR-scaled.jpg\" data-dt-img-description=\"\" data-large_image_width=\"2560\" data-large_image_height=\"1920\"><img loading=\"lazy\" decoding=\"async\" class=\"wp-image-272883 alignleft\" src=\"https:\/\/www.radiopiu.net\/wordpress\/wp-content\/uploads\/2022\/04\/PANFLU-LANZARIN-FLOR-300x225.jpg\" alt=\"\" width=\"339\" height=\"254\" srcset=\"https:\/\/www.radiopiu.net\/wordpress\/wp-content\/uploads\/2022\/04\/PANFLU-LANZARIN-FLOR-300x225.jpg 300w, https:\/\/www.radiopiu.net\/wordpress\/wp-content\/uploads\/2022\/04\/PANFLU-LANZARIN-FLOR-1024x768.jpg 1024w, https:\/\/www.radiopiu.net\/wordpress\/wp-content\/uploads\/2022\/04\/PANFLU-LANZARIN-FLOR-768x576.jpg 768w, https:\/\/www.radiopiu.net\/wordpress\/wp-content\/uploads\/2022\/04\/PANFLU-LANZARIN-FLOR-1536x1152.jpg 1536w, https:\/\/www.radiopiu.net\/wordpress\/wp-content\/uploads\/2022\/04\/PANFLU-LANZARIN-FLOR-2048x1536.jpg 2048w\" sizes=\"auto, (max-width: 339px) 100vw, 339px\" \/><\/a>VENEZIA\u00a0<\/strong> E&#8217; stato presentato il Piano strategico-operativo regionale <em>\u201cIndicazioni ad interim di preparazione e risposta ad una pandemia influenzale (PanFlu 2021-2023)<\/em><strong><em>\u201d<\/em><\/strong> sviluppato anche sulla base dell\u2019esperienza della pandemia COVID-19<strong>.\u00a0 <\/strong><em>\u201cIl nostro obbiettivo \u00e8 ambizioso \u2013 ha detto l\u2019Assessore alla Sanit\u00e0 \u2013 ma, alla luce di quanto successo con il Covid, vogliamo essere preparati per rispondere ad una futura pandemia influenzale a livello nazionale e locale, in modo da proteggere la popolazione, riducendo il pi\u00f9 possibile il potenziale numero di casi e quindi di vittime della pandemia, tutelare la salute degli operatori sanitari e del personale coinvolto nell\u2019emergenza; ridurre l\u2019impatto della pandemia influenzale sui servizi sanitari e sociali e assicurare il mantenimento dei servizi essenziali; preservare il funzionamento della societ\u00e0 e le attivit\u00e0 economiche\u201d. <\/em>La Direzione Prevenzione, Sicurezza Alimentare Veterinaria ha coordinato la stesura del Piano regionale, redatto dal \u201cGruppo di Coordinamento regionale del Piano Pandemico\u201d istituito tra tutte le Direzioni regionali dell&#8217;Area Sanit\u00e0 e Sociale, l\u2019Istituto zooprofilattico delle Venezie, l&#8217;Universit\u00e0 degli Studi di Padova e Verona e la Fondazione Scuola di sanit\u00e0 Pubblica.\u00a0 Il Piano \u00e8 un documento molto articolato e trasversale a tutte le aree della Sanit\u00e0 e della Ricerca. Durante l\u2019incontro \u00e8 stata illustrata la metodologia adottata e sono state\u00a0 date le indicazioni alle Aziende al fine di supportare il loro lavoro di redazione declinando la sua attuazione a livello locale. <strong>I concetti chiave del Piano sono la preparedness <\/strong>cio\u00e8 tutte quelle attivit\u00e0 volte a minimizzare i rischi posti dalle malattie infettive e a mitigare il loro impatto durante un\u2019emergenza di sanit\u00e0 pubblica, a prescindere dalla entit\u00e0 dell\u2019evento (locale, regionale, nazionale, internazionale). Infatti durante un\u2019emergenza di sanit\u00e0 pubblica sono richieste capacit\u00e0 di pianificazione, coordinamento, diagnosi tempestiva, valutazione, indagine, risposta e comunicazione.\u00a0Un altro elemento chiave \u00e8<strong> la readiness <\/strong>cio\u00e8 capacit\u00e0 di rispondere in modo tempestivo ed efficace alle emergenze\/disastri mettendo in pratica le azioni realizzate nella preparedness. <strong>Il Piano \u00e8 suddiviso in fasi: <\/strong>di allerta, pandemica, di transizione ed interpandemica e per ogni fase e sono stati identificati i referenti regionali e sono state definite le attivit\u00e0 regionali e aziendali e i documenti attuativi da predisporre.<\/p>\n<p>&nbsp;<\/p>\n<p>&nbsp;<\/p>\n<hr \/>\n<p>&nbsp;<\/p>\n<blockquote>\n<h3>SETTIMANA DELL&#8217;AFFIDO 2-7 MAGGIO<\/h3>\n<\/blockquote>\n<p><strong>ALLEGHE<\/strong> Storie di vita quotidiana per una comunit\u00e0 che cresce insieme, questo il motto della quattro giorni organizzata in provincia dai centri per l&#8217;affido e la solidariet\u00e0 familiare (Ulss1). Ad Alleghe l&#8217;appuntamento \u00e8 per\u00a0 lunedi 2 maggio alle 17.30\u00a0 in sala della biblioteca\u00a0 del Municipio &#8220;Raccontiamo l&#8217;affido&#8221; per i bambini, alle 20.30 per i genitori.\u00a0 Nello stesso giorno incontri a Valle di Cadore (17.30 centro polifunzionale) e Feltre (16 in sala convegni dell&#8217;ospedale). Il 3 maggio a Feltre incontro per le famiglie in rete alle 18 presso l&#8217;ospedale, il 4 maggio a Belluno con le famiglia affidatarie in cerchio alle 20.30 a Villa Doglioni Dal Mas e Sabato alle 10 (sempre a Villa Doglioni) Accogliere la diversit\u00e0, riflessioni sulla solidariet\u00e0 e l&#8217;accoglienza con lo psicologo-formatore Marco Chistolini.<\/p>\n<p>&nbsp;<\/p>\n<p>&nbsp;<\/p>\n<hr \/>\n<p>&nbsp;<\/p>\n<blockquote>\n<h3>INCONTRO PER GENITORI ADOTTIVI<\/h3>\n<\/blockquote>\n<p><strong>BELLUNO\u00a0<\/strong>L\u2019Equipe Provinciale Adozione dell\u2019Ulss1 Dolomiti, in collaborazione con l\u2019Ente Autorizzato CIFA Onlus, ha organizzato un incontro mercoled\u00ec 4 maggio dalle ore 17.30 alle 19.30 presso il Consultorio Familiare della sede di Belluno (Localit\u00e0 Cusighe &#8211; via Sala n.35) dedicato alle famiglie adottive. L\u2019incontro sar\u00e0 tenuto da Paola De Piccoli e Francesco Uva psicologi psicoterapeuti. L\u2019iniziativa vuole essere un\u2019occasione di scambio, confronto e stimolo sul proprio vissuto e ruolo genitoriale. La partecipazione all\u2019incontro \u00e8 gratuita. L\u2019evento ha un numero massimo di partecipanti ed \u00e8 necessaria l\u2019iscrizione entro il 29 aprile tramite email all\u2019indirizzo: consultoriofamiliare.bl@aulss1.veneto.it. Per ulteriori informazioni contattare il Consultorio Familiare sede di Belluno al numero 0437 514975.<\/p>\n<p>&nbsp;<\/p>\n<p>&nbsp;<\/p>\n<hr \/>\n<p>&nbsp;<\/p>\n<blockquote>\n<h3>PROROGA DEL SUPERBONUS DELLE UNIFAMIGLIARI, UNCEM: ANDARE AVANTI DI UN ANNO, DAL 30 GIUGNO 2022 AL 30 GIUGNO 2023<\/h3>\n<\/blockquote>\n<p><strong><a class=\"dt-pswp-item\" href=\"https:\/\/www.radiopiu.net\/wordpress\/wp-content\/uploads\/2020\/11\/logoUNCEM_no_scritta-wdtr.jpg\" data-dt-img-description=\"\" data-large_image_width=\"640\" data-large_image_height=\"640\"><img loading=\"lazy\" decoding=\"async\" class=\" wp-image-170846 alignleft\" src=\"https:\/\/www.radiopiu.net\/wordpress\/wp-content\/uploads\/2020\/11\/logoUNCEM_no_scritta-wdtr-150x150.jpg\" alt=\"\" width=\"107\" height=\"107\" srcset=\"https:\/\/www.radiopiu.net\/wordpress\/wp-content\/uploads\/2020\/11\/logoUNCEM_no_scritta-wdtr-150x150.jpg 150w, https:\/\/www.radiopiu.net\/wordpress\/wp-content\/uploads\/2020\/11\/logoUNCEM_no_scritta-wdtr-300x300.jpg 300w, https:\/\/www.radiopiu.net\/wordpress\/wp-content\/uploads\/2020\/11\/logoUNCEM_no_scritta-wdtr.jpg 640w\" sizes=\"auto, (max-width: 107px) 100vw, 107px\" \/><\/a>ROMA\u00a0<\/strong>&#8220;Il Superbonus 110% deve essere esteso di un anno. Portare il termine per finire i lavori dal 30 giugno 2022 al 30 settembre, come proposto dal Ministro Franco, \u00e8 utile ma non basta. Occorre prorogarlo di un anno, come Uncem chiede da tempo. La scadenza per effettuare gli interventi edilizi deve essere portata al 30 giugno 2023. Il superbonus va esteso a tutti questi, siano prima o seconda casa. Non sono ville o villette. Sono case singole, anche nelle citt\u00e0, gran parte nei paesi, in stati di conservazione che richiedono interventi efficaci e urgenti, incentivati. Si intervenga piuttosto portando, dal 2023 al 2026, il bonus per interventi di efficientamento energetico e antisismici al 90%, soglia gi\u00e0 utile e positiva, chiedendo per tutti gli immobili del Paese una &#8216;carta di identit\u00e0&#8217; chiara e al pari di altri Stati europei&#8221;. Lo afferma Marco Bussone, Presidente nazionale Uncem.<\/p>\n<p>&nbsp;<\/p>\n<hr \/>\n<p>&nbsp;<\/p>\n<blockquote>\n<h3>AMMINISTRATORI E AMBIENTE, DA CANALE D&#8217;AGORDO A LONGARONE<\/h3>\n<\/blockquote>\n<p><strong>REDAZIONE<\/strong> L&#8217;attenzione degli amministratori per l&#8217;ambiente non manca, nell&#8217;Agordino sono gi\u00e0 due gli esempi importanti. A Cencenighe alcune settimane fa per iniziativa del Comune si \u00e8 tenuta la giornata ecologica che ha coinvolto adulti e bambini, un fine settimana con incontro finale al Nof Filo&#8217; di Cencenighe<\/p>\n<p><strong>A Canale d&#8217;Agordo<\/strong> la giornata ecologica in collaborazione con plastic free \u00e8 in programma\u00a0 domani dalle 8 con ritrovo in Piazza Papa Luciani. Iscrizioni gratuita ma obbligatoria anche per fini assicurativi. Alle 12 spaghettata per tutti al &#8220;Bait dei Cazador&#8221;. I minori dovranno essere accompagnati.\u00a0 <strong>IL MODULO<\/strong>\u00a0 <a class=\"oajrlxb2 g5ia77u1 qu0x051f esr5mh6w e9989ue4 r7d6kgcz rq0escxv nhd2j8a9 nc684nl6 p7hjln8o kvgmc6g5 cxmmr5t8 oygrvhab hcukyx3x jb3vyjys rz4wbd8a qt6c0cv9 a8nywdso i1ao9s8h esuyzwwr f1sip0of lzcic4wl gpro0wi8 py34i1dx\" tabindex=\"0\" role=\"link\" href=\"https:\/\/www.plasticfreeonlus.it\/eventi\/1040\/30-apr-canale-d'agordo?fbclid=IwAR1DIg6dEjD8LYNQJO3KVPv__6DhLQef6MIZUILrbHNv19LLhYzSBf_76UA\" target=\"_blank\" rel=\"nofollow noopener\">https:\/\/www.plasticfreeonlus.it\/&#8230;\/30-apr-canale-d&#8217;agordo\u00a0<\/a>. L&#8217;invito del sindaco Flavio Colcergnan<\/p>\n<p dir=\"auto\"><strong>IL SINDACO FLAVIO COLCERGNAN\u00a0<\/strong><\/p>\n<audio class=\"wp-audio-shortcode\" id=\"audio-272743-6\" preload=\"none\" style=\"width: 100%;\" controls=\"controls\"><source type=\"audio\/mpeg\" src=\"https:\/\/www.radiopiu.net\/wordpress\/wp-content\/uploads\/2022\/04\/flavio.mp3?_=6\" \/><a href=\"https:\/\/www.radiopiu.net\/wordpress\/wp-content\/uploads\/2022\/04\/flavio.mp3\">https:\/\/www.radiopiu.net\/wordpress\/wp-content\/uploads\/2022\/04\/flavio.mp3<\/a><\/audio>\n<p>&nbsp;<\/p>\n<p>&nbsp;<\/p>\n<p dir=\"auto\"><strong>\u00a0A Longarone<\/strong> a rendere pi\u00f9 bello il paese c&#8217;hanno pensato gli amministratori del sindaco Roberto Padrin che non ha mancato di ringraziarli <em>&#8220;Grazie alla mia giunta e ai miei dipendenti per aver abbellito la nostra Longarone. Io mi sono limitato a fare il fotografo&#8230;e grazie a <a class=\"oajrlxb2 g5ia77u1 qu0x051f esr5mh6w e9989ue4 r7d6kgcz rq0escxv nhd2j8a9 nc684nl6 p7hjln8o kvgmc6g5 cxmmr5t8 oygrvhab hcukyx3x jb3vyjys rz4wbd8a qt6c0cv9 a8nywdso i1ao9s8h esuyzwwr f1sip0of lzcic4wl gpro0wi8 q66pz984 b1v8xokw\" tabindex=\"0\" role=\"link\" href=\"https:\/\/www.facebook.com\/melanie.scussel?__cft__[0]=AZVrb7Cx_wWQ2TOiZWL63nxcdFsm1jbgTg3GDCTNBnG6eeFybfQCcDkz1tss8DE1fCYN3Y7eAhH7_og3_dxahXN9JR4CgSLhYcolC8LFQijEecOJ8PBnn8pXGsLCXOikhIA&amp;__tn__=-]K-R\"><span class=\"nc684nl6\">Melanie Scussel<\/span><\/a>&#8230;fiori bellissimi con la nuova Fontana di piazza Umberto I posata dai nostri operai&#8221;\u00a0<\/em><\/p>\n\n\t\t\t<style type='text\/css'>\n\t\t\t\t#gallery-6 {\n\t\t\t\t\tmargin: auto;\n\t\t\t\t}\n\t\t\t\t#gallery-6 .gallery-item {\n\t\t\t\t\tfloat: left;\n\t\t\t\t\tmargin-top: 10px;\n\t\t\t\t\ttext-align: center;\n\t\t\t\t\twidth: 33%;\n\t\t\t\t}\n\t\t\t\t#gallery-6 img {\n\t\t\t\t\tborder: 2px solid #cfcfcf;\n\t\t\t\t}\n\t\t\t\t#gallery-6 .gallery-caption {\n\t\t\t\t\tmargin-left: 0;\n\t\t\t\t}\n\t\t\t\t\/* see gallery_shortcode() in wp-includes\/media.php *\/\n\t\t\t<\/style>\n\t\t<div id='gallery-6' class='dt-gallery-container gallery galleryid-272743 gallery-columns-3 gallery-size-thumbnail'><dl class='gallery-item'>\n\t\t\t\t<dt class='gallery-icon landscape'>\n\t\t\t\t\t<a class=\"rollover rollover-zoom dt-pswp-item\" title=\"279383822_10221723094968106_5011322687582001626_n\" data-dt-img-description=\"\" data-large_image_width=\"600\" data-large_image_height=\"450\"href='https:\/\/www.radiopiu.net\/wordpress\/wp-content\/uploads\/2022\/04\/279383822_10221723094968106_5011322687582001626_n.jpg'><img loading=\"lazy\" decoding=\"async\" width=\"150\" height=\"150\" src=\"https:\/\/www.radiopiu.net\/wordpress\/wp-content\/uploads\/2022\/04\/279383822_10221723094968106_5011322687582001626_n-150x150.jpg\" class=\"attachment-thumbnail size-thumbnail\" alt=\"\" \/><\/a>\n\t\t\t\t<\/dt><\/dl><dl class='gallery-item'>\n\t\t\t\t<dt class='gallery-icon portrait'>\n\t\t\t\t\t<a class=\"rollover rollover-zoom dt-pswp-item\" title=\"279403708_10221723094848103_5199159757268368529_n\" data-dt-img-description=\"\" data-large_image_width=\"450\" data-large_image_height=\"600\"href='https:\/\/www.radiopiu.net\/wordpress\/wp-content\/uploads\/2022\/04\/279403708_10221723094848103_5199159757268368529_n.jpg'><img loading=\"lazy\" decoding=\"async\" width=\"150\" height=\"150\" src=\"https:\/\/www.radiopiu.net\/wordpress\/wp-content\/uploads\/2022\/04\/279403708_10221723094848103_5199159757268368529_n-150x150.jpg\" class=\"attachment-thumbnail size-thumbnail\" alt=\"\" \/><\/a>\n\t\t\t\t<\/dt><\/dl><dl class='gallery-item'>\n\t\t\t\t<dt class='gallery-icon landscape'>\n\t\t\t\t\t<a class=\"rollover rollover-zoom dt-pswp-item\" title=\"279391370_10221723094688099_6486576716541765688_n\" data-dt-img-description=\"\" data-large_image_width=\"600\" data-large_image_height=\"450\"href='https:\/\/www.radiopiu.net\/wordpress\/wp-content\/uploads\/2022\/04\/279391370_10221723094688099_6486576716541765688_n.jpg'><img loading=\"lazy\" decoding=\"async\" width=\"150\" height=\"150\" src=\"https:\/\/www.radiopiu.net\/wordpress\/wp-content\/uploads\/2022\/04\/279391370_10221723094688099_6486576716541765688_n-150x150.jpg\" class=\"attachment-thumbnail size-thumbnail\" alt=\"\" \/><\/a>\n\t\t\t\t<\/dt><\/dl><br style=\"clear: both\" \/>\n\t\t\t<\/div>\n\n<p>&nbsp;<\/p>\n<hr \/>\n<p>&nbsp;<\/p>\n<blockquote>\n<h3>DOPO UN SECOLO E MEZZO RIAPRE LA CHIESA DEI GESUITI<\/h3>\n<\/blockquote>\n<p><span id=\"page1R_mcid4\" class=\"markedContent\"><span dir=\"ltr\" role=\"presentation\"><strong><a class=\"dt-pswp-item\" href=\"https:\/\/www.radiopiu.net\/wordpress\/wp-content\/uploads\/2022\/04\/Fronte-chiesa-e1-scaled.jpg\" data-dt-img-description=\"\" data-large_image_width=\"2560\" data-large_image_height=\"1707\"><img loading=\"lazy\" decoding=\"async\" class=\"size-thumbnail wp-image-272868 alignleft\" src=\"https:\/\/www.radiopiu.net\/wordpress\/wp-content\/uploads\/2022\/04\/Fronte-chiesa-e1-150x150.jpg\" alt=\"\" width=\"150\" height=\"150\" \/><\/a>BELLUNO<\/strong> Domani\u00a0 alle 12 verr\u00e0 riaperto alla citt\u00e0 il portone che venne chiuso <\/span><\/span><span id=\"page1R_mcid5\" class=\"markedContent\"><span dir=\"ltr\" role=\"presentation\">oltre 150 anni fa a seguito della trasformazione in caserma della chiesa <\/span><\/span><span id=\"page1R_mcid6\" class=\"markedContent\"><span dir=\"ltr\" role=\"presentation\">appartenente al complesso dei gesuiti in via Tasso. e che costituisce il <\/span><\/span><span id=\"page1R_mcid7\" class=\"markedContent\"><span dir=\"ltr\" role=\"presentation\">fondale di chiusura di via Caffi. <\/span><\/span><span id=\"page1R_mcid8\" class=\"markedContent\"><span dir=\"ltr\" role=\"presentation\">Con questo gesto simbolico l&#8217;amministrazione restituir\u00e0 alla comunit\u00e0 uno <\/span><\/span><span id=\"page1R_mcid9\" class=\"markedContent\"><span dir=\"ltr\" role=\"presentation\">spazio<\/span> <span dir=\"ltr\" role=\"presentation\">di<\/span> <span dir=\"ltr\" role=\"presentation\">grande<\/span> <span dir=\"ltr\" role=\"presentation\">suggestione,<\/span> <span dir=\"ltr\" role=\"presentation\">al<\/span> <span dir=\"ltr\" role=\"presentation\">termine<\/span> <span dir=\"ltr\" role=\"presentation\">del<\/span> <span dir=\"ltr\" role=\"presentation\">complesso<\/span> <span dir=\"ltr\" role=\"presentation\">restauro <\/span><\/span><span id=\"page1R_mcid10\" class=\"markedContent\"><span dir=\"ltr\" role=\"presentation\">totalmente<\/span> <span dir=\"ltr\" role=\"presentation\">finanziato<\/span> <span dir=\"ltr\" role=\"presentation\">con<\/span> <span dir=\"ltr\" role=\"presentation\">oltre<\/span> <span dir=\"ltr\" role=\"presentation\">due<\/span> <span dir=\"ltr\" role=\"presentation\">milioni<\/span> <span dir=\"ltr\" role=\"presentation\">di<\/span> <span dir=\"ltr\" role=\"presentation\">euro<\/span> <span dir=\"ltr\" role=\"presentation\">con<\/span> <span dir=\"ltr\" role=\"presentation\">fondi<\/span> <span dir=\"ltr\" role=\"presentation\">della <\/span><\/span><span id=\"page1R_mcid11\" class=\"markedContent\"><span dir=\"ltr\" role=\"presentation\">rigenerazione urbana. <\/span><\/span><span id=\"page1R_mcid12\" class=\"markedContent\"><span dir=\"ltr\" role=\"presentation\">Dopo<\/span> <span dir=\"ltr\" role=\"presentation\">l&#8217;apertura<\/span> <span dir=\"ltr\" role=\"presentation\">ufficiale<\/span> <span dir=\"ltr\" role=\"presentation\">alla<\/span> <span dir=\"ltr\" role=\"presentation\">presenza<\/span> <span dir=\"ltr\" role=\"presentation\">delle<\/span> <span dir=\"ltr\" role=\"presentation\">autorit\u00e0<\/span><\/span><span id=\"page1R_mcid13\" class=\"markedContent\">\u00a0<span dir=\"ltr\" role=\"presentation\">per<\/span> <span dir=\"ltr\" role=\"presentation\">tutta<\/span> <span dir=\"ltr\" role=\"presentation\">la<\/span> <span dir=\"ltr\" role=\"presentation\">giornata<\/span>\u00a0<span dir=\"ltr\" role=\"presentation\">fino<\/span> <span dir=\"ltr\" role=\"presentation\">alle<\/span> <span dir=\"ltr\" role=\"presentation\">18,<\/span> <span dir=\"ltr\" role=\"presentation\">sar\u00e0<\/span> <span dir=\"ltr\" role=\"presentation\">possibile <\/span><\/span><span id=\"page1R_mcid14\" class=\"markedContent\"><span dir=\"ltr\" role=\"presentation\">visitare il piano terra, che si presenta come uno spazio suddiviso da due <\/span><\/span><span id=\"page1R_mcid15\" class=\"markedContent\"><span dir=\"ltr\" role=\"presentation\">ordini<\/span> <span dir=\"ltr\" role=\"presentation\">di<\/span> <span dir=\"ltr\" role=\"presentation\">pilastri<\/span> <span dir=\"ltr\" role=\"presentation\">realizzati<\/span> <span dir=\"ltr\" role=\"presentation\">quando,<\/span> <span dir=\"ltr\" role=\"presentation\">in<\/span> <span dir=\"ltr\" role=\"presentation\">epoca<\/span> <span dir=\"ltr\" role=\"presentation\">napoleonica,<\/span> <span dir=\"ltr\" role=\"presentation\">la<\/span> <span dir=\"ltr\" role=\"presentation\">chiesa<\/span> <span dir=\"ltr\" role=\"presentation\">fu <\/span><\/span><span id=\"page1R_mcid16\" class=\"markedContent\"><span dir=\"ltr\" role=\"presentation\">sconsacrata e fu realizzato un nuovo piano intermedio. La scala di nuova <\/span><\/span><span id=\"page1R_mcid17\" class=\"markedContent\"><span dir=\"ltr\" role=\"presentation\">realizzazione permetter\u00e0 di accedere anche al primo piano dove i visitatori <\/span><\/span><span id=\"page1R_mcid18\" class=\"markedContent\"><span dir=\"ltr\" role=\"presentation\">potranno apprezzate il suggestivo salone di 500 metri quadrati alto 10 <\/span><\/span><span id=\"page1R_mcid19\" class=\"markedContent\"><span dir=\"ltr\" role=\"presentation\">metri in grado di ospitare eventi e manifestazioni. <\/span><\/span><span id=\"page1R_mcid20\" class=\"markedContent\"><span dir=\"ltr\" role=\"presentation\">L&#8217;intervento<\/span> <span dir=\"ltr\" role=\"presentation\">di<\/span> <span dir=\"ltr\" role=\"presentation\">recupero<\/span> <span dir=\"ltr\" role=\"presentation\">ha<\/span> <span dir=\"ltr\" role=\"presentation\">portato<\/span> <span dir=\"ltr\" role=\"presentation\">ad<\/span> <span dir=\"ltr\" role=\"presentation\">una<\/span> <span dir=\"ltr\" role=\"presentation\">rivoluzione<\/span> <span dir=\"ltr\" role=\"presentation\">urbanistica<\/span> <span dir=\"ltr\" role=\"presentation\">in <\/span><\/span><span id=\"page1R_mcid21\" class=\"markedContent\"><span dir=\"ltr\" role=\"presentation\">quanto<\/span> <span dir=\"ltr\" role=\"presentation\">sar\u00e0<\/span> <span dir=\"ltr\" role=\"presentation\">possibile<\/span> <span dir=\"ltr\" role=\"presentation\">accedere<\/span> <span dir=\"ltr\" role=\"presentation\">all&#8217;ex<\/span> <span dir=\"ltr\" role=\"presentation\">chiesa<\/span> <span dir=\"ltr\" role=\"presentation\">anche<\/span> <span dir=\"ltr\" role=\"presentation\">dal<\/span> <span dir=\"ltr\" role=\"presentation\">parco<\/span> <span dir=\"ltr\" role=\"presentation\">citt\u00e0<\/span> <span dir=\"ltr\" role=\"presentation\">di <\/span><\/span><span id=\"page1R_mcid22\" class=\"markedContent\"><span dir=\"ltr\" role=\"presentation\">Bologna<\/span> <span dir=\"ltr\" role=\"presentation\">mediante<\/span> <span dir=\"ltr\" role=\"presentation\">una<\/span> <span dir=\"ltr\" role=\"presentation\">rampa<\/span> <span dir=\"ltr\" role=\"presentation\">pedonale<\/span> <span dir=\"ltr\" role=\"presentation\">che<\/span> <span dir=\"ltr\" role=\"presentation\">rende<\/span> <span dir=\"ltr\" role=\"presentation\">accessibile<\/span> <span dir=\"ltr\" role=\"presentation\">il<\/span> <span dir=\"ltr\" role=\"presentation\">piano <\/span><\/span><span id=\"page1R_mcid23\" class=\"markedContent\"><span dir=\"ltr\" role=\"presentation\">terra, consentendo di eliminare le barriere architettoniche presenti lungo <\/span><\/span><span id=\"page1R_mcid24\" class=\"markedContent\"><span dir=\"ltr\" role=\"presentation\">via Tasso. <\/span><\/span><span id=\"page1R_mcid25\" class=\"markedContent\"><span dir=\"ltr\" role=\"presentation\">L&#8217;ex<\/span> <span dir=\"ltr\" role=\"presentation\">chiesa<\/span> <span dir=\"ltr\" role=\"presentation\">\u00e8<\/span> <span dir=\"ltr\" role=\"presentation\">divenuta<\/span> <span dir=\"ltr\" role=\"presentation\">pertanto<\/span> <span dir=\"ltr\" role=\"presentation\">un<\/span> <span dir=\"ltr\" role=\"presentation\">contenitore<\/span> <span dir=\"ltr\" role=\"presentation\">di<\/span> <span dir=\"ltr\" role=\"presentation\">grande<\/span> <span dir=\"ltr\" role=\"presentation\">eccellenza, <\/span><\/span><span id=\"page1R_mcid26\" class=\"markedContent\"><span dir=\"ltr\" role=\"presentation\">attraversabile<\/span> <span dir=\"ltr\" role=\"presentation\">dai<\/span> <span dir=\"ltr\" role=\"presentation\">pedoni,<\/span> <span dir=\"ltr\" role=\"presentation\">con<\/span> <span dir=\"ltr\" role=\"presentation\">la<\/span> <span dir=\"ltr\" role=\"presentation\">rottura<\/span> <span dir=\"ltr\" role=\"presentation\">dell&#8217;originario<\/span> <span dir=\"ltr\" role=\"presentation\">perimetro<\/span> <span dir=\"ltr\" role=\"presentation\">che <\/span><\/span><span id=\"page1R_mcid27\" class=\"markedContent\"><span dir=\"ltr\" role=\"presentation\">rendeva il complesso totalmente richiuso su se stesso<\/span><\/span><\/p>\n<p>&nbsp;<\/p>\n<hr \/>\n<blockquote>\n<h3><\/h3>\n<h3>ALPINI DI BELLUNO PER L&#8217;UCRAINA<\/h3>\n<\/blockquote>\n<p><strong><a class=\"dt-pswp-item\" href=\"https:\/\/www.radiopiu.net\/wordpress\/wp-content\/uploads\/2021\/04\/alpini-bl-25-aprile-A.jpg\" data-dt-img-description=\"\" data-large_image_width=\"960\" data-large_image_height=\"540\"><img loading=\"lazy\" decoding=\"async\" class=\"wp-image-206183 alignleft\" src=\"https:\/\/www.radiopiu.net\/wordpress\/wp-content\/uploads\/2021\/04\/alpini-bl-25-aprile-A-300x169.jpg\" alt=\"\" width=\"181\" height=\"102\" srcset=\"https:\/\/www.radiopiu.net\/wordpress\/wp-content\/uploads\/2021\/04\/alpini-bl-25-aprile-A-300x169.jpg 300w, https:\/\/www.radiopiu.net\/wordpress\/wp-content\/uploads\/2021\/04\/alpini-bl-25-aprile-A-768x432.jpg 768w, https:\/\/www.radiopiu.net\/wordpress\/wp-content\/uploads\/2021\/04\/alpini-bl-25-aprile-A.jpg 960w\" sizes=\"auto, (max-width: 181px) 100vw, 181px\" \/><\/a>BELLUNO<\/strong>\u00a0 Sin dal primo momento la situazione creatasi in Ucraina \u00e8 stata oggetto di immediata mobilitazione di tutte le strutture nazionali, sezionali e di gruppo dell\u2019Associazione Nazionale Alpini. Quale primo atto concreto l\u2019A.N.A. ha aperto un conto corrente destinato a raccogliere fondi. Un primo intervento, su richiesta della Regione Veneto, ha visto volontari delle penne nere bellunesi effettuare il trasporto di quattro ambulanze, donate dall\u2019Ulss n. 1 Dolomiti, da Belluno a Palmanova in Friuli. Inoltre \u00e8 stato effettuato il trasporto da Pieve di Cadore a Gorizia di una termoculla. La Sezione, con il supporto della sua Unit\u00e0 di Protezione Civile, ha organizzato una raccolta di vestiario proveniente da tutti i Gruppi e consegnato\u00a0 ai confini fra Polonia e Ucraina. Su un bilico 80 metri cubi di vestiario sono pervenuti al confine dove cittadini ucraini hanno poi provveduto ad un ulteriore trasferimento dei materiali per la distribuzione nel loro Paese. In seguito all\u2019evolversi delle situazioni gil alpini sono impegnati nella raccolta di medicinali e\u00a0 beni di carattere alimentare che saranno oggetto di future consegne. I volontari A.N.A. sono a disposizione\u00a0 dei profughi ospitati in provinciaper rispondere a svariate esigenze, fra le quali il trasporto dei bambini per incontri di accoglienza, conviviali e ludici organizzati da associazioni e realt\u00e0 locali.<\/p>\n<p>&nbsp;<\/p>\n<hr \/>\n<p>&nbsp;<\/p>\n<blockquote>\n<h3>IL MONDO DEL VOLONTARIATO LIMANESE IN AIUTO AL POPOLO UCRAINO<\/h3>\n<\/blockquote>\n<p><strong>LIMANA<\/strong> Una serata di raccolta fondi a favore delle persone in fuga dalla guerra giunte sul territorio limanese. \u00c8 questa la prima delle iniziative promosse dal Coordinamento spontaneo delle Associazioni di volontariato per l\u2019Ucraina, nato a inizio aprile dal desiderio delle associazioni e dei gruppi di volontariato limanesi di dare il proprio contributo per sostenere i cittadini ucraini accolti sul territorio e le famiglie che li ospitano. L\u2019appuntamento \u00e8 per oggi alle 18:30 alla Pizzeria \u201cAl Parco\u201d. Ad aprire la serata saranno gli alunni delle scuole di Limana, con una serie di letture a tema. Si proseguir\u00e0 poi alle 19:30 con il giropizza.<\/p>\n<p>&nbsp;<\/p>\n<p>&nbsp;<\/p>\n<hr \/>\n<p>&nbsp;<\/p>\n<blockquote>\n<h3>SOSPIROLO, CERCASI L'&#8221;ANZIANO&#8221; LAKI<\/h3>\n<\/blockquote>\n<p><strong>SOSPIROLO<\/strong> Laki, un setter anziani di 14 anni manca da alcuni giorni. E&#8217; scappato dalla zona Corona, \u00e8 dolorante alle zampe e sordo. Chi lo avvista si metta in contatto con Marco De Don\u00e0 al 348 6090091, Matteo 3389012000 Anna 3473566839<\/p>\n<p><img loading=\"lazy\" decoding=\"async\" class=\"\" src=\"https:\/\/www.radiopiu.net\/wordpress\/wp-content\/uploads\/2022\/04\/aaa-17.jpg\" width=\"236\" height=\"172\" \/><\/p>\n<p>&nbsp;<\/p>\n<hr \/>\n<p>&nbsp;<\/p>\n<blockquote>\n<h3><img loading=\"lazy\" decoding=\"async\" class=\"wp-image-267555 alignleft\" src=\"https:\/\/www.radiopiu.net\/wordpress\/wp-content\/uploads\/2022\/03\/254026600_962124181039693_1306450083412456774_n-150x150.png\" alt=\"\" width=\"80\" height=\"80\" \/>OGGI CONSIGLIO COMUNALE A SELVA DI CADORE<\/h3>\n<\/blockquote>\n<p><strong>SELVA DI CADORE<\/strong> Il sindaco Luca Lorenzini ha convocato il consiglio comunale per oggi alle 18, all&#8217;ordine del giorno la variazione d&#8217;urgenza al bilancio di previsione, l&#8217;approvazione del rendiconto della gestione 2021 e il piano di interventi per l&#8217;applicazione della perequazione urbanistica.<\/p>\n<h3><\/h3>\n<p>&nbsp;<\/p>\n<hr \/>\n<p>&nbsp;<\/p>\n<blockquote>\n<h3><a class=\"dt-pswp-item\" href=\"https:\/\/www.radiopiu.net\/wordpress\/wp-content\/uploads\/2021\/02\/th.jpg\" data-dt-img-description=\"\" data-large_image_width=\"225\" data-large_image_height=\"156\"><img loading=\"lazy\" decoding=\"async\" class=\"wp-image-188402 alignleft\" src=\"https:\/\/www.radiopiu.net\/wordpress\/wp-content\/uploads\/2021\/02\/th-150x150.jpg\" alt=\"\" width=\"89\" height=\"89\" \/><\/a>DOMANI MATTINA UN MUNICIPIO A COLLE SANTA LUCIA<\/h3>\n<\/blockquote>\n<p><strong>COLLE SANTA LUCIA<\/strong> Domani alle 8 del mattino i consiglieri si ritroveranno per il consiglio convocato dal sindaco Paolo Frena, all&#8217;ordine del giorno le variazioni al bilancio, l&#8217;approvazione del rendiconto 2021, le comunicazioni del sindaco sui contributi ai Comuni per le opere pubbliche per un totale di 134mila euro delle annualit\u00e0 2022. Da approvare anche il bilancio di esercizio e di previsioni di Asca.<\/p>\n<p>&nbsp;<\/p>\n<hr \/>\n<p>&nbsp;<\/p>\n<blockquote>\n<h3><a class=\"dt-pswp-item\" href=\"https:\/\/www.radiopiu.net\/wordpress\/wp-content\/uploads\/2020\/06\/CANALE-DAGORDO-6.jpg\" data-dt-img-description=\"\" data-large_image_width=\"960\" data-large_image_height=\"720\"><img loading=\"lazy\" decoding=\"async\" class=\" wp-image-142143 alignleft\" src=\"https:\/\/www.radiopiu.net\/wordpress\/wp-content\/uploads\/2020\/06\/CANALE-DAGORDO-6-150x150.jpg\" alt=\"\" width=\"133\" height=\"133\" \/><\/a>COLCERGNAN CHIAMA A RAPPORTO I CONSIGLIERI COMUNALI PER MERCOLEDI&#8217;<\/h3>\n<\/blockquote>\n<p><strong>CANALE D&#8217;AGORDO<\/strong> \u00c8 in programma per mercoled\u00ec alle 20:30 in sala Lina Zand\u00f2 il consiglio comunale di Canale D&#8217;Agordo. Il sindaco Flavio Colcergnan ha chiamato a rapporto i consiglieri per discutere otto punti all&#8217;ordine del giorno. Tra questi si parler\u00e0 del bilancio di previsione e del bilancio di esercizio di ASCA, del nuovo regolamento edilizio, dei piani degli interventi e della mutazione di destinazione di terreni di uso civico per la realizzazione di un percorso ciclo escursionistico per il freeride.<\/p>\n<p>&nbsp;<\/p>\n<p>&nbsp;<\/p>\n<hr \/>\n<p>&nbsp;<\/p>\n<blockquote>\n<h3>IL COMUNE DI ROCCA PIETORE CERCA UN COLLABORATORE AMMINISTRATIVO<\/h3>\n<\/blockquote>\n<p><strong>ROCCA PIETORE<\/strong> Il comune di Rocca Pietore ha aperto un bando per la copertura di un Collaboratore Amministrativo, categoria B3 &#8211; CCNL Funzioni Locali &#8211; a tempo pieno e indeterminato. Le domande di partecipazione dovranno pervenire al Comune di Rocca Pietore secondo le modalit\u00e0 e i termini indicati nel Bando di Concorso. Per ogni informazione, i concorrenti potranno rivolgersi al Comune di Rocca Pietore (tel. 0437-721178; posta\u00a0elettronica: anagrafe.rocca@agordino.bl.it).<\/p>\n<p>&nbsp;<\/p>\n<p>&nbsp;<\/p>\n<hr \/>\n<p>&nbsp;<\/p>\n<blockquote>\n<h3>CON I BIKERS AGORDINI A LUGLIO UN NUOVO EVENTO A SAN TOMASO<\/h3>\n<\/blockquote>\n<p><b><a class=\"dt-pswp-item\" href=\"https:\/\/www.radiopiu.net\/wordpress\/wp-content\/uploads\/2022\/04\/AKU_logo_Hike_bike_v2.png\" data-dt-img-description=\"\" data-large_image_width=\"330\" data-large_image_height=\"501\"><img loading=\"lazy\" decoding=\"async\" class=\" wp-image-272674 alignleft\" src=\"https:\/\/www.radiopiu.net\/wordpress\/wp-content\/uploads\/2022\/04\/AKU_logo_Hike_bike_v2-150x150.png\" alt=\"\" width=\"104\" height=\"104\" \/><\/a>SAN TOMASO <\/b>Si chiama \u00a0Dolomiti\u00a0Hike&amp;Bike, \u00e8 il primo raduno di escursionismo a piedi e con l\u2019utilizzo della bicicletta a pedalata assistita sulle Dolomiti bellunesi. Dal 2 al 3 luglio,\u00a0due giorni di escursioni libere e guidate, incontri, musica e gastronomia\u00a0a\u00a0San Tomaso Agordino. Una manifestazione che si propone come\u00a0punto di incontro e di condivisione fra l\u2019escursionista tradizionale e il moderno e-biker. Un\u2019occasione di confronto anche per discutere su come far convivere due attivit\u00e0 solo apparentemente in contrasto e che possono trovare invece una felice convivenza attraverso un approccio responsabile all\u2019esperienza di contatto con la montagna. Campo base\u00a0 l\u2019Arena 1082, con un\u2019area dedicata alla ristorazione, docce e servizi igienici a disposizione dei partecipanti, oltre a una palestra per l\u2019arrampicata sportiva e la vertiginosa Zip Line. Arena 1082\u00a0sar\u00e0 inoltre sede degli incontri e delle testimonianze di appassionati, atleti, bikers e aziende che racconteranno attraverso parole e immagini l\u2019emozione della moderna esperienza outdoor a 360 gradi.<\/p>\n<p>&nbsp;<\/p>\n<hr \/>\n<blockquote>\n<h3><\/h3>\n<h3>CARI CANDIDATI A SINDACI CHE L&#8217;ASCOLTO SIA ESERCIZIO QUOTIDIANO NON SOLO ELETTORALE<\/h3>\n<\/blockquote>\n<div>\n<p dir=\"ltr\"><i>Andrea Albano, Alessandro Casol, Davide De Faveri, Paolo Fornasier e Giampaolo Rossi firmano la lettera pubblica inviata ai candidati a sindaci per Belluno, lo fanno a nome del <\/i>Comitato organizzativo<b>\u00a0<\/b><\/p>\n<\/div>\n<blockquote>\n<h3><b>LETTERA PUBBLICA DI SENSIBILIZZAZIONE PER LA PROPOSTA CULTURALE BELLUNESE:<\/b><\/h3>\n<\/blockquote>\n<div>\n<p dir=\"ltr\">Cari candidati sindaci,<\/p>\n<p dir=\"ltr\"><a class=\"dt-pswp-item\" href=\"https:\/\/www.radiopiu.net\/wordpress\/wp-content\/uploads\/2019\/02\/Foto-di-gruppo-Belluno-Alza-la-voce.jpg\" data-dt-img-description=\"\" data-large_image_width=\"4646\" data-large_image_height=\"3097\"><img loading=\"lazy\" decoding=\"async\" class=\"wp-image-75128 alignleft\" src=\"https:\/\/www.radiopiu.net\/wordpress\/wp-content\/uploads\/2019\/02\/Foto-di-gruppo-Belluno-Alza-la-voce-300x200.jpg\" alt=\"\" width=\"277\" height=\"184\" srcset=\"https:\/\/www.radiopiu.net\/wordpress\/wp-content\/uploads\/2019\/02\/Foto-di-gruppo-Belluno-Alza-la-voce-300x200.jpg 300w, https:\/\/www.radiopiu.net\/wordpress\/wp-content\/uploads\/2019\/02\/Foto-di-gruppo-Belluno-Alza-la-voce-768x512.jpg 768w, https:\/\/www.radiopiu.net\/wordpress\/wp-content\/uploads\/2019\/02\/Foto-di-gruppo-Belluno-Alza-la-voce-1024x683.jpg 1024w\" sizes=\"auto, (max-width: 277px) 100vw, 277px\" \/><\/a>siamo ad una nuova chiamata elettorale, in uno dei momenti pi\u00f9 critici della storia recente. Dopo due anni di pandemia, che ha cambiato la vita di tutti noi, ci sono ora scenari geopolitici che rendono la vita di ciascuno, chi pi\u00f9 e chi meno, colma di preoccupazioni e incertezze. La campagna elettorale \u00e8 decisamente partita e temiamo che, come sempre, la cultura venga sventolata e usata come strumento meramente propagandistico. Vogliamo fare un appello: che la cultura resti al centro del proprio percorso amministrativo. Tre anni e mezzo f\u00e0 la nostra provincia \u00e8 stata colpita da un evento su cui non era possibile avere alcun tipo di controllo. Ci siamo rialzati, con l\u2019aiuto di molti. Da parte nostra, giovani artisti della provincia, abbiamo usato la nostra forza comunicativa per sensibilizzare la popolazione non solo sull\u2019impatto ambientale, ma anche su quello emotivo che consegue ad una tragedia. Il risultato \u00e8 stato straordinario. Qualcosa che, sinceramente, non ci saremmo mai aspettati. Trovare le persone che, a distanza di tre anni, ancora oggi si ricordano e ci cantano \u201cAlziamo La Voce\u201d come fosse un inno alla ripartenza e alla forza di volont\u00e0. Non diciamo queste cose per autoreferenzialit\u00e0 o per crogiolarci nei nostri risultati. Lo diciamo e lo raccontiamo per sensibilizzare, ancora una volta, quanto la cultura e l\u2019arte sia materia INDISPENSABILE per la crescita di una societ\u00e0 giusta e sana. Quando sentiamo che per far rivivere il centro storico \u00e8 necessario fare nuovi parcheggi o aprire nuovi negozi, francamente ci vengono i brividi. Non che questi siano temi non importanti o ininfluenti. Diciamo solo che alla luce della situazione generale pensare solo a parcheggi e negozi risulti quantomeno miope.\u00a0\u00a0Il peso della cultura, in particolare di spazi culturali attivi nel centro storico, dovrebbe essere tra i principali punti da cui ripartire. La cultura \u00e8 manifestazione della scelta cosciente di noi esseri umani, \u00e8 l\u2019espressione totale della bellezza: come diceva Peppino Impastato \u201ceducare la gente alla bellezza, significa fornire loro un\u2019arma contro la rassegnazione, la paura e l\u2019omert\u00e0\u201d.Molti sono gli spazi abbandonati nel centro storico (l\u2019artista Freak of Nature ce li ha segnati tutti con bamb\u00f9 stilizzati). Forse \u00e8 ora di pensare a nuovi spazi artistici. Nuovi luoghi di creativit\u00e0. Ambienti dedicati alla ricerca di esperienze artistiche volte a stimolare i giovani, a renderli curiosi e a fargli scoprire delle passioni. Avere uno spazio dove gli artisti possano esibirsi, esporre, organizzare conferenze e workshop con regolarit\u00e0 e dove sia incentivata una collaborazione con le istituzioni scolastiche. Un posto dove le insegnanti porterebbero volentieri le classi, perch\u00e9 \u00e8 sin dalle <a class=\"dt-pswp-item\" href=\"https:\/\/www.radiopiu.net\/wordpress\/wp-content\/uploads\/2019\/06\/Belluno-alza-la-voce.jpg\" data-dt-img-description=\"\" data-large_image_width=\"2048\" data-large_image_height=\"1086\"><img loading=\"lazy\" decoding=\"async\" class=\"wp-image-89195 size-medium alignright\" src=\"https:\/\/www.radiopiu.net\/wordpress\/wp-content\/uploads\/2019\/06\/Belluno-alza-la-voce-300x159.jpg\" alt=\"\" width=\"300\" height=\"159\" srcset=\"https:\/\/www.radiopiu.net\/wordpress\/wp-content\/uploads\/2019\/06\/Belluno-alza-la-voce-300x159.jpg 300w, https:\/\/www.radiopiu.net\/wordpress\/wp-content\/uploads\/2019\/06\/Belluno-alza-la-voce-768x407.jpg 768w, https:\/\/www.radiopiu.net\/wordpress\/wp-content\/uploads\/2019\/06\/Belluno-alza-la-voce-1024x543.jpg 1024w, https:\/\/www.radiopiu.net\/wordpress\/wp-content\/uploads\/2019\/06\/Belluno-alza-la-voce.jpg 2048w\" sizes=\"auto, (max-width: 300px) 100vw, 300px\" \/><\/a>scuole elementari che si deve costruire una abitudine alla cultura. In questo ci viene in aiuto una grande mente italiana, Gianni Rodari che sosteneva quanto l\u2019educazione alla creativit\u00e0 fosse fondamentale per le nuove generazioni, \u201cnon perch\u00e9 tutti siano artisti, ma perch\u00e9 nessuno sia schiavo.\u201d Nell\u2019ultimo anno abbiamo assistito a situazioni di degrado sociale. Risse, aggressioni, vandalismi. La risposta delle autorit\u00e0 \u00e8 stata subito il pugno duro, la certezza delle pene e l\u2019aumento delle forze dell\u2019ordine e controllo. Possibile che NESSUNO si sia fermato a pensare le cause di tutto questo? Non \u00e8 giustificare, ma rendersi conto che il contesto in cui un ragazzo cresce lo plasma in tutto. E se i ragazzi non hanno luoghi in cui scoprire cose, purtroppo finiscono con lo sfogarsi su altro. Le sanzioni sono importanti, ma vi chiediamo: \u00e8 socialmente pi\u00f9 utile che un ragazzo non faccia una rissa per paura di una punizione o perch\u00e9 pensi che non sia giusto farla? Non \u00e8 forse la coscienza critica quella su cui \u00e8 necessario lavorare? La cultura serve anche a questo. A sviluppare una conoscenza pi\u00f9 profonda di s\u00e9 e degli altri; a liberare l\u2019empatia che \u00e8 innata nell\u2019essere umano; a sviluppare le capacit\u00e0 di andare al cuore delle cose, e non fermarsi alla superficie. Siamo sognatori? Illusi? Forse. Ma ci sono situazioni, nelle zone pi\u00f9 disagiate del nostro paese e nel mondo, che con attivit\u00e0 sociali hanno ridato nuova dignit\u00e0 a luoghi che erano piazze di disagio e tolto ragazzi dalla strada, dalla criminalit\u00e0, riportati agli studi e alle passioni e ad una vita pi\u00f9 degna d\u2019essere vissuta.\u00a0 L\u2019appello che vi facciamo \u00e8 quello di non chiudere MAI gli occhi alla cultura. All\u2019importanza SOCIALE che i luoghi di aggregazione culturale hanno. Alla necessit\u00e0 che Belluno diventi un riferimento per la cultura. Ci vuole una spinta, una ripartenza. Quel poco che c\u2019\u00e8, rafforzarlo e dargli pi\u00f9 risorse ed energie, e creare nuovi spazi e nuove realt\u00e0.\u00a0Ma in centro storico, non fuori.\u00a0Nella speranza che l\u2019ascolto sia esercizio quotidiano e non meramente elettorale.<\/p>\n<\/div>\n<p>&nbsp;<\/p>\n<p>&nbsp;<\/p>\n<hr \/>\n<blockquote>\n<h3><\/h3>\n<h3>\u201cUNA STORIA, TANTE STORIE\u201d DI PIERANNA CASANOVA CHE ILLUSTRA LA VITA E LA GENTE DEL CANAL DEL MIS<\/h3>\n<\/blockquote>\n<p><strong>di\u00a0 RENATO BONA<\/strong><\/p>\n<p>Nel dicembre del 1999, Pieranna Casanova dava alle stampe (tipografia Piave di Belluno) ad iniziativa della Biblioteca civica di Sospirolo, dell\u2019associazione Pro loco \u201cMonti del Sole\u201d e del Parco nazionale Dolomiti Bellunesi, lo splendido volume, oggi purtroppo introvabile perch\u00e9 andato esaurito, dal titolo: \u201cUna storia, tante storie\u201d che illustra \u201cLa vita e la gente del Canal del Mis\u201d. In copertina: il vecchio mulino della Soffia nel Canal del Mis. Anni \u201920M retrocopertina con un breve testo di Dino Buzzati in cui si pu\u00f2 fra l\u2019altro leggere. \u201c\u2026La valle del Mis con le sue vallette laterali che si addentrano in un intrico di monti selvaggi e senz gloria, dove s\u00ec e nio passa un pazzo ogni trecento anni, non allegre, se volete, alquanto arcigne forse, e cupe. Eppure commoventi per le storie che raccontano, per l\u2019aria d\u2019altri secoli, per la solitudine paragonabile a quella dei deserti\u201d. L\u2019autrice dedica un\u2019intera pagina per ringraziare quanti hanno collaborato nelle ricerche, in primo luogo: Luigi Caneve, Gianni De Vecchi, Paola Doglioni e Mauro Vedana, le moltissime persone che hanno assicurato la loro testimonianza, insomma tutti i moltissimi collaboratori, e non ha trascurato di citare quanti hanno realizzato o messo a disposizione le illustrazioni fotografiche. Le oltre duecento pagine del volume sono cos\u00ec articolate: dopo le presentazioni del sindaco Massimo Tegner, del presidente della \u201cMonti del Sole\u201d, Sandro Fiorot, di quello del Parco nazionale Dolomiti Bellunesi, Valter Bonan, i capitoli: \u201cIl passato\u201d (La storia della terra, La storia dell\u2019uomo, La storia antica, Le chiese, Le miniere, La popolazione, Insediamenti edilizi, La storia del bosco), \u201cUna storia, tante storie\u201d, \u201cDocumenti e antologia\u201d (Contratto per il possesso del monte Gena, Ricordi di una escursione, Diario di guerra, La nuova strada del Canale del Mis, Sospirolo e la valle del Mis, Diario di scuola, Gena, Il Bus del Di\u00e0ol, La leggenda del lago di Tiser). La prima immagine proposta \u00e8 quella, sotto la dedica del libro \u201calla gente del Canal del Mis che al di l\u00e0 di ogni parola detta custodisce nel cuore la propria valle\u201d: una foto di gruppo datata 3 giugno 1950. Segue quella dell\u2019\u201cantico stemma di Sospirolo con la chiesa di Santa Giuliana lungo la strada del Canal del Mis\u201d. Nell\u2019introduzione, la Casanova scrive che \u201cCon il libro in mano, ripercorrere il Canal del Mis sar\u00e0 come ritornare a tempi lontani, anche se la rapida trasformazione del territorio rende difficile immaginare la vita della sua gente, in un mondo che ora sembra appartenere solo al bosco, alle rocce e all\u2019acqua\u201d e in chiusura sottolinea che \u201cProprio per ricordare \u00e8 stato scritto questo libro, nel suo significato pi profondo: perch\u00e9 i vecchi possano far scendere nel cuore i ricordi, riconciliandosi con un passato spesso amaro. A loro era dovuto. Ai giovani \u00e8 affidato il compito della tradizione: possano capire e raccontare a loro volta quella storia di cui sono figli e che, se vogliono, appartiene anche a loro\u201d. Scegliamo dunque di proposito, per avviare la nostra-vostra conoscenza su queste belle e preziose pagine della Casanova, il capitolo intitolato \u201cDiario scolastico della maestra Paola Dal Monte (Canal del Mis 1938-39\u201d) dove leggiamo l\u2019intestazione: \u201cR. Provveditorato agli studi di Belluno Scuole rurali Direzione della zona di Feltre Anno scolastico 1938-39 (anno XVII era fascista)\u201d e quindi: \u201cGiornale della scuola \u2018Abele Tiapago\u2019 Comune di Sospirolo Frazione di Canale del Mis, insegnante Dal Monte Paola di fu Angelo e di Terzilla Venturini nata a Conselice (Ravenna) il 28\/10\/15, diplomata a Forl\u00ec nel 1935-36. La prima lezione si fece il giorno 16 ottobre, l\u2019ultima il giorno 15 giugno1939. Segue una tabellina con i giorni di scuola previsti dal calendario ed il numero effettivo delle lezioni svolte (in totale 178). Ancora: Visite delle autorit\u00e0: 26.05-39 dr. Bertolotti Uffic. Sanitario, 13.06.39 XVII Zampol Giuseppe Direttore\u201d. Ed ecco cosa scriveva l\u2019insegnante il 7 ottobre 1938: \u201cOttobre\u2026 delicatissimo lavoro, primo incontro: presa di contatto. Ho visto i genitori coi figli; ho parlato loro con molta semplicit\u00e0, secondo l\u2019ordine ricevuto. Molti di essi mi hanno raccomandato: \u2018picchiar solo\u2019. Ma i bimbi mi hanno guardato senza sgomentarsi, Sono contenta. Il primo incontro non \u00e8 andato male\u201d. Il 18 ottobre: \u201cPrima lezione: sono riuscita a conservare la mia calma. Il bimbo deve sentire in chi li guida tenerezza ma anche forza. Questa mattina sono giunti a frotte: sarebbero entrati rumorosi anche nell\u2019aula. Li ho invece ordinati e fatti sfilare come tanti bravi soldatini. La scuola era ornata di fiori. Aria di festa. Fuori il sole immergeva in una luce d\u2019oro le vette dei monti. Abbiano iniziato la giornata con la preghiera. Minuti di vero raccoglimento. Vedo volti nascosti tra le manine. Inizio serio e solenne. Poi\u2026 abbiamo conversato e finalmente abbiamo iniziato il lavoro. Bisogna farli lavorare subito, perch\u00e9 il lavoro assorbe e calma. Alla fine un racconto, secondo la promessa fatta. Ascoltavano incantati senza batter palpebra. Poi li ho licenziati: li ho sentiti gridare gi\u00f9 nella via e li ho visti correre come tanti prigionieri liberati. Quant\u2019\u00e8 difficile il passaggio dalla libert\u00e0 delle vacanze alla disciplina della scuola!\u201d. E dopo tutta una serie di annotazioni sui giorni \u201csignificativi\u201ddi vita scolastica dal punto di vista dell\u2019insegnante, ecco qui di seguito quella conclusiva, del 15 giugno: \u201cSe ne sono andati soddisfatti e contenti di aver fatto un buon esame. Mi hanno salutato con uno sguardo espressivo:nei loro occhi leggevo una domanda; \u2018saremo promossi?\u2019. Ritorneranno verso la fine del mese per apprendere l\u2019esito felice per tutti. Hanno infatti meritato la promozione tutti e nove!\u201d.<\/p>\n<p>&nbsp;<\/p>\n\n\t\t\t<style type='text\/css'>\n\t\t\t\t#gallery-7 {\n\t\t\t\t\tmargin: auto;\n\t\t\t\t}\n\t\t\t\t#gallery-7 .gallery-item {\n\t\t\t\t\tfloat: left;\n\t\t\t\t\tmargin-top: 10px;\n\t\t\t\t\ttext-align: center;\n\t\t\t\t\twidth: 20%;\n\t\t\t\t}\n\t\t\t\t#gallery-7 img {\n\t\t\t\t\tborder: 2px solid #cfcfcf;\n\t\t\t\t}\n\t\t\t\t#gallery-7 .gallery-caption {\n\t\t\t\t\tmargin-left: 0;\n\t\t\t\t}\n\t\t\t\t\/* see gallery_shortcode() in wp-includes\/media.php *\/\n\t\t\t<\/style>\n\t\t<div id='gallery-7' class='dt-gallery-container gallery galleryid-272743 gallery-columns-5 gallery-size-thumbnail'><dl class='gallery-item'>\n\t\t\t\t<dt class='gallery-icon portrait'>\n\t\t\t\t\t<a class=\"rollover rollover-zoom dt-pswp-item\" title=\"279299038_724755172038830_8372637601029560817_n\" data-dt-img-description=\"\" data-large_image_width=\"156\" data-large_image_height=\"206\"href='https:\/\/www.radiopiu.net\/wordpress\/wp-content\/uploads\/2022\/04\/279299038_724755172038830_8372637601029560817_n.jpg'><img loading=\"lazy\" decoding=\"async\" width=\"150\" height=\"150\" src=\"https:\/\/www.radiopiu.net\/wordpress\/wp-content\/uploads\/2022\/04\/279299038_724755172038830_8372637601029560817_n-150x150.jpg\" class=\"attachment-thumbnail size-thumbnail\" alt=\"\" \/><\/a>\n\t\t\t\t<\/dt><\/dl><dl class='gallery-item'>\n\t\t\t\t<dt class='gallery-icon portrait'>\n\t\t\t\t\t<a class=\"rollover rollover-zoom dt-pswp-item\" title=\"279023701_517472626758545_6516936179003393777_n\" data-dt-img-description=\"\" data-large_image_width=\"157\" data-large_image_height=\"296\"href='https:\/\/www.radiopiu.net\/wordpress\/wp-content\/uploads\/2022\/04\/279023701_517472626758545_6516936179003393777_n.jpg'><img loading=\"lazy\" decoding=\"async\" width=\"150\" height=\"150\" src=\"https:\/\/www.radiopiu.net\/wordpress\/wp-content\/uploads\/2022\/04\/279023701_517472626758545_6516936179003393777_n-150x150.jpg\" class=\"attachment-thumbnail size-thumbnail\" alt=\"\" \/><\/a>\n\t\t\t\t<\/dt><\/dl><dl class='gallery-item'>\n\t\t\t\t<dt class='gallery-icon landscape'>\n\t\t\t\t\t<a class=\"rollover rollover-zoom dt-pswp-item\" title=\"279029747_517752783154762_4430737398198487975_n\" data-dt-img-description=\"\" data-large_image_width=\"333\" data-large_image_height=\"206\"href='https:\/\/www.radiopiu.net\/wordpress\/wp-content\/uploads\/2022\/04\/279029747_517752783154762_4430737398198487975_n.jpg'><img loading=\"lazy\" decoding=\"async\" width=\"150\" height=\"150\" src=\"https:\/\/www.radiopiu.net\/wordpress\/wp-content\/uploads\/2022\/04\/279029747_517752783154762_4430737398198487975_n-150x150.jpg\" class=\"attachment-thumbnail size-thumbnail\" alt=\"\" \/><\/a>\n\t\t\t\t<\/dt><\/dl><dl class='gallery-item'>\n\t\t\t\t<dt class='gallery-icon portrait'>\n\t\t\t\t\t<a class=\"rollover rollover-zoom dt-pswp-item\" title=\"279008576_304003028423882_5697661268642121092_n\" data-dt-img-description=\"\" data-large_image_width=\"157\" data-large_image_height=\"240\"href='https:\/\/www.radiopiu.net\/wordpress\/wp-content\/uploads\/2022\/04\/279008576_304003028423882_5697661268642121092_n.jpg'><img loading=\"lazy\" decoding=\"async\" width=\"150\" height=\"150\" src=\"https:\/\/www.radiopiu.net\/wordpress\/wp-content\/uploads\/2022\/04\/279008576_304003028423882_5697661268642121092_n-150x150.jpg\" class=\"attachment-thumbnail size-thumbnail\" alt=\"\" \/><\/a>\n\t\t\t\t<\/dt><\/dl><dl class='gallery-item'>\n\t\t\t\t<dt class='gallery-icon landscape'>\n\t\t\t\t\t<a class=\"rollover rollover-zoom dt-pswp-item\" title=\"279165462_741560816838056_5942571136135040877_n\" data-dt-img-description=\"\" data-large_image_width=\"280\" data-large_image_height=\"200\"href='https:\/\/www.radiopiu.net\/wordpress\/wp-content\/uploads\/2022\/04\/279165462_741560816838056_5942571136135040877_n.jpg'><img loading=\"lazy\" decoding=\"async\" width=\"150\" height=\"150\" src=\"https:\/\/www.radiopiu.net\/wordpress\/wp-content\/uploads\/2022\/04\/279165462_741560816838056_5942571136135040877_n-150x150.jpg\" class=\"attachment-thumbnail size-thumbnail\" alt=\"\" \/><\/a>\n\t\t\t\t<\/dt><\/dl><br style=\"clear: both\" \/><dl class='gallery-item'>\n\t\t\t\t<dt class='gallery-icon landscape'>\n\t\t\t\t\t<a class=\"rollover rollover-zoom dt-pswp-item\" title=\"279251997_666350771099727_2061019893107847460_n\" data-dt-img-description=\"\" data-large_image_width=\"281\" data-large_image_height=\"206\"href='https:\/\/www.radiopiu.net\/wordpress\/wp-content\/uploads\/2022\/04\/279251997_666350771099727_2061019893107847460_n.jpg'><img loading=\"lazy\" decoding=\"async\" width=\"150\" height=\"150\" src=\"https:\/\/www.radiopiu.net\/wordpress\/wp-content\/uploads\/2022\/04\/279251997_666350771099727_2061019893107847460_n-150x150.jpg\" class=\"attachment-thumbnail size-thumbnail\" alt=\"\" \/><\/a>\n\t\t\t\t<\/dt><\/dl><dl class='gallery-item'>\n\t\t\t\t<dt class='gallery-icon portrait'>\n\t\t\t\t\t<a class=\"rollover rollover-zoom dt-pswp-item\" title=\"279088250_516512613262247_3725378888365987220_n\" data-dt-img-description=\"\" data-large_image_width=\"155\" data-large_image_height=\"225\"href='https:\/\/www.radiopiu.net\/wordpress\/wp-content\/uploads\/2022\/04\/279088250_516512613262247_3725378888365987220_n.jpg'><img loading=\"lazy\" decoding=\"async\" width=\"150\" height=\"150\" src=\"https:\/\/www.radiopiu.net\/wordpress\/wp-content\/uploads\/2022\/04\/279088250_516512613262247_3725378888365987220_n-150x150.jpg\" class=\"attachment-thumbnail size-thumbnail\" alt=\"\" \/><\/a>\n\t\t\t\t<\/dt><\/dl><dl class='gallery-item'>\n\t\t\t\t<dt class='gallery-icon landscape'>\n\t\t\t\t\t<a class=\"rollover rollover-zoom dt-pswp-item\" title=\"279032459_1136748607112012_4332780999901785054_n\" data-dt-img-description=\"\" data-large_image_width=\"370\" data-large_image_height=\"206\"href='https:\/\/www.radiopiu.net\/wordpress\/wp-content\/uploads\/2022\/04\/279032459_1136748607112012_4332780999901785054_n.jpg'><img loading=\"lazy\" decoding=\"async\" width=\"150\" height=\"150\" src=\"https:\/\/www.radiopiu.net\/wordpress\/wp-content\/uploads\/2022\/04\/279032459_1136748607112012_4332780999901785054_n-150x150.jpg\" class=\"attachment-thumbnail size-thumbnail\" alt=\"\" \/><\/a>\n\t\t\t\t<\/dt><\/dl><dl class='gallery-item'>\n\t\t\t\t<dt class='gallery-icon portrait'>\n\t\t\t\t\t<a class=\"rollover rollover-zoom dt-pswp-item\" title=\"279117186_1594037057636470_311687293285705844_n\" data-dt-img-description=\"\" data-large_image_width=\"160\" data-large_image_height=\"222\"href='https:\/\/www.radiopiu.net\/wordpress\/wp-content\/uploads\/2022\/04\/279117186_1594037057636470_311687293285705844_n.jpg'><img loading=\"lazy\" decoding=\"async\" width=\"150\" height=\"150\" src=\"https:\/\/www.radiopiu.net\/wordpress\/wp-content\/uploads\/2022\/04\/279117186_1594037057636470_311687293285705844_n-150x150.jpg\" class=\"attachment-thumbnail size-thumbnail\" alt=\"\" \/><\/a>\n\t\t\t\t<\/dt><\/dl>\n\t\t\t\t<br style='clear: both' \/>\n\t\t\t<\/div>\n\n<p>NELLE FOTO (riproduzioni dal libro di Pieranna Casanova): la copertina del volume; retrocopertina con il pensiero di Dino Buzzati sulla valle del Mis; foto-ricordo a Canal del Mis il 3 giugno 1930; antico stemma di Sospirolo con la chiesa di Santa Giuliana; Canal del Mis visto dal monte Sper\u00f3ne; anche gli scolaretti davanti la chiesa di San Remedio ristrutturata ed ampliata nel 1948 durante la visita pastorale del vescovo Gioacchino Muccin; la maestra Paola Dal Monte con la famiglia di Antonio Bacchetti nel cui hotel soggiornava; la scolaresca della Dal Monte nell\u2019anno scolastico 1938-39; il Giornale della scuola \u201cAbele Tiapago\u201d di Canale del Mis; la scolaresca della Dal Monte nell\u2019anno scolastico 1938-39; il Giornale della scuola \u201cAbele Tiapago\u201d di Canale del Mis.<\/p>\n<p>&nbsp;<\/p>\n<hr \/>\n<p>&nbsp;<\/p>\n<blockquote>\n<h3>PRIMO MAGGIO A BELLUNO AL PARCO CITTA&#8217; DI BOLOGNA<\/h3>\n<\/blockquote>\n<p><strong>BELLUNO<\/strong><\/p>\n<p>di Roberto Bona<\/p>\n<audio class=\"wp-audio-shortcode\" id=\"audio-272743-7\" preload=\"none\" style=\"width: 100%;\" controls=\"controls\"><source type=\"audio\/mpeg\" src=\"https:\/\/www.radiopiu.net\/wordpress\/wp-content\/uploads\/2022\/04\/ROBERTO-BONA-PRIMO-MAGGIO-BELLUNO.mp3?_=7\" \/><a href=\"https:\/\/www.radiopiu.net\/wordpress\/wp-content\/uploads\/2022\/04\/ROBERTO-BONA-PRIMO-MAGGIO-BELLUNO.mp3\">https:\/\/www.radiopiu.net\/wordpress\/wp-content\/uploads\/2022\/04\/ROBERTO-BONA-PRIMO-MAGGIO-BELLUNO.mp3<\/a><\/audio>\n<p>&nbsp;<\/p>\n\n\t\t\t<style type='text\/css'>\n\t\t\t\t#gallery-8 {\n\t\t\t\t\tmargin: auto;\n\t\t\t\t}\n\t\t\t\t#gallery-8 .gallery-item {\n\t\t\t\t\tfloat: left;\n\t\t\t\t\tmargin-top: 10px;\n\t\t\t\t\ttext-align: center;\n\t\t\t\t\twidth: 50%;\n\t\t\t\t}\n\t\t\t\t#gallery-8 img {\n\t\t\t\t\tborder: 2px solid #cfcfcf;\n\t\t\t\t}\n\t\t\t\t#gallery-8 .gallery-caption {\n\t\t\t\t\tmargin-left: 0;\n\t\t\t\t}\n\t\t\t\t\/* see gallery_shortcode() in wp-includes\/media.php *\/\n\t\t\t<\/style>\n\t\t<div id='gallery-8' class='dt-gallery-container gallery galleryid-272743 gallery-columns-2 gallery-size-thumbnail'><dl class='gallery-item'>\n\t\t\t\t<dt class='gallery-icon portrait'>\n\t\t\t\t\t<a class=\"rollover rollover-zoom dt-pswp-item\" title=\"6df4d811-3e1c-4645-9b06-3e4fd2e457a6\" data-dt-img-description=\"\" data-large_image_width=\"1131\" data-large_image_height=\"1600\"href='https:\/\/www.radiopiu.net\/wordpress\/wp-content\/uploads\/2022\/04\/6df4d811-3e1c-4645-9b06-3e4fd2e457a6.jpg'><img loading=\"lazy\" decoding=\"async\" width=\"150\" height=\"150\" src=\"https:\/\/www.radiopiu.net\/wordpress\/wp-content\/uploads\/2022\/04\/6df4d811-3e1c-4645-9b06-3e4fd2e457a6-150x150.jpg\" class=\"attachment-thumbnail size-thumbnail\" alt=\"\" \/><\/a>\n\t\t\t\t<\/dt><\/dl><dl class='gallery-item'>\n\t\t\t\t<dt class='gallery-icon landscape'>\n\t\t\t\t\t<a class=\"rollover rollover-zoom dt-pswp-item\" title=\"c7af8b85-4ec7-4c47-89f2-882d72877608\" data-dt-img-description=\"\" data-large_image_width=\"448\" data-large_image_height=\"269\"href='https:\/\/www.radiopiu.net\/wordpress\/wp-content\/uploads\/2022\/04\/c7af8b85-4ec7-4c47-89f2-882d72877608.jpg'><img loading=\"lazy\" decoding=\"async\" width=\"150\" height=\"150\" src=\"https:\/\/www.radiopiu.net\/wordpress\/wp-content\/uploads\/2022\/04\/c7af8b85-4ec7-4c47-89f2-882d72877608-150x150.jpg\" class=\"attachment-thumbnail size-thumbnail\" alt=\"\" \/><\/a>\n\t\t\t\t<\/dt><\/dl><br style=\"clear: both\" \/>\n\t\t\t<\/div>\n\n<p>&nbsp;<\/p>\n<p>&nbsp;<\/p>\n<hr \/>\n<p>&nbsp;<\/p>\n<blockquote>\n<h3>ORDINANZE PER LA VIABILITA&#8217; NEL COMUNE DI BELLUNO<\/h3>\n<\/blockquote>\n<p><strong style=\"font-size: 14px;\"><img loading=\"lazy\" decoding=\"async\" class=\"alignleft\" src=\"https:\/\/www.radiopiu.net\/wordpress\/wp-content\/uploads\/2021\/10\/PIAZZA-MARTIRI-BELLUNO.jpg\" width=\"158\" height=\"105\" \/><\/strong><strong>VIE DE STEFANI, COL DI LANA E PAOLETTI\u00a0<\/strong> Dal 27 aprile al 30 maggio, per infrastruttura fibra senso unico alternato; restringimento della carreggiata in via De Stefani con divieto di sosta con rimozione forzata. VIE BAROZZI E PELLEGRINI Dal 30 aprile al 20 maggio senso unico alternato dalle 8 alle 18.\u00a0<strong style=\"font-size: 14px;\"><br \/>\n<\/strong><\/p>\n<p><span dir=\"ltr\" role=\"presentation\"><strong>\u00a0<\/strong><\/span><span dir=\"ltr\" role=\"presentation\"><strong>CERIMONIE 1 MAGGIO<\/strong>\u00a0 <\/span><span dir=\"ltr\" role=\"presentation\">Domenica 1\u00b0 maggio<\/span> \u00a0<span dir=\"ltr\" role=\"presentation\">alle 9.00 in Piazzale Marconi<\/span><span dir=\"ltr\" role=\"presentation\">,\u00a0 e <\/span><span dir=\"ltr\" role=\"presentation\">in<\/span> <span dir=\"ltr\" role=\"presentation\">localit\u00e0 La Rossa, alle 10.00:<\/span><span dir=\"ltr\" role=\"presentation\"> divieto di sosta con rimozione forzata dei veicoli in via Feltre, <\/span><span dir=\"ltr\" role=\"presentation\">nell&#8217;area di sosta compresa tra la chiesetta dell\u2019Istituto Sperti e la lapide dei <\/span><span dir=\"ltr\" role=\"presentation\">caduti situata sulla facciata del condominio \u201cPanoramica\u201d di piazzale Marconi <\/span><span dir=\"ltr\" role=\"presentation\">dalle\u00a0 7 fino al termine della cerimonia; <\/span>\u00a0<span dir=\"ltr\" role=\"presentation\">sospensione temporanea della circolazione veicolare in via Feltre nel tratto di <\/span><span dir=\"ltr\" role=\"presentation\">strada antistante alla chiesetta dell\u2019istituto Sperti\u00a0 per il tempo <\/span><span dir=\"ltr\" role=\"presentation\">strettamente necessario all\u2019effettuazione della cerimonia\u00a0<\/span><\/p>\n<p><span dir=\"ltr\" role=\"presentation\">\u00a0<\/span><span dir=\"ltr\" role=\"presentation\"><strong>VIA TASSO<\/strong> Sabato 30 aprile verranno presentati al pubblico i lavori eseguiti all\u2019interno dell\u2019ex Chiesa dei Gesuiti, divieto di sosta con rimozione forzata dei veicoli, dalle 11.00 alle 14.00.<br \/>\n<strong>PIAN DELLE FESTE<\/strong>\u00a0<\/span><span dir=\"ltr\" role=\"presentation\">Per consentire lo svolgimento\u00a0 di evento sportivo <\/span><span dir=\"ltr\" role=\"presentation\">\u00a0il 1\u00b0 maggio dalle 7.30\u00a0 alle 13.30<\/span><span dir=\"ltr\" role=\"presentation\">,<\/span> <span dir=\"ltr\" role=\"presentation\">lungo<\/span> <span dir=\"ltr\" role=\"presentation\">le<\/span> <span dir=\"ltr\" role=\"presentation\">vie<\/span> <span dir=\"ltr\" role=\"presentation\">della<\/span> <span dir=\"ltr\" role=\"presentation\">frazione<\/span> <span dir=\"ltr\" role=\"presentation\">di<\/span> <span dir=\"ltr\" role=\"presentation\">Castion<\/span><span dir=\"ltr\" role=\"presentation\"> divieto di sosta con rimozione forzata dei veicoli in via Pian delle <\/span><span dir=\"ltr\" role=\"presentation\">Feste,\u00a0 <\/span><span dir=\"ltr\" role=\"presentation\">\u00a0senso vietato in via Pian delle Feste, nella corsia di marcia in <\/span><span dir=\"ltr\" role=\"presentation\">discesa adiacente alla Scuola Elementare \u201cValeriano\u201d di Castion\u00a0<\/span><\/p>\n<p><strong>PIAZZA DEI MARTIRI<\/strong> <span dir=\"ltr\" role=\"presentation\">Dal 1\u00b0 maggio al 12 novembre 2022 <\/span><span dir=\"ltr\" role=\"presentation\">ampliamento dell\u2019area riservata ai ciclomotori e ai motocicli in Piazza dei Martiri, <\/span><span dir=\"ltr\" role=\"presentation\">\u00a0occupando circa una quindicina di metri di area pedonale verso il <\/span><span dir=\"ltr\" role=\"presentation\">centro della piazza. Tale ampliamento verr\u00e0 delimitato mediante la collocazione di <\/span><span dir=\"ltr\" role=\"presentation\">fioriere o di altri dissuasori della sosta<\/span><\/p>\n<p><strong>VIA SANTA MARIA DEI BATTUTI<\/strong> Dal 2 maggio al 15 giugno divieto di sosta per lavori di manutenzione dell&#8217;immobile<\/p>\n<p><strong>VIA SALA<\/strong> Dal 2 al 13 maggio\u00a0 senso unico alternato dalle 7.30 alle 17<\/p>\n<p><strong>VIA SAN PIETRO<\/strong> Fino al 31 maggio divieto di sosta<\/p>\n<p><strong>VIA MEZZATERRA<\/strong> IL 4 maggio divieto di sosta su uno stallo a pagamento al civico 65<\/p>\n<p>&nbsp;<\/p>\n<hr \/>\n<blockquote>\n<h3><\/h3>\n<h3>\u201cASCOLTARE PER CONOSCERE\u201d CON IL LIBRO PARLATO DI FELTRE<\/h3>\n<\/blockquote>\n<p><strong class=\"photoswipe-wrapper\"><a class=\"dt-pswp-item pspw-wrap-ready\" href=\"https:\/\/www.radiopiu.net\/wordpress\/wp-content\/uploads\/2022\/04\/download-7.jpg\" data-dt-img-description=\"\" data-large_image_width=\"321\" data-large_image_height=\"157\"><img loading=\"lazy\" decoding=\"async\" class=\"alignleft wp-image-272306 \" src=\"https:\/\/www.radiopiu.net\/wordpress\/wp-content\/uploads\/2022\/04\/download-7-300x147.jpg\" sizes=\"auto, (max-width: 133px) 100vw, 133px\" srcset=\"https:\/\/www.radiopiu.net\/wordpress\/wp-content\/uploads\/2022\/04\/download-7-300x147.jpg 300w, https:\/\/www.radiopiu.net\/wordpress\/wp-content\/uploads\/2022\/04\/download-7.jpg 321w\" alt=\"\" width=\"133\" height=\"65\" \/><\/a>FELTRE<\/strong>\u00a0Il Centro Internazionale del Libro Parlato di Feltre con il patrocino della Provincia di Belluno e il MIUR di Belluno, organizzano tre giornate dal titolo \u201cAscoltare Per Conoscere\u201d. il 18, 19 e 20 maggio ci saranno degli incontri online per una lettura pi\u00f9 inclusiva. Saranno tanti gli speaker che si alterneranno nelle tre giornate dedicate alla lettura. Al progetto ci si pu\u00f2 iscrivere fin da subito al seguente link:\u00a0<a href=\"https:\/\/ascoltareperconoscere.com\/\">https:\/\/ascoltareperconoscere.com\/<\/a><\/p>\n<p>&nbsp;<\/p>\n<p>&nbsp;<\/p>\n<hr \/>\n<p>&nbsp;<\/p>\n<p>&nbsp;<\/p>\n<blockquote>\n<h3>\u201cMONTI DI LONGARONE\u201d: L\u2019INCONTRO DAL VIVO CON GLI AUTORI<\/h3>\n<\/blockquote>\n<p><strong>LONGARONE<\/strong> Oggi alle 18, presso il Centro Culturale F. Parri di Longarone, la Fondazione G. Angelini, in collaborazione con la sezione CAI di Longarone e il Comune di Longarone ha il piacere di presentare alla cittadinanza il volume \u201cMonti di Longarone. Val Tovanella &#8211; Cima dell\u2019Albero \u2013 Cai\u00e0da \u2013 P\u00e8lf &#8211; Spiz Gal\u00ecna\u201d a cura di Pietro Sommavilla, Giuseppe Nart e Luca Celi.<\/p>\n<p>&nbsp;<\/p>\n<p>&nbsp;<\/p>\n<hr \/>\n<p>&nbsp;<\/p>\n<blockquote>\n<h3 class=\"p1\"><span class=\"s1\">\u201cDIALOGHI TRA ARTE E ANTROPOLOGIA\u201d, IL MUSEO ETNOGRAFICO FACCIA A FACCIA CON LUIGI CIMA<\/span><\/h3>\n<\/blockquote>\n<p class=\"p1\"><span class=\"s1\"><strong><a class=\"dt-pswp-item\" href=\"https:\/\/www.radiopiu.net\/wordpress\/wp-content\/uploads\/2022\/04\/CIMA-MUSEO-ETNOGRAFICO-FACE.jpg\" data-dt-img-description=\"\" data-large_image_width=\"1920\" data-large_image_height=\"1080\"><img loading=\"lazy\" decoding=\"async\" class=\"wp-image-272795 alignleft\" src=\"https:\/\/www.radiopiu.net\/wordpress\/wp-content\/uploads\/2022\/04\/CIMA-MUSEO-ETNOGRAFICO-FACE-300x169.jpg\" alt=\"\" width=\"186\" height=\"105\" srcset=\"https:\/\/www.radiopiu.net\/wordpress\/wp-content\/uploads\/2022\/04\/CIMA-MUSEO-ETNOGRAFICO-FACE-300x169.jpg 300w, https:\/\/www.radiopiu.net\/wordpress\/wp-content\/uploads\/2022\/04\/CIMA-MUSEO-ETNOGRAFICO-FACE-1024x576.jpg 1024w, https:\/\/www.radiopiu.net\/wordpress\/wp-content\/uploads\/2022\/04\/CIMA-MUSEO-ETNOGRAFICO-FACE-768x432.jpg 768w, https:\/\/www.radiopiu.net\/wordpress\/wp-content\/uploads\/2022\/04\/CIMA-MUSEO-ETNOGRAFICO-FACE-1536x864.jpg 1536w, https:\/\/www.radiopiu.net\/wordpress\/wp-content\/uploads\/2022\/04\/CIMA-MUSEO-ETNOGRAFICO-FACE.jpg 1920w\" sizes=\"auto, (max-width: 186px) 100vw, 186px\" \/><\/a>BELLUNO<\/strong> La mostra su Luigi Cima in corso a Borgo Valbelluna fa tappa anche a Cesiomaggiore. Venerd\u00ec prossimo 6 maggio il Museo etnografico della Provincia di Belluno, in collaborazione con Art Dolomites e Isoipse, ospiter\u00e0 la conferenza dal titolo \u201cLuigi Cima, il pittore bellunese che incontra l\u2019umanit\u00e0 faccia a faccia &#8211; dialoghi tra arte e antropologia\u201d. Interverranno Antonella Alban (curatrice della mostra) ed Elisabetta Feltrin (antropologa). <\/span><span class=\"s1\">Sar\u00e0 l\u2019occasione per approfondire l\u2019arte del grande pittore bellunese, le cui opere sono esposte in queste settimane a Borgo Valbelluna, per la rassegna \u201cLuigi Cima tra i maestri del vero\u201d. E per cogliere i tanti aspetti della civilt\u00e0 contadina che l\u2019artista rivela fedelmente nei suoi dipinti. <\/span><span class=\"s1\">L\u2019appuntamento \u00e8 per le 18 nella sala convegni della villa di Seravella.\u00a0<\/span><\/p>\n<p>&nbsp;<\/p>\n<p>&nbsp;<\/p>\n<hr \/>\n<p>&nbsp;<\/p>\n<blockquote>\n<h3>ASSI ONLUS E IL CONVEGNO A LONGARONE<\/h3>\n<\/blockquote>\n<p><strong><a class=\"dt-pswp-item\" href=\"https:\/\/www.radiopiu.net\/wordpress\/wp-content\/uploads\/2022\/04\/Erika_Stefani.jpg\" data-dt-img-description=\"\" data-large_image_width=\"1320\" data-large_image_height=\"1320\"><img loading=\"lazy\" decoding=\"async\" class=\" wp-image-272590 alignleft\" src=\"https:\/\/www.radiopiu.net\/wordpress\/wp-content\/uploads\/2022\/04\/Erika_Stefani-150x150.jpg\" alt=\"\" width=\"111\" height=\"111\" srcset=\"https:\/\/www.radiopiu.net\/wordpress\/wp-content\/uploads\/2022\/04\/Erika_Stefani-150x150.jpg 150w, https:\/\/www.radiopiu.net\/wordpress\/wp-content\/uploads\/2022\/04\/Erika_Stefani-300x300.jpg 300w, https:\/\/www.radiopiu.net\/wordpress\/wp-content\/uploads\/2022\/04\/Erika_Stefani-1024x1024.jpg 1024w, https:\/\/www.radiopiu.net\/wordpress\/wp-content\/uploads\/2022\/04\/Erika_Stefani-768x768.jpg 768w, https:\/\/www.radiopiu.net\/wordpress\/wp-content\/uploads\/2022\/04\/Erika_Stefani.jpg 1320w\" sizes=\"auto, (max-width: 111px) 100vw, 111px\" \/><\/a>SEDICO<\/strong> Si intitola \u201cUna provincia senza barriere\u201d. Ed e\u0300 il convegno organizzato dall&#8217;ASSI Onlus Aps nell\u2019ambito del progetto \u201cProgettiamo l\u2019inclusione\u201d finanziato dalla Regione del Veneto, con il patrocinio della Provincia di Belluno e del Comitato d&#8217;Intesa. L&#8217;appuntamento e\u0300 per oggi, dalle ore 8.30 alle ore 12, a Longarone Fiere. Ospite del convegno, infine, sara\u0300 la ministra per le Disabilita\u0300 Erika Stefani, che chiudera\u0300 la parte tecnica e, dalle 12 alle 13, sara\u0300 protagonista di una sessione pubblica aperta al mondo del Terzo settore per approfondire il tema dell&#8217;inclusione sociale e delle opportunita\u0300 di finanziamento esistenti. Il convegno e\u0300 accreditato per l&#8217;aggiornamento professionale di Architetti, Ingegneri e Periti.<\/p>\n<p>&nbsp;<\/p>\n<p>&nbsp;<\/p>\n<hr \/>\n<p>&nbsp;<\/p>\n<blockquote>\n<h3>SOSPIROLO TRA LEGGENDE E MISTERI 2022<\/h3>\n<\/blockquote>\n<p><strong><a class=\"dt-pswp-item\" href=\"https:\/\/www.radiopiu.net\/wordpress\/wp-content\/uploads\/2022\/04\/PL_Sosp_Concorso-letterario-2022_B_page-0001.jpg\" data-dt-img-description=\"\" data-large_image_width=\"1737\" data-large_image_height=\"1241\"><img loading=\"lazy\" decoding=\"async\" class=\"alignleft wp-image-272407 \" src=\"https:\/\/www.radiopiu.net\/wordpress\/wp-content\/uploads\/2022\/04\/PL_Sosp_Concorso-letterario-2022_B_page-0001-300x214.jpg\" alt=\"\" width=\"163\" height=\"116\" srcset=\"https:\/\/www.radiopiu.net\/wordpress\/wp-content\/uploads\/2022\/04\/PL_Sosp_Concorso-letterario-2022_B_page-0001-300x214.jpg 300w, https:\/\/www.radiopiu.net\/wordpress\/wp-content\/uploads\/2022\/04\/PL_Sosp_Concorso-letterario-2022_B_page-0001-1024x732.jpg 1024w, https:\/\/www.radiopiu.net\/wordpress\/wp-content\/uploads\/2022\/04\/PL_Sosp_Concorso-letterario-2022_B_page-0001-768x549.jpg 768w, https:\/\/www.radiopiu.net\/wordpress\/wp-content\/uploads\/2022\/04\/PL_Sosp_Concorso-letterario-2022_B_page-0001-1536x1097.jpg 1536w, https:\/\/www.radiopiu.net\/wordpress\/wp-content\/uploads\/2022\/04\/PL_Sosp_Concorso-letterario-2022_B_page-0001.jpg 1737w\" sizes=\"auto, (max-width: 163px) 100vw, 163px\" \/><\/a>SOSPIROLO<\/strong> Prende spunto dalla letteratura di Dino Buzzati, nell\u2019anno del cinquantesimo dalla sua scomparsa, il concorso letterario \u201cSospirolo tra leggende e misteri\u201d promosso dalla Pro loco \u201cMonti del Sole\u201d e dalla Biblioteca civica sospirolese, alla sua tredicesima edizione. Come da tradizione il bando \u00e8 legato alla rassegna \u201cSpettacoli di mistero\u201d di Unpli e Regione Veneto. Oggetto del concorso sono racconti brevi inediti incentrati sul tema del paesaggio quale fonte ispiratrice e\u00a0 co-protagonista delle vicende che in esso si svolgono. Il concorso si rivolge ai nati e\/o residenti nel Triveneto e la partecipazione \u00e8 gratuita. Presiede la giuria la scrittrice Antonia Arslan, cittadina onoraria di Sospirolo. Il bando completo, con tutti gli spunti e gli enti patrocinatori, \u00e8 disponibile sulla homepage del sito <a title=\"http:\/\/www.sospirolo.net\" href=\"http:\/\/www.sospirolo.net\/\">www.sospirolo.net<\/a><\/p>\n<p>&nbsp;<\/p>\n<hr \/>\n<p>&nbsp;<\/p>\n<blockquote>\n<h3>A TEATRO CON L&#8217;AUSER<\/h3>\n<\/blockquote>\n<p><strong>BELLUNO <\/strong>\u201cThe covers-Teatro Piteco\u201d in uno docu-spettacolo di letture, musica dal vivo e video-interviste. L\u2019Auser provinciale ha ritenuto di proporre lo spettacolo\u00a0 &#8220;Il Circolo Rosso&#8221; a ingresso libero e con la collaborazione dei Circoli Auser di Sospirolo e di Mel, rispettivamente oggi alle 20.45 nella sala del Centro Civico di Sospirolo e domani alle 20.30 nell\u2019Auditorium ex chiesa di San Pietro di Mel. Le due serate godono del patrocinio dei Comuni di Sospirolo e di Borgo Valbelluna.<\/p>\n<p>&nbsp;<\/p>\n<p>&nbsp;<\/p>\n<hr \/>\n<p>&nbsp;<\/p>\n<blockquote>\n<h3>ALBERTO MANZI RICORDATO A TEATRO<\/h3>\n<\/blockquote>\n<p><strong>PONTE NELLE ALPI\u00a0<\/strong>L\u2019Istituto comprensivo di Ponte nelle Alpi, in collaborazione con Tib Teatro, presenta un\u2019iniziativa culturale, e teatrale, di altissimo profilo: \u201cAlberto Manzi: storia di un maestro\u201d. L\u2019appuntamento \u00e8 per oggi alle 20.45, al Piccolo Teatro \u201cPierobon\u201d di Paiane.<span class=\"gmail-Apple-converted-space\">\u00a0<\/span>L\u2019ingresso \u00e8 gratuito: per eventuali prenotazioni, \u00e8 attivo il sito dell\u2019Istituto comprensivo Ponte nelle Alpi (<a href=\"https:\/\/www.icpontalpi.edu.it\/\">https:\/\/www.icpontalpi.edu.it<\/a>), oltre ai numeri dell\u2019Urp (0437-9866) e della Biblioteca civica (0437-99214).<\/p>\n<p>&nbsp;<\/p>\n<hr \/>\n<p>&nbsp;<\/p>\n<blockquote>\n<h3>FABIO RUFUS BRISTOT AD AGORDO CON IL LIBRO IN RICORDO DI DON CLAUDIO<\/h3>\n<\/blockquote>\n<p><strong><img loading=\"lazy\" decoding=\"async\" class=\"alignleft\" src=\"https:\/\/www.radiopiu.net\/wordpress\/wp-content\/uploads\/2022\/04\/claudio.jpg\" width=\"189\" height=\"162\" \/>AGORDO<\/strong> <span dir=\"ltr\" role=\"presentation\">Venerdi\u00a0 6 maggio presso in\u00a0 sala \u201cdon Tamis\u201d in via 27 aprile ad Agordo, alle\u00a0 18 Fabio Bristot <\/span><span dir=\"ltr\" role=\"presentation\">\u201cRufus\u201d presenta il suo libro \u201cDon Claudio e la Luna\u201d. <\/span><span dir=\"ltr\" role=\"presentation\">Lo scritto \u00e8 un omaggio a don Claudio Sacco, parroco di Mas-Peron in comune di Sedico, morto <\/span><span dir=\"ltr\" role=\"presentation\">travolto da un valanga una notte di luna piena nel dicembre 2009. Appassionato di scialpinismo il <\/span><span dir=\"ltr\" role=\"presentation\">sacerdote era salito Monte Pore di notte in solitaria quando la neve lo ha sommerso fatalmente. Nel libro <\/span><span dir=\"ltr\" role=\"presentation\">si racconta quell\u2019ultima notte e i giorni successivi durante i quali lo stesso Bristot partecip\u00f2, quale <\/span><span dir=\"ltr\" role=\"presentation\">operatore del Soccorso Alpino, alle ricerche di don Sacco. Ma il racconto dell\u2019autore va oltre questi tragici <\/span><span dir=\"ltr\" role=\"presentation\">avvenimenti e mette in risalto una figura di sacerdote e uomo dagli innumerevoli interessi e dalle doti <\/span><span dir=\"ltr\" role=\"presentation\">umane che lo hanno fatto apprezzare, soprattutto tra i giovani. Sono molte le persone che, a molti anni <\/span><span dir=\"ltr\" role=\"presentation\">dalla scomparsa, ricordano don Sacco con affetto e riconoscenza, stima che va oltre l\u2019ambito religioso nel <\/span><span dir=\"ltr\" role=\"presentation\">quale ha doto molto prima come missionario in Costa d\u2019Avorio, poi come parroco nella Diocesi d\u2019origine.\u00a0<\/span><\/p>\n<p>&nbsp;<\/p>\n<p>&nbsp;<\/p>\n<hr \/>\n<p>&nbsp;<\/p>\n<h2><span style=\"color: #ff0000;\">IERI ALLA RADIO<\/span><\/h2>\n<h2><span style=\"color: #ff6600;\"><a class=\"dt-pswp-item\" href=\"https:\/\/www.radiopiu.net\/wordpress\/wp-content\/uploads\/2022\/04\/555f8443-b9d8-4dc6-bf1b-509b404dd196.jpg\" data-dt-img-description=\"\" data-large_image_width=\"1024\" data-large_image_height=\"682\"><img loading=\"lazy\" decoding=\"async\" class=\" wp-image-272798 alignleft\" src=\"https:\/\/www.radiopiu.net\/wordpress\/wp-content\/uploads\/2022\/04\/555f8443-b9d8-4dc6-bf1b-509b404dd196-150x150.jpg\" alt=\"\" width=\"118\" height=\"118\" \/><\/a>RIAPERTO IL PUNTO UMANA AD ALLEGHE, NE PARLIAMO CON LA DOTTORESSA CAPRIOGLIO<\/span><\/h2>\n<p><strong>di Claudio Fontanive<\/strong><\/p>\n<p>Ospite: Maria Raffaella Caprioglio, presidente di Umana<\/p>\n<audio class=\"wp-audio-shortcode\" id=\"audio-272743-8\" preload=\"none\" style=\"width: 100%;\" controls=\"controls\"><source type=\"audio\/mpeg\" src=\"https:\/\/www.radiopiu.net\/wordpress\/wp-content\/uploads\/2022\/04\/dottoressa-caprioglio-28-aprile.mp3?_=8\" \/><a href=\"https:\/\/www.radiopiu.net\/wordpress\/wp-content\/uploads\/2022\/04\/dottoressa-caprioglio-28-aprile.mp3\">https:\/\/www.radiopiu.net\/wordpress\/wp-content\/uploads\/2022\/04\/dottoressa-caprioglio-28-aprile.mp3<\/a><\/audio>\n<p>&nbsp;<\/p>\n<hr \/>\n<p>&nbsp;<\/p>\n<blockquote>\n<h3>40 ANNI DI CROCE VERDE VAL BIOIS, oggi alle 15.10 e 20.30\u00a0 \u00a0lo speciale alla radio, ospite il Presidente della Croce Verde Stefano Murer.<\/h3>\n<\/blockquote>\n<p><strong>FALCADE<\/strong> Domani alle 16 in via degli Artigiani la Croce Verde Val Biois festeggia i primi 40 anni di attivit\u00e0, nell&#8217;occasione sar\u00e0 inaugurata la nuova sede. Previsti gli interventi dei rappresentanti la Croce Verde, Soccorso Alpino, Amministrazione Comunale di Falcade, Onorevole Dario Bond Presidente Fondo Comuni Confinanti. Benedizione con Don Andrea Piccolin.<\/p>\n<p><a class=\"dt-pswp-item\" href=\"https:\/\/www.radiopiu.net\/wordpress\/?attachment_id=272457\" data-dt-img-description=\"\" data-large_image_width=\"231\" data-large_image_height=\"206\"><img loading=\"lazy\" decoding=\"async\" class=\"alignnone wp-image-272457 \" src=\"https:\/\/www.radiopiu.net\/wordpress\/wp-content\/uploads\/2022\/04\/aaa-11.jpg\" alt=\"\" width=\"191\" height=\"170\" \/><\/a><\/p>\n<p>&nbsp;<\/p>\n<hr \/>\n<p>&nbsp;<\/p>\n<h2><span style=\"color: #800080;\">STORIE A QUATTROCCHI<\/span><\/h2>\n<p><em><strong>SECONDA PUNTATA 27 APRILE 2022<\/strong><\/em><\/p>\n<audio class=\"wp-audio-shortcode\" id=\"audio-272743-9\" preload=\"none\" style=\"width: 100%;\" controls=\"controls\"><source type=\"audio\/mpeg\" src=\"https:\/\/www.radiopiu.net\/wordpress\/wp-content\/uploads\/2022\/04\/QOCCHI-2.mp3?_=9\" \/><a href=\"https:\/\/www.radiopiu.net\/wordpress\/wp-content\/uploads\/2022\/04\/QOCCHI-2.mp3\">https:\/\/www.radiopiu.net\/wordpress\/wp-content\/uploads\/2022\/04\/QOCCHI-2.mp3<\/a><\/audio>\n<p><strong>LA RACCOLTA COMPLETA<\/strong><\/p>\n<blockquote class=\"wp-embedded-content\" data-secret=\"5pbmmNOEQf\"><p><a href=\"https:\/\/www.radiopiu.net\/wordpress\/storie-a-quattrocchi\/\">Storie a quattrocchi<\/a><\/p><\/blockquote>\n<p><iframe loading=\"lazy\" class=\"wp-embedded-content\" sandbox=\"allow-scripts\" security=\"restricted\" style=\"position: absolute; clip: rect(1px, 1px, 1px, 1px);\" title=\"&#8220;Storie a quattrocchi&#8221; &#8212; Radio Pi\u00f9\" src=\"https:\/\/www.radiopiu.net\/wordpress\/storie-a-quattrocchi\/embed\/#?secret=SQGE7CCKr9#?secret=5pbmmNOEQf\" data-secret=\"5pbmmNOEQf\" width=\"600\" height=\"338\" frameborder=\"0\" marginwidth=\"0\" marginheight=\"0\" scrolling=\"no\"><\/iframe><\/p>\n<p>&nbsp;<\/p>\n<hr \/>\n<p>&nbsp;<\/p>\n<h2><span style=\"color: #008080;\">&#8220;DINTORN E FORA VIA&#8221; A CURA DEL MUSLA, IL NUOVO PROGRAMMA\u00a0<\/span><\/h2>\n<p><strong>PUNTATA 26 APRILE 2022 con ELEONORA TROI<\/strong><\/p>\n\n\t\t\t<style type='text\/css'>\n\t\t\t\t#gallery-9 {\n\t\t\t\t\tmargin: auto;\n\t\t\t\t}\n\t\t\t\t#gallery-9 .gallery-item {\n\t\t\t\t\tfloat: left;\n\t\t\t\t\tmargin-top: 10px;\n\t\t\t\t\ttext-align: center;\n\t\t\t\t\twidth: 50%;\n\t\t\t\t}\n\t\t\t\t#gallery-9 img {\n\t\t\t\t\tborder: 2px solid #cfcfcf;\n\t\t\t\t}\n\t\t\t\t#gallery-9 .gallery-caption {\n\t\t\t\t\tmargin-left: 0;\n\t\t\t\t}\n\t\t\t\t\/* see gallery_shortcode() in wp-includes\/media.php *\/\n\t\t\t<\/style>\n\t\t<div id='gallery-9' class='dt-gallery-container gallery galleryid-272743 gallery-columns-2 gallery-size-thumbnail'><dl class='gallery-item'>\n\t\t\t\t<dt class='gallery-icon landscape'>\n\t\t\t\t\t<a class=\"rollover rollover-zoom dt-pswp-item\" title=\"892cca3d-9402-4ed6-a0d2-c34f8eedef08\" data-dt-img-description=\"\" data-large_image_width=\"960\" data-large_image_height=\"640\"href='https:\/\/www.radiopiu.net\/wordpress\/wp-content\/uploads\/2022\/04\/892cca3d-9402-4ed6-a0d2-c34f8eedef08.jpg'><img loading=\"lazy\" decoding=\"async\" width=\"150\" height=\"150\" src=\"https:\/\/www.radiopiu.net\/wordpress\/wp-content\/uploads\/2022\/04\/892cca3d-9402-4ed6-a0d2-c34f8eedef08-150x150.jpg\" class=\"attachment-thumbnail size-thumbnail\" alt=\"\" \/><\/a>\n\t\t\t\t<\/dt><\/dl><dl class='gallery-item'>\n\t\t\t\t<dt class='gallery-icon landscape'>\n\t\t\t\t\t<a class=\"rollover rollover-zoom dt-pswp-item\" title=\"0fcdb30a-18a6-4803-a4ef-b7cbf3c74170\" data-dt-img-description=\"\" data-large_image_width=\"310\" data-large_image_height=\"163\"href='https:\/\/www.radiopiu.net\/wordpress\/wp-content\/uploads\/2022\/04\/0fcdb30a-18a6-4803-a4ef-b7cbf3c74170.jpg'><img loading=\"lazy\" decoding=\"async\" width=\"150\" height=\"150\" src=\"https:\/\/www.radiopiu.net\/wordpress\/wp-content\/uploads\/2022\/04\/0fcdb30a-18a6-4803-a4ef-b7cbf3c74170-150x150.jpg\" class=\"attachment-thumbnail size-thumbnail\" alt=\"\" \/><\/a>\n\t\t\t\t<\/dt><\/dl><br style=\"clear: both\" \/>\n\t\t\t<\/div>\n\n<p><span style=\"color: #ff0000;\"><strong>AUDIO<\/strong><\/span><\/p>\n<audio class=\"wp-audio-shortcode\" id=\"audio-272743-10\" preload=\"none\" style=\"width: 100%;\" controls=\"controls\"><source type=\"audio\/mpeg\" src=\"https:\/\/www.radiopiu.net\/wordpress\/wp-content\/uploads\/2022\/04\/MUSLA-26-MARZO.mp3?_=10\" \/><a href=\"https:\/\/www.radiopiu.net\/wordpress\/wp-content\/uploads\/2022\/04\/MUSLA-26-MARZO.mp3\">https:\/\/www.radiopiu.net\/wordpress\/wp-content\/uploads\/2022\/04\/MUSLA-26-MARZO.mp3<\/a><\/audio>\n<p>&nbsp;<\/p>\n<p><strong>LA RACCOLTA COMPLETA<\/strong><\/p>\n<blockquote class=\"wp-embedded-content\" data-secret=\"X7GAHYyPFq\"><p><a href=\"https:\/\/www.radiopiu.net\/wordpress\/musla\/\">MUSLA<\/a><\/p><\/blockquote>\n<p><iframe loading=\"lazy\" class=\"wp-embedded-content\" sandbox=\"allow-scripts\" security=\"restricted\" style=\"position: absolute; clip: rect(1px, 1px, 1px, 1px);\" title=\"&#8220;MUSLA&#8221; &#8212; Radio Pi\u00f9\" src=\"https:\/\/www.radiopiu.net\/wordpress\/musla\/embed\/#?secret=Ukv0QYqZvM#?secret=X7GAHYyPFq\" data-secret=\"X7GAHYyPFq\" width=\"600\" height=\"338\" frameborder=\"0\" marginwidth=\"0\" marginheight=\"0\" scrolling=\"no\"><\/iframe><\/p>\n<p>&nbsp;<\/p>\n<hr \/>\n<p>&nbsp;<\/p>\n<div>\n<div class=\"b654a4as d2edcug0\">\n<div class=\"rq0escxv hkbzh7o3 jwdofwj8 n8tt0mok r8blr3vg hyh9befq\">\n<p><a class=\"dt-pswp-item\" href=\"https:\/\/www.radiopiu.net\/wordpress\/wp-content\/uploads\/2020\/10\/pp.jpg\" data-dt-img-description=\"\" data-large_image_width=\"640\" data-large_image_height=\"640\"><img loading=\"lazy\" decoding=\"async\" class=\"wp-image-163678 alignleft\" src=\"https:\/\/www.radiopiu.net\/wordpress\/wp-content\/uploads\/2020\/10\/pp-300x300.jpg\" alt=\"\" width=\"106\" height=\"106\" srcset=\"https:\/\/www.radiopiu.net\/wordpress\/wp-content\/uploads\/2020\/10\/pp-300x300.jpg 300w, https:\/\/www.radiopiu.net\/wordpress\/wp-content\/uploads\/2020\/10\/pp-150x150.jpg 150w, https:\/\/www.radiopiu.net\/wordpress\/wp-content\/uploads\/2020\/10\/pp-125x125.jpg 125w, https:\/\/www.radiopiu.net\/wordpress\/wp-content\/uploads\/2020\/10\/pp-200x200.jpg 200w, https:\/\/www.radiopiu.net\/wordpress\/wp-content\/uploads\/2020\/10\/pp-80x80.jpg 80w, https:\/\/www.radiopiu.net\/wordpress\/wp-content\/uploads\/2020\/10\/pp-480x480.jpg 480w, https:\/\/www.radiopiu.net\/wordpress\/wp-content\/uploads\/2020\/10\/pp.jpg 640w\" sizes=\"auto, (max-width: 106px) 100vw, 106px\" \/><\/a><\/p>\n<\/div>\n<\/div>\n<\/div>\n<div>\n<div class=\"page-title-head hgroup\">\n<div class=\"page-title-head hgroup\">\n<div class=\"b654a4as d2edcug0\">\n<div class=\"j83agx80 btwxx1t3 lhclo0ds hop8lmos nkwizq5d scwd0bx6 roh60bw9\">\n<div class=\"rq0escxv hkbzh7o3 jwdofwj8 n8tt0mok r8blr3vg hyh9befq\">\n<div class=\"do00u71z l9j0dhe7 k4urcfbm\">\n<h2><span style=\"color: #000080;\">DON CESARE, IL PENSIERO DEL GIORNO. ALLA RADIO ALLE 7 DEL MATTINO E ALLE 19.30 DELLA SERA.\u00a0<\/span><\/h2>\n<p>&nbsp;<\/p>\n<\/div>\n<\/div>\n<\/div>\n<\/div>\n<\/div>\n<\/div>\n<\/div>\n<audio class=\"wp-audio-shortcode\" id=\"audio-272743-11\" preload=\"none\" style=\"width: 100%;\" controls=\"controls\"><source type=\"audio\/mpeg\" src=\"https:\/\/www.radiopiu.net\/wordpress\/wp-content\/uploads\/2022\/04\/cesare-12.mp3?_=11\" \/><a href=\"https:\/\/www.radiopiu.net\/wordpress\/wp-content\/uploads\/2022\/04\/cesare-12.mp3\">https:\/\/www.radiopiu.net\/wordpress\/wp-content\/uploads\/2022\/04\/cesare-12.mp3<\/a><\/audio>\n<p>&nbsp;<\/p>\n<hr \/>\n<p>&nbsp;<\/p>\n<h3 class=\"kvgmc6g5 cxmmr5t8 oygrvhab hcukyx3x c1et5uql\"><span style=\"color: #0000ff;\"><strong>INFORMAZIONE il canale su TELEGRAM informazione di prima mano e in tempo reale. iscriviti ed aiutaci a farlo conoscere\u00a0 \u00a0<\/strong><\/span><\/h3>\n<p><strong>LA RACCOLTA COMPLETA\u00a0<\/strong><\/p>\n<blockquote class=\"wp-embedded-content\" data-secret=\"ShqSkji2RA\"><p><a href=\"https:\/\/www.radiopiu.net\/wordpress\/007incondotta-9\/\">007 in condotta<\/a><\/p><\/blockquote>\n<p><iframe loading=\"lazy\" class=\"wp-embedded-content\" sandbox=\"allow-scripts\" security=\"restricted\" style=\"position: absolute; clip: rect(1px, 1px, 1px, 1px);\" title=\"&#8220;007 in condotta&#8221; &#8212; Radio Pi\u00f9\" src=\"https:\/\/www.radiopiu.net\/wordpress\/007incondotta-9\/embed\/#?secret=ecJ45MvDhq#?secret=ShqSkji2RA\" data-secret=\"ShqSkji2RA\" width=\"600\" height=\"338\" frameborder=\"0\" marginwidth=\"0\" marginheight=\"0\" scrolling=\"no\"><\/iframe><\/p>\n<p>&nbsp;<\/p>\n<hr \/>\n<p>&nbsp;<\/p>\n<div class=\"do00u71z l9j0dhe7 k4urcfbm\">\n<div class=\"page-title-head hgroup\">\n<div class=\"page-title-head hgroup\">\n<div class=\"b654a4as d2edcug0\">\n<div class=\"j83agx80 btwxx1t3 lhclo0ds hop8lmos nkwizq5d scwd0bx6 roh60bw9\">\n<div class=\"rq0escxv hkbzh7o3 jwdofwj8 n8tt0mok r8blr3vg hyh9befq\">\n<div class=\"do00u71z l9j0dhe7 k4urcfbm\">\n<div class=\"page-title-head hgroup\">\n<div class=\"page-title-head hgroup\">\n<div class=\"b654a4as d2edcug0\">\n<div class=\"j83agx80 btwxx1t3 lhclo0ds hop8lmos nkwizq5d scwd0bx6 roh60bw9\">\n<div class=\"rq0escxv hkbzh7o3 jwdofwj8 n8tt0mok r8blr3vg hyh9befq\">\n<div class=\"do00u71z l9j0dhe7 k4urcfbm\">\n<div class=\"ecm0bbzt e5nlhep0 a8c37x1j\">\n<div class=\"kvgmc6g5 cxmmr5t8 oygrvhab hcukyx3x c1et5uql\">\n<div class=\"gmail-kvgmc6g5 gmail-cxmmr5t8 gmail-oygrvhab gmail-hcukyx3x gmail-c1et5uql gmail-ii04i59q\">\n<div class=\"page-title-head hgroup\">\n<div class=\"page-title-head hgroup\">\n<div class=\"b654a4as d2edcug0\">\n<div class=\"j83agx80 btwxx1t3 lhclo0ds hop8lmos nkwizq5d scwd0bx6 roh60bw9\">\n<div class=\"rq0escxv hkbzh7o3 jwdofwj8 n8tt0mok r8blr3vg hyh9befq\">\n<div class=\"do00u71z l9j0dhe7 k4urcfbm\">\n<div class=\"page-title-head hgroup\">\n<div class=\"page-title-head hgroup\">\n<div class=\"b654a4as d2edcug0\">\n<div class=\"j83agx80 btwxx1t3 lhclo0ds hop8lmos nkwizq5d scwd0bx6 roh60bw9\">\n<div class=\"rq0escxv hkbzh7o3 jwdofwj8 n8tt0mok r8blr3vg hyh9befq\">\n<div class=\"do00u71z l9j0dhe7 k4urcfbm\">\n<div class=\"page-title-head hgroup\">\n<div class=\"page-title-head hgroup\">\n<div class=\"b654a4as d2edcug0\">\n<div class=\"j83agx80 btwxx1t3 lhclo0ds hop8lmos nkwizq5d scwd0bx6 roh60bw9\">\n<div class=\"rq0escxv hkbzh7o3 jwdofwj8 n8tt0mok r8blr3vg hyh9befq\">\n<div class=\"do00u71z l9j0dhe7 k4urcfbm\">\n<div class=\"ecm0bbzt e5nlhep0 a8c37x1j\">\n<div class=\"kvgmc6g5 cxmmr5t8 oygrvhab hcukyx3x c1et5uql\">\n<div class=\"gmail-kvgmc6g5 gmail-cxmmr5t8 gmail-oygrvhab gmail-hcukyx3x gmail-c1et5uql gmail-ii04i59q\">\n<div class=\"page-title-head hgroup\">\n<div class=\"page-title-head hgroup\">\n<div class=\"b654a4as d2edcug0\">\n<div class=\"j83agx80 btwxx1t3 lhclo0ds hop8lmos nkwizq5d scwd0bx6 roh60bw9\">\n<div class=\"rq0escxv hkbzh7o3 jwdofwj8 n8tt0mok r8blr3vg hyh9befq\">\n<div class=\"do00u71z l9j0dhe7 k4urcfbm\">\n<blockquote>\n<h3><span style=\"color: #ff0000;\">IN VIVO VERSO, SETTIMA STAGIONE CON BRUNELLA MORO, DAL LUNEDI AL VENERDI ALLE 7.10, 10.10 E 18.50\u00a0\u00a0<\/span><\/h3>\n<h3>A CAPIR COS&#8217;E&#8217; L&#8217; AMORE di SILVER REA<\/h3>\n<\/blockquote>\n<p><strong>AUDIO<\/strong><\/p>\n<audio class=\"wp-audio-shortcode\" id=\"audio-272743-12\" preload=\"none\" style=\"width: 100%;\" controls=\"controls\"><source type=\"audio\/mpeg\" src=\"https:\/\/www.radiopiu.net\/wordpress\/wp-content\/uploads\/2022\/04\/4-SILVER-REA-A-CAPIR-COSE-LAMORE.mp3?_=12\" \/><a href=\"https:\/\/www.radiopiu.net\/wordpress\/wp-content\/uploads\/2022\/04\/4-SILVER-REA-A-CAPIR-COSE-LAMORE.mp3\">https:\/\/www.radiopiu.net\/wordpress\/wp-content\/uploads\/2022\/04\/4-SILVER-REA-A-CAPIR-COSE-LAMORE.mp3<\/a><\/audio>\n<p>&nbsp;<\/p>\n<p><img loading=\"lazy\" decoding=\"async\" class=\"alignleft\" src=\"https:\/\/www.radiopiu.net\/wordpress\/wp-content\/uploads\/2022\/04\/people-2561053__340.webp\" width=\"238\" height=\"134\" \/><strong>A CAPIR COS&#8217;E&#8217; L&#8217; AMORE<\/strong><br \/>\nLego i capelli,<br \/>\nsorgo sul primo alito di vento<br \/>\na lenire la mia estranea<br \/>\nconoscenza.<br \/>\nVolteggio<br \/>\ntra amore eterno,<br \/>\ndisperato,<br \/>\ncarnale,<br \/>\ncaro,<br \/>\ncieco,<br \/>\ncorrisposto,<br \/>\neffimero,<br \/>\nfolle,<br \/>\nrincorro dottrina a me<br \/>\nsconosciuta.<br \/>\nSquamo la folta confusione<br \/>\nche in catene<br \/>\nmi trascina<br \/>\na te.<br \/>\nPasso, dall\u2019amarti dolcemente<br \/>\nall\u2019astio che galoppante<br \/>\nbrucia quel che resta di te.<br \/>\nIstinto,<br \/>\nche intuisce<br \/>\nfra dolore e gioia<br \/>\nil non mutare in me.<br \/>\nSentimento pulsante,<br \/>\nviscerale,<br \/>\nincondizionato,<br \/>\nirrazionale<br \/>\nfra ricordi<br \/>\nche sanno di tutto<br \/>\ne di niente.<br \/>\nCentrifugo<br \/>\nrabbia,<br \/>\ngioia,<br \/>\nnostalgia,<br \/>\npaura<br \/>\nche colmano gli occhi<br \/>\ne lentamente una lacrima scende.<br \/>\nSento<br \/>\nlacerarsi la carne,<br \/>\nse solo tu capissi!<br \/>\nIl mio cibarti,<br \/>\nleggiadra manna<br \/>\nnon spalanca forse<br \/>\nl\u2019affamato senso che hai di me?<br \/>\nIl mio consacrarmi a te,<br \/>\nnon ti rende forse vivo<br \/>\nmentre tutto muore?<br \/>\nTu, sovrasti ogni cosa,<br \/>\nsolitario,<br \/>\ntediato,<br \/>\nincontrastabile,<br \/>\nsilenzioso.<br \/>\nTi scorgo<br \/>\namante<br \/>\ntra candidi sospiri,<br \/>\nritrovati dopo<br \/>\nplurime pene.<br \/>\nCon impeto devastante,<br \/>\nmi sgretolo.<br \/>\nMorire per te,<br \/>\nnon \u00e8 forse<br \/>\namarti?<\/p>\n<blockquote class=\"wp-embedded-content\" data-secret=\"yi6bJTxa6N\"><p><a href=\"https:\/\/www.radiopiu.net\/wordpress\/in-vivo-verso\/\">In Vivo Verso<\/a><\/p><\/blockquote>\n<p><iframe loading=\"lazy\" class=\"wp-embedded-content\" sandbox=\"allow-scripts\" security=\"restricted\" style=\"position: absolute; clip: rect(1px, 1px, 1px, 1px);\" title=\"&#8220;In Vivo Verso&#8221; &#8212; Radio Pi\u00f9\" src=\"https:\/\/www.radiopiu.net\/wordpress\/in-vivo-verso\/embed\/#?secret=H0nNKvOU4y#?secret=yi6bJTxa6N\" data-secret=\"yi6bJTxa6N\" width=\"600\" height=\"338\" frameborder=\"0\" marginwidth=\"0\" marginheight=\"0\" scrolling=\"no\"><\/iframe><\/p>\n<p>&nbsp;<\/p>\n<hr \/>\n<p>&nbsp;<\/p>\n<h3 class=\"entry-title\"><span style=\"color: #ff0000;\"><a href=\"https:\/\/www.radiopiu.net\/wordpress\/wp-content\/uploads\/2022\/04\/bustos-756620__340.webp\"><img loading=\"lazy\" decoding=\"async\" class=\" wp-image-271808 alignleft\" src=\"https:\/\/www.radiopiu.net\/wordpress\/wp-content\/uploads\/2022\/04\/bustos-756620__340-150x150.webp\" alt=\"\" width=\"94\" height=\"94\" \/><\/a>GOCCE DI FILOSOFIA PUNTATA 189<\/span><\/h3>\n<h3 class=\"entry-title\">AUDIO<\/h3>\n<audio class=\"wp-audio-shortcode\" id=\"audio-272743-13\" preload=\"none\" style=\"width: 100%;\" controls=\"controls\"><source type=\"audio\/mpeg\" src=\"https:\/\/www.radiopiu.net\/wordpress\/wp-content\/uploads\/2022\/04\/FI4-3.mp3?_=13\" \/><a href=\"https:\/\/www.radiopiu.net\/wordpress\/wp-content\/uploads\/2022\/04\/FI4-3.mp3\">https:\/\/www.radiopiu.net\/wordpress\/wp-content\/uploads\/2022\/04\/FI4-3.mp3<\/a><\/audio>\n<p>&nbsp;<\/p>\n<p><strong>\u00a0<\/strong><strong>LA RACCOLTA COMPLETA<\/strong><\/p>\n<blockquote class=\"wp-embedded-content\" data-secret=\"V705oJ916H\"><p><a href=\"https:\/\/www.radiopiu.net\/wordpress\/gocce-filosofia\/\">Gocce di filosofia, PRIMA E SECONDA STAGIONE 2022<\/a><\/p><\/blockquote>\n<p><iframe loading=\"lazy\" class=\"wp-embedded-content\" sandbox=\"allow-scripts\" security=\"restricted\" style=\"position: absolute; clip: rect(1px, 1px, 1px, 1px);\" title=\"&#8220;Gocce di filosofia, PRIMA E SECONDA STAGIONE 2022&#8221; &#8212; Radio Pi\u00f9\" src=\"https:\/\/www.radiopiu.net\/wordpress\/gocce-filosofia\/embed\/#?secret=ri6oS6iqze#?secret=V705oJ916H\" data-secret=\"V705oJ916H\" width=\"600\" height=\"338\" frameborder=\"0\" marginwidth=\"0\" marginheight=\"0\" scrolling=\"no\"><\/iframe><\/p>\n<p>&nbsp;<\/p>\n<hr \/>\n<p>&nbsp;<\/p>\n<p><span style=\"color: #0000ff;\">MUSICA PIU&#8217;\u00a0<\/span><\/p>\n<p><a href=\"https:\/\/www.radiopiu.net\/wordpress\/giornale-radiopiu-20-settembre-2021-direttore-mirko-mezzacasa\/pp-79\/\" rel=\"attachment wp-att-232921\"><img loading=\"lazy\" decoding=\"async\" class=\"wp-image-232921 alignleft\" src=\"https:\/\/www.radiopiu.net\/wordpress\/wp-content\/uploads\/2021\/09\/pp-1-300x300.jpg\" alt=\"\" width=\"135\" height=\"135\" srcset=\"https:\/\/www.radiopiu.net\/wordpress\/wp-content\/uploads\/2021\/09\/pp-1-300x300.jpg 300w, https:\/\/www.radiopiu.net\/wordpress\/wp-content\/uploads\/2021\/09\/pp-1-150x150.jpg 150w, https:\/\/www.radiopiu.net\/wordpress\/wp-content\/uploads\/2021\/09\/pp-1.jpg 640w\" sizes=\"auto, (max-width: 135px) 100vw, 135px\" \/><\/a><\/p>\n<div class=\"mkdf-post-text\">\n<div class=\"mkdf-post-text-inner\">\n<div class=\"mkdf-post-text-main\">\n<div class=\"mkdf-post-text\">\n<div class=\"mkdf-post-text-inner\">\n<div class=\"mkdf-post-text-main\">\n<div class=\"mkdf-post-text\">\n<div class=\"mkdf-post-text-inner\">\n<div class=\"mkdf-post-text-main\">\n<div class=\"page-title-head hgroup\">\n<div class=\"page-title-head hgroup\">\n<div class=\"mkdf-post-text\">\n<div class=\"mkdf-post-text-inner\">\n<div class=\"mkdf-post-text-main\">\n<div class=\"mkdf-post-text\">\n<div class=\"mkdf-post-text-inner\">\n<div class=\"mkdf-post-text-main\">\n<div class=\"page-title-head hgroup\">\n<div class=\"page-title-head hgroup\">\n<div class=\"page-title-head hgroup\">\n<div class=\"page-title-head hgroup\">\n<div class=\"b654a4as d2edcug0\">\n<div class=\"page-title-head hgroup\">\n<div class=\"page-title-head hgroup\">\n<div class=\"page-title-head hgroup\">\n<div class=\"page-title-head hgroup\">\n<div class=\"b654a4as d2edcug0\">\n<div class=\"page-title-head hgroup\">\n<div class=\"page-title-head hgroup\">\n<div class=\"page-title-head hgroup\">\n<div class=\"page-title-head hgroup\">\n<div class=\"b654a4as d2edcug0\">\n<div class=\"mkdf-post-text\">\n<div class=\"mkdf-post-text-inner\">\n<div class=\"mkdf-post-text-main\">\n<div class=\"mkdf-post-text\">\n<div class=\"mkdf-post-text-inner\">\n<div class=\"mkdf-post-text-main\">\n<div class=\"mkdf-post-text\">\n<div class=\"mkdf-post-text-inner\">\n<div class=\"mkdf-post-text-main\">\n<div class=\"page-title-head hgroup\">\n<div class=\"page-title-head hgroup\">\n<div class=\"mkdf-post-text\">\n<div class=\"mkdf-post-text-inner\">\n<div class=\"mkdf-post-text-main\">\n<div class=\"mkdf-post-text\">\n<div class=\"mkdf-post-text-inner\">\n<div class=\"mkdf-post-text-main\">\n<div class=\"page-title-head hgroup\">\n<div class=\"page-title-head hgroup\">\n<div class=\"page-title-head hgroup\">\n<div class=\"page-title-head hgroup\">\n<div class=\"b654a4as d2edcug0\">\n<div class=\"page-title-head hgroup\">\n<div class=\"page-title-head hgroup\">\n<div class=\"page-title-head hgroup\">\n<div class=\"page-title-head hgroup\">\n<div class=\"b654a4as d2edcug0\">\n<div class=\"page-title-head hgroup\">\n<div class=\"page-title-head hgroup\">\n<div class=\"page-title-head hgroup\">\n<div class=\"page-title-head hgroup\">\n<div class=\"b654a4as d2edcug0\">\n<div><\/div>\n<div><\/div>\n<div>\n<p><strong>MUSICA ALLA RADIO, IL PROGRAMMA DI LORIS SCUSSEL &#8220;COLLAGE OPERAZIONE NOSTALGIA&#8221; DAL LUNEDI AL VENERDI ALLE 16.00\u00a0 E ALLE 23\u00a0<\/strong><\/p>\n<p>&nbsp;<\/p>\n<\/div>\n<p><em><strong>PUNTATA 594 DEL 28 APRILE 2022<\/strong><\/em><\/p>\n<audio class=\"wp-audio-shortcode\" id=\"audio-272743-14\" preload=\"none\" style=\"width: 100%;\" controls=\"controls\"><source type=\"audio\/mpeg\" src=\"https:\/\/www.radiopiu.net\/wordpress\/wp-content\/uploads\/2022\/04\/Collage-594.mp3?_=14\" \/><a href=\"https:\/\/www.radiopiu.net\/wordpress\/wp-content\/uploads\/2022\/04\/Collage-594.mp3\">https:\/\/www.radiopiu.net\/wordpress\/wp-content\/uploads\/2022\/04\/Collage-594.mp3<\/a><\/audio>\n<p>&nbsp;<\/p>\n<p>&nbsp;<\/p>\n<p>&nbsp;<\/p>\n<hr \/>\n<p>&nbsp;<\/p>\n<h2><span style=\"color: #008000;\">GIROVAGANDO IN E-BIKE 2022<\/span><\/h2>\n<p><strong>LA RACCOLTA COMPLETA<\/strong><\/p>\n<blockquote class=\"wp-embedded-content\" data-secret=\"kXbqOWR8WH\"><p><a href=\"https:\/\/www.radiopiu.net\/wordpress\/girovagando-in-e-bike-tra-le-dolomiti\/\">GIROVAGANDO IN E BIKE TRA LE DOLOMITI<\/a><\/p><\/blockquote>\n<p><iframe loading=\"lazy\" class=\"wp-embedded-content\" sandbox=\"allow-scripts\" security=\"restricted\" style=\"position: absolute; clip: rect(1px, 1px, 1px, 1px);\" title=\"&#8220;GIROVAGANDO IN E BIKE TRA LE DOLOMITI&#8221; &#8212; Radio Pi\u00f9\" src=\"https:\/\/www.radiopiu.net\/wordpress\/girovagando-in-e-bike-tra-le-dolomiti\/embed\/#?secret=eNnhbvWs7I#?secret=kXbqOWR8WH\" data-secret=\"kXbqOWR8WH\" width=\"600\" height=\"338\" frameborder=\"0\" marginwidth=\"0\" marginheight=\"0\" scrolling=\"no\"><\/iframe><\/p>\n<p>&nbsp;<\/p>\n<hr \/>\n<p>&nbsp;<\/p>\n<h2><span style=\"color: #0000ff;\">SALUTE &amp; SOCIETA&#8217;<\/span><\/h2>\n<p><strong>LA RACCOLTA COMPLETA<\/strong><\/p>\n<blockquote class=\"wp-embedded-content\" data-secret=\"x2PDkO4OgT\"><p><a href=\"https:\/\/www.radiopiu.net\/wordpress\/saluteesocieta\/\">Salute e Societ\u00e0<\/a><\/p><\/blockquote>\n<p><iframe loading=\"lazy\" class=\"wp-embedded-content\" sandbox=\"allow-scripts\" security=\"restricted\" style=\"position: absolute; clip: rect(1px, 1px, 1px, 1px);\" title=\"&#8220;Salute e Societ\u00e0&#8221; &#8212; Radio Pi\u00f9\" src=\"https:\/\/www.radiopiu.net\/wordpress\/saluteesocieta\/embed\/#?secret=NV7mMiHhxD#?secret=x2PDkO4OgT\" data-secret=\"x2PDkO4OgT\" width=\"600\" height=\"338\" frameborder=\"0\" marginwidth=\"0\" marginheight=\"0\" scrolling=\"no\"><\/iframe><\/p>\n<p>&nbsp;<\/p>\n<hr \/>\n<\/div>\n<\/div>\n<\/div>\n<\/div>\n<\/div>\n<\/div>\n<\/div>\n<\/div>\n<\/div>\n<\/div>\n<\/div>\n<\/div>\n<\/div>\n<\/div>\n<\/div>\n<\/div>\n<\/div>\n<\/div>\n<\/div>\n<\/div>\n<\/div>\n<\/div>\n<\/div>\n<\/div>\n<\/div>\n<\/div>\n<\/div>\n<\/div>\n<\/div>\n<\/div>\n<\/div>\n<\/div>\n<\/div>\n<\/div>\n<\/div>\n<\/div>\n<\/div>\n<\/div>\n<\/div>\n<\/div>\n<\/div>\n<\/div>\n<\/div>\n<\/div>\n<\/div>\n<\/div>\n<\/div>\n<\/div>\n<\/div>\n<\/div>\n<\/div>\n<\/div>\n<\/div>\n<\/div>\n<\/div>\n<\/div>\n<\/div>\n<\/div>\n<\/div>\n<\/div>\n<\/div>\n<\/div>\n<\/div>\n<\/div>\n<p>&nbsp;<\/p>\n<blockquote>\n<h3><span style=\"color: #0000ff;\">RADIO PIU INFORMAZIONE il canale su TELEGRAM informazione di prima mano e in tempo reale. iscriviti ed aiutaci a farlo conoscere\u00a0\u00a0<\/span><\/h3>\n<\/blockquote>\n<div>\n<div class=\"page-title-head hgroup\">\n<div class=\"page-title-head hgroup\">\n<div class=\"page-title-head hgroup\">\n<div class=\"page-title-head hgroup\">\n<div class=\"b654a4as d2edcug0\">\n<div class=\"page-title-head hgroup\">\n<div class=\"page-title-head hgroup\">\n<div class=\"page-title-head hgroup\">\n<div class=\"page-title-head hgroup\">\n<div class=\"b654a4as d2edcug0\">\n<div class=\"page-title-head hgroup\">\n<div class=\"page-title-head hgroup\">\n<div class=\"page-title-head hgroup\">\n<div class=\"page-title-head hgroup\">\n<div class=\"page-title-head hgroup\">\n<div class=\"page-title-head hgroup\">\n<div class=\"page-title-head hgroup\">\n<div class=\"page-title-head hgroup\">\n<div class=\"page-title-head hgroup\">\n<div class=\"b654a4as d2edcug0\">\n<div class=\"page-title-head hgroup\">\n<div class=\"page-title-head hgroup\">\n<div class=\"page-title-head hgroup\">\n<div class=\"page-title-head hgroup\">\n<div class=\"b654a4as d2edcug0\">\n<div><\/div>\n<div>\n<div class=\"page-title-head hgroup\">\n<div class=\"page-title-head hgroup\">\n<div class=\"page-title-head hgroup\">\n<div class=\"page-title-head hgroup\">\n<div class=\"page-title-head hgroup\">\n<div class=\"mkdf-post-text\">\n<div class=\"mkdf-post-text-inner\">\n<div class=\"mkdf-post-text-main\">\n<div class=\"mkdf-post-text\">\n<div class=\"mkdf-post-text-inner\">\n<div class=\"mkdf-post-text-main\">\n<div class=\"mkdf-post-text\">\n<div class=\"mkdf-post-text-inner\">\n<div class=\"mkdf-post-text-main\">\n<div class=\"page-title-head hgroup\">\n<div class=\"page-title-head hgroup\">\n<div class=\"mkdf-post-text\">\n<div class=\"mkdf-post-text-inner\">\n<div class=\"mkdf-post-text-main\">\n<div class=\"mkdf-post-text\">\n<div class=\"mkdf-post-text-inner\">\n<div class=\"mkdf-post-text-main\">\n<div class=\"page-title-head hgroup\">\n<div class=\"page-title-head hgroup\">\n<div class=\"page-title-head hgroup\">\n<div class=\"page-title-head hgroup\">\n<div class=\"b654a4as d2edcug0\">\n<div class=\"page-title-head hgroup\">\n<div class=\"page-title-head hgroup\">\n<div class=\"page-title-head hgroup\">\n<div class=\"page-title-head hgroup\">\n<div class=\"b654a4as d2edcug0\">\n<div class=\"page-title-head hgroup\">\n<div class=\"page-title-head hgroup\">\n<div class=\"page-title-head hgroup\">\n<div class=\"page-title-head hgroup\">\n<p>&nbsp;<\/p>\n<div>\n<div class=\"page-title-head hgroup\">\n<div class=\"page-title-head hgroup\">\n<div class=\"b654a4as d2edcug0\">\n<div class=\"j83agx80 btwxx1t3 lhclo0ds hop8lmos nkwizq5d scwd0bx6 roh60bw9\">\n<div class=\"rq0escxv hkbzh7o3 jwdofwj8 n8tt0mok r8blr3vg hyh9befq\">\n<div class=\"do00u71z l9j0dhe7 k4urcfbm\">\n<div class=\"page-title-head hgroup\">\n<div class=\"page-title-head hgroup\">\n<div class=\"b654a4as d2edcug0\">\n<div class=\"j83agx80 btwxx1t3 lhclo0ds hop8lmos nkwizq5d scwd0bx6 roh60bw9\">\n<div class=\"rq0escxv hkbzh7o3 jwdofwj8 n8tt0mok r8blr3vg hyh9befq\">\n<div class=\"do00u71z l9j0dhe7 k4urcfbm\">\n<div class=\"ecm0bbzt e5nlhep0 a8c37x1j\">\n<div class=\"kvgmc6g5 cxmmr5t8 oygrvhab hcukyx3x c1et5uql\">\n<div class=\"gmail-kvgmc6g5 gmail-cxmmr5t8 gmail-oygrvhab gmail-hcukyx3x gmail-c1et5uql gmail-ii04i59q\">\n<div class=\"page-title-head hgroup\">\n<div class=\"page-title-head hgroup\">\n<div class=\"b654a4as d2edcug0\">\n<div class=\"j83agx80 btwxx1t3 lhclo0ds hop8lmos nkwizq5d scwd0bx6 roh60bw9\">\n<div class=\"rq0escxv hkbzh7o3 jwdofwj8 n8tt0mok r8blr3vg hyh9befq\">\n<div class=\"do00u71z l9j0dhe7 k4urcfbm\">\n<div class=\"page-title-head hgroup\">\n<div class=\"page-title-head hgroup\">\n<div class=\"b654a4as d2edcug0\">\n<div class=\"j83agx80 btwxx1t3 lhclo0ds hop8lmos nkwizq5d scwd0bx6 roh60bw9\">\n<div class=\"rq0escxv hkbzh7o3 jwdofwj8 n8tt0mok r8blr3vg hyh9befq\">\n<div class=\"do00u71z l9j0dhe7 k4urcfbm\">\n<div class=\"page-title-head hgroup\">\n<div class=\"page-title-head hgroup\">\n<div class=\"b654a4as d2edcug0\">\n<div class=\"j83agx80 btwxx1t3 lhclo0ds hop8lmos nkwizq5d scwd0bx6 roh60bw9\">\n<div class=\"rq0escxv hkbzh7o3 jwdofwj8 n8tt0mok r8blr3vg hyh9befq\">\n<div class=\"do00u71z l9j0dhe7 k4urcfbm\">\n<div class=\"ecm0bbzt e5nlhep0 a8c37x1j\">\n<div class=\"kvgmc6g5 cxmmr5t8 oygrvhab hcukyx3x c1et5uql\">\n<div class=\"gmail-kvgmc6g5 gmail-cxmmr5t8 gmail-oygrvhab gmail-hcukyx3x gmail-c1et5uql gmail-ii04i59q\">\n<div class=\"page-title-head hgroup\">\n<div class=\"page-title-head hgroup\">\n<div class=\"b654a4as d2edcug0\">\n<div class=\"j83agx80 btwxx1t3 lhclo0ds hop8lmos nkwizq5d scwd0bx6 roh60bw9\">\n<div class=\"rq0escxv hkbzh7o3 jwdofwj8 n8tt0mok r8blr3vg hyh9befq\">\n<div class=\"do00u71z l9j0dhe7 k4urcfbm\">\n<div class=\"page-title-head hgroup\">\n<div class=\"page-title-head hgroup\">\n<div class=\"page-title-head hgroup\">\n<div class=\"page-title-head hgroup\">\n<div class=\"b654a4as d2edcug0\">\n<div class=\"page-title-head hgroup\">\n<div class=\"page-title-head hgroup\">\n<div class=\"page-title-head hgroup\">\n<div class=\"page-title-head hgroup\">\n<div class=\"b654a4as d2edcug0\">\n<div class=\"page-title-head hgroup\">\n<div class=\"page-title-head hgroup\">\n<div class=\"page-title-head hgroup\">\n<div class=\"page-title-head hgroup\">\n<div class=\"page-title-head hgroup\">\n<div class=\"page-title-head hgroup\">\n<div class=\"page-title-head hgroup\">\n<div class=\"page-title-head hgroup\">\n<div class=\"page-title-head hgroup\">\n<div class=\"b654a4as d2edcug0\">\n<div class=\"page-title-head hgroup\">\n<div class=\"page-title-head hgroup\">\n<div class=\"page-title-head hgroup\">\n<div class=\"page-title-head hgroup\">\n<div class=\"b654a4as d2edcug0\">\n<div class=\"page-title-head hgroup\">\n<div class=\"page-title-head hgroup\">\n<div class=\"page-title-head hgroup\">\n<div class=\"page-title-head hgroup\">\n<div class=\"page-title-head hgroup\">\n<div class=\"mkdf-post-text\">\n<div class=\"mkdf-post-text-inner\">\n<div class=\"mkdf-post-text-main\">\n<div class=\"mkdf-post-text\">\n<div class=\"mkdf-post-text-inner\">\n<div class=\"mkdf-post-text-main\">\n<div class=\"mkdf-post-text\">\n<div class=\"mkdf-post-text-inner\">\n<div class=\"mkdf-post-text-main\">\n<div class=\"page-title-head hgroup\">\n<div class=\"page-title-head hgroup\">\n<div class=\"mkdf-post-text\">\n<div class=\"mkdf-post-text-inner\">\n<div class=\"mkdf-post-text-main\">\n<div class=\"mkdf-post-text\">\n<div class=\"mkdf-post-text-inner\">\n<div class=\"mkdf-post-text-main\">\n<div class=\"page-title-head hgroup\">\n<div class=\"page-title-head hgroup\">\n<div class=\"page-title-head hgroup\">\n<div class=\"page-title-head hgroup\">\n<div class=\"b654a4as d2edcug0\">\n<div class=\"page-title-head hgroup\">\n<div class=\"page-title-head hgroup\">\n<div class=\"page-title-head hgroup\">\n<div class=\"page-title-head hgroup\">\n<div class=\"b654a4as d2edcug0\">\n<div class=\"page-title-head hgroup\">\n<div class=\"page-title-head hgroup\">\n<div class=\"page-title-head hgroup\">\n<div class=\"page-title-head hgroup\">\n<div class=\"b654a4as d2edcug0\">\n<div class=\"ecm0bbzt e5nlhep0 a8c37x1j\">\n<div class=\"kvgmc6g5 cxmmr5t8 oygrvhab hcukyx3x c1et5uql\">\n<div class=\"gmail-kvgmc6g5 gmail-cxmmr5t8 gmail-oygrvhab gmail-hcukyx3x gmail-c1et5uql gmail-ii04i59q\">\n<div class=\"page-title-head hgroup\">\n<div class=\"page-title-head hgroup\">\n<div class=\"b654a4as d2edcug0\">\n<div class=\"j83agx80 btwxx1t3 lhclo0ds hop8lmos nkwizq5d scwd0bx6 roh60bw9\">\n<div class=\"rq0escxv hkbzh7o3 jwdofwj8 n8tt0mok r8blr3vg hyh9befq\">\n<div class=\"do00u71z l9j0dhe7 k4urcfbm\">\n<div class=\"page-title-head hgroup\">\n<div class=\"page-title-head hgroup\">\n<div class=\"page-title-head hgroup\">\n<div class=\"page-title-head hgroup\">\n<div class=\"b654a4as d2edcug0\">\n<div class=\"page-title-head hgroup\">\n<div class=\"page-title-head hgroup\">\n<div class=\"page-title-head hgroup\">\n<div class=\"page-title-head hgroup\">\n<div class=\"b654a4as d2edcug0\">\n<div class=\"page-title-head hgroup\">\n<div class=\"page-title-head hgroup\">\n<div class=\"page-title-head hgroup\">\n<div class=\"page-title-head hgroup\">\n<div class=\"page-title-head hgroup\">\n<div class=\"page-title-head hgroup\">\n<div class=\"page-title-head hgroup\">\n<div class=\"page-title-head hgroup\">\n<div class=\"page-title-head hgroup\">\n<div class=\"b654a4as d2edcug0\">\n<div class=\"page-title-head hgroup\">\n<div class=\"page-title-head hgroup\">\n<div class=\"page-title-head hgroup\">\n<div class=\"page-title-head hgroup\">\n<div class=\"b654a4as d2edcug0\">\n<div class=\"page-title-head hgroup\">\n<div class=\"page-title-head hgroup\">\n<div class=\"page-title-head hgroup\">\n<div class=\"page-title-head hgroup\">\n<div class=\"page-title-head hgroup\">\n<div class=\"mkdf-post-text\">\n<div class=\"mkdf-post-text-inner\">\n<div class=\"mkdf-post-text-main\">\n<div class=\"mkdf-post-text\">\n<div class=\"mkdf-post-text-inner\">\n<div class=\"mkdf-post-text-main\">\n<div class=\"mkdf-post-text\">\n<div class=\"mkdf-post-text-inner\">\n<div class=\"mkdf-post-text-main\">\n<div class=\"page-title-head hgroup\">\n<div class=\"page-title-head hgroup\">\n<div class=\"mkdf-post-text\">\n<div class=\"mkdf-post-text-inner\">\n<div class=\"mkdf-post-text-main\">\n<div class=\"mkdf-post-text\">\n<div class=\"mkdf-post-text-inner\">\n<div class=\"mkdf-post-text-main\">\n<div class=\"page-title-head hgroup\">\n<div class=\"page-title-head hgroup\">\n<div class=\"page-title-head hgroup\">\n<div class=\"page-title-head hgroup\">\n<div class=\"b654a4as d2edcug0\">\n<div class=\"page-title-head hgroup\">\n<div class=\"page-title-head hgroup\">\n<div class=\"page-title-head hgroup\">\n<div class=\"page-title-head hgroup\">\n<div class=\"b654a4as d2edcug0\">\n<div class=\"page-title-head hgroup\">\n<div class=\"page-title-head hgroup\">\n<div class=\"page-title-head hgroup\">\n<div class=\"page-title-head hgroup\">\n<div class=\"b654a4as d2edcug0\">\n<hr \/>\n<p>&nbsp;<\/p>\n<div>\n<p><strong>DUE MINUTI UN LIBRO, TUTTI I GIORNI ALLA RADIO ALLE 9.40 E ALLE 17.50\u00a0\u00a0<\/strong><\/p>\n<div>\n<div>\n<p><strong>LA RACCOLTA COMPLETA\u00a0\u00a0<\/strong><\/p>\n<\/div>\n<\/div>\n<\/div>\n<div class=\"mkdf-post-text\">\n<div class=\"mkdf-post-text-inner\">\n<div class=\"mkdf-post-text-main\">\n<div class=\"mkdf-post-text\">\n<div class=\"mkdf-post-text-inner\">\n<div class=\"mkdf-post-text-main\">\n<div class=\"mkdf-post-text\">\n<div class=\"mkdf-post-text-inner\">\n<div class=\"mkdf-post-text-main\">\n<div class=\"page-title-head hgroup\">\n<div class=\"page-title-head hgroup\">\n<div class=\"mkdf-post-text\">\n<div class=\"mkdf-post-text-inner\">\n<div class=\"mkdf-post-text-main\">\n<div class=\"mkdf-post-text\">\n<div class=\"mkdf-post-text-inner\">\n<div class=\"mkdf-post-text-main\">\n<div class=\"page-title-head hgroup\">\n<div class=\"page-title-head hgroup\">\n<div class=\"page-title-head hgroup\">\n<div class=\"page-title-head hgroup\">\n<div class=\"b654a4as d2edcug0\">\n<div class=\"page-title-head hgroup\">\n<div class=\"page-title-head hgroup\">\n<div class=\"page-title-head hgroup\">\n<div class=\"page-title-head hgroup\">\n<div class=\"b654a4as d2edcug0\">\n<div class=\"page-title-head hgroup\">\n<div class=\"page-title-head hgroup\">\n<div class=\"page-title-head hgroup\">\n<div class=\"page-title-head hgroup\">\n<div class=\"b654a4as d2edcug0\">\n<div>\n<blockquote class=\"wp-embedded-content\" data-secret=\"AMaJSmDA73\"><p><a href=\"https:\/\/www.radiopiu.net\/wordpress\/due-minuti-un-libro\/\">Due minuti un libro<\/a><\/p><\/blockquote>\n<p><iframe loading=\"lazy\" class=\"wp-embedded-content\" sandbox=\"allow-scripts\" security=\"restricted\" style=\"position: absolute; clip: rect(1px, 1px, 1px, 1px);\" title=\"&#8220;Due minuti un libro&#8221; &#8212; Radio Pi\u00f9\" src=\"https:\/\/www.radiopiu.net\/wordpress\/due-minuti-un-libro\/embed\/#?secret=D6fiZBekWm#?secret=AMaJSmDA73\" data-secret=\"AMaJSmDA73\" width=\"600\" height=\"338\" frameborder=\"0\" marginwidth=\"0\" marginheight=\"0\" scrolling=\"no\"><\/iframe><\/p>\n<p>&nbsp;<\/p>\n<\/div>\n<div>\n<hr \/>\n<p>&nbsp;<\/p>\n<\/div>\n<h2><span style=\"color: #808000;\">L&#8217;ALMANACCO LADINO\u00a0\u00a0<\/span><\/h2>\n<p><strong>PUNTATA DEL 25 APRILE 2022<\/strong><\/p>\n<audio class=\"wp-audio-shortcode\" id=\"audio-272743-15\" preload=\"none\" style=\"width: 100%;\" controls=\"controls\"><source type=\"audio\/mpeg\" src=\"https:\/\/www.radiopiu.net\/wordpress\/wp-content\/uploads\/2022\/04\/82\u00b0Almanacco-Ladino_Anpezo.mp3?_=15\" \/><a href=\"https:\/\/www.radiopiu.net\/wordpress\/wp-content\/uploads\/2022\/04\/82\u00b0Almanacco-Ladino_Anpezo.mp3\">https:\/\/www.radiopiu.net\/wordpress\/wp-content\/uploads\/2022\/04\/82\u00b0Almanacco-Ladino_Anpezo.mp3<\/a><\/audio>\n<p>&nbsp;<\/p>\n<p><strong>LA RACCOLTA<\/strong><\/p>\n<blockquote class=\"wp-embedded-content\" data-secret=\"nJEAN6ljzy\"><p><a href=\"https:\/\/www.radiopiu.net\/wordpress\/almanacco-ladino\/\">Almanacco Ladino<\/a><\/p><\/blockquote>\n<p><iframe loading=\"lazy\" class=\"wp-embedded-content\" sandbox=\"allow-scripts\" security=\"restricted\" style=\"position: absolute; clip: rect(1px, 1px, 1px, 1px);\" title=\"&#8220;Almanacco Ladino&#8221; &#8212; Radio Pi\u00f9\" src=\"https:\/\/www.radiopiu.net\/wordpress\/almanacco-ladino\/embed\/#?secret=qu7Z0u2feW#?secret=nJEAN6ljzy\" data-secret=\"nJEAN6ljzy\" width=\"600\" height=\"338\" frameborder=\"0\" marginwidth=\"0\" marginheight=\"0\" scrolling=\"no\"><\/iframe><\/p>\n<p>&nbsp;<\/p>\n<hr \/>\n<h2><span style=\"color: #33cccc;\">\u00a0<\/span><\/h2>\n<h2><span style=\"color: #33cccc;\">LA RASSEGNA STAMPA DA L&#8217;AMICO DEL POPOLO<\/span><\/h2>\n<p><strong>LA RACCOLTA COMPLETA<\/strong><\/p>\n<blockquote class=\"wp-embedded-content\" data-secret=\"anxBMPQDTi\"><p><a href=\"https:\/\/www.radiopiu.net\/wordpress\/rassegna-stampa-di-gianni-santomaso\/\">Rassegna stampa da l&#8217;amico del popolo &#8211; di Gianni Santomaso<\/a><\/p><\/blockquote>\n<p><iframe loading=\"lazy\" class=\"wp-embedded-content\" sandbox=\"allow-scripts\" security=\"restricted\" style=\"position: absolute; clip: rect(1px, 1px, 1px, 1px);\" title=\"&#8220;Rassegna stampa da l&#8217;amico del popolo &#8211; di Gianni Santomaso&#8221; &#8212; Radio Pi\u00f9\" src=\"https:\/\/www.radiopiu.net\/wordpress\/rassegna-stampa-di-gianni-santomaso\/embed\/#?secret=rExtdI0jVU#?secret=anxBMPQDTi\" data-secret=\"anxBMPQDTi\" width=\"600\" height=\"338\" frameborder=\"0\" marginwidth=\"0\" marginheight=\"0\" scrolling=\"no\"><\/iframe><\/p>\n<p>&nbsp;<\/p>\n<hr \/>\n<p>&nbsp;<\/p>\n<div>\n<div class=\"page-title-head hgroup\">\n<div class=\"page-title-head hgroup\">\n<div class=\"b654a4as d2edcug0\">\n<div class=\"j83agx80 btwxx1t3 lhclo0ds hop8lmos nkwizq5d scwd0bx6 roh60bw9\">\n<div class=\"rq0escxv hkbzh7o3 jwdofwj8 n8tt0mok r8blr3vg hyh9befq\">\n<div class=\"do00u71z l9j0dhe7 k4urcfbm\">\n<div class=\"ecm0bbzt e5nlhep0 a8c37x1j\">\n<div class=\"kvgmc6g5 cxmmr5t8 oygrvhab hcukyx3x c1et5uql\">\n<div class=\"gmail-kvgmc6g5 gmail-cxmmr5t8 gmail-oygrvhab gmail-hcukyx3x gmail-c1et5uql gmail-ii04i59q\">\n<div class=\"page-title-head hgroup\">\n<div class=\"page-title-head hgroup\">\n<div class=\"b654a4as d2edcug0\">\n<div class=\"j83agx80 btwxx1t3 lhclo0ds hop8lmos nkwizq5d scwd0bx6 roh60bw9\">\n<div class=\"rq0escxv hkbzh7o3 jwdofwj8 n8tt0mok r8blr3vg hyh9befq\">\n<div class=\"do00u71z l9j0dhe7 k4urcfbm\">\n<div class=\"page-title-head hgroup\">\n<div class=\"page-title-head hgroup\">\n<div class=\"page-title-head hgroup\">\n<div class=\"page-title-head hgroup\">\n<div class=\"b654a4as d2edcug0\">\n<div class=\"page-title-head hgroup\">\n<div class=\"page-title-head hgroup\">\n<div class=\"page-title-head hgroup\">\n<div class=\"page-title-head hgroup\">\n<div class=\"b654a4as d2edcug0\">\n<div class=\"page-title-head hgroup\">\n<div class=\"page-title-head hgroup\">\n<div class=\"page-title-head hgroup\">\n<div class=\"page-title-head hgroup\">\n<div class=\"page-title-head hgroup\">\n<div class=\"page-title-head hgroup\">\n<div class=\"page-title-head hgroup\">\n<div class=\"page-title-head hgroup\">\n<div class=\"page-title-head hgroup\">\n<div class=\"b654a4as d2edcug0\">\n<div class=\"page-title-head hgroup\">\n<div class=\"page-title-head hgroup\">\n<div class=\"page-title-head hgroup\">\n<div class=\"page-title-head hgroup\">\n<div class=\"b654a4as d2edcug0\">\n<div class=\"page-title-head hgroup\">\n<div class=\"page-title-head hgroup\">\n<div class=\"page-title-head hgroup\">\n<div class=\"page-title-head hgroup\">\n<div class=\"page-title-head hgroup\">\n<div class=\"mkdf-post-text\">\n<div class=\"mkdf-post-text-inner\">\n<div class=\"mkdf-post-text-main\">\n<div class=\"mkdf-post-text\">\n<div class=\"mkdf-post-text-inner\">\n<div class=\"mkdf-post-text-main\">\n<div class=\"mkdf-post-text\">\n<div class=\"mkdf-post-text-inner\">\n<div class=\"mkdf-post-text-main\">\n<div class=\"page-title-head hgroup\">\n<div class=\"page-title-head hgroup\">\n<div class=\"mkdf-post-text\">\n<div class=\"mkdf-post-text-inner\">\n<div class=\"mkdf-post-text-main\">\n<div class=\"mkdf-post-text\">\n<div class=\"mkdf-post-text-inner\">\n<div class=\"mkdf-post-text-main\">\n<div class=\"page-title-head hgroup\">\n<div class=\"page-title-head hgroup\">\n<div class=\"page-title-head hgroup\">\n<div class=\"page-title-head hgroup\">\n<div class=\"b654a4as d2edcug0\">\n<div class=\"page-title-head hgroup\">\n<div class=\"page-title-head hgroup\">\n<div class=\"page-title-head hgroup\">\n<div class=\"page-title-head hgroup\">\n<div class=\"b654a4as d2edcug0\">\n<div class=\"page-title-head hgroup\">\n<div class=\"page-title-head hgroup\">\n<div class=\"page-title-head hgroup\">\n<div class=\"page-title-head hgroup\">\n<div class=\"b654a4as d2edcug0\">\n<h2><span style=\"color: #800080;\">I RACCONTI DI PAOLO SOPPELSA\u00a0<\/span><\/h2>\n<p><strong>LA RACCOLTA COMPLETA<\/strong><\/p>\n<blockquote class=\"wp-embedded-content\" data-secret=\"W3pLMIsOdt\"><p><a href=\"https:\/\/www.radiopiu.net\/wordpress\/i-racconti-di-paolo-soppelsa\/\">I racconti di Paolo Soppelsa<\/a><\/p><\/blockquote>\n<p><iframe loading=\"lazy\" class=\"wp-embedded-content\" sandbox=\"allow-scripts\" security=\"restricted\" style=\"position: absolute; clip: rect(1px, 1px, 1px, 1px);\" title=\"&#8220;I racconti di Paolo Soppelsa&#8221; &#8212; Radio Pi\u00f9\" src=\"https:\/\/www.radiopiu.net\/wordpress\/i-racconti-di-paolo-soppelsa\/embed\/#?secret=jj2sYMCyw0#?secret=W3pLMIsOdt\" data-secret=\"W3pLMIsOdt\" width=\"600\" height=\"338\" frameborder=\"0\" marginwidth=\"0\" marginheight=\"0\" scrolling=\"no\"><\/iframe><\/p>\n<p>&nbsp;<\/p>\n<hr \/>\n<p>&nbsp;<\/p>\n<\/div>\n<\/div>\n<\/div>\n<\/div>\n<\/div>\n<\/div>\n<\/div>\n<\/div>\n<\/div>\n<\/div>\n<\/div>\n<\/div>\n<\/div>\n<\/div>\n<\/div>\n<\/div>\n<\/div>\n<\/div>\n<\/div>\n<\/div>\n<\/div>\n<\/div>\n<\/div>\n<\/div>\n<\/div>\n<\/div>\n<\/div>\n<\/div>\n<\/div>\n<\/div>\n<\/div>\n<\/div>\n<\/div>\n<\/div>\n<\/div>\n<\/div>\n<\/div>\n<\/div>\n<\/div>\n<\/div>\n<\/div>\n<\/div>\n<\/div>\n<\/div>\n<\/div>\n<\/div>\n<\/div>\n<\/div>\n<\/div>\n<\/div>\n<\/div>\n<\/div>\n<\/div>\n<\/div>\n<\/div>\n<\/div>\n<\/div>\n<\/div>\n<\/div>\n<\/div>\n<\/div>\n<\/div>\n<\/div>\n<\/div>\n<\/div>\n<\/div>\n<\/div>\n<\/div>\n<\/div>\n<\/div>\n<\/div>\n<\/div>\n<\/div>\n<\/div>\n<\/div>\n<\/div>\n<\/div>\n<\/div>\n<\/div>\n<\/div>\n<\/div>\n<\/div>\n<\/div>\n<\/div>\n<\/div>\n<\/div>\n<\/div>\n<\/div>\n<\/div>\n<\/div>\n<\/div>\n<\/div>\n<\/div>\n<\/div>\n<\/div>\n<\/div>\n<\/div>\n<\/div>\n<\/div>\n<\/div>\n<\/div>\n<\/div>\n<\/div>\n<\/div>\n<\/div>\n<\/div>\n<\/div>\n<\/div>\n<\/div>\n<\/div>\n<\/div>\n<div class=\"b654a4as d2edcug0\">\n<div class=\"ecm0bbzt e5nlhep0 a8c37x1j\">\n<div class=\"kvgmc6g5 cxmmr5t8 oygrvhab hcukyx3x c1et5uql\">\n<div class=\"gmail-kvgmc6g5 gmail-cxmmr5t8 gmail-oygrvhab gmail-hcukyx3x gmail-c1et5uql gmail-ii04i59q\">\n<div>\n<div class=\"page-title-head hgroup\">\n<div class=\"page-title-head hgroup\">\n<div class=\"b654a4as d2edcug0\">\n<div class=\"j83agx80 btwxx1t3 lhclo0ds hop8lmos nkwizq5d scwd0bx6 roh60bw9\">\n<div class=\"rq0escxv hkbzh7o3 jwdofwj8 n8tt0mok r8blr3vg hyh9befq\">\n<div class=\"do00u71z l9j0dhe7 k4urcfbm\">\n<div>\n<div class=\"page-title-head hgroup\">\n<div class=\"page-title-head hgroup\">\n<div class=\"page-title-head hgroup\">\n<div class=\"page-title-head hgroup\">\n<div class=\"b654a4as d2edcug0\">\n<div class=\"page-title-head hgroup\">\n<div class=\"page-title-head hgroup\">\n<div class=\"page-title-head hgroup\">\n<div class=\"page-title-head hgroup\">\n<div class=\"b654a4as d2edcug0\">\n<div class=\"page-title-head hgroup\">\n<div class=\"page-title-head hgroup\">\n<div class=\"page-title-head hgroup\">\n<div class=\"page-title-head hgroup\">\n<div class=\"page-title-head hgroup\">\n<div class=\"mkdf-post-text\">\n<div class=\"mkdf-post-text-inner\">\n<div class=\"mkdf-post-text-main\">\n<div class=\"mkdf-post-text\">\n<div class=\"mkdf-post-text-inner\">\n<div class=\"mkdf-post-text-main\">\n<div class=\"mkdf-post-text\">\n<div class=\"mkdf-post-text-inner\">\n<div class=\"mkdf-post-text-main\">\n<div class=\"page-title-head hgroup\">\n<div class=\"page-title-head hgroup\">\n<div class=\"mkdf-post-text\">\n<div class=\"mkdf-post-text-inner\">\n<div class=\"mkdf-post-text-main\">\n<div class=\"mkdf-post-text\">\n<div class=\"mkdf-post-text-inner\">\n<div class=\"mkdf-post-text-main\">\n<div>\n<div class=\"page-title-head hgroup\">\n<div class=\"page-title-head hgroup\">\n<div>\n<div class=\"page-title-head hgroup\">\n<div class=\"page-title-head hgroup\">\n<div class=\"b654a4as d2edcug0\">\n<div>\n<div class=\"page-title-head hgroup\" style=\"text-align: left;\">\n<div class=\"page-title-head hgroup\">\n<div dir=\"auto\">\n<p><a class=\"dt-pswp-item pspw-wrap-ready\" href=\"https:\/\/i0.wp.com\/www.radiopiu.net\/wordpress\/wp-content\/uploads\/2018\/09\/WhatsApp-Image-2018-09-20-at-16.04.06.jpeg?ssl=1\" data-dt-img-description=\"\" data-large_image_width=\"800\" data-large_image_height=\"100\"><img loading=\"lazy\" decoding=\"async\" class=\"aligncenter wp-image-61378 size-full jetpack-lazy-image jetpack-lazy-image--handled\" src=\"https:\/\/i0.wp.com\/www.radiopiu.net\/wordpress\/wp-content\/uploads\/2018\/09\/WhatsApp-Image-2018-09-20-at-16.04.06.jpeg?resize=800%2C100&amp;ssl=1\" sizes=\"auto, (max-width: 800px) 100vw, 800px\" srcset=\"https:\/\/i0.wp.com\/www.radiopiu.net\/wordpress\/wp-content\/uploads\/2018\/09\/WhatsApp-Image-2018-09-20-at-16.04.06.jpeg?w=800&amp;ssl=1 800w, https:\/\/i0.wp.com\/www.radiopiu.net\/wordpress\/wp-content\/uploads\/2018\/09\/WhatsApp-Image-2018-09-20-at-16.04.06.jpeg?resize=300%2C38&amp;ssl=1 300w, https:\/\/i0.wp.com\/www.radiopiu.net\/wordpress\/wp-content\/uploads\/2018\/09\/WhatsApp-Image-2018-09-20-at-16.04.06.jpeg?resize=768%2C96&amp;ssl=1 768w\" alt=\"\" width=\"800\" height=\"100\" data-lazy-loaded=\"1\" \/><\/a><\/p>\n<\/div>\n<\/div>\n<\/div>\n<\/div>\n<\/div>\n<\/div>\n<\/div>\n<\/div>\n<\/div>\n<\/div>\n<\/div>\n<\/div>\n<\/div>\n<\/div>\n<\/div>\n<\/div>\n<\/div>\n<\/div>\n<\/div>\n<\/div>\n<\/div>\n<\/div>\n<\/div>\n<\/div>\n<\/div>\n<\/div>\n<\/div>\n<\/div>\n<\/div>\n<\/div>\n<\/div>\n<\/div>\n<\/div>\n<\/div>\n<\/div>\n<\/div>\n<\/div>\n<\/div>\n<\/div>\n<\/div>\n<\/div>\n<\/div>\n<\/div>\n<\/div>\n<\/div>\n<\/div>\n<\/div>\n<\/div>\n<\/div>\n<\/div>\n<\/div>\n<\/div>\n<\/div>\n<\/div>\n<\/div>\n<\/div>\n<\/div>\n<\/div>\n<\/div>\n<\/div>\n<\/div>\n<\/div>\n<\/div>\n<\/div>\n<\/div>\n<\/div>\n<\/div>\n<\/div>\n<\/div>\n<\/div>\n<\/div>\n<\/div>\n<\/div>\n<\/div>\n<\/div>\n<\/div>\n<\/div>\n<\/div>\n<\/div>\n<\/div>\n<\/div>\n<\/div>\n<\/div>\n<\/div>\n<\/div>\n<\/div>\n<\/div>\n<\/div>\n<\/div>\n<\/div>\n<\/div>\n<\/div>\n<\/div>\n<\/div>\n<\/div>\n<\/div>\n<\/div>\n<\/div>\n<\/div>\n<\/div>\n<\/div>\n<\/div>\n<\/div>\n<\/div>\n<\/div>\n<\/div>\n<\/div>\n<\/div>\n<\/div>\n<\/div>\n<\/div>\n<\/div>\n<\/div>\n<\/div>\n<\/div>\n<\/div>\n<\/div>\n<\/div>\n<\/div>\n<\/div>\n<\/div>\n<\/div>\n<\/div>\n<\/div>\n<\/div>\n<\/div>\n<\/div>\n<\/div>\n<\/div>\n<\/div>\n<\/div>\n<\/div>\n<\/div>\n<\/div>\n<\/div>\n<\/div>\n<\/div>\n<\/div>\n<\/div>\n<\/div>\n<\/div>\n<\/div>\n<\/div>\n<\/div>\n<\/div>\n<\/div>\n<\/div>\n<\/div>\n<\/div>\n<\/div>\n<\/div>\n<\/div>\n<\/div>\n<\/div>\n<\/div>\n<\/div>\n<\/div>\n<\/div>\n<\/div>\n<\/div>\n<\/div>\n<\/div>\n<\/div>\n<\/div>\n<\/div>\n<\/div>\n<\/div>\n<\/div>\n<\/div>\n<\/div>\n<\/div>\n<\/div>\n<\/div>\n<\/div>\n<\/div>\n<\/div>\n<\/div>\n<\/div>\n<\/div>\n<\/div>\n<\/div>\n<\/div>\n<\/div>\n<\/div>\n<\/div>\n<\/div>\n<\/div>\n<\/div>\n<\/div>\n<\/div>\n<\/div>\n<\/div>\n<\/div>\n<\/div>\n<\/div>\n<\/div>\n<\/div>\n<\/div>\n<\/div>\n<\/div>\n<\/div>\n<\/div>\n<\/div>\n<\/div>\n<\/div>\n<\/div>\n<\/div>\n<\/div>\n<\/div>\n<\/div>\n<\/div>\n<\/div>\n<\/div>\n<\/div>\n<\/div>\n<\/div>\n<\/div>\n<\/div>\n<\/div>\n<\/div>\n<\/div>\n<\/div>\n<\/div>\n<\/div>\n<\/div>\n<\/div>\n<\/div>\n<\/div>\n<\/div>\n<\/div>\n<p>&nbsp;<\/p>\n<p><center><b>Venerdi 29<\/b><\/center><b>Tempo atteso: <\/b>Tempo stabile e in prevalenza soleggiato, salvo lieve riduzione del soleggiamento per modesti cumuli pomeridiani. Il contesto termico, magari un po&#8217; fresco di notte, rimarr\u00e0 primaverile in giornata.<br \/>\n<b>Precipitazioni: <\/b>Assenti (0%).<br \/>\n<b>Temperature: <\/b>In ulteriore lieve aumento, specie nei fondovalle. Previste punte di 20\/22\u00b0C nei fondovalle prealpini e di 14\/17\u00b0C a 1000\/1200 m. Su Prealpi a 1500 m min 5\u00b0C max 11\u00b0C, a 2000 m min 3\u00b0C max 8\u00b0C. Su Dolomiti a 2000 m min 3\u00b0C max 9\u00b0C, a 3000 m min -3\u00b0C max -1\u00b0C.<br \/>\n<b>Venti: <\/b>Nelle valli perlopi\u00f9 deboli o localmente e a tratti moderati per brezze; in quota deboli\/moderati settentrionali, a 5-10 km\/h a 2000 m, 10-20 km\/h a 3000 m.<\/p>\n<hr \/>\n<p><center><b>Sabato 30<\/b><\/center><b>Tempo atteso: <\/b>Iniziali tratti soleggiati, anche duraturi fino a tarda mattinata, poi passaggi di nubi alte e medio-alte stratiformi, anche estese, in intensificazione da met\u00e0 pomeriggio in poi. Non escluso qualche iniziale banco di nubi basse all&#8217;alba, specie su alcuni settori prealpini, in diradamento dopo il sorgere del sole. In questo contesto un po&#8217; d&#8217;instabilit\u00e0 nascer\u00e0, specie tra il tardo pomeriggio e la sera. La copertura nuvolosa incider\u00e0 sull&#8217;andamento delle temperature diurne.<br \/>\n<b>Precipitazioni: <\/b>Assenti fino a met\u00e0 pomeriggio (0%). Poi qualche rovescio si verificher\u00e0, specie sui settori a ridosso del Trentino e dell&#8217;Alto Adige, specie tra il tardo pomeriggio e la sera (40\/60%), nevoso oltre i 1900\/2000 m. Altrove il rischio sar\u00e0 minore. Gli apporti saranno modesti e irregolari: 0-5 mm.<br \/>\n<b>Temperature: <\/b>A tutte le quote minime in lieve aumento; massime in calo. Previste punte di 16\/18\u00b0C nei fondovalle prealpini e di 11\/13\u00b0C a 1000\/1200 m. Su Prealpi a 1500 m min 4\u00b0C max 6\u00b0C, a 2000 m min 1\u00b0C max 3\u00b0C. Su Dolomiti a 2000 m min 1\u00b0C max 3\u00b0C, a 3000 m min -6\u00b0C max -4\u00b0C.<br \/>\n<b>Venti: <\/b>Nelle valli deboli o a tratti e localmente moderati per brezze; in quota deboli da ovest sud-ovest, a 5-10 km\/h a 2000 m, 10-20 km\/h a 3000 m.<\/p>\n<hr \/>\n<p><center><b>Domenica 1<\/b><\/center>Nuvolosit\u00e0 predominante, anche intensa ed associata a una fase debolmente perturbata, a tratti instabile qualora s&#8217;innescasse un po&#8217; di convezione. Il rischio di deboli precipitazioni sparse sar\u00e0 presente sia al mattino che al pomeriggio, nevose oltre i 1700\/1900 m. Temperature in generale diminuzione, eccetto stazionariet\u00e0 delle minime nelle valli. Venti perlopi\u00f9 deboli di direzione variabile nelle valli; deboli\/moderati da sud-est al mattino e da nord-est al pomeriggio in quota.<\/p>\n<hr \/>\n<p><center><b>Lunedi 2<\/b><\/center>Mattino in parte soleggiato, prima che torni ad aumentare la nuvolosit\u00e0 per attivit\u00e0 cumuliforme irregolare, a tratti intensa al pomeriggio, quando nuovi rovesci sparsi si verificheranno, pi\u00f9 frequenti sulle Prealpi, mentre il rischio sar\u00e0 minore sulle Dolomiti, seppur presente. Limite neve sui 2000\/2200 m Temperature minime in calo, massime in lieve ripresa. Venti deboli da nord-est in quota; deboli per brezze nelle valli, salvo locali e temporanei rinforzi nei consueti settori. Previsore: R.L.Th.<\/p>\n<p>&nbsp;<\/p>\n<p>&nbsp;<\/p>\n<hr \/>\n<p>&nbsp;<\/p>\n<p><a href=\"https:\/\/www.radiopiu.net\/wordpress\/giornale-radiopiu-26-settembre-2018-direttore-mirko-mezzacasa\/viabilita-2\/\" rel=\"attachment wp-att-61954\"><img loading=\"lazy\" decoding=\"async\" class=\"aligncenter wp-image-61954 size-full\" src=\"https:\/\/www.radiopiu.net\/wordpress\/wp-content\/uploads\/2018\/09\/viabilita.jpeg\" sizes=\"auto, (max-width: 800px) 100vw, 800px\" srcset=\"https:\/\/www.radiopiu.net\/wordpress\/wp-content\/uploads\/2018\/09\/viabilita.jpeg 800w, https:\/\/www.radiopiu.net\/wordpress\/wp-content\/uploads\/2018\/09\/viabilita-300x38.jpeg 300w, https:\/\/www.radiopiu.net\/wordpress\/wp-content\/uploads\/2018\/09\/viabilita-768x96.jpeg 768w\" alt=\"\" width=\"800\" height=\"100\" \/><\/a><\/p>\n<p>&nbsp;<\/p>\n<blockquote class=\"wp-embedded-content\" data-secret=\"01GafH8A3X\"><p><a href=\"https:\/\/www.radiopiu.net\/wordpress\/viabilita\/\">viabilita<\/a><\/p><\/blockquote>\n<p><iframe loading=\"lazy\" class=\"wp-embedded-content\" sandbox=\"allow-scripts\" security=\"restricted\" style=\"position: absolute; clip: rect(1px, 1px, 1px, 1px);\" title=\"&#8220;viabilita&#8221; &#8212; Radio Pi\u00f9\" src=\"https:\/\/www.radiopiu.net\/wordpress\/viabilita\/embed\/#?secret=uCoCt1M2ak#?secret=01GafH8A3X\" data-secret=\"01GafH8A3X\" width=\"600\" height=\"338\" frameborder=\"0\" marginwidth=\"0\" marginheight=\"0\" scrolling=\"no\"><\/iframe><\/p>\n<p>&nbsp;<\/p>\n<hr \/>\n<p>&nbsp;<\/p>\n<p>&nbsp;<\/p>\n<p><img loading=\"lazy\" decoding=\"async\" class=\"wp-image-60761 size-full aligncenter\" src=\"https:\/\/www.radiopiu.net\/wordpress\/wp-content\/uploads\/2018\/09\/sport.jpg\" alt=\"\" width=\"800\" height=\"100\" srcset=\"https:\/\/www.radiopiu.net\/wordpress\/wp-content\/uploads\/2018\/09\/sport.jpg 800w, https:\/\/www.radiopiu.net\/wordpress\/wp-content\/uploads\/2018\/09\/sport-300x38.jpg 300w, https:\/\/www.radiopiu.net\/wordpress\/wp-content\/uploads\/2018\/09\/sport-768x96.jpg 768w\" sizes=\"auto, (max-width: 800px) 100vw, 800px\" \/><\/p>\n<p>&nbsp;<\/p>\n<p><span style=\"color: #0000ff;\"><strong>CALCIO<\/strong><\/span><\/p>\n<blockquote>\n<h3>CAMPIONATO AGORDINO 2022, LE SQUADRE. CAPRILE<\/h3>\n<\/blockquote>\n<p><strong><a class=\"dt-pswp-item\" href=\"https:\/\/www.radiopiu.net\/wordpress\/wp-content\/uploads\/2022\/04\/CAPRILE.png\" data-dt-img-description=\"\" data-large_image_width=\"471\" data-large_image_height=\"479\"><img loading=\"lazy\" decoding=\"async\" class=\"size-thumbnail wp-image-272811 alignleft\" src=\"https:\/\/www.radiopiu.net\/wordpress\/wp-content\/uploads\/2022\/04\/CAPRILE-150x150.png\" alt=\"\" width=\"150\" height=\"150\" \/><\/a>REDAZIONE<\/strong> Anche oggi andiamo a scoprire un&#8217;altra delle 13 squadre iscritte al Campionato Agordino 2022. \u00c8 la volta del Caprile, una delle compagini che si sono dimostrate pi\u00f9 in forma nelle ultime stagioni tanto da arrivare nella fase finale pi\u00f9 volte, vincendo il Memorial Denis Tonin in una occasione. Nell&#8217;ultima edizione il Caprile aveva giocato la finalissima e quest&#8217;anno sar\u00e0 un punto di domanda anche per le aquile. Con lo stop forzato di due anni a causa della pandemia anche il Caprile ha dovuto ridimensionare la squadra.<\/p>\n<p><strong>NICOLA ZULIANI, GIOCATORE DEL CAPRILE<\/strong><\/p>\n<audio class=\"wp-audio-shortcode\" id=\"audio-272743-16\" preload=\"none\" style=\"width: 100%;\" controls=\"controls\"><source type=\"audio\/mpeg\" src=\"https:\/\/www.radiopiu.net\/wordpress\/wp-content\/uploads\/2022\/04\/CAPRILE-NICOLA-ZULIANI.mp3?_=16\" \/><a href=\"https:\/\/www.radiopiu.net\/wordpress\/wp-content\/uploads\/2022\/04\/CAPRILE-NICOLA-ZULIANI.mp3\">https:\/\/www.radiopiu.net\/wordpress\/wp-content\/uploads\/2022\/04\/CAPRILE-NICOLA-ZULIANI.mp3<\/a><\/audio>\n<p>&nbsp;<\/p>\n<p><strong>LA RACCOLTA<\/strong><\/p>\n<blockquote class=\"wp-embedded-content\" data-secret=\"NfeyJ30Tae\"><p><a href=\"https:\/\/www.radiopiu.net\/wordpress\/campionato-agordino-2022-ogni-giorno-una-squadra-ok\/\">CAMPIONATO AGORDINO 2022, OGNI GIORNO UNA SQUADRA. IL CAMMINO DI AVVICINAMENTO ALLA PRESENTAZIONE DEL 7 MAGGIO<\/a><\/p><\/blockquote>\n<p><iframe loading=\"lazy\" class=\"wp-embedded-content\" sandbox=\"allow-scripts\" security=\"restricted\" style=\"position: absolute; clip: rect(1px, 1px, 1px, 1px);\" title=\"&#8220;CAMPIONATO AGORDINO 2022, OGNI GIORNO UNA SQUADRA. IL CAMMINO DI AVVICINAMENTO ALLA PRESENTAZIONE DEL 7 MAGGIO&#8221; &#8212; Radio Pi\u00f9\" src=\"https:\/\/www.radiopiu.net\/wordpress\/campionato-agordino-2022-ogni-giorno-una-squadra-ok\/embed\/#?secret=I7hJNSYWnt#?secret=NfeyJ30Tae\" data-secret=\"NfeyJ30Tae\" width=\"600\" height=\"338\" frameborder=\"0\" marginwidth=\"0\" marginheight=\"0\" scrolling=\"no\"><\/iframe><\/p>\n<p>&nbsp;<\/p>\n<p>&nbsp;<\/p>\n<hr \/>\n<p>&nbsp;<\/p>\n<p><strong><span style=\"color: #0000ff;\">SCI NORDICO<\/span><\/strong><\/p>\n<blockquote>\n<h3>LA FESTA DI FINE STAGIONE DELLO SCI NORDICO MARMOLADA<\/h3>\n<\/blockquote>\n<p><strong><a class=\"dt-pswp-item\" href=\"https:\/\/www.radiopiu.net\/wordpress\/wp-content\/uploads\/2022\/04\/bde962ae-7a5c-45c7-b113-0ac3d7191b40.jpg\" data-dt-img-description=\"\" data-large_image_width=\"1512\" data-large_image_height=\"2016\"><img loading=\"lazy\" decoding=\"async\" class=\"size-thumbnail wp-image-272782 alignleft\" src=\"https:\/\/www.radiopiu.net\/wordpress\/wp-content\/uploads\/2022\/04\/bde962ae-7a5c-45c7-b113-0ac3d7191b40-150x150.jpg\" alt=\"\" width=\"150\" height=\"150\" \/><\/a>ROCCA PIETORE<\/strong> Un&#8217;altra stagione si \u00e8 conclusa il 25 aprile 2022 con la gara, o meglio, festa sociale dello Sci Nordico Marmolada. Una stagione lunga, iniziata a giugno dell&#8217;anno scorso e conclusasi, agonisticamente parlando, alcune settimane fa. Impegno, costanza e collaborazione sono solo alcune delle caratteristiche che contraddistinguono il nostro gruppo di 30 grandi e piccoli atleti che sono stati sempre presenti ad allenamenti e gare, entrambe occasioni non solo di confronto ma anche di crescita e di nuove amicizie con sci club provenienti da tutta la nostra regione. Ovviamente non sono mancate le soddisfazioni e gli ottimi piazzamenti ottenuti dai nostri ragazzi sia nelle fasi provinciali, regionali e nazionali, sia sugli sci da fondo e d\u2019alpinismo, di corsa e skiroll. Inoltre, sempre grande \u00e8 l&#8217;emozione di correre in casa con l&#8217;organizzazione a febbraio del Memorial Pellegrini sulle nostre nevi di Malga Ciapela. &#8220;<em>Importante poi la collaborazione con le scuole dell&#8217;Infanzia di Sottoguda e Caprile e con Attivamente Scuola e Sport\u00a0 &#8211; dicono dallo sci club &#8211; perch\u00e9 per noi non \u00e8 importante solo l\u2019agonismo ma anche il far conoscere e trasmettere la nostra passione per gli sci stretti. Cos\u00ec l\u2019altro giorno ci siamo ritrovati tutti, atleti, genitori, direttivo e simpatizzanti, al parco giochi di Saviner dove due squadre si sono sfidate in tantissime prove con tanto divertimento. A seguire poi le premiazioni in cui abbiamo applaudito tutti i ragazzi per complimentarci per il loro impegno e per aver saputo affrontare anche le difficolt\u00e0 legate al momento pandemico. Un ringraziamento, infine, a tutti coloro che ci hanno aiutato in qualsiasi forma, alla nostra Coach Nadia Costa, agli sponsor e al nostro gattista Darman Alessadro<\/em>&#8220;. Ora breve pausa, perch\u00e9 tra poco si ricomincia.<\/p>\n\n\t\t\t<style type='text\/css'>\n\t\t\t\t#gallery-10 {\n\t\t\t\t\tmargin: auto;\n\t\t\t\t}\n\t\t\t\t#gallery-10 .gallery-item {\n\t\t\t\t\tfloat: left;\n\t\t\t\t\tmargin-top: 10px;\n\t\t\t\t\ttext-align: center;\n\t\t\t\t\twidth: 25%;\n\t\t\t\t}\n\t\t\t\t#gallery-10 img {\n\t\t\t\t\tborder: 2px solid #cfcfcf;\n\t\t\t\t}\n\t\t\t\t#gallery-10 .gallery-caption {\n\t\t\t\t\tmargin-left: 0;\n\t\t\t\t}\n\t\t\t\t\/* see gallery_shortcode() in wp-includes\/media.php *\/\n\t\t\t<\/style>\n\t\t<div id='gallery-10' class='dt-gallery-container gallery galleryid-272743 gallery-columns-4 gallery-size-thumbnail'><dl class='gallery-item'>\n\t\t\t\t<dt class='gallery-icon portrait'>\n\t\t\t\t\t<a class=\"rollover rollover-zoom dt-pswp-item\" title=\"f88c4500-1eb1-46b6-8354-43f42924294c\" data-dt-img-description=\"\" data-large_image_width=\"1200\" data-large_image_height=\"1600\"href='https:\/\/www.radiopiu.net\/wordpress\/wp-content\/uploads\/2022\/04\/f88c4500-1eb1-46b6-8354-43f42924294c.jpg'><img loading=\"lazy\" decoding=\"async\" width=\"150\" height=\"150\" src=\"https:\/\/www.radiopiu.net\/wordpress\/wp-content\/uploads\/2022\/04\/f88c4500-1eb1-46b6-8354-43f42924294c-150x150.jpg\" class=\"attachment-thumbnail size-thumbnail\" alt=\"\" \/><\/a>\n\t\t\t\t<\/dt><\/dl><dl class='gallery-item'>\n\t\t\t\t<dt class='gallery-icon landscape'>\n\t\t\t\t\t<a class=\"rollover rollover-zoom dt-pswp-item\" title=\"7ebf4b99-ead1-4382-8218-1cba234dd7f8\" data-dt-img-description=\"\" data-large_image_width=\"1600\" data-large_image_height=\"1200\"href='https:\/\/www.radiopiu.net\/wordpress\/wp-content\/uploads\/2022\/04\/7ebf4b99-ead1-4382-8218-1cba234dd7f8.jpg'><img loading=\"lazy\" decoding=\"async\" width=\"150\" height=\"150\" src=\"https:\/\/www.radiopiu.net\/wordpress\/wp-content\/uploads\/2022\/04\/7ebf4b99-ead1-4382-8218-1cba234dd7f8-150x150.jpg\" class=\"attachment-thumbnail size-thumbnail\" alt=\"\" \/><\/a>\n\t\t\t\t<\/dt><\/dl><dl class='gallery-item'>\n\t\t\t\t<dt class='gallery-icon landscape'>\n\t\t\t\t\t<a class=\"rollover rollover-zoom dt-pswp-item\" title=\"90007e03-3a0f-4aef-bae2-d660fca3c1da\" data-dt-img-description=\"\" data-large_image_width=\"1600\" data-large_image_height=\"1200\"href='https:\/\/www.radiopiu.net\/wordpress\/wp-content\/uploads\/2022\/04\/90007e03-3a0f-4aef-bae2-d660fca3c1da.jpg'><img loading=\"lazy\" decoding=\"async\" width=\"150\" height=\"150\" src=\"https:\/\/www.radiopiu.net\/wordpress\/wp-content\/uploads\/2022\/04\/90007e03-3a0f-4aef-bae2-d660fca3c1da-150x150.jpg\" class=\"attachment-thumbnail size-thumbnail\" alt=\"\" \/><\/a>\n\t\t\t\t<\/dt><\/dl><dl class='gallery-item'>\n\t\t\t\t<dt class='gallery-icon landscape'>\n\t\t\t\t\t<a class=\"rollover rollover-zoom dt-pswp-item\" title=\"1c82b182-7a80-4fee-bc41-111124163cea\" data-dt-img-description=\"\" data-large_image_width=\"1600\" data-large_image_height=\"1200\"href='https:\/\/www.radiopiu.net\/wordpress\/wp-content\/uploads\/2022\/04\/1c82b182-7a80-4fee-bc41-111124163cea.jpg'><img loading=\"lazy\" decoding=\"async\" width=\"150\" height=\"150\" src=\"https:\/\/www.radiopiu.net\/wordpress\/wp-content\/uploads\/2022\/04\/1c82b182-7a80-4fee-bc41-111124163cea-150x150.jpg\" class=\"attachment-thumbnail size-thumbnail\" alt=\"\" \/><\/a>\n\t\t\t\t<\/dt><\/dl><br style=\"clear: both\" \/>\n\t\t\t<\/div>\n\n<p>&nbsp;<\/p>\n<div style=\"width: 640px;\" class=\"wp-video\"><video class=\"wp-video-shortcode\" id=\"video-272743-1\" width=\"640\" height=\"352\" preload=\"metadata\" controls=\"controls\"><source type=\"video\/mp4\" src=\"https:\/\/www.radiopiu.net\/wordpress\/wp-content\/uploads\/2022\/04\/WhatsApp-Video-2022-04-28-at-08.33.56.mp4?_=1\" \/><a href=\"https:\/\/www.radiopiu.net\/wordpress\/wp-content\/uploads\/2022\/04\/WhatsApp-Video-2022-04-28-at-08.33.56.mp4\">https:\/\/www.radiopiu.net\/wordpress\/wp-content\/uploads\/2022\/04\/WhatsApp-Video-2022-04-28-at-08.33.56.mp4<\/a><\/video><\/div>\n<p>&nbsp;<\/p>\n<hr \/>\n<p>&nbsp;<\/p>\n<p><span style=\"color: #0000ff;\"><strong>HOCKEY SU GHIACCIO\u00a0<\/strong><\/span><\/p>\n<table width=\"100%\">\n<tbody>\n<tr>\n<td>\n<table width=\"100%\">\n<tbody>\n<tr>\n<td>\n<table width=\"100%\">\n<tbody>\n<tr>\n<td>\n<h2>HOCKEY<\/h2>\n<h1>A Pontebba l&#8217;Italia cede 2-1 alla Slovenia<\/h1>\n<\/td>\n<\/tr>\n<\/tbody>\n<\/table>\n<\/td>\n<\/tr>\n<\/tbody>\n<\/table>\n<\/td>\n<\/tr>\n<tr>\n<td>\n<table width=\"100%\">\n<tbody>\n<tr>\n<td>\n<table width=\"100%\">\n<tbody>\n<tr>\n<td>\n<h3><a class=\"dt-pswp-item\" href=\"https:\/\/www.radiopiu.net\/wordpress\/wp-content\/uploads\/2022\/04\/ccebd818-5e9b-9be2-8bd4-6c4fed65e1e0-1.jpg\" data-dt-img-description=\"\" data-large_image_width=\"969\" data-large_image_height=\"665\"><img loading=\"lazy\" decoding=\"async\" class=\"size-thumbnail wp-image-272946 alignleft\" src=\"https:\/\/www.radiopiu.net\/wordpress\/wp-content\/uploads\/2022\/04\/ccebd818-5e9b-9be2-8bd4-6c4fed65e1e0-1-150x150.jpg\" alt=\"\" width=\"150\" height=\"150\" \/><\/a>Nel primo dei due test match previsti sul ghiaccio friulano del Palavuerich in preparazione ai Mondiali, gli azzurri di coach Ireland sono\u00a0 escono sconfitti di misura<\/h3>\n<\/td>\n<\/tr>\n<\/tbody>\n<\/table>\n<\/td>\n<\/tr>\n<\/tbody>\n<\/table>\n<table width=\"100%\">\n<tbody>\n<tr>\n<td>\n<table width=\"100%\">\n<tbody>\n<tr>\n<td>\n<h4>A <strong>tre anni esatti<\/strong> dall&#8217;<strong>ultimo incontro disputato tra le due Nazionali<\/strong> &#8211; il 25 aprile 2019 fin\u00ec 3-2 per la Slovenia &#8211; e a quattro esatti da quell&#8217;<strong>incredibile 4-3<\/strong> della rassegna iridata di Budapest, le Nazionali di <strong>hockey <\/strong>di <strong>Italia <\/strong>e <strong>Slovenia <\/strong>sono tornate a sfidarsi. Niente promozioni in palio questa volta ma un <strong>test<\/strong> per prepararsi al meglio ai <strong>rispettivi appuntamenti<\/strong>: il <strong>Mondiale di Top Division<\/strong> in <strong>Finlandia<\/strong> per gli <strong>azzurri<\/strong> mentre per gli <strong>sloveni<\/strong> la c&#8217;\u00e8 la possibilit\u00e0 di tornarci nel 2023 con il <strong>torneo di Division 1 Gruppo A<\/strong> che si disputer\u00e0 in casa loro a Lubiana dal 3 all&#8217;8 maggio.<\/h4>\n<\/td>\n<\/tr>\n<\/tbody>\n<\/table>\n<\/td>\n<\/tr>\n<\/tbody>\n<\/table>\n<\/td>\n<\/tr>\n<\/tbody>\n<\/table>\n<p>&nbsp;<\/p>\n<p>&nbsp;<\/p>\n<p>&nbsp;<\/p>\n<table width=\"100%\">\n<tbody>\n<tr>\n<td>\n<table width=\"100%\">\n<tbody>\n<tr>\n<td>\n<table width=\"100%\">\n<tbody>\n<tr>\n<td>\n<h2><a class=\"dt-pswp-item\" href=\"https:\/\/www.radiopiu.net\/wordpress\/wp-content\/uploads\/2022\/04\/82133c08-639b-0f32-42f9-8919d6828464.jpg\" data-dt-img-description=\"\" data-large_image_width=\"1152\" data-large_image_height=\"562\"><img loading=\"lazy\" decoding=\"async\" class=\"size-thumbnail wp-image-272934 alignleft\" src=\"https:\/\/www.radiopiu.net\/wordpress\/wp-content\/uploads\/2022\/04\/82133c08-639b-0f32-42f9-8919d6828464-150x150.jpg\" alt=\"\" width=\"150\" height=\"150\" \/><\/a>HOCKEY<\/h2>\n<h1>Al termine di un match ricco di goal, l&#8217;Italia U18 supera la Polonia per 8:5<\/h1>\n<\/td>\n<\/tr>\n<\/tbody>\n<\/table>\n<\/td>\n<\/tr>\n<\/tbody>\n<\/table>\n<\/td>\n<\/tr>\n<tr>\n<td>\n<table width=\"100%\">\n<tbody>\n<tr>\n<td>\n<table width=\"100%\">\n<tbody>\n<tr>\n<td>\n<h3>L&#8217;Italia conquista la seconda vittoria del torneo dopo quella contro l&#8217;Austria. Ogg\u00ec la quarta sfida contro la Slovenia alle 19:30<\/h3>\n<\/td>\n<\/tr>\n<\/tbody>\n<\/table>\n<\/td>\n<\/tr>\n<\/tbody>\n<\/table>\n<table width=\"100%\">\n<tbody>\n<tr>\n<td>\n<table width=\"100%\">\n<tbody>\n<tr>\n<td>\n<h4><strong>Match contraddistinto da ben 13 reti\u00a0di cui 6 in superiorit\u00e0 (3 azzurre\u00a0e 3 polacche).<\/strong> <strong>Ora l\u2019Italia U18, con la salvezza gi\u00e0 in tasca,\u00a0\u00a0guarda con pi\u00f9 ottimismo alle restanti due giornate del torneo iridato <\/strong>per ora dominato dall\u2019Ungheria, a punteggio pieno, dopo il 4:0 odierno contro l\u2019Austria, ed in attesa del risultato\u00a0serale dell\u2019Ucraina contro la Slovenia.<\/h4>\n<\/td>\n<\/tr>\n<\/tbody>\n<\/table>\n<\/td>\n<\/tr>\n<\/tbody>\n<\/table>\n<\/td>\n<\/tr>\n<\/tbody>\n<\/table>\n<p>&nbsp;<\/p>\n<p>&nbsp;<\/p>\n<hr \/>\n<div class=\"page-title-head hgroup\">\n<blockquote>\n<h3 class=\"entry-title\"><\/h3>\n<h3 class=\"entry-title\">A LUGLIO LA MARATONA DLES DOLOMITES CON UN CONCRETO AIUTO ALLA POPOLAZIONE UCRAINA<\/h3>\n<\/blockquote>\n<\/div>\n<p><strong><img loading=\"lazy\" decoding=\"async\" class=\"alignleft\" src=\"https:\/\/www.radiopiu.net\/wordpress\/wp-content\/uploads\/2022\/04\/761_zoom_maratona_1.jpg\" width=\"288\" height=\"162\" \/>CORVARA<\/strong> A due mesi dal via, i ciclisti partecipanti alla 35\u00b0edizione della Maratona dles Dolomites-Enel del 3 luglio stanno ormai mettendo a punto la gamba per affrontare le meravigliose salite che si snodano sui tre percorsi. Il comitato organizzatore sta lavorando ininterrottamente per realizzare un evento che funzioner\u00e0 finalmente a pieno regime, con tutti i servizi e gli eventi collaterali, anche quelli che l\u2019anno scorso, causa pandemia, sono stati cancellati. La Maratona dles Dolomites da sempre fa della beneficenza un suo punto di forza. \u00c8 grazie alle iscrizioni maggiorate che sostiene progetti concreti di aiuto e solidariet\u00e0 in Italia e nel mondo. Dato che i numeri lo permettono, il comitato organizzatore ha deciso di mettere a disposizione ulteriori 400 iscrizioni, il cui ricavato sar\u00e0 devoluto a un progetto legato all\u2019emergenza umanitaria in Ucraina. Le 400 iscrizioni di beneficenza a prezzo maggiorato saranno vendute online, con pagamento esclusivamente con carta di credito, sul sito www.maratona.it, gioved\u00ec 05 maggio 2022 a partire dalle\u00a0 18. Ci sar\u00e0 una sola tipologia d\u2019iscrizione, al prezzo di 250 euro.\u00a0 Come sempre tre sono i percorsi che si diramano lungo i passi epici delle Dolomiti rigorosamente chiusi al traffico. Pordoi, Sella, Gardena, Campolongo, Falzarego, Giau, Valparola. La Maratona: 138 km e 4230 m di dislivello &#8211; Il Medio: 106 km e 3130 m di dislivello &#8211; Il Sellaronda: 55 km e 1780 m di dislivello<\/p>\n<p>&nbsp;<\/p>\n<p>&nbsp;<\/p>\n<hr \/>\n<p>&nbsp;<\/p>\n<\/div>\n<\/div>\n<\/div>\n<\/div>\n<\/div>\n<\/div>\n<\/div>\n<\/div>\n<\/div>\n<\/div>\n<\/div>\n<\/div>\n<\/div>\n<\/div>\n<\/div>\n<\/div>\n<\/div>\n<\/div>\n<\/div>\n<\/div>\n<\/div>\n<\/div>\n<\/div>\n<\/div>\n<\/div>\n<\/div>\n<\/div>\n<\/div>\n<\/div>\n<\/div>\n<\/div>\n<\/div>\n<\/div>\n<\/div>\n<\/div>\n<\/div>\n<\/div>\n<\/div>\n<\/div>\n<\/div>\n<\/div>\n<\/div>\n<\/div>\n<\/div>\n<\/div>\n<\/div>\n<\/div>\n<\/div>\n<\/div>\n<\/div>\n<\/div>\n<\/div>\n<\/div>\n<\/div>\n<\/div>\n<\/div>\n<\/div>\n<\/div>\n<\/div>\n<\/div>\n<\/div>\n<\/div>\n<\/div>\n<\/div>\n<\/div>\n<\/div>\n<\/div>\n<\/div>\n<\/div>\n<\/div>\n<\/div>\n<\/div>\n<\/div>\n<\/div>\n<\/div>\n<\/div>\n<\/div>\n<\/div>\n<\/div>\n<\/div>\n<\/div>\n<\/div>\n<\/div>\n<\/div>\n<\/div>\n<\/div>\n<\/div>\n<\/div>\n<\/div>\n<\/div>\n<\/div>\n<\/div>\n<\/div>\n<\/div>\n<\/div>\n<\/div>\n<\/div>\n<\/div>\n<\/div>\n<\/div>\n<\/div>\n<\/div>\n<\/div>\n<\/div>\n<\/div>\n<\/div>\n","protected":false},"excerpt":{"rendered":"<p>RADIO PIU INFORMAZIONE il canale su TELEGRAM informazione di prima\u00a0 mano e in tempo reale. iscriviti ed aiutaci a farlo conoscere\u00a0 STRADA PROVINCIALE\u00a0 347 DI PASSO DURAN,\u00a0 tratta Dont -Cordelle OGGI \u00a0dalle\u00a0 8 alle\u00a0 12 possibili chiusure saltuarie di massimo 15 minuti per lavori di cippatura.\u00a0 &nbsp; &nbsp; TRE FERITI LIEVI NELL&#8217;INCIDENTE DI MEANO SANTA&hellip;<\/p>\n","protected":false},"author":4,"featured_media":272910,"comment_status":"closed","ping_status":"closed","sticky":false,"template":"","format":"standard","meta":{"_monsterinsights_skip_tracking":false,"_monsterinsights_sitenote_active":false,"_monsterinsights_sitenote_note":"","_monsterinsights_sitenote_category":0,"footnotes":""},"categories":[86,49],"tags":[],"class_list":["post-272743","post","type-post","status-publish","format-standard","has-post-thumbnail","hentry","category-gr","category-news-18","category-86","category-49","description-off"],"img_url":"https:\/\/www.radiopiu.net\/wordpress\/wp-content\/uploads\/2022\/04\/49406cf4-88ec-4274-afc0-3fd96875ce5f.jpg","_links":{"self":[{"href":"https:\/\/www.radiopiu.net\/wordpress\/wp-json\/wp\/v2\/posts\/272743","targetHints":{"allow":["GET"]}}],"collection":[{"href":"https:\/\/www.radiopiu.net\/wordpress\/wp-json\/wp\/v2\/posts"}],"about":[{"href":"https:\/\/www.radiopiu.net\/wordpress\/wp-json\/wp\/v2\/types\/post"}],"author":[{"embeddable":true,"href":"https:\/\/www.radiopiu.net\/wordpress\/wp-json\/wp\/v2\/users\/4"}],"replies":[{"embeddable":true,"href":"https:\/\/www.radiopiu.net\/wordpress\/wp-json\/wp\/v2\/comments?post=272743"}],"version-history":[{"count":0,"href":"https:\/\/www.radiopiu.net\/wordpress\/wp-json\/wp\/v2\/posts\/272743\/revisions"}],"wp:featuredmedia":[{"embeddable":true,"href":"https:\/\/www.radiopiu.net\/wordpress\/wp-json\/wp\/v2\/media\/272910"}],"wp:attachment":[{"href":"https:\/\/www.radiopiu.net\/wordpress\/wp-json\/wp\/v2\/media?parent=272743"}],"wp:term":[{"taxonomy":"category","embeddable":true,"href":"https:\/\/www.radiopiu.net\/wordpress\/wp-json\/wp\/v2\/categories?post=272743"},{"taxonomy":"post_tag","embeddable":true,"href":"https:\/\/www.radiopiu.net\/wordpress\/wp-json\/wp\/v2\/tags?post=272743"}],"curies":[{"name":"wp","href":"https:\/\/api.w.org\/{rel}","templated":true}]}}