{"id":272748,"date":"2022-04-28T05:54:23","date_gmt":"2022-04-28T03:54:23","guid":{"rendered":"https:\/\/www.radiopiu.net\/wordpress\/?p=272748"},"modified":"2022-04-28T06:08:09","modified_gmt":"2022-04-28T04:08:09","slug":"cai-fodom-livinallongo-e-colle-nella-stessa-squadra","status":"publish","type":"post","link":"https:\/\/www.radiopiu.net\/wordpress\/cai-fodom-livinallongo-e-colle-nella-stessa-squadra\/","title":{"rendered":"CAI FODOM: LIVINALLONGO E COLLE NELLA STESSA SQUADRA"},"content":{"rendered":"<p><a class=\"dt-pswp-item\" href=\"https:\/\/www.radiopiu.net\/wordpress\/wp-content\/uploads\/2022\/04\/278113007_364199092386522_5574385202976528726_n.jpg\" data-dt-img-description=\"\" data-large_image_width=\"554\" data-large_image_height=\"540\"><img loading=\"lazy\" decoding=\"async\" class=\" wp-image-272750 alignleft\" src=\"https:\/\/www.radiopiu.net\/wordpress\/wp-content\/uploads\/2022\/04\/278113007_364199092386522_5574385202976528726_n-150x150.jpg\" alt=\"\" width=\"114\" height=\"114\" \/><\/a><strong>LIVINALLONGO<\/strong> Il Presidente della sezione di Livinallongo del Club Alpino Italiano, tramite la pagina facebook Lia da Mont Fodom e Col ha dato la notizia: la sezione si \u00e8 allargata, comprende anche il territorio di Colle Santa Lucia. <em>&#8220;Ci\u00f2 &#8211; ha scritto ai soci il presidente &#8211; \u00e8 stato reso possibile grazie alla benevolenza del consiglio direttivo della sezione di Agordo che ha accolto la nostra richiesta ed ha deliberato la cessione di quel territorio alla nostra sezione&#8221;<\/em>. La modifica della zona di competenza territoriale \u00e8 stata ratificata dal Cai del Veneto ed \u00e8 quindi gi\u00e0 esecutiva. Questo non significa che i soci di Colle Santa Lucia e tesserati con la sezione Cai di Agordo vengano trasferiti automaticamente alla Lia Fodom-Col, ognuno sar\u00e0 libero di iscriversi presso qualsiasi sezione. <em>&#8220;Auspichiamo &#8211; dice Cappelletto &#8211; che le comuni radici culturali e storiche, che caratterizzano i due territori e che sono state il fondamento della richiesta, producano un sensibile aumento dei soci della sezione&#8221;.<\/em><\/p>\n<p>&nbsp;<\/p>\n<p>&nbsp;<\/p>\n<p>___<\/p>\n","protected":false},"excerpt":{"rendered":"<p>LIVINALLONGO Il Presidente della sezione di Livinallongo del Club Alpino Italiano, tramite la pagina facebook Lia da Mont Fodom e Col ha dato la notizia: la sezione si \u00e8 allargata, comprende anche il territorio di Colle Santa Lucia. &#8220;Ci\u00f2 &#8211; ha scritto ai soci il presidente &#8211; \u00e8 stato reso possibile grazie alla benevolenza del&hellip;<\/p>\n","protected":false},"author":4,"featured_media":272749,"comment_status":"closed","ping_status":"closed","sticky":false,"template":"","format":"standard","meta":{"_monsterinsights_skip_tracking":false,"_monsterinsights_sitenote_active":false,"_monsterinsights_sitenote_note":"","_monsterinsights_sitenote_category":0,"footnotes":""},"categories":[51,49],"tags":[],"class_list":["post-272748","post","type-post","status-publish","format-standard","has-post-thumbnail","hentry","category-evidenza-top","category-news-18","category-51","category-49","description-off"],"img_url":"https:\/\/www.radiopiu.net\/wordpress\/wp-content\/uploads\/2022\/04\/278149370_364199089053189_3233349759255061429_n.jpg","_links":{"self":[{"href":"https:\/\/www.radiopiu.net\/wordpress\/wp-json\/wp\/v2\/posts\/272748","targetHints":{"allow":["GET"]}}],"collection":[{"href":"https:\/\/www.radiopiu.net\/wordpress\/wp-json\/wp\/v2\/posts"}],"about":[{"href":"https:\/\/www.radiopiu.net\/wordpress\/wp-json\/wp\/v2\/types\/post"}],"author":[{"embeddable":true,"href":"https:\/\/www.radiopiu.net\/wordpress\/wp-json\/wp\/v2\/users\/4"}],"replies":[{"embeddable":true,"href":"https:\/\/www.radiopiu.net\/wordpress\/wp-json\/wp\/v2\/comments?post=272748"}],"version-history":[{"count":0,"href":"https:\/\/www.radiopiu.net\/wordpress\/wp-json\/wp\/v2\/posts\/272748\/revisions"}],"wp:featuredmedia":[{"embeddable":true,"href":"https:\/\/www.radiopiu.net\/wordpress\/wp-json\/wp\/v2\/media\/272749"}],"wp:attachment":[{"href":"https:\/\/www.radiopiu.net\/wordpress\/wp-json\/wp\/v2\/media?parent=272748"}],"wp:term":[{"taxonomy":"category","embeddable":true,"href":"https:\/\/www.radiopiu.net\/wordpress\/wp-json\/wp\/v2\/categories?post=272748"},{"taxonomy":"post_tag","embeddable":true,"href":"https:\/\/www.radiopiu.net\/wordpress\/wp-json\/wp\/v2\/tags?post=272748"}],"curies":[{"name":"wp","href":"https:\/\/api.w.org\/{rel}","templated":true}]}}