{"id":272752,"date":"2022-04-28T05:59:44","date_gmt":"2022-04-28T03:59:44","guid":{"rendered":"https:\/\/www.radiopiu.net\/wordpress\/?p=272752"},"modified":"2022-04-28T06:06:46","modified_gmt":"2022-04-28T04:06:46","slug":"violenze-e-molestie-condanna-ad-un-anno-e-dieci-mesi","status":"publish","type":"post","link":"https:\/\/www.radiopiu.net\/wordpress\/violenze-e-molestie-condanna-ad-un-anno-e-dieci-mesi\/","title":{"rendered":"VIOLENZE E MOLESTIE, CONDANNA AD UN ANNO E DIECI MESI"},"content":{"rendered":"<p><strong>OGGI SUL CORRIERE DELLE ALPI<\/strong><\/p>\n<p><strong>di GIGI SOSSO<\/strong><\/p>\n<p><strong>ALPAGO<\/strong>\u00a0Vizio parziale di mente per un molestatore seriale. Per questo motivo C.C. \u00e8 stato condannato a un anno e dieci mesi per tutta una serie di reati commessi in Alpago. L&#8217;estate di due anni fa era stata molto movimentata per quest&#8217;uomo, che proveniva dal Vicentino ed era stato allontanato da casa per pesanti dissidi con la moglie. In pochi mesi ha collezionato reati: violenza sessuale, stalking, minaccia aggravata, molestie e due evasioni dagli arresti domiciliari, dopo altrettanti arresti da parte dei carabinieri di Puos d&#8217;Alpago.La violenza sessuale c&#8217;\u00e8 stata, ma nell&#8217;ipotesi di minore gravit\u00e0, e c&#8217;\u00e8 stato anche un non doversi procedere per mancanza della necessaria querela.\u00a0 Il 16 luglio 2020 violenza nel parcheggio del posto di lavoro di una donna palpeggiata al seno. Due amiche, invece, hanno spiegato che tre giorni dopo erano nel giardino della casa di una di loro quando l&#8217;imputato si \u00e8 presentato e le ha molestate,\u00a0 una quarta donna ha incrociato l&#8217;imputato all&#8217;esterno di un bar di Tambre e qui l&#8217;imputato si \u00e8 abbassato i pantaloni, mostrandole i genitali. E poi le evasioni, anche a soli tredici metri dalla casa, in cui avrebbe dovuto rimanere sempre, per questo ieri i Carabinieri hanno testimoniato in Tribunale.<\/p>\n<p>&nbsp;<\/p>\n<hr \/>\n<p>&nbsp;<\/p>\n","protected":false},"excerpt":{"rendered":"<p>OGGI SUL CORRIERE DELLE ALPI di GIGI SOSSO ALPAGO\u00a0Vizio parziale di mente per un molestatore seriale. Per questo motivo C.C. \u00e8 stato condannato a un anno e dieci mesi per tutta una serie di reati commessi in Alpago. L&#8217;estate di due anni fa era stata molto movimentata per quest&#8217;uomo, che proveniva dal Vicentino ed era&hellip;<\/p>\n","protected":false},"author":4,"featured_media":174603,"comment_status":"closed","ping_status":"closed","sticky":false,"template":"","format":"standard","meta":{"_monsterinsights_skip_tracking":false,"_monsterinsights_sitenote_active":false,"_monsterinsights_sitenote_note":"","_monsterinsights_sitenote_category":0,"footnotes":""},"categories":[51,49],"tags":[],"class_list":["post-272752","post","type-post","status-publish","format-standard","has-post-thumbnail","hentry","category-evidenza-top","category-news-18","category-51","category-49","description-off"],"img_url":"https:\/\/www.radiopiu.net\/wordpress\/wp-content\/uploads\/2020\/11\/ff410afc-8b0c-46c0-a4de-45a8768c3343.jpg","_links":{"self":[{"href":"https:\/\/www.radiopiu.net\/wordpress\/wp-json\/wp\/v2\/posts\/272752","targetHints":{"allow":["GET"]}}],"collection":[{"href":"https:\/\/www.radiopiu.net\/wordpress\/wp-json\/wp\/v2\/posts"}],"about":[{"href":"https:\/\/www.radiopiu.net\/wordpress\/wp-json\/wp\/v2\/types\/post"}],"author":[{"embeddable":true,"href":"https:\/\/www.radiopiu.net\/wordpress\/wp-json\/wp\/v2\/users\/4"}],"replies":[{"embeddable":true,"href":"https:\/\/www.radiopiu.net\/wordpress\/wp-json\/wp\/v2\/comments?post=272752"}],"version-history":[{"count":0,"href":"https:\/\/www.radiopiu.net\/wordpress\/wp-json\/wp\/v2\/posts\/272752\/revisions"}],"wp:featuredmedia":[{"embeddable":true,"href":"https:\/\/www.radiopiu.net\/wordpress\/wp-json\/wp\/v2\/media\/174603"}],"wp:attachment":[{"href":"https:\/\/www.radiopiu.net\/wordpress\/wp-json\/wp\/v2\/media?parent=272752"}],"wp:term":[{"taxonomy":"category","embeddable":true,"href":"https:\/\/www.radiopiu.net\/wordpress\/wp-json\/wp\/v2\/categories?post=272752"},{"taxonomy":"post_tag","embeddable":true,"href":"https:\/\/www.radiopiu.net\/wordpress\/wp-json\/wp\/v2\/tags?post=272752"}],"curies":[{"name":"wp","href":"https:\/\/api.w.org\/{rel}","templated":true}]}}