{"id":272849,"date":"2022-05-10T05:53:05","date_gmt":"2022-05-10T03:53:05","guid":{"rendered":"https:\/\/www.radiopiu.net\/wordpress\/?p=272849"},"modified":"2022-05-10T06:15:18","modified_gmt":"2022-05-10T04:15:18","slug":"cari-candidati-a-sindaci-che-lascolto-sia-esercizio-quotidiano-non-solo-elettorale","status":"publish","type":"post","link":"https:\/\/www.radiopiu.net\/wordpress\/cari-candidati-a-sindaci-che-lascolto-sia-esercizio-quotidiano-non-solo-elettorale\/","title":{"rendered":"BELLUNO ALZA LA VOCE &#8220;GRAZIE CANDIDATI, MA NON CI ACCONTENTIAMO&#8221;"},"content":{"rendered":"<div>\n<blockquote>\n<p dir=\"ltr\"><em>Non ci fermiamo, ma serve il supporto di tutti\u00a0<\/em><\/p>\n<\/blockquote>\n<p dir=\"ltr\"><strong><img loading=\"lazy\" decoding=\"async\" class=\"alignleft\" src=\"https:\/\/www.radiopiu.net\/wordpress\/wp-content\/uploads\/2018\/12\/BELLUNO-ALZA-LA-VOCE-300x300.jpg\" width=\"174\" height=\"174\" \/>BELLUNO<\/strong> Il Comitato Organizzativo di Belluno Alza la Voce a fine aprile aveva inviato un documento ai tre candidati a sindaco per la citt\u00e0 di Belluno. Oggi mettono in evidenza la soddisfazione per essere riusciti &#8211;\u00a0 almeno per ora &#8211;\u00a0 ad ottenere attenzione sull\u2019argomento, ovvero la cultura che probabilmente anche al gruppo dei giovani bellunesi \u00e8 entrata\u00a0 di diritto nei temi\u00a0 della campagna elettorale di tutti e tre i candidati.<em> &#8220;Come abbiamo sottolineato nel nostro appello &#8211; dicono i portavoce del comitato &#8211;\u00a0 non vogliamo che la cultura venga utilizzata come mero oggetto propagandistico per raccogliere qualche voto in pi\u00f9 e poi abbandonata in un angolo. La risposta dei candidati non si \u00e8 fatta attendere, se non per poco pi\u00f9 di qualche ora, e questo ci fa piacere. \u00c8 ovvio che noi non ci accontentiamo. Oltre alle risposte pubbliche, abbiamo ricevuto anche risposte private sia da parte dei candidati che da parte di liste e persone legate agli stessi. Abbiamo quindi deciso di incontrare personalmente\u00a0 <a class=\"gmail-oajrlxb2 gmail-g5ia77u1 gmail-qu0x051f esr5mh6w e9989ue4 gmail-r7d6kgcz gmail-rq0escxv gmail-nhd2j8a9 gmail-nc684nl6 gmail-p7hjln8o gmail-kvgmc6g5 gmail-cxmmr5t8 gmail-oygrvhab gmail-hcukyx3x gmail-jb3vyjys gmail-rz4wbd8a gmail-qt6c0cv9 gmail-a8nywdso gmail-i1ao9s8h esuyzwwr gmail-f1sip0of gmail-lzcic4wl gmail-gpro0wi8 gmail-q66pz984 gmail-b1v8xokw\" tabindex=\"0\" role=\"link\" href=\"https:\/\/www.facebook.com\/LuciaOlivottoSindaco\/?__cft__[0]=AZW_zYKTWMXXBjiRkn5iEgUFkjnH1ZlexNKoiIQrIqhvXophcM3I3O1HZbdEEeewaRV0FRXU2P2_r-S_9XE-TWnyKxJK0rdkAggfPKAjeFifV7il-nrDn8zlXOj5QGBlK41FSUFeyaQM02K7mOueAfM6&amp;__tn__=kK-R\"><span class=\"gmail-nc684nl6\">Lucia Olivotto Sindaco<\/span><\/a>, <a class=\"gmail-oajrlxb2 gmail-g5ia77u1 gmail-qu0x051f esr5mh6w e9989ue4 gmail-r7d6kgcz gmail-rq0escxv gmail-nhd2j8a9 gmail-nc684nl6 gmail-p7hjln8o gmail-kvgmc6g5 gmail-cxmmr5t8 gmail-oygrvhab gmail-hcukyx3x gmail-jb3vyjys gmail-rz4wbd8a gmail-qt6c0cv9 gmail-a8nywdso gmail-i1ao9s8h esuyzwwr gmail-f1sip0of gmail-lzcic4wl gmail-gpro0wi8 gmail-q66pz984 gmail-b1v8xokw\" tabindex=\"0\" role=\"link\" href=\"https:\/\/www.facebook.com\/OscarDePellegrinSindaco?__cft__[0]=AZW_zYKTWMXXBjiRkn5iEgUFkjnH1ZlexNKoiIQrIqhvXophcM3I3O1HZbdEEeewaRV0FRXU2P2_r-S_9XE-TWnyKxJK0rdkAggfPKAjeFifV7il-nrDn8zlXOj5QGBlK41FSUFeyaQM02K7mOueAfM6&amp;__tn__=-]K-R\"><span class=\"gmail-nc684nl6\">Oscar De Pellegrin Sindaco<\/span><\/a> e <a class=\"gmail-oajrlxb2 gmail-g5ia77u1 gmail-qu0x051f esr5mh6w e9989ue4 gmail-r7d6kgcz gmail-rq0escxv gmail-nhd2j8a9 gmail-nc684nl6 gmail-p7hjln8o gmail-kvgmc6g5 gmail-cxmmr5t8 gmail-oygrvhab gmail-hcukyx3x gmail-jb3vyjys gmail-rz4wbd8a gmail-qt6c0cv9 gmail-a8nywdso gmail-i1ao9s8h esuyzwwr gmail-f1sip0of gmail-lzcic4wl gmail-gpro0wi8 gmail-q66pz984 gmail-b1v8xokw\" tabindex=\"0\" role=\"link\" href=\"https:\/\/www.facebook.com\/GiuseppeVignatoSindaco\/?__cft__[0]=AZW_zYKTWMXXBjiRkn5iEgUFkjnH1ZlexNKoiIQrIqhvXophcM3I3O1HZbdEEeewaRV0FRXU2P2_r-S_9XE-TWnyKxJK0rdkAggfPKAjeFifV7il-nrDn8zlXOj5QGBlK41FSUFeyaQM02K7mOueAfM6&amp;__tn__=kK-R\"><span class=\"gmail-nc684nl6\">Giuseppe Vignato Sindaco<\/span><\/a> per ascoltare e farci ascoltare&#8221;.\u00a0<\/em>Questa \u00e8 la settimana dedicata all&#8217;ascolto dove i giovani ribadiscono di non voler elevarsi \u00a0a portatori del verbo e come hanno gi\u00e0 fatto continueranno a sentire le opinioni di\u00a0 artisti, operatori e fruitori del settore del\u00a0 territorio per portare idee, scambiare opinioni e pareri.<\/p>\n<div class=\"gmail-cxmmr5t8 gmail-oygrvhab gmail-hcukyx3x gmail-c1et5uql gmail-o9v6fnle gmail-ii04i59q\"><\/div>\n<p dir=\"ltr\">\n<hr \/>\n<\/div>\n<p dir=\"ltr\">\n<p dir=\"ltr\"><span style=\"color: #ff0000;\"><strong>ARCHIVIO RADIOPIU, ARTICOLO PRECEDENTE PUBBLICATO IL 28 APRILE<\/strong><\/span><\/p>\n<div>\n<blockquote>\n<h2 dir=\"ltr\">CARI CANDIDATI A SINDACI CHE L&#8217;ASCOLTO SIA ESERCIZIO QUOTIDIANO NON SOLO ELETTORALE<\/h2>\n<\/blockquote>\n<p dir=\"ltr\"><i>Andrea Albano, Alessandro Casol, Davide De Faveri, Paolo Fornasier e Giampaolo Rossi firmano la lettera pubblica inviata ai candidati a sindaci per Belluno, lo fanno a nome del <\/i>Comitato organizzativo<\/p>\n<\/div>\n<div><\/div>\n<blockquote>\n<h3><b>LETTERA PUBBLICA DI SENSIBILIZZAZIONE PER LA PROPOSTA CULTURALE BELLUNESE:<\/b><\/h3>\n<\/blockquote>\n<div>\n<p dir=\"ltr\">Cari candidati sindaci,<\/p>\n<p dir=\"ltr\"><a class=\"dt-pswp-item\" href=\"https:\/\/www.radiopiu.net\/wordpress\/wp-content\/uploads\/2019\/02\/Foto-di-gruppo-Belluno-Alza-la-voce.jpg\" data-dt-img-description=\"\" data-large_image_width=\"4646\" data-large_image_height=\"3097\"><img loading=\"lazy\" decoding=\"async\" class=\"wp-image-75128 alignleft\" src=\"https:\/\/www.radiopiu.net\/wordpress\/wp-content\/uploads\/2019\/02\/Foto-di-gruppo-Belluno-Alza-la-voce-300x200.jpg\" alt=\"\" width=\"277\" height=\"184\" srcset=\"https:\/\/www.radiopiu.net\/wordpress\/wp-content\/uploads\/2019\/02\/Foto-di-gruppo-Belluno-Alza-la-voce-300x200.jpg 300w, https:\/\/www.radiopiu.net\/wordpress\/wp-content\/uploads\/2019\/02\/Foto-di-gruppo-Belluno-Alza-la-voce-768x512.jpg 768w, https:\/\/www.radiopiu.net\/wordpress\/wp-content\/uploads\/2019\/02\/Foto-di-gruppo-Belluno-Alza-la-voce-1024x683.jpg 1024w\" sizes=\"auto, (max-width: 277px) 100vw, 277px\" \/><\/a>siamo ad una nuova chiamata elettorale, in uno dei momenti pi\u00f9 critici della storia recente. Dopo due anni di pandemia, che ha cambiato la vita di tutti noi, ci sono ora scenari geopolitici che rendono la vita di ciascuno, chi pi\u00f9 e chi meno, colma di preoccupazioni e incertezze. La campagna elettorale \u00e8 decisamente partita e temiamo che, come sempre, la cultura venga sventolata e usata come strumento meramente propagandistico. Vogliamo fare un appello: che la cultura resti al centro del proprio percorso amministrativo. Tre anni e mezzo f\u00e0 la nostra provincia \u00e8 stata colpita da un evento su cui non era possibile avere alcun tipo di controllo. Ci siamo rialzati, con l\u2019aiuto di molti. Da parte nostra, giovani artisti della provincia, abbiamo usato la nostra forza comunicativa per sensibilizzare la popolazione non solo sull\u2019impatto ambientale, ma anche su quello emotivo che consegue ad una tragedia. Il risultato \u00e8 stato straordinario. Qualcosa che, sinceramente, non ci saremmo mai aspettati. Trovare le persone che, a distanza di tre anni, ancora oggi si ricordano e ci cantano \u201cAlziamo La Voce\u201d come fosse un inno alla ripartenza e alla forza di volont\u00e0. Non diciamo queste cose per autoreferenzialit\u00e0 o per crogiolarci nei nostri risultati. Lo diciamo e lo raccontiamo per sensibilizzare, ancora una volta, quanto la cultura e l\u2019arte sia materia INDISPENSABILE per la crescita di una societ\u00e0 giusta e sana. Quando sentiamo che per far rivivere il centro storico \u00e8 necessario fare nuovi parcheggi o aprire nuovi negozi, francamente ci vengono i brividi. Non che questi siano temi non importanti o ininfluenti. Diciamo solo che alla luce della situazione generale pensare solo a parcheggi e negozi risulti quantomeno miope.\u00a0\u00a0Il peso della cultura, in particolare di spazi culturali attivi nel centro storico, dovrebbe essere tra i principali punti da cui ripartire. La cultura \u00e8 manifestazione della scelta cosciente di noi esseri umani, \u00e8 l\u2019espressione totale della bellezza: come diceva Peppino Impastato \u201ceducare la gente alla bellezza, significa fornire loro un\u2019arma contro la rassegnazione, la paura e l\u2019omert\u00e0\u201d.Molti sono gli spazi abbandonati nel centro storico (l\u2019artista Freak of Nature ce li ha segnati tutti con bamb\u00f9 stilizzati). Forse \u00e8 ora di pensare a nuovi spazi artistici. Nuovi luoghi di creativit\u00e0. Ambienti dedicati alla ricerca di esperienze artistiche volte a stimolare i giovani, a renderli curiosi e a fargli scoprire delle passioni. Avere uno spazio dove gli artisti possano esibirsi, esporre, organizzare conferenze e workshop con regolarit\u00e0 e dove sia incentivata una collaborazione con le istituzioni scolastiche. Un posto dove le insegnanti porterebbero volentieri le classi, perch\u00e9 \u00e8 sin dalle <a class=\"dt-pswp-item\" href=\"https:\/\/www.radiopiu.net\/wordpress\/wp-content\/uploads\/2019\/06\/Belluno-alza-la-voce.jpg\" data-dt-img-description=\"\" data-large_image_width=\"2048\" data-large_image_height=\"1086\"><img loading=\"lazy\" decoding=\"async\" class=\"wp-image-89195 size-medium alignright\" src=\"https:\/\/www.radiopiu.net\/wordpress\/wp-content\/uploads\/2019\/06\/Belluno-alza-la-voce-300x159.jpg\" alt=\"\" width=\"300\" height=\"159\" srcset=\"https:\/\/www.radiopiu.net\/wordpress\/wp-content\/uploads\/2019\/06\/Belluno-alza-la-voce-300x159.jpg 300w, https:\/\/www.radiopiu.net\/wordpress\/wp-content\/uploads\/2019\/06\/Belluno-alza-la-voce-768x407.jpg 768w, https:\/\/www.radiopiu.net\/wordpress\/wp-content\/uploads\/2019\/06\/Belluno-alza-la-voce-1024x543.jpg 1024w, https:\/\/www.radiopiu.net\/wordpress\/wp-content\/uploads\/2019\/06\/Belluno-alza-la-voce.jpg 2048w\" sizes=\"auto, (max-width: 300px) 100vw, 300px\" \/><\/a>scuole elementari che si deve costruire una abitudine alla cultura. In questo ci viene in aiuto una grande mente italiana, Gianni Rodari che sosteneva quanto l\u2019educazione alla creativit\u00e0 fosse fondamentale per le nuove generazioni, \u201cnon perch\u00e9 tutti siano artisti, ma perch\u00e9 nessuno sia schiavo.\u201d Nell\u2019ultimo anno abbiamo assistito a situazioni di degrado sociale. Risse, aggressioni, vandalismi. La risposta delle autorit\u00e0 \u00e8 stata subito il pugno duro, la certezza delle pene e l\u2019aumento delle forze dell\u2019ordine e controllo. Possibile che NESSUNO si sia fermato a pensare le cause di tutto questo? Non \u00e8 giustificare, ma rendersi conto che il contesto in cui un ragazzo cresce lo plasma in tutto. E se i ragazzi non hanno luoghi in cui scoprire cose, purtroppo finiscono con lo sfogarsi su altro. Le sanzioni sono importanti, ma vi chiediamo: \u00e8 socialmente pi\u00f9 utile che un ragazzo non faccia una rissa per paura di una punizione o perch\u00e9 pensi che non sia giusto farla? Non \u00e8 forse la coscienza critica quella su cui \u00e8 necessario lavorare? La cultura serve anche a questo. A sviluppare una conoscenza pi\u00f9 profonda di s\u00e9 e degli altri; a liberare l\u2019empatia che \u00e8 innata nell\u2019essere umano; a sviluppare le capacit\u00e0 di andare al cuore delle cose, e non fermarsi alla superficie. Siamo sognatori? Illusi? Forse. Ma ci sono situazioni, nelle zone pi\u00f9 disagiate del nostro paese e nel mondo, che con attivit\u00e0 sociali hanno ridato nuova dignit\u00e0 a luoghi che erano piazze di disagio e tolto ragazzi dalla strada, dalla criminalit\u00e0, riportati agli studi e alle passioni e ad una vita pi\u00f9 degna d\u2019essere vissuta.\u00a0 L\u2019appello che vi facciamo \u00e8 quello di non chiudere MAI gli occhi alla cultura. All\u2019importanza SOCIALE che i luoghi di aggregazione culturale hanno. Alla necessit\u00e0 che Belluno diventi un riferimento per la cultura. Ci vuole una spinta, una ripartenza. Quel poco che c\u2019\u00e8, rafforzarlo e dargli pi\u00f9 risorse ed energie, e creare nuovi spazi e nuove realt\u00e0.\u00a0Ma in centro storico, non fuori.\u00a0Nella speranza che l\u2019ascolto sia esercizio quotidiano e non meramente elettorale.<\/p>\n<\/div>\n<hr \/>\n<p dir=\"ltr\">\n","protected":false},"excerpt":{"rendered":"<p>Non ci fermiamo, ma serve il supporto di tutti\u00a0 BELLUNO Il Comitato Organizzativo di Belluno Alza la Voce a fine aprile aveva inviato un documento ai tre candidati a sindaco per la citt\u00e0 di Belluno. Oggi mettono in evidenza la soddisfazione per essere riusciti &#8211;\u00a0 almeno per ora &#8211;\u00a0 ad ottenere attenzione sull\u2019argomento, ovvero la&hellip;<\/p>\n","protected":false},"author":4,"featured_media":69565,"comment_status":"closed","ping_status":"closed","sticky":false,"template":"","format":"standard","meta":{"_monsterinsights_skip_tracking":false,"_monsterinsights_sitenote_active":false,"_monsterinsights_sitenote_note":"","_monsterinsights_sitenote_category":0,"footnotes":""},"categories":[51,49],"tags":[],"class_list":["post-272849","post","type-post","status-publish","format-standard","has-post-thumbnail","hentry","category-evidenza-top","category-news-18","category-51","category-49","description-off"],"img_url":"https:\/\/www.radiopiu.net\/wordpress\/wp-content\/uploads\/2018\/12\/BELLUNO-ALZA-LA-VOCE.jpg","_links":{"self":[{"href":"https:\/\/www.radiopiu.net\/wordpress\/wp-json\/wp\/v2\/posts\/272849","targetHints":{"allow":["GET"]}}],"collection":[{"href":"https:\/\/www.radiopiu.net\/wordpress\/wp-json\/wp\/v2\/posts"}],"about":[{"href":"https:\/\/www.radiopiu.net\/wordpress\/wp-json\/wp\/v2\/types\/post"}],"author":[{"embeddable":true,"href":"https:\/\/www.radiopiu.net\/wordpress\/wp-json\/wp\/v2\/users\/4"}],"replies":[{"embeddable":true,"href":"https:\/\/www.radiopiu.net\/wordpress\/wp-json\/wp\/v2\/comments?post=272849"}],"version-history":[{"count":0,"href":"https:\/\/www.radiopiu.net\/wordpress\/wp-json\/wp\/v2\/posts\/272849\/revisions"}],"wp:featuredmedia":[{"embeddable":true,"href":"https:\/\/www.radiopiu.net\/wordpress\/wp-json\/wp\/v2\/media\/69565"}],"wp:attachment":[{"href":"https:\/\/www.radiopiu.net\/wordpress\/wp-json\/wp\/v2\/media?parent=272849"}],"wp:term":[{"taxonomy":"category","embeddable":true,"href":"https:\/\/www.radiopiu.net\/wordpress\/wp-json\/wp\/v2\/categories?post=272849"},{"taxonomy":"post_tag","embeddable":true,"href":"https:\/\/www.radiopiu.net\/wordpress\/wp-json\/wp\/v2\/tags?post=272849"}],"curies":[{"name":"wp","href":"https:\/\/api.w.org\/{rel}","templated":true}]}}