{"id":272942,"date":"2022-04-30T05:17:16","date_gmt":"2022-04-30T03:17:16","guid":{"rendered":"https:\/\/www.radiopiu.net\/wordpress\/?p=272942"},"modified":"2022-04-30T10:15:44","modified_gmt":"2022-04-30T08:15:44","slug":"giornale-radiopiu-30-aprile-2022-direttore-mirko-mezzacasa","status":"publish","type":"post","link":"https:\/\/www.radiopiu.net\/wordpress\/giornale-radiopiu-30-aprile-2022-direttore-mirko-mezzacasa\/","title":{"rendered":"GIORNALE RADIOPIU 30 APRILE 2022 DIRETTORE MIRKO MEZZACASA"},"content":{"rendered":"<h3 class=\"kvgmc6g5 cxmmr5t8 oygrvhab hcukyx3x c1et5uql\"><span style=\"color: #0000ff;\"><strong>RADIO PIU INFORMAZIONE il canale su TELEGRAM informazione di prima\u00a0 <\/strong><\/span><span style=\"color: #0000ff;\"><strong>mano e in tempo reale. iscriviti ed aiutaci a farlo conoscere\u00a0<\/strong><\/span><\/h3>\n<p>&nbsp;<\/p>\n<hr \/>\n<p>&nbsp;<\/p>\n<blockquote>\n<h3><a class=\"dt-pswp-item\" href=\"https:\/\/www.radiopiu.net\/wordpress\/wp-content\/uploads\/2021\/01\/Tamponi-Paludi-1.jpg\" data-dt-img-description=\"\" data-large_image_width=\"1600\" data-large_image_height=\"900\"><img loading=\"lazy\" decoding=\"async\" class=\" wp-image-186210 alignleft\" src=\"https:\/\/www.radiopiu.net\/wordpress\/wp-content\/uploads\/2021\/01\/Tamponi-Paludi-1-150x150.jpg\" alt=\"\" width=\"82\" height=\"82\" \/><\/a>PUNTO TAMPONI STRAORDINARIO NEL WEEKEND A PALUDI<\/h3>\n<\/blockquote>\n<p><strong>BELLUNO <\/strong>L\u2019Ulss Dolomiti attiva per oggi e domani\u00a0dalle 8.30 alle 14.00 un punto tamponi a Paludi per persone con sintomatologia covid, ad accesso libero. Sar\u00e0 presente un medico per un triage all\u2019ingresso e l\u2019eventuale prescrizione. Non \u00e8 necessario chiamare il 118 o la Guardia medica per l\u2019impegnativa.\u00a0L\u2019accesso libero \u00e8 previsto per tutti i weekend del mese di maggio.<\/p>\n<p><strong>Dal 1 maggio\u00a0 il call center dedicato all\u2019emergenza Covid 0437\/514343 sar\u00e0 attivo: da luned\u00ec a sabato: 8.00 &#8211; 17.00; domenica e festivi: 8.00 &#8211; 13.00.\u00a0<\/strong><\/p>\n<p>&nbsp;<\/p>\n<hr \/>\n<p>&nbsp;<\/p>\n<blockquote>\n<h3>CINQUANTENNE VICENTINO INDAGATO DALLA POSTALE, ADESCAVA MINORENNI BELLUNESI<\/h3>\n<\/blockquote>\n<p><strong><a class=\"dt-pswp-item\" href=\"https:\/\/www.radiopiu.net\/wordpress\/wp-content\/uploads\/2022\/01\/POLIZIA-POSTALE.jpg\" data-dt-img-description=\"\" data-large_image_width=\"640\" data-large_image_height=\"453\"><img loading=\"lazy\" decoding=\"async\" class=\" wp-image-255173 alignleft\" src=\"https:\/\/www.radiopiu.net\/wordpress\/wp-content\/uploads\/2022\/01\/POLIZIA-POSTALE-150x150.jpg\" alt=\"\" width=\"107\" height=\"107\" \/><\/a>BELLUNO<\/strong> Un cinquantenne vicentino ha adescato studenti minorenni, lo conferma l\u2019indagine diretta dalla Procura della Repubblica di Venezia e dalla polizia postale di Belluno che ha raccolto numerosi elementi a carico dell&#8217;uomo. L\u2019attivit\u00e0 investigativa ha preso avvio nel settembre 2021, a seguito della segnalazione pervenuta da una scuola di Belluno, che vedeva coinvolte alcune ragazze che lamentavano di essere state contattate su una piattaforma social diffusissima tra gli adolescenti, da un profilo privato e sconosciuto che, dopo aver ottenuto l\u2019amicizia, entrava in confidenza con le minori fino a richiedere foto e video attinenti la sfera sessuale. La Polizia Postale, su disposizione della Procura di Venezia, ha svolto accurate analisi per poi proseguire con la\u00a0 perquisizione che ha portato al sequestro dello smartphone e la relativa SIM, probabilmente utilizzato per compiere il reato. Sono in corso ulteriori indagini per verificare se siano state avvicinate altre minori sul web.<\/p>\n<blockquote><p><em>In questa fase di emergenza sanitaria \u00e8 aumentato il tempo che i ragazzi trascorrono sui social network e di conseguenza \u00e8 particolarmente alta l\u2019attenzione nei confronti di fenomeni quali appunto l\u2019adescamento on line e lo scambio di materiale pedopornografico. L\u2019iperconnessione di questo periodo dei ragazzi in particolare, possono favorire le condotte criminose dei malintenzionati della rete, che tramite i Social Network e le chat, cercano di adescare le loro vittime sotto falsi profili, di conquistare la\u00a0 loro fiducia e poi di manipolarli sfruttando le debolezze e vulnerabilit\u00e0 tipiche della fase adolescenziale. <\/em><em>\u00c8 importante quindi educare i giovani internauti ad un utilizzo responsabile della rete e a prestare attenzione a qualsiasi piccolo segnale che potrebbe accendere qualche sospetto.<\/em><\/p><\/blockquote>\n<p>&nbsp;<\/p>\n<hr \/>\n<p>&nbsp;<\/p>\n<blockquote>\n<h3>INFORTUNIO SOTTO ALLE TRE CIME<\/h3>\n<\/blockquote>\n<p><strong><img loading=\"lazy\" decoding=\"async\" class=\"alignleft\" src=\"https:\/\/www.radiopiu.net\/wordpress\/wp-content\/uploads\/2022\/02\/4063da5f-f442-4e26-9beb-eb7473b3f855.jpg\" width=\"126\" height=\"84\" \/>AURONZO<\/strong> Mentre stava effettuando lavori sulla linea elettrica, un operaio \u00e8 scivolato lungo la strada che conduce al Rifugio Auronzo, sotto le Tre Cime di Lavaredo, riportando una sospetta frattura alla gamba e una possibile lussazione alla spalla. Ieri alle 10.15 \u00e8 intervenuto il Soccorso Alpino con l&#8217;ausilio dell&#8217;elicottero che atterrato nelle vicinanze ha permesso ai sanitari di assistere da subito il\u00a0 23enne di Marcon (VE). Dopo le prime cure \u00e8 stato imbarcato e trasportato all&#8217;ospedale di Belluno.<\/p>\n<p>&nbsp;<\/p>\n<hr \/>\n<p>&nbsp;<\/p>\n<blockquote>\n<h3>TERREMOTO AL CONFINE CON LA PROVINCIA<\/h3>\n<\/blockquote>\n<p><strong>CIMOLAIS<\/strong> Scossa di terremoto a Cimolais nel pordenonese al confine con la provincia di Belluno. Ieri pomeriggio alle 14.52 i sismografi hanno registrato una scossa di 2.1 gradi della scala Richter, Non si segnalano danni. Area sismica: evento tellurico con epicentro a Cimolais ad una profondit\u00e0 di 6 chilometri.<\/p>\n<p><a class=\"dt-pswp-item\" href=\"https:\/\/www.radiopiu.net\/wordpress\/wp-content\/uploads\/2022\/04\/af80e795-a930-4b23-8ffc-c5a30fe67f67-1.jpg\" data-dt-img-description=\"\" data-large_image_width=\"720\" data-large_image_height=\"1280\"><img loading=\"lazy\" decoding=\"async\" class=\"alignnone wp-image-273095 size-medium\" src=\"https:\/\/www.radiopiu.net\/wordpress\/wp-content\/uploads\/2022\/04\/af80e795-a930-4b23-8ffc-c5a30fe67f67-1-169x300.jpg\" alt=\"\" width=\"169\" height=\"300\" srcset=\"https:\/\/www.radiopiu.net\/wordpress\/wp-content\/uploads\/2022\/04\/af80e795-a930-4b23-8ffc-c5a30fe67f67-1-169x300.jpg 169w, https:\/\/www.radiopiu.net\/wordpress\/wp-content\/uploads\/2022\/04\/af80e795-a930-4b23-8ffc-c5a30fe67f67-1-576x1024.jpg 576w, https:\/\/www.radiopiu.net\/wordpress\/wp-content\/uploads\/2022\/04\/af80e795-a930-4b23-8ffc-c5a30fe67f67-1.jpg 720w\" sizes=\"auto, (max-width: 169px) 100vw, 169px\" \/><\/a><\/p>\n<p>&nbsp;<\/p>\n<hr \/>\n<p>&nbsp;<\/p>\n<blockquote>\n<h3>GALLERIA DEL COMELICO, NUOVO RINVIO E NUOVE SPERANZE. I LAVORI PER ORA NON INIZIANO<\/h3>\n<\/blockquote>\n<p><strong>DI MORENO GIOLI<\/strong><\/p>\n<audio class=\"wp-audio-shortcode\" id=\"audio-272942-1\" preload=\"none\" style=\"width: 100%;\" controls=\"controls\"><source type=\"audio\/mpeg\" src=\"https:\/\/www.radiopiu.net\/wordpress\/wp-content\/uploads\/2022\/04\/moreno-galleria.mp3?_=1\" \/><a href=\"https:\/\/www.radiopiu.net\/wordpress\/wp-content\/uploads\/2022\/04\/moreno-galleria.mp3\">https:\/\/www.radiopiu.net\/wordpress\/wp-content\/uploads\/2022\/04\/moreno-galleria.mp3<\/a><\/audio>\n<blockquote><p>&nbsp;<\/p><\/blockquote>\n<p><strong><img loading=\"lazy\" decoding=\"async\" class=\"alignleft\" src=\"https:\/\/www.radiopiu.net\/wordpress\/wp-content\/uploads\/2021\/02\/galleria-comelico.jpg\" width=\"103\" height=\"122\" \/>BELLUNO<\/strong> Dall&#8217;incontro in Prefettura una certezza: un altro rinvio, ma con alcune novit\u00e0: Anas ha di fatto aperto alla progettazione della strada della valle per riaprirla almeno parzialmente per poter fare i lavori. Entro fine maggio nuovo incontro per firmare un protocollo con tempi, progetti e soldi. Serviranno circa 60 milioni di euro. Intanto i lavori nella galleria non partiranno, almeno non prima dell&#8217;autunno. Il Ministro D&#8217;Inc\u00e0 ha convinto Anas a rendersi disponibile per il ripristino almeno parziale della vecchia strada Dla Val. Entro fine mese nuova riunione del tavolo tecnico per valutare progetti e tempistica.<\/p>\n<p><span style=\"color: #ff0000;\"><strong>CON LA COLLABORAZIONE DI MORENO GIOLI<\/strong><\/span><\/p>\n<p><strong>ALFREDO COMIS DEL COMITATO<\/strong><\/p>\n<audio class=\"wp-audio-shortcode\" id=\"audio-272942-2\" preload=\"none\" style=\"width: 100%;\" controls=\"controls\"><source type=\"audio\/mpeg\" src=\"https:\/\/www.radiopiu.net\/wordpress\/wp-content\/uploads\/2022\/04\/COMIS.mp3?_=2\" \/><a href=\"https:\/\/www.radiopiu.net\/wordpress\/wp-content\/uploads\/2022\/04\/COMIS.mp3\">https:\/\/www.radiopiu.net\/wordpress\/wp-content\/uploads\/2022\/04\/COMIS.mp3<\/a><\/audio>\n<p>&nbsp;<\/p>\n<p>Creare il disagio minore possibile alla comunit\u00e0 del Comelico. Queste le conclusioni dell&#8217;incontro di questa mattina in Prefettura. Per il Presidente della Provincia Roberto Padrin ci sarebbe la disponibilit\u00e0 di Anas. Le comunit\u00e0 locali vogliono la strada Dla Val come soluzione alternativa per compensare i disagi della chiusura, ma servono 60 milioni di euro.<\/p>\n<p><strong>IL PRESIDENTE DELLA PROVINCIA ROBERTO PADRIN<\/strong><\/p>\n<audio class=\"wp-audio-shortcode\" id=\"audio-272942-3\" preload=\"none\" style=\"width: 100%;\" controls=\"controls\"><source type=\"audio\/mpeg\" src=\"https:\/\/www.radiopiu.net\/wordpress\/wp-content\/uploads\/2022\/04\/PADRIN.mp3?_=3\" \/><a href=\"https:\/\/www.radiopiu.net\/wordpress\/wp-content\/uploads\/2022\/04\/PADRIN.mp3\">https:\/\/www.radiopiu.net\/wordpress\/wp-content\/uploads\/2022\/04\/PADRIN.mp3<\/a><\/audio>\n<p>&nbsp;<\/p>\n<p>Per il Ministro Federico D&#8217;Inc\u00e0 \u00e8 stato un confronto importante. Si guarda alla viabilit\u00e0 alternativa con verifiche ulteriori per il passaggio a senso unico alternato in determinate ore della giornata<\/p>\n<p><strong>IL MINISTRO FEDERICO D&#8217;INCA&#8217;<\/strong><\/p>\n<audio class=\"wp-audio-shortcode\" id=\"audio-272942-4\" preload=\"none\" style=\"width: 100%;\" controls=\"controls\"><source type=\"audio\/mpeg\" src=\"https:\/\/www.radiopiu.net\/wordpress\/wp-content\/uploads\/2022\/04\/DINCA.mp3?_=4\" \/><a href=\"https:\/\/www.radiopiu.net\/wordpress\/wp-content\/uploads\/2022\/04\/DINCA.mp3\">https:\/\/www.radiopiu.net\/wordpress\/wp-content\/uploads\/2022\/04\/DINCA.mp3<\/a><\/audio>\n<p>&nbsp;<\/p>\n<hr \/>\n<blockquote>\n<h3><\/h3>\n<\/blockquote>\n<h3 style=\"text-align: center;\">GALLERIA DEL COMELICO, LA SITUAZIONE DALL&#8217;OSSERVATORIO ANAS<\/h3>\n<p>&nbsp;<\/p>\n<p><b><a class=\"dt-pswp-item\" href=\"https:\/\/www.radiopiu.net\/wordpress\/wp-content\/uploads\/2021\/06\/anas.png\" data-dt-img-description=\"\" data-large_image_width=\"299\" data-large_image_height=\"169\"><img loading=\"lazy\" decoding=\"async\" class=\"alignleft wp-image-213422 size-full\" src=\"https:\/\/www.radiopiu.net\/wordpress\/wp-content\/uploads\/2021\/06\/anas.png\" alt=\"\" width=\"299\" height=\"169\" \/><\/a>BELLUNO\u00a0 <\/b>Si \u00e8 svolto oggi presso la Prefettura di Belluno il terzo tavolo tecnico relativo al Piano dei lavori di manutenzione che Anas\u00a0 avvier\u00e0 in galleria \u201cComelico\u201d, lungo la strada statale 52 \u201cCarnica\u201d, tra Auronzo e Santo Stefano di Cadore.\u00a0 Lo stato dell\u2019opera impone che l\u2019importante intervento di rinforzo strutturale ed adeguamento impiantistico debba essere eseguito nella sua interezza nel pi\u00f9 breve termine possibile. Resta quindi fermo l\u2019impegno della Societ\u00e0 di procedere alla consegna dei lavori entro il mese di giugno, in modo da proseguire con l\u2019approvvigionamento dei materiali e dare il via alle fasi preliminari e alla cantierizzazione che \u2013 durante i primi mesi \u2013 non comporteranno alcuna modifica alla circolazione stradale. Durante la prossima estate la galleria sar\u00e0 pertanto regolarmente aperta al transito sia in orario notturno che diurno, mentre sar\u00e0 nel frattempo intensificata la sorveglianza sull\u2019opera. In fase esecutiva Anas valuter\u00e0 l\u2019individuazione di misure temporanee per ripristinare il doppio senso di circolazione durante i periodi di maggior afflusso turistico.<b>\u00a0<\/b>Come convenuto con DolomitiBus, gestore del servizio di trasporto pubblico locale, al fine di minimizzare l\u2019impatto sulle corse da e per il Comelico la galleria sar\u00e0 aperta al traffico per 14 ore al giorno, dalle ore 06 alle ore 20, in regime di senso unico alternato con la temporizzazione minima consentita dalla lunghezza del traforo cio\u00e8 di 30 minuti per direttrice di marcia. Durante l\u2019apertura diurna saranno svolte le lavorazioni che possono avvenire quindi in presenza di traffico quali ad esempio la demolizione e ricostruzione della muretta e l\u2019impermeabilizzazione della volta.\u00a0 In orario notturno, dalle ore 20 alle 06 del mattino successivo, la galleria sar\u00e0 chiusa al traffico per 10 ore cio\u00e8 il minimo necessario per eseguire le lavorazioni che devono essere svolte in assenza di traffico, quali ad esempio la bullonatura radiale, la fresatura meccanica e la posa in opera e il getto di completamento del rivestimento prefabbricato della nuova volta. Le lavorazioni si svolgeranno 24 ore su 24, e gli imbocchi della galleria saranno presidiati senza soluzione di continuit\u00e0 al fine di consentire il transito ai mezzi di emergenza in servizio urgente di istituto secondo necessit\u00e0. <em>&#8220;Tutto ci\u00f2 &#8211; ha commentato il Prefetto <strong>Mariano Savastano<\/strong> &#8211; rappresenta la sintesi del percorso di dialogo e di confronto avviato con gli amministratori del territorio dallo scorso mese di dicembre ed il giusto contemperamento tra le primarie e ineludibili esigenze di sicurezza della galleria con le altrettanto fondamentali istanze economiche e sociali che il Comelico, per bocca dei suoi amministratori, ha espresso&#8221;.<\/em><\/p>\n<p>Per quanto riguarda la\u00a0<strong>Strada della Valle<\/strong>, Anas ha confermato la disponibilit\u00e0 a rivestire il ruolo di soggetto attuatore dei lavori di ripristino della viabilit\u00e0, che non potr\u00e0 comunque ritornare ad essere di competenza statale mancandone integralmente i presupposti normativi e regolamentari; accogliendo una richiesta istituzionale, Anas\u200b valuter\u00e0 la possibilit\u00e0 di farsi carico anche della relativa progettazione, \u200bse autorizzata dal Ministero delle Infrastrutture e della Mobilit\u00e0 Sostenibili. <em>&#8220;Il mio auspicio &#8211; ha concluso il Prefetto &#8211; \u00e8 che da oggi si riesca tutti insieme &#8220;a fare squadra&#8221; assumendoci la responsabilit\u00e0 delle decisioni migliori possibili per il bene del nostro territorio\u201d. <\/em>Il tavolo tecnico \u00e8 stato aggiornato al prossimo mese di maggio per consentire al territorio e ad Anas di approfondire il tema progettuale dei lavori di ripristino della Strada della Valle.<\/p>\n<p>&nbsp;<\/p>\n<p>&nbsp;<\/p>\n<hr \/>\n<blockquote>\n<h3><\/h3>\n<h3>CASO BIANCHINI, CHIESTI SEI MESI, ANTONELLA FABBRI NON DEMORDE VUOLE ANDARE FINO IN FONDO<\/h3>\n<\/blockquote>\n<p><strong>OGGI SUL CORRIERE DELLE ALPI<\/strong><\/p>\n<p><strong>DI GIGI SOSSO<\/strong><\/p>\n<p><strong>BELLUNO<\/strong> Non ci sono ancora sentenze. E nemmeno rinvii a giudizio, nel caso dei quattro componenti\u00a0 dell&#8217;Ufficio procedimenti disciplinari dell&#8217;Ulss 1. Secondo il procuratore Paolo Luca, Cristina Bortoluzzi e Tiziana Bortot vanno condannate a sei mesi per falso sulla data di rientro da una vacanza Thailandia (un giorno invece di un altro) del primario di Otorinolaringoiatria, Roberto Bianchini, all&#8217;inizio della pandemia di Covid-19. Mentre Antonella Fabbri e Raffaele Zanella devono essere mandati a processo per la stessa ipotesi di reato.Le difese Ghezze, Rasera Berna, Vianello e Mazzucco, invece, hanno chiesto l&#8217;assoluzione con formula piena. Se dovesse essere sentenziata dal giudice per le udienze preliminari Enrica Marson per Bortoluzzi e Bortot, che hanno scelto l&#8217;abbreviato, non avrebbe senso il rinvio a giudizio degli altri due. <a class=\"dt-pswp-item\" href=\"https:\/\/www.radiopiu.net\/wordpress\/wp-content\/uploads\/2022\/04\/download-14.jpg\" data-dt-img-description=\"\" data-large_image_width=\"275\" data-large_image_height=\"183\"><img loading=\"lazy\" decoding=\"async\" class=\"size-thumbnail wp-image-273143 alignleft\" src=\"https:\/\/www.radiopiu.net\/wordpress\/wp-content\/uploads\/2022\/04\/download-14-150x150.jpg\" alt=\"\" width=\"150\" height=\"150\" \/><\/a>Diverso il discorso in caso di condanna o anche solo di assoluzione per insufficienza o contraddittoriet\u00e0 della prova. A quel punto, diventerebbe indispensabile dare la parola a un altro giudice. Marson ha rinviato al 20 maggio per repliche e sentenza&#8230;<\/p>\n<blockquote><p><em>L&#8217;unica a prendere la parola \u00e8 stata Antonella Fabbri (foto), che ha reso dichiarazioni spontanee, ripercorrendo la vicenda ed escludendo di avere delle responsabilit\u00e0 sul piano penale e personale. Ha sempre lavorato con la massima onest\u00e0 e precisione, semmai qualcun altro potrebbe non aver fatto altrettanto.La figlia di Mario, il giudice istruttore del processo sulla tragedia del Vajont, ha querelato per le ipotesi di reato di calunnia, abuso d&#8217;ufficio e frode processuale un maresciallo della Guardia di finanza<\/em><\/p><\/blockquote>\n<p>&nbsp;<\/p>\n<p>&nbsp;<\/p>\n<hr \/>\n<blockquote>\n<h3><\/h3>\n<h3>PREMIO RISULTATO LUXOTTICA, FINO A 3800 EURO. ANNO DA RECORD<\/h3>\n<\/blockquote>\n<p><em>Premio medio\u00a0 2400 euro + 208 euro di indice di stabilimento + 500 euro di bonus zero malattia per coloro che hanno avuto la fortuna di non essersi ammalati (periodo dal 1 gennaio al 31 dicembre 2021), + 10 euro per ogni singola flessibilita positiva lavorata, + bonus del 10% sul premio per coloro che hanno un anzianit\u00e0 aziendale almeno di 15 anni Luxottica, questo premio \u00e8 calcolato per gli assunti\u00a0 a tempo indeterminato Luxottica da almeno 1 anno ( 01.01.21 al 31.12.21). <strong>Contratto somministrazione (agenzia)<\/strong> &#x1f4cc;Fino ai 12 mesi di anzianit\u00e0 lavorativa\u00a0 600 euro\u00a0 lordi. Fino a 24 mesi 700. Fino a 36 mesi 750 lordi. Oltre i 36 mesi 950 indice di sito 208 e 10 per ogni giornata di flessibilit\u00e0, 100 per zero malattia.In entrambi i casi andr\u00e0 aggiunta la tassazione agevolata al 10% (per i pdr erogati in busta paga) o la tassazione 0% (che si sommer\u00e0 al 10% versato dall&#8217;azienda) per le quote convertite in flexilble benefits. La tassazione agevolata vale solo per importi fino a 3000 euro, la quota eccedente sar\u00e0 comunque tassata ad aliquota ordinaria. i somministrati che al momento dell&#8217;erogazione del premio sono diventati dipendenti essilor Luxottica NON avranno la detassazione sulla parte di importo riferita al lavoro in somministrazione che sar\u00e0 quindi erogata in busta paga a tassazione ordinaria (unica scelta possibile poich\u00e9 vengono meno i principi che portano alla detassazione).<\/em><\/p>\n<p><strong><a class=\"dt-pswp-item\" href=\"https:\/\/www.radiopiu.net\/wordpress\/wp-content\/uploads\/2021\/12\/LUXOTTICA-FRAMONT.jpg\" data-dt-img-description=\"\" data-large_image_width=\"2048\" data-large_image_height=\"1536\"><img loading=\"lazy\" decoding=\"async\" class=\" wp-image-246066 alignleft\" src=\"https:\/\/www.radiopiu.net\/wordpress\/wp-content\/uploads\/2021\/12\/LUXOTTICA-FRAMONT-150x150.jpg\" alt=\"\" width=\"114\" height=\"114\" \/><\/a>ROMA<\/strong> Accordo raggiunto tra i sindacati nazionali e territoriali di Filctem Cgil, Femca Cisl, Uiltec Uil, le Rsu di EssilorLuxottica e i vertici del Gruppo sul premio di risultato consuntivo 2021, che interessa oltre 10.000 lavoratori nelle sedi italiane. \u201c<em>L\u2019importo stabilito &#8211; spiegano le segreterie nazionali dei tre sindacati &#8211; valutato anche attraverso l\u2019indicatore di bilancio consolidato del Gruppo EssilorLuxottica, supera le nostre aspettative e migliora sensibilmente le condizioni economiche delle lavoratrici e dei lavoratori, riconoscendo l\u2019impegno da loro dimostrato nel supportare la crescita ed il successo dell\u2019azienda<\/em>\u201d. Nel dettaglio: \u201c<em>Ad un premio di base pari a 2.608 euro lordi \u2013 spiegano i rappresentanti sindacali &#8211; si andra\u0300 ad aggiungere una componente legata alla prestazione individuale, valutata su tre criteri: conteggio delle presenze, anzianita\u0300 di servizio e presenza in flessibilita\u0300 positiva. Il premio sara\u0300 detassato sulla base del miglioramento degli indicatori \u2018cancello\u2019 previsti dal contratto integrativo, e potra\u0300 raggiungere il valore di circa 3.500 euro lordi in base al contratto, che possono essere aumentati fino a 3.800 euro lordi nel caso in cui il lavoratore decidesse volontariamente di convertire l\u2019intera cifra o parte di essa in beni e servizi welfare. Molto importanti \u2013 proseguono Filctem, Femca, Uiltec \u2013 la conferma e l\u2019ulteriore rafforzamento delle misure eccezionali legate all\u2019emergenza pandemica: dal conteggio, infatti, saranno sottratte le assenze dovute alla malattia Covid-19, alla quarantena e all\u2019allontanamento precauzionale richiesto dall\u2019azienda. E da quest\u2019anno saranno prese in considerazione anche le assenze legate all\u2019indisposizione post-vaccino Covid-19 certificata. Questa linea \u2013 aggiungono le segreterie nazionali &#8211; conferma la particolare attenzione dell\u2019azienda nella gestione dell\u2019emergenza, in uno spirito di costante collaborazione con i lavoratori e le parti sociali\u201d. Nel solco tracciato da questo risultato, il piu\u0300 considerevole di sempre, e visto il livello di relazioni industriali che da sempre caratterizza il rapporto con EssilorLuxottica, i sindacati chiedono un ulteriore salto di qualita\u0300: \u201cOra ci vuole un altro sforzo \u2013 concludono \u2013 sia per chiudere alcuni importanti temi gia\u0300 in fase di definizione, come lo smart working e il part time incentivato, che per ottenere un avanzamento in termini internazionali, grazie al ruolo del Comitato Aziendale Europeo, e di qualita\u0300 e innovazione del mondo del lavoro in vista del rinnovo del contratto integrativo aziendale<\/em>\u201d.<\/p>\n<p>&nbsp;<\/p>\n<hr \/>\n<p>&nbsp;<\/p>\n<blockquote>\n<h3>SOCIETA&#8217; NUOVA INAUGURA IL NUOVO CENTRO DIURNO<\/h3>\n<\/blockquote>\n<p><strong>AGORDO<\/strong>\u00a0 Dopo anni di progetti e lavori, il Centro in via Insurrezione ad Agordo accoglie le persone con disabilit\u00e0 e tutto il personale che fino a novembre 2021 era ospitato presso la struttura polifunzionale adiacente all\u2019ospedale di Agordo. Un ambiente completamente ristrutturato, interni accoglienti e pensati specificatamente per le esigenze delle persone con disabilit\u00e0, sito in una posizione centrale, comoda ai servizi e strategica che permette cos\u00ec una partecipazione attiva alla vita sociale e comunitaria. Queste le caratteristiche principali della nuova sede che ospita dal 06 dicembre 2021 persone adulte con disabilit\u00e0 psico-fisiche provenienti da tutto l\u2019Agordino. L&#8217;inaugurazione prevista per mercoledi 11 maggio alle 9.30 sar\u00e0 l&#8217;occasione per ringraziare tutte le persone che hanno contribuito alla realizzazione del Centro con le loro donazioni e il loro supporto.<\/p>\n\n\t\t\t<style type='text\/css'>\n\t\t\t\t#gallery-1 {\n\t\t\t\t\tmargin: auto;\n\t\t\t\t}\n\t\t\t\t#gallery-1 .gallery-item {\n\t\t\t\t\tfloat: left;\n\t\t\t\t\tmargin-top: 10px;\n\t\t\t\t\ttext-align: center;\n\t\t\t\t\twidth: 50%;\n\t\t\t\t}\n\t\t\t\t#gallery-1 img {\n\t\t\t\t\tborder: 2px solid #cfcfcf;\n\t\t\t\t}\n\t\t\t\t#gallery-1 .gallery-caption {\n\t\t\t\t\tmargin-left: 0;\n\t\t\t\t}\n\t\t\t\t\/* see gallery_shortcode() in wp-includes\/media.php *\/\n\t\t\t<\/style>\n\t\t<div id='gallery-1' class='dt-gallery-container gallery galleryid-272942 gallery-columns-2 gallery-size-medium'><dl class='gallery-item'>\n\t\t\t\t<dt class='gallery-icon landscape'>\n\t\t\t\t\t<a class=\"rollover rollover-zoom dt-pswp-item\" title=\"Facciata CD AltroSenso Agordo\" data-dt-img-description=\"\" data-large_image_width=\"2048\" data-large_image_height=\"1534\"href='https:\/\/www.radiopiu.net\/wordpress\/wp-content\/uploads\/2022\/04\/Facciata-CD-AltroSenso-Agordo.jpg'><img loading=\"lazy\" decoding=\"async\" width=\"300\" height=\"225\" src=\"https:\/\/www.radiopiu.net\/wordpress\/wp-content\/uploads\/2022\/04\/Facciata-CD-AltroSenso-Agordo-300x225.jpg\" class=\"attachment-medium size-medium\" alt=\"\" srcset=\"https:\/\/www.radiopiu.net\/wordpress\/wp-content\/uploads\/2022\/04\/Facciata-CD-AltroSenso-Agordo-300x225.jpg 300w, https:\/\/www.radiopiu.net\/wordpress\/wp-content\/uploads\/2022\/04\/Facciata-CD-AltroSenso-Agordo-1024x767.jpg 1024w, https:\/\/www.radiopiu.net\/wordpress\/wp-content\/uploads\/2022\/04\/Facciata-CD-AltroSenso-Agordo-768x575.jpg 768w, https:\/\/www.radiopiu.net\/wordpress\/wp-content\/uploads\/2022\/04\/Facciata-CD-AltroSenso-Agordo-1536x1151.jpg 1536w, https:\/\/www.radiopiu.net\/wordpress\/wp-content\/uploads\/2022\/04\/Facciata-CD-AltroSenso-Agordo.jpg 2048w\" sizes=\"auto, (max-width: 300px) 100vw, 300px\" \/><\/a>\n\t\t\t\t<\/dt><\/dl><dl class='gallery-item'>\n\t\t\t\t<dt class='gallery-icon landscape'>\n\t\t\t\t\t<a class=\"rollover rollover-zoom dt-pswp-item\" title=\"Agordo_foto di gruppo\" data-dt-img-description=\"\" data-large_image_width=\"2048\" data-large_image_height=\"1536\"href='https:\/\/www.radiopiu.net\/wordpress\/wp-content\/uploads\/2022\/04\/Agordo_foto-di-gruppo.jpeg'><img loading=\"lazy\" decoding=\"async\" width=\"300\" height=\"225\" src=\"https:\/\/www.radiopiu.net\/wordpress\/wp-content\/uploads\/2022\/04\/Agordo_foto-di-gruppo-300x225.jpeg\" class=\"attachment-medium size-medium\" alt=\"\" srcset=\"https:\/\/www.radiopiu.net\/wordpress\/wp-content\/uploads\/2022\/04\/Agordo_foto-di-gruppo-300x225.jpeg 300w, https:\/\/www.radiopiu.net\/wordpress\/wp-content\/uploads\/2022\/04\/Agordo_foto-di-gruppo-1024x768.jpeg 1024w, https:\/\/www.radiopiu.net\/wordpress\/wp-content\/uploads\/2022\/04\/Agordo_foto-di-gruppo-768x576.jpeg 768w, https:\/\/www.radiopiu.net\/wordpress\/wp-content\/uploads\/2022\/04\/Agordo_foto-di-gruppo-1536x1152.jpeg 1536w, https:\/\/www.radiopiu.net\/wordpress\/wp-content\/uploads\/2022\/04\/Agordo_foto-di-gruppo.jpeg 2048w\" sizes=\"auto, (max-width: 300px) 100vw, 300px\" \/><\/a>\n\t\t\t\t<\/dt><\/dl><br style=\"clear: both\" \/>\n\t\t\t<\/div>\n\n<p>&nbsp;<\/p>\n<p><strong><span style=\"color: #ff0000;\">ARCHIVIO RADIOPIU\u00a0 07 dicembre 2021<\/span><\/strong><\/p>\n<p><strong>AGORDO\u00a0<\/strong>Da ieri i ragazzi del centro diurno si sono trasferiti dalla &#8220;vecchia&#8221; sede del polifunzionale a quella nuova fiammante di Via Insurrezione. Una palazzina a loro disposizione con tanti servizi. Prossimamente ci sar\u00e0 anche l&#8217;inaugurazione. Nel primo giorno del nuovo centro diurno, ai microfoni di Radio Pi\u00f9 Helena Zardin la responsabile del centro diurno di Agordo<\/p>\n<audio class=\"wp-audio-shortcode\" id=\"audio-272942-5\" preload=\"none\" style=\"width: 100%;\" controls=\"controls\"><source type=\"audio\/mpeg\" src=\"https:\/\/www.radiopiu.net\/wordpress\/wp-content\/uploads\/2021\/12\/helena-zarzin-centro-diurno.mp3?_=5\" \/><a href=\"https:\/\/www.radiopiu.net\/wordpress\/wp-content\/uploads\/2021\/12\/helena-zarzin-centro-diurno.mp3\">https:\/\/www.radiopiu.net\/wordpress\/wp-content\/uploads\/2021\/12\/helena-zarzin-centro-diurno.mp3<\/a><\/audio>\n<p>di GIANNI SANTOMASO, CORRIERE ALPI<\/p>\n<audio class=\"wp-audio-shortcode\" id=\"audio-272942-6\" preload=\"none\" style=\"width: 100%;\" controls=\"controls\"><source type=\"audio\/mpeg\" src=\"https:\/\/www.radiopiu.net\/wordpress\/wp-content\/uploads\/2021\/12\/gianni-centro-diurno.mp3?_=6\" \/><a href=\"https:\/\/www.radiopiu.net\/wordpress\/wp-content\/uploads\/2021\/12\/gianni-centro-diurno.mp3\">https:\/\/www.radiopiu.net\/wordpress\/wp-content\/uploads\/2021\/12\/gianni-centro-diurno.mp3<\/a><\/audio>\n<p>&nbsp;<\/p>\n<hr \/>\n<p>&nbsp;<\/p>\n<blockquote>\n<h3>DILLO A RADIO PIU&#8217;&#8230;PARCHESTOP, LA NUOVA MODA<\/h3>\n<\/blockquote>\n<p><strong>AGORDO<\/strong> Localit\u00e0 Valcozzena nei pressi dello stabilimento Luxottica, un\u00a0 residente segnala il nuovo parcheggio che\u00a0 ostruisce completamente la carreggiata dello STOP. Chi esce da Valcozzena deve fare gimcana per vedere se pu\u00f2 immettersi sulla provinciale. Nessun rispetto per chi in Valcozzena ci vive.<\/p>\n<p>&nbsp;<\/p>\n\n\t\t\t<style type='text\/css'>\n\t\t\t\t#gallery-2 {\n\t\t\t\t\tmargin: auto;\n\t\t\t\t}\n\t\t\t\t#gallery-2 .gallery-item {\n\t\t\t\t\tfloat: left;\n\t\t\t\t\tmargin-top: 10px;\n\t\t\t\t\ttext-align: center;\n\t\t\t\t\twidth: 33%;\n\t\t\t\t}\n\t\t\t\t#gallery-2 img {\n\t\t\t\t\tborder: 2px solid #cfcfcf;\n\t\t\t\t}\n\t\t\t\t#gallery-2 .gallery-caption {\n\t\t\t\t\tmargin-left: 0;\n\t\t\t\t}\n\t\t\t\t\/* see gallery_shortcode() in wp-includes\/media.php *\/\n\t\t\t<\/style>\n\t\t<div id='gallery-2' class='dt-gallery-container gallery galleryid-272942 gallery-columns-3 gallery-size-thumbnail'><dl class='gallery-item'>\n\t\t\t\t<dt class='gallery-icon landscape'>\n\t\t\t\t\t<a class=\"rollover rollover-zoom dt-pswp-item\" title=\"aaaaaaa\" data-dt-img-description=\"\" data-large_image_width=\"188\" data-large_image_height=\"101\"href='https:\/\/www.radiopiu.net\/wordpress\/wp-content\/uploads\/2022\/04\/aaaaaaa.jpg'><img loading=\"lazy\" decoding=\"async\" width=\"150\" height=\"101\" src=\"https:\/\/www.radiopiu.net\/wordpress\/wp-content\/uploads\/2022\/04\/aaaaaaa-150x101.jpg\" class=\"attachment-thumbnail size-thumbnail\" alt=\"\" \/><\/a>\n\t\t\t\t<\/dt><\/dl><dl class='gallery-item'>\n\t\t\t\t<dt class='gallery-icon portrait'>\n\t\t\t\t\t<a class=\"rollover rollover-zoom dt-pswp-item\" title=\"d28d212a-0867-4e0a-a9c8-d3c428faeeb7\" data-dt-img-description=\"\" data-large_image_width=\"600\" data-large_image_height=\"800\"href='https:\/\/www.radiopiu.net\/wordpress\/wp-content\/uploads\/2022\/04\/d28d212a-0867-4e0a-a9c8-d3c428faeeb7.jpg'><img loading=\"lazy\" decoding=\"async\" width=\"150\" height=\"150\" src=\"https:\/\/www.radiopiu.net\/wordpress\/wp-content\/uploads\/2022\/04\/d28d212a-0867-4e0a-a9c8-d3c428faeeb7-150x150.jpg\" class=\"attachment-thumbnail size-thumbnail\" alt=\"\" \/><\/a>\n\t\t\t\t<\/dt><\/dl><dl class='gallery-item'>\n\t\t\t\t<dt class='gallery-icon landscape'>\n\t\t\t\t\t<a class=\"rollover rollover-zoom dt-pswp-item\" title=\"sss\" data-dt-img-description=\"\" data-large_image_width=\"513\" data-large_image_height=\"238\"href='https:\/\/www.radiopiu.net\/wordpress\/wp-content\/uploads\/2022\/04\/sss-2.jpg'><img loading=\"lazy\" decoding=\"async\" width=\"150\" height=\"150\" src=\"https:\/\/www.radiopiu.net\/wordpress\/wp-content\/uploads\/2022\/04\/sss-2-150x150.jpg\" class=\"attachment-thumbnail size-thumbnail\" alt=\"\" \/><\/a>\n\t\t\t\t<\/dt><\/dl><br style=\"clear: both\" \/>\n\t\t\t<\/div>\n\n<p>&nbsp;<\/p>\n<hr \/>\n<p>&nbsp;<\/p>\n<blockquote>\n<h3>BIM GSP CHIUDE POSITIVAMENTE IL BILANCIO 2021<\/h3>\n<\/blockquote>\n<p><strong><a class=\"dt-pswp-item\" href=\"https:\/\/www.radiopiu.net\/wordpress\/wp-content\/uploads\/2021\/06\/th-12.jpg\" data-dt-img-description=\"\" data-large_image_width=\"282\" data-large_image_height=\"188\"><img loading=\"lazy\" decoding=\"async\" class=\" wp-image-216172 alignleft\" src=\"https:\/\/www.radiopiu.net\/wordpress\/wp-content\/uploads\/2021\/06\/th-12-150x150.jpg\" alt=\"\" width=\"107\" height=\"107\" \/><\/a>BELLUNO\u00a0<\/strong> Chiuso\u00a0 il bilancio di esercizio 2021 di Bim Gsp: patrimonio\u00a0 59,2 milioni di euro, valore della produzione a 28 milioni, costi a 23,8 milioni, investimenti a 10,3 milioni, indebitamento sceso a 29 milioni e risultato netto 17 milioni di euro. Dati illustrati ieri ai comuni soci dal presidente del Consiglio di Amministrazione, Attilio Sommavilla, e approvati a maggioranza dai presenti. Malgrado l\u2019emergenza sanitaria abbia connotato fortemente anche il 2021, Gsp ha garantito con continuit\u00e0 il servizio ai cittadini: 44mila telefonate gestite, di cui 11mila per Pronto Intervento, 420mila bollette emesse, di cui 133mila online, oltre 3mila appuntamenti allo sportello e pi\u00f9 di 6mila pratiche svolte tramite mail e sito, oltre 27mila gli interventi tecnici effettuati sul territorio. Nonostante il consistente aumento dei prezzi delle materie prime e il caro-energia, Gsp nel 2021 ha realizzato opere per 10,3 milioni di euro. In crescita il processo di digitalizzazione delle infrastrutture idriche. <em>\u201cAbbiamo obiettivi impegnativi e molto sfidanti da conseguire \u2013 spiega Sommavilla \u2013 come la salvaguardia delle sorgenti, il contenimento delle perdite di rete, la distrettualizzazione, modellazione ed interconnessione degli acquedotti, l\u2019estensione della rete fognaria, il potenziamento del processo depurativo, la riduzione dei consumi energetici, l\u2019efficientamento del patrimonio infrastrutturale esistente: il nostro impegno, quindi, anche nel futuro sar\u00e0 orientato nella direzione della crescita, dell\u2019innovazione e del miglioramento continuo del servizio reso al territorio\u201d.<\/em><\/p>\n<p>&nbsp;<\/p>\n<p>&nbsp;<\/p>\n<hr \/>\n<p>&nbsp;<\/p>\n<blockquote>\n<h3>IL COMITATO D\u2019INTESA E LE ASSOCIAZIONI INCONTRANO LA MINISTRA ERIKA STEFANI<\/h3>\n<\/blockquote>\n<p><a class=\"dt-pswp-item\" href=\"https:\/\/www.radiopiu.net\/wordpress\/wp-content\/uploads\/2022\/04\/andrich-stefani-e-corsetti-1.jpg\" data-dt-img-description=\"\" data-large_image_width=\"952\" data-large_image_height=\"459\"><img loading=\"lazy\" decoding=\"async\" class=\"wp-image-273086 alignleft\" src=\"https:\/\/www.radiopiu.net\/wordpress\/wp-content\/uploads\/2022\/04\/andrich-stefani-e-corsetti-1-300x145.jpg\" alt=\"\" width=\"292\" height=\"141\" srcset=\"https:\/\/www.radiopiu.net\/wordpress\/wp-content\/uploads\/2022\/04\/andrich-stefani-e-corsetti-1-300x145.jpg 300w, https:\/\/www.radiopiu.net\/wordpress\/wp-content\/uploads\/2022\/04\/andrich-stefani-e-corsetti-1-768x370.jpg 768w, https:\/\/www.radiopiu.net\/wordpress\/wp-content\/uploads\/2022\/04\/andrich-stefani-e-corsetti-1.jpg 952w\" sizes=\"auto, (max-width: 292px) 100vw, 292px\" \/><\/a><strong>BELLUNO<\/strong> Tavolo di confronto ieri pomeriggio tra la Ministra per le disabilit\u00e0, Erika Stefani, e le tante associazioni aderenti al Comitato d\u2019Intesa che si occupano di tale settore. Molte le associazioni presenti al tavolo di confronto, che hanno posto delle domande e presentato proposte alla Ministra.<br \/>\nGianluca Corsetti, presidente del Comitato d\u2019Intesa: <em>\u201cAvere ospite la Ministra Stefani ci ha permesso di capire il ruolo molto importante dell\u2019Ufficio per le Disabilit\u00e0 come collegamento tra la normative e le leggi promosse dai vari ministeri&#8221;.\u00a0 <\/em>La Legge Delega al Governo in tema di disabilit\u00e0 di fine 2021 \u00e8 stata commentata dalla Ministra Stefani che ha dichiarato: <em>\u201cLe legge potrebbe certamente avere ricadute sui territori, compreso il bellunese, in quanto prevede la possibilit\u00e0 di attuare progetti individuali di vita e di creare nuclei di valutazione multidisciplinari dove rendere partecipi come protagonisti il Terzo settore, incluse le parti sociale e sanitaria, con al centro la persona con disabilit\u00e0 e le famiglie. Vi sono fondi stanziati che possono avere una ricaduta sul territorio. Oltre ai fondi del PNRR, che poi potranno essere ripartiti a seconda dei bandi, come ufficio per le disabilit\u00e0 abbiamo previsto 90 milioni di euro gi\u00e0 messi a bando che saranno ripartititi a breve tra le regioni sulle base di loro piani, ad esempio su turismo accessibile, per il Terzo settore, per i comuni. Poi i \u201cfondi autismo\u201d: quasi 100 milioni ripartiti alle regioni per progettualit\u00e0 socioassistenziali e per lo spettro autistico\u201d.<\/em><\/p>\n<p>&nbsp;<\/p>\n<p>&nbsp;<\/p>\n<hr \/>\n<p>&nbsp;<\/p>\n<blockquote class=\"wp-embedded-content\" data-secret=\"2oulJyNclF\"><p><a href=\"https:\/\/www.radiopiu.net\/wordpress\/aggnazionaleaprile29\/\">CORONAVIRUS: AGGIORNAMENTO NAZIONALE 28 APRILE 2022<\/a><\/p><\/blockquote>\n<p><iframe loading=\"lazy\" class=\"wp-embedded-content\" sandbox=\"allow-scripts\" security=\"restricted\" style=\"position: absolute; clip: rect(1px, 1px, 1px, 1px);\" title=\"&#8220;CORONAVIRUS: AGGIORNAMENTO NAZIONALE 28 APRILE 2022&#8221; &#8212; Radio Pi\u00f9\" src=\"https:\/\/www.radiopiu.net\/wordpress\/aggnazionaleaprile29\/embed\/#?secret=vV16fmkQl0#?secret=2oulJyNclF\" data-secret=\"2oulJyNclF\" width=\"600\" height=\"338\" frameborder=\"0\" marginwidth=\"0\" marginheight=\"0\" scrolling=\"no\"><\/iframe><\/p>\n<p>&nbsp;<\/p>\n<blockquote class=\"wp-embedded-content\" data-secret=\"hd2DTtVAzM\"><p><a href=\"https:\/\/www.radiopiu.net\/wordpress\/aggazzeroaprilea29\/\">STABILI I RICOVERI, 16 DECESSI E PIU&#8217; DI 6 MILA NUOVI POSITIVI IN 24 ORE IN VENETO<\/a><\/p><\/blockquote>\n<p><iframe loading=\"lazy\" class=\"wp-embedded-content\" sandbox=\"allow-scripts\" security=\"restricted\" style=\"position: absolute; clip: rect(1px, 1px, 1px, 1px);\" title=\"&#8220;STABILI I RICOVERI, 16 DECESSI E PIU&#8217; DI 6 MILA NUOVI POSITIVI IN 24 ORE IN VENETO&#8221; &#8212; Radio Pi\u00f9\" src=\"https:\/\/www.radiopiu.net\/wordpress\/aggazzeroaprilea29\/embed\/#?secret=G75tBCQAJl#?secret=hd2DTtVAzM\" data-secret=\"hd2DTtVAzM\" width=\"600\" height=\"338\" frameborder=\"0\" marginwidth=\"0\" marginheight=\"0\" scrolling=\"no\"><\/iframe><\/p>\n<p>&nbsp;<\/p>\n<h2 dir=\"auto\">I GRAFICI DI TIZIANO DE COL<\/h2>\n\n\t\t\t<style type='text\/css'>\n\t\t\t\t#gallery-3 {\n\t\t\t\t\tmargin: auto;\n\t\t\t\t}\n\t\t\t\t#gallery-3 .gallery-item {\n\t\t\t\t\tfloat: left;\n\t\t\t\t\tmargin-top: 10px;\n\t\t\t\t\ttext-align: center;\n\t\t\t\t\twidth: 33%;\n\t\t\t\t}\n\t\t\t\t#gallery-3 img {\n\t\t\t\t\tborder: 2px solid #cfcfcf;\n\t\t\t\t}\n\t\t\t\t#gallery-3 .gallery-caption {\n\t\t\t\t\tmargin-left: 0;\n\t\t\t\t}\n\t\t\t\t\/* see gallery_shortcode() in wp-includes\/media.php *\/\n\t\t\t<\/style>\n\t\t<div id='gallery-3' class='dt-gallery-container gallery galleryid-272942 gallery-columns-3 gallery-size-thumbnail'><dl class='gallery-item'>\n\t\t\t\t<dt class='gallery-icon landscape'>\n\t\t\t\t\t<a class=\"rollover rollover-zoom dt-pswp-item\" title=\"928ae1b5-9b1f-4096-836a-7c24eb5fe6e5\" data-dt-img-description=\"\" data-large_image_width=\"588\" data-large_image_height=\"362\"href='https:\/\/www.radiopiu.net\/wordpress\/wp-content\/uploads\/2022\/04\/928ae1b5-9b1f-4096-836a-7c24eb5fe6e5.jpg'><img loading=\"lazy\" decoding=\"async\" width=\"150\" height=\"150\" src=\"https:\/\/www.radiopiu.net\/wordpress\/wp-content\/uploads\/2022\/04\/928ae1b5-9b1f-4096-836a-7c24eb5fe6e5-150x150.jpg\" class=\"attachment-thumbnail size-thumbnail\" alt=\"\" \/><\/a>\n\t\t\t\t<\/dt><\/dl><dl class='gallery-item'>\n\t\t\t\t<dt class='gallery-icon landscape'>\n\t\t\t\t\t<a class=\"rollover rollover-zoom dt-pswp-item\" title=\"8851cd80-e28b-4342-b145-d2b5eb43caf2\" data-dt-img-description=\"\" data-large_image_width=\"595\" data-large_image_height=\"356\"href='https:\/\/www.radiopiu.net\/wordpress\/wp-content\/uploads\/2022\/04\/8851cd80-e28b-4342-b145-d2b5eb43caf2.jpg'><img loading=\"lazy\" decoding=\"async\" width=\"150\" height=\"150\" src=\"https:\/\/www.radiopiu.net\/wordpress\/wp-content\/uploads\/2022\/04\/8851cd80-e28b-4342-b145-d2b5eb43caf2-150x150.jpg\" class=\"attachment-thumbnail size-thumbnail\" alt=\"\" \/><\/a>\n\t\t\t\t<\/dt><\/dl><dl class='gallery-item'>\n\t\t\t\t<dt class='gallery-icon landscape'>\n\t\t\t\t\t<a class=\"rollover rollover-zoom dt-pswp-item\" title=\"1ced8d68-9acf-4bbd-a8fa-5586eff62037\" data-dt-img-description=\"\" data-large_image_width=\"610\" data-large_image_height=\"371\"href='https:\/\/www.radiopiu.net\/wordpress\/wp-content\/uploads\/2022\/04\/1ced8d68-9acf-4bbd-a8fa-5586eff62037.jpg'><img loading=\"lazy\" decoding=\"async\" width=\"150\" height=\"150\" src=\"https:\/\/www.radiopiu.net\/wordpress\/wp-content\/uploads\/2022\/04\/1ced8d68-9acf-4bbd-a8fa-5586eff62037-150x150.jpg\" class=\"attachment-thumbnail size-thumbnail\" alt=\"\" \/><\/a>\n\t\t\t\t<\/dt><\/dl><br style=\"clear: both\" \/><dl class='gallery-item'>\n\t\t\t\t<dt class='gallery-icon landscape'>\n\t\t\t\t\t<a class=\"rollover rollover-zoom dt-pswp-item\" title=\"8717f6f7-2f11-492f-abca-faaefa41ff80\" data-dt-img-description=\"\" data-large_image_width=\"604\" data-large_image_height=\"360\"href='https:\/\/www.radiopiu.net\/wordpress\/wp-content\/uploads\/2022\/04\/8717f6f7-2f11-492f-abca-faaefa41ff80.jpg'><img loading=\"lazy\" decoding=\"async\" width=\"150\" height=\"150\" src=\"https:\/\/www.radiopiu.net\/wordpress\/wp-content\/uploads\/2022\/04\/8717f6f7-2f11-492f-abca-faaefa41ff80-150x150.jpg\" class=\"attachment-thumbnail size-thumbnail\" alt=\"\" \/><\/a>\n\t\t\t\t<\/dt><\/dl><dl class='gallery-item'>\n\t\t\t\t<dt class='gallery-icon landscape'>\n\t\t\t\t\t<a class=\"rollover rollover-zoom dt-pswp-item\" title=\"95b2f2f8-fa30-456c-9568-37d354bf4570\" data-dt-img-description=\"\" data-large_image_width=\"620\" data-large_image_height=\"363\"href='https:\/\/www.radiopiu.net\/wordpress\/wp-content\/uploads\/2022\/04\/95b2f2f8-fa30-456c-9568-37d354bf4570.jpg'><img loading=\"lazy\" decoding=\"async\" width=\"150\" height=\"150\" src=\"https:\/\/www.radiopiu.net\/wordpress\/wp-content\/uploads\/2022\/04\/95b2f2f8-fa30-456c-9568-37d354bf4570-150x150.jpg\" class=\"attachment-thumbnail size-thumbnail\" alt=\"\" \/><\/a>\n\t\t\t\t<\/dt><\/dl><dl class='gallery-item'>\n\t\t\t\t<dt class='gallery-icon landscape'>\n\t\t\t\t\t<a class=\"rollover rollover-zoom dt-pswp-item\" title=\"b6245831-e956-4af4-8336-aa731d89535d\" data-dt-img-description=\"\" data-large_image_width=\"614\" data-large_image_height=\"370\"href='https:\/\/www.radiopiu.net\/wordpress\/wp-content\/uploads\/2022\/04\/b6245831-e956-4af4-8336-aa731d89535d.jpg'><img loading=\"lazy\" decoding=\"async\" width=\"150\" height=\"150\" src=\"https:\/\/www.radiopiu.net\/wordpress\/wp-content\/uploads\/2022\/04\/b6245831-e956-4af4-8336-aa731d89535d-150x150.jpg\" class=\"attachment-thumbnail size-thumbnail\" alt=\"\" \/><\/a>\n\t\t\t\t<\/dt><\/dl><br style=\"clear: both\" \/>\n\t\t\t<\/div>\n\n<p>&nbsp;<\/p>\n<hr \/>\n<p>&nbsp;<\/p>\n<blockquote>\n<h3>CAMBIO MEDICO A LONGARONE<\/h3>\n<\/blockquote>\n<p><strong>BELLUNO <\/strong>Il 30 aprile 2022 il dr. Nazario Ponticiello cessa l\u2019attivit\u00e0 di medico di assistenza primaria nell\u2019ambito territoriale dei Comuni di Longarone, Ospitale di Cadore, Val di Zoldo e Zopp\u00e8 di Cadore. Gli assistiti del dr. Ponticiello saranno provvisoriamente ripartiti tra i dottori Paola Callegari, Ali\u00a0 Chreyha e Giovanni Tanzi in base alle iniziali del cognome, come esposto nel prospetto, e verranno assegnati loro d\u2019ufficio. Non sar\u00e0 pertanto necessario che gli stessi si rechino presso gli sportelli anagrafe della ULSS per effettuare la scelta del nuovo medico.<\/p>\n<p>&nbsp;<\/p>\n<p>&nbsp;<\/p>\n<hr \/>\n<p>&nbsp;<\/p>\n<blockquote class=\"wp-embedded-content\" data-secret=\"1BT11cXDI7\"><p><a href=\"https:\/\/www.radiopiu.net\/wordpress\/ieri-a-mel-il-congresso-provinciale-del-siulp\/\">IERI A MEL IL CONGRESSO PROVINCIALE DEL SIULP<\/a><\/p><\/blockquote>\n<p><iframe loading=\"lazy\" class=\"wp-embedded-content\" sandbox=\"allow-scripts\" security=\"restricted\" style=\"position: absolute; clip: rect(1px, 1px, 1px, 1px);\" title=\"&#8220;IERI A MEL IL CONGRESSO PROVINCIALE DEL SIULP&#8221; &#8212; Radio Pi\u00f9\" src=\"https:\/\/www.radiopiu.net\/wordpress\/ieri-a-mel-il-congresso-provinciale-del-siulp\/embed\/#?secret=ND9rQpSMvr#?secret=1BT11cXDI7\" data-secret=\"1BT11cXDI7\" width=\"600\" height=\"338\" frameborder=\"0\" marginwidth=\"0\" marginheight=\"0\" scrolling=\"no\"><\/iframe><\/p>\n<p>&nbsp;<\/p>\n<hr \/>\n<p>&nbsp;<\/p>\n<blockquote>\n<h3>MANUTENZIONE IN CITTA&#8217;, LUCIANI (LEGA): &#8220;NON E&#8217; SOLO SULLE GRANDI OPERE CHE SI COSTRUISCE LA BELLEZZA DELLA CITTA'&#8221;<\/h3>\n<\/blockquote>\n<p><strong>BELLUNO<\/strong> \u201c<em>Siamo contenti che i cittadini segnalino cosa non funziona, dimostra attaccamento al territorio. Ma rende anche evidente la necessit\u00e0 di un cambio di passo, le frazioni sono abbandonate a s\u00e9 stesse<\/em>\u201d, con queste parole il segretario cittadino della Lega Paolo Luciani riprende la segnalazione di una residente di Cavarzano, amareggiata per lo stato in cui versa il suo quartiere, uno dei pi\u00f9 popolosi del capoluogo<\/p>\n<p><strong>PAOLO LUCIANI, LEGA CITTA&#8217; DI BELLUNO<\/strong><\/p>\n<audio class=\"wp-audio-shortcode\" id=\"audio-272942-7\" preload=\"none\" style=\"width: 100%;\" controls=\"controls\"><source type=\"audio\/mpeg\" src=\"https:\/\/www.radiopiu.net\/wordpress\/wp-content\/uploads\/2022\/04\/Luciani-su-manutenzioni-29.04.22.mp3?_=7\" \/><a href=\"https:\/\/www.radiopiu.net\/wordpress\/wp-content\/uploads\/2022\/04\/Luciani-su-manutenzioni-29.04.22.mp3\">https:\/\/www.radiopiu.net\/wordpress\/wp-content\/uploads\/2022\/04\/Luciani-su-manutenzioni-29.04.22.mp3<\/a><\/audio>\n<p>&nbsp;<\/p>\n<hr \/>\n<p>&nbsp;<\/p>\n<blockquote>\n<h3 class=\"p1\"><span class=\"s1\">L\u2019EDUCAZIONE SALE SUI MEZZI PUBBLICI, ALTRE SCOLARESCHE COINVOLTE NEL PROGETTO DI DOLOMITI BUS<\/span><\/h3>\n<\/blockquote>\n<p class=\"p1\"><span class=\"s1\"><strong><a class=\"dt-pswp-item\" href=\"https:\/\/www.radiopiu.net\/wordpress\/wp-content\/uploads\/2018\/08\/dolomitibus.jpeg\" data-dt-img-description=\"\" data-large_image_width=\"621\" data-large_image_height=\"414\"><img loading=\"lazy\" decoding=\"async\" class=\" wp-image-59158 alignleft\" src=\"https:\/\/www.radiopiu.net\/wordpress\/wp-content\/uploads\/2018\/08\/dolomitibus-150x150.jpeg\" alt=\"\" width=\"105\" height=\"105\" \/><\/a>BELLUNO <\/strong>Un giro in autobus, con tanto di salita del controllore, per imparare come si utilizzano i mezzi pubblici. \u00c8 ripartito il progetto di \u201cEducazione a una mobilit\u00e0 sicura e sostenibile\u201d, curato ormai da diversi anni da Dolomiti Bus. L\u2019azienda di trasporto pubblico del territorio ha ospitato negli ultimi tre giorni (26-27-28 aprile) diverse classi delle scuole materne di Belluno, per altrettante mattinate di scoperta degli autobus e soprattutto dei comportamenti civili da tenere a bordo dei mezzi. <\/span><span class=\"s1\">Il progetto infatti, in collaborazione con la Questura di Belluno, si struttura in una serie di incontri per le scuole, con l\u2019obiettivo di sviluppare il rispetto per la cosa pubblica e le buone regole del vivere civile.\u00a0 <\/span><span class=\"s1\">Negli ultimi tre giorni, le classi delle materne hanno visitato la sede dell\u2019azienda e hanno cominciato la mattinata con una breve spiegazione su come funziona il trasporto pubblico e sull\u2019impegno dell\u2019azienda per assicurare ogni giorno degli autobus puliti e sanificati per un servizio sicuro sotto tutti gli aspetti. Poi, hanno potuto provare un giro in bus, in un circuito predisposto nel piazzale di via Col da Ren, sperimentando in maniera pratica l\u2019attesa alla fermata, la salita a bordo e la timbratura del biglietto. Durante il tragitto, sull\u2019autobus \u00e8 salito anche il controllore. La mattinata si \u00e8 conclusa con la dimostrazione del lavaggio dei mezzi e con una merenda offerta dall\u2019azienda.<\/span><\/p>\n<p>&nbsp;<\/p>\n<hr \/>\n<p>&nbsp;<\/p>\n<blockquote>\n<h3>IL NUOVO MUSEO ARCHEOLOGICO A FELTRE<\/h3>\n<\/blockquote>\n<p>&nbsp;<\/p>\n<p><strong>FELTRE <\/strong>Inaugurato ieri il nuvoo allestimento del Museo Archeologico in un contesto architettonico di grande pregio,<\/p>\n<p>TIZIANA CASAGRANDE<\/p>\n<div style=\"width: 640px;\" class=\"wp-video\"><video class=\"wp-video-shortcode\" id=\"video-272942-1\" width=\"640\" height=\"352\" preload=\"metadata\" controls=\"controls\"><source type=\"video\/mp4\" src=\"https:\/\/www.radiopiu.net\/wordpress\/wp-content\/uploads\/2022\/04\/WhatsApp-Video-2022-04-30-at-09.53.40.mp4?_=1\" \/><a href=\"https:\/\/www.radiopiu.net\/wordpress\/wp-content\/uploads\/2022\/04\/WhatsApp-Video-2022-04-30-at-09.53.40.mp4\">https:\/\/www.radiopiu.net\/wordpress\/wp-content\/uploads\/2022\/04\/WhatsApp-Video-2022-04-30-at-09.53.40.mp4<\/a><\/video><\/div>\n<p>&nbsp;<\/p>\n<h3><a class=\"dt-pswp-item\" href=\"https:\/\/www.radiopiu.net\/wordpress\/wp-content\/uploads\/2021\/10\/consiglieri019-scaled.jpg\" data-dt-img-description=\"VENEZIA 08-10-2020.FOTOATTUALITA'. PALAZZO FERRO FINI.CONSIGLIO REGIONALE . RITRATTI DEI NUOVI CONSIGLIERI REGIONALI.NELLA FOTO: SILVIA CESTARO\" data-large_image_width=\"1752\" data-large_image_height=\"2560\"><img loading=\"lazy\" decoding=\"async\" class=\" wp-image-237952 alignleft\" src=\"https:\/\/www.radiopiu.net\/wordpress\/wp-content\/uploads\/2021\/10\/consiglieri019-150x150.jpg\" alt=\"\" width=\"88\" height=\"88\" \/><\/a><\/h3>\n<p>per la Regione era presente il consigliere bellunese Silvia Cestaro\u00a0<strong><br \/>\n<\/strong><\/p>\n<audio class=\"wp-audio-shortcode\" id=\"audio-272942-8\" preload=\"none\" style=\"width: 100%;\" controls=\"controls\"><source type=\"audio\/mpeg\" src=\"https:\/\/www.radiopiu.net\/wordpress\/wp-content\/uploads\/2022\/04\/cestaro-1.mp3?_=8\" \/><a href=\"https:\/\/www.radiopiu.net\/wordpress\/wp-content\/uploads\/2022\/04\/cestaro-1.mp3\">https:\/\/www.radiopiu.net\/wordpress\/wp-content\/uploads\/2022\/04\/cestaro-1.mp3<\/a><\/audio>\n<p>&nbsp;<\/p>\n<p>&nbsp;<\/p>\n<hr \/>\n<p>&nbsp;<\/p>\n<blockquote>\n<h3>SETTIMANA DELL&#8217;AFFIDO 2-7 MAGGIO<\/h3>\n<\/blockquote>\n<p><strong>ALLEGHE<\/strong> Storie di vita quotidiana per una comunit\u00e0 che cresce insieme, questo il motto della quattro giorni organizzata in provincia dai centri per l&#8217;affido e la solidariet\u00e0 familiare (Ulss1). Ad Alleghe l&#8217;appuntamento \u00e8 per\u00a0 lunedi 2 maggio alle 17.30\u00a0 in sala della biblioteca\u00a0 del Municipio &#8220;Raccontiamo l&#8217;affido&#8221; per i bambini, alle 20.30 per i genitori.\u00a0 Nello stesso giorno incontri a Valle di Cadore (17.30 centro polifunzionale) e Feltre (16 in sala convegni dell&#8217;ospedale). Il 3 maggio a Feltre incontro per le famiglie in rete alle 18 presso l&#8217;ospedale, il 4 maggio a Belluno con le famiglia affidatarie in cerchio alle 20.30 a Villa Doglioni Dal Mas e Sabato alle 10 (sempre a Villa Doglioni) Accogliere la diversit\u00e0, riflessioni sulla solidariet\u00e0 e l&#8217;accoglienza con lo psicologo-formatore Marco Chistolini.<\/p>\n<p>&nbsp;<\/p>\n<p>&nbsp;<\/p>\n<hr \/>\n<p>&nbsp;<\/p>\n<blockquote>\n<h3>INCONTRO PER GENITORI ADOTTIVI<\/h3>\n<\/blockquote>\n<p><strong>BELLUNO\u00a0<\/strong>L\u2019Equipe Provinciale Adozione dell\u2019Ulss1 Dolomiti, in collaborazione con l\u2019Ente Autorizzato CIFA Onlus, ha organizzato un incontro mercoled\u00ec 4 maggio dalle ore 17.30 alle 19.30 presso il Consultorio Familiare della sede di Belluno (Localit\u00e0 Cusighe &#8211; via Sala n.35) dedicato alle famiglie adottive. L\u2019incontro sar\u00e0 tenuto da Paola De Piccoli e Francesco Uva psicologi psicoterapeuti. L\u2019iniziativa vuole essere un\u2019occasione di scambio, confronto e stimolo sul proprio vissuto e ruolo genitoriale. La partecipazione all\u2019incontro \u00e8 gratuita. L\u2019evento ha un numero massimo di partecipanti ed \u00e8 necessaria l\u2019iscrizione entro il 29 aprile tramite email all\u2019indirizzo: consultoriofamiliare.bl@aulss1.veneto.it. Per ulteriori informazioni contattare il Consultorio Familiare sede di Belluno al numero 0437 514975.<\/p>\n<p>&nbsp;<\/p>\n<p>&nbsp;<\/p>\n<hr \/>\n<p>&nbsp;<\/p>\n<blockquote>\n<h3><a class=\"dt-pswp-item\" href=\"https:\/\/www.radiopiu.net\/wordpress\/wp-content\/uploads\/2021\/02\/th.jpg\" data-dt-img-description=\"\" data-large_image_width=\"225\" data-large_image_height=\"156\"><img loading=\"lazy\" decoding=\"async\" class=\"wp-image-188402 alignleft\" src=\"https:\/\/www.radiopiu.net\/wordpress\/wp-content\/uploads\/2021\/02\/th-150x150.jpg\" alt=\"\" width=\"89\" height=\"89\" \/><\/a>OGGI CONSIGLIO IN MUNICIPIO A COLLE SANTA LUCIA<\/h3>\n<\/blockquote>\n<p><strong>COLLE SANTA LUCIA<\/strong> Oggi alle 8 del mattino i consiglieri si ritroveranno per il consiglio convocato dal sindaco Paolo Frena, all&#8217;ordine del giorno le variazioni al bilancio, l&#8217;approvazione del rendiconto 2021, le comunicazioni del sindaco sui contributi ai Comuni per le opere pubbliche per un totale di 134mila euro delle annualit\u00e0 2022. Da approvare anche il bilancio di esercizio e di previsioni di Asca.<\/p>\n<p>&nbsp;<\/p>\n<hr \/>\n<p>&nbsp;<\/p>\n<blockquote>\n<h3><a class=\"dt-pswp-item\" href=\"https:\/\/www.radiopiu.net\/wordpress\/wp-content\/uploads\/2020\/06\/CANALE-DAGORDO-6.jpg\" data-dt-img-description=\"\" data-large_image_width=\"960\" data-large_image_height=\"720\"><img loading=\"lazy\" decoding=\"async\" class=\" wp-image-142143 alignleft\" src=\"https:\/\/www.radiopiu.net\/wordpress\/wp-content\/uploads\/2020\/06\/CANALE-DAGORDO-6-150x150.jpg\" alt=\"\" width=\"102\" height=\"102\" \/><\/a>COLCERGNAN CHIAMA A RAPPORTO I CONSIGLIERI COMUNALI PER MERCOLEDI&#8217;<\/h3>\n<\/blockquote>\n<p><strong>CANALE D&#8217;AGORDO<\/strong> \u00c8 in programma per mercoled\u00ec alle 20:30 in sala Lina Zand\u00f2 il consiglio comunale di Canale D&#8217;Agordo. Il sindaco Flavio Colcergnan ha chiamato a rapporto i consiglieri per discutere otto punti all&#8217;ordine del giorno. Tra questi si parler\u00e0 del bilancio di previsione e del bilancio di esercizio di ASCA, del nuovo regolamento edilizio, dei piani degli interventi e della mutazione di destinazione di terreni di uso civico per la realizzazione di un percorso ciclo escursionistico per il freeride.<\/p>\n<p>&nbsp;<\/p>\n<p>&nbsp;<\/p>\n<p>&nbsp;<\/p>\n<hr \/>\n<blockquote>\n<h3><\/h3>\n<h3>PRIMO MAGGIO A BELLUNO AL PARCO CITTA&#8217; DI BOLOGNA<\/h3>\n<\/blockquote>\n<p><strong>BELLUNO<\/strong><\/p>\n<p><strong>di Roberto Bona<\/strong><\/p>\n<audio class=\"wp-audio-shortcode\" id=\"audio-272942-9\" preload=\"none\" style=\"width: 100%;\" controls=\"controls\"><source type=\"audio\/mpeg\" src=\"https:\/\/www.radiopiu.net\/wordpress\/wp-content\/uploads\/2022\/04\/ROBERTO-BONA-PRIMO-MAGGIO-BELLUNO.mp3?_=9\" \/><a href=\"https:\/\/www.radiopiu.net\/wordpress\/wp-content\/uploads\/2022\/04\/ROBERTO-BONA-PRIMO-MAGGIO-BELLUNO.mp3\">https:\/\/www.radiopiu.net\/wordpress\/wp-content\/uploads\/2022\/04\/ROBERTO-BONA-PRIMO-MAGGIO-BELLUNO.mp3<\/a><\/audio>\n<p>&nbsp;<\/p>\n\n\t\t\t<style type='text\/css'>\n\t\t\t\t#gallery-4 {\n\t\t\t\t\tmargin: auto;\n\t\t\t\t}\n\t\t\t\t#gallery-4 .gallery-item {\n\t\t\t\t\tfloat: left;\n\t\t\t\t\tmargin-top: 10px;\n\t\t\t\t\ttext-align: center;\n\t\t\t\t\twidth: 50%;\n\t\t\t\t}\n\t\t\t\t#gallery-4 img {\n\t\t\t\t\tborder: 2px solid #cfcfcf;\n\t\t\t\t}\n\t\t\t\t#gallery-4 .gallery-caption {\n\t\t\t\t\tmargin-left: 0;\n\t\t\t\t}\n\t\t\t\t\/* see gallery_shortcode() in wp-includes\/media.php *\/\n\t\t\t<\/style>\n\t\t<div id='gallery-4' class='dt-gallery-container gallery galleryid-272942 gallery-columns-2 gallery-size-thumbnail'><dl class='gallery-item'>\n\t\t\t\t<dt class='gallery-icon portrait'>\n\t\t\t\t\t<a class=\"rollover rollover-zoom dt-pswp-item\" title=\"6df4d811-3e1c-4645-9b06-3e4fd2e457a6\" data-dt-img-description=\"\" data-large_image_width=\"1131\" data-large_image_height=\"1600\"href='https:\/\/www.radiopiu.net\/wordpress\/wp-content\/uploads\/2022\/04\/6df4d811-3e1c-4645-9b06-3e4fd2e457a6.jpg'><img loading=\"lazy\" decoding=\"async\" width=\"150\" height=\"150\" src=\"https:\/\/www.radiopiu.net\/wordpress\/wp-content\/uploads\/2022\/04\/6df4d811-3e1c-4645-9b06-3e4fd2e457a6-150x150.jpg\" class=\"attachment-thumbnail size-thumbnail\" alt=\"\" \/><\/a>\n\t\t\t\t<\/dt><\/dl><dl class='gallery-item'>\n\t\t\t\t<dt class='gallery-icon landscape'>\n\t\t\t\t\t<a class=\"rollover rollover-zoom dt-pswp-item\" title=\"c7af8b85-4ec7-4c47-89f2-882d72877608\" data-dt-img-description=\"\" data-large_image_width=\"448\" data-large_image_height=\"269\"href='https:\/\/www.radiopiu.net\/wordpress\/wp-content\/uploads\/2022\/04\/c7af8b85-4ec7-4c47-89f2-882d72877608.jpg'><img loading=\"lazy\" decoding=\"async\" width=\"150\" height=\"150\" src=\"https:\/\/www.radiopiu.net\/wordpress\/wp-content\/uploads\/2022\/04\/c7af8b85-4ec7-4c47-89f2-882d72877608-150x150.jpg\" class=\"attachment-thumbnail size-thumbnail\" alt=\"\" \/><\/a>\n\t\t\t\t<\/dt><\/dl><br style=\"clear: both\" \/>\n\t\t\t<\/div>\n\n<p><strong>BELLUNO<\/strong> Dopo due anni di distanziamento legato alla pandemia, la Festa dei Lavoratori torna in centro a Belluno, dalle 10 Cgil, Cisl e Uil celebrano il Primo Maggio al Parco Citt\u00e0 di Bologna. \u201cAl lavoro per la pace\u201d, questo il titolo della Festa dei Lavoratori 2022, che mette in primo piano i temi della pace, del lavoro e della crescita del Paese. Previste le testimonianze dei delegati sindacali dei lavoratori e delle lavoratrici e gli interventi dei segretari generali di Cgil, Cisl e Uil territoriali.\u00a0 Per i Sindacati confederali, \u00e8 necessario pi\u00f9 che mai \u201cimpegnarsi in ogni modo per fermare la guerra e riagganciare la strada dello sviluppo e della crescita con un cambio di paradigma che guardi alla sostenibilit\u00e0 ambientale ma anche sociale, per un lavoro che sia di qualit\u00e0 e che metta al bando precariet\u00e0 e salari che offendono la dignit\u00e0 dei lavoratori.<\/p>\n<p><strong>AI MICROFONI DI RADIO PIU&#8217; IL SEGRETARIO GENERALE DELLA CISL BELLUNO-TREVISO MASSIMILIANO PAGLINI<\/strong><\/p>\n<audio class=\"wp-audio-shortcode\" id=\"audio-272942-10\" preload=\"none\" style=\"width: 100%;\" controls=\"controls\"><source type=\"audio\/mpeg\" src=\"https:\/\/www.radiopiu.net\/wordpress\/wp-content\/uploads\/2022\/04\/cisl1maggio.mp3?_=10\" \/><a href=\"https:\/\/www.radiopiu.net\/wordpress\/wp-content\/uploads\/2022\/04\/cisl1maggio.mp3\">https:\/\/www.radiopiu.net\/wordpress\/wp-content\/uploads\/2022\/04\/cisl1maggio.mp3<\/a><\/audio>\n<p>&nbsp;<\/p>\n<hr \/>\n<p>&nbsp;<\/p>\n<blockquote>\n<h3>IL 1 MAGGIO DELLO SPI CGIL<\/h3>\n<\/blockquote>\n<h3><strong style=\"font-size: 14px;\"><a class=\"dt-pswp-item\" href=\"https:\/\/www.radiopiu.net\/wordpress\/wp-content\/uploads\/2022\/04\/image007-1.jpg\" data-dt-img-description=\"\" data-large_image_width=\"171\" data-large_image_height=\"128\"><img loading=\"lazy\" decoding=\"async\" class=\"size-thumbnail wp-image-273136 alignleft\" src=\"https:\/\/www.radiopiu.net\/wordpress\/wp-content\/uploads\/2022\/04\/image007-1-150x128.jpg\" alt=\"\" width=\"150\" height=\"128\" \/><\/a><\/strong><\/h3>\n<p><strong>BELLUNO\u00a0<\/strong> Dopo l\u2019uscita dal mondo del lavoro i pensionati pensano\u00a0 al lavoro dei\u00a0 figli e nipoti, che possa valorizzare le loro attitudini e che metta tutti in buone condizioni economiche, e non ultimo, un lavoro che si riversi poi in pensioni che sostengano un tenore di vita adeguato.\u00a0 Domani alle 16 nella sala Donne della\u00a0\u00a0 Resistenza\u00a0\u00a0 piazza Parmeggiani, 15 a Feltre si parler\u00e0 di lavoro e libert\u00e0 attraverso la poesia il racconto e l\u2019immagine. Saranno presenti le autrici Fernanda Pauletti Paola Scapin Giancarla Tazzari. Silvana Vignaga interpreter\u00e0 nella lettura i lavori letterari. Iniziativa a cura di: Spi Cgil Belluno, Spi Cgil Feltre, Coordinamento Donne<\/p>\n<p>&nbsp;<\/p>\n<p>&nbsp;<\/p>\n<p>&nbsp;<\/p>\n<hr \/>\n<p>&nbsp;<\/p>\n<blockquote>\n<h3>ORDINANZE PER LA VIABILITA&#8217; NEL COMUNE DI BELLUNO<\/h3>\n<\/blockquote>\n<p><strong style=\"font-size: 14px;\"><img loading=\"lazy\" decoding=\"async\" class=\"alignleft\" src=\"https:\/\/www.radiopiu.net\/wordpress\/wp-content\/uploads\/2021\/10\/PIAZZA-MARTIRI-BELLUNO.jpg\" width=\"122\" height=\"81\" \/><\/strong><strong>VIE DE STEFANI, COL DI LANA E PAOLETTI\u00a0<\/strong> Dal 27 aprile al 30 maggio, per infrastruttura fibra senso unico alternato; restringimento della carreggiata in via De Stefani con divieto di sosta con rimozione forzata. VIE BAROZZI E PELLEGRINI Dal 30 aprile al 20 maggio senso unico alternato dalle 8 alle 18.\u00a0<strong style=\"font-size: 14px;\"><br \/>\n<\/strong><\/p>\n<p><span dir=\"ltr\" role=\"presentation\"><strong>\u00a0<\/strong><\/span><span dir=\"ltr\" role=\"presentation\"><strong>CERIMONIE 1 MAGGIO<\/strong>\u00a0 <\/span><span dir=\"ltr\" role=\"presentation\">Domenica 1\u00b0 maggio<\/span> \u00a0<span dir=\"ltr\" role=\"presentation\">alle 9.00 in Piazzale Marconi<\/span><span dir=\"ltr\" role=\"presentation\">,\u00a0 e <\/span><span dir=\"ltr\" role=\"presentation\">in<\/span> <span dir=\"ltr\" role=\"presentation\">localit\u00e0 La Rossa, alle 10.00:<\/span><span dir=\"ltr\" role=\"presentation\"> divieto di sosta con rimozione forzata dei veicoli in via Feltre, <\/span><span dir=\"ltr\" role=\"presentation\">nell&#8217;area di sosta compresa tra la chiesetta dell\u2019Istituto Sperti e la lapide dei <\/span><span dir=\"ltr\" role=\"presentation\">caduti situata sulla facciata del condominio \u201cPanoramica\u201d di piazzale Marconi <\/span><span dir=\"ltr\" role=\"presentation\">dalle\u00a0 7 fino al termine della cerimonia; <\/span>\u00a0<span dir=\"ltr\" role=\"presentation\">sospensione temporanea della circolazione veicolare in via Feltre nel tratto di <\/span><span dir=\"ltr\" role=\"presentation\">strada antistante alla chiesetta dell\u2019istituto Sperti\u00a0 per il tempo <\/span><span dir=\"ltr\" role=\"presentation\">strettamente necessario all\u2019effettuazione della cerimonia\u00a0<\/span><\/p>\n<p><span dir=\"ltr\" role=\"presentation\">\u00a0<\/span><span dir=\"ltr\" role=\"presentation\"><strong>VIA TASSO<\/strong> Oggi\u00a0 verranno presentati al pubblico i lavori eseguiti all\u2019interno dell\u2019ex Chiesa dei Gesuiti, divieto di sosta con rimozione forzata dei veicoli, dalle 11.00 alle 14.00.<br \/>\n<strong>PIAN DELLE FESTE<\/strong>\u00a0<\/span><span dir=\"ltr\" role=\"presentation\">Per consentire lo svolgimento\u00a0 di evento sportivo <\/span><span dir=\"ltr\" role=\"presentation\">\u00a0il 1\u00b0 maggio dalle 7.30\u00a0 alle 13.30<\/span><span dir=\"ltr\" role=\"presentation\">,<\/span> <span dir=\"ltr\" role=\"presentation\">lungo<\/span> <span dir=\"ltr\" role=\"presentation\">le<\/span> <span dir=\"ltr\" role=\"presentation\">vie<\/span> <span dir=\"ltr\" role=\"presentation\">della<\/span> <span dir=\"ltr\" role=\"presentation\">frazione<\/span> <span dir=\"ltr\" role=\"presentation\">di<\/span> <span dir=\"ltr\" role=\"presentation\">Castion<\/span><span dir=\"ltr\" role=\"presentation\"> divieto di sosta con rimozione forzata dei veicoli in via Pian delle <\/span><span dir=\"ltr\" role=\"presentation\">Feste,\u00a0 <\/span><span dir=\"ltr\" role=\"presentation\">\u00a0senso vietato in via Pian delle Feste, nella corsia di marcia in <\/span><span dir=\"ltr\" role=\"presentation\">discesa adiacente alla Scuola Elementare \u201cValeriano\u201d di Castion\u00a0<\/span><\/p>\n<p><strong>PIAZZA DEI MARTIRI<\/strong> <span dir=\"ltr\" role=\"presentation\">Dal 1\u00b0 maggio al 12 novembre 2022 <\/span><span dir=\"ltr\" role=\"presentation\">ampliamento dell\u2019area riservata ai ciclomotori e ai motocicli in Piazza dei Martiri, <\/span><span dir=\"ltr\" role=\"presentation\">\u00a0occupando circa una quindicina di metri di area pedonale verso il <\/span><span dir=\"ltr\" role=\"presentation\">centro della piazza. Tale ampliamento verr\u00e0 delimitato mediante la collocazione di <\/span><span dir=\"ltr\" role=\"presentation\">fioriere o di altri dissuasori della sosta<\/span><\/p>\n<p><strong>VIA SANTA MARIA DEI BATTUTI<\/strong> Dal 2 maggio al 15 giugno divieto di sosta per lavori di manutenzione dell&#8217;immobile<\/p>\n<p><strong>VIA SALA<\/strong> Dal 2 al 13 maggio\u00a0 senso unico alternato dalle 7.30 alle 17<\/p>\n<p><strong>VIA SAN PIETRO<\/strong> Fino al 31 maggio divieto di sosta<\/p>\n<p><strong>VIA MEZZATERRA<\/strong> IL 4 maggio divieto di sosta su uno stallo a pagamento al civico 65<\/p>\n<p>&nbsp;<\/p>\n<hr \/>\n<p>&nbsp;<\/p>\n<blockquote>\n<h3>BRONZO PER GIORDANO ALLE OLIMPIADI DELLA FISICA<\/h3>\n<\/blockquote>\n<div id=\"articleContent\" class=\"mercuryWrapper\">\n<div class=\"mercuryScroller\">\n<div class=\"mercuryElement\">\n<div class=\"mercuryBox\">\n<div id=\"articlePlain\">\n<div class=\"articlePlainText\"><strong><img loading=\"lazy\" decoding=\"async\" class=\"alignleft\" src=\"https:\/\/www.radiopiu.net\/wordpress\/wp-content\/uploads\/2022\/04\/giordano.png\" width=\"129\" height=\"148\" \/>FELTR<\/strong>E Sebastiano Giordano, della classe 5As, ha partecipato a Senigallia alla fase nazionale delle Olimpiadi della fisica entrando nella fascia di bronzo. Una bella soddisfazione per l&#8217;istituto, da cui arrivano i complimenti per il risultato ottenuto da questo studente del liceo scientifico.\u00a0 Sebastiano Giordano si \u00e8 qualificato anche alla fase nazionale delle Olimpiadi della matematica, sia in campo individuale che a squadre (insieme a Ethan De Toffoli della classe 4AS, Augusto Piccolin della 5AS, Lorenzo Bolzon della 5AS, Stefano Torchiani della 5AS, Michele Pauletti della 4AS e Alessio Spada della 3AA). Le finali sono in programma tra il 5 e l&#8217;8 maggio a Cesenatico.<\/div>\n<\/div>\n<\/div>\n<\/div>\n<\/div>\n<\/div>\n<div><\/div>\n<p>&nbsp;<\/p>\n<p>&nbsp;<\/p>\n<hr \/>\n<blockquote>\n<h3><\/h3>\n<h3>NEL RICORDO DI MANDELA &#8230; in English, of course<\/h3>\n<\/blockquote>\n<p><a class=\"dt-pswp-item\" href=\"https:\/\/www.radiopiu.net\/wordpress\/wp-content\/uploads\/2022\/04\/1285fa0c-020a-4e2a-bac5-757f6ef7f388.jpg\" data-dt-img-description=\"\" data-large_image_width=\"1599\" data-large_image_height=\"899\"><img loading=\"lazy\" decoding=\"async\" class=\"alignnone wp-image-273099 \" src=\"https:\/\/www.radiopiu.net\/wordpress\/wp-content\/uploads\/2022\/04\/1285fa0c-020a-4e2a-bac5-757f6ef7f388.jpg\" alt=\"\" width=\"296\" height=\"166\" srcset=\"https:\/\/www.radiopiu.net\/wordpress\/wp-content\/uploads\/2022\/04\/1285fa0c-020a-4e2a-bac5-757f6ef7f388.jpg 1599w, https:\/\/www.radiopiu.net\/wordpress\/wp-content\/uploads\/2022\/04\/1285fa0c-020a-4e2a-bac5-757f6ef7f388-300x169.jpg 300w, https:\/\/www.radiopiu.net\/wordpress\/wp-content\/uploads\/2022\/04\/1285fa0c-020a-4e2a-bac5-757f6ef7f388-1024x576.jpg 1024w, https:\/\/www.radiopiu.net\/wordpress\/wp-content\/uploads\/2022\/04\/1285fa0c-020a-4e2a-bac5-757f6ef7f388-768x432.jpg 768w, https:\/\/www.radiopiu.net\/wordpress\/wp-content\/uploads\/2022\/04\/1285fa0c-020a-4e2a-bac5-757f6ef7f388-1536x864.jpg 1536w\" sizes=\"auto, (max-width: 296px) 100vw, 296px\" \/><\/a><\/p>\n<p><strong>REDAZIONE<\/strong> Giornata\u00a0 speciale per le ragazze del corso di inglese pomeridiano di Livinallongo. Ieri dopo aver guardato il film &#8220;Long walk to freedom&#8221; sulla vita di Nelson Mandela, hanno incontrato\u00a0 un ospite speciale:\u00a0 Ken,\u00a0 70 anni ed \u00e8 sudafricano. Ha partecipato personalmente al percorso di liberazione dall&#8217;apartheid ed \u00e8 stato varie volte incarcerato per le proteste. Ha conosciuto personalmente Mandela e oggi\u00a0 ha raccontato alle alunne delle scuole medie della Oxford School della sua vita movimentata e della sua terra Insieme.<em> &#8220;Non sono mancate le domande e le riflessioni su questo importante pezzo di storia&#8221;<\/em> conclude l&#8217;insegnante Claudia Soppelsa<\/p>\n<p>&nbsp;<\/p>\n<hr \/>\n<p>&nbsp;<\/p>\n<blockquote>\n<h3><a class=\"dt-pswp-item\" href=\"https:\/\/www.radiopiu.net\/wordpress\/wp-content\/uploads\/2022\/04\/download-13.jpg\" data-dt-img-description=\"\" data-large_image_width=\"264\" data-large_image_height=\"191\"><img loading=\"lazy\" decoding=\"async\" class=\" wp-image-273127 alignleft\" src=\"https:\/\/www.radiopiu.net\/wordpress\/wp-content\/uploads\/2022\/04\/download-13-150x150.jpg\" alt=\"\" width=\"114\" height=\"114\" \/><\/a>ALL&#8217;AGOSTI FINE SETTIMANA\u00a0 SLEGANDO LA FANTASIA<\/h3>\n<\/blockquote>\n<p>BELLUNO<\/p>\n<p>DI ROBERTO BONA<\/p>\n<audio class=\"wp-audio-shortcode\" id=\"audio-272942-11\" preload=\"none\" style=\"width: 100%;\" controls=\"controls\"><source type=\"audio\/mpeg\" src=\"https:\/\/www.radiopiu.net\/wordpress\/wp-content\/uploads\/2022\/04\/ROBERTO-LEGO-1.mp3?_=11\" \/><a href=\"https:\/\/www.radiopiu.net\/wordpress\/wp-content\/uploads\/2022\/04\/ROBERTO-LEGO-1.mp3\">https:\/\/www.radiopiu.net\/wordpress\/wp-content\/uploads\/2022\/04\/ROBERTO-LEGO-1.mp3<\/a><\/audio>\n<p>&nbsp;<\/p>\n<p>&nbsp;<\/p>\n<hr \/>\n<blockquote>\n<h3><\/h3>\n<h3>\u201cASCOLTARE PER CONOSCERE\u201d CON IL LIBRO PARLATO DI FELTRE<\/h3>\n<\/blockquote>\n<p><strong class=\"photoswipe-wrapper\"><a class=\"dt-pswp-item pspw-wrap-ready\" href=\"https:\/\/www.radiopiu.net\/wordpress\/wp-content\/uploads\/2022\/04\/download-7.jpg\" data-dt-img-description=\"\" data-large_image_width=\"321\" data-large_image_height=\"157\"><img loading=\"lazy\" decoding=\"async\" class=\"alignleft wp-image-272306 \" src=\"https:\/\/www.radiopiu.net\/wordpress\/wp-content\/uploads\/2022\/04\/download-7-300x147.jpg\" sizes=\"auto, (max-width: 133px) 100vw, 133px\" srcset=\"https:\/\/www.radiopiu.net\/wordpress\/wp-content\/uploads\/2022\/04\/download-7-300x147.jpg 300w, https:\/\/www.radiopiu.net\/wordpress\/wp-content\/uploads\/2022\/04\/download-7.jpg 321w\" alt=\"\" width=\"133\" height=\"65\" \/><\/a>FELTRE<\/strong>\u00a0Il Centro Internazionale del Libro Parlato di Feltre con il patrocino della Provincia di Belluno e il MIUR di Belluno, organizzano tre giornate dal titolo \u201cAscoltare Per Conoscere\u201d. il 18, 19 e 20 maggio ci saranno degli incontri online per una lettura pi\u00f9 inclusiva. Saranno tanti gli speaker che si alterneranno nelle tre giornate dedicate alla lettura. Al progetto ci si pu\u00f2 iscrivere fin da subito al seguente link:\u00a0<a href=\"https:\/\/ascoltareperconoscere.com\/\">https:\/\/ascoltareperconoscere.com\/<\/a><\/p>\n<p>&nbsp;<\/p>\n<p>&nbsp;<\/p>\n<hr \/>\n<p>&nbsp;<\/p>\n<blockquote>\n<h3 class=\"p1\"><span class=\"s1\">\u201cDIALOGHI TRA ARTE E ANTROPOLOGIA\u201d, IL MUSEO ETNOGRAFICO FACCIA A FACCIA CON LUIGI CIMA<\/span><\/h3>\n<\/blockquote>\n<p class=\"p1\"><span class=\"s1\"><strong>BELLUNO<\/strong> Venerd\u00ec\u00a0 6 maggio alle 18 in sala convegni,\u00a0 il Museo etnografico della Provincia di Belluno ospiter\u00e0 la conferenza dal titolo \u201cLuigi Cima, il pittore bellunese che incontra l\u2019umanit\u00e0 faccia a faccia &#8211; dialoghi tra arte e antropologia\u201d. Interverranno Antonella Alban (curatrice della mostra) ed Elisabetta Feltrin (antropologa).<\/span><\/p>\n<p>&nbsp;<\/p>\n<hr \/>\n<p>&nbsp;<\/p>\n<blockquote>\n<h3>SOSPIROLO TRA LEGGENDE E MISTERI 2022<\/h3>\n<\/blockquote>\n<p><strong><a class=\"dt-pswp-item\" href=\"https:\/\/www.radiopiu.net\/wordpress\/wp-content\/uploads\/2022\/04\/PL_Sosp_Concorso-letterario-2022_B_page-0001.jpg\" data-dt-img-description=\"\" data-large_image_width=\"1737\" data-large_image_height=\"1241\"><img loading=\"lazy\" decoding=\"async\" class=\"alignleft wp-image-272407 \" src=\"https:\/\/www.radiopiu.net\/wordpress\/wp-content\/uploads\/2022\/04\/PL_Sosp_Concorso-letterario-2022_B_page-0001-300x214.jpg\" alt=\"\" width=\"133\" height=\"95\" srcset=\"https:\/\/www.radiopiu.net\/wordpress\/wp-content\/uploads\/2022\/04\/PL_Sosp_Concorso-letterario-2022_B_page-0001-300x214.jpg 300w, https:\/\/www.radiopiu.net\/wordpress\/wp-content\/uploads\/2022\/04\/PL_Sosp_Concorso-letterario-2022_B_page-0001-1024x732.jpg 1024w, https:\/\/www.radiopiu.net\/wordpress\/wp-content\/uploads\/2022\/04\/PL_Sosp_Concorso-letterario-2022_B_page-0001-768x549.jpg 768w, https:\/\/www.radiopiu.net\/wordpress\/wp-content\/uploads\/2022\/04\/PL_Sosp_Concorso-letterario-2022_B_page-0001-1536x1097.jpg 1536w, https:\/\/www.radiopiu.net\/wordpress\/wp-content\/uploads\/2022\/04\/PL_Sosp_Concorso-letterario-2022_B_page-0001.jpg 1737w\" sizes=\"auto, (max-width: 133px) 100vw, 133px\" \/><\/a>SOSPIROLO<\/strong> Prende spunto dalla letteratura di Dino Buzzati, nell\u2019anno del cinquantesimo dalla sua scomparsa, il concorso letterario \u201cSospirolo tra leggende e misteri\u201d promosso dalla Pro loco \u201cMonti del Sole\u201d e dalla Biblioteca civica sospirolese, alla sua tredicesima edizione. Come da tradizione il bando \u00e8 legato alla rassegna \u201cSpettacoli di mistero\u201d di Unpli e Regione Veneto. Oggetto del concorso sono racconti brevi inediti incentrati sul tema del paesaggio quale fonte ispiratrice e\u00a0 co-protagonista delle vicende che in esso si svolgono. Il concorso si rivolge ai nati e\/o residenti nel Triveneto e la partecipazione \u00e8 gratuita. Presiede la giuria la scrittrice Antonia Arslan, cittadina onoraria di Sospirolo. Il bando completo, con tutti gli spunti e gli enti patrocinatori, \u00e8 disponibile sulla homepage del sito <a title=\"http:\/\/www.sospirolo.net\" href=\"http:\/\/www.sospirolo.net\/\">www.sospirolo.net<\/a><\/p>\n<p>&nbsp;<\/p>\n<hr \/>\n<p>&nbsp;<\/p>\n<blockquote>\n<h3>A TEATRO CON L&#8217;AUSER<\/h3>\n<\/blockquote>\n<p><strong>BELLUNO <\/strong>\u201cThe covers-Teatro Piteco\u201d in uno docu-spettacolo di letture, musica dal vivo e video-interviste. L\u2019Auser provinciale ha ritenuto di proporre lo spettacolo\u00a0 &#8220;Il Circolo Rosso&#8221; a ingresso libero\u00a0 oggi alle 20.30 nell\u2019Auditorium ex chiesa di San Pietro di Mel.<\/p>\n<p>&nbsp;<\/p>\n<p>&nbsp;<\/p>\n<hr \/>\n<p>&nbsp;<\/p>\n<blockquote>\n<h3>FABIO RUFUS BRISTOT AD AGORDO CON IL LIBRO IN RICORDO DI DON CLAUDIO<\/h3>\n<\/blockquote>\n<p><strong><img loading=\"lazy\" decoding=\"async\" class=\"alignleft\" src=\"https:\/\/www.radiopiu.net\/wordpress\/wp-content\/uploads\/2022\/04\/claudio.jpg\" width=\"145\" height=\"124\" \/>AGORDO<\/strong> <span dir=\"ltr\" role=\"presentation\">Venerdi\u00a0 6 maggio presso la sala \u201cdon Tamis\u201d in via 27 aprile ad Agordo, alle\u00a0 18 Fabio Bristot <\/span><span dir=\"ltr\" role=\"presentation\">\u201cRufus\u201d presenta il suo libro \u201cDon Claudio e la Luna\u201d. <\/span><span dir=\"ltr\" role=\"presentation\">Lo scritto \u00e8 un omaggio a don Claudio Sacco, parroco di Mas-Peron in comune di Sedico, morto <\/span><span dir=\"ltr\" role=\"presentation\">travolto da un valanga una notte di luna piena nel dicembre 2009. Appassionato di scialpinismo il <\/span><span dir=\"ltr\" role=\"presentation\">sacerdote era salito Monte Pore di notte in solitaria quando la neve lo ha sommerso fatalmente. Nel libro <\/span><span dir=\"ltr\" role=\"presentation\">si racconta quell\u2019ultima notte e i giorni successivi durante i quali lo stesso Bristot partecip\u00f2, quale <\/span><span dir=\"ltr\" role=\"presentation\">operatore del Soccorso Alpino, alle ricerche di don Sacco. Ma il racconto dell\u2019autore va oltre questi tragici <\/span><span dir=\"ltr\" role=\"presentation\">avvenimenti e mette in risalto una figura di sacerdote e uomo dagli innumerevoli interessi e dalle doti <\/span><span dir=\"ltr\" role=\"presentation\">umane che lo hanno fatto apprezzare, soprattutto tra i giovani. Sono molte le persone che, a molti anni <\/span><span dir=\"ltr\" role=\"presentation\">dalla scomparsa, ricordano don Sacco con affetto e riconoscenza, stima che va oltre l\u2019ambito religioso nel <\/span><span dir=\"ltr\" role=\"presentation\">quale ha dato molto prima come missionario in Costa d\u2019Avorio, poi come parroco nella Diocesi d\u2019origine.\u00a0<\/span><\/p>\n<p>&nbsp;<\/p>\n<p>&nbsp;<\/p>\n<hr \/>\n<p>&nbsp;<\/p>\n<blockquote>\n<h3>A \u201cTRICHIANA PAESE DEL LIBRO\u201d UNA SERATA ALL\u2019INSEGNA DELLA SCIENZA<\/h3>\n<\/blockquote>\n<p><strong>BORGO VALBELLUNA<\/strong> Dopo l\u2019incontro con Gian Mario Villalta, l\u2019Amministrazione Comunale di Borgo Valbelluna, in collaborazione con \u201cIl Vivaio Letterario\u201d di Chiara Alpago Novello e con \u201cScuole in rete\u201d (studentibelluno.it) propone una serata all\u2019insegna della scienza. L\u2019appuntamento per sabato 7 maggio alle 20:30 nella Biblioteca comunale di Trichiana di Borgo Valbelluna per la presentazione del libro \u201cLe 7 misure del mondo\u201d, edito da Laterza. L\u2019autore, Piero Martin, insegna fisica sperimentale all\u2019Universit\u00e0 di Padova. \u00c8 un popolare divulgatore scientifico che racconta la scienza alla radio, in televisione e in numerosi eventi pubblici.<\/p>\n<p>&nbsp;<\/p>\n<hr \/>\n<p>&nbsp;<\/p>\n<blockquote>\n<h3><\/h3>\n<h3><a class=\"dt-pswp-item\" href=\"https:\/\/www.radiopiu.net\/wordpress\/wp-content\/uploads\/2019\/02\/Presidente_Sergio_Mattarella.jpg\" data-dt-img-description=\"Sergio Mattarella, Presidente della Repubblica Italiana (Foto tratta da quirinale.it)\" data-large_image_width=\"2000\" data-large_image_height=\"2314\"><img loading=\"lazy\" decoding=\"async\" class=\"size-thumbnail wp-image-77300 alignleft\" src=\"https:\/\/www.radiopiu.net\/wordpress\/wp-content\/uploads\/2019\/02\/Presidente_Sergio_Mattarella-150x150.jpg\" alt=\"\" width=\"150\" height=\"150\" \/><\/a>IL MESSAGGIO DEL PRESIDENTE DELLA REPUBBLICA SERGIO MATTARELLA AGLI STUDENTI DELLE SCUOLE DI AGORDO<\/h3>\n<p><strong>AGORDO\u00a0<\/strong><\/p>\n<p><strong>DAL CORRIERE DELLE ALPI<\/strong><br \/>\n<strong>di GIANNI SANTOMASO<\/strong><\/p><\/blockquote>\n<audio class=\"wp-audio-shortcode\" id=\"audio-272942-12\" preload=\"none\" style=\"width: 100%;\" controls=\"controls\"><source type=\"audio\/mpeg\" src=\"https:\/\/www.radiopiu.net\/wordpress\/wp-content\/uploads\/2022\/04\/GIANNI-AGORDO.mp3?_=12\" \/><a href=\"https:\/\/www.radiopiu.net\/wordpress\/wp-content\/uploads\/2022\/04\/GIANNI-AGORDO.mp3\">https:\/\/www.radiopiu.net\/wordpress\/wp-content\/uploads\/2022\/04\/GIANNI-AGORDO.mp3<\/a><\/audio>\n<p>&nbsp;<\/p>\n<p>&nbsp;<\/p>\n<p>&nbsp;<\/p>\n<p>&nbsp;<\/p>\n<hr \/>\n<p>&nbsp;<\/p>\n<blockquote class=\"wp-embedded-content\" data-secret=\"VfkKSWrYUP\"><p><a href=\"https:\/\/www.radiopiu.net\/wordpress\/39anni29\/\">39 ANNI DI RADIO&#8230; &#8220;L&#8217;HOCKEY MINUTO PER MINUTO NON MORIRA&#8217;&#8221; DISSE GIOS, E LA TRASMISSIONE NON RIPRESE MAI PIU&#8217;!<\/a><\/p><\/blockquote>\n<p><iframe loading=\"lazy\" class=\"wp-embedded-content\" sandbox=\"allow-scripts\" security=\"restricted\" style=\"position: absolute; clip: rect(1px, 1px, 1px, 1px);\" title=\"&#8220;39 ANNI DI RADIO&#8230; &#8220;L&#8217;HOCKEY MINUTO PER MINUTO NON MORIRA&#039;&#8221; DISSE GIOS, E LA TRASMISSIONE NON RIPRESE MAI PIU&#8217;!&#8221; &#8212; Radio Pi\u00f9\" src=\"https:\/\/www.radiopiu.net\/wordpress\/39anni29\/embed\/#?secret=uUmW0ed257#?secret=VfkKSWrYUP\" data-secret=\"VfkKSWrYUP\" width=\"600\" height=\"338\" frameborder=\"0\" marginwidth=\"0\" marginheight=\"0\" scrolling=\"no\"><\/iframe><\/p>\n<p>&nbsp;<\/p>\n<hr \/>\n<p>&nbsp;<\/p>\n<h2><span style=\"color: #ff0000;\">IERI ALLA RADIO<\/span><\/h2>\n<h2><span style=\"color: #008000;\">40 ANNI DI CROCE VERDE VAL BIOIS, LO SPECIALE ALLA RADIO<\/span><\/h2>\n<p><strong><a class=\"dt-pswp-item\" href=\"https:\/\/www.radiopiu.net\/wordpress\/?attachment_id=272457\" data-dt-img-description=\"\" data-large_image_width=\"231\" data-large_image_height=\"206\"><img loading=\"lazy\" decoding=\"async\" class=\"wp-image-272457 alignleft\" src=\"https:\/\/www.radiopiu.net\/wordpress\/wp-content\/uploads\/2022\/04\/aaa-11.jpg\" alt=\"\" width=\"106\" height=\"94\" \/><\/a>FALCADE<\/strong> Oggi alle 16 in via degli Artigiani la Croce Verde Val Biois festeggia i primi 40 anni di attivit\u00e0, nell&#8217;occasione sar\u00e0 inaugurata la nuova sede. Previsti gli interventi dei rappresentanti la Croce Verde, Soccorso Alpino, Amministrazione Comunale di Falcade, Onorevole Dario Bond Presidente Fondo Comuni Confinanti. Benedizione con Don Andrea Piccolin.<\/p>\n<p><strong>DI CLAUDIO FONTANIVE<\/strong><\/p>\n<p>OSPITE: Stefano Murer, Presidente della Croce Verde Val Biois<\/p>\n<p>&nbsp;<\/p>\n<audio class=\"wp-audio-shortcode\" id=\"audio-272942-13\" preload=\"none\" style=\"width: 100%;\" controls=\"controls\"><source type=\"audio\/mpeg\" src=\"https:\/\/www.radiopiu.net\/wordpress\/wp-content\/uploads\/2022\/04\/stefano-murer-29-aprile.mp3?_=13\" \/><a href=\"https:\/\/www.radiopiu.net\/wordpress\/wp-content\/uploads\/2022\/04\/stefano-murer-29-aprile.mp3\">https:\/\/www.radiopiu.net\/wordpress\/wp-content\/uploads\/2022\/04\/stefano-murer-29-aprile.mp3<\/a><\/audio>\n<p>&nbsp;<\/p>\n<hr \/>\n<p>&nbsp;<\/p>\n<h2><span style=\"color: #800080;\">STORIE A QUATTROCCHI<\/span><\/h2>\n<p><em><strong>SECONDA PUNTATA 27 APRILE 2022<\/strong><\/em><\/p>\n<audio class=\"wp-audio-shortcode\" id=\"audio-272942-14\" preload=\"none\" style=\"width: 100%;\" controls=\"controls\"><source type=\"audio\/mpeg\" src=\"https:\/\/www.radiopiu.net\/wordpress\/wp-content\/uploads\/2022\/04\/QOCCHI-2.mp3?_=14\" \/><a href=\"https:\/\/www.radiopiu.net\/wordpress\/wp-content\/uploads\/2022\/04\/QOCCHI-2.mp3\">https:\/\/www.radiopiu.net\/wordpress\/wp-content\/uploads\/2022\/04\/QOCCHI-2.mp3<\/a><\/audio>\n<p><strong>LA RACCOLTA COMPLETA<\/strong><\/p>\n<blockquote class=\"wp-embedded-content\" data-secret=\"HLqsdUsBDk\"><p><a href=\"https:\/\/www.radiopiu.net\/wordpress\/storie-a-quattrocchi\/\">Storie a quattrocchi<\/a><\/p><\/blockquote>\n<p><iframe loading=\"lazy\" class=\"wp-embedded-content\" sandbox=\"allow-scripts\" security=\"restricted\" style=\"position: absolute; clip: rect(1px, 1px, 1px, 1px);\" title=\"&#8220;Storie a quattrocchi&#8221; &#8212; Radio Pi\u00f9\" src=\"https:\/\/www.radiopiu.net\/wordpress\/storie-a-quattrocchi\/embed\/#?secret=EbtzndKAE3#?secret=HLqsdUsBDk\" data-secret=\"HLqsdUsBDk\" width=\"600\" height=\"338\" frameborder=\"0\" marginwidth=\"0\" marginheight=\"0\" scrolling=\"no\"><\/iframe><\/p>\n<p>&nbsp;<\/p>\n<hr \/>\n<p>&nbsp;<\/p>\n<h2><span style=\"color: #008080;\">&#8220;DINTORN E FORA VIA&#8221; A CURA DEL MUSLA, IL NUOVO PROGRAMMA\u00a0<\/span><\/h2>\n<p><strong>PUNTATA 26 APRILE 2022 con ELEONORA TROI<\/strong><\/p>\n\n\t\t\t<style type='text\/css'>\n\t\t\t\t#gallery-5 {\n\t\t\t\t\tmargin: auto;\n\t\t\t\t}\n\t\t\t\t#gallery-5 .gallery-item {\n\t\t\t\t\tfloat: left;\n\t\t\t\t\tmargin-top: 10px;\n\t\t\t\t\ttext-align: center;\n\t\t\t\t\twidth: 50%;\n\t\t\t\t}\n\t\t\t\t#gallery-5 img {\n\t\t\t\t\tborder: 2px solid #cfcfcf;\n\t\t\t\t}\n\t\t\t\t#gallery-5 .gallery-caption {\n\t\t\t\t\tmargin-left: 0;\n\t\t\t\t}\n\t\t\t\t\/* see gallery_shortcode() in wp-includes\/media.php *\/\n\t\t\t<\/style>\n\t\t<div id='gallery-5' class='dt-gallery-container gallery galleryid-272942 gallery-columns-2 gallery-size-thumbnail'><dl class='gallery-item'>\n\t\t\t\t<dt class='gallery-icon landscape'>\n\t\t\t\t\t<a class=\"rollover rollover-zoom dt-pswp-item\" title=\"892cca3d-9402-4ed6-a0d2-c34f8eedef08\" data-dt-img-description=\"\" data-large_image_width=\"960\" data-large_image_height=\"640\"href='https:\/\/www.radiopiu.net\/wordpress\/wp-content\/uploads\/2022\/04\/892cca3d-9402-4ed6-a0d2-c34f8eedef08.jpg'><img loading=\"lazy\" decoding=\"async\" width=\"150\" height=\"150\" src=\"https:\/\/www.radiopiu.net\/wordpress\/wp-content\/uploads\/2022\/04\/892cca3d-9402-4ed6-a0d2-c34f8eedef08-150x150.jpg\" class=\"attachment-thumbnail size-thumbnail\" alt=\"\" \/><\/a>\n\t\t\t\t<\/dt><\/dl><dl class='gallery-item'>\n\t\t\t\t<dt class='gallery-icon landscape'>\n\t\t\t\t\t<a class=\"rollover rollover-zoom dt-pswp-item\" title=\"0fcdb30a-18a6-4803-a4ef-b7cbf3c74170\" data-dt-img-description=\"\" data-large_image_width=\"310\" data-large_image_height=\"163\"href='https:\/\/www.radiopiu.net\/wordpress\/wp-content\/uploads\/2022\/04\/0fcdb30a-18a6-4803-a4ef-b7cbf3c74170.jpg'><img loading=\"lazy\" decoding=\"async\" width=\"150\" height=\"150\" src=\"https:\/\/www.radiopiu.net\/wordpress\/wp-content\/uploads\/2022\/04\/0fcdb30a-18a6-4803-a4ef-b7cbf3c74170-150x150.jpg\" class=\"attachment-thumbnail size-thumbnail\" alt=\"\" \/><\/a>\n\t\t\t\t<\/dt><\/dl><br style=\"clear: both\" \/>\n\t\t\t<\/div>\n\n<p><span style=\"color: #ff0000;\"><strong>AUDIO<\/strong><\/span><\/p>\n<audio class=\"wp-audio-shortcode\" id=\"audio-272942-15\" preload=\"none\" style=\"width: 100%;\" controls=\"controls\"><source type=\"audio\/mpeg\" src=\"https:\/\/www.radiopiu.net\/wordpress\/wp-content\/uploads\/2022\/04\/MUSLA-26-MARZO.mp3?_=15\" \/><a href=\"https:\/\/www.radiopiu.net\/wordpress\/wp-content\/uploads\/2022\/04\/MUSLA-26-MARZO.mp3\">https:\/\/www.radiopiu.net\/wordpress\/wp-content\/uploads\/2022\/04\/MUSLA-26-MARZO.mp3<\/a><\/audio>\n<p>&nbsp;<\/p>\n<p><strong>LA RACCOLTA COMPLETA<\/strong><\/p>\n<blockquote class=\"wp-embedded-content\" data-secret=\"OAiOXucPdd\"><p><a href=\"https:\/\/www.radiopiu.net\/wordpress\/musla\/\">MUSLA<\/a><\/p><\/blockquote>\n<p><iframe loading=\"lazy\" class=\"wp-embedded-content\" sandbox=\"allow-scripts\" security=\"restricted\" style=\"position: absolute; clip: rect(1px, 1px, 1px, 1px);\" title=\"&#8220;MUSLA&#8221; &#8212; Radio Pi\u00f9\" src=\"https:\/\/www.radiopiu.net\/wordpress\/musla\/embed\/#?secret=QVo3sa1uOX#?secret=OAiOXucPdd\" data-secret=\"OAiOXucPdd\" width=\"600\" height=\"338\" frameborder=\"0\" marginwidth=\"0\" marginheight=\"0\" scrolling=\"no\"><\/iframe><\/p>\n<p>&nbsp;<\/p>\n<hr \/>\n<p>&nbsp;<\/p>\n<div>\n<div class=\"b654a4as d2edcug0\">\n<div class=\"rq0escxv hkbzh7o3 jwdofwj8 n8tt0mok r8blr3vg hyh9befq\">\n<p><a class=\"dt-pswp-item\" href=\"https:\/\/www.radiopiu.net\/wordpress\/wp-content\/uploads\/2020\/10\/pp.jpg\" data-dt-img-description=\"\" data-large_image_width=\"640\" data-large_image_height=\"640\"><img loading=\"lazy\" decoding=\"async\" class=\"wp-image-163678 alignleft\" src=\"https:\/\/www.radiopiu.net\/wordpress\/wp-content\/uploads\/2020\/10\/pp-300x300.jpg\" alt=\"\" width=\"106\" height=\"106\" srcset=\"https:\/\/www.radiopiu.net\/wordpress\/wp-content\/uploads\/2020\/10\/pp-300x300.jpg 300w, https:\/\/www.radiopiu.net\/wordpress\/wp-content\/uploads\/2020\/10\/pp-150x150.jpg 150w, https:\/\/www.radiopiu.net\/wordpress\/wp-content\/uploads\/2020\/10\/pp-125x125.jpg 125w, https:\/\/www.radiopiu.net\/wordpress\/wp-content\/uploads\/2020\/10\/pp-200x200.jpg 200w, https:\/\/www.radiopiu.net\/wordpress\/wp-content\/uploads\/2020\/10\/pp-80x80.jpg 80w, https:\/\/www.radiopiu.net\/wordpress\/wp-content\/uploads\/2020\/10\/pp-480x480.jpg 480w, https:\/\/www.radiopiu.net\/wordpress\/wp-content\/uploads\/2020\/10\/pp.jpg 640w\" sizes=\"auto, (max-width: 106px) 100vw, 106px\" \/><\/a><\/p>\n<\/div>\n<\/div>\n<\/div>\n<div>\n<div class=\"page-title-head hgroup\">\n<div class=\"page-title-head hgroup\">\n<div class=\"b654a4as d2edcug0\">\n<div class=\"j83agx80 btwxx1t3 lhclo0ds hop8lmos nkwizq5d scwd0bx6 roh60bw9\">\n<div class=\"rq0escxv hkbzh7o3 jwdofwj8 n8tt0mok r8blr3vg hyh9befq\">\n<div class=\"do00u71z l9j0dhe7 k4urcfbm\">\n<h2><span style=\"color: #000080;\">DON CESARE, IL PENSIERO DEL GIORNO. ALLA RADIO ALLE 7 DEL MATTINO E ALLE 19.30 DELLA SERA.\u00a0<\/span><\/h2>\n<p>&nbsp;<\/p>\n<\/div>\n<\/div>\n<\/div>\n<\/div>\n<\/div>\n<\/div>\n<\/div>\n<audio class=\"wp-audio-shortcode\" id=\"audio-272942-16\" preload=\"none\" style=\"width: 100%;\" controls=\"controls\"><source type=\"audio\/mpeg\" src=\"https:\/\/www.radiopiu.net\/wordpress\/wp-content\/uploads\/2022\/04\/cesare-13.mp3?_=16\" \/><a href=\"https:\/\/www.radiopiu.net\/wordpress\/wp-content\/uploads\/2022\/04\/cesare-13.mp3\">https:\/\/www.radiopiu.net\/wordpress\/wp-content\/uploads\/2022\/04\/cesare-13.mp3<\/a><\/audio>\n<p>&nbsp;<\/p>\n<hr \/>\n<p>&nbsp;<\/p>\n<h3 class=\"kvgmc6g5 cxmmr5t8 oygrvhab hcukyx3x c1et5uql\"><span style=\"color: #0000ff;\"><strong>INFORMAZIONE il canale su TELEGRAM informazione di prima mano e in tempo reale. iscriviti ed aiutaci a farlo conoscere\u00a0 \u00a0<\/strong><\/span><\/h3>\n<p><strong>LA RACCOLTA COMPLETA\u00a0<\/strong><\/p>\n<blockquote class=\"wp-embedded-content\" data-secret=\"hFrQZaLm7I\"><p><a href=\"https:\/\/www.radiopiu.net\/wordpress\/007incondotta-9\/\">007 in condotta<\/a><\/p><\/blockquote>\n<p><iframe loading=\"lazy\" class=\"wp-embedded-content\" sandbox=\"allow-scripts\" security=\"restricted\" style=\"position: absolute; clip: rect(1px, 1px, 1px, 1px);\" title=\"&#8220;007 in condotta&#8221; &#8212; Radio Pi\u00f9\" src=\"https:\/\/www.radiopiu.net\/wordpress\/007incondotta-9\/embed\/#?secret=TsEf6ti2DR#?secret=hFrQZaLm7I\" data-secret=\"hFrQZaLm7I\" width=\"600\" height=\"338\" frameborder=\"0\" marginwidth=\"0\" marginheight=\"0\" scrolling=\"no\"><\/iframe><\/p>\n<p>&nbsp;<\/p>\n<hr \/>\n<p>&nbsp;<\/p>\n<div class=\"do00u71z l9j0dhe7 k4urcfbm\">\n<div class=\"page-title-head hgroup\">\n<div class=\"page-title-head hgroup\">\n<div class=\"b654a4as d2edcug0\">\n<div class=\"j83agx80 btwxx1t3 lhclo0ds hop8lmos nkwizq5d scwd0bx6 roh60bw9\">\n<div class=\"rq0escxv hkbzh7o3 jwdofwj8 n8tt0mok r8blr3vg hyh9befq\">\n<div class=\"do00u71z l9j0dhe7 k4urcfbm\">\n<div class=\"page-title-head hgroup\">\n<div class=\"page-title-head hgroup\">\n<div class=\"b654a4as d2edcug0\">\n<div class=\"j83agx80 btwxx1t3 lhclo0ds hop8lmos nkwizq5d scwd0bx6 roh60bw9\">\n<div class=\"rq0escxv hkbzh7o3 jwdofwj8 n8tt0mok r8blr3vg hyh9befq\">\n<div class=\"do00u71z l9j0dhe7 k4urcfbm\">\n<div class=\"ecm0bbzt e5nlhep0 a8c37x1j\">\n<div class=\"kvgmc6g5 cxmmr5t8 oygrvhab hcukyx3x c1et5uql\">\n<div class=\"gmail-kvgmc6g5 gmail-cxmmr5t8 gmail-oygrvhab gmail-hcukyx3x gmail-c1et5uql gmail-ii04i59q\">\n<div class=\"page-title-head hgroup\">\n<div class=\"page-title-head hgroup\">\n<div class=\"b654a4as d2edcug0\">\n<div class=\"j83agx80 btwxx1t3 lhclo0ds hop8lmos nkwizq5d scwd0bx6 roh60bw9\">\n<div class=\"rq0escxv hkbzh7o3 jwdofwj8 n8tt0mok r8blr3vg hyh9befq\">\n<div class=\"do00u71z l9j0dhe7 k4urcfbm\">\n<div class=\"page-title-head hgroup\">\n<div class=\"page-title-head hgroup\">\n<div class=\"b654a4as d2edcug0\">\n<div class=\"j83agx80 btwxx1t3 lhclo0ds hop8lmos nkwizq5d scwd0bx6 roh60bw9\">\n<div class=\"rq0escxv hkbzh7o3 jwdofwj8 n8tt0mok r8blr3vg hyh9befq\">\n<div class=\"do00u71z l9j0dhe7 k4urcfbm\">\n<div class=\"page-title-head hgroup\">\n<div class=\"page-title-head hgroup\">\n<div class=\"b654a4as d2edcug0\">\n<div class=\"j83agx80 btwxx1t3 lhclo0ds hop8lmos nkwizq5d scwd0bx6 roh60bw9\">\n<div class=\"rq0escxv hkbzh7o3 jwdofwj8 n8tt0mok r8blr3vg hyh9befq\">\n<div class=\"do00u71z l9j0dhe7 k4urcfbm\">\n<div class=\"ecm0bbzt e5nlhep0 a8c37x1j\">\n<div class=\"kvgmc6g5 cxmmr5t8 oygrvhab hcukyx3x c1et5uql\">\n<div class=\"gmail-kvgmc6g5 gmail-cxmmr5t8 gmail-oygrvhab gmail-hcukyx3x gmail-c1et5uql gmail-ii04i59q\">\n<div class=\"page-title-head hgroup\">\n<div class=\"page-title-head hgroup\">\n<div class=\"b654a4as d2edcug0\">\n<div class=\"j83agx80 btwxx1t3 lhclo0ds hop8lmos nkwizq5d scwd0bx6 roh60bw9\">\n<div class=\"rq0escxv hkbzh7o3 jwdofwj8 n8tt0mok r8blr3vg hyh9befq\">\n<div class=\"do00u71z l9j0dhe7 k4urcfbm\">\n<blockquote>\n<h3><span style=\"color: #ff0000;\">IN VIVO VERSO, SETTIMA STAGIONE CON BRUNELLA MORO, DAL LUNEDI AL VENERDI ALLE 7.10, 10.10 E 18.50\u00a0 \u00a0<\/span><\/h3>\n<\/blockquote>\n<blockquote>\n<h3>LA FIRMA di GISELLA CANZIAN<\/h3>\n<\/blockquote>\n<p>AUDIO<\/p>\n<audio class=\"wp-audio-shortcode\" id=\"audio-272942-17\" preload=\"none\" style=\"width: 100%;\" controls=\"controls\"><source type=\"audio\/mpeg\" src=\"https:\/\/www.radiopiu.net\/wordpress\/wp-content\/uploads\/2022\/04\/5-GISELLA-CANZIAN-LA-FIRMA.mp3?_=17\" \/><a href=\"https:\/\/www.radiopiu.net\/wordpress\/wp-content\/uploads\/2022\/04\/5-GISELLA-CANZIAN-LA-FIRMA.mp3\">https:\/\/www.radiopiu.net\/wordpress\/wp-content\/uploads\/2022\/04\/5-GISELLA-CANZIAN-LA-FIRMA.mp3<\/a><\/audio>\n<p>&nbsp;<\/p>\n<p><img loading=\"lazy\" decoding=\"async\" class=\"alignleft\" src=\"https:\/\/www.radiopiu.net\/wordpress\/wp-content\/uploads\/2022\/04\/5-gisella-canzian-f0oto-300x300.jpg\" width=\"134\" height=\"134\" \/>Gisella Canzian<br \/>\nLA FIRMA<\/p>\n<p>E&#8217; l\u00ec che sto viaggiando:<br \/>\na trascendere questa firma<br \/>\ndifforme, vuota del nome<br \/>\nstigma sociale<br \/>\nasfittico enigma della voce,<br \/>\nroca genesi di vene colme di<br \/>\nparole<br \/>\nseconde solo a preghiere<\/p>\n<p>&nbsp;<\/p>\n<blockquote><p>LA RACCOLTA COMPLETA<\/p><\/blockquote>\n<blockquote class=\"wp-embedded-content\" data-secret=\"ekdy8eek1m\"><p><a href=\"https:\/\/www.radiopiu.net\/wordpress\/in-vivo-verso\/\">In Vivo Verso<\/a><\/p><\/blockquote>\n<p><iframe loading=\"lazy\" class=\"wp-embedded-content\" sandbox=\"allow-scripts\" security=\"restricted\" style=\"position: absolute; clip: rect(1px, 1px, 1px, 1px);\" title=\"&#8220;In Vivo Verso&#8221; &#8212; Radio Pi\u00f9\" src=\"https:\/\/www.radiopiu.net\/wordpress\/in-vivo-verso\/embed\/#?secret=8xPsh0IClZ#?secret=ekdy8eek1m\" data-secret=\"ekdy8eek1m\" width=\"600\" height=\"338\" frameborder=\"0\" marginwidth=\"0\" marginheight=\"0\" scrolling=\"no\"><\/iframe><\/p>\n<p>&nbsp;<\/p>\n<hr \/>\n<p>&nbsp;<\/p>\n<h3 class=\"entry-title\"><span style=\"color: #ff0000;\"><a href=\"https:\/\/www.radiopiu.net\/wordpress\/wp-content\/uploads\/2022\/04\/bustos-756620__340.webp\"><img loading=\"lazy\" decoding=\"async\" class=\" wp-image-271808 alignleft\" src=\"https:\/\/www.radiopiu.net\/wordpress\/wp-content\/uploads\/2022\/04\/bustos-756620__340-150x150.webp\" alt=\"\" width=\"94\" height=\"94\" \/><\/a>GOCCE DI FILOSOFIA PUNTATA 190<\/span><\/h3>\n<h3 class=\"entry-title\">AUDIO<\/h3>\n<audio class=\"wp-audio-shortcode\" id=\"audio-272942-18\" preload=\"none\" style=\"width: 100%;\" controls=\"controls\"><source type=\"audio\/mpeg\" src=\"https:\/\/www.radiopiu.net\/wordpress\/wp-content\/uploads\/2022\/04\/FI5-3.mp3?_=18\" \/><a href=\"https:\/\/www.radiopiu.net\/wordpress\/wp-content\/uploads\/2022\/04\/FI5-3.mp3\">https:\/\/www.radiopiu.net\/wordpress\/wp-content\/uploads\/2022\/04\/FI5-3.mp3<\/a><\/audio>\n<p>&nbsp;<\/p>\n<p><strong>\u00a0<\/strong><strong>LA RACCOLTA COMPLETA<\/strong><\/p>\n<blockquote class=\"wp-embedded-content\" data-secret=\"6QSAv52NB9\"><p><a href=\"https:\/\/www.radiopiu.net\/wordpress\/gocce-filosofia\/\">Gocce di filosofia, PRIMA E SECONDA STAGIONE 2022<\/a><\/p><\/blockquote>\n<p><iframe loading=\"lazy\" class=\"wp-embedded-content\" sandbox=\"allow-scripts\" security=\"restricted\" style=\"position: absolute; clip: rect(1px, 1px, 1px, 1px);\" title=\"&#8220;Gocce di filosofia, PRIMA E SECONDA STAGIONE 2022&#8221; &#8212; Radio Pi\u00f9\" src=\"https:\/\/www.radiopiu.net\/wordpress\/gocce-filosofia\/embed\/#?secret=I2IagSbERZ#?secret=6QSAv52NB9\" data-secret=\"6QSAv52NB9\" width=\"600\" height=\"338\" frameborder=\"0\" marginwidth=\"0\" marginheight=\"0\" scrolling=\"no\"><\/iframe><\/p>\n<p>&nbsp;<\/p>\n<hr \/>\n<p>&nbsp;<\/p>\n<p><span style=\"color: #0000ff;\">MUSICA PIU&#8217;\u00a0\u00a0<\/span><\/p>\n<p>&nbsp;<\/p>\n<blockquote>\n<h3>DA IMOLA LARA E IL GALLO NELLO SPAZIO COSMICO<\/h3>\n<\/blockquote>\n<p><a class=\"dt-pswp-item\" href=\"https:\/\/www.radiopiu.net\/wordpress\/wp-content\/uploads\/2022\/04\/0_IMG-20220317-WA0005.jpg\" data-dt-img-description=\"\" data-large_image_width=\"1200\" data-large_image_height=\"1600\"><img loading=\"lazy\" decoding=\"async\" class=\"wp-image-273119 alignleft\" src=\"https:\/\/www.radiopiu.net\/wordpress\/wp-content\/uploads\/2022\/04\/0_IMG-20220317-WA0005-768x1024.jpg\" alt=\"\" width=\"157\" height=\"210\" srcset=\"https:\/\/www.radiopiu.net\/wordpress\/wp-content\/uploads\/2022\/04\/0_IMG-20220317-WA0005-768x1024.jpg 768w, https:\/\/www.radiopiu.net\/wordpress\/wp-content\/uploads\/2022\/04\/0_IMG-20220317-WA0005-225x300.jpg 225w, https:\/\/www.radiopiu.net\/wordpress\/wp-content\/uploads\/2022\/04\/0_IMG-20220317-WA0005-1152x1536.jpg 1152w, https:\/\/www.radiopiu.net\/wordpress\/wp-content\/uploads\/2022\/04\/0_IMG-20220317-WA0005.jpg 1200w\" sizes=\"auto, (max-width: 157px) 100vw, 157px\" \/><\/a> Lara Mira e Claudio Golinelli, _Il Gallo noto bassista Imolese della Vasco Rossi band_ suonano un bellissimo brano d&#8217; atmosfera scritto da Lara Mira ambientato in uno spazio cosmico oltre l&#8217;orizzonte al di sopra dei confini del mondo. La luna era lass\u00f9, che passione e sentimenti forti, mi hanno tolto il fiato e se sei gi\u00e0 in una dimensione particolare con una mente che va oltre e un cuore sempre acceso, vedi nella luna quelle risposte che la vita non ti d\u00e0; spesso la vita non parla, parla la mente e il cuore si emoziona davanti alla natura, davanti a te, il mio segreto. LM. Musica, Testo, strumenti, Regia Lara Mira, arrangiamento e basso Claudio Golinelli, mix Loris Ceroni, Post prod video Andrea Sarneri Lara Mira ha gi\u00e0 in attivo su tutte le piattaforme internazionali 4 Album, Lara Live Music in my soul, Memories, Emotions of a composer e il recente Oro presentato un mese fa con un video molto speciale e ricordiamo che l&#8217;artista oltre a brani inediti, personalizza e rivede nel suo repertorio in modo personalissimo una serie di successi nazionali e internazionali che hanno fatto la storia della musica nel mondo&#8230; Amante anche della musica strumentale, Lara Mira ci lascia un&#8217;altra emozione in musica in questo brano accompagnata da Claudio Golinelli al basso e come lei stessa dichiara: Luna Fortuna \u00e8 dentro di te che con la tua passione cerchi la complicit\u00e0 in chi come te guarda avanti, si ferma, si emoziona e poi riparte.<\/p>\n<blockquote>\n<p class=\"default-style\"><em>Poesia Musica Teatro, @laramiragalleria. <a href=\"https:\/\/open.spotify.com\/artist\/1nXMorYEZsyIHWz4LQ452G?si=nwhz9wtyR9-QoZnGWZuFcQ&amp;utm_source=copy-link,\">https:\/\/open.spotify.com\/artist\/1nXMorYEZsyIHWz4LQ452G?si=nwhz9wtyR9-QoZnGWZuFcQ&amp;utm_source=copy-link, <\/a>https:\/\/youtu.be\/E1Gfy50eMR4<\/em><\/p>\n<\/blockquote>\n<p>&nbsp;<\/p>\n<p><iframe loading=\"lazy\" title=\"LUNA FORTUNA, Parole, Musica Lara Mira, al basso Claudio Golinelli Il Gallo\" width=\"1200\" height=\"675\" src=\"https:\/\/www.youtube.com\/embed\/E1Gfy50eMR4?feature=oembed\" frameborder=\"0\" allow=\"accelerometer; autoplay; clipboard-write; encrypted-media; gyroscope; picture-in-picture\" allowfullscreen><\/iframe><\/p>\n<p>&nbsp;<\/p>\n<hr \/>\n<p>&nbsp;<\/p>\n<p><a href=\"https:\/\/www.radiopiu.net\/wordpress\/giornale-radiopiu-20-settembre-2021-direttore-mirko-mezzacasa\/pp-79\/\" rel=\"attachment wp-att-232921\"><img loading=\"lazy\" decoding=\"async\" class=\"wp-image-232921 alignleft\" src=\"https:\/\/www.radiopiu.net\/wordpress\/wp-content\/uploads\/2021\/09\/pp-1-300x300.jpg\" alt=\"\" width=\"135\" height=\"135\" srcset=\"https:\/\/www.radiopiu.net\/wordpress\/wp-content\/uploads\/2021\/09\/pp-1-300x300.jpg 300w, https:\/\/www.radiopiu.net\/wordpress\/wp-content\/uploads\/2021\/09\/pp-1-150x150.jpg 150w, https:\/\/www.radiopiu.net\/wordpress\/wp-content\/uploads\/2021\/09\/pp-1.jpg 640w\" sizes=\"auto, (max-width: 135px) 100vw, 135px\" \/><\/a><\/p>\n<div class=\"mkdf-post-text\">\n<div class=\"mkdf-post-text-inner\">\n<div class=\"mkdf-post-text-main\">\n<div class=\"mkdf-post-text\">\n<div class=\"mkdf-post-text-inner\">\n<div class=\"mkdf-post-text-main\">\n<div class=\"mkdf-post-text\">\n<div class=\"mkdf-post-text-inner\">\n<div class=\"mkdf-post-text-main\">\n<div class=\"page-title-head hgroup\">\n<div class=\"page-title-head hgroup\">\n<div class=\"mkdf-post-text\">\n<div class=\"mkdf-post-text-inner\">\n<div class=\"mkdf-post-text-main\">\n<div class=\"mkdf-post-text\">\n<div class=\"mkdf-post-text-inner\">\n<div class=\"mkdf-post-text-main\">\n<div class=\"page-title-head hgroup\">\n<div class=\"page-title-head hgroup\">\n<div class=\"page-title-head hgroup\">\n<div class=\"page-title-head hgroup\">\n<div class=\"b654a4as d2edcug0\">\n<div class=\"page-title-head hgroup\">\n<div class=\"page-title-head hgroup\">\n<div class=\"page-title-head hgroup\">\n<div class=\"page-title-head hgroup\">\n<div class=\"b654a4as d2edcug0\">\n<div class=\"page-title-head hgroup\">\n<div class=\"page-title-head hgroup\">\n<div class=\"page-title-head hgroup\">\n<div class=\"page-title-head hgroup\">\n<div class=\"b654a4as d2edcug0\">\n<div class=\"mkdf-post-text\">\n<div class=\"mkdf-post-text-inner\">\n<div class=\"mkdf-post-text-main\">\n<div class=\"mkdf-post-text\">\n<div class=\"mkdf-post-text-inner\">\n<div class=\"mkdf-post-text-main\">\n<div class=\"mkdf-post-text\">\n<div class=\"mkdf-post-text-inner\">\n<div class=\"mkdf-post-text-main\">\n<div class=\"page-title-head hgroup\">\n<div class=\"page-title-head hgroup\">\n<div class=\"mkdf-post-text\">\n<div class=\"mkdf-post-text-inner\">\n<div class=\"mkdf-post-text-main\">\n<div class=\"mkdf-post-text\">\n<div class=\"mkdf-post-text-inner\">\n<div class=\"mkdf-post-text-main\">\n<div class=\"page-title-head hgroup\">\n<div class=\"page-title-head hgroup\">\n<div class=\"page-title-head hgroup\">\n<div class=\"page-title-head hgroup\">\n<div class=\"b654a4as d2edcug0\">\n<div class=\"page-title-head hgroup\">\n<div class=\"page-title-head hgroup\">\n<div class=\"page-title-head hgroup\">\n<div class=\"page-title-head hgroup\">\n<div class=\"b654a4as d2edcug0\">\n<div class=\"page-title-head hgroup\">\n<div class=\"page-title-head hgroup\">\n<div class=\"page-title-head hgroup\">\n<div class=\"page-title-head hgroup\">\n<div class=\"b654a4as d2edcug0\">\n<div><\/div>\n<div><\/div>\n<div>\n<p><strong>MUSICA ALLA RADIO, IL PROGRAMMA DI LORIS SCUSSEL &#8220;COLLAGE OPERAZIONE NOSTALGIA&#8221; DAL LUNEDI AL VENERDI ALLE 16.00\u00a0 E ALLE 23\u00a0<\/strong><\/p>\n<p>&nbsp;<\/p>\n<\/div>\n<p><em><strong>PUNTATA 595 DEL 29 APRILE 2022<\/strong><\/em><\/p>\n<audio class=\"wp-audio-shortcode\" id=\"audio-272942-19\" preload=\"none\" style=\"width: 100%;\" controls=\"controls\"><source type=\"audio\/mpeg\" src=\"https:\/\/www.radiopiu.net\/wordpress\/wp-content\/uploads\/2022\/04\/Collage-595.mp3?_=19\" \/><a href=\"https:\/\/www.radiopiu.net\/wordpress\/wp-content\/uploads\/2022\/04\/Collage-595.mp3\">https:\/\/www.radiopiu.net\/wordpress\/wp-content\/uploads\/2022\/04\/Collage-595.mp3<\/a><\/audio>\n<p>&nbsp;<\/p>\n<p>&nbsp;<\/p>\n<hr \/>\n<p>&nbsp;<\/p>\n<h2><span style=\"color: #008000;\">GIROVAGANDO IN E-BIKE 2022<\/span><\/h2>\n<p><strong>LA RACCOLTA COMPLETA<\/strong><\/p>\n<blockquote class=\"wp-embedded-content\" data-secret=\"ey2FryjhCe\"><p><a href=\"https:\/\/www.radiopiu.net\/wordpress\/girovagando-in-e-bike-tra-le-dolomiti\/\">GIROVAGANDO IN E BIKE TRA LE DOLOMITI<\/a><\/p><\/blockquote>\n<p><iframe loading=\"lazy\" class=\"wp-embedded-content\" sandbox=\"allow-scripts\" security=\"restricted\" style=\"position: absolute; clip: rect(1px, 1px, 1px, 1px);\" title=\"&#8220;GIROVAGANDO IN E BIKE TRA LE DOLOMITI&#8221; &#8212; Radio Pi\u00f9\" src=\"https:\/\/www.radiopiu.net\/wordpress\/girovagando-in-e-bike-tra-le-dolomiti\/embed\/#?secret=x3gtxMCUSz#?secret=ey2FryjhCe\" data-secret=\"ey2FryjhCe\" width=\"600\" height=\"338\" frameborder=\"0\" marginwidth=\"0\" marginheight=\"0\" scrolling=\"no\"><\/iframe><\/p>\n<p>&nbsp;<\/p>\n<hr \/>\n<p>&nbsp;<\/p>\n<h2><span style=\"color: #0000ff;\">SALUTE &amp; SOCIETA&#8217;<\/span><\/h2>\n<p><strong>LA RACCOLTA COMPLETA<\/strong><\/p>\n<blockquote class=\"wp-embedded-content\" data-secret=\"XnjjoMpvz7\"><p><a href=\"https:\/\/www.radiopiu.net\/wordpress\/saluteesocieta\/\">Salute e Societ\u00e0<\/a><\/p><\/blockquote>\n<p><iframe loading=\"lazy\" class=\"wp-embedded-content\" sandbox=\"allow-scripts\" security=\"restricted\" style=\"position: absolute; clip: rect(1px, 1px, 1px, 1px);\" title=\"&#8220;Salute e Societ\u00e0&#8221; &#8212; Radio Pi\u00f9\" src=\"https:\/\/www.radiopiu.net\/wordpress\/saluteesocieta\/embed\/#?secret=ADO02BKHf9#?secret=XnjjoMpvz7\" data-secret=\"XnjjoMpvz7\" width=\"600\" height=\"338\" frameborder=\"0\" marginwidth=\"0\" marginheight=\"0\" scrolling=\"no\"><\/iframe><\/p>\n<p>&nbsp;<\/p>\n<hr \/>\n<\/div>\n<\/div>\n<\/div>\n<\/div>\n<\/div>\n<\/div>\n<\/div>\n<\/div>\n<\/div>\n<\/div>\n<\/div>\n<\/div>\n<\/div>\n<\/div>\n<\/div>\n<\/div>\n<\/div>\n<\/div>\n<\/div>\n<\/div>\n<\/div>\n<\/div>\n<\/div>\n<\/div>\n<\/div>\n<\/div>\n<\/div>\n<\/div>\n<\/div>\n<\/div>\n<\/div>\n<\/div>\n<\/div>\n<\/div>\n<\/div>\n<\/div>\n<\/div>\n<\/div>\n<\/div>\n<\/div>\n<\/div>\n<\/div>\n<\/div>\n<\/div>\n<\/div>\n<\/div>\n<\/div>\n<\/div>\n<\/div>\n<\/div>\n<\/div>\n<\/div>\n<\/div>\n<\/div>\n<\/div>\n<\/div>\n<\/div>\n<\/div>\n<\/div>\n<\/div>\n<\/div>\n<\/div>\n<\/div>\n<\/div>\n<p>&nbsp;<\/p>\n<blockquote>\n<h3><span style=\"color: #0000ff;\">RADIO PIU INFORMAZIONE il canale su TELEGRAM informazione di prima mano e in tempo reale. iscriviti ed aiutaci a farlo conoscere\u00a0\u00a0<\/span><\/h3>\n<\/blockquote>\n<div>\n<div class=\"page-title-head hgroup\">\n<div class=\"page-title-head hgroup\">\n<div class=\"page-title-head hgroup\">\n<div class=\"page-title-head hgroup\">\n<div class=\"b654a4as d2edcug0\">\n<div class=\"page-title-head hgroup\">\n<div class=\"page-title-head hgroup\">\n<div class=\"page-title-head hgroup\">\n<div class=\"page-title-head hgroup\">\n<div class=\"b654a4as d2edcug0\">\n<div class=\"page-title-head hgroup\">\n<div class=\"page-title-head hgroup\">\n<div class=\"page-title-head hgroup\">\n<div class=\"page-title-head hgroup\">\n<div class=\"page-title-head hgroup\">\n<div class=\"page-title-head hgroup\">\n<div class=\"page-title-head hgroup\">\n<div class=\"page-title-head hgroup\">\n<div class=\"page-title-head hgroup\">\n<div class=\"b654a4as d2edcug0\">\n<div class=\"page-title-head hgroup\">\n<div class=\"page-title-head hgroup\">\n<div class=\"page-title-head hgroup\">\n<div class=\"page-title-head hgroup\">\n<div class=\"b654a4as d2edcug0\">\n<div><\/div>\n<div>\n<div class=\"page-title-head hgroup\">\n<div class=\"page-title-head hgroup\">\n<div class=\"page-title-head hgroup\">\n<div class=\"page-title-head hgroup\">\n<div class=\"page-title-head hgroup\">\n<div class=\"mkdf-post-text\">\n<div class=\"mkdf-post-text-inner\">\n<div class=\"mkdf-post-text-main\">\n<div class=\"mkdf-post-text\">\n<div class=\"mkdf-post-text-inner\">\n<div class=\"mkdf-post-text-main\">\n<div class=\"mkdf-post-text\">\n<div class=\"mkdf-post-text-inner\">\n<div class=\"mkdf-post-text-main\">\n<div class=\"page-title-head hgroup\">\n<div class=\"page-title-head hgroup\">\n<div class=\"mkdf-post-text\">\n<div class=\"mkdf-post-text-inner\">\n<div class=\"mkdf-post-text-main\">\n<div class=\"mkdf-post-text\">\n<div class=\"mkdf-post-text-inner\">\n<div class=\"mkdf-post-text-main\">\n<div class=\"page-title-head hgroup\">\n<div class=\"page-title-head hgroup\">\n<div class=\"page-title-head hgroup\">\n<div class=\"page-title-head hgroup\">\n<div class=\"b654a4as d2edcug0\">\n<div class=\"page-title-head hgroup\">\n<div class=\"page-title-head hgroup\">\n<div class=\"page-title-head hgroup\">\n<div class=\"page-title-head hgroup\">\n<div class=\"b654a4as d2edcug0\">\n<div class=\"page-title-head hgroup\">\n<div class=\"page-title-head hgroup\">\n<div class=\"page-title-head hgroup\">\n<div class=\"page-title-head hgroup\">\n<p>&nbsp;<\/p>\n<div>\n<div class=\"page-title-head hgroup\">\n<div class=\"page-title-head hgroup\">\n<div class=\"b654a4as d2edcug0\">\n<div class=\"j83agx80 btwxx1t3 lhclo0ds hop8lmos nkwizq5d scwd0bx6 roh60bw9\">\n<div class=\"rq0escxv hkbzh7o3 jwdofwj8 n8tt0mok r8blr3vg hyh9befq\">\n<div class=\"do00u71z l9j0dhe7 k4urcfbm\">\n<div class=\"page-title-head hgroup\">\n<div class=\"page-title-head hgroup\">\n<div class=\"b654a4as d2edcug0\">\n<div class=\"j83agx80 btwxx1t3 lhclo0ds hop8lmos nkwizq5d scwd0bx6 roh60bw9\">\n<div class=\"rq0escxv hkbzh7o3 jwdofwj8 n8tt0mok r8blr3vg hyh9befq\">\n<div class=\"do00u71z l9j0dhe7 k4urcfbm\">\n<div class=\"ecm0bbzt e5nlhep0 a8c37x1j\">\n<div class=\"kvgmc6g5 cxmmr5t8 oygrvhab hcukyx3x c1et5uql\">\n<div class=\"gmail-kvgmc6g5 gmail-cxmmr5t8 gmail-oygrvhab gmail-hcukyx3x gmail-c1et5uql gmail-ii04i59q\">\n<div class=\"page-title-head hgroup\">\n<div class=\"page-title-head hgroup\">\n<div class=\"b654a4as d2edcug0\">\n<div class=\"j83agx80 btwxx1t3 lhclo0ds hop8lmos nkwizq5d scwd0bx6 roh60bw9\">\n<div class=\"rq0escxv hkbzh7o3 jwdofwj8 n8tt0mok r8blr3vg hyh9befq\">\n<div class=\"do00u71z l9j0dhe7 k4urcfbm\">\n<div class=\"page-title-head hgroup\">\n<div class=\"page-title-head hgroup\">\n<div class=\"b654a4as d2edcug0\">\n<div class=\"j83agx80 btwxx1t3 lhclo0ds hop8lmos nkwizq5d scwd0bx6 roh60bw9\">\n<div class=\"rq0escxv hkbzh7o3 jwdofwj8 n8tt0mok r8blr3vg hyh9befq\">\n<div class=\"do00u71z l9j0dhe7 k4urcfbm\">\n<div class=\"page-title-head hgroup\">\n<div class=\"page-title-head hgroup\">\n<div class=\"b654a4as d2edcug0\">\n<div class=\"j83agx80 btwxx1t3 lhclo0ds hop8lmos nkwizq5d scwd0bx6 roh60bw9\">\n<div class=\"rq0escxv hkbzh7o3 jwdofwj8 n8tt0mok r8blr3vg hyh9befq\">\n<div class=\"do00u71z l9j0dhe7 k4urcfbm\">\n<div class=\"ecm0bbzt e5nlhep0 a8c37x1j\">\n<div class=\"kvgmc6g5 cxmmr5t8 oygrvhab hcukyx3x c1et5uql\">\n<div class=\"gmail-kvgmc6g5 gmail-cxmmr5t8 gmail-oygrvhab gmail-hcukyx3x gmail-c1et5uql gmail-ii04i59q\">\n<div class=\"page-title-head hgroup\">\n<div class=\"page-title-head hgroup\">\n<div class=\"b654a4as d2edcug0\">\n<div class=\"j83agx80 btwxx1t3 lhclo0ds hop8lmos nkwizq5d scwd0bx6 roh60bw9\">\n<div class=\"rq0escxv hkbzh7o3 jwdofwj8 n8tt0mok r8blr3vg hyh9befq\">\n<div class=\"do00u71z l9j0dhe7 k4urcfbm\">\n<div class=\"page-title-head hgroup\">\n<div class=\"page-title-head hgroup\">\n<div class=\"page-title-head hgroup\">\n<div class=\"page-title-head hgroup\">\n<div class=\"b654a4as d2edcug0\">\n<div class=\"page-title-head hgroup\">\n<div class=\"page-title-head hgroup\">\n<div class=\"page-title-head hgroup\">\n<div class=\"page-title-head hgroup\">\n<div class=\"b654a4as d2edcug0\">\n<div class=\"page-title-head hgroup\">\n<div class=\"page-title-head hgroup\">\n<div class=\"page-title-head hgroup\">\n<div class=\"page-title-head hgroup\">\n<div class=\"page-title-head hgroup\">\n<div class=\"page-title-head hgroup\">\n<div class=\"page-title-head hgroup\">\n<div class=\"page-title-head hgroup\">\n<div class=\"page-title-head hgroup\">\n<div class=\"b654a4as d2edcug0\">\n<div class=\"page-title-head hgroup\">\n<div class=\"page-title-head hgroup\">\n<div class=\"page-title-head hgroup\">\n<div class=\"page-title-head hgroup\">\n<div class=\"b654a4as d2edcug0\">\n<div class=\"page-title-head hgroup\">\n<div class=\"page-title-head hgroup\">\n<div class=\"page-title-head hgroup\">\n<div class=\"page-title-head hgroup\">\n<div class=\"page-title-head hgroup\">\n<div class=\"mkdf-post-text\">\n<div class=\"mkdf-post-text-inner\">\n<div class=\"mkdf-post-text-main\">\n<div class=\"mkdf-post-text\">\n<div class=\"mkdf-post-text-inner\">\n<div class=\"mkdf-post-text-main\">\n<div class=\"mkdf-post-text\">\n<div class=\"mkdf-post-text-inner\">\n<div class=\"mkdf-post-text-main\">\n<div class=\"page-title-head hgroup\">\n<div class=\"page-title-head hgroup\">\n<div class=\"mkdf-post-text\">\n<div class=\"mkdf-post-text-inner\">\n<div class=\"mkdf-post-text-main\">\n<div class=\"mkdf-post-text\">\n<div class=\"mkdf-post-text-inner\">\n<div class=\"mkdf-post-text-main\">\n<div class=\"page-title-head hgroup\">\n<div class=\"page-title-head hgroup\">\n<div class=\"page-title-head hgroup\">\n<div class=\"page-title-head hgroup\">\n<div class=\"b654a4as d2edcug0\">\n<div class=\"page-title-head hgroup\">\n<div class=\"page-title-head hgroup\">\n<div class=\"page-title-head hgroup\">\n<div class=\"page-title-head hgroup\">\n<div class=\"b654a4as d2edcug0\">\n<div class=\"page-title-head hgroup\">\n<div class=\"page-title-head hgroup\">\n<div class=\"page-title-head hgroup\">\n<div class=\"page-title-head hgroup\">\n<div class=\"b654a4as d2edcug0\">\n<div class=\"ecm0bbzt e5nlhep0 a8c37x1j\">\n<div class=\"kvgmc6g5 cxmmr5t8 oygrvhab hcukyx3x c1et5uql\">\n<div class=\"gmail-kvgmc6g5 gmail-cxmmr5t8 gmail-oygrvhab gmail-hcukyx3x gmail-c1et5uql gmail-ii04i59q\">\n<div class=\"page-title-head hgroup\">\n<div class=\"page-title-head hgroup\">\n<div class=\"b654a4as d2edcug0\">\n<div class=\"j83agx80 btwxx1t3 lhclo0ds hop8lmos nkwizq5d scwd0bx6 roh60bw9\">\n<div class=\"rq0escxv hkbzh7o3 jwdofwj8 n8tt0mok r8blr3vg hyh9befq\">\n<div class=\"do00u71z l9j0dhe7 k4urcfbm\">\n<div class=\"page-title-head hgroup\">\n<div class=\"page-title-head hgroup\">\n<div class=\"page-title-head hgroup\">\n<div class=\"page-title-head hgroup\">\n<div class=\"b654a4as d2edcug0\">\n<div class=\"page-title-head hgroup\">\n<div class=\"page-title-head hgroup\">\n<div class=\"page-title-head hgroup\">\n<div class=\"page-title-head hgroup\">\n<div class=\"b654a4as d2edcug0\">\n<div class=\"page-title-head hgroup\">\n<div class=\"page-title-head hgroup\">\n<div class=\"page-title-head hgroup\">\n<div class=\"page-title-head hgroup\">\n<div class=\"page-title-head hgroup\">\n<div class=\"page-title-head hgroup\">\n<div class=\"page-title-head hgroup\">\n<div class=\"page-title-head hgroup\">\n<div class=\"page-title-head hgroup\">\n<div class=\"b654a4as d2edcug0\">\n<div class=\"page-title-head hgroup\">\n<div class=\"page-title-head hgroup\">\n<div class=\"page-title-head hgroup\">\n<div class=\"page-title-head hgroup\">\n<div class=\"b654a4as d2edcug0\">\n<div class=\"page-title-head hgroup\">\n<div class=\"page-title-head hgroup\">\n<div class=\"page-title-head hgroup\">\n<div class=\"page-title-head hgroup\">\n<div class=\"page-title-head hgroup\">\n<div class=\"mkdf-post-text\">\n<div class=\"mkdf-post-text-inner\">\n<div class=\"mkdf-post-text-main\">\n<div class=\"mkdf-post-text\">\n<div class=\"mkdf-post-text-inner\">\n<div class=\"mkdf-post-text-main\">\n<div class=\"mkdf-post-text\">\n<div class=\"mkdf-post-text-inner\">\n<div class=\"mkdf-post-text-main\">\n<div class=\"page-title-head hgroup\">\n<div class=\"page-title-head hgroup\">\n<div class=\"mkdf-post-text\">\n<div class=\"mkdf-post-text-inner\">\n<div class=\"mkdf-post-text-main\">\n<div class=\"mkdf-post-text\">\n<div class=\"mkdf-post-text-inner\">\n<div class=\"mkdf-post-text-main\">\n<div class=\"page-title-head hgroup\">\n<div class=\"page-title-head hgroup\">\n<div class=\"page-title-head hgroup\">\n<div class=\"page-title-head hgroup\">\n<div class=\"b654a4as d2edcug0\">\n<div class=\"page-title-head hgroup\">\n<div class=\"page-title-head hgroup\">\n<div class=\"page-title-head hgroup\">\n<div class=\"page-title-head hgroup\">\n<div class=\"b654a4as d2edcug0\">\n<div class=\"page-title-head hgroup\">\n<div class=\"page-title-head hgroup\">\n<div class=\"page-title-head hgroup\">\n<div class=\"page-title-head hgroup\">\n<div class=\"b654a4as d2edcug0\">\n<hr \/>\n<p>&nbsp;<\/p>\n<div>\n<p><strong>DUE MINUTI UN LIBRO, TUTTI I GIORNI ALLA RADIO ALLE 9.40 E ALLE 17.50\u00a0\u00a0<\/strong><\/p>\n<div>\n<div>\n<p><strong>LA RACCOLTA COMPLETA\u00a0\u00a0<\/strong><\/p>\n<\/div>\n<\/div>\n<\/div>\n<div class=\"mkdf-post-text\">\n<div class=\"mkdf-post-text-inner\">\n<div class=\"mkdf-post-text-main\">\n<div class=\"mkdf-post-text\">\n<div class=\"mkdf-post-text-inner\">\n<div class=\"mkdf-post-text-main\">\n<div class=\"mkdf-post-text\">\n<div class=\"mkdf-post-text-inner\">\n<div class=\"mkdf-post-text-main\">\n<div class=\"page-title-head hgroup\">\n<div class=\"page-title-head hgroup\">\n<div class=\"mkdf-post-text\">\n<div class=\"mkdf-post-text-inner\">\n<div class=\"mkdf-post-text-main\">\n<div class=\"mkdf-post-text\">\n<div class=\"mkdf-post-text-inner\">\n<div class=\"mkdf-post-text-main\">\n<div class=\"page-title-head hgroup\">\n<div class=\"page-title-head hgroup\">\n<div class=\"page-title-head hgroup\">\n<div class=\"page-title-head hgroup\">\n<div class=\"b654a4as d2edcug0\">\n<div class=\"page-title-head hgroup\">\n<div class=\"page-title-head hgroup\">\n<div class=\"page-title-head hgroup\">\n<div class=\"page-title-head hgroup\">\n<div class=\"b654a4as d2edcug0\">\n<div class=\"page-title-head hgroup\">\n<div class=\"page-title-head hgroup\">\n<div class=\"page-title-head hgroup\">\n<div class=\"page-title-head hgroup\">\n<div class=\"b654a4as d2edcug0\">\n<div>\n<blockquote class=\"wp-embedded-content\" data-secret=\"4UmAGfle3s\"><p><a href=\"https:\/\/www.radiopiu.net\/wordpress\/due-minuti-un-libro\/\">Due minuti un libro<\/a><\/p><\/blockquote>\n<p><iframe loading=\"lazy\" class=\"wp-embedded-content\" sandbox=\"allow-scripts\" security=\"restricted\" style=\"position: absolute; clip: rect(1px, 1px, 1px, 1px);\" title=\"&#8220;Due minuti un libro&#8221; &#8212; Radio Pi\u00f9\" src=\"https:\/\/www.radiopiu.net\/wordpress\/due-minuti-un-libro\/embed\/#?secret=5QCCBnZLRs#?secret=4UmAGfle3s\" data-secret=\"4UmAGfle3s\" width=\"600\" height=\"338\" frameborder=\"0\" marginwidth=\"0\" marginheight=\"0\" scrolling=\"no\"><\/iframe><\/p>\n<p>&nbsp;<\/p>\n<\/div>\n<div>\n<hr \/>\n<p>&nbsp;<\/p>\n<\/div>\n<h2><span style=\"color: #808000;\">L&#8217;ALMANACCO LADINO\u00a0\u00a0<\/span><\/h2>\n<p><strong>PUNTATA DEL 25 APRILE 2022<\/strong><\/p>\n<audio class=\"wp-audio-shortcode\" id=\"audio-272942-20\" preload=\"none\" style=\"width: 100%;\" controls=\"controls\"><source type=\"audio\/mpeg\" src=\"https:\/\/www.radiopiu.net\/wordpress\/wp-content\/uploads\/2022\/04\/82\u00b0Almanacco-Ladino_Anpezo.mp3?_=20\" \/><a href=\"https:\/\/www.radiopiu.net\/wordpress\/wp-content\/uploads\/2022\/04\/82\u00b0Almanacco-Ladino_Anpezo.mp3\">https:\/\/www.radiopiu.net\/wordpress\/wp-content\/uploads\/2022\/04\/82\u00b0Almanacco-Ladino_Anpezo.mp3<\/a><\/audio>\n<p>&nbsp;<\/p>\n<p><strong>LA RACCOLTA<\/strong><\/p>\n<blockquote class=\"wp-embedded-content\" data-secret=\"uJ2Y9AJNIx\"><p><a href=\"https:\/\/www.radiopiu.net\/wordpress\/almanacco-ladino\/\">Almanacco Ladino<\/a><\/p><\/blockquote>\n<p><iframe loading=\"lazy\" class=\"wp-embedded-content\" sandbox=\"allow-scripts\" security=\"restricted\" style=\"position: absolute; clip: rect(1px, 1px, 1px, 1px);\" title=\"&#8220;Almanacco Ladino&#8221; &#8212; Radio Pi\u00f9\" src=\"https:\/\/www.radiopiu.net\/wordpress\/almanacco-ladino\/embed\/#?secret=QOi54ubPpK#?secret=uJ2Y9AJNIx\" data-secret=\"uJ2Y9AJNIx\" width=\"600\" height=\"338\" frameborder=\"0\" marginwidth=\"0\" marginheight=\"0\" scrolling=\"no\"><\/iframe><\/p>\n<p>&nbsp;<\/p>\n<hr \/>\n<h2><span style=\"color: #33cccc;\">\u00a0<\/span><\/h2>\n<h2><span style=\"color: #33cccc;\">LA RASSEGNA STAMPA DA L&#8217;AMICO DEL POPOLO<\/span><\/h2>\n<p><strong>LA RACCOLTA COMPLETA<\/strong><\/p>\n<blockquote class=\"wp-embedded-content\" data-secret=\"dt1sohYTir\"><p><a href=\"https:\/\/www.radiopiu.net\/wordpress\/rassegna-stampa-di-gianni-santomaso\/\">Rassegna stampa da l&#8217;amico del popolo &#8211; di Gianni Santomaso<\/a><\/p><\/blockquote>\n<p><iframe loading=\"lazy\" class=\"wp-embedded-content\" sandbox=\"allow-scripts\" security=\"restricted\" style=\"position: absolute; clip: rect(1px, 1px, 1px, 1px);\" title=\"&#8220;Rassegna stampa da l&#8217;amico del popolo &#8211; di Gianni Santomaso&#8221; &#8212; Radio Pi\u00f9\" src=\"https:\/\/www.radiopiu.net\/wordpress\/rassegna-stampa-di-gianni-santomaso\/embed\/#?secret=5mZRkFHrB7#?secret=dt1sohYTir\" data-secret=\"dt1sohYTir\" width=\"600\" height=\"338\" frameborder=\"0\" marginwidth=\"0\" marginheight=\"0\" scrolling=\"no\"><\/iframe><\/p>\n<p>&nbsp;<\/p>\n<hr \/>\n<p>&nbsp;<\/p>\n<div>\n<div class=\"page-title-head hgroup\">\n<div class=\"page-title-head hgroup\">\n<div class=\"b654a4as d2edcug0\">\n<div class=\"j83agx80 btwxx1t3 lhclo0ds hop8lmos nkwizq5d scwd0bx6 roh60bw9\">\n<div class=\"rq0escxv hkbzh7o3 jwdofwj8 n8tt0mok r8blr3vg hyh9befq\">\n<div class=\"do00u71z l9j0dhe7 k4urcfbm\">\n<div class=\"ecm0bbzt e5nlhep0 a8c37x1j\">\n<div class=\"kvgmc6g5 cxmmr5t8 oygrvhab hcukyx3x c1et5uql\">\n<div class=\"gmail-kvgmc6g5 gmail-cxmmr5t8 gmail-oygrvhab gmail-hcukyx3x gmail-c1et5uql gmail-ii04i59q\">\n<div class=\"page-title-head hgroup\">\n<div class=\"page-title-head hgroup\">\n<div class=\"b654a4as d2edcug0\">\n<div class=\"j83agx80 btwxx1t3 lhclo0ds hop8lmos nkwizq5d scwd0bx6 roh60bw9\">\n<div class=\"rq0escxv hkbzh7o3 jwdofwj8 n8tt0mok r8blr3vg hyh9befq\">\n<div class=\"do00u71z l9j0dhe7 k4urcfbm\">\n<div class=\"page-title-head hgroup\">\n<div class=\"page-title-head hgroup\">\n<div class=\"page-title-head hgroup\">\n<div class=\"page-title-head hgroup\">\n<div class=\"b654a4as d2edcug0\">\n<div class=\"page-title-head hgroup\">\n<div class=\"page-title-head hgroup\">\n<div class=\"page-title-head hgroup\">\n<div class=\"page-title-head hgroup\">\n<div class=\"b654a4as d2edcug0\">\n<div class=\"page-title-head hgroup\">\n<div class=\"page-title-head hgroup\">\n<div class=\"page-title-head hgroup\">\n<div class=\"page-title-head hgroup\">\n<div class=\"page-title-head hgroup\">\n<div class=\"page-title-head hgroup\">\n<div class=\"page-title-head hgroup\">\n<div class=\"page-title-head hgroup\">\n<div class=\"page-title-head hgroup\">\n<div class=\"b654a4as d2edcug0\">\n<div class=\"page-title-head hgroup\">\n<div class=\"page-title-head hgroup\">\n<div class=\"page-title-head hgroup\">\n<div class=\"page-title-head hgroup\">\n<div class=\"b654a4as d2edcug0\">\n<div class=\"page-title-head hgroup\">\n<div class=\"page-title-head hgroup\">\n<div class=\"page-title-head hgroup\">\n<div class=\"page-title-head hgroup\">\n<div class=\"page-title-head hgroup\">\n<div class=\"mkdf-post-text\">\n<div class=\"mkdf-post-text-inner\">\n<div class=\"mkdf-post-text-main\">\n<div class=\"mkdf-post-text\">\n<div class=\"mkdf-post-text-inner\">\n<div class=\"mkdf-post-text-main\">\n<div class=\"mkdf-post-text\">\n<div class=\"mkdf-post-text-inner\">\n<div class=\"mkdf-post-text-main\">\n<div class=\"page-title-head hgroup\">\n<div class=\"page-title-head hgroup\">\n<div class=\"mkdf-post-text\">\n<div class=\"mkdf-post-text-inner\">\n<div class=\"mkdf-post-text-main\">\n<div class=\"mkdf-post-text\">\n<div class=\"mkdf-post-text-inner\">\n<div class=\"mkdf-post-text-main\">\n<div class=\"page-title-head hgroup\">\n<div class=\"page-title-head hgroup\">\n<div class=\"page-title-head hgroup\">\n<div class=\"page-title-head hgroup\">\n<div class=\"b654a4as d2edcug0\">\n<div class=\"page-title-head hgroup\">\n<div class=\"page-title-head hgroup\">\n<div class=\"page-title-head hgroup\">\n<div class=\"page-title-head hgroup\">\n<div class=\"b654a4as d2edcug0\">\n<div class=\"page-title-head hgroup\">\n<div class=\"page-title-head hgroup\">\n<div class=\"page-title-head hgroup\">\n<div class=\"page-title-head hgroup\">\n<div class=\"b654a4as d2edcug0\">\n<h2><span style=\"color: #800080;\">I RACCONTI DI PAOLO SOPPELSA\u00a0<\/span><\/h2>\n<p><strong>LA RACCOLTA COMPLETA<\/strong><\/p>\n<blockquote class=\"wp-embedded-content\" data-secret=\"p8FYfwY2Cj\"><p><a href=\"https:\/\/www.radiopiu.net\/wordpress\/i-racconti-di-paolo-soppelsa\/\">I racconti di Paolo Soppelsa<\/a><\/p><\/blockquote>\n<p><iframe loading=\"lazy\" class=\"wp-embedded-content\" sandbox=\"allow-scripts\" security=\"restricted\" style=\"position: absolute; clip: rect(1px, 1px, 1px, 1px);\" title=\"&#8220;I racconti di Paolo Soppelsa&#8221; &#8212; Radio Pi\u00f9\" src=\"https:\/\/www.radiopiu.net\/wordpress\/i-racconti-di-paolo-soppelsa\/embed\/#?secret=wfCptHwfRi#?secret=p8FYfwY2Cj\" data-secret=\"p8FYfwY2Cj\" width=\"600\" height=\"338\" frameborder=\"0\" marginwidth=\"0\" marginheight=\"0\" scrolling=\"no\"><\/iframe><\/p>\n<p>&nbsp;<\/p>\n<hr \/>\n<p>&nbsp;<\/p>\n<\/div>\n<\/div>\n<\/div>\n<\/div>\n<\/div>\n<\/div>\n<\/div>\n<\/div>\n<\/div>\n<\/div>\n<\/div>\n<\/div>\n<\/div>\n<\/div>\n<\/div>\n<\/div>\n<\/div>\n<\/div>\n<\/div>\n<\/div>\n<\/div>\n<\/div>\n<\/div>\n<\/div>\n<\/div>\n<\/div>\n<\/div>\n<\/div>\n<\/div>\n<\/div>\n<\/div>\n<\/div>\n<\/div>\n<\/div>\n<\/div>\n<\/div>\n<\/div>\n<\/div>\n<\/div>\n<\/div>\n<\/div>\n<\/div>\n<\/div>\n<\/div>\n<\/div>\n<\/div>\n<\/div>\n<\/div>\n<\/div>\n<\/div>\n<\/div>\n<\/div>\n<\/div>\n<\/div>\n<\/div>\n<\/div>\n<\/div>\n<\/div>\n<\/div>\n<\/div>\n<\/div>\n<\/div>\n<\/div>\n<\/div>\n<\/div>\n<\/div>\n<\/div>\n<\/div>\n<\/div>\n<\/div>\n<\/div>\n<\/div>\n<\/div>\n<\/div>\n<\/div>\n<\/div>\n<\/div>\n<\/div>\n<\/div>\n<\/div>\n<\/div>\n<\/div>\n<\/div>\n<\/div>\n<\/div>\n<\/div>\n<\/div>\n<\/div>\n<\/div>\n<\/div>\n<\/div>\n<\/div>\n<\/div>\n<\/div>\n<\/div>\n<\/div>\n<\/div>\n<\/div>\n<\/div>\n<\/div>\n<\/div>\n<\/div>\n<\/div>\n<\/div>\n<\/div>\n<\/div>\n<\/div>\n<\/div>\n<\/div>\n<\/div>\n<\/div>\n<div class=\"b654a4as d2edcug0\">\n<div class=\"ecm0bbzt e5nlhep0 a8c37x1j\">\n<div class=\"kvgmc6g5 cxmmr5t8 oygrvhab hcukyx3x c1et5uql\">\n<div class=\"gmail-kvgmc6g5 gmail-cxmmr5t8 gmail-oygrvhab gmail-hcukyx3x gmail-c1et5uql gmail-ii04i59q\">\n<div>\n<div class=\"page-title-head hgroup\">\n<div class=\"page-title-head hgroup\">\n<div class=\"b654a4as d2edcug0\">\n<div class=\"j83agx80 btwxx1t3 lhclo0ds hop8lmos nkwizq5d scwd0bx6 roh60bw9\">\n<div class=\"rq0escxv hkbzh7o3 jwdofwj8 n8tt0mok r8blr3vg hyh9befq\">\n<div class=\"do00u71z l9j0dhe7 k4urcfbm\">\n<div>\n<div class=\"page-title-head hgroup\">\n<div class=\"page-title-head hgroup\">\n<div class=\"page-title-head hgroup\">\n<div class=\"page-title-head hgroup\">\n<div class=\"b654a4as d2edcug0\">\n<div class=\"page-title-head hgroup\">\n<div class=\"page-title-head hgroup\">\n<div class=\"page-title-head hgroup\">\n<div class=\"page-title-head hgroup\">\n<div class=\"b654a4as d2edcug0\">\n<div class=\"page-title-head hgroup\">\n<div class=\"page-title-head hgroup\">\n<div class=\"page-title-head hgroup\">\n<div class=\"page-title-head hgroup\">\n<div class=\"page-title-head hgroup\">\n<div class=\"mkdf-post-text\">\n<div class=\"mkdf-post-text-inner\">\n<div class=\"mkdf-post-text-main\">\n<div class=\"mkdf-post-text\">\n<div class=\"mkdf-post-text-inner\">\n<div class=\"mkdf-post-text-main\">\n<div class=\"mkdf-post-text\">\n<div class=\"mkdf-post-text-inner\">\n<div class=\"mkdf-post-text-main\">\n<div class=\"page-title-head hgroup\">\n<div class=\"page-title-head hgroup\">\n<div class=\"mkdf-post-text\">\n<div class=\"mkdf-post-text-inner\">\n<div class=\"mkdf-post-text-main\">\n<div class=\"mkdf-post-text\">\n<div class=\"mkdf-post-text-inner\">\n<div class=\"mkdf-post-text-main\">\n<div>\n<div class=\"page-title-head hgroup\">\n<div class=\"page-title-head hgroup\">\n<div>\n<div class=\"page-title-head hgroup\">\n<div class=\"page-title-head hgroup\">\n<div class=\"b654a4as d2edcug0\">\n<div>\n<div class=\"page-title-head hgroup\" style=\"text-align: left;\">\n<div class=\"page-title-head hgroup\">\n<div dir=\"auto\">\n<p><a class=\"dt-pswp-item pspw-wrap-ready\" href=\"https:\/\/i0.wp.com\/www.radiopiu.net\/wordpress\/wp-content\/uploads\/2018\/09\/WhatsApp-Image-2018-09-20-at-16.04.06.jpeg?ssl=1\" data-dt-img-description=\"\" data-large_image_width=\"800\" data-large_image_height=\"100\"><img loading=\"lazy\" decoding=\"async\" class=\"aligncenter wp-image-61378 size-full jetpack-lazy-image jetpack-lazy-image--handled\" src=\"https:\/\/i0.wp.com\/www.radiopiu.net\/wordpress\/wp-content\/uploads\/2018\/09\/WhatsApp-Image-2018-09-20-at-16.04.06.jpeg?resize=800%2C100&amp;ssl=1\" sizes=\"auto, (max-width: 800px) 100vw, 800px\" srcset=\"https:\/\/i0.wp.com\/www.radiopiu.net\/wordpress\/wp-content\/uploads\/2018\/09\/WhatsApp-Image-2018-09-20-at-16.04.06.jpeg?w=800&amp;ssl=1 800w, https:\/\/i0.wp.com\/www.radiopiu.net\/wordpress\/wp-content\/uploads\/2018\/09\/WhatsApp-Image-2018-09-20-at-16.04.06.jpeg?resize=300%2C38&amp;ssl=1 300w, https:\/\/i0.wp.com\/www.radiopiu.net\/wordpress\/wp-content\/uploads\/2018\/09\/WhatsApp-Image-2018-09-20-at-16.04.06.jpeg?resize=768%2C96&amp;ssl=1 768w\" alt=\"\" width=\"800\" height=\"100\" data-lazy-loaded=\"1\" \/><\/a><\/p>\n<\/div>\n<\/div>\n<\/div>\n<\/div>\n<\/div>\n<\/div>\n<\/div>\n<\/div>\n<\/div>\n<\/div>\n<\/div>\n<\/div>\n<\/div>\n<\/div>\n<\/div>\n<\/div>\n<\/div>\n<\/div>\n<\/div>\n<\/div>\n<\/div>\n<\/div>\n<\/div>\n<\/div>\n<\/div>\n<\/div>\n<\/div>\n<\/div>\n<\/div>\n<\/div>\n<\/div>\n<\/div>\n<\/div>\n<\/div>\n<\/div>\n<\/div>\n<\/div>\n<\/div>\n<\/div>\n<\/div>\n<\/div>\n<\/div>\n<\/div>\n<\/div>\n<\/div>\n<\/div>\n<\/div>\n<\/div>\n<\/div>\n<\/div>\n<\/div>\n<\/div>\n<\/div>\n<\/div>\n<\/div>\n<\/div>\n<\/div>\n<\/div>\n<\/div>\n<\/div>\n<\/div>\n<\/div>\n<\/div>\n<\/div>\n<\/div>\n<\/div>\n<\/div>\n<\/div>\n<\/div>\n<\/div>\n<\/div>\n<\/div>\n<\/div>\n<\/div>\n<\/div>\n<\/div>\n<\/div>\n<\/div>\n<\/div>\n<\/div>\n<\/div>\n<\/div>\n<\/div>\n<\/div>\n<\/div>\n<\/div>\n<\/div>\n<\/div>\n<\/div>\n<\/div>\n<\/div>\n<\/div>\n<\/div>\n<\/div>\n<\/div>\n<\/div>\n<\/div>\n<\/div>\n<\/div>\n<\/div>\n<\/div>\n<\/div>\n<\/div>\n<\/div>\n<\/div>\n<\/div>\n<\/div>\n<\/div>\n<\/div>\n<\/div>\n<\/div>\n<\/div>\n<\/div>\n<\/div>\n<\/div>\n<\/div>\n<\/div>\n<\/div>\n<\/div>\n<\/div>\n<\/div>\n<\/div>\n<\/div>\n<\/div>\n<\/div>\n<\/div>\n<\/div>\n<\/div>\n<\/div>\n<\/div>\n<\/div>\n<\/div>\n<\/div>\n<\/div>\n<\/div>\n<\/div>\n<\/div>\n<\/div>\n<\/div>\n<\/div>\n<\/div>\n<\/div>\n<\/div>\n<\/div>\n<\/div>\n<\/div>\n<\/div>\n<\/div>\n<\/div>\n<\/div>\n<\/div>\n<\/div>\n<\/div>\n<\/div>\n<\/div>\n<\/div>\n<\/div>\n<\/div>\n<\/div>\n<\/div>\n<\/div>\n<\/div>\n<\/div>\n<\/div>\n<\/div>\n<\/div>\n<\/div>\n<\/div>\n<\/div>\n<\/div>\n<\/div>\n<\/div>\n<\/div>\n<\/div>\n<\/div>\n<\/div>\n<\/div>\n<\/div>\n<\/div>\n<\/div>\n<\/div>\n<\/div>\n<\/div>\n<\/div>\n<\/div>\n<\/div>\n<\/div>\n<\/div>\n<\/div>\n<\/div>\n<\/div>\n<\/div>\n<\/div>\n<\/div>\n<\/div>\n<\/div>\n<\/div>\n<\/div>\n<\/div>\n<\/div>\n<\/div>\n<\/div>\n<\/div>\n<\/div>\n<\/div>\n<\/div>\n<\/div>\n<\/div>\n<\/div>\n<\/div>\n<\/div>\n<\/div>\n<\/div>\n<\/div>\n<\/div>\n<\/div>\n<\/div>\n<\/div>\n<\/div>\n<\/div>\n<\/div>\n<\/div>\n<\/div>\n<\/div>\n<\/div>\n<\/div>\n<\/div>\n<\/div>\n<\/div>\n<\/div>\n<p>&nbsp;<\/p>\n<p><center><b>Sabato 30<\/b><\/center><b>Tempo atteso: <\/b>Residuo sole, gia velato o nascosto da nubi stratiformi alte e medio-alte, anche estese, in intensificazione entro met\u00e0 mattinata. Al pomeriggio ulteriore aumento della copertura senza chance di schiarite. Nascer\u00e0 anche una lieve instabilit\u00e0, maggiormente avvertita a ridosso del Trentino e dell&#8217;Alto Adige. La copertura nuvolosa incider\u00e0 non poco sull&#8217;andamento delle temperature.<br \/>\n<b>Precipitazioni: <\/b>Assenti fino a tarda mattinata (0%). Poi crescente rischio di rovesci, specie a ridosso del Trentino e dell&#8217;Alto Adige (70\/80%), nevosi oltre i 1900\/2000 m, anche 1700\/1800 m alla sera. Altrove il rischio sar\u00e0 minore (20\/40%), anche meno. Gli apporti saranno modesti e irregolari: 0-5 mm, localmente fino a 10 mm sulle Dolimiti nord-occidentali.<br \/>\n<b>Temperature: <\/b>Minime in lieve aumento nelle valli e in calo in quota, dove saranno osservate alla sera; massime in diminuzione. Previste punte di 13\/15\u00b0C nei fondovalle prealpini e di 8\/11\u00b0C a 1000\/1200 m. Su Prealpi a 1500 m min 4\u00b0C max 6\u00b0C, a 2000 m min 1\u00b0C max 2\u00b0C. Su Dolomiti a 2000 m min 1\u00b0C max 3\u00b0C, a 3000 m min -6\u00b0C max -4\u00b0C.<br \/>\n<b>Venti: <\/b>Nelle valli deboli di direzione variabile; in quota deboli da ovest sud-ovest, a 5-10 km\/h a 2000 m e 10-20 km\/h a 3000 m.<\/p>\n<hr \/>\n<p><center><b>Domenica 1<\/b><\/center><b>Tempo atteso: <\/b>Nuvolosit\u00e0 predominante, anche intensa ed associata a una fase debolmente perturbata, a tratti instabile qualora s&#8217;innescasse un po&#8217; di convezione. Il rischio di deboli fenomeni sparsi sar\u00e0 presente sia al mattino che al pomeriggio. Ambiente assai pi\u00f9 uggioso con ridotta esccursione termica diurna a tutte le quote.<br \/>\n<b>Precipitazioni: <\/b>Rischio di deboli precipitazioni sparse sar\u00e0 presente sia al mattino che al pomeriggio (70\/80%), nevose oltre i 1700\/1900 m. (1-5 mm).<br \/>\n<b>Temperature: <\/b>in generale diminuzione, eccetto stazionariet\u00e0 delle minime nelle valli. Previste punte di 12\/14\u00b0C nei fondovalle prealpini e di 6\/9\u00b0C a 1000\/1200 m. Su Prealpi a 1500 m min 3\u00b0C max 4\u00b0C, a 2000 m min -1\u00b0C max 1\u00b0C. Su Dolomiti a 2000 m min -1\u00b0C max 1\u00b0C, a 3000 m min -7\u00b0C max -6\u00b0C.<br \/>\n<b>Venti: <\/b>Nelle valli perlopi\u00f9 deboli di direzione variabile; in quota deboli\/moderati da sud-est al mattino e moderati da nord-est al pomeriggio, a 5-15 km\/h a 2000 m e 10-25 km\/h a 3000 m.<\/p>\n<hr \/>\n<p><center><b>Lunedi 2<\/b><\/center>Qualche schiarita e molte nubi , anche per attivit\u00e0 cumuliforme irregolare, a tratti intensa e associata a nuovi rovesci sparsi, pi\u00f9 frequenti sulle Prealpi, mentre il rischio sar\u00e0 minore sulle Dolomiti, seppur presente. Limite neve sui 1800\/2000 m Temperature minime in calo, massime in lieve ripresa. Venti deboli da nord-est in quota; debolidi direzione variabile nelle valli.<\/p>\n<hr \/>\n<p><center><b>Martedi 3<\/b><\/center>Tratti soleggiati e qualche annuvolamento al mattino, seguiti da moderata, localmente forte attivit\u00e0 cumuliforme, la quale dar\u00e0 luogo a rovesci sparsi, eventualmente anche temporaleschi dalle ore centrali in poi. limite neve oltre i 2000\/2100 m. Calo delle temperature minime e rialzo delle massime. Venti deboli, a tratti moderati, per brezze nelle valli; perlopi\u00f9 deboli da nord-est, poi da sud-ovest. Previsore: R.L.Th.<\/p>\n<p>&nbsp;<\/p>\n<hr \/>\n<p>&nbsp;<\/p>\n<p><a href=\"https:\/\/www.radiopiu.net\/wordpress\/giornale-radiopiu-26-settembre-2018-direttore-mirko-mezzacasa\/viabilita-2\/\" rel=\"attachment wp-att-61954\"><img loading=\"lazy\" decoding=\"async\" class=\"aligncenter wp-image-61954 size-full\" src=\"https:\/\/www.radiopiu.net\/wordpress\/wp-content\/uploads\/2018\/09\/viabilita.jpeg\" sizes=\"auto, (max-width: 800px) 100vw, 800px\" srcset=\"https:\/\/www.radiopiu.net\/wordpress\/wp-content\/uploads\/2018\/09\/viabilita.jpeg 800w, https:\/\/www.radiopiu.net\/wordpress\/wp-content\/uploads\/2018\/09\/viabilita-300x38.jpeg 300w, https:\/\/www.radiopiu.net\/wordpress\/wp-content\/uploads\/2018\/09\/viabilita-768x96.jpeg 768w\" alt=\"\" width=\"800\" height=\"100\" \/><\/a><\/p>\n<p>&nbsp;<\/p>\n<blockquote class=\"wp-embedded-content\" data-secret=\"P2J5Onfeyo\"><p><a href=\"https:\/\/www.radiopiu.net\/wordpress\/viabilita\/\">viabilita<\/a><\/p><\/blockquote>\n<p><iframe loading=\"lazy\" class=\"wp-embedded-content\" sandbox=\"allow-scripts\" security=\"restricted\" style=\"position: absolute; clip: rect(1px, 1px, 1px, 1px);\" title=\"&#8220;viabilita&#8221; &#8212; Radio Pi\u00f9\" src=\"https:\/\/www.radiopiu.net\/wordpress\/viabilita\/embed\/#?secret=62zMIXY9sh#?secret=P2J5Onfeyo\" data-secret=\"P2J5Onfeyo\" width=\"600\" height=\"338\" frameborder=\"0\" marginwidth=\"0\" marginheight=\"0\" scrolling=\"no\"><\/iframe><\/p>\n<p>&nbsp;<\/p>\n<hr \/>\n<p>&nbsp;<\/p>\n<p>&nbsp;<\/p>\n<p><img loading=\"lazy\" decoding=\"async\" class=\"wp-image-60761 size-full aligncenter\" src=\"https:\/\/www.radiopiu.net\/wordpress\/wp-content\/uploads\/2018\/09\/sport.jpg\" alt=\"\" width=\"800\" height=\"100\" srcset=\"https:\/\/www.radiopiu.net\/wordpress\/wp-content\/uploads\/2018\/09\/sport.jpg 800w, https:\/\/www.radiopiu.net\/wordpress\/wp-content\/uploads\/2018\/09\/sport-300x38.jpg 300w, https:\/\/www.radiopiu.net\/wordpress\/wp-content\/uploads\/2018\/09\/sport-768x96.jpg 768w\" sizes=\"auto, (max-width: 800px) 100vw, 800px\" \/><\/p>\n<p>&nbsp;<\/p>\n<p><span style=\"color: #0000ff;\"><strong>CALCIO<\/strong><\/span><\/p>\n<blockquote>\n<h3>ULTIME PARTITE DELLA STAGIONE PER L&#8217;AGORDINA<\/h3>\n<\/blockquote>\n<p><strong><a class=\"dt-pswp-item\" href=\"https:\/\/www.radiopiu.net\/wordpress\/wp-content\/uploads\/2019\/07\/pallone-calcio-2019.jpg\" data-dt-img-description=\"\" data-large_image_width=\"4460\" data-large_image_height=\"2977\"><img loading=\"lazy\" decoding=\"async\" class=\" wp-image-91405 alignleft\" src=\"https:\/\/www.radiopiu.net\/wordpress\/wp-content\/uploads\/2019\/07\/pallone-calcio-2019-150x150.jpg\" alt=\"\" width=\"98\" height=\"98\" \/><\/a>AGORDO <\/strong>Finale di stagione per le squadre dell\u2019Agordina Calcio che in questo weekend scendono in campo per continuare i campionati FIGC. Si inizia oggi pomeriggio con il settore giovanile. I Giovanissimi provinciali di De Bastiani sono impegnati in casa contro il Valboite. In campo anche la Juniores Regionale di Roberto Fontanive che all\u2019Ivano Dorigo ospitano il Vazzola per la penultima giornata di campionato. Domani mattina sar\u00e0 il turno degli Allievi Regionali allenati da Renato Orzetti che giocheranno ad Agordo contro il Ponzano. Mancano 3 partite alla fine del campionato di Seconda Categoria e ormai il destino dell\u2019Agordina \u00e8 gi\u00e0 scritto da due giornate. La formazione allenata da Marco Lorenzi scender\u00e0 in campo domani per affrontare il Vittsangiacomo. Una partita ininfluente per entrambe le formazioni e sar\u00e0 una passerella di fine stagione. Si gioca in terra trevigiana alle 15:30. Domani tornano in campo anche le ragazze del Keralpen che iniziano la seconda fase del campionato Eccellenza Femminile. Giocheranno in casa contro il Cadore alle 15:30. Domani pomeriggio consueto appuntamento su Radio Pi\u00f9 per seguire la partita dell\u2019Agordina all\u2019interno di \u201cDomenica Pi\u00f9 Sport\u201d.<\/p>\n<p>&nbsp;<\/p>\n<blockquote>\n<h3>CAMPIONATO AGORDINO 2022, LE SQUADRE. ALLEGHE<\/h3>\n<\/blockquote>\n<p><strong><a class=\"dt-pswp-item\" href=\"https:\/\/www.radiopiu.net\/wordpress\/wp-content\/uploads\/2022\/04\/ALLEGHE.png\" data-dt-img-description=\"\" data-large_image_width=\"807\" data-large_image_height=\"883\"><img loading=\"lazy\" decoding=\"async\" class=\"alignleft wp-image-272976 \" src=\"https:\/\/www.radiopiu.net\/wordpress\/wp-content\/uploads\/2022\/04\/ALLEGHE-274x300.png\" alt=\"\" width=\"92\" height=\"101\" srcset=\"https:\/\/www.radiopiu.net\/wordpress\/wp-content\/uploads\/2022\/04\/ALLEGHE-274x300.png 274w, https:\/\/www.radiopiu.net\/wordpress\/wp-content\/uploads\/2022\/04\/ALLEGHE-768x840.png 768w, https:\/\/www.radiopiu.net\/wordpress\/wp-content\/uploads\/2022\/04\/ALLEGHE.png 807w\" sizes=\"auto, (max-width: 92px) 100vw, 92px\" \/><\/a>REDAZIONE<\/strong> Continua il viaggio alla scoperta delle squadre che parteciperanno al Campionato Agordino 2022. Questa volta ci spostiamo in Val Cordevole e andiamo a scoprire la formazione dell\u2019Alleghe. Sergio Da Tos \u00e8 una conferma e guider\u00e0 gli alleghesi anche in questa stagione. Come \u00e8 successo negli ultimi anni, l\u2019Alleghe \u00e8 una squadra composta da diversi giovani che non si danno obbiettivi ma che fanno gruppo solo per divertirsi e giocare a calcio. La speranza \u00e8 in qualche buon risultato ma l\u2019importante \u00e8 partecipare.<\/p>\n<p><strong>ERIC MANFROI, PRESIDENTE DELL\u2019ALLEGHE<\/strong><\/p>\n<audio class=\"wp-audio-shortcode\" id=\"audio-272942-21\" preload=\"none\" style=\"width: 100%;\" controls=\"controls\"><source type=\"audio\/mpeg\" src=\"https:\/\/www.radiopiu.net\/wordpress\/wp-content\/uploads\/2022\/04\/ALLEGHE-ERIC-MANFROI.mp3?_=21\" \/><a href=\"https:\/\/www.radiopiu.net\/wordpress\/wp-content\/uploads\/2022\/04\/ALLEGHE-ERIC-MANFROI.mp3\">https:\/\/www.radiopiu.net\/wordpress\/wp-content\/uploads\/2022\/04\/ALLEGHE-ERIC-MANFROI.mp3<\/a><\/audio>\n<p>&nbsp;<\/p>\n<p><strong>LA RACCOLTA<\/strong><\/p>\n<blockquote class=\"wp-embedded-content\" data-secret=\"ZeEoVhL35I\"><p><a href=\"https:\/\/www.radiopiu.net\/wordpress\/campionato-agordino-2022-ogni-giorno-una-squadra-ok\/\">CAMPIONATO AGORDINO 2022, OGNI GIORNO UNA SQUADRA. IL CAMMINO DI AVVICINAMENTO ALLA PRESENTAZIONE DEL 7 MAGGIO<\/a><\/p><\/blockquote>\n<p><iframe loading=\"lazy\" class=\"wp-embedded-content\" sandbox=\"allow-scripts\" security=\"restricted\" style=\"position: absolute; clip: rect(1px, 1px, 1px, 1px);\" title=\"&#8220;CAMPIONATO AGORDINO 2022, OGNI GIORNO UNA SQUADRA. IL CAMMINO DI AVVICINAMENTO ALLA PRESENTAZIONE DEL 7 MAGGIO&#8221; &#8212; Radio Pi\u00f9\" src=\"https:\/\/www.radiopiu.net\/wordpress\/campionato-agordino-2022-ogni-giorno-una-squadra-ok\/embed\/#?secret=yzziyBeaSp#?secret=ZeEoVhL35I\" data-secret=\"ZeEoVhL35I\" width=\"600\" height=\"338\" frameborder=\"0\" marginwidth=\"0\" marginheight=\"0\" scrolling=\"no\"><\/iframe><\/p>\n<p>&nbsp;<\/p>\n<hr \/>\n<p>&nbsp;<\/p>\n<p><span style=\"color: #0000ff;\"><strong>HOCKEY GHIACCIO\u00a0\u00a0<\/strong><\/span><\/p>\n<table width=\"100%\">\n<tbody>\n<tr>\n<td>\n<table width=\"100%\">\n<tbody>\n<tr>\n<td>\n<table width=\"100%\">\n<tbody>\n<tr>\n<td>\n<blockquote>\n<h3>L&#8217;Italia\u00a0 batte la Francia 1-0<\/h3>\n<\/blockquote>\n<\/td>\n<\/tr>\n<\/tbody>\n<\/table>\n<\/td>\n<\/tr>\n<\/tbody>\n<\/table>\n<\/td>\n<\/tr>\n<tr>\n<td>\n<table width=\"100%\">\n<tbody>\n<tr>\n<td><\/td>\n<\/tr>\n<\/tbody>\n<\/table>\n<table width=\"100%\">\n<tbody>\n<tr>\n<td>\n<table width=\"100%\">\n<tbody>\n<tr>\n<td>\n<h4><a class=\"dt-pswp-item\" href=\"https:\/\/www.radiopiu.net\/wordpress\/wp-content\/uploads\/2022\/04\/cf4a1eac-6bf0-9d14-3e40-ab1dbe91411c.jpg\" data-dt-img-description=\"\" data-large_image_width=\"1200\" data-large_image_height=\"801\"><img loading=\"lazy\" decoding=\"async\" class=\"size-thumbnail wp-image-273134 alignleft\" src=\"https:\/\/www.radiopiu.net\/wordpress\/wp-content\/uploads\/2022\/04\/cf4a1eac-6bf0-9d14-3e40-ab1dbe91411c-150x150.jpg\" alt=\"\" width=\"150\" height=\"150\" \/><\/a>Italia &#8211; Francia 1-0<br \/>\n<strong>Ultima<\/strong> giornata del ritiro della Nazionale di Hockey Italiana a Pontebba,<br \/>\nL&#8217;Italia vince 1-0 con la Francia, stesso risultato dello scorso anno, e si prepara quindi alla trasferta inglese con un record di 2-2 nell&#8217;ultimo mese. Rispetto alla partita\u00a0 con la Slovenia \u00e8 forse mancata un po&#8217; di lucidit\u00e0 e fluidit\u00e0 nel gioco offensivo e in controllo del disco ma in compenso a livello di competitivit\u00e0 ha giocato un grande partita. <strong>Bernard e Frigo i migliori in campo<\/strong>, si sono visti miglioramenti anche dai nuovi arrivati, pi\u00f9 inseriti nel gioco.<\/h4>\n<\/td>\n<\/tr>\n<\/tbody>\n<\/table>\n<\/td>\n<\/tr>\n<\/tbody>\n<\/table>\n<\/td>\n<\/tr>\n<\/tbody>\n<\/table>\n<p>&nbsp;<\/p>\n<p>&nbsp;<\/p>\n<p>&nbsp;<\/p>\n<table width=\"100%\">\n<tbody>\n<tr>\n<td>\n<table width=\"100%\">\n<tbody>\n<tr>\n<td>\n<table width=\"100%\">\n<tbody>\n<tr>\n<td>\n<blockquote>\n<h3>Contro la Slovenia arriva la terza vittoria al Mondiale di Asiago. Si decide tutto all&#8217;ultima giornata<\/h3>\n<\/blockquote>\n<\/td>\n<\/tr>\n<\/tbody>\n<\/table>\n<\/td>\n<\/tr>\n<\/tbody>\n<\/table>\n<\/td>\n<\/tr>\n<tr>\n<td>\n<table width=\"100%\">\n<tbody>\n<tr>\n<td>\n<table width=\"100%\">\n<tbody>\n<tr>\n<td>\n<h3>L&#8217;Italia U18\u00a0 tenter\u00e0 di fermare la capolista Ungheria<\/h3>\n<\/td>\n<\/tr>\n<\/tbody>\n<\/table>\n<\/td>\n<\/tr>\n<\/tbody>\n<\/table>\n<table width=\"100%\">\n<tbody>\n<tr>\n<td>\n<table width=\"100%\">\n<tbody>\n<tr>\n<td>\n<h4><a class=\"dt-pswp-item\" href=\"https:\/\/www.radiopiu.net\/wordpress\/wp-content\/uploads\/2022\/04\/46f7e141-f000-391f-ea6e-a78348285a47.jpg\" data-dt-img-description=\"\" data-large_image_width=\"2048\" data-large_image_height=\"1365\"><img loading=\"lazy\" decoding=\"async\" class=\"size-thumbnail wp-image-273133 alignleft\" src=\"https:\/\/www.radiopiu.net\/wordpress\/wp-content\/uploads\/2022\/04\/46f7e141-f000-391f-ea6e-a78348285a47-150x150.jpg\" alt=\"\" width=\"150\" height=\"150\" \/><\/a>Quarta giornata del Mondiale di Divisione I \u2013 Gruppo B in corso di svolgimento ad Asiago. <strong>Il terzo successo dell\u2019Italia U18, ottenuto contro la Slovenia per 2:1,\u00a0 permette agli Azzurrini di essere in corsa anche per il primo posto. <\/strong>In precedenza la vittoria dell\u2019Ungheria per 2:1 contro l\u2019Ucraina ha permesso ai magiari di portarsi al primo posto solitario del torneo iridato mentre l\u2019Austria ha smosso la sua classifica dopo i primi 3 punti contro la Polonia per 5:2.<\/h4>\n<\/td>\n<\/tr>\n<\/tbody>\n<\/table>\n<\/td>\n<\/tr>\n<\/tbody>\n<\/table>\n<\/td>\n<\/tr>\n<\/tbody>\n<\/table>\n<p>&nbsp;<\/p>\n<p>&nbsp;<\/p>\n<p>&nbsp;<\/p>\n<\/div>\n<\/div>\n<\/div>\n<\/div>\n<\/div>\n<\/div>\n<\/div>\n<\/div>\n<\/div>\n<\/div>\n<\/div>\n<\/div>\n<\/div>\n<\/div>\n<\/div>\n<\/div>\n<\/div>\n<\/div>\n<\/div>\n<\/div>\n<\/div>\n<\/div>\n<\/div>\n<\/div>\n<\/div>\n<\/div>\n<\/div>\n<\/div>\n<\/div>\n<\/div>\n<\/div>\n<\/div>\n<\/div>\n<\/div>\n<\/div>\n<\/div>\n<\/div>\n<\/div>\n<\/div>\n<\/div>\n<\/div>\n<\/div>\n<\/div>\n<\/div>\n<\/div>\n<\/div>\n<\/div>\n<\/div>\n<\/div>\n<\/div>\n<\/div>\n<\/div>\n<\/div>\n<\/div>\n<\/div>\n<\/div>\n<\/div>\n<\/div>\n<\/div>\n<\/div>\n<\/div>\n<\/div>\n<\/div>\n<\/div>\n<\/div>\n<\/div>\n<\/div>\n<\/div>\n<\/div>\n<\/div>\n<\/div>\n<\/div>\n<\/div>\n<\/div>\n<\/div>\n<\/div>\n<\/div>\n<\/div>\n<\/div>\n<\/div>\n<\/div>\n<\/div>\n<\/div>\n<\/div>\n<\/div>\n<\/div>\n<\/div>\n<\/div>\n<\/div>\n<\/div>\n<\/div>\n<\/div>\n<\/div>\n<\/div>\n<\/div>\n<\/div>\n<\/div>\n<\/div>\n<\/div>\n<\/div>\n<\/div>\n<\/div>\n<\/div>\n<\/div>\n<\/div>\n<\/div>\n","protected":false},"excerpt":{"rendered":"<p>RADIO PIU INFORMAZIONE il canale su TELEGRAM informazione di prima\u00a0 mano e in tempo reale. iscriviti ed aiutaci a farlo conoscere\u00a0 &nbsp; &nbsp; PUNTO TAMPONI STRAORDINARIO NEL WEEKEND A PALUDI BELLUNO L\u2019Ulss Dolomiti attiva per oggi e domani\u00a0dalle 8.30 alle 14.00 un punto tamponi a Paludi per persone con sintomatologia covid, ad accesso libero. Sar\u00e0&hellip;<\/p>\n","protected":false},"author":4,"featured_media":273041,"comment_status":"closed","ping_status":"closed","sticky":false,"template":"","format":"standard","meta":{"_monsterinsights_skip_tracking":false,"_monsterinsights_sitenote_active":false,"_monsterinsights_sitenote_note":"","_monsterinsights_sitenote_category":0,"footnotes":""},"categories":[51,86,49],"tags":[],"class_list":["post-272942","post","type-post","status-publish","format-standard","has-post-thumbnail","hentry","category-evidenza-top","category-gr","category-news-18","category-51","category-86","category-49","description-off"],"img_url":"https:\/\/www.radiopiu.net\/wordpress\/wp-content\/uploads\/2022\/04\/Agordo_foto-di-gruppo.jpeg","_links":{"self":[{"href":"https:\/\/www.radiopiu.net\/wordpress\/wp-json\/wp\/v2\/posts\/272942","targetHints":{"allow":["GET"]}}],"collection":[{"href":"https:\/\/www.radiopiu.net\/wordpress\/wp-json\/wp\/v2\/posts"}],"about":[{"href":"https:\/\/www.radiopiu.net\/wordpress\/wp-json\/wp\/v2\/types\/post"}],"author":[{"embeddable":true,"href":"https:\/\/www.radiopiu.net\/wordpress\/wp-json\/wp\/v2\/users\/4"}],"replies":[{"embeddable":true,"href":"https:\/\/www.radiopiu.net\/wordpress\/wp-json\/wp\/v2\/comments?post=272942"}],"version-history":[{"count":0,"href":"https:\/\/www.radiopiu.net\/wordpress\/wp-json\/wp\/v2\/posts\/272942\/revisions"}],"wp:featuredmedia":[{"embeddable":true,"href":"https:\/\/www.radiopiu.net\/wordpress\/wp-json\/wp\/v2\/media\/273041"}],"wp:attachment":[{"href":"https:\/\/www.radiopiu.net\/wordpress\/wp-json\/wp\/v2\/media?parent=272942"}],"wp:term":[{"taxonomy":"category","embeddable":true,"href":"https:\/\/www.radiopiu.net\/wordpress\/wp-json\/wp\/v2\/categories?post=272942"},{"taxonomy":"post_tag","embeddable":true,"href":"https:\/\/www.radiopiu.net\/wordpress\/wp-json\/wp\/v2\/tags?post=272942"}],"curies":[{"name":"wp","href":"https:\/\/api.w.org\/{rel}","templated":true}]}}