{"id":272952,"date":"2022-04-29T05:59:59","date_gmt":"2022-04-29T03:59:59","guid":{"rendered":"https:\/\/www.radiopiu.net\/wordpress\/?p=272952"},"modified":"2022-04-29T06:07:29","modified_gmt":"2022-04-29T04:07:29","slug":"furgone-postale-contro-il-muro-del-ristorante","status":"publish","type":"post","link":"https:\/\/www.radiopiu.net\/wordpress\/furgone-postale-contro-il-muro-del-ristorante\/","title":{"rendered":"FURGONE POSTALE CONTRO\u00a0 IL MURO DEL RISTORANTE"},"content":{"rendered":"<blockquote>\n<h3><a class=\"dt-pswp-item\" href=\"https:\/\/www.radiopiu.net\/wordpress\/wp-content\/uploads\/2022\/04\/FotoJet-Collage1.jpg\" data-dt-img-description=\"\" data-large_image_width=\"1600\" data-large_image_height=\"1600\"><img loading=\"lazy\" decoding=\"async\" class=\" wp-image-272951 alignleft\" src=\"https:\/\/www.radiopiu.net\/wordpress\/wp-content\/uploads\/2022\/04\/FotoJet-Collage1-150x150.jpg\" alt=\"\" width=\"88\" height=\"88\" srcset=\"https:\/\/www.radiopiu.net\/wordpress\/wp-content\/uploads\/2022\/04\/FotoJet-Collage1-150x150.jpg 150w, https:\/\/www.radiopiu.net\/wordpress\/wp-content\/uploads\/2022\/04\/FotoJet-Collage1-300x300.jpg 300w, https:\/\/www.radiopiu.net\/wordpress\/wp-content\/uploads\/2022\/04\/FotoJet-Collage1-1024x1024.jpg 1024w, https:\/\/www.radiopiu.net\/wordpress\/wp-content\/uploads\/2022\/04\/FotoJet-Collage1-768x768.jpg 768w, https:\/\/www.radiopiu.net\/wordpress\/wp-content\/uploads\/2022\/04\/FotoJet-Collage1-1536x1536.jpg 1536w, https:\/\/www.radiopiu.net\/wordpress\/wp-content\/uploads\/2022\/04\/FotoJet-Collage1.jpg 1600w\" sizes=\"auto, (max-width: 88px) 100vw, 88px\" \/><\/a><strong>\u00a0<\/strong><\/h3>\n<\/blockquote>\n<p><strong>ALPAGO<\/strong> Postino\u00a0 all&#8217;ospedale dopo la schianto sui tavolini dell&#8217;Osteria Al Fogher. Incidente senza gravi conseguenze ieri mattina tra le vie della frazione di Spert. L&#8217;uomo originario di Rosarno ma residente a Col di Cugnan (Ponte nelle Alpi) ha perso il controllo del furgoncino dei servizi postali ed \u00e8 finito prima contro un tavolino\u00a0 poi contro il muretto del ristorante. Un gran botto e\u00a0 A.C.\u00a0 \u00e8 stato trasferito all&#8217;ospedale San Martino, non \u00e8 risultato in gravi condizioni ed \u00e8 sempre stato vigile.<\/p>\n<p>&nbsp;<\/p>\n<hr \/>\n<p>&nbsp;<\/p>\n","protected":false},"excerpt":{"rendered":"<p>\u00a0 ALPAGO Postino\u00a0 all&#8217;ospedale dopo la schianto sui tavolini dell&#8217;Osteria Al Fogher. Incidente senza gravi conseguenze ieri mattina tra le vie della frazione di Spert. L&#8217;uomo originario di Rosarno ma residente a Col di Cugnan (Ponte nelle Alpi) ha perso il controllo del furgoncino dei servizi postali ed \u00e8 finito prima contro un tavolino\u00a0 poi&hellip;<\/p>\n","protected":false},"author":4,"featured_media":272951,"comment_status":"closed","ping_status":"closed","sticky":false,"template":"","format":"standard","meta":{"_monsterinsights_skip_tracking":false,"_monsterinsights_sitenote_active":false,"_monsterinsights_sitenote_note":"","_monsterinsights_sitenote_category":0,"footnotes":""},"categories":[51,49],"tags":[],"class_list":["post-272952","post","type-post","status-publish","format-standard","has-post-thumbnail","hentry","category-evidenza-top","category-news-18","category-51","category-49","description-off"],"img_url":"https:\/\/www.radiopiu.net\/wordpress\/wp-content\/uploads\/2022\/04\/FotoJet-Collage1.jpg","_links":{"self":[{"href":"https:\/\/www.radiopiu.net\/wordpress\/wp-json\/wp\/v2\/posts\/272952","targetHints":{"allow":["GET"]}}],"collection":[{"href":"https:\/\/www.radiopiu.net\/wordpress\/wp-json\/wp\/v2\/posts"}],"about":[{"href":"https:\/\/www.radiopiu.net\/wordpress\/wp-json\/wp\/v2\/types\/post"}],"author":[{"embeddable":true,"href":"https:\/\/www.radiopiu.net\/wordpress\/wp-json\/wp\/v2\/users\/4"}],"replies":[{"embeddable":true,"href":"https:\/\/www.radiopiu.net\/wordpress\/wp-json\/wp\/v2\/comments?post=272952"}],"version-history":[{"count":0,"href":"https:\/\/www.radiopiu.net\/wordpress\/wp-json\/wp\/v2\/posts\/272952\/revisions"}],"wp:featuredmedia":[{"embeddable":true,"href":"https:\/\/www.radiopiu.net\/wordpress\/wp-json\/wp\/v2\/media\/272951"}],"wp:attachment":[{"href":"https:\/\/www.radiopiu.net\/wordpress\/wp-json\/wp\/v2\/media?parent=272952"}],"wp:term":[{"taxonomy":"category","embeddable":true,"href":"https:\/\/www.radiopiu.net\/wordpress\/wp-json\/wp\/v2\/categories?post=272952"},{"taxonomy":"post_tag","embeddable":true,"href":"https:\/\/www.radiopiu.net\/wordpress\/wp-json\/wp\/v2\/tags?post=272952"}],"curies":[{"name":"wp","href":"https:\/\/api.w.org\/{rel}","templated":true}]}}