{"id":272974,"date":"2022-04-29T23:59:15","date_gmt":"2022-04-29T21:59:15","guid":{"rendered":"https:\/\/www.radiopiu.net\/wordpress\/?p=272974"},"modified":"2022-04-30T05:21:46","modified_gmt":"2022-04-30T03:21:46","slug":"campionato-agordino-2022-le-squadre-alleghe","status":"publish","type":"post","link":"https:\/\/www.radiopiu.net\/wordpress\/campionato-agordino-2022-le-squadre-alleghe\/","title":{"rendered":"CAMPIONATO AGORDINO 2022, LE SQUADRE. ALLEGHE"},"content":{"rendered":"<p><strong><a class=\"dt-pswp-item\" href=\"https:\/\/www.radiopiu.net\/wordpress\/wp-content\/uploads\/2022\/04\/ALLEGHE.png\" data-dt-img-description=\"\" data-large_image_width=\"807\" data-large_image_height=\"883\"><img loading=\"lazy\" decoding=\"async\" class=\"size-thumbnail wp-image-272976 alignleft\" src=\"https:\/\/www.radiopiu.net\/wordpress\/wp-content\/uploads\/2022\/04\/ALLEGHE-150x150.png\" alt=\"\" width=\"150\" height=\"150\" \/><\/a>REDAZIONE<\/strong> Continua il viaggio alla scoperta delle squadre che parteciperanno al Campionato Agordino 2022. Questa volta ci spostiamo in Val Cordevole e andiamo a scoprire la formazione dell\u2019Alleghe. Sergio Da Tos \u00e8 una conferma e guider\u00e0 gli alleghesi anche in questa stagione. Come \u00e8 successo negli ultimi anni, l\u2019Alleghe \u00e8 una squadra composta da diversi giovani che non si danno obbiettivi ma che fanno gruppo solo per divertirsi e giocare a calcio. La speranza \u00e8 in qualche buon risultato ma l\u2019importante \u00e8 partecipare.<\/p>\n<p><strong>ERIC MANFROI, PRESIDENTE DELL\u2019ALLEGHE<\/strong><\/p>\n<audio class=\"wp-audio-shortcode\" id=\"audio-272974-1\" preload=\"none\" style=\"width: 100%;\" controls=\"controls\"><source type=\"audio\/mpeg\" src=\"https:\/\/www.radiopiu.net\/wordpress\/wp-content\/uploads\/2022\/04\/ALLEGHE-ERIC-MANFROI.mp3?_=1\" \/><a href=\"https:\/\/www.radiopiu.net\/wordpress\/wp-content\/uploads\/2022\/04\/ALLEGHE-ERIC-MANFROI.mp3\">https:\/\/www.radiopiu.net\/wordpress\/wp-content\/uploads\/2022\/04\/ALLEGHE-ERIC-MANFROI.mp3<\/a><\/audio>\n<p>&nbsp;<\/p>\n<p><strong>LA RACCOLTA<\/strong><\/p>\n<blockquote class=\"wp-embedded-content\" data-secret=\"5I9dIfAunM\"><p><a href=\"https:\/\/www.radiopiu.net\/wordpress\/campionato-agordino-2022-ogni-giorno-una-squadra-ok\/\">CAMPIONATO AGORDINO 2022, OGNI GIORNO UNA SQUADRA. IL CAMMINO DI AVVICINAMENTO ALLA PRESENTAZIONE DEL 7 MAGGIO<\/a><\/p><\/blockquote>\n<p><iframe loading=\"lazy\" class=\"wp-embedded-content\" sandbox=\"allow-scripts\" security=\"restricted\" style=\"position: absolute; clip: rect(1px, 1px, 1px, 1px);\" title=\"&#8220;CAMPIONATO AGORDINO 2022, OGNI GIORNO UNA SQUADRA. IL CAMMINO DI AVVICINAMENTO ALLA PRESENTAZIONE DEL 7 MAGGIO&#8221; &#8212; Radio Pi\u00f9\" src=\"https:\/\/www.radiopiu.net\/wordpress\/campionato-agordino-2022-ogni-giorno-una-squadra-ok\/embed\/#?secret=PNMzWnZSYg#?secret=5I9dIfAunM\" data-secret=\"5I9dIfAunM\" width=\"600\" height=\"338\" frameborder=\"0\" marginwidth=\"0\" marginheight=\"0\" scrolling=\"no\"><\/iframe><\/p>\n<p>&nbsp;<\/p>\n<p>&nbsp;<\/p>\n<p>*****<\/p>\n","protected":false},"excerpt":{"rendered":"<p>REDAZIONE Continua il viaggio alla scoperta delle squadre che parteciperanno al Campionato Agordino 2022. Questa volta ci spostiamo in Val Cordevole e andiamo a scoprire la formazione dell\u2019Alleghe. Sergio Da Tos \u00e8 una conferma e guider\u00e0 gli alleghesi anche in questa stagione. Come \u00e8 successo negli ultimi anni, l\u2019Alleghe \u00e8 una squadra composta da diversi&hellip;<\/p>\n","protected":false},"author":4,"featured_media":272976,"comment_status":"closed","ping_status":"closed","sticky":false,"template":"","format":"standard","meta":{"_monsterinsights_skip_tracking":false,"_monsterinsights_sitenote_active":false,"_monsterinsights_sitenote_note":"","_monsterinsights_sitenote_category":0,"footnotes":""},"categories":[104,49],"tags":[],"class_list":["post-272974","post","type-post","status-publish","format-standard","has-post-thumbnail","hentry","category-evidenza_3","category-news-18","category-104","category-49","description-off"],"img_url":"https:\/\/www.radiopiu.net\/wordpress\/wp-content\/uploads\/2022\/04\/ALLEGHE.png","_links":{"self":[{"href":"https:\/\/www.radiopiu.net\/wordpress\/wp-json\/wp\/v2\/posts\/272974","targetHints":{"allow":["GET"]}}],"collection":[{"href":"https:\/\/www.radiopiu.net\/wordpress\/wp-json\/wp\/v2\/posts"}],"about":[{"href":"https:\/\/www.radiopiu.net\/wordpress\/wp-json\/wp\/v2\/types\/post"}],"author":[{"embeddable":true,"href":"https:\/\/www.radiopiu.net\/wordpress\/wp-json\/wp\/v2\/users\/4"}],"replies":[{"embeddable":true,"href":"https:\/\/www.radiopiu.net\/wordpress\/wp-json\/wp\/v2\/comments?post=272974"}],"version-history":[{"count":0,"href":"https:\/\/www.radiopiu.net\/wordpress\/wp-json\/wp\/v2\/posts\/272974\/revisions"}],"wp:featuredmedia":[{"embeddable":true,"href":"https:\/\/www.radiopiu.net\/wordpress\/wp-json\/wp\/v2\/media\/272976"}],"wp:attachment":[{"href":"https:\/\/www.radiopiu.net\/wordpress\/wp-json\/wp\/v2\/media?parent=272974"}],"wp:term":[{"taxonomy":"category","embeddable":true,"href":"https:\/\/www.radiopiu.net\/wordpress\/wp-json\/wp\/v2\/categories?post=272974"},{"taxonomy":"post_tag","embeddable":true,"href":"https:\/\/www.radiopiu.net\/wordpress\/wp-json\/wp\/v2\/tags?post=272974"}],"curies":[{"name":"wp","href":"https:\/\/api.w.org\/{rel}","templated":true}]}}