{"id":272987,"date":"2022-04-29T10:20:45","date_gmt":"2022-04-29T08:20:45","guid":{"rendered":"https:\/\/www.radiopiu.net\/wordpress\/?p=272987"},"modified":"2022-04-30T05:23:28","modified_gmt":"2022-04-30T03:23:28","slug":"ieri-a-mel-il-congresso-provinciale-del-siulp","status":"publish","type":"post","link":"https:\/\/www.radiopiu.net\/wordpress\/ieri-a-mel-il-congresso-provinciale-del-siulp\/","title":{"rendered":"IERI A MEL IL CONGRESSO PROVINCIALE DEL SIULP"},"content":{"rendered":"<p><a class=\"dt-pswp-item\" href=\"https:\/\/www.radiopiu.net\/wordpress\/wp-content\/uploads\/2022\/04\/momento-lavori-2-scaled.jpg\" data-dt-img-description=\"OLYMPUS DIGITAL CAMERA\" data-large_image_width=\"2560\" data-large_image_height=\"1920\"><img loading=\"lazy\" decoding=\"async\" class=\"wp-image-272988 size-thumbnail alignleft\" src=\"https:\/\/www.radiopiu.net\/wordpress\/wp-content\/uploads\/2022\/04\/momento-lavori-2-150x150.jpg\" alt=\"\" width=\"150\" height=\"150\" \/><\/a><strong>BELLUNO <\/strong>Ieri pomeriggio alla presenza del segretario nazionale Silvano Filippi e del segretario regionale veneto Oscar Arboit, nella storica cornice di Borgo Valbelluna si \u00e8 celebrato il 9\u00b0 congresso provinciale del SIULP Belluno, per il rinnovo delle cariche statutarie. I lavori hanno visto una articolata disamina delle tesi congressuali proposte nella sua relazione dal segretario provinciale uscente rossa albino. Un\u2019analisi schietta, responsabile e concreta che ha affrontato temi scomodi ma quanto mai attuali, per la tenuta della sicurezza a livello nazionale e per gli inevitabili riflessi nell\u2019ambito provinciale bellunese. Sono stati analizzati gli effetti dell\u2019inesorabile e progressivo logoramento degli organici della Polizia di Stato, difficilmente controvertibile con le ordinarie modalit\u00e0 concorsuali. Un fenomeno che, associato al sostanziale azzeramento dei profili intermedi di carriera (quello degli ispettori per intenderci) per assenza di un\u2019oculata politica concorsuale, determiner\u00e0 a breve un grave deficit umano e professionale su tutto il territorio nazionale. E gli effetti di questa erosione gi\u00e0 si misurano nel bellunese sia nell\u2019ambito della questura che del commissariato di Cortina d\u2019Ampezzo ed ancor pi\u00f9 alla polizia stradale e, in breve prospettiva, anche ferroviaria e postale. Una situazione gi\u00e0 condizionante per le ordinarie attivit\u00e0 ma che interviene, si \u00e8 detto, nell\u2019imminenza di importanti appuntamenti, quelli delle Olimpiadi invernali, che coinvolgeranno l\u2019intera provincia in un carosello di manifestazioni dal profilo globale. Per questo il SIULP \u00e8, e sar\u00e0, protagonista di tutte quelle iniziative serie, coerenti e responsabili per il mantenimento dei minimali standard di consistenza organica per gli uffici di polizia che possano assicurare la sicurezza dei cittadini del nostro territorio, respingendo con determinazione ogni ennesima rivisitazione dei presidi di Polizia che potrebbero interessare la provincia (su questo versante, ricordiamolo, \u00e8 gi\u00e0 stato sacrificato il posto Polfer di Calalzo di Cadore). Il congresso ha dato modo di esaminare anche le altre problematiche endemiche della polizia di stato bellunese. Risulta paradossale, infatti, che dopo decenni di impegni, promesse, progetti la Polizia di Stato non si sia potuta dotare di congeniali riferimenti infrastrutturali per la questura e Polizia Stradale e per un polo logistico associato al commissariato di Cortina d\u2019Ampezzo. Anche su questo importante versante, che riverbera\u2019 effetti sulla fruibilit\u00e0 dei servizi al cittadino, il SIULP bellunese continuer\u00e0 ad essere protagonista per la definizione di quelle soluzioni che languono e che sono state, invece, fortemente volute e perseguite proprio dalla determinante azione pluridecennale di questo sindacato. Di qui l\u2019impegno espresso dal 9\u00b0 congresso del SIULP bellunese a sensibilizzare e sostenere ogni iniziativa utile a compensare questi gravi deficit che si profilano per la polizia di stato bellunese. Un\u2019opera che ha sempre visto il SIULP utilmente coinvolgere ed interessare i parlamentari, le autorit\u00e0 (Prefetto e Questore) e gli amministratori bellunesi. Sicuramente sar\u00e0 da dare ulteriore slancio a queste iniziative: compensando i deficit della Polizia di Stato nel bellunese si potr\u00e0 garantire, e possibilmente migliorare, la sicurezza del nostro territorio e il servizio reso alla collettivit\u00e0. Stimoli che sono stati gi\u00e0 condivisi e raccolti dalle autorit\u00e0 presenti ed intervenute ai lavori del congresso nella figura dell\u2019on.le Roger De Menech e del Questore di Belluno, dott. Giuseppe Maggese. Il Ministro per i Rapporti con il Parlamento, on.le Federico D\u2019Inca\u2019, ha a sua volta fatto pervenire al SIULP bellunese in occasione dei lavori congressuali una propria lettera, assicurando massima attenzione e l\u2019opportunit\u00e0 di avviare, fin da subito, un confronto istituzionale (gli altri onorevoli, ed il prefetto non hanno potuto essere presenti per concomitanti impegni istituzionali). La fase attinente il rinnovo delle cariche ha visto la sostanziale riconferma del gruppo di lavoro del mandato precedente, con l\u2019inserimento di qualche importante novit\u00e0. Il nuovo direttivo provinciale, composto da Maurizio Canton, Alfredo Cazzaro, Patrizia D\u2019Alberto, Matteo Dal Pan, Francesco De Bastiani, Mirco De Boni, Maura De Guz, Enrico De Menech, Massimo Del Pivo, Romeo De Zanet, Enrico Mares, Michele Micheluzzi, Nicola Scatozza, Cristian Schivo, Albino Rossa e Diego Zasso, \u00e8 stato strutturato per dare continuit\u00e0 al progetto di rinnovamento dei quadri sindacali e prospettiva al movimento, cercando di salvaguardare il pi\u00f9 possibile la rappresentativit\u00e0 delle varie realt\u00e0 della polizia di stato bellunese. <a class=\"dt-pswp-item\" href=\"https:\/\/www.radiopiu.net\/wordpress\/wp-content\/uploads\/2022\/04\/intervento-segretario-provinciale-Rossa-Albino.jpg\" data-dt-img-description=\"\" data-large_image_width=\"1206\" data-large_image_height=\"1542\"><img loading=\"lazy\" decoding=\"async\" class=\"size-thumbnail wp-image-272989 alignright\" src=\"https:\/\/www.radiopiu.net\/wordpress\/wp-content\/uploads\/2022\/04\/intervento-segretario-provinciale-Rossa-Albino-150x150.jpg\" alt=\"\" width=\"150\" height=\"150\" \/><\/a>Riconfermato alla guida del SIULP bellunese Albino Rossa, che viene affiancato nella composizione della segreteria provinciale, dal segretario aggiunto Partizia D\u2019Alberto, dal segretario amministrativo Romeo De Zanet e dal componente di segreteria con deleghe per le specialit\u00e0, dal Matteo Pan. I delegati al congresso regionale veneto saranno Albino Rossa e Fabio Barp; al congresso nazionale, Belluno sar\u00e0 rappresentata dal confermato segretario generale provinciale, Albino Rossa. In linea con le tesi congressuali e con la relazione redatta allo scopo, la rinnovata struttura sindacale del SIULP bellunese raccoglie le sfide per avere, nel rispetto della dignit\u00e0 dei lavoratori rappresentati, una Polizia orientata ad essere un punto di riferimento istituzionale per la sicurezza del cittadino, al servizio della comunit\u00e0, per una serena e democratica convivenza sociale. Un concetto ampio che pu\u00f2 essere sintetizzato con il titolo del 9\u00b0 congresso: \u201cIl SIULP per le sfide del futuro \u2013 nei diritti dei colleghi, la sicurezza dei cittadini\u201d.<\/p>\n<p>&nbsp;<\/p>\n<p>&nbsp;<\/p>\n<p>&nbsp;<\/p>\n<p>*****<\/p>\n","protected":false},"excerpt":{"rendered":"<p>BELLUNO Ieri pomeriggio alla presenza del segretario nazionale Silvano Filippi e del segretario regionale veneto Oscar Arboit, nella storica cornice di Borgo Valbelluna si \u00e8 celebrato il 9\u00b0 congresso provinciale del SIULP Belluno, per il rinnovo delle cariche statutarie. I lavori hanno visto una articolata disamina delle tesi congressuali proposte nella sua relazione dal segretario&hellip;<\/p>\n","protected":false},"author":4,"featured_media":272988,"comment_status":"closed","ping_status":"closed","sticky":false,"template":"","format":"standard","meta":{"_monsterinsights_skip_tracking":false,"_monsterinsights_sitenote_active":false,"_monsterinsights_sitenote_note":"","_monsterinsights_sitenote_category":0,"footnotes":""},"categories":[51,49],"tags":[],"class_list":["post-272987","post","type-post","status-publish","format-standard","has-post-thumbnail","hentry","category-evidenza-top","category-news-18","category-51","category-49","description-off"],"img_url":"https:\/\/www.radiopiu.net\/wordpress\/wp-content\/uploads\/2022\/04\/momento-lavori-2-scaled.jpg","_links":{"self":[{"href":"https:\/\/www.radiopiu.net\/wordpress\/wp-json\/wp\/v2\/posts\/272987","targetHints":{"allow":["GET"]}}],"collection":[{"href":"https:\/\/www.radiopiu.net\/wordpress\/wp-json\/wp\/v2\/posts"}],"about":[{"href":"https:\/\/www.radiopiu.net\/wordpress\/wp-json\/wp\/v2\/types\/post"}],"author":[{"embeddable":true,"href":"https:\/\/www.radiopiu.net\/wordpress\/wp-json\/wp\/v2\/users\/4"}],"replies":[{"embeddable":true,"href":"https:\/\/www.radiopiu.net\/wordpress\/wp-json\/wp\/v2\/comments?post=272987"}],"version-history":[{"count":0,"href":"https:\/\/www.radiopiu.net\/wordpress\/wp-json\/wp\/v2\/posts\/272987\/revisions"}],"wp:featuredmedia":[{"embeddable":true,"href":"https:\/\/www.radiopiu.net\/wordpress\/wp-json\/wp\/v2\/media\/272988"}],"wp:attachment":[{"href":"https:\/\/www.radiopiu.net\/wordpress\/wp-json\/wp\/v2\/media?parent=272987"}],"wp:term":[{"taxonomy":"category","embeddable":true,"href":"https:\/\/www.radiopiu.net\/wordpress\/wp-json\/wp\/v2\/categories?post=272987"},{"taxonomy":"post_tag","embeddable":true,"href":"https:\/\/www.radiopiu.net\/wordpress\/wp-json\/wp\/v2\/tags?post=272987"}],"curies":[{"name":"wp","href":"https:\/\/api.w.org\/{rel}","templated":true}]}}