{"id":273032,"date":"2022-04-29T14:32:15","date_gmt":"2022-04-29T12:32:15","guid":{"rendered":"https:\/\/www.radiopiu.net\/wordpress\/?p=273032"},"modified":"2022-04-30T05:28:30","modified_gmt":"2022-04-30T03:28:30","slug":"1-maggio-in-piazza-per-la-pace","status":"publish","type":"post","link":"https:\/\/www.radiopiu.net\/wordpress\/1-maggio-in-piazza-per-la-pace\/","title":{"rendered":"1 MAGGIO, IN PIAZZA PER LA PACE"},"content":{"rendered":"<p><strong>PRIMO MAGGIO A BELLUNO AL PARCO CITTA&#8217; DI BOLOGNA<\/strong><br \/>\n<strong>BELLUNO<\/strong><\/p>\n<p><strong>di Roberto Bona<\/strong><\/p>\n<audio class=\"wp-audio-shortcode\" id=\"audio-273032-1\" preload=\"none\" style=\"width: 100%;\" controls=\"controls\"><source type=\"audio\/mpeg\" src=\"https:\/\/www.radiopiu.net\/wordpress\/wp-content\/uploads\/2022\/04\/ROBERTO-BONA-PRIMO-MAGGIO-BELLUNO.mp3?_=1\" \/><a href=\"https:\/\/www.radiopiu.net\/wordpress\/wp-content\/uploads\/2022\/04\/ROBERTO-BONA-PRIMO-MAGGIO-BELLUNO.mp3\">https:\/\/www.radiopiu.net\/wordpress\/wp-content\/uploads\/2022\/04\/ROBERTO-BONA-PRIMO-MAGGIO-BELLUNO.mp3<\/a><\/audio>\n<p>&nbsp;<\/p>\n\n\t\t\t<style type='text\/css'>\n\t\t\t\t#gallery-1 {\n\t\t\t\t\tmargin: auto;\n\t\t\t\t}\n\t\t\t\t#gallery-1 .gallery-item {\n\t\t\t\t\tfloat: left;\n\t\t\t\t\tmargin-top: 10px;\n\t\t\t\t\ttext-align: center;\n\t\t\t\t\twidth: 50%;\n\t\t\t\t}\n\t\t\t\t#gallery-1 img {\n\t\t\t\t\tborder: 2px solid #cfcfcf;\n\t\t\t\t}\n\t\t\t\t#gallery-1 .gallery-caption {\n\t\t\t\t\tmargin-left: 0;\n\t\t\t\t}\n\t\t\t\t\/* see gallery_shortcode() in wp-includes\/media.php *\/\n\t\t\t<\/style>\n\t\t<div id='gallery-1' class='dt-gallery-container gallery galleryid-273032 gallery-columns-2 gallery-size-thumbnail'><dl class='gallery-item'>\n\t\t\t\t<dt class='gallery-icon portrait'>\n\t\t\t\t\t<a class=\"rollover rollover-zoom dt-pswp-item\" title=\"6df4d811-3e1c-4645-9b06-3e4fd2e457a6\" data-dt-img-description=\"\" data-large_image_width=\"1131\" data-large_image_height=\"1600\"href='https:\/\/www.radiopiu.net\/wordpress\/wp-content\/uploads\/2022\/04\/6df4d811-3e1c-4645-9b06-3e4fd2e457a6.jpg'><img loading=\"lazy\" decoding=\"async\" width=\"150\" height=\"150\" src=\"https:\/\/www.radiopiu.net\/wordpress\/wp-content\/uploads\/2022\/04\/6df4d811-3e1c-4645-9b06-3e4fd2e457a6-150x150.jpg\" class=\"attachment-thumbnail size-thumbnail\" alt=\"\" \/><\/a>\n\t\t\t\t<\/dt><\/dl><dl class='gallery-item'>\n\t\t\t\t<dt class='gallery-icon landscape'>\n\t\t\t\t\t<a class=\"rollover rollover-zoom dt-pswp-item\" title=\"c7af8b85-4ec7-4c47-89f2-882d72877608\" data-dt-img-description=\"\" data-large_image_width=\"448\" data-large_image_height=\"269\"href='https:\/\/www.radiopiu.net\/wordpress\/wp-content\/uploads\/2022\/04\/c7af8b85-4ec7-4c47-89f2-882d72877608.jpg'><img loading=\"lazy\" decoding=\"async\" width=\"150\" height=\"150\" src=\"https:\/\/www.radiopiu.net\/wordpress\/wp-content\/uploads\/2022\/04\/c7af8b85-4ec7-4c47-89f2-882d72877608-150x150.jpg\" class=\"attachment-thumbnail size-thumbnail\" alt=\"\" \/><\/a>\n\t\t\t\t<\/dt><\/dl><br style=\"clear: both\" \/>\n\t\t\t<\/div>\n\n<p>&nbsp;<\/p>\n<p><strong>BELLUNO<\/strong> Dopo due anni di distanziamento legato alla pandemia, la Festa dei Lavoratori torna in centro a Belluno, dalle 10 Cgil, Cisl e Uil celebrano il Primo Maggio al Parco Citt\u00e0 di Bologna. \u201cAl lavoro per la pace\u201d, questo il titolo della Festa dei Lavoratori 2022, che mette in primo piano i temi della pace, del lavoro e della crescita del Paese. Previste le testimonianze dei delegati sindacali dei lavoratori e delle lavoratrici e gli interventi dei segretari generali di Cgil, Cisl e Uil territoriali.\u00a0 Per i Sindacati confederali, \u00e8 necessario pi\u00f9 che mai \u201cimpegnarsi in ogni modo per fermare la guerra e riagganciare la strada dello sviluppo e della crescita con un cambio di paradigma che guardi alla sostenibilit\u00e0 ambientale ma anche sociale, per un lavoro che sia di qualit\u00e0 e che metta al bando precariet\u00e0 e salari che offendono la dignit\u00e0 dei lavoratori.<\/p>\n<p><strong>AI MICROFONI DI RADIO PIU&#8217; IL SEGRETARIO GENERALE DELLA CISL BELLUNO-TREVISO MASSIMILIANO PAGLINI<\/strong><\/p>\n<audio class=\"wp-audio-shortcode\" id=\"audio-273032-2\" preload=\"none\" style=\"width: 100%;\" controls=\"controls\"><source type=\"audio\/mpeg\" src=\"https:\/\/www.radiopiu.net\/wordpress\/wp-content\/uploads\/2022\/04\/cisl1maggio.mp3?_=2\" \/><a href=\"https:\/\/www.radiopiu.net\/wordpress\/wp-content\/uploads\/2022\/04\/cisl1maggio.mp3\">https:\/\/www.radiopiu.net\/wordpress\/wp-content\/uploads\/2022\/04\/cisl1maggio.mp3<\/a><\/audio>\n<p>&nbsp;<\/p>\n<hr \/>\n<p>&nbsp;<\/p>\n","protected":false},"excerpt":{"rendered":"<p>PRIMO MAGGIO A BELLUNO AL PARCO CITTA&#8217; DI BOLOGNA BELLUNO di Roberto Bona &nbsp; &nbsp; BELLUNO Dopo due anni di distanziamento legato alla pandemia, la Festa dei Lavoratori torna in centro a Belluno, dalle 10 Cgil, Cisl e Uil celebrano il Primo Maggio al Parco Citt\u00e0 di Bologna. \u201cAl lavoro per la pace\u201d, questo il&hellip;<\/p>\n","protected":false},"author":4,"featured_media":272404,"comment_status":"closed","ping_status":"closed","sticky":false,"template":"","format":"standard","meta":{"_monsterinsights_skip_tracking":false,"_monsterinsights_sitenote_active":false,"_monsterinsights_sitenote_note":"","_monsterinsights_sitenote_category":0,"footnotes":""},"categories":[104,49],"tags":[],"class_list":["post-273032","post","type-post","status-publish","format-standard","has-post-thumbnail","hentry","category-evidenza_3","category-news-18","category-104","category-49","description-off"],"img_url":"https:\/\/www.radiopiu.net\/wordpress\/wp-content\/uploads\/2022\/04\/c7af8b85-4ec7-4c47-89f2-882d72877608.jpg","_links":{"self":[{"href":"https:\/\/www.radiopiu.net\/wordpress\/wp-json\/wp\/v2\/posts\/273032","targetHints":{"allow":["GET"]}}],"collection":[{"href":"https:\/\/www.radiopiu.net\/wordpress\/wp-json\/wp\/v2\/posts"}],"about":[{"href":"https:\/\/www.radiopiu.net\/wordpress\/wp-json\/wp\/v2\/types\/post"}],"author":[{"embeddable":true,"href":"https:\/\/www.radiopiu.net\/wordpress\/wp-json\/wp\/v2\/users\/4"}],"replies":[{"embeddable":true,"href":"https:\/\/www.radiopiu.net\/wordpress\/wp-json\/wp\/v2\/comments?post=273032"}],"version-history":[{"count":0,"href":"https:\/\/www.radiopiu.net\/wordpress\/wp-json\/wp\/v2\/posts\/273032\/revisions"}],"wp:featuredmedia":[{"embeddable":true,"href":"https:\/\/www.radiopiu.net\/wordpress\/wp-json\/wp\/v2\/media\/272404"}],"wp:attachment":[{"href":"https:\/\/www.radiopiu.net\/wordpress\/wp-json\/wp\/v2\/media?parent=273032"}],"wp:term":[{"taxonomy":"category","embeddable":true,"href":"https:\/\/www.radiopiu.net\/wordpress\/wp-json\/wp\/v2\/categories?post=273032"},{"taxonomy":"post_tag","embeddable":true,"href":"https:\/\/www.radiopiu.net\/wordpress\/wp-json\/wp\/v2\/tags?post=273032"}],"curies":[{"name":"wp","href":"https:\/\/api.w.org\/{rel}","templated":true}]}}