{"id":273051,"date":"2022-04-29T18:17:17","date_gmt":"2022-04-29T16:17:17","guid":{"rendered":"https:\/\/www.radiopiu.net\/wordpress\/?p=273051"},"modified":"2022-04-29T18:17:31","modified_gmt":"2022-04-29T16:17:31","slug":"comelicosp","status":"publish","type":"post","link":"https:\/\/www.radiopiu.net\/wordpress\/comelicosp\/","title":{"rendered":"GALLERIA DEL COMELICO, NUOVO RINVIO E NUOVE SPERANZE.  I LAVORI PER ORA NON INIZIANO"},"content":{"rendered":"<p>&nbsp;<\/p>\n<p><strong>DI MORENO GIOLI<\/strong><\/p>\n<audio class=\"wp-audio-shortcode\" id=\"audio-273051-1\" preload=\"none\" style=\"width: 100%;\" controls=\"controls\"><source type=\"audio\/mpeg\" src=\"https:\/\/www.radiopiu.net\/wordpress\/wp-content\/uploads\/2022\/04\/moreno-galleria.mp3?_=1\" \/><a href=\"https:\/\/www.radiopiu.net\/wordpress\/wp-content\/uploads\/2022\/04\/moreno-galleria.mp3\">https:\/\/www.radiopiu.net\/wordpress\/wp-content\/uploads\/2022\/04\/moreno-galleria.mp3<\/a><\/audio>\n<p>&nbsp;<\/p>\n<p>&nbsp;<\/p>\n<p><strong>BELLUNO<\/strong> Dall&#8217;incontro in Prefettura una certezza: un altro rinvio, ma con alcune novit\u00e0: Anas ha di fatto aperto alla progettazione della strada della valle per riaprirla almeno parzialmente per poter fare i lavori. Entro fine maggio nuovo incontro per firmare un protocollo con tempi, progetti e soldi. Serviranno circa 60 milioni di euro. intanto i lavori nella galleria non partiranno, almeno non prima dell&#8217;autunno.Il Ministro D&#8217;Inc\u00e0 ha convinto l&#8217;Anas a rendersi disponibile per il ripristino almeno parziale della vecchia strada Dla Val. Entro fine mese nuova riunione del tavolo tecnico per valutare progetti e tempistica.<\/p>\n<p>&nbsp;<\/p>\n<p><span style=\"color: #ff0000;\"><strong>CON LA COLLABORAZIONE DI MORENO GIOLI<\/strong><\/span><\/p>\n<p><strong>ALFREDO COMIS DEL COMITATO<\/strong><\/p>\n<audio class=\"wp-audio-shortcode\" id=\"audio-273051-2\" preload=\"none\" style=\"width: 100%;\" controls=\"controls\"><source type=\"audio\/mpeg\" src=\"https:\/\/www.radiopiu.net\/wordpress\/wp-content\/uploads\/2022\/04\/COMIS.mp3?_=2\" \/><a href=\"https:\/\/www.radiopiu.net\/wordpress\/wp-content\/uploads\/2022\/04\/COMIS.mp3\">https:\/\/www.radiopiu.net\/wordpress\/wp-content\/uploads\/2022\/04\/COMIS.mp3<\/a><\/audio>\n<p>&nbsp;<\/p>\n<p>Creare il disagio minore possibile alla comunit\u00e0 del Comelico. Queste le conclusioni dell&#8217;incontro di questa mattina in Prefettura. Per il Presidente della Provincia Padrin ci sarebbe la disponibilit\u00e0 di Anas. Le comunit\u00e0 locali vogliono la strada Dla Val come soluzione alternativa per compensare i disagi della chiusura, ma servono 60 milioni di euro.<\/p>\n<p><strong>\u00a0<\/strong><\/p>\n<p><strong>IL PRESIDENTE DELLA PROVINCIA ROBERTO PADRIN<\/strong><\/p>\n<audio class=\"wp-audio-shortcode\" id=\"audio-273051-3\" preload=\"none\" style=\"width: 100%;\" controls=\"controls\"><source type=\"audio\/mpeg\" src=\"https:\/\/www.radiopiu.net\/wordpress\/wp-content\/uploads\/2022\/04\/PADRIN.mp3?_=3\" \/><a href=\"https:\/\/www.radiopiu.net\/wordpress\/wp-content\/uploads\/2022\/04\/PADRIN.mp3\">https:\/\/www.radiopiu.net\/wordpress\/wp-content\/uploads\/2022\/04\/PADRIN.mp3<\/a><\/audio>\n<p>Per il Ministro Federico D&#8217;Inc\u00e0 \u00e8 stato un confronto importante. Si guarda alla viabilit\u00e0 alternativa con verifiche ulteriori per il passaggio a senso unico alternato in determinate ore della giornata<\/p>\n<p><strong>\u00a0<\/strong><\/p>\n<p><strong>IL MINISTRO FEDERICO D&#8217;INCA&#8217;<\/strong><\/p>\n<audio class=\"wp-audio-shortcode\" id=\"audio-273051-4\" preload=\"none\" style=\"width: 100%;\" controls=\"controls\"><source type=\"audio\/mpeg\" src=\"https:\/\/www.radiopiu.net\/wordpress\/wp-content\/uploads\/2022\/04\/DINCA.mp3?_=4\" \/><a href=\"https:\/\/www.radiopiu.net\/wordpress\/wp-content\/uploads\/2022\/04\/DINCA.mp3\">https:\/\/www.radiopiu.net\/wordpress\/wp-content\/uploads\/2022\/04\/DINCA.mp3<\/a><\/audio>\n<p>&nbsp;<\/p>\n<p>&nbsp;<\/p>\n<blockquote>\n<h2>GALLERIA DEL COMELICO, LA SITUAZIONE DALL&#8217;OSSERVATORIO ANAS<\/h2>\n<\/blockquote>\n<p><b><a class=\"dt-pswp-item\" href=\"https:\/\/www.radiopiu.net\/wordpress\/wp-content\/uploads\/2021\/06\/anas.png\" data-dt-img-description=\"\" data-large_image_width=\"299\" data-large_image_height=\"169\"><img loading=\"lazy\" decoding=\"async\" class=\"alignleft wp-image-213422 size-full\" src=\"https:\/\/www.radiopiu.net\/wordpress\/wp-content\/uploads\/2021\/06\/anas.png\" alt=\"\" width=\"299\" height=\"169\" \/><\/a>BELLUNO\u00a0 <\/b>Si \u00e8 svolto oggi presso la Prefettura di Belluno il terzo tavolo tecnico relativo al Piano dei lavori di manutenzione che Anas\u00a0 avvier\u00e0 in galleria \u201cComelico\u201d, lungo la strada statale 52 \u201cCarnica\u201d, tra Auronzo e Santo Stefano di Cadore.\u00a0 Lo stato dell\u2019opera impone che l\u2019importante intervento di rinforzo strutturale ed adeguamento impiantistico debba essere eseguito nella sua interezza nel pi\u00f9 breve termine possibile. Resta quindi fermo l\u2019impegno della Societ\u00e0 di procedere alla consegna dei lavori entro il mese di giugno, in modo da proseguire con l\u2019approvvigionamento dei materiali e dare il via alle fasi preliminari e alla cantierizzazione che \u2013 durante i primi mesi \u2013 non comporteranno alcuna modifica alla circolazione stradale. Durante la prossima estate la galleria sar\u00e0 pertanto regolarmente aperta al transito sia in orario notturno che diurno, mentre sar\u00e0 nel frattempo intensificata la sorveglianza sull\u2019opera. In fase esecutiva Anas valuter\u00e0 l\u2019individuazione di misure temporanee per ripristinare il doppio senso di circolazione durante i periodi di maggior afflusso turistico.<b>\u00a0<\/b>Come convenuto con DolomitiBus, gestore del servizio di trasporto pubblico locale, al fine di minimizzare l\u2019impatto sulle corse da e per il Comelico la galleria sar\u00e0 aperta al traffico per 14 ore al giorno, dalle ore 06 alle ore 20, in regime di senso unico alternato con la temporizzazione minima consentita dalla lunghezza del traforo cio\u00e8 di 30 minuti per direttrice di marcia. Durante l\u2019apertura diurna saranno svolte le lavorazioni che possono avvenire quindi in presenza di traffico quali ad esempio la demolizione e ricostruzione della muretta e l\u2019impermeabilizzazione della volta.\u00a0 In orario notturno, dalle ore 20 alle 06 del mattino successivo, la galleria sar\u00e0 chiusa al traffico per 10 ore cio\u00e8 il minimo necessario per eseguire le lavorazioni che devono essere svolte in assenza di traffico, quali ad esempio la bullonatura radiale, la fresatura meccanica e la posa in opera e il getto di completamento del rivestimento prefabbricato della nuova volta. Le lavorazioni si svolgeranno 24 ore su 24, e gli imbocchi della galleria saranno presidiati senza soluzione di continuit\u00e0 al fine di consentire il transito ai mezzi di emergenza in servizio urgente di istituto secondo necessit\u00e0. <em>&#8220;Tutto ci\u00f2 &#8211; ha commentato il Prefetto <strong>Mariano Savastano<\/strong> &#8211; rappresenta la sintesi del percorso di dialogo e di confronto avviato con gli amministratori del territorio dallo scorso mese di dicembre ed il giusto contemperamento tra le primarie e ineludibili esigenze di sicurezza della galleria con le altrettanto fondamentali istanze economiche e sociali che il Comelico, per bocca dei suoi amministratori, ha espresso&#8221;.<\/em><\/p>\n<p>Per quanto riguarda la\u00a0<strong>Strada della Valle<\/strong>, Anas ha confermato la disponibilit\u00e0 a rivestire il ruolo di soggetto attuatore dei lavori di ripristino della viabilit\u00e0, che non potr\u00e0 comunque ritornare ad essere di competenza statale mancandone integralmente i presupposti normativi e regolamentari; accogliendo una richiesta istituzionale, Anas\u200b valuter\u00e0 la possibilit\u00e0 di farsi carico anche della relativa progettazione, \u200bse autorizzata dal Ministero delle Infrastrutture e della Mobilit\u00e0 Sostenibili. <em>&#8220;Il mio auspicio &#8211; ha concluso il Prefetto &#8211; \u00e8 che da oggi si riesca tutti insieme &#8220;a fare squadra&#8221; assumendoci la responsabilit\u00e0 delle decisioni migliori possibili per il bene del nostro territorio\u201d. <\/em>Il tavolo tecnico \u00e8 stato aggiornato al prossimo mese di maggio per consentire al territorio e ad Anas di approfondire il tema progettuale dei lavori di ripristino della Strada della Valle.<\/p>\n<p>&nbsp;<\/p>\n","protected":false},"excerpt":{"rendered":"<p>&nbsp; DI MORENO GIOLI &nbsp; &nbsp; BELLUNO Dall&#8217;incontro in Prefettura una certezza: un altro rinvio, ma con alcune novit\u00e0: Anas ha di fatto aperto alla progettazione della strada della valle per riaprirla almeno parzialmente per poter fare i lavori. Entro fine maggio nuovo incontro per firmare un protocollo con tempi, progetti e soldi. Serviranno circa&hellip;<\/p>\n","protected":false},"author":4,"featured_media":192243,"comment_status":"closed","ping_status":"closed","sticky":false,"template":"","format":"standard","meta":{"_monsterinsights_skip_tracking":false,"_monsterinsights_sitenote_active":false,"_monsterinsights_sitenote_note":"","_monsterinsights_sitenote_category":0,"footnotes":""},"categories":[51,49],"tags":[],"class_list":["post-273051","post","type-post","status-publish","format-standard","has-post-thumbnail","hentry","category-evidenza-top","category-news-18","category-51","category-49","description-off"],"img_url":"https:\/\/www.radiopiu.net\/wordpress\/wp-content\/uploads\/2021\/02\/galleria-comelico.jpg","_links":{"self":[{"href":"https:\/\/www.radiopiu.net\/wordpress\/wp-json\/wp\/v2\/posts\/273051","targetHints":{"allow":["GET"]}}],"collection":[{"href":"https:\/\/www.radiopiu.net\/wordpress\/wp-json\/wp\/v2\/posts"}],"about":[{"href":"https:\/\/www.radiopiu.net\/wordpress\/wp-json\/wp\/v2\/types\/post"}],"author":[{"embeddable":true,"href":"https:\/\/www.radiopiu.net\/wordpress\/wp-json\/wp\/v2\/users\/4"}],"replies":[{"embeddable":true,"href":"https:\/\/www.radiopiu.net\/wordpress\/wp-json\/wp\/v2\/comments?post=273051"}],"version-history":[{"count":0,"href":"https:\/\/www.radiopiu.net\/wordpress\/wp-json\/wp\/v2\/posts\/273051\/revisions"}],"wp:featuredmedia":[{"embeddable":true,"href":"https:\/\/www.radiopiu.net\/wordpress\/wp-json\/wp\/v2\/media\/192243"}],"wp:attachment":[{"href":"https:\/\/www.radiopiu.net\/wordpress\/wp-json\/wp\/v2\/media?parent=273051"}],"wp:term":[{"taxonomy":"category","embeddable":true,"href":"https:\/\/www.radiopiu.net\/wordpress\/wp-json\/wp\/v2\/categories?post=273051"},{"taxonomy":"post_tag","embeddable":true,"href":"https:\/\/www.radiopiu.net\/wordpress\/wp-json\/wp\/v2\/tags?post=273051"}],"curies":[{"name":"wp","href":"https:\/\/api.w.org\/{rel}","templated":true}]}}