{"id":273157,"date":"2022-04-30T10:02:41","date_gmt":"2022-04-30T08:02:41","guid":{"rendered":"https:\/\/www.radiopiu.net\/wordpress\/?p=273157"},"modified":"2022-05-02T05:33:21","modified_gmt":"2022-05-02T03:33:21","slug":"ritardi-pagamento-pa-il-veneto-e-unisola-felice-anche-se-si-stima-che-le-nostre-imprese-avanzino-almeno-5-miliardi","status":"publish","type":"post","link":"https:\/\/www.radiopiu.net\/wordpress\/ritardi-pagamento-pa-il-veneto-e-unisola-felice-anche-se-si-stima-che-le-nostre-imprese-avanzino-almeno-5-miliardi\/","title":{"rendered":"RITARDI PAGAMENTO PA: IL VENETO E\u2019 UN\u2019ISOLA FELICE, ANCHE SE SI STIMA CHE LE NOSTRE IMPRESE AVANZINO ALMENO 5 MILIARDI"},"content":{"rendered":"<p>Sebbene la Pubblica Amministrazione presente in Veneto sia tra le pi\u00f9 virtuose d\u2019Italia, con tempi medi di pagamento nettamente inferiori ai limiti stabiliti per legge, l\u2019Ufficio studi della CGIA stima che le aziende della nostra regione avanzino dallo Stato e dalle sue articolazioni periferiche almeno 5 miliardi di euro.<\/p>\n<p><strong>Come si giustifica questa situazione se la PA del Veneto \u00e8 cos\u00ec tempestiva nei pagamenti ?<\/strong><\/p>\n<p>In primo luogo perch\u00e9 molte aziende venete lavorano per grandi aziende pubbliche, ministeri o enti locali di altre regioni e in secondo luogo perch\u00e9, come ha segnalato la Corte dei Conti, si starebbe consolidando una tendenza che vede le Amministrazioni pubbliche privilegiare il pagamento in tempi brevi le fatture di importo maggiore e ritardare intenzionalmente la liquidazione di quelle di importo meno elevato. Una modalit\u00e0 operativa che, ovviamente, penalizza le piccole imprese che, generalmente, lavorano in appalti o forniture di importi nettamente inferiori a quelli \u201criservati\u201d alle attivit\u00e0 produttive di dimensione superiore.<\/p>\n<p><strong>Al Sud i Comuni faticano a pagare<\/strong><br \/>\nIn Veneto la situazione \u00e8 molto positiva: la realt\u00e0 pi\u00f9 virtuosa \u00e8 l\u2019Azienda Zero che nel 2021 ha pagato con un anticipo medio rispetto alla scadenza di legge di ben 41,6 giorni. Seguono l\u2019ULSS 2 della Marca Trevigiana con -37,36 e l\u2019Ulss 6 Euganea con -35,09. Gli Enti meno \u201csolerti\u201d, si fa per dire, sono stati l\u2019Ulss 3 Serenissima con un anticipo di 18,08 giorni, il Comune di Vicenza con 5 giorni e la Provincia di Vicenza che ha onorato i suoi impegni di pagamento con \u201csolo\u201d 3,5 giorni di anticipo. Se il Veneto costituisce un\u2019isola felice, la situazione rimane molto critica soprattutto nel Mezzogiorno. Area dove non sono poche le Pmi della nostra regione che lavorano per le Pubbliche Amministrazioni di questa ripartizione geografica. Tra le realt\u00e0 amministrative pubbliche pi\u00f9 in difficolt\u00e0 nel saldare i fornitori scorgiamo i Comuni del Sud. Nel 2021, infatti, dall\u2019analisi dell\u2019Indice di Tempestivit\u00e0 dei Pagamenti (ITP) scorgiamo che l\u2019amministrazione comunale di Lecce ha pagato le fatture ricevute con 50 giorni di ritardo (dato riferito al 3\u00b0 trimestre 2021), a Salerno dopo 61 giorni, ad Avellino dopo 72 giorni, a Reggio Calabria con 154 giorni di ritardo e a Napoli con 228 giorni di ritardo (praticamente dopo un anno se contiamo solo le giornate lavorative).<\/p>\n<p><strong>Sono un cattivo esempio anche la gran parte dei Ministeri<\/strong><br \/>\nPagare in ritardo \u00e8 un malcostume tutto italiano che non risparmia nemmeno i ministeri. Nel 2021, ad esempio, tra quelli con portafoglio, solo 2 su 14 hanno rispettato le scadenze di pagamento previste dalla norma (Transizione Ecologica e Istruzione\/Universit\u00e0\/Ricerca). Tutti gli altri, invece, hanno pagato in ritardo. Le situazioni pi\u00f9 \u201ccritiche\u201d si sono registrate al Ministero dell\u2019Interno (+67 giorni rispetto alla scadenza prevista per legge), alle Politiche Agricole (+ 42 giorni), alla Difesa (+33 giorni) e ai Beni Culturali (+21 giorni). La situazione \u00e8 addirittura in peggioramento; nei primi 3 mesi di quest\u2019anno, infatti, dei nove ministeri che hanno aggiornato l\u2019ITP, solo quello delle Politiche agricole ha pagato in anticipo (-37,07 giorni). Tutti gli altri, invece, presentano un ritardo medio dei pagamenti: i pi\u00f9 lenti nel saldare le fatture ricevute sono il ministero della Difesa (+18 giorni), quello delle Infrastrutture (+27 giorni), quello del Lavoro (+29 giorni) e quello dell\u2019Interno (+47 giorni).<\/p>\n<p><strong>Gi\u00e0 condannati dalla Corte di Giustizia dell\u2019UE<\/strong><br \/>\nCon la sentenza pubblicata il 28 gennaio 2020, la Corte di Giustizia Europea ha affermato che l\u2019Italia ha violato l\u2019art. 4 della direttiva UE 2011\/7 sui tempi di pagamento nelle transazioni commerciali tra amministrazioni pubbliche e imprese private. Sebbene in questi ultimi anni i ritardi medi con cui vengono saldate le fatture in Italia siano in leggero calo, nel 2021 la Commissione europea ha inviato al Governo Draghi una lettera di messa in mora sul mancato rispetto delle disposizioni previste dalla direttiva europea approvata 10 anni fa. Infine, un\u2019altra procedura ancora aperta contro il nostro Paese riguarda il codice dei contratti pubblici che prevede un termine di pagamento di 45 giorni, quando a livello comunitario la scadenza, invece, \u00e8 di 30 giorni.<\/p>\n<p><strong>I fornitori devono compensare i debiti fiscali con crediti commerciali<\/strong><br \/>\nPer risolvere questa annosa questione che sta mettendo a dura prova tantissime Pmi, per la CGIA c\u2019\u00e8 solo una cosa da fare: prevedere per legge la compensazione secca, diretta e universale tra i crediti certi liquidi ed esigibili maturati da una impresa nei confronti della PA e i debiti fiscali e contributivi che la stessa deve onorare all\u2019erario. Grazie a questo automatismo risolveremmo un problema che ci trasciniamo appresso da decenni. Senza liquidit\u00e0 a disposizione, infatti, tanti artigiani e altrettanti piccoli imprenditori si trovano in grave difficolt\u00e0 e in un momento cos\u00ec delicato per l\u2019economia del Paese \u00e8 inaccettabile che i debiti commerciali della nostra PA siano in costante aumento dal 2017.<\/p>\n<p><strong>Perch\u00e9 la PA fatica a pagare<\/strong><br \/>\nLe principali cause che hanno originato a questa cattiva abitudine che ci trasciniamo da almeno 15 anni sono le seguenti:<br \/>\nla mancanza di liquidit\u00e0 da parte del committente pubblico;<br \/>\ni ritardi intenzionali;<br \/>\nl\u2019inefficienza di molte amministrazioni a emettere in tempi ragionevolmente brevi i certificati di pagamento;<br \/>\nle contestazioni che allungano la liquidazione delle fatture.<br \/>\nA queste cause ne vanno aggiunte almeno altre due che, tra le altre cose, hanno indotto, nel gennaio del 2020, la Corte di Giustizia europea a condannarci. Esse sono:<br \/>\nla richiesta, spesso avanzata dalla PA nei confronti degli esecutori delle opere, di ritardare l\u2019emissione degli stati di avanzamento dei lavori o l\u2019invio delle fatture;<\/p>\n<p>l\u2019istanza rivolta dall\u2019Amministrazione pubblica al fornitore di accettare, durante la stipula del contratto, tempi di pagamento superiori ai limiti previsti per legge senza l\u2019applicazione degli interessi di mora in caso di ritardo.<br \/>\n<a class=\"dt-pswp-item\" href=\"https:\/\/www.radiopiu.net\/wordpress\/wp-content\/uploads\/2022\/04\/Schermata-2022-04-30-alle-10.01.34.png\" data-dt-img-description=\"\" data-large_image_width=\"1282\" data-large_image_height=\"1060\"><img loading=\"lazy\" decoding=\"async\" class=\"alignleft size-medium wp-image-273158\" src=\"https:\/\/www.radiopiu.net\/wordpress\/wp-content\/uploads\/2022\/04\/Schermata-2022-04-30-alle-10.01.34-300x248.png\" alt=\"\" width=\"300\" height=\"248\" srcset=\"https:\/\/www.radiopiu.net\/wordpress\/wp-content\/uploads\/2022\/04\/Schermata-2022-04-30-alle-10.01.34-300x248.png 300w, https:\/\/www.radiopiu.net\/wordpress\/wp-content\/uploads\/2022\/04\/Schermata-2022-04-30-alle-10.01.34-1024x847.png 1024w, https:\/\/www.radiopiu.net\/wordpress\/wp-content\/uploads\/2022\/04\/Schermata-2022-04-30-alle-10.01.34-768x635.png 768w, https:\/\/www.radiopiu.net\/wordpress\/wp-content\/uploads\/2022\/04\/Schermata-2022-04-30-alle-10.01.34.png 1282w\" sizes=\"auto, (max-width: 300px) 100vw, 300px\" \/><\/a><\/p>\n","protected":false},"excerpt":{"rendered":"<p>Sebbene la Pubblica Amministrazione presente in Veneto sia tra le pi\u00f9 virtuose d\u2019Italia, con tempi medi di pagamento nettamente inferiori ai limiti stabiliti per legge, l\u2019Ufficio studi della CGIA stima che le aziende della nostra regione avanzino dallo Stato e dalle sue articolazioni periferiche almeno 5 miliardi di euro. Come si giustifica questa situazione se&hellip;<\/p>\n","protected":false},"author":2,"featured_media":202524,"comment_status":"closed","ping_status":"closed","sticky":false,"template":"","format":"standard","meta":{"_monsterinsights_skip_tracking":false,"_monsterinsights_sitenote_active":false,"_monsterinsights_sitenote_note":"","_monsterinsights_sitenote_category":0,"footnotes":""},"categories":[51,49],"tags":[],"class_list":["post-273157","post","type-post","status-publish","format-standard","has-post-thumbnail","hentry","category-evidenza-top","category-news-18","category-51","category-49","description-off"],"img_url":"https:\/\/www.radiopiu.net\/wordpress\/wp-content\/uploads\/2021\/04\/lockeuro.jpeg","_links":{"self":[{"href":"https:\/\/www.radiopiu.net\/wordpress\/wp-json\/wp\/v2\/posts\/273157","targetHints":{"allow":["GET"]}}],"collection":[{"href":"https:\/\/www.radiopiu.net\/wordpress\/wp-json\/wp\/v2\/posts"}],"about":[{"href":"https:\/\/www.radiopiu.net\/wordpress\/wp-json\/wp\/v2\/types\/post"}],"author":[{"embeddable":true,"href":"https:\/\/www.radiopiu.net\/wordpress\/wp-json\/wp\/v2\/users\/2"}],"replies":[{"embeddable":true,"href":"https:\/\/www.radiopiu.net\/wordpress\/wp-json\/wp\/v2\/comments?post=273157"}],"version-history":[{"count":0,"href":"https:\/\/www.radiopiu.net\/wordpress\/wp-json\/wp\/v2\/posts\/273157\/revisions"}],"wp:featuredmedia":[{"embeddable":true,"href":"https:\/\/www.radiopiu.net\/wordpress\/wp-json\/wp\/v2\/media\/202524"}],"wp:attachment":[{"href":"https:\/\/www.radiopiu.net\/wordpress\/wp-json\/wp\/v2\/media?parent=273157"}],"wp:term":[{"taxonomy":"category","embeddable":true,"href":"https:\/\/www.radiopiu.net\/wordpress\/wp-json\/wp\/v2\/categories?post=273157"},{"taxonomy":"post_tag","embeddable":true,"href":"https:\/\/www.radiopiu.net\/wordpress\/wp-json\/wp\/v2\/tags?post=273157"}],"curies":[{"name":"wp","href":"https:\/\/api.w.org\/{rel}","templated":true}]}}